{"id":565,"date":"2013-03-21T10:17:02","date_gmt":"2013-03-21T10:17:02","guid":{"rendered":""},"modified":"2020-04-06T22:31:57","modified_gmt":"2020-04-06T20:31:57","slug":"filloi-viti-i-ri-akademik-ne-universitetin-logos","status":"publish","type":"post","link":"https:\/\/orthodoxalbania.org\/2020\/2013\/03\/21\/filloi-viti-i-ri-akademik-ne-universitetin-logos\/","title":{"rendered":"Filloi viti i ri akademik n\u00eb Universitetin \u201cLOGOS\u201d. (17 Tetor 2011)"},"content":{"rendered":"<div style=\"text-align: justify;\"><span style=\"font-family: helvetica; font-size: 12pt;\"><\/span><\/div>\n<table border=\"0\">\n<tbody>\n<tr>\n<td>\n<div class=\"style7\">\n<div style=\"text-align: justify;\"><span style=\"color: #000000; font-family: helvetica; font-size: 12pt;\"><span class=\"style10\"><img decoding=\"async\" class=\"lazyload HAa Eha\" style=\"height: 241px; width: 373px; border-width: 1px; border-style: solid; margin: 10px; float: left;\" alt=\"\" src=\"data:image\/gif;base64,R0lGODlhAQABAAAAACH5BAEKAAEALAAAAAABAAEAAAICTAEAOw==\" data-orig-src=\"https:\/\/lh4.googleusercontent.com\/-VX1ZcHDwa1o\/VARJW0XUypI\/AAAAAAAACm0\/q2_Jf-v8OiI\/w448-h290-no\/foto%2B1.jpg\" \/>&nbsp; &nbsp; N\u00eb dat\u00ebn 17 tetor Universiteti \u201cLogos\u201d nisi vitin e ri akademik, duke hapur dyert edhe p\u00ebr shum\u00eb student\u00eb t\u00eb rinj, t\u00eb cil\u00ebt do vazhdojn\u00eb rrug\u00ebn e dijes.<\/span><\/span><\/div>\n<div style=\"text-align: justify;\"><span style=\"font-family: helvetica; font-size: 12pt;\"> &nbsp;<span style=\"color: #000000;\"><span class=\"style10\">&nbsp;&nbsp; I hapur n\u00eb vitin 2010, ky universitet \u00ebsht\u00eb nj\u00eb dhurat\u00eb e Fortlumturis\u00eb s\u00eb Tij, Prof. Dr. Anastasit, studiues i shquar dhe i njohur n\u00eb t\u00ebr\u00eb bot\u00ebn, jo vet\u00ebm p\u00ebr komunitetin Orthodhoks, por p\u00ebr gjith\u00eb vendin.&nbsp;<\/span><\/span><\/span><\/div>\n<div style=\"text-align: justify;\"><span style=\"font-family: helvetica; font-size: 12pt;\"> &nbsp;<span style=\"color: #000000;\"><span class=\"style10\">&nbsp;&nbsp; Ai ka nj\u00eb staf akademik me nivel mjaft t\u00eb lart\u00eb dhe t\u00eb kompletuar p\u00ebr t\u00eb gjitha l\u00ebnd\u00ebt, ku ka profesor\u00eb e doktor\u00eb shkencash dhe lektor\u00eb me tituj t\u00eb fituar brenda dhe jasht\u00eb vendit, q\u00eb do p\u00ebrgatis\u00eb student\u00eb t\u00eb aft\u00eb e profesionist\u00eb t\u00eb mir\u00eb n\u00eb tregun e pun\u00ebs jo vet\u00ebm t\u00eb Shqip\u00ebris\u00eb, por edhe t\u00eb Komunitetit Evropian.<\/span><\/span><\/span><\/div>\n<div style=\"text-align: justify;\"><span style=\"color: #000000; font-family: helvetica; font-size: 12pt;\"> <span class=\"style10\">&nbsp; &nbsp; Ai nuk \u00ebsht\u00eb nj\u00eb universitet i ri. Rrug\u00ebn e ka hapur Instituti 2-vje\u00e7ar Profesional \u201cFrym\u00eb Dashurie\u201d, cili \u00ebsht\u00eb themeluar q\u00eb n\u00eb vitin 2000. Universiteti \u201cLogos\u201d \u00ebsht\u00eb pasues i nj\u00eb p\u00ebrvoje 10-vje\u00e7are dhe ka nj\u00eb nd\u00ebrtes\u00eb t\u00eb bukur funksionale, laborator\u00eb modern\u00eb, bibliotek\u00eb me literatur\u00ebn m\u00eb bashk\u00ebkohore etj.<\/span><\/span><\/div>\n<div style=\"text-align: justify;\"><span style=\"font-family: helvetica; font-size: 12pt;\"> &nbsp;<span style=\"color: #000000;\"><span class=\"style10\">&nbsp;&nbsp; Universiteti Logos \u00ebsht\u00eb nj\u00eb universitet non-profit dhe pagesat p\u00ebr t\u00eb hyr\u00eb n\u00eb k\u00ebt\u00eb universitet jan\u00eb nga m\u00eb t\u00eb ul\u00ebtat pra, dhe m\u00eb konkurrueset. K\u00ebt\u00eb fakt e v\u00ebrteton dhe pjes\u00ebmarrja e shumt\u00eb e student\u00ebve t\u00eb rinj q\u00eb e kan\u00eb preferuar at\u00eb.<\/span><\/span><\/span><\/div>\n<div style=\"text-align: justify;\"><span style=\"font-family: helvetica; font-size: 12pt;\"> &nbsp;<span style=\"color: #000000;\"><span class=\"style10\">&nbsp;&nbsp; Universiteti \u201cLogos\u201d ka dy fakultete: i Shkencave t\u00eb Aplikuara dhe i Ekonomis\u00eb, me programe t\u00ebr\u00ebsisht n\u00eb p\u00ebrputhje me procesin e Bolonj\u00ebs si: programet Financ\u00eb Kontabilitet, Menaxhim Biznes, Menaxhim Turiz\u00ebm, Informatik\u00eb e Zbatuar, Teknik i Lart\u00eb Laborator\u00ebsh Mjek\u00ebsor\u00eb.<\/span><\/span><\/span><\/div>\n<div><span style=\"font-family: helvetica; font-size: 12pt;\"><\/span><\/div>\n<div>\n<table style=\"margin-right: auto; margin-left: auto;\">\n<tbody>\n<tr>\n<td><span style=\"font-family: helvetica; font-size: 12pt;\">&nbsp;<img decoding=\"async\" class=\"lazyload HAa Eha\" style=\"height: 255px; width: 340px; margin-top: 10px; margin-bottom: 10px; border-width: 1px; border-style: solid;\" alt=\"\" src=\"data:image\/svg+xml,%3Csvg%20xmlns%3D%27http%3A%2F%2Fwww.w3.org%2F2000%2Fsvg%27%20width%3D%27340%27%20height%3D%27255%27%20viewBox%3D%270%200%20340%20255%27%3E%3Crect%20width%3D%27340%27%20height%3D%27255%27%20fill-opacity%3D%220%22%2F%3E%3C%2Fsvg%3E\" data-orig-src=\"https:\/\/lh3.googleusercontent.com\/-kN6Ni0upSfI\/VARJW43c3oI\/AAAAAAAACnI\/WPdb5uhqmB4\/w448-h336-no\/fot+3.jpg\" height=\"255px\" width=\"340px\" \/><\/span><\/td>\n<\/tr>\n<tr>\n<td><span style=\"font-family: helvetica; font-size: 12pt;\">&nbsp;<img decoding=\"async\" class=\"lazyload HAa Eha\" style=\"margin-top: 10px; margin-bottom: 10px; border: 1px solid;\" alt=\"\" src=\"data:image\/svg+xml,%3Csvg%20xmlns%3D%27http%3A%2F%2Fwww.w3.org%2F2000%2Fsvg%27%20width%3D%27344%27%20height%3D%27252%27%20viewBox%3D%270%200%20344%20252%27%3E%3Crect%20width%3D%27344%27%20height%3D%27252%27%20fill-opacity%3D%220%22%2F%3E%3C%2Fsvg%3E\" data-orig-src=\"https:\/\/lh4.googleusercontent.com\/-LhWiytIu-KM\/VARJW-SgFfI\/AAAAAAAACm8\/OZkFmR2uwjE\/w448-h298-no\/foto+2.jpg\" height=\"252\" width=\"344\" \/><\/span><\/td>\n<\/tr>\n<tr>\n<td><span style=\"font-family: helvetica; font-size: 12pt;\">&nbsp;<img decoding=\"async\" class=\"lazyload HAa Eha\" style=\"height: 226px; width: 340px; margin: 10px auto; border-width: 1px; border-style: solid;\" alt=\"\" src=\"data:image\/svg+xml,%3Csvg%20xmlns%3D%27http%3A%2F%2Fwww.w3.org%2F2000%2Fsvg%27%20width%3D%27340%27%20height%3D%27226%27%20viewBox%3D%270%200%20340%20226%27%3E%3Crect%20width%3D%27340%27%20height%3D%27226%27%20fill-opacity%3D%220%22%2F%3E%3C%2Fsvg%3E\" data-orig-src=\"https:\/\/lh3.googleusercontent.com\/-FeHhdtiwAKI\/VARJXoAwWHI\/AAAAAAAACnE\/zcwT-q9jSRw\/w448-h298-no\/foto+4.jpg\" height=\"226px\" width=\"340px\" \/><\/span><\/td>\n<\/tr>\n<\/tbody>\n<\/table>\n<\/div>\n<div><span style=\"font-family: helvetica; font-size: 12pt;\"><\/span><\/div>\n<\/div>\n<\/td>\n<\/tr>\n<\/tbody>\n<\/table>\n<p>&nbsp;<\/p>\n","protected":false},"excerpt":{"rendered":"<p>&nbsp; &nbsp; N\u00eb dat\u00ebn 17 tetor Universiteti \u201cLogos\u201d nisi vitin e ri akademik, duke hapur dyert edhe p\u00ebr shum\u00eb student\u00eb t\u00eb rinj, t\u00eb cil\u00ebt do vazhdojn\u00eb rrug\u00ebn e dijes. &nbsp;&nbsp;&nbsp; I hapur n\u00eb vitin 2010, ky universitet \u00ebsht\u00eb nj\u00eb dhurat\u00eb e Fortlumturis\u00eb s\u00eb Tij, Prof. Dr. Anastasit, studiues i shquar dhe i njohur n\u00eb t\u00ebr\u00eb bot\u00ebn, jo vet\u00ebm p\u00ebr komunitetin Orthodhoks, por p\u00ebr gjith\u00eb vendin.&nbsp;<\/p>\n","protected":false},"author":1,"featured_media":0,"comment_status":"open","ping_status":"open","sticky":false,"template":"","format":"standard","meta":{"_acf_changed":false,"pagelayer_contact_templates":[],"_pagelayer_content":"","inline_featured_image":false,"fifu_image_url":"","fifu_image_alt":"","footnotes":""},"categories":[108],"tags":[143,196,212,195],"class_list":["post-565","post","type-post","status-publish","format-standard","hentry","category-lajme","tag-143","tag-tirane","tag-lajme-d27","tag-universiteti-logos"],"acf":[],"yoast_head":"<!-- This site is optimized with the Yoast SEO plugin v27.2 - https:\/\/yoast.com\/product\/yoast-seo-wordpress\/ -->\n<title>Filloi viti i ri akademik n\u00eb Universitetin \u201cLOGOS\u201d. (17 Tetor 2011) - Kisha Orthodh\u03bfkse Autoqefale e Shqip\u00ebris\u00eb<\/title>\n<meta name=\"robots\" content=\"index, follow, max-snippet:-1, max-image-preview:large, max-video-preview:-1\" \/>\n<link rel=\"canonical\" href=\"https:\/\/orthodoxalbania.org\/2020\/2013\/03\/21\/filloi-viti-i-ri-akademik-ne-universitetin-logos\/\" \/>\n<meta property=\"og:locale\" content=\"en_US\" \/>\n<meta property=\"og:type\" content=\"article\" \/>\n<meta property=\"og:title\" content=\"Filloi viti i ri akademik n\u00eb Universitetin \u201cLOGOS\u201d. (17 Tetor 2011) - Kisha Orthodh\u03bfkse Autoqefale e Shqip\u00ebris\u00eb\" \/>\n<meta property=\"og:description\" content=\"&nbsp; &nbsp; N\u00eb dat\u00ebn 17 tetor Universiteti \u201cLogos\u201d nisi vitin e ri akademik, duke hapur dyert edhe p\u00ebr shum\u00eb student\u00eb t\u00eb rinj, t\u00eb cil\u00ebt do vazhdojn\u00eb rrug\u00ebn e dijes. &nbsp;&nbsp;&nbsp; I hapur n\u00eb vitin 2010, ky universitet \u00ebsht\u00eb nj\u00eb dhurat\u00eb e Fortlumturis\u00eb s\u00eb Tij, Prof. Dr. Anastasit, studiues i shquar dhe i njohur n\u00eb t\u00ebr\u00eb bot\u00ebn, jo vet\u00ebm p\u00ebr komunitetin Orthodhoks, por p\u00ebr gjith\u00eb vendin.&nbsp;\" \/>\n<meta property=\"og:url\" content=\"https:\/\/orthodoxalbania.org\/2020\/2013\/03\/21\/filloi-viti-i-ri-akademik-ne-universitetin-logos\/\" \/>\n<meta property=\"og:site_name\" content=\"Kisha Orthodh\u03bfkse Autoqefale e Shqip\u00ebris\u00eb\" \/>\n<meta property=\"article:publisher\" content=\"https:\/\/www.facebook.com\/koash1991\" \/>\n<meta property=\"article:published_time\" content=\"2013-03-21T10:17:02+00:00\" \/>\n<meta property=\"article:modified_time\" content=\"2020-04-06T20:31:57+00:00\" \/>\n<meta property=\"og:image\" content=\"https:\/\/lh4.googleusercontent.com\/-VX1ZcHDwa1o\/VARJW0XUypI\/AAAAAAAACm0\/q2_Jf-v8OiI\/w448-h290-no\/foto%2B1.jpg\" \/>\n<meta name=\"author\" content=\"Kisha Orthodhokse\" \/>\n<meta name=\"twitter:card\" content=\"summary_large_image\" \/>\n<meta name=\"twitter:label1\" content=\"Written by\" \/>\n\t<meta name=\"twitter:data1\" content=\"Kisha Orthodhokse\" \/>\n\t<meta name=\"twitter:label2\" content=\"Est. reading time\" \/>\n\t<meta name=\"twitter:data2\" content=\"1 minute\" \/>\n<script type=\"application\/ld+json\" class=\"yoast-schema-graph\">{\"@context\":\"https:\/\/schema.org\",\"@graph\":[{\"@type\":\"Article\",\"@id\":\"https:\/\/orthodoxalbania.org\/2020\/2013\/03\/21\/filloi-viti-i-ri-akademik-ne-universitetin-logos\/#article\",\"isPartOf\":{\"@id\":\"https:\/\/orthodoxalbania.org\/2020\/2013\/03\/21\/filloi-viti-i-ri-akademik-ne-universitetin-logos\/\"},\"author\":{\"name\":\"Kisha Orthodhokse\",\"@id\":\"https:\/\/orthodoxalbania.org\/2020\/#\/schema\/person\/0c387634a7063ac612d7ed9ce71c7e86\"},\"headline\":\"Filloi viti i ri akademik n\u00eb Universitetin \u201cLOGOS\u201d. (17 Tetor 2011)\",\"datePublished\":\"2013-03-21T10:17:02+00:00\",\"dateModified\":\"2020-04-06T20:31:57+00:00\",\"mainEntityOfPage\":{\"@id\":\"https:\/\/orthodoxalbania.org\/2020\/2013\/03\/21\/filloi-viti-i-ri-akademik-ne-universitetin-logos\/\"},\"wordCount\":305,\"commentCount\":0,\"publisher\":{\"@id\":\"https:\/\/orthodoxalbania.org\/2020\/#organization\"},\"image\":{\"@id\":\"https:\/\/orthodoxalbania.org\/2020\/2013\/03\/21\/filloi-viti-i-ri-akademik-ne-universitetin-logos\/#primaryimage\"},\"thumbnailUrl\":\"https:\/\/lh4.googleusercontent.com\/-VX1ZcHDwa1o\/VARJW0XUypI\/AAAAAAAACm0\/q2_Jf-v8OiI\/w448-h290-no\/foto%2B1.jpg\",\"keywords\":[\"2011\",\"Kryepiskopata Tiran\u00eb\",\"lajme\",\"Universiteti \\\"Logos\\\"\"],\"articleSection\":[\"Lajme\"],\"inLanguage\":\"en-US\"},{\"@type\":\"WebPage\",\"@id\":\"https:\/\/orthodoxalbania.org\/2020\/2013\/03\/21\/filloi-viti-i-ri-akademik-ne-universitetin-logos\/\",\"url\":\"https:\/\/orthodoxalbania.org\/2020\/2013\/03\/21\/filloi-viti-i-ri-akademik-ne-universitetin-logos\/\",\"name\":\"Filloi viti i ri akademik n\u00eb Universitetin \u201cLOGOS\u201d. (17 Tetor 2011) - Kisha Orthodh\u03bfkse Autoqefale e Shqip\u00ebris\u00eb\",\"isPartOf\":{\"@id\":\"https:\/\/orthodoxalbania.org\/2020\/#website\"},\"primaryImageOfPage\":{\"@id\":\"https:\/\/orthodoxalbania.org\/2020\/2013\/03\/21\/filloi-viti-i-ri-akademik-ne-universitetin-logos\/#primaryimage\"},\"image\":{\"@id\":\"https:\/\/orthodoxalbania.org\/2020\/2013\/03\/21\/filloi-viti-i-ri-akademik-ne-universitetin-logos\/#primaryimage\"},\"thumbnailUrl\":\"https:\/\/lh4.googleusercontent.com\/-VX1ZcHDwa1o\/VARJW0XUypI\/AAAAAAAACm0\/q2_Jf-v8OiI\/w448-h290-no\/foto%2B1.jpg\",\"datePublished\":\"2013-03-21T10:17:02+00:00\",\"dateModified\":\"2020-04-06T20:31:57+00:00\",\"breadcrumb\":{\"@id\":\"https:\/\/orthodoxalbania.org\/2020\/2013\/03\/21\/filloi-viti-i-ri-akademik-ne-universitetin-logos\/#breadcrumb\"},\"inLanguage\":\"en-US\",\"potentialAction\":[{\"@type\":\"ReadAction\",\"target\":[\"https:\/\/orthodoxalbania.org\/2020\/2013\/03\/21\/filloi-viti-i-ri-akademik-ne-universitetin-logos\/\"]}]},{\"@type\":\"ImageObject\",\"inLanguage\":\"en-US\",\"@id\":\"https:\/\/orthodoxalbania.org\/2020\/2013\/03\/21\/filloi-viti-i-ri-akademik-ne-universitetin-logos\/#primaryimage\",\"url\":\"https:\/\/lh4.googleusercontent.com\/-VX1ZcHDwa1o\/VARJW0XUypI\/AAAAAAAACm0\/q2_Jf-v8OiI\/w448-h290-no\/foto%2B1.jpg\",\"contentUrl\":\"https:\/\/lh4.googleusercontent.com\/-VX1ZcHDwa1o\/VARJW0XUypI\/AAAAAAAACm0\/q2_Jf-v8OiI\/w448-h290-no\/foto%2B1.jpg\"},{\"@type\":\"BreadcrumbList\",\"@id\":\"https:\/\/orthodoxalbania.org\/2020\/2013\/03\/21\/filloi-viti-i-ri-akademik-ne-universitetin-logos\/#breadcrumb\",\"itemListElement\":[{\"@type\":\"ListItem\",\"position\":1,\"name\":\"Home\",\"item\":\"https:\/\/orthodoxalbania.org\/2020\/\"},{\"@type\":\"ListItem\",\"position\":2,\"name\":\"Filloi viti i ri akademik n\u00eb Universitetin \u201cLOGOS\u201d. (17 Tetor 2011)\"}]},{\"@type\":\"WebSite\",\"@id\":\"https:\/\/orthodoxalbania.org\/2020\/#website\",\"url\":\"https:\/\/orthodoxalbania.org\/2020\/\",\"name\":\"Kisha Orthodh\u03bfkse Autoqefale e Shqip\u00ebris\u00eb\",\"description\":\"Fqja Zyrtare e Kish\u00ebs Orthodhokse Autoqefale e Shqip\u00ebris\u00eb me lajmet edhe informacionet zyrtare p\u00ebr struktur\u00ebn edhe veprimtarin e saj.\",\"publisher\":{\"@id\":\"https:\/\/orthodoxalbania.org\/2020\/#organization\"},\"potentialAction\":[{\"@type\":\"SearchAction\",\"target\":{\"@type\":\"EntryPoint\",\"urlTemplate\":\"https:\/\/orthodoxalbania.org\/2020\/?s={search_term_string}\"},\"query-input\":{\"@type\":\"PropertyValueSpecification\",\"valueRequired\":true,\"valueName\":\"search_term_string\"}}],\"inLanguage\":\"en-US\"},{\"@type\":\"Organization\",\"@id\":\"https:\/\/orthodoxalbania.org\/2020\/#organization\",\"name\":\"Kisha Orthodhokse Autoqefale e Shqip\u00ebris\u00eb\",\"url\":\"https:\/\/orthodoxalbania.org\/2020\/\",\"logo\":{\"@type\":\"ImageObject\",\"inLanguage\":\"en-US\",\"@id\":\"https:\/\/orthodoxalbania.org\/2020\/#\/schema\/logo\/image\/\",\"url\":\"https:\/\/orthodoxalbania.org\/2020\/wp-content\/uploads\/2020\/05\/albania.jpeg\",\"contentUrl\":\"https:\/\/orthodoxalbania.org\/2020\/wp-content\/uploads\/2020\/05\/albania.jpeg\",\"width\":540,\"height\":540,\"caption\":\"Kisha Orthodhokse Autoqefale e Shqip\u00ebris\u00eb\"},\"image\":{\"@id\":\"https:\/\/orthodoxalbania.org\/2020\/#\/schema\/logo\/image\/\"},\"sameAs\":[\"https:\/\/www.facebook.com\/koash1991\"]},{\"@type\":\"Person\",\"@id\":\"https:\/\/orthodoxalbania.org\/2020\/#\/schema\/person\/0c387634a7063ac612d7ed9ce71c7e86\",\"name\":\"Kisha Orthodhokse\",\"image\":{\"@type\":\"ImageObject\",\"inLanguage\":\"en-US\",\"@id\":\"https:\/\/secure.gravatar.com\/avatar\/596e7c417251e30f2fbb9c00e026fce61a695a00e51c889caded71c96cbbdde5?s=96&d=mm&r=g\",\"url\":\"https:\/\/secure.gravatar.com\/avatar\/596e7c417251e30f2fbb9c00e026fce61a695a00e51c889caded71c96cbbdde5?s=96&d=mm&r=g\",\"contentUrl\":\"https:\/\/secure.gravatar.com\/avatar\/596e7c417251e30f2fbb9c00e026fce61a695a00e51c889caded71c96cbbdde5?s=96&d=mm&r=g\",\"caption\":\"Kisha Orthodhokse\"}}]}<\/script>\n<!-- \/ Yoast SEO plugin. -->","yoast_head_json":{"title":"Filloi viti i ri akademik n\u00eb Universitetin \u201cLOGOS\u201d. (17 Tetor 2011) - Kisha Orthodh\u03bfkse Autoqefale e Shqip\u00ebris\u00eb","robots":{"index":"index","follow":"follow","max-snippet":"max-snippet:-1","max-image-preview":"max-image-preview:large","max-video-preview":"max-video-preview:-1"},"canonical":"https:\/\/orthodoxalbania.org\/2020\/2013\/03\/21\/filloi-viti-i-ri-akademik-ne-universitetin-logos\/","og_locale":"en_US","og_type":"article","og_title":"Filloi viti i ri akademik n\u00eb Universitetin \u201cLOGOS\u201d. (17 Tetor 2011) - Kisha Orthodh\u03bfkse Autoqefale e Shqip\u00ebris\u00eb","og_description":"&nbsp; &nbsp; N\u00eb dat\u00ebn 17 tetor Universiteti \u201cLogos\u201d nisi vitin e ri akademik, duke hapur dyert edhe p\u00ebr shum\u00eb student\u00eb t\u00eb rinj, t\u00eb cil\u00ebt do vazhdojn\u00eb rrug\u00ebn e dijes. &nbsp;&nbsp;&nbsp; I hapur n\u00eb vitin 2010, ky universitet \u00ebsht\u00eb nj\u00eb dhurat\u00eb e Fortlumturis\u00eb s\u00eb Tij, Prof. Dr. Anastasit, studiues i shquar dhe i njohur n\u00eb t\u00ebr\u00eb bot\u00ebn, jo vet\u00ebm p\u00ebr komunitetin Orthodhoks, por p\u00ebr gjith\u00eb vendin.&nbsp;","og_url":"https:\/\/orthodoxalbania.org\/2020\/2013\/03\/21\/filloi-viti-i-ri-akademik-ne-universitetin-logos\/","og_site_name":"Kisha Orthodh\u03bfkse Autoqefale e Shqip\u00ebris\u00eb","article_publisher":"https:\/\/www.facebook.com\/koash1991","article_published_time":"2013-03-21T10:17:02+00:00","article_modified_time":"2020-04-06T20:31:57+00:00","og_image":[{"url":"https:\/\/lh4.googleusercontent.com\/-VX1ZcHDwa1o\/VARJW0XUypI\/AAAAAAAACm0\/q2_Jf-v8OiI\/w448-h290-no\/foto%2B1.jpg","type":"","width":"","height":""}],"author":"Kisha Orthodhokse","twitter_card":"summary_large_image","twitter_misc":{"Written by":"Kisha Orthodhokse","Est. reading time":"1 minute"},"schema":{"@context":"https:\/\/schema.org","@graph":[{"@type":"Article","@id":"https:\/\/orthodoxalbania.org\/2020\/2013\/03\/21\/filloi-viti-i-ri-akademik-ne-universitetin-logos\/#article","isPartOf":{"@id":"https:\/\/orthodoxalbania.org\/2020\/2013\/03\/21\/filloi-viti-i-ri-akademik-ne-universitetin-logos\/"},"author":{"name":"Kisha Orthodhokse","@id":"https:\/\/orthodoxalbania.org\/2020\/#\/schema\/person\/0c387634a7063ac612d7ed9ce71c7e86"},"headline":"Filloi viti i ri akademik n\u00eb Universitetin \u201cLOGOS\u201d. (17 Tetor 2011)","datePublished":"2013-03-21T10:17:02+00:00","dateModified":"2020-04-06T20:31:57+00:00","mainEntityOfPage":{"@id":"https:\/\/orthodoxalbania.org\/2020\/2013\/03\/21\/filloi-viti-i-ri-akademik-ne-universitetin-logos\/"},"wordCount":305,"commentCount":0,"publisher":{"@id":"https:\/\/orthodoxalbania.org\/2020\/#organization"},"image":{"@id":"https:\/\/orthodoxalbania.org\/2020\/2013\/03\/21\/filloi-viti-i-ri-akademik-ne-universitetin-logos\/#primaryimage"},"thumbnailUrl":"https:\/\/lh4.googleusercontent.com\/-VX1ZcHDwa1o\/VARJW0XUypI\/AAAAAAAACm0\/q2_Jf-v8OiI\/w448-h290-no\/foto%2B1.jpg","keywords":["2011","Kryepiskopata Tiran\u00eb","lajme","Universiteti \"Logos\""],"articleSection":["Lajme"],"inLanguage":"en-US"},{"@type":"WebPage","@id":"https:\/\/orthodoxalbania.org\/2020\/2013\/03\/21\/filloi-viti-i-ri-akademik-ne-universitetin-logos\/","url":"https:\/\/orthodoxalbania.org\/2020\/2013\/03\/21\/filloi-viti-i-ri-akademik-ne-universitetin-logos\/","name":"Filloi viti i ri akademik n\u00eb Universitetin \u201cLOGOS\u201d. (17 Tetor 2011) - Kisha Orthodh\u03bfkse Autoqefale e Shqip\u00ebris\u00eb","isPartOf":{"@id":"https:\/\/orthodoxalbania.org\/2020\/#website"},"primaryImageOfPage":{"@id":"https:\/\/orthodoxalbania.org\/2020\/2013\/03\/21\/filloi-viti-i-ri-akademik-ne-universitetin-logos\/#primaryimage"},"image":{"@id":"https:\/\/orthodoxalbania.org\/2020\/2013\/03\/21\/filloi-viti-i-ri-akademik-ne-universitetin-logos\/#primaryimage"},"thumbnailUrl":"https:\/\/lh4.googleusercontent.com\/-VX1ZcHDwa1o\/VARJW0XUypI\/AAAAAAAACm0\/q2_Jf-v8OiI\/w448-h290-no\/foto%2B1.jpg","datePublished":"2013-03-21T10:17:02+00:00","dateModified":"2020-04-06T20:31:57+00:00","breadcrumb":{"@id":"https:\/\/orthodoxalbania.org\/2020\/2013\/03\/21\/filloi-viti-i-ri-akademik-ne-universitetin-logos\/#breadcrumb"},"inLanguage":"en-US","potentialAction":[{"@type":"ReadAction","target":["https:\/\/orthodoxalbania.org\/2020\/2013\/03\/21\/filloi-viti-i-ri-akademik-ne-universitetin-logos\/"]}]},{"@type":"ImageObject","inLanguage":"en-US","@id":"https:\/\/orthodoxalbania.org\/2020\/2013\/03\/21\/filloi-viti-i-ri-akademik-ne-universitetin-logos\/#primaryimage","url":"https:\/\/lh4.googleusercontent.com\/-VX1ZcHDwa1o\/VARJW0XUypI\/AAAAAAAACm0\/q2_Jf-v8OiI\/w448-h290-no\/foto%2B1.jpg","contentUrl":"https:\/\/lh4.googleusercontent.com\/-VX1ZcHDwa1o\/VARJW0XUypI\/AAAAAAAACm0\/q2_Jf-v8OiI\/w448-h290-no\/foto%2B1.jpg"},{"@type":"BreadcrumbList","@id":"https:\/\/orthodoxalbania.org\/2020\/2013\/03\/21\/filloi-viti-i-ri-akademik-ne-universitetin-logos\/#breadcrumb","itemListElement":[{"@type":"ListItem","position":1,"name":"Home","item":"https:\/\/orthodoxalbania.org\/2020\/"},{"@type":"ListItem","position":2,"name":"Filloi viti i ri akademik n\u00eb Universitetin \u201cLOGOS\u201d. (17 Tetor 2011)"}]},{"@type":"WebSite","@id":"https:\/\/orthodoxalbania.org\/2020\/#website","url":"https:\/\/orthodoxalbania.org\/2020\/","name":"Kisha Orthodh\u03bfkse Autoqefale e Shqip\u00ebris\u00eb","description":"Fqja Zyrtare e Kish\u00ebs Orthodhokse Autoqefale e Shqip\u00ebris\u00eb me lajmet edhe informacionet zyrtare p\u00ebr struktur\u00ebn edhe veprimtarin e saj.","publisher":{"@id":"https:\/\/orthodoxalbania.org\/2020\/#organization"},"potentialAction":[{"@type":"SearchAction","target":{"@type":"EntryPoint","urlTemplate":"https:\/\/orthodoxalbania.org\/2020\/?s={search_term_string}"},"query-input":{"@type":"PropertyValueSpecification","valueRequired":true,"valueName":"search_term_string"}}],"inLanguage":"en-US"},{"@type":"Organization","@id":"https:\/\/orthodoxalbania.org\/2020\/#organization","name":"Kisha Orthodhokse Autoqefale e Shqip\u00ebris\u00eb","url":"https:\/\/orthodoxalbania.org\/2020\/","logo":{"@type":"ImageObject","inLanguage":"en-US","@id":"https:\/\/orthodoxalbania.org\/2020\/#\/schema\/logo\/image\/","url":"https:\/\/orthodoxalbania.org\/2020\/wp-content\/uploads\/2020\/05\/albania.jpeg","contentUrl":"https:\/\/orthodoxalbania.org\/2020\/wp-content\/uploads\/2020\/05\/albania.jpeg","width":540,"height":540,"caption":"Kisha Orthodhokse Autoqefale e Shqip\u00ebris\u00eb"},"image":{"@id":"https:\/\/orthodoxalbania.org\/2020\/#\/schema\/logo\/image\/"},"sameAs":["https:\/\/www.facebook.com\/koash1991"]},{"@type":"Person","@id":"https:\/\/orthodoxalbania.org\/2020\/#\/schema\/person\/0c387634a7063ac612d7ed9ce71c7e86","name":"Kisha Orthodhokse","image":{"@type":"ImageObject","inLanguage":"en-US","@id":"https:\/\/secure.gravatar.com\/avatar\/596e7c417251e30f2fbb9c00e026fce61a695a00e51c889caded71c96cbbdde5?s=96&d=mm&r=g","url":"https:\/\/secure.gravatar.com\/avatar\/596e7c417251e30f2fbb9c00e026fce61a695a00e51c889caded71c96cbbdde5?s=96&d=mm&r=g","contentUrl":"https:\/\/secure.gravatar.com\/avatar\/596e7c417251e30f2fbb9c00e026fce61a695a00e51c889caded71c96cbbdde5?s=96&d=mm&r=g","caption":"Kisha Orthodhokse"}}]}},"_links":{"self":[{"href":"https:\/\/orthodoxalbania.org\/2020\/wp-json\/wp\/v2\/posts\/565","targetHints":{"allow":["GET"]}}],"collection":[{"href":"https:\/\/orthodoxalbania.org\/2020\/wp-json\/wp\/v2\/posts"}],"about":[{"href":"https:\/\/orthodoxalbania.org\/2020\/wp-json\/wp\/v2\/types\/post"}],"author":[{"embeddable":true,"href":"https:\/\/orthodoxalbania.org\/2020\/wp-json\/wp\/v2\/users\/1"}],"replies":[{"embeddable":true,"href":"https:\/\/orthodoxalbania.org\/2020\/wp-json\/wp\/v2\/comments?post=565"}],"version-history":[{"count":1,"href":"https:\/\/orthodoxalbania.org\/2020\/wp-json\/wp\/v2\/posts\/565\/revisions"}],"predecessor-version":[{"id":15357,"href":"https:\/\/orthodoxalbania.org\/2020\/wp-json\/wp\/v2\/posts\/565\/revisions\/15357"}],"wp:attachment":[{"href":"https:\/\/orthodoxalbania.org\/2020\/wp-json\/wp\/v2\/media?parent=565"}],"wp:term":[{"taxonomy":"category","embeddable":true,"href":"https:\/\/orthodoxalbania.org\/2020\/wp-json\/wp\/v2\/categories?post=565"},{"taxonomy":"post_tag","embeddable":true,"href":"https:\/\/orthodoxalbania.org\/2020\/wp-json\/wp\/v2\/tags?post=565"}],"curies":[{"name":"wp","href":"https:\/\/api.w.org\/{rel}","templated":true}]}}