{"id":56470,"date":"2021-11-11T00:02:28","date_gmt":"2021-11-10T23:02:28","guid":{"rendered":"https:\/\/orthodoxalbania.org\/2020\/?p=56470"},"modified":"2021-11-11T00:04:02","modified_gmt":"2021-11-10T23:04:02","slug":"11-nentor-deshmor-i-madh-minai-viktori-vicenti-stefanidha-oshenar-theodhor-studiti","status":"publish","type":"post","link":"https:\/\/orthodoxalbania.org\/2020\/2021\/11\/11\/11-nentor-deshmor-i-madh-minai-viktori-vicenti-stefanidha-oshenar-theodhor-studiti\/","title":{"rendered":"-11 N\u00ebntor &#8211; D\u00ebshmor i madh Minai, Viktori, Vicenti, Stefanidha. Osh\u00ebnar Theodhor Studiti."},"content":{"rendered":"<h4 style=\"text-align: center;\"><span class=\"ez-toc-section\" id=\"Deshmor_i_madh_Minai\"><\/span><strong>D\u00ebshmor i madh Minai.<\/strong><span class=\"ez-toc-section-end\"><\/span><\/h4>\n<p style=\"text-align: justify;\">Martiri i shenjt\u00eb Minai luftoi p\u00ebr Krishtin gjat\u00eb persekutimit t\u00eb Maksimianit (296-304). Ishte nga Egjipti dhe sh\u00ebrbente n\u00eb ushtrit\u00eb perandorake q\u00eb ndodheshin n\u00eb Koti t\u00eb Frigjis\u00eb (Azi e Vog\u00ebl), me urdh\u00ebr t\u00eb nj\u00ebfar\u00eb Argjirisku. Veteran 50-vje\u00e7ar, Minai dallohej jo vet\u00ebm p\u00ebr forc\u00ebn dhe burr\u00ebrin\u00eb e tij, por edhe p\u00ebr urt\u00ebsin\u00eb dhe vet\u00ebp\u00ebrmbajtjen q\u00eb kishte nga besimi n\u00eb Krishtin. N\u00eb k\u00ebt\u00eb koh\u00eb gjeneral Firmiljani mblodhi legjione t\u00eb ndryshme, edhe at\u00eb t\u00eb Minait, p\u00ebr t\u2019i transferuar n\u00eb vendet e berber\u00ebve (Afrika e Veriut).<\/p>\n<p style=\"text-align: justify;\">P\u00ebrve\u00e7 misioneve t\u00eb tjera, ushtar\u00ebt i kishin ngarkuar t\u00eb kapnin t\u00eb krishter\u00ebt q\u00eb nuk pranonin t\u2019u bindeshin urdhrave perandorak\u00eb. Minai u skandalizua aq shum\u00eb nga k\u00ebto masa shtyp\u00ebse, sa e hodhi rripin p\u00ebrdhe n\u00eb shenj\u00eb dezertimi dhe u largua n\u00eb malet af\u00ebr Kotieonit, p\u00ebr t\u2019u ushtruar n\u00eb asketiz\u00ebm dhe p\u00ebr t\u00eb jetuar me bishat e egra, t\u00eb cilat silleshin m\u00eb but\u00eb se idhujtar\u00ebt. Q\u00ebndroi p\u00ebr nj\u00ebfar\u00eb kohe n\u00eb heshtje dhe n\u00eb vetmi, n\u00eb lutje dhe n\u00eb pastrimin e pasioneve.<\/p>\n<p style=\"text-align: justify;\">Kur zemra e tij iu forcua m\u00eb shum\u00eb n\u00eb dashurin\u00eb p\u00ebr Krishtin, iu zbulua se kishte ardhur tashm\u00eb \u00e7asti p\u00ebr t\u2019u martirizuar. Zbriti n\u00eb qytet dhe nj\u00eb dit\u00eb, kur pagan\u00ebt po kremtonin nj\u00eb nga paudh\u00ebsit\u00eb e tyre solemne, thirri para t\u00eb gjith\u00ebve: \u201cTa dini se ka vet\u00ebm nj\u00eb Per\u00ebndi t\u00eb v\u00ebrtet\u00eb: Krishti; dhe k\u00ebto q\u00eb ju adhuroni jan\u00eb copa druri memece dhe t\u00eb pandjeshme!\u201d. N\u00eb fillim u befasuan nga guximi i tij, por pastaj u turr\u00ebn dhe e kap\u00ebn, p\u00ebr ta dor\u00ebzuar te qeveritari i qytetit, i cili e torturoi atletin e shenjt\u00eb t\u00eb Krishtit para turm\u00ebs.<\/p>\n<p style=\"text-align: justify;\">Shenjti i tregoi pa frik\u00eb t\u00eb kaluar\u00ebn e tij dhe nuk pranoi asnj\u00eb propozim q\u00eb i b\u00ebn\u00eb p\u00ebr t\u00eb rifituar vendin n\u00eb radh\u00ebt e ushtris\u00eb. E fshikulluan r\u00ebnd\u00eb dhe pastaj ia f\u00ebrkuan plag\u00ebt me coh\u00eb t\u00eb ashp\u00ebr. E var\u00ebn n\u00eb nj\u00eb k\u00ebmbalec, ia rrop\u00ebn mishin dhe ia dogj\u00ebn trupin me flak\u00ebn e pishtar\u00ebve.<\/p>\n<p style=\"text-align: justify;\">Kur pa t\u00eb binte mishi i tij copa-copa, shenjti lavd\u00ebroi Per\u00ebndin\u00eb q\u00eb u \u00e7lirua, n\u00ebp\u00ebrmjet pjes\u00ebmarrjes n\u00eb vuajtjet e Krishtit, nga tunika prej l\u00ebkure q\u00eb i veshi Adami natyr\u00ebs son\u00eb (Gjen 3.21). Kaloi dhe vuajtje t\u00eb tjera, pastaj me urdh\u00ebr t\u00eb qeveritarit ia pren\u00eb kok\u00ebn. Para ekzekutimit, Minai u kishte k\u00ebrkuar disa t\u00eb krishter\u00ebve t\u00eb fshehur, q\u00eb kishin mundur t\u2019i afroheshin, q\u00eb t\u2019ia transportonin mbetjet e trupit t\u00eb tij n\u00eb Egjipt, n\u00eb atdheun e tij.<\/p>\n<p style=\"text-align: justify;\">Tirani urdh\u00ebroi q\u00eb t\u2019ia digjnin trupin, por t\u00eb krishter\u00ebt arrit\u00ebn ta merrnin nj\u00eb pjes\u00eb t\u00eb tij dhe e \u00e7uan n\u00eb Egjipt, ku e varros\u00ebn denj\u00ebsisht n\u00eb nj\u00eb vend af\u00ebr liqenit t\u00eb Mariotit (43 km n\u00eb jug-per\u00ebndim t\u00eb Aleksandris\u00eb). P\u00ebr nder t\u00eb martirit t\u00eb madh, kisha q\u00eb u nd\u00ebrtua m\u00eb pas mbi varrin e tij u b\u00eb qend\u00ebr pelegrin\u00ebsh t\u00eb ardhur nga mbar\u00eb bota.<\/p>\n<p style=\"text-align: justify;\">Pas largimit t\u00eb tij nga kjo jet\u00eb, sh\u00ebn Minai nuk ka pushuar s\u00eb qeni i pranish\u00ebm pran\u00eb besimtar\u00ebve: i mb\u00ebshtet dhe i ndihmon n\u00eb rreziqe. Shfaqjet dhe mrekullit\u00eb e tij jan\u00eb t\u00eb panum\u00ebrta.<\/p>\n<p style=\"text-align: justify;\">Nd\u00ebr m\u00eb t\u00eb fundit, po sjellim dy. Gjat\u00eb turbullirave q\u00eb pasuan revolucionin grek dhe shtypjes s\u00eb p\u00ebrgjakshme nga otoman\u00ebt kund\u00ebr kryengrit\u00ebsve (1826), disa turq t\u00eb Iraklios, n\u00eb Kret\u00eb, vendos\u00ebn t\u00eb masakronin t\u00eb krishter\u00ebt q\u00eb ishin mbledhur n\u00eb katedralen kushtuar sh\u00ebn Minait p\u00ebr t\u00eb kremtuar Pashk\u00ebn. Ata u vun\u00eb zjarrin lagjeve t\u00eb ndryshme t\u00eb qytetit, p\u00ebr t\u00eb t\u00ebrhequr v\u00ebmendjen e forcave q\u00eb ruanin rendin dhe e rrethuan kish\u00ebn, duke u p\u00ebrgatitur q\u00eb t\u00eb hynin e t\u00eb realizonin planin e tyre. Papritur u shfaq sh\u00ebn Minai, si nj\u00eb kalor\u00ebs i friksh\u00ebm me shpat\u00ebn zhveshur n\u00eb dor\u00eb. Mbolli panik mes turqve dhe \u00e7liroi t\u00eb krishter\u00ebt nga rreziku. N\u00eb shenj\u00eb mir\u00ebnjohjeje, besimtar\u00ebt e Iraklios kremtojn\u00eb \u00e7do vit, t\u00eb mart\u00ebn e Pashk\u00ebs, kujtimin e k\u00ebsaj mrekullie.<\/p>\n<p style=\"text-align: justify;\">M\u00eb von\u00eb, gjat\u00eb betejave vendimtare q\u00eb ndodh\u00ebn n\u00eb Afrik\u00ebn e Veriut (1942), rastisi q\u00eb trupat naziste t\u00eb urdh\u00ebruara nga gjenerali Romel, n\u00eb udh\u00eb p\u00ebr n\u00eb Aleksandri, ndaluan pran\u00eb vendit t\u00eb quajtur El-Alamein (deformim arab i emrit t\u00eb sh\u00ebn Minait), ku gjendeshin edhe rr\u00ebnojat e nj\u00eb kishe t\u00eb vjet\u00ebr kushtuar sh\u00ebn Minait (dhe sipas disave, varri i tij). P\u00ebrball\u00eb mij\u00ebra gjerman\u00ebsh, t\u00eb armatosur deri n\u00eb dh\u00ebmb\u00eb, gjendeshin forcat e dob\u00ebta aleate, mes t\u00eb cilave edhe disa orthodhoks\u00eb. P\u00ebrfundimi i p\u00ebrleshjes ishte i qart\u00eb. Megjithat\u00eb, kur ra nata, sh\u00ebn Minai u shfaq n\u00eb mes t\u00eb kampit gjerman n\u00eb krye t\u00eb nj\u00eb karvani devesh, identik ashtu si\u00e7 paraqitet n\u00eb nj\u00eb nga afresket e kish\u00ebs, duke p\u00ebrshkruar mrekullit\u00eb e shenjtit. Kjo shfaqje i befasoi t\u00eb gjith\u00eb dhe ngjalli panik tek gjerman\u00ebt, aq sa fuqit\u00eb aleate korr\u00ebn fitore. Si mir\u00ebnjohje, ata restauruan kish\u00ebn e shenjtit dhe themeluan nj\u00eb manastir t\u00eb vog\u00ebl.<\/p>\n<p>&nbsp;<\/p>\n<p><img decoding=\"async\" class=\"lazyload aligncenter\" src=\"data:image\/svg+xml,%3Csvg%20xmlns%3D%27http%3A%2F%2Fwww.w3.org%2F2000%2Fsvg%27%20width%3D%27470%27%20height%3D%27689%27%20viewBox%3D%270%200%20470%20689%27%3E%3Crect%20width%3D%27470%27%20height%3D%27689%27%20fill-opacity%3D%220%22%2F%3E%3C%2Fsvg%3E\" data-orig-src=\"https:\/\/live.staticflickr.com\/65535\/51663751906_7b6ba6625b_b.jpg\" width=\"470\" height=\"689\" \/><\/p>\n<h4 style=\"text-align: center;\"><span class=\"ez-toc-section\" id=\"i\"><\/span><strong>* * * * *<\/strong><span class=\"ez-toc-section-end\"><\/span><\/h4>\n<h4 style=\"text-align: center;\"><span class=\"ez-toc-section\" id=\"Deshmor_Viktori\"><\/span><strong>D\u00ebshmor Viktori<\/strong><span class=\"ez-toc-section-end\"><\/span><\/h4>\n<p style=\"text-align: justify;\">Sh\u00ebn Viktori ishte ushtar gjat\u00eb regjimit t\u00eb Antoninit (rreth vitit 160). Ishte nga Italia, dhe u transferua n\u00eb zon\u00ebn e Damaskut. Atje e denoncuan te qeveritari ushtarak Sebastiani, se besonte te Krishti. Iu p\u00ebrgjigj pyetjeve dhe propozimeve t\u00eb rrezikshme t\u00eb duk\u00ebs me men\u00e7uri t\u00eb mbinatyrshme dhe u tregua i pathyesh\u00ebm, ndaj e torturuan. Ia thyen gishtat, pastaj e hodh\u00ebn n\u00eb furr\u00eb t\u00eb ndezur, ku q\u00ebndroi p\u00ebr 3 dit\u00eb pa p\u00ebsuar gj\u00eb t\u00eb keqe.<\/p>\n<p style=\"text-align: justify;\">Kur doli, e detyruan t\u00eb pinte helm vdekjeprur\u00ebs. Por, pasi nuk pati efekt, magjistari, q\u00eb e kishte p\u00ebrgatitur, u b\u00eb i krishter\u00eb. I shtuan tortura t\u00eb tjera: ia shkul\u00ebn nervat, e hodh\u00ebn n\u00eb vaj t\u00eb nxeht\u00eb, piu nj\u00eb p\u00ebrzierje bliri me uthull. P\u00ebrfundimisht, ia nxor\u00ebn syt\u00eb dhe e lan\u00eb t\u00eb varur nga k\u00ebmb\u00ebt p\u00ebr 3 dit\u00eb, n\u00eb fund t\u00eb t\u00eb cilave dha shpirtin te Per\u00ebndia dhe gjeti prehjen e p\u00ebrjetshme.<\/p>\n<p>&nbsp;<\/p>\n<p style=\"text-align: justify;\"><img decoding=\"async\" class=\"lazyload aligncenter\" src=\"data:image\/svg+xml,%3Csvg%20xmlns%3D%27http%3A%2F%2Fwww.w3.org%2F2000%2Fsvg%27%20width%3D%27453%27%20height%3D%27585%27%20viewBox%3D%270%200%20453%20585%27%3E%3Crect%20width%3D%27453%27%20height%3D%27585%27%20fill-opacity%3D%220%22%2F%3E%3C%2Fsvg%3E\" data-orig-src=\"https:\/\/live.staticflickr.com\/65535\/51664627835_8649e5267a_b.jpg\" width=\"453\" height=\"585\" \/><\/p>\n<h4 style=\"text-align: center;\"><span class=\"ez-toc-section\" id=\"i-2\"><\/span><strong>* * * * *<\/strong><span class=\"ez-toc-section-end\"><\/span><\/h4>\n<h4 style=\"text-align: center;\"><span class=\"ez-toc-section\" id=\"Hieromartiret_e_shenjte_Vincenti_dhjak_dhe_Valeriani_episkop\"><\/span><strong>Hieromartir\u00ebt e shenjt\u00eb Vincenti, dhjak, dhe Valeriani, episkop.<\/strong><span class=\"ez-toc-section-end\"><\/span><\/h4>\n<p style=\"text-align: justify;\">K\u00ebta shenjtor\u00eb shpall\u00ebn Lajmin e Mir\u00eb t\u00eb Shp\u00ebtimit n\u00eb qytetin e August\u00ebs n\u00eb Spanj\u00eb, n\u00eb koh\u00ebn e sundimit t\u00eb Maksimianit I (235) dhe qeveritarit Dacian. Ky i fundit e nxori n\u00eb gjyq Vincentin dhe pastaj e d\u00ebrgoi te Valenci, ku e hodh\u00ebn n\u00eb nj\u00eb biruc\u00eb t\u00eb err\u00ebt dhe t\u00eb ndotur. Disa dit\u00eb m\u00eb von\u00eb, Vincentin e nxor\u00ebn p\u00ebr t\u2019i g\u00ebrvishtur e \u00e7ar\u00eb trupin. E gozhduan mbi nj\u00eb kryq, e fshikulluan dhe, si e hoq\u00ebn nga kryqi, i thyen gjymtyr\u00ebt. E dogj\u00ebn me hekura t\u00eb skuqur dhe e hodh\u00ebn p\u00ebrs\u00ebri n\u00eb burg. Atje fjeti n\u00eb paqe, pasi u vizitua nga nj\u00eb engj\u00ebll Per\u00ebndie.<\/p>\n<p style=\"text-align: justify;\">\n","protected":false},"excerpt":{"rendered":"<p>D\u00ebshmor i madh Minai. Martiri i shenjt\u00eb Minai luftoi p\u00ebr Krishtin gjat\u00eb persekutimit t\u00eb Maksimianit (296-304). Ishte nga Egjipti dhe sh\u00ebrbente n\u00eb ushtrit\u00eb perandorake q\u00eb ndodheshin n\u00eb Koti t\u00eb Frigjis\u00eb (Azi e Vog\u00ebl), me urdh\u00ebr t\u00eb nj\u00ebfar\u00eb Argjirisku. Veteran 50-vje\u00e7ar, Minai dallohej jo vet\u00ebm p\u00ebr forc\u00ebn dhe burr\u00ebrin\u00eb e tij, por edhe p\u00ebr urt\u00ebsin\u00eb dhe vet\u00ebp\u00ebrmbajtjen q\u00eb kishte nga besimi n\u00eb Krishtin. N\u00eb k\u00ebt\u00eb koh\u00eb<\/p>\n","protected":false},"author":7,"featured_media":56480,"comment_status":"closed","ping_status":"closed","sticky":false,"template":"","format":"standard","meta":{"_acf_changed":false,"pagelayer_contact_templates":[],"_pagelayer_content":"","inline_featured_image":false,"fifu_image_url":"https:\/\/live.staticflickr.com\/65535\/51663750406_d3c7f979bc_b.jpg","fifu_image_alt":"","footnotes":""},"categories":[372],"tags":[2103,2101],"class_list":["post-56470","post","type-post","status-publish","format-standard","has-post-thumbnail","hentry","category-shenjtoret-e-dites","tag-leximet-e-dites","tag-shenjtori-i-dites"],"acf":[],"yoast_head":"<!-- This site is optimized with the Yoast SEO plugin v27.2 - https:\/\/yoast.com\/product\/yoast-seo-wordpress\/ -->\n<title>-11 N\u00ebntor - D\u00ebshmor i madh Minai, Viktori, Vicenti, Stefanidha. Osh\u00ebnar Theodhor Studiti. - Kisha Orthodh\u03bfkse Autoqefale e Shqip\u00ebris\u00eb<\/title>\n<meta name=\"robots\" content=\"index, follow, max-snippet:-1, max-image-preview:large, max-video-preview:-1\" \/>\n<link rel=\"canonical\" href=\"https:\/\/orthodoxalbania.org\/2020\/2021\/11\/11\/11-nentor-deshmor-i-madh-minai-viktori-vicenti-stefanidha-oshenar-theodhor-studiti\/\" \/>\n<meta property=\"og:locale\" content=\"en_US\" \/>\n<meta property=\"og:type\" content=\"article\" \/>\n<meta property=\"og:title\" content=\"-11 N\u00ebntor - D\u00ebshmor i madh Minai, Viktori, Vicenti, Stefanidha. Osh\u00ebnar Theodhor Studiti. - Kisha Orthodh\u03bfkse Autoqefale e Shqip\u00ebris\u00eb\" \/>\n<meta property=\"og:description\" content=\"D\u00ebshmor i madh Minai. Martiri i shenjt\u00eb Minai luftoi p\u00ebr Krishtin gjat\u00eb persekutimit t\u00eb Maksimianit (296-304). Ishte nga Egjipti dhe sh\u00ebrbente n\u00eb ushtrit\u00eb perandorake q\u00eb ndodheshin n\u00eb Koti t\u00eb Frigjis\u00eb (Azi e Vog\u00ebl), me urdh\u00ebr t\u00eb nj\u00ebfar\u00eb Argjirisku. Veteran 50-vje\u00e7ar, Minai dallohej jo vet\u00ebm p\u00ebr forc\u00ebn dhe burr\u00ebrin\u00eb e tij, por edhe p\u00ebr urt\u00ebsin\u00eb dhe vet\u00ebp\u00ebrmbajtjen q\u00eb kishte nga besimi n\u00eb Krishtin. N\u00eb k\u00ebt\u00eb koh\u00eb\" \/>\n<meta property=\"og:url\" content=\"https:\/\/orthodoxalbania.org\/2020\/2021\/11\/11\/11-nentor-deshmor-i-madh-minai-viktori-vicenti-stefanidha-oshenar-theodhor-studiti\/\" \/>\n<meta property=\"og:site_name\" content=\"Kisha Orthodh\u03bfkse Autoqefale e Shqip\u00ebris\u00eb\" \/>\n<meta property=\"article:publisher\" content=\"https:\/\/www.facebook.com\/koash1991\" \/>\n<meta property=\"article:published_time\" content=\"2021-11-10T23:02:28+00:00\" \/>\n<meta property=\"article:modified_time\" content=\"2021-11-10T23:04:02+00:00\" \/>\n<meta property=\"og:image\" content=\"https:\/\/live.staticflickr.com\/65535\/51663750406_d3c7f979bc_b.jpg\" \/>\n<meta name=\"author\" content=\"Kisha Orthodhokse\" \/>\n<meta name=\"twitter:card\" content=\"summary_large_image\" \/>\n<meta name=\"twitter:image\" content=\"https:\/\/live.staticflickr.com\/65535\/51663750406_d3c7f979bc_b.jpg\" \/>\n<meta name=\"twitter:label1\" content=\"Written by\" \/>\n\t<meta name=\"twitter:data1\" content=\"Kisha Orthodhokse\" \/>\n\t<meta name=\"twitter:label2\" content=\"Est. reading time\" \/>\n\t<meta name=\"twitter:data2\" content=\"6 minutes\" \/>\n<script type=\"application\/ld+json\" class=\"yoast-schema-graph\">{\"@context\":\"https:\/\/schema.org\",\"@graph\":[{\"@type\":\"Article\",\"@id\":\"https:\/\/orthodoxalbania.org\/2020\/2021\/11\/11\/11-nentor-deshmor-i-madh-minai-viktori-vicenti-stefanidha-oshenar-theodhor-studiti\/#article\",\"isPartOf\":{\"@id\":\"https:\/\/orthodoxalbania.org\/2020\/2021\/11\/11\/11-nentor-deshmor-i-madh-minai-viktori-vicenti-stefanidha-oshenar-theodhor-studiti\/\"},\"author\":{\"name\":\"Kisha Orthodhokse\",\"@id\":\"https:\/\/orthodoxalbania.org\/2020\/#\/schema\/person\/df745f942b70e045b3dc05a30211f0de\"},\"headline\":\"-11 N\u00ebntor &#8211; D\u00ebshmor i madh Minai, Viktori, Vicenti, Stefanidha. Osh\u00ebnar Theodhor Studiti.\",\"datePublished\":\"2021-11-10T23:02:28+00:00\",\"dateModified\":\"2021-11-10T23:04:02+00:00\",\"mainEntityOfPage\":{\"@id\":\"https:\/\/orthodoxalbania.org\/2020\/2021\/11\/11\/11-nentor-deshmor-i-madh-minai-viktori-vicenti-stefanidha-oshenar-theodhor-studiti\/\"},\"wordCount\":1202,\"publisher\":{\"@id\":\"https:\/\/orthodoxalbania.org\/2020\/#organization\"},\"image\":{\"@id\":\"https:\/\/orthodoxalbania.org\/2020\/2021\/11\/11\/11-nentor-deshmor-i-madh-minai-viktori-vicenti-stefanidha-oshenar-theodhor-studiti\/#primaryimage\"},\"thumbnailUrl\":\"https:\/\/live.staticflickr.com\/65535\/51663750406_d3c7f979bc_b.jpg\",\"keywords\":[\"leximet e dites\",\"shenjtori i dites\"],\"articleSection\":[\"Shenjtor\u00ebt e dit\u00ebs\"],\"inLanguage\":\"en-US\"},{\"@type\":\"WebPage\",\"@id\":\"https:\/\/orthodoxalbania.org\/2020\/2021\/11\/11\/11-nentor-deshmor-i-madh-minai-viktori-vicenti-stefanidha-oshenar-theodhor-studiti\/\",\"url\":\"https:\/\/orthodoxalbania.org\/2020\/2021\/11\/11\/11-nentor-deshmor-i-madh-minai-viktori-vicenti-stefanidha-oshenar-theodhor-studiti\/\",\"name\":\"-11 N\u00ebntor - D\u00ebshmor i madh Minai, Viktori, Vicenti, Stefanidha. Osh\u00ebnar Theodhor Studiti. - Kisha Orthodh\u03bfkse Autoqefale e Shqip\u00ebris\u00eb\",\"isPartOf\":{\"@id\":\"https:\/\/orthodoxalbania.org\/2020\/#website\"},\"primaryImageOfPage\":{\"@id\":\"https:\/\/orthodoxalbania.org\/2020\/2021\/11\/11\/11-nentor-deshmor-i-madh-minai-viktori-vicenti-stefanidha-oshenar-theodhor-studiti\/#primaryimage\"},\"image\":{\"@id\":\"https:\/\/orthodoxalbania.org\/2020\/2021\/11\/11\/11-nentor-deshmor-i-madh-minai-viktori-vicenti-stefanidha-oshenar-theodhor-studiti\/#primaryimage\"},\"thumbnailUrl\":\"https:\/\/live.staticflickr.com\/65535\/51663750406_d3c7f979bc_b.jpg\",\"datePublished\":\"2021-11-10T23:02:28+00:00\",\"dateModified\":\"2021-11-10T23:04:02+00:00\",\"breadcrumb\":{\"@id\":\"https:\/\/orthodoxalbania.org\/2020\/2021\/11\/11\/11-nentor-deshmor-i-madh-minai-viktori-vicenti-stefanidha-oshenar-theodhor-studiti\/#breadcrumb\"},\"inLanguage\":\"en-US\",\"potentialAction\":[{\"@type\":\"ReadAction\",\"target\":[\"https:\/\/orthodoxalbania.org\/2020\/2021\/11\/11\/11-nentor-deshmor-i-madh-minai-viktori-vicenti-stefanidha-oshenar-theodhor-studiti\/\"]}]},{\"@type\":\"ImageObject\",\"inLanguage\":\"en-US\",\"@id\":\"https:\/\/orthodoxalbania.org\/2020\/2021\/11\/11\/11-nentor-deshmor-i-madh-minai-viktori-vicenti-stefanidha-oshenar-theodhor-studiti\/#primaryimage\",\"url\":\"https:\/\/live.staticflickr.com\/65535\/51663750406_d3c7f979bc_b.jpg\",\"contentUrl\":\"https:\/\/live.staticflickr.com\/65535\/51663750406_d3c7f979bc_b.jpg\",\"width\":\"662\",\"height\":\"960\"},{\"@type\":\"BreadcrumbList\",\"@id\":\"https:\/\/orthodoxalbania.org\/2020\/2021\/11\/11\/11-nentor-deshmor-i-madh-minai-viktori-vicenti-stefanidha-oshenar-theodhor-studiti\/#breadcrumb\",\"itemListElement\":[{\"@type\":\"ListItem\",\"position\":1,\"name\":\"Home\",\"item\":\"https:\/\/orthodoxalbania.org\/2020\/\"},{\"@type\":\"ListItem\",\"position\":2,\"name\":\"-11 N\u00ebntor &#8211; D\u00ebshmor i madh Minai, Viktori, Vicenti, Stefanidha. Osh\u00ebnar Theodhor Studiti.\"}]},{\"@type\":\"WebSite\",\"@id\":\"https:\/\/orthodoxalbania.org\/2020\/#website\",\"url\":\"https:\/\/orthodoxalbania.org\/2020\/\",\"name\":\"Kisha Orthodh\u03bfkse Autoqefale e Shqip\u00ebris\u00eb\",\"description\":\"Fqja Zyrtare e Kish\u00ebs Orthodhokse Autoqefale e Shqip\u00ebris\u00eb me lajmet edhe informacionet zyrtare p\u00ebr struktur\u00ebn edhe veprimtarin e saj.\",\"publisher\":{\"@id\":\"https:\/\/orthodoxalbania.org\/2020\/#organization\"},\"potentialAction\":[{\"@type\":\"SearchAction\",\"target\":{\"@type\":\"EntryPoint\",\"urlTemplate\":\"https:\/\/orthodoxalbania.org\/2020\/?s={search_term_string}\"},\"query-input\":{\"@type\":\"PropertyValueSpecification\",\"valueRequired\":true,\"valueName\":\"search_term_string\"}}],\"inLanguage\":\"en-US\"},{\"@type\":\"Organization\",\"@id\":\"https:\/\/orthodoxalbania.org\/2020\/#organization\",\"name\":\"Kisha Orthodhokse Autoqefale e Shqip\u00ebris\u00eb\",\"url\":\"https:\/\/orthodoxalbania.org\/2020\/\",\"logo\":{\"@type\":\"ImageObject\",\"inLanguage\":\"en-US\",\"@id\":\"https:\/\/orthodoxalbania.org\/2020\/#\/schema\/logo\/image\/\",\"url\":\"https:\/\/orthodoxalbania.org\/2020\/wp-content\/uploads\/2020\/05\/albania.jpeg\",\"contentUrl\":\"https:\/\/orthodoxalbania.org\/2020\/wp-content\/uploads\/2020\/05\/albania.jpeg\",\"width\":540,\"height\":540,\"caption\":\"Kisha Orthodhokse Autoqefale e Shqip\u00ebris\u00eb\"},\"image\":{\"@id\":\"https:\/\/orthodoxalbania.org\/2020\/#\/schema\/logo\/image\/\"},\"sameAs\":[\"https:\/\/www.facebook.com\/koash1991\"]},{\"@type\":\"Person\",\"@id\":\"https:\/\/orthodoxalbania.org\/2020\/#\/schema\/person\/df745f942b70e045b3dc05a30211f0de\",\"name\":\"Kisha Orthodhokse\",\"image\":{\"@type\":\"ImageObject\",\"inLanguage\":\"en-US\",\"@id\":\"https:\/\/secure.gravatar.com\/avatar\/2676eb8d97178435c9f691a7871595a1da6c33542dec218bce40885573150e28?s=96&d=mm&r=g\",\"url\":\"https:\/\/secure.gravatar.com\/avatar\/2676eb8d97178435c9f691a7871595a1da6c33542dec218bce40885573150e28?s=96&d=mm&r=g\",\"contentUrl\":\"https:\/\/secure.gravatar.com\/avatar\/2676eb8d97178435c9f691a7871595a1da6c33542dec218bce40885573150e28?s=96&d=mm&r=g\",\"caption\":\"Kisha Orthodhokse\"}}]}<\/script>\n<!-- \/ Yoast SEO plugin. -->","yoast_head_json":{"title":"-11 N\u00ebntor - D\u00ebshmor i madh Minai, Viktori, Vicenti, Stefanidha. Osh\u00ebnar Theodhor Studiti. - Kisha Orthodh\u03bfkse Autoqefale e Shqip\u00ebris\u00eb","robots":{"index":"index","follow":"follow","max-snippet":"max-snippet:-1","max-image-preview":"max-image-preview:large","max-video-preview":"max-video-preview:-1"},"canonical":"https:\/\/orthodoxalbania.org\/2020\/2021\/11\/11\/11-nentor-deshmor-i-madh-minai-viktori-vicenti-stefanidha-oshenar-theodhor-studiti\/","og_locale":"en_US","og_type":"article","og_title":"-11 N\u00ebntor - D\u00ebshmor i madh Minai, Viktori, Vicenti, Stefanidha. Osh\u00ebnar Theodhor Studiti. - Kisha Orthodh\u03bfkse Autoqefale e Shqip\u00ebris\u00eb","og_description":"D\u00ebshmor i madh Minai. Martiri i shenjt\u00eb Minai luftoi p\u00ebr Krishtin gjat\u00eb persekutimit t\u00eb Maksimianit (296-304). Ishte nga Egjipti dhe sh\u00ebrbente n\u00eb ushtrit\u00eb perandorake q\u00eb ndodheshin n\u00eb Koti t\u00eb Frigjis\u00eb (Azi e Vog\u00ebl), me urdh\u00ebr t\u00eb nj\u00ebfar\u00eb Argjirisku. Veteran 50-vje\u00e7ar, Minai dallohej jo vet\u00ebm p\u00ebr forc\u00ebn dhe burr\u00ebrin\u00eb e tij, por edhe p\u00ebr urt\u00ebsin\u00eb dhe vet\u00ebp\u00ebrmbajtjen q\u00eb kishte nga besimi n\u00eb Krishtin. N\u00eb k\u00ebt\u00eb koh\u00eb","og_url":"https:\/\/orthodoxalbania.org\/2020\/2021\/11\/11\/11-nentor-deshmor-i-madh-minai-viktori-vicenti-stefanidha-oshenar-theodhor-studiti\/","og_site_name":"Kisha Orthodh\u03bfkse Autoqefale e Shqip\u00ebris\u00eb","article_publisher":"https:\/\/www.facebook.com\/koash1991","article_published_time":"2021-11-10T23:02:28+00:00","article_modified_time":"2021-11-10T23:04:02+00:00","og_image":[{"url":"https:\/\/live.staticflickr.com\/65535\/51663750406_d3c7f979bc_b.jpg","type":"","width":"","height":""}],"author":"Kisha Orthodhokse","twitter_card":"summary_large_image","twitter_image":"https:\/\/live.staticflickr.com\/65535\/51663750406_d3c7f979bc_b.jpg","twitter_misc":{"Written by":"Kisha Orthodhokse","Est. reading time":"6 minutes"},"schema":{"@context":"https:\/\/schema.org","@graph":[{"@type":"Article","@id":"https:\/\/orthodoxalbania.org\/2020\/2021\/11\/11\/11-nentor-deshmor-i-madh-minai-viktori-vicenti-stefanidha-oshenar-theodhor-studiti\/#article","isPartOf":{"@id":"https:\/\/orthodoxalbania.org\/2020\/2021\/11\/11\/11-nentor-deshmor-i-madh-minai-viktori-vicenti-stefanidha-oshenar-theodhor-studiti\/"},"author":{"name":"Kisha Orthodhokse","@id":"https:\/\/orthodoxalbania.org\/2020\/#\/schema\/person\/df745f942b70e045b3dc05a30211f0de"},"headline":"-11 N\u00ebntor &#8211; D\u00ebshmor i madh Minai, Viktori, Vicenti, Stefanidha. Osh\u00ebnar Theodhor Studiti.","datePublished":"2021-11-10T23:02:28+00:00","dateModified":"2021-11-10T23:04:02+00:00","mainEntityOfPage":{"@id":"https:\/\/orthodoxalbania.org\/2020\/2021\/11\/11\/11-nentor-deshmor-i-madh-minai-viktori-vicenti-stefanidha-oshenar-theodhor-studiti\/"},"wordCount":1202,"publisher":{"@id":"https:\/\/orthodoxalbania.org\/2020\/#organization"},"image":{"@id":"https:\/\/orthodoxalbania.org\/2020\/2021\/11\/11\/11-nentor-deshmor-i-madh-minai-viktori-vicenti-stefanidha-oshenar-theodhor-studiti\/#primaryimage"},"thumbnailUrl":"https:\/\/live.staticflickr.com\/65535\/51663750406_d3c7f979bc_b.jpg","keywords":["leximet e dites","shenjtori i dites"],"articleSection":["Shenjtor\u00ebt e dit\u00ebs"],"inLanguage":"en-US"},{"@type":"WebPage","@id":"https:\/\/orthodoxalbania.org\/2020\/2021\/11\/11\/11-nentor-deshmor-i-madh-minai-viktori-vicenti-stefanidha-oshenar-theodhor-studiti\/","url":"https:\/\/orthodoxalbania.org\/2020\/2021\/11\/11\/11-nentor-deshmor-i-madh-minai-viktori-vicenti-stefanidha-oshenar-theodhor-studiti\/","name":"-11 N\u00ebntor - D\u00ebshmor i madh Minai, Viktori, Vicenti, Stefanidha. Osh\u00ebnar Theodhor Studiti. - Kisha Orthodh\u03bfkse Autoqefale e Shqip\u00ebris\u00eb","isPartOf":{"@id":"https:\/\/orthodoxalbania.org\/2020\/#website"},"primaryImageOfPage":{"@id":"https:\/\/orthodoxalbania.org\/2020\/2021\/11\/11\/11-nentor-deshmor-i-madh-minai-viktori-vicenti-stefanidha-oshenar-theodhor-studiti\/#primaryimage"},"image":{"@id":"https:\/\/orthodoxalbania.org\/2020\/2021\/11\/11\/11-nentor-deshmor-i-madh-minai-viktori-vicenti-stefanidha-oshenar-theodhor-studiti\/#primaryimage"},"thumbnailUrl":"https:\/\/live.staticflickr.com\/65535\/51663750406_d3c7f979bc_b.jpg","datePublished":"2021-11-10T23:02:28+00:00","dateModified":"2021-11-10T23:04:02+00:00","breadcrumb":{"@id":"https:\/\/orthodoxalbania.org\/2020\/2021\/11\/11\/11-nentor-deshmor-i-madh-minai-viktori-vicenti-stefanidha-oshenar-theodhor-studiti\/#breadcrumb"},"inLanguage":"en-US","potentialAction":[{"@type":"ReadAction","target":["https:\/\/orthodoxalbania.org\/2020\/2021\/11\/11\/11-nentor-deshmor-i-madh-minai-viktori-vicenti-stefanidha-oshenar-theodhor-studiti\/"]}]},{"@type":"ImageObject","inLanguage":"en-US","@id":"https:\/\/orthodoxalbania.org\/2020\/2021\/11\/11\/11-nentor-deshmor-i-madh-minai-viktori-vicenti-stefanidha-oshenar-theodhor-studiti\/#primaryimage","url":"https:\/\/live.staticflickr.com\/65535\/51663750406_d3c7f979bc_b.jpg","contentUrl":"https:\/\/live.staticflickr.com\/65535\/51663750406_d3c7f979bc_b.jpg","width":"662","height":"960"},{"@type":"BreadcrumbList","@id":"https:\/\/orthodoxalbania.org\/2020\/2021\/11\/11\/11-nentor-deshmor-i-madh-minai-viktori-vicenti-stefanidha-oshenar-theodhor-studiti\/#breadcrumb","itemListElement":[{"@type":"ListItem","position":1,"name":"Home","item":"https:\/\/orthodoxalbania.org\/2020\/"},{"@type":"ListItem","position":2,"name":"-11 N\u00ebntor &#8211; D\u00ebshmor i madh Minai, Viktori, Vicenti, Stefanidha. Osh\u00ebnar Theodhor Studiti."}]},{"@type":"WebSite","@id":"https:\/\/orthodoxalbania.org\/2020\/#website","url":"https:\/\/orthodoxalbania.org\/2020\/","name":"Kisha Orthodh\u03bfkse Autoqefale e Shqip\u00ebris\u00eb","description":"Fqja Zyrtare e Kish\u00ebs Orthodhokse Autoqefale e Shqip\u00ebris\u00eb me lajmet edhe informacionet zyrtare p\u00ebr struktur\u00ebn edhe veprimtarin e saj.","publisher":{"@id":"https:\/\/orthodoxalbania.org\/2020\/#organization"},"potentialAction":[{"@type":"SearchAction","target":{"@type":"EntryPoint","urlTemplate":"https:\/\/orthodoxalbania.org\/2020\/?s={search_term_string}"},"query-input":{"@type":"PropertyValueSpecification","valueRequired":true,"valueName":"search_term_string"}}],"inLanguage":"en-US"},{"@type":"Organization","@id":"https:\/\/orthodoxalbania.org\/2020\/#organization","name":"Kisha Orthodhokse Autoqefale e Shqip\u00ebris\u00eb","url":"https:\/\/orthodoxalbania.org\/2020\/","logo":{"@type":"ImageObject","inLanguage":"en-US","@id":"https:\/\/orthodoxalbania.org\/2020\/#\/schema\/logo\/image\/","url":"https:\/\/orthodoxalbania.org\/2020\/wp-content\/uploads\/2020\/05\/albania.jpeg","contentUrl":"https:\/\/orthodoxalbania.org\/2020\/wp-content\/uploads\/2020\/05\/albania.jpeg","width":540,"height":540,"caption":"Kisha Orthodhokse Autoqefale e Shqip\u00ebris\u00eb"},"image":{"@id":"https:\/\/orthodoxalbania.org\/2020\/#\/schema\/logo\/image\/"},"sameAs":["https:\/\/www.facebook.com\/koash1991"]},{"@type":"Person","@id":"https:\/\/orthodoxalbania.org\/2020\/#\/schema\/person\/df745f942b70e045b3dc05a30211f0de","name":"Kisha Orthodhokse","image":{"@type":"ImageObject","inLanguage":"en-US","@id":"https:\/\/secure.gravatar.com\/avatar\/2676eb8d97178435c9f691a7871595a1da6c33542dec218bce40885573150e28?s=96&d=mm&r=g","url":"https:\/\/secure.gravatar.com\/avatar\/2676eb8d97178435c9f691a7871595a1da6c33542dec218bce40885573150e28?s=96&d=mm&r=g","contentUrl":"https:\/\/secure.gravatar.com\/avatar\/2676eb8d97178435c9f691a7871595a1da6c33542dec218bce40885573150e28?s=96&d=mm&r=g","caption":"Kisha Orthodhokse"}}]}},"_links":{"self":[{"href":"https:\/\/orthodoxalbania.org\/2020\/wp-json\/wp\/v2\/posts\/56470","targetHints":{"allow":["GET"]}}],"collection":[{"href":"https:\/\/orthodoxalbania.org\/2020\/wp-json\/wp\/v2\/posts"}],"about":[{"href":"https:\/\/orthodoxalbania.org\/2020\/wp-json\/wp\/v2\/types\/post"}],"author":[{"embeddable":true,"href":"https:\/\/orthodoxalbania.org\/2020\/wp-json\/wp\/v2\/users\/7"}],"replies":[{"embeddable":true,"href":"https:\/\/orthodoxalbania.org\/2020\/wp-json\/wp\/v2\/comments?post=56470"}],"version-history":[{"count":2,"href":"https:\/\/orthodoxalbania.org\/2020\/wp-json\/wp\/v2\/posts\/56470\/revisions"}],"predecessor-version":[{"id":56603,"href":"https:\/\/orthodoxalbania.org\/2020\/wp-json\/wp\/v2\/posts\/56470\/revisions\/56603"}],"wp:featuredmedia":[{"embeddable":true,"href":"https:\/\/orthodoxalbania.org\/2020\/wp-json\/wp\/v2\/media\/56480"}],"wp:attachment":[{"href":"https:\/\/orthodoxalbania.org\/2020\/wp-json\/wp\/v2\/media?parent=56470"}],"wp:term":[{"taxonomy":"category","embeddable":true,"href":"https:\/\/orthodoxalbania.org\/2020\/wp-json\/wp\/v2\/categories?post=56470"},{"taxonomy":"post_tag","embeddable":true,"href":"https:\/\/orthodoxalbania.org\/2020\/wp-json\/wp\/v2\/tags?post=56470"}],"curies":[{"name":"wp","href":"https:\/\/api.w.org\/{rel}","templated":true}]}}