{"id":564,"date":"2013-03-21T12:23:51","date_gmt":"2013-03-21T12:23:51","guid":{"rendered":""},"modified":"2020-04-06T22:05:57","modified_gmt":"2020-04-06T20:05:57","slug":"filloi-viti-i-ri-akademik-ne-shkollen-e-larte-logos","status":"publish","type":"post","link":"https:\/\/orthodoxalbania.org\/2020\/2013\/03\/21\/filloi-viti-i-ri-akademik-ne-shkollen-e-larte-logos\/","title":{"rendered":"Filloi viti i ri akademik n\u00eb shkoll\u00ebn e lart\u00eb \u201cLogos\u201d. (15 Tetor 2012)"},"content":{"rendered":"<div style=\"text-align: justify;\"><span style=\"color: #000000; font-family: helvetica;\"><img class=\"lazyload\" decoding=\"async\" style=\"width: 300px; height: 122px; border-width: 1px; border-style: solid; margin: 10px; float: left;\" alt=\"\" src=\"data:image\/gif;base64,R0lGODlhAQABAAAAACH5BAEKAAEALAAAAAABAAEAAAICTAEAOw==\" data-orig-src=\"https:\/\/lh6.googleusercontent.com\/-CSBxawm0bb0\/UK9HbUyVfAI\/AAAAAAAABLk\/IpPK3XjwbGM\/s640\/faqja 3 logos.jpg\" \/><span style=\"font-size: 12pt;\">&nbsp;&nbsp;&nbsp; Shumica e student\u00ebve q\u00eb kan\u00eb mbaruar jan\u00eb pun\u00ebsuar. Para 12 vjet\u00ebsh me iniciativ\u00ebn dhe kujdesin e Kryepiskopit Anastas u krijua Insti-tuti i Formimit Profesional \u201cFrym\u00eb Dashurie\u201d (n\u00eb Tiran\u00eb, si dhe Gjirokast\u00ebr), ku jan\u00eb p\u00ebrgatitur mbi 1 mij\u00eb student\u00eb. Para dy vje-t\u00ebsh po me nism\u00ebn dhe kujdesin e Prof. Dr. Anastasit filloi funksionimi i shkoll\u00ebs s\u00eb lart\u00eb me emrin \u201cLOGOS\u201d.<\/span><\/span><\/div>\n<div style=\"text-align: justify;\"><span style=\"color: #000000; font-family: helvetica; font-size: 12pt;\"> &nbsp;&nbsp;&nbsp; N\u00eb dat\u00ebn 15 tetor, n\u00eb sall\u00ebn e \u201cLogos\u201d, u b\u00eb \u00e7elja e vitit t\u00eb ri shkollor me nx\u00ebn\u00ebsit e vitit t\u00eb par\u00eb. Regjistrimet kan\u00eb shkuar mbar\u00eb, dhe v\u00ebtm n\u00eb vitin e par\u00eb jan\u00eb regjistruar deri tani rreth 100 student\u00eb t\u00eb rinj dhe \u00e7do dit\u00eb ka k\u00ebrkesa t\u00eb reja. N\u00eb ceremonin\u00eb e rastit atyre u foli rektori, prof. dr. Ilia Telo, i cili i fal\u00ebnderoi q\u00eb kishin zgjedhur k\u00ebt\u00eb shkoll\u00eb. Nd\u00ebr t\u00eb tjera ai tha:<\/span><\/div>\n<div style=\"text-align: justify;\"><span style=\"color: #000000; font-family: helvetica; font-size: 12pt;\"> &nbsp;&nbsp;&nbsp;&nbsp; \u201cKjo \u00ebsht\u00eb nj\u00eb p\u00ebrzgjedhje shum\u00eb e mir\u00eb p\u00ebr k\u00ebto arsye:<\/span><\/div>\n<div style=\"text-align: justify;\"><span style=\"font-family: helvetica; font-size: 12pt;\"><\/span><\/div>\n<div style=\"text-align: justify;\"><span style=\"font-family: helvetica; font-size: 12pt;\"><strong><span style=\"color: #b22222;\">&#8211; 1.<\/span><\/strong><span style=\"color: #000000;\"> Ne kemi nj\u00eb staf akademik t\u00eb kualifikuar dhe t\u00eb p\u00ebrkushtuar: K\u00ebt\u00eb vler\u00ebsim e b\u00ebri dhe ekspertja gjermane, kur u akreditua shkolla jon\u00eb.<\/span><\/span><\/div>\n<div style=\"text-align: justify;\"><span style=\"font-family: helvetica; font-size: 12pt;\"> <strong><span style=\"color: #b22222;\">&#8211; 2.<\/span><\/strong><span style=\"color: #000000;\"> Shkolla jon\u00eb \u00ebsht\u00eb e licencuar dhe akredituar nga organet p\u00ebrkat\u00ebse. N\u00eb korrik t\u00eb k\u00ebtij viti jan\u00eb diplomuar rreth 150 student\u00eb t\u00eb par\u00eb dhe pjesa m\u00eb e madhe jan\u00eb pun\u00ebsuar sipas k\u00ebrkesave t\u00eb tregut t\u00eb pun\u00ebs<\/span><\/span><\/div>\n<div style=\"text-align: justify;\"><span style=\"font-family: helvetica; font-size: 12pt;\"><\/span><\/div>\n<div style=\"text-align: justify;\"><span style=\"font-family: helvetica; font-size: 12pt;\"><strong><span style=\"color: #b22222;\">&#8211; 3.<\/span><\/strong><span style=\"color: #000000;\"> Shkolla jon\u00eb ka ambiente shum\u00eb t\u00eb mira, si auditor\u00eb, laborator\u00eb, pajisje informatike, nj\u00eb bibliotek\u00eb me literatur\u00eb n\u00eb gjuh\u00eb shqipe dhe n\u00eb gjuh\u00eb t\u00eb huaja etj.<\/span><\/span><\/div>\n<div style=\"text-align: justify;\"><span style=\"font-family: helvetica; font-size: 12pt;\"> <strong><span style=\"color: #b22222;\">&#8211; 4.<\/span><\/strong><span style=\"color: #000000;\"> Ajo ka krijuar marr\u00ebdh\u00ebnie bashk\u00ebpunimi si me universitete brenda vendit, po ashtu dhe jasht\u00eb. Vlen t\u00eb p\u00ebrmendet marr\u00ebveshja me Universitetin e Pireut dhe t\u00eb Selanikut, ku p\u00ebrve\u00e7 t\u00eb tjerave parashikohet q\u00eb masteri p\u00ebr student\u00ebt tan\u00eb t\u00eb organizohet bashk\u00ebrisht me k\u00ebto universitete<\/span><\/span><\/div>\n<div style=\"text-align: justify;\"><span style=\"font-family: helvetica; font-size: 12pt;\"> <strong><span style=\"color: #b22222;\">&#8211; 5.<\/span><\/strong><span style=\"color: #000000;\">Shkolla jon\u00eb i p\u00ebrgatit studentet jo vet\u00ebm teorikisht, por dhe praktikisht. Student\u00ebt e Laboratorit mjek\u00ebsor i kryejn\u00eb praktikat n\u00eb labo-rator\u00eb t\u00eb specializuar, nd\u00ebrsa ata t\u00eb ekonomikut n\u00eb nj\u00eb kompani serioze etj<\/span><\/span><\/div>\n<div style=\"text-align: justify;\"><span style=\"font-family: helvetica; font-size: 12pt;\"> <strong><span style=\"color: #b22222;\">&#8211; 6.<\/span><\/strong><span style=\"color: #000000;\">Shkolla jon\u00eb ka tarifa shkollimi t\u00eb arsye-shme dhe m\u00eb t\u00eb ul\u00ebta.<\/span><\/span><\/div>\n<div style=\"text-align: justify;\"><span style=\"color: #000000; font-family: helvetica; font-size: 12pt;\"> &nbsp;&nbsp;&nbsp; Fjala \u201clogos\u201d rrjedh nga greqishtja e vjet\u00ebr dhe ka kuptim studim, analiz\u00eb, k\u00ebrkim: ndaj ne duam t\u00eb p\u00ebrgatisim specialist\u00eb, studiues, analist\u00eb dhe jo vet\u00ebm teknokrat\u00eb t\u00eb thjesht\u00eb.<\/span><\/div>\n<div style=\"text-align: justify;\"><span style=\"color: #000000; font-family: helvetica; font-size: 12pt;\"> &nbsp;&nbsp;&nbsp; Ju duhet t\u00eb studioni sistematikisht. Nga p\u00ebr-voja ime shum\u00ebvje\u00e7are n\u00eb pedagogji ju k\u00ebshilloj q\u00eb gj\u00ebrat q\u00eb m\u00ebsohen shpejt e shpejt harrohen shpejt, nd\u00ebrsa ato q\u00eb studiohen sistematikisht jan\u00eb pron\u00eb e p\u00ebrhershme e njeriut.<\/span><\/div>\n<div style=\"text-align: justify;\"><span style=\"color: #000000; font-family: helvetica; font-size: 12pt;\"> &nbsp;&nbsp;&nbsp; N\u00eb p\u00ebrfundim dua t\u00eb theksoj se ne marrim p\u00ebrsip\u00ebr t\u2019ju p\u00ebrgatisim p\u00ebr jet\u00ebn. Gjithashtu ju t\u00eb m\u00ebsoni mir\u00eb anglishten, se masteri n\u00eb bashk\u00ebpunim me universitet e tjera do jet\u00eb n\u00eb k\u00ebt\u00eb gjuh\u00eb&#8230;<\/span><\/div>\n<div style=\"text-align: justify;\"><span style=\"color: #000000; font-family: helvetica; font-size: 12pt;\"> &nbsp;&nbsp;&nbsp; M\u00eb pas e mori fjal\u00ebn zv.rektorja dhe dekanja e fakultetit Ekonomik, prof. Beatri\u00e7e Pollo, e cila i uroi, por edhe vuri n\u00eb dukjen se \u201cLogos\u201d \u00ebsht\u00eb nj\u00eb shkoll\u00eb me k\u00ebrkesa dhe disiplin\u00eb t\u00eb fort\u00eb.<\/span><\/p>\n<p><span style=\"font-family: helvetica; font-size: 12pt;\"> &nbsp;<\/span><\/div>\n","protected":false},"excerpt":{"rendered":"<p>&nbsp;&nbsp;&nbsp; Shumica e student\u00ebve q\u00eb kan\u00eb mbaruar jan\u00eb pun\u00ebsuar. Para 12 vjet\u00ebsh me iniciativ\u00ebn dhe kujdesin e Kryepiskopit Anastas u krijua Insti-tuti i Formimit Profesional \u201cFrym\u00eb Dashurie\u201d (n\u00eb Tiran\u00eb, si dhe Gjirokast\u00ebr), ku jan\u00eb p\u00ebrgatitur mbi 1 mij\u00eb student\u00eb. Para dy vje-t\u00ebsh po me nism\u00ebn dhe kujdesin e Prof. Dr. Anastasit filloi funksionimi i shkoll\u00ebs s\u00eb lart\u00eb me emrin \u201cLOGOS\u201d. &nbsp;&nbsp;&nbsp; N\u00eb dat\u00ebn 15 tetor,<\/p>\n","protected":false},"author":1,"featured_media":0,"comment_status":"open","ping_status":"open","sticky":false,"template":"","format":"standard","meta":{"_acf_changed":false,"pagelayer_contact_templates":[],"_pagelayer_content":"","inline_featured_image":false,"fifu_image_url":"","fifu_image_alt":"","footnotes":""},"categories":[108],"tags":[142,196,212,195],"class_list":["post-564","post","type-post","status-publish","format-standard","hentry","category-lajme","tag-142","tag-tirane","tag-lajme-d27","tag-universiteti-logos"],"acf":[],"yoast_head":"<!-- This site is optimized with the Yoast SEO plugin v27.2 - https:\/\/yoast.com\/product\/yoast-seo-wordpress\/ -->\n<title>Filloi viti i ri akademik n\u00eb shkoll\u00ebn e lart\u00eb \u201cLogos\u201d. (15 Tetor 2012) - Kisha Orthodh\u03bfkse Autoqefale e Shqip\u00ebris\u00eb<\/title>\n<meta name=\"robots\" content=\"index, follow, max-snippet:-1, max-image-preview:large, max-video-preview:-1\" \/>\n<link rel=\"canonical\" href=\"https:\/\/orthodoxalbania.org\/2020\/2013\/03\/21\/filloi-viti-i-ri-akademik-ne-shkollen-e-larte-logos\/\" \/>\n<meta property=\"og:locale\" content=\"en_US\" \/>\n<meta property=\"og:type\" content=\"article\" \/>\n<meta property=\"og:title\" content=\"Filloi viti i ri akademik n\u00eb shkoll\u00ebn e lart\u00eb \u201cLogos\u201d. (15 Tetor 2012) - Kisha Orthodh\u03bfkse Autoqefale e Shqip\u00ebris\u00eb\" \/>\n<meta property=\"og:description\" content=\"&nbsp;&nbsp;&nbsp; Shumica e student\u00ebve q\u00eb kan\u00eb mbaruar jan\u00eb pun\u00ebsuar. Para 12 vjet\u00ebsh me iniciativ\u00ebn dhe kujdesin e Kryepiskopit Anastas u krijua Insti-tuti i Formimit Profesional \u201cFrym\u00eb Dashurie\u201d (n\u00eb Tiran\u00eb, si dhe Gjirokast\u00ebr), ku jan\u00eb p\u00ebrgatitur mbi 1 mij\u00eb student\u00eb. Para dy vje-t\u00ebsh po me nism\u00ebn dhe kujdesin e Prof. Dr. Anastasit filloi funksionimi i shkoll\u00ebs s\u00eb lart\u00eb me emrin \u201cLOGOS\u201d. &nbsp;&nbsp;&nbsp; N\u00eb dat\u00ebn 15 tetor,\" \/>\n<meta property=\"og:url\" content=\"https:\/\/orthodoxalbania.org\/2020\/2013\/03\/21\/filloi-viti-i-ri-akademik-ne-shkollen-e-larte-logos\/\" \/>\n<meta property=\"og:site_name\" content=\"Kisha Orthodh\u03bfkse Autoqefale e Shqip\u00ebris\u00eb\" \/>\n<meta property=\"article:publisher\" content=\"https:\/\/www.facebook.com\/koash1991\" \/>\n<meta property=\"article:published_time\" content=\"2013-03-21T12:23:51+00:00\" \/>\n<meta property=\"article:modified_time\" content=\"2020-04-06T20:05:57+00:00\" \/>\n<meta property=\"og:image\" content=\"https:\/\/lh6.googleusercontent.com\/-CSBxawm0bb0\/UK9HbUyVfAI\/AAAAAAAABLk\/IpPK3XjwbGM\/s640\/faqja%203%20logos.jpg\" \/>\n<meta name=\"author\" content=\"Kisha Orthodhokse\" \/>\n<meta name=\"twitter:card\" content=\"summary_large_image\" \/>\n<meta name=\"twitter:label1\" content=\"Written by\" \/>\n\t<meta name=\"twitter:data1\" content=\"Kisha Orthodhokse\" \/>\n\t<meta name=\"twitter:label2\" content=\"Est. reading time\" \/>\n\t<meta name=\"twitter:data2\" content=\"3 minutes\" \/>\n<script type=\"application\/ld+json\" class=\"yoast-schema-graph\">{\"@context\":\"https:\/\/schema.org\",\"@graph\":[{\"@type\":\"Article\",\"@id\":\"https:\/\/orthodoxalbania.org\/2020\/2013\/03\/21\/filloi-viti-i-ri-akademik-ne-shkollen-e-larte-logos\/#article\",\"isPartOf\":{\"@id\":\"https:\/\/orthodoxalbania.org\/2020\/2013\/03\/21\/filloi-viti-i-ri-akademik-ne-shkollen-e-larte-logos\/\"},\"author\":{\"name\":\"Kisha Orthodhokse\",\"@id\":\"https:\/\/orthodoxalbania.org\/2020\/#\/schema\/person\/0c387634a7063ac612d7ed9ce71c7e86\"},\"headline\":\"Filloi viti i ri akademik n\u00eb shkoll\u00ebn e lart\u00eb \u201cLogos\u201d. (15 Tetor 2012)\",\"datePublished\":\"2013-03-21T12:23:51+00:00\",\"dateModified\":\"2020-04-06T20:05:57+00:00\",\"mainEntityOfPage\":{\"@id\":\"https:\/\/orthodoxalbania.org\/2020\/2013\/03\/21\/filloi-viti-i-ri-akademik-ne-shkollen-e-larte-logos\/\"},\"wordCount\":543,\"commentCount\":0,\"publisher\":{\"@id\":\"https:\/\/orthodoxalbania.org\/2020\/#organization\"},\"keywords\":[\"2012\",\"Kryepiskopata Tiran\u00eb\",\"lajme\",\"Universiteti \\\"Logos\\\"\"],\"articleSection\":[\"Lajme\"],\"inLanguage\":\"en-US\"},{\"@type\":\"WebPage\",\"@id\":\"https:\/\/orthodoxalbania.org\/2020\/2013\/03\/21\/filloi-viti-i-ri-akademik-ne-shkollen-e-larte-logos\/\",\"url\":\"https:\/\/orthodoxalbania.org\/2020\/2013\/03\/21\/filloi-viti-i-ri-akademik-ne-shkollen-e-larte-logos\/\",\"name\":\"Filloi viti i ri akademik n\u00eb shkoll\u00ebn e lart\u00eb \u201cLogos\u201d. (15 Tetor 2012) - Kisha Orthodh\u03bfkse Autoqefale e Shqip\u00ebris\u00eb\",\"isPartOf\":{\"@id\":\"https:\/\/orthodoxalbania.org\/2020\/#website\"},\"datePublished\":\"2013-03-21T12:23:51+00:00\",\"dateModified\":\"2020-04-06T20:05:57+00:00\",\"breadcrumb\":{\"@id\":\"https:\/\/orthodoxalbania.org\/2020\/2013\/03\/21\/filloi-viti-i-ri-akademik-ne-shkollen-e-larte-logos\/#breadcrumb\"},\"inLanguage\":\"en-US\",\"potentialAction\":[{\"@type\":\"ReadAction\",\"target\":[\"https:\/\/orthodoxalbania.org\/2020\/2013\/03\/21\/filloi-viti-i-ri-akademik-ne-shkollen-e-larte-logos\/\"]}]},{\"@type\":\"BreadcrumbList\",\"@id\":\"https:\/\/orthodoxalbania.org\/2020\/2013\/03\/21\/filloi-viti-i-ri-akademik-ne-shkollen-e-larte-logos\/#breadcrumb\",\"itemListElement\":[{\"@type\":\"ListItem\",\"position\":1,\"name\":\"Home\",\"item\":\"https:\/\/orthodoxalbania.org\/2020\/\"},{\"@type\":\"ListItem\",\"position\":2,\"name\":\"Filloi viti i ri akademik n\u00eb shkoll\u00ebn e lart\u00eb \u201cLogos\u201d. (15 Tetor 2012)\"}]},{\"@type\":\"WebSite\",\"@id\":\"https:\/\/orthodoxalbania.org\/2020\/#website\",\"url\":\"https:\/\/orthodoxalbania.org\/2020\/\",\"name\":\"Kisha Orthodh\u03bfkse Autoqefale e Shqip\u00ebris\u00eb\",\"description\":\"Fqja Zyrtare e Kish\u00ebs Orthodhokse Autoqefale e Shqip\u00ebris\u00eb me lajmet edhe informacionet zyrtare p\u00ebr struktur\u00ebn edhe veprimtarin e saj.\",\"publisher\":{\"@id\":\"https:\/\/orthodoxalbania.org\/2020\/#organization\"},\"potentialAction\":[{\"@type\":\"SearchAction\",\"target\":{\"@type\":\"EntryPoint\",\"urlTemplate\":\"https:\/\/orthodoxalbania.org\/2020\/?s={search_term_string}\"},\"query-input\":{\"@type\":\"PropertyValueSpecification\",\"valueRequired\":true,\"valueName\":\"search_term_string\"}}],\"inLanguage\":\"en-US\"},{\"@type\":\"Organization\",\"@id\":\"https:\/\/orthodoxalbania.org\/2020\/#organization\",\"name\":\"Kisha Orthodhokse Autoqefale e Shqip\u00ebris\u00eb\",\"url\":\"https:\/\/orthodoxalbania.org\/2020\/\",\"logo\":{\"@type\":\"ImageObject\",\"inLanguage\":\"en-US\",\"@id\":\"https:\/\/orthodoxalbania.org\/2020\/#\/schema\/logo\/image\/\",\"url\":\"https:\/\/orthodoxalbania.org\/2020\/wp-content\/uploads\/2020\/05\/albania.jpeg\",\"contentUrl\":\"https:\/\/orthodoxalbania.org\/2020\/wp-content\/uploads\/2020\/05\/albania.jpeg\",\"width\":540,\"height\":540,\"caption\":\"Kisha Orthodhokse Autoqefale e Shqip\u00ebris\u00eb\"},\"image\":{\"@id\":\"https:\/\/orthodoxalbania.org\/2020\/#\/schema\/logo\/image\/\"},\"sameAs\":[\"https:\/\/www.facebook.com\/koash1991\"]},{\"@type\":\"Person\",\"@id\":\"https:\/\/orthodoxalbania.org\/2020\/#\/schema\/person\/0c387634a7063ac612d7ed9ce71c7e86\",\"name\":\"Kisha Orthodhokse\",\"image\":{\"@type\":\"ImageObject\",\"inLanguage\":\"en-US\",\"@id\":\"https:\/\/secure.gravatar.com\/avatar\/596e7c417251e30f2fbb9c00e026fce61a695a00e51c889caded71c96cbbdde5?s=96&d=mm&r=g\",\"url\":\"https:\/\/secure.gravatar.com\/avatar\/596e7c417251e30f2fbb9c00e026fce61a695a00e51c889caded71c96cbbdde5?s=96&d=mm&r=g\",\"contentUrl\":\"https:\/\/secure.gravatar.com\/avatar\/596e7c417251e30f2fbb9c00e026fce61a695a00e51c889caded71c96cbbdde5?s=96&d=mm&r=g\",\"caption\":\"Kisha Orthodhokse\"}}]}<\/script>\n<!-- \/ Yoast SEO plugin. -->","yoast_head_json":{"title":"Filloi viti i ri akademik n\u00eb shkoll\u00ebn e lart\u00eb \u201cLogos\u201d. (15 Tetor 2012) - Kisha Orthodh\u03bfkse Autoqefale e Shqip\u00ebris\u00eb","robots":{"index":"index","follow":"follow","max-snippet":"max-snippet:-1","max-image-preview":"max-image-preview:large","max-video-preview":"max-video-preview:-1"},"canonical":"https:\/\/orthodoxalbania.org\/2020\/2013\/03\/21\/filloi-viti-i-ri-akademik-ne-shkollen-e-larte-logos\/","og_locale":"en_US","og_type":"article","og_title":"Filloi viti i ri akademik n\u00eb shkoll\u00ebn e lart\u00eb \u201cLogos\u201d. (15 Tetor 2012) - Kisha Orthodh\u03bfkse Autoqefale e Shqip\u00ebris\u00eb","og_description":"&nbsp;&nbsp;&nbsp; Shumica e student\u00ebve q\u00eb kan\u00eb mbaruar jan\u00eb pun\u00ebsuar. Para 12 vjet\u00ebsh me iniciativ\u00ebn dhe kujdesin e Kryepiskopit Anastas u krijua Insti-tuti i Formimit Profesional \u201cFrym\u00eb Dashurie\u201d (n\u00eb Tiran\u00eb, si dhe Gjirokast\u00ebr), ku jan\u00eb p\u00ebrgatitur mbi 1 mij\u00eb student\u00eb. Para dy vje-t\u00ebsh po me nism\u00ebn dhe kujdesin e Prof. Dr. Anastasit filloi funksionimi i shkoll\u00ebs s\u00eb lart\u00eb me emrin \u201cLOGOS\u201d. &nbsp;&nbsp;&nbsp; N\u00eb dat\u00ebn 15 tetor,","og_url":"https:\/\/orthodoxalbania.org\/2020\/2013\/03\/21\/filloi-viti-i-ri-akademik-ne-shkollen-e-larte-logos\/","og_site_name":"Kisha Orthodh\u03bfkse Autoqefale e Shqip\u00ebris\u00eb","article_publisher":"https:\/\/www.facebook.com\/koash1991","article_published_time":"2013-03-21T12:23:51+00:00","article_modified_time":"2020-04-06T20:05:57+00:00","og_image":[{"url":"https:\/\/lh6.googleusercontent.com\/-CSBxawm0bb0\/UK9HbUyVfAI\/AAAAAAAABLk\/IpPK3XjwbGM\/s640\/faqja 3 logos.jpg","type":"","width":"","height":""}],"author":"Kisha Orthodhokse","twitter_card":"summary_large_image","twitter_misc":{"Written by":"Kisha Orthodhokse","Est. reading time":"3 minutes"},"schema":{"@context":"https:\/\/schema.org","@graph":[{"@type":"Article","@id":"https:\/\/orthodoxalbania.org\/2020\/2013\/03\/21\/filloi-viti-i-ri-akademik-ne-shkollen-e-larte-logos\/#article","isPartOf":{"@id":"https:\/\/orthodoxalbania.org\/2020\/2013\/03\/21\/filloi-viti-i-ri-akademik-ne-shkollen-e-larte-logos\/"},"author":{"name":"Kisha Orthodhokse","@id":"https:\/\/orthodoxalbania.org\/2020\/#\/schema\/person\/0c387634a7063ac612d7ed9ce71c7e86"},"headline":"Filloi viti i ri akademik n\u00eb shkoll\u00ebn e lart\u00eb \u201cLogos\u201d. (15 Tetor 2012)","datePublished":"2013-03-21T12:23:51+00:00","dateModified":"2020-04-06T20:05:57+00:00","mainEntityOfPage":{"@id":"https:\/\/orthodoxalbania.org\/2020\/2013\/03\/21\/filloi-viti-i-ri-akademik-ne-shkollen-e-larte-logos\/"},"wordCount":543,"commentCount":0,"publisher":{"@id":"https:\/\/orthodoxalbania.org\/2020\/#organization"},"keywords":["2012","Kryepiskopata Tiran\u00eb","lajme","Universiteti \"Logos\""],"articleSection":["Lajme"],"inLanguage":"en-US"},{"@type":"WebPage","@id":"https:\/\/orthodoxalbania.org\/2020\/2013\/03\/21\/filloi-viti-i-ri-akademik-ne-shkollen-e-larte-logos\/","url":"https:\/\/orthodoxalbania.org\/2020\/2013\/03\/21\/filloi-viti-i-ri-akademik-ne-shkollen-e-larte-logos\/","name":"Filloi viti i ri akademik n\u00eb shkoll\u00ebn e lart\u00eb \u201cLogos\u201d. (15 Tetor 2012) - Kisha Orthodh\u03bfkse Autoqefale e Shqip\u00ebris\u00eb","isPartOf":{"@id":"https:\/\/orthodoxalbania.org\/2020\/#website"},"datePublished":"2013-03-21T12:23:51+00:00","dateModified":"2020-04-06T20:05:57+00:00","breadcrumb":{"@id":"https:\/\/orthodoxalbania.org\/2020\/2013\/03\/21\/filloi-viti-i-ri-akademik-ne-shkollen-e-larte-logos\/#breadcrumb"},"inLanguage":"en-US","potentialAction":[{"@type":"ReadAction","target":["https:\/\/orthodoxalbania.org\/2020\/2013\/03\/21\/filloi-viti-i-ri-akademik-ne-shkollen-e-larte-logos\/"]}]},{"@type":"BreadcrumbList","@id":"https:\/\/orthodoxalbania.org\/2020\/2013\/03\/21\/filloi-viti-i-ri-akademik-ne-shkollen-e-larte-logos\/#breadcrumb","itemListElement":[{"@type":"ListItem","position":1,"name":"Home","item":"https:\/\/orthodoxalbania.org\/2020\/"},{"@type":"ListItem","position":2,"name":"Filloi viti i ri akademik n\u00eb shkoll\u00ebn e lart\u00eb \u201cLogos\u201d. (15 Tetor 2012)"}]},{"@type":"WebSite","@id":"https:\/\/orthodoxalbania.org\/2020\/#website","url":"https:\/\/orthodoxalbania.org\/2020\/","name":"Kisha Orthodh\u03bfkse Autoqefale e Shqip\u00ebris\u00eb","description":"Fqja Zyrtare e Kish\u00ebs Orthodhokse Autoqefale e Shqip\u00ebris\u00eb me lajmet edhe informacionet zyrtare p\u00ebr struktur\u00ebn edhe veprimtarin e saj.","publisher":{"@id":"https:\/\/orthodoxalbania.org\/2020\/#organization"},"potentialAction":[{"@type":"SearchAction","target":{"@type":"EntryPoint","urlTemplate":"https:\/\/orthodoxalbania.org\/2020\/?s={search_term_string}"},"query-input":{"@type":"PropertyValueSpecification","valueRequired":true,"valueName":"search_term_string"}}],"inLanguage":"en-US"},{"@type":"Organization","@id":"https:\/\/orthodoxalbania.org\/2020\/#organization","name":"Kisha Orthodhokse Autoqefale e Shqip\u00ebris\u00eb","url":"https:\/\/orthodoxalbania.org\/2020\/","logo":{"@type":"ImageObject","inLanguage":"en-US","@id":"https:\/\/orthodoxalbania.org\/2020\/#\/schema\/logo\/image\/","url":"https:\/\/orthodoxalbania.org\/2020\/wp-content\/uploads\/2020\/05\/albania.jpeg","contentUrl":"https:\/\/orthodoxalbania.org\/2020\/wp-content\/uploads\/2020\/05\/albania.jpeg","width":540,"height":540,"caption":"Kisha Orthodhokse Autoqefale e Shqip\u00ebris\u00eb"},"image":{"@id":"https:\/\/orthodoxalbania.org\/2020\/#\/schema\/logo\/image\/"},"sameAs":["https:\/\/www.facebook.com\/koash1991"]},{"@type":"Person","@id":"https:\/\/orthodoxalbania.org\/2020\/#\/schema\/person\/0c387634a7063ac612d7ed9ce71c7e86","name":"Kisha Orthodhokse","image":{"@type":"ImageObject","inLanguage":"en-US","@id":"https:\/\/secure.gravatar.com\/avatar\/596e7c417251e30f2fbb9c00e026fce61a695a00e51c889caded71c96cbbdde5?s=96&d=mm&r=g","url":"https:\/\/secure.gravatar.com\/avatar\/596e7c417251e30f2fbb9c00e026fce61a695a00e51c889caded71c96cbbdde5?s=96&d=mm&r=g","contentUrl":"https:\/\/secure.gravatar.com\/avatar\/596e7c417251e30f2fbb9c00e026fce61a695a00e51c889caded71c96cbbdde5?s=96&d=mm&r=g","caption":"Kisha Orthodhokse"}}]}},"_links":{"self":[{"href":"https:\/\/orthodoxalbania.org\/2020\/wp-json\/wp\/v2\/posts\/564","targetHints":{"allow":["GET"]}}],"collection":[{"href":"https:\/\/orthodoxalbania.org\/2020\/wp-json\/wp\/v2\/posts"}],"about":[{"href":"https:\/\/orthodoxalbania.org\/2020\/wp-json\/wp\/v2\/types\/post"}],"author":[{"embeddable":true,"href":"https:\/\/orthodoxalbania.org\/2020\/wp-json\/wp\/v2\/users\/1"}],"replies":[{"embeddable":true,"href":"https:\/\/orthodoxalbania.org\/2020\/wp-json\/wp\/v2\/comments?post=564"}],"version-history":[{"count":1,"href":"https:\/\/orthodoxalbania.org\/2020\/wp-json\/wp\/v2\/posts\/564\/revisions"}],"predecessor-version":[{"id":15288,"href":"https:\/\/orthodoxalbania.org\/2020\/wp-json\/wp\/v2\/posts\/564\/revisions\/15288"}],"wp:attachment":[{"href":"https:\/\/orthodoxalbania.org\/2020\/wp-json\/wp\/v2\/media?parent=564"}],"wp:term":[{"taxonomy":"category","embeddable":true,"href":"https:\/\/orthodoxalbania.org\/2020\/wp-json\/wp\/v2\/categories?post=564"},{"taxonomy":"post_tag","embeddable":true,"href":"https:\/\/orthodoxalbania.org\/2020\/wp-json\/wp\/v2\/tags?post=564"}],"curies":[{"name":"wp","href":"https:\/\/api.w.org\/{rel}","templated":true}]}}