{"id":56384,"date":"2021-11-07T20:58:49","date_gmt":"2021-11-07T19:58:49","guid":{"rendered":"https:\/\/orthodoxalbania.org\/2020\/?p=56384"},"modified":"2021-11-07T20:58:49","modified_gmt":"2021-11-07T19:58:49","slug":"e-diela-vii-e-llukait-krishti-perikja-dhe-fuqia-jone-nga-mitropoliti-i-beratit-vlores-kanines-h-ignati-07-11-2021-tekst","status":"publish","type":"post","link":"https:\/\/orthodoxalbania.org\/2020\/2021\/11\/07\/e-diela-vii-e-llukait-krishti-perikja-dhe-fuqia-jone-nga-mitropoliti-i-beratit-vlores-kanines-h-ignati-07-11-2021-tekst\/","title":{"rendered":"E Diela VII e Llukait, Krishti p\u00ebrikja dhe fuqia jon\u00eb, nga Mitropoliti i Beratit, Vlor\u00ebs &#038; Kanin\u00ebs, H. Ignati, 07.11.2021 (Tekst)"},"content":{"rendered":"<p style=\"text-align: justify;\">\n<h4 style=\"text-align: center;\"><span class=\"ez-toc-section\" id=\"E_Diela_VII_e_Llukait_Krishti_perikja_dhe_fuqia_jone_nga_Mitropoliti_i_Beratit_Vlores_Kanines_H_Ignati_07112021\"><\/span><strong>E Diela VII e Llukait, Krishti p\u00ebrikja dhe fuqia jon\u00eb, nga Mitropoliti i Beratit, Vlor\u00ebs &amp; Kanin\u00ebs, H. Ignati, 07.11.2021<\/strong><span class=\"ez-toc-section-end\"><\/span><\/h4>\n<p>&nbsp;<\/p>\n<p style=\"text-align: justify;\"><em>\u201cGuxim, bij\u00eb, besimi yt t\u00eb shp\u00ebtoi\u201d (v.48)<\/em><br \/>\n<em>\u201cMos ki frik\u00eb; ve\u00e7 beso, dhe do t\u00eb shp\u00ebtoj\u00eb\u201d (v.50)<\/em><\/p>\n<p style=\"text-align: justify;\">Ungjillori i hirsh\u00ebm Lluka paraqet dy ngjarje didaktike, p\u00ebr ne t\u00eb krishter\u00ebt e sot\u00ebm, ve\u00e7an\u00ebrisht n\u00eb \u00e7\u00ebshtjen e besimit q\u00eb duhet t\u00eb kemi ndaj Per\u00ebndis\u00eb, dhe guximit q\u00eb duhet t\u00eb na karakterizoj\u00eb. Ndaj gruas me hemorragji, e cila u sh\u00ebrua sapo preku me bes\u00eb rrob\u00ebn e Krishtit, Zoti tha: \u201cGuxim, bij\u00eb, besimi yt t\u00eb shp\u00ebtoi; shko n\u00eb paqe\u201d. Dhe, ndaj kryetarit shpres\u00ebtar\u00eb t\u00eb sinagog\u00ebs, t\u00eb cilin e lajm\u00ebruan se vajza e tij kishte vdekur, p\u00ebr sh\u00ebrimin e s\u00eb cil\u00ebs i ishte lutur Zotit, \u00c7lirimtari Per\u00ebndi-njeri tha: \u201cMos ki frik\u00eb; ve\u00e7 beso\u201d.<\/p>\n<h4 style=\"text-align: center;\"><span class=\"ez-toc-section\" id=\"i\"><\/span><strong>* * *<\/strong><span class=\"ez-toc-section-end\"><\/span><\/h4>\n<p style=\"text-align: justify;\">E para, gruaja me hemorragji, vuante nga nj\u00eb gjakrrjedhje e vazhdueshme, p\u00ebr dymb\u00ebdhjet\u00eb vite t\u00eb t\u00ebra. E mjera! Rrezikonte t\u00eb vdiste! Ku nuk vrapoi! N\u00eb sa mjek\u00eb u vizitua! Sa ila\u00e7e p\u00ebrdori! Shpenzoi gjith\u00eb pasurin\u00eb e saj tek ata, por asnj\u00eb p\u00ebrmir\u00ebsim. Gjithandej d\u00ebshp\u00ebrim dhe zhg\u00ebnjim. Vet\u00ebm nj\u00eb gj\u00eb i mbeti p\u00ebr t\u2019i dh\u00ebn\u00eb fund mundimeve t\u00eb saj; vdekja, vet\u00ebm ajo!<\/p>\n<p style=\"text-align: justify;\">Atje ku po ecte, Krishti q\u00ebndroi dhe tha: -Kush qe ai q\u00eb m\u00eb preku? Ajo ishte nj\u00eb pyetje e papritur. Prandaj edhe Pjetri, spontan si gjithmon\u00eb, duke shpjeguar edhe habin\u00eb e t\u00eb tjer\u00ebve, tha: -M\u00ebsues, turmat po t\u00eb rrethojn\u00eb e po t\u00eb shtyjn\u00eb, dhe ti thua: \u201cKush qe ai q\u00eb m\u00eb preku? Kjo ishte p\u00ebrgjigjja m\u00eb e natyrshme, por jo shpjegimi p\u00ebr at\u00eb \u00e7far\u00eb po ndodhte. Prandaj edhe Jisui p\u00ebrs\u00ebrit: -Dikush m\u00eb preku, sepse un\u00eb mora vesh se nj\u00eb fuqi doli prej meje. Fjala e Jisuit ishte e qart\u00eb dhe e padiskutueshme. Dhe gruaja pa se nuk mund t\u00eb fshihej. Erdhi, pra, duke u dridhur, dhe i ra nd\u00ebr k\u00ebmb\u00eb, e i rr\u00ebfeu para gjith\u00eb popullit p\u00ebr \u00e7far\u00eb pune e preku, dhe si u sh\u00ebrua menj\u00ebher\u00eb. At\u00ebher\u00eb Jisui i tha: -Guxim, bij\u00eb, besimi yt t\u00eb shp\u00ebtoi; shko n\u00eb paqe.<\/p>\n<h4 style=\"text-align: center;\"><span class=\"ez-toc-section\" id=\"i-2\"><\/span><strong>* * *<\/strong><span class=\"ez-toc-section-end\"><\/span><\/h4>\n<p style=\"text-align: justify;\">Shum\u00eb v\u00ebrtiten rreth Krishtit, por jo t\u00eb gjith\u00eb p\u00ebrfitojn\u00eb, sepse nuk i afrohen t\u00eb gjith\u00eb si gruaja me hemorragji. Nuk i afrohen me bes\u00eb dhe p\u00ebrul\u00ebsi. Disa i afrohen Krishtit p\u00ebr interesin e tyre material, tregtar, profesional, politik apo t\u00eb ngjash\u00ebm me k\u00ebto. T\u00eb tjer\u00eb i afrohen nga zakoni, sepse k\u00ebshtu u than\u00eb prind\u00ebrit dhe m\u00ebsuesit e tyre. Ndjekin masat e njer\u00ebzve, pa asnj\u00eb ndjenj\u00eb p\u00ebrgjegj\u00ebsie. Ku shkojn\u00eb t\u00eb tjer\u00ebt shkojn\u00eb edhe ata. Disa t\u00eb tjer\u00eb i afrohen Krishtit me thell\u00ebsi, me fuqi, me bes\u00eb, me nd\u00ebrgjegjen e ecjes p\u00ebr tu kryq\u00ebzuar. I afrohen me vendimin p\u00ebr t\u00eb sakrifikuar, madje, edhe jet\u00ebn e tyre p\u00ebr Krishtin. Dhe t\u00eb fundit jan\u00eb t\u00eb krishter\u00ebt e nd\u00ebrgjegjsh\u00ebm, t\u00eb cil\u00ebt marrin fuqin\u00eb, q\u00eb del nga Trupi dhe Gjaku i t\u00ebr\u00ebshenjt\u00eb i Krishtit. Ata kan\u00eb lidhje t\u00eb sakta me Krishtin.<\/p>\n<p style=\"text-align: justify;\">N\u00ebse besojm\u00eb n\u00eb fuqin\u00eb e lidhjeve tona me Krishtin, q\u00eb shprehen n\u00ebp\u00ebrmjet mistereve t\u00eb Kish\u00ebs son\u00eb, do t\u00eb kishim nj\u00eb p\u00ebrballim krejt\u00ebsisht t\u00eb ndrysh\u00ebm t\u00eb s\u00ebmundjeve dhe vdekjes son\u00eb. Krishti \u00ebsht\u00eb jeta jon\u00eb dhe ngjallja jon\u00eb. Krishti nuk \u00ebsht\u00eb teori, \u00ebsht\u00eb vep\u00ebr. Prandaj duhet q\u00eb, n\u00eb \u00e7do v\u00ebshtir\u00ebsi, t\u00eb k\u00ebrkojm\u00eb nxeht\u00ebsisht ndihm\u00ebn e tij. Do t\u00eb na e jap\u00eb. Ai vazhdimisht d\u00ebshiron t\u00eb na ndihmoj\u00eb. Ashtu si\u00e7 ishte i gatsh\u00ebm p\u00ebr t\u2019iu p\u00ebrgjigjur k\u00ebrkes\u00ebs s\u00eb kryetarit shpres\u00ebtar\u00eb t\u00eb sinagog\u00ebs, Jairit.<\/p>\n<h4 style=\"text-align: center;\"><span class=\"ez-toc-section\" id=\"i-3\"><\/span><strong>* * *<\/strong><span class=\"ez-toc-section-end\"><\/span><\/h4>\n<p style=\"text-align: justify;\">Gruaja, si \u00e7mim t\u00eb bes\u00ebs s\u00eb saj te Krishti, mori sh\u00ebrimin. Pushoi hemorragjia e saj dhe shkoi me paqe. Kurse Jairi, kryetari i sinagog\u00ebs, n\u00eb t\u00eb nj\u00ebjt\u00ebn pjes\u00eb ungjillore, shqet\u00ebsohet. N\u00eb momentin kur Zoti bashk\u00ebbisedon me t\u00eb mjer\u00ebn, dhe e sh\u00ebron m\u00eb pas at\u00eb grua, vajza e tij dha shpirt. Sa ishte gati p\u00ebr t\u00eb vdekur, Zoti ndoshta do t\u00eb mundte ta sh\u00ebronte. Tani q\u00eb vdiq, kush mund ta ngall\u00eb? Por, n\u00ebse nuk kryhet m\u00eb par\u00eb mrekullia e besimit brenda n\u00eb shpirt, nuk pason ngjallja. Kryetari i sinagog\u00ebs, Jairi, ka nevoj\u00eb p\u00ebr t\u2019u forcuar n\u00eb bes\u00eb. Megjithat\u00eb, njer\u00ebzit rreth tij nuk besojn\u00eb aspak. Ironizojn\u00eb, dyshojn\u00eb dhe p\u00ebrqeshin Zotin, kur u tha se vajza po fle. Thon\u00eb se t\u00eb vdekurit jan\u00eb t\u00eb vdekur dhe asnj\u00eb nuk kthen p\u00ebrs\u00ebri n\u00eb jet\u00eb!<\/p>\n<p style=\"text-align: justify;\">K\u00ebshtu, t\u00eb gjith\u00eb ata mbeten jasht\u00eb mrekullis\u00eb. Zoti i nxori jasht\u00eb dhom\u00ebs s\u00eb vajz\u00ebs s\u00eb vdekur. Dhe ato q\u00eb pasojn\u00eb jan\u00eb t\u00eb njohura nga pjesa q\u00eb d\u00ebgjuam sot. Zoti e kapi vajz\u00ebn e vdekur prej dore dhe i dha jet\u00eb. E vdekura ngjallet dhe prind\u00ebrit e kan\u00eb para tyre t\u00eb gjall\u00eb! Mrekulli e madhe! I detyrohet bes\u00ebs! Bes\u00ebs s\u00eb prind\u00ebrve t\u00eb vajz\u00ebs.<\/p>\n<h4 style=\"text-align: center;\"><span class=\"ez-toc-section\" id=\"i-4\"><\/span><strong>* * *<\/strong><span class=\"ez-toc-section-end\"><\/span><\/h4>\n<p style=\"text-align: justify;\">Njer\u00ebzit, meqen\u00ebse ndihen t\u00eb pafuqish\u00ebm, k\u00ebrkojn\u00eb mrekulli. Prandaj edhe shum\u00eb prej tyre rendin pas \u00e7do lloj mrekullib\u00ebr\u00ebsi. Por, d\u00ebgjojm\u00eb mrekullin\u00eb e madhe, nga e cila varet besimi dhe lutja jon\u00eb tek personi i Krishtit Per\u00ebndi-njeri. Bes\u00ebn te Zoti Per\u00ebndi-njeri e ushqen dhe e kultivon misteri i hirsh\u00ebm. Misteri i shnd\u00ebrrimit hyjnor. Atje ku kthehet buka n\u00eb Trup t\u00eb t\u00ebr\u00ebshenjt\u00eb t\u00eb Krishtit, vera n\u00eb Gjakun e nderuar t\u00eb Krishtit dhe m\u00ebkatar\u00ebt e penduar shnd\u00ebrrohen n\u00eb shenjtor\u00eb. Besa tek Krishti \u00ebsht\u00eb fuqi reformuese, krijuese. Prandaj dhe aq njer\u00ebz t\u00eb pafuqish\u00ebm, t\u00eb s\u00ebmur\u00eb, t\u00eb gjymtuar, duke ndier\u00eb at\u00eb fuqi krijuese t\u00eb bes\u00ebs, ashtu si gruaja e s\u00ebmur\u00eb dhe kryetari i sinagog\u00ebs, Jairi, vrapuan t\u00eb mbushur me shpres\u00eb n\u00eb burimin mistik t\u00eb fuqis\u00eb bamir\u00ebse, Zoti Krisht, ashtu si\u00e7 p\u00ebrmend n\u00eb m\u00ebnyr\u00eb karakteristike Ungjillori: \u201cgjith\u00eb turma k\u00ebrkonin ta preknin; sepse dilte fuqi prej tij, dhe i sh\u00ebronte t\u00eb gjith\u00eb\u201d (Lluka 6:19).<\/p>\n<h4 style=\"text-align: center;\"><span class=\"ez-toc-section\" id=\"i-5\"><\/span><strong>* * *<\/strong><span class=\"ez-toc-section-end\"><\/span><\/h4>\n<p style=\"text-align: justify;\">Krishti, me fuqin\u00eb e tij krijuese, nuk formoi dhe ndri\u00e7oi err\u00ebsir\u00ebn dhe kaosin e bot\u00ebs natyrore, por me fuqin\u00eb e Tij reformuese, ndri\u00e7oi edhe kaosin moral dhe err\u00ebsir\u00ebn shpirt\u00ebrore, q\u00eb zot\u00ebronte pas shkeljes, n\u00eb shpirtrat e njer\u00ebzve. Me fuqin\u00eb e tij realizoi nj\u00eb krijes\u00eb t\u00eb dyt\u00eb, rikrijimin e njer\u00ebzimit. Tek njer\u00ebzit \u201cq\u00eb rrinin n\u00eb err\u00ebsir\u00eb\u201d (Mateu 4:16), solli n\u00eb epok\u00eb t\u00eb re. Epok\u00ebn e s\u00eb v\u00ebrtet\u00ebs dhe t\u00eb hirit.<\/p>\n<p style=\"text-align: justify;\">Dhe, me t\u00eb v\u00ebrtet\u00eb. Fuqia e s\u00eb v\u00ebrtet\u00ebs -fjala e Per\u00ebndis\u00eb- dhe e hirit -misteret e Kish\u00ebs- rip\u00ebrt\u00ebrin dhe transformon gjith\u00eb qenien e njeriut. Hyn n\u00eb thell\u00ebsin\u00eb e tij, th\u00ebrrmon zinxhir\u00ebt e pasioneve dhe \u00e7liron m\u00ebkatarin e lidhur. \u00cbsht\u00eb ajo m\u00ebnyr\u00eb mistike, me t\u00eb cil\u00ebn fuqia e Krishtit b\u00ebn mrekullit\u00eb e m\u00ebdha dhe t\u00eb jasht\u00ebzakonshme t\u00eb rip\u00ebrt\u00ebritjes morale dhe transformimit t\u00eb njer\u00ebzve. K\u00ebshtu rob\u00ebrit e m\u00ebkatit \u00e7lirohen. Taksambledh\u00ebsit dhe m\u00ebkatar\u00ebt b\u00ebhen shenjtor\u00eb. P\u00ebrndjek\u00ebsit dhe xhelat\u00ebt, martir\u00eb t\u00eb bes\u00ebs. Dhe t\u00eb gjith\u00eb ata d\u00ebshmojn\u00eb se transformimin e tyre ia detyrojn\u00eb Atij q\u00eb tha: \u201cJa, t\u00eb gjitha po i b\u00ebj t\u00eb reja\u201d (Zbulesa 21:5).<\/p>\n<h4 style=\"text-align: center;\"><span class=\"ez-toc-section\" id=\"i-6\"><\/span><strong>* * *<\/strong><span class=\"ez-toc-section-end\"><\/span><\/h4>\n<p style=\"text-align: justify;\">V\u00ebllez\u00ebrit e mi t\u00eb dashur m\u00eb Krishtin.<\/p>\n<p style=\"text-align: justify;\">Pik\u00ebllimet, s\u00ebmundjet dhe vdekja, sigurisht, nuk jan\u00eb t\u00eb k\u00ebnaqshme. Por tregohen t\u00eb dobishme, n\u00ebse i pranojm\u00eb me durim, me p\u00ebrul\u00ebsi dhe me prirje mir\u00ebnjoh\u00ebse. Q\u00eb ta arrijm\u00eb k\u00ebt\u00eb, le ta kthejm\u00eb shikimin ton\u00eb, me bes\u00eb t\u00eb nxeht\u00eb, drejt Zotit ton\u00eb t\u00eb Kryq\u00ebzuar dhe t\u00eb Ngjallur. Le t\u00eb marrim m\u00ebsime nga Ai, i cili, megjith\u00ebse ishte i pam\u00ebkatsh\u00ebm, u mundua dhe vuajti kaq shum\u00eb p\u00ebr ne. Nga Zoti i Kryq\u00ebzuar dhe i Ngjallur, do t\u00eb marrim fuqi dhe ndihm\u00eb: Kryqi i pik\u00ebllimeve tona do t\u00eb b\u00ebhet m\u00eb i leht\u00eb dhe dhimbja jon\u00eb m\u00eb e but\u00eb. Dhe, at\u00ebher\u00eb, frytet do t\u00eb jen\u00eb t\u00eb shumta! U B\u00ebft\u00eb!<\/p>\n<p style=\"text-align: justify;\">\n<p style=\"text-align: right;\"><em>ME URIME T\u00cb P\u00cbRZEM\u00cbRTA DHE BEKIME T\u00cb SHUMTA:<\/em><br \/>\n<em>MITROPOLITI I BERATIT, VLOR\u00cbS DHE KANIN\u00cbS<\/em><br \/>\n<em>\u2020 IGNATI<\/em><\/p>\n<p style=\"text-align: justify;\">\n","protected":false},"excerpt":{"rendered":"<p>E Diela VII e Llukait, Krishti p\u00ebrikja dhe fuqia jon\u00eb, nga Mitropoliti i Beratit, Vlor\u00ebs &amp; Kanin\u00ebs, H. Ignati, 07.11.2021 &nbsp; \u201cGuxim, bij\u00eb, besimi yt t\u00eb shp\u00ebtoi\u201d (v.48) \u201cMos ki frik\u00eb; ve\u00e7 beso, dhe do t\u00eb shp\u00ebtoj\u00eb\u201d (v.50) Ungjillori i hirsh\u00ebm Lluka paraqet dy ngjarje didaktike, p\u00ebr ne t\u00eb krishter\u00ebt e sot\u00ebm, ve\u00e7an\u00ebrisht n\u00eb \u00e7\u00ebshtjen e besimit q\u00eb duhet t\u00eb kemi ndaj Per\u00ebndis\u00eb, dhe guximit<\/p>\n","protected":false},"author":7,"featured_media":56390,"comment_status":"closed","ping_status":"closed","sticky":false,"template":"","format":"standard","meta":{"_acf_changed":false,"pagelayer_contact_templates":[],"_pagelayer_content":"","inline_featured_image":false,"fifu_image_url":"https:\/\/scontent-cdt1-1.xx.fbcdn.net\/v\/t1.6435-9\/253274809_4315550298557019_7136491351152998174_n.jpg?_nc_cat=110&ccb=1-5&_nc_sid=730e14&_nc_ohc=_2gHWkmWlbgAX9CYttZ&_nc_ht=scontent-cdt1-1.xx&oh=d5ea1c7bfdf4ce8d8c95343a6b89051a&oe=61AF84A5","fifu_image_alt":"","footnotes":""},"categories":[2777],"tags":[2783,2779],"class_list":["post-56384","post","type-post","status-publish","format-standard","has-post-thumbnail","hentry","category-predikimet-e-se-dieles-festive","tag-mitropolia-e-beratit","tag-predikimet-e-se-dieles-festive"],"acf":[],"yoast_head":"<!-- This site is optimized with the Yoast SEO plugin v27.2 - https:\/\/yoast.com\/product\/yoast-seo-wordpress\/ -->\n<title>E Diela VII e Llukait, Krishti p\u00ebrikja dhe fuqia jon\u00eb, nga Mitropoliti i Beratit, Vlor\u00ebs &amp; Kanin\u00ebs, H. Ignati, 07.11.2021 (Tekst) - Kisha Orthodh\u03bfkse Autoqefale e Shqip\u00ebris\u00eb<\/title>\n<meta name=\"robots\" content=\"index, follow, max-snippet:-1, max-image-preview:large, max-video-preview:-1\" \/>\n<link rel=\"canonical\" href=\"https:\/\/orthodoxalbania.org\/2020\/2021\/11\/07\/e-diela-vii-e-llukait-krishti-perikja-dhe-fuqia-jone-nga-mitropoliti-i-beratit-vlores-kanines-h-ignati-07-11-2021-tekst\/\" \/>\n<meta property=\"og:locale\" content=\"en_US\" \/>\n<meta property=\"og:type\" content=\"article\" \/>\n<meta property=\"og:title\" content=\"E Diela VII e Llukait, Krishti p\u00ebrikja dhe fuqia jon\u00eb, nga Mitropoliti i Beratit, Vlor\u00ebs &amp; Kanin\u00ebs, H. Ignati, 07.11.2021 (Tekst) - Kisha Orthodh\u03bfkse Autoqefale e Shqip\u00ebris\u00eb\" \/>\n<meta property=\"og:description\" content=\"E Diela VII e Llukait, Krishti p\u00ebrikja dhe fuqia jon\u00eb, nga Mitropoliti i Beratit, Vlor\u00ebs &amp; Kanin\u00ebs, H. Ignati, 07.11.2021 &nbsp; \u201cGuxim, bij\u00eb, besimi yt t\u00eb shp\u00ebtoi\u201d (v.48) \u201cMos ki frik\u00eb; ve\u00e7 beso, dhe do t\u00eb shp\u00ebtoj\u00eb\u201d (v.50) Ungjillori i hirsh\u00ebm Lluka paraqet dy ngjarje didaktike, p\u00ebr ne t\u00eb krishter\u00ebt e sot\u00ebm, ve\u00e7an\u00ebrisht n\u00eb \u00e7\u00ebshtjen e besimit q\u00eb duhet t\u00eb kemi ndaj Per\u00ebndis\u00eb, dhe guximit\" \/>\n<meta property=\"og:url\" content=\"https:\/\/orthodoxalbania.org\/2020\/2021\/11\/07\/e-diela-vii-e-llukait-krishti-perikja-dhe-fuqia-jone-nga-mitropoliti-i-beratit-vlores-kanines-h-ignati-07-11-2021-tekst\/\" \/>\n<meta property=\"og:site_name\" content=\"Kisha Orthodh\u03bfkse Autoqefale e Shqip\u00ebris\u00eb\" \/>\n<meta property=\"article:publisher\" content=\"https:\/\/www.facebook.com\/koash1991\" \/>\n<meta property=\"article:published_time\" content=\"2021-11-07T19:58:49+00:00\" \/>\n<meta property=\"og:image\" content=\"https:\/\/scontent-cdt1-1.xx.fbcdn.net\/v\/t1.6435-9\/253274809_4315550298557019_7136491351152998174_n.jpg?_nc_cat=110&ccb=1-5&_nc_sid=730e14&_nc_ohc=_2gHWkmWlbgAX9CYttZ&_nc_ht=scontent-cdt1-1.xx&oh=d5ea1c7bfdf4ce8d8c95343a6b89051a&oe=61AF84A5\" \/>\n<meta name=\"author\" content=\"Kisha Orthodhokse\" \/>\n<meta name=\"twitter:card\" content=\"summary_large_image\" \/>\n<meta name=\"twitter:image\" content=\"https:\/\/scontent-cdt1-1.xx.fbcdn.net\/v\/t1.6435-9\/253274809_4315550298557019_7136491351152998174_n.jpg?_nc_cat=110&ccb=1-5&_nc_sid=730e14&_nc_ohc=_2gHWkmWlbgAX9CYttZ&_nc_ht=scontent-cdt1-1.xx&oh=d5ea1c7bfdf4ce8d8c95343a6b89051a&oe=61AF84A5\" \/>\n<meta name=\"twitter:label1\" content=\"Written by\" \/>\n\t<meta name=\"twitter:data1\" content=\"Kisha Orthodhokse\" \/>\n\t<meta name=\"twitter:label2\" content=\"Est. reading time\" \/>\n\t<meta name=\"twitter:data2\" content=\"6 minutes\" \/>\n<script type=\"application\/ld+json\" class=\"yoast-schema-graph\">{\"@context\":\"https:\/\/schema.org\",\"@graph\":[{\"@type\":\"Article\",\"@id\":\"https:\/\/orthodoxalbania.org\/2020\/2021\/11\/07\/e-diela-vii-e-llukait-krishti-perikja-dhe-fuqia-jone-nga-mitropoliti-i-beratit-vlores-kanines-h-ignati-07-11-2021-tekst\/#article\",\"isPartOf\":{\"@id\":\"https:\/\/orthodoxalbania.org\/2020\/2021\/11\/07\/e-diela-vii-e-llukait-krishti-perikja-dhe-fuqia-jone-nga-mitropoliti-i-beratit-vlores-kanines-h-ignati-07-11-2021-tekst\/\"},\"author\":{\"name\":\"Kisha Orthodhokse\",\"@id\":\"https:\/\/orthodoxalbania.org\/2020\/#\/schema\/person\/df745f942b70e045b3dc05a30211f0de\"},\"headline\":\"E Diela VII e Llukait, Krishti p\u00ebrikja dhe fuqia jon\u00eb, nga Mitropoliti i Beratit, Vlor\u00ebs &#038; Kanin\u00ebs, H. Ignati, 07.11.2021 (Tekst)\",\"datePublished\":\"2021-11-07T19:58:49+00:00\",\"mainEntityOfPage\":{\"@id\":\"https:\/\/orthodoxalbania.org\/2020\/2021\/11\/07\/e-diela-vii-e-llukait-krishti-perikja-dhe-fuqia-jone-nga-mitropoliti-i-beratit-vlores-kanines-h-ignati-07-11-2021-tekst\/\"},\"wordCount\":1430,\"publisher\":{\"@id\":\"https:\/\/orthodoxalbania.org\/2020\/#organization\"},\"image\":{\"@id\":\"https:\/\/orthodoxalbania.org\/2020\/2021\/11\/07\/e-diela-vii-e-llukait-krishti-perikja-dhe-fuqia-jone-nga-mitropoliti-i-beratit-vlores-kanines-h-ignati-07-11-2021-tekst\/#primaryimage\"},\"thumbnailUrl\":\"https:\/\/scontent-cdt1-1.xx.fbcdn.net\/v\/t1.6435-9\/253274809_4315550298557019_7136491351152998174_n.jpg?_nc_cat=110&ccb=1-5&_nc_sid=730e14&_nc_ohc=_2gHWkmWlbgAX9CYttZ&_nc_ht=scontent-cdt1-1.xx&oh=d5ea1c7bfdf4ce8d8c95343a6b89051a&oe=61AF84A5\",\"keywords\":[\"Mitropolia e Beratit\",\"Predikimet e se Dieles &amp; Festive\"],\"articleSection\":[\"Predikimet e se Dieles &amp; Festive\"],\"inLanguage\":\"en-US\"},{\"@type\":\"WebPage\",\"@id\":\"https:\/\/orthodoxalbania.org\/2020\/2021\/11\/07\/e-diela-vii-e-llukait-krishti-perikja-dhe-fuqia-jone-nga-mitropoliti-i-beratit-vlores-kanines-h-ignati-07-11-2021-tekst\/\",\"url\":\"https:\/\/orthodoxalbania.org\/2020\/2021\/11\/07\/e-diela-vii-e-llukait-krishti-perikja-dhe-fuqia-jone-nga-mitropoliti-i-beratit-vlores-kanines-h-ignati-07-11-2021-tekst\/\",\"name\":\"E Diela VII e Llukait, Krishti p\u00ebrikja dhe fuqia jon\u00eb, nga Mitropoliti i Beratit, Vlor\u00ebs & Kanin\u00ebs, H. Ignati, 07.11.2021 (Tekst) - Kisha Orthodh\u03bfkse Autoqefale e Shqip\u00ebris\u00eb\",\"isPartOf\":{\"@id\":\"https:\/\/orthodoxalbania.org\/2020\/#website\"},\"primaryImageOfPage\":{\"@id\":\"https:\/\/orthodoxalbania.org\/2020\/2021\/11\/07\/e-diela-vii-e-llukait-krishti-perikja-dhe-fuqia-jone-nga-mitropoliti-i-beratit-vlores-kanines-h-ignati-07-11-2021-tekst\/#primaryimage\"},\"image\":{\"@id\":\"https:\/\/orthodoxalbania.org\/2020\/2021\/11\/07\/e-diela-vii-e-llukait-krishti-perikja-dhe-fuqia-jone-nga-mitropoliti-i-beratit-vlores-kanines-h-ignati-07-11-2021-tekst\/#primaryimage\"},\"thumbnailUrl\":\"https:\/\/scontent-cdt1-1.xx.fbcdn.net\/v\/t1.6435-9\/253274809_4315550298557019_7136491351152998174_n.jpg?_nc_cat=110&ccb=1-5&_nc_sid=730e14&_nc_ohc=_2gHWkmWlbgAX9CYttZ&_nc_ht=scontent-cdt1-1.xx&oh=d5ea1c7bfdf4ce8d8c95343a6b89051a&oe=61AF84A5\",\"datePublished\":\"2021-11-07T19:58:49+00:00\",\"breadcrumb\":{\"@id\":\"https:\/\/orthodoxalbania.org\/2020\/2021\/11\/07\/e-diela-vii-e-llukait-krishti-perikja-dhe-fuqia-jone-nga-mitropoliti-i-beratit-vlores-kanines-h-ignati-07-11-2021-tekst\/#breadcrumb\"},\"inLanguage\":\"en-US\",\"potentialAction\":[{\"@type\":\"ReadAction\",\"target\":[\"https:\/\/orthodoxalbania.org\/2020\/2021\/11\/07\/e-diela-vii-e-llukait-krishti-perikja-dhe-fuqia-jone-nga-mitropoliti-i-beratit-vlores-kanines-h-ignati-07-11-2021-tekst\/\"]}]},{\"@type\":\"ImageObject\",\"inLanguage\":\"en-US\",\"@id\":\"https:\/\/orthodoxalbania.org\/2020\/2021\/11\/07\/e-diela-vii-e-llukait-krishti-perikja-dhe-fuqia-jone-nga-mitropoliti-i-beratit-vlores-kanines-h-ignati-07-11-2021-tekst\/#primaryimage\",\"url\":\"https:\/\/scontent-cdt1-1.xx.fbcdn.net\/v\/t1.6435-9\/253274809_4315550298557019_7136491351152998174_n.jpg?_nc_cat=110&ccb=1-5&_nc_sid=730e14&_nc_ohc=_2gHWkmWlbgAX9CYttZ&_nc_ht=scontent-cdt1-1.xx&oh=d5ea1c7bfdf4ce8d8c95343a6b89051a&oe=61AF84A5\",\"contentUrl\":\"https:\/\/scontent-cdt1-1.xx.fbcdn.net\/v\/t1.6435-9\/253274809_4315550298557019_7136491351152998174_n.jpg?_nc_cat=110&ccb=1-5&_nc_sid=730e14&_nc_ohc=_2gHWkmWlbgAX9CYttZ&_nc_ht=scontent-cdt1-1.xx&oh=d5ea1c7bfdf4ce8d8c95343a6b89051a&oe=61AF84A5\",\"width\":\"270\",\"height\":\"187\"},{\"@type\":\"BreadcrumbList\",\"@id\":\"https:\/\/orthodoxalbania.org\/2020\/2021\/11\/07\/e-diela-vii-e-llukait-krishti-perikja-dhe-fuqia-jone-nga-mitropoliti-i-beratit-vlores-kanines-h-ignati-07-11-2021-tekst\/#breadcrumb\",\"itemListElement\":[{\"@type\":\"ListItem\",\"position\":1,\"name\":\"Home\",\"item\":\"https:\/\/orthodoxalbania.org\/2020\/\"},{\"@type\":\"ListItem\",\"position\":2,\"name\":\"E Diela VII e Llukait, Krishti p\u00ebrikja dhe fuqia jon\u00eb, nga Mitropoliti i Beratit, Vlor\u00ebs &#038; Kanin\u00ebs, H. Ignati, 07.11.2021 (Tekst)\"}]},{\"@type\":\"WebSite\",\"@id\":\"https:\/\/orthodoxalbania.org\/2020\/#website\",\"url\":\"https:\/\/orthodoxalbania.org\/2020\/\",\"name\":\"Kisha Orthodh\u03bfkse Autoqefale e Shqip\u00ebris\u00eb\",\"description\":\"Fqja Zyrtare e Kish\u00ebs Orthodhokse Autoqefale e Shqip\u00ebris\u00eb me lajmet edhe informacionet zyrtare p\u00ebr struktur\u00ebn edhe veprimtarin e saj.\",\"publisher\":{\"@id\":\"https:\/\/orthodoxalbania.org\/2020\/#organization\"},\"potentialAction\":[{\"@type\":\"SearchAction\",\"target\":{\"@type\":\"EntryPoint\",\"urlTemplate\":\"https:\/\/orthodoxalbania.org\/2020\/?s={search_term_string}\"},\"query-input\":{\"@type\":\"PropertyValueSpecification\",\"valueRequired\":true,\"valueName\":\"search_term_string\"}}],\"inLanguage\":\"en-US\"},{\"@type\":\"Organization\",\"@id\":\"https:\/\/orthodoxalbania.org\/2020\/#organization\",\"name\":\"Kisha Orthodhokse Autoqefale e Shqip\u00ebris\u00eb\",\"url\":\"https:\/\/orthodoxalbania.org\/2020\/\",\"logo\":{\"@type\":\"ImageObject\",\"inLanguage\":\"en-US\",\"@id\":\"https:\/\/orthodoxalbania.org\/2020\/#\/schema\/logo\/image\/\",\"url\":\"https:\/\/orthodoxalbania.org\/2020\/wp-content\/uploads\/2020\/05\/albania.jpeg\",\"contentUrl\":\"https:\/\/orthodoxalbania.org\/2020\/wp-content\/uploads\/2020\/05\/albania.jpeg\",\"width\":540,\"height\":540,\"caption\":\"Kisha Orthodhokse Autoqefale e Shqip\u00ebris\u00eb\"},\"image\":{\"@id\":\"https:\/\/orthodoxalbania.org\/2020\/#\/schema\/logo\/image\/\"},\"sameAs\":[\"https:\/\/www.facebook.com\/koash1991\"]},{\"@type\":\"Person\",\"@id\":\"https:\/\/orthodoxalbania.org\/2020\/#\/schema\/person\/df745f942b70e045b3dc05a30211f0de\",\"name\":\"Kisha Orthodhokse\",\"image\":{\"@type\":\"ImageObject\",\"inLanguage\":\"en-US\",\"@id\":\"https:\/\/secure.gravatar.com\/avatar\/2676eb8d97178435c9f691a7871595a1da6c33542dec218bce40885573150e28?s=96&d=mm&r=g\",\"url\":\"https:\/\/secure.gravatar.com\/avatar\/2676eb8d97178435c9f691a7871595a1da6c33542dec218bce40885573150e28?s=96&d=mm&r=g\",\"contentUrl\":\"https:\/\/secure.gravatar.com\/avatar\/2676eb8d97178435c9f691a7871595a1da6c33542dec218bce40885573150e28?s=96&d=mm&r=g\",\"caption\":\"Kisha Orthodhokse\"}}]}<\/script>\n<!-- \/ Yoast SEO plugin. -->","yoast_head_json":{"title":"E Diela VII e Llukait, Krishti p\u00ebrikja dhe fuqia jon\u00eb, nga Mitropoliti i Beratit, Vlor\u00ebs & Kanin\u00ebs, H. Ignati, 07.11.2021 (Tekst) - Kisha Orthodh\u03bfkse Autoqefale e Shqip\u00ebris\u00eb","robots":{"index":"index","follow":"follow","max-snippet":"max-snippet:-1","max-image-preview":"max-image-preview:large","max-video-preview":"max-video-preview:-1"},"canonical":"https:\/\/orthodoxalbania.org\/2020\/2021\/11\/07\/e-diela-vii-e-llukait-krishti-perikja-dhe-fuqia-jone-nga-mitropoliti-i-beratit-vlores-kanines-h-ignati-07-11-2021-tekst\/","og_locale":"en_US","og_type":"article","og_title":"E Diela VII e Llukait, Krishti p\u00ebrikja dhe fuqia jon\u00eb, nga Mitropoliti i Beratit, Vlor\u00ebs & Kanin\u00ebs, H. Ignati, 07.11.2021 (Tekst) - Kisha Orthodh\u03bfkse Autoqefale e Shqip\u00ebris\u00eb","og_description":"E Diela VII e Llukait, Krishti p\u00ebrikja dhe fuqia jon\u00eb, nga Mitropoliti i Beratit, Vlor\u00ebs &amp; Kanin\u00ebs, H. Ignati, 07.11.2021 &nbsp; \u201cGuxim, bij\u00eb, besimi yt t\u00eb shp\u00ebtoi\u201d (v.48) \u201cMos ki frik\u00eb; ve\u00e7 beso, dhe do t\u00eb shp\u00ebtoj\u00eb\u201d (v.50) Ungjillori i hirsh\u00ebm Lluka paraqet dy ngjarje didaktike, p\u00ebr ne t\u00eb krishter\u00ebt e sot\u00ebm, ve\u00e7an\u00ebrisht n\u00eb \u00e7\u00ebshtjen e besimit q\u00eb duhet t\u00eb kemi ndaj Per\u00ebndis\u00eb, dhe guximit","og_url":"https:\/\/orthodoxalbania.org\/2020\/2021\/11\/07\/e-diela-vii-e-llukait-krishti-perikja-dhe-fuqia-jone-nga-mitropoliti-i-beratit-vlores-kanines-h-ignati-07-11-2021-tekst\/","og_site_name":"Kisha Orthodh\u03bfkse Autoqefale e Shqip\u00ebris\u00eb","article_publisher":"https:\/\/www.facebook.com\/koash1991","article_published_time":"2021-11-07T19:58:49+00:00","og_image":[{"url":"https:\/\/scontent-cdt1-1.xx.fbcdn.net\/v\/t1.6435-9\/253274809_4315550298557019_7136491351152998174_n.jpg?_nc_cat=110&ccb=1-5&_nc_sid=730e14&_nc_ohc=_2gHWkmWlbgAX9CYttZ&_nc_ht=scontent-cdt1-1.xx&oh=d5ea1c7bfdf4ce8d8c95343a6b89051a&oe=61AF84A5","type":"","width":"","height":""}],"author":"Kisha Orthodhokse","twitter_card":"summary_large_image","twitter_image":"https:\/\/scontent-cdt1-1.xx.fbcdn.net\/v\/t1.6435-9\/253274809_4315550298557019_7136491351152998174_n.jpg?_nc_cat=110&ccb=1-5&_nc_sid=730e14&_nc_ohc=_2gHWkmWlbgAX9CYttZ&_nc_ht=scontent-cdt1-1.xx&oh=d5ea1c7bfdf4ce8d8c95343a6b89051a&oe=61AF84A5","twitter_misc":{"Written by":"Kisha Orthodhokse","Est. reading time":"6 minutes"},"schema":{"@context":"https:\/\/schema.org","@graph":[{"@type":"Article","@id":"https:\/\/orthodoxalbania.org\/2020\/2021\/11\/07\/e-diela-vii-e-llukait-krishti-perikja-dhe-fuqia-jone-nga-mitropoliti-i-beratit-vlores-kanines-h-ignati-07-11-2021-tekst\/#article","isPartOf":{"@id":"https:\/\/orthodoxalbania.org\/2020\/2021\/11\/07\/e-diela-vii-e-llukait-krishti-perikja-dhe-fuqia-jone-nga-mitropoliti-i-beratit-vlores-kanines-h-ignati-07-11-2021-tekst\/"},"author":{"name":"Kisha Orthodhokse","@id":"https:\/\/orthodoxalbania.org\/2020\/#\/schema\/person\/df745f942b70e045b3dc05a30211f0de"},"headline":"E Diela VII e Llukait, Krishti p\u00ebrikja dhe fuqia jon\u00eb, nga Mitropoliti i Beratit, Vlor\u00ebs &#038; Kanin\u00ebs, H. Ignati, 07.11.2021 (Tekst)","datePublished":"2021-11-07T19:58:49+00:00","mainEntityOfPage":{"@id":"https:\/\/orthodoxalbania.org\/2020\/2021\/11\/07\/e-diela-vii-e-llukait-krishti-perikja-dhe-fuqia-jone-nga-mitropoliti-i-beratit-vlores-kanines-h-ignati-07-11-2021-tekst\/"},"wordCount":1430,"publisher":{"@id":"https:\/\/orthodoxalbania.org\/2020\/#organization"},"image":{"@id":"https:\/\/orthodoxalbania.org\/2020\/2021\/11\/07\/e-diela-vii-e-llukait-krishti-perikja-dhe-fuqia-jone-nga-mitropoliti-i-beratit-vlores-kanines-h-ignati-07-11-2021-tekst\/#primaryimage"},"thumbnailUrl":"https:\/\/scontent-cdt1-1.xx.fbcdn.net\/v\/t1.6435-9\/253274809_4315550298557019_7136491351152998174_n.jpg?_nc_cat=110&ccb=1-5&_nc_sid=730e14&_nc_ohc=_2gHWkmWlbgAX9CYttZ&_nc_ht=scontent-cdt1-1.xx&oh=d5ea1c7bfdf4ce8d8c95343a6b89051a&oe=61AF84A5","keywords":["Mitropolia e Beratit","Predikimet e se Dieles &amp; Festive"],"articleSection":["Predikimet e se Dieles &amp; Festive"],"inLanguage":"en-US"},{"@type":"WebPage","@id":"https:\/\/orthodoxalbania.org\/2020\/2021\/11\/07\/e-diela-vii-e-llukait-krishti-perikja-dhe-fuqia-jone-nga-mitropoliti-i-beratit-vlores-kanines-h-ignati-07-11-2021-tekst\/","url":"https:\/\/orthodoxalbania.org\/2020\/2021\/11\/07\/e-diela-vii-e-llukait-krishti-perikja-dhe-fuqia-jone-nga-mitropoliti-i-beratit-vlores-kanines-h-ignati-07-11-2021-tekst\/","name":"E Diela VII e Llukait, Krishti p\u00ebrikja dhe fuqia jon\u00eb, nga Mitropoliti i Beratit, Vlor\u00ebs & Kanin\u00ebs, H. Ignati, 07.11.2021 (Tekst) - Kisha Orthodh\u03bfkse Autoqefale e Shqip\u00ebris\u00eb","isPartOf":{"@id":"https:\/\/orthodoxalbania.org\/2020\/#website"},"primaryImageOfPage":{"@id":"https:\/\/orthodoxalbania.org\/2020\/2021\/11\/07\/e-diela-vii-e-llukait-krishti-perikja-dhe-fuqia-jone-nga-mitropoliti-i-beratit-vlores-kanines-h-ignati-07-11-2021-tekst\/#primaryimage"},"image":{"@id":"https:\/\/orthodoxalbania.org\/2020\/2021\/11\/07\/e-diela-vii-e-llukait-krishti-perikja-dhe-fuqia-jone-nga-mitropoliti-i-beratit-vlores-kanines-h-ignati-07-11-2021-tekst\/#primaryimage"},"thumbnailUrl":"https:\/\/scontent-cdt1-1.xx.fbcdn.net\/v\/t1.6435-9\/253274809_4315550298557019_7136491351152998174_n.jpg?_nc_cat=110&ccb=1-5&_nc_sid=730e14&_nc_ohc=_2gHWkmWlbgAX9CYttZ&_nc_ht=scontent-cdt1-1.xx&oh=d5ea1c7bfdf4ce8d8c95343a6b89051a&oe=61AF84A5","datePublished":"2021-11-07T19:58:49+00:00","breadcrumb":{"@id":"https:\/\/orthodoxalbania.org\/2020\/2021\/11\/07\/e-diela-vii-e-llukait-krishti-perikja-dhe-fuqia-jone-nga-mitropoliti-i-beratit-vlores-kanines-h-ignati-07-11-2021-tekst\/#breadcrumb"},"inLanguage":"en-US","potentialAction":[{"@type":"ReadAction","target":["https:\/\/orthodoxalbania.org\/2020\/2021\/11\/07\/e-diela-vii-e-llukait-krishti-perikja-dhe-fuqia-jone-nga-mitropoliti-i-beratit-vlores-kanines-h-ignati-07-11-2021-tekst\/"]}]},{"@type":"ImageObject","inLanguage":"en-US","@id":"https:\/\/orthodoxalbania.org\/2020\/2021\/11\/07\/e-diela-vii-e-llukait-krishti-perikja-dhe-fuqia-jone-nga-mitropoliti-i-beratit-vlores-kanines-h-ignati-07-11-2021-tekst\/#primaryimage","url":"https:\/\/scontent-cdt1-1.xx.fbcdn.net\/v\/t1.6435-9\/253274809_4315550298557019_7136491351152998174_n.jpg?_nc_cat=110&ccb=1-5&_nc_sid=730e14&_nc_ohc=_2gHWkmWlbgAX9CYttZ&_nc_ht=scontent-cdt1-1.xx&oh=d5ea1c7bfdf4ce8d8c95343a6b89051a&oe=61AF84A5","contentUrl":"https:\/\/scontent-cdt1-1.xx.fbcdn.net\/v\/t1.6435-9\/253274809_4315550298557019_7136491351152998174_n.jpg?_nc_cat=110&ccb=1-5&_nc_sid=730e14&_nc_ohc=_2gHWkmWlbgAX9CYttZ&_nc_ht=scontent-cdt1-1.xx&oh=d5ea1c7bfdf4ce8d8c95343a6b89051a&oe=61AF84A5","width":"270","height":"187"},{"@type":"BreadcrumbList","@id":"https:\/\/orthodoxalbania.org\/2020\/2021\/11\/07\/e-diela-vii-e-llukait-krishti-perikja-dhe-fuqia-jone-nga-mitropoliti-i-beratit-vlores-kanines-h-ignati-07-11-2021-tekst\/#breadcrumb","itemListElement":[{"@type":"ListItem","position":1,"name":"Home","item":"https:\/\/orthodoxalbania.org\/2020\/"},{"@type":"ListItem","position":2,"name":"E Diela VII e Llukait, Krishti p\u00ebrikja dhe fuqia jon\u00eb, nga Mitropoliti i Beratit, Vlor\u00ebs &#038; Kanin\u00ebs, H. Ignati, 07.11.2021 (Tekst)"}]},{"@type":"WebSite","@id":"https:\/\/orthodoxalbania.org\/2020\/#website","url":"https:\/\/orthodoxalbania.org\/2020\/","name":"Kisha Orthodh\u03bfkse Autoqefale e Shqip\u00ebris\u00eb","description":"Fqja Zyrtare e Kish\u00ebs Orthodhokse Autoqefale e Shqip\u00ebris\u00eb me lajmet edhe informacionet zyrtare p\u00ebr struktur\u00ebn edhe veprimtarin e saj.","publisher":{"@id":"https:\/\/orthodoxalbania.org\/2020\/#organization"},"potentialAction":[{"@type":"SearchAction","target":{"@type":"EntryPoint","urlTemplate":"https:\/\/orthodoxalbania.org\/2020\/?s={search_term_string}"},"query-input":{"@type":"PropertyValueSpecification","valueRequired":true,"valueName":"search_term_string"}}],"inLanguage":"en-US"},{"@type":"Organization","@id":"https:\/\/orthodoxalbania.org\/2020\/#organization","name":"Kisha Orthodhokse Autoqefale e Shqip\u00ebris\u00eb","url":"https:\/\/orthodoxalbania.org\/2020\/","logo":{"@type":"ImageObject","inLanguage":"en-US","@id":"https:\/\/orthodoxalbania.org\/2020\/#\/schema\/logo\/image\/","url":"https:\/\/orthodoxalbania.org\/2020\/wp-content\/uploads\/2020\/05\/albania.jpeg","contentUrl":"https:\/\/orthodoxalbania.org\/2020\/wp-content\/uploads\/2020\/05\/albania.jpeg","width":540,"height":540,"caption":"Kisha Orthodhokse Autoqefale e Shqip\u00ebris\u00eb"},"image":{"@id":"https:\/\/orthodoxalbania.org\/2020\/#\/schema\/logo\/image\/"},"sameAs":["https:\/\/www.facebook.com\/koash1991"]},{"@type":"Person","@id":"https:\/\/orthodoxalbania.org\/2020\/#\/schema\/person\/df745f942b70e045b3dc05a30211f0de","name":"Kisha Orthodhokse","image":{"@type":"ImageObject","inLanguage":"en-US","@id":"https:\/\/secure.gravatar.com\/avatar\/2676eb8d97178435c9f691a7871595a1da6c33542dec218bce40885573150e28?s=96&d=mm&r=g","url":"https:\/\/secure.gravatar.com\/avatar\/2676eb8d97178435c9f691a7871595a1da6c33542dec218bce40885573150e28?s=96&d=mm&r=g","contentUrl":"https:\/\/secure.gravatar.com\/avatar\/2676eb8d97178435c9f691a7871595a1da6c33542dec218bce40885573150e28?s=96&d=mm&r=g","caption":"Kisha Orthodhokse"}}]}},"_links":{"self":[{"href":"https:\/\/orthodoxalbania.org\/2020\/wp-json\/wp\/v2\/posts\/56384","targetHints":{"allow":["GET"]}}],"collection":[{"href":"https:\/\/orthodoxalbania.org\/2020\/wp-json\/wp\/v2\/posts"}],"about":[{"href":"https:\/\/orthodoxalbania.org\/2020\/wp-json\/wp\/v2\/types\/post"}],"author":[{"embeddable":true,"href":"https:\/\/orthodoxalbania.org\/2020\/wp-json\/wp\/v2\/users\/7"}],"replies":[{"embeddable":true,"href":"https:\/\/orthodoxalbania.org\/2020\/wp-json\/wp\/v2\/comments?post=56384"}],"version-history":[{"count":1,"href":"https:\/\/orthodoxalbania.org\/2020\/wp-json\/wp\/v2\/posts\/56384\/revisions"}],"predecessor-version":[{"id":56389,"href":"https:\/\/orthodoxalbania.org\/2020\/wp-json\/wp\/v2\/posts\/56384\/revisions\/56389"}],"wp:featuredmedia":[{"embeddable":true,"href":"https:\/\/orthodoxalbania.org\/2020\/wp-json\/wp\/v2\/media\/56390"}],"wp:attachment":[{"href":"https:\/\/orthodoxalbania.org\/2020\/wp-json\/wp\/v2\/media?parent=56384"}],"wp:term":[{"taxonomy":"category","embeddable":true,"href":"https:\/\/orthodoxalbania.org\/2020\/wp-json\/wp\/v2\/categories?post=56384"},{"taxonomy":"post_tag","embeddable":true,"href":"https:\/\/orthodoxalbania.org\/2020\/wp-json\/wp\/v2\/tags?post=56384"}],"curies":[{"name":"wp","href":"https:\/\/api.w.org\/{rel}","templated":true}]}}