{"id":56308,"date":"2021-10-31T15:20:41","date_gmt":"2021-10-31T14:20:41","guid":{"rendered":"https:\/\/orthodoxalbania.org\/2020\/?p=56308"},"modified":"2021-11-07T20:47:28","modified_gmt":"2021-11-07T19:47:28","slug":"e-diela-vi-e-llukait-me-jep-nje-shenje-o-zot-mitropolitit-te-apollonise-fierit-nikolla-31-10-2021-text","status":"publish","type":"post","link":"https:\/\/orthodoxalbania.org\/2020\/2021\/10\/31\/e-diela-vi-e-llukait-me-jep-nje-shenje-o-zot-mitropolitit-te-apollonise-fierit-nikolla-31-10-2021-text\/","title":{"rendered":"E Diela V e Llukait, M\u00eb jep nj\u00eb shenj\u00eb o Zot, nga Mitropoliti i Apollonis\u00eb &#038; Fierit, H.Nikolla,\u00a031.10.2021 (Tekst)"},"content":{"rendered":"<h4 style=\"text-align: center;\"><strong>E Diela V e Llukait, M\u00eb jep nj\u00eb shenj\u00eb o Zot, nga Mitropoliti i Apollonis\u00eb &amp; Fierit, Nikolla, 31.10.2021\u00a0<\/strong><\/h4>\n<p>&nbsp;<\/p>\n<p>&nbsp;<\/p>\n<p style=\"text-align: justify;\"><em>\u201c M\u00eb jep nj\u00eb shenj\u00eb o Zot.\u201d<\/em><\/p>\n<p style=\"text-align: justify;\">K\u00ebt\u00eb lutje, t\u00eb dashur besimtar\u00eb, t\u00eb cil\u00ebn ne shpesh her\u00eb ia drejtojm\u00eb Zotit, e d\u00ebgjuam q\u00eb u b\u00eb dhe nga i pasuri, n\u00eb paravolin\u00eb, n\u00eb pjes\u00ebn e Ungjillit q\u00eb u lexua n\u00eb dit\u00ebn e sotme, q\u00eb i referohet pjes\u00ebs s\u00eb Ungjillit q\u00eb quhet \u201c I pasuri dhe Llazari\u201d.<\/p>\n<p style=\"text-align: justify;\">I pasuri i cili ishte n\u00eb vendin e mundimeve dhe atje duke vuajtur n\u00eb at\u00eb vend shikon Llazarin e varf\u00ebr q\u00eb ishte n\u00eb gji t\u00eb Abrahamit dhe i k\u00ebrkon Abrahamit: \u201c T\u00eb pakt\u00ebn, mir\u00eb un\u00eb q\u00eb po vuaj n\u00eb k\u00ebt\u00eb vend t\u00eb mundimeve, t\u00eb pakt\u00ebn nise Llazarin tek v\u00ebllez\u00ebrit e mi, se kam pes\u00eb v\u00ebllez\u00ebr, nise t\u2019u jap\u00ebsh atyre nj\u00eb shenj\u00eb q\u00eb dhe ata mos t\u00eb vijn\u00eb n\u00eb k\u00ebt\u00eb vend t\u00eb mundimeve q\u00eb jam un\u00eb.\u201d<\/p>\n<p style=\"text-align: justify;\">Izraelit\u00ebt vazhdimisht ishin m\u00ebsuar q\u00eb t\u00eb k\u00ebrkonin nj\u00eb shenj\u00eb nga Per\u00ebndia. Tregojn\u00eb n\u00eb koh\u00ebn e gjyqtar\u00ebve t\u00eb popullit t\u00eb Izraelit, kur izraelit\u00ebt ishin pushtuar nga midian\u00ebt dhe r\u00ebnkonin p\u00ebr shkak t\u00eb n\u00ebnshtrimit t\u00eb tyre, nj\u00eb \u00ebngj\u00ebll i shfaqet Gedeonit dhe i thot\u00eb: \u201c Shko, p\u00ebrgatit popullin q\u00eb t\u00eb dal\u00ebs kund\u00ebr armiqve q\u00eb ta \u00e7lirosh popullin t\u00ebnd.\u201d Gedeoni i thot\u00eb: \u201c M\u00eb jep nj\u00eb shenj\u00eb q\u00eb t\u00eb di q\u00eb Per\u00ebndia \u00ebsht\u00eb me mua.\u201d \u00cbngj\u00eblli i thot\u00eb: \u201c K\u00ebrko \u00e7far\u00eb do?\u201d Gedeoni p\u00ebrgjigjet: \u201c Dua q\u00eb ky g\u00ebzofi, nes\u00ebr n\u00eb m\u00ebngjes t\u00eb jet\u00eb i lagur, por dua q\u00eb vendi ane p\u00ebrqark tij t\u00eb jet\u00eb i lag\u00ebt.\u201d T\u00eb nes\u00ebrmen n\u00eb m\u00ebngjes kur zgjohet Gedeoni e gjen g\u00ebzofin e lagur dhe vendin ane p\u00ebrqark t\u00eb that\u00eb. \u201cM\u00eb fal,- i thot\u00eb \u00ebngj\u00ebllit,- dua dhe nj\u00eb shenj\u00eb tjet\u00ebr.\u201d \u201c\u00c7far\u00eb do?\u201d \u201c Dua q\u00eb vendi t\u00eb jet\u00eb i lagur dhe g\u00ebzofi t\u00eb jet\u00eb i that\u00eb.\u201d T\u00eb nes\u00ebrmen kur zgjohet Gedeoni dhe shikon q\u00eb kishte ndodhur v\u00ebrtet ashtu si\u00e7 kishte k\u00ebrkuar.<\/p>\n<p style=\"text-align: justify;\">Edhe m\u00eb par\u00eb izraelit\u00ebt ishin m\u00ebsuar q\u00eb t\u00eb kishin nj\u00eb shenj\u00eb nga Per\u00ebndia. Kujtojm\u00eb gjith\u00eb udh\u00ebtimi i tyre nga skllav\u00ebria e Egjiptit p\u00ebr n\u00eb Tok\u00ebn e Premtuar, ishte i udh\u00ebhequr nga nj\u00eb shenj\u00eb. Shenj\u00eb e p\u00ebrher\u00ebshme, p\u00ebr 40-vjet ata kishin k\u00ebt\u00eb shenj\u00eb, e cila gjat\u00eb dit\u00ebs ishte si nj\u00eb re e bardh\u00eb, kurse gjat\u00eb nat\u00ebs si nj\u00eb kollon\u00eb e zjarrt\u00eb.<\/p>\n<p style=\"text-align: justify;\">Edhe n\u00eb koh\u00ebn e Krishtit akoma, judenjt\u00eb i k\u00ebrkojn\u00eb Krishtit nj\u00eb shenj\u00eb: \u201c Na jep nj\u00eb shenj\u00eb q\u00eb ti je i d\u00ebrguari i Per\u00ebndis\u00eb. Ti je Mesia q\u00eb ne presim, na jep nj\u00eb shenj\u00eb.\u201d Edhe Zoti u thot\u00eb: \u201c Nuk do t\u00eb jepet asnj\u00eb shenj\u00eb, ve\u00e7 shenj\u00ebs s\u00eb profetit Jona, q\u00eb qendroi tre dit\u00eb n\u00eb barkun e balen\u00ebs, ashtu dhe Biri i njeriut do t\u00eb qendroi tre dit\u00eb n\u00eb varr dhe dit\u00ebn e tret\u00eb do t\u00eb ngjallet.\u201d<\/p>\n<p style=\"text-align: justify;\">Na siguron akoma dhe apostull Pavli dhe na thot\u00eb: \u201cJudenjt\u00eb k\u00ebrkojn\u00eb nj\u00eb shenj\u00eb dhe grek\u00ebt k\u00ebrkojn\u00eb urt\u00ebsi, por ne i`u shpallim t\u00eb gjith\u00ebve Krishtin e kryq\u00ebzuar dhe t\u00eb ngjallur, i cili \u00ebsht\u00eb skandal p\u00ebr judenjt\u00eb dhe marr\u00ebzi p\u00ebr grek\u00ebrit.\u201d<\/p>\n<p style=\"text-align: justify;\">K\u00ebt\u00eb gj\u00eb b\u00ebjm\u00eb dhe ne shpesh her\u00eb n\u00eb jet\u00ebn ton\u00eb. Kur ne jemi n\u00eb v\u00ebshtir\u00ebsi, kur ne jemi n\u00eb dilema, kur ne kemi nj\u00eb problem, kur ne nuk dim\u00eb se \u00e7far\u00eb t\u00eb b\u00ebjm\u00eb n\u00eb jet\u00ebn ton\u00eb, ne vazhdimisht i k\u00ebrkojm\u00eb Zotit nj\u00eb shenj\u00eb. \u201c Na jep nj\u00eb shenj\u00eb o Zot.\u201d Zoti i d\u00ebgjon lutjet tona. N\u00eb nj\u00eb form\u00eb ose n\u00eb nj\u00eb tjet\u00ebr Zoti na e jep at\u00eb shenj\u00eb. Mund t\u00eb na e jap duke na ndri\u00e7uar mendjen ton\u00eb. Mund t\u00eb na e jap me nj\u00eb k\u00ebshill\u00eb q\u00eb mund t\u00eb b\u00ebjm\u00eb me mikun ton\u00eb t\u00eb ngusht\u00eb e t\u00eb dashur. Mund t\u00eb na e b\u00ebj me nj\u00eb bised t\u00eb rast\u00ebsishme q\u00eb kemi me dik\u00eb.<\/p>\n<p style=\"text-align: justify;\">Mund t\u00eb na e jap me di\u00e7ka q\u00eb d\u00ebgjojm\u00eb papritur ose shikojm\u00eb di\u00e7ka dhe themi kjo \u00ebsht\u00eb shenja q\u00eb m\u00eb jep Zoti. Kjo \u00ebsht\u00eb ajo q\u00eb un\u00eb duhet t\u00eb bej. Na jep vazhdimisht Zoti, n\u00eb nj\u00eb m\u00ebnyr\u00eb ose n\u00eb nj\u00eb m\u00ebnyr\u00eb tjet\u00ebr at\u00eb shenj\u00eb q\u00eb ne i k\u00ebrkojm\u00eb.<\/p>\n<p style=\"text-align: justify;\">Problemi nuk q\u00ebndron tek dh\u00ebnia e shenj\u00ebs. Problemi q\u00ebndron tek ajo se \u00e7far\u00eb bejm\u00eb pasi Zoti na jep k\u00ebt\u00eb shenj\u00eb? Gedeonit i`u dha shenja e g\u00ebzofit me nj\u00eb arsye. Kush ishte arsyeja? Q\u00eb ai t\u00eb organizonte popullin dhe ushtrin\u00eb dhe t\u00eb luftonte armikun, gj\u00eb t\u00eb cil\u00ebn ai e b\u00ebri. Shenjat q\u00eb na jep Zoti vazhdimisht ndodhin q\u00eb t\u00eb shtojm\u00eb besimin ton\u00eb tek Zoti dhe me k\u00ebt\u00eb fuqi q\u00eb marim nga kjo shenj\u00eb ne t\u00eb vazhdojm\u00eb udh\u00ebtimin ton\u00eb. T\u00eb vazhdojm\u00eb udh\u00ebtimin ton\u00eb q\u00eb ta p\u00ebrfundojm\u00eb at\u00eb udh\u00ebtim, q\u00eb ta p\u00ebrmbushim udh\u00ebtimin ton\u00eb dhe t\u00eb shkojm\u00eb n\u00eb banes\u00ebn ton\u00eb t\u00eb p\u00ebrjet\u00ebshme. T\u00eb shkojm\u00eb dhe ne atje ku ishte ai Llazari i varf\u00ebr. T\u00eb shkojm\u00eb dhe ne n\u00eb gji t\u00eb Abrahamit. N\u00eb d\u00ebfrimin dhe n\u00eb Mbret\u00ebrin\u00eb e Per\u00ebndis\u00eb.<\/p>\n<p style=\"text-align: justify;\">K\u00ebshtu q\u00eb vazhdimisht, t\u00eb dashur besimtar\u00eb, le ti k\u00ebrkojm\u00eb Zotit shenj\u00eb, por vazhdimisht k\u00ebto shenja q\u00eb na ka dh\u00ebn\u00eb dhe na jep vazhdimisht Zoti, t\u00eb jen\u00eb at\u00eb shenja t\u00eb cilat na sigurojn\u00eb q\u00eb ne do t\u00eb udh\u00ebtojm\u00eb n\u00eb rrug\u00ebn e Per\u00ebndis\u00eb dhe do t\u00eb p\u00ebrjetojm\u00eb g\u00ebzimin e Zotit n\u00eb Mbret\u00ebrin\u00eb e p\u00ebrjet\u00ebshme. Amin!<\/p>\n<p style=\"text-align: justify;\">Nga predikimi i Mitropolitit t\u00eb Apollonis\u00eb &amp; Fierit, +Nikolla, E Diela e V e Lukait dt. 31\/10\/2021<\/p>\n<p style=\"text-align: justify;\">\n","protected":false},"excerpt":{"rendered":"<p>E Diela V e Llukait, M\u00eb jep nj\u00eb shenj\u00eb o Zot, nga Mitropoliti i Apollonis\u00eb &amp; Fierit, Nikolla, 31.10.2021\u00a0 &nbsp; &nbsp; \u201c M\u00eb jep nj\u00eb shenj\u00eb o Zot.\u201d K\u00ebt\u00eb lutje, t\u00eb dashur besimtar\u00eb, t\u00eb cil\u00ebn ne shpesh her\u00eb ia drejtojm\u00eb Zotit, e d\u00ebgjuam q\u00eb u b\u00eb dhe nga i pasuri, n\u00eb paravolin\u00eb, n\u00eb pjes\u00ebn e Ungjillit q\u00eb u lexua n\u00eb dit\u00ebn e sotme, q\u00eb i<\/p>\n","protected":false},"author":7,"featured_media":56312,"comment_status":"closed","ping_status":"closed","sticky":false,"template":"","format":"standard","meta":{"_acf_changed":false,"pagelayer_contact_templates":[],"_pagelayer_content":"","inline_featured_image":false,"fifu_image_url":"https:\/\/live.staticflickr.com\/65535\/51646642468_1f11cdd230_b.jpg","fifu_image_alt":"","footnotes":""},"categories":[2777],"tags":[206,2779],"class_list":["post-56308","post","type-post","status-publish","format-standard","has-post-thumbnail","hentry","category-predikimet-e-se-dieles-festive","tag-mitropolia-e-apollonise-dhe-e-fierit","tag-predikimet-e-se-dieles-festive"],"acf":[],"yoast_head":"<!-- This site is optimized with the Yoast SEO plugin v27.2 - https:\/\/yoast.com\/product\/yoast-seo-wordpress\/ -->\n<title>E Diela V e Llukait, M\u00eb jep nj\u00eb shenj\u00eb o Zot, nga Mitropoliti i Apollonis\u00eb &amp; Fierit, H.Nikolla,\u00a031.10.2021 (Tekst) - Kisha Orthodh\u03bfkse Autoqefale e Shqip\u00ebris\u00eb<\/title>\n<meta name=\"robots\" content=\"index, follow, max-snippet:-1, max-image-preview:large, max-video-preview:-1\" \/>\n<link rel=\"canonical\" href=\"https:\/\/orthodoxalbania.org\/2020\/2021\/10\/31\/e-diela-vi-e-llukait-me-jep-nje-shenje-o-zot-mitropolitit-te-apollonise-fierit-nikolla-31-10-2021-text\/\" \/>\n<meta property=\"og:locale\" content=\"en_US\" \/>\n<meta property=\"og:type\" content=\"article\" \/>\n<meta property=\"og:title\" content=\"E Diela V e Llukait, M\u00eb jep nj\u00eb shenj\u00eb o Zot, nga Mitropoliti i Apollonis\u00eb &amp; Fierit, H.Nikolla,\u00a031.10.2021 (Tekst) - Kisha Orthodh\u03bfkse Autoqefale e Shqip\u00ebris\u00eb\" \/>\n<meta property=\"og:description\" content=\"E Diela V e Llukait, M\u00eb jep nj\u00eb shenj\u00eb o Zot, nga Mitropoliti i Apollonis\u00eb &amp; Fierit, Nikolla, 31.10.2021\u00a0 &nbsp; &nbsp; \u201c M\u00eb jep nj\u00eb shenj\u00eb o Zot.\u201d K\u00ebt\u00eb lutje, t\u00eb dashur besimtar\u00eb, t\u00eb cil\u00ebn ne shpesh her\u00eb ia drejtojm\u00eb Zotit, e d\u00ebgjuam q\u00eb u b\u00eb dhe nga i pasuri, n\u00eb paravolin\u00eb, n\u00eb pjes\u00ebn e Ungjillit q\u00eb u lexua n\u00eb dit\u00ebn e sotme, q\u00eb i\" \/>\n<meta property=\"og:url\" content=\"https:\/\/orthodoxalbania.org\/2020\/2021\/10\/31\/e-diela-vi-e-llukait-me-jep-nje-shenje-o-zot-mitropolitit-te-apollonise-fierit-nikolla-31-10-2021-text\/\" \/>\n<meta property=\"og:site_name\" content=\"Kisha Orthodh\u03bfkse Autoqefale e Shqip\u00ebris\u00eb\" \/>\n<meta property=\"article:publisher\" content=\"https:\/\/www.facebook.com\/koash1991\" \/>\n<meta property=\"article:published_time\" content=\"2021-10-31T14:20:41+00:00\" \/>\n<meta property=\"article:modified_time\" content=\"2021-11-07T19:47:28+00:00\" \/>\n<meta property=\"og:image\" content=\"https:\/\/live.staticflickr.com\/65535\/51646642468_1f11cdd230_b.jpg\" \/>\n<meta name=\"author\" content=\"Kisha Orthodhokse\" \/>\n<meta name=\"twitter:card\" content=\"summary_large_image\" \/>\n<meta name=\"twitter:image\" content=\"https:\/\/live.staticflickr.com\/65535\/51646642468_1f11cdd230_b.jpg\" \/>\n<meta name=\"twitter:label1\" content=\"Written by\" \/>\n\t<meta name=\"twitter:data1\" content=\"Kisha Orthodhokse\" \/>\n\t<meta name=\"twitter:label2\" content=\"Est. reading time\" \/>\n\t<meta name=\"twitter:data2\" content=\"4 minutes\" \/>\n<script type=\"application\/ld+json\" class=\"yoast-schema-graph\">{\"@context\":\"https:\/\/schema.org\",\"@graph\":[{\"@type\":\"Article\",\"@id\":\"https:\/\/orthodoxalbania.org\/2020\/2021\/10\/31\/e-diela-vi-e-llukait-me-jep-nje-shenje-o-zot-mitropolitit-te-apollonise-fierit-nikolla-31-10-2021-text\/#article\",\"isPartOf\":{\"@id\":\"https:\/\/orthodoxalbania.org\/2020\/2021\/10\/31\/e-diela-vi-e-llukait-me-jep-nje-shenje-o-zot-mitropolitit-te-apollonise-fierit-nikolla-31-10-2021-text\/\"},\"author\":{\"name\":\"Kisha Orthodhokse\",\"@id\":\"https:\/\/orthodoxalbania.org\/2020\/#\/schema\/person\/df745f942b70e045b3dc05a30211f0de\"},\"headline\":\"E Diela V e Llukait, M\u00eb jep nj\u00eb shenj\u00eb o Zot, nga Mitropoliti i Apollonis\u00eb &#038; Fierit, H.Nikolla,\u00a031.10.2021 (Tekst)\",\"datePublished\":\"2021-10-31T14:20:41+00:00\",\"dateModified\":\"2021-11-07T19:47:28+00:00\",\"mainEntityOfPage\":{\"@id\":\"https:\/\/orthodoxalbania.org\/2020\/2021\/10\/31\/e-diela-vi-e-llukait-me-jep-nje-shenje-o-zot-mitropolitit-te-apollonise-fierit-nikolla-31-10-2021-text\/\"},\"wordCount\":995,\"publisher\":{\"@id\":\"https:\/\/orthodoxalbania.org\/2020\/#organization\"},\"image\":{\"@id\":\"https:\/\/orthodoxalbania.org\/2020\/2021\/10\/31\/e-diela-vi-e-llukait-me-jep-nje-shenje-o-zot-mitropolitit-te-apollonise-fierit-nikolla-31-10-2021-text\/#primaryimage\"},\"thumbnailUrl\":\"https:\/\/live.staticflickr.com\/65535\/51646642468_1f11cdd230_b.jpg\",\"keywords\":[\"Mitropolia e Apollonis\u00eb dhe Fierit\",\"Predikimet e se Dieles &amp; Festive\"],\"articleSection\":[\"Predikimet e se Dieles &amp; Festive\"],\"inLanguage\":\"en-US\"},{\"@type\":\"WebPage\",\"@id\":\"https:\/\/orthodoxalbania.org\/2020\/2021\/10\/31\/e-diela-vi-e-llukait-me-jep-nje-shenje-o-zot-mitropolitit-te-apollonise-fierit-nikolla-31-10-2021-text\/\",\"url\":\"https:\/\/orthodoxalbania.org\/2020\/2021\/10\/31\/e-diela-vi-e-llukait-me-jep-nje-shenje-o-zot-mitropolitit-te-apollonise-fierit-nikolla-31-10-2021-text\/\",\"name\":\"E Diela V e Llukait, M\u00eb jep nj\u00eb shenj\u00eb o Zot, nga Mitropoliti i Apollonis\u00eb & Fierit, H.Nikolla,\u00a031.10.2021 (Tekst) - Kisha Orthodh\u03bfkse Autoqefale e Shqip\u00ebris\u00eb\",\"isPartOf\":{\"@id\":\"https:\/\/orthodoxalbania.org\/2020\/#website\"},\"primaryImageOfPage\":{\"@id\":\"https:\/\/orthodoxalbania.org\/2020\/2021\/10\/31\/e-diela-vi-e-llukait-me-jep-nje-shenje-o-zot-mitropolitit-te-apollonise-fierit-nikolla-31-10-2021-text\/#primaryimage\"},\"image\":{\"@id\":\"https:\/\/orthodoxalbania.org\/2020\/2021\/10\/31\/e-diela-vi-e-llukait-me-jep-nje-shenje-o-zot-mitropolitit-te-apollonise-fierit-nikolla-31-10-2021-text\/#primaryimage\"},\"thumbnailUrl\":\"https:\/\/live.staticflickr.com\/65535\/51646642468_1f11cdd230_b.jpg\",\"datePublished\":\"2021-10-31T14:20:41+00:00\",\"dateModified\":\"2021-11-07T19:47:28+00:00\",\"breadcrumb\":{\"@id\":\"https:\/\/orthodoxalbania.org\/2020\/2021\/10\/31\/e-diela-vi-e-llukait-me-jep-nje-shenje-o-zot-mitropolitit-te-apollonise-fierit-nikolla-31-10-2021-text\/#breadcrumb\"},\"inLanguage\":\"en-US\",\"potentialAction\":[{\"@type\":\"ReadAction\",\"target\":[\"https:\/\/orthodoxalbania.org\/2020\/2021\/10\/31\/e-diela-vi-e-llukait-me-jep-nje-shenje-o-zot-mitropolitit-te-apollonise-fierit-nikolla-31-10-2021-text\/\"]}]},{\"@type\":\"ImageObject\",\"inLanguage\":\"en-US\",\"@id\":\"https:\/\/orthodoxalbania.org\/2020\/2021\/10\/31\/e-diela-vi-e-llukait-me-jep-nje-shenje-o-zot-mitropolitit-te-apollonise-fierit-nikolla-31-10-2021-text\/#primaryimage\",\"url\":\"https:\/\/live.staticflickr.com\/65535\/51646642468_1f11cdd230_b.jpg\",\"contentUrl\":\"https:\/\/live.staticflickr.com\/65535\/51646642468_1f11cdd230_b.jpg\",\"width\":\"400\",\"height\":\"288\"},{\"@type\":\"BreadcrumbList\",\"@id\":\"https:\/\/orthodoxalbania.org\/2020\/2021\/10\/31\/e-diela-vi-e-llukait-me-jep-nje-shenje-o-zot-mitropolitit-te-apollonise-fierit-nikolla-31-10-2021-text\/#breadcrumb\",\"itemListElement\":[{\"@type\":\"ListItem\",\"position\":1,\"name\":\"Home\",\"item\":\"https:\/\/orthodoxalbania.org\/2020\/\"},{\"@type\":\"ListItem\",\"position\":2,\"name\":\"E Diela V e Llukait, M\u00eb jep nj\u00eb shenj\u00eb o Zot, nga Mitropoliti i Apollonis\u00eb &#038; Fierit, H.Nikolla,\u00a031.10.2021 (Tekst)\"}]},{\"@type\":\"WebSite\",\"@id\":\"https:\/\/orthodoxalbania.org\/2020\/#website\",\"url\":\"https:\/\/orthodoxalbania.org\/2020\/\",\"name\":\"Kisha Orthodh\u03bfkse Autoqefale e Shqip\u00ebris\u00eb\",\"description\":\"Fqja Zyrtare e Kish\u00ebs Orthodhokse Autoqefale e Shqip\u00ebris\u00eb me lajmet edhe informacionet zyrtare p\u00ebr struktur\u00ebn edhe veprimtarin e saj.\",\"publisher\":{\"@id\":\"https:\/\/orthodoxalbania.org\/2020\/#organization\"},\"potentialAction\":[{\"@type\":\"SearchAction\",\"target\":{\"@type\":\"EntryPoint\",\"urlTemplate\":\"https:\/\/orthodoxalbania.org\/2020\/?s={search_term_string}\"},\"query-input\":{\"@type\":\"PropertyValueSpecification\",\"valueRequired\":true,\"valueName\":\"search_term_string\"}}],\"inLanguage\":\"en-US\"},{\"@type\":\"Organization\",\"@id\":\"https:\/\/orthodoxalbania.org\/2020\/#organization\",\"name\":\"Kisha Orthodhokse Autoqefale e Shqip\u00ebris\u00eb\",\"url\":\"https:\/\/orthodoxalbania.org\/2020\/\",\"logo\":{\"@type\":\"ImageObject\",\"inLanguage\":\"en-US\",\"@id\":\"https:\/\/orthodoxalbania.org\/2020\/#\/schema\/logo\/image\/\",\"url\":\"https:\/\/orthodoxalbania.org\/2020\/wp-content\/uploads\/2020\/05\/albania.jpeg\",\"contentUrl\":\"https:\/\/orthodoxalbania.org\/2020\/wp-content\/uploads\/2020\/05\/albania.jpeg\",\"width\":540,\"height\":540,\"caption\":\"Kisha Orthodhokse Autoqefale e Shqip\u00ebris\u00eb\"},\"image\":{\"@id\":\"https:\/\/orthodoxalbania.org\/2020\/#\/schema\/logo\/image\/\"},\"sameAs\":[\"https:\/\/www.facebook.com\/koash1991\"]},{\"@type\":\"Person\",\"@id\":\"https:\/\/orthodoxalbania.org\/2020\/#\/schema\/person\/df745f942b70e045b3dc05a30211f0de\",\"name\":\"Kisha Orthodhokse\",\"image\":{\"@type\":\"ImageObject\",\"inLanguage\":\"en-US\",\"@id\":\"https:\/\/secure.gravatar.com\/avatar\/2676eb8d97178435c9f691a7871595a1da6c33542dec218bce40885573150e28?s=96&d=mm&r=g\",\"url\":\"https:\/\/secure.gravatar.com\/avatar\/2676eb8d97178435c9f691a7871595a1da6c33542dec218bce40885573150e28?s=96&d=mm&r=g\",\"contentUrl\":\"https:\/\/secure.gravatar.com\/avatar\/2676eb8d97178435c9f691a7871595a1da6c33542dec218bce40885573150e28?s=96&d=mm&r=g\",\"caption\":\"Kisha Orthodhokse\"}}]}<\/script>\n<!-- \/ Yoast SEO plugin. -->","yoast_head_json":{"title":"E Diela V e Llukait, M\u00eb jep nj\u00eb shenj\u00eb o Zot, nga Mitropoliti i Apollonis\u00eb & Fierit, H.Nikolla,\u00a031.10.2021 (Tekst) - Kisha Orthodh\u03bfkse Autoqefale e Shqip\u00ebris\u00eb","robots":{"index":"index","follow":"follow","max-snippet":"max-snippet:-1","max-image-preview":"max-image-preview:large","max-video-preview":"max-video-preview:-1"},"canonical":"https:\/\/orthodoxalbania.org\/2020\/2021\/10\/31\/e-diela-vi-e-llukait-me-jep-nje-shenje-o-zot-mitropolitit-te-apollonise-fierit-nikolla-31-10-2021-text\/","og_locale":"en_US","og_type":"article","og_title":"E Diela V e Llukait, M\u00eb jep nj\u00eb shenj\u00eb o Zot, nga Mitropoliti i Apollonis\u00eb & Fierit, H.Nikolla,\u00a031.10.2021 (Tekst) - Kisha Orthodh\u03bfkse Autoqefale e Shqip\u00ebris\u00eb","og_description":"E Diela V e Llukait, M\u00eb jep nj\u00eb shenj\u00eb o Zot, nga Mitropoliti i Apollonis\u00eb &amp; Fierit, Nikolla, 31.10.2021\u00a0 &nbsp; &nbsp; \u201c M\u00eb jep nj\u00eb shenj\u00eb o Zot.\u201d K\u00ebt\u00eb lutje, t\u00eb dashur besimtar\u00eb, t\u00eb cil\u00ebn ne shpesh her\u00eb ia drejtojm\u00eb Zotit, e d\u00ebgjuam q\u00eb u b\u00eb dhe nga i pasuri, n\u00eb paravolin\u00eb, n\u00eb pjes\u00ebn e Ungjillit q\u00eb u lexua n\u00eb dit\u00ebn e sotme, q\u00eb i","og_url":"https:\/\/orthodoxalbania.org\/2020\/2021\/10\/31\/e-diela-vi-e-llukait-me-jep-nje-shenje-o-zot-mitropolitit-te-apollonise-fierit-nikolla-31-10-2021-text\/","og_site_name":"Kisha Orthodh\u03bfkse Autoqefale e Shqip\u00ebris\u00eb","article_publisher":"https:\/\/www.facebook.com\/koash1991","article_published_time":"2021-10-31T14:20:41+00:00","article_modified_time":"2021-11-07T19:47:28+00:00","og_image":[{"url":"https:\/\/live.staticflickr.com\/65535\/51646642468_1f11cdd230_b.jpg","type":"","width":"","height":""}],"author":"Kisha Orthodhokse","twitter_card":"summary_large_image","twitter_image":"https:\/\/live.staticflickr.com\/65535\/51646642468_1f11cdd230_b.jpg","twitter_misc":{"Written by":"Kisha Orthodhokse","Est. reading time":"4 minutes"},"schema":{"@context":"https:\/\/schema.org","@graph":[{"@type":"Article","@id":"https:\/\/orthodoxalbania.org\/2020\/2021\/10\/31\/e-diela-vi-e-llukait-me-jep-nje-shenje-o-zot-mitropolitit-te-apollonise-fierit-nikolla-31-10-2021-text\/#article","isPartOf":{"@id":"https:\/\/orthodoxalbania.org\/2020\/2021\/10\/31\/e-diela-vi-e-llukait-me-jep-nje-shenje-o-zot-mitropolitit-te-apollonise-fierit-nikolla-31-10-2021-text\/"},"author":{"name":"Kisha Orthodhokse","@id":"https:\/\/orthodoxalbania.org\/2020\/#\/schema\/person\/df745f942b70e045b3dc05a30211f0de"},"headline":"E Diela V e Llukait, M\u00eb jep nj\u00eb shenj\u00eb o Zot, nga Mitropoliti i Apollonis\u00eb &#038; Fierit, H.Nikolla,\u00a031.10.2021 (Tekst)","datePublished":"2021-10-31T14:20:41+00:00","dateModified":"2021-11-07T19:47:28+00:00","mainEntityOfPage":{"@id":"https:\/\/orthodoxalbania.org\/2020\/2021\/10\/31\/e-diela-vi-e-llukait-me-jep-nje-shenje-o-zot-mitropolitit-te-apollonise-fierit-nikolla-31-10-2021-text\/"},"wordCount":995,"publisher":{"@id":"https:\/\/orthodoxalbania.org\/2020\/#organization"},"image":{"@id":"https:\/\/orthodoxalbania.org\/2020\/2021\/10\/31\/e-diela-vi-e-llukait-me-jep-nje-shenje-o-zot-mitropolitit-te-apollonise-fierit-nikolla-31-10-2021-text\/#primaryimage"},"thumbnailUrl":"https:\/\/live.staticflickr.com\/65535\/51646642468_1f11cdd230_b.jpg","keywords":["Mitropolia e Apollonis\u00eb dhe Fierit","Predikimet e se Dieles &amp; Festive"],"articleSection":["Predikimet e se Dieles &amp; Festive"],"inLanguage":"en-US"},{"@type":"WebPage","@id":"https:\/\/orthodoxalbania.org\/2020\/2021\/10\/31\/e-diela-vi-e-llukait-me-jep-nje-shenje-o-zot-mitropolitit-te-apollonise-fierit-nikolla-31-10-2021-text\/","url":"https:\/\/orthodoxalbania.org\/2020\/2021\/10\/31\/e-diela-vi-e-llukait-me-jep-nje-shenje-o-zot-mitropolitit-te-apollonise-fierit-nikolla-31-10-2021-text\/","name":"E Diela V e Llukait, M\u00eb jep nj\u00eb shenj\u00eb o Zot, nga Mitropoliti i Apollonis\u00eb & Fierit, H.Nikolla,\u00a031.10.2021 (Tekst) - Kisha Orthodh\u03bfkse Autoqefale e Shqip\u00ebris\u00eb","isPartOf":{"@id":"https:\/\/orthodoxalbania.org\/2020\/#website"},"primaryImageOfPage":{"@id":"https:\/\/orthodoxalbania.org\/2020\/2021\/10\/31\/e-diela-vi-e-llukait-me-jep-nje-shenje-o-zot-mitropolitit-te-apollonise-fierit-nikolla-31-10-2021-text\/#primaryimage"},"image":{"@id":"https:\/\/orthodoxalbania.org\/2020\/2021\/10\/31\/e-diela-vi-e-llukait-me-jep-nje-shenje-o-zot-mitropolitit-te-apollonise-fierit-nikolla-31-10-2021-text\/#primaryimage"},"thumbnailUrl":"https:\/\/live.staticflickr.com\/65535\/51646642468_1f11cdd230_b.jpg","datePublished":"2021-10-31T14:20:41+00:00","dateModified":"2021-11-07T19:47:28+00:00","breadcrumb":{"@id":"https:\/\/orthodoxalbania.org\/2020\/2021\/10\/31\/e-diela-vi-e-llukait-me-jep-nje-shenje-o-zot-mitropolitit-te-apollonise-fierit-nikolla-31-10-2021-text\/#breadcrumb"},"inLanguage":"en-US","potentialAction":[{"@type":"ReadAction","target":["https:\/\/orthodoxalbania.org\/2020\/2021\/10\/31\/e-diela-vi-e-llukait-me-jep-nje-shenje-o-zot-mitropolitit-te-apollonise-fierit-nikolla-31-10-2021-text\/"]}]},{"@type":"ImageObject","inLanguage":"en-US","@id":"https:\/\/orthodoxalbania.org\/2020\/2021\/10\/31\/e-diela-vi-e-llukait-me-jep-nje-shenje-o-zot-mitropolitit-te-apollonise-fierit-nikolla-31-10-2021-text\/#primaryimage","url":"https:\/\/live.staticflickr.com\/65535\/51646642468_1f11cdd230_b.jpg","contentUrl":"https:\/\/live.staticflickr.com\/65535\/51646642468_1f11cdd230_b.jpg","width":"400","height":"288"},{"@type":"BreadcrumbList","@id":"https:\/\/orthodoxalbania.org\/2020\/2021\/10\/31\/e-diela-vi-e-llukait-me-jep-nje-shenje-o-zot-mitropolitit-te-apollonise-fierit-nikolla-31-10-2021-text\/#breadcrumb","itemListElement":[{"@type":"ListItem","position":1,"name":"Home","item":"https:\/\/orthodoxalbania.org\/2020\/"},{"@type":"ListItem","position":2,"name":"E Diela V e Llukait, M\u00eb jep nj\u00eb shenj\u00eb o Zot, nga Mitropoliti i Apollonis\u00eb &#038; Fierit, H.Nikolla,\u00a031.10.2021 (Tekst)"}]},{"@type":"WebSite","@id":"https:\/\/orthodoxalbania.org\/2020\/#website","url":"https:\/\/orthodoxalbania.org\/2020\/","name":"Kisha Orthodh\u03bfkse Autoqefale e Shqip\u00ebris\u00eb","description":"Fqja Zyrtare e Kish\u00ebs Orthodhokse Autoqefale e Shqip\u00ebris\u00eb me lajmet edhe informacionet zyrtare p\u00ebr struktur\u00ebn edhe veprimtarin e saj.","publisher":{"@id":"https:\/\/orthodoxalbania.org\/2020\/#organization"},"potentialAction":[{"@type":"SearchAction","target":{"@type":"EntryPoint","urlTemplate":"https:\/\/orthodoxalbania.org\/2020\/?s={search_term_string}"},"query-input":{"@type":"PropertyValueSpecification","valueRequired":true,"valueName":"search_term_string"}}],"inLanguage":"en-US"},{"@type":"Organization","@id":"https:\/\/orthodoxalbania.org\/2020\/#organization","name":"Kisha Orthodhokse Autoqefale e Shqip\u00ebris\u00eb","url":"https:\/\/orthodoxalbania.org\/2020\/","logo":{"@type":"ImageObject","inLanguage":"en-US","@id":"https:\/\/orthodoxalbania.org\/2020\/#\/schema\/logo\/image\/","url":"https:\/\/orthodoxalbania.org\/2020\/wp-content\/uploads\/2020\/05\/albania.jpeg","contentUrl":"https:\/\/orthodoxalbania.org\/2020\/wp-content\/uploads\/2020\/05\/albania.jpeg","width":540,"height":540,"caption":"Kisha Orthodhokse Autoqefale e Shqip\u00ebris\u00eb"},"image":{"@id":"https:\/\/orthodoxalbania.org\/2020\/#\/schema\/logo\/image\/"},"sameAs":["https:\/\/www.facebook.com\/koash1991"]},{"@type":"Person","@id":"https:\/\/orthodoxalbania.org\/2020\/#\/schema\/person\/df745f942b70e045b3dc05a30211f0de","name":"Kisha Orthodhokse","image":{"@type":"ImageObject","inLanguage":"en-US","@id":"https:\/\/secure.gravatar.com\/avatar\/2676eb8d97178435c9f691a7871595a1da6c33542dec218bce40885573150e28?s=96&d=mm&r=g","url":"https:\/\/secure.gravatar.com\/avatar\/2676eb8d97178435c9f691a7871595a1da6c33542dec218bce40885573150e28?s=96&d=mm&r=g","contentUrl":"https:\/\/secure.gravatar.com\/avatar\/2676eb8d97178435c9f691a7871595a1da6c33542dec218bce40885573150e28?s=96&d=mm&r=g","caption":"Kisha Orthodhokse"}}]}},"_links":{"self":[{"href":"https:\/\/orthodoxalbania.org\/2020\/wp-json\/wp\/v2\/posts\/56308","targetHints":{"allow":["GET"]}}],"collection":[{"href":"https:\/\/orthodoxalbania.org\/2020\/wp-json\/wp\/v2\/posts"}],"about":[{"href":"https:\/\/orthodoxalbania.org\/2020\/wp-json\/wp\/v2\/types\/post"}],"author":[{"embeddable":true,"href":"https:\/\/orthodoxalbania.org\/2020\/wp-json\/wp\/v2\/users\/7"}],"replies":[{"embeddable":true,"href":"https:\/\/orthodoxalbania.org\/2020\/wp-json\/wp\/v2\/comments?post=56308"}],"version-history":[{"count":6,"href":"https:\/\/orthodoxalbania.org\/2020\/wp-json\/wp\/v2\/posts\/56308\/revisions"}],"predecessor-version":[{"id":56387,"href":"https:\/\/orthodoxalbania.org\/2020\/wp-json\/wp\/v2\/posts\/56308\/revisions\/56387"}],"wp:featuredmedia":[{"embeddable":true,"href":"https:\/\/orthodoxalbania.org\/2020\/wp-json\/wp\/v2\/media\/56312"}],"wp:attachment":[{"href":"https:\/\/orthodoxalbania.org\/2020\/wp-json\/wp\/v2\/media?parent=56308"}],"wp:term":[{"taxonomy":"category","embeddable":true,"href":"https:\/\/orthodoxalbania.org\/2020\/wp-json\/wp\/v2\/categories?post=56308"},{"taxonomy":"post_tag","embeddable":true,"href":"https:\/\/orthodoxalbania.org\/2020\/wp-json\/wp\/v2\/tags?post=56308"}],"curies":[{"name":"wp","href":"https:\/\/api.w.org\/{rel}","templated":true}]}}