{"id":563,"date":"2013-03-21T12:20:55","date_gmt":"2013-03-21T12:20:55","guid":{"rendered":""},"modified":"2020-04-06T22:05:58","modified_gmt":"2020-04-06T20:05:58","slug":"filloi-viti-i-ri-akademik-2012-2013-ne-akademine-teologjike-ngjallja-e-krishtit","status":"publish","type":"post","link":"https:\/\/orthodoxalbania.org\/2020\/2013\/03\/21\/filloi-viti-i-ri-akademik-2012-2013-ne-akademine-teologjike-ngjallja-e-krishtit\/","title":{"rendered":"Filloi viti I ri akademik 2012-2013 n\u00eb Akademin\u00eb Teologjike \u201cNgjallja e Krishtit\u201d. (1 Tetor 2012)"},"content":{"rendered":"<div style=\"text-align: justify;\"><span style=\"color: #000000; font-family: helvetica;\"><img class=\"lazyload\" decoding=\"async\" style=\"width: 300px; height: 225px; border-width: 1px; border-style: solid; margin: 10px; float: left;\" alt=\"\" src=\"data:image\/gif;base64,R0lGODlhAQABAAAAACH5BAEKAAEALAAAAAABAAEAAAICTAEAOw==\" data-orig-src=\"https:\/\/lh5.googleusercontent.com\/-Ug01MLS_5vs\/UK9HWvTHmlI\/AAAAAAAABKs\/VW04DP2fK3Q\/s640\/IMG_4866.JPG\" \/><span style=\"font-size: 12pt;\">&nbsp;&nbsp;&nbsp; Filloi viti m\u00ebsimor 2012-2013n\u00eb Akademin\u00eb Teologjike \u201cNgjallja e Krishtit\u201d me ambjente n\u00eb manastirin e Sh\u00ebn Vlashit n\u00eb Durr\u00ebs. Dita e par\u00eb e nj\u00eb viti m\u00ebsimor n\u00eb k\u00ebt\u00eb Akademi filloi me sh\u00ebrbes\u00ebn e Ajazm\u00ebs. Kjo sh\u00ebrbes\u00eb u kryesua nga Hir\u00ebsi Nikolli Episkopi I Apollonis\u00eb, nj\u00ebkoh\u00ebsisht drejtor I k\u00ebsaj Akademie.<\/span><\/span><\/div>\n<div style=\"text-align: justify;\"><span style=\"color: #000000; font-family: helvetica; font-size: 12pt;\"> &nbsp;&nbsp;&nbsp; Merrnin pjes\u00eb n\u00eb k\u00ebt\u00eb sh\u00ebrbes\u00eb edhe Hir\u00ebsi Asti, Episkopi I Bylisit, nj\u00ebkoh\u00ebsisht pedagog n\u00eb k\u00ebt\u00eb Akademi, gjithashtu merrnin pjes\u00eb pedagog\u00eb, student\u00ebt edhe I gjith\u00eb stafi ndihm\u00ebs I Akademis\u00eb Teologjike \u201cNgjallja e Krishtit\u201d, t\u00eb cil\u00ebt mor\u00ebn bekimin p\u00ebr vitin e ri m\u00ebsimor 2012-2013.<\/span><\/div>\n<div style=\"text-align: justify;\"><span style=\"color: #000000; font-family: helvetica; font-size: 12pt;\"> &nbsp;&nbsp;&nbsp; Nj\u00eb ngjarje didi e ve\u00e7ant\u00eb, 1 tetori 2012 p\u00ebr student\u00ebt, pedagog\u00ebt, klerik\u00ebt dhe personelin ndihm\u00ebs.\u00cbsht\u00eb n\u00eb fakt dita e par\u00eb e nj\u00eb decade t\u00eb re, e dekad\u00ebs s\u00eb tret\u00eb t\u00eb jet\u00ebs s\u00eb Akademis\u00eb \u201cNgjallja e Krishtit\u201d n\u00eb Sh\u00ebn Vlash t\u00eb Durr\u00ebsit.<\/span><\/div>\n<div style=\"text-align: justify;\"><span style=\"color: #000000; font-family: helvetica; font-size: 12pt;\"> &nbsp;&nbsp;&nbsp; Cilat jan\u00eb sfidat apo t\u00eb rejat q\u00eb Kryepiskopi Anastas sjell p\u00ebr t\u00eb gjith\u00eb student\u00ebt dhe stafin? Cili \u00ebsht\u00eb q\u00ebllimi I k\u00ebsaj Akademie n\u00eb vitet q\u00eb vijn\u00eb? Cilat jan\u00eb detyrat e student\u00ebve, pedagog\u00ebve n\u00eb vitet e ardhshme? N\u00eb k\u00ebto pika u ndal Hir\u00ebsi Nikolla, n\u00eb fjal\u00ebn e tij p\u00ebrsh\u00ebndet\u00ebsen\u00eb fund t\u00eb sh\u00ebrbes\u00ebs s\u00eb Ajazm\u00ebs, gjithashtu ai solli dhe p\u00ebrsh\u00ebndetjen e Kryebariut t\u00eb Kish\u00ebs son\u00eb, Fortlumturis\u00eb s\u00eb Tij, Imzot Anastasit.&nbsp;&nbsp;<\/span><\/div>\n<div style=\"text-align: justify;\"><span style=\"font-family: helvetica; font-size: 12pt;\"><\/span><\/div>\n<div style=\"text-align: justify;\"><span style=\"font-family: helvetica; font-size: 12pt;\"><\/span><\/div>\n<p><span style=\"color: #000000; font-family: helvetica; font-size: 12pt;\"><img class=\"lazyload\" decoding=\"async\" style=\"width: 600px; height: 450px; border-width: 1px; border-style: solid; margin: 10px; float: left;\" alt=\"\" src=\"data:image\/gif;base64,R0lGODlhAQABAAAAACH5BAEKAAEALAAAAAABAAEAAAICTAEAOw==\" data-orig-src=\"https:\/\/lh5.googleusercontent.com\/-DDBEZH7Dck8\/UK9HXMq5mJI\/AAAAAAAABK4\/zgJIiZdeA8s\/s640\/IMG_4888.JPG\" \/><\/span><\/p>\n<p><span style=\"color: #000000; font-family: helvetica; font-size: 12pt;\"><img class=\"lazyload\" decoding=\"async\" style=\"width: 600px; height: 450px; border-width: 1px; border-style: solid; margin: 10px; float: left;\" alt=\"\" src=\"data:image\/gif;base64,R0lGODlhAQABAAAAACH5BAEKAAEALAAAAAABAAEAAAICTAEAOw==\" data-orig-src=\"https:\/\/lh4.googleusercontent.com\/-g91nNxwgzAk\/UK9HXIS0VcI\/AAAAAAAABKw\/yj-8AIvSz7g\/s640\/IMG_4868.JPG\" \/><\/span><\/p>\n","protected":false},"excerpt":{"rendered":"<p>&nbsp;&nbsp;&nbsp; Filloi viti m\u00ebsimor 2012-2013n\u00eb Akademin\u00eb Teologjike \u201cNgjallja e Krishtit\u201d me ambjente n\u00eb manastirin e Sh\u00ebn Vlashit n\u00eb Durr\u00ebs. Dita e par\u00eb e nj\u00eb viti m\u00ebsimor n\u00eb k\u00ebt\u00eb Akademi filloi me sh\u00ebrbes\u00ebn e Ajazm\u00ebs. Kjo sh\u00ebrbes\u00eb u kryesua nga Hir\u00ebsi Nikolli Episkopi I Apollonis\u00eb, nj\u00ebkoh\u00ebsisht drejtor I k\u00ebsaj Akademie. &nbsp;&nbsp;&nbsp; Merrnin pjes\u00eb n\u00eb k\u00ebt\u00eb sh\u00ebrbes\u00eb edhe Hir\u00ebsi Asti, Episkopi I Bylisit, nj\u00ebkoh\u00ebsisht pedagog n\u00eb k\u00ebt\u00eb<\/p>\n","protected":false},"author":1,"featured_media":0,"comment_status":"open","ping_status":"open","sticky":false,"template":"","format":"standard","meta":{"_acf_changed":false,"pagelayer_contact_templates":[],"_pagelayer_content":"","inline_featured_image":false,"fifu_image_url":"","fifu_image_alt":"","footnotes":""},"categories":[108],"tags":[142,169,196,212],"class_list":["post-563","post","type-post","status-publish","format-standard","hentry","category-lajme","tag-142","tag-akademia-teologjike","tag-tirane","tag-lajme-d27"],"acf":[],"yoast_head":"<!-- This site is optimized with the Yoast SEO plugin v27.2 - https:\/\/yoast.com\/product\/yoast-seo-wordpress\/ -->\n<title>Filloi viti I ri akademik 2012-2013 n\u00eb Akademin\u00eb Teologjike \u201cNgjallja e Krishtit\u201d. (1 Tetor 2012) - Kisha Orthodh\u03bfkse Autoqefale e Shqip\u00ebris\u00eb<\/title>\n<meta name=\"robots\" content=\"index, follow, max-snippet:-1, max-image-preview:large, max-video-preview:-1\" \/>\n<link rel=\"canonical\" href=\"https:\/\/orthodoxalbania.org\/2020\/2013\/03\/21\/filloi-viti-i-ri-akademik-2012-2013-ne-akademine-teologjike-ngjallja-e-krishtit\/\" \/>\n<meta property=\"og:locale\" content=\"en_US\" \/>\n<meta property=\"og:type\" content=\"article\" \/>\n<meta property=\"og:title\" content=\"Filloi viti I ri akademik 2012-2013 n\u00eb Akademin\u00eb Teologjike \u201cNgjallja e Krishtit\u201d. (1 Tetor 2012) - Kisha Orthodh\u03bfkse Autoqefale e Shqip\u00ebris\u00eb\" \/>\n<meta property=\"og:description\" content=\"&nbsp;&nbsp;&nbsp; Filloi viti m\u00ebsimor 2012-2013n\u00eb Akademin\u00eb Teologjike \u201cNgjallja e Krishtit\u201d me ambjente n\u00eb manastirin e Sh\u00ebn Vlashit n\u00eb Durr\u00ebs. Dita e par\u00eb e nj\u00eb viti m\u00ebsimor n\u00eb k\u00ebt\u00eb Akademi filloi me sh\u00ebrbes\u00ebn e Ajazm\u00ebs. Kjo sh\u00ebrbes\u00eb u kryesua nga Hir\u00ebsi Nikolli Episkopi I Apollonis\u00eb, nj\u00ebkoh\u00ebsisht drejtor I k\u00ebsaj Akademie. &nbsp;&nbsp;&nbsp; Merrnin pjes\u00eb n\u00eb k\u00ebt\u00eb sh\u00ebrbes\u00eb edhe Hir\u00ebsi Asti, Episkopi I Bylisit, nj\u00ebkoh\u00ebsisht pedagog n\u00eb k\u00ebt\u00eb\" \/>\n<meta property=\"og:url\" content=\"https:\/\/orthodoxalbania.org\/2020\/2013\/03\/21\/filloi-viti-i-ri-akademik-2012-2013-ne-akademine-teologjike-ngjallja-e-krishtit\/\" \/>\n<meta property=\"og:site_name\" content=\"Kisha Orthodh\u03bfkse Autoqefale e Shqip\u00ebris\u00eb\" \/>\n<meta property=\"article:publisher\" content=\"https:\/\/www.facebook.com\/koash1991\" \/>\n<meta property=\"article:published_time\" content=\"2013-03-21T12:20:55+00:00\" \/>\n<meta property=\"article:modified_time\" content=\"2020-04-06T20:05:58+00:00\" \/>\n<meta property=\"og:image\" content=\"https:\/\/lh5.googleusercontent.com\/-Ug01MLS_5vs\/UK9HWvTHmlI\/AAAAAAAABKs\/VW04DP2fK3Q\/s640\/IMG_4866.JPG\" \/>\n<meta name=\"author\" content=\"Kisha Orthodhokse\" \/>\n<meta name=\"twitter:card\" content=\"summary_large_image\" \/>\n<meta name=\"twitter:label1\" content=\"Written by\" \/>\n\t<meta name=\"twitter:data1\" content=\"Kisha Orthodhokse\" \/>\n\t<meta name=\"twitter:label2\" content=\"Est. reading time\" \/>\n\t<meta name=\"twitter:data2\" content=\"1 minute\" \/>\n<script type=\"application\/ld+json\" class=\"yoast-schema-graph\">{\"@context\":\"https:\/\/schema.org\",\"@graph\":[{\"@type\":\"Article\",\"@id\":\"https:\/\/orthodoxalbania.org\/2020\/2013\/03\/21\/filloi-viti-i-ri-akademik-2012-2013-ne-akademine-teologjike-ngjallja-e-krishtit\/#article\",\"isPartOf\":{\"@id\":\"https:\/\/orthodoxalbania.org\/2020\/2013\/03\/21\/filloi-viti-i-ri-akademik-2012-2013-ne-akademine-teologjike-ngjallja-e-krishtit\/\"},\"author\":{\"name\":\"Kisha Orthodhokse\",\"@id\":\"https:\/\/orthodoxalbania.org\/2020\/#\/schema\/person\/0c387634a7063ac612d7ed9ce71c7e86\"},\"headline\":\"Filloi viti I ri akademik 2012-2013 n\u00eb Akademin\u00eb Teologjike \u201cNgjallja e Krishtit\u201d. (1 Tetor 2012)\",\"datePublished\":\"2013-03-21T12:20:55+00:00\",\"dateModified\":\"2020-04-06T20:05:58+00:00\",\"mainEntityOfPage\":{\"@id\":\"https:\/\/orthodoxalbania.org\/2020\/2013\/03\/21\/filloi-viti-i-ri-akademik-2012-2013-ne-akademine-teologjike-ngjallja-e-krishtit\/\"},\"wordCount\":279,\"commentCount\":0,\"publisher\":{\"@id\":\"https:\/\/orthodoxalbania.org\/2020\/#organization\"},\"image\":{\"@id\":\"https:\/\/orthodoxalbania.org\/2020\/2013\/03\/21\/filloi-viti-i-ri-akademik-2012-2013-ne-akademine-teologjike-ngjallja-e-krishtit\/#primaryimage\"},\"thumbnailUrl\":\"https:\/\/lh5.googleusercontent.com\/-Ug01MLS_5vs\/UK9HWvTHmlI\/AAAAAAAABKs\/VW04DP2fK3Q\/s640\/IMG_4866.JPG\",\"keywords\":[\"2012\",\"Akademia Teologjike\",\"Kryepiskopata Tiran\u00eb\",\"lajme\"],\"articleSection\":[\"Lajme\"],\"inLanguage\":\"en-US\"},{\"@type\":\"WebPage\",\"@id\":\"https:\/\/orthodoxalbania.org\/2020\/2013\/03\/21\/filloi-viti-i-ri-akademik-2012-2013-ne-akademine-teologjike-ngjallja-e-krishtit\/\",\"url\":\"https:\/\/orthodoxalbania.org\/2020\/2013\/03\/21\/filloi-viti-i-ri-akademik-2012-2013-ne-akademine-teologjike-ngjallja-e-krishtit\/\",\"name\":\"Filloi viti I ri akademik 2012-2013 n\u00eb Akademin\u00eb Teologjike \u201cNgjallja e Krishtit\u201d. (1 Tetor 2012) - Kisha Orthodh\u03bfkse Autoqefale e Shqip\u00ebris\u00eb\",\"isPartOf\":{\"@id\":\"https:\/\/orthodoxalbania.org\/2020\/#website\"},\"primaryImageOfPage\":{\"@id\":\"https:\/\/orthodoxalbania.org\/2020\/2013\/03\/21\/filloi-viti-i-ri-akademik-2012-2013-ne-akademine-teologjike-ngjallja-e-krishtit\/#primaryimage\"},\"image\":{\"@id\":\"https:\/\/orthodoxalbania.org\/2020\/2013\/03\/21\/filloi-viti-i-ri-akademik-2012-2013-ne-akademine-teologjike-ngjallja-e-krishtit\/#primaryimage\"},\"thumbnailUrl\":\"https:\/\/lh5.googleusercontent.com\/-Ug01MLS_5vs\/UK9HWvTHmlI\/AAAAAAAABKs\/VW04DP2fK3Q\/s640\/IMG_4866.JPG\",\"datePublished\":\"2013-03-21T12:20:55+00:00\",\"dateModified\":\"2020-04-06T20:05:58+00:00\",\"breadcrumb\":{\"@id\":\"https:\/\/orthodoxalbania.org\/2020\/2013\/03\/21\/filloi-viti-i-ri-akademik-2012-2013-ne-akademine-teologjike-ngjallja-e-krishtit\/#breadcrumb\"},\"inLanguage\":\"en-US\",\"potentialAction\":[{\"@type\":\"ReadAction\",\"target\":[\"https:\/\/orthodoxalbania.org\/2020\/2013\/03\/21\/filloi-viti-i-ri-akademik-2012-2013-ne-akademine-teologjike-ngjallja-e-krishtit\/\"]}]},{\"@type\":\"ImageObject\",\"inLanguage\":\"en-US\",\"@id\":\"https:\/\/orthodoxalbania.org\/2020\/2013\/03\/21\/filloi-viti-i-ri-akademik-2012-2013-ne-akademine-teologjike-ngjallja-e-krishtit\/#primaryimage\",\"url\":\"https:\/\/lh5.googleusercontent.com\/-Ug01MLS_5vs\/UK9HWvTHmlI\/AAAAAAAABKs\/VW04DP2fK3Q\/s640\/IMG_4866.JPG\",\"contentUrl\":\"https:\/\/lh5.googleusercontent.com\/-Ug01MLS_5vs\/UK9HWvTHmlI\/AAAAAAAABKs\/VW04DP2fK3Q\/s640\/IMG_4866.JPG\"},{\"@type\":\"BreadcrumbList\",\"@id\":\"https:\/\/orthodoxalbania.org\/2020\/2013\/03\/21\/filloi-viti-i-ri-akademik-2012-2013-ne-akademine-teologjike-ngjallja-e-krishtit\/#breadcrumb\",\"itemListElement\":[{\"@type\":\"ListItem\",\"position\":1,\"name\":\"Home\",\"item\":\"https:\/\/orthodoxalbania.org\/2020\/\"},{\"@type\":\"ListItem\",\"position\":2,\"name\":\"Filloi viti I ri akademik 2012-2013 n\u00eb Akademin\u00eb Teologjike \u201cNgjallja e Krishtit\u201d. (1 Tetor 2012)\"}]},{\"@type\":\"WebSite\",\"@id\":\"https:\/\/orthodoxalbania.org\/2020\/#website\",\"url\":\"https:\/\/orthodoxalbania.org\/2020\/\",\"name\":\"Kisha Orthodh\u03bfkse Autoqefale e Shqip\u00ebris\u00eb\",\"description\":\"Fqja Zyrtare e Kish\u00ebs Orthodhokse Autoqefale e Shqip\u00ebris\u00eb me lajmet edhe informacionet zyrtare p\u00ebr struktur\u00ebn edhe veprimtarin e saj.\",\"publisher\":{\"@id\":\"https:\/\/orthodoxalbania.org\/2020\/#organization\"},\"potentialAction\":[{\"@type\":\"SearchAction\",\"target\":{\"@type\":\"EntryPoint\",\"urlTemplate\":\"https:\/\/orthodoxalbania.org\/2020\/?s={search_term_string}\"},\"query-input\":{\"@type\":\"PropertyValueSpecification\",\"valueRequired\":true,\"valueName\":\"search_term_string\"}}],\"inLanguage\":\"en-US\"},{\"@type\":\"Organization\",\"@id\":\"https:\/\/orthodoxalbania.org\/2020\/#organization\",\"name\":\"Kisha Orthodhokse Autoqefale e Shqip\u00ebris\u00eb\",\"url\":\"https:\/\/orthodoxalbania.org\/2020\/\",\"logo\":{\"@type\":\"ImageObject\",\"inLanguage\":\"en-US\",\"@id\":\"https:\/\/orthodoxalbania.org\/2020\/#\/schema\/logo\/image\/\",\"url\":\"https:\/\/orthodoxalbania.org\/2020\/wp-content\/uploads\/2020\/05\/albania.jpeg\",\"contentUrl\":\"https:\/\/orthodoxalbania.org\/2020\/wp-content\/uploads\/2020\/05\/albania.jpeg\",\"width\":540,\"height\":540,\"caption\":\"Kisha Orthodhokse Autoqefale e Shqip\u00ebris\u00eb\"},\"image\":{\"@id\":\"https:\/\/orthodoxalbania.org\/2020\/#\/schema\/logo\/image\/\"},\"sameAs\":[\"https:\/\/www.facebook.com\/koash1991\"]},{\"@type\":\"Person\",\"@id\":\"https:\/\/orthodoxalbania.org\/2020\/#\/schema\/person\/0c387634a7063ac612d7ed9ce71c7e86\",\"name\":\"Kisha Orthodhokse\",\"image\":{\"@type\":\"ImageObject\",\"inLanguage\":\"en-US\",\"@id\":\"https:\/\/secure.gravatar.com\/avatar\/596e7c417251e30f2fbb9c00e026fce61a695a00e51c889caded71c96cbbdde5?s=96&d=mm&r=g\",\"url\":\"https:\/\/secure.gravatar.com\/avatar\/596e7c417251e30f2fbb9c00e026fce61a695a00e51c889caded71c96cbbdde5?s=96&d=mm&r=g\",\"contentUrl\":\"https:\/\/secure.gravatar.com\/avatar\/596e7c417251e30f2fbb9c00e026fce61a695a00e51c889caded71c96cbbdde5?s=96&d=mm&r=g\",\"caption\":\"Kisha Orthodhokse\"}}]}<\/script>\n<!-- \/ Yoast SEO plugin. -->","yoast_head_json":{"title":"Filloi viti I ri akademik 2012-2013 n\u00eb Akademin\u00eb Teologjike \u201cNgjallja e Krishtit\u201d. (1 Tetor 2012) - Kisha Orthodh\u03bfkse Autoqefale e Shqip\u00ebris\u00eb","robots":{"index":"index","follow":"follow","max-snippet":"max-snippet:-1","max-image-preview":"max-image-preview:large","max-video-preview":"max-video-preview:-1"},"canonical":"https:\/\/orthodoxalbania.org\/2020\/2013\/03\/21\/filloi-viti-i-ri-akademik-2012-2013-ne-akademine-teologjike-ngjallja-e-krishtit\/","og_locale":"en_US","og_type":"article","og_title":"Filloi viti I ri akademik 2012-2013 n\u00eb Akademin\u00eb Teologjike \u201cNgjallja e Krishtit\u201d. (1 Tetor 2012) - Kisha Orthodh\u03bfkse Autoqefale e Shqip\u00ebris\u00eb","og_description":"&nbsp;&nbsp;&nbsp; Filloi viti m\u00ebsimor 2012-2013n\u00eb Akademin\u00eb Teologjike \u201cNgjallja e Krishtit\u201d me ambjente n\u00eb manastirin e Sh\u00ebn Vlashit n\u00eb Durr\u00ebs. Dita e par\u00eb e nj\u00eb viti m\u00ebsimor n\u00eb k\u00ebt\u00eb Akademi filloi me sh\u00ebrbes\u00ebn e Ajazm\u00ebs. Kjo sh\u00ebrbes\u00eb u kryesua nga Hir\u00ebsi Nikolli Episkopi I Apollonis\u00eb, nj\u00ebkoh\u00ebsisht drejtor I k\u00ebsaj Akademie. &nbsp;&nbsp;&nbsp; Merrnin pjes\u00eb n\u00eb k\u00ebt\u00eb sh\u00ebrbes\u00eb edhe Hir\u00ebsi Asti, Episkopi I Bylisit, nj\u00ebkoh\u00ebsisht pedagog n\u00eb k\u00ebt\u00eb","og_url":"https:\/\/orthodoxalbania.org\/2020\/2013\/03\/21\/filloi-viti-i-ri-akademik-2012-2013-ne-akademine-teologjike-ngjallja-e-krishtit\/","og_site_name":"Kisha Orthodh\u03bfkse Autoqefale e Shqip\u00ebris\u00eb","article_publisher":"https:\/\/www.facebook.com\/koash1991","article_published_time":"2013-03-21T12:20:55+00:00","article_modified_time":"2020-04-06T20:05:58+00:00","og_image":[{"url":"https:\/\/lh5.googleusercontent.com\/-Ug01MLS_5vs\/UK9HWvTHmlI\/AAAAAAAABKs\/VW04DP2fK3Q\/s640\/IMG_4866.JPG","type":"","width":"","height":""}],"author":"Kisha Orthodhokse","twitter_card":"summary_large_image","twitter_misc":{"Written by":"Kisha Orthodhokse","Est. reading time":"1 minute"},"schema":{"@context":"https:\/\/schema.org","@graph":[{"@type":"Article","@id":"https:\/\/orthodoxalbania.org\/2020\/2013\/03\/21\/filloi-viti-i-ri-akademik-2012-2013-ne-akademine-teologjike-ngjallja-e-krishtit\/#article","isPartOf":{"@id":"https:\/\/orthodoxalbania.org\/2020\/2013\/03\/21\/filloi-viti-i-ri-akademik-2012-2013-ne-akademine-teologjike-ngjallja-e-krishtit\/"},"author":{"name":"Kisha Orthodhokse","@id":"https:\/\/orthodoxalbania.org\/2020\/#\/schema\/person\/0c387634a7063ac612d7ed9ce71c7e86"},"headline":"Filloi viti I ri akademik 2012-2013 n\u00eb Akademin\u00eb Teologjike \u201cNgjallja e Krishtit\u201d. (1 Tetor 2012)","datePublished":"2013-03-21T12:20:55+00:00","dateModified":"2020-04-06T20:05:58+00:00","mainEntityOfPage":{"@id":"https:\/\/orthodoxalbania.org\/2020\/2013\/03\/21\/filloi-viti-i-ri-akademik-2012-2013-ne-akademine-teologjike-ngjallja-e-krishtit\/"},"wordCount":279,"commentCount":0,"publisher":{"@id":"https:\/\/orthodoxalbania.org\/2020\/#organization"},"image":{"@id":"https:\/\/orthodoxalbania.org\/2020\/2013\/03\/21\/filloi-viti-i-ri-akademik-2012-2013-ne-akademine-teologjike-ngjallja-e-krishtit\/#primaryimage"},"thumbnailUrl":"https:\/\/lh5.googleusercontent.com\/-Ug01MLS_5vs\/UK9HWvTHmlI\/AAAAAAAABKs\/VW04DP2fK3Q\/s640\/IMG_4866.JPG","keywords":["2012","Akademia Teologjike","Kryepiskopata Tiran\u00eb","lajme"],"articleSection":["Lajme"],"inLanguage":"en-US"},{"@type":"WebPage","@id":"https:\/\/orthodoxalbania.org\/2020\/2013\/03\/21\/filloi-viti-i-ri-akademik-2012-2013-ne-akademine-teologjike-ngjallja-e-krishtit\/","url":"https:\/\/orthodoxalbania.org\/2020\/2013\/03\/21\/filloi-viti-i-ri-akademik-2012-2013-ne-akademine-teologjike-ngjallja-e-krishtit\/","name":"Filloi viti I ri akademik 2012-2013 n\u00eb Akademin\u00eb Teologjike \u201cNgjallja e Krishtit\u201d. (1 Tetor 2012) - Kisha Orthodh\u03bfkse Autoqefale e Shqip\u00ebris\u00eb","isPartOf":{"@id":"https:\/\/orthodoxalbania.org\/2020\/#website"},"primaryImageOfPage":{"@id":"https:\/\/orthodoxalbania.org\/2020\/2013\/03\/21\/filloi-viti-i-ri-akademik-2012-2013-ne-akademine-teologjike-ngjallja-e-krishtit\/#primaryimage"},"image":{"@id":"https:\/\/orthodoxalbania.org\/2020\/2013\/03\/21\/filloi-viti-i-ri-akademik-2012-2013-ne-akademine-teologjike-ngjallja-e-krishtit\/#primaryimage"},"thumbnailUrl":"https:\/\/lh5.googleusercontent.com\/-Ug01MLS_5vs\/UK9HWvTHmlI\/AAAAAAAABKs\/VW04DP2fK3Q\/s640\/IMG_4866.JPG","datePublished":"2013-03-21T12:20:55+00:00","dateModified":"2020-04-06T20:05:58+00:00","breadcrumb":{"@id":"https:\/\/orthodoxalbania.org\/2020\/2013\/03\/21\/filloi-viti-i-ri-akademik-2012-2013-ne-akademine-teologjike-ngjallja-e-krishtit\/#breadcrumb"},"inLanguage":"en-US","potentialAction":[{"@type":"ReadAction","target":["https:\/\/orthodoxalbania.org\/2020\/2013\/03\/21\/filloi-viti-i-ri-akademik-2012-2013-ne-akademine-teologjike-ngjallja-e-krishtit\/"]}]},{"@type":"ImageObject","inLanguage":"en-US","@id":"https:\/\/orthodoxalbania.org\/2020\/2013\/03\/21\/filloi-viti-i-ri-akademik-2012-2013-ne-akademine-teologjike-ngjallja-e-krishtit\/#primaryimage","url":"https:\/\/lh5.googleusercontent.com\/-Ug01MLS_5vs\/UK9HWvTHmlI\/AAAAAAAABKs\/VW04DP2fK3Q\/s640\/IMG_4866.JPG","contentUrl":"https:\/\/lh5.googleusercontent.com\/-Ug01MLS_5vs\/UK9HWvTHmlI\/AAAAAAAABKs\/VW04DP2fK3Q\/s640\/IMG_4866.JPG"},{"@type":"BreadcrumbList","@id":"https:\/\/orthodoxalbania.org\/2020\/2013\/03\/21\/filloi-viti-i-ri-akademik-2012-2013-ne-akademine-teologjike-ngjallja-e-krishtit\/#breadcrumb","itemListElement":[{"@type":"ListItem","position":1,"name":"Home","item":"https:\/\/orthodoxalbania.org\/2020\/"},{"@type":"ListItem","position":2,"name":"Filloi viti I ri akademik 2012-2013 n\u00eb Akademin\u00eb Teologjike \u201cNgjallja e Krishtit\u201d. (1 Tetor 2012)"}]},{"@type":"WebSite","@id":"https:\/\/orthodoxalbania.org\/2020\/#website","url":"https:\/\/orthodoxalbania.org\/2020\/","name":"Kisha Orthodh\u03bfkse Autoqefale e Shqip\u00ebris\u00eb","description":"Fqja Zyrtare e Kish\u00ebs Orthodhokse Autoqefale e Shqip\u00ebris\u00eb me lajmet edhe informacionet zyrtare p\u00ebr struktur\u00ebn edhe veprimtarin e saj.","publisher":{"@id":"https:\/\/orthodoxalbania.org\/2020\/#organization"},"potentialAction":[{"@type":"SearchAction","target":{"@type":"EntryPoint","urlTemplate":"https:\/\/orthodoxalbania.org\/2020\/?s={search_term_string}"},"query-input":{"@type":"PropertyValueSpecification","valueRequired":true,"valueName":"search_term_string"}}],"inLanguage":"en-US"},{"@type":"Organization","@id":"https:\/\/orthodoxalbania.org\/2020\/#organization","name":"Kisha Orthodhokse Autoqefale e Shqip\u00ebris\u00eb","url":"https:\/\/orthodoxalbania.org\/2020\/","logo":{"@type":"ImageObject","inLanguage":"en-US","@id":"https:\/\/orthodoxalbania.org\/2020\/#\/schema\/logo\/image\/","url":"https:\/\/orthodoxalbania.org\/2020\/wp-content\/uploads\/2020\/05\/albania.jpeg","contentUrl":"https:\/\/orthodoxalbania.org\/2020\/wp-content\/uploads\/2020\/05\/albania.jpeg","width":540,"height":540,"caption":"Kisha Orthodhokse Autoqefale e Shqip\u00ebris\u00eb"},"image":{"@id":"https:\/\/orthodoxalbania.org\/2020\/#\/schema\/logo\/image\/"},"sameAs":["https:\/\/www.facebook.com\/koash1991"]},{"@type":"Person","@id":"https:\/\/orthodoxalbania.org\/2020\/#\/schema\/person\/0c387634a7063ac612d7ed9ce71c7e86","name":"Kisha Orthodhokse","image":{"@type":"ImageObject","inLanguage":"en-US","@id":"https:\/\/secure.gravatar.com\/avatar\/596e7c417251e30f2fbb9c00e026fce61a695a00e51c889caded71c96cbbdde5?s=96&d=mm&r=g","url":"https:\/\/secure.gravatar.com\/avatar\/596e7c417251e30f2fbb9c00e026fce61a695a00e51c889caded71c96cbbdde5?s=96&d=mm&r=g","contentUrl":"https:\/\/secure.gravatar.com\/avatar\/596e7c417251e30f2fbb9c00e026fce61a695a00e51c889caded71c96cbbdde5?s=96&d=mm&r=g","caption":"Kisha Orthodhokse"}}]}},"_links":{"self":[{"href":"https:\/\/orthodoxalbania.org\/2020\/wp-json\/wp\/v2\/posts\/563","targetHints":{"allow":["GET"]}}],"collection":[{"href":"https:\/\/orthodoxalbania.org\/2020\/wp-json\/wp\/v2\/posts"}],"about":[{"href":"https:\/\/orthodoxalbania.org\/2020\/wp-json\/wp\/v2\/types\/post"}],"author":[{"embeddable":true,"href":"https:\/\/orthodoxalbania.org\/2020\/wp-json\/wp\/v2\/users\/1"}],"replies":[{"embeddable":true,"href":"https:\/\/orthodoxalbania.org\/2020\/wp-json\/wp\/v2\/comments?post=563"}],"version-history":[{"count":1,"href":"https:\/\/orthodoxalbania.org\/2020\/wp-json\/wp\/v2\/posts\/563\/revisions"}],"predecessor-version":[{"id":15293,"href":"https:\/\/orthodoxalbania.org\/2020\/wp-json\/wp\/v2\/posts\/563\/revisions\/15293"}],"wp:attachment":[{"href":"https:\/\/orthodoxalbania.org\/2020\/wp-json\/wp\/v2\/media?parent=563"}],"wp:term":[{"taxonomy":"category","embeddable":true,"href":"https:\/\/orthodoxalbania.org\/2020\/wp-json\/wp\/v2\/categories?post=563"},{"taxonomy":"post_tag","embeddable":true,"href":"https:\/\/orthodoxalbania.org\/2020\/wp-json\/wp\/v2\/tags?post=563"}],"curies":[{"name":"wp","href":"https:\/\/api.w.org\/{rel}","templated":true}]}}