{"id":5623,"date":"2017-10-31T13:17:16","date_gmt":"2017-10-31T13:17:16","guid":{"rendered":""},"modified":"2020-04-06T21:58:17","modified_gmt":"2020-04-06T19:58:17","slug":"persekutim-rezistence-deshmi-veprimtari-madheshtore-e-kishes-orthodhokse-te-rumanise-kushtuar-viteve-te-persekutimit-komunist","status":"publish","type":"post","link":"https:\/\/orthodoxalbania.org\/2020\/2017\/10\/31\/persekutim-rezistence-deshmi-veprimtari-madheshtore-e-kishes-orthodhokse-te-rumanise-kushtuar-viteve-te-persekutimit-komunist\/","title":{"rendered":"\u201cPersekutim, rezistenc\u00eb, d\u00ebshmi\u201d &#8211; Veprimtari madh\u00ebshtore e Kish\u00ebs Orthodhokse t\u00eb Rumanis\u00eb kushtuar viteve t\u00eb persekutimit komunist"},"content":{"rendered":"<p style=\"text-align: center;\"><span style=\"font-size: 12pt; font-family: helvetica; color: #800000;\"><strong>\u201cPersekutim, rezistenc\u00eb, d\u00ebshmi\u201d<\/strong><\/span><\/p>\n<p style=\"text-align: center;\"><span style=\"font-size: 12pt; font-family: helvetica; color: #800000;\"><strong>Veprimtari madh\u00ebshtore e Kish\u00ebs Orthodhokse t\u00eb Rumanis\u00eb<\/strong><\/span><br \/><span style=\"font-size: 12pt; font-family: helvetica; color: #800000;\"><strong>kushtuar viteve t\u00eb persekutimit komunist<\/strong><\/span><\/p>\n<p style=\"text-align: center;\"><span style=\"font-size: 12pt; font-family: helvetica; color: #800000;\"><strong>Mori pjes\u00eb edhe nj\u00eb p\u00ebrfaq\u00ebsi nga Kisha jon\u00eb,<\/strong><\/span><br \/><span style=\"font-size: 12pt; font-family: helvetica; color: #800000;\"><strong>e kryesuar nga Kryepiskopi Anastas<\/strong><\/span><\/p>\n<p style=\"text-align: justify;\">&nbsp;<\/p>\n<p style=\"text-align: justify;\"><span style=\"font-size: 12pt; font-family: helvetica; color: #000000;\">Kisha Orthodhokse e Rumanis\u00eb e ka shpallur vitin 2017 \u201cVit p\u00ebrkujtimor i Patriarkut Justinian dhe i mbrojt\u00ebsve t\u00eb Orthodhoksis\u00eb gjat\u00eb komunizmit\u201d.<\/span><\/p>\n<p style=\"text-align: justify;\"><span style=\"font-size: 12pt; font-family: helvetica; color: #000000;\">Ndaj, p\u00ebr t\u00eb p\u00ebrkujtuar ata q\u00eb u persekutuan p\u00ebr besimin e tyre Orthodhoks n\u00eb Rumani gjat\u00eb periudh\u00ebs s\u00eb totalitarizmit komunist, Patriarkana Rumune organizoi, nga 24 deri m\u00eb 26 tetor 2017, Kongresin Nd\u00ebrkomb\u00ebtar me tem\u00eb: \u201cJeta e Kishave Orthodhokse gjat\u00eb regjimit komunist &#8211; Persekutim, rezistenc\u00eb, d\u00ebshmi\u201d. Pjes\u00ebmarr\u00ebsit nga vende t\u00eb ndryshme ish-komuniste referuan p\u00ebr at\u00eb q\u00eb ndodhi n\u00eb kishat e tyre gjat\u00eb k\u00ebsaj periudhe. Referuesi nga Shqip\u00ebria, p\u00ebr periudh\u00ebn e persekutimit komunist, ishte z. Pirro Kondili.<\/span><\/p>\n<p style=\"text-align: justify;\"><span style=\"font-size: 12pt; font-family: helvetica; color: #000000;\">Kisha Orthodhokse Autoqefale e Shqip\u00ebris\u00eb ishte e ftuar n\u00eb k\u00ebt\u00eb event jo vet\u00ebm si Kish\u00eb mot\u00ebr, por edhe si nj\u00eb nga kishat q\u00eb ka p\u00ebsuar persekutimet m\u00eb t\u00eb egra dhe ndoshta unike, me mbylljen dhe ndalimin total t\u00eb besimit n\u00eb vitin 1967.<\/span><\/p>\n<p style=\"text-align: justify;\"><span style=\"font-size: 12pt; font-family: helvetica; color: #000000;\">Kisha jon\u00eb u p\u00ebrfaq\u00ebsua nga Kryepiskopi Anastas, Mitropoliti i Amantias Nathanaili dhe dhjakon Spiro Topanxha. N\u00eb aktivitet mor\u00ebn pjes\u00eb Patriarku i Mosk\u00ebs, Kirilli, dhe Mitropoliti i \u00c7ekis\u00eb e Sllovakis\u00eb, Rastislavi, si dhe p\u00ebrfaq\u00ebsi t\u00eb nivelit t\u00eb lart\u00eb nga kishat e tjera motra.<\/span><\/p>\n<p style=\"text-align: justify;\"><span style=\"font-size: 12pt; font-family: helvetica; color: #000000;\">T\u00eb premten, 27 tetor, n\u00eb Katedralen Patriarkale t\u00eb Bukureshtit u krye bashk\u00ebmeshimi i k\u00ebtyre primat\u00ebve me rastin e s\u00eb kremtes s\u00eb Sh\u00ebn Dhimitrit t\u00eb Ri (Besarabov), mbrojt\u00ebs i kryeqytetit rumun. Gjat\u00eb Liturgjis\u00eb Hyjnore u zhvillua edhe nj\u00eb p\u00ebrshpirtje n\u00eb rumanisht, sllavisht dhe shqip p\u00ebr t\u00eb gjith\u00eb ata q\u00eb gjat\u00eb regjimit komunist d\u00ebshmuan dhe mbrojt\u00ebn me jet\u00ebn e tyre besimin orthodhoks.<\/span><\/p>\n<p style=\"text-align: justify;\"><span style=\"font-size: 12pt; font-family: helvetica; color: #000000;\">N\u00eb fund t\u00eb Liturgjis\u00eb u shk\u00ebmbyen edhe urime e dhurata. Patriarku Daniel, duke i dhuruar Kryepiskopit Anastas ikon\u00ebn e Sh\u00ebn Dhimitrit t\u00eb ri, tha nd\u00ebr t\u00eb tjera se: \u201cI dhurojm\u00eb ikon\u00ebn e Sh\u00ebn Dhimitrit t\u00eb Ri, Fortlumturis\u00eb s\u00eb Tij, Anastasit, Kryepeshkopit t\u00eb Tiran\u00ebs, Durr\u00ebsit dhe t\u00eb Gjith\u00eb Shqip\u00ebris\u00eb, si nj\u00eb shenj\u00eb vler\u00ebsimi por dhe inkurajimi, sepse Shqip\u00ebria gjat\u00eb komunizmit u b\u00eb i vetmi shtet ateist n\u00eb bot\u00eb n\u00eb t\u00eb cil\u00ebn \u00e7do fe ishte shtypur, mjaft klerik\u00eb u vran\u00eb dhe u ndalua \u00e7do manifestim fetar.<\/span><\/p>\n<p style=\"text-align: justify;\"><span style=\"font-size: 12pt; font-family: helvetica; color: #000000;\">T\u00eb gjitha kishat orthodhokse gjat\u00eb regjimeve komuniste n\u00eb vende t\u00eb ndryshme t\u00eb Evrop\u00ebs Lindore vuajt\u00ebn shum\u00eb, por sidomos Shqip\u00ebria pati nj\u00eb situat\u00eb mizore p\u00ebr faktin se \u00e7do manifestim fetar ishte i ndaluar.<\/span><\/p>\n<p style=\"text-align: justify;\"><span style=\"font-size: 12pt; font-family: helvetica; color: #000000;\">Por Per\u00ebndia m\u00eb pas solli m\u00eb shum\u00eb liri dhe u lejua manifestimi i jet\u00ebs fetare. Kisha Orthodhokse e Shqip\u00ebris\u00eb u ngjall s\u00eb vdekur\u00ebsh fal\u00eb ndihm\u00ebs providenciale t\u00eb Kryepeshkopit Anastas, emri i t\u00eb cilit n\u00eb gjuh\u00ebn greke do t\u00eb thot\u00eb &#8220;ngjallje prej s\u00eb vdekurish&#8221;. Ai \u00ebsht\u00eb personi q\u00eb Krishti i kryq\u00ebzuar dhe i ngjallur p\u00ebrdori p\u00ebr t\u00eb ngjallur Kish\u00ebn e kryq\u00ebzuar t\u00eb Shqip\u00ebris\u00eb.<\/span><\/p>\n<p style=\"text-align: justify;\"><span style=\"font-size: 12pt; font-family: helvetica; color: #000000;\">Prandaj, ne e vler\u00ebsojm\u00eb shum\u00eb dhe e admirojm\u00eb k\u00ebt\u00eb vep\u00ebr, e cila \u00ebsht\u00eb nj\u00eb shembull p\u00ebr t\u2019u ndjekur nga t\u00eb gjitha Kishat Orthodhokse, ku brenda nj\u00eb kohe kaq t\u00eb shkurt\u00ebr u nd\u00ebrtuan shum\u00eb kisha, u krijuan institucione sociale, filantropike dhe mjek\u00ebsore p\u00ebr t\u00eb ndihmuar f\u00ebmij\u00ebt, familjet, t\u00eb moshuarit etj. Pak koh\u00eb m\u00eb par\u00eb kemi marr\u00eb pjes\u00eb n\u00eb shenjt\u00ebrimin e Katedrales kryepiskopale n\u00eb Tiran\u00eb. Pra, shqiptar\u00ebt na e kaluan neve rumun\u00ebve dhe e nd\u00ebrtuan katedralen e re p\u00ebrpara nesh.\u201d<\/span><\/p>\n<p style=\"text-align: justify;\"><span style=\"font-size: 12pt; font-family: helvetica; color: #000000;\">Kjo veprimtari u zhvillua edhe n\u00eb kuadrin e 10-vjetorit t\u00eb zgjedhjes s\u00eb Patriarkut Daniel n\u00eb krye t\u00eb Kish\u00ebs Orthodhokse t\u00eb Rumanis\u00eb. Me k\u00ebt\u00eb rast, t\u00eb shtun\u00ebn 28 tetor, n\u00eb Pallatin Patrarkal u krye nj\u00eb Dhoksolgji me pjes\u00ebmarrjen e primat\u00ebve. M\u00eb pas t\u00eb gjith\u00eb mor\u00ebn pjes\u00eb n\u00eb mbledhjen solemne t\u00eb Sinodit t\u00eb Shenjt\u00eb t\u00eb Kish\u00ebs Rumune, ku u fol p\u00ebr v\u00ebshtir\u00ebsit\u00eb e rr\u00ebfimit t\u00eb besimit Orthodhoks gjat\u00eb p\u00ebriudh\u00ebs s\u00eb persekutimit ateist dhe r\u00ebnd\u00ebsin\u00eb e liris\u00eb fetare, gjat\u00eb t\u00eb cil\u00ebs Kryepiskopi Anastas foli p\u00ebr persekutimin komunist dhe lirin\u00eb fetare sot n\u00eb Shqip\u00ebri.<\/span><\/p>\n<p style=\"text-align: justify;\"><span style=\"font-size: 12pt; font-family: helvetica; color: #000000;\">Pjes\u00ebmarrja e k\u00ebtyre delegacioneve ishte jo vet\u00ebm d\u00ebshmi e s\u00eb kaluar\u00ebs s\u00eb v\u00ebshtir\u00eb t\u00eb p\u00ebrbashk\u00ebt, por edhe e forcimit t\u00eb lidhjeve mes tyre n\u00eb dit\u00ebt e sotme, mbi baz\u00ebn e d\u00ebshmis\u00eb s\u00eb Besimit Orthodhoks.<\/span><\/p>\n<p style=\"text-align: justify;\"><span style=\"font-size: 12pt; font-family: helvetica; color: #000000;\">Programi p\u00ebrmbante edhe nj\u00eb s\u00ebr\u00eb vizitash n\u00eb vende t\u00eb shenjta, kisha e manastire, ku jan\u00eb varrosur edhe martir\u00eb t\u00eb komunizmit, Festivalin Komb\u00ebtar t\u00eb Muzik\u00ebs Kishtare<\/span><\/p>\n<p style=\"text-align: justify;\"><span style=\"font-size: 12pt; font-family: helvetica; color: #000000;\">\u201cLavd\u00ebroni Per\u00ebndin\u00eb!\u201d etj.<\/span><\/p>\n<p style=\"text-align: justify;\">&nbsp;<\/p>\n<p style=\"text-align: center;\"><img class=\"lazyload\" decoding=\"async\" style=\"display: block; margin: 10px auto; border: 1px solid #000000;\" alt=\"\" src=\"data:image\/svg+xml,%3Csvg%20xmlns%3D%27http%3A%2F%2Fwww.w3.org%2F2000%2Fsvg%27%20width%3D%27500%27%20height%3D%27333%27%20viewBox%3D%270%200%20500%20333%27%3E%3Crect%20width%3D%27500%27%20height%3D%27333%27%20fill-opacity%3D%220%22%2F%3E%3C%2Fsvg%3E\" data-orig-src=\"https:\/\/orthodoxalbania.org\/2020\/wp-content\/uploads\/2020\/04\/22788700_712170062321489_31677563019609149_n.jpg\" height=\"333\" width=\"500\" \/><\/p>\n<p style=\"text-align: center;\"><img class=\"lazyload\" decoding=\"async\" style=\"display: block; margin: 10px auto; border: 1px solid #000000;\" alt=\"\" src=\"data:image\/svg+xml,%3Csvg%20xmlns%3D%27http%3A%2F%2Fwww.w3.org%2F2000%2Fsvg%27%20width%3D%27500%27%20height%3D%27333%27%20viewBox%3D%270%200%20500%20333%27%3E%3Crect%20width%3D%27500%27%20height%3D%27333%27%20fill-opacity%3D%220%22%2F%3E%3C%2Fsvg%3E\" data-orig-src=\"https:\/\/orthodoxalbania.org\/2020\/wp-content\/uploads\/2020\/04\/22788928_712173065654522_4885475408425737350_n.jpg\" height=\"333\" width=\"500\" \/><\/p>\n<p style=\"text-align: center;\"><img class=\"lazyload\" decoding=\"async\" style=\"display: block; margin: 10px auto; border: 1px solid #000000;\" alt=\"\" src=\"data:image\/svg+xml,%3Csvg%20xmlns%3D%27http%3A%2F%2Fwww.w3.org%2F2000%2Fsvg%27%20width%3D%27500%27%20height%3D%27333%27%20viewBox%3D%270%200%20500%20333%27%3E%3Crect%20width%3D%27500%27%20height%3D%27333%27%20fill-opacity%3D%220%22%2F%3E%3C%2Fsvg%3E\" data-orig-src=\"https:\/\/orthodoxalbania.org\/2020\/wp-content\/uploads\/2020\/04\/22789119_712173068987855_8062536416759369384_n.jpg\" height=\"333\" width=\"500\" \/><\/p>\n<p style=\"text-align: center;\"><img class=\"lazyload\" decoding=\"async\" style=\"display: block; margin: 10px auto; border: 1px solid #000000;\" alt=\"\" src=\"data:image\/svg+xml,%3Csvg%20xmlns%3D%27http%3A%2F%2Fwww.w3.org%2F2000%2Fsvg%27%20width%3D%27500%27%20height%3D%27333%27%20viewBox%3D%270%200%20500%20333%27%3E%3Crect%20width%3D%27500%27%20height%3D%27333%27%20fill-opacity%3D%220%22%2F%3E%3C%2Fsvg%3E\" data-orig-src=\"https:\/\/orthodoxalbania.org\/2020\/wp-content\/uploads\/2020\/04\/22814032_711805235691305_5366791123419983836_n.jpg\" height=\"333\" width=\"500\" \/><\/p>\n<p style=\"text-align: center;\"><img class=\"lazyload\" decoding=\"async\" style=\"display: block; margin: 10px auto; border: 1px solid #000000;\" alt=\"\" src=\"data:image\/svg+xml,%3Csvg%20xmlns%3D%27http%3A%2F%2Fwww.w3.org%2F2000%2Fsvg%27%20width%3D%27500%27%20height%3D%27333%27%20viewBox%3D%270%200%20500%20333%27%3E%3Crect%20width%3D%27500%27%20height%3D%27333%27%20fill-opacity%3D%220%22%2F%3E%3C%2Fsvg%3E\" data-orig-src=\"https:\/\/orthodoxalbania.org\/2020\/wp-content\/uploads\/2020\/04\/22814314_712169608988201_5127151244265684947_n.jpg\" height=\"333\" width=\"500\" \/><\/p>\n<p style=\"text-align: center;\"><img class=\"lazyload\" decoding=\"async\" style=\"display: block; margin: 10px auto; border: 1px solid #000000;\" alt=\"\" src=\"data:image\/svg+xml,%3Csvg%20xmlns%3D%27http%3A%2F%2Fwww.w3.org%2F2000%2Fsvg%27%20width%3D%27500%27%20height%3D%27333%27%20viewBox%3D%270%200%20500%20333%27%3E%3Crect%20width%3D%27500%27%20height%3D%27333%27%20fill-opacity%3D%220%22%2F%3E%3C%2Fsvg%3E\" data-orig-src=\"https:\/\/orthodoxalbania.org\/2020\/wp-content\/uploads\/2020\/04\/22814492_712169725654856_5739099708344693757_n.jpg\" height=\"333\" width=\"500\" \/><\/p>\n<p style=\"text-align: center;\"><img class=\"lazyload\" decoding=\"async\" style=\"display: block; margin: 10px auto; border: 1px solid #000000;\" alt=\"\" src=\"data:image\/svg+xml,%3Csvg%20xmlns%3D%27http%3A%2F%2Fwww.w3.org%2F2000%2Fsvg%27%20width%3D%27500%27%20height%3D%27333%27%20viewBox%3D%270%200%20500%20333%27%3E%3Crect%20width%3D%27500%27%20height%3D%27333%27%20fill-opacity%3D%220%22%2F%3E%3C%2Fsvg%3E\" data-orig-src=\"https:\/\/orthodoxalbania.org\/2020\/wp-content\/uploads\/2020\/04\/22815112_712172625654566_8591367314532005571_n.jpg\" height=\"333\" width=\"500\" \/><\/p>\n<p style=\"text-align: center;\"><img class=\"lazyload\" decoding=\"async\" style=\"display: block; margin: 10px auto; border: 1px solid #000000;\" alt=\"\" src=\"data:image\/svg+xml,%3Csvg%20xmlns%3D%27http%3A%2F%2Fwww.w3.org%2F2000%2Fsvg%27%20width%3D%27500%27%20height%3D%27333%27%20viewBox%3D%270%200%20500%20333%27%3E%3Crect%20width%3D%27500%27%20height%3D%27333%27%20fill-opacity%3D%220%22%2F%3E%3C%2Fsvg%3E\" data-orig-src=\"https:\/\/orthodoxalbania.org\/2020\/wp-content\/uploads\/2020\/04\/22886315_712169375654891_6381142963569337646_n.jpg\" height=\"333\" width=\"500\" \/><\/p>\n<p style=\"text-align: center;\"><img class=\"lazyload\" decoding=\"async\" style=\"display: block; margin: 10px auto; border: 1px solid #000000;\" alt=\"\" src=\"data:image\/svg+xml,%3Csvg%20xmlns%3D%27http%3A%2F%2Fwww.w3.org%2F2000%2Fsvg%27%20width%3D%27500%27%20height%3D%27333%27%20viewBox%3D%270%200%20500%20333%27%3E%3Crect%20width%3D%27500%27%20height%3D%27333%27%20fill-opacity%3D%220%22%2F%3E%3C%2Fsvg%3E\" data-orig-src=\"https:\/\/orthodoxalbania.org\/2020\/wp-content\/uploads\/2020\/04\/22886337_712169392321556_7148813034474385789_n.jpg\" height=\"333\" width=\"500\" \/><\/p>\n<p style=\"text-align: center;\"><img class=\"lazyload\" decoding=\"async\" style=\"display: block; margin: 10px auto; border: 1px solid #000000;\" alt=\"\" src=\"data:image\/svg+xml,%3Csvg%20xmlns%3D%27http%3A%2F%2Fwww.w3.org%2F2000%2Fsvg%27%20width%3D%27500%27%20height%3D%27331%27%20viewBox%3D%270%200%20500%20331%27%3E%3Crect%20width%3D%27500%27%20height%3D%27331%27%20fill-opacity%3D%220%22%2F%3E%3C%2Fsvg%3E\" data-orig-src=\"https:\/\/orthodoxalbania.org\/2020\/wp-content\/uploads\/2020\/04\/23031149_712172182321277_7957799117881026766_n.jpg\" height=\"331\" width=\"500\" \/><\/p>\n<p style=\"text-align: center;\"><img class=\"lazyload\" decoding=\"async\" style=\"display: block; margin: 10px auto; border: 1px solid #000000;\" alt=\"\" src=\"data:image\/svg+xml,%3Csvg%20xmlns%3D%27http%3A%2F%2Fwww.w3.org%2F2000%2Fsvg%27%20width%3D%27500%27%20height%3D%27333%27%20viewBox%3D%270%200%20500%20333%27%3E%3Crect%20width%3D%27500%27%20height%3D%27333%27%20fill-opacity%3D%220%22%2F%3E%3C%2Fsvg%3E\" data-orig-src=\"https:\/\/orthodoxalbania.org\/2020\/wp-content\/uploads\/2020\/04\/1-4-2.jpg\" height=\"333\" width=\"500\" \/><\/p>\n<p style=\"text-align: center;\"><img class=\"lazyload\" decoding=\"async\" style=\"display: block; margin: 10px auto; border: 1px solid #000000;\" alt=\"\" src=\"data:image\/svg+xml,%3Csvg%20xmlns%3D%27http%3A%2F%2Fwww.w3.org%2F2000%2Fsvg%27%20width%3D%27500%27%20height%3D%27333%27%20viewBox%3D%270%200%20500%20333%27%3E%3Crect%20width%3D%27500%27%20height%3D%27333%27%20fill-opacity%3D%220%22%2F%3E%3C%2Fsvg%3E\" data-orig-src=\"https:\/\/orthodoxalbania.org\/2020\/wp-content\/uploads\/2020\/04\/2-8-4.jpg\" height=\"333\" width=\"500\" \/><\/p>\n<p style=\"text-align: center;\"><img class=\"lazyload\" decoding=\"async\" style=\"display: block; margin: 10px auto; border: 1px solid #000000;\" alt=\"\" src=\"data:image\/svg+xml,%3Csvg%20xmlns%3D%27http%3A%2F%2Fwww.w3.org%2F2000%2Fsvg%27%20width%3D%27500%27%20height%3D%27324%27%20viewBox%3D%270%200%20500%20324%27%3E%3Crect%20width%3D%27500%27%20height%3D%27324%27%20fill-opacity%3D%220%22%2F%3E%3C%2Fsvg%3E\" data-orig-src=\"https:\/\/orthodoxalbania.org\/2020\/wp-content\/uploads\/2020\/04\/3-7-8-6.jpg\" height=\"324\" width=\"500\" \/><\/p>\n<p style=\"text-align: center;\"><img class=\"lazyload\" decoding=\"async\" style=\"display: block; margin: 10px auto; border: 1px solid #000000;\" alt=\"\" src=\"data:image\/svg+xml,%3Csvg%20xmlns%3D%27http%3A%2F%2Fwww.w3.org%2F2000%2Fsvg%27%20width%3D%27500%27%20height%3D%27333%27%20viewBox%3D%270%200%20500%20333%27%3E%3Crect%20width%3D%27500%27%20height%3D%27333%27%20fill-opacity%3D%220%22%2F%3E%3C%2Fsvg%3E\" data-orig-src=\"https:\/\/orthodoxalbania.org\/2020\/wp-content\/uploads\/2020\/04\/4-5-4-5.jpg\" height=\"333\" width=\"500\" \/><\/p>\n<p style=\"text-align: center;\"><img class=\"lazyload\" decoding=\"async\" style=\"display: block; margin: 10px auto; border: 1px solid #000000;\" alt=\"\" src=\"data:image\/svg+xml,%3Csvg%20xmlns%3D%27http%3A%2F%2Fwww.w3.org%2F2000%2Fsvg%27%20width%3D%27500%27%20height%3D%27287%27%20viewBox%3D%270%200%20500%20287%27%3E%3Crect%20width%3D%27500%27%20height%3D%27287%27%20fill-opacity%3D%220%22%2F%3E%3C%2Fsvg%3E\" data-orig-src=\"https:\/\/orthodoxalbania.org\/2020\/wp-content\/uploads\/2020\/04\/5-8-7-1.jpg\" height=\"287\" width=\"500\" \/><\/p>\n<p style=\"text-align: center;\"><img class=\"lazyload\" decoding=\"async\" style=\"display: block; margin: 10px auto; border: 1px solid #000000;\" alt=\"\" src=\"data:image\/svg+xml,%3Csvg%20xmlns%3D%27http%3A%2F%2Fwww.w3.org%2F2000%2Fsvg%27%20width%3D%27500%27%20height%3D%27492%27%20viewBox%3D%270%200%20500%20492%27%3E%3Crect%20width%3D%27500%27%20height%3D%27492%27%20fill-opacity%3D%220%22%2F%3E%3C%2Fsvg%3E\" data-orig-src=\"https:\/\/orthodoxalbania.org\/2020\/wp-content\/uploads\/2020\/04\/DSC_3485.jpg\" height=\"492\" width=\"500\" \/><\/p>\n","protected":false},"excerpt":{"rendered":"<p>\u201cPersekutim, rezistenc\u00eb, d\u00ebshmi\u201d Veprimtari madh\u00ebshtore e Kish\u00ebs Orthodhokse t\u00eb Rumanis\u00ebkushtuar viteve t\u00eb persekutimit komunist Mori pjes\u00eb edhe nj\u00eb p\u00ebrfaq\u00ebsi nga Kisha jon\u00eb,e kryesuar nga Kryepiskopi Anastas &nbsp; Kisha Orthodhokse e Rumanis\u00eb e ka shpallur vitin 2017 \u201cVit p\u00ebrkujtimor i Patriarkut Justinian dhe i mbrojt\u00ebsve t\u00eb Orthodhoksis\u00eb gjat\u00eb komunizmit\u201d. Ndaj, p\u00ebr t\u00eb p\u00ebrkujtuar ata q\u00eb u persekutuan p\u00ebr besimin e tyre Orthodhoks n\u00eb Rumani gjat\u00eb periudh\u00ebs<\/p>\n","protected":false},"author":1,"featured_media":5624,"comment_status":"open","ping_status":"open","sticky":false,"template":"","format":"standard","meta":{"_acf_changed":false,"pagelayer_contact_templates":[],"_pagelayer_content":"","inline_featured_image":false,"fifu_image_url":"","fifu_image_alt":"","footnotes":""},"categories":[108],"tags":[209,157,196,201,212],"class_list":["post-5623","post","type-post","status-publish","format-standard","has-post-thumbnail","hentry","category-lajme","tag-209","tag-kremtime","tag-tirane","tag-kryepiskopi-anastas","tag-lajme-d27"],"acf":[],"yoast_head":"<!-- This site is optimized with the Yoast SEO plugin v27.2 - https:\/\/yoast.com\/product\/yoast-seo-wordpress\/ -->\n<title>\u201cPersekutim, rezistenc\u00eb, d\u00ebshmi\u201d - Veprimtari madh\u00ebshtore e Kish\u00ebs Orthodhokse t\u00eb Rumanis\u00eb kushtuar viteve t\u00eb persekutimit komunist - Kisha Orthodh\u03bfkse Autoqefale e Shqip\u00ebris\u00eb<\/title>\n<meta name=\"robots\" content=\"index, follow, max-snippet:-1, max-image-preview:large, max-video-preview:-1\" \/>\n<link rel=\"canonical\" href=\"https:\/\/orthodoxalbania.org\/2020\/2017\/10\/31\/persekutim-rezistence-deshmi-veprimtari-madheshtore-e-kishes-orthodhokse-te-rumanise-kushtuar-viteve-te-persekutimit-komunist\/\" \/>\n<meta property=\"og:locale\" content=\"en_US\" \/>\n<meta property=\"og:type\" content=\"article\" \/>\n<meta property=\"og:title\" content=\"\u201cPersekutim, rezistenc\u00eb, d\u00ebshmi\u201d - Veprimtari madh\u00ebshtore e Kish\u00ebs Orthodhokse t\u00eb Rumanis\u00eb kushtuar viteve t\u00eb persekutimit komunist - Kisha Orthodh\u03bfkse Autoqefale e Shqip\u00ebris\u00eb\" \/>\n<meta property=\"og:description\" content=\"\u201cPersekutim, rezistenc\u00eb, d\u00ebshmi\u201d Veprimtari madh\u00ebshtore e Kish\u00ebs Orthodhokse t\u00eb Rumanis\u00ebkushtuar viteve t\u00eb persekutimit komunist Mori pjes\u00eb edhe nj\u00eb p\u00ebrfaq\u00ebsi nga Kisha jon\u00eb,e kryesuar nga Kryepiskopi Anastas &nbsp; Kisha Orthodhokse e Rumanis\u00eb e ka shpallur vitin 2017 \u201cVit p\u00ebrkujtimor i Patriarkut Justinian dhe i mbrojt\u00ebsve t\u00eb Orthodhoksis\u00eb gjat\u00eb komunizmit\u201d. Ndaj, p\u00ebr t\u00eb p\u00ebrkujtuar ata q\u00eb u persekutuan p\u00ebr besimin e tyre Orthodhoks n\u00eb Rumani gjat\u00eb periudh\u00ebs\" \/>\n<meta property=\"og:url\" content=\"https:\/\/orthodoxalbania.org\/2020\/2017\/10\/31\/persekutim-rezistence-deshmi-veprimtari-madheshtore-e-kishes-orthodhokse-te-rumanise-kushtuar-viteve-te-persekutimit-komunist\/\" \/>\n<meta property=\"og:site_name\" content=\"Kisha Orthodh\u03bfkse Autoqefale e Shqip\u00ebris\u00eb\" \/>\n<meta property=\"article:publisher\" content=\"https:\/\/www.facebook.com\/koash1991\" \/>\n<meta property=\"article:published_time\" content=\"2017-10-31T13:17:16+00:00\" \/>\n<meta property=\"article:modified_time\" content=\"2020-04-06T19:58:17+00:00\" \/>\n<meta property=\"og:image\" content=\"https:\/\/orthodoxalbania.org\/2020\/wp-content\/uploads\/2020\/04\/22886315_712169375654891_6381142963569337646_n.jpg\" \/>\n\t<meta property=\"og:image:width\" content=\"960\" \/>\n\t<meta property=\"og:image:height\" content=\"640\" \/>\n\t<meta property=\"og:image:type\" content=\"image\/jpeg\" \/>\n<meta name=\"author\" content=\"Kisha Orthodhokse\" \/>\n<meta name=\"twitter:card\" content=\"summary_large_image\" \/>\n<meta name=\"twitter:label1\" content=\"Written by\" \/>\n\t<meta name=\"twitter:data1\" content=\"Kisha Orthodhokse\" \/>\n\t<meta name=\"twitter:label2\" content=\"Est. reading time\" \/>\n\t<meta name=\"twitter:data2\" content=\"4 minutes\" \/>\n<script type=\"application\/ld+json\" class=\"yoast-schema-graph\">{\"@context\":\"https:\/\/schema.org\",\"@graph\":[{\"@type\":\"Article\",\"@id\":\"https:\/\/orthodoxalbania.org\/2020\/2017\/10\/31\/persekutim-rezistence-deshmi-veprimtari-madheshtore-e-kishes-orthodhokse-te-rumanise-kushtuar-viteve-te-persekutimit-komunist\/#article\",\"isPartOf\":{\"@id\":\"https:\/\/orthodoxalbania.org\/2020\/2017\/10\/31\/persekutim-rezistence-deshmi-veprimtari-madheshtore-e-kishes-orthodhokse-te-rumanise-kushtuar-viteve-te-persekutimit-komunist\/\"},\"author\":{\"name\":\"Kisha Orthodhokse\",\"@id\":\"https:\/\/orthodoxalbania.org\/2020\/#\/schema\/person\/0c387634a7063ac612d7ed9ce71c7e86\"},\"headline\":\"\u201cPersekutim, rezistenc\u00eb, d\u00ebshmi\u201d &#8211; Veprimtari madh\u00ebshtore e Kish\u00ebs Orthodhokse t\u00eb Rumanis\u00eb kushtuar viteve t\u00eb persekutimit komunist\",\"datePublished\":\"2017-10-31T13:17:16+00:00\",\"dateModified\":\"2020-04-06T19:58:17+00:00\",\"mainEntityOfPage\":{\"@id\":\"https:\/\/orthodoxalbania.org\/2020\/2017\/10\/31\/persekutim-rezistence-deshmi-veprimtari-madheshtore-e-kishes-orthodhokse-te-rumanise-kushtuar-viteve-te-persekutimit-komunist\/\"},\"wordCount\":811,\"commentCount\":0,\"publisher\":{\"@id\":\"https:\/\/orthodoxalbania.org\/2020\/#organization\"},\"image\":{\"@id\":\"https:\/\/orthodoxalbania.org\/2020\/2017\/10\/31\/persekutim-rezistence-deshmi-veprimtari-madheshtore-e-kishes-orthodhokse-te-rumanise-kushtuar-viteve-te-persekutimit-komunist\/#primaryimage\"},\"thumbnailUrl\":\"https:\/\/orthodoxalbania.org\/2020\/wp-content\/uploads\/2020\/04\/22886315_712169375654891_6381142963569337646_n.jpg\",\"keywords\":[\"2017\",\"Kremtime\",\"Kryepiskopata Tiran\u00eb\",\"Kryepiskopi Anastas\",\"lajme\"],\"articleSection\":[\"Lajme\"],\"inLanguage\":\"en-US\"},{\"@type\":\"WebPage\",\"@id\":\"https:\/\/orthodoxalbania.org\/2020\/2017\/10\/31\/persekutim-rezistence-deshmi-veprimtari-madheshtore-e-kishes-orthodhokse-te-rumanise-kushtuar-viteve-te-persekutimit-komunist\/\",\"url\":\"https:\/\/orthodoxalbania.org\/2020\/2017\/10\/31\/persekutim-rezistence-deshmi-veprimtari-madheshtore-e-kishes-orthodhokse-te-rumanise-kushtuar-viteve-te-persekutimit-komunist\/\",\"name\":\"\u201cPersekutim, rezistenc\u00eb, d\u00ebshmi\u201d - Veprimtari madh\u00ebshtore e Kish\u00ebs Orthodhokse t\u00eb Rumanis\u00eb kushtuar viteve t\u00eb persekutimit komunist - Kisha Orthodh\u03bfkse Autoqefale e Shqip\u00ebris\u00eb\",\"isPartOf\":{\"@id\":\"https:\/\/orthodoxalbania.org\/2020\/#website\"},\"primaryImageOfPage\":{\"@id\":\"https:\/\/orthodoxalbania.org\/2020\/2017\/10\/31\/persekutim-rezistence-deshmi-veprimtari-madheshtore-e-kishes-orthodhokse-te-rumanise-kushtuar-viteve-te-persekutimit-komunist\/#primaryimage\"},\"image\":{\"@id\":\"https:\/\/orthodoxalbania.org\/2020\/2017\/10\/31\/persekutim-rezistence-deshmi-veprimtari-madheshtore-e-kishes-orthodhokse-te-rumanise-kushtuar-viteve-te-persekutimit-komunist\/#primaryimage\"},\"thumbnailUrl\":\"https:\/\/orthodoxalbania.org\/2020\/wp-content\/uploads\/2020\/04\/22886315_712169375654891_6381142963569337646_n.jpg\",\"datePublished\":\"2017-10-31T13:17:16+00:00\",\"dateModified\":\"2020-04-06T19:58:17+00:00\",\"breadcrumb\":{\"@id\":\"https:\/\/orthodoxalbania.org\/2020\/2017\/10\/31\/persekutim-rezistence-deshmi-veprimtari-madheshtore-e-kishes-orthodhokse-te-rumanise-kushtuar-viteve-te-persekutimit-komunist\/#breadcrumb\"},\"inLanguage\":\"en-US\",\"potentialAction\":[{\"@type\":\"ReadAction\",\"target\":[\"https:\/\/orthodoxalbania.org\/2020\/2017\/10\/31\/persekutim-rezistence-deshmi-veprimtari-madheshtore-e-kishes-orthodhokse-te-rumanise-kushtuar-viteve-te-persekutimit-komunist\/\"]}]},{\"@type\":\"ImageObject\",\"inLanguage\":\"en-US\",\"@id\":\"https:\/\/orthodoxalbania.org\/2020\/2017\/10\/31\/persekutim-rezistence-deshmi-veprimtari-madheshtore-e-kishes-orthodhokse-te-rumanise-kushtuar-viteve-te-persekutimit-komunist\/#primaryimage\",\"url\":\"https:\/\/orthodoxalbania.org\/2020\/wp-content\/uploads\/2020\/04\/22886315_712169375654891_6381142963569337646_n.jpg\",\"contentUrl\":\"https:\/\/orthodoxalbania.org\/2020\/wp-content\/uploads\/2020\/04\/22886315_712169375654891_6381142963569337646_n.jpg\",\"width\":960,\"height\":640},{\"@type\":\"BreadcrumbList\",\"@id\":\"https:\/\/orthodoxalbania.org\/2020\/2017\/10\/31\/persekutim-rezistence-deshmi-veprimtari-madheshtore-e-kishes-orthodhokse-te-rumanise-kushtuar-viteve-te-persekutimit-komunist\/#breadcrumb\",\"itemListElement\":[{\"@type\":\"ListItem\",\"position\":1,\"name\":\"Home\",\"item\":\"https:\/\/orthodoxalbania.org\/2020\/\"},{\"@type\":\"ListItem\",\"position\":2,\"name\":\"\u201cPersekutim, rezistenc\u00eb, d\u00ebshmi\u201d &#8211; Veprimtari madh\u00ebshtore e Kish\u00ebs Orthodhokse t\u00eb Rumanis\u00eb kushtuar viteve t\u00eb persekutimit komunist\"}]},{\"@type\":\"WebSite\",\"@id\":\"https:\/\/orthodoxalbania.org\/2020\/#website\",\"url\":\"https:\/\/orthodoxalbania.org\/2020\/\",\"name\":\"Kisha Orthodh\u03bfkse Autoqefale e Shqip\u00ebris\u00eb\",\"description\":\"Fqja Zyrtare e Kish\u00ebs Orthodhokse Autoqefale e Shqip\u00ebris\u00eb me lajmet edhe informacionet zyrtare p\u00ebr struktur\u00ebn edhe veprimtarin e saj.\",\"publisher\":{\"@id\":\"https:\/\/orthodoxalbania.org\/2020\/#organization\"},\"potentialAction\":[{\"@type\":\"SearchAction\",\"target\":{\"@type\":\"EntryPoint\",\"urlTemplate\":\"https:\/\/orthodoxalbania.org\/2020\/?s={search_term_string}\"},\"query-input\":{\"@type\":\"PropertyValueSpecification\",\"valueRequired\":true,\"valueName\":\"search_term_string\"}}],\"inLanguage\":\"en-US\"},{\"@type\":\"Organization\",\"@id\":\"https:\/\/orthodoxalbania.org\/2020\/#organization\",\"name\":\"Kisha Orthodhokse Autoqefale e Shqip\u00ebris\u00eb\",\"url\":\"https:\/\/orthodoxalbania.org\/2020\/\",\"logo\":{\"@type\":\"ImageObject\",\"inLanguage\":\"en-US\",\"@id\":\"https:\/\/orthodoxalbania.org\/2020\/#\/schema\/logo\/image\/\",\"url\":\"https:\/\/orthodoxalbania.org\/2020\/wp-content\/uploads\/2020\/05\/albania.jpeg\",\"contentUrl\":\"https:\/\/orthodoxalbania.org\/2020\/wp-content\/uploads\/2020\/05\/albania.jpeg\",\"width\":540,\"height\":540,\"caption\":\"Kisha Orthodhokse Autoqefale e Shqip\u00ebris\u00eb\"},\"image\":{\"@id\":\"https:\/\/orthodoxalbania.org\/2020\/#\/schema\/logo\/image\/\"},\"sameAs\":[\"https:\/\/www.facebook.com\/koash1991\"]},{\"@type\":\"Person\",\"@id\":\"https:\/\/orthodoxalbania.org\/2020\/#\/schema\/person\/0c387634a7063ac612d7ed9ce71c7e86\",\"name\":\"Kisha Orthodhokse\",\"image\":{\"@type\":\"ImageObject\",\"inLanguage\":\"en-US\",\"@id\":\"https:\/\/secure.gravatar.com\/avatar\/596e7c417251e30f2fbb9c00e026fce61a695a00e51c889caded71c96cbbdde5?s=96&d=mm&r=g\",\"url\":\"https:\/\/secure.gravatar.com\/avatar\/596e7c417251e30f2fbb9c00e026fce61a695a00e51c889caded71c96cbbdde5?s=96&d=mm&r=g\",\"contentUrl\":\"https:\/\/secure.gravatar.com\/avatar\/596e7c417251e30f2fbb9c00e026fce61a695a00e51c889caded71c96cbbdde5?s=96&d=mm&r=g\",\"caption\":\"Kisha Orthodhokse\"}}]}<\/script>\n<!-- \/ Yoast SEO plugin. -->","yoast_head_json":{"title":"\u201cPersekutim, rezistenc\u00eb, d\u00ebshmi\u201d - Veprimtari madh\u00ebshtore e Kish\u00ebs Orthodhokse t\u00eb Rumanis\u00eb kushtuar viteve t\u00eb persekutimit komunist - Kisha Orthodh\u03bfkse Autoqefale e Shqip\u00ebris\u00eb","robots":{"index":"index","follow":"follow","max-snippet":"max-snippet:-1","max-image-preview":"max-image-preview:large","max-video-preview":"max-video-preview:-1"},"canonical":"https:\/\/orthodoxalbania.org\/2020\/2017\/10\/31\/persekutim-rezistence-deshmi-veprimtari-madheshtore-e-kishes-orthodhokse-te-rumanise-kushtuar-viteve-te-persekutimit-komunist\/","og_locale":"en_US","og_type":"article","og_title":"\u201cPersekutim, rezistenc\u00eb, d\u00ebshmi\u201d - Veprimtari madh\u00ebshtore e Kish\u00ebs Orthodhokse t\u00eb Rumanis\u00eb kushtuar viteve t\u00eb persekutimit komunist - Kisha Orthodh\u03bfkse Autoqefale e Shqip\u00ebris\u00eb","og_description":"\u201cPersekutim, rezistenc\u00eb, d\u00ebshmi\u201d Veprimtari madh\u00ebshtore e Kish\u00ebs Orthodhokse t\u00eb Rumanis\u00ebkushtuar viteve t\u00eb persekutimit komunist Mori pjes\u00eb edhe nj\u00eb p\u00ebrfaq\u00ebsi nga Kisha jon\u00eb,e kryesuar nga Kryepiskopi Anastas &nbsp; Kisha Orthodhokse e Rumanis\u00eb e ka shpallur vitin 2017 \u201cVit p\u00ebrkujtimor i Patriarkut Justinian dhe i mbrojt\u00ebsve t\u00eb Orthodhoksis\u00eb gjat\u00eb komunizmit\u201d. Ndaj, p\u00ebr t\u00eb p\u00ebrkujtuar ata q\u00eb u persekutuan p\u00ebr besimin e tyre Orthodhoks n\u00eb Rumani gjat\u00eb periudh\u00ebs","og_url":"https:\/\/orthodoxalbania.org\/2020\/2017\/10\/31\/persekutim-rezistence-deshmi-veprimtari-madheshtore-e-kishes-orthodhokse-te-rumanise-kushtuar-viteve-te-persekutimit-komunist\/","og_site_name":"Kisha Orthodh\u03bfkse Autoqefale e Shqip\u00ebris\u00eb","article_publisher":"https:\/\/www.facebook.com\/koash1991","article_published_time":"2017-10-31T13:17:16+00:00","article_modified_time":"2020-04-06T19:58:17+00:00","og_image":[{"width":960,"height":640,"url":"https:\/\/orthodoxalbania.org\/2020\/wp-content\/uploads\/2020\/04\/22886315_712169375654891_6381142963569337646_n.jpg","type":"image\/jpeg"}],"author":"Kisha Orthodhokse","twitter_card":"summary_large_image","twitter_misc":{"Written by":"Kisha Orthodhokse","Est. reading time":"4 minutes"},"schema":{"@context":"https:\/\/schema.org","@graph":[{"@type":"Article","@id":"https:\/\/orthodoxalbania.org\/2020\/2017\/10\/31\/persekutim-rezistence-deshmi-veprimtari-madheshtore-e-kishes-orthodhokse-te-rumanise-kushtuar-viteve-te-persekutimit-komunist\/#article","isPartOf":{"@id":"https:\/\/orthodoxalbania.org\/2020\/2017\/10\/31\/persekutim-rezistence-deshmi-veprimtari-madheshtore-e-kishes-orthodhokse-te-rumanise-kushtuar-viteve-te-persekutimit-komunist\/"},"author":{"name":"Kisha Orthodhokse","@id":"https:\/\/orthodoxalbania.org\/2020\/#\/schema\/person\/0c387634a7063ac612d7ed9ce71c7e86"},"headline":"\u201cPersekutim, rezistenc\u00eb, d\u00ebshmi\u201d &#8211; Veprimtari madh\u00ebshtore e Kish\u00ebs Orthodhokse t\u00eb Rumanis\u00eb kushtuar viteve t\u00eb persekutimit komunist","datePublished":"2017-10-31T13:17:16+00:00","dateModified":"2020-04-06T19:58:17+00:00","mainEntityOfPage":{"@id":"https:\/\/orthodoxalbania.org\/2020\/2017\/10\/31\/persekutim-rezistence-deshmi-veprimtari-madheshtore-e-kishes-orthodhokse-te-rumanise-kushtuar-viteve-te-persekutimit-komunist\/"},"wordCount":811,"commentCount":0,"publisher":{"@id":"https:\/\/orthodoxalbania.org\/2020\/#organization"},"image":{"@id":"https:\/\/orthodoxalbania.org\/2020\/2017\/10\/31\/persekutim-rezistence-deshmi-veprimtari-madheshtore-e-kishes-orthodhokse-te-rumanise-kushtuar-viteve-te-persekutimit-komunist\/#primaryimage"},"thumbnailUrl":"https:\/\/orthodoxalbania.org\/2020\/wp-content\/uploads\/2020\/04\/22886315_712169375654891_6381142963569337646_n.jpg","keywords":["2017","Kremtime","Kryepiskopata Tiran\u00eb","Kryepiskopi Anastas","lajme"],"articleSection":["Lajme"],"inLanguage":"en-US"},{"@type":"WebPage","@id":"https:\/\/orthodoxalbania.org\/2020\/2017\/10\/31\/persekutim-rezistence-deshmi-veprimtari-madheshtore-e-kishes-orthodhokse-te-rumanise-kushtuar-viteve-te-persekutimit-komunist\/","url":"https:\/\/orthodoxalbania.org\/2020\/2017\/10\/31\/persekutim-rezistence-deshmi-veprimtari-madheshtore-e-kishes-orthodhokse-te-rumanise-kushtuar-viteve-te-persekutimit-komunist\/","name":"\u201cPersekutim, rezistenc\u00eb, d\u00ebshmi\u201d - Veprimtari madh\u00ebshtore e Kish\u00ebs Orthodhokse t\u00eb Rumanis\u00eb kushtuar viteve t\u00eb persekutimit komunist - Kisha Orthodh\u03bfkse Autoqefale e Shqip\u00ebris\u00eb","isPartOf":{"@id":"https:\/\/orthodoxalbania.org\/2020\/#website"},"primaryImageOfPage":{"@id":"https:\/\/orthodoxalbania.org\/2020\/2017\/10\/31\/persekutim-rezistence-deshmi-veprimtari-madheshtore-e-kishes-orthodhokse-te-rumanise-kushtuar-viteve-te-persekutimit-komunist\/#primaryimage"},"image":{"@id":"https:\/\/orthodoxalbania.org\/2020\/2017\/10\/31\/persekutim-rezistence-deshmi-veprimtari-madheshtore-e-kishes-orthodhokse-te-rumanise-kushtuar-viteve-te-persekutimit-komunist\/#primaryimage"},"thumbnailUrl":"https:\/\/orthodoxalbania.org\/2020\/wp-content\/uploads\/2020\/04\/22886315_712169375654891_6381142963569337646_n.jpg","datePublished":"2017-10-31T13:17:16+00:00","dateModified":"2020-04-06T19:58:17+00:00","breadcrumb":{"@id":"https:\/\/orthodoxalbania.org\/2020\/2017\/10\/31\/persekutim-rezistence-deshmi-veprimtari-madheshtore-e-kishes-orthodhokse-te-rumanise-kushtuar-viteve-te-persekutimit-komunist\/#breadcrumb"},"inLanguage":"en-US","potentialAction":[{"@type":"ReadAction","target":["https:\/\/orthodoxalbania.org\/2020\/2017\/10\/31\/persekutim-rezistence-deshmi-veprimtari-madheshtore-e-kishes-orthodhokse-te-rumanise-kushtuar-viteve-te-persekutimit-komunist\/"]}]},{"@type":"ImageObject","inLanguage":"en-US","@id":"https:\/\/orthodoxalbania.org\/2020\/2017\/10\/31\/persekutim-rezistence-deshmi-veprimtari-madheshtore-e-kishes-orthodhokse-te-rumanise-kushtuar-viteve-te-persekutimit-komunist\/#primaryimage","url":"https:\/\/orthodoxalbania.org\/2020\/wp-content\/uploads\/2020\/04\/22886315_712169375654891_6381142963569337646_n.jpg","contentUrl":"https:\/\/orthodoxalbania.org\/2020\/wp-content\/uploads\/2020\/04\/22886315_712169375654891_6381142963569337646_n.jpg","width":960,"height":640},{"@type":"BreadcrumbList","@id":"https:\/\/orthodoxalbania.org\/2020\/2017\/10\/31\/persekutim-rezistence-deshmi-veprimtari-madheshtore-e-kishes-orthodhokse-te-rumanise-kushtuar-viteve-te-persekutimit-komunist\/#breadcrumb","itemListElement":[{"@type":"ListItem","position":1,"name":"Home","item":"https:\/\/orthodoxalbania.org\/2020\/"},{"@type":"ListItem","position":2,"name":"\u201cPersekutim, rezistenc\u00eb, d\u00ebshmi\u201d &#8211; Veprimtari madh\u00ebshtore e Kish\u00ebs Orthodhokse t\u00eb Rumanis\u00eb kushtuar viteve t\u00eb persekutimit komunist"}]},{"@type":"WebSite","@id":"https:\/\/orthodoxalbania.org\/2020\/#website","url":"https:\/\/orthodoxalbania.org\/2020\/","name":"Kisha Orthodh\u03bfkse Autoqefale e Shqip\u00ebris\u00eb","description":"Fqja Zyrtare e Kish\u00ebs Orthodhokse Autoqefale e Shqip\u00ebris\u00eb me lajmet edhe informacionet zyrtare p\u00ebr struktur\u00ebn edhe veprimtarin e saj.","publisher":{"@id":"https:\/\/orthodoxalbania.org\/2020\/#organization"},"potentialAction":[{"@type":"SearchAction","target":{"@type":"EntryPoint","urlTemplate":"https:\/\/orthodoxalbania.org\/2020\/?s={search_term_string}"},"query-input":{"@type":"PropertyValueSpecification","valueRequired":true,"valueName":"search_term_string"}}],"inLanguage":"en-US"},{"@type":"Organization","@id":"https:\/\/orthodoxalbania.org\/2020\/#organization","name":"Kisha Orthodhokse Autoqefale e Shqip\u00ebris\u00eb","url":"https:\/\/orthodoxalbania.org\/2020\/","logo":{"@type":"ImageObject","inLanguage":"en-US","@id":"https:\/\/orthodoxalbania.org\/2020\/#\/schema\/logo\/image\/","url":"https:\/\/orthodoxalbania.org\/2020\/wp-content\/uploads\/2020\/05\/albania.jpeg","contentUrl":"https:\/\/orthodoxalbania.org\/2020\/wp-content\/uploads\/2020\/05\/albania.jpeg","width":540,"height":540,"caption":"Kisha Orthodhokse Autoqefale e Shqip\u00ebris\u00eb"},"image":{"@id":"https:\/\/orthodoxalbania.org\/2020\/#\/schema\/logo\/image\/"},"sameAs":["https:\/\/www.facebook.com\/koash1991"]},{"@type":"Person","@id":"https:\/\/orthodoxalbania.org\/2020\/#\/schema\/person\/0c387634a7063ac612d7ed9ce71c7e86","name":"Kisha Orthodhokse","image":{"@type":"ImageObject","inLanguage":"en-US","@id":"https:\/\/secure.gravatar.com\/avatar\/596e7c417251e30f2fbb9c00e026fce61a695a00e51c889caded71c96cbbdde5?s=96&d=mm&r=g","url":"https:\/\/secure.gravatar.com\/avatar\/596e7c417251e30f2fbb9c00e026fce61a695a00e51c889caded71c96cbbdde5?s=96&d=mm&r=g","contentUrl":"https:\/\/secure.gravatar.com\/avatar\/596e7c417251e30f2fbb9c00e026fce61a695a00e51c889caded71c96cbbdde5?s=96&d=mm&r=g","caption":"Kisha Orthodhokse"}}]}},"_links":{"self":[{"href":"https:\/\/orthodoxalbania.org\/2020\/wp-json\/wp\/v2\/posts\/5623","targetHints":{"allow":["GET"]}}],"collection":[{"href":"https:\/\/orthodoxalbania.org\/2020\/wp-json\/wp\/v2\/posts"}],"about":[{"href":"https:\/\/orthodoxalbania.org\/2020\/wp-json\/wp\/v2\/types\/post"}],"author":[{"embeddable":true,"href":"https:\/\/orthodoxalbania.org\/2020\/wp-json\/wp\/v2\/users\/1"}],"replies":[{"embeddable":true,"href":"https:\/\/orthodoxalbania.org\/2020\/wp-json\/wp\/v2\/comments?post=5623"}],"version-history":[{"count":1,"href":"https:\/\/orthodoxalbania.org\/2020\/wp-json\/wp\/v2\/posts\/5623\/revisions"}],"predecessor-version":[{"id":14826,"href":"https:\/\/orthodoxalbania.org\/2020\/wp-json\/wp\/v2\/posts\/5623\/revisions\/14826"}],"wp:featuredmedia":[{"embeddable":true,"href":"https:\/\/orthodoxalbania.org\/2020\/wp-json\/wp\/v2\/media\/5624"}],"wp:attachment":[{"href":"https:\/\/orthodoxalbania.org\/2020\/wp-json\/wp\/v2\/media?parent=5623"}],"wp:term":[{"taxonomy":"category","embeddable":true,"href":"https:\/\/orthodoxalbania.org\/2020\/wp-json\/wp\/v2\/categories?post=5623"},{"taxonomy":"post_tag","embeddable":true,"href":"https:\/\/orthodoxalbania.org\/2020\/wp-json\/wp\/v2\/tags?post=5623"}],"curies":[{"name":"wp","href":"https:\/\/api.w.org\/{rel}","templated":true}]}}