{"id":562,"date":"2013-03-20T13:05:35","date_gmt":"2013-03-20T13:05:35","guid":{"rendered":""},"modified":"2020-04-06T22:32:18","modified_gmt":"2020-04-06T20:32:18","slug":"filloi-viti-i-ri-akademik-2010-2011-ne-universitetin-logos-2010","status":"publish","type":"post","link":"https:\/\/orthodoxalbania.org\/2020\/2013\/03\/20\/filloi-viti-i-ri-akademik-2010-2011-ne-universitetin-logos-2010\/","title":{"rendered":"Filloi viti i ri akademik 2010-2011 n\u00eb Universitetin \u201cLogos\u201d (2010)"},"content":{"rendered":"<div style=\"text-align: justify;\"><span style=\"color: #000000; font-family: helvetica;\"><span style=\"font-size: 12px;\"><em><img decoding=\"async\" class=\"lazyload HAa Eha\" style=\"height: 175px; width: 300px; border-width: 1px; border-style: solid; margin: 10px; float: left;\" alt=\"\" src=\"data:image\/gif;base64,R0lGODlhAQABAAAAACH5BAEKAAEALAAAAAABAAEAAAICTAEAOw==\" data-orig-src=\"https:\/\/lh3.googleusercontent.com\/-RTupqU12jFo\/VK0Zrhdtk5I\/AAAAAAAAKSY\/IZRaY5YnQ_s\/w462-h270-no\/startimg.jpg\" \/><span style=\"font-size: 12pt;\"> &nbsp; &nbsp; N\u00eb ambientet e Universitetit \u201cLOGOS\u201d, m\u00eb 25 tetor, u zhvillua ceremonia e hapjes dhe nj\u00ebkoh\u00ebsisht e fillimit t\u00eb vitit t\u00eb ri akademik 2010-2011. Mor\u00ebn pjes\u00eb drejtues, pedagog\u00eb e student\u00eb. Fjal\u00ebn e rastit e mbajti rektori i Universitetit prof. dr. Ilia Telo. <\/span><\/em><\/span><\/span><\/div>\n<div style=\"text-align: justify;\"><span style=\"font-family: helvetica; font-size: 12pt;\"><\/span><\/div>\n<div style=\"text-align: justify;\"><span style=\"color: #000000; font-family: helvetica; font-size: 12pt;\">&nbsp;&nbsp;&nbsp; Miratimi i Universitetit t\u00eb Ri \u201cLOGOS\u201d me an\u00eb t\u00eb Vendimit t\u00eb K\u00ebshillit t\u00eb Ministrave n\u00eb korrik t\u00eb k\u00ebtij viti \u00ebsht\u00eb nj\u00eb sihariq p\u00ebr t\u00ebr\u00eb komunitetin ton\u00eb orthodhoks dhe p\u00ebr gjith\u00eb shqiptar\u00ebt. Ky universitet \u00ebsht\u00eb n\u00eb fakt nj\u00eb dhurat\u00eb e re e Fortlumturis\u00eb s\u00eb Tij, Kryepiskopit Anastas, i cili njihet p\u00ebr ndihm\u00ebn dhe pun\u00ebn e tij t\u00eb pakursyer p\u00ebr ngritjen pothuajse nga hi\u00e7i t\u00eb gjith\u00eb struktur\u00ebs s\u00eb Kish\u00ebs Orthodhokse Autoqefale t\u00eb Shqip\u00ebris\u00eb, t\u00eb shembur plot\u00ebsisht nga regjimi komunist.<\/span><\/div>\n<div style=\"text-align: justify;\"><span style=\"font-family: helvetica; font-size: 12pt;\"><\/span><\/div>\n<div style=\"text-align: justify;\"><span style=\"color: #000000; font-family: helvetica; font-size: 12pt;\">&nbsp;&nbsp;&nbsp; Stafi akademik me n\u00eb krye profesorin shum\u00eb t\u00eb nderuar z. Ilia Telo \u00ebsht\u00eb nj\u00eb staf i mir\u00ebp\u00ebrgatitur, i cili do t\u00eb drejtoj\u00eb dhe do t\u00eb realizoj\u00eb m\u00ebsimdh\u00ebnien duke respektuar ligjin e arsimit t\u00eb lart\u00eb t\u00eb Republik\u00ebs s\u00eb Shqip\u00ebris\u00eb dhe procesin e Bolonj\u00ebs, duke diplomuar student\u00eb t\u00eb aft\u00eb e profesionist\u00eb t\u00eb mir\u00eb n\u00eb tregun e pun\u00ebs jo vet\u00ebm t\u00eb Shqip\u00ebris\u00eb, por edhe t\u00eb Komunitetit Evropian.<\/span><\/div>\n<div style=\"text-align: justify;\"><span style=\"font-family: helvetica; font-size: 12pt;\"><\/span><\/div>\n<div style=\"text-align: justify;\"><span style=\"color: #000000; font-family: helvetica; font-size: 12pt;\">&nbsp;&nbsp;&nbsp; Ai n\u00eb fakt nuk \u00ebsht\u00eb nj\u00eb Universitet i ri.<\/span><\/div>\n<div style=\"text-align: justify;\"><span style=\"color: #000000; font-family: helvetica; font-size: 12pt;\"> <img decoding=\"async\" class=\"lazyload HAa Eha\" style=\"border-width: 1px; border-style: solid; margin: 10px; float: right;\" alt=\"\" src=\"data:image\/gif;base64,R0lGODlhAQABAAAAACH5BAEKAAEALAAAAAABAAEAAAICTAEAOw==\" data-orig-src=\"https:\/\/lh6.googleusercontent.com\/-Ir2wWquSpeU\/VK0Zrhuh03I\/AAAAAAAAKSU\/BYJqJV2S4aU\/w249-h184-no\/p1.jpg\" \/> &nbsp; &nbsp; Rrug\u00ebn e ka hapur Instituti 2-vje\u00e7ar profesional \u201cFrym\u00eb Dashurie\u201d, cili \u00ebsht\u00eb themeluar q\u00eb n\u00eb vitin 2000. Universiteti i ri \u201cLogos\u201d n\u00eb fakt \u00ebsht\u00eb pasuesi i nj\u00eb p\u00ebrvoje 10-vje\u00e7are dhe ka jo vet\u00ebm nj\u00eb nd\u00ebrtes\u00eb t\u00eb bukur funksionale, jo vet\u00ebm nj\u00eb staf akademik me eksperienc\u00eb, ku n\u00eb gjirin e tyre ka profesor\u00eb e doktor\u00eb shkencash dhe lektor\u00eb me master shkencor\u00eb me tituj t\u00eb fituar brenda dhe jasht\u00eb vendit, por ka laborator\u00eb modern\u00eb, bibliotek\u00eb e cila \u00ebsht\u00eb duke u pasuruar me literatur\u00ebn m\u00eb bashk\u00ebkohore etj.<\/span><\/div>\n<div style=\"text-align: justify;\"><span style=\"font-family: helvetica; font-size: 12pt;\"><\/span><\/div>\n<div style=\"text-align: justify;\"><span style=\"color: #000000; font-family: helvetica; font-size: 12pt;\">&nbsp;&nbsp;&nbsp; Universiteti Logos \u00ebsht\u00eb nj\u00eb universitet non-profit dhe pagesat p\u00ebr t\u00eb hyr\u00eb n\u00eb k\u00ebt\u00eb universitet jan\u00eb nga m\u00eb t\u00eb ul\u00ebtat pra dhe m\u00eb konkurueset. K\u00ebt\u00eb fakt e v\u00ebrteton dhe pjes\u00ebmarrja e shumt\u00eb e student\u00ebve t\u00eb rinj q\u00eb kan\u00eb preferuar at\u00eb.<\/span><\/div>\n<div style=\"text-align: justify;\"><span style=\"font-family: helvetica; font-size: 12pt;\"><\/span><\/div>\n<div style=\"text-align: justify;\"><span style=\"color: #000000; font-family: helvetica; font-size: 12pt;\">&nbsp;&nbsp;&nbsp; N\u00eb vitin e tij t\u00eb par\u00eb Universiteti \u2018Logos\u2019 ka 230 student\u00eb dhe dy fakultete, t\u00eb cilat jan\u00eb: Shkenca t\u00eb Aplikuara dhe Ekonomi, me programe t\u00ebr\u00ebsisht n\u00eb p\u00ebrputhje me procesin e Bolonj\u00ebs si: programet Financ\u00eb Kontabilitet, Menaxhim Biznes, Menaxhim Turiz\u00ebm, Informatik\u00eb e Zbatuar, Teknik i Lart\u00eb Laborator\u00ebsh Mjek\u00ebsor\u00eb.<\/span><\/div>\n<div style=\"text-align: justify;\"><span style=\"font-family: helvetica; font-size: 12pt;\"><\/span><\/div>\n<div style=\"text-align: justify;\"><span style=\"color: #000000; font-family: helvetica; font-size: 12pt;\">&nbsp;&nbsp;&nbsp; Shum\u00eb shpejt n\u00eb vitet e ardhshme akademike Universiteti \u201cLogos\u201d do t\u00eb hap\u00eb dhe deg\u00eb e programe t\u00eb reja universitare.<\/span><\/div>\n<div style=\"text-align: justify;\"><span style=\"font-family: helvetica; font-size: 12pt;\"><\/span><\/div>\n<div style=\"text-align: right;\"><span style=\"color: #000000; font-family: helvetica; font-size: 12pt;\"><strong>Prof. Asc. Pirro Prifti<\/strong><\/span><\/div>\n<div style=\"text-align: right;\"><span style=\"font-family: helvetica; font-size: 12pt;\"><\/span><\/div>\n","protected":false},"excerpt":{"rendered":"<p>&nbsp; &nbsp; N\u00eb ambientet e Universitetit \u201cLOGOS\u201d, m\u00eb 25 tetor, u zhvillua ceremonia e hapjes dhe nj\u00ebkoh\u00ebsisht e fillimit t\u00eb vitit t\u00eb ri akademik 2010-2011. Mor\u00ebn pjes\u00eb drejtues, pedagog\u00eb e student\u00eb. Fjal\u00ebn e rastit e mbajti rektori i Universitetit prof. dr. Ilia Telo. &nbsp;&nbsp;&nbsp; Miratimi i Universitetit t\u00eb Ri \u201cLOGOS\u201d me an\u00eb t\u00eb Vendimit t\u00eb K\u00ebshillit t\u00eb Ministrave n\u00eb korrik t\u00eb k\u00ebtij viti \u00ebsht\u00eb nj\u00eb<\/p>\n","protected":false},"author":1,"featured_media":0,"comment_status":"open","ping_status":"open","sticky":false,"template":"","format":"standard","meta":{"_acf_changed":false,"pagelayer_contact_templates":[],"_pagelayer_content":"","inline_featured_image":false,"fifu_image_url":"","fifu_image_alt":"","footnotes":""},"categories":[108],"tags":[144,212,195],"class_list":["post-562","post","type-post","status-publish","format-standard","hentry","category-lajme","tag-144","tag-lajme-d27","tag-universiteti-logos"],"acf":[],"yoast_head":"<!-- This site is optimized with the Yoast SEO plugin v27.2 - https:\/\/yoast.com\/product\/yoast-seo-wordpress\/ -->\n<title>Filloi viti i ri akademik 2010-2011 n\u00eb Universitetin \u201cLogos\u201d (2010) - Kisha Orthodh\u03bfkse Autoqefale e Shqip\u00ebris\u00eb<\/title>\n<meta name=\"robots\" content=\"index, follow, max-snippet:-1, max-image-preview:large, max-video-preview:-1\" \/>\n<link rel=\"canonical\" href=\"https:\/\/orthodoxalbania.org\/2020\/2013\/03\/20\/filloi-viti-i-ri-akademik-2010-2011-ne-universitetin-logos-2010\/\" \/>\n<meta property=\"og:locale\" content=\"en_US\" \/>\n<meta property=\"og:type\" content=\"article\" \/>\n<meta property=\"og:title\" content=\"Filloi viti i ri akademik 2010-2011 n\u00eb Universitetin \u201cLogos\u201d (2010) - Kisha Orthodh\u03bfkse Autoqefale e Shqip\u00ebris\u00eb\" \/>\n<meta property=\"og:description\" content=\"&nbsp; &nbsp; N\u00eb ambientet e Universitetit \u201cLOGOS\u201d, m\u00eb 25 tetor, u zhvillua ceremonia e hapjes dhe nj\u00ebkoh\u00ebsisht e fillimit t\u00eb vitit t\u00eb ri akademik 2010-2011. Mor\u00ebn pjes\u00eb drejtues, pedagog\u00eb e student\u00eb. Fjal\u00ebn e rastit e mbajti rektori i Universitetit prof. dr. Ilia Telo. &nbsp;&nbsp;&nbsp; Miratimi i Universitetit t\u00eb Ri \u201cLOGOS\u201d me an\u00eb t\u00eb Vendimit t\u00eb K\u00ebshillit t\u00eb Ministrave n\u00eb korrik t\u00eb k\u00ebtij viti \u00ebsht\u00eb nj\u00eb\" \/>\n<meta property=\"og:url\" content=\"https:\/\/orthodoxalbania.org\/2020\/2013\/03\/20\/filloi-viti-i-ri-akademik-2010-2011-ne-universitetin-logos-2010\/\" \/>\n<meta property=\"og:site_name\" content=\"Kisha Orthodh\u03bfkse Autoqefale e Shqip\u00ebris\u00eb\" \/>\n<meta property=\"article:publisher\" content=\"https:\/\/www.facebook.com\/koash1991\" \/>\n<meta property=\"article:published_time\" content=\"2013-03-20T13:05:35+00:00\" \/>\n<meta property=\"article:modified_time\" content=\"2020-04-06T20:32:18+00:00\" \/>\n<meta property=\"og:image\" content=\"https:\/\/lh3.googleusercontent.com\/-RTupqU12jFo\/VK0Zrhdtk5I\/AAAAAAAAKSY\/IZRaY5YnQ_s\/w462-h270-no\/startimg.jpg\" \/>\n<meta name=\"author\" content=\"Kisha Orthodhokse\" \/>\n<meta name=\"twitter:card\" content=\"summary_large_image\" \/>\n<meta name=\"twitter:label1\" content=\"Written by\" \/>\n\t<meta name=\"twitter:data1\" content=\"Kisha Orthodhokse\" \/>\n\t<meta name=\"twitter:label2\" content=\"Est. reading time\" \/>\n\t<meta name=\"twitter:data2\" content=\"2 minutes\" \/>\n<script type=\"application\/ld+json\" class=\"yoast-schema-graph\">{\"@context\":\"https:\/\/schema.org\",\"@graph\":[{\"@type\":\"Article\",\"@id\":\"https:\/\/orthodoxalbania.org\/2020\/2013\/03\/20\/filloi-viti-i-ri-akademik-2010-2011-ne-universitetin-logos-2010\/#article\",\"isPartOf\":{\"@id\":\"https:\/\/orthodoxalbania.org\/2020\/2013\/03\/20\/filloi-viti-i-ri-akademik-2010-2011-ne-universitetin-logos-2010\/\"},\"author\":{\"name\":\"Kisha Orthodhokse\",\"@id\":\"https:\/\/orthodoxalbania.org\/2020\/#\/schema\/person\/0c387634a7063ac612d7ed9ce71c7e86\"},\"headline\":\"Filloi viti i ri akademik 2010-2011 n\u00eb Universitetin \u201cLogos\u201d (2010)\",\"datePublished\":\"2013-03-20T13:05:35+00:00\",\"dateModified\":\"2020-04-06T20:32:18+00:00\",\"mainEntityOfPage\":{\"@id\":\"https:\/\/orthodoxalbania.org\/2020\/2013\/03\/20\/filloi-viti-i-ri-akademik-2010-2011-ne-universitetin-logos-2010\/\"},\"wordCount\":463,\"commentCount\":0,\"publisher\":{\"@id\":\"https:\/\/orthodoxalbania.org\/2020\/#organization\"},\"image\":{\"@id\":\"https:\/\/orthodoxalbania.org\/2020\/2013\/03\/20\/filloi-viti-i-ri-akademik-2010-2011-ne-universitetin-logos-2010\/#primaryimage\"},\"thumbnailUrl\":\"https:\/\/lh3.googleusercontent.com\/-RTupqU12jFo\/VK0Zrhdtk5I\/AAAAAAAAKSY\/IZRaY5YnQ_s\/w462-h270-no\/startimg.jpg\",\"keywords\":[\"2010\",\"lajme\",\"Universiteti \\\"Logos\\\"\"],\"articleSection\":[\"Lajme\"],\"inLanguage\":\"en-US\"},{\"@type\":\"WebPage\",\"@id\":\"https:\/\/orthodoxalbania.org\/2020\/2013\/03\/20\/filloi-viti-i-ri-akademik-2010-2011-ne-universitetin-logos-2010\/\",\"url\":\"https:\/\/orthodoxalbania.org\/2020\/2013\/03\/20\/filloi-viti-i-ri-akademik-2010-2011-ne-universitetin-logos-2010\/\",\"name\":\"Filloi viti i ri akademik 2010-2011 n\u00eb Universitetin \u201cLogos\u201d (2010) - Kisha Orthodh\u03bfkse Autoqefale e Shqip\u00ebris\u00eb\",\"isPartOf\":{\"@id\":\"https:\/\/orthodoxalbania.org\/2020\/#website\"},\"primaryImageOfPage\":{\"@id\":\"https:\/\/orthodoxalbania.org\/2020\/2013\/03\/20\/filloi-viti-i-ri-akademik-2010-2011-ne-universitetin-logos-2010\/#primaryimage\"},\"image\":{\"@id\":\"https:\/\/orthodoxalbania.org\/2020\/2013\/03\/20\/filloi-viti-i-ri-akademik-2010-2011-ne-universitetin-logos-2010\/#primaryimage\"},\"thumbnailUrl\":\"https:\/\/lh3.googleusercontent.com\/-RTupqU12jFo\/VK0Zrhdtk5I\/AAAAAAAAKSY\/IZRaY5YnQ_s\/w462-h270-no\/startimg.jpg\",\"datePublished\":\"2013-03-20T13:05:35+00:00\",\"dateModified\":\"2020-04-06T20:32:18+00:00\",\"breadcrumb\":{\"@id\":\"https:\/\/orthodoxalbania.org\/2020\/2013\/03\/20\/filloi-viti-i-ri-akademik-2010-2011-ne-universitetin-logos-2010\/#breadcrumb\"},\"inLanguage\":\"en-US\",\"potentialAction\":[{\"@type\":\"ReadAction\",\"target\":[\"https:\/\/orthodoxalbania.org\/2020\/2013\/03\/20\/filloi-viti-i-ri-akademik-2010-2011-ne-universitetin-logos-2010\/\"]}]},{\"@type\":\"ImageObject\",\"inLanguage\":\"en-US\",\"@id\":\"https:\/\/orthodoxalbania.org\/2020\/2013\/03\/20\/filloi-viti-i-ri-akademik-2010-2011-ne-universitetin-logos-2010\/#primaryimage\",\"url\":\"https:\/\/lh3.googleusercontent.com\/-RTupqU12jFo\/VK0Zrhdtk5I\/AAAAAAAAKSY\/IZRaY5YnQ_s\/w462-h270-no\/startimg.jpg\",\"contentUrl\":\"https:\/\/lh3.googleusercontent.com\/-RTupqU12jFo\/VK0Zrhdtk5I\/AAAAAAAAKSY\/IZRaY5YnQ_s\/w462-h270-no\/startimg.jpg\"},{\"@type\":\"BreadcrumbList\",\"@id\":\"https:\/\/orthodoxalbania.org\/2020\/2013\/03\/20\/filloi-viti-i-ri-akademik-2010-2011-ne-universitetin-logos-2010\/#breadcrumb\",\"itemListElement\":[{\"@type\":\"ListItem\",\"position\":1,\"name\":\"Home\",\"item\":\"https:\/\/orthodoxalbania.org\/2020\/\"},{\"@type\":\"ListItem\",\"position\":2,\"name\":\"Filloi viti i ri akademik 2010-2011 n\u00eb Universitetin \u201cLogos\u201d (2010)\"}]},{\"@type\":\"WebSite\",\"@id\":\"https:\/\/orthodoxalbania.org\/2020\/#website\",\"url\":\"https:\/\/orthodoxalbania.org\/2020\/\",\"name\":\"Kisha Orthodh\u03bfkse Autoqefale e Shqip\u00ebris\u00eb\",\"description\":\"Fqja Zyrtare e Kish\u00ebs Orthodhokse Autoqefale e Shqip\u00ebris\u00eb me lajmet edhe informacionet zyrtare p\u00ebr struktur\u00ebn edhe veprimtarin e saj.\",\"publisher\":{\"@id\":\"https:\/\/orthodoxalbania.org\/2020\/#organization\"},\"potentialAction\":[{\"@type\":\"SearchAction\",\"target\":{\"@type\":\"EntryPoint\",\"urlTemplate\":\"https:\/\/orthodoxalbania.org\/2020\/?s={search_term_string}\"},\"query-input\":{\"@type\":\"PropertyValueSpecification\",\"valueRequired\":true,\"valueName\":\"search_term_string\"}}],\"inLanguage\":\"en-US\"},{\"@type\":\"Organization\",\"@id\":\"https:\/\/orthodoxalbania.org\/2020\/#organization\",\"name\":\"Kisha Orthodhokse Autoqefale e Shqip\u00ebris\u00eb\",\"url\":\"https:\/\/orthodoxalbania.org\/2020\/\",\"logo\":{\"@type\":\"ImageObject\",\"inLanguage\":\"en-US\",\"@id\":\"https:\/\/orthodoxalbania.org\/2020\/#\/schema\/logo\/image\/\",\"url\":\"https:\/\/orthodoxalbania.org\/2020\/wp-content\/uploads\/2020\/05\/albania.jpeg\",\"contentUrl\":\"https:\/\/orthodoxalbania.org\/2020\/wp-content\/uploads\/2020\/05\/albania.jpeg\",\"width\":540,\"height\":540,\"caption\":\"Kisha Orthodhokse Autoqefale e Shqip\u00ebris\u00eb\"},\"image\":{\"@id\":\"https:\/\/orthodoxalbania.org\/2020\/#\/schema\/logo\/image\/\"},\"sameAs\":[\"https:\/\/www.facebook.com\/koash1991\"]},{\"@type\":\"Person\",\"@id\":\"https:\/\/orthodoxalbania.org\/2020\/#\/schema\/person\/0c387634a7063ac612d7ed9ce71c7e86\",\"name\":\"Kisha Orthodhokse\",\"image\":{\"@type\":\"ImageObject\",\"inLanguage\":\"en-US\",\"@id\":\"https:\/\/secure.gravatar.com\/avatar\/596e7c417251e30f2fbb9c00e026fce61a695a00e51c889caded71c96cbbdde5?s=96&d=mm&r=g\",\"url\":\"https:\/\/secure.gravatar.com\/avatar\/596e7c417251e30f2fbb9c00e026fce61a695a00e51c889caded71c96cbbdde5?s=96&d=mm&r=g\",\"contentUrl\":\"https:\/\/secure.gravatar.com\/avatar\/596e7c417251e30f2fbb9c00e026fce61a695a00e51c889caded71c96cbbdde5?s=96&d=mm&r=g\",\"caption\":\"Kisha Orthodhokse\"}}]}<\/script>\n<!-- \/ Yoast SEO plugin. -->","yoast_head_json":{"title":"Filloi viti i ri akademik 2010-2011 n\u00eb Universitetin \u201cLogos\u201d (2010) - Kisha Orthodh\u03bfkse Autoqefale e Shqip\u00ebris\u00eb","robots":{"index":"index","follow":"follow","max-snippet":"max-snippet:-1","max-image-preview":"max-image-preview:large","max-video-preview":"max-video-preview:-1"},"canonical":"https:\/\/orthodoxalbania.org\/2020\/2013\/03\/20\/filloi-viti-i-ri-akademik-2010-2011-ne-universitetin-logos-2010\/","og_locale":"en_US","og_type":"article","og_title":"Filloi viti i ri akademik 2010-2011 n\u00eb Universitetin \u201cLogos\u201d (2010) - Kisha Orthodh\u03bfkse Autoqefale e Shqip\u00ebris\u00eb","og_description":"&nbsp; &nbsp; N\u00eb ambientet e Universitetit \u201cLOGOS\u201d, m\u00eb 25 tetor, u zhvillua ceremonia e hapjes dhe nj\u00ebkoh\u00ebsisht e fillimit t\u00eb vitit t\u00eb ri akademik 2010-2011. Mor\u00ebn pjes\u00eb drejtues, pedagog\u00eb e student\u00eb. Fjal\u00ebn e rastit e mbajti rektori i Universitetit prof. dr. Ilia Telo. &nbsp;&nbsp;&nbsp; Miratimi i Universitetit t\u00eb Ri \u201cLOGOS\u201d me an\u00eb t\u00eb Vendimit t\u00eb K\u00ebshillit t\u00eb Ministrave n\u00eb korrik t\u00eb k\u00ebtij viti \u00ebsht\u00eb nj\u00eb","og_url":"https:\/\/orthodoxalbania.org\/2020\/2013\/03\/20\/filloi-viti-i-ri-akademik-2010-2011-ne-universitetin-logos-2010\/","og_site_name":"Kisha Orthodh\u03bfkse Autoqefale e Shqip\u00ebris\u00eb","article_publisher":"https:\/\/www.facebook.com\/koash1991","article_published_time":"2013-03-20T13:05:35+00:00","article_modified_time":"2020-04-06T20:32:18+00:00","og_image":[{"url":"https:\/\/lh3.googleusercontent.com\/-RTupqU12jFo\/VK0Zrhdtk5I\/AAAAAAAAKSY\/IZRaY5YnQ_s\/w462-h270-no\/startimg.jpg","type":"","width":"","height":""}],"author":"Kisha Orthodhokse","twitter_card":"summary_large_image","twitter_misc":{"Written by":"Kisha Orthodhokse","Est. reading time":"2 minutes"},"schema":{"@context":"https:\/\/schema.org","@graph":[{"@type":"Article","@id":"https:\/\/orthodoxalbania.org\/2020\/2013\/03\/20\/filloi-viti-i-ri-akademik-2010-2011-ne-universitetin-logos-2010\/#article","isPartOf":{"@id":"https:\/\/orthodoxalbania.org\/2020\/2013\/03\/20\/filloi-viti-i-ri-akademik-2010-2011-ne-universitetin-logos-2010\/"},"author":{"name":"Kisha Orthodhokse","@id":"https:\/\/orthodoxalbania.org\/2020\/#\/schema\/person\/0c387634a7063ac612d7ed9ce71c7e86"},"headline":"Filloi viti i ri akademik 2010-2011 n\u00eb Universitetin \u201cLogos\u201d (2010)","datePublished":"2013-03-20T13:05:35+00:00","dateModified":"2020-04-06T20:32:18+00:00","mainEntityOfPage":{"@id":"https:\/\/orthodoxalbania.org\/2020\/2013\/03\/20\/filloi-viti-i-ri-akademik-2010-2011-ne-universitetin-logos-2010\/"},"wordCount":463,"commentCount":0,"publisher":{"@id":"https:\/\/orthodoxalbania.org\/2020\/#organization"},"image":{"@id":"https:\/\/orthodoxalbania.org\/2020\/2013\/03\/20\/filloi-viti-i-ri-akademik-2010-2011-ne-universitetin-logos-2010\/#primaryimage"},"thumbnailUrl":"https:\/\/lh3.googleusercontent.com\/-RTupqU12jFo\/VK0Zrhdtk5I\/AAAAAAAAKSY\/IZRaY5YnQ_s\/w462-h270-no\/startimg.jpg","keywords":["2010","lajme","Universiteti \"Logos\""],"articleSection":["Lajme"],"inLanguage":"en-US"},{"@type":"WebPage","@id":"https:\/\/orthodoxalbania.org\/2020\/2013\/03\/20\/filloi-viti-i-ri-akademik-2010-2011-ne-universitetin-logos-2010\/","url":"https:\/\/orthodoxalbania.org\/2020\/2013\/03\/20\/filloi-viti-i-ri-akademik-2010-2011-ne-universitetin-logos-2010\/","name":"Filloi viti i ri akademik 2010-2011 n\u00eb Universitetin \u201cLogos\u201d (2010) - Kisha Orthodh\u03bfkse Autoqefale e Shqip\u00ebris\u00eb","isPartOf":{"@id":"https:\/\/orthodoxalbania.org\/2020\/#website"},"primaryImageOfPage":{"@id":"https:\/\/orthodoxalbania.org\/2020\/2013\/03\/20\/filloi-viti-i-ri-akademik-2010-2011-ne-universitetin-logos-2010\/#primaryimage"},"image":{"@id":"https:\/\/orthodoxalbania.org\/2020\/2013\/03\/20\/filloi-viti-i-ri-akademik-2010-2011-ne-universitetin-logos-2010\/#primaryimage"},"thumbnailUrl":"https:\/\/lh3.googleusercontent.com\/-RTupqU12jFo\/VK0Zrhdtk5I\/AAAAAAAAKSY\/IZRaY5YnQ_s\/w462-h270-no\/startimg.jpg","datePublished":"2013-03-20T13:05:35+00:00","dateModified":"2020-04-06T20:32:18+00:00","breadcrumb":{"@id":"https:\/\/orthodoxalbania.org\/2020\/2013\/03\/20\/filloi-viti-i-ri-akademik-2010-2011-ne-universitetin-logos-2010\/#breadcrumb"},"inLanguage":"en-US","potentialAction":[{"@type":"ReadAction","target":["https:\/\/orthodoxalbania.org\/2020\/2013\/03\/20\/filloi-viti-i-ri-akademik-2010-2011-ne-universitetin-logos-2010\/"]}]},{"@type":"ImageObject","inLanguage":"en-US","@id":"https:\/\/orthodoxalbania.org\/2020\/2013\/03\/20\/filloi-viti-i-ri-akademik-2010-2011-ne-universitetin-logos-2010\/#primaryimage","url":"https:\/\/lh3.googleusercontent.com\/-RTupqU12jFo\/VK0Zrhdtk5I\/AAAAAAAAKSY\/IZRaY5YnQ_s\/w462-h270-no\/startimg.jpg","contentUrl":"https:\/\/lh3.googleusercontent.com\/-RTupqU12jFo\/VK0Zrhdtk5I\/AAAAAAAAKSY\/IZRaY5YnQ_s\/w462-h270-no\/startimg.jpg"},{"@type":"BreadcrumbList","@id":"https:\/\/orthodoxalbania.org\/2020\/2013\/03\/20\/filloi-viti-i-ri-akademik-2010-2011-ne-universitetin-logos-2010\/#breadcrumb","itemListElement":[{"@type":"ListItem","position":1,"name":"Home","item":"https:\/\/orthodoxalbania.org\/2020\/"},{"@type":"ListItem","position":2,"name":"Filloi viti i ri akademik 2010-2011 n\u00eb Universitetin \u201cLogos\u201d (2010)"}]},{"@type":"WebSite","@id":"https:\/\/orthodoxalbania.org\/2020\/#website","url":"https:\/\/orthodoxalbania.org\/2020\/","name":"Kisha Orthodh\u03bfkse Autoqefale e Shqip\u00ebris\u00eb","description":"Fqja Zyrtare e Kish\u00ebs Orthodhokse Autoqefale e Shqip\u00ebris\u00eb me lajmet edhe informacionet zyrtare p\u00ebr struktur\u00ebn edhe veprimtarin e saj.","publisher":{"@id":"https:\/\/orthodoxalbania.org\/2020\/#organization"},"potentialAction":[{"@type":"SearchAction","target":{"@type":"EntryPoint","urlTemplate":"https:\/\/orthodoxalbania.org\/2020\/?s={search_term_string}"},"query-input":{"@type":"PropertyValueSpecification","valueRequired":true,"valueName":"search_term_string"}}],"inLanguage":"en-US"},{"@type":"Organization","@id":"https:\/\/orthodoxalbania.org\/2020\/#organization","name":"Kisha Orthodhokse Autoqefale e Shqip\u00ebris\u00eb","url":"https:\/\/orthodoxalbania.org\/2020\/","logo":{"@type":"ImageObject","inLanguage":"en-US","@id":"https:\/\/orthodoxalbania.org\/2020\/#\/schema\/logo\/image\/","url":"https:\/\/orthodoxalbania.org\/2020\/wp-content\/uploads\/2020\/05\/albania.jpeg","contentUrl":"https:\/\/orthodoxalbania.org\/2020\/wp-content\/uploads\/2020\/05\/albania.jpeg","width":540,"height":540,"caption":"Kisha Orthodhokse Autoqefale e Shqip\u00ebris\u00eb"},"image":{"@id":"https:\/\/orthodoxalbania.org\/2020\/#\/schema\/logo\/image\/"},"sameAs":["https:\/\/www.facebook.com\/koash1991"]},{"@type":"Person","@id":"https:\/\/orthodoxalbania.org\/2020\/#\/schema\/person\/0c387634a7063ac612d7ed9ce71c7e86","name":"Kisha Orthodhokse","image":{"@type":"ImageObject","inLanguage":"en-US","@id":"https:\/\/secure.gravatar.com\/avatar\/596e7c417251e30f2fbb9c00e026fce61a695a00e51c889caded71c96cbbdde5?s=96&d=mm&r=g","url":"https:\/\/secure.gravatar.com\/avatar\/596e7c417251e30f2fbb9c00e026fce61a695a00e51c889caded71c96cbbdde5?s=96&d=mm&r=g","contentUrl":"https:\/\/secure.gravatar.com\/avatar\/596e7c417251e30f2fbb9c00e026fce61a695a00e51c889caded71c96cbbdde5?s=96&d=mm&r=g","caption":"Kisha Orthodhokse"}}]}},"_links":{"self":[{"href":"https:\/\/orthodoxalbania.org\/2020\/wp-json\/wp\/v2\/posts\/562","targetHints":{"allow":["GET"]}}],"collection":[{"href":"https:\/\/orthodoxalbania.org\/2020\/wp-json\/wp\/v2\/posts"}],"about":[{"href":"https:\/\/orthodoxalbania.org\/2020\/wp-json\/wp\/v2\/types\/post"}],"author":[{"embeddable":true,"href":"https:\/\/orthodoxalbania.org\/2020\/wp-json\/wp\/v2\/users\/1"}],"replies":[{"embeddable":true,"href":"https:\/\/orthodoxalbania.org\/2020\/wp-json\/wp\/v2\/comments?post=562"}],"version-history":[{"count":1,"href":"https:\/\/orthodoxalbania.org\/2020\/wp-json\/wp\/v2\/posts\/562\/revisions"}],"predecessor-version":[{"id":15459,"href":"https:\/\/orthodoxalbania.org\/2020\/wp-json\/wp\/v2\/posts\/562\/revisions\/15459"}],"wp:attachment":[{"href":"https:\/\/orthodoxalbania.org\/2020\/wp-json\/wp\/v2\/media?parent=562"}],"wp:term":[{"taxonomy":"category","embeddable":true,"href":"https:\/\/orthodoxalbania.org\/2020\/wp-json\/wp\/v2\/categories?post=562"},{"taxonomy":"post_tag","embeddable":true,"href":"https:\/\/orthodoxalbania.org\/2020\/wp-json\/wp\/v2\/tags?post=562"}],"curies":[{"name":"wp","href":"https:\/\/api.w.org\/{rel}","templated":true}]}}