{"id":56075,"date":"2021-10-24T19:30:50","date_gmt":"2021-10-24T17:30:50","guid":{"rendered":"https:\/\/orthodoxalbania.org\/2020\/?p=56075"},"modified":"2021-11-01T11:47:58","modified_gmt":"2021-11-01T10:47:58","slug":"e-diela-iv-e-llukait-fuqia-e-djallit-dhe-terefuqia-e-krishtit-nga-mitropoliti-i-beratit-vlores-kanines-ignati-24-10-2021-text","status":"publish","type":"post","link":"https:\/\/orthodoxalbania.org\/2020\/2021\/10\/24\/e-diela-iv-e-llukait-fuqia-e-djallit-dhe-terefuqia-e-krishtit-nga-mitropoliti-i-beratit-vlores-kanines-ignati-24-10-2021-text\/","title":{"rendered":"E Diela VI e Llukait, Fuqia e djallit dhe t\u00ebr\u00ebfuqia e Krishtit, nga Mitropoliti i Beratit, Vlor\u00ebs &#038; Kanin\u00ebs  Ignati. 24.10.2021 (Text)"},"content":{"rendered":"<div class=\"kvgmc6g5 cxmmr5t8 oygrvhab hcukyx3x c1et5uql ii04i59q\">\n<h4 dir=\"auto\" style=\"text-align: center;\"><strong>E Diela VI e Llukait (Luka 8:27-39) <\/strong><br \/>\n<strong>Fuqia e djallit dhe t\u00ebr\u00ebfuqia e Krishtit.<\/strong><\/h4>\n<\/div>\n<div class=\"o9v6fnle cxmmr5t8 oygrvhab hcukyx3x c1et5uql ii04i59q\" style=\"text-align: justify;\">\n<div dir=\"auto\"><\/div>\n<\/div>\n<div class=\"o9v6fnle cxmmr5t8 oygrvhab hcukyx3x c1et5uql ii04i59q\" style=\"text-align: justify;\">\n<div dir=\"auto\"><em>\u201cI doli p\u00ebrpara nj\u00eb njeri prej qytetit,<\/em><\/div>\n<div dir=\"auto\"><em>q\u00eb kishte djaj prej shum\u00eb vjet\u00ebsh\u201d (v.5)<\/em><\/div>\n<div dir=\"auto\"><\/div>\n<\/div>\n<div class=\"o9v6fnle cxmmr5t8 oygrvhab hcukyx3x c1et5uql ii04i59q\" style=\"text-align: justify;\">\n<div dir=\"auto\">Gabimi i madh i njer\u00ebzve t\u00eb epok\u00ebs son\u00eb \u00ebsht\u00eb se nuk pranojn\u00eb ekzistenc\u00ebn e djallit. Fryma e bot\u00ebs dhe m\u00ebkati i p\u00ebrhapur kudo, na i ka shnd\u00ebrruar aq shum\u00eb ndjenjat shpirt\u00ebrore, sa t\u00eb mos arrijm\u00eb t\u00eb perceptojm\u00eb t\u00eb v\u00ebrteta thelb\u00ebsore t\u00eb besimit ton\u00eb dhe t\u00eb kuptojm\u00eb situata dhe ngjarje t\u00eb jet\u00ebs s\u00eb p\u00ebrditshme, q\u00eb vijn\u00eb nga djalli. Me k\u00ebt\u00eb mentalitet \u00ebsht\u00eb e dyshimt\u00eb n\u00ebse do ta p\u00ebrballonim t\u00eb demonizuarin e Ungjillit t\u00eb sot\u00ebm, si Jisu Krishti, dhe n\u00ebse do t\u00eb ndiqnim recet\u00ebn e sh\u00ebrimit, t\u00eb cil\u00ebn e dha vet\u00eb Krishti: \u201cKy far\u00eb kombi s\u2019mund t\u00eb dal\u00eb me tjet\u00ebr gj\u00eb, ve\u00e7se me falje e me agj\u00ebrim\u201d (Marku 9:29).<\/div>\n<div dir=\"auto\"><\/div>\n<\/div>\n<div class=\"o9v6fnle cxmmr5t8 oygrvhab hcukyx3x c1et5uql ii04i59q\" style=\"text-align: justify;\">\n<h4 dir=\"auto\" style=\"text-align: center;\"><span class=\"ez-toc-section\" id=\"i\"><\/span><strong>* * *<\/strong><span class=\"ez-toc-section-end\"><\/span><\/h4>\n<div dir=\"auto\"><\/div>\n<\/div>\n<div class=\"o9v6fnle cxmmr5t8 oygrvhab hcukyx3x c1et5uql ii04i59q\" style=\"text-align: justify;\">\n<div dir=\"auto\">E v\u00ebrteta e Shkrimit t\u00eb Shenjt\u00eb na thot\u00eb: Frym\u00ebrat e liga jan\u00eb qenie personale t\u00eb bot\u00ebs shpirt\u00ebrore, me vet\u00ebdijen, d\u00ebshir\u00ebn dhe lirin\u00eb e tyre. Kur Kisha na paraqet vepr\u00ebn e fuqive demoniake, nuk na thot\u00eb teorira p\u00ebr t\u00eb na trembur, por na p\u00ebrgatit dhe na m\u00ebson si t\u00eb luftojm\u00eb kund\u00ebr djallit. \u201cLufta jon\u00eb nuk \u00ebsht\u00eb kund\u00ebr gjaku dhe mishi, po kund\u00ebr autoriteteve&#8230; kund\u00ebr shpirtrave t\u00eb s\u00eb keqes n\u00eb qielloret\u201d (Efes. 6:12).<\/div>\n<\/div>\n<div class=\"o9v6fnle cxmmr5t8 oygrvhab hcukyx3x c1et5uql ii04i59q\" style=\"text-align: justify;\">\n<div dir=\"auto\">E pam\u00ebshirshme dhe e ashp\u00ebr \u00ebsht\u00eb dhe duhet t\u00eb jet\u00eb lufta jon\u00eb kund\u00ebr demon\u00ebve. Frym\u00ebrat e liga na urrejn\u00eb me dashakeq\u00ebsi, k\u00ebrkojn\u00eb me zem\u00ebrlig\u00ebsi t\u00eb tep\u00ebrt fatkeq\u00ebsin\u00eb dhe tiranizimin ton\u00eb, dhe luftojn\u00eb me t\u00ebrbim p\u00ebrpjekjet p\u00ebr shp\u00ebtimin ton\u00eb, duke na t\u00ebrhequr n\u00eb m\u00ebkatin shkat\u00ebrrues.<\/div>\n<div dir=\"auto\"><\/div>\n<\/div>\n<div class=\"o9v6fnle cxmmr5t8 oygrvhab hcukyx3x c1et5uql ii04i59q\" style=\"text-align: justify;\">\n<div dir=\"auto\">Mashtrues e dinak\u00eb, q\u00eb me metoda t\u00eb shum\u00ebllojshme, ngren\u00eb kurthet e tyre, her\u00eb duke ndezur prirjet tona m\u00ebkatare dhe her\u00eb t\u00eb tjera duke p\u00ebrhapur mashtrime dhe bes\u00ebtytni mjesht\u00ebrore, doktrina t\u00eb rreme dhe synime t\u00eb kota. P\u00ebrpiqen me \u00e7do m\u00ebnyr\u00eb t\u00eb skllav\u00ebrojn\u00eb shpirtin ton\u00eb. Duan t\u00eb sundojn\u00eb brenda nesh dhe ia arrijn\u00eb kur na ngat\u00ebrrojn\u00eb n\u00eb rrjetat e p\u00ebshtira t\u00eb dinak\u00ebris\u00eb s\u00eb tyre. Ndodh gjithashtu t\u00eb shtrijn\u00eb veprimtarin\u00eb e tyre keqb\u00ebr\u00ebse edhe n\u00eb trupin ton\u00eb, duke krijuar k\u00ebshtu s\u00ebmundje t\u00eb frikshme dhe t\u00eb pap\u00ebrshkrueshme.<\/div>\n<div dir=\"auto\"><\/div>\n<\/div>\n<div class=\"o9v6fnle cxmmr5t8 oygrvhab hcukyx3x c1et5uql ii04i59q\" style=\"text-align: justify;\">\n<div dir=\"auto\">Sh\u00ebn Joan Gojarti v\u00ebren me t\u00eb drejt\u00eb, se ekzistojn\u00eb edhe t\u00eb demonizuarit e jet\u00ebs shoq\u00ebrore t\u00eb p\u00ebrditshme dhe prej tyre p\u00ebrmend ata q\u00eb jan\u00eb shthurur n\u00eb epshet trupore dhe pasionet e tyre; ata q\u00eb jan\u00eb t\u00eb pushtuar nga demoni i argjendashjes dhe i lakmis\u00eb. B\u00ebn edhe arsyetimin e m\u00ebposht\u00ebm, q\u00eb ia vlen t\u2019i kushtojm\u00eb v\u00ebmendje; se, t\u00eb demonizuarit e k\u00ebtij lloji, t\u00eb m\u00ebkatar\u00ebve t\u00eb m\u00ebdhenj n\u00eb jet\u00ebn e p\u00ebrditshme, jan\u00eb m\u00eb t\u00eb mjer\u00eb nga t\u00eb tjer\u00ebt, t\u00eb marr\u00ebt dhe maniak\u00ebt. Por, p\u00ebrse?<\/div>\n<div dir=\"auto\"><\/div>\n<\/div>\n<div class=\"o9v6fnle cxmmr5t8 oygrvhab hcukyx3x c1et5uql ii04i59q\" style=\"text-align: justify;\">\n<div dir=\"auto\">Sepse k\u00ebta maniak\u00eb, ngaq\u00eb humb\u00ebn logjik\u00ebn, jan\u00eb tashm\u00eb t\u00eb pap\u00ebrgjegjsh\u00ebm; kurse t\u00eb tjer\u00ebt, meqen\u00ebse e kan\u00eb logjik\u00ebn dhe t\u00eb menduarit e tyre, kan\u00eb p\u00ebrgjegj\u00ebsi m\u00eb t\u00eb m\u00ebdha p\u00ebr pasionet e tyre demoniake. Por edhe se, maniak\u00ebt mund t\u00eb b\u00ebhen t\u00eb pad\u00ebmsh\u00ebm dhe t\u00eb parreziksh\u00ebm ndaj t\u00eb tjer\u00ebve, kur mbahen n\u00ebn ruajtje; nd\u00ebrkoh\u00eb q\u00eb t\u00eb shthururit dhe argjenddash\u00ebsit, me qarkullim dhe veprimtari t\u00eb lir\u00eb brenda shoq\u00ebris\u00eb, jan\u00eb vazhdimisht keqb\u00ebr\u00ebs t\u00eb p\u00ebrditsh\u00ebm.<\/div>\n<div dir=\"auto\"><\/div>\n<\/div>\n<div class=\"o9v6fnle cxmmr5t8 oygrvhab hcukyx3x c1et5uql ii04i59q\" style=\"text-align: justify;\">\n<div dir=\"auto\">Manin\u00eb e tyre \u201cnuk e mbajn\u00eb as hekurat, as zinxhir\u00ebt, as shumica e njer\u00ebzve, as nxitja, k\u00ebshillimi, as frika, as k\u00ebrc\u00ebnimi, dhe asnj\u00eb tjet\u00ebr nga k\u00ebto\u201d. &#8211; Shkrimi i Shenjt\u00eb thot\u00eb se, q\u00eb nga fillimi i historis\u00eb, djalli \u00ebsht\u00eb \u201cnjerivras\u00ebs\u201d (Joani 8:44) dhe do t\u00eb keqen ton\u00eb. Ai i t\u00ebrhoqi t\u00eb par\u00ebgatuarit n\u00eb m\u00ebkat dhe u b\u00eb shkaku i gjith\u00eb vuajtjeve tona. Q\u00eb nga ajo koh\u00eb nuk pushon asnj\u00ebher\u00eb. N\u00ebse do t\u00eb mundej, do t\u00eb na p\u00ebrpinte t\u00eb gjith\u00eb. Gjen nj\u00ebmijenj\u00eb m\u00ebnyra, p\u00ebr t\u00eb na plagosur. Mbjell keqkuptime n\u00eb pun\u00ebn ton\u00eb, q\u00eb t\u00eb trishtohemi. Shkakton grindje dhe z\u00ebnka n\u00eb familje, p\u00ebr t\u00eb mos gjetur qet\u00ebsi. Nxit urrejtjen midis nesh, q\u00eb t\u00eb drejton madje edhe n\u00eb krime, duke vuajtur, k\u00ebshtu, ne vet\u00eb dhe t\u00eb af\u00ebrmit tan\u00eb. N\u00eb thelb ky \u00ebsht\u00eb edhe burimi i luft\u00ebrave, t\u00eb cilat shkat\u00ebrrojn\u00eb \u00e7do gj\u00eb.<\/div>\n<div dir=\"auto\"><\/div>\n<\/div>\n<div class=\"o9v6fnle cxmmr5t8 oygrvhab hcukyx3x c1et5uql ii04i59q\" style=\"text-align: justify;\">\n<h4 dir=\"auto\" style=\"text-align: center;\"><span class=\"ez-toc-section\" id=\"i-2\"><\/span><strong>* * *<\/strong><span class=\"ez-toc-section-end\"><\/span><\/h4>\n<div dir=\"auto\"><\/div>\n<\/div>\n<div class=\"o9v6fnle cxmmr5t8 oygrvhab hcukyx3x c1et5uql ii04i59q\" style=\"text-align: justify;\">\n<div dir=\"auto\">Pra, si do t\u2019i p\u00ebrballojm\u00eb ashp\u00ebrsit\u00eb dhe kurthet e djallit t\u00eb lig? Zoti yn\u00eb na e jep p\u00ebrgjigjen e k\u00ebsaj pyetjeje me fjal\u00ebt e Tij hyjnore e frym\u00ebzuese: \u201cRini zgjuar dhe lutuni, q\u00eb t\u00eb mos hyni n\u00eb ngasje\u201d (Mat. 26:41). Kushti i par\u00eb p\u00ebr p\u00ebrballimin, si fitimtar\u00eb, t\u00eb ngasjeve, t\u00eb cilat djalli i sjell me pasionet tona, \u00ebsht\u00eb kujdesi i nd\u00ebrthurur gjithmon\u00eb me vigjilenc\u00ebn. Kur dikush \u00ebsht\u00eb vigjilent dhe i kujdessh\u00ebm, nuk befasohet n\u00eb momentin e v\u00ebshtir\u00eb t\u00eb ngasjes. Mos ki frik\u00eb, pra, kur je vigjilent dhe lutesh. Nuk mund t\u00eb na b\u00ebjn\u00eb keq demon\u00ebt, kur kemi mendje t\u00eb kthjell\u00ebt dhe vigjilenc\u00eb.<\/div>\n<div dir=\"auto\"><\/div>\n<\/div>\n<div class=\"o9v6fnle cxmmr5t8 oygrvhab hcukyx3x c1et5uql ii04i59q\" style=\"text-align: justify;\">\n<div dir=\"auto\">N\u00eb lidhje me k\u00ebt\u00eb tem\u00eb, sh\u00ebn Joan Gojarti, na k\u00ebshillon: \u201cShiko mir\u00eb dhe mbik\u00ebqyr me vigjilenc\u00eb cili demon i lig t\u00eb lufton pa pushim, kur q\u00ebndron apo kur ec\u00ebn, kur ulesh apo kur l\u00ebviz, kur punon, lutesh apo kur fle. Dinak \u00ebsht\u00eb djalli, e pohoj edhe un\u00eb, por p\u00ebr veten e tij, jo p\u00ebr ne, n\u00ebse jemi t\u00eb kujdessh\u00ebm\u201d.<\/div>\n<div dir=\"auto\"><\/div>\n<\/div>\n<div class=\"o9v6fnle cxmmr5t8 oygrvhab hcukyx3x c1et5uql ii04i59q\" style=\"text-align: justify;\">\n<div dir=\"auto\">Arma e dyt\u00eb \u00ebsht\u00eb lutja e gjall\u00eb. Kur, n\u00eb momentin e ngasjes, ngrem\u00eb syt\u00eb dhe zemr\u00ebn ton\u00eb drejt Qiellit dhe k\u00ebrkojm\u00eb ndihm\u00ebn e Jisu Krishtit, i fshikullojm\u00eb demon\u00ebt dhe ata largohen. Vet\u00eb Zoti tha: \u201cGjith\u00eb sa t\u00eb k\u00ebrkoni n\u00eb lutje, duke pasur besim, do t\u2019i merrni\u201d (Mat. 21:22).<\/div>\n<\/div>\n<div class=\"o9v6fnle cxmmr5t8 oygrvhab hcukyx3x c1et5uql ii04i59q\" style=\"text-align: justify;\">\n<div dir=\"auto\">T\u00eb lutemi me bes\u00eb, me p\u00ebrul\u00ebsi, me thjesht\u00ebsi dhe but\u00ebsi. T\u00eb k\u00ebrkojm\u00eb nga Per\u00ebndia t\u00eb b\u00ebhet vullneti i Tij dhe t\u2019ia dor\u00ebzojm\u00eb veten dashuris\u00eb s\u00eb Tij. A \u00ebsht\u00eb e mundur q\u00eb Per\u00ebndia zem\u00ebrgjer\u00eb t\u00eb neglizhoj\u00eb k\u00ebrkesat tona?<\/div>\n<div dir=\"auto\"><\/div>\n<\/div>\n<div class=\"o9v6fnle cxmmr5t8 oygrvhab hcukyx3x c1et5uql ii04i59q\" style=\"text-align: justify;\">\n<div dir=\"auto\">Kryqi i Krishtit ton\u00eb \u00ebsht\u00eb nj\u00eb arm\u00eb e fuqishme, n\u00eb duart tona, kund\u00ebr djallit. Kisha jon\u00eb, me goj\u00ebn e himnografit t\u00eb frym\u00ebzuar, sh\u00ebn Joan Damaskinoit, psal: \u201cO Zot, arm\u00eb kund\u00ebr djallit, Kryqin t\u00ebnd na ke dh\u00ebn\u00eb neve; se tmerrohet e dridhet, ngaq\u00eb s\u2019duron t\u00eb shikoj\u00eb fuqin\u00eb e tij; se ngjall t\u00eb vdekurit dhe shkat\u00ebrron vdekjen\u201d.<\/div>\n<div dir=\"auto\"><\/div>\n<\/div>\n<div class=\"o9v6fnle cxmmr5t8 oygrvhab hcukyx3x c1et5uql ii04i59q\" style=\"text-align: justify;\">\n<div dir=\"auto\">Dhe sh\u00ebn Kozmai i Etolis\u00eb shkruan n\u00eb m\u00ebnyr\u00eb karakteristike n\u00eb porosit\u00eb e tij: \u201cKryqi i d\u00ebbon demon\u00ebt t\u00eb largohen si prej nj\u00eb rrufeje&#8230; dhe kushdo q\u00eb e b\u00ebn, asnj\u00ebher\u00eb nuk do t\u00eb p\u00ebsoj\u00eb gj\u00eb, p\u00ebrkundrazi e ruan nga \u00e7do gj\u00eb e hidhur dhe \u00e7do ngasje djall\u00ebzore\u201d.<\/div>\n<div dir=\"auto\"><\/div>\n<\/div>\n<div class=\"o9v6fnle cxmmr5t8 oygrvhab hcukyx3x c1et5uql ii04i59q\" style=\"text-align: justify;\">\n<h4 dir=\"auto\" style=\"text-align: center;\"><span class=\"ez-toc-section\" id=\"i-3\"><\/span><strong>* * *<\/strong><span class=\"ez-toc-section-end\"><\/span><\/h4>\n<div dir=\"auto\"><\/div>\n<\/div>\n<div class=\"o9v6fnle cxmmr5t8 oygrvhab hcukyx3x c1et5uql ii04i59q\" style=\"text-align: justify;\">\n<div dir=\"auto\">V\u00ebllez\u00ebrit e mi t\u00eb dashur m\u00eb Krishtin! T\u00eb mos na frik\u00ebsoj\u00eb djalli. N\u00ebse jemi brenda Kish\u00ebs dhe p\u00ebrjetojm\u00eb misteret e saj, kur pendohemi sinqerisht, rr\u00ebfehemi me past\u00ebrti dhe kungohemi me Misteret e Kulluara, le t\u00eb mos trembemi. Kemi Krishtin brenda nesh. Krishti \u00ebsht\u00eb i Gjith\u00ebfuqishmi. N\u00eb ngroht\u00ebsin\u00eb jet\u00ebdh\u00ebn\u00ebse t\u00eb Kish\u00ebs, me hirin e sakt\u00eb t\u00eb dashuris\u00eb hyjnore, njeriu e mposht djallin dhe i hedh tej veprat e tij, \u201cm\u00ebkatin q\u00eb na pushton leht\u00eb\u201d (Heb. 12:1). D\u00ebgjoni nj\u00eb z\u00eb ngush\u00ebllues. \u00cbsht\u00eb i Ungjillor Joanit: \u201cJu bij, jeni nga Per\u00ebndia, dhe i keni mundur ata; sepse ai q\u00eb \u00ebsht\u00eb nd\u00ebr ju \u00ebsht\u00eb m\u00eb i madh se ai q\u00eb \u00ebsht\u00eb n\u00eb bot\u00eb\u201d. U b\u00ebft\u00eb!<\/div>\n<\/div>\n<div dir=\"auto\"><\/div>\n<div dir=\"auto\"><\/div>\n<div class=\"o9v6fnle cxmmr5t8 oygrvhab hcukyx3x c1et5uql ii04i59q\">\n<div dir=\"auto\" style=\"text-align: justify;\"><em>ME URIME T\u00cb P\u00cbRZEM\u00cbRTA DHE BEKIME T\u00cb SHUMTA:<\/em><\/div>\n<div dir=\"auto\" style=\"text-align: justify;\"><em>MITROPOLITI I BERATIT, VLOR\u00cbS DHE KANIN\u00cbS<\/em><\/div>\n<div dir=\"auto\" style=\"text-align: justify;\"><em>\u2020 IGNATI<\/em><\/div>\n<\/div>\n","protected":false},"excerpt":{"rendered":"<p>E Diela VI e Llukait (Luka 8:27-39) Fuqia e djallit dhe t\u00ebr\u00ebfuqia e Krishtit. \u201cI doli p\u00ebrpara nj\u00eb njeri prej qytetit, q\u00eb kishte djaj prej shum\u00eb vjet\u00ebsh\u201d (v.5) Gabimi i madh i njer\u00ebzve t\u00eb epok\u00ebs son\u00eb \u00ebsht\u00eb se nuk pranojn\u00eb ekzistenc\u00ebn e djallit. Fryma e bot\u00ebs dhe m\u00ebkati i p\u00ebrhapur kudo, na i ka shnd\u00ebrruar aq shum\u00eb ndjenjat shpirt\u00ebrore, sa t\u00eb mos arrijm\u00eb t\u00eb perceptojm\u00eb<\/p>\n","protected":false},"author":7,"featured_media":56077,"comment_status":"closed","ping_status":"closed","sticky":false,"template":"","format":"standard","meta":{"_acf_changed":false,"pagelayer_contact_templates":[],"_pagelayer_content":"","inline_featured_image":false,"fifu_image_url":"https:\/\/live.staticflickr.com\/65535\/51625856728_22830fef6e_b.jpg","fifu_image_alt":"","footnotes":""},"categories":[2777],"tags":[2783,2779],"class_list":["post-56075","post","type-post","status-publish","format-standard","has-post-thumbnail","hentry","category-predikimet-e-se-dieles-festive","tag-mitropolia-e-beratit","tag-predikimet-e-se-dieles-festive"],"acf":[],"yoast_head":"<!-- This site is optimized with the Yoast SEO plugin v27.2 - https:\/\/yoast.com\/product\/yoast-seo-wordpress\/ -->\n<title>E Diela VI e Llukait, Fuqia e djallit dhe t\u00ebr\u00ebfuqia e Krishtit, nga Mitropoliti i Beratit, Vlor\u00ebs &amp; Kanin\u00ebs Ignati. 24.10.2021 (Text) - Kisha Orthodh\u03bfkse Autoqefale e Shqip\u00ebris\u00eb<\/title>\n<meta name=\"robots\" content=\"index, follow, max-snippet:-1, max-image-preview:large, max-video-preview:-1\" \/>\n<link rel=\"canonical\" href=\"https:\/\/orthodoxalbania.org\/2020\/2021\/10\/24\/e-diela-iv-e-llukait-fuqia-e-djallit-dhe-terefuqia-e-krishtit-nga-mitropoliti-i-beratit-vlores-kanines-ignati-24-10-2021-text\/\" \/>\n<meta property=\"og:locale\" content=\"en_US\" \/>\n<meta property=\"og:type\" content=\"article\" \/>\n<meta property=\"og:title\" content=\"E Diela VI e Llukait, Fuqia e djallit dhe t\u00ebr\u00ebfuqia e Krishtit, nga Mitropoliti i Beratit, Vlor\u00ebs &amp; Kanin\u00ebs Ignati. 24.10.2021 (Text) - Kisha Orthodh\u03bfkse Autoqefale e Shqip\u00ebris\u00eb\" \/>\n<meta property=\"og:description\" content=\"E Diela VI e Llukait (Luka 8:27-39) Fuqia e djallit dhe t\u00ebr\u00ebfuqia e Krishtit. \u201cI doli p\u00ebrpara nj\u00eb njeri prej qytetit, q\u00eb kishte djaj prej shum\u00eb vjet\u00ebsh\u201d (v.5) Gabimi i madh i njer\u00ebzve t\u00eb epok\u00ebs son\u00eb \u00ebsht\u00eb se nuk pranojn\u00eb ekzistenc\u00ebn e djallit. Fryma e bot\u00ebs dhe m\u00ebkati i p\u00ebrhapur kudo, na i ka shnd\u00ebrruar aq shum\u00eb ndjenjat shpirt\u00ebrore, sa t\u00eb mos arrijm\u00eb t\u00eb perceptojm\u00eb\" \/>\n<meta property=\"og:url\" content=\"https:\/\/orthodoxalbania.org\/2020\/2021\/10\/24\/e-diela-iv-e-llukait-fuqia-e-djallit-dhe-terefuqia-e-krishtit-nga-mitropoliti-i-beratit-vlores-kanines-ignati-24-10-2021-text\/\" \/>\n<meta property=\"og:site_name\" content=\"Kisha Orthodh\u03bfkse Autoqefale e Shqip\u00ebris\u00eb\" \/>\n<meta property=\"article:publisher\" content=\"https:\/\/www.facebook.com\/koash1991\" \/>\n<meta property=\"article:published_time\" content=\"2021-10-24T17:30:50+00:00\" \/>\n<meta property=\"article:modified_time\" content=\"2021-11-01T10:47:58+00:00\" \/>\n<meta property=\"og:image\" content=\"https:\/\/live.staticflickr.com\/65535\/51625856728_22830fef6e_b.jpg\" \/>\n<meta name=\"author\" content=\"Kisha Orthodhokse\" \/>\n<meta name=\"twitter:card\" content=\"summary_large_image\" \/>\n<meta name=\"twitter:image\" content=\"https:\/\/live.staticflickr.com\/65535\/51625856728_22830fef6e_b.jpg\" \/>\n<meta name=\"twitter:label1\" content=\"Written by\" \/>\n\t<meta name=\"twitter:data1\" content=\"Kisha Orthodhokse\" \/>\n\t<meta name=\"twitter:label2\" content=\"Est. reading time\" \/>\n\t<meta name=\"twitter:data2\" content=\"5 minutes\" \/>\n<script type=\"application\/ld+json\" class=\"yoast-schema-graph\">{\"@context\":\"https:\/\/schema.org\",\"@graph\":[{\"@type\":\"Article\",\"@id\":\"https:\/\/orthodoxalbania.org\/2020\/2021\/10\/24\/e-diela-iv-e-llukait-fuqia-e-djallit-dhe-terefuqia-e-krishtit-nga-mitropoliti-i-beratit-vlores-kanines-ignati-24-10-2021-text\/#article\",\"isPartOf\":{\"@id\":\"https:\/\/orthodoxalbania.org\/2020\/2021\/10\/24\/e-diela-iv-e-llukait-fuqia-e-djallit-dhe-terefuqia-e-krishtit-nga-mitropoliti-i-beratit-vlores-kanines-ignati-24-10-2021-text\/\"},\"author\":{\"name\":\"Kisha Orthodhokse\",\"@id\":\"https:\/\/orthodoxalbania.org\/2020\/#\/schema\/person\/df745f942b70e045b3dc05a30211f0de\"},\"headline\":\"E Diela VI e Llukait, Fuqia e djallit dhe t\u00ebr\u00ebfuqia e Krishtit, nga Mitropoliti i Beratit, Vlor\u00ebs &#038; Kanin\u00ebs Ignati. 24.10.2021 (Text)\",\"datePublished\":\"2021-10-24T17:30:50+00:00\",\"dateModified\":\"2021-11-01T10:47:58+00:00\",\"mainEntityOfPage\":{\"@id\":\"https:\/\/orthodoxalbania.org\/2020\/2021\/10\/24\/e-diela-iv-e-llukait-fuqia-e-djallit-dhe-terefuqia-e-krishtit-nga-mitropoliti-i-beratit-vlores-kanines-ignati-24-10-2021-text\/\"},\"wordCount\":1350,\"publisher\":{\"@id\":\"https:\/\/orthodoxalbania.org\/2020\/#organization\"},\"image\":{\"@id\":\"https:\/\/orthodoxalbania.org\/2020\/2021\/10\/24\/e-diela-iv-e-llukait-fuqia-e-djallit-dhe-terefuqia-e-krishtit-nga-mitropoliti-i-beratit-vlores-kanines-ignati-24-10-2021-text\/#primaryimage\"},\"thumbnailUrl\":\"https:\/\/live.staticflickr.com\/65535\/51625856728_22830fef6e_b.jpg\",\"keywords\":[\"Mitropolia e Beratit\",\"Predikimet e se Dieles &amp; Festive\"],\"articleSection\":[\"Predikimet e se Dieles &amp; Festive\"],\"inLanguage\":\"en-US\"},{\"@type\":\"WebPage\",\"@id\":\"https:\/\/orthodoxalbania.org\/2020\/2021\/10\/24\/e-diela-iv-e-llukait-fuqia-e-djallit-dhe-terefuqia-e-krishtit-nga-mitropoliti-i-beratit-vlores-kanines-ignati-24-10-2021-text\/\",\"url\":\"https:\/\/orthodoxalbania.org\/2020\/2021\/10\/24\/e-diela-iv-e-llukait-fuqia-e-djallit-dhe-terefuqia-e-krishtit-nga-mitropoliti-i-beratit-vlores-kanines-ignati-24-10-2021-text\/\",\"name\":\"E Diela VI e Llukait, Fuqia e djallit dhe t\u00ebr\u00ebfuqia e Krishtit, nga Mitropoliti i Beratit, Vlor\u00ebs & Kanin\u00ebs Ignati. 24.10.2021 (Text) - Kisha Orthodh\u03bfkse Autoqefale e Shqip\u00ebris\u00eb\",\"isPartOf\":{\"@id\":\"https:\/\/orthodoxalbania.org\/2020\/#website\"},\"primaryImageOfPage\":{\"@id\":\"https:\/\/orthodoxalbania.org\/2020\/2021\/10\/24\/e-diela-iv-e-llukait-fuqia-e-djallit-dhe-terefuqia-e-krishtit-nga-mitropoliti-i-beratit-vlores-kanines-ignati-24-10-2021-text\/#primaryimage\"},\"image\":{\"@id\":\"https:\/\/orthodoxalbania.org\/2020\/2021\/10\/24\/e-diela-iv-e-llukait-fuqia-e-djallit-dhe-terefuqia-e-krishtit-nga-mitropoliti-i-beratit-vlores-kanines-ignati-24-10-2021-text\/#primaryimage\"},\"thumbnailUrl\":\"https:\/\/live.staticflickr.com\/65535\/51625856728_22830fef6e_b.jpg\",\"datePublished\":\"2021-10-24T17:30:50+00:00\",\"dateModified\":\"2021-11-01T10:47:58+00:00\",\"breadcrumb\":{\"@id\":\"https:\/\/orthodoxalbania.org\/2020\/2021\/10\/24\/e-diela-iv-e-llukait-fuqia-e-djallit-dhe-terefuqia-e-krishtit-nga-mitropoliti-i-beratit-vlores-kanines-ignati-24-10-2021-text\/#breadcrumb\"},\"inLanguage\":\"en-US\",\"potentialAction\":[{\"@type\":\"ReadAction\",\"target\":[\"https:\/\/orthodoxalbania.org\/2020\/2021\/10\/24\/e-diela-iv-e-llukait-fuqia-e-djallit-dhe-terefuqia-e-krishtit-nga-mitropoliti-i-beratit-vlores-kanines-ignati-24-10-2021-text\/\"]}]},{\"@type\":\"ImageObject\",\"inLanguage\":\"en-US\",\"@id\":\"https:\/\/orthodoxalbania.org\/2020\/2021\/10\/24\/e-diela-iv-e-llukait-fuqia-e-djallit-dhe-terefuqia-e-krishtit-nga-mitropoliti-i-beratit-vlores-kanines-ignati-24-10-2021-text\/#primaryimage\",\"url\":\"https:\/\/live.staticflickr.com\/65535\/51625856728_22830fef6e_b.jpg\",\"contentUrl\":\"https:\/\/live.staticflickr.com\/65535\/51625856728_22830fef6e_b.jpg\",\"width\":\"528\",\"height\":\"445\"},{\"@type\":\"BreadcrumbList\",\"@id\":\"https:\/\/orthodoxalbania.org\/2020\/2021\/10\/24\/e-diela-iv-e-llukait-fuqia-e-djallit-dhe-terefuqia-e-krishtit-nga-mitropoliti-i-beratit-vlores-kanines-ignati-24-10-2021-text\/#breadcrumb\",\"itemListElement\":[{\"@type\":\"ListItem\",\"position\":1,\"name\":\"Home\",\"item\":\"https:\/\/orthodoxalbania.org\/2020\/\"},{\"@type\":\"ListItem\",\"position\":2,\"name\":\"E Diela VI e Llukait, Fuqia e djallit dhe t\u00ebr\u00ebfuqia e Krishtit, nga Mitropoliti i Beratit, Vlor\u00ebs &#038; Kanin\u00ebs Ignati. 24.10.2021 (Text)\"}]},{\"@type\":\"WebSite\",\"@id\":\"https:\/\/orthodoxalbania.org\/2020\/#website\",\"url\":\"https:\/\/orthodoxalbania.org\/2020\/\",\"name\":\"Kisha Orthodh\u03bfkse Autoqefale e Shqip\u00ebris\u00eb\",\"description\":\"Fqja Zyrtare e Kish\u00ebs Orthodhokse Autoqefale e Shqip\u00ebris\u00eb me lajmet edhe informacionet zyrtare p\u00ebr struktur\u00ebn edhe veprimtarin e saj.\",\"publisher\":{\"@id\":\"https:\/\/orthodoxalbania.org\/2020\/#organization\"},\"potentialAction\":[{\"@type\":\"SearchAction\",\"target\":{\"@type\":\"EntryPoint\",\"urlTemplate\":\"https:\/\/orthodoxalbania.org\/2020\/?s={search_term_string}\"},\"query-input\":{\"@type\":\"PropertyValueSpecification\",\"valueRequired\":true,\"valueName\":\"search_term_string\"}}],\"inLanguage\":\"en-US\"},{\"@type\":\"Organization\",\"@id\":\"https:\/\/orthodoxalbania.org\/2020\/#organization\",\"name\":\"Kisha Orthodhokse Autoqefale e Shqip\u00ebris\u00eb\",\"url\":\"https:\/\/orthodoxalbania.org\/2020\/\",\"logo\":{\"@type\":\"ImageObject\",\"inLanguage\":\"en-US\",\"@id\":\"https:\/\/orthodoxalbania.org\/2020\/#\/schema\/logo\/image\/\",\"url\":\"https:\/\/orthodoxalbania.org\/2020\/wp-content\/uploads\/2020\/05\/albania.jpeg\",\"contentUrl\":\"https:\/\/orthodoxalbania.org\/2020\/wp-content\/uploads\/2020\/05\/albania.jpeg\",\"width\":540,\"height\":540,\"caption\":\"Kisha Orthodhokse Autoqefale e Shqip\u00ebris\u00eb\"},\"image\":{\"@id\":\"https:\/\/orthodoxalbania.org\/2020\/#\/schema\/logo\/image\/\"},\"sameAs\":[\"https:\/\/www.facebook.com\/koash1991\"]},{\"@type\":\"Person\",\"@id\":\"https:\/\/orthodoxalbania.org\/2020\/#\/schema\/person\/df745f942b70e045b3dc05a30211f0de\",\"name\":\"Kisha Orthodhokse\",\"image\":{\"@type\":\"ImageObject\",\"inLanguage\":\"en-US\",\"@id\":\"https:\/\/secure.gravatar.com\/avatar\/2676eb8d97178435c9f691a7871595a1da6c33542dec218bce40885573150e28?s=96&d=mm&r=g\",\"url\":\"https:\/\/secure.gravatar.com\/avatar\/2676eb8d97178435c9f691a7871595a1da6c33542dec218bce40885573150e28?s=96&d=mm&r=g\",\"contentUrl\":\"https:\/\/secure.gravatar.com\/avatar\/2676eb8d97178435c9f691a7871595a1da6c33542dec218bce40885573150e28?s=96&d=mm&r=g\",\"caption\":\"Kisha Orthodhokse\"}}]}<\/script>\n<!-- \/ Yoast SEO plugin. -->","yoast_head_json":{"title":"E Diela VI e Llukait, Fuqia e djallit dhe t\u00ebr\u00ebfuqia e Krishtit, nga Mitropoliti i Beratit, Vlor\u00ebs & Kanin\u00ebs Ignati. 24.10.2021 (Text) - Kisha Orthodh\u03bfkse Autoqefale e Shqip\u00ebris\u00eb","robots":{"index":"index","follow":"follow","max-snippet":"max-snippet:-1","max-image-preview":"max-image-preview:large","max-video-preview":"max-video-preview:-1"},"canonical":"https:\/\/orthodoxalbania.org\/2020\/2021\/10\/24\/e-diela-iv-e-llukait-fuqia-e-djallit-dhe-terefuqia-e-krishtit-nga-mitropoliti-i-beratit-vlores-kanines-ignati-24-10-2021-text\/","og_locale":"en_US","og_type":"article","og_title":"E Diela VI e Llukait, Fuqia e djallit dhe t\u00ebr\u00ebfuqia e Krishtit, nga Mitropoliti i Beratit, Vlor\u00ebs & Kanin\u00ebs Ignati. 24.10.2021 (Text) - Kisha Orthodh\u03bfkse Autoqefale e Shqip\u00ebris\u00eb","og_description":"E Diela VI e Llukait (Luka 8:27-39) Fuqia e djallit dhe t\u00ebr\u00ebfuqia e Krishtit. \u201cI doli p\u00ebrpara nj\u00eb njeri prej qytetit, q\u00eb kishte djaj prej shum\u00eb vjet\u00ebsh\u201d (v.5) Gabimi i madh i njer\u00ebzve t\u00eb epok\u00ebs son\u00eb \u00ebsht\u00eb se nuk pranojn\u00eb ekzistenc\u00ebn e djallit. Fryma e bot\u00ebs dhe m\u00ebkati i p\u00ebrhapur kudo, na i ka shnd\u00ebrruar aq shum\u00eb ndjenjat shpirt\u00ebrore, sa t\u00eb mos arrijm\u00eb t\u00eb perceptojm\u00eb","og_url":"https:\/\/orthodoxalbania.org\/2020\/2021\/10\/24\/e-diela-iv-e-llukait-fuqia-e-djallit-dhe-terefuqia-e-krishtit-nga-mitropoliti-i-beratit-vlores-kanines-ignati-24-10-2021-text\/","og_site_name":"Kisha Orthodh\u03bfkse Autoqefale e Shqip\u00ebris\u00eb","article_publisher":"https:\/\/www.facebook.com\/koash1991","article_published_time":"2021-10-24T17:30:50+00:00","article_modified_time":"2021-11-01T10:47:58+00:00","og_image":[{"url":"https:\/\/live.staticflickr.com\/65535\/51625856728_22830fef6e_b.jpg","type":"","width":"","height":""}],"author":"Kisha Orthodhokse","twitter_card":"summary_large_image","twitter_image":"https:\/\/live.staticflickr.com\/65535\/51625856728_22830fef6e_b.jpg","twitter_misc":{"Written by":"Kisha Orthodhokse","Est. reading time":"5 minutes"},"schema":{"@context":"https:\/\/schema.org","@graph":[{"@type":"Article","@id":"https:\/\/orthodoxalbania.org\/2020\/2021\/10\/24\/e-diela-iv-e-llukait-fuqia-e-djallit-dhe-terefuqia-e-krishtit-nga-mitropoliti-i-beratit-vlores-kanines-ignati-24-10-2021-text\/#article","isPartOf":{"@id":"https:\/\/orthodoxalbania.org\/2020\/2021\/10\/24\/e-diela-iv-e-llukait-fuqia-e-djallit-dhe-terefuqia-e-krishtit-nga-mitropoliti-i-beratit-vlores-kanines-ignati-24-10-2021-text\/"},"author":{"name":"Kisha Orthodhokse","@id":"https:\/\/orthodoxalbania.org\/2020\/#\/schema\/person\/df745f942b70e045b3dc05a30211f0de"},"headline":"E Diela VI e Llukait, Fuqia e djallit dhe t\u00ebr\u00ebfuqia e Krishtit, nga Mitropoliti i Beratit, Vlor\u00ebs &#038; Kanin\u00ebs Ignati. 24.10.2021 (Text)","datePublished":"2021-10-24T17:30:50+00:00","dateModified":"2021-11-01T10:47:58+00:00","mainEntityOfPage":{"@id":"https:\/\/orthodoxalbania.org\/2020\/2021\/10\/24\/e-diela-iv-e-llukait-fuqia-e-djallit-dhe-terefuqia-e-krishtit-nga-mitropoliti-i-beratit-vlores-kanines-ignati-24-10-2021-text\/"},"wordCount":1350,"publisher":{"@id":"https:\/\/orthodoxalbania.org\/2020\/#organization"},"image":{"@id":"https:\/\/orthodoxalbania.org\/2020\/2021\/10\/24\/e-diela-iv-e-llukait-fuqia-e-djallit-dhe-terefuqia-e-krishtit-nga-mitropoliti-i-beratit-vlores-kanines-ignati-24-10-2021-text\/#primaryimage"},"thumbnailUrl":"https:\/\/live.staticflickr.com\/65535\/51625856728_22830fef6e_b.jpg","keywords":["Mitropolia e Beratit","Predikimet e se Dieles &amp; Festive"],"articleSection":["Predikimet e se Dieles &amp; Festive"],"inLanguage":"en-US"},{"@type":"WebPage","@id":"https:\/\/orthodoxalbania.org\/2020\/2021\/10\/24\/e-diela-iv-e-llukait-fuqia-e-djallit-dhe-terefuqia-e-krishtit-nga-mitropoliti-i-beratit-vlores-kanines-ignati-24-10-2021-text\/","url":"https:\/\/orthodoxalbania.org\/2020\/2021\/10\/24\/e-diela-iv-e-llukait-fuqia-e-djallit-dhe-terefuqia-e-krishtit-nga-mitropoliti-i-beratit-vlores-kanines-ignati-24-10-2021-text\/","name":"E Diela VI e Llukait, Fuqia e djallit dhe t\u00ebr\u00ebfuqia e Krishtit, nga Mitropoliti i Beratit, Vlor\u00ebs & Kanin\u00ebs Ignati. 24.10.2021 (Text) - Kisha Orthodh\u03bfkse Autoqefale e Shqip\u00ebris\u00eb","isPartOf":{"@id":"https:\/\/orthodoxalbania.org\/2020\/#website"},"primaryImageOfPage":{"@id":"https:\/\/orthodoxalbania.org\/2020\/2021\/10\/24\/e-diela-iv-e-llukait-fuqia-e-djallit-dhe-terefuqia-e-krishtit-nga-mitropoliti-i-beratit-vlores-kanines-ignati-24-10-2021-text\/#primaryimage"},"image":{"@id":"https:\/\/orthodoxalbania.org\/2020\/2021\/10\/24\/e-diela-iv-e-llukait-fuqia-e-djallit-dhe-terefuqia-e-krishtit-nga-mitropoliti-i-beratit-vlores-kanines-ignati-24-10-2021-text\/#primaryimage"},"thumbnailUrl":"https:\/\/live.staticflickr.com\/65535\/51625856728_22830fef6e_b.jpg","datePublished":"2021-10-24T17:30:50+00:00","dateModified":"2021-11-01T10:47:58+00:00","breadcrumb":{"@id":"https:\/\/orthodoxalbania.org\/2020\/2021\/10\/24\/e-diela-iv-e-llukait-fuqia-e-djallit-dhe-terefuqia-e-krishtit-nga-mitropoliti-i-beratit-vlores-kanines-ignati-24-10-2021-text\/#breadcrumb"},"inLanguage":"en-US","potentialAction":[{"@type":"ReadAction","target":["https:\/\/orthodoxalbania.org\/2020\/2021\/10\/24\/e-diela-iv-e-llukait-fuqia-e-djallit-dhe-terefuqia-e-krishtit-nga-mitropoliti-i-beratit-vlores-kanines-ignati-24-10-2021-text\/"]}]},{"@type":"ImageObject","inLanguage":"en-US","@id":"https:\/\/orthodoxalbania.org\/2020\/2021\/10\/24\/e-diela-iv-e-llukait-fuqia-e-djallit-dhe-terefuqia-e-krishtit-nga-mitropoliti-i-beratit-vlores-kanines-ignati-24-10-2021-text\/#primaryimage","url":"https:\/\/live.staticflickr.com\/65535\/51625856728_22830fef6e_b.jpg","contentUrl":"https:\/\/live.staticflickr.com\/65535\/51625856728_22830fef6e_b.jpg","width":"528","height":"445"},{"@type":"BreadcrumbList","@id":"https:\/\/orthodoxalbania.org\/2020\/2021\/10\/24\/e-diela-iv-e-llukait-fuqia-e-djallit-dhe-terefuqia-e-krishtit-nga-mitropoliti-i-beratit-vlores-kanines-ignati-24-10-2021-text\/#breadcrumb","itemListElement":[{"@type":"ListItem","position":1,"name":"Home","item":"https:\/\/orthodoxalbania.org\/2020\/"},{"@type":"ListItem","position":2,"name":"E Diela VI e Llukait, Fuqia e djallit dhe t\u00ebr\u00ebfuqia e Krishtit, nga Mitropoliti i Beratit, Vlor\u00ebs &#038; Kanin\u00ebs Ignati. 24.10.2021 (Text)"}]},{"@type":"WebSite","@id":"https:\/\/orthodoxalbania.org\/2020\/#website","url":"https:\/\/orthodoxalbania.org\/2020\/","name":"Kisha Orthodh\u03bfkse Autoqefale e Shqip\u00ebris\u00eb","description":"Fqja Zyrtare e Kish\u00ebs Orthodhokse Autoqefale e Shqip\u00ebris\u00eb me lajmet edhe informacionet zyrtare p\u00ebr struktur\u00ebn edhe veprimtarin e saj.","publisher":{"@id":"https:\/\/orthodoxalbania.org\/2020\/#organization"},"potentialAction":[{"@type":"SearchAction","target":{"@type":"EntryPoint","urlTemplate":"https:\/\/orthodoxalbania.org\/2020\/?s={search_term_string}"},"query-input":{"@type":"PropertyValueSpecification","valueRequired":true,"valueName":"search_term_string"}}],"inLanguage":"en-US"},{"@type":"Organization","@id":"https:\/\/orthodoxalbania.org\/2020\/#organization","name":"Kisha Orthodhokse Autoqefale e Shqip\u00ebris\u00eb","url":"https:\/\/orthodoxalbania.org\/2020\/","logo":{"@type":"ImageObject","inLanguage":"en-US","@id":"https:\/\/orthodoxalbania.org\/2020\/#\/schema\/logo\/image\/","url":"https:\/\/orthodoxalbania.org\/2020\/wp-content\/uploads\/2020\/05\/albania.jpeg","contentUrl":"https:\/\/orthodoxalbania.org\/2020\/wp-content\/uploads\/2020\/05\/albania.jpeg","width":540,"height":540,"caption":"Kisha Orthodhokse Autoqefale e Shqip\u00ebris\u00eb"},"image":{"@id":"https:\/\/orthodoxalbania.org\/2020\/#\/schema\/logo\/image\/"},"sameAs":["https:\/\/www.facebook.com\/koash1991"]},{"@type":"Person","@id":"https:\/\/orthodoxalbania.org\/2020\/#\/schema\/person\/df745f942b70e045b3dc05a30211f0de","name":"Kisha Orthodhokse","image":{"@type":"ImageObject","inLanguage":"en-US","@id":"https:\/\/secure.gravatar.com\/avatar\/2676eb8d97178435c9f691a7871595a1da6c33542dec218bce40885573150e28?s=96&d=mm&r=g","url":"https:\/\/secure.gravatar.com\/avatar\/2676eb8d97178435c9f691a7871595a1da6c33542dec218bce40885573150e28?s=96&d=mm&r=g","contentUrl":"https:\/\/secure.gravatar.com\/avatar\/2676eb8d97178435c9f691a7871595a1da6c33542dec218bce40885573150e28?s=96&d=mm&r=g","caption":"Kisha Orthodhokse"}}]}},"_links":{"self":[{"href":"https:\/\/orthodoxalbania.org\/2020\/wp-json\/wp\/v2\/posts\/56075","targetHints":{"allow":["GET"]}}],"collection":[{"href":"https:\/\/orthodoxalbania.org\/2020\/wp-json\/wp\/v2\/posts"}],"about":[{"href":"https:\/\/orthodoxalbania.org\/2020\/wp-json\/wp\/v2\/types\/post"}],"author":[{"embeddable":true,"href":"https:\/\/orthodoxalbania.org\/2020\/wp-json\/wp\/v2\/users\/7"}],"replies":[{"embeddable":true,"href":"https:\/\/orthodoxalbania.org\/2020\/wp-json\/wp\/v2\/comments?post=56075"}],"version-history":[{"count":3,"href":"https:\/\/orthodoxalbania.org\/2020\/wp-json\/wp\/v2\/posts\/56075\/revisions"}],"predecessor-version":[{"id":56319,"href":"https:\/\/orthodoxalbania.org\/2020\/wp-json\/wp\/v2\/posts\/56075\/revisions\/56319"}],"wp:featuredmedia":[{"embeddable":true,"href":"https:\/\/orthodoxalbania.org\/2020\/wp-json\/wp\/v2\/media\/56077"}],"wp:attachment":[{"href":"https:\/\/orthodoxalbania.org\/2020\/wp-json\/wp\/v2\/media?parent=56075"}],"wp:term":[{"taxonomy":"category","embeddable":true,"href":"https:\/\/orthodoxalbania.org\/2020\/wp-json\/wp\/v2\/categories?post=56075"},{"taxonomy":"post_tag","embeddable":true,"href":"https:\/\/orthodoxalbania.org\/2020\/wp-json\/wp\/v2\/tags?post=56075"}],"curies":[{"name":"wp","href":"https:\/\/api.w.org\/{rel}","templated":true}]}}