{"id":559,"date":"2007-02-26T00:00:00","date_gmt":"2007-02-26T00:00:00","guid":{"rendered":""},"modified":"2020-04-06T22:35:42","modified_gmt":"2020-04-06T20:35:42","slug":"filloi-me-sukses-viti-i-ri-arsimor-ne-shkollat-9-vjecare-dhe-te-mesme-te-kishes-orthodhokse-autoqefale-te-shqiperise-shtator-2007","status":"publish","type":"post","link":"https:\/\/orthodoxalbania.org\/2020\/2007\/02\/26\/filloi-me-sukses-viti-i-ri-arsimor-ne-shkollat-9-vjecare-dhe-te-mesme-te-kishes-orthodhokse-autoqefale-te-shqiperise-shtator-2007\/","title":{"rendered":"Filloi me sukses viti i ri arsimor n\u00eb shkollat 9-vje\u00e7are dhe t\u00eb mesme t\u00eb Kish\u00ebs Orthodhokse Autoqefale t\u00eb Shqip\u00ebris\u00eb. (Shtator 2007)"},"content":{"rendered":"<div style=\"text-align: center;\"><span style=\"color: #b22222; font-family: helvetica; font-size: 12pt;\"><strong><em>Mjedise dhe kushte m\u00ebsimi bashk\u00ebkohore<br \/> &nbsp;<\/em><\/strong><\/span><\/div>\n<table id=\"AutoNumber2\" style=\"width: 657px; height: 2695px; margin-right: auto; margin-left: auto;\">\n<tbody>\n<tr>\n<td colspan=\"2\">\n<div dir=\"ltr\" style=\"text-align: justify;\"><span style=\"color: #000000; font-family: helvetica; font-size: 12pt;\">&nbsp;&nbsp;&nbsp;&nbsp; Sipas tradit\u00ebs, nisja e vitit t\u00eb ri shkollor 2007-2008, n\u00eb shkollat 9-vje\u00e7are dhe t\u00eb mesme t\u00eb Kish\u00ebs son\u00eb u sh\u00ebnua dit\u00ebn e par\u00eb me Sh\u00ebrbes\u00ebn e Ajazm\u00ebs, si bekim p\u00ebr mbar\u00ebvajtjen e tyre. Bashk\u00eb me p\u00ebrvoj\u00ebn e fituar vit pas viti dhe nivelin cil\u00ebsor t\u00eb m\u00ebsimdh\u00ebnies, p\u00ebr t\u00eb p\u00ebrgatitur n\u00eb m\u00ebnyr\u00eb dinjitoze brezat e ardhsh\u00ebm, ve\u00e7ohen kushtet bashk\u00ebkohore t\u00eb klasave dhe niveli i mjeteve m\u00ebsimore q\u00eb ndihmojn\u00eb n\u00eb p\u00ebrmbushjen e q\u00ebllimit. K\u00ebto shkolla sh\u00ebrbejn\u00eb si laborator\u00eb t\u00eb ringjalljes shpirt\u00ebrore dhe morale t\u00eb shoq\u00ebris\u00eb son\u00eb.<\/span><\/div>\n<\/td>\n<\/tr>\n<tr>\n<td>\n<div><span style=\"color: #000000; font-family: helvetica; font-size: 12pt;\"><img decoding=\"async\" class=\"lazyload HAa Eha\" style=\"border-width: 1px; border-style: solid; margin: 10px auto; display: block;\" alt=\"\" src=\"data:image\/svg+xml,%3Csvg%20xmlns%3D%27http%3A%2F%2Fwww.w3.org%2F2000%2Fsvg%27%20width%3D%27280%27%20height%3D%27210%27%20viewBox%3D%270%200%20280%20210%27%3E%3Crect%20width%3D%27280%27%20height%3D%27210%27%20fill-opacity%3D%220%22%2F%3E%3C%2Fsvg%3E\" data-orig-src=\"https:\/\/lh3.googleusercontent.com\/-iSSLEdSKkJI\/VIq6lgFohDI\/AAAAAAAAG2o\/I1f1smyrSKo\/w400-h300-no\/pic1.jpg\" height=\"210\" width=\"280\" \/><\/span><\/div>\n<\/td>\n<td>\n<div style=\"text-align: justify;\"><span style=\"color: #000000; font-family: helvetica; font-size: 12pt;\">&nbsp;&nbsp;&nbsp; N\u00eb vitin e gjasht\u00eb t\u00eb saj, shkolla shqiptaro-amerikane \u201cProtagonist\u00ebt\u201d ndihet m\u00eb e plot\u00ebsuar me nx\u00ebn\u00ebs dhe staf. Sipas n\u00ebndrejtoresh\u00ebs s\u00eb saj, znj. Tatjana Dodbiba, k\u00ebt\u00eb vit jan\u00eb 11 klasa, me 172 nx\u00ebn\u00ebs dhe rreth 24 m\u00ebsues, k\u00ebta t\u00eb gjith\u00eb t\u00eb diplomuar sipas profileve. N\u00eb klas\u00ebn e par\u00eb sivjet ka 34 nx\u00ebn\u00ebs t\u00eb rinj.<\/span><\/div>\n<\/td>\n<\/tr>\n<tr>\n<td>\n<div style=\"text-align: justify;\"><span style=\"color: #000000; font-family: helvetica; font-size: 12pt;\">&nbsp;&nbsp;&nbsp; Mjediset e shkoll\u00ebs jan\u00eb shum\u00eb t\u00eb mira dhe f\u00ebmij\u00ebt ndihen t\u00eb k\u00ebnaqur n\u00eb to. M\u00ebsuese Irena tha se ky fillim viti ishte shum\u00eb dometh\u00ebn\u00ebs. \u201cKuptohemi shum\u00eb mir\u00eb bashk\u00eb, jan\u00eb f\u00ebmij\u00eb t\u00eb d\u00ebgjuesh\u00ebm dhe t\u00eb dashur me nj\u00ebri-tjetrin. Me librat, fletoret e pun\u00ebs dhe mjetet didaktike jemi pajisur si nx\u00ebn\u00ebsit ashtu edhe ne m\u00ebsuesit.\u201d<\/span><\/div>\n<\/td>\n<td>\n<div><span style=\"color: #000000; font-family: helvetica; font-size: 12pt;\"><img decoding=\"async\" class=\"lazyload HAa Eha\" style=\"border-width: 1px; border-style: solid; margin: 10px auto; display: block;\" alt=\"\" src=\"data:image\/svg+xml,%3Csvg%20xmlns%3D%27http%3A%2F%2Fwww.w3.org%2F2000%2Fsvg%27%20width%3D%27224%27%20height%3D%27299%27%20viewBox%3D%270%200%20224%20299%27%3E%3Crect%20width%3D%27224%27%20height%3D%27299%27%20fill-opacity%3D%220%22%2F%3E%3C%2Fsvg%3E\" data-orig-src=\"https:\/\/lh4.googleusercontent.com\/-XqI04UGzbXc\/VIq6lYQIjcI\/AAAAAAAAG2A\/o_lUzdfAGG0\/w300-h400-no\/pic2.jpg\" height=\"299\" width=\"224\" \/><\/span><\/div>\n<\/td>\n<\/tr>\n<tr>\n<td>\n<div><span style=\"color: #000000; font-family: helvetica; font-size: 12pt;\"><img decoding=\"async\" class=\"lazyload HAa Eha\" style=\"border-width: 1px; border-style: solid; margin: 10px auto; display: block;\" alt=\"\" src=\"data:image\/svg+xml,%3Csvg%20xmlns%3D%27http%3A%2F%2Fwww.w3.org%2F2000%2Fsvg%27%20width%3D%27323%27%20height%3D%27242%27%20viewBox%3D%270%200%20323%20242%27%3E%3Crect%20width%3D%27323%27%20height%3D%27242%27%20fill-opacity%3D%220%22%2F%3E%3C%2Fsvg%3E\" data-orig-src=\"https:\/\/lh5.googleusercontent.com\/-STAqB8wfGGs\/VIq6lyoNXPI\/AAAAAAAAG2w\/psNLfpV6g5Q\/w400-h300-no\/pic3.jpg\" height=\"242\" width=\"323\" \/><\/span><\/div>\n<\/td>\n<td>\n<div style=\"text-align: justify;\"><span style=\"color: #000000; font-family: helvetica; font-size: 12pt;\">&nbsp;&nbsp;&nbsp; Edhe shkolla fillore shqiptaro-greke \u201cFrym\u00eb Dashurie\u201d, n\u00eb Durr\u00ebs, hapi dyert n\u00eb vitin e tret\u00eb t\u00eb saj. M\u00ebsuese Elsa na tha se: \u201cViti i ri shkollor ka nisur mbar\u00eb. N\u00eb dit\u00ebn e par\u00eb t\u00eb shkoll\u00ebs, pas nj\u00eb programi festiv filloi m\u00ebsimi.<\/span><\/div>\n<div style=\"text-align: justify;\"><span style=\"font-family: helvetica; font-size: 12pt;\"><\/span><\/div>\n<div style=\"text-align: justify;\"><span style=\"font-family: helvetica; font-size: 12pt;\"><\/span><\/div>\n<\/td>\n<\/tr>\n<tr>\n<td>\n<div style=\"text-align: justify;\"><span style=\"color: #000000; font-family: helvetica; font-size: 12pt;\">&nbsp;&nbsp;&nbsp; Klasat ishin t\u00eb pajisura dhe t\u00eb rregulluara mjaft mir\u00eb nd\u00ebrsa nx\u00ebn\u00ebsit t\u00eb pajisur me t\u00eb gjith\u00eb librat. Q\u00eb n\u00eb dit\u00ebn e par\u00eb t\u00eb m\u00ebsimit m\u00ebsuesit dhe nx\u00ebn\u00ebsit filluan realizimin e programin m\u00ebsimor. Nx\u00ebn\u00ebsve iu dha orari i m\u00ebsimeve, i cili zbatohet me korrekt\u00ebsi\u201d.<\/span><\/div>\n<\/td>\n<td>\n<div><span style=\"color: #000000; font-family: helvetica; font-size: 12pt;\"><img decoding=\"async\" class=\"lazyload HAa Eha\" style=\"border-width: 1px; border-style: solid; margin: 10px auto; display: block;\" alt=\"\" src=\"data:image\/svg+xml,%3Csvg%20xmlns%3D%27http%3A%2F%2Fwww.w3.org%2F2000%2Fsvg%27%20width%3D%27283%27%20height%3D%27212%27%20viewBox%3D%270%200%20283%20212%27%3E%3Crect%20width%3D%27283%27%20height%3D%27212%27%20fill-opacity%3D%220%22%2F%3E%3C%2Fsvg%3E\" data-orig-src=\"https:\/\/lh4.googleusercontent.com\/-ICpnQX9aPAg\/VIq6mL2XCsI\/AAAAAAAAG2M\/zWXnt831-aU\/w400-h300-no\/pic4.jpg\" height=\"212\" width=\"283\" \/><\/span><\/div>\n<\/td>\n<\/tr>\n<tr>\n<td>\n<div><span style=\"color: #000000; font-family: helvetica; font-size: 12pt;\"><img decoding=\"async\" class=\"lazyload HAa Eha\" style=\"border-width: 1px; border-style: solid; margin: 10px auto; display: block;\" alt=\"\" src=\"data:image\/svg+xml,%3Csvg%20xmlns%3D%27http%3A%2F%2Fwww.w3.org%2F2000%2Fsvg%27%20width%3D%27313%27%20height%3D%27226%27%20viewBox%3D%270%200%20313%20226%27%3E%3Crect%20width%3D%27313%27%20height%3D%27226%27%20fill-opacity%3D%220%22%2F%3E%3C%2Fsvg%3E\" data-orig-src=\"https:\/\/lh6.googleusercontent.com\/-NVObmafuDiQ\/VIq6mSksVfI\/AAAAAAAAG2g\/llzfZ6hDeXU\/w400-h289-no\/pic5.jpg\" height=\"226\" width=\"313\" \/><\/span><\/div>\n<\/td>\n<td>\n<div style=\"text-align: justify;\"><span style=\"color: #000000; font-family: helvetica; font-size: 12pt;\">&nbsp;&nbsp;&nbsp; Atmosfera e fillimit t\u00eb shkoll\u00ebs u p\u00ebrjetua me g\u00ebzim edhe nga f\u00ebmij\u00ebt e Sht\u00ebpis\u00eb s\u00eb F\u00ebmij\u00ebve \u201cShpresa\u201d. Nga 30 q\u00eb ajo mir\u00ebpret, 11 prej tyre ndjekin m\u00ebsimet n\u00eb shkoll\u00ebn \u201cFrym\u00eb Dashurie\u201d, duke pasur edhe ndihm\u00ebn n\u00eb edukim t\u00eb personelit t\u00eb Sht\u00ebpis\u00eb, prej 17 punonj\u00ebsish. Kisha jon\u00eb me kujdesin e ve\u00e7ant\u00eb t\u00eb Kryepiskopit Anastas ka mund\u00ebsuar mbulimin e t\u00eb gjitha shpenzimeve, p\u00ebrfshir\u00eb edhe ato shkollore.<\/span><\/div>\n<\/td>\n<\/tr>\n<tr>\n<td>\n<div style=\"text-align: justify;\"><span style=\"color: #000000; font-family: helvetica; font-size: 12pt;\">&nbsp;&nbsp;&nbsp; Edhe n\u00eb Mitropolin\u00eb e Gjirokastr\u00ebs nisi viti i ri arsimor me shum\u00eb bekime nga Per\u00ebndia. N\u00eb Shkoll\u00ebn e Mesme Kishtare \u201cKryqi i Nderuar\u201d u krye Sh\u00ebrbesa e Ajazm\u00ebs nga Mitropoliti Dhimit\u00ebr, i ndihmuar edhe nga arkimandrit Nathanaili dhe murgu Serafim. N\u00eb ceremoni merrnin pjes\u00eb prefekti i Gjirokastr\u00ebs, z. Spiro Ksera, drejtori i p\u00ebrgjithsh\u00ebm i arsimit t\u00eb rrethit, z. Vasil Muka, qeveritar\u00eb, si edhe personalitete t\u00eb spikatura t\u00eb kultur\u00ebs dhe arsimit n\u00eb qytet.<\/span><\/div>\n<\/td>\n<td>\n<div><span style=\"color: #000000; font-family: helvetica; font-size: 12pt;\"><img decoding=\"async\" class=\"lazyload HAa Eha\" style=\"border-width: 1px; border-style: solid; margin: 10px auto; display: block;\" alt=\"\" src=\"data:image\/svg+xml,%3Csvg%20xmlns%3D%27http%3A%2F%2Fwww.w3.org%2F2000%2Fsvg%27%20width%3D%27293%27%20height%3D%27220%27%20viewBox%3D%270%200%20293%20220%27%3E%3Crect%20width%3D%27293%27%20height%3D%27220%27%20fill-opacity%3D%220%22%2F%3E%3C%2Fsvg%3E\" data-orig-src=\"https:\/\/lh3.googleusercontent.com\/-FpTKcR2Wxpc\/VIq6miXE2UI\/AAAAAAAAG2U\/vgo1RqG7R2Y\/w400-h300-no\/pic6.jpg\" height=\"220\" width=\"293\" \/><\/span><\/div>\n<\/td>\n<\/tr>\n<tr>\n<td>\n<div><span style=\"color: #000000; font-family: helvetica; font-size: 12pt;\"><img decoding=\"async\" class=\"lazyload HAa Eha\" style=\"border-width: 1px; border-style: solid; margin: 10px auto; display: block;\" alt=\"\" src=\"data:image\/svg+xml,%3Csvg%20xmlns%3D%27http%3A%2F%2Fwww.w3.org%2F2000%2Fsvg%27%20width%3D%27305%27%20height%3D%27229%27%20viewBox%3D%270%200%20305%20229%27%3E%3Crect%20width%3D%27305%27%20height%3D%27229%27%20fill-opacity%3D%220%22%2F%3E%3C%2Fsvg%3E\" data-orig-src=\"https:\/\/lh5.googleusercontent.com\/-j1slOpE_Ri8\/VIq6m5QZrcI\/AAAAAAAAG2c\/yGq7vXtBlwg\/w400-h300-no\/pic7.jpg\" height=\"229\" width=\"305\" \/><\/span><\/div>\n<\/td>\n<td>\n<div style=\"text-align: justify;\"><span style=\"color: #000000; font-family: helvetica; font-size: 12pt;\">&nbsp;&nbsp;&nbsp; Bekimi i fillimit t\u00eb vitit t\u00eb ri arsimor u zhvillua n\u00eb oborrin e shkoll\u00ebs, ku 62 nx\u00ebn\u00ebsit, bashk\u00eb me m\u00ebsuesit e tyre dhe t\u00eb ftuar t\u00eb tjer\u00eb nga zona t\u00eb ndryshme t\u00eb Mitropolis\u00eb mor\u00ebn bekimin p\u00ebr nisjen e nj\u00eb viti t\u00eb mbar\u00eb shkollor. Atmosfer\u00ebn e b\u00ebnin edhe m\u00eb t\u00eb ve\u00e7ant\u00eb f\u00ebmij\u00ebt e kopshteve t\u00eb Kish\u00ebs, t\u00eb cil\u00ebt kishin mbushur mjedisin me haren\u00eb e mosh\u00ebs dhe z\u00ebrat e g\u00ebzuar.<\/span><\/div>\n<\/td>\n<\/tr>\n<tr>\n<td>\n<div style=\"text-align: justify;\"><span style=\"color: #000000; font-family: helvetica; font-size: 12pt;\">&nbsp;&nbsp;&nbsp; K\u00ebt\u00eb vit Kisha jon\u00eb n\u00eb Gjirokast\u00ebr ka hapur kopshtin e tret\u00eb n\u00eb lagjen Granic\u00eb, pas k\u00ebrkesave t\u00eb shumta dhe nevojave t\u00eb besimtar\u00ebve, p\u00ebr t\u00eb edukuar f\u00ebmij\u00ebt e tyre n\u00eb nj\u00eb mjedis shum\u00eb t\u00eb ngroht\u00eb.<\/span><\/div>\n<\/td>\n<td>\n<div><span style=\"color: #000000; font-family: helvetica; font-size: 12pt;\"><img decoding=\"async\" class=\"lazyload HAa Eha\" style=\"border-width: 1px; border-style: solid; margin: 10px auto; display: block;\" alt=\"\" src=\"data:image\/svg+xml,%3Csvg%20xmlns%3D%27http%3A%2F%2Fwww.w3.org%2F2000%2Fsvg%27%20width%3D%27303%27%20height%3D%27227%27%20viewBox%3D%270%200%20303%20227%27%3E%3Crect%20width%3D%27303%27%20height%3D%27227%27%20fill-opacity%3D%220%22%2F%3E%3C%2Fsvg%3E\" data-orig-src=\"https:\/\/lh5.googleusercontent.com\/-ogNtrNk9lIA\/VIq6nXkrarI\/AAAAAAAAG2k\/cKcdz3u1FuQ\/w400-h300-no\/pic8.jpg\" height=\"227\" width=\"303\" \/><\/span><\/div>\n<\/td>\n<\/tr>\n<\/tbody>\n<\/table>\n<div style=\"text-align: justify;\"><span style=\"color: #000000; font-family: helvetica; font-size: 12pt;\">&nbsp;&nbsp;&nbsp; N\u00eb fjal\u00ebn p\u00ebrsh\u00ebndet\u00ebse, Mitropoliti Dhimit\u00ebr n\u00ebnvizoi: \u201cT\u00eb gjitha k\u00ebto vepra nuk b\u00ebhen pa mundim dhe sakrifica dhe i pari i mban Kryepiskopi Anastas. Interesimi q\u00eb ai tregon mbulon t\u00eb gjitha nevojat tona materiale. Besimi i tij \u00ebsht\u00eb se ju p\u00ebrb\u00ebni ecjen p\u00ebrpara t\u00eb Kish\u00ebs son\u00eb n\u00eb shoq\u00ebrin\u00eb njer\u00ebzore n\u00eb \u00e7do pik\u00eb t\u00eb globit. T\u00eb jeni t\u00eb par\u00ebt n\u00eb m\u00ebsime, n\u00eb moral dhe n\u00eb ndjenj\u00ebn e p\u00ebrpjekjes. Sjellja juaj t\u00eb jet\u00eb n\u00eb nj\u00eb vij\u00eb me emrin q\u00eb mban shkolla jon\u00eb. Kur jemi t\u00eb lir\u00eb n\u00eb mendim at\u00ebher\u00eb g\u00ebzojm\u00eb liri t\u00eb madhe n\u00eb jet\u00eb\u201d- iu tha Hir\u00ebsia e Tij nx\u00ebn\u00ebsve.<\/span><\/div>\n<div style=\"text-align: justify;\"><span style=\"font-family: helvetica; font-size: 12pt;\"><\/span><\/div>\n<div style=\"text-align: justify;\"><span style=\"color: #000000; font-family: helvetica; font-size: 12pt;\">&nbsp;&nbsp;&nbsp; Shkolla e Mesme Kishtare \u201cKryqi i Nderuar\u201d ka nj\u00eb eksperienc\u00eb 10-vje\u00e7are dhe p\u00ebrgatit kuadrot e rinj t\u00eb Kish\u00ebs, t\u00eb cil\u00ebt ndjekin m\u00eb pas studimet n\u00eb Akademin\u00eb Teologjike \u201cNgjallja e Krishtit\u201d, n\u00eb Sh\u00ebn Vlash t\u00eb Durr\u00ebsit, ose ndjekin studimet n\u00eb universitetet brenda dhe jasht\u00eb vendit. Krahas l\u00ebnd\u00ebve t\u00eb programit t\u00eb miratuar nga Ministria e Arsimit zhvillohen edhe disa l\u00ebnd\u00eb fetare, t\u00eb cilat p\u00ebrgatisin dhe forcojn\u00eb jet\u00ebn shpirt\u00ebrore t\u00eb liceist\u00ebve.<\/span><\/div>\n<div style=\"text-align: justify;\"><span style=\"font-family: helvetica; font-size: 12pt;\"><\/span><\/div>\n<div style=\"text-align: justify;\"><span style=\"color: #000000; font-family: helvetica; font-size: 12pt;\">&nbsp;&nbsp;&nbsp;&nbsp; Sivjet, 16 nx\u00ebn\u00ebs t\u00eb ardhur kryesisht nga zonat jugore t\u00eb vendit, si Gjirokast\u00ebr, Sarand\u00eb, P\u00ebrmet dhe Tepelen\u00eb si edhe nga zonat e minoritetit u b\u00ebn\u00eb pjes\u00eb e k\u00ebsaj shkolle, s\u00eb bashku me 12 nx\u00ebn\u00ebsit e vitit t\u00eb dyt\u00eb, 19 nx\u00ebn\u00ebsit e vitit t\u00eb tret\u00eb dhe 15 maturant\u00ebt e vitit t\u00eb fundit. M\u00ebsimet nga 62 nx\u00ebn\u00ebsit e shkoll\u00ebs ndiqen p\u00ebrmes nj\u00eb burse vjetore t\u00eb akorduar nga Fortlumturia e Tij, Kryepiskopi Anastas.<\/span><\/div>\n<div style=\"text-align: justify;\"><span style=\"color: #000000; font-family: helvetica; font-size: 12pt;\">Gjithashtu, n\u00eb vitin e dyt\u00eb t\u00eb saj \u00e7eli dyert edhe shkolla profesionale n\u00eb Mesopotam t\u00eb Sarand\u00ebs, ku studiojn\u00eb 104 nx\u00ebn\u00ebs n\u00eb deg\u00ebt: Informatik\u00eb, instalime hidraulike, instalime elektrike dhe instalime frigoriferike. N\u00eb bised\u00ebn q\u00eb pat\u00ebm me drejtorin e k\u00ebsaj shkolle z. Orfea Beci, m\u00ebsuam se k\u00ebt\u00eb vit ka pasur shum\u00eb k\u00ebrkesa dhe numri i pranimeve t\u00eb nx\u00ebn\u00ebsve ka qen\u00eb i kufizuar. Arsimi kishtar dhe profesional n\u00eb Mitropolin\u00eb e Gjirokastr\u00ebs po njeh nga viti n\u00eb vit nj\u00eb p\u00ebrparim t\u00eb duksh\u00ebm duke sh\u00ebrbyer si nj\u00eb fidanishte e t\u00eb ardhmes s\u00eb Kish\u00ebs dhe t\u00eb shoq\u00ebris\u00eb shqiptare.<\/span><\/div>\n<div style=\"text-align: justify;\"><span style=\"font-family: helvetica; font-size: 12pt;\"><\/span><\/div>\n<div style=\"text-align: justify;\"><span style=\"color: #000000; font-family: helvetica; font-size: 12pt;\">&nbsp;&nbsp;&nbsp; P\u00ebr her\u00eb t\u00eb par\u00eb k\u00ebt\u00eb vit u hap n\u00eb Sukth t\u00eb Durr\u00ebsit edhe Shkolla e Mesme Kishtare \u201cKryqi i Nderuar\u201d, me 22 nx\u00ebn\u00ebs n\u00eb vitin e par\u00eb dhe 15 n\u00eb vitin e dyt\u00eb. Stafi administrativ e pedagogjik i k\u00ebsaj shkolle \u00ebsht\u00eb mjaft i p\u00ebrgatitur p\u00ebr t\u00eb kryer detyr\u00ebn n\u00eb formimin edukativ dhe shpirt\u00ebror t\u00eb t\u00eb rinjve. P\u00ebrve\u00e7 mjediseve t\u00eb tjera, shkolla ka edhe nj\u00eb konvikt ku kushtet ashtu si gjith\u00eb ambientet e saj jan\u00eb nga m\u00eb modernet.<\/span><\/div>\n<div style=\"text-align: justify;\"><span style=\"font-family: helvetica; font-size: 12pt;\"><\/span><\/div>\n<div style=\"text-align: justify;\"><span style=\"color: #000000; font-family: helvetica; font-size: 12pt;\">&nbsp;&nbsp;&nbsp; Organizimi shum\u00eb i mir\u00eb p\u00ebr fillimin e mbar\u00eb t\u00eb vitit t\u00eb ri shkollor n\u00eb shkollat e sistemit 9-vje\u00e7ar dhe t\u00eb mes\u00ebm t\u00eb themeluara dhe t\u00eb mb\u00ebshtetura nga Kisha jon\u00eb, me bekimin dhe mund\u00ebsit\u00eb e krijuara nga Fortlumturia e Tij, Kryepiskopi Anastas, tregon vler\u00ebsimin e madh q\u00eb i jepet formimit t\u00eb nj\u00eb brezi t\u00eb ri me dije e kultur\u00eb, por edhe t\u00eb formuar shpirt\u00ebrisht p\u00ebr t\u00eb ardhmen e vendit.<\/span><\/div>\n<div style=\"text-align: justify;\"><span style=\"font-family: helvetica; font-size: 12pt;\"><\/span><\/div>\n<div style=\"text-align: justify;\"><span style=\"color: #000000; font-family: helvetica; font-size: 12pt;\"> <strong>&nbsp;&nbsp;&nbsp;&nbsp; P\u00ebrgatit\u00ebn: Isidor Koti, Julia Pjetri, Marina Marini, Gabriela Dalipi <\/strong><\/span><\/div>\n","protected":false},"excerpt":{"rendered":"<p>Mjedise dhe kushte m\u00ebsimi bashk\u00ebkohore &nbsp; &nbsp;&nbsp;&nbsp;&nbsp; Sipas tradit\u00ebs, nisja e vitit t\u00eb ri shkollor 2007-2008, n\u00eb shkollat 9-vje\u00e7are dhe t\u00eb mesme t\u00eb Kish\u00ebs son\u00eb u sh\u00ebnua dit\u00ebn e par\u00eb me Sh\u00ebrbes\u00ebn e Ajazm\u00ebs, si bekim p\u00ebr mbar\u00ebvajtjen e tyre. Bashk\u00eb me p\u00ebrvoj\u00ebn e fituar vit pas viti dhe nivelin cil\u00ebsor t\u00eb m\u00ebsimdh\u00ebnies, p\u00ebr t\u00eb p\u00ebrgatitur n\u00eb m\u00ebnyr\u00eb dinjitoze brezat e ardhsh\u00ebm, ve\u00e7ohen kushtet bashk\u00ebkohore<\/p>\n","protected":false},"author":1,"featured_media":0,"comment_status":"open","ping_status":"open","sticky":false,"template":"","format":"standard","meta":{"_acf_changed":false,"pagelayer_contact_templates":[],"_pagelayer_content":"","inline_featured_image":false,"fifu_image_url":"","fifu_image_alt":"","footnotes":""},"categories":[108],"tags":[147,175,196,212],"class_list":["post-559","post","type-post","status-publish","format-standard","hentry","category-lajme","tag-147","tag-institucione-parashkollore-te-kishes-orthodhokse","tag-tirane","tag-lajme-d27"],"acf":[],"yoast_head":"<!-- This site is optimized with the Yoast SEO plugin v27.2 - https:\/\/yoast.com\/product\/yoast-seo-wordpress\/ -->\n<title>Filloi me sukses viti i ri arsimor n\u00eb shkollat 9-vje\u00e7are dhe t\u00eb mesme t\u00eb Kish\u00ebs Orthodhokse Autoqefale t\u00eb Shqip\u00ebris\u00eb. (Shtator 2007) - Kisha Orthodh\u03bfkse Autoqefale e Shqip\u00ebris\u00eb<\/title>\n<meta name=\"robots\" content=\"index, follow, max-snippet:-1, max-image-preview:large, max-video-preview:-1\" \/>\n<link rel=\"canonical\" href=\"https:\/\/orthodoxalbania.org\/2020\/2007\/02\/26\/filloi-me-sukses-viti-i-ri-arsimor-ne-shkollat-9-vjecare-dhe-te-mesme-te-kishes-orthodhokse-autoqefale-te-shqiperise-shtator-2007\/\" \/>\n<meta property=\"og:locale\" content=\"en_US\" \/>\n<meta property=\"og:type\" content=\"article\" \/>\n<meta property=\"og:title\" content=\"Filloi me sukses viti i ri arsimor n\u00eb shkollat 9-vje\u00e7are dhe t\u00eb mesme t\u00eb Kish\u00ebs Orthodhokse Autoqefale t\u00eb Shqip\u00ebris\u00eb. (Shtator 2007) - Kisha Orthodh\u03bfkse Autoqefale e Shqip\u00ebris\u00eb\" \/>\n<meta property=\"og:description\" content=\"Mjedise dhe kushte m\u00ebsimi bashk\u00ebkohore &nbsp; &nbsp;&nbsp;&nbsp;&nbsp; Sipas tradit\u00ebs, nisja e vitit t\u00eb ri shkollor 2007-2008, n\u00eb shkollat 9-vje\u00e7are dhe t\u00eb mesme t\u00eb Kish\u00ebs son\u00eb u sh\u00ebnua dit\u00ebn e par\u00eb me Sh\u00ebrbes\u00ebn e Ajazm\u00ebs, si bekim p\u00ebr mbar\u00ebvajtjen e tyre. Bashk\u00eb me p\u00ebrvoj\u00ebn e fituar vit pas viti dhe nivelin cil\u00ebsor t\u00eb m\u00ebsimdh\u00ebnies, p\u00ebr t\u00eb p\u00ebrgatitur n\u00eb m\u00ebnyr\u00eb dinjitoze brezat e ardhsh\u00ebm, ve\u00e7ohen kushtet bashk\u00ebkohore\" \/>\n<meta property=\"og:url\" content=\"https:\/\/orthodoxalbania.org\/2020\/2007\/02\/26\/filloi-me-sukses-viti-i-ri-arsimor-ne-shkollat-9-vjecare-dhe-te-mesme-te-kishes-orthodhokse-autoqefale-te-shqiperise-shtator-2007\/\" \/>\n<meta property=\"og:site_name\" content=\"Kisha Orthodh\u03bfkse Autoqefale e Shqip\u00ebris\u00eb\" \/>\n<meta property=\"article:publisher\" content=\"https:\/\/www.facebook.com\/koash1991\" \/>\n<meta property=\"article:published_time\" content=\"2007-02-26T00:00:00+00:00\" \/>\n<meta property=\"article:modified_time\" content=\"2020-04-06T20:35:42+00:00\" \/>\n<meta property=\"og:image\" content=\"https:\/\/lh3.googleusercontent.com\/-iSSLEdSKkJI\/VIq6lgFohDI\/AAAAAAAAG2o\/I1f1smyrSKo\/w400-h300-no\/pic1.jpg\" \/>\n<meta name=\"author\" content=\"Kisha Orthodhokse\" \/>\n<meta name=\"twitter:card\" content=\"summary_large_image\" \/>\n<meta name=\"twitter:label1\" content=\"Written by\" \/>\n\t<meta name=\"twitter:data1\" content=\"Kisha Orthodhokse\" \/>\n\t<meta name=\"twitter:label2\" content=\"Est. reading time\" \/>\n\t<meta name=\"twitter:data2\" content=\"6 minutes\" \/>\n<script type=\"application\/ld+json\" class=\"yoast-schema-graph\">{\"@context\":\"https:\/\/schema.org\",\"@graph\":[{\"@type\":\"Article\",\"@id\":\"https:\/\/orthodoxalbania.org\/2020\/2007\/02\/26\/filloi-me-sukses-viti-i-ri-arsimor-ne-shkollat-9-vjecare-dhe-te-mesme-te-kishes-orthodhokse-autoqefale-te-shqiperise-shtator-2007\/#article\",\"isPartOf\":{\"@id\":\"https:\/\/orthodoxalbania.org\/2020\/2007\/02\/26\/filloi-me-sukses-viti-i-ri-arsimor-ne-shkollat-9-vjecare-dhe-te-mesme-te-kishes-orthodhokse-autoqefale-te-shqiperise-shtator-2007\/\"},\"author\":{\"name\":\"Kisha Orthodhokse\",\"@id\":\"https:\/\/orthodoxalbania.org\/2020\/#\/schema\/person\/0c387634a7063ac612d7ed9ce71c7e86\"},\"headline\":\"Filloi me sukses viti i ri arsimor n\u00eb shkollat 9-vje\u00e7are dhe t\u00eb mesme t\u00eb Kish\u00ebs Orthodhokse Autoqefale t\u00eb Shqip\u00ebris\u00eb. (Shtator 2007)\",\"datePublished\":\"2007-02-26T00:00:00+00:00\",\"dateModified\":\"2020-04-06T20:35:42+00:00\",\"mainEntityOfPage\":{\"@id\":\"https:\/\/orthodoxalbania.org\/2020\/2007\/02\/26\/filloi-me-sukses-viti-i-ri-arsimor-ne-shkollat-9-vjecare-dhe-te-mesme-te-kishes-orthodhokse-autoqefale-te-shqiperise-shtator-2007\/\"},\"wordCount\":1273,\"commentCount\":0,\"publisher\":{\"@id\":\"https:\/\/orthodoxalbania.org\/2020\/#organization\"},\"image\":{\"@id\":\"https:\/\/orthodoxalbania.org\/2020\/2007\/02\/26\/filloi-me-sukses-viti-i-ri-arsimor-ne-shkollat-9-vjecare-dhe-te-mesme-te-kishes-orthodhokse-autoqefale-te-shqiperise-shtator-2007\/#primaryimage\"},\"thumbnailUrl\":\"https:\/\/lh3.googleusercontent.com\/-iSSLEdSKkJI\/VIq6lgFohDI\/AAAAAAAAG2o\/I1f1smyrSKo\/w400-h300-no\/pic1.jpg\",\"keywords\":[\"2007\",\"Institucione Parashkollore t\u00eb Kish\u00ebs Orthodhokse\",\"Kryepiskopata Tiran\u00eb\",\"lajme\"],\"articleSection\":[\"Lajme\"],\"inLanguage\":\"en-US\"},{\"@type\":\"WebPage\",\"@id\":\"https:\/\/orthodoxalbania.org\/2020\/2007\/02\/26\/filloi-me-sukses-viti-i-ri-arsimor-ne-shkollat-9-vjecare-dhe-te-mesme-te-kishes-orthodhokse-autoqefale-te-shqiperise-shtator-2007\/\",\"url\":\"https:\/\/orthodoxalbania.org\/2020\/2007\/02\/26\/filloi-me-sukses-viti-i-ri-arsimor-ne-shkollat-9-vjecare-dhe-te-mesme-te-kishes-orthodhokse-autoqefale-te-shqiperise-shtator-2007\/\",\"name\":\"Filloi me sukses viti i ri arsimor n\u00eb shkollat 9-vje\u00e7are dhe t\u00eb mesme t\u00eb Kish\u00ebs Orthodhokse Autoqefale t\u00eb Shqip\u00ebris\u00eb. (Shtator 2007) - Kisha Orthodh\u03bfkse Autoqefale e Shqip\u00ebris\u00eb\",\"isPartOf\":{\"@id\":\"https:\/\/orthodoxalbania.org\/2020\/#website\"},\"primaryImageOfPage\":{\"@id\":\"https:\/\/orthodoxalbania.org\/2020\/2007\/02\/26\/filloi-me-sukses-viti-i-ri-arsimor-ne-shkollat-9-vjecare-dhe-te-mesme-te-kishes-orthodhokse-autoqefale-te-shqiperise-shtator-2007\/#primaryimage\"},\"image\":{\"@id\":\"https:\/\/orthodoxalbania.org\/2020\/2007\/02\/26\/filloi-me-sukses-viti-i-ri-arsimor-ne-shkollat-9-vjecare-dhe-te-mesme-te-kishes-orthodhokse-autoqefale-te-shqiperise-shtator-2007\/#primaryimage\"},\"thumbnailUrl\":\"https:\/\/lh3.googleusercontent.com\/-iSSLEdSKkJI\/VIq6lgFohDI\/AAAAAAAAG2o\/I1f1smyrSKo\/w400-h300-no\/pic1.jpg\",\"datePublished\":\"2007-02-26T00:00:00+00:00\",\"dateModified\":\"2020-04-06T20:35:42+00:00\",\"breadcrumb\":{\"@id\":\"https:\/\/orthodoxalbania.org\/2020\/2007\/02\/26\/filloi-me-sukses-viti-i-ri-arsimor-ne-shkollat-9-vjecare-dhe-te-mesme-te-kishes-orthodhokse-autoqefale-te-shqiperise-shtator-2007\/#breadcrumb\"},\"inLanguage\":\"en-US\",\"potentialAction\":[{\"@type\":\"ReadAction\",\"target\":[\"https:\/\/orthodoxalbania.org\/2020\/2007\/02\/26\/filloi-me-sukses-viti-i-ri-arsimor-ne-shkollat-9-vjecare-dhe-te-mesme-te-kishes-orthodhokse-autoqefale-te-shqiperise-shtator-2007\/\"]}]},{\"@type\":\"ImageObject\",\"inLanguage\":\"en-US\",\"@id\":\"https:\/\/orthodoxalbania.org\/2020\/2007\/02\/26\/filloi-me-sukses-viti-i-ri-arsimor-ne-shkollat-9-vjecare-dhe-te-mesme-te-kishes-orthodhokse-autoqefale-te-shqiperise-shtator-2007\/#primaryimage\",\"url\":\"https:\/\/lh3.googleusercontent.com\/-iSSLEdSKkJI\/VIq6lgFohDI\/AAAAAAAAG2o\/I1f1smyrSKo\/w400-h300-no\/pic1.jpg\",\"contentUrl\":\"https:\/\/lh3.googleusercontent.com\/-iSSLEdSKkJI\/VIq6lgFohDI\/AAAAAAAAG2o\/I1f1smyrSKo\/w400-h300-no\/pic1.jpg\"},{\"@type\":\"BreadcrumbList\",\"@id\":\"https:\/\/orthodoxalbania.org\/2020\/2007\/02\/26\/filloi-me-sukses-viti-i-ri-arsimor-ne-shkollat-9-vjecare-dhe-te-mesme-te-kishes-orthodhokse-autoqefale-te-shqiperise-shtator-2007\/#breadcrumb\",\"itemListElement\":[{\"@type\":\"ListItem\",\"position\":1,\"name\":\"Home\",\"item\":\"https:\/\/orthodoxalbania.org\/2020\/\"},{\"@type\":\"ListItem\",\"position\":2,\"name\":\"Filloi me sukses viti i ri arsimor n\u00eb shkollat 9-vje\u00e7are dhe t\u00eb mesme t\u00eb Kish\u00ebs Orthodhokse Autoqefale t\u00eb Shqip\u00ebris\u00eb. (Shtator 2007)\"}]},{\"@type\":\"WebSite\",\"@id\":\"https:\/\/orthodoxalbania.org\/2020\/#website\",\"url\":\"https:\/\/orthodoxalbania.org\/2020\/\",\"name\":\"Kisha Orthodh\u03bfkse Autoqefale e Shqip\u00ebris\u00eb\",\"description\":\"Fqja Zyrtare e Kish\u00ebs Orthodhokse Autoqefale e Shqip\u00ebris\u00eb me lajmet edhe informacionet zyrtare p\u00ebr struktur\u00ebn edhe veprimtarin e saj.\",\"publisher\":{\"@id\":\"https:\/\/orthodoxalbania.org\/2020\/#organization\"},\"potentialAction\":[{\"@type\":\"SearchAction\",\"target\":{\"@type\":\"EntryPoint\",\"urlTemplate\":\"https:\/\/orthodoxalbania.org\/2020\/?s={search_term_string}\"},\"query-input\":{\"@type\":\"PropertyValueSpecification\",\"valueRequired\":true,\"valueName\":\"search_term_string\"}}],\"inLanguage\":\"en-US\"},{\"@type\":\"Organization\",\"@id\":\"https:\/\/orthodoxalbania.org\/2020\/#organization\",\"name\":\"Kisha Orthodhokse Autoqefale e Shqip\u00ebris\u00eb\",\"url\":\"https:\/\/orthodoxalbania.org\/2020\/\",\"logo\":{\"@type\":\"ImageObject\",\"inLanguage\":\"en-US\",\"@id\":\"https:\/\/orthodoxalbania.org\/2020\/#\/schema\/logo\/image\/\",\"url\":\"https:\/\/orthodoxalbania.org\/2020\/wp-content\/uploads\/2020\/05\/albania.jpeg\",\"contentUrl\":\"https:\/\/orthodoxalbania.org\/2020\/wp-content\/uploads\/2020\/05\/albania.jpeg\",\"width\":540,\"height\":540,\"caption\":\"Kisha Orthodhokse Autoqefale e Shqip\u00ebris\u00eb\"},\"image\":{\"@id\":\"https:\/\/orthodoxalbania.org\/2020\/#\/schema\/logo\/image\/\"},\"sameAs\":[\"https:\/\/www.facebook.com\/koash1991\"]},{\"@type\":\"Person\",\"@id\":\"https:\/\/orthodoxalbania.org\/2020\/#\/schema\/person\/0c387634a7063ac612d7ed9ce71c7e86\",\"name\":\"Kisha Orthodhokse\",\"image\":{\"@type\":\"ImageObject\",\"inLanguage\":\"en-US\",\"@id\":\"https:\/\/secure.gravatar.com\/avatar\/596e7c417251e30f2fbb9c00e026fce61a695a00e51c889caded71c96cbbdde5?s=96&d=mm&r=g\",\"url\":\"https:\/\/secure.gravatar.com\/avatar\/596e7c417251e30f2fbb9c00e026fce61a695a00e51c889caded71c96cbbdde5?s=96&d=mm&r=g\",\"contentUrl\":\"https:\/\/secure.gravatar.com\/avatar\/596e7c417251e30f2fbb9c00e026fce61a695a00e51c889caded71c96cbbdde5?s=96&d=mm&r=g\",\"caption\":\"Kisha Orthodhokse\"}}]}<\/script>\n<!-- \/ Yoast SEO plugin. -->","yoast_head_json":{"title":"Filloi me sukses viti i ri arsimor n\u00eb shkollat 9-vje\u00e7are dhe t\u00eb mesme t\u00eb Kish\u00ebs Orthodhokse Autoqefale t\u00eb Shqip\u00ebris\u00eb. (Shtator 2007) - Kisha Orthodh\u03bfkse Autoqefale e Shqip\u00ebris\u00eb","robots":{"index":"index","follow":"follow","max-snippet":"max-snippet:-1","max-image-preview":"max-image-preview:large","max-video-preview":"max-video-preview:-1"},"canonical":"https:\/\/orthodoxalbania.org\/2020\/2007\/02\/26\/filloi-me-sukses-viti-i-ri-arsimor-ne-shkollat-9-vjecare-dhe-te-mesme-te-kishes-orthodhokse-autoqefale-te-shqiperise-shtator-2007\/","og_locale":"en_US","og_type":"article","og_title":"Filloi me sukses viti i ri arsimor n\u00eb shkollat 9-vje\u00e7are dhe t\u00eb mesme t\u00eb Kish\u00ebs Orthodhokse Autoqefale t\u00eb Shqip\u00ebris\u00eb. (Shtator 2007) - Kisha Orthodh\u03bfkse Autoqefale e Shqip\u00ebris\u00eb","og_description":"Mjedise dhe kushte m\u00ebsimi bashk\u00ebkohore &nbsp; &nbsp;&nbsp;&nbsp;&nbsp; Sipas tradit\u00ebs, nisja e vitit t\u00eb ri shkollor 2007-2008, n\u00eb shkollat 9-vje\u00e7are dhe t\u00eb mesme t\u00eb Kish\u00ebs son\u00eb u sh\u00ebnua dit\u00ebn e par\u00eb me Sh\u00ebrbes\u00ebn e Ajazm\u00ebs, si bekim p\u00ebr mbar\u00ebvajtjen e tyre. Bashk\u00eb me p\u00ebrvoj\u00ebn e fituar vit pas viti dhe nivelin cil\u00ebsor t\u00eb m\u00ebsimdh\u00ebnies, p\u00ebr t\u00eb p\u00ebrgatitur n\u00eb m\u00ebnyr\u00eb dinjitoze brezat e ardhsh\u00ebm, ve\u00e7ohen kushtet bashk\u00ebkohore","og_url":"https:\/\/orthodoxalbania.org\/2020\/2007\/02\/26\/filloi-me-sukses-viti-i-ri-arsimor-ne-shkollat-9-vjecare-dhe-te-mesme-te-kishes-orthodhokse-autoqefale-te-shqiperise-shtator-2007\/","og_site_name":"Kisha Orthodh\u03bfkse Autoqefale e Shqip\u00ebris\u00eb","article_publisher":"https:\/\/www.facebook.com\/koash1991","article_published_time":"2007-02-26T00:00:00+00:00","article_modified_time":"2020-04-06T20:35:42+00:00","og_image":[{"url":"https:\/\/lh3.googleusercontent.com\/-iSSLEdSKkJI\/VIq6lgFohDI\/AAAAAAAAG2o\/I1f1smyrSKo\/w400-h300-no\/pic1.jpg","type":"","width":"","height":""}],"author":"Kisha Orthodhokse","twitter_card":"summary_large_image","twitter_misc":{"Written by":"Kisha Orthodhokse","Est. reading time":"6 minutes"},"schema":{"@context":"https:\/\/schema.org","@graph":[{"@type":"Article","@id":"https:\/\/orthodoxalbania.org\/2020\/2007\/02\/26\/filloi-me-sukses-viti-i-ri-arsimor-ne-shkollat-9-vjecare-dhe-te-mesme-te-kishes-orthodhokse-autoqefale-te-shqiperise-shtator-2007\/#article","isPartOf":{"@id":"https:\/\/orthodoxalbania.org\/2020\/2007\/02\/26\/filloi-me-sukses-viti-i-ri-arsimor-ne-shkollat-9-vjecare-dhe-te-mesme-te-kishes-orthodhokse-autoqefale-te-shqiperise-shtator-2007\/"},"author":{"name":"Kisha Orthodhokse","@id":"https:\/\/orthodoxalbania.org\/2020\/#\/schema\/person\/0c387634a7063ac612d7ed9ce71c7e86"},"headline":"Filloi me sukses viti i ri arsimor n\u00eb shkollat 9-vje\u00e7are dhe t\u00eb mesme t\u00eb Kish\u00ebs Orthodhokse Autoqefale t\u00eb Shqip\u00ebris\u00eb. (Shtator 2007)","datePublished":"2007-02-26T00:00:00+00:00","dateModified":"2020-04-06T20:35:42+00:00","mainEntityOfPage":{"@id":"https:\/\/orthodoxalbania.org\/2020\/2007\/02\/26\/filloi-me-sukses-viti-i-ri-arsimor-ne-shkollat-9-vjecare-dhe-te-mesme-te-kishes-orthodhokse-autoqefale-te-shqiperise-shtator-2007\/"},"wordCount":1273,"commentCount":0,"publisher":{"@id":"https:\/\/orthodoxalbania.org\/2020\/#organization"},"image":{"@id":"https:\/\/orthodoxalbania.org\/2020\/2007\/02\/26\/filloi-me-sukses-viti-i-ri-arsimor-ne-shkollat-9-vjecare-dhe-te-mesme-te-kishes-orthodhokse-autoqefale-te-shqiperise-shtator-2007\/#primaryimage"},"thumbnailUrl":"https:\/\/lh3.googleusercontent.com\/-iSSLEdSKkJI\/VIq6lgFohDI\/AAAAAAAAG2o\/I1f1smyrSKo\/w400-h300-no\/pic1.jpg","keywords":["2007","Institucione Parashkollore t\u00eb Kish\u00ebs Orthodhokse","Kryepiskopata Tiran\u00eb","lajme"],"articleSection":["Lajme"],"inLanguage":"en-US"},{"@type":"WebPage","@id":"https:\/\/orthodoxalbania.org\/2020\/2007\/02\/26\/filloi-me-sukses-viti-i-ri-arsimor-ne-shkollat-9-vjecare-dhe-te-mesme-te-kishes-orthodhokse-autoqefale-te-shqiperise-shtator-2007\/","url":"https:\/\/orthodoxalbania.org\/2020\/2007\/02\/26\/filloi-me-sukses-viti-i-ri-arsimor-ne-shkollat-9-vjecare-dhe-te-mesme-te-kishes-orthodhokse-autoqefale-te-shqiperise-shtator-2007\/","name":"Filloi me sukses viti i ri arsimor n\u00eb shkollat 9-vje\u00e7are dhe t\u00eb mesme t\u00eb Kish\u00ebs Orthodhokse Autoqefale t\u00eb Shqip\u00ebris\u00eb. (Shtator 2007) - Kisha Orthodh\u03bfkse Autoqefale e Shqip\u00ebris\u00eb","isPartOf":{"@id":"https:\/\/orthodoxalbania.org\/2020\/#website"},"primaryImageOfPage":{"@id":"https:\/\/orthodoxalbania.org\/2020\/2007\/02\/26\/filloi-me-sukses-viti-i-ri-arsimor-ne-shkollat-9-vjecare-dhe-te-mesme-te-kishes-orthodhokse-autoqefale-te-shqiperise-shtator-2007\/#primaryimage"},"image":{"@id":"https:\/\/orthodoxalbania.org\/2020\/2007\/02\/26\/filloi-me-sukses-viti-i-ri-arsimor-ne-shkollat-9-vjecare-dhe-te-mesme-te-kishes-orthodhokse-autoqefale-te-shqiperise-shtator-2007\/#primaryimage"},"thumbnailUrl":"https:\/\/lh3.googleusercontent.com\/-iSSLEdSKkJI\/VIq6lgFohDI\/AAAAAAAAG2o\/I1f1smyrSKo\/w400-h300-no\/pic1.jpg","datePublished":"2007-02-26T00:00:00+00:00","dateModified":"2020-04-06T20:35:42+00:00","breadcrumb":{"@id":"https:\/\/orthodoxalbania.org\/2020\/2007\/02\/26\/filloi-me-sukses-viti-i-ri-arsimor-ne-shkollat-9-vjecare-dhe-te-mesme-te-kishes-orthodhokse-autoqefale-te-shqiperise-shtator-2007\/#breadcrumb"},"inLanguage":"en-US","potentialAction":[{"@type":"ReadAction","target":["https:\/\/orthodoxalbania.org\/2020\/2007\/02\/26\/filloi-me-sukses-viti-i-ri-arsimor-ne-shkollat-9-vjecare-dhe-te-mesme-te-kishes-orthodhokse-autoqefale-te-shqiperise-shtator-2007\/"]}]},{"@type":"ImageObject","inLanguage":"en-US","@id":"https:\/\/orthodoxalbania.org\/2020\/2007\/02\/26\/filloi-me-sukses-viti-i-ri-arsimor-ne-shkollat-9-vjecare-dhe-te-mesme-te-kishes-orthodhokse-autoqefale-te-shqiperise-shtator-2007\/#primaryimage","url":"https:\/\/lh3.googleusercontent.com\/-iSSLEdSKkJI\/VIq6lgFohDI\/AAAAAAAAG2o\/I1f1smyrSKo\/w400-h300-no\/pic1.jpg","contentUrl":"https:\/\/lh3.googleusercontent.com\/-iSSLEdSKkJI\/VIq6lgFohDI\/AAAAAAAAG2o\/I1f1smyrSKo\/w400-h300-no\/pic1.jpg"},{"@type":"BreadcrumbList","@id":"https:\/\/orthodoxalbania.org\/2020\/2007\/02\/26\/filloi-me-sukses-viti-i-ri-arsimor-ne-shkollat-9-vjecare-dhe-te-mesme-te-kishes-orthodhokse-autoqefale-te-shqiperise-shtator-2007\/#breadcrumb","itemListElement":[{"@type":"ListItem","position":1,"name":"Home","item":"https:\/\/orthodoxalbania.org\/2020\/"},{"@type":"ListItem","position":2,"name":"Filloi me sukses viti i ri arsimor n\u00eb shkollat 9-vje\u00e7are dhe t\u00eb mesme t\u00eb Kish\u00ebs Orthodhokse Autoqefale t\u00eb Shqip\u00ebris\u00eb. (Shtator 2007)"}]},{"@type":"WebSite","@id":"https:\/\/orthodoxalbania.org\/2020\/#website","url":"https:\/\/orthodoxalbania.org\/2020\/","name":"Kisha Orthodh\u03bfkse Autoqefale e Shqip\u00ebris\u00eb","description":"Fqja Zyrtare e Kish\u00ebs Orthodhokse Autoqefale e Shqip\u00ebris\u00eb me lajmet edhe informacionet zyrtare p\u00ebr struktur\u00ebn edhe veprimtarin e saj.","publisher":{"@id":"https:\/\/orthodoxalbania.org\/2020\/#organization"},"potentialAction":[{"@type":"SearchAction","target":{"@type":"EntryPoint","urlTemplate":"https:\/\/orthodoxalbania.org\/2020\/?s={search_term_string}"},"query-input":{"@type":"PropertyValueSpecification","valueRequired":true,"valueName":"search_term_string"}}],"inLanguage":"en-US"},{"@type":"Organization","@id":"https:\/\/orthodoxalbania.org\/2020\/#organization","name":"Kisha Orthodhokse Autoqefale e Shqip\u00ebris\u00eb","url":"https:\/\/orthodoxalbania.org\/2020\/","logo":{"@type":"ImageObject","inLanguage":"en-US","@id":"https:\/\/orthodoxalbania.org\/2020\/#\/schema\/logo\/image\/","url":"https:\/\/orthodoxalbania.org\/2020\/wp-content\/uploads\/2020\/05\/albania.jpeg","contentUrl":"https:\/\/orthodoxalbania.org\/2020\/wp-content\/uploads\/2020\/05\/albania.jpeg","width":540,"height":540,"caption":"Kisha Orthodhokse Autoqefale e Shqip\u00ebris\u00eb"},"image":{"@id":"https:\/\/orthodoxalbania.org\/2020\/#\/schema\/logo\/image\/"},"sameAs":["https:\/\/www.facebook.com\/koash1991"]},{"@type":"Person","@id":"https:\/\/orthodoxalbania.org\/2020\/#\/schema\/person\/0c387634a7063ac612d7ed9ce71c7e86","name":"Kisha Orthodhokse","image":{"@type":"ImageObject","inLanguage":"en-US","@id":"https:\/\/secure.gravatar.com\/avatar\/596e7c417251e30f2fbb9c00e026fce61a695a00e51c889caded71c96cbbdde5?s=96&d=mm&r=g","url":"https:\/\/secure.gravatar.com\/avatar\/596e7c417251e30f2fbb9c00e026fce61a695a00e51c889caded71c96cbbdde5?s=96&d=mm&r=g","contentUrl":"https:\/\/secure.gravatar.com\/avatar\/596e7c417251e30f2fbb9c00e026fce61a695a00e51c889caded71c96cbbdde5?s=96&d=mm&r=g","caption":"Kisha Orthodhokse"}}]}},"_links":{"self":[{"href":"https:\/\/orthodoxalbania.org\/2020\/wp-json\/wp\/v2\/posts\/559","targetHints":{"allow":["GET"]}}],"collection":[{"href":"https:\/\/orthodoxalbania.org\/2020\/wp-json\/wp\/v2\/posts"}],"about":[{"href":"https:\/\/orthodoxalbania.org\/2020\/wp-json\/wp\/v2\/types\/post"}],"author":[{"embeddable":true,"href":"https:\/\/orthodoxalbania.org\/2020\/wp-json\/wp\/v2\/users\/1"}],"replies":[{"embeddable":true,"href":"https:\/\/orthodoxalbania.org\/2020\/wp-json\/wp\/v2\/comments?post=559"}],"version-history":[{"count":1,"href":"https:\/\/orthodoxalbania.org\/2020\/wp-json\/wp\/v2\/posts\/559\/revisions"}],"predecessor-version":[{"id":15745,"href":"https:\/\/orthodoxalbania.org\/2020\/wp-json\/wp\/v2\/posts\/559\/revisions\/15745"}],"wp:attachment":[{"href":"https:\/\/orthodoxalbania.org\/2020\/wp-json\/wp\/v2\/media?parent=559"}],"wp:term":[{"taxonomy":"category","embeddable":true,"href":"https:\/\/orthodoxalbania.org\/2020\/wp-json\/wp\/v2\/categories?post=559"},{"taxonomy":"post_tag","embeddable":true,"href":"https:\/\/orthodoxalbania.org\/2020\/wp-json\/wp\/v2\/tags?post=559"}],"curies":[{"name":"wp","href":"https:\/\/api.w.org\/{rel}","templated":true}]}}