{"id":558,"date":"2013-03-21T12:18:11","date_gmt":"2013-03-21T12:18:11","guid":{"rendered":""},"modified":"2020-04-06T22:05:59","modified_gmt":"2020-04-06T20:05:59","slug":"filloi-me-lutje-e-shpresetari-viti-i-ri-kishtar","status":"publish","type":"post","link":"https:\/\/orthodoxalbania.org\/2020\/2013\/03\/21\/filloi-me-lutje-e-shpresetari-viti-i-ri-kishtar\/","title":{"rendered":"Filloi me lutje e shpres\u00ebtari Viti i ri Kishtar. (1 Shtator 2012)"},"content":{"rendered":"<p style=\"text-align: justify;\"><span style=\"font-family: helvetica;\"><img class=\"lazyload\" decoding=\"async\" style=\"border-width: 1px; border-style: solid; margin: 10px; float: left;\" alt=\"\" src=\"data:image\/svg+xml,%3Csvg%20xmlns%3D%27http%3A%2F%2Fwww.w3.org%2F2000%2Fsvg%27%20width%3D%27204%27%20height%3D%27154%27%20viewBox%3D%270%200%20204%20154%27%3E%3Crect%20width%3D%27204%27%20height%3D%27154%27%20fill-opacity%3D%220%22%2F%3E%3C%2Fsvg%3E\" data-orig-src=\"https:\/\/lh6.googleusercontent.com\/-xzT0noIHKVg\/UERh1ewIIPI\/AAAAAAAAA-c\/YCxFq1Nywu4\/s448\/CIMG0002.JPG\" height=\"154\" width=\"204\" \/><span style=\"font-size: 12pt;\"><span style=\"color: #000000;\"> &nbsp; &nbsp; Kisha Orthodhokse kremtoi m\u00eb 1 shtator fillimin e Indiktit ose fillimin e Vitit t\u00eb ri Kishtar. Q\u00ebllimi i Vitit Kishtar \u00ebsht\u00eb t\u2019u kujtoj\u00eb besimtar\u00ebve m\u00ebsimin e Ungjillit dhe ngjarjet kryesore t\u00eb historis\u00eb s\u00eb krishter\u00eb n\u00eb rrjedh\u00ebn e koh\u00ebrave. N\u00eb kish\u00ebn katedrale \u201cUngjill\u00ebzimi i Per\u00ebndilind\u00ebses\u201d n\u00eb Tiran\u00eb, ashtu sikurse n\u00eb shum\u00eb kisha te vendit ton\u00eb dhe n\u00eb shum\u00eb vende t\u00eb bot\u00ebs orthodhokse u krye Liturgjia Hyjnore dhe Sh\u00ebrbesa e Ajazm\u00ebs. 1 shtatori \u00ebsht\u00eb dita e par\u00eb dhe nisja e predikimit mbi misterin e dashuris\u00eb hyjnore, ndaj besimtar\u00eb t\u00eb shumt\u00eb i kushtojn\u00eb r\u00ebnd\u00ebsi k\u00ebsaj dite q\u00eb ka p\u00ebr q\u00ebllim t\u00eb orientoj\u00eb lutjen dhe t\u00eb ndikoj\u00eb p\u00ebr jet\u00ebn n\u00eb vazhdim. Besimtari, brenda mistereve t\u00eb Kish\u00ebs dhe n\u00eb m\u00ebnyr\u00eb t\u00eb ve\u00e7ant\u00eb me Liturgjin\u00eb Hyjnore jeton p\u00ebrtej koh\u00ebs dhe n\u00ebp\u00ebrmjet saj, ai pret jet\u00ebn e p\u00ebrjet\u00ebshme. N\u00eb urimet e shumta t\u00eb klerik\u00ebve dhe besimtar\u00ebve spikati mesazhi se n\u00ebse duam q\u00eb ta fillojm\u00eb mbar\u00eb k\u00ebt\u00eb vit t\u00eb ri kishtar, duhet t\u00eb bashkohemi me Krishtin dhe t\u00eb duam nj\u00ebri-tjetrin, ashtu si\u00e7 na do ne Per\u00ebndia.<\/span><\/span><\/span><\/p>\n<p><span style=\"font-family: helvetica; font-size: 12pt;\"> &nbsp;<\/span><\/p>\n","protected":false},"excerpt":{"rendered":"<p>&nbsp; &nbsp; Kisha Orthodhokse kremtoi m\u00eb 1 shtator fillimin e Indiktit ose fillimin e Vitit t\u00eb ri Kishtar. Q\u00ebllimi i Vitit Kishtar \u00ebsht\u00eb t\u2019u kujtoj\u00eb besimtar\u00ebve m\u00ebsimin e Ungjillit dhe ngjarjet kryesore t\u00eb historis\u00eb s\u00eb krishter\u00eb n\u00eb rrjedh\u00ebn e koh\u00ebrave. N\u00eb kish\u00ebn katedrale \u201cUngjill\u00ebzimi i Per\u00ebndilind\u00ebses\u201d n\u00eb Tiran\u00eb, ashtu sikurse n\u00eb shum\u00eb kisha te vendit ton\u00eb dhe n\u00eb shum\u00eb vende t\u00eb bot\u00ebs orthodhokse u krye<\/p>\n","protected":false},"author":1,"featured_media":0,"comment_status":"open","ping_status":"open","sticky":false,"template":"","format":"standard","meta":{"_acf_changed":false,"pagelayer_contact_templates":[],"_pagelayer_content":"","inline_featured_image":false,"fifu_image_url":"","fifu_image_alt":"","footnotes":""},"categories":[108],"tags":[142,196,212],"class_list":["post-558","post","type-post","status-publish","format-standard","hentry","category-lajme","tag-142","tag-tirane","tag-lajme-d27"],"acf":[],"yoast_head":"<!-- This site is optimized with the Yoast SEO plugin v27.2 - https:\/\/yoast.com\/product\/yoast-seo-wordpress\/ -->\n<title>Filloi me lutje e shpres\u00ebtari Viti i ri Kishtar. (1 Shtator 2012) - Kisha Orthodh\u03bfkse Autoqefale e Shqip\u00ebris\u00eb<\/title>\n<meta name=\"robots\" content=\"index, follow, max-snippet:-1, max-image-preview:large, max-video-preview:-1\" \/>\n<link rel=\"canonical\" href=\"https:\/\/orthodoxalbania.org\/2020\/2013\/03\/21\/filloi-me-lutje-e-shpresetari-viti-i-ri-kishtar\/\" \/>\n<meta property=\"og:locale\" content=\"en_US\" \/>\n<meta property=\"og:type\" content=\"article\" \/>\n<meta property=\"og:title\" content=\"Filloi me lutje e shpres\u00ebtari Viti i ri Kishtar. (1 Shtator 2012) - Kisha Orthodh\u03bfkse Autoqefale e Shqip\u00ebris\u00eb\" \/>\n<meta property=\"og:description\" content=\"&nbsp; &nbsp; Kisha Orthodhokse kremtoi m\u00eb 1 shtator fillimin e Indiktit ose fillimin e Vitit t\u00eb ri Kishtar. Q\u00ebllimi i Vitit Kishtar \u00ebsht\u00eb t\u2019u kujtoj\u00eb besimtar\u00ebve m\u00ebsimin e Ungjillit dhe ngjarjet kryesore t\u00eb historis\u00eb s\u00eb krishter\u00eb n\u00eb rrjedh\u00ebn e koh\u00ebrave. N\u00eb kish\u00ebn katedrale \u201cUngjill\u00ebzimi i Per\u00ebndilind\u00ebses\u201d n\u00eb Tiran\u00eb, ashtu sikurse n\u00eb shum\u00eb kisha te vendit ton\u00eb dhe n\u00eb shum\u00eb vende t\u00eb bot\u00ebs orthodhokse u krye\" \/>\n<meta property=\"og:url\" content=\"https:\/\/orthodoxalbania.org\/2020\/2013\/03\/21\/filloi-me-lutje-e-shpresetari-viti-i-ri-kishtar\/\" \/>\n<meta property=\"og:site_name\" content=\"Kisha Orthodh\u03bfkse Autoqefale e Shqip\u00ebris\u00eb\" \/>\n<meta property=\"article:publisher\" content=\"https:\/\/www.facebook.com\/koash1991\" \/>\n<meta property=\"article:published_time\" content=\"2013-03-21T12:18:11+00:00\" \/>\n<meta property=\"article:modified_time\" content=\"2020-04-06T20:05:59+00:00\" \/>\n<meta property=\"og:image\" content=\"https:\/\/lh6.googleusercontent.com\/-xzT0noIHKVg\/UERh1ewIIPI\/AAAAAAAAA-c\/YCxFq1Nywu4\/s448\/CIMG0002.JPG\" \/>\n<meta name=\"author\" content=\"Kisha Orthodhokse\" \/>\n<meta name=\"twitter:card\" content=\"summary_large_image\" \/>\n<meta name=\"twitter:label1\" content=\"Written by\" \/>\n\t<meta name=\"twitter:data1\" content=\"Kisha Orthodhokse\" \/>\n\t<meta name=\"twitter:label2\" content=\"Est. reading time\" \/>\n\t<meta name=\"twitter:data2\" content=\"1 minute\" \/>\n<script type=\"application\/ld+json\" class=\"yoast-schema-graph\">{\"@context\":\"https:\/\/schema.org\",\"@graph\":[{\"@type\":\"Article\",\"@id\":\"https:\/\/orthodoxalbania.org\/2020\/2013\/03\/21\/filloi-me-lutje-e-shpresetari-viti-i-ri-kishtar\/#article\",\"isPartOf\":{\"@id\":\"https:\/\/orthodoxalbania.org\/2020\/2013\/03\/21\/filloi-me-lutje-e-shpresetari-viti-i-ri-kishtar\/\"},\"author\":{\"name\":\"Kisha Orthodhokse\",\"@id\":\"https:\/\/orthodoxalbania.org\/2020\/#\/schema\/person\/0c387634a7063ac612d7ed9ce71c7e86\"},\"headline\":\"Filloi me lutje e shpres\u00ebtari Viti i ri Kishtar. (1 Shtator 2012)\",\"datePublished\":\"2013-03-21T12:18:11+00:00\",\"dateModified\":\"2020-04-06T20:05:59+00:00\",\"mainEntityOfPage\":{\"@id\":\"https:\/\/orthodoxalbania.org\/2020\/2013\/03\/21\/filloi-me-lutje-e-shpresetari-viti-i-ri-kishtar\/\"},\"wordCount\":216,\"commentCount\":0,\"publisher\":{\"@id\":\"https:\/\/orthodoxalbania.org\/2020\/#organization\"},\"image\":{\"@id\":\"https:\/\/orthodoxalbania.org\/2020\/2013\/03\/21\/filloi-me-lutje-e-shpresetari-viti-i-ri-kishtar\/#primaryimage\"},\"thumbnailUrl\":\"https:\/\/lh6.googleusercontent.com\/-xzT0noIHKVg\/UERh1ewIIPI\/AAAAAAAAA-c\/YCxFq1Nywu4\/s448\/CIMG0002.JPG\",\"keywords\":[\"2012\",\"Kryepiskopata Tiran\u00eb\",\"lajme\"],\"articleSection\":[\"Lajme\"],\"inLanguage\":\"en-US\"},{\"@type\":\"WebPage\",\"@id\":\"https:\/\/orthodoxalbania.org\/2020\/2013\/03\/21\/filloi-me-lutje-e-shpresetari-viti-i-ri-kishtar\/\",\"url\":\"https:\/\/orthodoxalbania.org\/2020\/2013\/03\/21\/filloi-me-lutje-e-shpresetari-viti-i-ri-kishtar\/\",\"name\":\"Filloi me lutje e shpres\u00ebtari Viti i ri Kishtar. (1 Shtator 2012) - Kisha Orthodh\u03bfkse Autoqefale e Shqip\u00ebris\u00eb\",\"isPartOf\":{\"@id\":\"https:\/\/orthodoxalbania.org\/2020\/#website\"},\"primaryImageOfPage\":{\"@id\":\"https:\/\/orthodoxalbania.org\/2020\/2013\/03\/21\/filloi-me-lutje-e-shpresetari-viti-i-ri-kishtar\/#primaryimage\"},\"image\":{\"@id\":\"https:\/\/orthodoxalbania.org\/2020\/2013\/03\/21\/filloi-me-lutje-e-shpresetari-viti-i-ri-kishtar\/#primaryimage\"},\"thumbnailUrl\":\"https:\/\/lh6.googleusercontent.com\/-xzT0noIHKVg\/UERh1ewIIPI\/AAAAAAAAA-c\/YCxFq1Nywu4\/s448\/CIMG0002.JPG\",\"datePublished\":\"2013-03-21T12:18:11+00:00\",\"dateModified\":\"2020-04-06T20:05:59+00:00\",\"breadcrumb\":{\"@id\":\"https:\/\/orthodoxalbania.org\/2020\/2013\/03\/21\/filloi-me-lutje-e-shpresetari-viti-i-ri-kishtar\/#breadcrumb\"},\"inLanguage\":\"en-US\",\"potentialAction\":[{\"@type\":\"ReadAction\",\"target\":[\"https:\/\/orthodoxalbania.org\/2020\/2013\/03\/21\/filloi-me-lutje-e-shpresetari-viti-i-ri-kishtar\/\"]}]},{\"@type\":\"ImageObject\",\"inLanguage\":\"en-US\",\"@id\":\"https:\/\/orthodoxalbania.org\/2020\/2013\/03\/21\/filloi-me-lutje-e-shpresetari-viti-i-ri-kishtar\/#primaryimage\",\"url\":\"https:\/\/lh6.googleusercontent.com\/-xzT0noIHKVg\/UERh1ewIIPI\/AAAAAAAAA-c\/YCxFq1Nywu4\/s448\/CIMG0002.JPG\",\"contentUrl\":\"https:\/\/lh6.googleusercontent.com\/-xzT0noIHKVg\/UERh1ewIIPI\/AAAAAAAAA-c\/YCxFq1Nywu4\/s448\/CIMG0002.JPG\"},{\"@type\":\"BreadcrumbList\",\"@id\":\"https:\/\/orthodoxalbania.org\/2020\/2013\/03\/21\/filloi-me-lutje-e-shpresetari-viti-i-ri-kishtar\/#breadcrumb\",\"itemListElement\":[{\"@type\":\"ListItem\",\"position\":1,\"name\":\"Home\",\"item\":\"https:\/\/orthodoxalbania.org\/2020\/\"},{\"@type\":\"ListItem\",\"position\":2,\"name\":\"Filloi me lutje e shpres\u00ebtari Viti i ri Kishtar. (1 Shtator 2012)\"}]},{\"@type\":\"WebSite\",\"@id\":\"https:\/\/orthodoxalbania.org\/2020\/#website\",\"url\":\"https:\/\/orthodoxalbania.org\/2020\/\",\"name\":\"Kisha Orthodh\u03bfkse Autoqefale e Shqip\u00ebris\u00eb\",\"description\":\"Fqja Zyrtare e Kish\u00ebs Orthodhokse Autoqefale e Shqip\u00ebris\u00eb me lajmet edhe informacionet zyrtare p\u00ebr struktur\u00ebn edhe veprimtarin e saj.\",\"publisher\":{\"@id\":\"https:\/\/orthodoxalbania.org\/2020\/#organization\"},\"potentialAction\":[{\"@type\":\"SearchAction\",\"target\":{\"@type\":\"EntryPoint\",\"urlTemplate\":\"https:\/\/orthodoxalbania.org\/2020\/?s={search_term_string}\"},\"query-input\":{\"@type\":\"PropertyValueSpecification\",\"valueRequired\":true,\"valueName\":\"search_term_string\"}}],\"inLanguage\":\"en-US\"},{\"@type\":\"Organization\",\"@id\":\"https:\/\/orthodoxalbania.org\/2020\/#organization\",\"name\":\"Kisha Orthodhokse Autoqefale e Shqip\u00ebris\u00eb\",\"url\":\"https:\/\/orthodoxalbania.org\/2020\/\",\"logo\":{\"@type\":\"ImageObject\",\"inLanguage\":\"en-US\",\"@id\":\"https:\/\/orthodoxalbania.org\/2020\/#\/schema\/logo\/image\/\",\"url\":\"https:\/\/orthodoxalbania.org\/2020\/wp-content\/uploads\/2020\/05\/albania.jpeg\",\"contentUrl\":\"https:\/\/orthodoxalbania.org\/2020\/wp-content\/uploads\/2020\/05\/albania.jpeg\",\"width\":540,\"height\":540,\"caption\":\"Kisha Orthodhokse Autoqefale e Shqip\u00ebris\u00eb\"},\"image\":{\"@id\":\"https:\/\/orthodoxalbania.org\/2020\/#\/schema\/logo\/image\/\"},\"sameAs\":[\"https:\/\/www.facebook.com\/koash1991\"]},{\"@type\":\"Person\",\"@id\":\"https:\/\/orthodoxalbania.org\/2020\/#\/schema\/person\/0c387634a7063ac612d7ed9ce71c7e86\",\"name\":\"Kisha Orthodhokse\",\"image\":{\"@type\":\"ImageObject\",\"inLanguage\":\"en-US\",\"@id\":\"https:\/\/secure.gravatar.com\/avatar\/596e7c417251e30f2fbb9c00e026fce61a695a00e51c889caded71c96cbbdde5?s=96&d=mm&r=g\",\"url\":\"https:\/\/secure.gravatar.com\/avatar\/596e7c417251e30f2fbb9c00e026fce61a695a00e51c889caded71c96cbbdde5?s=96&d=mm&r=g\",\"contentUrl\":\"https:\/\/secure.gravatar.com\/avatar\/596e7c417251e30f2fbb9c00e026fce61a695a00e51c889caded71c96cbbdde5?s=96&d=mm&r=g\",\"caption\":\"Kisha Orthodhokse\"}}]}<\/script>\n<!-- \/ Yoast SEO plugin. -->","yoast_head_json":{"title":"Filloi me lutje e shpres\u00ebtari Viti i ri Kishtar. (1 Shtator 2012) - Kisha Orthodh\u03bfkse Autoqefale e Shqip\u00ebris\u00eb","robots":{"index":"index","follow":"follow","max-snippet":"max-snippet:-1","max-image-preview":"max-image-preview:large","max-video-preview":"max-video-preview:-1"},"canonical":"https:\/\/orthodoxalbania.org\/2020\/2013\/03\/21\/filloi-me-lutje-e-shpresetari-viti-i-ri-kishtar\/","og_locale":"en_US","og_type":"article","og_title":"Filloi me lutje e shpres\u00ebtari Viti i ri Kishtar. (1 Shtator 2012) - Kisha Orthodh\u03bfkse Autoqefale e Shqip\u00ebris\u00eb","og_description":"&nbsp; &nbsp; Kisha Orthodhokse kremtoi m\u00eb 1 shtator fillimin e Indiktit ose fillimin e Vitit t\u00eb ri Kishtar. Q\u00ebllimi i Vitit Kishtar \u00ebsht\u00eb t\u2019u kujtoj\u00eb besimtar\u00ebve m\u00ebsimin e Ungjillit dhe ngjarjet kryesore t\u00eb historis\u00eb s\u00eb krishter\u00eb n\u00eb rrjedh\u00ebn e koh\u00ebrave. N\u00eb kish\u00ebn katedrale \u201cUngjill\u00ebzimi i Per\u00ebndilind\u00ebses\u201d n\u00eb Tiran\u00eb, ashtu sikurse n\u00eb shum\u00eb kisha te vendit ton\u00eb dhe n\u00eb shum\u00eb vende t\u00eb bot\u00ebs orthodhokse u krye","og_url":"https:\/\/orthodoxalbania.org\/2020\/2013\/03\/21\/filloi-me-lutje-e-shpresetari-viti-i-ri-kishtar\/","og_site_name":"Kisha Orthodh\u03bfkse Autoqefale e Shqip\u00ebris\u00eb","article_publisher":"https:\/\/www.facebook.com\/koash1991","article_published_time":"2013-03-21T12:18:11+00:00","article_modified_time":"2020-04-06T20:05:59+00:00","og_image":[{"url":"https:\/\/lh6.googleusercontent.com\/-xzT0noIHKVg\/UERh1ewIIPI\/AAAAAAAAA-c\/YCxFq1Nywu4\/s448\/CIMG0002.JPG","type":"","width":"","height":""}],"author":"Kisha Orthodhokse","twitter_card":"summary_large_image","twitter_misc":{"Written by":"Kisha Orthodhokse","Est. reading time":"1 minute"},"schema":{"@context":"https:\/\/schema.org","@graph":[{"@type":"Article","@id":"https:\/\/orthodoxalbania.org\/2020\/2013\/03\/21\/filloi-me-lutje-e-shpresetari-viti-i-ri-kishtar\/#article","isPartOf":{"@id":"https:\/\/orthodoxalbania.org\/2020\/2013\/03\/21\/filloi-me-lutje-e-shpresetari-viti-i-ri-kishtar\/"},"author":{"name":"Kisha Orthodhokse","@id":"https:\/\/orthodoxalbania.org\/2020\/#\/schema\/person\/0c387634a7063ac612d7ed9ce71c7e86"},"headline":"Filloi me lutje e shpres\u00ebtari Viti i ri Kishtar. (1 Shtator 2012)","datePublished":"2013-03-21T12:18:11+00:00","dateModified":"2020-04-06T20:05:59+00:00","mainEntityOfPage":{"@id":"https:\/\/orthodoxalbania.org\/2020\/2013\/03\/21\/filloi-me-lutje-e-shpresetari-viti-i-ri-kishtar\/"},"wordCount":216,"commentCount":0,"publisher":{"@id":"https:\/\/orthodoxalbania.org\/2020\/#organization"},"image":{"@id":"https:\/\/orthodoxalbania.org\/2020\/2013\/03\/21\/filloi-me-lutje-e-shpresetari-viti-i-ri-kishtar\/#primaryimage"},"thumbnailUrl":"https:\/\/lh6.googleusercontent.com\/-xzT0noIHKVg\/UERh1ewIIPI\/AAAAAAAAA-c\/YCxFq1Nywu4\/s448\/CIMG0002.JPG","keywords":["2012","Kryepiskopata Tiran\u00eb","lajme"],"articleSection":["Lajme"],"inLanguage":"en-US"},{"@type":"WebPage","@id":"https:\/\/orthodoxalbania.org\/2020\/2013\/03\/21\/filloi-me-lutje-e-shpresetari-viti-i-ri-kishtar\/","url":"https:\/\/orthodoxalbania.org\/2020\/2013\/03\/21\/filloi-me-lutje-e-shpresetari-viti-i-ri-kishtar\/","name":"Filloi me lutje e shpres\u00ebtari Viti i ri Kishtar. (1 Shtator 2012) - Kisha Orthodh\u03bfkse Autoqefale e Shqip\u00ebris\u00eb","isPartOf":{"@id":"https:\/\/orthodoxalbania.org\/2020\/#website"},"primaryImageOfPage":{"@id":"https:\/\/orthodoxalbania.org\/2020\/2013\/03\/21\/filloi-me-lutje-e-shpresetari-viti-i-ri-kishtar\/#primaryimage"},"image":{"@id":"https:\/\/orthodoxalbania.org\/2020\/2013\/03\/21\/filloi-me-lutje-e-shpresetari-viti-i-ri-kishtar\/#primaryimage"},"thumbnailUrl":"https:\/\/lh6.googleusercontent.com\/-xzT0noIHKVg\/UERh1ewIIPI\/AAAAAAAAA-c\/YCxFq1Nywu4\/s448\/CIMG0002.JPG","datePublished":"2013-03-21T12:18:11+00:00","dateModified":"2020-04-06T20:05:59+00:00","breadcrumb":{"@id":"https:\/\/orthodoxalbania.org\/2020\/2013\/03\/21\/filloi-me-lutje-e-shpresetari-viti-i-ri-kishtar\/#breadcrumb"},"inLanguage":"en-US","potentialAction":[{"@type":"ReadAction","target":["https:\/\/orthodoxalbania.org\/2020\/2013\/03\/21\/filloi-me-lutje-e-shpresetari-viti-i-ri-kishtar\/"]}]},{"@type":"ImageObject","inLanguage":"en-US","@id":"https:\/\/orthodoxalbania.org\/2020\/2013\/03\/21\/filloi-me-lutje-e-shpresetari-viti-i-ri-kishtar\/#primaryimage","url":"https:\/\/lh6.googleusercontent.com\/-xzT0noIHKVg\/UERh1ewIIPI\/AAAAAAAAA-c\/YCxFq1Nywu4\/s448\/CIMG0002.JPG","contentUrl":"https:\/\/lh6.googleusercontent.com\/-xzT0noIHKVg\/UERh1ewIIPI\/AAAAAAAAA-c\/YCxFq1Nywu4\/s448\/CIMG0002.JPG"},{"@type":"BreadcrumbList","@id":"https:\/\/orthodoxalbania.org\/2020\/2013\/03\/21\/filloi-me-lutje-e-shpresetari-viti-i-ri-kishtar\/#breadcrumb","itemListElement":[{"@type":"ListItem","position":1,"name":"Home","item":"https:\/\/orthodoxalbania.org\/2020\/"},{"@type":"ListItem","position":2,"name":"Filloi me lutje e shpres\u00ebtari Viti i ri Kishtar. (1 Shtator 2012)"}]},{"@type":"WebSite","@id":"https:\/\/orthodoxalbania.org\/2020\/#website","url":"https:\/\/orthodoxalbania.org\/2020\/","name":"Kisha Orthodh\u03bfkse Autoqefale e Shqip\u00ebris\u00eb","description":"Fqja Zyrtare e Kish\u00ebs Orthodhokse Autoqefale e Shqip\u00ebris\u00eb me lajmet edhe informacionet zyrtare p\u00ebr struktur\u00ebn edhe veprimtarin e saj.","publisher":{"@id":"https:\/\/orthodoxalbania.org\/2020\/#organization"},"potentialAction":[{"@type":"SearchAction","target":{"@type":"EntryPoint","urlTemplate":"https:\/\/orthodoxalbania.org\/2020\/?s={search_term_string}"},"query-input":{"@type":"PropertyValueSpecification","valueRequired":true,"valueName":"search_term_string"}}],"inLanguage":"en-US"},{"@type":"Organization","@id":"https:\/\/orthodoxalbania.org\/2020\/#organization","name":"Kisha Orthodhokse Autoqefale e Shqip\u00ebris\u00eb","url":"https:\/\/orthodoxalbania.org\/2020\/","logo":{"@type":"ImageObject","inLanguage":"en-US","@id":"https:\/\/orthodoxalbania.org\/2020\/#\/schema\/logo\/image\/","url":"https:\/\/orthodoxalbania.org\/2020\/wp-content\/uploads\/2020\/05\/albania.jpeg","contentUrl":"https:\/\/orthodoxalbania.org\/2020\/wp-content\/uploads\/2020\/05\/albania.jpeg","width":540,"height":540,"caption":"Kisha Orthodhokse Autoqefale e Shqip\u00ebris\u00eb"},"image":{"@id":"https:\/\/orthodoxalbania.org\/2020\/#\/schema\/logo\/image\/"},"sameAs":["https:\/\/www.facebook.com\/koash1991"]},{"@type":"Person","@id":"https:\/\/orthodoxalbania.org\/2020\/#\/schema\/person\/0c387634a7063ac612d7ed9ce71c7e86","name":"Kisha Orthodhokse","image":{"@type":"ImageObject","inLanguage":"en-US","@id":"https:\/\/secure.gravatar.com\/avatar\/596e7c417251e30f2fbb9c00e026fce61a695a00e51c889caded71c96cbbdde5?s=96&d=mm&r=g","url":"https:\/\/secure.gravatar.com\/avatar\/596e7c417251e30f2fbb9c00e026fce61a695a00e51c889caded71c96cbbdde5?s=96&d=mm&r=g","contentUrl":"https:\/\/secure.gravatar.com\/avatar\/596e7c417251e30f2fbb9c00e026fce61a695a00e51c889caded71c96cbbdde5?s=96&d=mm&r=g","caption":"Kisha Orthodhokse"}}]}},"_links":{"self":[{"href":"https:\/\/orthodoxalbania.org\/2020\/wp-json\/wp\/v2\/posts\/558","targetHints":{"allow":["GET"]}}],"collection":[{"href":"https:\/\/orthodoxalbania.org\/2020\/wp-json\/wp\/v2\/posts"}],"about":[{"href":"https:\/\/orthodoxalbania.org\/2020\/wp-json\/wp\/v2\/types\/post"}],"author":[{"embeddable":true,"href":"https:\/\/orthodoxalbania.org\/2020\/wp-json\/wp\/v2\/users\/1"}],"replies":[{"embeddable":true,"href":"https:\/\/orthodoxalbania.org\/2020\/wp-json\/wp\/v2\/comments?post=558"}],"version-history":[{"count":1,"href":"https:\/\/orthodoxalbania.org\/2020\/wp-json\/wp\/v2\/posts\/558\/revisions"}],"predecessor-version":[{"id":15297,"href":"https:\/\/orthodoxalbania.org\/2020\/wp-json\/wp\/v2\/posts\/558\/revisions\/15297"}],"wp:attachment":[{"href":"https:\/\/orthodoxalbania.org\/2020\/wp-json\/wp\/v2\/media?parent=558"}],"wp:term":[{"taxonomy":"category","embeddable":true,"href":"https:\/\/orthodoxalbania.org\/2020\/wp-json\/wp\/v2\/categories?post=558"},{"taxonomy":"post_tag","embeddable":true,"href":"https:\/\/orthodoxalbania.org\/2020\/wp-json\/wp\/v2\/tags?post=558"}],"curies":[{"name":"wp","href":"https:\/\/api.w.org\/{rel}","templated":true}]}}