{"id":5575,"date":"2017-10-02T08:03:29","date_gmt":"2017-10-02T08:03:29","guid":{"rendered":""},"modified":"2020-04-06T21:58:17","modified_gmt":"2020-04-06T19:58:17","slug":"botohet-ne-italisht-libri-i-kryepiskopit-anastas-te-jetojme-se-bashku","status":"publish","type":"post","link":"https:\/\/orthodoxalbania.org\/2020\/2017\/10\/02\/botohet-ne-italisht-libri-i-kryepiskopit-anastas-te-jetojme-se-bashku\/","title":{"rendered":"Botohet n\u00eb italisht libri i Kryepiskopit Anastas \u201cT\u00eb jetojm\u00eb s\u00eb bashku\u201d"},"content":{"rendered":"<p style=\"text-align: justify;\">\n\t&nbsp;<\/p>\n<p> <\/p>\n<p>\n\t&nbsp;<\/p>\n<p style=\"text-align: justify;\">\n\t<span style=\"font-size: 12pt; font-family: helvetica; color: #000000;\">Kryepiskopi Anastas dallohet p\u00ebr studimet dhe librat e shumt\u00eb t\u00eb botuar n\u00eb mjaft gjuh\u00eb t\u00eb bot\u00ebs. M\u00eb i fundit, \u00ebsht\u00eb nj\u00eb botim i Manastirit t\u00eb Bozes\u00eb n\u00eb Itali, qend\u00ebr takimesh nd\u00ebrfetare, ku dialogu me orthodhoksin\u00eb z\u00eb vend qendror.<\/span><\/p>\n<p style=\"text-align: justify;\">\n\t<span style=\"font-size: 12pt; font-family: helvetica; color: #000000;\">Titulli i librit, q\u00eb z\u00eb nj\u00eb vend t\u00eb konsideruesh\u00ebm n\u00eb faqen e internetit t\u00eb Manastirit, \u00ebsht\u00eb \u201cVivere insieme\u201d (\u201cT\u00eb jetojm\u00eb s\u00eb bashku\u201d &#8211; Kontributi i religjioneve dhe nj\u00eb etik\u00eb e bashk\u00ebjetes\u00ebs).<\/span><\/p>\n<p style=\"text-align: justify;\">\n\t<span style=\"font-size: 12pt; font-family: helvetica; color: #000000;\">Cili \u00ebsht\u00eb kontributi i religjioneve n\u00eb drejtim t\u00eb humanizmit? Kryepiskopi Anastas ofron disa reflektime mbi k\u00ebt\u00eb tem\u00eb e cila, n\u00eb koherenc\u00eb me tradit\u00ebn e Kish\u00ebs, k\u00ebrkon t\u00eb nxjerr\u00eb n\u00eb pah veprimet e fshehta t\u00eb Krishtit dhe t\u00eb Shpirtit t\u00eb Shenjt\u00eb n\u00eb elementet pozitive t\u00eb gjitha k\u00ebrkimeve njer\u00ebzore. Libri \u201cjep instrumente p\u00ebr t\u00eb akorduar s\u00eb bashku dialogun dhe d\u00ebshmin\u00eb dhe na kujton se jemi t\u00eb thirrur n\u00eb ushtrimin e d\u00ebgjimit t\u00eb kujdessh\u00ebm t\u00eb hapave t\u00eb Per\u00ebndis\u00eb&#8230;, q\u00eb t\u00eb quajm\u00eb g\u00ebzim dhe arritje p\u00ebrballjen v\u00ebllaz\u00ebrore dhe s\u00eb fundi, ta b\u00ebjm\u00eb t\u00eb gjith\u00eb k\u00ebt\u00eb sipas m\u00ebnyr\u00ebs s\u00eb Krishtit t\u00eb varf\u00ebr dhe plot m\u00ebshir\u00eb\u201d (Nga parath\u00ebnia e Athanasios N. Papathanasiu).<\/span><\/p>\n<p style=\"text-align: justify;\">\n\t<span style=\"font-size: 12pt; font-family: helvetica; color: #000000;\">N\u00eb lib\u00ebr theksohet nevoja e njeriut p\u00ebr t\u00eb komunikuar, nevoja e tij jet\u00ebsore p\u00ebr t\u00eb pasur kontakte me t\u00eb tjer\u00ebt. Por ama qeniet njer\u00ebzore duhet t\u00eb k\u00ebrkojn\u00eb nj\u00eb bashk\u00ebjetes\u00eb harmonike, e cila nuk zhduk ve\u00e7antin\u00eb kulturore t\u00eb popujve, duke sheshuar \u00e7do dallim mes tyre, por q\u00eb di si t\u2019i jap\u00eb vler\u00eb n\u00eb m\u00ebnyr\u00eb krijuese an\u00ebve m\u00eb t\u00eb mira t\u00eb individ\u00ebve e popujve. Padrejt\u00ebsit\u00eb, korrupsioni dhe varf\u00ebria nuk kan\u00eb reshtur s\u00eb shkat\u00ebrruari bashk\u00ebjetes\u00ebn njer\u00ebzore dhe mbi k\u00ebto problem besimet e m\u00ebdha fetare, q\u00eb kan\u00eb ndikuar kulturat e popujve, kan\u00eb kontribuuar p\u00ebr t\u2019u dh\u00ebne parimet dhe sugjeruar rrug\u00ebt q\u00eb duhet t\u00eb ndjekin.<\/span><\/p>\n<p style=\"text-align: justify;\">\n\t&nbsp;<\/p>\n<p style=\"text-align: center;\">\n\t<img class=\"lazyload\" decoding=\"async\" height=\"629\" src=\"data:image\/svg+xml,%3Csvg%20xmlns%3D%27http%3A%2F%2Fwww.w3.org%2F2000%2Fsvg%27%20width%3D%27450%27%20height%3D%27629%27%20viewBox%3D%270%200%20450%20629%27%3E%3Crect%20width%3D%27450%27%20height%3D%27629%27%20fill-opacity%3D%220%22%2F%3E%3C%2Fsvg%3E\" data-orig-src=\"https:\/\/orthodoxalbania.org\/2020\/wp-content\/uploads\/2020\/04\/Libriiri.jpg\" style=\"display: block; margin: 10px auto; border: 1px solid #000000;\" width=\"450\" \/><\/p>\n","protected":false},"excerpt":{"rendered":"<p>&nbsp; &nbsp; Kryepiskopi Anastas dallohet p\u00ebr studimet dhe librat e shumt\u00eb t\u00eb botuar n\u00eb mjaft gjuh\u00eb t\u00eb bot\u00ebs. M\u00eb i fundit, \u00ebsht\u00eb nj\u00eb botim i Manastirit t\u00eb Bozes\u00eb n\u00eb Itali, qend\u00ebr takimesh nd\u00ebrfetare, ku dialogu me orthodhoksin\u00eb z\u00eb vend qendror. Titulli i librit, q\u00eb z\u00eb nj\u00eb vend t\u00eb konsideruesh\u00ebm n\u00eb faqen e internetit t\u00eb Manastirit, \u00ebsht\u00eb \u201cVivere insieme\u201d (\u201cT\u00eb jetojm\u00eb s\u00eb bashku\u201d &#8211; Kontributi i<\/p>\n","protected":false},"author":1,"featured_media":5576,"comment_status":"open","ping_status":"open","sticky":false,"template":"","format":"standard","meta":{"_acf_changed":false,"pagelayer_contact_templates":[],"_pagelayer_content":"","inline_featured_image":false,"fifu_image_url":"","fifu_image_alt":"","footnotes":""},"categories":[108],"tags":[209,196,201,212,607],"class_list":["post-5575","post","type-post","status-publish","format-standard","has-post-thumbnail","hentry","category-lajme","tag-209","tag-tirane","tag-kryepiskopi-anastas","tag-lajme-d27","tag-promovimepublikime"],"acf":[],"yoast_head":"<!-- This site is optimized with the Yoast SEO plugin v27.2 - https:\/\/yoast.com\/product\/yoast-seo-wordpress\/ -->\n<title>Botohet n\u00eb italisht libri i Kryepiskopit Anastas \u201cT\u00eb jetojm\u00eb s\u00eb bashku\u201d - Kisha Orthodh\u03bfkse Autoqefale e Shqip\u00ebris\u00eb<\/title>\n<meta name=\"robots\" content=\"index, follow, max-snippet:-1, max-image-preview:large, max-video-preview:-1\" \/>\n<link rel=\"canonical\" href=\"https:\/\/orthodoxalbania.org\/2020\/2017\/10\/02\/botohet-ne-italisht-libri-i-kryepiskopit-anastas-te-jetojme-se-bashku\/\" \/>\n<meta property=\"og:locale\" content=\"en_US\" \/>\n<meta property=\"og:type\" content=\"article\" \/>\n<meta property=\"og:title\" content=\"Botohet n\u00eb italisht libri i Kryepiskopit Anastas \u201cT\u00eb jetojm\u00eb s\u00eb bashku\u201d - Kisha Orthodh\u03bfkse Autoqefale e Shqip\u00ebris\u00eb\" \/>\n<meta property=\"og:description\" content=\"&nbsp; &nbsp; Kryepiskopi Anastas dallohet p\u00ebr studimet dhe librat e shumt\u00eb t\u00eb botuar n\u00eb mjaft gjuh\u00eb t\u00eb bot\u00ebs. M\u00eb i fundit, \u00ebsht\u00eb nj\u00eb botim i Manastirit t\u00eb Bozes\u00eb n\u00eb Itali, qend\u00ebr takimesh nd\u00ebrfetare, ku dialogu me orthodhoksin\u00eb z\u00eb vend qendror. Titulli i librit, q\u00eb z\u00eb nj\u00eb vend t\u00eb konsideruesh\u00ebm n\u00eb faqen e internetit t\u00eb Manastirit, \u00ebsht\u00eb \u201cVivere insieme\u201d (\u201cT\u00eb jetojm\u00eb s\u00eb bashku\u201d &#8211; Kontributi i\" \/>\n<meta property=\"og:url\" content=\"https:\/\/orthodoxalbania.org\/2020\/2017\/10\/02\/botohet-ne-italisht-libri-i-kryepiskopit-anastas-te-jetojme-se-bashku\/\" \/>\n<meta property=\"og:site_name\" content=\"Kisha Orthodh\u03bfkse Autoqefale e Shqip\u00ebris\u00eb\" \/>\n<meta property=\"article:publisher\" content=\"https:\/\/www.facebook.com\/koash1991\" \/>\n<meta property=\"article:published_time\" content=\"2017-10-02T08:03:29+00:00\" \/>\n<meta property=\"article:modified_time\" content=\"2020-04-06T19:58:17+00:00\" \/>\n<meta property=\"og:image\" content=\"https:\/\/orthodoxalbania.org\/2020\/wp-content\/uploads\/2020\/04\/Libriiri.jpg\" \/>\n\t<meta property=\"og:image:width\" content=\"1535\" \/>\n\t<meta property=\"og:image:height\" content=\"2147\" \/>\n\t<meta property=\"og:image:type\" content=\"image\/jpeg\" \/>\n<meta name=\"author\" content=\"Kisha Orthodhokse\" \/>\n<meta name=\"twitter:card\" content=\"summary_large_image\" \/>\n<meta name=\"twitter:label1\" content=\"Written by\" \/>\n\t<meta name=\"twitter:data1\" content=\"Kisha Orthodhokse\" \/>\n\t<meta name=\"twitter:label2\" content=\"Est. reading time\" \/>\n\t<meta name=\"twitter:data2\" content=\"2 minutes\" \/>\n<script type=\"application\/ld+json\" class=\"yoast-schema-graph\">{\"@context\":\"https:\/\/schema.org\",\"@graph\":[{\"@type\":\"Article\",\"@id\":\"https:\/\/orthodoxalbania.org\/2020\/2017\/10\/02\/botohet-ne-italisht-libri-i-kryepiskopit-anastas-te-jetojme-se-bashku\/#article\",\"isPartOf\":{\"@id\":\"https:\/\/orthodoxalbania.org\/2020\/2017\/10\/02\/botohet-ne-italisht-libri-i-kryepiskopit-anastas-te-jetojme-se-bashku\/\"},\"author\":{\"name\":\"Kisha Orthodhokse\",\"@id\":\"https:\/\/orthodoxalbania.org\/2020\/#\/schema\/person\/0c387634a7063ac612d7ed9ce71c7e86\"},\"headline\":\"Botohet n\u00eb italisht libri i Kryepiskopit Anastas \u201cT\u00eb jetojm\u00eb s\u00eb bashku\u201d\",\"datePublished\":\"2017-10-02T08:03:29+00:00\",\"dateModified\":\"2020-04-06T19:58:17+00:00\",\"mainEntityOfPage\":{\"@id\":\"https:\/\/orthodoxalbania.org\/2020\/2017\/10\/02\/botohet-ne-italisht-libri-i-kryepiskopit-anastas-te-jetojme-se-bashku\/\"},\"wordCount\":343,\"commentCount\":0,\"publisher\":{\"@id\":\"https:\/\/orthodoxalbania.org\/2020\/#organization\"},\"image\":{\"@id\":\"https:\/\/orthodoxalbania.org\/2020\/2017\/10\/02\/botohet-ne-italisht-libri-i-kryepiskopit-anastas-te-jetojme-se-bashku\/#primaryimage\"},\"thumbnailUrl\":\"https:\/\/orthodoxalbania.org\/2020\/wp-content\/uploads\/2020\/04\/Libriiri.jpg\",\"keywords\":[\"2017\",\"Kryepiskopata Tiran\u00eb\",\"Kryepiskopi Anastas\",\"lajme\",\"PromovimePublikime\"],\"articleSection\":[\"Lajme\"],\"inLanguage\":\"en-US\"},{\"@type\":\"WebPage\",\"@id\":\"https:\/\/orthodoxalbania.org\/2020\/2017\/10\/02\/botohet-ne-italisht-libri-i-kryepiskopit-anastas-te-jetojme-se-bashku\/\",\"url\":\"https:\/\/orthodoxalbania.org\/2020\/2017\/10\/02\/botohet-ne-italisht-libri-i-kryepiskopit-anastas-te-jetojme-se-bashku\/\",\"name\":\"Botohet n\u00eb italisht libri i Kryepiskopit Anastas \u201cT\u00eb jetojm\u00eb s\u00eb bashku\u201d - Kisha Orthodh\u03bfkse Autoqefale e Shqip\u00ebris\u00eb\",\"isPartOf\":{\"@id\":\"https:\/\/orthodoxalbania.org\/2020\/#website\"},\"primaryImageOfPage\":{\"@id\":\"https:\/\/orthodoxalbania.org\/2020\/2017\/10\/02\/botohet-ne-italisht-libri-i-kryepiskopit-anastas-te-jetojme-se-bashku\/#primaryimage\"},\"image\":{\"@id\":\"https:\/\/orthodoxalbania.org\/2020\/2017\/10\/02\/botohet-ne-italisht-libri-i-kryepiskopit-anastas-te-jetojme-se-bashku\/#primaryimage\"},\"thumbnailUrl\":\"https:\/\/orthodoxalbania.org\/2020\/wp-content\/uploads\/2020\/04\/Libriiri.jpg\",\"datePublished\":\"2017-10-02T08:03:29+00:00\",\"dateModified\":\"2020-04-06T19:58:17+00:00\",\"breadcrumb\":{\"@id\":\"https:\/\/orthodoxalbania.org\/2020\/2017\/10\/02\/botohet-ne-italisht-libri-i-kryepiskopit-anastas-te-jetojme-se-bashku\/#breadcrumb\"},\"inLanguage\":\"en-US\",\"potentialAction\":[{\"@type\":\"ReadAction\",\"target\":[\"https:\/\/orthodoxalbania.org\/2020\/2017\/10\/02\/botohet-ne-italisht-libri-i-kryepiskopit-anastas-te-jetojme-se-bashku\/\"]}]},{\"@type\":\"ImageObject\",\"inLanguage\":\"en-US\",\"@id\":\"https:\/\/orthodoxalbania.org\/2020\/2017\/10\/02\/botohet-ne-italisht-libri-i-kryepiskopit-anastas-te-jetojme-se-bashku\/#primaryimage\",\"url\":\"https:\/\/orthodoxalbania.org\/2020\/wp-content\/uploads\/2020\/04\/Libriiri.jpg\",\"contentUrl\":\"https:\/\/orthodoxalbania.org\/2020\/wp-content\/uploads\/2020\/04\/Libriiri.jpg\",\"width\":1535,\"height\":2147},{\"@type\":\"BreadcrumbList\",\"@id\":\"https:\/\/orthodoxalbania.org\/2020\/2017\/10\/02\/botohet-ne-italisht-libri-i-kryepiskopit-anastas-te-jetojme-se-bashku\/#breadcrumb\",\"itemListElement\":[{\"@type\":\"ListItem\",\"position\":1,\"name\":\"Home\",\"item\":\"https:\/\/orthodoxalbania.org\/2020\/\"},{\"@type\":\"ListItem\",\"position\":2,\"name\":\"Botohet n\u00eb italisht libri i Kryepiskopit Anastas \u201cT\u00eb jetojm\u00eb s\u00eb bashku\u201d\"}]},{\"@type\":\"WebSite\",\"@id\":\"https:\/\/orthodoxalbania.org\/2020\/#website\",\"url\":\"https:\/\/orthodoxalbania.org\/2020\/\",\"name\":\"Kisha Orthodh\u03bfkse Autoqefale e Shqip\u00ebris\u00eb\",\"description\":\"Fqja Zyrtare e Kish\u00ebs Orthodhokse Autoqefale e Shqip\u00ebris\u00eb me lajmet edhe informacionet zyrtare p\u00ebr struktur\u00ebn edhe veprimtarin e saj.\",\"publisher\":{\"@id\":\"https:\/\/orthodoxalbania.org\/2020\/#organization\"},\"potentialAction\":[{\"@type\":\"SearchAction\",\"target\":{\"@type\":\"EntryPoint\",\"urlTemplate\":\"https:\/\/orthodoxalbania.org\/2020\/?s={search_term_string}\"},\"query-input\":{\"@type\":\"PropertyValueSpecification\",\"valueRequired\":true,\"valueName\":\"search_term_string\"}}],\"inLanguage\":\"en-US\"},{\"@type\":\"Organization\",\"@id\":\"https:\/\/orthodoxalbania.org\/2020\/#organization\",\"name\":\"Kisha Orthodhokse Autoqefale e Shqip\u00ebris\u00eb\",\"url\":\"https:\/\/orthodoxalbania.org\/2020\/\",\"logo\":{\"@type\":\"ImageObject\",\"inLanguage\":\"en-US\",\"@id\":\"https:\/\/orthodoxalbania.org\/2020\/#\/schema\/logo\/image\/\",\"url\":\"https:\/\/orthodoxalbania.org\/2020\/wp-content\/uploads\/2020\/05\/albania.jpeg\",\"contentUrl\":\"https:\/\/orthodoxalbania.org\/2020\/wp-content\/uploads\/2020\/05\/albania.jpeg\",\"width\":540,\"height\":540,\"caption\":\"Kisha Orthodhokse Autoqefale e Shqip\u00ebris\u00eb\"},\"image\":{\"@id\":\"https:\/\/orthodoxalbania.org\/2020\/#\/schema\/logo\/image\/\"},\"sameAs\":[\"https:\/\/www.facebook.com\/koash1991\"]},{\"@type\":\"Person\",\"@id\":\"https:\/\/orthodoxalbania.org\/2020\/#\/schema\/person\/0c387634a7063ac612d7ed9ce71c7e86\",\"name\":\"Kisha Orthodhokse\",\"image\":{\"@type\":\"ImageObject\",\"inLanguage\":\"en-US\",\"@id\":\"https:\/\/secure.gravatar.com\/avatar\/596e7c417251e30f2fbb9c00e026fce61a695a00e51c889caded71c96cbbdde5?s=96&d=mm&r=g\",\"url\":\"https:\/\/secure.gravatar.com\/avatar\/596e7c417251e30f2fbb9c00e026fce61a695a00e51c889caded71c96cbbdde5?s=96&d=mm&r=g\",\"contentUrl\":\"https:\/\/secure.gravatar.com\/avatar\/596e7c417251e30f2fbb9c00e026fce61a695a00e51c889caded71c96cbbdde5?s=96&d=mm&r=g\",\"caption\":\"Kisha Orthodhokse\"}}]}<\/script>\n<!-- \/ Yoast SEO plugin. -->","yoast_head_json":{"title":"Botohet n\u00eb italisht libri i Kryepiskopit Anastas \u201cT\u00eb jetojm\u00eb s\u00eb bashku\u201d - Kisha Orthodh\u03bfkse Autoqefale e Shqip\u00ebris\u00eb","robots":{"index":"index","follow":"follow","max-snippet":"max-snippet:-1","max-image-preview":"max-image-preview:large","max-video-preview":"max-video-preview:-1"},"canonical":"https:\/\/orthodoxalbania.org\/2020\/2017\/10\/02\/botohet-ne-italisht-libri-i-kryepiskopit-anastas-te-jetojme-se-bashku\/","og_locale":"en_US","og_type":"article","og_title":"Botohet n\u00eb italisht libri i Kryepiskopit Anastas \u201cT\u00eb jetojm\u00eb s\u00eb bashku\u201d - Kisha Orthodh\u03bfkse Autoqefale e Shqip\u00ebris\u00eb","og_description":"&nbsp; &nbsp; Kryepiskopi Anastas dallohet p\u00ebr studimet dhe librat e shumt\u00eb t\u00eb botuar n\u00eb mjaft gjuh\u00eb t\u00eb bot\u00ebs. M\u00eb i fundit, \u00ebsht\u00eb nj\u00eb botim i Manastirit t\u00eb Bozes\u00eb n\u00eb Itali, qend\u00ebr takimesh nd\u00ebrfetare, ku dialogu me orthodhoksin\u00eb z\u00eb vend qendror. Titulli i librit, q\u00eb z\u00eb nj\u00eb vend t\u00eb konsideruesh\u00ebm n\u00eb faqen e internetit t\u00eb Manastirit, \u00ebsht\u00eb \u201cVivere insieme\u201d (\u201cT\u00eb jetojm\u00eb s\u00eb bashku\u201d &#8211; Kontributi i","og_url":"https:\/\/orthodoxalbania.org\/2020\/2017\/10\/02\/botohet-ne-italisht-libri-i-kryepiskopit-anastas-te-jetojme-se-bashku\/","og_site_name":"Kisha Orthodh\u03bfkse Autoqefale e Shqip\u00ebris\u00eb","article_publisher":"https:\/\/www.facebook.com\/koash1991","article_published_time":"2017-10-02T08:03:29+00:00","article_modified_time":"2020-04-06T19:58:17+00:00","og_image":[{"width":1535,"height":2147,"url":"https:\/\/orthodoxalbania.org\/2020\/wp-content\/uploads\/2020\/04\/Libriiri.jpg","type":"image\/jpeg"}],"author":"Kisha Orthodhokse","twitter_card":"summary_large_image","twitter_misc":{"Written by":"Kisha Orthodhokse","Est. reading time":"2 minutes"},"schema":{"@context":"https:\/\/schema.org","@graph":[{"@type":"Article","@id":"https:\/\/orthodoxalbania.org\/2020\/2017\/10\/02\/botohet-ne-italisht-libri-i-kryepiskopit-anastas-te-jetojme-se-bashku\/#article","isPartOf":{"@id":"https:\/\/orthodoxalbania.org\/2020\/2017\/10\/02\/botohet-ne-italisht-libri-i-kryepiskopit-anastas-te-jetojme-se-bashku\/"},"author":{"name":"Kisha Orthodhokse","@id":"https:\/\/orthodoxalbania.org\/2020\/#\/schema\/person\/0c387634a7063ac612d7ed9ce71c7e86"},"headline":"Botohet n\u00eb italisht libri i Kryepiskopit Anastas \u201cT\u00eb jetojm\u00eb s\u00eb bashku\u201d","datePublished":"2017-10-02T08:03:29+00:00","dateModified":"2020-04-06T19:58:17+00:00","mainEntityOfPage":{"@id":"https:\/\/orthodoxalbania.org\/2020\/2017\/10\/02\/botohet-ne-italisht-libri-i-kryepiskopit-anastas-te-jetojme-se-bashku\/"},"wordCount":343,"commentCount":0,"publisher":{"@id":"https:\/\/orthodoxalbania.org\/2020\/#organization"},"image":{"@id":"https:\/\/orthodoxalbania.org\/2020\/2017\/10\/02\/botohet-ne-italisht-libri-i-kryepiskopit-anastas-te-jetojme-se-bashku\/#primaryimage"},"thumbnailUrl":"https:\/\/orthodoxalbania.org\/2020\/wp-content\/uploads\/2020\/04\/Libriiri.jpg","keywords":["2017","Kryepiskopata Tiran\u00eb","Kryepiskopi Anastas","lajme","PromovimePublikime"],"articleSection":["Lajme"],"inLanguage":"en-US"},{"@type":"WebPage","@id":"https:\/\/orthodoxalbania.org\/2020\/2017\/10\/02\/botohet-ne-italisht-libri-i-kryepiskopit-anastas-te-jetojme-se-bashku\/","url":"https:\/\/orthodoxalbania.org\/2020\/2017\/10\/02\/botohet-ne-italisht-libri-i-kryepiskopit-anastas-te-jetojme-se-bashku\/","name":"Botohet n\u00eb italisht libri i Kryepiskopit Anastas \u201cT\u00eb jetojm\u00eb s\u00eb bashku\u201d - Kisha Orthodh\u03bfkse Autoqefale e Shqip\u00ebris\u00eb","isPartOf":{"@id":"https:\/\/orthodoxalbania.org\/2020\/#website"},"primaryImageOfPage":{"@id":"https:\/\/orthodoxalbania.org\/2020\/2017\/10\/02\/botohet-ne-italisht-libri-i-kryepiskopit-anastas-te-jetojme-se-bashku\/#primaryimage"},"image":{"@id":"https:\/\/orthodoxalbania.org\/2020\/2017\/10\/02\/botohet-ne-italisht-libri-i-kryepiskopit-anastas-te-jetojme-se-bashku\/#primaryimage"},"thumbnailUrl":"https:\/\/orthodoxalbania.org\/2020\/wp-content\/uploads\/2020\/04\/Libriiri.jpg","datePublished":"2017-10-02T08:03:29+00:00","dateModified":"2020-04-06T19:58:17+00:00","breadcrumb":{"@id":"https:\/\/orthodoxalbania.org\/2020\/2017\/10\/02\/botohet-ne-italisht-libri-i-kryepiskopit-anastas-te-jetojme-se-bashku\/#breadcrumb"},"inLanguage":"en-US","potentialAction":[{"@type":"ReadAction","target":["https:\/\/orthodoxalbania.org\/2020\/2017\/10\/02\/botohet-ne-italisht-libri-i-kryepiskopit-anastas-te-jetojme-se-bashku\/"]}]},{"@type":"ImageObject","inLanguage":"en-US","@id":"https:\/\/orthodoxalbania.org\/2020\/2017\/10\/02\/botohet-ne-italisht-libri-i-kryepiskopit-anastas-te-jetojme-se-bashku\/#primaryimage","url":"https:\/\/orthodoxalbania.org\/2020\/wp-content\/uploads\/2020\/04\/Libriiri.jpg","contentUrl":"https:\/\/orthodoxalbania.org\/2020\/wp-content\/uploads\/2020\/04\/Libriiri.jpg","width":1535,"height":2147},{"@type":"BreadcrumbList","@id":"https:\/\/orthodoxalbania.org\/2020\/2017\/10\/02\/botohet-ne-italisht-libri-i-kryepiskopit-anastas-te-jetojme-se-bashku\/#breadcrumb","itemListElement":[{"@type":"ListItem","position":1,"name":"Home","item":"https:\/\/orthodoxalbania.org\/2020\/"},{"@type":"ListItem","position":2,"name":"Botohet n\u00eb italisht libri i Kryepiskopit Anastas \u201cT\u00eb jetojm\u00eb s\u00eb bashku\u201d"}]},{"@type":"WebSite","@id":"https:\/\/orthodoxalbania.org\/2020\/#website","url":"https:\/\/orthodoxalbania.org\/2020\/","name":"Kisha Orthodh\u03bfkse Autoqefale e Shqip\u00ebris\u00eb","description":"Fqja Zyrtare e Kish\u00ebs Orthodhokse Autoqefale e Shqip\u00ebris\u00eb me lajmet edhe informacionet zyrtare p\u00ebr struktur\u00ebn edhe veprimtarin e saj.","publisher":{"@id":"https:\/\/orthodoxalbania.org\/2020\/#organization"},"potentialAction":[{"@type":"SearchAction","target":{"@type":"EntryPoint","urlTemplate":"https:\/\/orthodoxalbania.org\/2020\/?s={search_term_string}"},"query-input":{"@type":"PropertyValueSpecification","valueRequired":true,"valueName":"search_term_string"}}],"inLanguage":"en-US"},{"@type":"Organization","@id":"https:\/\/orthodoxalbania.org\/2020\/#organization","name":"Kisha Orthodhokse Autoqefale e Shqip\u00ebris\u00eb","url":"https:\/\/orthodoxalbania.org\/2020\/","logo":{"@type":"ImageObject","inLanguage":"en-US","@id":"https:\/\/orthodoxalbania.org\/2020\/#\/schema\/logo\/image\/","url":"https:\/\/orthodoxalbania.org\/2020\/wp-content\/uploads\/2020\/05\/albania.jpeg","contentUrl":"https:\/\/orthodoxalbania.org\/2020\/wp-content\/uploads\/2020\/05\/albania.jpeg","width":540,"height":540,"caption":"Kisha Orthodhokse Autoqefale e Shqip\u00ebris\u00eb"},"image":{"@id":"https:\/\/orthodoxalbania.org\/2020\/#\/schema\/logo\/image\/"},"sameAs":["https:\/\/www.facebook.com\/koash1991"]},{"@type":"Person","@id":"https:\/\/orthodoxalbania.org\/2020\/#\/schema\/person\/0c387634a7063ac612d7ed9ce71c7e86","name":"Kisha Orthodhokse","image":{"@type":"ImageObject","inLanguage":"en-US","@id":"https:\/\/secure.gravatar.com\/avatar\/596e7c417251e30f2fbb9c00e026fce61a695a00e51c889caded71c96cbbdde5?s=96&d=mm&r=g","url":"https:\/\/secure.gravatar.com\/avatar\/596e7c417251e30f2fbb9c00e026fce61a695a00e51c889caded71c96cbbdde5?s=96&d=mm&r=g","contentUrl":"https:\/\/secure.gravatar.com\/avatar\/596e7c417251e30f2fbb9c00e026fce61a695a00e51c889caded71c96cbbdde5?s=96&d=mm&r=g","caption":"Kisha Orthodhokse"}}]}},"_links":{"self":[{"href":"https:\/\/orthodoxalbania.org\/2020\/wp-json\/wp\/v2\/posts\/5575","targetHints":{"allow":["GET"]}}],"collection":[{"href":"https:\/\/orthodoxalbania.org\/2020\/wp-json\/wp\/v2\/posts"}],"about":[{"href":"https:\/\/orthodoxalbania.org\/2020\/wp-json\/wp\/v2\/types\/post"}],"author":[{"embeddable":true,"href":"https:\/\/orthodoxalbania.org\/2020\/wp-json\/wp\/v2\/users\/1"}],"replies":[{"embeddable":true,"href":"https:\/\/orthodoxalbania.org\/2020\/wp-json\/wp\/v2\/comments?post=5575"}],"version-history":[{"count":1,"href":"https:\/\/orthodoxalbania.org\/2020\/wp-json\/wp\/v2\/posts\/5575\/revisions"}],"predecessor-version":[{"id":14828,"href":"https:\/\/orthodoxalbania.org\/2020\/wp-json\/wp\/v2\/posts\/5575\/revisions\/14828"}],"wp:featuredmedia":[{"embeddable":true,"href":"https:\/\/orthodoxalbania.org\/2020\/wp-json\/wp\/v2\/media\/5576"}],"wp:attachment":[{"href":"https:\/\/orthodoxalbania.org\/2020\/wp-json\/wp\/v2\/media?parent=5575"}],"wp:term":[{"taxonomy":"category","embeddable":true,"href":"https:\/\/orthodoxalbania.org\/2020\/wp-json\/wp\/v2\/categories?post=5575"},{"taxonomy":"post_tag","embeddable":true,"href":"https:\/\/orthodoxalbania.org\/2020\/wp-json\/wp\/v2\/tags?post=5575"}],"curies":[{"name":"wp","href":"https:\/\/api.w.org\/{rel}","templated":true}]}}