{"id":557,"date":"2006-02-26T00:00:00","date_gmt":"2006-02-26T00:00:00","guid":{"rendered":""},"modified":"2020-04-06T22:36:01","modified_gmt":"2020-04-06T20:36:01","slug":"filloi-kampi-ditor-i-femijeve-ne-kosove-qershor-06","status":"publish","type":"post","link":"https:\/\/orthodoxalbania.org\/2020\/2006\/02\/26\/filloi-kampi-ditor-i-femijeve-ne-kosove-qershor-06\/","title":{"rendered":"Filloi kampi ditor i f\u00ebmij\u00ebve n\u00eb Kosov\u00eb. (Qershor 2006)"},"content":{"rendered":"<div style=\"text-align: justify;\"><span style=\"color: #000000; font-family: helvetica;\"><span style=\"font-size: 12px;\"><img decoding=\"async\" class=\"lazyload HAa Eha\" style=\"height: 200px; width: 300px; border-width: 1px; border-style: solid; margin: 10px; float: left;\" alt=\"\" src=\"data:image\/gif;base64,R0lGODlhAQABAAAAACH5BAEKAAEALAAAAAABAAEAAAICTAEAOw==\" data-orig-src=\"https:\/\/lh3.googleusercontent.com\/-PRTmLFaBabQ\/VIbutLaPu6I\/AAAAAAAAFf4\/67zyFAIf5R0\/w350-h233-no\/text1.jpg\" \/><span style=\"font-size: 12pt;\">&nbsp;&nbsp;&nbsp; U b\u00ebn\u00eb pothuajse 5 vjet radhazi q\u00eb n\u00eb muajt qershor-korrik Kisha jon\u00eb Orthodhokse, me kontributin e misionarit nga Amerika Nathan Hope dhe me bashk\u00ebpunimin e Zyr\u00ebs s\u00eb F\u00ebmij\u00ebve, si dhe t\u00eb nj\u00eb grupi student\u00ebsh orthodhoks\u00eb nga Shqip\u00ebria kan\u00eb zhvilluar disa kampe ditore p\u00ebr f\u00ebmij\u00ebt kosovar\u00eb. K\u00ebto kampe jan\u00eb zhvilluar n\u00eb periferi dhe n\u00eb disa fshatra t\u00eb Malishev\u00ebs. Edhe k\u00ebt\u00eb vit, me dat\u00eb 23 qershor nisi n\u00eb Kosov\u00eb kampi p\u00ebr f\u00ebmij\u00ebt e moshave 6-15 vje\u00e7are. Kampi i par\u00eb nisi n\u00eb shkoll\u00ebn fillore \u201cIbrahim Mazreku\u201d. Kjo ishte hera e par\u00eb q\u00eb zhvillohet nj\u00eb kamp n\u00eb k\u00ebt\u00eb shkoll\u00eb, pasi kampe t\u00eb tilla ishin kryer vet\u00ebm n\u00ebp\u00ebr shkolla n\u00eb periferi t\u00eb Malishev\u00ebs, por me k\u00ebrkes\u00ebn dhe me ftes\u00ebn para nj\u00eb viti t\u00eb drejtuesve t\u00eb shkoll\u00ebs, q\u00eb t\u00eb realizohej nj\u00eb kamp i till\u00eb edhe p\u00ebr shkoll\u00ebn e qytetit t\u00eb Malishev\u00ebs, organizuesit e k\u00ebtij aktiviteti nuk hezituan p\u00ebr ta p\u00ebrmbushur k\u00ebt\u00eb ftes\u00eb t\u00eb b\u00ebr\u00eb nga ata.<\/span><br \/><span style=\"font-size: 12pt;\"> &nbsp;<\/span><\/span><\/span><\/div>\n<div style=\"text-align: justify;\"><span style=\"color: #000000; font-family: helvetica; font-size: 12pt;\"><img decoding=\"async\" class=\"lazyload HAa Eha\" style=\"border-width: 1px; border-style: solid; margin: 10px; float: right;\" alt=\"\" src=\"data:image\/svg+xml,%3Csvg%20xmlns%3D%27http%3A%2F%2Fwww.w3.org%2F2000%2Fsvg%27%20width%3D%27253%27%20height%3D%27378%27%20viewBox%3D%270%200%20253%20378%27%3E%3Crect%20width%3D%27253%27%20height%3D%27378%27%20fill-opacity%3D%220%22%2F%3E%3C%2Fsvg%3E\" data-orig-src=\"https:\/\/lh3.googleusercontent.com\/-rXWehA1x_Ts\/VIbut7HrLqI\/AAAAAAAAFgI\/C1N6Lh6lTnM\/w350-h526-no\/text3.jpg\" height=\"378\" width=\"253\" \/>&nbsp;&nbsp;&nbsp; Kampi i par\u00eb, i cili nisi n\u00eb shkoll\u00ebn e Malishev\u00ebs u quajt kampi \u201cMiq\u00ebsia\u201d dhe pati nj\u00eb pjes\u00ebmarrje prej pothuajse 500f\u00ebmij\u00ebsh. Kampi u nda n\u00eb dy grupe. N\u00eb grupin e par\u00eb, i cili u zhvillua n\u00eb m\u00ebngjes ishin f\u00ebmij\u00ebt e klasave I-IV. Numri i tyre ishte rreth 330. Nd\u00ebrsa p\u00ebr grupin e dyt\u00eb, i cili u zhvillua pasdite kishte rreth 150 f\u00ebmij\u00eb t\u00eb klasave V-IX. Gjithashtu se n\u00eb k\u00ebt\u00eb kamp pat\u00ebm bashk\u00ebpunimin e m\u00ebsuesve t\u00eb shkoll\u00ebs, gj\u00eb q\u00eb ka ndodhur vazhdimisht edhe n\u00eb kampet e m\u00ebparshme t\u00eb zhvilluara n\u00eb rrethinat e Malishev\u00ebs.<\/span><br \/><span style=\"font-family: helvetica; font-size: 12pt;\"> &nbsp;<\/span><\/div>\n<div style=\"text-align: justify;\"><span style=\"color: #000000; font-family: helvetica; font-size: 12pt;\">&nbsp; &nbsp; N\u00eb t\u00eb v\u00ebrtet\u00eb, emri \u201cMiq\u00ebsia\u201d p\u00ebrshkruante atmosfer\u00ebn q\u00eb ndodhej n\u00eb kamp. Kjo ishte nj\u00eb atmosfer\u00eb entuziaste miq\u00ebsie nd\u00ebrmjet student\u00ebve shqiptar\u00eb dhe f\u00ebmij\u00ebve t\u00eb Malishev\u00ebs, si dhe stafit t\u00eb m\u00ebsuesve t\u00eb shkoll\u00ebs fillore \u201cIbrahim Mazreku\u201d. Pritja e tyre ishte e ngroht\u00eb. F\u00ebmij\u00ebt kishin nj\u00eb g\u00ebzim t\u00eb ve\u00e7ant\u00eb p\u00ebr kampin, por ky g\u00ebzim nuk shfaqej vet\u00ebm n\u00eb fytyrat e f\u00ebmij\u00ebve, por edhe tek organizuesit, t\u00eb cil\u00ebt b\u00ebn\u00eb t\u00eb mundur mbar\u00ebvajtjen e k\u00ebtij kampi.<\/span><\/div>\n<div style=\"text-align: justify;\"><span style=\"font-family: helvetica; font-size: 12pt;\"><\/span><\/div>\n<div style=\"text-align: justify;\"><span style=\"color: #000000; font-family: helvetica; font-size: 12pt;\"><img decoding=\"async\" class=\"lazyload HAa Eha\" style=\"height: 200px; width: 300px; border-width: 1px; border-style: solid; margin: 10px; float: left;\" alt=\"\" src=\"data:image\/gif;base64,R0lGODlhAQABAAAAACH5BAEKAAEALAAAAAABAAEAAAICTAEAOw==\" data-orig-src=\"https:\/\/lh6.googleusercontent.com\/-IGJJB9d2qjQ\/VIbuuUtv02I\/AAAAAAAAFgM\/V3jr3odYijM\/w350-h233-no\/text4.jpg\" \/> &nbsp; &nbsp; K\u00ebtij aktiviteti nuk kishte se si t\u2019i mungonte fal\u00ebnderimi i rastit nga drejtori i shkoll\u00ebs. Ai ishte shum\u00eb entuziast p\u00ebr k\u00ebt\u00eb aktivitet, pasi ai vet\u00eb nj\u00eb vit m\u00eb par\u00eb b\u00ebri ftes\u00eb q\u00eb ne ta p\u00ebrfshinim aktivitetin ton\u00eb edhe n\u00eb shkoll\u00ebn e tij. N\u00eb fjal\u00ebn p\u00ebrsh\u00ebndet\u00ebse, ai u shpreh shum\u00eb mir\u00ebnjoh\u00ebs p\u00ebr pranin\u00eb ton\u00eb atje dhe me sinqeritet e me mir\u00ebbesim tha se puna jon\u00eb ishte di\u00e7ka e r\u00ebnd\u00ebsishme, q\u00eb kontribuonte n\u00eb p\u00ebrparimin dhe edukimin e f\u00ebmij\u00ebve, t\u00eb cil\u00ebt ai i konsideronte si t\u00eb ardhmen e vendit.<\/span><\/div>\n<div style=\"text-align: justify;\"><span style=\"font-family: helvetica; font-size: 12pt;\"> &nbsp;<\/span><\/div>\n<div style=\"text-align: justify;\"><span style=\"color: #000000; font-family: helvetica; font-size: 12pt;\">&nbsp;&nbsp;&nbsp; Gjat\u00eb k\u00ebtij kampi u zhvilluan loj\u00ebra t\u00eb ndryshme, k\u00ebng\u00eb dhe himne p\u00ebr f\u00ebmij\u00eb, valle, pun\u00ebdore, etj. P\u00ebr ta plot\u00ebsuar k\u00ebt\u00eb aktivitet, f\u00ebmij\u00ebve i\u2019u ofrua nj\u00eb kokteil. Me nj\u00eb entuziaz\u00ebm t\u00eb till\u00eb u mbyll dita e par\u00eb e kampit \u201cMiq\u00ebsia\u201d. Shpresojm\u00eb dhe urojm\u00eb q\u00eb ky entuziaz\u00ebm do t\u00eb vazhdoj\u00eb deri n\u00eb fund t\u00eb k\u00ebtij kampi si dhe n\u00eb kampet e tjera q\u00eb do zhvillohen n\u00eb shkollat e ndryshme rreth Malishev\u00ebs. Dhe lusim q\u00eb Per\u00ebndia t\u00eb na ndri\u00e7oj\u00eb dhe t\u00eb na drejtoj\u00eb n\u00eb k\u00ebt\u00eb aktivitet q\u00eb kemi marr\u00eb p\u00ebrsip\u00ebr.<\/span><\/div>\n<div style=\"text-align: justify;\"><span style=\"font-family: helvetica; font-size: 12pt;\"><\/span><\/div>\n<div style=\"text-align: center;\"><span style=\"color: #000000; font-family: helvetica; font-size: 12pt;\"><strong>Himni i kampit \u201cMiq\u00ebsia\u201d<\/strong><\/span><\/div>\n<div style=\"text-align: center;\"><span style=\"font-family: helvetica; font-size: 12pt;\"><\/span><\/div>\n<div style=\"text-align: center;\"><span style=\"color: #000000; font-family: helvetica; font-size: 12pt;\">Miq dua t\u00eb kem, mik dua t\u00eb jem.<\/span><\/div>\n<div style=\"text-align: center;\"><span style=\"color: #000000; font-family: helvetica; font-size: 12pt;\">Miq dua t\u00eb b\u00ebj kudo q\u00eb shkoj;<\/span><\/div>\n<div style=\"text-align: center;\"><span style=\"color: #000000; font-family: helvetica; font-size: 12pt;\">Dhe t\u2019u them t\u00eb gjith\u00ebve un\u2019 miku juaj jam.<\/span><\/div>\n<div style=\"text-align: center;\"><span style=\"color: #000000; font-family: helvetica; font-size: 12pt;\">Dhe asnj\u00eb v\u00ebshtir\u00ebsi nga ju s\u2019m\u00eb ndan !<\/span><\/div>\n<div style=\"text-align: center;\"><span style=\"color: #000000; font-family: helvetica; font-size: 12pt;\"><em>Refreni:<\/em>I shtrenjt\u00eb je ti, i shtrenjt\u00eb je ti,<\/span><\/div>\n<div style=\"text-align: center;\"><span style=\"color: #000000; font-family: helvetica; font-size: 12pt;\">i shtrenjt\u00eb je ti, o miq\u00ebsi&nbsp; (2 her\u00eb).<\/span><\/div>\n<div style=\"text-align: justify;\"><span style=\"font-family: helvetica; font-size: 12pt;\"><\/span><\/div>\n<div style=\"text-align: justify;\"><span style=\"font-family: helvetica; font-size: 12pt;\"><\/span><\/div>\n<div style=\"text-align: justify;\"><span style=\"color: #000000; font-family: helvetica; font-size: 12pt;\">Sofia Bregu &amp; Glen Lla\u00e7i<\/span><\/div>\n<div style=\"text-align: justify;\"><span style=\"color: #000000; font-family: helvetica; font-size: 12pt;\">Korrespodent\u00eb t\u00eb kampit n\u00eb Kosov\u00eb<\/span><\/div>\n<div style=\"text-align: justify;\"><span style=\"font-family: helvetica; font-size: 12pt;\"><\/span><\/div>\n<div style=\"text-align: center;\"><span style=\"font-family: helvetica; font-size: 12pt;\"><img decoding=\"async\" class=\"lazyload HAa Eha\" style=\"height: 200px; width: 300px; border-width: 1px; border-style: solid; margin: 10px;\" alt=\"\" src=\"data:image\/gif;base64,R0lGODlhAQABAAAAACH5BAEKAAEALAAAAAABAAEAAAICTAEAOw==\" data-orig-src=\"https:\/\/lh6.googleusercontent.com\/-2haMyfWp38w\/VIbuushsGCI\/AAAAAAAAFgY\/ZldfkREOLtc\/w350-h233-no\/text5.jpg\" \/><\/span><\/div>\n<div style=\"text-align: center;\"><span style=\"font-family: helvetica; font-size: 12pt;\"><\/span><\/div>\n<div style=\"text-align: center;\"><span style=\"font-family: helvetica; font-size: 12pt;\"><img decoding=\"async\" class=\"lazyload HAa Eha\" style=\"height: 200px; width: 300px; border-width: 1px; border-style: solid; margin: 10px;\" alt=\"\" src=\"data:image\/gif;base64,R0lGODlhAQABAAAAACH5BAEKAAEALAAAAAABAAEAAAICTAEAOw==\" data-orig-src=\"https:\/\/lh5.googleusercontent.com\/-9M5-bcVIeq4\/VIbus-sTA7I\/AAAAAAAAFf0\/XG0_PPSrRXc\/w600-h399-no\/perqark1.jpg\" \/><\/span><\/div>\n<div style=\"text-align: center;\"><span style=\"font-family: helvetica; font-size: 12pt;\"><\/span><\/div>\n<div style=\"text-align: center;\"><span style=\"font-family: helvetica; font-size: 12pt;\"><img decoding=\"async\" class=\"lazyload HAa Eha\" style=\"height: 404px; width: 300px; border-width: 1px; border-style: solid; margin: 10px;\" alt=\"\" src=\"data:image\/gif;base64,R0lGODlhAQABAAAAACH5BAEKAAEALAAAAAABAAEAAAICTAEAOw==\" data-orig-src=\"https:\/\/lh5.googleusercontent.com\/-OwYMUHrEvOA\/VIbutChqKsI\/AAAAAAAAFgg\/B_x9_29vYuc\/w597-h804-no\/perqark2.jpg\" \/><\/span><\/div>\n<div style=\"text-align: center;\"><span style=\"font-family: helvetica; font-size: 12pt;\"><\/span><\/div>\n<div style=\"text-align: center;\"><span style=\"font-family: helvetica; font-size: 12pt;\"><img decoding=\"async\" class=\"lazyload HAa Eha\" style=\"height: 451px; width: 300px; border-width: 1px; border-style: solid; margin: 10px;\" alt=\"\" src=\"data:image\/gif;base64,R0lGODlhAQABAAAAACH5BAEKAAEALAAAAAABAAEAAAICTAEAOw==\" data-orig-src=\"https:\/\/lh3.googleusercontent.com\/-k84Eo058pqY\/VIbutjwk06I\/AAAAAAAAFgU\/1VLD2UvGCgM\/w350-h526-no\/text2.jpg\" \/><\/span><\/div>\n","protected":false},"excerpt":{"rendered":"<p>&nbsp;&nbsp;&nbsp; U b\u00ebn\u00eb pothuajse 5 vjet radhazi q\u00eb n\u00eb muajt qershor-korrik Kisha jon\u00eb Orthodhokse, me kontributin e misionarit nga Amerika Nathan Hope dhe me bashk\u00ebpunimin e Zyr\u00ebs s\u00eb F\u00ebmij\u00ebve, si dhe t\u00eb nj\u00eb grupi student\u00ebsh orthodhoks\u00eb nga Shqip\u00ebria kan\u00eb zhvilluar disa kampe ditore p\u00ebr f\u00ebmij\u00ebt kosovar\u00eb. K\u00ebto kampe jan\u00eb zhvilluar n\u00eb periferi dhe n\u00eb disa fshatra t\u00eb Malishev\u00ebs. Edhe k\u00ebt\u00eb vit, me dat\u00eb 23 qershor<\/p>\n","protected":false},"author":1,"featured_media":0,"comment_status":"open","ping_status":"open","sticky":false,"template":"","format":"standard","meta":{"_acf_changed":false,"pagelayer_contact_templates":[],"_pagelayer_content":"","inline_featured_image":false,"fifu_image_url":"","fifu_image_alt":"","footnotes":""},"categories":[108],"tags":[148,200,196,212,156],"class_list":["post-557","post","type-post","status-publish","format-standard","hentry","category-lajme","tag-148","tag-kampe-verore","tag-tirane","tag-lajme-d27","tag-femijet"],"acf":[],"yoast_head":"<!-- This site is optimized with the Yoast SEO plugin v27.2 - https:\/\/yoast.com\/product\/yoast-seo-wordpress\/ -->\n<title>Filloi kampi ditor i f\u00ebmij\u00ebve n\u00eb Kosov\u00eb. (Qershor 2006) - Kisha Orthodh\u03bfkse Autoqefale e Shqip\u00ebris\u00eb<\/title>\n<meta name=\"robots\" content=\"index, follow, max-snippet:-1, max-image-preview:large, max-video-preview:-1\" \/>\n<link rel=\"canonical\" href=\"https:\/\/orthodoxalbania.org\/2020\/2006\/02\/26\/filloi-kampi-ditor-i-femijeve-ne-kosove-qershor-06\/\" \/>\n<meta property=\"og:locale\" content=\"en_US\" \/>\n<meta property=\"og:type\" content=\"article\" \/>\n<meta property=\"og:title\" content=\"Filloi kampi ditor i f\u00ebmij\u00ebve n\u00eb Kosov\u00eb. (Qershor 2006) - Kisha Orthodh\u03bfkse Autoqefale e Shqip\u00ebris\u00eb\" \/>\n<meta property=\"og:description\" content=\"&nbsp;&nbsp;&nbsp; U b\u00ebn\u00eb pothuajse 5 vjet radhazi q\u00eb n\u00eb muajt qershor-korrik Kisha jon\u00eb Orthodhokse, me kontributin e misionarit nga Amerika Nathan Hope dhe me bashk\u00ebpunimin e Zyr\u00ebs s\u00eb F\u00ebmij\u00ebve, si dhe t\u00eb nj\u00eb grupi student\u00ebsh orthodhoks\u00eb nga Shqip\u00ebria kan\u00eb zhvilluar disa kampe ditore p\u00ebr f\u00ebmij\u00ebt kosovar\u00eb. K\u00ebto kampe jan\u00eb zhvilluar n\u00eb periferi dhe n\u00eb disa fshatra t\u00eb Malishev\u00ebs. Edhe k\u00ebt\u00eb vit, me dat\u00eb 23 qershor\" \/>\n<meta property=\"og:url\" content=\"https:\/\/orthodoxalbania.org\/2020\/2006\/02\/26\/filloi-kampi-ditor-i-femijeve-ne-kosove-qershor-06\/\" \/>\n<meta property=\"og:site_name\" content=\"Kisha Orthodh\u03bfkse Autoqefale e Shqip\u00ebris\u00eb\" \/>\n<meta property=\"article:publisher\" content=\"https:\/\/www.facebook.com\/koash1991\" \/>\n<meta property=\"article:published_time\" content=\"2006-02-26T00:00:00+00:00\" \/>\n<meta property=\"article:modified_time\" content=\"2020-04-06T20:36:01+00:00\" \/>\n<meta property=\"og:image\" content=\"https:\/\/lh3.googleusercontent.com\/-PRTmLFaBabQ\/VIbutLaPu6I\/AAAAAAAAFf4\/67zyFAIf5R0\/w350-h233-no\/text1.jpg\" \/>\n<meta name=\"author\" content=\"Kisha Orthodhokse\" \/>\n<meta name=\"twitter:card\" content=\"summary_large_image\" \/>\n<meta name=\"twitter:label1\" content=\"Written by\" \/>\n\t<meta name=\"twitter:data1\" content=\"Kisha Orthodhokse\" \/>\n\t<meta name=\"twitter:label2\" content=\"Est. reading time\" \/>\n\t<meta name=\"twitter:data2\" content=\"3 minutes\" \/>\n<script type=\"application\/ld+json\" class=\"yoast-schema-graph\">{\"@context\":\"https:\/\/schema.org\",\"@graph\":[{\"@type\":\"Article\",\"@id\":\"https:\/\/orthodoxalbania.org\/2020\/2006\/02\/26\/filloi-kampi-ditor-i-femijeve-ne-kosove-qershor-06\/#article\",\"isPartOf\":{\"@id\":\"https:\/\/orthodoxalbania.org\/2020\/2006\/02\/26\/filloi-kampi-ditor-i-femijeve-ne-kosove-qershor-06\/\"},\"author\":{\"name\":\"Kisha Orthodhokse\",\"@id\":\"https:\/\/orthodoxalbania.org\/2020\/#\/schema\/person\/0c387634a7063ac612d7ed9ce71c7e86\"},\"headline\":\"Filloi kampi ditor i f\u00ebmij\u00ebve n\u00eb Kosov\u00eb. (Qershor 2006)\",\"datePublished\":\"2006-02-26T00:00:00+00:00\",\"dateModified\":\"2020-04-06T20:36:01+00:00\",\"mainEntityOfPage\":{\"@id\":\"https:\/\/orthodoxalbania.org\/2020\/2006\/02\/26\/filloi-kampi-ditor-i-femijeve-ne-kosove-qershor-06\/\"},\"wordCount\":704,\"commentCount\":0,\"publisher\":{\"@id\":\"https:\/\/orthodoxalbania.org\/2020\/#organization\"},\"image\":{\"@id\":\"https:\/\/orthodoxalbania.org\/2020\/2006\/02\/26\/filloi-kampi-ditor-i-femijeve-ne-kosove-qershor-06\/#primaryimage\"},\"thumbnailUrl\":\"https:\/\/lh3.googleusercontent.com\/-PRTmLFaBabQ\/VIbutLaPu6I\/AAAAAAAAFf4\/67zyFAIf5R0\/w350-h233-no\/text1.jpg\",\"keywords\":[\"2006\",\"Kampe verore\",\"Kryepiskopata Tiran\u00eb\",\"lajme\",\"Zyra e F\u00ebmij\u00ebve\"],\"articleSection\":[\"Lajme\"],\"inLanguage\":\"en-US\"},{\"@type\":\"WebPage\",\"@id\":\"https:\/\/orthodoxalbania.org\/2020\/2006\/02\/26\/filloi-kampi-ditor-i-femijeve-ne-kosove-qershor-06\/\",\"url\":\"https:\/\/orthodoxalbania.org\/2020\/2006\/02\/26\/filloi-kampi-ditor-i-femijeve-ne-kosove-qershor-06\/\",\"name\":\"Filloi kampi ditor i f\u00ebmij\u00ebve n\u00eb Kosov\u00eb. (Qershor 2006) - Kisha Orthodh\u03bfkse Autoqefale e Shqip\u00ebris\u00eb\",\"isPartOf\":{\"@id\":\"https:\/\/orthodoxalbania.org\/2020\/#website\"},\"primaryImageOfPage\":{\"@id\":\"https:\/\/orthodoxalbania.org\/2020\/2006\/02\/26\/filloi-kampi-ditor-i-femijeve-ne-kosove-qershor-06\/#primaryimage\"},\"image\":{\"@id\":\"https:\/\/orthodoxalbania.org\/2020\/2006\/02\/26\/filloi-kampi-ditor-i-femijeve-ne-kosove-qershor-06\/#primaryimage\"},\"thumbnailUrl\":\"https:\/\/lh3.googleusercontent.com\/-PRTmLFaBabQ\/VIbutLaPu6I\/AAAAAAAAFf4\/67zyFAIf5R0\/w350-h233-no\/text1.jpg\",\"datePublished\":\"2006-02-26T00:00:00+00:00\",\"dateModified\":\"2020-04-06T20:36:01+00:00\",\"breadcrumb\":{\"@id\":\"https:\/\/orthodoxalbania.org\/2020\/2006\/02\/26\/filloi-kampi-ditor-i-femijeve-ne-kosove-qershor-06\/#breadcrumb\"},\"inLanguage\":\"en-US\",\"potentialAction\":[{\"@type\":\"ReadAction\",\"target\":[\"https:\/\/orthodoxalbania.org\/2020\/2006\/02\/26\/filloi-kampi-ditor-i-femijeve-ne-kosove-qershor-06\/\"]}]},{\"@type\":\"ImageObject\",\"inLanguage\":\"en-US\",\"@id\":\"https:\/\/orthodoxalbania.org\/2020\/2006\/02\/26\/filloi-kampi-ditor-i-femijeve-ne-kosove-qershor-06\/#primaryimage\",\"url\":\"https:\/\/lh3.googleusercontent.com\/-PRTmLFaBabQ\/VIbutLaPu6I\/AAAAAAAAFf4\/67zyFAIf5R0\/w350-h233-no\/text1.jpg\",\"contentUrl\":\"https:\/\/lh3.googleusercontent.com\/-PRTmLFaBabQ\/VIbutLaPu6I\/AAAAAAAAFf4\/67zyFAIf5R0\/w350-h233-no\/text1.jpg\"},{\"@type\":\"BreadcrumbList\",\"@id\":\"https:\/\/orthodoxalbania.org\/2020\/2006\/02\/26\/filloi-kampi-ditor-i-femijeve-ne-kosove-qershor-06\/#breadcrumb\",\"itemListElement\":[{\"@type\":\"ListItem\",\"position\":1,\"name\":\"Home\",\"item\":\"https:\/\/orthodoxalbania.org\/2020\/\"},{\"@type\":\"ListItem\",\"position\":2,\"name\":\"Filloi kampi ditor i f\u00ebmij\u00ebve n\u00eb Kosov\u00eb. (Qershor 2006)\"}]},{\"@type\":\"WebSite\",\"@id\":\"https:\/\/orthodoxalbania.org\/2020\/#website\",\"url\":\"https:\/\/orthodoxalbania.org\/2020\/\",\"name\":\"Kisha Orthodh\u03bfkse Autoqefale e Shqip\u00ebris\u00eb\",\"description\":\"Fqja Zyrtare e Kish\u00ebs Orthodhokse Autoqefale e Shqip\u00ebris\u00eb me lajmet edhe informacionet zyrtare p\u00ebr struktur\u00ebn edhe veprimtarin e saj.\",\"publisher\":{\"@id\":\"https:\/\/orthodoxalbania.org\/2020\/#organization\"},\"potentialAction\":[{\"@type\":\"SearchAction\",\"target\":{\"@type\":\"EntryPoint\",\"urlTemplate\":\"https:\/\/orthodoxalbania.org\/2020\/?s={search_term_string}\"},\"query-input\":{\"@type\":\"PropertyValueSpecification\",\"valueRequired\":true,\"valueName\":\"search_term_string\"}}],\"inLanguage\":\"en-US\"},{\"@type\":\"Organization\",\"@id\":\"https:\/\/orthodoxalbania.org\/2020\/#organization\",\"name\":\"Kisha Orthodhokse Autoqefale e Shqip\u00ebris\u00eb\",\"url\":\"https:\/\/orthodoxalbania.org\/2020\/\",\"logo\":{\"@type\":\"ImageObject\",\"inLanguage\":\"en-US\",\"@id\":\"https:\/\/orthodoxalbania.org\/2020\/#\/schema\/logo\/image\/\",\"url\":\"https:\/\/orthodoxalbania.org\/2020\/wp-content\/uploads\/2020\/05\/albania.jpeg\",\"contentUrl\":\"https:\/\/orthodoxalbania.org\/2020\/wp-content\/uploads\/2020\/05\/albania.jpeg\",\"width\":540,\"height\":540,\"caption\":\"Kisha Orthodhokse Autoqefale e Shqip\u00ebris\u00eb\"},\"image\":{\"@id\":\"https:\/\/orthodoxalbania.org\/2020\/#\/schema\/logo\/image\/\"},\"sameAs\":[\"https:\/\/www.facebook.com\/koash1991\"]},{\"@type\":\"Person\",\"@id\":\"https:\/\/orthodoxalbania.org\/2020\/#\/schema\/person\/0c387634a7063ac612d7ed9ce71c7e86\",\"name\":\"Kisha Orthodhokse\",\"image\":{\"@type\":\"ImageObject\",\"inLanguage\":\"en-US\",\"@id\":\"https:\/\/secure.gravatar.com\/avatar\/596e7c417251e30f2fbb9c00e026fce61a695a00e51c889caded71c96cbbdde5?s=96&d=mm&r=g\",\"url\":\"https:\/\/secure.gravatar.com\/avatar\/596e7c417251e30f2fbb9c00e026fce61a695a00e51c889caded71c96cbbdde5?s=96&d=mm&r=g\",\"contentUrl\":\"https:\/\/secure.gravatar.com\/avatar\/596e7c417251e30f2fbb9c00e026fce61a695a00e51c889caded71c96cbbdde5?s=96&d=mm&r=g\",\"caption\":\"Kisha Orthodhokse\"}}]}<\/script>\n<!-- \/ Yoast SEO plugin. -->","yoast_head_json":{"title":"Filloi kampi ditor i f\u00ebmij\u00ebve n\u00eb Kosov\u00eb. (Qershor 2006) - Kisha Orthodh\u03bfkse Autoqefale e Shqip\u00ebris\u00eb","robots":{"index":"index","follow":"follow","max-snippet":"max-snippet:-1","max-image-preview":"max-image-preview:large","max-video-preview":"max-video-preview:-1"},"canonical":"https:\/\/orthodoxalbania.org\/2020\/2006\/02\/26\/filloi-kampi-ditor-i-femijeve-ne-kosove-qershor-06\/","og_locale":"en_US","og_type":"article","og_title":"Filloi kampi ditor i f\u00ebmij\u00ebve n\u00eb Kosov\u00eb. (Qershor 2006) - Kisha Orthodh\u03bfkse Autoqefale e Shqip\u00ebris\u00eb","og_description":"&nbsp;&nbsp;&nbsp; U b\u00ebn\u00eb pothuajse 5 vjet radhazi q\u00eb n\u00eb muajt qershor-korrik Kisha jon\u00eb Orthodhokse, me kontributin e misionarit nga Amerika Nathan Hope dhe me bashk\u00ebpunimin e Zyr\u00ebs s\u00eb F\u00ebmij\u00ebve, si dhe t\u00eb nj\u00eb grupi student\u00ebsh orthodhoks\u00eb nga Shqip\u00ebria kan\u00eb zhvilluar disa kampe ditore p\u00ebr f\u00ebmij\u00ebt kosovar\u00eb. K\u00ebto kampe jan\u00eb zhvilluar n\u00eb periferi dhe n\u00eb disa fshatra t\u00eb Malishev\u00ebs. Edhe k\u00ebt\u00eb vit, me dat\u00eb 23 qershor","og_url":"https:\/\/orthodoxalbania.org\/2020\/2006\/02\/26\/filloi-kampi-ditor-i-femijeve-ne-kosove-qershor-06\/","og_site_name":"Kisha Orthodh\u03bfkse Autoqefale e Shqip\u00ebris\u00eb","article_publisher":"https:\/\/www.facebook.com\/koash1991","article_published_time":"2006-02-26T00:00:00+00:00","article_modified_time":"2020-04-06T20:36:01+00:00","og_image":[{"url":"https:\/\/lh3.googleusercontent.com\/-PRTmLFaBabQ\/VIbutLaPu6I\/AAAAAAAAFf4\/67zyFAIf5R0\/w350-h233-no\/text1.jpg","type":"","width":"","height":""}],"author":"Kisha Orthodhokse","twitter_card":"summary_large_image","twitter_misc":{"Written by":"Kisha Orthodhokse","Est. reading time":"3 minutes"},"schema":{"@context":"https:\/\/schema.org","@graph":[{"@type":"Article","@id":"https:\/\/orthodoxalbania.org\/2020\/2006\/02\/26\/filloi-kampi-ditor-i-femijeve-ne-kosove-qershor-06\/#article","isPartOf":{"@id":"https:\/\/orthodoxalbania.org\/2020\/2006\/02\/26\/filloi-kampi-ditor-i-femijeve-ne-kosove-qershor-06\/"},"author":{"name":"Kisha Orthodhokse","@id":"https:\/\/orthodoxalbania.org\/2020\/#\/schema\/person\/0c387634a7063ac612d7ed9ce71c7e86"},"headline":"Filloi kampi ditor i f\u00ebmij\u00ebve n\u00eb Kosov\u00eb. (Qershor 2006)","datePublished":"2006-02-26T00:00:00+00:00","dateModified":"2020-04-06T20:36:01+00:00","mainEntityOfPage":{"@id":"https:\/\/orthodoxalbania.org\/2020\/2006\/02\/26\/filloi-kampi-ditor-i-femijeve-ne-kosove-qershor-06\/"},"wordCount":704,"commentCount":0,"publisher":{"@id":"https:\/\/orthodoxalbania.org\/2020\/#organization"},"image":{"@id":"https:\/\/orthodoxalbania.org\/2020\/2006\/02\/26\/filloi-kampi-ditor-i-femijeve-ne-kosove-qershor-06\/#primaryimage"},"thumbnailUrl":"https:\/\/lh3.googleusercontent.com\/-PRTmLFaBabQ\/VIbutLaPu6I\/AAAAAAAAFf4\/67zyFAIf5R0\/w350-h233-no\/text1.jpg","keywords":["2006","Kampe verore","Kryepiskopata Tiran\u00eb","lajme","Zyra e F\u00ebmij\u00ebve"],"articleSection":["Lajme"],"inLanguage":"en-US"},{"@type":"WebPage","@id":"https:\/\/orthodoxalbania.org\/2020\/2006\/02\/26\/filloi-kampi-ditor-i-femijeve-ne-kosove-qershor-06\/","url":"https:\/\/orthodoxalbania.org\/2020\/2006\/02\/26\/filloi-kampi-ditor-i-femijeve-ne-kosove-qershor-06\/","name":"Filloi kampi ditor i f\u00ebmij\u00ebve n\u00eb Kosov\u00eb. (Qershor 2006) - Kisha Orthodh\u03bfkse Autoqefale e Shqip\u00ebris\u00eb","isPartOf":{"@id":"https:\/\/orthodoxalbania.org\/2020\/#website"},"primaryImageOfPage":{"@id":"https:\/\/orthodoxalbania.org\/2020\/2006\/02\/26\/filloi-kampi-ditor-i-femijeve-ne-kosove-qershor-06\/#primaryimage"},"image":{"@id":"https:\/\/orthodoxalbania.org\/2020\/2006\/02\/26\/filloi-kampi-ditor-i-femijeve-ne-kosove-qershor-06\/#primaryimage"},"thumbnailUrl":"https:\/\/lh3.googleusercontent.com\/-PRTmLFaBabQ\/VIbutLaPu6I\/AAAAAAAAFf4\/67zyFAIf5R0\/w350-h233-no\/text1.jpg","datePublished":"2006-02-26T00:00:00+00:00","dateModified":"2020-04-06T20:36:01+00:00","breadcrumb":{"@id":"https:\/\/orthodoxalbania.org\/2020\/2006\/02\/26\/filloi-kampi-ditor-i-femijeve-ne-kosove-qershor-06\/#breadcrumb"},"inLanguage":"en-US","potentialAction":[{"@type":"ReadAction","target":["https:\/\/orthodoxalbania.org\/2020\/2006\/02\/26\/filloi-kampi-ditor-i-femijeve-ne-kosove-qershor-06\/"]}]},{"@type":"ImageObject","inLanguage":"en-US","@id":"https:\/\/orthodoxalbania.org\/2020\/2006\/02\/26\/filloi-kampi-ditor-i-femijeve-ne-kosove-qershor-06\/#primaryimage","url":"https:\/\/lh3.googleusercontent.com\/-PRTmLFaBabQ\/VIbutLaPu6I\/AAAAAAAAFf4\/67zyFAIf5R0\/w350-h233-no\/text1.jpg","contentUrl":"https:\/\/lh3.googleusercontent.com\/-PRTmLFaBabQ\/VIbutLaPu6I\/AAAAAAAAFf4\/67zyFAIf5R0\/w350-h233-no\/text1.jpg"},{"@type":"BreadcrumbList","@id":"https:\/\/orthodoxalbania.org\/2020\/2006\/02\/26\/filloi-kampi-ditor-i-femijeve-ne-kosove-qershor-06\/#breadcrumb","itemListElement":[{"@type":"ListItem","position":1,"name":"Home","item":"https:\/\/orthodoxalbania.org\/2020\/"},{"@type":"ListItem","position":2,"name":"Filloi kampi ditor i f\u00ebmij\u00ebve n\u00eb Kosov\u00eb. (Qershor 2006)"}]},{"@type":"WebSite","@id":"https:\/\/orthodoxalbania.org\/2020\/#website","url":"https:\/\/orthodoxalbania.org\/2020\/","name":"Kisha Orthodh\u03bfkse Autoqefale e Shqip\u00ebris\u00eb","description":"Fqja Zyrtare e Kish\u00ebs Orthodhokse Autoqefale e Shqip\u00ebris\u00eb me lajmet edhe informacionet zyrtare p\u00ebr struktur\u00ebn edhe veprimtarin e saj.","publisher":{"@id":"https:\/\/orthodoxalbania.org\/2020\/#organization"},"potentialAction":[{"@type":"SearchAction","target":{"@type":"EntryPoint","urlTemplate":"https:\/\/orthodoxalbania.org\/2020\/?s={search_term_string}"},"query-input":{"@type":"PropertyValueSpecification","valueRequired":true,"valueName":"search_term_string"}}],"inLanguage":"en-US"},{"@type":"Organization","@id":"https:\/\/orthodoxalbania.org\/2020\/#organization","name":"Kisha Orthodhokse Autoqefale e Shqip\u00ebris\u00eb","url":"https:\/\/orthodoxalbania.org\/2020\/","logo":{"@type":"ImageObject","inLanguage":"en-US","@id":"https:\/\/orthodoxalbania.org\/2020\/#\/schema\/logo\/image\/","url":"https:\/\/orthodoxalbania.org\/2020\/wp-content\/uploads\/2020\/05\/albania.jpeg","contentUrl":"https:\/\/orthodoxalbania.org\/2020\/wp-content\/uploads\/2020\/05\/albania.jpeg","width":540,"height":540,"caption":"Kisha Orthodhokse Autoqefale e Shqip\u00ebris\u00eb"},"image":{"@id":"https:\/\/orthodoxalbania.org\/2020\/#\/schema\/logo\/image\/"},"sameAs":["https:\/\/www.facebook.com\/koash1991"]},{"@type":"Person","@id":"https:\/\/orthodoxalbania.org\/2020\/#\/schema\/person\/0c387634a7063ac612d7ed9ce71c7e86","name":"Kisha Orthodhokse","image":{"@type":"ImageObject","inLanguage":"en-US","@id":"https:\/\/secure.gravatar.com\/avatar\/596e7c417251e30f2fbb9c00e026fce61a695a00e51c889caded71c96cbbdde5?s=96&d=mm&r=g","url":"https:\/\/secure.gravatar.com\/avatar\/596e7c417251e30f2fbb9c00e026fce61a695a00e51c889caded71c96cbbdde5?s=96&d=mm&r=g","contentUrl":"https:\/\/secure.gravatar.com\/avatar\/596e7c417251e30f2fbb9c00e026fce61a695a00e51c889caded71c96cbbdde5?s=96&d=mm&r=g","caption":"Kisha Orthodhokse"}}]}},"_links":{"self":[{"href":"https:\/\/orthodoxalbania.org\/2020\/wp-json\/wp\/v2\/posts\/557","targetHints":{"allow":["GET"]}}],"collection":[{"href":"https:\/\/orthodoxalbania.org\/2020\/wp-json\/wp\/v2\/posts"}],"about":[{"href":"https:\/\/orthodoxalbania.org\/2020\/wp-json\/wp\/v2\/types\/post"}],"author":[{"embeddable":true,"href":"https:\/\/orthodoxalbania.org\/2020\/wp-json\/wp\/v2\/users\/1"}],"replies":[{"embeddable":true,"href":"https:\/\/orthodoxalbania.org\/2020\/wp-json\/wp\/v2\/comments?post=557"}],"version-history":[{"count":1,"href":"https:\/\/orthodoxalbania.org\/2020\/wp-json\/wp\/v2\/posts\/557\/revisions"}],"predecessor-version":[{"id":15826,"href":"https:\/\/orthodoxalbania.org\/2020\/wp-json\/wp\/v2\/posts\/557\/revisions\/15826"}],"wp:attachment":[{"href":"https:\/\/orthodoxalbania.org\/2020\/wp-json\/wp\/v2\/media?parent=557"}],"wp:term":[{"taxonomy":"category","embeddable":true,"href":"https:\/\/orthodoxalbania.org\/2020\/wp-json\/wp\/v2\/categories?post=557"},{"taxonomy":"post_tag","embeddable":true,"href":"https:\/\/orthodoxalbania.org\/2020\/wp-json\/wp\/v2\/tags?post=557"}],"curies":[{"name":"wp","href":"https:\/\/api.w.org\/{rel}","templated":true}]}}