{"id":556,"date":"2013-03-21T09:17:26","date_gmt":"2013-03-21T09:17:26","guid":{"rendered":""},"modified":"2020-04-06T22:32:09","modified_gmt":"2020-04-06T20:32:09","slug":"fillimi-i-kreshmes-se-madhe-ne-akademine-theologjike-ngjallja-e-krishtit","status":"publish","type":"post","link":"https:\/\/orthodoxalbania.org\/2020\/2013\/03\/21\/fillimi-i-kreshmes-se-madhe-ne-akademine-theologjike-ngjallja-e-krishtit\/","title":{"rendered":"Fillimi i Kreshm\u00ebs s\u00eb Madhe n\u00eb Akademin\u00eb Theologjike \u201cNgjallja e Krishtit\u201d. (Mars 2011)"},"content":{"rendered":"<div class=\"MsoNormal\" style=\"text-align: justify;\"><span style=\"color: #000000; font-family: helvetica;\"><span style=\"font-size: 12px;\"><img decoding=\"async\" class=\"lazyload HAa Eha\" style=\"height: 168px; width: 224px; border-width: 1px; border-style: solid; margin: 10px; float: left;\" alt=\"\" src=\"data:image\/gif;base64,R0lGODlhAQABAAAAACH5BAEKAAEALAAAAAABAAEAAAICTAEAOw==\" data-orig-src=\"https:\/\/lh4.googleusercontent.com\/-RMTI7LCU_F0\/VABSRHFoHaI\/AAAAAAAACAs\/Bi5mLXBCPmM\/w720-h540-no\/1%2Bakademia.jpg\" \/><span style=\"font-size: 12pt;\">&nbsp;&nbsp; Dit\u00ebn e fillimit t\u00eb Kreshm\u00ebs s\u00eb Madhe,&nbsp; n\u00eb ambjentet e Akademis\u00eb Teologjike \u201cNgjallja e Krishtit\u201d, n\u00eb Sh\u00ebn Vlash, Durr\u00ebs u zhvillua nj\u00eb program me karakter meditativ. P\u00ebrgjegj\u00ebsin\u00eb kryesore p\u00ebr organizimin e k\u00ebtij aktiviteti, e kishte viti IV. Programi p\u00ebrmbante psalme, lutje, lexime t\u00eb ndryshme, meditime, referat etj. Kreshma e madhe na p\u00ebrgatit p\u00ebr fest\u00ebn m\u00eb t\u00eb r\u00ebnd\u00ebsishme t\u00eb krisht\u00ebrimit, Pashk\u00ebn e cila p\u00ebrb\u00ebn qendr\u00ebn dhe thelbin e besimit ton\u00eb orthodhoks. N\u00eb leximet q\u00eb kishin p\u00ebrgatitur student\u00ebt e vitit IV u theksua nd\u00ebr t\u00eb tjera se kreshma \u00ebsht\u00eb nj\u00eb ila\u00e7, q\u00eb duhet p\u00ebrdorur n\u00eb koh\u00ebn e duhur, n\u00eb m\u00ebnyr\u00ebn e duhur e sipas kushteve t\u00eb ve\u00e7anta t\u00eb secilit. Ajo \u00ebsht\u00eb nj\u00eb mjet dhe jo nj\u00eb q\u00ebllim n\u00eb vetvete.<\/span><\/span><\/span><\/div>\n<div class=\"MsoNormal\" style=\"text-align: justify;\"><span style=\"font-family: helvetica; font-size: 12pt;\"><\/span><\/div>\n<div class=\"MsoNormal\" style=\"text-align: justify;\"><span style=\"color: #000000; font-family: helvetica; font-size: 12pt;\">&nbsp;&nbsp; Kreshma na ndihmon n\u00eb udh\u00ebtimin ton\u00eb shpirt\u00ebror drejt Pashk\u00ebs s\u00eb Ndritshme. Kresh\u00ebm e v\u00ebrtet\u00eb dhe e<img decoding=\"async\" class=\"lazyload HAa Eha\" style=\"height: 150px; width: 200px; border-width: 1px; border-style: solid; margin: 10px; float: right;\" alt=\"\" src=\"data:image\/gif;base64,R0lGODlhAQABAAAAACH5BAEKAAEALAAAAAABAAEAAAICTAEAOw==\" data-orig-src=\"https:\/\/lh5.googleusercontent.com\/-0hPjPoYabgk\/VABSSRC4_cI\/AAAAAAAACA4\/l7LC3Zwk0b8\/w720-h540-no\/2%2Bakademia.jpg\" \/> p\u00eblqyeshme para Per\u00ebndis\u00eb \u00ebsht\u00eb jo thjesht kreshma ushqimore, por largimi nga e keqja, nga lig\u00ebsia. Et\u00ebrit dhe n\u00eb ve\u00e7anti sh\u00ebn Joan Gojarti na flet p\u00ebr kreshm\u00ebn e v\u00ebrtet\u00eb. Ai na thot\u00eb se duhet t\u00eb kreshmojm\u00eb me gjith\u00eb qenien ton\u00eb, duhet t\u00eb kreshmoj\u00eb goja duke mos th\u00ebn\u00eb g\u00ebnjeshtra, shpifje, thashetheme, duhet t\u00eb kreshmoj\u00eb veshi duke mospranuar t\u00eb d\u00ebgjoj\u00eb gj\u00ebra t\u00eb pahijshme, duhet t\u00eb kreshmojn\u00eb k\u00ebmb\u00ebt duke mos u turrur drejt s\u00eb keqes etj. Gjithashtu u dha&nbsp; nj\u00eb shpjegim mbi lutjen m\u00eb t\u00eb famshme t\u00eb k\u00ebsaj periudhe, lutjen e sh\u00ebn Efrem Sirianit. Kjo \u00ebsht\u00eb nj\u00eb nga lutjet m\u00eb t\u00eb bukura e m\u00eb dometh\u00ebn\u00ebse p\u00ebr jet\u00ebn shpirt\u00ebrore. Ajo na flet mes t\u00eb tjerash p\u00ebr p\u00ebrul\u00ebsin\u00eb, q\u00eb \u00ebsht\u00eb baza e virtyteve dhe p\u00ebr dashurin\u00eb q\u00eb \u00ebsht\u00eb kulmi i tyre.<br \/> <\/span><\/div>\n<div class=\"MsoNormal\" style=\"text-align: justify;\"><span style=\"font-family: helvetica; font-size: 12pt;\"><\/span><\/div>\n<div class=\"MsoNormal\" style=\"text-align: justify;\"><span style=\"color: #000000; font-family: helvetica; font-size: 12pt;\"><img decoding=\"async\" class=\"lazyload HAa Eha\" style=\"height: 150px; width: 200px; border-width: 1px; border-style: solid; margin: 10px; float: left;\" alt=\"\" src=\"data:image\/gif;base64,R0lGODlhAQABAAAAACH5BAEKAAEALAAAAAABAAEAAAICTAEAOw==\" data-orig-src=\"https:\/\/lh5.googleusercontent.com\/-nanV79uig-g\/VABSSfbggXI\/AAAAAAAACBE\/oEXYeC3vGdI\/w720-h540-no\/3%2Bakademia.jpg\" \/>&nbsp;&nbsp; Referatin e rastit, me tem\u00eb \u201cJava e par\u00eb e Kreshm\u00ebs s\u00eb Madhe dhe Kanoni i Madh i sh\u00ebn Andreas s\u00eb Kret\u00ebs\u201d e mbajti Hir\u00ebsia e tij, Mitropoliti i Beratit, Vlor\u00ebs, Kanin\u00ebs dhe gjith\u00eb Myzeqes\u00eb, Imzot Ignati. Mes t\u00eb tjerash, ai tha se ky himnograf i shquar i Kish\u00ebs son\u00eb, sh\u00ebn Andrea i Kret\u00ebs shkroi n\u00eb nj\u00eb shpell\u00eb kanonin e madh kataniktik p\u00ebr pendimin, duke paraqitur simbolikisht n\u00eb t\u00eb shum\u00eb shembuj, si nga Dhiata e Vjet\u00ebr, ashtu edhe nga Dhiata e Re. Tema e pendimit \u00ebsht\u00eb n\u00eb fakt q\u00ebndrore dhe aty p\u00ebrq\u00ebndrohet himnologjia dhe leximet e kish\u00ebs gjat\u00eb periudh\u00ebs s\u00eb kreshm\u00ebs. Gjithashtu ai tha se: \u201cJava e par\u00eb e kreshm\u00ebs i kushtohet heshtjes dhe luftrave shpirt\u00ebrore. Q\u00ebllimi \u00ebsht\u00eb shfarosja e zakoneve t\u00eb bot\u00ebs dhe dor\u00ebzimi n\u00eb teorit\u00eb shpirt\u00ebrore. N\u00eb k\u00ebt\u00eb fush\u00eb, rol t\u00eb r\u00ebnd\u00ebsish\u00ebm ka hapi i par\u00eb. Ne thirremi t\u00eb vrasim mendimin trupor, nga i cili vuan dhe dob\u00ebsohet fryma.\u201d<br \/> <\/span><\/div>\n<div class=\"MsoNormal\" style=\"text-align: justify;\"><span style=\"font-family: helvetica; font-size: 12pt;\"><\/span><\/div>\n<div class=\"MsoNormal\" style=\"text-align: justify;\"><span style=\"color: #000000; font-family: helvetica; font-size: 12pt;\">N\u00eb fund, t\u00eb gjith\u00eb uruan nj\u00ebri-tjetrin kresh\u00ebm t\u00eb leht\u00eb, t\u00eb mbar\u00eb, e me sa m\u00eb shum\u00eb dobi shpirt\u00ebrore.<\/span><\/div>\n<div class=\"MsoNormal\" style=\"text-align: justify;\"><span style=\"font-family: helvetica; font-size: 12pt;\"><\/span><\/div>\n<div class=\"MsoNormal\" style=\"text-align: left;\"><span style=\"font-family: helvetica; font-size: 12pt;\"><\/span><\/div>\n<div class=\"MsoNormal\" style=\"text-align: right;\"><span style=\"color: #000000; font-family: helvetica; font-size: 12pt;\"><strong>Gabriela Dalipi<\/strong><\/span><\/div>\n","protected":false},"excerpt":{"rendered":"<p>&nbsp;&nbsp; Dit\u00ebn e fillimit t\u00eb Kreshm\u00ebs s\u00eb Madhe,&nbsp; n\u00eb ambjentet e Akademis\u00eb Teologjike \u201cNgjallja e Krishtit\u201d, n\u00eb Sh\u00ebn Vlash, Durr\u00ebs u zhvillua nj\u00eb program me karakter meditativ. P\u00ebrgjegj\u00ebsin\u00eb kryesore p\u00ebr organizimin e k\u00ebtij aktiviteti, e kishte viti IV. Programi p\u00ebrmbante psalme, lutje, lexime t\u00eb ndryshme, meditime, referat etj. Kreshma e madhe na p\u00ebrgatit p\u00ebr fest\u00ebn m\u00eb t\u00eb r\u00ebnd\u00ebsishme t\u00eb krisht\u00ebrimit, Pashk\u00ebn e cila p\u00ebrb\u00ebn qendr\u00ebn<\/p>\n","protected":false},"author":1,"featured_media":0,"comment_status":"open","ping_status":"open","sticky":false,"template":"","format":"standard","meta":{"_acf_changed":false,"pagelayer_contact_templates":[],"_pagelayer_content":"","inline_featured_image":false,"fifu_image_url":"","fifu_image_alt":"","footnotes":""},"categories":[108],"tags":[143,196,212,189],"class_list":["post-556","post","type-post","status-publish","format-standard","hentry","category-lajme","tag-143","tag-tirane","tag-lajme-d27","tag-pashke-2014"],"acf":[],"yoast_head":"<!-- This site is optimized with the Yoast SEO plugin v27.2 - https:\/\/yoast.com\/product\/yoast-seo-wordpress\/ -->\n<title>Fillimi i Kreshm\u00ebs s\u00eb Madhe n\u00eb Akademin\u00eb Theologjike \u201cNgjallja e Krishtit\u201d. (Mars 2011) - Kisha Orthodh\u03bfkse Autoqefale e Shqip\u00ebris\u00eb<\/title>\n<meta name=\"robots\" content=\"index, follow, max-snippet:-1, max-image-preview:large, max-video-preview:-1\" \/>\n<link rel=\"canonical\" href=\"https:\/\/orthodoxalbania.org\/2020\/2013\/03\/21\/fillimi-i-kreshmes-se-madhe-ne-akademine-theologjike-ngjallja-e-krishtit\/\" \/>\n<meta property=\"og:locale\" content=\"en_US\" \/>\n<meta property=\"og:type\" content=\"article\" \/>\n<meta property=\"og:title\" content=\"Fillimi i Kreshm\u00ebs s\u00eb Madhe n\u00eb Akademin\u00eb Theologjike \u201cNgjallja e Krishtit\u201d. (Mars 2011) - Kisha Orthodh\u03bfkse Autoqefale e Shqip\u00ebris\u00eb\" \/>\n<meta property=\"og:description\" content=\"&nbsp;&nbsp; Dit\u00ebn e fillimit t\u00eb Kreshm\u00ebs s\u00eb Madhe,&nbsp; n\u00eb ambjentet e Akademis\u00eb Teologjike \u201cNgjallja e Krishtit\u201d, n\u00eb Sh\u00ebn Vlash, Durr\u00ebs u zhvillua nj\u00eb program me karakter meditativ. P\u00ebrgjegj\u00ebsin\u00eb kryesore p\u00ebr organizimin e k\u00ebtij aktiviteti, e kishte viti IV. Programi p\u00ebrmbante psalme, lutje, lexime t\u00eb ndryshme, meditime, referat etj. Kreshma e madhe na p\u00ebrgatit p\u00ebr fest\u00ebn m\u00eb t\u00eb r\u00ebnd\u00ebsishme t\u00eb krisht\u00ebrimit, Pashk\u00ebn e cila p\u00ebrb\u00ebn qendr\u00ebn\" \/>\n<meta property=\"og:url\" content=\"https:\/\/orthodoxalbania.org\/2020\/2013\/03\/21\/fillimi-i-kreshmes-se-madhe-ne-akademine-theologjike-ngjallja-e-krishtit\/\" \/>\n<meta property=\"og:site_name\" content=\"Kisha Orthodh\u03bfkse Autoqefale e Shqip\u00ebris\u00eb\" \/>\n<meta property=\"article:publisher\" content=\"https:\/\/www.facebook.com\/koash1991\" \/>\n<meta property=\"article:published_time\" content=\"2013-03-21T09:17:26+00:00\" \/>\n<meta property=\"article:modified_time\" content=\"2020-04-06T20:32:09+00:00\" \/>\n<meta property=\"og:image\" content=\"https:\/\/lh4.googleusercontent.com\/-RMTI7LCU_F0\/VABSRHFoHaI\/AAAAAAAACAs\/Bi5mLXBCPmM\/w720-h540-no\/1%2Bakademia.jpg\" \/>\n<meta name=\"author\" content=\"Kisha Orthodhokse\" \/>\n<meta name=\"twitter:card\" content=\"summary_large_image\" \/>\n<meta name=\"twitter:label1\" content=\"Written by\" \/>\n\t<meta name=\"twitter:data1\" content=\"Kisha Orthodhokse\" \/>\n\t<meta name=\"twitter:label2\" content=\"Est. reading time\" \/>\n\t<meta name=\"twitter:data2\" content=\"3 minutes\" \/>\n<script type=\"application\/ld+json\" class=\"yoast-schema-graph\">{\"@context\":\"https:\/\/schema.org\",\"@graph\":[{\"@type\":\"Article\",\"@id\":\"https:\/\/orthodoxalbania.org\/2020\/2013\/03\/21\/fillimi-i-kreshmes-se-madhe-ne-akademine-theologjike-ngjallja-e-krishtit\/#article\",\"isPartOf\":{\"@id\":\"https:\/\/orthodoxalbania.org\/2020\/2013\/03\/21\/fillimi-i-kreshmes-se-madhe-ne-akademine-theologjike-ngjallja-e-krishtit\/\"},\"author\":{\"name\":\"Kisha Orthodhokse\",\"@id\":\"https:\/\/orthodoxalbania.org\/2020\/#\/schema\/person\/0c387634a7063ac612d7ed9ce71c7e86\"},\"headline\":\"Fillimi i Kreshm\u00ebs s\u00eb Madhe n\u00eb Akademin\u00eb Theologjike \u201cNgjallja e Krishtit\u201d. (Mars 2011)\",\"datePublished\":\"2013-03-21T09:17:26+00:00\",\"dateModified\":\"2020-04-06T20:32:09+00:00\",\"mainEntityOfPage\":{\"@id\":\"https:\/\/orthodoxalbania.org\/2020\/2013\/03\/21\/fillimi-i-kreshmes-se-madhe-ne-akademine-theologjike-ngjallja-e-krishtit\/\"},\"wordCount\":539,\"commentCount\":0,\"publisher\":{\"@id\":\"https:\/\/orthodoxalbania.org\/2020\/#organization\"},\"image\":{\"@id\":\"https:\/\/orthodoxalbania.org\/2020\/2013\/03\/21\/fillimi-i-kreshmes-se-madhe-ne-akademine-theologjike-ngjallja-e-krishtit\/#primaryimage\"},\"thumbnailUrl\":\"https:\/\/lh4.googleusercontent.com\/-RMTI7LCU_F0\/VABSRHFoHaI\/AAAAAAAACAs\/Bi5mLXBCPmM\/w720-h540-no\/1%2Bakademia.jpg\",\"keywords\":[\"2011\",\"Kryepiskopata Tiran\u00eb\",\"lajme\",\"Pashk\u00eb\"],\"articleSection\":[\"Lajme\"],\"inLanguage\":\"en-US\"},{\"@type\":\"WebPage\",\"@id\":\"https:\/\/orthodoxalbania.org\/2020\/2013\/03\/21\/fillimi-i-kreshmes-se-madhe-ne-akademine-theologjike-ngjallja-e-krishtit\/\",\"url\":\"https:\/\/orthodoxalbania.org\/2020\/2013\/03\/21\/fillimi-i-kreshmes-se-madhe-ne-akademine-theologjike-ngjallja-e-krishtit\/\",\"name\":\"Fillimi i Kreshm\u00ebs s\u00eb Madhe n\u00eb Akademin\u00eb Theologjike \u201cNgjallja e Krishtit\u201d. (Mars 2011) - Kisha Orthodh\u03bfkse Autoqefale e Shqip\u00ebris\u00eb\",\"isPartOf\":{\"@id\":\"https:\/\/orthodoxalbania.org\/2020\/#website\"},\"primaryImageOfPage\":{\"@id\":\"https:\/\/orthodoxalbania.org\/2020\/2013\/03\/21\/fillimi-i-kreshmes-se-madhe-ne-akademine-theologjike-ngjallja-e-krishtit\/#primaryimage\"},\"image\":{\"@id\":\"https:\/\/orthodoxalbania.org\/2020\/2013\/03\/21\/fillimi-i-kreshmes-se-madhe-ne-akademine-theologjike-ngjallja-e-krishtit\/#primaryimage\"},\"thumbnailUrl\":\"https:\/\/lh4.googleusercontent.com\/-RMTI7LCU_F0\/VABSRHFoHaI\/AAAAAAAACAs\/Bi5mLXBCPmM\/w720-h540-no\/1%2Bakademia.jpg\",\"datePublished\":\"2013-03-21T09:17:26+00:00\",\"dateModified\":\"2020-04-06T20:32:09+00:00\",\"breadcrumb\":{\"@id\":\"https:\/\/orthodoxalbania.org\/2020\/2013\/03\/21\/fillimi-i-kreshmes-se-madhe-ne-akademine-theologjike-ngjallja-e-krishtit\/#breadcrumb\"},\"inLanguage\":\"en-US\",\"potentialAction\":[{\"@type\":\"ReadAction\",\"target\":[\"https:\/\/orthodoxalbania.org\/2020\/2013\/03\/21\/fillimi-i-kreshmes-se-madhe-ne-akademine-theologjike-ngjallja-e-krishtit\/\"]}]},{\"@type\":\"ImageObject\",\"inLanguage\":\"en-US\",\"@id\":\"https:\/\/orthodoxalbania.org\/2020\/2013\/03\/21\/fillimi-i-kreshmes-se-madhe-ne-akademine-theologjike-ngjallja-e-krishtit\/#primaryimage\",\"url\":\"https:\/\/lh4.googleusercontent.com\/-RMTI7LCU_F0\/VABSRHFoHaI\/AAAAAAAACAs\/Bi5mLXBCPmM\/w720-h540-no\/1%2Bakademia.jpg\",\"contentUrl\":\"https:\/\/lh4.googleusercontent.com\/-RMTI7LCU_F0\/VABSRHFoHaI\/AAAAAAAACAs\/Bi5mLXBCPmM\/w720-h540-no\/1%2Bakademia.jpg\"},{\"@type\":\"BreadcrumbList\",\"@id\":\"https:\/\/orthodoxalbania.org\/2020\/2013\/03\/21\/fillimi-i-kreshmes-se-madhe-ne-akademine-theologjike-ngjallja-e-krishtit\/#breadcrumb\",\"itemListElement\":[{\"@type\":\"ListItem\",\"position\":1,\"name\":\"Home\",\"item\":\"https:\/\/orthodoxalbania.org\/2020\/\"},{\"@type\":\"ListItem\",\"position\":2,\"name\":\"Fillimi i Kreshm\u00ebs s\u00eb Madhe n\u00eb Akademin\u00eb Theologjike \u201cNgjallja e Krishtit\u201d. (Mars 2011)\"}]},{\"@type\":\"WebSite\",\"@id\":\"https:\/\/orthodoxalbania.org\/2020\/#website\",\"url\":\"https:\/\/orthodoxalbania.org\/2020\/\",\"name\":\"Kisha Orthodh\u03bfkse Autoqefale e Shqip\u00ebris\u00eb\",\"description\":\"Fqja Zyrtare e Kish\u00ebs Orthodhokse Autoqefale e Shqip\u00ebris\u00eb me lajmet edhe informacionet zyrtare p\u00ebr struktur\u00ebn edhe veprimtarin e saj.\",\"publisher\":{\"@id\":\"https:\/\/orthodoxalbania.org\/2020\/#organization\"},\"potentialAction\":[{\"@type\":\"SearchAction\",\"target\":{\"@type\":\"EntryPoint\",\"urlTemplate\":\"https:\/\/orthodoxalbania.org\/2020\/?s={search_term_string}\"},\"query-input\":{\"@type\":\"PropertyValueSpecification\",\"valueRequired\":true,\"valueName\":\"search_term_string\"}}],\"inLanguage\":\"en-US\"},{\"@type\":\"Organization\",\"@id\":\"https:\/\/orthodoxalbania.org\/2020\/#organization\",\"name\":\"Kisha Orthodhokse Autoqefale e Shqip\u00ebris\u00eb\",\"url\":\"https:\/\/orthodoxalbania.org\/2020\/\",\"logo\":{\"@type\":\"ImageObject\",\"inLanguage\":\"en-US\",\"@id\":\"https:\/\/orthodoxalbania.org\/2020\/#\/schema\/logo\/image\/\",\"url\":\"https:\/\/orthodoxalbania.org\/2020\/wp-content\/uploads\/2020\/05\/albania.jpeg\",\"contentUrl\":\"https:\/\/orthodoxalbania.org\/2020\/wp-content\/uploads\/2020\/05\/albania.jpeg\",\"width\":540,\"height\":540,\"caption\":\"Kisha Orthodhokse Autoqefale e Shqip\u00ebris\u00eb\"},\"image\":{\"@id\":\"https:\/\/orthodoxalbania.org\/2020\/#\/schema\/logo\/image\/\"},\"sameAs\":[\"https:\/\/www.facebook.com\/koash1991\"]},{\"@type\":\"Person\",\"@id\":\"https:\/\/orthodoxalbania.org\/2020\/#\/schema\/person\/0c387634a7063ac612d7ed9ce71c7e86\",\"name\":\"Kisha Orthodhokse\",\"image\":{\"@type\":\"ImageObject\",\"inLanguage\":\"en-US\",\"@id\":\"https:\/\/secure.gravatar.com\/avatar\/596e7c417251e30f2fbb9c00e026fce61a695a00e51c889caded71c96cbbdde5?s=96&d=mm&r=g\",\"url\":\"https:\/\/secure.gravatar.com\/avatar\/596e7c417251e30f2fbb9c00e026fce61a695a00e51c889caded71c96cbbdde5?s=96&d=mm&r=g\",\"contentUrl\":\"https:\/\/secure.gravatar.com\/avatar\/596e7c417251e30f2fbb9c00e026fce61a695a00e51c889caded71c96cbbdde5?s=96&d=mm&r=g\",\"caption\":\"Kisha Orthodhokse\"}}]}<\/script>\n<!-- \/ Yoast SEO plugin. -->","yoast_head_json":{"title":"Fillimi i Kreshm\u00ebs s\u00eb Madhe n\u00eb Akademin\u00eb Theologjike \u201cNgjallja e Krishtit\u201d. (Mars 2011) - Kisha Orthodh\u03bfkse Autoqefale e Shqip\u00ebris\u00eb","robots":{"index":"index","follow":"follow","max-snippet":"max-snippet:-1","max-image-preview":"max-image-preview:large","max-video-preview":"max-video-preview:-1"},"canonical":"https:\/\/orthodoxalbania.org\/2020\/2013\/03\/21\/fillimi-i-kreshmes-se-madhe-ne-akademine-theologjike-ngjallja-e-krishtit\/","og_locale":"en_US","og_type":"article","og_title":"Fillimi i Kreshm\u00ebs s\u00eb Madhe n\u00eb Akademin\u00eb Theologjike \u201cNgjallja e Krishtit\u201d. (Mars 2011) - Kisha Orthodh\u03bfkse Autoqefale e Shqip\u00ebris\u00eb","og_description":"&nbsp;&nbsp; Dit\u00ebn e fillimit t\u00eb Kreshm\u00ebs s\u00eb Madhe,&nbsp; n\u00eb ambjentet e Akademis\u00eb Teologjike \u201cNgjallja e Krishtit\u201d, n\u00eb Sh\u00ebn Vlash, Durr\u00ebs u zhvillua nj\u00eb program me karakter meditativ. P\u00ebrgjegj\u00ebsin\u00eb kryesore p\u00ebr organizimin e k\u00ebtij aktiviteti, e kishte viti IV. Programi p\u00ebrmbante psalme, lutje, lexime t\u00eb ndryshme, meditime, referat etj. Kreshma e madhe na p\u00ebrgatit p\u00ebr fest\u00ebn m\u00eb t\u00eb r\u00ebnd\u00ebsishme t\u00eb krisht\u00ebrimit, Pashk\u00ebn e cila p\u00ebrb\u00ebn qendr\u00ebn","og_url":"https:\/\/orthodoxalbania.org\/2020\/2013\/03\/21\/fillimi-i-kreshmes-se-madhe-ne-akademine-theologjike-ngjallja-e-krishtit\/","og_site_name":"Kisha Orthodh\u03bfkse Autoqefale e Shqip\u00ebris\u00eb","article_publisher":"https:\/\/www.facebook.com\/koash1991","article_published_time":"2013-03-21T09:17:26+00:00","article_modified_time":"2020-04-06T20:32:09+00:00","og_image":[{"url":"https:\/\/lh4.googleusercontent.com\/-RMTI7LCU_F0\/VABSRHFoHaI\/AAAAAAAACAs\/Bi5mLXBCPmM\/w720-h540-no\/1%2Bakademia.jpg","type":"","width":"","height":""}],"author":"Kisha Orthodhokse","twitter_card":"summary_large_image","twitter_misc":{"Written by":"Kisha Orthodhokse","Est. reading time":"3 minutes"},"schema":{"@context":"https:\/\/schema.org","@graph":[{"@type":"Article","@id":"https:\/\/orthodoxalbania.org\/2020\/2013\/03\/21\/fillimi-i-kreshmes-se-madhe-ne-akademine-theologjike-ngjallja-e-krishtit\/#article","isPartOf":{"@id":"https:\/\/orthodoxalbania.org\/2020\/2013\/03\/21\/fillimi-i-kreshmes-se-madhe-ne-akademine-theologjike-ngjallja-e-krishtit\/"},"author":{"name":"Kisha Orthodhokse","@id":"https:\/\/orthodoxalbania.org\/2020\/#\/schema\/person\/0c387634a7063ac612d7ed9ce71c7e86"},"headline":"Fillimi i Kreshm\u00ebs s\u00eb Madhe n\u00eb Akademin\u00eb Theologjike \u201cNgjallja e Krishtit\u201d. (Mars 2011)","datePublished":"2013-03-21T09:17:26+00:00","dateModified":"2020-04-06T20:32:09+00:00","mainEntityOfPage":{"@id":"https:\/\/orthodoxalbania.org\/2020\/2013\/03\/21\/fillimi-i-kreshmes-se-madhe-ne-akademine-theologjike-ngjallja-e-krishtit\/"},"wordCount":539,"commentCount":0,"publisher":{"@id":"https:\/\/orthodoxalbania.org\/2020\/#organization"},"image":{"@id":"https:\/\/orthodoxalbania.org\/2020\/2013\/03\/21\/fillimi-i-kreshmes-se-madhe-ne-akademine-theologjike-ngjallja-e-krishtit\/#primaryimage"},"thumbnailUrl":"https:\/\/lh4.googleusercontent.com\/-RMTI7LCU_F0\/VABSRHFoHaI\/AAAAAAAACAs\/Bi5mLXBCPmM\/w720-h540-no\/1%2Bakademia.jpg","keywords":["2011","Kryepiskopata Tiran\u00eb","lajme","Pashk\u00eb"],"articleSection":["Lajme"],"inLanguage":"en-US"},{"@type":"WebPage","@id":"https:\/\/orthodoxalbania.org\/2020\/2013\/03\/21\/fillimi-i-kreshmes-se-madhe-ne-akademine-theologjike-ngjallja-e-krishtit\/","url":"https:\/\/orthodoxalbania.org\/2020\/2013\/03\/21\/fillimi-i-kreshmes-se-madhe-ne-akademine-theologjike-ngjallja-e-krishtit\/","name":"Fillimi i Kreshm\u00ebs s\u00eb Madhe n\u00eb Akademin\u00eb Theologjike \u201cNgjallja e Krishtit\u201d. (Mars 2011) - Kisha Orthodh\u03bfkse Autoqefale e Shqip\u00ebris\u00eb","isPartOf":{"@id":"https:\/\/orthodoxalbania.org\/2020\/#website"},"primaryImageOfPage":{"@id":"https:\/\/orthodoxalbania.org\/2020\/2013\/03\/21\/fillimi-i-kreshmes-se-madhe-ne-akademine-theologjike-ngjallja-e-krishtit\/#primaryimage"},"image":{"@id":"https:\/\/orthodoxalbania.org\/2020\/2013\/03\/21\/fillimi-i-kreshmes-se-madhe-ne-akademine-theologjike-ngjallja-e-krishtit\/#primaryimage"},"thumbnailUrl":"https:\/\/lh4.googleusercontent.com\/-RMTI7LCU_F0\/VABSRHFoHaI\/AAAAAAAACAs\/Bi5mLXBCPmM\/w720-h540-no\/1%2Bakademia.jpg","datePublished":"2013-03-21T09:17:26+00:00","dateModified":"2020-04-06T20:32:09+00:00","breadcrumb":{"@id":"https:\/\/orthodoxalbania.org\/2020\/2013\/03\/21\/fillimi-i-kreshmes-se-madhe-ne-akademine-theologjike-ngjallja-e-krishtit\/#breadcrumb"},"inLanguage":"en-US","potentialAction":[{"@type":"ReadAction","target":["https:\/\/orthodoxalbania.org\/2020\/2013\/03\/21\/fillimi-i-kreshmes-se-madhe-ne-akademine-theologjike-ngjallja-e-krishtit\/"]}]},{"@type":"ImageObject","inLanguage":"en-US","@id":"https:\/\/orthodoxalbania.org\/2020\/2013\/03\/21\/fillimi-i-kreshmes-se-madhe-ne-akademine-theologjike-ngjallja-e-krishtit\/#primaryimage","url":"https:\/\/lh4.googleusercontent.com\/-RMTI7LCU_F0\/VABSRHFoHaI\/AAAAAAAACAs\/Bi5mLXBCPmM\/w720-h540-no\/1%2Bakademia.jpg","contentUrl":"https:\/\/lh4.googleusercontent.com\/-RMTI7LCU_F0\/VABSRHFoHaI\/AAAAAAAACAs\/Bi5mLXBCPmM\/w720-h540-no\/1%2Bakademia.jpg"},{"@type":"BreadcrumbList","@id":"https:\/\/orthodoxalbania.org\/2020\/2013\/03\/21\/fillimi-i-kreshmes-se-madhe-ne-akademine-theologjike-ngjallja-e-krishtit\/#breadcrumb","itemListElement":[{"@type":"ListItem","position":1,"name":"Home","item":"https:\/\/orthodoxalbania.org\/2020\/"},{"@type":"ListItem","position":2,"name":"Fillimi i Kreshm\u00ebs s\u00eb Madhe n\u00eb Akademin\u00eb Theologjike \u201cNgjallja e Krishtit\u201d. (Mars 2011)"}]},{"@type":"WebSite","@id":"https:\/\/orthodoxalbania.org\/2020\/#website","url":"https:\/\/orthodoxalbania.org\/2020\/","name":"Kisha Orthodh\u03bfkse Autoqefale e Shqip\u00ebris\u00eb","description":"Fqja Zyrtare e Kish\u00ebs Orthodhokse Autoqefale e Shqip\u00ebris\u00eb me lajmet edhe informacionet zyrtare p\u00ebr struktur\u00ebn edhe veprimtarin e saj.","publisher":{"@id":"https:\/\/orthodoxalbania.org\/2020\/#organization"},"potentialAction":[{"@type":"SearchAction","target":{"@type":"EntryPoint","urlTemplate":"https:\/\/orthodoxalbania.org\/2020\/?s={search_term_string}"},"query-input":{"@type":"PropertyValueSpecification","valueRequired":true,"valueName":"search_term_string"}}],"inLanguage":"en-US"},{"@type":"Organization","@id":"https:\/\/orthodoxalbania.org\/2020\/#organization","name":"Kisha Orthodhokse Autoqefale e Shqip\u00ebris\u00eb","url":"https:\/\/orthodoxalbania.org\/2020\/","logo":{"@type":"ImageObject","inLanguage":"en-US","@id":"https:\/\/orthodoxalbania.org\/2020\/#\/schema\/logo\/image\/","url":"https:\/\/orthodoxalbania.org\/2020\/wp-content\/uploads\/2020\/05\/albania.jpeg","contentUrl":"https:\/\/orthodoxalbania.org\/2020\/wp-content\/uploads\/2020\/05\/albania.jpeg","width":540,"height":540,"caption":"Kisha Orthodhokse Autoqefale e Shqip\u00ebris\u00eb"},"image":{"@id":"https:\/\/orthodoxalbania.org\/2020\/#\/schema\/logo\/image\/"},"sameAs":["https:\/\/www.facebook.com\/koash1991"]},{"@type":"Person","@id":"https:\/\/orthodoxalbania.org\/2020\/#\/schema\/person\/0c387634a7063ac612d7ed9ce71c7e86","name":"Kisha Orthodhokse","image":{"@type":"ImageObject","inLanguage":"en-US","@id":"https:\/\/secure.gravatar.com\/avatar\/596e7c417251e30f2fbb9c00e026fce61a695a00e51c889caded71c96cbbdde5?s=96&d=mm&r=g","url":"https:\/\/secure.gravatar.com\/avatar\/596e7c417251e30f2fbb9c00e026fce61a695a00e51c889caded71c96cbbdde5?s=96&d=mm&r=g","contentUrl":"https:\/\/secure.gravatar.com\/avatar\/596e7c417251e30f2fbb9c00e026fce61a695a00e51c889caded71c96cbbdde5?s=96&d=mm&r=g","caption":"Kisha Orthodhokse"}}]}},"_links":{"self":[{"href":"https:\/\/orthodoxalbania.org\/2020\/wp-json\/wp\/v2\/posts\/556","targetHints":{"allow":["GET"]}}],"collection":[{"href":"https:\/\/orthodoxalbania.org\/2020\/wp-json\/wp\/v2\/posts"}],"about":[{"href":"https:\/\/orthodoxalbania.org\/2020\/wp-json\/wp\/v2\/types\/post"}],"author":[{"embeddable":true,"href":"https:\/\/orthodoxalbania.org\/2020\/wp-json\/wp\/v2\/users\/1"}],"replies":[{"embeddable":true,"href":"https:\/\/orthodoxalbania.org\/2020\/wp-json\/wp\/v2\/comments?post=556"}],"version-history":[{"count":1,"href":"https:\/\/orthodoxalbania.org\/2020\/wp-json\/wp\/v2\/posts\/556\/revisions"}],"predecessor-version":[{"id":15414,"href":"https:\/\/orthodoxalbania.org\/2020\/wp-json\/wp\/v2\/posts\/556\/revisions\/15414"}],"wp:attachment":[{"href":"https:\/\/orthodoxalbania.org\/2020\/wp-json\/wp\/v2\/media?parent=556"}],"wp:term":[{"taxonomy":"category","embeddable":true,"href":"https:\/\/orthodoxalbania.org\/2020\/wp-json\/wp\/v2\/categories?post=556"},{"taxonomy":"post_tag","embeddable":true,"href":"https:\/\/orthodoxalbania.org\/2020\/wp-json\/wp\/v2\/tags?post=556"}],"curies":[{"name":"wp","href":"https:\/\/api.w.org\/{rel}","templated":true}]}}