{"id":5554,"date":"2017-09-26T12:40:57","date_gmt":"2017-09-26T12:40:57","guid":{"rendered":""},"modified":"2020-04-06T21:58:17","modified_gmt":"2020-04-06T19:58:17","slug":"kryepiskopi-anastas-ne-mitropoline-e-hirshme-te-gjirokastres","status":"publish","type":"post","link":"https:\/\/orthodoxalbania.org\/2020\/2017\/09\/26\/kryepiskopi-anastas-ne-mitropoline-e-hirshme-te-gjirokastres\/","title":{"rendered":"Kryepiskopi Anastas n\u00eb Mitropolin\u00eb e Hirshme t\u00eb Gjirokastr\u00ebs"},"content":{"rendered":"<p style=\"text-align: justify;\"> <\/p>\n<p style=\"text-align: center;\"><span style=\"font-size: 12pt; font-family: helvetica; color: #800000;\"><strong>&#8211; Liturgji Hyjnore n\u00eb Katedralen \u201cNgjallja e Krishtit\u201d &#8211;<\/strong><\/span><\/p>\n<p style=\"text-align: center;\"><span style=\"font-size: 12pt; font-family: helvetica; color: #800000;\"><strong>&#8211; Takim i p\u00ebrzem\u00ebrt me besimtar\u00eb dhe nx\u00ebn\u00ebs &#8211;<\/strong><\/span><\/p>\n<p style=\"text-align: center;\"><span style=\"font-size: 12pt; font-family: helvetica; color: #800000;\"><strong>&#8211; P\u00ebrurimi i Shkoll\u00ebs s\u00eb Mesme \u201cFrym\u00eb Dashurie\u201d &#8211;<\/strong><\/span><\/p>\n<p style=\"text-align: justify;\">&nbsp;<\/p>\n<p style=\"text-align: justify;\"><span style=\"font-size: 12pt; font-family: helvetica; color: #000000;\">Plot me bekime e dhurata shpirt\u00ebrore ishte vizita e Kryepiskopit t\u00eb Tiran\u00ebs, Durr\u00ebsit dhe t\u00eb Gjith\u00eb Shqip\u00ebris\u00eb, Imzot Anastasit, n\u00eb Mitropolin\u00eb e Hirshme t\u00eb Gjirokastr\u00ebs, nga 23-25 shtator 2017.<\/span><\/p>\n<p style=\"text-align: justify;\"><span style=\"font-size: 12pt; font-family: helvetica; color: #000000;\">Kulmimi i saj ishte Liturgjia Hyjnore e s\u00eb Diel\u00ebs, 24 shtator, n\u00eb Katedralen \u201cNgjallja e Krishtit\u201d, ku bashk\u00ebmeshuan edhe Mitropoliti i Gjirokastr\u00ebs, Imzot Dhimitri, si edhe Mitropoliti i Amantias, Imzot Nathanaili, q\u00eb shoq\u00ebronte Kryepiskopin, si edhe t\u00eb gjith\u00eb klerik\u00ebt e k\u00ebsaj Mitropolie t\u00eb Hirshme. Dhjet\u00ebra e qindra besimtar\u00eb nga qyteti i Gjirokastr\u00ebs, por edhe enorit\u00eb p\u00ebrreth erdh\u00ebn n\u00eb k\u00ebt\u00eb veprimtari adhuruese p\u00ebr t\u00eb marr\u00eb bekimet e Kryepiskopit dhe p\u00ebr t\u2019i shprehur nga af\u00ebr urime t\u00eb p\u00ebrzem\u00ebrta p\u00ebr p\u00ebrvjetorin e 25-t\u00eb t\u00eb Fron\u00ebzimit, si edhe fal\u00ebnderime p\u00ebr gjith\u00e7ka ka b\u00ebr\u00eb dhe n\u00eb m\u00ebnyr\u00eb t\u00eb vazhdueshme b\u00ebn mes sakrificash vet\u00ebmohuese p\u00ebr p\u00ebrparimin e gjithansh\u00ebm t\u00eb Kish\u00ebs dhe shoq\u00ebris\u00eb son\u00eb.<\/span><\/p>\n<p style=\"text-align: justify;\"><span style=\"font-size: 12pt; font-family: helvetica; color: #000000;\">Atmosfera n\u00eb kish\u00eb dhe gjith\u00eb zon\u00ebn p\u00ebrreth ishte panegjirike dhe g\u00ebzimi i pranis\u00eb s\u00eb Kryepiskopit ndihej n\u00eb gjirin e besimtar\u00ebve dhe t\u00eb komunitetit. Gjat\u00eb Liturgjis\u00eb Kryepiskopi dha edhe nj\u00eb m\u00ebsim praktik t\u00eb vyer p\u00ebr ofert\u00ebn e besimtar\u00ebve dhe kontributin e tyre p\u00ebr fuqizimin dhe mb\u00ebshtetjen e veprimtarive t\u00eb Kish\u00ebs. \u201cNdoshta vonuam kur e nis\u00ebm rrug\u00ebtimin ton\u00eb, sepse t\u00eb tilla ishin kushtet historike dhe sidomos v\u00ebshtir\u00ebsit\u00eb ekonomike t\u00eb popullit, por tani \u00ebsht\u00eb koha q\u00eb t\u2019i kthehemi tradit\u00ebs s\u00eb Kish\u00ebs Orthodhokse. P\u00ebrdit\u00eb, por sidomos t\u00eb Dielave, besimtari nuk duhet t\u00eb vij\u00eb duarbosh n\u00eb Kish\u00eb; duhet t\u00eb ofroj\u00eb, t\u00eb dhuroj\u00eb pavar\u00ebsisht sa, p\u00ebr t\u00eb mb\u00ebshtetur njer\u00ebzit m\u00eb t\u00eb dob\u00ebt, p\u00ebr t\u00eb kontribuuar n\u00eb veprimtarin\u00eb arsimdash\u00ebse t\u00eb Kish\u00ebs, n\u00eb veprimtarit\u00eb p\u00ebr t\u00eb luftuar skamjen, p\u00ebr t\u00eb ndihmuar t\u00eb s\u00ebmur\u00ebt dhe t\u00eb pamundurit. P\u00ebr t\u00eb gjitha nevojiten mjete financiare, t\u00eb cilat n\u00eb shekuj i kan\u00eb ofruar bujarisht besimtar\u00ebt. K\u00ebt\u00eb m\u00ebsim le ta marrin t\u00eb rinjt\u00eb tan\u00eb, &#8211; tha Kryepiskopi, duke marr\u00eb shkas edhe nga prania e madhe e t\u00eb rinjve dhe nx\u00ebn\u00ebsve, &#8211; m\u00eb i p\u00ebrfituar shpirt\u00ebrisht del ai q\u00eb jep sesa ai q\u00eb merr. \u00cbsht\u00eb nj\u00eb m\u00ebsim q\u00eb, n\u00ebse i p\u00ebrmbaheni, vler\u00ebn e tij do ta ndieni gjat\u00eb gjith\u00eb jet\u00ebs\u201d.<\/span><\/p>\n<p style=\"text-align: justify;\"><span style=\"font-size: 12pt; font-family: helvetica; color: #000000;\">N\u00eb Predikimin e tij mbi Ungjillin e dit\u00ebs, Kryepiskopi u foli at\u00ebrisht besimtar\u00ebve mbi dilem\u00ebn q\u00eb p\u00ebrmbahej n\u00eb t\u00eb, por q\u00eb \u00ebsht\u00eb edhe dilem\u00eb sfiduese, q\u00eb p\u00ebrdit\u00eb i parashtrohet edhe \u00e7do njeriu e besimtari. Dilema nga t\u00eb anosh mes p\u00ebrvoj\u00ebs, imponimeve t\u00eb saj dhe porosis\u00eb s\u00eb Per\u00ebndis\u00eb. Peshkatar\u00ebt-apostuj kishin p\u00ebr t\u00eb zgjedhur mes p\u00ebrvoj\u00ebs s\u00eb tyre si peshkatar\u00eb t\u00eb regjur, q\u00eb u thoshte se p\u00ebrderisa gjat\u00eb gjith\u00eb nat\u00ebs q\u00eb \u00ebsht\u00eb koha e p\u00ebrshtatshme p\u00ebr t\u00eb kapur peshq nuk kishin z\u00ebn\u00eb asgj\u00eb, pse duhej n\u00eb mes t\u00eb dit\u00ebs t\u00eb hidhnin rrjetat? Dhe, nga ana tjet\u00ebr, ai urdh\u00ebr i Zotit: hidhini rrjetat me besim n\u00eb fjal\u00ebn time. Rezultati \u00ebsht\u00eb i njohur natyrisht.<\/span><\/p>\n<p style=\"text-align: justify;\"><span style=\"font-size: 12pt; font-family: helvetica; color: #000000;\">Por, p\u00ebr t\u00eb p\u00ebrjetuar sikund\u00ebr apostujt k\u00ebt\u00eb eksperienc\u00eb dileme t\u00eb bekuar dhe p\u00ebr t\u00eb zgjedhur jo \u00e7ka dikton p\u00ebrvoja, por urdhri i Zotit, duhen kat\u00ebr parakushte t\u00eb plot\u00ebsohen: besim n\u00eb fjal\u00ebn e Per\u00ebndis\u00eb, bindje pa kushte n\u00eb d\u00ebshir\u00ebn e Tij, p\u00ebrulje p\u00ebr t\u00eb shmangur edhe shenj\u00ebn m\u00eb t\u00eb vog\u00ebl t\u00eb egoizmit, si dhe guxim p\u00ebr t\u00eb ndjekur deri n\u00eb fund rrug\u00ebn e Per\u00ebndis\u00eb.<\/span><\/p>\n<p style=\"text-align: justify;\"><span style=\"font-size: 12pt; font-family: helvetica; color: #000000;\">Kryepiskopi e argumentoi gjith\u00eb k\u00ebt\u00eb moment Evangjelik edhe me p\u00ebrvoj\u00ebn nga historia 25-vje\u00e7are e rrug\u00ebtimit ngjall\u00ebsor t\u00eb Kish\u00ebs son\u00eb Orthodhokse Autoqefale t\u00eb Shqip\u00ebris\u00eb. N\u00eb kushtet ku ndodhej vendi dhe shoq\u00ebria n\u00eb vitet \u201890, mbushur me bunker\u00eb dhe ku ndihej aq e mpreht\u00eb era e d\u00ebshp\u00ebrimit dhe braktisjes, p\u00ebrpjekjet hierapostolike nuk mund t\u00eb jetonin ve\u00e7 pak muaj. Por u b\u00ebn\u00eb 26 vjet pune krijuese dhe bekime aq t\u00eb paimagjinuara p\u00ebr Kish\u00ebn dhe shoq\u00ebrin\u00eb ton\u00eb. P\u00ebr shum\u00eb nga nismat aq t\u00eb avancuara t\u00eb Kish\u00ebs son\u00eb, t\u00eb nd\u00ebrmarra gjat\u00eb gjith\u00eb k\u00ebtyre viteve, p\u00ebrvoja do t\u00eb kishte p\u00ebr t\u00eb manifestuar gjith\u00eb ato argumente refuzuese, por bindja te porosia e Zotit i ka shnd\u00ebrruar ato n\u00eb realitete t\u00eb bekuara&#8230;<\/span><\/p>\n<p style=\"text-align: justify;\"><span style=\"font-size: 12pt; font-family: helvetica; color: #000000;\">Mitropoliti i Gjirokastr\u00ebs, duke iu referuar t\u00eb rinjve t\u00eb shumt\u00eb entuziast\u00eb q\u00eb ishin t\u00eb pranish\u00ebm, i kujtoi Kryepiskopit se edhe at\u00ebher\u00eb kur nisi p\u00ebrpjekja e ringritjes s\u00eb Kish\u00ebs son\u00eb ishin f\u00ebmij\u00ebt t\u00eb par\u00ebt q\u00eb afroheshin, ve\u00e7se tani ka nj\u00eb ndryshim: Gjith\u00eb kjo rini dhe f\u00ebmij\u00ebt jan\u00eb tuajt, Fortlumturi, t\u00eb shkollave t\u00eb cilat themeloni dhe i mbani gjall\u00eb. N\u00eb kujtim t\u00eb vizit\u00ebs dhe Liturgjis\u00eb Hyjnore, thuajse nj\u00eb vit pas Shenjt\u00ebrimit t\u00eb Katedrales, Mitropoliti Dhimit\u00ebr i dhuroi Kryepiskopit nj\u00eb shkop baritor arkieratik, duke e fal\u00ebnderuar p\u00ebr gjith\u00e7ka ofron p\u00ebr ringritjen e strukturave t\u00eb Kish\u00ebs son\u00eb ve\u00e7an\u00ebrisht n\u00eb Mitropolin\u00eb e Hirshme t\u00eb Gjirokastr\u00ebs.<\/span><\/p>\n<p style=\"text-align: justify;\"><span style=\"font-size: 12pt; font-family: helvetica; color: #000000;\">N\u00eb mjediset e sall\u00ebs s\u00eb veprimtarive t\u00eb shkoll\u00ebs 9-vje\u00e7are shqiptaro-greke \u201cFrym\u00eb Dashurie\u201d, vijoi festa e nx\u00ebn\u00ebsve t\u00eb qendrave tona arsimore, si edhe pritja e takimi me besimtar\u00ebt. Kryepiskopi p\u00ebrs\u00ebriti nxitjen e tij t\u00eb p\u00ebrhershme q\u00eb edhe ky komunitet Orthodhoks i Gjirokastr\u00ebs dhe i enorive p\u00ebrreth t\u00eb mos jet\u00eb i mbyllur dhe klub vet\u00ebm p\u00ebr vete, por dritare e hapur p\u00ebr t\u00eb gjith\u00eb shoq\u00ebrin\u00eb, ashtu si\u00e7 duhet t\u00eb jet\u00eb Kisha Orthodhokse, prit\u00ebse dhe rrezatuese e dhuratave t\u00eb Shpirtit t\u00eb Shenjt\u00eb: dashuris\u00eb, paqes, zem\u00ebrgjer\u00ebsis\u00eb, durimit etj.<\/span><\/p>\n<p style=\"text-align: justify;\"><span style=\"font-size: 12pt; font-family: helvetica; color: #000000;\">Kryepiskopi Anastas u takua edhe me klerik\u00ebt e Mitropolis\u00eb, shumica e t\u00eb cil\u00ebve jan\u00eb hirotonisur prej tij, duke i mb\u00ebshtetur dhe fuqizuar me fjal\u00ebt e tij at\u00ebrore n\u00eb misionin dhe pun\u00ebn e v\u00ebshtir\u00eb p\u00ebr gjall\u00ebrimin e enorive dhe komuniteteve lokale, pun\u00eb e vyer p\u00ebr t\u00eb gjith\u00eb Kish\u00ebn ton\u00eb Orthodhokse.<\/span><\/p>\n<p style=\"text-align: justify;\">&nbsp;<\/p>\n<p style=\"text-align: center;\"><span style=\"color: #800000; font-size: 14pt;\"><strong><span style=\"font-family: helvetica;\">* * *<\/span><\/strong><\/span><\/p>\n<p style=\"text-align: justify;\">&nbsp;<\/p>\n<p style=\"text-align: justify;\"><span style=\"font-size: 12pt; font-family: helvetica; color: #000000;\">T\u00eb h\u00ebn\u00ebn, 25 shtator, para se t\u00eb vazhdonte rrug\u00ebn drejt Tiran\u00ebs, Kryepiskopi Anastas ishte i pranish\u00ebm n\u00eb mjediset e kompleksit arsimor \u201cEmaus\u201d, ku u krye veprimtaria e p\u00ebrurimit t\u00eb fillimit t\u00eb veprimtaris\u00eb s\u00eb tij t\u00eb shkoll\u00ebs s\u00eb mesme t\u00eb p\u00ebrgjithshme \u201cFrym\u00eb Dashurie\u201d, vijim i asaj 9-vje\u00e7are. B\u00ebhet fjal\u00eb p\u00ebr nj\u00eb dhurat\u00eb tjet\u00ebr dashurie t\u00eb Kryepiskopit p\u00ebr t\u00eb kontribuuar n\u00eb pun\u00ebt arsimit cil\u00ebsor t\u00eb brezit ton\u00eb t\u00eb ri.<\/span><\/p>\n<p style=\"text-align: justify;\"><span style=\"font-size: 12pt; font-family: helvetica; color: #000000;\">Sh\u00ebrbesa e Ajazm\u00ebs u krye n\u00eb Paraklisin e Ngjalljes s\u00eb Krishtit t\u00eb kompleksit \u201cEmaus\u201d, nd\u00ebrsa Kryepiskopi bashk\u00eb me Mitropolitin Dhimit\u00ebr pren\u00eb shiritin e p\u00ebrurimit. Pas pun\u00ebve rikonstruktuese, kompleksi ofron kushte ideale p\u00ebr shtrirjen e plot\u00eb t\u00eb procesit m\u00ebsimor dhe jasht\u00ebshkollor t\u00eb k\u00ebtij gjimnazi.<\/span><\/p>\n<p style=\"text-align: justify;\"><span style=\"font-size: 12pt; font-family: helvetica; color: #000000;\">M\u00eb pas, n\u00eb sall\u00ebn polifunksionale t\u00eb kompleksit, vijoi veprimtaria e rastit, ku t\u00eb pranish\u00ebm ishin edhe Mitropolit\u00ebt Dhimit\u00ebr dhe Nathanail, Drejtoresha Rajonale e Arsimit, znj. Lindita Rova, Konsulli i Republik\u00ebs Greke n\u00eb Gjirokast\u00ebr, z. Vasilios Tolos, kuadro dhe bashk\u00ebpun\u00ebtor\u00eb t\u00eb Fondacionit \u201cFrym\u00eb Dashurie\u201d, klerik\u00eb, prind\u00ebr e banor\u00eb t\u00eb qytetit dhe zon\u00ebs. Me fjal\u00eb shum\u00eb t\u00eb ngrohta e t\u00eb p\u00ebrzem\u00ebrta, n\u00eb em\u00ebr t\u00eb nx\u00ebn\u00ebsve t\u00eb par\u00eb dhe stafit pedagogjik t\u00eb zgjedhur, drejtori i shkoll\u00ebs, z. Theodhori Qesku shprehu fal\u00ebnderime p\u00ebr Kryepiskopin dhe uroi p\u00ebr p\u00ebrvjetorin e 25-t\u00eb t\u00eb Fron\u00ebzimit, t\u00eb cilit edhe i p\u00ebrkushtohet kjo shkoll\u00eb. Duke folur p\u00ebr synimet e shkoll\u00ebs, ai u shpreh se udh\u00ebrr\u00ebfyese ka p\u00ebr t\u00eb qen\u00eb m\u00ebsimdh\u00ebnia e pasur e Kryepiskopit ton\u00eb Anastas n\u00eb cil\u00ebsin\u00eb e bariut shpirt\u00ebror, por edhe t\u00eb m\u00ebsuesit t\u00eb palodhur t\u00eb auditor\u00ebve. Karakteristikat baz\u00eb t\u00eb synimeve t\u00eb k\u00ebsaj qendre t\u00eb re kan\u00eb p\u00ebr t\u00eb qen\u00eb: fal\u00ebnderimi, d\u00ebshmia dhe shpresa.<\/span><\/p>\n<p style=\"text-align: justify;\"><span style=\"font-size: 12pt; font-family: helvetica; color: #000000;\">Kryepiskopi Anastas uroi q\u00eb shkolla t\u00eb arrij\u00eb rezultatet e synuara dhe t\u00eb tregohet e denj\u00eb p\u00ebr besimin q\u00eb i ka dh\u00ebn\u00eb Kisha dhe komuniteti yn\u00eb, por edhe t\u00eb justifikoj\u00eb investimin dinjitoz q\u00eb i \u00ebsht\u00eb v\u00ebn\u00eb n\u00eb dispozicion. Uroi nx\u00ebn\u00ebsit n\u00eb ve\u00e7anti q\u00eb ambienti i tyre t\u00eb mos preket kurr\u00eb nga mikrobe karakteristike t\u00eb shoq\u00ebrive shkollore, si\u00e7 jan\u00eb smira, xhelozia dhe egoizmi, por p\u00ebrkundrazi, t\u00eb jen\u00eb gjithmon\u00eb faktor\u00eb t\u00eb dashuris\u00eb, solidaritetit dhe gar\u00ebs s\u00eb sh\u00ebndosh\u00eb. Me fjal\u00eb t\u00eb p\u00ebrgjithshme, Kryepiskopi nxiti q\u00eb edhe kjo shkoll\u00eb e Fondacionit \u201cFrym\u00eb Dashurie\u201d, themelues dhe President i t\u00eb cilit \u00ebsht\u00eb ai vet\u00eb, t\u00eb jet\u00eb qend\u00ebr ku t\u00eb punohet p\u00ebr dashurin\u00eb, t\u00eb v\u00ebrtet\u00ebn dhe t\u00eb bukur\u00ebn t\u00eb frym\u00ebzuar dhe mb\u00ebshtetur nga Zoti yn\u00eb Jisu Krisht, q\u00eb \u00ebsht\u00eb Dashuria e mish\u00ebruar e Per\u00ebndis\u00eb, Bukuria e pambarim dhe e p\u00ebrkryer dhe e V\u00ebrteta absolute. P\u00ebrg\u00ebzoi stafin pedagogjik q\u00eb n\u00eb nj\u00eb afat kaq t\u00eb shkurt\u00ebr ka arritur q\u00eb t\u00eb ket\u00eb vijim\u00ebsi n\u00eb programin m\u00ebsimor dhe ambiente t\u00eb pajisura sipas k\u00ebrkesave.<\/span><\/p>\n<p style=\"text-align: justify;\"><span style=\"font-size: 12pt; font-family: helvetica; color: #000000;\">Kori i shkoll\u00ebs 9-vje\u00e7are e b\u00ebri akoma m\u00eb t\u00eb ngroht\u00eb atmosfer\u00ebn dhe i dha jet\u00eb kompleksit.<\/span><\/p>\n<p style=\"text-align: justify;\"><span style=\"font-size: 12pt; font-family: helvetica; color: #000000;\">Kryepiskopi dhe t\u00eb pranishmit vizituan mjediset e shkoll\u00ebs, sallat e m\u00ebsimit, laborator\u00ebt n\u00eb funksion dhe ato n\u00eb ngritje, si edhe bibliotek\u00ebn.<\/span><\/p>\n<p style=\"text-align: justify;\">&nbsp;<\/p>\n<p style=\"text-align: center;\"><img class=\"lazyload\" decoding=\"async\" src=\"data:image\/svg+xml,%3Csvg%20xmlns%3D%27http%3A%2F%2Fwww.w3.org%2F2000%2Fsvg%27%20width%3D%27450%27%20height%3D%27300%27%20viewBox%3D%270%200%20450%20300%27%3E%3Crect%20width%3D%27450%27%20height%3D%27300%27%20fill-opacity%3D%220%22%2F%3E%3C%2Fsvg%3E\" data-orig-src=\"https:\/\/orthodoxalbania.org\/2020\/wp-content\/uploads\/2020\/04\/1-1-6-4.jpg\" width=\"450\" height=\"300\" style=\"display: block; margin: 10px auto; border: 1px solid #000000;\" \/><\/p>\n<p style=\"text-align: center;\"><img class=\"lazyload\" decoding=\"async\" src=\"data:image\/svg+xml,%3Csvg%20xmlns%3D%27http%3A%2F%2Fwww.w3.org%2F2000%2Fsvg%27%20width%3D%27450%27%20height%3D%27300%27%20viewBox%3D%270%200%20450%20300%27%3E%3Crect%20width%3D%27450%27%20height%3D%27300%27%20fill-opacity%3D%220%22%2F%3E%3C%2Fsvg%3E\" data-orig-src=\"https:\/\/orthodoxalbania.org\/2020\/wp-content\/uploads\/2020\/04\/6-4-0-0.jpg\" width=\"450\" height=\"300\" style=\"display: block; margin: 10px auto; border: 1px solid #000000;\" \/><\/p>\n<p style=\"text-align: center;\"><img class=\"lazyload\" decoding=\"async\" src=\"data:image\/svg+xml,%3Csvg%20xmlns%3D%27http%3A%2F%2Fwww.w3.org%2F2000%2Fsvg%27%20width%3D%27450%27%20height%3D%27300%27%20viewBox%3D%270%200%20450%20300%27%3E%3Crect%20width%3D%27450%27%20height%3D%27300%27%20fill-opacity%3D%220%22%2F%3E%3C%2Fsvg%3E\" data-orig-src=\"https:\/\/orthodoxalbania.org\/2020\/wp-content\/uploads\/2020\/04\/7-6-7.jpg\" width=\"450\" height=\"300\" style=\"display: block; margin: 10px auto; border: 1px solid #000000;\" \/><\/p>\n<p style=\"text-align: center;\"><img class=\"lazyload\" decoding=\"async\" src=\"data:image\/svg+xml,%3Csvg%20xmlns%3D%27http%3A%2F%2Fwww.w3.org%2F2000%2Fsvg%27%20width%3D%27450%27%20height%3D%27300%27%20viewBox%3D%270%200%20450%20300%27%3E%3Crect%20width%3D%27450%27%20height%3D%27300%27%20fill-opacity%3D%220%22%2F%3E%3C%2Fsvg%3E\" data-orig-src=\"https:\/\/orthodoxalbania.org\/2020\/wp-content\/uploads\/2020\/04\/8-2-7.jpg\" width=\"450\" height=\"300\" style=\"display: block; margin: 10px auto; border: 1px solid #000000;\" \/><\/p>\n<p style=\"text-align: center;\"><img class=\"lazyload\" decoding=\"async\" src=\"data:image\/svg+xml,%3Csvg%20xmlns%3D%27http%3A%2F%2Fwww.w3.org%2F2000%2Fsvg%27%20width%3D%27450%27%20height%3D%27300%27%20viewBox%3D%270%200%20450%20300%27%3E%3Crect%20width%3D%27450%27%20height%3D%27300%27%20fill-opacity%3D%220%22%2F%3E%3C%2Fsvg%3E\" data-orig-src=\"https:\/\/orthodoxalbania.org\/2020\/wp-content\/uploads\/2020\/04\/9-6-0.jpg\" width=\"450\" height=\"300\" style=\"display: block; margin: 10px auto; border: 1px solid #000000;\" \/><\/p>\n<p style=\"text-align: center;\"><img class=\"lazyload\" decoding=\"async\" src=\"data:image\/svg+xml,%3Csvg%20xmlns%3D%27http%3A%2F%2Fwww.w3.org%2F2000%2Fsvg%27%20width%3D%27450%27%20height%3D%27300%27%20viewBox%3D%270%200%20450%20300%27%3E%3Crect%20width%3D%27450%27%20height%3D%27300%27%20fill-opacity%3D%220%22%2F%3E%3C%2Fsvg%3E\" data-orig-src=\"https:\/\/orthodoxalbania.org\/2020\/wp-content\/uploads\/2020\/04\/2-9-6.jpg\" width=\"450\" height=\"300\" style=\"display: block; margin: 10px auto; border: 1px solid #000000;\" \/><\/p>\n<p style=\"text-align: center;\"><img class=\"lazyload\" decoding=\"async\" src=\"data:image\/svg+xml,%3Csvg%20xmlns%3D%27http%3A%2F%2Fwww.w3.org%2F2000%2Fsvg%27%20width%3D%27450%27%20height%3D%27300%27%20viewBox%3D%270%200%20450%20300%27%3E%3Crect%20width%3D%27450%27%20height%3D%27300%27%20fill-opacity%3D%220%22%2F%3E%3C%2Fsvg%3E\" data-orig-src=\"https:\/\/orthodoxalbania.org\/2020\/wp-content\/uploads\/2020\/04\/11-3-5.jpg\" width=\"450\" height=\"300\" style=\"display: block; margin: 10px auto; border: 1px solid #000000;\" \/><\/p>\n<p style=\"text-align: center;\"><img class=\"lazyload\" decoding=\"async\" src=\"data:image\/svg+xml,%3Csvg%20xmlns%3D%27http%3A%2F%2Fwww.w3.org%2F2000%2Fsvg%27%20width%3D%27450%27%20height%3D%27300%27%20viewBox%3D%270%200%20450%20300%27%3E%3Crect%20width%3D%27450%27%20height%3D%27300%27%20fill-opacity%3D%220%22%2F%3E%3C%2Fsvg%3E\" data-orig-src=\"https:\/\/orthodoxalbania.org\/2020\/wp-content\/uploads\/2020\/04\/12-7-7.jpg\" width=\"450\" height=\"300\" style=\"display: block; margin: 10px auto; border: 1px solid #000000;\" \/><img class=\"lazyload\" decoding=\"async\" src=\"data:image\/svg+xml,%3Csvg%20xmlns%3D%27http%3A%2F%2Fwww.w3.org%2F2000%2Fsvg%27%20width%3D%27450%27%20height%3D%27300%27%20viewBox%3D%270%200%20450%20300%27%3E%3Crect%20width%3D%27450%27%20height%3D%27300%27%20fill-opacity%3D%220%22%2F%3E%3C%2Fsvg%3E\" data-orig-src=\"https:\/\/orthodoxalbania.org\/2020\/wp-content\/uploads\/2020\/04\/13-1-5.jpg\" width=\"450\" height=\"300\" style=\"display: block; margin: 10px auto; border: 1px solid #000000;\" \/><\/p>\n<p style=\"text-align: center;\"><img class=\"lazyload\" decoding=\"async\" src=\"data:image\/svg+xml,%3Csvg%20xmlns%3D%27http%3A%2F%2Fwww.w3.org%2F2000%2Fsvg%27%20width%3D%27450%27%20height%3D%27300%27%20viewBox%3D%270%200%20450%20300%27%3E%3Crect%20width%3D%27450%27%20height%3D%27300%27%20fill-opacity%3D%220%22%2F%3E%3C%2Fsvg%3E\" data-orig-src=\"https:\/\/orthodoxalbania.org\/2020\/wp-content\/uploads\/2020\/04\/4-6-1-3.jpg\" width=\"450\" height=\"300\" style=\"display: block; margin: 10px auto; border: 1px solid #000000;\" \/><\/p>\n<p style=\"text-align: center;\"><img class=\"lazyload\" decoding=\"async\" src=\"data:image\/svg+xml,%3Csvg%20xmlns%3D%27http%3A%2F%2Fwww.w3.org%2F2000%2Fsvg%27%20width%3D%27450%27%20height%3D%27300%27%20viewBox%3D%270%200%20450%20300%27%3E%3Crect%20width%3D%27450%27%20height%3D%27300%27%20fill-opacity%3D%220%22%2F%3E%3C%2Fsvg%3E\" data-orig-src=\"https:\/\/orthodoxalbania.org\/2020\/wp-content\/uploads\/2020\/04\/5-9-3.jpg\" width=\"450\" height=\"300\" style=\"display: block; margin: 10px auto; border: 1px solid #000000;\" \/><\/p>\n<p style=\"text-align: center;\"><img class=\"lazyload\" decoding=\"async\" style=\"border: 1px solid #000000; cursor: default; display: block; max-width: 100%; height: auto; outline: black solid 1px; font-family: Verdana, Arial, Helvetica, sans-serif; font-size: 11px; text-align: center; background-color: #ffffff; margin: 10px auto;\" src=\"data:image\/svg+xml,%3Csvg%20xmlns%3D%27http%3A%2F%2Fwww.w3.org%2F2000%2Fsvg%27%20width%3D%27450%27%20height%3D%27300%27%20viewBox%3D%270%200%20450%20300%27%3E%3Crect%20width%3D%27450%27%20height%3D%27300%27%20fill-opacity%3D%220%22%2F%3E%3C%2Fsvg%3E\" data-orig-src=\"https:\/\/orthodoxalbania.org\/2020\/wp-content\/uploads\/2020\/04\/14-4-4-9.jpg\" height=\"300\" width=\"450\" \/><\/p>\n","protected":false},"excerpt":{"rendered":"<p>&#8211; Liturgji Hyjnore n\u00eb Katedralen \u201cNgjallja e Krishtit\u201d &#8211; &#8211; Takim i p\u00ebrzem\u00ebrt me besimtar\u00eb dhe nx\u00ebn\u00ebs &#8211; &#8211; P\u00ebrurimi i Shkoll\u00ebs s\u00eb Mesme \u201cFrym\u00eb Dashurie\u201d &#8211; &nbsp; Plot me bekime e dhurata shpirt\u00ebrore ishte vizita e Kryepiskopit t\u00eb Tiran\u00ebs, Durr\u00ebsit dhe t\u00eb Gjith\u00eb Shqip\u00ebris\u00eb, Imzot Anastasit, n\u00eb Mitropolin\u00eb e Hirshme t\u00eb Gjirokastr\u00ebs, nga 23-25 shtator 2017. Kulmimi i saj ishte Liturgjia Hyjnore e s\u00eb<\/p>\n","protected":false},"author":1,"featured_media":5555,"comment_status":"open","ping_status":"open","sticky":false,"template":"","format":"standard","meta":{"_acf_changed":false,"pagelayer_contact_templates":[],"_pagelayer_content":"","inline_featured_image":false,"fifu_image_url":"","fifu_image_alt":"","footnotes":""},"categories":[108],"tags":[209,196,201,212,198],"class_list":["post-5554","post","type-post","status-publish","format-standard","has-post-thumbnail","hentry","category-lajme","tag-209","tag-tirane","tag-kryepiskopi-anastas","tag-lajme-d27","tag-gjirokaster"],"acf":[],"yoast_head":"<!-- This site is optimized with the Yoast SEO plugin v27.2 - https:\/\/yoast.com\/product\/yoast-seo-wordpress\/ -->\n<title>Kryepiskopi Anastas n\u00eb Mitropolin\u00eb e Hirshme t\u00eb Gjirokastr\u00ebs - Kisha Orthodh\u03bfkse Autoqefale e Shqip\u00ebris\u00eb<\/title>\n<meta name=\"robots\" content=\"index, follow, max-snippet:-1, max-image-preview:large, max-video-preview:-1\" \/>\n<link rel=\"canonical\" href=\"https:\/\/orthodoxalbania.org\/2020\/2017\/09\/26\/kryepiskopi-anastas-ne-mitropoline-e-hirshme-te-gjirokastres\/\" \/>\n<meta property=\"og:locale\" content=\"en_US\" \/>\n<meta property=\"og:type\" content=\"article\" \/>\n<meta property=\"og:title\" content=\"Kryepiskopi Anastas n\u00eb Mitropolin\u00eb e Hirshme t\u00eb Gjirokastr\u00ebs - Kisha Orthodh\u03bfkse Autoqefale e Shqip\u00ebris\u00eb\" \/>\n<meta property=\"og:description\" content=\"&#8211; Liturgji Hyjnore n\u00eb Katedralen \u201cNgjallja e Krishtit\u201d &#8211; &#8211; Takim i p\u00ebrzem\u00ebrt me besimtar\u00eb dhe nx\u00ebn\u00ebs &#8211; &#8211; P\u00ebrurimi i Shkoll\u00ebs s\u00eb Mesme \u201cFrym\u00eb Dashurie\u201d &#8211; &nbsp; Plot me bekime e dhurata shpirt\u00ebrore ishte vizita e Kryepiskopit t\u00eb Tiran\u00ebs, Durr\u00ebsit dhe t\u00eb Gjith\u00eb Shqip\u00ebris\u00eb, Imzot Anastasit, n\u00eb Mitropolin\u00eb e Hirshme t\u00eb Gjirokastr\u00ebs, nga 23-25 shtator 2017. Kulmimi i saj ishte Liturgjia Hyjnore e s\u00eb\" \/>\n<meta property=\"og:url\" content=\"https:\/\/orthodoxalbania.org\/2020\/2017\/09\/26\/kryepiskopi-anastas-ne-mitropoline-e-hirshme-te-gjirokastres\/\" \/>\n<meta property=\"og:site_name\" content=\"Kisha Orthodh\u03bfkse Autoqefale e Shqip\u00ebris\u00eb\" \/>\n<meta property=\"article:publisher\" content=\"https:\/\/www.facebook.com\/koash1991\" \/>\n<meta property=\"article:published_time\" content=\"2017-09-26T12:40:57+00:00\" \/>\n<meta property=\"article:modified_time\" content=\"2020-04-06T19:58:17+00:00\" \/>\n<meta property=\"og:image\" content=\"https:\/\/orthodoxalbania.org\/2020\/wp-content\/uploads\/2020\/04\/14-9-4.jpg\" \/>\n\t<meta property=\"og:image:width\" content=\"1024\" \/>\n\t<meta property=\"og:image:height\" content=\"682\" \/>\n\t<meta property=\"og:image:type\" content=\"image\/jpeg\" \/>\n<meta name=\"author\" content=\"Kisha Orthodhokse\" \/>\n<meta name=\"twitter:card\" content=\"summary_large_image\" \/>\n<meta name=\"twitter:label1\" content=\"Written by\" \/>\n\t<meta name=\"twitter:data1\" content=\"Kisha Orthodhokse\" \/>\n\t<meta name=\"twitter:label2\" content=\"Est. reading time\" \/>\n\t<meta name=\"twitter:data2\" content=\"8 minutes\" \/>\n<script type=\"application\/ld+json\" class=\"yoast-schema-graph\">{\"@context\":\"https:\/\/schema.org\",\"@graph\":[{\"@type\":\"Article\",\"@id\":\"https:\/\/orthodoxalbania.org\/2020\/2017\/09\/26\/kryepiskopi-anastas-ne-mitropoline-e-hirshme-te-gjirokastres\/#article\",\"isPartOf\":{\"@id\":\"https:\/\/orthodoxalbania.org\/2020\/2017\/09\/26\/kryepiskopi-anastas-ne-mitropoline-e-hirshme-te-gjirokastres\/\"},\"author\":{\"name\":\"Kisha Orthodhokse\",\"@id\":\"https:\/\/orthodoxalbania.org\/2020\/#\/schema\/person\/0c387634a7063ac612d7ed9ce71c7e86\"},\"headline\":\"Kryepiskopi Anastas n\u00eb Mitropolin\u00eb e Hirshme t\u00eb Gjirokastr\u00ebs\",\"datePublished\":\"2017-09-26T12:40:57+00:00\",\"dateModified\":\"2020-04-06T19:58:17+00:00\",\"mainEntityOfPage\":{\"@id\":\"https:\/\/orthodoxalbania.org\/2020\/2017\/09\/26\/kryepiskopi-anastas-ne-mitropoline-e-hirshme-te-gjirokastres\/\"},\"wordCount\":1642,\"commentCount\":0,\"publisher\":{\"@id\":\"https:\/\/orthodoxalbania.org\/2020\/#organization\"},\"image\":{\"@id\":\"https:\/\/orthodoxalbania.org\/2020\/2017\/09\/26\/kryepiskopi-anastas-ne-mitropoline-e-hirshme-te-gjirokastres\/#primaryimage\"},\"thumbnailUrl\":\"https:\/\/orthodoxalbania.org\/2020\/wp-content\/uploads\/2020\/04\/14-9-4.jpg\",\"keywords\":[\"2017\",\"Kryepiskopata Tiran\u00eb\",\"Kryepiskopi Anastas\",\"lajme\",\"Mitropolia Gjirokast\u00ebr\"],\"articleSection\":[\"Lajme\"],\"inLanguage\":\"en-US\"},{\"@type\":\"WebPage\",\"@id\":\"https:\/\/orthodoxalbania.org\/2020\/2017\/09\/26\/kryepiskopi-anastas-ne-mitropoline-e-hirshme-te-gjirokastres\/\",\"url\":\"https:\/\/orthodoxalbania.org\/2020\/2017\/09\/26\/kryepiskopi-anastas-ne-mitropoline-e-hirshme-te-gjirokastres\/\",\"name\":\"Kryepiskopi Anastas n\u00eb Mitropolin\u00eb e Hirshme t\u00eb Gjirokastr\u00ebs - Kisha Orthodh\u03bfkse Autoqefale e Shqip\u00ebris\u00eb\",\"isPartOf\":{\"@id\":\"https:\/\/orthodoxalbania.org\/2020\/#website\"},\"primaryImageOfPage\":{\"@id\":\"https:\/\/orthodoxalbania.org\/2020\/2017\/09\/26\/kryepiskopi-anastas-ne-mitropoline-e-hirshme-te-gjirokastres\/#primaryimage\"},\"image\":{\"@id\":\"https:\/\/orthodoxalbania.org\/2020\/2017\/09\/26\/kryepiskopi-anastas-ne-mitropoline-e-hirshme-te-gjirokastres\/#primaryimage\"},\"thumbnailUrl\":\"https:\/\/orthodoxalbania.org\/2020\/wp-content\/uploads\/2020\/04\/14-9-4.jpg\",\"datePublished\":\"2017-09-26T12:40:57+00:00\",\"dateModified\":\"2020-04-06T19:58:17+00:00\",\"breadcrumb\":{\"@id\":\"https:\/\/orthodoxalbania.org\/2020\/2017\/09\/26\/kryepiskopi-anastas-ne-mitropoline-e-hirshme-te-gjirokastres\/#breadcrumb\"},\"inLanguage\":\"en-US\",\"potentialAction\":[{\"@type\":\"ReadAction\",\"target\":[\"https:\/\/orthodoxalbania.org\/2020\/2017\/09\/26\/kryepiskopi-anastas-ne-mitropoline-e-hirshme-te-gjirokastres\/\"]}]},{\"@type\":\"ImageObject\",\"inLanguage\":\"en-US\",\"@id\":\"https:\/\/orthodoxalbania.org\/2020\/2017\/09\/26\/kryepiskopi-anastas-ne-mitropoline-e-hirshme-te-gjirokastres\/#primaryimage\",\"url\":\"https:\/\/orthodoxalbania.org\/2020\/wp-content\/uploads\/2020\/04\/14-9-4.jpg\",\"contentUrl\":\"https:\/\/orthodoxalbania.org\/2020\/wp-content\/uploads\/2020\/04\/14-9-4.jpg\",\"width\":1024,\"height\":682},{\"@type\":\"BreadcrumbList\",\"@id\":\"https:\/\/orthodoxalbania.org\/2020\/2017\/09\/26\/kryepiskopi-anastas-ne-mitropoline-e-hirshme-te-gjirokastres\/#breadcrumb\",\"itemListElement\":[{\"@type\":\"ListItem\",\"position\":1,\"name\":\"Home\",\"item\":\"https:\/\/orthodoxalbania.org\/2020\/\"},{\"@type\":\"ListItem\",\"position\":2,\"name\":\"Kryepiskopi Anastas n\u00eb Mitropolin\u00eb e Hirshme t\u00eb Gjirokastr\u00ebs\"}]},{\"@type\":\"WebSite\",\"@id\":\"https:\/\/orthodoxalbania.org\/2020\/#website\",\"url\":\"https:\/\/orthodoxalbania.org\/2020\/\",\"name\":\"Kisha Orthodh\u03bfkse Autoqefale e Shqip\u00ebris\u00eb\",\"description\":\"Fqja Zyrtare e Kish\u00ebs Orthodhokse Autoqefale e Shqip\u00ebris\u00eb me lajmet edhe informacionet zyrtare p\u00ebr struktur\u00ebn edhe veprimtarin e saj.\",\"publisher\":{\"@id\":\"https:\/\/orthodoxalbania.org\/2020\/#organization\"},\"potentialAction\":[{\"@type\":\"SearchAction\",\"target\":{\"@type\":\"EntryPoint\",\"urlTemplate\":\"https:\/\/orthodoxalbania.org\/2020\/?s={search_term_string}\"},\"query-input\":{\"@type\":\"PropertyValueSpecification\",\"valueRequired\":true,\"valueName\":\"search_term_string\"}}],\"inLanguage\":\"en-US\"},{\"@type\":\"Organization\",\"@id\":\"https:\/\/orthodoxalbania.org\/2020\/#organization\",\"name\":\"Kisha Orthodhokse Autoqefale e Shqip\u00ebris\u00eb\",\"url\":\"https:\/\/orthodoxalbania.org\/2020\/\",\"logo\":{\"@type\":\"ImageObject\",\"inLanguage\":\"en-US\",\"@id\":\"https:\/\/orthodoxalbania.org\/2020\/#\/schema\/logo\/image\/\",\"url\":\"https:\/\/orthodoxalbania.org\/2020\/wp-content\/uploads\/2020\/05\/albania.jpeg\",\"contentUrl\":\"https:\/\/orthodoxalbania.org\/2020\/wp-content\/uploads\/2020\/05\/albania.jpeg\",\"width\":540,\"height\":540,\"caption\":\"Kisha Orthodhokse Autoqefale e Shqip\u00ebris\u00eb\"},\"image\":{\"@id\":\"https:\/\/orthodoxalbania.org\/2020\/#\/schema\/logo\/image\/\"},\"sameAs\":[\"https:\/\/www.facebook.com\/koash1991\"]},{\"@type\":\"Person\",\"@id\":\"https:\/\/orthodoxalbania.org\/2020\/#\/schema\/person\/0c387634a7063ac612d7ed9ce71c7e86\",\"name\":\"Kisha Orthodhokse\",\"image\":{\"@type\":\"ImageObject\",\"inLanguage\":\"en-US\",\"@id\":\"https:\/\/secure.gravatar.com\/avatar\/596e7c417251e30f2fbb9c00e026fce61a695a00e51c889caded71c96cbbdde5?s=96&d=mm&r=g\",\"url\":\"https:\/\/secure.gravatar.com\/avatar\/596e7c417251e30f2fbb9c00e026fce61a695a00e51c889caded71c96cbbdde5?s=96&d=mm&r=g\",\"contentUrl\":\"https:\/\/secure.gravatar.com\/avatar\/596e7c417251e30f2fbb9c00e026fce61a695a00e51c889caded71c96cbbdde5?s=96&d=mm&r=g\",\"caption\":\"Kisha Orthodhokse\"}}]}<\/script>\n<!-- \/ Yoast SEO plugin. -->","yoast_head_json":{"title":"Kryepiskopi Anastas n\u00eb Mitropolin\u00eb e Hirshme t\u00eb Gjirokastr\u00ebs - Kisha Orthodh\u03bfkse Autoqefale e Shqip\u00ebris\u00eb","robots":{"index":"index","follow":"follow","max-snippet":"max-snippet:-1","max-image-preview":"max-image-preview:large","max-video-preview":"max-video-preview:-1"},"canonical":"https:\/\/orthodoxalbania.org\/2020\/2017\/09\/26\/kryepiskopi-anastas-ne-mitropoline-e-hirshme-te-gjirokastres\/","og_locale":"en_US","og_type":"article","og_title":"Kryepiskopi Anastas n\u00eb Mitropolin\u00eb e Hirshme t\u00eb Gjirokastr\u00ebs - Kisha Orthodh\u03bfkse Autoqefale e Shqip\u00ebris\u00eb","og_description":"&#8211; Liturgji Hyjnore n\u00eb Katedralen \u201cNgjallja e Krishtit\u201d &#8211; &#8211; Takim i p\u00ebrzem\u00ebrt me besimtar\u00eb dhe nx\u00ebn\u00ebs &#8211; &#8211; P\u00ebrurimi i Shkoll\u00ebs s\u00eb Mesme \u201cFrym\u00eb Dashurie\u201d &#8211; &nbsp; Plot me bekime e dhurata shpirt\u00ebrore ishte vizita e Kryepiskopit t\u00eb Tiran\u00ebs, Durr\u00ebsit dhe t\u00eb Gjith\u00eb Shqip\u00ebris\u00eb, Imzot Anastasit, n\u00eb Mitropolin\u00eb e Hirshme t\u00eb Gjirokastr\u00ebs, nga 23-25 shtator 2017. Kulmimi i saj ishte Liturgjia Hyjnore e s\u00eb","og_url":"https:\/\/orthodoxalbania.org\/2020\/2017\/09\/26\/kryepiskopi-anastas-ne-mitropoline-e-hirshme-te-gjirokastres\/","og_site_name":"Kisha Orthodh\u03bfkse Autoqefale e Shqip\u00ebris\u00eb","article_publisher":"https:\/\/www.facebook.com\/koash1991","article_published_time":"2017-09-26T12:40:57+00:00","article_modified_time":"2020-04-06T19:58:17+00:00","og_image":[{"width":1024,"height":682,"url":"https:\/\/orthodoxalbania.org\/2020\/wp-content\/uploads\/2020\/04\/14-9-4.jpg","type":"image\/jpeg"}],"author":"Kisha Orthodhokse","twitter_card":"summary_large_image","twitter_misc":{"Written by":"Kisha Orthodhokse","Est. reading time":"8 minutes"},"schema":{"@context":"https:\/\/schema.org","@graph":[{"@type":"Article","@id":"https:\/\/orthodoxalbania.org\/2020\/2017\/09\/26\/kryepiskopi-anastas-ne-mitropoline-e-hirshme-te-gjirokastres\/#article","isPartOf":{"@id":"https:\/\/orthodoxalbania.org\/2020\/2017\/09\/26\/kryepiskopi-anastas-ne-mitropoline-e-hirshme-te-gjirokastres\/"},"author":{"name":"Kisha Orthodhokse","@id":"https:\/\/orthodoxalbania.org\/2020\/#\/schema\/person\/0c387634a7063ac612d7ed9ce71c7e86"},"headline":"Kryepiskopi Anastas n\u00eb Mitropolin\u00eb e Hirshme t\u00eb Gjirokastr\u00ebs","datePublished":"2017-09-26T12:40:57+00:00","dateModified":"2020-04-06T19:58:17+00:00","mainEntityOfPage":{"@id":"https:\/\/orthodoxalbania.org\/2020\/2017\/09\/26\/kryepiskopi-anastas-ne-mitropoline-e-hirshme-te-gjirokastres\/"},"wordCount":1642,"commentCount":0,"publisher":{"@id":"https:\/\/orthodoxalbania.org\/2020\/#organization"},"image":{"@id":"https:\/\/orthodoxalbania.org\/2020\/2017\/09\/26\/kryepiskopi-anastas-ne-mitropoline-e-hirshme-te-gjirokastres\/#primaryimage"},"thumbnailUrl":"https:\/\/orthodoxalbania.org\/2020\/wp-content\/uploads\/2020\/04\/14-9-4.jpg","keywords":["2017","Kryepiskopata Tiran\u00eb","Kryepiskopi Anastas","lajme","Mitropolia Gjirokast\u00ebr"],"articleSection":["Lajme"],"inLanguage":"en-US"},{"@type":"WebPage","@id":"https:\/\/orthodoxalbania.org\/2020\/2017\/09\/26\/kryepiskopi-anastas-ne-mitropoline-e-hirshme-te-gjirokastres\/","url":"https:\/\/orthodoxalbania.org\/2020\/2017\/09\/26\/kryepiskopi-anastas-ne-mitropoline-e-hirshme-te-gjirokastres\/","name":"Kryepiskopi Anastas n\u00eb Mitropolin\u00eb e Hirshme t\u00eb Gjirokastr\u00ebs - Kisha Orthodh\u03bfkse Autoqefale e Shqip\u00ebris\u00eb","isPartOf":{"@id":"https:\/\/orthodoxalbania.org\/2020\/#website"},"primaryImageOfPage":{"@id":"https:\/\/orthodoxalbania.org\/2020\/2017\/09\/26\/kryepiskopi-anastas-ne-mitropoline-e-hirshme-te-gjirokastres\/#primaryimage"},"image":{"@id":"https:\/\/orthodoxalbania.org\/2020\/2017\/09\/26\/kryepiskopi-anastas-ne-mitropoline-e-hirshme-te-gjirokastres\/#primaryimage"},"thumbnailUrl":"https:\/\/orthodoxalbania.org\/2020\/wp-content\/uploads\/2020\/04\/14-9-4.jpg","datePublished":"2017-09-26T12:40:57+00:00","dateModified":"2020-04-06T19:58:17+00:00","breadcrumb":{"@id":"https:\/\/orthodoxalbania.org\/2020\/2017\/09\/26\/kryepiskopi-anastas-ne-mitropoline-e-hirshme-te-gjirokastres\/#breadcrumb"},"inLanguage":"en-US","potentialAction":[{"@type":"ReadAction","target":["https:\/\/orthodoxalbania.org\/2020\/2017\/09\/26\/kryepiskopi-anastas-ne-mitropoline-e-hirshme-te-gjirokastres\/"]}]},{"@type":"ImageObject","inLanguage":"en-US","@id":"https:\/\/orthodoxalbania.org\/2020\/2017\/09\/26\/kryepiskopi-anastas-ne-mitropoline-e-hirshme-te-gjirokastres\/#primaryimage","url":"https:\/\/orthodoxalbania.org\/2020\/wp-content\/uploads\/2020\/04\/14-9-4.jpg","contentUrl":"https:\/\/orthodoxalbania.org\/2020\/wp-content\/uploads\/2020\/04\/14-9-4.jpg","width":1024,"height":682},{"@type":"BreadcrumbList","@id":"https:\/\/orthodoxalbania.org\/2020\/2017\/09\/26\/kryepiskopi-anastas-ne-mitropoline-e-hirshme-te-gjirokastres\/#breadcrumb","itemListElement":[{"@type":"ListItem","position":1,"name":"Home","item":"https:\/\/orthodoxalbania.org\/2020\/"},{"@type":"ListItem","position":2,"name":"Kryepiskopi Anastas n\u00eb Mitropolin\u00eb e Hirshme t\u00eb Gjirokastr\u00ebs"}]},{"@type":"WebSite","@id":"https:\/\/orthodoxalbania.org\/2020\/#website","url":"https:\/\/orthodoxalbania.org\/2020\/","name":"Kisha Orthodh\u03bfkse Autoqefale e Shqip\u00ebris\u00eb","description":"Fqja Zyrtare e Kish\u00ebs Orthodhokse Autoqefale e Shqip\u00ebris\u00eb me lajmet edhe informacionet zyrtare p\u00ebr struktur\u00ebn edhe veprimtarin e saj.","publisher":{"@id":"https:\/\/orthodoxalbania.org\/2020\/#organization"},"potentialAction":[{"@type":"SearchAction","target":{"@type":"EntryPoint","urlTemplate":"https:\/\/orthodoxalbania.org\/2020\/?s={search_term_string}"},"query-input":{"@type":"PropertyValueSpecification","valueRequired":true,"valueName":"search_term_string"}}],"inLanguage":"en-US"},{"@type":"Organization","@id":"https:\/\/orthodoxalbania.org\/2020\/#organization","name":"Kisha Orthodhokse Autoqefale e Shqip\u00ebris\u00eb","url":"https:\/\/orthodoxalbania.org\/2020\/","logo":{"@type":"ImageObject","inLanguage":"en-US","@id":"https:\/\/orthodoxalbania.org\/2020\/#\/schema\/logo\/image\/","url":"https:\/\/orthodoxalbania.org\/2020\/wp-content\/uploads\/2020\/05\/albania.jpeg","contentUrl":"https:\/\/orthodoxalbania.org\/2020\/wp-content\/uploads\/2020\/05\/albania.jpeg","width":540,"height":540,"caption":"Kisha Orthodhokse Autoqefale e Shqip\u00ebris\u00eb"},"image":{"@id":"https:\/\/orthodoxalbania.org\/2020\/#\/schema\/logo\/image\/"},"sameAs":["https:\/\/www.facebook.com\/koash1991"]},{"@type":"Person","@id":"https:\/\/orthodoxalbania.org\/2020\/#\/schema\/person\/0c387634a7063ac612d7ed9ce71c7e86","name":"Kisha Orthodhokse","image":{"@type":"ImageObject","inLanguage":"en-US","@id":"https:\/\/secure.gravatar.com\/avatar\/596e7c417251e30f2fbb9c00e026fce61a695a00e51c889caded71c96cbbdde5?s=96&d=mm&r=g","url":"https:\/\/secure.gravatar.com\/avatar\/596e7c417251e30f2fbb9c00e026fce61a695a00e51c889caded71c96cbbdde5?s=96&d=mm&r=g","contentUrl":"https:\/\/secure.gravatar.com\/avatar\/596e7c417251e30f2fbb9c00e026fce61a695a00e51c889caded71c96cbbdde5?s=96&d=mm&r=g","caption":"Kisha Orthodhokse"}}]}},"_links":{"self":[{"href":"https:\/\/orthodoxalbania.org\/2020\/wp-json\/wp\/v2\/posts\/5554","targetHints":{"allow":["GET"]}}],"collection":[{"href":"https:\/\/orthodoxalbania.org\/2020\/wp-json\/wp\/v2\/posts"}],"about":[{"href":"https:\/\/orthodoxalbania.org\/2020\/wp-json\/wp\/v2\/types\/post"}],"author":[{"embeddable":true,"href":"https:\/\/orthodoxalbania.org\/2020\/wp-json\/wp\/v2\/users\/1"}],"replies":[{"embeddable":true,"href":"https:\/\/orthodoxalbania.org\/2020\/wp-json\/wp\/v2\/comments?post=5554"}],"version-history":[{"count":1,"href":"https:\/\/orthodoxalbania.org\/2020\/wp-json\/wp\/v2\/posts\/5554\/revisions"}],"predecessor-version":[{"id":14829,"href":"https:\/\/orthodoxalbania.org\/2020\/wp-json\/wp\/v2\/posts\/5554\/revisions\/14829"}],"wp:featuredmedia":[{"embeddable":true,"href":"https:\/\/orthodoxalbania.org\/2020\/wp-json\/wp\/v2\/media\/5555"}],"wp:attachment":[{"href":"https:\/\/orthodoxalbania.org\/2020\/wp-json\/wp\/v2\/media?parent=5554"}],"wp:term":[{"taxonomy":"category","embeddable":true,"href":"https:\/\/orthodoxalbania.org\/2020\/wp-json\/wp\/v2\/categories?post=5554"},{"taxonomy":"post_tag","embeddable":true,"href":"https:\/\/orthodoxalbania.org\/2020\/wp-json\/wp\/v2\/tags?post=5554"}],"curies":[{"name":"wp","href":"https:\/\/api.w.org\/{rel}","templated":true}]}}