{"id":5536,"date":"2017-09-22T12:00:41","date_gmt":"2017-09-22T12:00:41","guid":{"rendered":""},"modified":"2020-04-06T21:58:18","modified_gmt":"2020-04-06T19:58:18","slug":"kryepiskopi-anastas-vizitoi-mitropoline-e-nikopolit-dhe-te-prevezes","status":"publish","type":"post","link":"https:\/\/orthodoxalbania.org\/2020\/2017\/09\/22\/kryepiskopi-anastas-vizitoi-mitropoline-e-nikopolit-dhe-te-prevezes\/","title":{"rendered":"Kryepiskopi Anastas vizitoi Mitropolin\u00eb e Nikopolit dhe t\u00eb Prevez\u00ebs"},"content":{"rendered":"<p style=\"text-align: center;\"><span style=\"font-size: 12pt; font-family: helvetica; color: #800000;\"><strong>&#8211; Kryepiskopit iu dha titulli \u201cQytetar Nderi\u201d dhe u dekorua me Kryqin e Apostullit Pav\u00ebl &#8211;<\/strong><\/span><\/p>\n<p style=\"text-align: justify;\">&nbsp;<\/p>\n<p style=\"text-align: justify;\"><span style=\"font-size: 12pt; font-family: helvetica; color: #000000;\">Mes emocionesh t\u00eb fuqishme u realizua t\u00eb enjten, m\u00eb 21 shtator 2017, ceremonia e shpalljes \u201cQytetar Nderi\u201d t\u00eb Prevez\u00ebs e Kryepiskopit t\u00eb Tiran\u00ebs, Durr\u00ebsit dhe t\u00eb Gjith\u00eb Shqip\u00ebris\u00eb, Imzot Anastasit. Fortlumturia e Tij nuk kishte qen\u00eb n\u00eb k\u00ebt\u00eb qytet, nga e ka origjin\u00ebn e \u00ebma, q\u00eb n\u00eb vitin 1933, n\u00eb mosh\u00ebn 5 vje\u00e7.<\/span><\/p>\n<p style=\"text-align: justify;\"><span style=\"font-size: 12pt; font-family: helvetica; color: #000000;\">Kryepiskopi Anastas mb\u00ebrriti n\u00eb Prevez\u00eb t\u00eb m\u00ebrkur\u00ebn n\u00eb dark\u00eb. T\u00eb nes\u00ebrmen, e enjte, 21 shtator, n\u00eb or\u00ebn 11.00, vizitoi Mitropolin\u00eb e Nikopolit dhe t\u00eb Prevez\u00ebs, i shoq\u00ebruar nga Mitropoliti i Amantias, Hir\u00ebsia e Tij Nathanaili, ku u priten nga Mitropoliti Hrisostomos. M\u00eb pas, t\u00eb gjith\u00eb bashk\u00eb iu drejtuan Bashkis\u00eb s\u00eb qytetit.<\/span><\/p>\n<p style=\"text-align: justify;\"><span style=\"font-size: 12pt; font-family: helvetica; color: #000000;\">Atje Kryepiskopi Anastas u prit nga Kryetari i Bashkis\u00eb s\u00eb Prevez\u00ebs, z. Kristos Bailis, z\u00ebvend\u00ebs\/ministri i Jasht\u00ebm i Greqis\u00eb, z. Janis Amanatidhis, deputet\u00eb t\u00eb zon\u00ebs, autoritetet dhe personalitete vendore.<\/span><\/p>\n<p style=\"text-align: justify;\"><span style=\"font-size: 12pt; font-family: helvetica; color: #000000;\">Vijoi nj\u00eb vizit\u00eb n\u00eb zyr\u00ebn e Kryetarit t\u00eb Bashkis\u00eb, ku z\u00ebvend\u00ebs\/ministri, z. Amanatidhis i p\u00ebrcolli Kryepiskopit Anastas urimet personale t\u00eb Kryeministrit Aleksis Tsipras dhe t\u00eb gjith\u00eb qeveris\u00eb greke. N\u00eb vazhdim, Kryetari i Bashkis\u00eb i uroi Kryepiskopit Anastas mir\u00ebseardhjen n\u00eb Prevez\u00eb, n\u00eb vendlindjen e n\u00ebn\u00ebs s\u00eb Fortlumturis\u00eb, Roksani Maltezou, duke theksuar: \u201c\u00cbsht\u00eb g\u00ebzim dhe nder p\u00ebr ne q\u00eb jeni sot k\u00ebtu. Do t\u00eb doja t\u00eb shprehja ndjenjat e g\u00ebzimit, t\u00eb fal\u00ebnderimit, t\u00eb respektit dhe t\u00eb vler\u00ebsimit p\u00ebr personin Tuaj, t\u00eb t\u00eb gjith\u00eb banor\u00ebve t\u00eb Prevez\u00ebs. Do t\u00eb doja t\u2019iu uroja q\u00eb Per\u00ebndia t\u2019iu fal\u00eb fuqi e sh\u00ebndet t\u00eb vazhdoni k\u00ebt\u00eb vep\u00ebr per\u00ebndidash\u00ebse. Nj\u00eb vep\u00ebr q\u00eb e kryeni k\u00ebtu e 57 vjet. Do t\u00eb doja t\u00eb luteni p\u00ebr k\u00ebt\u00eb vend ku jan\u00eb edhe rr\u00ebnj\u00ebt Tuaja\u201d.<\/span><\/p>\n<p style=\"text-align: justify;\"><span style=\"font-size: 12pt; font-family: helvetica; color: #000000;\">Kryetari i Bashkis\u00eb dhe Kryepiskopi shk\u00ebmbyen dhurata. Dhurata e kryetarit t\u00eb Bashkis\u00eb p\u00ebr Kryepiskopin ishte nj\u00eb shkop baritor, nd\u00ebrsa Kryepiskopi nga ana e tij i dhuroi nj\u00eb ikon\u00eb dhe nj\u00eb reliev t\u00eb Katedrales \u201cNgjallja e Krishtit\u201d, t\u00eb Tiran\u00ebs.<\/span><\/p>\n<p style=\"text-align: justify;\"><span style=\"font-size: 12pt; font-family: helvetica; color: #000000;\">Pastaj, n\u00eb sall\u00ebn e tejmbushur t\u00eb qendr\u00ebs kulturore t\u00eb qytetit u zhvillua ceremonia zyrtare e shpalljes s\u00eb Kryepiskopit \u201cQytetar Nderi\u201d i Prevez\u00ebs, ku kryetari i Bashkis\u00eb foli p\u00ebr vepr\u00ebn per\u00ebndidash\u00ebse t\u00eb Kryepiskopit Anastas dhe gjithashtu lexoi vendimit unanim t\u00eb K\u00ebshillit Bashkiak dhe i dor\u00ebzoi titullin Fortlumturis\u00eb s\u00eb Tij.<\/span><\/p>\n<p style=\"text-align: justify;\"><span style=\"font-size: 12pt; font-family: helvetica; color: #000000;\">Kryetari i Bashkis\u00eb, z. Kristos Bailis, iu referua lidhjes s\u00eb Kryepiskopit Anastas me Prevez\u00ebn, pasi \u00ebsht\u00eb vendlindja e n\u00ebn\u00ebs s\u00eb tij, si dhe vepr\u00ebs s\u00eb Tij humane, sociale e filantropike n\u00eb Shqip\u00ebri, kontributit t\u00eb Tij ekumenik, duke e karakterizuar si nj\u00eb pun\u00ebtor t\u00eb v\u00ebrtet\u00eb t\u00eb Kish\u00ebs, p\u00ebr 57 vjet n\u00eb sh\u00ebrbim t\u00eb paqes dhe t\u00eb njeriut.<\/span><\/p>\n<p style=\"text-align: justify;\"><span style=\"font-size: 12pt; font-family: helvetica; color: #000000;\">Kryepiskopi Anastas, n\u00eb fjal\u00ebn e tij, shprehu ndjenjat e p\u00ebrlavd\u00ebrimit ndaj Per\u00ebndis\u00eb, t\u00eb emocionit, t\u00eb fal\u00ebnderimit dhe t\u00eb optimizmit t\u00eb thell\u00eb, nd\u00ebrsa theksoi: \u00abGjendem sot n\u00eb k\u00ebt\u00eb proces k\u00ebrkimi t\u00eb rr\u00ebnj\u00ebve t\u00eb mia. T\u00eb gjith\u00eb kemi nj\u00eb histori qe lidhet me qytete konkrete, familje dhe njer\u00ebz. Dhe duhet, gjithmon\u00eb me ndjenj\u00eb mir\u00ebnjohjeje t\u00eb kujtojm\u00eb gjith\u00eb k\u00ebt\u00eb radh\u00eb t\u00eb njer\u00ebzve t\u00eb bekuar q\u00eb na ndihmuan n\u00eb hedhjen e hapave tan\u00eb\u201d. Kryehierarku, si\u00e7 u shpreh, e ndjeu t\u00eb nevojshme t\u2019i uronte komunitetit t\u00eb Prevez\u00ebs \u201cv\u00ebrtet\u00ebsi, dashuri dhe mir\u00ebsi, tri karakteristikat qe p\u00ebrcaktojn\u00eb Orthodhoksin\u00eb\u201d.<\/span><\/p>\n<p style=\"text-align: justify;\"><span style=\"font-size: 12pt; font-family: helvetica; color: #000000;\">N\u00eb or\u00ebn 18 t\u00eb s\u00eb enjtes pasdite, Kryepiskopi Anastas u prit n\u00eb kish\u00ebn e Sh\u00ebn Harallambit ku, n\u00eb prani edhe t\u00eb Mitropolit\u00ebve t\u00eb Paramithis\u00eb, Art\u00ebs, Janin\u00ebs, Lefkadh\u00ebs dhe Etoloakarnanis\u00eb u zhvillua nj\u00eb Dhoksologji. Pas saj, Mitropoliti Hristostomos e dekoroi Kryepiskopin Anastas me Medaljen m\u00eb t\u00eb Lart\u00eb t\u00eb Nderit t\u00eb Mitropolis\u00eb, me Kryqin e Apostullit Pav\u00ebl.<\/span><\/p>\n<p style=\"text-align: justify;\"><span style=\"font-size: 12pt; font-family: helvetica; color: #000000;\">N\u00eb or\u00ebn 19.00, veprimtarit\u00eb vijuan me koncert n\u00eb qendr\u00ebn kulturore, ku u shfaq nj\u00eb film dokumentar p\u00ebr vepr\u00ebn e realizuar n\u00eb Kish\u00ebn Orthodhokse Autoqefale t\u00eb Shqip\u00ebris\u00eb, nd\u00ebrsa nj\u00eb grup i muzik\u00ebs popullore greke t\u00eb Shkoll\u00ebs Muzikore t\u00eb Prevez\u00ebs, prezantoi kat\u00ebr k\u00ebng\u00eb tradicionale nga krahina e Pogonit.<\/span><\/p>\n<p style=\"text-align: justify;\"><span style=\"font-size: 12pt; font-family: helvetica; color: #000000;\">T\u00eb premten, 22 shtator, Kryepiskopi Anastas vizitoi me emocione t\u00eb thella varret e gjysh\u00ebrve t\u00eb tij (familja Maltezu) n\u00eb varrezat e Prevez\u00ebs, si dhe Muzeun e Nikopolit.<\/span><\/p>\n<p>&nbsp;<\/p>\n<p>&nbsp;<\/p>\n<p><img class=\"lazyload\" decoding=\"async\" style=\"display: block; margin: 10px auto; border: 1px solid #000000;\" alt=\"\" src=\"data:image\/svg+xml,%3Csvg%20xmlns%3D%27http%3A%2F%2Fwww.w3.org%2F2000%2Fsvg%27%20width%3D%27450%27%20height%3D%27342%27%20viewBox%3D%270%200%20450%20342%27%3E%3Crect%20width%3D%27450%27%20height%3D%27342%27%20fill-opacity%3D%220%22%2F%3E%3C%2Fsvg%3E\" data-orig-src=\"https:\/\/orthodoxalbania.org\/2020\/wp-content\/uploads\/2020\/04\/1-5-5.jpg\" height=\"342\" width=\"450\" \/><\/p>\n<p style=\"text-align: center;\"><img class=\"lazyload\" decoding=\"async\" style=\"display: block; margin: 10px auto; border: 1px solid #000000;\" alt=\"\" src=\"data:image\/svg+xml,%3Csvg%20xmlns%3D%27http%3A%2F%2Fwww.w3.org%2F2000%2Fsvg%27%20width%3D%27450%27%20height%3D%27300%27%20viewBox%3D%270%200%20450%20300%27%3E%3Crect%20width%3D%27450%27%20height%3D%27300%27%20fill-opacity%3D%220%22%2F%3E%3C%2Fsvg%3E\" data-orig-src=\"https:\/\/orthodoxalbania.org\/2020\/wp-content\/uploads\/2020\/04\/2-6-4.jpg\" height=\"300\" width=\"450\" \/><img class=\"lazyload\" decoding=\"async\" style=\"display: block; margin: 10px auto; border: 1px solid #000000;\" alt=\"\" src=\"data:image\/svg+xml,%3Csvg%20xmlns%3D%27http%3A%2F%2Fwww.w3.org%2F2000%2Fsvg%27%20width%3D%27450%27%20height%3D%27253%27%20viewBox%3D%270%200%20450%20253%27%3E%3Crect%20width%3D%27450%27%20height%3D%27253%27%20fill-opacity%3D%220%22%2F%3E%3C%2Fsvg%3E\" data-orig-src=\"https:\/\/orthodoxalbania.org\/2020\/wp-content\/uploads\/2020\/04\/3-4-2-7.jpg\" height=\"253\" width=\"450\" \/><img class=\"lazyload\" decoding=\"async\" style=\"display: block; margin: 10px auto; border: 1px solid #000000;\" alt=\"\" src=\"data:image\/svg+xml,%3Csvg%20xmlns%3D%27http%3A%2F%2Fwww.w3.org%2F2000%2Fsvg%27%20width%3D%27450%27%20height%3D%27300%27%20viewBox%3D%270%200%20450%20300%27%3E%3Crect%20width%3D%27450%27%20height%3D%27300%27%20fill-opacity%3D%220%22%2F%3E%3C%2Fsvg%3E\" data-orig-src=\"https:\/\/orthodoxalbania.org\/2020\/wp-content\/uploads\/2020\/04\/4-8-3.jpg\" height=\"300\" width=\"450\" \/><\/p>\n<p style=\"text-align: center;\"><img class=\"lazyload\" decoding=\"async\" style=\"display: block; margin: 10px auto; border: 1px solid #000000;\" alt=\"\" src=\"data:image\/svg+xml,%3Csvg%20xmlns%3D%27http%3A%2F%2Fwww.w3.org%2F2000%2Fsvg%27%20width%3D%27450%27%20height%3D%27300%27%20viewBox%3D%270%200%20450%20300%27%3E%3Crect%20width%3D%27450%27%20height%3D%27300%27%20fill-opacity%3D%220%22%2F%3E%3C%2Fsvg%3E\" data-orig-src=\"https:\/\/orthodoxalbania.org\/2020\/wp-content\/uploads\/2020\/04\/5-9-1.jpg\" height=\"300\" width=\"450\" \/><\/p>\n<p style=\"text-align: center;\"><img class=\"lazyload\" decoding=\"async\" style=\"display: block; margin: 10px auto; border: 1px solid #000000;\" alt=\"\" src=\"data:image\/svg+xml,%3Csvg%20xmlns%3D%27http%3A%2F%2Fwww.w3.org%2F2000%2Fsvg%27%20width%3D%27450%27%20height%3D%27300%27%20viewBox%3D%270%200%20450%20300%27%3E%3Crect%20width%3D%27450%27%20height%3D%27300%27%20fill-opacity%3D%220%22%2F%3E%3C%2Fsvg%3E\" data-orig-src=\"https:\/\/orthodoxalbania.org\/2020\/wp-content\/uploads\/2020\/04\/6-2-0-4.jpg\" height=\"300\" width=\"450\" \/><\/p>\n<p style=\"text-align: center;\"><img class=\"lazyload\" decoding=\"async\" style=\"display: block; margin: 10px auto; border: 1px solid #000000;\" alt=\"\" src=\"data:image\/svg+xml,%3Csvg%20xmlns%3D%27http%3A%2F%2Fwww.w3.org%2F2000%2Fsvg%27%20width%3D%27450%27%20height%3D%27300%27%20viewBox%3D%270%200%20450%20300%27%3E%3Crect%20width%3D%27450%27%20height%3D%27300%27%20fill-opacity%3D%220%22%2F%3E%3C%2Fsvg%3E\" data-orig-src=\"https:\/\/orthodoxalbania.org\/2020\/wp-content\/uploads\/2020\/04\/7-8-3.jpg\" height=\"300\" width=\"450\" \/><\/p>\n<p style=\"text-align: center;\"><img class=\"lazyload\" decoding=\"async\" style=\"display: block; margin: 10px auto; border: 1px solid #000000;\" alt=\"\" src=\"data:image\/svg+xml,%3Csvg%20xmlns%3D%27http%3A%2F%2Fwww.w3.org%2F2000%2Fsvg%27%20width%3D%27450%27%20height%3D%27300%27%20viewBox%3D%270%200%20450%20300%27%3E%3Crect%20width%3D%27450%27%20height%3D%27300%27%20fill-opacity%3D%220%22%2F%3E%3C%2Fsvg%3E\" data-orig-src=\"https:\/\/orthodoxalbania.org\/2020\/wp-content\/uploads\/2020\/04\/8-2-8.jpg\" height=\"300\" width=\"450\" \/><\/p>\n","protected":false},"excerpt":{"rendered":"<p>&#8211; Kryepiskopit iu dha titulli \u201cQytetar Nderi\u201d dhe u dekorua me Kryqin e Apostullit Pav\u00ebl &#8211; &nbsp; Mes emocionesh t\u00eb fuqishme u realizua t\u00eb enjten, m\u00eb 21 shtator 2017, ceremonia e shpalljes \u201cQytetar Nderi\u201d t\u00eb Prevez\u00ebs e Kryepiskopit t\u00eb Tiran\u00ebs, Durr\u00ebsit dhe t\u00eb Gjith\u00eb Shqip\u00ebris\u00eb, Imzot Anastasit. Fortlumturia e Tij nuk kishte qen\u00eb n\u00eb k\u00ebt\u00eb qytet, nga e ka origjin\u00ebn e \u00ebma, q\u00eb n\u00eb vitin<\/p>\n","protected":false},"author":1,"featured_media":5537,"comment_status":"open","ping_status":"open","sticky":false,"template":"","format":"standard","meta":{"_acf_changed":false,"pagelayer_contact_templates":[],"_pagelayer_content":"","inline_featured_image":false,"fifu_image_url":"","fifu_image_alt":"","footnotes":""},"categories":[108],"tags":[209,196,201,212],"class_list":["post-5536","post","type-post","status-publish","format-standard","has-post-thumbnail","hentry","category-lajme","tag-209","tag-tirane","tag-kryepiskopi-anastas","tag-lajme-d27"],"acf":[],"yoast_head":"<!-- This site is optimized with the Yoast SEO plugin v27.2 - https:\/\/yoast.com\/product\/yoast-seo-wordpress\/ -->\n<title>Kryepiskopi Anastas vizitoi Mitropolin\u00eb e Nikopolit dhe t\u00eb Prevez\u00ebs - Kisha Orthodh\u03bfkse Autoqefale e Shqip\u00ebris\u00eb<\/title>\n<meta name=\"robots\" content=\"index, follow, max-snippet:-1, max-image-preview:large, max-video-preview:-1\" \/>\n<link rel=\"canonical\" href=\"https:\/\/orthodoxalbania.org\/2020\/2017\/09\/22\/kryepiskopi-anastas-vizitoi-mitropoline-e-nikopolit-dhe-te-prevezes\/\" \/>\n<meta property=\"og:locale\" content=\"en_US\" \/>\n<meta property=\"og:type\" content=\"article\" \/>\n<meta property=\"og:title\" content=\"Kryepiskopi Anastas vizitoi Mitropolin\u00eb e Nikopolit dhe t\u00eb Prevez\u00ebs - Kisha Orthodh\u03bfkse Autoqefale e Shqip\u00ebris\u00eb\" \/>\n<meta property=\"og:description\" content=\"&#8211; Kryepiskopit iu dha titulli \u201cQytetar Nderi\u201d dhe u dekorua me Kryqin e Apostullit Pav\u00ebl &#8211; &nbsp; Mes emocionesh t\u00eb fuqishme u realizua t\u00eb enjten, m\u00eb 21 shtator 2017, ceremonia e shpalljes \u201cQytetar Nderi\u201d t\u00eb Prevez\u00ebs e Kryepiskopit t\u00eb Tiran\u00ebs, Durr\u00ebsit dhe t\u00eb Gjith\u00eb Shqip\u00ebris\u00eb, Imzot Anastasit. Fortlumturia e Tij nuk kishte qen\u00eb n\u00eb k\u00ebt\u00eb qytet, nga e ka origjin\u00ebn e \u00ebma, q\u00eb n\u00eb vitin\" \/>\n<meta property=\"og:url\" content=\"https:\/\/orthodoxalbania.org\/2020\/2017\/09\/22\/kryepiskopi-anastas-vizitoi-mitropoline-e-nikopolit-dhe-te-prevezes\/\" \/>\n<meta property=\"og:site_name\" content=\"Kisha Orthodh\u03bfkse Autoqefale e Shqip\u00ebris\u00eb\" \/>\n<meta property=\"article:publisher\" content=\"https:\/\/www.facebook.com\/koash1991\" \/>\n<meta property=\"article:published_time\" content=\"2017-09-22T12:00:41+00:00\" \/>\n<meta property=\"article:modified_time\" content=\"2020-04-06T19:58:18+00:00\" \/>\n<meta property=\"og:image\" content=\"https:\/\/orthodoxalbania.org\/2020\/wp-content\/uploads\/2020\/04\/5-0.jpg\" \/>\n\t<meta property=\"og:image:width\" content=\"770\" \/>\n\t<meta property=\"og:image:height\" content=\"513\" \/>\n\t<meta property=\"og:image:type\" content=\"image\/jpeg\" \/>\n<meta name=\"author\" content=\"Kisha Orthodhokse\" \/>\n<meta name=\"twitter:card\" content=\"summary_large_image\" \/>\n<meta name=\"twitter:label1\" content=\"Written by\" \/>\n\t<meta name=\"twitter:data1\" content=\"Kisha Orthodhokse\" \/>\n\t<meta name=\"twitter:label2\" content=\"Est. reading time\" \/>\n\t<meta name=\"twitter:data2\" content=\"4 minutes\" \/>\n<script type=\"application\/ld+json\" class=\"yoast-schema-graph\">{\"@context\":\"https:\/\/schema.org\",\"@graph\":[{\"@type\":\"Article\",\"@id\":\"https:\/\/orthodoxalbania.org\/2020\/2017\/09\/22\/kryepiskopi-anastas-vizitoi-mitropoline-e-nikopolit-dhe-te-prevezes\/#article\",\"isPartOf\":{\"@id\":\"https:\/\/orthodoxalbania.org\/2020\/2017\/09\/22\/kryepiskopi-anastas-vizitoi-mitropoline-e-nikopolit-dhe-te-prevezes\/\"},\"author\":{\"name\":\"Kisha Orthodhokse\",\"@id\":\"https:\/\/orthodoxalbania.org\/2020\/#\/schema\/person\/0c387634a7063ac612d7ed9ce71c7e86\"},\"headline\":\"Kryepiskopi Anastas vizitoi Mitropolin\u00eb e Nikopolit dhe t\u00eb Prevez\u00ebs\",\"datePublished\":\"2017-09-22T12:00:41+00:00\",\"dateModified\":\"2020-04-06T19:58:18+00:00\",\"mainEntityOfPage\":{\"@id\":\"https:\/\/orthodoxalbania.org\/2020\/2017\/09\/22\/kryepiskopi-anastas-vizitoi-mitropoline-e-nikopolit-dhe-te-prevezes\/\"},\"wordCount\":753,\"commentCount\":0,\"publisher\":{\"@id\":\"https:\/\/orthodoxalbania.org\/2020\/#organization\"},\"image\":{\"@id\":\"https:\/\/orthodoxalbania.org\/2020\/2017\/09\/22\/kryepiskopi-anastas-vizitoi-mitropoline-e-nikopolit-dhe-te-prevezes\/#primaryimage\"},\"thumbnailUrl\":\"https:\/\/orthodoxalbania.org\/2020\/wp-content\/uploads\/2020\/04\/5-0.jpg\",\"keywords\":[\"2017\",\"Kryepiskopata Tiran\u00eb\",\"Kryepiskopi Anastas\",\"lajme\"],\"articleSection\":[\"Lajme\"],\"inLanguage\":\"en-US\"},{\"@type\":\"WebPage\",\"@id\":\"https:\/\/orthodoxalbania.org\/2020\/2017\/09\/22\/kryepiskopi-anastas-vizitoi-mitropoline-e-nikopolit-dhe-te-prevezes\/\",\"url\":\"https:\/\/orthodoxalbania.org\/2020\/2017\/09\/22\/kryepiskopi-anastas-vizitoi-mitropoline-e-nikopolit-dhe-te-prevezes\/\",\"name\":\"Kryepiskopi Anastas vizitoi Mitropolin\u00eb e Nikopolit dhe t\u00eb Prevez\u00ebs - Kisha Orthodh\u03bfkse Autoqefale e Shqip\u00ebris\u00eb\",\"isPartOf\":{\"@id\":\"https:\/\/orthodoxalbania.org\/2020\/#website\"},\"primaryImageOfPage\":{\"@id\":\"https:\/\/orthodoxalbania.org\/2020\/2017\/09\/22\/kryepiskopi-anastas-vizitoi-mitropoline-e-nikopolit-dhe-te-prevezes\/#primaryimage\"},\"image\":{\"@id\":\"https:\/\/orthodoxalbania.org\/2020\/2017\/09\/22\/kryepiskopi-anastas-vizitoi-mitropoline-e-nikopolit-dhe-te-prevezes\/#primaryimage\"},\"thumbnailUrl\":\"https:\/\/orthodoxalbania.org\/2020\/wp-content\/uploads\/2020\/04\/5-0.jpg\",\"datePublished\":\"2017-09-22T12:00:41+00:00\",\"dateModified\":\"2020-04-06T19:58:18+00:00\",\"breadcrumb\":{\"@id\":\"https:\/\/orthodoxalbania.org\/2020\/2017\/09\/22\/kryepiskopi-anastas-vizitoi-mitropoline-e-nikopolit-dhe-te-prevezes\/#breadcrumb\"},\"inLanguage\":\"en-US\",\"potentialAction\":[{\"@type\":\"ReadAction\",\"target\":[\"https:\/\/orthodoxalbania.org\/2020\/2017\/09\/22\/kryepiskopi-anastas-vizitoi-mitropoline-e-nikopolit-dhe-te-prevezes\/\"]}]},{\"@type\":\"ImageObject\",\"inLanguage\":\"en-US\",\"@id\":\"https:\/\/orthodoxalbania.org\/2020\/2017\/09\/22\/kryepiskopi-anastas-vizitoi-mitropoline-e-nikopolit-dhe-te-prevezes\/#primaryimage\",\"url\":\"https:\/\/orthodoxalbania.org\/2020\/wp-content\/uploads\/2020\/04\/5-0.jpg\",\"contentUrl\":\"https:\/\/orthodoxalbania.org\/2020\/wp-content\/uploads\/2020\/04\/5-0.jpg\",\"width\":770,\"height\":513},{\"@type\":\"BreadcrumbList\",\"@id\":\"https:\/\/orthodoxalbania.org\/2020\/2017\/09\/22\/kryepiskopi-anastas-vizitoi-mitropoline-e-nikopolit-dhe-te-prevezes\/#breadcrumb\",\"itemListElement\":[{\"@type\":\"ListItem\",\"position\":1,\"name\":\"Home\",\"item\":\"https:\/\/orthodoxalbania.org\/2020\/\"},{\"@type\":\"ListItem\",\"position\":2,\"name\":\"Kryepiskopi Anastas vizitoi Mitropolin\u00eb e Nikopolit dhe t\u00eb Prevez\u00ebs\"}]},{\"@type\":\"WebSite\",\"@id\":\"https:\/\/orthodoxalbania.org\/2020\/#website\",\"url\":\"https:\/\/orthodoxalbania.org\/2020\/\",\"name\":\"Kisha Orthodh\u03bfkse Autoqefale e Shqip\u00ebris\u00eb\",\"description\":\"Fqja Zyrtare e Kish\u00ebs Orthodhokse Autoqefale e Shqip\u00ebris\u00eb me lajmet edhe informacionet zyrtare p\u00ebr struktur\u00ebn edhe veprimtarin e saj.\",\"publisher\":{\"@id\":\"https:\/\/orthodoxalbania.org\/2020\/#organization\"},\"potentialAction\":[{\"@type\":\"SearchAction\",\"target\":{\"@type\":\"EntryPoint\",\"urlTemplate\":\"https:\/\/orthodoxalbania.org\/2020\/?s={search_term_string}\"},\"query-input\":{\"@type\":\"PropertyValueSpecification\",\"valueRequired\":true,\"valueName\":\"search_term_string\"}}],\"inLanguage\":\"en-US\"},{\"@type\":\"Organization\",\"@id\":\"https:\/\/orthodoxalbania.org\/2020\/#organization\",\"name\":\"Kisha Orthodhokse Autoqefale e Shqip\u00ebris\u00eb\",\"url\":\"https:\/\/orthodoxalbania.org\/2020\/\",\"logo\":{\"@type\":\"ImageObject\",\"inLanguage\":\"en-US\",\"@id\":\"https:\/\/orthodoxalbania.org\/2020\/#\/schema\/logo\/image\/\",\"url\":\"https:\/\/orthodoxalbania.org\/2020\/wp-content\/uploads\/2020\/05\/albania.jpeg\",\"contentUrl\":\"https:\/\/orthodoxalbania.org\/2020\/wp-content\/uploads\/2020\/05\/albania.jpeg\",\"width\":540,\"height\":540,\"caption\":\"Kisha Orthodhokse Autoqefale e Shqip\u00ebris\u00eb\"},\"image\":{\"@id\":\"https:\/\/orthodoxalbania.org\/2020\/#\/schema\/logo\/image\/\"},\"sameAs\":[\"https:\/\/www.facebook.com\/koash1991\"]},{\"@type\":\"Person\",\"@id\":\"https:\/\/orthodoxalbania.org\/2020\/#\/schema\/person\/0c387634a7063ac612d7ed9ce71c7e86\",\"name\":\"Kisha Orthodhokse\",\"image\":{\"@type\":\"ImageObject\",\"inLanguage\":\"en-US\",\"@id\":\"https:\/\/secure.gravatar.com\/avatar\/596e7c417251e30f2fbb9c00e026fce61a695a00e51c889caded71c96cbbdde5?s=96&d=mm&r=g\",\"url\":\"https:\/\/secure.gravatar.com\/avatar\/596e7c417251e30f2fbb9c00e026fce61a695a00e51c889caded71c96cbbdde5?s=96&d=mm&r=g\",\"contentUrl\":\"https:\/\/secure.gravatar.com\/avatar\/596e7c417251e30f2fbb9c00e026fce61a695a00e51c889caded71c96cbbdde5?s=96&d=mm&r=g\",\"caption\":\"Kisha Orthodhokse\"}}]}<\/script>\n<!-- \/ Yoast SEO plugin. -->","yoast_head_json":{"title":"Kryepiskopi Anastas vizitoi Mitropolin\u00eb e Nikopolit dhe t\u00eb Prevez\u00ebs - Kisha Orthodh\u03bfkse Autoqefale e Shqip\u00ebris\u00eb","robots":{"index":"index","follow":"follow","max-snippet":"max-snippet:-1","max-image-preview":"max-image-preview:large","max-video-preview":"max-video-preview:-1"},"canonical":"https:\/\/orthodoxalbania.org\/2020\/2017\/09\/22\/kryepiskopi-anastas-vizitoi-mitropoline-e-nikopolit-dhe-te-prevezes\/","og_locale":"en_US","og_type":"article","og_title":"Kryepiskopi Anastas vizitoi Mitropolin\u00eb e Nikopolit dhe t\u00eb Prevez\u00ebs - Kisha Orthodh\u03bfkse Autoqefale e Shqip\u00ebris\u00eb","og_description":"&#8211; Kryepiskopit iu dha titulli \u201cQytetar Nderi\u201d dhe u dekorua me Kryqin e Apostullit Pav\u00ebl &#8211; &nbsp; Mes emocionesh t\u00eb fuqishme u realizua t\u00eb enjten, m\u00eb 21 shtator 2017, ceremonia e shpalljes \u201cQytetar Nderi\u201d t\u00eb Prevez\u00ebs e Kryepiskopit t\u00eb Tiran\u00ebs, Durr\u00ebsit dhe t\u00eb Gjith\u00eb Shqip\u00ebris\u00eb, Imzot Anastasit. Fortlumturia e Tij nuk kishte qen\u00eb n\u00eb k\u00ebt\u00eb qytet, nga e ka origjin\u00ebn e \u00ebma, q\u00eb n\u00eb vitin","og_url":"https:\/\/orthodoxalbania.org\/2020\/2017\/09\/22\/kryepiskopi-anastas-vizitoi-mitropoline-e-nikopolit-dhe-te-prevezes\/","og_site_name":"Kisha Orthodh\u03bfkse Autoqefale e Shqip\u00ebris\u00eb","article_publisher":"https:\/\/www.facebook.com\/koash1991","article_published_time":"2017-09-22T12:00:41+00:00","article_modified_time":"2020-04-06T19:58:18+00:00","og_image":[{"width":770,"height":513,"url":"https:\/\/orthodoxalbania.org\/2020\/wp-content\/uploads\/2020\/04\/5-0.jpg","type":"image\/jpeg"}],"author":"Kisha Orthodhokse","twitter_card":"summary_large_image","twitter_misc":{"Written by":"Kisha Orthodhokse","Est. reading time":"4 minutes"},"schema":{"@context":"https:\/\/schema.org","@graph":[{"@type":"Article","@id":"https:\/\/orthodoxalbania.org\/2020\/2017\/09\/22\/kryepiskopi-anastas-vizitoi-mitropoline-e-nikopolit-dhe-te-prevezes\/#article","isPartOf":{"@id":"https:\/\/orthodoxalbania.org\/2020\/2017\/09\/22\/kryepiskopi-anastas-vizitoi-mitropoline-e-nikopolit-dhe-te-prevezes\/"},"author":{"name":"Kisha Orthodhokse","@id":"https:\/\/orthodoxalbania.org\/2020\/#\/schema\/person\/0c387634a7063ac612d7ed9ce71c7e86"},"headline":"Kryepiskopi Anastas vizitoi Mitropolin\u00eb e Nikopolit dhe t\u00eb Prevez\u00ebs","datePublished":"2017-09-22T12:00:41+00:00","dateModified":"2020-04-06T19:58:18+00:00","mainEntityOfPage":{"@id":"https:\/\/orthodoxalbania.org\/2020\/2017\/09\/22\/kryepiskopi-anastas-vizitoi-mitropoline-e-nikopolit-dhe-te-prevezes\/"},"wordCount":753,"commentCount":0,"publisher":{"@id":"https:\/\/orthodoxalbania.org\/2020\/#organization"},"image":{"@id":"https:\/\/orthodoxalbania.org\/2020\/2017\/09\/22\/kryepiskopi-anastas-vizitoi-mitropoline-e-nikopolit-dhe-te-prevezes\/#primaryimage"},"thumbnailUrl":"https:\/\/orthodoxalbania.org\/2020\/wp-content\/uploads\/2020\/04\/5-0.jpg","keywords":["2017","Kryepiskopata Tiran\u00eb","Kryepiskopi Anastas","lajme"],"articleSection":["Lajme"],"inLanguage":"en-US"},{"@type":"WebPage","@id":"https:\/\/orthodoxalbania.org\/2020\/2017\/09\/22\/kryepiskopi-anastas-vizitoi-mitropoline-e-nikopolit-dhe-te-prevezes\/","url":"https:\/\/orthodoxalbania.org\/2020\/2017\/09\/22\/kryepiskopi-anastas-vizitoi-mitropoline-e-nikopolit-dhe-te-prevezes\/","name":"Kryepiskopi Anastas vizitoi Mitropolin\u00eb e Nikopolit dhe t\u00eb Prevez\u00ebs - Kisha Orthodh\u03bfkse Autoqefale e Shqip\u00ebris\u00eb","isPartOf":{"@id":"https:\/\/orthodoxalbania.org\/2020\/#website"},"primaryImageOfPage":{"@id":"https:\/\/orthodoxalbania.org\/2020\/2017\/09\/22\/kryepiskopi-anastas-vizitoi-mitropoline-e-nikopolit-dhe-te-prevezes\/#primaryimage"},"image":{"@id":"https:\/\/orthodoxalbania.org\/2020\/2017\/09\/22\/kryepiskopi-anastas-vizitoi-mitropoline-e-nikopolit-dhe-te-prevezes\/#primaryimage"},"thumbnailUrl":"https:\/\/orthodoxalbania.org\/2020\/wp-content\/uploads\/2020\/04\/5-0.jpg","datePublished":"2017-09-22T12:00:41+00:00","dateModified":"2020-04-06T19:58:18+00:00","breadcrumb":{"@id":"https:\/\/orthodoxalbania.org\/2020\/2017\/09\/22\/kryepiskopi-anastas-vizitoi-mitropoline-e-nikopolit-dhe-te-prevezes\/#breadcrumb"},"inLanguage":"en-US","potentialAction":[{"@type":"ReadAction","target":["https:\/\/orthodoxalbania.org\/2020\/2017\/09\/22\/kryepiskopi-anastas-vizitoi-mitropoline-e-nikopolit-dhe-te-prevezes\/"]}]},{"@type":"ImageObject","inLanguage":"en-US","@id":"https:\/\/orthodoxalbania.org\/2020\/2017\/09\/22\/kryepiskopi-anastas-vizitoi-mitropoline-e-nikopolit-dhe-te-prevezes\/#primaryimage","url":"https:\/\/orthodoxalbania.org\/2020\/wp-content\/uploads\/2020\/04\/5-0.jpg","contentUrl":"https:\/\/orthodoxalbania.org\/2020\/wp-content\/uploads\/2020\/04\/5-0.jpg","width":770,"height":513},{"@type":"BreadcrumbList","@id":"https:\/\/orthodoxalbania.org\/2020\/2017\/09\/22\/kryepiskopi-anastas-vizitoi-mitropoline-e-nikopolit-dhe-te-prevezes\/#breadcrumb","itemListElement":[{"@type":"ListItem","position":1,"name":"Home","item":"https:\/\/orthodoxalbania.org\/2020\/"},{"@type":"ListItem","position":2,"name":"Kryepiskopi Anastas vizitoi Mitropolin\u00eb e Nikopolit dhe t\u00eb Prevez\u00ebs"}]},{"@type":"WebSite","@id":"https:\/\/orthodoxalbania.org\/2020\/#website","url":"https:\/\/orthodoxalbania.org\/2020\/","name":"Kisha Orthodh\u03bfkse Autoqefale e Shqip\u00ebris\u00eb","description":"Fqja Zyrtare e Kish\u00ebs Orthodhokse Autoqefale e Shqip\u00ebris\u00eb me lajmet edhe informacionet zyrtare p\u00ebr struktur\u00ebn edhe veprimtarin e saj.","publisher":{"@id":"https:\/\/orthodoxalbania.org\/2020\/#organization"},"potentialAction":[{"@type":"SearchAction","target":{"@type":"EntryPoint","urlTemplate":"https:\/\/orthodoxalbania.org\/2020\/?s={search_term_string}"},"query-input":{"@type":"PropertyValueSpecification","valueRequired":true,"valueName":"search_term_string"}}],"inLanguage":"en-US"},{"@type":"Organization","@id":"https:\/\/orthodoxalbania.org\/2020\/#organization","name":"Kisha Orthodhokse Autoqefale e Shqip\u00ebris\u00eb","url":"https:\/\/orthodoxalbania.org\/2020\/","logo":{"@type":"ImageObject","inLanguage":"en-US","@id":"https:\/\/orthodoxalbania.org\/2020\/#\/schema\/logo\/image\/","url":"https:\/\/orthodoxalbania.org\/2020\/wp-content\/uploads\/2020\/05\/albania.jpeg","contentUrl":"https:\/\/orthodoxalbania.org\/2020\/wp-content\/uploads\/2020\/05\/albania.jpeg","width":540,"height":540,"caption":"Kisha Orthodhokse Autoqefale e Shqip\u00ebris\u00eb"},"image":{"@id":"https:\/\/orthodoxalbania.org\/2020\/#\/schema\/logo\/image\/"},"sameAs":["https:\/\/www.facebook.com\/koash1991"]},{"@type":"Person","@id":"https:\/\/orthodoxalbania.org\/2020\/#\/schema\/person\/0c387634a7063ac612d7ed9ce71c7e86","name":"Kisha Orthodhokse","image":{"@type":"ImageObject","inLanguage":"en-US","@id":"https:\/\/secure.gravatar.com\/avatar\/596e7c417251e30f2fbb9c00e026fce61a695a00e51c889caded71c96cbbdde5?s=96&d=mm&r=g","url":"https:\/\/secure.gravatar.com\/avatar\/596e7c417251e30f2fbb9c00e026fce61a695a00e51c889caded71c96cbbdde5?s=96&d=mm&r=g","contentUrl":"https:\/\/secure.gravatar.com\/avatar\/596e7c417251e30f2fbb9c00e026fce61a695a00e51c889caded71c96cbbdde5?s=96&d=mm&r=g","caption":"Kisha Orthodhokse"}}]}},"_links":{"self":[{"href":"https:\/\/orthodoxalbania.org\/2020\/wp-json\/wp\/v2\/posts\/5536","targetHints":{"allow":["GET"]}}],"collection":[{"href":"https:\/\/orthodoxalbania.org\/2020\/wp-json\/wp\/v2\/posts"}],"about":[{"href":"https:\/\/orthodoxalbania.org\/2020\/wp-json\/wp\/v2\/types\/post"}],"author":[{"embeddable":true,"href":"https:\/\/orthodoxalbania.org\/2020\/wp-json\/wp\/v2\/users\/1"}],"replies":[{"embeddable":true,"href":"https:\/\/orthodoxalbania.org\/2020\/wp-json\/wp\/v2\/comments?post=5536"}],"version-history":[{"count":1,"href":"https:\/\/orthodoxalbania.org\/2020\/wp-json\/wp\/v2\/posts\/5536\/revisions"}],"predecessor-version":[{"id":14830,"href":"https:\/\/orthodoxalbania.org\/2020\/wp-json\/wp\/v2\/posts\/5536\/revisions\/14830"}],"wp:featuredmedia":[{"embeddable":true,"href":"https:\/\/orthodoxalbania.org\/2020\/wp-json\/wp\/v2\/media\/5537"}],"wp:attachment":[{"href":"https:\/\/orthodoxalbania.org\/2020\/wp-json\/wp\/v2\/media?parent=5536"}],"wp:term":[{"taxonomy":"category","embeddable":true,"href":"https:\/\/orthodoxalbania.org\/2020\/wp-json\/wp\/v2\/categories?post=5536"},{"taxonomy":"post_tag","embeddable":true,"href":"https:\/\/orthodoxalbania.org\/2020\/wp-json\/wp\/v2\/tags?post=5536"}],"curies":[{"name":"wp","href":"https:\/\/api.w.org\/{rel}","templated":true}]}}