{"id":552,"date":"2013-03-21T12:16:39","date_gmt":"2013-03-21T12:16:39","guid":{"rendered":""},"modified":"2020-04-06T22:05:59","modified_gmt":"2020-04-06T20:05:59","slug":"festohet-ne-kolkondas-dita-e-shen-kozmait","status":"publish","type":"post","link":"https:\/\/orthodoxalbania.org\/2020\/2013\/03\/21\/festohet-ne-kolkondas-dita-e-shen-kozmait\/","title":{"rendered":"Festohet n\u00eb Kolkondas dita e sh\u00ebn Kozmait. (24 Gusht 2012)"},"content":{"rendered":"<div style=\"text-align: justify;\"><span style=\"color: #000000; font-family: helvetica;\"><span style=\"font-size: 12px;\"><img class=\"lazyload\" decoding=\"async\" style=\"width: 300px; height: 200px; border-width: 1px; border-style: solid; margin: 10px; float: left;\" alt=\"\" src=\"data:image\/gif;base64,R0lGODlhAQABAAAAACH5BAEKAAEALAAAAAABAAEAAAICTAEAOw==\" data-orig-src=\"https:\/\/lh3.googleusercontent.com\/-dJjkIHIKy4A\/UDskymg9kOI\/AAAAAAAAA5I\/BGDlq19jG9U\/s640\/542460_472885872736251_463930823_n.jpg\" \/><span style=\"font-size: 12pt;\">&nbsp;&nbsp;&nbsp; I ndritsh\u00ebm, i mbushur me hirin hyjnor dukej manastiri i shenjt\u00eb i Hierod\u00ebshmorit Kozma, n\u00eb dit\u00ebn kur Kisha Orthodhokse&nbsp; kremton kujtimin e tij. Nj\u00eb fest\u00eb e ve\u00e7ant\u00eb me nj\u00eb madh\u00ebshti unike. Besimtar\u00eb t\u00eb shumt\u00eb vendas, si dhe t\u00eb tjer\u00eb pelegrin\u00eb t\u00eb ardhur nga shteti fqinj, Greqia, iu fal\u00ebn me shpres\u00ebtari dhe k\u00ebrkuan nxeht\u00ebsisht nd\u00ebrmjetimet e shenjtit. Liturgjia Hyjnore u drejtua nga Mitropoliti i Beratit, Vlor\u00ebs dhe Kanin\u00ebs Imzot Ignati. Bashk\u00ebmeshoi me t\u00eb Episkopi i Amantias, Imzot Nathanaili, si dhe shum\u00eb arkimandrit\u00eb dhe prift\u00ebrinj t\u00eb tjer\u00eb. Predikimi i dit\u00ebs, i p\u00ebrgatitur nga Imzot Ignati, iu dedikua jet\u00ebshkrimit t\u00eb Sh\u00ebn Kozmait t\u00eb Etolis\u00eb.N\u00eb t\u00eb u theksua:<\/span><\/span><\/span><\/div>\n<div style=\"text-align: justify;\"><span style=\"color: #000000; font-family: helvetica; font-size: 12pt;\"> &nbsp;&nbsp;&nbsp; \u201cZoti b\u00ebn mrekulli me shenjtor\u00ebt e tij q\u00eb jan\u00eb n\u00eb tok\u00eb.\u201d (Psalm. 15: 3)<\/span><\/div>\n<div style=\"text-align: justify;\"><span style=\"color: #000000; font-family: helvetica; font-size: 12pt;\"> &nbsp;&nbsp;&nbsp; Shen Kozmai i Etolis\u00eb, hierod\u00ebshmori i lumtur dhe i barabart\u00eb me apostujt, jetoi dhe veproi gjat\u00eb shekullit t\u00eb 18. \u00cbsht\u00eb nga shenjtor\u00ebt e Kish\u00ebs q\u00eb quhen d\u00ebshmor\u00eb t\u00eb rinj dhe u shfaq\u00ebn n\u00eb vitet e perandoris\u00eb Otomane. Figura si shen Kozmai i Etolis\u00eb rrall\u00eb shfaqen n\u00eb parasken\u00ebn e historis\u00eb njer\u00ebzore. Ata, me shembullin, m\u00ebsimdh\u00ebnien dhe sakrific\u00ebn e tyre, mbajt\u00ebn t\u00eb gjall\u00eb bes\u00ebn orthodhokse t\u00eb t\u00eb krishter\u00ebve t\u00eb skllav\u00ebruar t\u00eb Lindjes. Nj\u00eb referim i shkurt\u00ebr n\u00eb fjal\u00ebn, jet\u00ebn dhe vepr\u00ebn e Shenjtorit ka shum\u00eb t\u00eb na m\u00ebsoj\u00eb dhe t\u00eb na nd\u00ebrtoj\u00eb shpirt\u00ebrisht.<\/span><\/div>\n<div style=\"text-align: justify;\"><span style=\"color: #000000; font-family: helvetica; font-size: 12pt;\"> &nbsp;&nbsp;&nbsp; Atdheu i Shenjtorit ishte nj\u00eb fshat i vog\u00ebl dhe i par\u00ebnd\u00ebsish\u00ebm &#8211; Megalo Dhentro &#8211; jasht\u00eb Thermos t\u00eb Etoloakarnanis\u00eb. Prind\u00ebrit e tij ishin shpres\u00ebtar dhe e rrit\u00ebn me \u201cedukat\u00ebn dhe k\u00ebshillat m\u00eb Zotin\u201d. Emri i tij i pag\u00ebzimit ishte Kostas dhe mbiemri i tij Anifandis. Q\u00eb n\u00eb vog\u00ebli tregonte nj\u00eb prirje t\u00eb madhe ndaj bes\u00ebs dhe ndaj shkrimeve. N\u00eb shkolla t\u00eb d\u00ebgjuara, nga m\u00ebsues t\u00eb urt\u00eb, m\u00ebsoi shkrimet e hirshme dhe klasik\u00ebt grek\u00eb. Mbas p\u00ebrfundimit t\u00eb studimeve u em\u00ebrua m\u00ebsues. Kur m\u00eb pas u ngrit n\u00eb Malin e Shenjt\u00eb shkolla e shum\u00eb famshme Athonjadha, la profesionin e m\u00ebsuesit dhe u regjistrua atje, ku mori m\u00ebsime m\u00eb t\u00eb larta nga pedagog\u00eb t\u00eb d\u00ebgjuar. Nj\u00ebkoh\u00ebsisht, si blet\u00eb pun\u00ebtore, iu kushtua studimit t\u00eb Shkrimit t\u00eb Shenjt\u00eb dhe Et\u00ebrve t\u00eb Kish\u00ebs. Ngaq\u00eb d\u00ebshiroi t\u00eb ndjek\u00eb jet\u00ebn murgj\u00ebrore shkoi dhe u ushtrua si asket n\u00eb manastirin e shen Filotheut n\u00eb Malin e Shenjt\u00eb dhe mori emrin Kozma. M\u00eb pas u hirotonis edhe n\u00eb prift.<\/span><\/div>\n<div style=\"text-align: justify;\"><span style=\"color: #000000; font-family: helvetica; font-size: 12pt;\"> &nbsp;&nbsp;&nbsp; Por, n\u00eb manastir, mbas 20 vjet\u00ebsh ushtrimi, nuk qet\u00ebsohej. Mendimi, se v\u00ebllez\u00ebrit e tij n\u00eb bot\u00eb ishin skllev\u00ebr dhe vuanin, e torturonte dhe mendonte t\u00eb dal\u00eb nga Mali i Shenjt\u00eb dhe t\u00eb punoj p\u00ebr k\u00ebt\u00eb qellim, ndoshta dhe jo n\u00eb favor t\u00eb interesit t\u00eb tij shpirt\u00ebror. Shk\u00ebndija u ndez brenda tij kur lexoi fjal\u00ebt e shen Pavlit drejtuar Korinthian\u00ebve: \u201cAskush le t\u00eb mos k\u00ebrkoj\u00eb t\u00eb mir\u00ebn e tij; po secili t\u00eb tjetrit\u201d (1 Kor. 10: 24), k\u00ebto fjal\u00eb i \u201chanin zemr\u00ebn, si mola drurin\u201d. Sigurisht, besa e krishter\u00eb, q\u00eb p\u00ebrb\u00ebn mb\u00ebshtetjen e vetme t\u00eb individ\u00ebve dhe popujve, nuk ishte shuar krejt nga nd\u00ebrgjegjet e rajave, por ishte dob\u00ebsuar mjaft n\u00ebn dhun\u00ebn dhe mjetet \u00e7njer\u00ebzore t\u00eb pushtuesve. Kudo, dhe ve\u00e7an\u00ebrisht n\u00eb krahinat malore, prift\u00ebrinjt\u00eb ishin t\u00eb rrall\u00eb. Njer\u00ebzit vdisnin pa u pag\u00ebzuar dhe pa u varrosur me sh\u00ebrbesat e kish\u00ebs. Shkolla nuk ekzistonin. Padija dhe err\u00ebsira mbizot\u00ebronte n\u00eb shpirtrat e tyre.<\/span><\/div>\n<div style=\"text-align: justify;\"><span style=\"color: #000000; font-family: helvetica; font-size: 12pt;\"> &nbsp;&nbsp;&nbsp; Shen Kozmai shkoi n\u00eb Kostandinopoj\u00eb, mori leje dhe bekim nga Patriku Ekumenik dhe n\u00eb vitin 1760, n\u00eb mosh\u00ebn 46 vje\u00e7are, filloi vepr\u00ebn e tij misionare. Vet\u00eb shen Kozmai, n\u00eb fjalimet e tij drejtuar popullit, fliste p\u00ebr arsyen q\u00eb e detyroi t\u00eb dal\u00eb nga manastiri: \u201clash\u00eb prokopin time dhe t\u00eb mir\u00ebn time dhe dola dhe eci nga njeri vend te tjetri dhe m\u00ebsoj v\u00ebllez\u00ebrit e mi\u201d. Shen Kozmai b\u00ebri 4 udh\u00ebtime t\u00eb m\u00ebdha n\u00eb krahina t\u00eb ndryshme t\u00eb Greqis\u00eb. Vep\u00ebr shum\u00eb e mundimshme p\u00ebr at\u00eb koh\u00eb. Shkoi n\u00eb Thrak\u00eb, n\u00eb Malin e Shenjt\u00eb, n\u00eb Greqin\u00eb qendrore, n\u00eb Akai, n\u00eb Thesali, n\u00eb Maqedoni, n\u00eb Halqidhiqi, n\u00eb Epir, n\u00eb ishujt e detit Jon dhe t\u00eb Mesdheut.<\/span><\/div>\n<div style=\"text-align: justify;\"><span style=\"color: #000000; font-family: helvetica; font-size: 12pt;\"> &nbsp;&nbsp;&nbsp; Predikimi i tij kishte karakter fetar, moral dhe shoq\u00ebror. Dashuria ndaj Per\u00ebndis\u00eb dhe dashuria ndaj t\u00eb af\u00ebrmit ishin dy pikat kryesore rreth t\u00eb cilave v\u00ebrtitej predikimi i tij. Shpres\u00ebtaria ndaj Per\u00ebndis\u00eb duhej t\u00eb shfaqej dhe me pushimin e s\u00eb Diel\u00ebs, t\u00eb cilin hebrenjt\u00eb nuk e ruanin. N\u00eb nj\u00eb nga fjalimet e tij thot\u00eb si n\u00eb vijim: \u201cDuhet ta g\u00ebzojm\u00eb m\u00eb tep\u00ebr dit\u00ebn e diel. Duhet t\u00eb punojm\u00eb t\u00eb gjashta dit\u00ebt e jav\u00ebs p\u00ebr gj\u00ebrat tok\u00ebsore, t\u00eb kota dhe t\u00eb rreme dhe t\u00eb diel\u00ebn ta kemi pushim dhe t\u00eb shkojm\u00eb n\u00eb kish\u00eb dhe t\u00eb mendojm\u00eb m\u00ebkatet tona, vdekjen, parajs\u00ebn, shpirtin ton\u00eb, i cili \u00ebsht\u00eb m\u00eb i \u00e7muesh\u00ebm se gjith\u00eb bota dhe jo t\u00eb ham\u00eb e t\u00eb pim\u00eb shum\u00eb, as t\u00eb punojm\u00eb e t\u00eb b\u00ebjm\u00eb tregti dit\u00ebn e diel. Fitimi i s\u00eb diel\u00ebs nuk \u00ebsht\u00eb i bekuar. Un\u00eb ju k\u00ebshilloj t\u00eb ruani dit\u00ebn e diel, e cila i \u00ebsht\u00eb kushtuar Per\u00ebndis\u00eb. Dhe n\u00ebse rastis t\u00eb shes\u00ebsh ushqime dit\u00ebn e diel, nga nevoja, fitimin q\u00eb do marr\u00ebsh t\u00eb mos e p\u00ebrziesh me \u201cportofolin\u201d t\u00ebnd, por jepe l\u00ebmosh\u00eb p\u00ebr t\u00eb vobekt\u00ebt\u201d.<\/span><\/div>\n<div style=\"text-align: justify;\"><span style=\"color: #000000; font-family: helvetica; font-size: 12pt;\"> &nbsp;&nbsp;&nbsp; Veprimtaria e tij misionare zgjati 20 vjet. Sh\u00ebn Kozmain e respektonin shum\u00eb edhe turqit. Por, hebrenjt\u00eb e urrenin p\u00ebr vdekje. Hebrenjt\u00eb e Epirit shpif\u00ebn p\u00ebr Shenjtorin tek autoritetet turke, se nxiste kryengritje. Dhan\u00eb para tek Kurt pashai i Beratit dhe k\u00ebshtu ia arrit\u00ebn vendimit p\u00ebr ekzekutimin e shenjtorit. Kur xhelat\u00ebt turq e \u00e7uan n\u00eb vendin e ekzekutimit, pran\u00eb lumit Seman, dhe e njoftuan p\u00ebr d\u00ebnimin e tij, shen Kozmai u p\u00ebrgjunj dhe e fal\u00ebnderoi Per\u00ebndin\u00eb, q\u00eb e denj\u00ebsoi t\u00eb pranoj\u00eb sakrific\u00ebn e tij. Pastaj u ngrit n\u00eb k\u00ebmb\u00eb, bekoi kat\u00ebr an\u00ebt e horizontit, u lut\u00eb p\u00ebr gjith\u00eb t\u00eb krishter\u00ebt t\u00eb ruajn\u00eb porosit\u00eb e Per\u00ebndis\u00eb dhe uli kok\u00ebn para xhelat\u00ebve q\u00eb t\u00eb kaloj\u00eb laku n\u00eb gryk\u00ebn e tij. E var\u00ebn n\u00eb pem\u00eb dhe k\u00ebshtu u martirizua n\u00eb 24 Gusht t\u00eb vitit 1779. Trupin e tij e hodh\u00ebn n\u00eb lum\u00eb dhe t\u00eb krishter\u00ebt e mor\u00ebn dhe e varros\u00ebn me shpres\u00ebtari n\u00eb Kolkondas. Patriarkana Ekumenike m\u00eb 20 Prill t\u00eb vitit 1961 e renditi sh\u00ebn Kozman e Etolis\u00eb n\u00eb Martir\u00ebt e rinj. Me nd\u00ebrmjetimet e tij, o Krisht Per\u00ebndi, m\u00ebshirona dhe shp\u00ebtona. Amin.\u201d<\/span><\/div>\n<div style=\"text-align: justify;\"><span style=\"font-family: helvetica; font-size: 12pt;\"><\/span><\/div>\n<div style=\"text-align: justify;\"><span style=\"color: #000000; font-family: helvetica; font-size: 12pt;\"><img class=\"lazyload\" decoding=\"async\" style=\"width: 600px; height: 901px; border-width: 1px; border-style: solid; margin: 10px; float: left;\" alt=\"\" src=\"data:image\/gif;base64,R0lGODlhAQABAAAAACH5BAEKAAEALAAAAAABAAEAAAICTAEAOw==\" data-orig-src=\"https:\/\/lh4.googleusercontent.com\/-Kyzhta3cK8w\/UDskvflLfcI\/AAAAAAAAA4Q\/uyWPqVMo5Ww\/s512\/399593_472885392736299_772780779_n.jpg\" \/><\/span><\/div>\n<div style=\"text-align: justify;\"><span style=\"color: #000000; font-family: helvetica; font-size: 12pt;\"><img class=\"lazyload\" decoding=\"async\" style=\"width: 600px; height: 901px; border-width: 1px; border-style: solid; margin: 10px; float: left;\" alt=\"\" src=\"data:image\/gif;base64,R0lGODlhAQABAAAAACH5BAEKAAEALAAAAAABAAEAAAICTAEAOw==\" data-orig-src=\"https:\/\/lh6.googleusercontent.com\/-1Weit_kP4tA\/UDskvpFw5WI\/AAAAAAAAA4Y\/aKYzAY74E4c\/s512\/424247_472887669402738_173162503_n.jpg\" \/><\/span><\/div>\n<div style=\"text-align: justify;\"><span style=\"color: #000000; font-family: helvetica; font-size: 12pt;\"><img class=\"lazyload\" decoding=\"async\" style=\"width: 600px; height: 400px; border-width: 1px; border-style: solid; margin: 10px; float: left;\" alt=\"\" src=\"data:image\/gif;base64,R0lGODlhAQABAAAAACH5BAEKAAEALAAAAAABAAEAAAICTAEAOw==\" data-orig-src=\"https:\/\/lh6.googleusercontent.com\/-z0Rmj576Otw\/UDsk0CdWdXI\/AAAAAAAAA5o\/_AzGUZUM4yY\/s640\/562728_472886259402879_690944252_n.jpg\" \/><\/span><\/div>\n<div style=\"text-align: justify;\"><span style=\"color: #000000; font-family: helvetica; font-size: 12pt;\"><img class=\"lazyload\" decoding=\"async\" style=\"width: 600px; height: 901px; border-width: 1px; border-style: solid; margin: 10px; float: left;\" alt=\"\" src=\"data:image\/gif;base64,R0lGODlhAQABAAAAACH5BAEKAAEALAAAAAABAAEAAAICTAEAOw==\" data-orig-src=\"https:\/\/lh3.googleusercontent.com\/-BZyCq3Zu-rg\/UDskvYuKSuI\/AAAAAAAAA4U\/DwrLlgoy6pc\/s512\/399596_472886326069539_706918988_n.jpg\" \/><\/span><\/div>\n<div style=\"text-align: justify;\"><span style=\"color: #000000; font-family: helvetica; font-size: 12pt;\"><img class=\"lazyload\" decoding=\"async\" style=\"width: 600px; height: 901px; border-width: 1px; border-style: solid; margin: 10px; float: left;\" alt=\"\" src=\"data:image\/gif;base64,R0lGODlhAQABAAAAACH5BAEKAAEALAAAAAABAAEAAAICTAEAOw==\" data-orig-src=\"https:\/\/lh3.googleusercontent.com\/-afc4kEMw8to\/UDskuQpGVPI\/AAAAAAAAA4I\/yLfNSojQLRk\/s512\/386957_472886806069491_1246614267_n.jpg\" \/><\/span><\/div>\n<div style=\"text-align: justify;\"><span style=\"color: #000000; font-family: helvetica; font-size: 12pt;\"><img class=\"lazyload\" decoding=\"async\" style=\"width: 600px; height: 400px; border-width: 1px; border-style: solid; margin: 10px; float: left;\" alt=\"\" src=\"data:image\/gif;base64,R0lGODlhAQABAAAAACH5BAEKAAEALAAAAAABAAEAAAICTAEAOw==\" data-orig-src=\"https:\/\/lh5.googleusercontent.com\/-OxGWrItKIlg\/UDskto2HHFI\/AAAAAAAAA38\/SDHQTrOFIWk\/s640\/386793_472890149402490_1646416863_n.jpg\" \/><\/span><\/div>\n<div style=\"text-align: justify;\"><span style=\"color: #000000; font-family: helvetica; font-size: 12pt;\"><img class=\"lazyload\" decoding=\"async\" style=\"width: 600px; height: 400px; border-width: 1px; border-style: solid; margin: 10px; float: left;\" alt=\"\" src=\"data:image\/gif;base64,R0lGODlhAQABAAAAACH5BAEKAAEALAAAAAABAAEAAAICTAEAOw==\" data-orig-src=\"https:\/\/lh5.googleusercontent.com\/-AgRegXSwhNQ\/UDsksea0rsI\/AAAAAAAAA3o\/Id-ebghWhqE\/s640\/305085_472889426069229_207601336_n.jpg\" \/><\/span><\/div>\n<div style=\"text-align: justify;\"><span style=\"color: #000000; font-family: helvetica; font-size: 12pt;\"><img class=\"lazyload\" decoding=\"async\" style=\"width: 600px; height: 901px; border-width: 1px; border-style: solid; margin: 10px; float: left;\" alt=\"\" src=\"data:image\/gif;base64,R0lGODlhAQABAAAAACH5BAEKAAEALAAAAAABAAEAAAICTAEAOw==\" data-orig-src=\"https:\/\/lh5.googleusercontent.com\/-Rt5nXG63R8k\/UDskqusrhxI\/AAAAAAAAA3Y\/gpSeCgJjSPs\/s512\/255376_472890002735838_48069634_n.jpg\" \/><\/span><\/div>\n<div style=\"text-align: justify;\"><span style=\"color: #000000; font-family: helvetica; font-size: 12pt;\"><img class=\"lazyload\" decoding=\"async\" style=\"width: 600px; height: 901px; border-width: 1px; border-style: solid; margin: 10px; float: left;\" alt=\"\" src=\"data:image\/gif;base64,R0lGODlhAQABAAAAACH5BAEKAAEALAAAAAABAAEAAAICTAEAOw==\" data-orig-src=\"https:\/\/lh6.googleusercontent.com\/-V740NUMCdEM\/UDskqqkYxmI\/AAAAAAAAA3Q\/2VfvfpLNMVg\/s512\/292022_472885322736306_879945933_n.jpg\" \/><\/span><\/div>\n","protected":false},"excerpt":{"rendered":"<p>&nbsp;&nbsp;&nbsp; I ndritsh\u00ebm, i mbushur me hirin hyjnor dukej manastiri i shenjt\u00eb i Hierod\u00ebshmorit Kozma, n\u00eb dit\u00ebn kur Kisha Orthodhokse&nbsp; kremton kujtimin e tij. Nj\u00eb fest\u00eb e ve\u00e7ant\u00eb me nj\u00eb madh\u00ebshti unike. Besimtar\u00eb t\u00eb shumt\u00eb vendas, si dhe t\u00eb tjer\u00eb pelegrin\u00eb t\u00eb ardhur nga shteti fqinj, Greqia, iu fal\u00ebn me shpres\u00ebtari dhe k\u00ebrkuan nxeht\u00ebsisht nd\u00ebrmjetimet e shenjtit. Liturgjia Hyjnore u drejtua nga Mitropoliti i Beratit,<\/p>\n","protected":false},"author":1,"featured_media":0,"comment_status":"open","ping_status":"open","sticky":false,"template":"","format":"standard","meta":{"_acf_changed":false,"pagelayer_contact_templates":[],"_pagelayer_content":"","inline_featured_image":false,"fifu_image_url":"","fifu_image_alt":"","footnotes":""},"categories":[108],"tags":[142,157,212,197],"class_list":["post-552","post","type-post","status-publish","format-standard","hentry","category-lajme","tag-142","tag-kremtime","tag-lajme-d27","tag-berat"],"acf":[],"yoast_head":"<!-- This site is optimized with the Yoast SEO plugin v27.2 - https:\/\/yoast.com\/product\/yoast-seo-wordpress\/ -->\n<title>Festohet n\u00eb Kolkondas dita e sh\u00ebn Kozmait. (24 Gusht 2012) - Kisha Orthodh\u03bfkse Autoqefale e Shqip\u00ebris\u00eb<\/title>\n<meta name=\"robots\" content=\"index, follow, max-snippet:-1, max-image-preview:large, max-video-preview:-1\" \/>\n<link rel=\"canonical\" href=\"https:\/\/orthodoxalbania.org\/2020\/2013\/03\/21\/festohet-ne-kolkondas-dita-e-shen-kozmait\/\" \/>\n<meta property=\"og:locale\" content=\"en_US\" \/>\n<meta property=\"og:type\" content=\"article\" \/>\n<meta property=\"og:title\" content=\"Festohet n\u00eb Kolkondas dita e sh\u00ebn Kozmait. (24 Gusht 2012) - Kisha Orthodh\u03bfkse Autoqefale e Shqip\u00ebris\u00eb\" \/>\n<meta property=\"og:description\" content=\"&nbsp;&nbsp;&nbsp; I ndritsh\u00ebm, i mbushur me hirin hyjnor dukej manastiri i shenjt\u00eb i Hierod\u00ebshmorit Kozma, n\u00eb dit\u00ebn kur Kisha Orthodhokse&nbsp; kremton kujtimin e tij. Nj\u00eb fest\u00eb e ve\u00e7ant\u00eb me nj\u00eb madh\u00ebshti unike. Besimtar\u00eb t\u00eb shumt\u00eb vendas, si dhe t\u00eb tjer\u00eb pelegrin\u00eb t\u00eb ardhur nga shteti fqinj, Greqia, iu fal\u00ebn me shpres\u00ebtari dhe k\u00ebrkuan nxeht\u00ebsisht nd\u00ebrmjetimet e shenjtit. Liturgjia Hyjnore u drejtua nga Mitropoliti i Beratit,\" \/>\n<meta property=\"og:url\" content=\"https:\/\/orthodoxalbania.org\/2020\/2013\/03\/21\/festohet-ne-kolkondas-dita-e-shen-kozmait\/\" \/>\n<meta property=\"og:site_name\" content=\"Kisha Orthodh\u03bfkse Autoqefale e Shqip\u00ebris\u00eb\" \/>\n<meta property=\"article:publisher\" content=\"https:\/\/www.facebook.com\/koash1991\" \/>\n<meta property=\"article:published_time\" content=\"2013-03-21T12:16:39+00:00\" \/>\n<meta property=\"article:modified_time\" content=\"2020-04-06T20:05:59+00:00\" \/>\n<meta property=\"og:image\" content=\"https:\/\/lh3.googleusercontent.com\/-dJjkIHIKy4A\/UDskymg9kOI\/AAAAAAAAA5I\/BGDlq19jG9U\/s640\/542460_472885872736251_463930823_n.jpg\" \/>\n<meta name=\"author\" content=\"Kisha Orthodhokse\" \/>\n<meta name=\"twitter:card\" content=\"summary_large_image\" \/>\n<meta name=\"twitter:label1\" content=\"Written by\" \/>\n\t<meta name=\"twitter:data1\" content=\"Kisha Orthodhokse\" \/>\n\t<meta name=\"twitter:label2\" content=\"Est. reading time\" \/>\n\t<meta name=\"twitter:data2\" content=\"6 minutes\" \/>\n<script type=\"application\/ld+json\" class=\"yoast-schema-graph\">{\"@context\":\"https:\/\/schema.org\",\"@graph\":[{\"@type\":\"Article\",\"@id\":\"https:\/\/orthodoxalbania.org\/2020\/2013\/03\/21\/festohet-ne-kolkondas-dita-e-shen-kozmait\/#article\",\"isPartOf\":{\"@id\":\"https:\/\/orthodoxalbania.org\/2020\/2013\/03\/21\/festohet-ne-kolkondas-dita-e-shen-kozmait\/\"},\"author\":{\"name\":\"Kisha Orthodhokse\",\"@id\":\"https:\/\/orthodoxalbania.org\/2020\/#\/schema\/person\/0c387634a7063ac612d7ed9ce71c7e86\"},\"headline\":\"Festohet n\u00eb Kolkondas dita e sh\u00ebn Kozmait. (24 Gusht 2012)\",\"datePublished\":\"2013-03-21T12:16:39+00:00\",\"dateModified\":\"2020-04-06T20:05:59+00:00\",\"mainEntityOfPage\":{\"@id\":\"https:\/\/orthodoxalbania.org\/2020\/2013\/03\/21\/festohet-ne-kolkondas-dita-e-shen-kozmait\/\"},\"wordCount\":1195,\"commentCount\":0,\"publisher\":{\"@id\":\"https:\/\/orthodoxalbania.org\/2020\/#organization\"},\"image\":{\"@id\":\"https:\/\/orthodoxalbania.org\/2020\/2013\/03\/21\/festohet-ne-kolkondas-dita-e-shen-kozmait\/#primaryimage\"},\"thumbnailUrl\":\"https:\/\/lh3.googleusercontent.com\/-dJjkIHIKy4A\/UDskymg9kOI\/AAAAAAAAA5I\/BGDlq19jG9U\/s640\/542460_472885872736251_463930823_n.jpg\",\"keywords\":[\"2012\",\"Kremtime\",\"lajme\",\"Mitropolia Berat\"],\"articleSection\":[\"Lajme\"],\"inLanguage\":\"en-US\"},{\"@type\":\"WebPage\",\"@id\":\"https:\/\/orthodoxalbania.org\/2020\/2013\/03\/21\/festohet-ne-kolkondas-dita-e-shen-kozmait\/\",\"url\":\"https:\/\/orthodoxalbania.org\/2020\/2013\/03\/21\/festohet-ne-kolkondas-dita-e-shen-kozmait\/\",\"name\":\"Festohet n\u00eb Kolkondas dita e sh\u00ebn Kozmait. (24 Gusht 2012) - Kisha Orthodh\u03bfkse Autoqefale e Shqip\u00ebris\u00eb\",\"isPartOf\":{\"@id\":\"https:\/\/orthodoxalbania.org\/2020\/#website\"},\"primaryImageOfPage\":{\"@id\":\"https:\/\/orthodoxalbania.org\/2020\/2013\/03\/21\/festohet-ne-kolkondas-dita-e-shen-kozmait\/#primaryimage\"},\"image\":{\"@id\":\"https:\/\/orthodoxalbania.org\/2020\/2013\/03\/21\/festohet-ne-kolkondas-dita-e-shen-kozmait\/#primaryimage\"},\"thumbnailUrl\":\"https:\/\/lh3.googleusercontent.com\/-dJjkIHIKy4A\/UDskymg9kOI\/AAAAAAAAA5I\/BGDlq19jG9U\/s640\/542460_472885872736251_463930823_n.jpg\",\"datePublished\":\"2013-03-21T12:16:39+00:00\",\"dateModified\":\"2020-04-06T20:05:59+00:00\",\"breadcrumb\":{\"@id\":\"https:\/\/orthodoxalbania.org\/2020\/2013\/03\/21\/festohet-ne-kolkondas-dita-e-shen-kozmait\/#breadcrumb\"},\"inLanguage\":\"en-US\",\"potentialAction\":[{\"@type\":\"ReadAction\",\"target\":[\"https:\/\/orthodoxalbania.org\/2020\/2013\/03\/21\/festohet-ne-kolkondas-dita-e-shen-kozmait\/\"]}]},{\"@type\":\"ImageObject\",\"inLanguage\":\"en-US\",\"@id\":\"https:\/\/orthodoxalbania.org\/2020\/2013\/03\/21\/festohet-ne-kolkondas-dita-e-shen-kozmait\/#primaryimage\",\"url\":\"https:\/\/lh3.googleusercontent.com\/-dJjkIHIKy4A\/UDskymg9kOI\/AAAAAAAAA5I\/BGDlq19jG9U\/s640\/542460_472885872736251_463930823_n.jpg\",\"contentUrl\":\"https:\/\/lh3.googleusercontent.com\/-dJjkIHIKy4A\/UDskymg9kOI\/AAAAAAAAA5I\/BGDlq19jG9U\/s640\/542460_472885872736251_463930823_n.jpg\"},{\"@type\":\"BreadcrumbList\",\"@id\":\"https:\/\/orthodoxalbania.org\/2020\/2013\/03\/21\/festohet-ne-kolkondas-dita-e-shen-kozmait\/#breadcrumb\",\"itemListElement\":[{\"@type\":\"ListItem\",\"position\":1,\"name\":\"Home\",\"item\":\"https:\/\/orthodoxalbania.org\/2020\/\"},{\"@type\":\"ListItem\",\"position\":2,\"name\":\"Festohet n\u00eb Kolkondas dita e sh\u00ebn Kozmait. (24 Gusht 2012)\"}]},{\"@type\":\"WebSite\",\"@id\":\"https:\/\/orthodoxalbania.org\/2020\/#website\",\"url\":\"https:\/\/orthodoxalbania.org\/2020\/\",\"name\":\"Kisha Orthodh\u03bfkse Autoqefale e Shqip\u00ebris\u00eb\",\"description\":\"Fqja Zyrtare e Kish\u00ebs Orthodhokse Autoqefale e Shqip\u00ebris\u00eb me lajmet edhe informacionet zyrtare p\u00ebr struktur\u00ebn edhe veprimtarin e saj.\",\"publisher\":{\"@id\":\"https:\/\/orthodoxalbania.org\/2020\/#organization\"},\"potentialAction\":[{\"@type\":\"SearchAction\",\"target\":{\"@type\":\"EntryPoint\",\"urlTemplate\":\"https:\/\/orthodoxalbania.org\/2020\/?s={search_term_string}\"},\"query-input\":{\"@type\":\"PropertyValueSpecification\",\"valueRequired\":true,\"valueName\":\"search_term_string\"}}],\"inLanguage\":\"en-US\"},{\"@type\":\"Organization\",\"@id\":\"https:\/\/orthodoxalbania.org\/2020\/#organization\",\"name\":\"Kisha Orthodhokse Autoqefale e Shqip\u00ebris\u00eb\",\"url\":\"https:\/\/orthodoxalbania.org\/2020\/\",\"logo\":{\"@type\":\"ImageObject\",\"inLanguage\":\"en-US\",\"@id\":\"https:\/\/orthodoxalbania.org\/2020\/#\/schema\/logo\/image\/\",\"url\":\"https:\/\/orthodoxalbania.org\/2020\/wp-content\/uploads\/2020\/05\/albania.jpeg\",\"contentUrl\":\"https:\/\/orthodoxalbania.org\/2020\/wp-content\/uploads\/2020\/05\/albania.jpeg\",\"width\":540,\"height\":540,\"caption\":\"Kisha Orthodhokse Autoqefale e Shqip\u00ebris\u00eb\"},\"image\":{\"@id\":\"https:\/\/orthodoxalbania.org\/2020\/#\/schema\/logo\/image\/\"},\"sameAs\":[\"https:\/\/www.facebook.com\/koash1991\"]},{\"@type\":\"Person\",\"@id\":\"https:\/\/orthodoxalbania.org\/2020\/#\/schema\/person\/0c387634a7063ac612d7ed9ce71c7e86\",\"name\":\"Kisha Orthodhokse\",\"image\":{\"@type\":\"ImageObject\",\"inLanguage\":\"en-US\",\"@id\":\"https:\/\/secure.gravatar.com\/avatar\/596e7c417251e30f2fbb9c00e026fce61a695a00e51c889caded71c96cbbdde5?s=96&d=mm&r=g\",\"url\":\"https:\/\/secure.gravatar.com\/avatar\/596e7c417251e30f2fbb9c00e026fce61a695a00e51c889caded71c96cbbdde5?s=96&d=mm&r=g\",\"contentUrl\":\"https:\/\/secure.gravatar.com\/avatar\/596e7c417251e30f2fbb9c00e026fce61a695a00e51c889caded71c96cbbdde5?s=96&d=mm&r=g\",\"caption\":\"Kisha Orthodhokse\"}}]}<\/script>\n<!-- \/ Yoast SEO plugin. -->","yoast_head_json":{"title":"Festohet n\u00eb Kolkondas dita e sh\u00ebn Kozmait. (24 Gusht 2012) - Kisha Orthodh\u03bfkse Autoqefale e Shqip\u00ebris\u00eb","robots":{"index":"index","follow":"follow","max-snippet":"max-snippet:-1","max-image-preview":"max-image-preview:large","max-video-preview":"max-video-preview:-1"},"canonical":"https:\/\/orthodoxalbania.org\/2020\/2013\/03\/21\/festohet-ne-kolkondas-dita-e-shen-kozmait\/","og_locale":"en_US","og_type":"article","og_title":"Festohet n\u00eb Kolkondas dita e sh\u00ebn Kozmait. (24 Gusht 2012) - Kisha Orthodh\u03bfkse Autoqefale e Shqip\u00ebris\u00eb","og_description":"&nbsp;&nbsp;&nbsp; I ndritsh\u00ebm, i mbushur me hirin hyjnor dukej manastiri i shenjt\u00eb i Hierod\u00ebshmorit Kozma, n\u00eb dit\u00ebn kur Kisha Orthodhokse&nbsp; kremton kujtimin e tij. Nj\u00eb fest\u00eb e ve\u00e7ant\u00eb me nj\u00eb madh\u00ebshti unike. Besimtar\u00eb t\u00eb shumt\u00eb vendas, si dhe t\u00eb tjer\u00eb pelegrin\u00eb t\u00eb ardhur nga shteti fqinj, Greqia, iu fal\u00ebn me shpres\u00ebtari dhe k\u00ebrkuan nxeht\u00ebsisht nd\u00ebrmjetimet e shenjtit. Liturgjia Hyjnore u drejtua nga Mitropoliti i Beratit,","og_url":"https:\/\/orthodoxalbania.org\/2020\/2013\/03\/21\/festohet-ne-kolkondas-dita-e-shen-kozmait\/","og_site_name":"Kisha Orthodh\u03bfkse Autoqefale e Shqip\u00ebris\u00eb","article_publisher":"https:\/\/www.facebook.com\/koash1991","article_published_time":"2013-03-21T12:16:39+00:00","article_modified_time":"2020-04-06T20:05:59+00:00","og_image":[{"url":"https:\/\/lh3.googleusercontent.com\/-dJjkIHIKy4A\/UDskymg9kOI\/AAAAAAAAA5I\/BGDlq19jG9U\/s640\/542460_472885872736251_463930823_n.jpg","type":"","width":"","height":""}],"author":"Kisha Orthodhokse","twitter_card":"summary_large_image","twitter_misc":{"Written by":"Kisha Orthodhokse","Est. reading time":"6 minutes"},"schema":{"@context":"https:\/\/schema.org","@graph":[{"@type":"Article","@id":"https:\/\/orthodoxalbania.org\/2020\/2013\/03\/21\/festohet-ne-kolkondas-dita-e-shen-kozmait\/#article","isPartOf":{"@id":"https:\/\/orthodoxalbania.org\/2020\/2013\/03\/21\/festohet-ne-kolkondas-dita-e-shen-kozmait\/"},"author":{"name":"Kisha Orthodhokse","@id":"https:\/\/orthodoxalbania.org\/2020\/#\/schema\/person\/0c387634a7063ac612d7ed9ce71c7e86"},"headline":"Festohet n\u00eb Kolkondas dita e sh\u00ebn Kozmait. (24 Gusht 2012)","datePublished":"2013-03-21T12:16:39+00:00","dateModified":"2020-04-06T20:05:59+00:00","mainEntityOfPage":{"@id":"https:\/\/orthodoxalbania.org\/2020\/2013\/03\/21\/festohet-ne-kolkondas-dita-e-shen-kozmait\/"},"wordCount":1195,"commentCount":0,"publisher":{"@id":"https:\/\/orthodoxalbania.org\/2020\/#organization"},"image":{"@id":"https:\/\/orthodoxalbania.org\/2020\/2013\/03\/21\/festohet-ne-kolkondas-dita-e-shen-kozmait\/#primaryimage"},"thumbnailUrl":"https:\/\/lh3.googleusercontent.com\/-dJjkIHIKy4A\/UDskymg9kOI\/AAAAAAAAA5I\/BGDlq19jG9U\/s640\/542460_472885872736251_463930823_n.jpg","keywords":["2012","Kremtime","lajme","Mitropolia Berat"],"articleSection":["Lajme"],"inLanguage":"en-US"},{"@type":"WebPage","@id":"https:\/\/orthodoxalbania.org\/2020\/2013\/03\/21\/festohet-ne-kolkondas-dita-e-shen-kozmait\/","url":"https:\/\/orthodoxalbania.org\/2020\/2013\/03\/21\/festohet-ne-kolkondas-dita-e-shen-kozmait\/","name":"Festohet n\u00eb Kolkondas dita e sh\u00ebn Kozmait. (24 Gusht 2012) - Kisha Orthodh\u03bfkse Autoqefale e Shqip\u00ebris\u00eb","isPartOf":{"@id":"https:\/\/orthodoxalbania.org\/2020\/#website"},"primaryImageOfPage":{"@id":"https:\/\/orthodoxalbania.org\/2020\/2013\/03\/21\/festohet-ne-kolkondas-dita-e-shen-kozmait\/#primaryimage"},"image":{"@id":"https:\/\/orthodoxalbania.org\/2020\/2013\/03\/21\/festohet-ne-kolkondas-dita-e-shen-kozmait\/#primaryimage"},"thumbnailUrl":"https:\/\/lh3.googleusercontent.com\/-dJjkIHIKy4A\/UDskymg9kOI\/AAAAAAAAA5I\/BGDlq19jG9U\/s640\/542460_472885872736251_463930823_n.jpg","datePublished":"2013-03-21T12:16:39+00:00","dateModified":"2020-04-06T20:05:59+00:00","breadcrumb":{"@id":"https:\/\/orthodoxalbania.org\/2020\/2013\/03\/21\/festohet-ne-kolkondas-dita-e-shen-kozmait\/#breadcrumb"},"inLanguage":"en-US","potentialAction":[{"@type":"ReadAction","target":["https:\/\/orthodoxalbania.org\/2020\/2013\/03\/21\/festohet-ne-kolkondas-dita-e-shen-kozmait\/"]}]},{"@type":"ImageObject","inLanguage":"en-US","@id":"https:\/\/orthodoxalbania.org\/2020\/2013\/03\/21\/festohet-ne-kolkondas-dita-e-shen-kozmait\/#primaryimage","url":"https:\/\/lh3.googleusercontent.com\/-dJjkIHIKy4A\/UDskymg9kOI\/AAAAAAAAA5I\/BGDlq19jG9U\/s640\/542460_472885872736251_463930823_n.jpg","contentUrl":"https:\/\/lh3.googleusercontent.com\/-dJjkIHIKy4A\/UDskymg9kOI\/AAAAAAAAA5I\/BGDlq19jG9U\/s640\/542460_472885872736251_463930823_n.jpg"},{"@type":"BreadcrumbList","@id":"https:\/\/orthodoxalbania.org\/2020\/2013\/03\/21\/festohet-ne-kolkondas-dita-e-shen-kozmait\/#breadcrumb","itemListElement":[{"@type":"ListItem","position":1,"name":"Home","item":"https:\/\/orthodoxalbania.org\/2020\/"},{"@type":"ListItem","position":2,"name":"Festohet n\u00eb Kolkondas dita e sh\u00ebn Kozmait. (24 Gusht 2012)"}]},{"@type":"WebSite","@id":"https:\/\/orthodoxalbania.org\/2020\/#website","url":"https:\/\/orthodoxalbania.org\/2020\/","name":"Kisha Orthodh\u03bfkse Autoqefale e Shqip\u00ebris\u00eb","description":"Fqja Zyrtare e Kish\u00ebs Orthodhokse Autoqefale e Shqip\u00ebris\u00eb me lajmet edhe informacionet zyrtare p\u00ebr struktur\u00ebn edhe veprimtarin e saj.","publisher":{"@id":"https:\/\/orthodoxalbania.org\/2020\/#organization"},"potentialAction":[{"@type":"SearchAction","target":{"@type":"EntryPoint","urlTemplate":"https:\/\/orthodoxalbania.org\/2020\/?s={search_term_string}"},"query-input":{"@type":"PropertyValueSpecification","valueRequired":true,"valueName":"search_term_string"}}],"inLanguage":"en-US"},{"@type":"Organization","@id":"https:\/\/orthodoxalbania.org\/2020\/#organization","name":"Kisha Orthodhokse Autoqefale e Shqip\u00ebris\u00eb","url":"https:\/\/orthodoxalbania.org\/2020\/","logo":{"@type":"ImageObject","inLanguage":"en-US","@id":"https:\/\/orthodoxalbania.org\/2020\/#\/schema\/logo\/image\/","url":"https:\/\/orthodoxalbania.org\/2020\/wp-content\/uploads\/2020\/05\/albania.jpeg","contentUrl":"https:\/\/orthodoxalbania.org\/2020\/wp-content\/uploads\/2020\/05\/albania.jpeg","width":540,"height":540,"caption":"Kisha Orthodhokse Autoqefale e Shqip\u00ebris\u00eb"},"image":{"@id":"https:\/\/orthodoxalbania.org\/2020\/#\/schema\/logo\/image\/"},"sameAs":["https:\/\/www.facebook.com\/koash1991"]},{"@type":"Person","@id":"https:\/\/orthodoxalbania.org\/2020\/#\/schema\/person\/0c387634a7063ac612d7ed9ce71c7e86","name":"Kisha Orthodhokse","image":{"@type":"ImageObject","inLanguage":"en-US","@id":"https:\/\/secure.gravatar.com\/avatar\/596e7c417251e30f2fbb9c00e026fce61a695a00e51c889caded71c96cbbdde5?s=96&d=mm&r=g","url":"https:\/\/secure.gravatar.com\/avatar\/596e7c417251e30f2fbb9c00e026fce61a695a00e51c889caded71c96cbbdde5?s=96&d=mm&r=g","contentUrl":"https:\/\/secure.gravatar.com\/avatar\/596e7c417251e30f2fbb9c00e026fce61a695a00e51c889caded71c96cbbdde5?s=96&d=mm&r=g","caption":"Kisha Orthodhokse"}}]}},"_links":{"self":[{"href":"https:\/\/orthodoxalbania.org\/2020\/wp-json\/wp\/v2\/posts\/552","targetHints":{"allow":["GET"]}}],"collection":[{"href":"https:\/\/orthodoxalbania.org\/2020\/wp-json\/wp\/v2\/posts"}],"about":[{"href":"https:\/\/orthodoxalbania.org\/2020\/wp-json\/wp\/v2\/types\/post"}],"author":[{"embeddable":true,"href":"https:\/\/orthodoxalbania.org\/2020\/wp-json\/wp\/v2\/users\/1"}],"replies":[{"embeddable":true,"href":"https:\/\/orthodoxalbania.org\/2020\/wp-json\/wp\/v2\/comments?post=552"}],"version-history":[{"count":1,"href":"https:\/\/orthodoxalbania.org\/2020\/wp-json\/wp\/v2\/posts\/552\/revisions"}],"predecessor-version":[{"id":15299,"href":"https:\/\/orthodoxalbania.org\/2020\/wp-json\/wp\/v2\/posts\/552\/revisions\/15299"}],"wp:attachment":[{"href":"https:\/\/orthodoxalbania.org\/2020\/wp-json\/wp\/v2\/media?parent=552"}],"wp:term":[{"taxonomy":"category","embeddable":true,"href":"https:\/\/orthodoxalbania.org\/2020\/wp-json\/wp\/v2\/categories?post=552"},{"taxonomy":"post_tag","embeddable":true,"href":"https:\/\/orthodoxalbania.org\/2020\/wp-json\/wp\/v2\/tags?post=552"}],"curies":[{"name":"wp","href":"https:\/\/api.w.org\/{rel}","templated":true}]}}