{"id":55140,"date":"2021-08-30T00:00:34","date_gmt":"2021-08-29T22:00:34","guid":{"rendered":"https:\/\/orthodoxalbania.org\/2020\/?p=55140"},"modified":"2021-08-27T14:19:56","modified_gmt":"2021-08-27T12:19:56","slug":"ungjilli-mattheu-2313-22","status":"publish","type":"post","link":"https:\/\/orthodoxalbania.org\/2020\/2021\/08\/30\/ungjilli-mattheu-2313-22\/","title":{"rendered":"UNGJILLI &#8211; Mattheu 23:13-22"},"content":{"rendered":"<div class=\"o9v6fnle cxmmr5t8 oygrvhab hcukyx3x c1et5uql ii04i59q\">\n<h4 dir=\"auto\" style=\"text-align: center;\"><strong>UNGJILLI &#8211; Mattheu 23:13-22<\/strong><\/h4>\n<div dir=\"auto\"><\/div>\n<div dir=\"auto\" style=\"text-align: justify;\">Mjer\u00eb ju shkrues e Farisenj, hipokrit\u00eb, sepse mbyllni mbret\u00ebrin\u00eb e Per\u00ebndis\u00eb p\u00ebrpara njer\u00ebzve; sepse ju nuk hyni, edhe as ata q\u00eb hyjn\u00eb nuk i lini t\u00eb hyjn\u00eb.<\/div>\n<div dir=\"auto\"><\/div>\n<\/div>\n<div class=\"o9v6fnle cxmmr5t8 oygrvhab hcukyx3x c1et5uql ii04i59q\" style=\"text-align: justify;\">\n<div dir=\"auto\">Mjer\u00eb ju shkrues e Farisenj, hipokrit\u00eb, sepse gllab\u00ebroni sht\u00ebpit\u00eb e t\u00eb vejave me shkakun e rrem\u00eb se luteni gjat\u00eb; prandaj do t\u00eb merrni m\u00eb tep\u00ebr d\u00ebnim.<\/div>\n<div dir=\"auto\"><\/div>\n<\/div>\n<div class=\"o9v6fnle cxmmr5t8 oygrvhab hcukyx3x c1et5uql ii04i59q\" style=\"text-align: justify;\">\n<div dir=\"auto\">Mjer\u00eb ju shkrues e Farisenj, hipokrit\u00eb, se i v\u00ebrtiteni detit edhe tok\u00ebs p\u00ebr t\u00eb b\u00ebr\u00eb nj\u00eb prozelit; edhe pasi b\u00ebhet i till\u00eb, e b\u00ebni at\u00eb bir gjehene dy her\u00eb m\u00eb tep\u00ebr se veten tuaj.<\/div>\n<div dir=\"auto\"><\/div>\n<\/div>\n<div class=\"o9v6fnle cxmmr5t8 oygrvhab hcukyx3x c1et5uql ii04i59q\">\n<div dir=\"auto\" style=\"text-align: justify;\">Mjer\u00eb ju udh\u00ebheq\u00ebs t\u00eb verb\u00ebr, q\u00eb thoni: Kush t\u00eb betohet p\u00ebr tempullin, nuk \u00ebsht\u00eb gj\u00eb; po kush t\u00eb betohet p\u00ebr arin e tempullit, ka detyrim. T\u00eb marr\u00eb dhe t\u00eb verb\u00ebr! Sepse cili \u00ebsht\u00eb m\u00eb i madh, ari apo tempulli q\u00eb shenjt\u00ebron arin?<\/div>\n<div dir=\"auto\"><\/div>\n<div dir=\"auto\" style=\"text-align: justify;\">Edhe: Kush t\u00eb betohet p\u00ebr theroren, nuk \u00ebsht\u00eb gj\u00eb; po kush t\u00eb betohet p\u00ebr dhurat\u00ebn q\u00eb \u00ebsht\u00eb mbi t\u00eb, ka detyrim. T\u00eb marr\u00eb edhe t\u00eb verb\u00ebr! Sepse cila \u00ebsht\u00eb m\u00eb e madhe, dhurata apo therorja q\u00eb shenjt\u00ebron dhurat\u00ebn?<\/div>\n<div dir=\"auto\"><\/div>\n<div dir=\"auto\" style=\"text-align: justify;\">Ai pra q\u00eb betohet p\u00ebr theroren, betohet p\u00ebr at\u00eb dhe p\u00ebr gjith\u00eb ato q\u00eb jan\u00eb p\u00ebrmbi t\u00eb. Edhe ai q\u00eb betohet p\u00ebr tempullin, betohet p\u00ebr at\u00eb q\u00eb rri n\u00eb t\u00eb. Edhe ai q\u00eb betohet p\u00ebr qiellin, betohet p\u00ebr fronin e Per\u00ebndis\u00eb, edhe p\u00ebr at\u00eb q\u00eb rri mbi t\u00eb.<\/div>\n<\/div>\n<div dir=\"auto\"><\/div>\n<div dir=\"auto\"><\/div>\n<div dir=\"auto\"><\/div>\n<div dir=\"auto\"><\/div>\n","protected":false},"excerpt":{"rendered":"<p>UNGJILLI &#8211; Mattheu 23:13-22 Mjer\u00eb ju shkrues e Farisenj, hipokrit\u00eb, sepse mbyllni mbret\u00ebrin\u00eb e Per\u00ebndis\u00eb p\u00ebrpara njer\u00ebzve; sepse ju nuk hyni, edhe as ata q\u00eb hyjn\u00eb nuk i lini t\u00eb hyjn\u00eb. Mjer\u00eb ju shkrues e Farisenj, hipokrit\u00eb, sepse gllab\u00ebroni sht\u00ebpit\u00eb e t\u00eb vejave me shkakun e rrem\u00eb se luteni gjat\u00eb; prandaj do t\u00eb merrni m\u00eb tep\u00ebr d\u00ebnim. Mjer\u00eb ju shkrues e Farisenj, hipokrit\u00eb, se i<\/p>\n","protected":false},"author":7,"featured_media":0,"comment_status":"closed","ping_status":"closed","sticky":false,"template":"","format":"standard","meta":{"_acf_changed":false,"pagelayer_contact_templates":[],"_pagelayer_content":"","inline_featured_image":false,"fifu_image_url":"","fifu_image_alt":"","footnotes":""},"categories":[263],"tags":[2103,2107],"class_list":["post-55140","post","type-post","status-publish","format-standard","hentry","category-shenjtore-i-dites","tag-leximet-e-dites","tag-ungjilli-i-dites"],"acf":[],"yoast_head":"<!-- This site is optimized with the Yoast SEO plugin v27.2 - https:\/\/yoast.com\/product\/yoast-seo-wordpress\/ -->\n<title>UNGJILLI - Mattheu 23:13-22 - Kisha Orthodh\u03bfkse Autoqefale e Shqip\u00ebris\u00eb<\/title>\n<meta name=\"robots\" content=\"index, follow, max-snippet:-1, max-image-preview:large, max-video-preview:-1\" \/>\n<link rel=\"canonical\" href=\"https:\/\/orthodoxalbania.org\/2020\/2021\/08\/30\/ungjilli-mattheu-2313-22\/\" \/>\n<meta property=\"og:locale\" content=\"en_US\" \/>\n<meta property=\"og:type\" content=\"article\" \/>\n<meta property=\"og:title\" content=\"UNGJILLI - Mattheu 23:13-22 - Kisha Orthodh\u03bfkse Autoqefale e Shqip\u00ebris\u00eb\" \/>\n<meta property=\"og:description\" content=\"UNGJILLI &#8211; Mattheu 23:13-22 Mjer\u00eb ju shkrues e Farisenj, hipokrit\u00eb, sepse mbyllni mbret\u00ebrin\u00eb e Per\u00ebndis\u00eb p\u00ebrpara njer\u00ebzve; sepse ju nuk hyni, edhe as ata q\u00eb hyjn\u00eb nuk i lini t\u00eb hyjn\u00eb. Mjer\u00eb ju shkrues e Farisenj, hipokrit\u00eb, sepse gllab\u00ebroni sht\u00ebpit\u00eb e t\u00eb vejave me shkakun e rrem\u00eb se luteni gjat\u00eb; prandaj do t\u00eb merrni m\u00eb tep\u00ebr d\u00ebnim. Mjer\u00eb ju shkrues e Farisenj, hipokrit\u00eb, se i\" \/>\n<meta property=\"og:url\" content=\"https:\/\/orthodoxalbania.org\/2020\/2021\/08\/30\/ungjilli-mattheu-2313-22\/\" \/>\n<meta property=\"og:site_name\" content=\"Kisha Orthodh\u03bfkse Autoqefale e Shqip\u00ebris\u00eb\" \/>\n<meta property=\"article:publisher\" content=\"https:\/\/www.facebook.com\/koash1991\" \/>\n<meta property=\"article:published_time\" content=\"2021-08-29T22:00:34+00:00\" \/>\n<meta property=\"og:image\" content=\"https:\/\/orthodoxalbania.org\/2020\/wp-content\/uploads\/2021\/02\/LogoLastALb-200.png\" \/>\n\t<meta property=\"og:image:width\" content=\"200\" \/>\n\t<meta property=\"og:image:height\" content=\"172\" \/>\n\t<meta property=\"og:image:type\" content=\"image\/png\" \/>\n<meta name=\"author\" content=\"Kisha Orthodhokse\" \/>\n<meta name=\"twitter:card\" content=\"summary_large_image\" \/>\n<meta name=\"twitter:label1\" content=\"Written by\" \/>\n\t<meta name=\"twitter:data1\" content=\"Kisha Orthodhokse\" \/>\n\t<meta name=\"twitter:label2\" content=\"Est. reading time\" \/>\n\t<meta name=\"twitter:data2\" content=\"1 minute\" \/>\n<script type=\"application\/ld+json\" class=\"yoast-schema-graph\">{\"@context\":\"https:\/\/schema.org\",\"@graph\":[{\"@type\":\"Article\",\"@id\":\"https:\/\/orthodoxalbania.org\/2020\/2021\/08\/30\/ungjilli-mattheu-2313-22\/#article\",\"isPartOf\":{\"@id\":\"https:\/\/orthodoxalbania.org\/2020\/2021\/08\/30\/ungjilli-mattheu-2313-22\/\"},\"author\":{\"name\":\"Kisha Orthodhokse\",\"@id\":\"https:\/\/orthodoxalbania.org\/2020\/#\/schema\/person\/df745f942b70e045b3dc05a30211f0de\"},\"headline\":\"UNGJILLI &#8211; Mattheu 23:13-22\",\"datePublished\":\"2021-08-29T22:00:34+00:00\",\"mainEntityOfPage\":{\"@id\":\"https:\/\/orthodoxalbania.org\/2020\/2021\/08\/30\/ungjilli-mattheu-2313-22\/\"},\"wordCount\":261,\"publisher\":{\"@id\":\"https:\/\/orthodoxalbania.org\/2020\/#organization\"},\"keywords\":[\"leximet e dites\",\"ungjilli i dites\"],\"articleSection\":[\"Ungjilli I Dit\u00ebs\"],\"inLanguage\":\"en-US\"},{\"@type\":\"WebPage\",\"@id\":\"https:\/\/orthodoxalbania.org\/2020\/2021\/08\/30\/ungjilli-mattheu-2313-22\/\",\"url\":\"https:\/\/orthodoxalbania.org\/2020\/2021\/08\/30\/ungjilli-mattheu-2313-22\/\",\"name\":\"UNGJILLI - Mattheu 23:13-22 - Kisha Orthodh\u03bfkse Autoqefale e Shqip\u00ebris\u00eb\",\"isPartOf\":{\"@id\":\"https:\/\/orthodoxalbania.org\/2020\/#website\"},\"datePublished\":\"2021-08-29T22:00:34+00:00\",\"breadcrumb\":{\"@id\":\"https:\/\/orthodoxalbania.org\/2020\/2021\/08\/30\/ungjilli-mattheu-2313-22\/#breadcrumb\"},\"inLanguage\":\"en-US\",\"potentialAction\":[{\"@type\":\"ReadAction\",\"target\":[\"https:\/\/orthodoxalbania.org\/2020\/2021\/08\/30\/ungjilli-mattheu-2313-22\/\"]}]},{\"@type\":\"BreadcrumbList\",\"@id\":\"https:\/\/orthodoxalbania.org\/2020\/2021\/08\/30\/ungjilli-mattheu-2313-22\/#breadcrumb\",\"itemListElement\":[{\"@type\":\"ListItem\",\"position\":1,\"name\":\"Home\",\"item\":\"https:\/\/orthodoxalbania.org\/2020\/\"},{\"@type\":\"ListItem\",\"position\":2,\"name\":\"UNGJILLI &#8211; Mattheu 23:13-22\"}]},{\"@type\":\"WebSite\",\"@id\":\"https:\/\/orthodoxalbania.org\/2020\/#website\",\"url\":\"https:\/\/orthodoxalbania.org\/2020\/\",\"name\":\"Kisha Orthodh\u03bfkse Autoqefale e Shqip\u00ebris\u00eb\",\"description\":\"Fqja Zyrtare e Kish\u00ebs Orthodhokse Autoqefale e Shqip\u00ebris\u00eb me lajmet edhe informacionet zyrtare p\u00ebr struktur\u00ebn edhe veprimtarin e saj.\",\"publisher\":{\"@id\":\"https:\/\/orthodoxalbania.org\/2020\/#organization\"},\"potentialAction\":[{\"@type\":\"SearchAction\",\"target\":{\"@type\":\"EntryPoint\",\"urlTemplate\":\"https:\/\/orthodoxalbania.org\/2020\/?s={search_term_string}\"},\"query-input\":{\"@type\":\"PropertyValueSpecification\",\"valueRequired\":true,\"valueName\":\"search_term_string\"}}],\"inLanguage\":\"en-US\"},{\"@type\":\"Organization\",\"@id\":\"https:\/\/orthodoxalbania.org\/2020\/#organization\",\"name\":\"Kisha Orthodhokse Autoqefale e Shqip\u00ebris\u00eb\",\"url\":\"https:\/\/orthodoxalbania.org\/2020\/\",\"logo\":{\"@type\":\"ImageObject\",\"inLanguage\":\"en-US\",\"@id\":\"https:\/\/orthodoxalbania.org\/2020\/#\/schema\/logo\/image\/\",\"url\":\"https:\/\/orthodoxalbania.org\/2020\/wp-content\/uploads\/2020\/05\/albania.jpeg\",\"contentUrl\":\"https:\/\/orthodoxalbania.org\/2020\/wp-content\/uploads\/2020\/05\/albania.jpeg\",\"width\":540,\"height\":540,\"caption\":\"Kisha Orthodhokse Autoqefale e Shqip\u00ebris\u00eb\"},\"image\":{\"@id\":\"https:\/\/orthodoxalbania.org\/2020\/#\/schema\/logo\/image\/\"},\"sameAs\":[\"https:\/\/www.facebook.com\/koash1991\"]},{\"@type\":\"Person\",\"@id\":\"https:\/\/orthodoxalbania.org\/2020\/#\/schema\/person\/df745f942b70e045b3dc05a30211f0de\",\"name\":\"Kisha Orthodhokse\",\"image\":{\"@type\":\"ImageObject\",\"inLanguage\":\"en-US\",\"@id\":\"https:\/\/secure.gravatar.com\/avatar\/2676eb8d97178435c9f691a7871595a1da6c33542dec218bce40885573150e28?s=96&d=mm&r=g\",\"url\":\"https:\/\/secure.gravatar.com\/avatar\/2676eb8d97178435c9f691a7871595a1da6c33542dec218bce40885573150e28?s=96&d=mm&r=g\",\"contentUrl\":\"https:\/\/secure.gravatar.com\/avatar\/2676eb8d97178435c9f691a7871595a1da6c33542dec218bce40885573150e28?s=96&d=mm&r=g\",\"caption\":\"Kisha Orthodhokse\"}}]}<\/script>\n<!-- \/ Yoast SEO plugin. -->","yoast_head_json":{"title":"UNGJILLI - Mattheu 23:13-22 - Kisha Orthodh\u03bfkse Autoqefale e Shqip\u00ebris\u00eb","robots":{"index":"index","follow":"follow","max-snippet":"max-snippet:-1","max-image-preview":"max-image-preview:large","max-video-preview":"max-video-preview:-1"},"canonical":"https:\/\/orthodoxalbania.org\/2020\/2021\/08\/30\/ungjilli-mattheu-2313-22\/","og_locale":"en_US","og_type":"article","og_title":"UNGJILLI - Mattheu 23:13-22 - Kisha Orthodh\u03bfkse Autoqefale e Shqip\u00ebris\u00eb","og_description":"UNGJILLI &#8211; Mattheu 23:13-22 Mjer\u00eb ju shkrues e Farisenj, hipokrit\u00eb, sepse mbyllni mbret\u00ebrin\u00eb e Per\u00ebndis\u00eb p\u00ebrpara njer\u00ebzve; sepse ju nuk hyni, edhe as ata q\u00eb hyjn\u00eb nuk i lini t\u00eb hyjn\u00eb. Mjer\u00eb ju shkrues e Farisenj, hipokrit\u00eb, sepse gllab\u00ebroni sht\u00ebpit\u00eb e t\u00eb vejave me shkakun e rrem\u00eb se luteni gjat\u00eb; prandaj do t\u00eb merrni m\u00eb tep\u00ebr d\u00ebnim. Mjer\u00eb ju shkrues e Farisenj, hipokrit\u00eb, se i","og_url":"https:\/\/orthodoxalbania.org\/2020\/2021\/08\/30\/ungjilli-mattheu-2313-22\/","og_site_name":"Kisha Orthodh\u03bfkse Autoqefale e Shqip\u00ebris\u00eb","article_publisher":"https:\/\/www.facebook.com\/koash1991","article_published_time":"2021-08-29T22:00:34+00:00","og_image":[{"width":200,"height":172,"url":"https:\/\/orthodoxalbania.org\/2020\/wp-content\/uploads\/2021\/02\/LogoLastALb-200.png","type":"image\/png"}],"author":"Kisha Orthodhokse","twitter_card":"summary_large_image","twitter_misc":{"Written by":"Kisha Orthodhokse","Est. reading time":"1 minute"},"schema":{"@context":"https:\/\/schema.org","@graph":[{"@type":"Article","@id":"https:\/\/orthodoxalbania.org\/2020\/2021\/08\/30\/ungjilli-mattheu-2313-22\/#article","isPartOf":{"@id":"https:\/\/orthodoxalbania.org\/2020\/2021\/08\/30\/ungjilli-mattheu-2313-22\/"},"author":{"name":"Kisha Orthodhokse","@id":"https:\/\/orthodoxalbania.org\/2020\/#\/schema\/person\/df745f942b70e045b3dc05a30211f0de"},"headline":"UNGJILLI &#8211; Mattheu 23:13-22","datePublished":"2021-08-29T22:00:34+00:00","mainEntityOfPage":{"@id":"https:\/\/orthodoxalbania.org\/2020\/2021\/08\/30\/ungjilli-mattheu-2313-22\/"},"wordCount":261,"publisher":{"@id":"https:\/\/orthodoxalbania.org\/2020\/#organization"},"keywords":["leximet e dites","ungjilli i dites"],"articleSection":["Ungjilli I Dit\u00ebs"],"inLanguage":"en-US"},{"@type":"WebPage","@id":"https:\/\/orthodoxalbania.org\/2020\/2021\/08\/30\/ungjilli-mattheu-2313-22\/","url":"https:\/\/orthodoxalbania.org\/2020\/2021\/08\/30\/ungjilli-mattheu-2313-22\/","name":"UNGJILLI - Mattheu 23:13-22 - Kisha Orthodh\u03bfkse Autoqefale e Shqip\u00ebris\u00eb","isPartOf":{"@id":"https:\/\/orthodoxalbania.org\/2020\/#website"},"datePublished":"2021-08-29T22:00:34+00:00","breadcrumb":{"@id":"https:\/\/orthodoxalbania.org\/2020\/2021\/08\/30\/ungjilli-mattheu-2313-22\/#breadcrumb"},"inLanguage":"en-US","potentialAction":[{"@type":"ReadAction","target":["https:\/\/orthodoxalbania.org\/2020\/2021\/08\/30\/ungjilli-mattheu-2313-22\/"]}]},{"@type":"BreadcrumbList","@id":"https:\/\/orthodoxalbania.org\/2020\/2021\/08\/30\/ungjilli-mattheu-2313-22\/#breadcrumb","itemListElement":[{"@type":"ListItem","position":1,"name":"Home","item":"https:\/\/orthodoxalbania.org\/2020\/"},{"@type":"ListItem","position":2,"name":"UNGJILLI &#8211; Mattheu 23:13-22"}]},{"@type":"WebSite","@id":"https:\/\/orthodoxalbania.org\/2020\/#website","url":"https:\/\/orthodoxalbania.org\/2020\/","name":"Kisha Orthodh\u03bfkse Autoqefale e Shqip\u00ebris\u00eb","description":"Fqja Zyrtare e Kish\u00ebs Orthodhokse Autoqefale e Shqip\u00ebris\u00eb me lajmet edhe informacionet zyrtare p\u00ebr struktur\u00ebn edhe veprimtarin e saj.","publisher":{"@id":"https:\/\/orthodoxalbania.org\/2020\/#organization"},"potentialAction":[{"@type":"SearchAction","target":{"@type":"EntryPoint","urlTemplate":"https:\/\/orthodoxalbania.org\/2020\/?s={search_term_string}"},"query-input":{"@type":"PropertyValueSpecification","valueRequired":true,"valueName":"search_term_string"}}],"inLanguage":"en-US"},{"@type":"Organization","@id":"https:\/\/orthodoxalbania.org\/2020\/#organization","name":"Kisha Orthodhokse Autoqefale e Shqip\u00ebris\u00eb","url":"https:\/\/orthodoxalbania.org\/2020\/","logo":{"@type":"ImageObject","inLanguage":"en-US","@id":"https:\/\/orthodoxalbania.org\/2020\/#\/schema\/logo\/image\/","url":"https:\/\/orthodoxalbania.org\/2020\/wp-content\/uploads\/2020\/05\/albania.jpeg","contentUrl":"https:\/\/orthodoxalbania.org\/2020\/wp-content\/uploads\/2020\/05\/albania.jpeg","width":540,"height":540,"caption":"Kisha Orthodhokse Autoqefale e Shqip\u00ebris\u00eb"},"image":{"@id":"https:\/\/orthodoxalbania.org\/2020\/#\/schema\/logo\/image\/"},"sameAs":["https:\/\/www.facebook.com\/koash1991"]},{"@type":"Person","@id":"https:\/\/orthodoxalbania.org\/2020\/#\/schema\/person\/df745f942b70e045b3dc05a30211f0de","name":"Kisha Orthodhokse","image":{"@type":"ImageObject","inLanguage":"en-US","@id":"https:\/\/secure.gravatar.com\/avatar\/2676eb8d97178435c9f691a7871595a1da6c33542dec218bce40885573150e28?s=96&d=mm&r=g","url":"https:\/\/secure.gravatar.com\/avatar\/2676eb8d97178435c9f691a7871595a1da6c33542dec218bce40885573150e28?s=96&d=mm&r=g","contentUrl":"https:\/\/secure.gravatar.com\/avatar\/2676eb8d97178435c9f691a7871595a1da6c33542dec218bce40885573150e28?s=96&d=mm&r=g","caption":"Kisha Orthodhokse"}}]}},"_links":{"self":[{"href":"https:\/\/orthodoxalbania.org\/2020\/wp-json\/wp\/v2\/posts\/55140","targetHints":{"allow":["GET"]}}],"collection":[{"href":"https:\/\/orthodoxalbania.org\/2020\/wp-json\/wp\/v2\/posts"}],"about":[{"href":"https:\/\/orthodoxalbania.org\/2020\/wp-json\/wp\/v2\/types\/post"}],"author":[{"embeddable":true,"href":"https:\/\/orthodoxalbania.org\/2020\/wp-json\/wp\/v2\/users\/7"}],"replies":[{"embeddable":true,"href":"https:\/\/orthodoxalbania.org\/2020\/wp-json\/wp\/v2\/comments?post=55140"}],"version-history":[{"count":1,"href":"https:\/\/orthodoxalbania.org\/2020\/wp-json\/wp\/v2\/posts\/55140\/revisions"}],"predecessor-version":[{"id":55143,"href":"https:\/\/orthodoxalbania.org\/2020\/wp-json\/wp\/v2\/posts\/55140\/revisions\/55143"}],"wp:attachment":[{"href":"https:\/\/orthodoxalbania.org\/2020\/wp-json\/wp\/v2\/media?parent=55140"}],"wp:term":[{"taxonomy":"category","embeddable":true,"href":"https:\/\/orthodoxalbania.org\/2020\/wp-json\/wp\/v2\/categories?post=55140"},{"taxonomy":"post_tag","embeddable":true,"href":"https:\/\/orthodoxalbania.org\/2020\/wp-json\/wp\/v2\/tags?post=55140"}],"curies":[{"name":"wp","href":"https:\/\/api.w.org\/{rel}","templated":true}]}}