{"id":550,"date":"2007-02-26T00:00:00","date_gmt":"2007-02-26T00:00:00","guid":{"rendered":""},"modified":"2020-04-06T22:35:51","modified_gmt":"2020-04-06T20:35:51","slug":"festohet-me-solemnitet-e-kremtja-e-fjetjes-se-hyjlindeses-mari-gusht-2007","status":"publish","type":"post","link":"https:\/\/orthodoxalbania.org\/2020\/2007\/02\/26\/festohet-me-solemnitet-e-kremtja-e-fjetjes-se-hyjlindeses-mari-gusht-2007\/","title":{"rendered":"Festohet me solemnitet e kremtja e Fjetjes se Hyjlind\u00ebses Mari. (Gusht 2007)"},"content":{"rendered":"<div style=\"text-align: justify;\"><span style=\"color: #000000; font-family: helvetica; font-size: 12pt;\">&nbsp;&nbsp;&nbsp; E kremtja e Fjetjes s\u00eb N\u00ebn\u00ebs t\u00eb Zotit Krisht u festua me madh\u00ebshti n\u00eb t\u00eb gjitha kishat dhe familjet orthodhokse t\u00eb Kish\u00ebs son\u00eb. Kjo \u00ebsht\u00eb nj\u00eb dit\u00eb e ve\u00e7ant\u00eb panairi p\u00ebr t\u00eb gjith\u00eb besimtar\u00ebt e krishter\u00eb orthodhoks\u00eb. Festa filloi mbr\u00ebmjen e 14 gushtit me Sh\u00ebrbes\u00ebn e Mbr\u00ebm\u00ebsores s\u00eb Madhe dhe u kuror\u00ebzua t\u00eb nes\u00ebrmen me Liturgjin\u00eb hyjnore.<\/span><\/div>\n<table id=\"AutoNumber2\" style=\"width: 802px; height: 3771px;\" border=\"0\">\n<tbody>\n<tr>\n<td>\n<div style=\"text-align: justify;\"><span style=\"color: #000000; font-family: helvetica; font-size: 12pt;\"><strong>&nbsp;&nbsp;&nbsp; Mitropolia e Tiran\u00ebs<\/strong><\/span><\/div>\n<div style=\"text-align: justify;\"><span style=\"color: #000000; font-family: helvetica; font-size: 12pt;\">&nbsp;&nbsp;&nbsp; N\u00eb Manastirin e Sh\u00ebn Vlashit pran\u00eb Durr\u00ebsit ishin mbledhur me qindra besimtar\u00eb t\u00eb ardhur nga disa qytete. Rrug\u00ebt me kalldr\u00ebm dhe l\u00ebndinat e manastirit ishin mbushur plot dhe \u201cjetonin\u201d s\u00eb bashku me njer\u00ebzit, t\u00eb cil\u00ebt me qirinj n\u00eb dor\u00eb ndiqnin edhe jasht\u00eb kish\u00ebs n\u00ebp\u00ebrmjet megafon\u00ebve sh\u00ebrbesat e Kish\u00ebs dhe me besim tek Per\u00ebndia dhe lutje drejtuar t\u00eb T\u00ebr\u00ebshenjt\u00ebs Mari, N\u00ebn\u00ebs s\u00eb Zotit, Asaj q\u00eb mbarti drit\u00ebn, drejtoheshin tek vendi i shenjt\u00eb.<\/span><\/div>\n<\/td>\n<td>\n<div style=\"text-align: justify;\"><span style=\"font-family: helvetica; font-size: 12pt;\"><\/span><\/div>\n<p><span style=\"color: #000000; font-family: helvetica; font-size: 12pt;\"><img decoding=\"async\" class=\"lazyload HAa Eha\" style=\"border-width: 1px; border-style: solid; margin: 10px auto; display: block;\" alt=\"\" src=\"data:image\/gif;base64,R0lGODlhAQABAAAAACH5BAEKAAEALAAAAAABAAEAAAICTAEAOw==\" data-orig-src=\"https:\/\/lh3.googleusercontent.com\/-gDIXF9Jm4o0\/VImMTtkNrrI\/AAAAAAAAGhc\/nTFSxBNE95U\/w400-h300-no\/tr1.jpg\" \/><\/span><\/p>\n<\/td>\n<\/tr>\n<tr>\n<td>\n<div><span style=\"color: #000000; font-family: helvetica; font-size: 12pt;\"><img decoding=\"async\" class=\"lazyload HAa Eha\" style=\"border-width: 1px; border-style: solid; margin: 10px auto; display: block;\" alt=\"\" src=\"data:image\/gif;base64,R0lGODlhAQABAAAAACH5BAEKAAEALAAAAAABAAEAAAICTAEAOw==\" data-orig-src=\"https:\/\/lh4.googleusercontent.com\/-3wCsrL-CW60\/VImMT4dlp5I\/AAAAAAAAGho\/l5rxTnrmSpw\/w400-h281-no\/tr2.jpg\" \/><\/span><\/div>\n<\/td>\n<td>\n<div style=\"text-align: justify;\"><span style=\"color: #000000; font-family: helvetica; font-size: 12pt;\">&nbsp;&nbsp;&nbsp; N\u00eb dat\u00ebn 14 sh\u00ebrbesat e Mbr\u00ebm\u00ebsores dhe Pasdark\u00ebs u kryesuan nga Hir\u00ebsi Nikolla, Episkopi i Apollonis\u00eb dhe ndihm\u00ebsdrejtori i Akademis\u00eb Teologjike \u201cNgjallja e Krishtit\u201d. Psal\u00ebn kori i Akademis\u00eb dhe t\u00eb rinj t\u00eb tjer\u00eb.<\/span><\/div>\n<\/td>\n<\/tr>\n<tr>\n<td>\n<div style=\"text-align: justify;\"><span style=\"color: #000000; font-family: helvetica; font-size: 12pt;\">&nbsp;&nbsp;&nbsp;&nbsp;<\/span><\/div>\n<div style=\"text-align: justify;\"><span style=\"color: #000000; font-family: helvetica; font-size: 12pt;\">&nbsp;&nbsp;&nbsp; N\u00eb dat\u00ebn 15 gusht, pasi kishin kaluar nat\u00ebn me lutje dhe meditim n\u00eb ambientet e Manastirit, besimtar\u00ebt mor\u00ebn pjes\u00eb n\u00eb m\u00ebngjes n\u00eb Liturgjin\u00eb Hyjnore, q\u00eb u kryesua nga Fortlumturia e Tij, Kryepiskopi Anastas.<\/span><\/div>\n<div style=\"text-align: justify;\"><span style=\"font-family: helvetica; font-size: 12pt;\"><\/span><\/div>\n<\/td>\n<td>\n<div><span style=\"color: #000000; font-family: helvetica; font-size: 12pt;\"><img decoding=\"async\" class=\"lazyload HAa Eha\" style=\"border-width: 1px; border-style: solid; margin: 10px auto; display: block;\" alt=\"\" src=\"data:image\/gif;base64,R0lGODlhAQABAAAAACH5BAEKAAEALAAAAAABAAEAAAICTAEAOw==\" data-orig-src=\"https:\/\/lh5.googleusercontent.com\/--fz7be8RdjQ\/VImMUfCkVkI\/AAAAAAAAGhs\/FQPJUtRlxkE\/w400-h225-no\/tr3.jpg\" \/><\/span><\/div>\n<\/td>\n<\/tr>\n<tr>\n<td>\n<div style=\"text-align: justify;\"><span style=\"font-family: helvetica; font-size: 12pt;\"><\/span><\/div>\n<p><span style=\"color: #000000; font-family: helvetica; font-size: 12pt;\"><img decoding=\"async\" class=\"lazyload HAa Eha\" style=\"border-width: 1px; border-style: solid; margin: 10px auto; display: block;\" alt=\"\" src=\"data:image\/gif;base64,R0lGODlhAQABAAAAACH5BAEKAAEALAAAAAABAAEAAAICTAEAOw==\" data-orig-src=\"https:\/\/lh6.googleusercontent.com\/-DIBiygjX884\/VImMUjYQGNI\/AAAAAAAAGhw\/yr-342hoaVo\/w400-h308-no\/tr4.jpg\" \/><\/span><\/p>\n<\/td>\n<td>\n<div style=\"text-align: justify;\"><span style=\"color: #000000; font-family: helvetica; font-size: 12pt;\">&nbsp;&nbsp;&nbsp; E ve\u00e7anta e k\u00ebsaj dite t\u00eb g\u00ebzueshme ishte kur Kryepiskopi Anastas hirotonisi n\u00eb prift, dhjakonin Mihal Prifti, i cili m\u00eb tej do t\u00eb sh\u00ebrbej\u00eb n\u00eb zon\u00ebn e Gramshit. Pas liturgjis\u00eb, t\u00eb gjith\u00eb me besimin tek Jisu Krishti u larguan p\u00ebr ta shp\u00ebrndar\u00eb n\u00eb bot\u00eb drit\u00ebn e Pashk\u00ebs s\u00eb Vog\u00ebl t\u00eb ver\u00ebs.<\/span><\/div>\n<\/td>\n<\/tr>\n<tr>\n<td>\n<div style=\"text-align: justify;\"><span style=\"color: #000000; font-family: helvetica; font-size: 12pt;\"><strong>&nbsp;&nbsp;&nbsp; Mitropolia e Beratit <\/strong><\/span><\/div>\n<div style=\"text-align: justify;\"><span style=\"color: #000000; font-family: helvetica; font-size: 12pt;\">&nbsp;&nbsp; Pashk\u00ebt e vogla t\u00eb gushtit kan\u00eb nj\u00eb bukuri mahnit\u00ebse n\u00eb Berat, sepse besimtar\u00ebt k\u00ebt\u00eb dit\u00eb i drejtohen Kryen\u00ebn\u00ebs, Hyjlind\u00ebses Mari, n\u00eb disa tempuj, si n\u00eb Vodic\u00eb, Mbreshtan, Sinj\u00eb, Rrupaj, Zv\u00ebrnec, Pojan etj. N\u00eb dy prej tyre celebroi sivjet dhe Mitropoliti i Beratit, Imzot Ignati. Me qindra besimtar\u00eb e kaluan nat\u00ebn n\u00eb streh\u00ebn e k\u00ebtyre tempujve \u00e7udib\u00ebr\u00ebs.<\/span><\/div>\n<\/td>\n<td>\n<div><span style=\"color: #000000; font-family: helvetica; font-size: 12pt;\"><img decoding=\"async\" class=\"lazyload HAa Eha\" style=\"border-width: 1px; border-style: solid; margin: 10px auto; display: block;\" alt=\"\" src=\"data:image\/gif;base64,R0lGODlhAQABAAAAACH5BAEKAAEALAAAAAABAAEAAAICTAEAOw==\" data-orig-src=\"https:\/\/lh5.googleusercontent.com\/-q-U7tOQwKYo\/VImMR5GPnNI\/AAAAAAAAGiA\/5GBiJfhP4YA\/w400-h266-no\/br1.jpg\" \/><\/span><\/div>\n<\/td>\n<\/tr>\n<tr>\n<td>\n<div><span style=\"color: #000000; font-family: helvetica; font-size: 12pt;\"><img decoding=\"async\" class=\"lazyload HAa Eha\" style=\"border-width: 1px; border-style: solid; margin: 10px auto; display: block;\" alt=\"\" src=\"data:image\/gif;base64,R0lGODlhAQABAAAAACH5BAEKAAEALAAAAAABAAEAAAICTAEAOw==\" data-orig-src=\"https:\/\/lh6.googleusercontent.com\/-T4c-pVB2kOk\/VImMR2NvR4I\/AAAAAAAAGhA\/3t6VECveVM0\/w400-h300-no\/br2.jpg\" \/><\/span><\/div>\n<\/td>\n<td>\n<div style=\"text-align: justify;\"><span style=\"color: #000000; font-family: helvetica; font-size: 12pt;\">&nbsp;&nbsp;&nbsp; N\u00eb Vodic\u00eb Mbr\u00ebm\u00ebsoren e drejtoi Hir\u00ebsi Ignati, i cili n\u00eb prani t\u00eb shum\u00eb besimtar\u00ebve solli mesazhin e k\u00ebsaj dite: \u201cHyjlind\u00ebsja respektohet, himnohet, se ajo na dha Krijuesin e gjith\u00ebsis\u00eb, Udh\u00ebrr\u00ebfyesin e jet\u00ebs, Drit\u00ebn e paper\u00ebnduar n\u00eb udh\u00ebn ton\u00eb\u201d.<\/span><\/div>\n<div style=\"text-align: justify;\"><span style=\"font-family: helvetica; font-size: 12pt;\"><\/span><\/div>\n<div style=\"text-align: justify;\"><span style=\"color: #000000; font-family: helvetica; font-size: 12pt;\">&nbsp;&nbsp;&nbsp; Nd\u00ebrsa t\u00eb nes\u00ebrmen, ne fshatin Rrupaj t\u00eb Lushnjes, Imzot Ignati hirotonisi n\u00eb grad\u00ebn e dhjakonit, studentin e sapodiplomuar n\u00eb Akademin\u00eb Teologjike \u201cNgjallja e&nbsp; Krishtit\u201d z. Anastas Vrapi.<\/span><\/div>\n<\/td>\n<\/tr>\n<tr>\n<td>\n<div style=\"text-align: justify;\"><span style=\"color: #000000; font-family: helvetica; font-size: 12pt;\"><strong>&nbsp;&nbsp;&nbsp; Mitropolia e Kor\u00e7\u00ebs<\/strong><\/span><\/div>\n<div style=\"text-align: justify;\"><span style=\"color: #000000; font-family: helvetica; font-size: 12pt;\">&nbsp;&nbsp; Mes dhjet\u00ebra besimtar\u00ebve t\u00eb ardhur nga qyteti dhe zonat p\u00ebrreth, n\u00eb manastirin e ri q\u00eb \u00ebsht\u00eb n\u00eb nd\u00ebrtim e sip\u00ebr \u201cFjetja e Hyjlind\u00ebses Mari\u201d n\u00eb Boboshtic\u00eb, u kremtua me bukurin\u00eb e dit\u00ebs s\u00eb N\u00ebn\u00ebs s\u00eb Zotit 15 gushti.<\/span><\/div>\n<div style=\"text-align: justify;\"><span style=\"font-family: helvetica; font-size: 12pt;\"><\/span><\/div>\n<div style=\"text-align: justify;\"><span style=\"color: #000000; font-family: helvetica; font-size: 12pt;\">&nbsp;&nbsp;&nbsp; Qyteti me tradita t\u00eb hershme n\u00eb besimin orthodhoks p\u00ebrjetoi nj\u00eb mbr\u00ebmje t\u00eb ve\u00e7ant\u00eb pangjirike disa kilometra larg tij, pik\u00ebrisht n\u00eb Boboshtic\u00eb n\u00eb Sh\u00ebrbes\u00ebn e Mbr\u00ebm\u00ebsores s\u00eb Madhe ku dhjet\u00ebra besimtar\u00eb e kaluan nat\u00ebn n\u00eb agripni, me lutje drejtuar Sh\u00ebn Maris\u00eb p\u00ebr t\u00eb nd\u00ebrmjetuar tek Biri i saj, Jisu Krishti.<\/span><\/div>\n<\/td>\n<td>\n<div><span style=\"color: #000000; font-family: helvetica; font-size: 12pt;\"><img decoding=\"async\" class=\"lazyload HAa Eha\" style=\"border-width: 1px; border-style: solid; margin: 10px auto; display: block;\" alt=\"\" src=\"data:image\/gif;base64,R0lGODlhAQABAAAAACH5BAEKAAEALAAAAAABAAEAAAICTAEAOw==\" data-orig-src=\"https:\/\/lh6.googleusercontent.com\/-PsO0ujyHM9U\/VImMTZpxPoI\/AAAAAAAAGh0\/1zS0dOmSHvo\/w400-h285-no\/ko1.jpg\" \/><\/span><\/div>\n<\/td>\n<\/tr>\n<tr>\n<td colspan=\"2\">\n<div style=\"text-align: justify;\"><span style=\"color: #000000; font-family: helvetica; font-size: 12pt;\"> &nbsp;&nbsp;&nbsp;&nbsp; T\u00eb nes\u00ebrmen n\u00eb m\u00ebngjes, Liturgjin\u00eb Hyjnore e drejtoi Mitropoliti i Kor\u00e7\u00ebs, Hir\u00ebsi Joani, i cili i p\u00ebrsh\u00ebndeti besimtar\u00ebt duke theksuar q\u00eb t\u00eb k\u00ebrkojn\u00eb gjithmon\u00eb lutjet e N\u00ebn\u00ebs s\u00eb Zotit p\u00ebr begatin\u00eb e jet\u00ebs s\u00eb tyre.<\/span><\/div>\n<div style=\"text-align: justify;\"><span style=\"font-family: helvetica; font-size: 12pt;\"><\/span><\/div>\n<div style=\"text-align: justify;\"><span style=\"color: #000000; font-family: helvetica; font-size: 12pt;\">&nbsp;&nbsp;&nbsp; Shum\u00eb pelegrin\u00eb kishin ardhur n\u00eb Boboshtic\u00eb, midis t\u00eb cil\u00ebve edhe emigrant\u00eb q\u00eb jetojn\u00eb e punojn\u00eb n\u00eb Greqi. Manastiri q\u00ebndroi i hapur deri n\u00eb or\u00ebt e vona t\u00eb dat\u00ebs 15 gusht p\u00ebr arsye t\u00eb vizitave t\u00eb shumta nga besimtar\u00ebt. P\u00ebrve\u00e7 urimeve, kor\u00e7ar\u00ebt b\u00ebn\u00eb edhe shum\u00eb vizita n\u00eb sht\u00ebpit\u00eb e nj\u00ebri-tjetrit, duke uruar p\u00ebr shum\u00eb vjet g\u00ebzuar fest\u00ebn.<\/span><\/div>\n<\/td>\n<\/tr>\n<tr>\n<td>\n<div style=\"text-align: justify;\"><span style=\"font-family: helvetica; font-size: 12pt;\"><\/span><\/div>\n<div style=\"text-align: justify;\"><span style=\"color: #000000; font-family: helvetica; font-size: 12pt;\"><strong>&nbsp;&nbsp;&nbsp; Mitropolia e Gjirokastr\u00ebs<\/strong><\/span><\/div>\n<div style=\"text-align: justify;\"><span style=\"color: #000000; font-family: helvetica; font-size: 12pt;\">&nbsp;&nbsp; Si rrall\u00eb her\u00eb, n\u00eb qytet dhe n\u00eb fshatrat e zon\u00ebs s\u00eb minoritetit n\u00eb Dropull dhe t\u00eb krahinave t\u00eb Lunxh\u00ebris\u00eb e Zagoris\u00eb, mes banor\u00ebve t\u00eb p\u00ebrhersh\u00ebm kishin ardhur me mij\u00ebra emigrant\u00eb shqiptar\u00eb p\u00ebr t\u00eb kaluar pushimet n\u00eb atdhe dhe p\u00ebr t\u00eb festuar 15 gushtin, ose si\u00e7 quhet n\u00eb gjuh\u00ebn popullore \u201cPashka e vog\u00ebl e ver\u00ebs\u201d.<\/span><\/div>\n<\/td>\n<td>\n<div style=\"text-align: justify;\"><span style=\"font-family: helvetica; font-size: 12pt;\"><\/span><\/div>\n<p><span style=\"color: #000000; font-family: helvetica; font-size: 12pt;\"><img decoding=\"async\" class=\"lazyload HAa Eha\" style=\"border-width: 1px; border-style: solid; margin: 10px auto; display: block;\" alt=\"\" src=\"data:image\/gif;base64,R0lGODlhAQABAAAAACH5BAEKAAEALAAAAAABAAEAAAICTAEAOw==\" data-orig-src=\"https:\/\/lh5.googleusercontent.com\/-aG4qG29Qxek\/VImMR_DLsdI\/AAAAAAAAGiI\/P5eb2aVlx-4\/w400-h280-no\/gjr1.jpg\" \/><\/span><\/p>\n<\/td>\n<\/tr>\n<tr>\n<td dir=\"ltr\">\n<div dir=\"ltr\"><span style=\"color: #000000; font-family: helvetica; font-size: 12pt;\"><img decoding=\"async\" class=\"lazyload HAa Eha\" style=\"border-width: 1px; border-style: solid; margin: 10px auto; display: block;\" alt=\"\" src=\"data:image\/gif;base64,R0lGODlhAQABAAAAACH5BAEKAAEALAAAAAABAAEAAAICTAEAOw==\" data-orig-src=\"https:\/\/lh6.googleusercontent.com\/-e6L5cZAA1h0\/VImMSSGVz4I\/AAAAAAAAGh8\/5sU81gDx3fo\/w400-h300-no\/gjr2.jpg\" \/><\/span><\/div>\n<\/td>\n<td dir=\"ltr\">\n<div dir=\"ltr\" style=\"text-align: justify;\"><span style=\"color: #000000; font-family: helvetica; font-size: 12pt;\">&nbsp;&nbsp;&nbsp; P\u00ebr her\u00eb t\u00eb par\u00eb kjo e kremte e sh\u00ebnuar u festua me Mitropolitin e Gjirokastr\u00ebs, Hir\u00ebsi Dhimitrin, i cili mes qindra besimtar\u00ebve kreu n\u00eb fshatin Dervician sh\u00ebrbesat e Mbr\u00ebm\u00ebsores s\u00eb Madhe dit\u00ebn e mart\u00eb n\u00eb mbr\u00ebmje dhe Liturgjin\u00eb Hyjnore t\u00eb nes\u00ebrmen n\u00eb m\u00ebngjes, m\u00eb 15 gusht.<\/span><\/div>\n<\/td>\n<\/tr>\n<tr>\n<td dir=\"ltr\">\n<div style=\"text-align: justify;\"><span style=\"color: #000000; font-family: helvetica; font-size: 12pt;\">&nbsp;&nbsp;&nbsp; P\u00ebr banor\u00ebt e shumt\u00eb t\u00eb Dervicianit do t\u00eb mbetet e paharruar kjo dit\u00eb, pasi i gjith\u00eb vendi ishte i pushtuar nga p\u00ebrgatitjet e fest\u00ebs s\u00eb T\u00ebr\u00ebshenjt\u00ebs Mari. N\u00eb pragun e sht\u00ebpive shikoje ikon\u00ebn e T\u00ebr\u00ebshenjt\u00ebs Mari dhe kandili q\u00eb ndri\u00e7onte gjat\u00eb gjith\u00eb mbr\u00ebmjes. Pasdite von\u00eb u krye sh\u00ebrbesa e Mbr\u00ebm\u00ebsores dhe bashk\u00eb me Mitropolitin Dhimit\u00ebr dhe klerin, radha e gjat\u00eb e besimtar\u00ebve b\u00ebri litani rreth kish\u00ebs \u201cFjetja e Hyjlind\u00ebses Mari\u201d dhe m\u00eb pas u drejtua n\u00eb qend\u00ebr t\u00eb fshatit. Me qirinj n\u00eb duar dhe duke k\u00ebnduar psalme, atmosfera dukej m\u00eb shum\u00eb se emocionuese.<\/span><\/div>\n<\/td>\n<td dir=\"ltr\">\n<div><span style=\"color: #000000; font-family: helvetica; font-size: 12pt;\"><img decoding=\"async\" class=\"lazyload HAa Eha\" style=\"border-width: 1px; border-style: solid; margin: 10px auto; display: block;\" alt=\"\" src=\"data:image\/gif;base64,R0lGODlhAQABAAAAACH5BAEKAAEALAAAAAABAAEAAAICTAEAOw==\" data-orig-src=\"https:\/\/lh6.googleusercontent.com\/-M2KtMSUbhEQ\/VImMSp44HBI\/AAAAAAAAGh4\/iAvfZE5Vaac\/w400-h300-no\/gjr3.jpg\" \/><\/span><\/div>\n<\/td>\n<\/tr>\n<tr>\n<td dir=\"ltr\">\n<div><span style=\"color: #000000; font-family: helvetica; font-size: 12pt;\"><img decoding=\"async\" class=\"lazyload HAa Eha\" style=\"border-width: 1px; border-style: solid; margin: 10px auto; display: block;\" alt=\"\" src=\"data:image\/gif;base64,R0lGODlhAQABAAAAACH5BAEKAAEALAAAAAABAAEAAAICTAEAOw==\" data-orig-src=\"https:\/\/lh6.googleusercontent.com\/-iNnKXqSVpxs\/VImMS1eTxpI\/AAAAAAAAGhU\/B4XHgavZnAk\/w400-h300-no\/gjr4.jpg\" \/><\/span><\/div>\n<\/td>\n<td dir=\"ltr\">\n<div style=\"text-align: justify;\"><span style=\"color: #000000; font-family: helvetica; font-size: 12pt;\">&nbsp;&nbsp;&nbsp; Nj\u00eb panair i jasht\u00ebzakonsh\u00ebm, i mbushur me lutje dhe himne. Mitropoliti Dhimit\u00ebr i p\u00ebrsh\u00ebndeti besimtar\u00ebt e shumt\u00eb, kryesisht ata t\u00eb ardhur nga emigracioni, duke iu b\u00ebr\u00eb thirrje t\u00eb p\u00ebrpiqen q\u00eb, p\u00ebrve\u00e7 t\u00eb mirave materiale, t\u00eb sigurojn\u00eb gjat\u00eb jet\u00ebs s\u00eb tyre edhe shp\u00ebtimin e shpirtit. T\u00eb nes\u00ebrmen, s\u00ebrish n\u00eb kish\u00ebn e fshatit Dervician, u krye Liturgjia Hyjnore ku mor\u00ebn pjes\u00eb edhe p\u00ebrfaq\u00ebsues t\u00eb ndrysh\u00ebm t\u00eb politik\u00ebs dhe shoq\u00ebris\u00eb civile n\u00eb k\u00ebt\u00eb zon\u00eb, si dhe besimtar\u00eb t\u00eb shumt\u00eb t\u00eb fshatrave t\u00eb Dropullit dhe me tej.<\/span><\/div>\n<\/td>\n<\/tr>\n<tr>\n<td dir=\"ltr\" colspan=\"2\">\n<div style=\"text-align: justify;\"><span style=\"color: #000000; font-family: helvetica; font-size: 12pt;\"> &nbsp;&nbsp;&nbsp; Vlen t\u00eb p\u00ebrmendet edhe ardhja n\u00eb k\u00ebt\u00eb t\u00eb kremte e nj\u00eb grupi t\u00eb Lidhjes s\u00eb Grave Orthodhokse nga Durr\u00ebsi, t\u00eb cilat kishin qen\u00eb t\u00eb pranishme nj\u00eb nat\u00eb m\u00eb par\u00eb edhe n\u00eb Labov\u00eb t\u00eb Kryqit, duke b\u00ebr\u00eb lutje s\u00eb bashku n\u00eb kish\u00ebn e t\u00eb T\u00ebr\u00ebshenjt\u00ebs Mari. Atmosfera festive vazhdoi edhe pas Liturgjis\u00eb Hyjnore, ku qindra besimtar\u00eb ishin mbledhur n\u00eb sheshin p\u00ebrreth kish\u00ebs.<\/span><\/div>\n<div style=\"text-align: justify;\"><span style=\"font-family: helvetica; font-size: 12pt;\"><\/span><\/div>\n<div style=\"text-align: justify;\"><span style=\"color: #000000; font-family: helvetica; font-size: 12pt;\">&nbsp;&nbsp;&nbsp; Festa e T\u00ebr\u00ebshenjt\u00ebs u kremtua me panaire, me bukurin\u00eb dhe ve\u00e7antin\u00eb e saj, edhe n\u00eb qytetet e tjera t\u00eb Mitropolis\u00eb s\u00eb Gjirokastr\u00ebs: Sarand\u00eb, Delvin\u00eb, P\u00ebrmet dhe Himar\u00eb. N\u00eb to ka shum\u00eb kisha q\u00eb mbajn\u00eb emrin e T\u00ebr\u00ebshenjt\u00ebs Mari dhe sipas disa besimtar\u00ebve me t\u00eb cil\u00ebt kontaktuam p\u00ebrmes linj\u00ebs telefonik\u00eb, atmosfera festive u shoq\u00ebrua me lutje t\u00eb p\u00ebrbashk\u00ebta dhe p\u00ebrfundoi me drek\u00ebn tradicionale.<\/span><\/div>\n<\/td>\n<\/tr>\n<tr>\n<td style=\"text-align: justify;\" colspan=\"2\">\n<div><span style=\"font-family: helvetica; font-size: 12pt;\"><\/span><\/div>\n<\/td>\n<\/tr>\n<tr>\n<td>\n<div style=\"text-align: justify;\"><span style=\"font-family: helvetica; font-size: 12pt;\"><\/span><\/div>\n<div style=\"text-align: justify;\"><span style=\"font-family: helvetica; font-size: 12pt;\"><\/span><\/div>\n<div><span style=\"color: #000000; font-family: helvetica; font-size: 12pt;\"><strong>Julia Pjetri &amp; Thoma Dhima<\/strong><\/span><\/div>\n<div><span style=\"color: #000000; font-family: helvetica; font-size: 12pt;\"><strong>Dhjakon Dhimit\u00ebr Loshi &amp; Sotiraq Mishaxhiu<\/strong><\/span><\/div>\n<div><span style=\"color: #000000; font-family: helvetica; font-size: 12pt;\"><strong>At Jani Trebicka &amp; Theodhor Peci<\/strong><\/span><\/div>\n<div><span style=\"color: #000000; font-family: helvetica; font-size: 12pt;\"><strong>Isidor Koti &amp; Joan Meni<\/strong><\/span><\/div>\n<\/td>\n<\/tr>\n<\/tbody>\n<\/table>\n<p>&nbsp;<\/p>\n","protected":false},"excerpt":{"rendered":"<p>&nbsp;&nbsp;&nbsp; E kremtja e Fjetjes s\u00eb N\u00ebn\u00ebs t\u00eb Zotit Krisht u festua me madh\u00ebshti n\u00eb t\u00eb gjitha kishat dhe familjet orthodhokse t\u00eb Kish\u00ebs son\u00eb. Kjo \u00ebsht\u00eb nj\u00eb dit\u00eb e ve\u00e7ant\u00eb panairi p\u00ebr t\u00eb gjith\u00eb besimtar\u00ebt e krishter\u00eb orthodhoks\u00eb. Festa filloi mbr\u00ebmjen e 14 gushtit me Sh\u00ebrbes\u00ebn e Mbr\u00ebm\u00ebsores s\u00eb Madhe dhe u kuror\u00ebzua t\u00eb nes\u00ebrmen me Liturgjin\u00eb hyjnore. &nbsp;&nbsp;&nbsp; Mitropolia e Tiran\u00ebs &nbsp;&nbsp;&nbsp; N\u00eb Manastirin<\/p>\n","protected":false},"author":1,"featured_media":0,"comment_status":"open","ping_status":"open","sticky":false,"template":"","format":"standard","meta":{"_acf_changed":false,"pagelayer_contact_templates":[],"_pagelayer_content":"","inline_featured_image":false,"fifu_image_url":"","fifu_image_alt":"","footnotes":""},"categories":[108],"tags":[147,157,196,212],"class_list":["post-550","post","type-post","status-publish","format-standard","hentry","category-lajme","tag-147","tag-kremtime","tag-tirane","tag-lajme-d27"],"acf":[],"yoast_head":"<!-- This site is optimized with the Yoast SEO plugin v27.2 - https:\/\/yoast.com\/product\/yoast-seo-wordpress\/ -->\n<title>Festohet me solemnitet e kremtja e Fjetjes se Hyjlind\u00ebses Mari. (Gusht 2007) - Kisha Orthodh\u03bfkse Autoqefale e Shqip\u00ebris\u00eb<\/title>\n<meta name=\"robots\" content=\"index, follow, max-snippet:-1, max-image-preview:large, max-video-preview:-1\" \/>\n<link rel=\"canonical\" href=\"https:\/\/orthodoxalbania.org\/2020\/2007\/02\/26\/festohet-me-solemnitet-e-kremtja-e-fjetjes-se-hyjlindeses-mari-gusht-2007\/\" \/>\n<meta property=\"og:locale\" content=\"en_US\" \/>\n<meta property=\"og:type\" content=\"article\" \/>\n<meta property=\"og:title\" content=\"Festohet me solemnitet e kremtja e Fjetjes se Hyjlind\u00ebses Mari. (Gusht 2007) - Kisha Orthodh\u03bfkse Autoqefale e Shqip\u00ebris\u00eb\" \/>\n<meta property=\"og:description\" content=\"&nbsp;&nbsp;&nbsp; E kremtja e Fjetjes s\u00eb N\u00ebn\u00ebs t\u00eb Zotit Krisht u festua me madh\u00ebshti n\u00eb t\u00eb gjitha kishat dhe familjet orthodhokse t\u00eb Kish\u00ebs son\u00eb. Kjo \u00ebsht\u00eb nj\u00eb dit\u00eb e ve\u00e7ant\u00eb panairi p\u00ebr t\u00eb gjith\u00eb besimtar\u00ebt e krishter\u00eb orthodhoks\u00eb. Festa filloi mbr\u00ebmjen e 14 gushtit me Sh\u00ebrbes\u00ebn e Mbr\u00ebm\u00ebsores s\u00eb Madhe dhe u kuror\u00ebzua t\u00eb nes\u00ebrmen me Liturgjin\u00eb hyjnore. &nbsp;&nbsp;&nbsp; Mitropolia e Tiran\u00ebs &nbsp;&nbsp;&nbsp; N\u00eb Manastirin\" \/>\n<meta property=\"og:url\" content=\"https:\/\/orthodoxalbania.org\/2020\/2007\/02\/26\/festohet-me-solemnitet-e-kremtja-e-fjetjes-se-hyjlindeses-mari-gusht-2007\/\" \/>\n<meta property=\"og:site_name\" content=\"Kisha Orthodh\u03bfkse Autoqefale e Shqip\u00ebris\u00eb\" \/>\n<meta property=\"article:publisher\" content=\"https:\/\/www.facebook.com\/koash1991\" \/>\n<meta property=\"article:published_time\" content=\"2007-02-26T00:00:00+00:00\" \/>\n<meta property=\"article:modified_time\" content=\"2020-04-06T20:35:51+00:00\" \/>\n<meta property=\"og:image\" content=\"https:\/\/lh3.googleusercontent.com\/-gDIXF9Jm4o0\/VImMTtkNrrI\/AAAAAAAAGhc\/nTFSxBNE95U\/w400-h300-no\/tr1.jpg\" \/>\n<meta name=\"author\" content=\"Kisha Orthodhokse\" \/>\n<meta name=\"twitter:card\" content=\"summary_large_image\" \/>\n<meta name=\"twitter:label1\" content=\"Written by\" \/>\n\t<meta name=\"twitter:data1\" content=\"Kisha Orthodhokse\" \/>\n\t<meta name=\"twitter:label2\" content=\"Est. reading time\" \/>\n\t<meta name=\"twitter:data2\" content=\"6 minutes\" \/>\n<script type=\"application\/ld+json\" class=\"yoast-schema-graph\">{\"@context\":\"https:\/\/schema.org\",\"@graph\":[{\"@type\":\"Article\",\"@id\":\"https:\/\/orthodoxalbania.org\/2020\/2007\/02\/26\/festohet-me-solemnitet-e-kremtja-e-fjetjes-se-hyjlindeses-mari-gusht-2007\/#article\",\"isPartOf\":{\"@id\":\"https:\/\/orthodoxalbania.org\/2020\/2007\/02\/26\/festohet-me-solemnitet-e-kremtja-e-fjetjes-se-hyjlindeses-mari-gusht-2007\/\"},\"author\":{\"name\":\"Kisha Orthodhokse\",\"@id\":\"https:\/\/orthodoxalbania.org\/2020\/#\/schema\/person\/0c387634a7063ac612d7ed9ce71c7e86\"},\"headline\":\"Festohet me solemnitet e kremtja e Fjetjes se Hyjlind\u00ebses Mari. (Gusht 2007)\",\"datePublished\":\"2007-02-26T00:00:00+00:00\",\"dateModified\":\"2020-04-06T20:35:51+00:00\",\"mainEntityOfPage\":{\"@id\":\"https:\/\/orthodoxalbania.org\/2020\/2007\/02\/26\/festohet-me-solemnitet-e-kremtja-e-fjetjes-se-hyjlindeses-mari-gusht-2007\/\"},\"wordCount\":1288,\"commentCount\":0,\"publisher\":{\"@id\":\"https:\/\/orthodoxalbania.org\/2020\/#organization\"},\"image\":{\"@id\":\"https:\/\/orthodoxalbania.org\/2020\/2007\/02\/26\/festohet-me-solemnitet-e-kremtja-e-fjetjes-se-hyjlindeses-mari-gusht-2007\/#primaryimage\"},\"thumbnailUrl\":\"https:\/\/lh3.googleusercontent.com\/-gDIXF9Jm4o0\/VImMTtkNrrI\/AAAAAAAAGhc\/nTFSxBNE95U\/w400-h300-no\/tr1.jpg\",\"keywords\":[\"2007\",\"Kremtime\",\"Kryepiskopata Tiran\u00eb\",\"lajme\"],\"articleSection\":[\"Lajme\"],\"inLanguage\":\"en-US\"},{\"@type\":\"WebPage\",\"@id\":\"https:\/\/orthodoxalbania.org\/2020\/2007\/02\/26\/festohet-me-solemnitet-e-kremtja-e-fjetjes-se-hyjlindeses-mari-gusht-2007\/\",\"url\":\"https:\/\/orthodoxalbania.org\/2020\/2007\/02\/26\/festohet-me-solemnitet-e-kremtja-e-fjetjes-se-hyjlindeses-mari-gusht-2007\/\",\"name\":\"Festohet me solemnitet e kremtja e Fjetjes se Hyjlind\u00ebses Mari. (Gusht 2007) - Kisha Orthodh\u03bfkse Autoqefale e Shqip\u00ebris\u00eb\",\"isPartOf\":{\"@id\":\"https:\/\/orthodoxalbania.org\/2020\/#website\"},\"primaryImageOfPage\":{\"@id\":\"https:\/\/orthodoxalbania.org\/2020\/2007\/02\/26\/festohet-me-solemnitet-e-kremtja-e-fjetjes-se-hyjlindeses-mari-gusht-2007\/#primaryimage\"},\"image\":{\"@id\":\"https:\/\/orthodoxalbania.org\/2020\/2007\/02\/26\/festohet-me-solemnitet-e-kremtja-e-fjetjes-se-hyjlindeses-mari-gusht-2007\/#primaryimage\"},\"thumbnailUrl\":\"https:\/\/lh3.googleusercontent.com\/-gDIXF9Jm4o0\/VImMTtkNrrI\/AAAAAAAAGhc\/nTFSxBNE95U\/w400-h300-no\/tr1.jpg\",\"datePublished\":\"2007-02-26T00:00:00+00:00\",\"dateModified\":\"2020-04-06T20:35:51+00:00\",\"breadcrumb\":{\"@id\":\"https:\/\/orthodoxalbania.org\/2020\/2007\/02\/26\/festohet-me-solemnitet-e-kremtja-e-fjetjes-se-hyjlindeses-mari-gusht-2007\/#breadcrumb\"},\"inLanguage\":\"en-US\",\"potentialAction\":[{\"@type\":\"ReadAction\",\"target\":[\"https:\/\/orthodoxalbania.org\/2020\/2007\/02\/26\/festohet-me-solemnitet-e-kremtja-e-fjetjes-se-hyjlindeses-mari-gusht-2007\/\"]}]},{\"@type\":\"ImageObject\",\"inLanguage\":\"en-US\",\"@id\":\"https:\/\/orthodoxalbania.org\/2020\/2007\/02\/26\/festohet-me-solemnitet-e-kremtja-e-fjetjes-se-hyjlindeses-mari-gusht-2007\/#primaryimage\",\"url\":\"https:\/\/lh3.googleusercontent.com\/-gDIXF9Jm4o0\/VImMTtkNrrI\/AAAAAAAAGhc\/nTFSxBNE95U\/w400-h300-no\/tr1.jpg\",\"contentUrl\":\"https:\/\/lh3.googleusercontent.com\/-gDIXF9Jm4o0\/VImMTtkNrrI\/AAAAAAAAGhc\/nTFSxBNE95U\/w400-h300-no\/tr1.jpg\"},{\"@type\":\"BreadcrumbList\",\"@id\":\"https:\/\/orthodoxalbania.org\/2020\/2007\/02\/26\/festohet-me-solemnitet-e-kremtja-e-fjetjes-se-hyjlindeses-mari-gusht-2007\/#breadcrumb\",\"itemListElement\":[{\"@type\":\"ListItem\",\"position\":1,\"name\":\"Home\",\"item\":\"https:\/\/orthodoxalbania.org\/2020\/\"},{\"@type\":\"ListItem\",\"position\":2,\"name\":\"Festohet me solemnitet e kremtja e Fjetjes se Hyjlind\u00ebses Mari. (Gusht 2007)\"}]},{\"@type\":\"WebSite\",\"@id\":\"https:\/\/orthodoxalbania.org\/2020\/#website\",\"url\":\"https:\/\/orthodoxalbania.org\/2020\/\",\"name\":\"Kisha Orthodh\u03bfkse Autoqefale e Shqip\u00ebris\u00eb\",\"description\":\"Fqja Zyrtare e Kish\u00ebs Orthodhokse Autoqefale e Shqip\u00ebris\u00eb me lajmet edhe informacionet zyrtare p\u00ebr struktur\u00ebn edhe veprimtarin e saj.\",\"publisher\":{\"@id\":\"https:\/\/orthodoxalbania.org\/2020\/#organization\"},\"potentialAction\":[{\"@type\":\"SearchAction\",\"target\":{\"@type\":\"EntryPoint\",\"urlTemplate\":\"https:\/\/orthodoxalbania.org\/2020\/?s={search_term_string}\"},\"query-input\":{\"@type\":\"PropertyValueSpecification\",\"valueRequired\":true,\"valueName\":\"search_term_string\"}}],\"inLanguage\":\"en-US\"},{\"@type\":\"Organization\",\"@id\":\"https:\/\/orthodoxalbania.org\/2020\/#organization\",\"name\":\"Kisha Orthodhokse Autoqefale e Shqip\u00ebris\u00eb\",\"url\":\"https:\/\/orthodoxalbania.org\/2020\/\",\"logo\":{\"@type\":\"ImageObject\",\"inLanguage\":\"en-US\",\"@id\":\"https:\/\/orthodoxalbania.org\/2020\/#\/schema\/logo\/image\/\",\"url\":\"https:\/\/orthodoxalbania.org\/2020\/wp-content\/uploads\/2020\/05\/albania.jpeg\",\"contentUrl\":\"https:\/\/orthodoxalbania.org\/2020\/wp-content\/uploads\/2020\/05\/albania.jpeg\",\"width\":540,\"height\":540,\"caption\":\"Kisha Orthodhokse Autoqefale e Shqip\u00ebris\u00eb\"},\"image\":{\"@id\":\"https:\/\/orthodoxalbania.org\/2020\/#\/schema\/logo\/image\/\"},\"sameAs\":[\"https:\/\/www.facebook.com\/koash1991\"]},{\"@type\":\"Person\",\"@id\":\"https:\/\/orthodoxalbania.org\/2020\/#\/schema\/person\/0c387634a7063ac612d7ed9ce71c7e86\",\"name\":\"Kisha Orthodhokse\",\"image\":{\"@type\":\"ImageObject\",\"inLanguage\":\"en-US\",\"@id\":\"https:\/\/secure.gravatar.com\/avatar\/596e7c417251e30f2fbb9c00e026fce61a695a00e51c889caded71c96cbbdde5?s=96&d=mm&r=g\",\"url\":\"https:\/\/secure.gravatar.com\/avatar\/596e7c417251e30f2fbb9c00e026fce61a695a00e51c889caded71c96cbbdde5?s=96&d=mm&r=g\",\"contentUrl\":\"https:\/\/secure.gravatar.com\/avatar\/596e7c417251e30f2fbb9c00e026fce61a695a00e51c889caded71c96cbbdde5?s=96&d=mm&r=g\",\"caption\":\"Kisha Orthodhokse\"}}]}<\/script>\n<!-- \/ Yoast SEO plugin. -->","yoast_head_json":{"title":"Festohet me solemnitet e kremtja e Fjetjes se Hyjlind\u00ebses Mari. (Gusht 2007) - Kisha Orthodh\u03bfkse Autoqefale e Shqip\u00ebris\u00eb","robots":{"index":"index","follow":"follow","max-snippet":"max-snippet:-1","max-image-preview":"max-image-preview:large","max-video-preview":"max-video-preview:-1"},"canonical":"https:\/\/orthodoxalbania.org\/2020\/2007\/02\/26\/festohet-me-solemnitet-e-kremtja-e-fjetjes-se-hyjlindeses-mari-gusht-2007\/","og_locale":"en_US","og_type":"article","og_title":"Festohet me solemnitet e kremtja e Fjetjes se Hyjlind\u00ebses Mari. (Gusht 2007) - Kisha Orthodh\u03bfkse Autoqefale e Shqip\u00ebris\u00eb","og_description":"&nbsp;&nbsp;&nbsp; E kremtja e Fjetjes s\u00eb N\u00ebn\u00ebs t\u00eb Zotit Krisht u festua me madh\u00ebshti n\u00eb t\u00eb gjitha kishat dhe familjet orthodhokse t\u00eb Kish\u00ebs son\u00eb. Kjo \u00ebsht\u00eb nj\u00eb dit\u00eb e ve\u00e7ant\u00eb panairi p\u00ebr t\u00eb gjith\u00eb besimtar\u00ebt e krishter\u00eb orthodhoks\u00eb. Festa filloi mbr\u00ebmjen e 14 gushtit me Sh\u00ebrbes\u00ebn e Mbr\u00ebm\u00ebsores s\u00eb Madhe dhe u kuror\u00ebzua t\u00eb nes\u00ebrmen me Liturgjin\u00eb hyjnore. &nbsp;&nbsp;&nbsp; Mitropolia e Tiran\u00ebs &nbsp;&nbsp;&nbsp; N\u00eb Manastirin","og_url":"https:\/\/orthodoxalbania.org\/2020\/2007\/02\/26\/festohet-me-solemnitet-e-kremtja-e-fjetjes-se-hyjlindeses-mari-gusht-2007\/","og_site_name":"Kisha Orthodh\u03bfkse Autoqefale e Shqip\u00ebris\u00eb","article_publisher":"https:\/\/www.facebook.com\/koash1991","article_published_time":"2007-02-26T00:00:00+00:00","article_modified_time":"2020-04-06T20:35:51+00:00","og_image":[{"url":"https:\/\/lh3.googleusercontent.com\/-gDIXF9Jm4o0\/VImMTtkNrrI\/AAAAAAAAGhc\/nTFSxBNE95U\/w400-h300-no\/tr1.jpg","type":"","width":"","height":""}],"author":"Kisha Orthodhokse","twitter_card":"summary_large_image","twitter_misc":{"Written by":"Kisha Orthodhokse","Est. reading time":"6 minutes"},"schema":{"@context":"https:\/\/schema.org","@graph":[{"@type":"Article","@id":"https:\/\/orthodoxalbania.org\/2020\/2007\/02\/26\/festohet-me-solemnitet-e-kremtja-e-fjetjes-se-hyjlindeses-mari-gusht-2007\/#article","isPartOf":{"@id":"https:\/\/orthodoxalbania.org\/2020\/2007\/02\/26\/festohet-me-solemnitet-e-kremtja-e-fjetjes-se-hyjlindeses-mari-gusht-2007\/"},"author":{"name":"Kisha Orthodhokse","@id":"https:\/\/orthodoxalbania.org\/2020\/#\/schema\/person\/0c387634a7063ac612d7ed9ce71c7e86"},"headline":"Festohet me solemnitet e kremtja e Fjetjes se Hyjlind\u00ebses Mari. (Gusht 2007)","datePublished":"2007-02-26T00:00:00+00:00","dateModified":"2020-04-06T20:35:51+00:00","mainEntityOfPage":{"@id":"https:\/\/orthodoxalbania.org\/2020\/2007\/02\/26\/festohet-me-solemnitet-e-kremtja-e-fjetjes-se-hyjlindeses-mari-gusht-2007\/"},"wordCount":1288,"commentCount":0,"publisher":{"@id":"https:\/\/orthodoxalbania.org\/2020\/#organization"},"image":{"@id":"https:\/\/orthodoxalbania.org\/2020\/2007\/02\/26\/festohet-me-solemnitet-e-kremtja-e-fjetjes-se-hyjlindeses-mari-gusht-2007\/#primaryimage"},"thumbnailUrl":"https:\/\/lh3.googleusercontent.com\/-gDIXF9Jm4o0\/VImMTtkNrrI\/AAAAAAAAGhc\/nTFSxBNE95U\/w400-h300-no\/tr1.jpg","keywords":["2007","Kremtime","Kryepiskopata Tiran\u00eb","lajme"],"articleSection":["Lajme"],"inLanguage":"en-US"},{"@type":"WebPage","@id":"https:\/\/orthodoxalbania.org\/2020\/2007\/02\/26\/festohet-me-solemnitet-e-kremtja-e-fjetjes-se-hyjlindeses-mari-gusht-2007\/","url":"https:\/\/orthodoxalbania.org\/2020\/2007\/02\/26\/festohet-me-solemnitet-e-kremtja-e-fjetjes-se-hyjlindeses-mari-gusht-2007\/","name":"Festohet me solemnitet e kremtja e Fjetjes se Hyjlind\u00ebses Mari. (Gusht 2007) - Kisha Orthodh\u03bfkse Autoqefale e Shqip\u00ebris\u00eb","isPartOf":{"@id":"https:\/\/orthodoxalbania.org\/2020\/#website"},"primaryImageOfPage":{"@id":"https:\/\/orthodoxalbania.org\/2020\/2007\/02\/26\/festohet-me-solemnitet-e-kremtja-e-fjetjes-se-hyjlindeses-mari-gusht-2007\/#primaryimage"},"image":{"@id":"https:\/\/orthodoxalbania.org\/2020\/2007\/02\/26\/festohet-me-solemnitet-e-kremtja-e-fjetjes-se-hyjlindeses-mari-gusht-2007\/#primaryimage"},"thumbnailUrl":"https:\/\/lh3.googleusercontent.com\/-gDIXF9Jm4o0\/VImMTtkNrrI\/AAAAAAAAGhc\/nTFSxBNE95U\/w400-h300-no\/tr1.jpg","datePublished":"2007-02-26T00:00:00+00:00","dateModified":"2020-04-06T20:35:51+00:00","breadcrumb":{"@id":"https:\/\/orthodoxalbania.org\/2020\/2007\/02\/26\/festohet-me-solemnitet-e-kremtja-e-fjetjes-se-hyjlindeses-mari-gusht-2007\/#breadcrumb"},"inLanguage":"en-US","potentialAction":[{"@type":"ReadAction","target":["https:\/\/orthodoxalbania.org\/2020\/2007\/02\/26\/festohet-me-solemnitet-e-kremtja-e-fjetjes-se-hyjlindeses-mari-gusht-2007\/"]}]},{"@type":"ImageObject","inLanguage":"en-US","@id":"https:\/\/orthodoxalbania.org\/2020\/2007\/02\/26\/festohet-me-solemnitet-e-kremtja-e-fjetjes-se-hyjlindeses-mari-gusht-2007\/#primaryimage","url":"https:\/\/lh3.googleusercontent.com\/-gDIXF9Jm4o0\/VImMTtkNrrI\/AAAAAAAAGhc\/nTFSxBNE95U\/w400-h300-no\/tr1.jpg","contentUrl":"https:\/\/lh3.googleusercontent.com\/-gDIXF9Jm4o0\/VImMTtkNrrI\/AAAAAAAAGhc\/nTFSxBNE95U\/w400-h300-no\/tr1.jpg"},{"@type":"BreadcrumbList","@id":"https:\/\/orthodoxalbania.org\/2020\/2007\/02\/26\/festohet-me-solemnitet-e-kremtja-e-fjetjes-se-hyjlindeses-mari-gusht-2007\/#breadcrumb","itemListElement":[{"@type":"ListItem","position":1,"name":"Home","item":"https:\/\/orthodoxalbania.org\/2020\/"},{"@type":"ListItem","position":2,"name":"Festohet me solemnitet e kremtja e Fjetjes se Hyjlind\u00ebses Mari. (Gusht 2007)"}]},{"@type":"WebSite","@id":"https:\/\/orthodoxalbania.org\/2020\/#website","url":"https:\/\/orthodoxalbania.org\/2020\/","name":"Kisha Orthodh\u03bfkse Autoqefale e Shqip\u00ebris\u00eb","description":"Fqja Zyrtare e Kish\u00ebs Orthodhokse Autoqefale e Shqip\u00ebris\u00eb me lajmet edhe informacionet zyrtare p\u00ebr struktur\u00ebn edhe veprimtarin e saj.","publisher":{"@id":"https:\/\/orthodoxalbania.org\/2020\/#organization"},"potentialAction":[{"@type":"SearchAction","target":{"@type":"EntryPoint","urlTemplate":"https:\/\/orthodoxalbania.org\/2020\/?s={search_term_string}"},"query-input":{"@type":"PropertyValueSpecification","valueRequired":true,"valueName":"search_term_string"}}],"inLanguage":"en-US"},{"@type":"Organization","@id":"https:\/\/orthodoxalbania.org\/2020\/#organization","name":"Kisha Orthodhokse Autoqefale e Shqip\u00ebris\u00eb","url":"https:\/\/orthodoxalbania.org\/2020\/","logo":{"@type":"ImageObject","inLanguage":"en-US","@id":"https:\/\/orthodoxalbania.org\/2020\/#\/schema\/logo\/image\/","url":"https:\/\/orthodoxalbania.org\/2020\/wp-content\/uploads\/2020\/05\/albania.jpeg","contentUrl":"https:\/\/orthodoxalbania.org\/2020\/wp-content\/uploads\/2020\/05\/albania.jpeg","width":540,"height":540,"caption":"Kisha Orthodhokse Autoqefale e Shqip\u00ebris\u00eb"},"image":{"@id":"https:\/\/orthodoxalbania.org\/2020\/#\/schema\/logo\/image\/"},"sameAs":["https:\/\/www.facebook.com\/koash1991"]},{"@type":"Person","@id":"https:\/\/orthodoxalbania.org\/2020\/#\/schema\/person\/0c387634a7063ac612d7ed9ce71c7e86","name":"Kisha Orthodhokse","image":{"@type":"ImageObject","inLanguage":"en-US","@id":"https:\/\/secure.gravatar.com\/avatar\/596e7c417251e30f2fbb9c00e026fce61a695a00e51c889caded71c96cbbdde5?s=96&d=mm&r=g","url":"https:\/\/secure.gravatar.com\/avatar\/596e7c417251e30f2fbb9c00e026fce61a695a00e51c889caded71c96cbbdde5?s=96&d=mm&r=g","contentUrl":"https:\/\/secure.gravatar.com\/avatar\/596e7c417251e30f2fbb9c00e026fce61a695a00e51c889caded71c96cbbdde5?s=96&d=mm&r=g","caption":"Kisha Orthodhokse"}}]}},"_links":{"self":[{"href":"https:\/\/orthodoxalbania.org\/2020\/wp-json\/wp\/v2\/posts\/550","targetHints":{"allow":["GET"]}}],"collection":[{"href":"https:\/\/orthodoxalbania.org\/2020\/wp-json\/wp\/v2\/posts"}],"about":[{"href":"https:\/\/orthodoxalbania.org\/2020\/wp-json\/wp\/v2\/types\/post"}],"author":[{"embeddable":true,"href":"https:\/\/orthodoxalbania.org\/2020\/wp-json\/wp\/v2\/users\/1"}],"replies":[{"embeddable":true,"href":"https:\/\/orthodoxalbania.org\/2020\/wp-json\/wp\/v2\/comments?post=550"}],"version-history":[{"count":1,"href":"https:\/\/orthodoxalbania.org\/2020\/wp-json\/wp\/v2\/posts\/550\/revisions"}],"predecessor-version":[{"id":15783,"href":"https:\/\/orthodoxalbania.org\/2020\/wp-json\/wp\/v2\/posts\/550\/revisions\/15783"}],"wp:attachment":[{"href":"https:\/\/orthodoxalbania.org\/2020\/wp-json\/wp\/v2\/media?parent=550"}],"wp:term":[{"taxonomy":"category","embeddable":true,"href":"https:\/\/orthodoxalbania.org\/2020\/wp-json\/wp\/v2\/categories?post=550"},{"taxonomy":"post_tag","embeddable":true,"href":"https:\/\/orthodoxalbania.org\/2020\/wp-json\/wp\/v2\/tags?post=550"}],"curies":[{"name":"wp","href":"https:\/\/api.w.org\/{rel}","templated":true}]}}