{"id":5490,"date":"2017-08-31T07:45:25","date_gmt":"2017-08-31T07:45:25","guid":{"rendered":""},"modified":"2020-04-06T21:58:18","modified_gmt":"2020-04-06T19:58:18","slug":"doli-ne-qarkullim-gazeta-ngjallja-e-muajit-gusht-2017","status":"publish","type":"post","link":"https:\/\/orthodoxalbania.org\/2020\/2017\/08\/31\/doli-ne-qarkullim-gazeta-ngjallja-e-muajit-gusht-2017\/","title":{"rendered":"Doli n\u00eb qarkullim gazeta &#8220;Ngjallja&#8221; e muajit Gusht 2017"},"content":{"rendered":"<p style=\"text-align: center;\">\n\t<span style=\"color: #800000;\"><strong><span style=\"font-size: 12pt; font-family: helvetica;\">Doli n\u00eb qarkullim gazeta &#8220;Ngjallja&#8221; e muajit Gusht 2017<\/span><\/strong><\/span><\/p>\n<p style=\"text-align: center;\">\n\t&nbsp;<\/p>\n<p style=\"text-align: center;\">\n\t<span style=\"color: #800000;\"><strong><span style=\"font-size: 12pt; font-family: helvetica;\">N\u00eb k\u00ebt\u00eb num\u00ebr do t\u00eb lexoni:<\/span><\/strong><\/span><\/p>\n<p style=\"text-align: justify;\">\n\t&nbsp;<\/p>\n<p style=\"text-align: justify;\">\n\t<span style=\"font-size: 12pt; font-family: helvetica; color: #000000;\">&#8211; Liturgji Hyjnore festive me rastin e 2 Gushtit &#8211; U kremtua me g\u00ebzim e madh\u00ebshti 25-vjetori i zgjedhjes dhe fron\u00ebzimit t\u00eb Kryepiskopit Anastas n\u00eb krye t\u00eb Kish\u00ebs son\u00eb &#8211;<\/span><\/p>\n<p style=\"text-align: justify;\">\n\t<span style=\"font-size: 12pt; font-family: helvetica; color: #000000;\">&#8211; 25 vjet m\u00eb par\u00eb &#8211; K\u00ebrkes\u00eb e K\u00ebshillit t\u00eb P\u00ebrgjithsh\u00ebm Kishtar p\u00ebr zgjedhjen e Imzot Anastasit n\u00eb krye t\u00eb Kish\u00ebs son\u00eb<\/span><\/p>\n<p style=\"text-align: justify;\">\n\t<span style=\"font-size: 12pt; font-family: helvetica; color: #000000;\">&#8211; Kryepiskopi Anastas n\u00eb krahin\u00ebn me tradita orthodhokse t\u00eb Shpatit<\/span><\/p>\n<p style=\"text-align: justify;\">\n\t<span style=\"font-size: 12pt; font-family: helvetica; color: #000000;\">&#8211; Rezultate inkurajuese t\u00eb maturant\u00ebve n\u00eb shkollat e mesme t\u00eb Kish\u00ebs &#8211; nga Fondacioni<\/span><br \/>\n\t<span style=\"font-size: 12pt; font-family: helvetica; color: #000000;\">\u201cFryma e Dashuris\u00eb\u201d<\/span><\/p>\n<p style=\"text-align: justify;\">\n\t<span style=\"font-size: 12pt; font-family: helvetica; color: #000000;\">&#8211; 25 vjet m\u00eb par\u00eb &#8211; Deklarat\u00eb e K\u00ebshillit t\u00eb P\u00ebrgjithsh\u00ebm Kishtar t\u00eb Kish\u00ebs Orthodhokse Autoqefale t\u00eb Shqip\u00ebris\u00eb &#8211; Besimtar\u00ebt orthodhoks\u00eb miratojn\u00eb nj\u00ebz\u00ebri zgjedhjen Kryepiskop t\u00eb Imzot Anastasit<\/span><\/p>\n<p style=\"text-align: justify;\">\n\t<span style=\"font-size: 12pt; font-family: helvetica; color: #000000;\">&#8211; Kryepiskopi Anastas n\u00eb Mitropolin\u00eb e Qefalonis\u00eb<\/span><\/p>\n<p style=\"text-align: justify;\">\n\t<span style=\"font-size: 12pt; font-family: helvetica; color: #000000;\">&#8211; Kosin\u00eb &#8211; P\u00ebrmet &#8211; Filluan punimet restauruese n\u00eb kish\u00ebn e Hyjlind\u00ebses Mari &#8211; nga Arkitekt restaurator, Joan Stratob\u00ebrdha<\/span><\/p>\n<p style=\"text-align: justify;\">\n\t<span style=\"font-size: 12pt; font-family: helvetica; color: #000000;\">&#8211; Isoja n\u00eb Muzik\u00ebn Bizantine &#8211; nga Harallamb Terziu, pedagog i Muzik\u00ebs Bizantine dhe Himnologjis\u00eb<\/span><\/p>\n<p style=\"text-align: justify;\">\n\t<span style=\"font-size: 12pt; font-family: helvetica; color: #000000;\">&#8211; Sot gjith\u00e7ka \u00ebsht\u00eb ringjallur<\/span><\/p>\n<p style=\"text-align: center;\">\n\t<iframe class=\"scribd_iframe_embed\" data-aspect-ratio=\"0.734910277324633\" data-auto-height=\"false\" frameborder=\"0\" height=\"800\" id=\"doc_62397\" scrolling=\"no\" src=\"https:\/\/www.scribd.com\/embeds\/357688221\/content?start_page=1&amp;view_mode=slideshow&amp;access_key=key-SmYxTmeJj7o8VJwcEYW9&amp;show_recommendations=true\" width=\"600\"><\/iframe><\/p>\n","protected":false},"excerpt":{"rendered":"<p>Doli n\u00eb qarkullim gazeta &#8220;Ngjallja&#8221; e muajit Gusht 2017 &nbsp; N\u00eb k\u00ebt\u00eb num\u00ebr do t\u00eb lexoni: &nbsp; &#8211; Liturgji Hyjnore festive me rastin e 2 Gushtit &#8211; U kremtua me g\u00ebzim e madh\u00ebshti 25-vjetori i zgjedhjes dhe fron\u00ebzimit t\u00eb Kryepiskopit Anastas n\u00eb krye t\u00eb Kish\u00ebs son\u00eb &#8211; &#8211; 25 vjet m\u00eb par\u00eb &#8211; K\u00ebrkes\u00eb e K\u00ebshillit t\u00eb P\u00ebrgjithsh\u00ebm Kishtar p\u00ebr zgjedhjen e Imzot Anastasit n\u00eb<\/p>\n","protected":false},"author":1,"featured_media":5491,"comment_status":"open","ping_status":"open","sticky":false,"template":"","format":"standard","meta":{"_acf_changed":false,"pagelayer_contact_templates":[],"_pagelayer_content":"","inline_featured_image":false,"fifu_image_url":"","fifu_image_alt":"","footnotes":""},"categories":[108],"tags":[209,161,196,212,607],"class_list":["post-5490","post","type-post","status-publish","format-standard","has-post-thumbnail","hentry","category-lajme","tag-209","tag-gazeta-ngjallja","tag-tirane","tag-lajme-d27","tag-promovimepublikime"],"acf":[],"yoast_head":"<!-- This site is optimized with the Yoast SEO plugin v27.2 - https:\/\/yoast.com\/product\/yoast-seo-wordpress\/ -->\n<title>Doli n\u00eb qarkullim gazeta &quot;Ngjallja&quot; e muajit Gusht 2017 - Kisha Orthodh\u03bfkse Autoqefale e Shqip\u00ebris\u00eb<\/title>\n<meta name=\"robots\" content=\"index, follow, max-snippet:-1, max-image-preview:large, max-video-preview:-1\" \/>\n<link rel=\"canonical\" href=\"https:\/\/orthodoxalbania.org\/2020\/2017\/08\/31\/doli-ne-qarkullim-gazeta-ngjallja-e-muajit-gusht-2017\/\" \/>\n<meta property=\"og:locale\" content=\"en_US\" \/>\n<meta property=\"og:type\" content=\"article\" \/>\n<meta property=\"og:title\" content=\"Doli n\u00eb qarkullim gazeta &quot;Ngjallja&quot; e muajit Gusht 2017 - Kisha Orthodh\u03bfkse Autoqefale e Shqip\u00ebris\u00eb\" \/>\n<meta property=\"og:description\" content=\"Doli n\u00eb qarkullim gazeta &#8220;Ngjallja&#8221; e muajit Gusht 2017 &nbsp; N\u00eb k\u00ebt\u00eb num\u00ebr do t\u00eb lexoni: &nbsp; &#8211; Liturgji Hyjnore festive me rastin e 2 Gushtit &#8211; U kremtua me g\u00ebzim e madh\u00ebshti 25-vjetori i zgjedhjes dhe fron\u00ebzimit t\u00eb Kryepiskopit Anastas n\u00eb krye t\u00eb Kish\u00ebs son\u00eb &#8211; &#8211; 25 vjet m\u00eb par\u00eb &#8211; K\u00ebrkes\u00eb e K\u00ebshillit t\u00eb P\u00ebrgjithsh\u00ebm Kishtar p\u00ebr zgjedhjen e Imzot Anastasit n\u00eb\" \/>\n<meta property=\"og:url\" content=\"https:\/\/orthodoxalbania.org\/2020\/2017\/08\/31\/doli-ne-qarkullim-gazeta-ngjallja-e-muajit-gusht-2017\/\" \/>\n<meta property=\"og:site_name\" content=\"Kisha Orthodh\u03bfkse Autoqefale e Shqip\u00ebris\u00eb\" \/>\n<meta property=\"article:publisher\" content=\"https:\/\/www.facebook.com\/koash1991\" \/>\n<meta property=\"article:published_time\" content=\"2017-08-31T07:45:25+00:00\" \/>\n<meta property=\"article:modified_time\" content=\"2020-04-06T19:58:18+00:00\" \/>\n<meta property=\"og:image\" content=\"https:\/\/orthodoxalbania.org\/2020\/wp-content\/uploads\/2020\/04\/gusht2017.JPG\" \/>\n\t<meta property=\"og:image:width\" content=\"586\" \/>\n\t<meta property=\"og:image:height\" content=\"774\" \/>\n\t<meta property=\"og:image:type\" content=\"image\/jpeg\" \/>\n<meta name=\"author\" content=\"Kisha Orthodhokse\" \/>\n<meta name=\"twitter:card\" content=\"summary_large_image\" \/>\n<meta name=\"twitter:label1\" content=\"Written by\" \/>\n\t<meta name=\"twitter:data1\" content=\"Kisha Orthodhokse\" \/>\n\t<meta name=\"twitter:label2\" content=\"Est. reading time\" \/>\n\t<meta name=\"twitter:data2\" content=\"1 minute\" \/>\n<script type=\"application\/ld+json\" class=\"yoast-schema-graph\">{\"@context\":\"https:\/\/schema.org\",\"@graph\":[{\"@type\":\"Article\",\"@id\":\"https:\/\/orthodoxalbania.org\/2020\/2017\/08\/31\/doli-ne-qarkullim-gazeta-ngjallja-e-muajit-gusht-2017\/#article\",\"isPartOf\":{\"@id\":\"https:\/\/orthodoxalbania.org\/2020\/2017\/08\/31\/doli-ne-qarkullim-gazeta-ngjallja-e-muajit-gusht-2017\/\"},\"author\":{\"name\":\"Kisha Orthodhokse\",\"@id\":\"https:\/\/orthodoxalbania.org\/2020\/#\/schema\/person\/0c387634a7063ac612d7ed9ce71c7e86\"},\"headline\":\"Doli n\u00eb qarkullim gazeta &#8220;Ngjallja&#8221; e muajit Gusht 2017\",\"datePublished\":\"2017-08-31T07:45:25+00:00\",\"dateModified\":\"2020-04-06T19:58:18+00:00\",\"mainEntityOfPage\":{\"@id\":\"https:\/\/orthodoxalbania.org\/2020\/2017\/08\/31\/doli-ne-qarkullim-gazeta-ngjallja-e-muajit-gusht-2017\/\"},\"wordCount\":204,\"commentCount\":0,\"publisher\":{\"@id\":\"https:\/\/orthodoxalbania.org\/2020\/#organization\"},\"image\":{\"@id\":\"https:\/\/orthodoxalbania.org\/2020\/2017\/08\/31\/doli-ne-qarkullim-gazeta-ngjallja-e-muajit-gusht-2017\/#primaryimage\"},\"thumbnailUrl\":\"https:\/\/orthodoxalbania.org\/2020\/wp-content\/uploads\/2020\/04\/gusht2017.JPG\",\"keywords\":[\"2017\",\"Gazeta \\\"Ngjallja\\\"\",\"Kryepiskopata Tiran\u00eb\",\"lajme\",\"PromovimePublikime\"],\"articleSection\":[\"Lajme\"],\"inLanguage\":\"en-US\"},{\"@type\":\"WebPage\",\"@id\":\"https:\/\/orthodoxalbania.org\/2020\/2017\/08\/31\/doli-ne-qarkullim-gazeta-ngjallja-e-muajit-gusht-2017\/\",\"url\":\"https:\/\/orthodoxalbania.org\/2020\/2017\/08\/31\/doli-ne-qarkullim-gazeta-ngjallja-e-muajit-gusht-2017\/\",\"name\":\"Doli n\u00eb qarkullim gazeta \\\"Ngjallja\\\" e muajit Gusht 2017 - Kisha Orthodh\u03bfkse Autoqefale e Shqip\u00ebris\u00eb\",\"isPartOf\":{\"@id\":\"https:\/\/orthodoxalbania.org\/2020\/#website\"},\"primaryImageOfPage\":{\"@id\":\"https:\/\/orthodoxalbania.org\/2020\/2017\/08\/31\/doli-ne-qarkullim-gazeta-ngjallja-e-muajit-gusht-2017\/#primaryimage\"},\"image\":{\"@id\":\"https:\/\/orthodoxalbania.org\/2020\/2017\/08\/31\/doli-ne-qarkullim-gazeta-ngjallja-e-muajit-gusht-2017\/#primaryimage\"},\"thumbnailUrl\":\"https:\/\/orthodoxalbania.org\/2020\/wp-content\/uploads\/2020\/04\/gusht2017.JPG\",\"datePublished\":\"2017-08-31T07:45:25+00:00\",\"dateModified\":\"2020-04-06T19:58:18+00:00\",\"breadcrumb\":{\"@id\":\"https:\/\/orthodoxalbania.org\/2020\/2017\/08\/31\/doli-ne-qarkullim-gazeta-ngjallja-e-muajit-gusht-2017\/#breadcrumb\"},\"inLanguage\":\"en-US\",\"potentialAction\":[{\"@type\":\"ReadAction\",\"target\":[\"https:\/\/orthodoxalbania.org\/2020\/2017\/08\/31\/doli-ne-qarkullim-gazeta-ngjallja-e-muajit-gusht-2017\/\"]}]},{\"@type\":\"ImageObject\",\"inLanguage\":\"en-US\",\"@id\":\"https:\/\/orthodoxalbania.org\/2020\/2017\/08\/31\/doli-ne-qarkullim-gazeta-ngjallja-e-muajit-gusht-2017\/#primaryimage\",\"url\":\"https:\/\/orthodoxalbania.org\/2020\/wp-content\/uploads\/2020\/04\/gusht2017.JPG\",\"contentUrl\":\"https:\/\/orthodoxalbania.org\/2020\/wp-content\/uploads\/2020\/04\/gusht2017.JPG\",\"width\":586,\"height\":774},{\"@type\":\"BreadcrumbList\",\"@id\":\"https:\/\/orthodoxalbania.org\/2020\/2017\/08\/31\/doli-ne-qarkullim-gazeta-ngjallja-e-muajit-gusht-2017\/#breadcrumb\",\"itemListElement\":[{\"@type\":\"ListItem\",\"position\":1,\"name\":\"Home\",\"item\":\"https:\/\/orthodoxalbania.org\/2020\/\"},{\"@type\":\"ListItem\",\"position\":2,\"name\":\"Doli n\u00eb qarkullim gazeta &#8220;Ngjallja&#8221; e muajit Gusht 2017\"}]},{\"@type\":\"WebSite\",\"@id\":\"https:\/\/orthodoxalbania.org\/2020\/#website\",\"url\":\"https:\/\/orthodoxalbania.org\/2020\/\",\"name\":\"Kisha Orthodh\u03bfkse Autoqefale e Shqip\u00ebris\u00eb\",\"description\":\"Fqja Zyrtare e Kish\u00ebs Orthodhokse Autoqefale e Shqip\u00ebris\u00eb me lajmet edhe informacionet zyrtare p\u00ebr struktur\u00ebn edhe veprimtarin e saj.\",\"publisher\":{\"@id\":\"https:\/\/orthodoxalbania.org\/2020\/#organization\"},\"potentialAction\":[{\"@type\":\"SearchAction\",\"target\":{\"@type\":\"EntryPoint\",\"urlTemplate\":\"https:\/\/orthodoxalbania.org\/2020\/?s={search_term_string}\"},\"query-input\":{\"@type\":\"PropertyValueSpecification\",\"valueRequired\":true,\"valueName\":\"search_term_string\"}}],\"inLanguage\":\"en-US\"},{\"@type\":\"Organization\",\"@id\":\"https:\/\/orthodoxalbania.org\/2020\/#organization\",\"name\":\"Kisha Orthodhokse Autoqefale e Shqip\u00ebris\u00eb\",\"url\":\"https:\/\/orthodoxalbania.org\/2020\/\",\"logo\":{\"@type\":\"ImageObject\",\"inLanguage\":\"en-US\",\"@id\":\"https:\/\/orthodoxalbania.org\/2020\/#\/schema\/logo\/image\/\",\"url\":\"https:\/\/orthodoxalbania.org\/2020\/wp-content\/uploads\/2020\/05\/albania.jpeg\",\"contentUrl\":\"https:\/\/orthodoxalbania.org\/2020\/wp-content\/uploads\/2020\/05\/albania.jpeg\",\"width\":540,\"height\":540,\"caption\":\"Kisha Orthodhokse Autoqefale e Shqip\u00ebris\u00eb\"},\"image\":{\"@id\":\"https:\/\/orthodoxalbania.org\/2020\/#\/schema\/logo\/image\/\"},\"sameAs\":[\"https:\/\/www.facebook.com\/koash1991\"]},{\"@type\":\"Person\",\"@id\":\"https:\/\/orthodoxalbania.org\/2020\/#\/schema\/person\/0c387634a7063ac612d7ed9ce71c7e86\",\"name\":\"Kisha Orthodhokse\",\"image\":{\"@type\":\"ImageObject\",\"inLanguage\":\"en-US\",\"@id\":\"https:\/\/secure.gravatar.com\/avatar\/596e7c417251e30f2fbb9c00e026fce61a695a00e51c889caded71c96cbbdde5?s=96&d=mm&r=g\",\"url\":\"https:\/\/secure.gravatar.com\/avatar\/596e7c417251e30f2fbb9c00e026fce61a695a00e51c889caded71c96cbbdde5?s=96&d=mm&r=g\",\"contentUrl\":\"https:\/\/secure.gravatar.com\/avatar\/596e7c417251e30f2fbb9c00e026fce61a695a00e51c889caded71c96cbbdde5?s=96&d=mm&r=g\",\"caption\":\"Kisha Orthodhokse\"}}]}<\/script>\n<!-- \/ Yoast SEO plugin. -->","yoast_head_json":{"title":"Doli n\u00eb qarkullim gazeta \"Ngjallja\" e muajit Gusht 2017 - Kisha Orthodh\u03bfkse Autoqefale e Shqip\u00ebris\u00eb","robots":{"index":"index","follow":"follow","max-snippet":"max-snippet:-1","max-image-preview":"max-image-preview:large","max-video-preview":"max-video-preview:-1"},"canonical":"https:\/\/orthodoxalbania.org\/2020\/2017\/08\/31\/doli-ne-qarkullim-gazeta-ngjallja-e-muajit-gusht-2017\/","og_locale":"en_US","og_type":"article","og_title":"Doli n\u00eb qarkullim gazeta \"Ngjallja\" e muajit Gusht 2017 - Kisha Orthodh\u03bfkse Autoqefale e Shqip\u00ebris\u00eb","og_description":"Doli n\u00eb qarkullim gazeta &#8220;Ngjallja&#8221; e muajit Gusht 2017 &nbsp; N\u00eb k\u00ebt\u00eb num\u00ebr do t\u00eb lexoni: &nbsp; &#8211; Liturgji Hyjnore festive me rastin e 2 Gushtit &#8211; U kremtua me g\u00ebzim e madh\u00ebshti 25-vjetori i zgjedhjes dhe fron\u00ebzimit t\u00eb Kryepiskopit Anastas n\u00eb krye t\u00eb Kish\u00ebs son\u00eb &#8211; &#8211; 25 vjet m\u00eb par\u00eb &#8211; K\u00ebrkes\u00eb e K\u00ebshillit t\u00eb P\u00ebrgjithsh\u00ebm Kishtar p\u00ebr zgjedhjen e Imzot Anastasit n\u00eb","og_url":"https:\/\/orthodoxalbania.org\/2020\/2017\/08\/31\/doli-ne-qarkullim-gazeta-ngjallja-e-muajit-gusht-2017\/","og_site_name":"Kisha Orthodh\u03bfkse Autoqefale e Shqip\u00ebris\u00eb","article_publisher":"https:\/\/www.facebook.com\/koash1991","article_published_time":"2017-08-31T07:45:25+00:00","article_modified_time":"2020-04-06T19:58:18+00:00","og_image":[{"width":586,"height":774,"url":"https:\/\/orthodoxalbania.org\/2020\/wp-content\/uploads\/2020\/04\/gusht2017.JPG","type":"image\/jpeg"}],"author":"Kisha Orthodhokse","twitter_card":"summary_large_image","twitter_misc":{"Written by":"Kisha Orthodhokse","Est. reading time":"1 minute"},"schema":{"@context":"https:\/\/schema.org","@graph":[{"@type":"Article","@id":"https:\/\/orthodoxalbania.org\/2020\/2017\/08\/31\/doli-ne-qarkullim-gazeta-ngjallja-e-muajit-gusht-2017\/#article","isPartOf":{"@id":"https:\/\/orthodoxalbania.org\/2020\/2017\/08\/31\/doli-ne-qarkullim-gazeta-ngjallja-e-muajit-gusht-2017\/"},"author":{"name":"Kisha Orthodhokse","@id":"https:\/\/orthodoxalbania.org\/2020\/#\/schema\/person\/0c387634a7063ac612d7ed9ce71c7e86"},"headline":"Doli n\u00eb qarkullim gazeta &#8220;Ngjallja&#8221; e muajit Gusht 2017","datePublished":"2017-08-31T07:45:25+00:00","dateModified":"2020-04-06T19:58:18+00:00","mainEntityOfPage":{"@id":"https:\/\/orthodoxalbania.org\/2020\/2017\/08\/31\/doli-ne-qarkullim-gazeta-ngjallja-e-muajit-gusht-2017\/"},"wordCount":204,"commentCount":0,"publisher":{"@id":"https:\/\/orthodoxalbania.org\/2020\/#organization"},"image":{"@id":"https:\/\/orthodoxalbania.org\/2020\/2017\/08\/31\/doli-ne-qarkullim-gazeta-ngjallja-e-muajit-gusht-2017\/#primaryimage"},"thumbnailUrl":"https:\/\/orthodoxalbania.org\/2020\/wp-content\/uploads\/2020\/04\/gusht2017.JPG","keywords":["2017","Gazeta \"Ngjallja\"","Kryepiskopata Tiran\u00eb","lajme","PromovimePublikime"],"articleSection":["Lajme"],"inLanguage":"en-US"},{"@type":"WebPage","@id":"https:\/\/orthodoxalbania.org\/2020\/2017\/08\/31\/doli-ne-qarkullim-gazeta-ngjallja-e-muajit-gusht-2017\/","url":"https:\/\/orthodoxalbania.org\/2020\/2017\/08\/31\/doli-ne-qarkullim-gazeta-ngjallja-e-muajit-gusht-2017\/","name":"Doli n\u00eb qarkullim gazeta \"Ngjallja\" e muajit Gusht 2017 - Kisha Orthodh\u03bfkse Autoqefale e Shqip\u00ebris\u00eb","isPartOf":{"@id":"https:\/\/orthodoxalbania.org\/2020\/#website"},"primaryImageOfPage":{"@id":"https:\/\/orthodoxalbania.org\/2020\/2017\/08\/31\/doli-ne-qarkullim-gazeta-ngjallja-e-muajit-gusht-2017\/#primaryimage"},"image":{"@id":"https:\/\/orthodoxalbania.org\/2020\/2017\/08\/31\/doli-ne-qarkullim-gazeta-ngjallja-e-muajit-gusht-2017\/#primaryimage"},"thumbnailUrl":"https:\/\/orthodoxalbania.org\/2020\/wp-content\/uploads\/2020\/04\/gusht2017.JPG","datePublished":"2017-08-31T07:45:25+00:00","dateModified":"2020-04-06T19:58:18+00:00","breadcrumb":{"@id":"https:\/\/orthodoxalbania.org\/2020\/2017\/08\/31\/doli-ne-qarkullim-gazeta-ngjallja-e-muajit-gusht-2017\/#breadcrumb"},"inLanguage":"en-US","potentialAction":[{"@type":"ReadAction","target":["https:\/\/orthodoxalbania.org\/2020\/2017\/08\/31\/doli-ne-qarkullim-gazeta-ngjallja-e-muajit-gusht-2017\/"]}]},{"@type":"ImageObject","inLanguage":"en-US","@id":"https:\/\/orthodoxalbania.org\/2020\/2017\/08\/31\/doli-ne-qarkullim-gazeta-ngjallja-e-muajit-gusht-2017\/#primaryimage","url":"https:\/\/orthodoxalbania.org\/2020\/wp-content\/uploads\/2020\/04\/gusht2017.JPG","contentUrl":"https:\/\/orthodoxalbania.org\/2020\/wp-content\/uploads\/2020\/04\/gusht2017.JPG","width":586,"height":774},{"@type":"BreadcrumbList","@id":"https:\/\/orthodoxalbania.org\/2020\/2017\/08\/31\/doli-ne-qarkullim-gazeta-ngjallja-e-muajit-gusht-2017\/#breadcrumb","itemListElement":[{"@type":"ListItem","position":1,"name":"Home","item":"https:\/\/orthodoxalbania.org\/2020\/"},{"@type":"ListItem","position":2,"name":"Doli n\u00eb qarkullim gazeta &#8220;Ngjallja&#8221; e muajit Gusht 2017"}]},{"@type":"WebSite","@id":"https:\/\/orthodoxalbania.org\/2020\/#website","url":"https:\/\/orthodoxalbania.org\/2020\/","name":"Kisha Orthodh\u03bfkse Autoqefale e Shqip\u00ebris\u00eb","description":"Fqja Zyrtare e Kish\u00ebs Orthodhokse Autoqefale e Shqip\u00ebris\u00eb me lajmet edhe informacionet zyrtare p\u00ebr struktur\u00ebn edhe veprimtarin e saj.","publisher":{"@id":"https:\/\/orthodoxalbania.org\/2020\/#organization"},"potentialAction":[{"@type":"SearchAction","target":{"@type":"EntryPoint","urlTemplate":"https:\/\/orthodoxalbania.org\/2020\/?s={search_term_string}"},"query-input":{"@type":"PropertyValueSpecification","valueRequired":true,"valueName":"search_term_string"}}],"inLanguage":"en-US"},{"@type":"Organization","@id":"https:\/\/orthodoxalbania.org\/2020\/#organization","name":"Kisha Orthodhokse Autoqefale e Shqip\u00ebris\u00eb","url":"https:\/\/orthodoxalbania.org\/2020\/","logo":{"@type":"ImageObject","inLanguage":"en-US","@id":"https:\/\/orthodoxalbania.org\/2020\/#\/schema\/logo\/image\/","url":"https:\/\/orthodoxalbania.org\/2020\/wp-content\/uploads\/2020\/05\/albania.jpeg","contentUrl":"https:\/\/orthodoxalbania.org\/2020\/wp-content\/uploads\/2020\/05\/albania.jpeg","width":540,"height":540,"caption":"Kisha Orthodhokse Autoqefale e Shqip\u00ebris\u00eb"},"image":{"@id":"https:\/\/orthodoxalbania.org\/2020\/#\/schema\/logo\/image\/"},"sameAs":["https:\/\/www.facebook.com\/koash1991"]},{"@type":"Person","@id":"https:\/\/orthodoxalbania.org\/2020\/#\/schema\/person\/0c387634a7063ac612d7ed9ce71c7e86","name":"Kisha Orthodhokse","image":{"@type":"ImageObject","inLanguage":"en-US","@id":"https:\/\/secure.gravatar.com\/avatar\/596e7c417251e30f2fbb9c00e026fce61a695a00e51c889caded71c96cbbdde5?s=96&d=mm&r=g","url":"https:\/\/secure.gravatar.com\/avatar\/596e7c417251e30f2fbb9c00e026fce61a695a00e51c889caded71c96cbbdde5?s=96&d=mm&r=g","contentUrl":"https:\/\/secure.gravatar.com\/avatar\/596e7c417251e30f2fbb9c00e026fce61a695a00e51c889caded71c96cbbdde5?s=96&d=mm&r=g","caption":"Kisha Orthodhokse"}}]}},"_links":{"self":[{"href":"https:\/\/orthodoxalbania.org\/2020\/wp-json\/wp\/v2\/posts\/5490","targetHints":{"allow":["GET"]}}],"collection":[{"href":"https:\/\/orthodoxalbania.org\/2020\/wp-json\/wp\/v2\/posts"}],"about":[{"href":"https:\/\/orthodoxalbania.org\/2020\/wp-json\/wp\/v2\/types\/post"}],"author":[{"embeddable":true,"href":"https:\/\/orthodoxalbania.org\/2020\/wp-json\/wp\/v2\/users\/1"}],"replies":[{"embeddable":true,"href":"https:\/\/orthodoxalbania.org\/2020\/wp-json\/wp\/v2\/comments?post=5490"}],"version-history":[{"count":1,"href":"https:\/\/orthodoxalbania.org\/2020\/wp-json\/wp\/v2\/posts\/5490\/revisions"}],"predecessor-version":[{"id":14297,"href":"https:\/\/orthodoxalbania.org\/2020\/wp-json\/wp\/v2\/posts\/5490\/revisions\/14297"}],"wp:featuredmedia":[{"embeddable":true,"href":"https:\/\/orthodoxalbania.org\/2020\/wp-json\/wp\/v2\/media\/5491"}],"wp:attachment":[{"href":"https:\/\/orthodoxalbania.org\/2020\/wp-json\/wp\/v2\/media?parent=5490"}],"wp:term":[{"taxonomy":"category","embeddable":true,"href":"https:\/\/orthodoxalbania.org\/2020\/wp-json\/wp\/v2\/categories?post=5490"},{"taxonomy":"post_tag","embeddable":true,"href":"https:\/\/orthodoxalbania.org\/2020\/wp-json\/wp\/v2\/tags?post=5490"}],"curies":[{"name":"wp","href":"https:\/\/api.w.org\/{rel}","templated":true}]}}