{"id":549,"date":"2013-03-21T09:04:20","date_gmt":"2013-03-21T09:04:20","guid":{"rendered":""},"modified":"2020-04-06T22:32:12","modified_gmt":"2020-04-06T20:32:12","slug":"festohet-me-solemnitet-6-janari-dita-e-ujit-te-bekuar","status":"publish","type":"post","link":"https:\/\/orthodoxalbania.org\/2020\/2013\/03\/21\/festohet-me-solemnitet-6-janari-dita-e-ujit-te-bekuar\/","title":{"rendered":"Festohet me solemnitet 6 janari, Dita e Ujit t\u00eb Bekuar. (Janar 2011)"},"content":{"rendered":"<p style=\"text-align: center;\">&nbsp;<\/p>\n<p><span style=\"color: #000000; font-family: helvetica; font-size: 12pt;\"><span id=\"cke_bm_365S\" style=\"display: none;\"><\/span><span style=\"display: none;\"><\/span><\/span><\/p>\n<div style=\"text-align: center;\"><span style=\"font-family: helvetica; font-size: 12pt;\"><\/span><\/div>\n<div style=\"text-align: justify;\"><span style=\"color: #000000; font-family: helvetica; font-size: 12pt;\">&nbsp;&nbsp;&nbsp;<span class=\"style13\"> Mij\u00ebra qytetar\u00eb kan\u00eb marr\u00eb pjes\u00eb n\u00eb festimet e 6 janarit, n\u00eb k\u00ebt\u00eb dit\u00eb kur e gjith\u00eb natyra shenjt\u00ebrohet me Pag\u00ebzimin e Zotit Jisu Krisht. Dita e Ujit t\u00eb Bekuar \u00ebsht\u00eb festuar n\u00eb disa qytete t\u00eb vendit. Pas ceremonis\u00eb n\u00eb kish\u00eb e m\u00eb pas ecjes n\u00eb rrug\u00ebt e qytetit, kryqi \u00ebsht\u00eb hedhur n\u00eb uj\u00eb, p\u00ebr tu kapur nga besimtar\u00ebt n\u00eb Durr\u00ebs, Berat, Vlor\u00eb, Gjirokast\u00ebr, Pogradec si dhe qytete e zona q\u00eb rrethohen nga uj\u00ebrat e detit ose lumenjve.<\/span><\/span><\/div>\n<div style=\"text-align: justify;\"><span style=\"color: #000000; font-family: helvetica; font-size: 12pt;\"> <span class=\"style13\">&nbsp;&nbsp;&nbsp; N\u00eb Tiran\u00eb ceremonia \u00ebsht\u00eb kryesuar nga Kryepiskopi Anastas, i cili iu kujtoi shum\u00eb besimtar\u00ebve t\u00eb pranish\u00ebm n\u00eb k\u00ebt\u00eb ceremoni q\u00eb t\u00eb mbajn\u00eb Drit\u00ebn e Trinis\u00eb n\u00eb zemrat e tyre dhe ta shp\u00ebrndajn\u00eb n\u00eb ambientet ku jetojn\u00eb si shpres\u00eb p\u00ebr t\u00eb sotmen dhe t\u00eb ardhmen. Q\u00eb besimtar\u00ebt t\u00eb pajiseshin me uj\u00eb t\u00eb bekuar, rreth Katedrales ishin vendosur mbi 50 rubineta, t\u00eb cil\u00ebt q\u00ebndruan n\u00eb gatishm\u00ebri deri n\u00eb or\u00ebt e vona t\u00eb pasdites. Nd\u00ebrkoh\u00eb n\u00eb Elbasan, kryqi \u00ebsht\u00eb hedhur n\u00eb kompleksin e pishinave &#8220;AJEK\u201d dhe \u00ebsht\u00eb kapur p\u00ebr t\u00eb kat\u00ebrtin vit radhazi nga i riu, Julian Juli.<\/span><\/span><\/div>\n<div style=\"text-align: justify;\"><span style=\"color: #000000; font-family: helvetica; font-size: 12pt;\"> <span class=\"style13\"><span class=\"style13\"><span class=\"style13\"><img decoding=\"async\" class=\"lazyload HAa Eha\" style=\"height: 217px; width: 275px; border-width: 1px; border-style: solid; margin: 10px; float: right;\" alt=\"\" src=\"data:image\/gif;base64,R0lGODlhAQABAAAAACH5BAEKAAEALAAAAAABAAEAAAICTAEAOw==\" data-orig-src=\"https:\/\/lh3.googleusercontent.com\/-faCryyiOvHQ\/VAA0_SN0WuI\/AAAAAAAAB3Q\/cSiz9nVnD7Y\/w215-h170-no\/uji%2Bi%2Bbekuar%2Bne%2Belbasan.jpg\" \/><\/span><\/span>&nbsp;&nbsp;&nbsp; Kjo e kremte nisi q\u00eb n\u00eb dat\u00ebn 5 janar, kur kryhen Sh\u00ebrbesat e Or\u00ebve t\u00eb M\u00ebdha, Mbr\u00ebm\u00ebsores s\u00eb Madhe me Liturgjin\u00eb e Vasilit t\u00eb Madh si dhe t\u00eb Bekimit t\u00eb Madh t\u00eb Ujit, nd\u00ebrsa n\u00eb dat\u00ebn 6 u krye sh\u00ebrbesa e Liturgjis\u00eb s\u00eb Joan Gojartit. Mjaft qart\u00eb edhe Zoti predikoi domosdoshm\u00ebrin\u00eb e pag\u00ebzimit duke th\u00ebn\u00eb: \u201ckush t\u00eb besoj\u00eb dhe t\u00eb pag\u00ebzohet do t\u00eb shp\u00ebtoj\u00eb\u201d (Marku 16: 16). Edhe tek apostujt dha porosin\u00eb t\u00eb predikojn\u00eb ungjillin \u201cduke i pag\u00ebzuar n\u00eb emrin e Atit, Birit dhe Shpirtit t\u00eb Shenjt\u00eb\u201d (Marku 28: 19).<\/span><\/span><\/div>\n<div style=\"text-align: justify;\"><span style=\"color: #000000; font-family: helvetica; font-size: 12pt;\"> <span class=\"style13\">&nbsp;&nbsp;&nbsp; Dita e Pag\u00ebzimit t\u00eb Zotit ton\u00eb Jisu Krisht sh\u00ebnon edhe fillimin e misionit t\u00eb tij shp\u00ebtimtar. Kjo fest\u00eb quhet e drit\u00ebs sepse Per\u00ebndia \u00ebsht\u00eb drita dhe Ai u shfaq te njer\u00ebzit. Ai u shfaq duke zbuluar misterin e Trinis\u00eb s\u00eb Shenjt\u00eb. Ati d\u00ebshmoi se Jisui nuk \u00ebsht\u00eb njeri i thjesht\u00eb, por Per\u00ebndi-njeri, ku n\u00eb personin e Jisuit u bashkua natyra hyjnore me at\u00eb njer\u00ebzore.<\/span><\/span><\/div>\n<div style=\"text-align: justify;\"><span style=\"color: #000000; font-family: helvetica; font-size: 12pt;\"> <span class=\"style13\">&nbsp;&nbsp;&nbsp; Besimtar\u00ebt, t\u00eb mbledhur s\u00eb bashku p\u00ebr t\u00eb adhuruar Per\u00ebndin\u00eb, por edhe p\u00ebr t\u00eb ndar\u00eb mesazhet e k\u00ebsaj t\u00eb kremteje q\u00eb i jep vet\u00eb sh\u00ebrbesa e bekimit t\u00eb ujit ose si\u00e7 quhet ndryshe edhe Ajazma e Madhe, krijuan nj\u00eb atmosfer\u00eb t\u00eb v\u00ebrtet\u00eb festive.<\/span><\/span><\/div>\n<div style=\"text-align: justify;\"><span style=\"font-family: helvetica; font-size: 12pt;\"><\/span><\/div>\n<div style=\"text-align: justify;\"><span style=\"font-family: helvetica; font-size: 12pt;\"><\/span><\/div>\n<div class=\"style13\" style=\"text-align: right;\"><span style=\"color: #000000; font-family: helvetica; font-size: 12pt;\"><strong>Isidor Koti<\/strong><\/span><\/div>\n<div class=\"style14\" style=\"text-align: justify;\"><span style=\"color: #000000; font-family: helvetica; font-size: 12pt;\"><\/span><\/div>\n<p><span style=\"color: #000000; font-family: helvetica; font-size: 12pt;\"><span style=\"display: none;\"><\/span><span id=\"cke_bm_365E\" style=\"display: none;\"><\/span><\/span><\/p>\n","protected":false},"excerpt":{"rendered":"<p>&nbsp; &nbsp;&nbsp;&nbsp; Mij\u00ebra qytetar\u00eb kan\u00eb marr\u00eb pjes\u00eb n\u00eb festimet e 6 janarit, n\u00eb k\u00ebt\u00eb dit\u00eb kur e gjith\u00eb natyra shenjt\u00ebrohet me Pag\u00ebzimin e Zotit Jisu Krisht. Dita e Ujit t\u00eb Bekuar \u00ebsht\u00eb festuar n\u00eb disa qytete t\u00eb vendit. Pas ceremonis\u00eb n\u00eb kish\u00eb e m\u00eb pas ecjes n\u00eb rrug\u00ebt e qytetit, kryqi \u00ebsht\u00eb hedhur n\u00eb uj\u00eb, p\u00ebr tu kapur nga besimtar\u00ebt n\u00eb Durr\u00ebs, Berat, Vlor\u00eb, Gjirokast\u00ebr,<\/p>\n","protected":false},"author":1,"featured_media":0,"comment_status":"open","ping_status":"open","sticky":false,"template":"","format":"standard","meta":{"_acf_changed":false,"pagelayer_contact_templates":[],"_pagelayer_content":"","inline_featured_image":false,"fifu_image_url":"","fifu_image_alt":"","footnotes":""},"categories":[108],"tags":[143,157,196,201,212,193],"class_list":["post-549","post","type-post","status-publish","format-standard","hentry","category-lajme","tag-143","tag-kremtime","tag-tirane","tag-kryepiskopi-anastas","tag-lajme-d27","tag-uji-i-bekuar"],"acf":[],"yoast_head":"<!-- This site is optimized with the Yoast SEO plugin v27.2 - https:\/\/yoast.com\/product\/yoast-seo-wordpress\/ -->\n<title>Festohet me solemnitet 6 janari, Dita e Ujit t\u00eb Bekuar. (Janar 2011) - Kisha Orthodh\u03bfkse Autoqefale e Shqip\u00ebris\u00eb<\/title>\n<meta name=\"robots\" content=\"index, follow, max-snippet:-1, max-image-preview:large, max-video-preview:-1\" \/>\n<link rel=\"canonical\" href=\"https:\/\/orthodoxalbania.org\/2020\/2013\/03\/21\/festohet-me-solemnitet-6-janari-dita-e-ujit-te-bekuar\/\" \/>\n<meta property=\"og:locale\" content=\"en_US\" \/>\n<meta property=\"og:type\" content=\"article\" \/>\n<meta property=\"og:title\" content=\"Festohet me solemnitet 6 janari, Dita e Ujit t\u00eb Bekuar. (Janar 2011) - Kisha Orthodh\u03bfkse Autoqefale e Shqip\u00ebris\u00eb\" \/>\n<meta property=\"og:description\" content=\"&nbsp; &nbsp;&nbsp;&nbsp; Mij\u00ebra qytetar\u00eb kan\u00eb marr\u00eb pjes\u00eb n\u00eb festimet e 6 janarit, n\u00eb k\u00ebt\u00eb dit\u00eb kur e gjith\u00eb natyra shenjt\u00ebrohet me Pag\u00ebzimin e Zotit Jisu Krisht. Dita e Ujit t\u00eb Bekuar \u00ebsht\u00eb festuar n\u00eb disa qytete t\u00eb vendit. Pas ceremonis\u00eb n\u00eb kish\u00eb e m\u00eb pas ecjes n\u00eb rrug\u00ebt e qytetit, kryqi \u00ebsht\u00eb hedhur n\u00eb uj\u00eb, p\u00ebr tu kapur nga besimtar\u00ebt n\u00eb Durr\u00ebs, Berat, Vlor\u00eb, Gjirokast\u00ebr,\" \/>\n<meta property=\"og:url\" content=\"https:\/\/orthodoxalbania.org\/2020\/2013\/03\/21\/festohet-me-solemnitet-6-janari-dita-e-ujit-te-bekuar\/\" \/>\n<meta property=\"og:site_name\" content=\"Kisha Orthodh\u03bfkse Autoqefale e Shqip\u00ebris\u00eb\" \/>\n<meta property=\"article:publisher\" content=\"https:\/\/www.facebook.com\/koash1991\" \/>\n<meta property=\"article:published_time\" content=\"2013-03-21T09:04:20+00:00\" \/>\n<meta property=\"article:modified_time\" content=\"2020-04-06T20:32:12+00:00\" \/>\n<meta property=\"og:image\" content=\"https:\/\/lh3.googleusercontent.com\/-faCryyiOvHQ\/VAA0_SN0WuI\/AAAAAAAAB3Q\/cSiz9nVnD7Y\/w215-h170-no\/uji%2Bi%2Bbekuar%2Bne%2Belbasan.jpg\" \/>\n<meta name=\"author\" content=\"Kisha Orthodhokse\" \/>\n<meta name=\"twitter:card\" content=\"summary_large_image\" \/>\n<meta name=\"twitter:label1\" content=\"Written by\" \/>\n\t<meta name=\"twitter:data1\" content=\"Kisha Orthodhokse\" \/>\n\t<meta name=\"twitter:label2\" content=\"Est. reading time\" \/>\n\t<meta name=\"twitter:data2\" content=\"2 minutes\" \/>\n<script type=\"application\/ld+json\" class=\"yoast-schema-graph\">{\"@context\":\"https:\/\/schema.org\",\"@graph\":[{\"@type\":\"Article\",\"@id\":\"https:\/\/orthodoxalbania.org\/2020\/2013\/03\/21\/festohet-me-solemnitet-6-janari-dita-e-ujit-te-bekuar\/#article\",\"isPartOf\":{\"@id\":\"https:\/\/orthodoxalbania.org\/2020\/2013\/03\/21\/festohet-me-solemnitet-6-janari-dita-e-ujit-te-bekuar\/\"},\"author\":{\"name\":\"Kisha Orthodhokse\",\"@id\":\"https:\/\/orthodoxalbania.org\/2020\/#\/schema\/person\/0c387634a7063ac612d7ed9ce71c7e86\"},\"headline\":\"Festohet me solemnitet 6 janari, Dita e Ujit t\u00eb Bekuar. (Janar 2011)\",\"datePublished\":\"2013-03-21T09:04:20+00:00\",\"dateModified\":\"2020-04-06T20:32:12+00:00\",\"mainEntityOfPage\":{\"@id\":\"https:\/\/orthodoxalbania.org\/2020\/2013\/03\/21\/festohet-me-solemnitet-6-janari-dita-e-ujit-te-bekuar\/\"},\"wordCount\":443,\"commentCount\":0,\"publisher\":{\"@id\":\"https:\/\/orthodoxalbania.org\/2020\/#organization\"},\"image\":{\"@id\":\"https:\/\/orthodoxalbania.org\/2020\/2013\/03\/21\/festohet-me-solemnitet-6-janari-dita-e-ujit-te-bekuar\/#primaryimage\"},\"thumbnailUrl\":\"https:\/\/lh3.googleusercontent.com\/-faCryyiOvHQ\/VAA0_SN0WuI\/AAAAAAAAB3Q\/cSiz9nVnD7Y\/w215-h170-no\/uji%2Bi%2Bbekuar%2Bne%2Belbasan.jpg\",\"keywords\":[\"2011\",\"Kremtime\",\"Kryepiskopata Tiran\u00eb\",\"Kryepiskopi Anastas\",\"lajme\",\"Uji i Bekuar\"],\"articleSection\":[\"Lajme\"],\"inLanguage\":\"en-US\"},{\"@type\":\"WebPage\",\"@id\":\"https:\/\/orthodoxalbania.org\/2020\/2013\/03\/21\/festohet-me-solemnitet-6-janari-dita-e-ujit-te-bekuar\/\",\"url\":\"https:\/\/orthodoxalbania.org\/2020\/2013\/03\/21\/festohet-me-solemnitet-6-janari-dita-e-ujit-te-bekuar\/\",\"name\":\"Festohet me solemnitet 6 janari, Dita e Ujit t\u00eb Bekuar. (Janar 2011) - Kisha Orthodh\u03bfkse Autoqefale e Shqip\u00ebris\u00eb\",\"isPartOf\":{\"@id\":\"https:\/\/orthodoxalbania.org\/2020\/#website\"},\"primaryImageOfPage\":{\"@id\":\"https:\/\/orthodoxalbania.org\/2020\/2013\/03\/21\/festohet-me-solemnitet-6-janari-dita-e-ujit-te-bekuar\/#primaryimage\"},\"image\":{\"@id\":\"https:\/\/orthodoxalbania.org\/2020\/2013\/03\/21\/festohet-me-solemnitet-6-janari-dita-e-ujit-te-bekuar\/#primaryimage\"},\"thumbnailUrl\":\"https:\/\/lh3.googleusercontent.com\/-faCryyiOvHQ\/VAA0_SN0WuI\/AAAAAAAAB3Q\/cSiz9nVnD7Y\/w215-h170-no\/uji%2Bi%2Bbekuar%2Bne%2Belbasan.jpg\",\"datePublished\":\"2013-03-21T09:04:20+00:00\",\"dateModified\":\"2020-04-06T20:32:12+00:00\",\"breadcrumb\":{\"@id\":\"https:\/\/orthodoxalbania.org\/2020\/2013\/03\/21\/festohet-me-solemnitet-6-janari-dita-e-ujit-te-bekuar\/#breadcrumb\"},\"inLanguage\":\"en-US\",\"potentialAction\":[{\"@type\":\"ReadAction\",\"target\":[\"https:\/\/orthodoxalbania.org\/2020\/2013\/03\/21\/festohet-me-solemnitet-6-janari-dita-e-ujit-te-bekuar\/\"]}]},{\"@type\":\"ImageObject\",\"inLanguage\":\"en-US\",\"@id\":\"https:\/\/orthodoxalbania.org\/2020\/2013\/03\/21\/festohet-me-solemnitet-6-janari-dita-e-ujit-te-bekuar\/#primaryimage\",\"url\":\"https:\/\/lh3.googleusercontent.com\/-faCryyiOvHQ\/VAA0_SN0WuI\/AAAAAAAAB3Q\/cSiz9nVnD7Y\/w215-h170-no\/uji%2Bi%2Bbekuar%2Bne%2Belbasan.jpg\",\"contentUrl\":\"https:\/\/lh3.googleusercontent.com\/-faCryyiOvHQ\/VAA0_SN0WuI\/AAAAAAAAB3Q\/cSiz9nVnD7Y\/w215-h170-no\/uji%2Bi%2Bbekuar%2Bne%2Belbasan.jpg\"},{\"@type\":\"BreadcrumbList\",\"@id\":\"https:\/\/orthodoxalbania.org\/2020\/2013\/03\/21\/festohet-me-solemnitet-6-janari-dita-e-ujit-te-bekuar\/#breadcrumb\",\"itemListElement\":[{\"@type\":\"ListItem\",\"position\":1,\"name\":\"Home\",\"item\":\"https:\/\/orthodoxalbania.org\/2020\/\"},{\"@type\":\"ListItem\",\"position\":2,\"name\":\"Festohet me solemnitet 6 janari, Dita e Ujit t\u00eb Bekuar. (Janar 2011)\"}]},{\"@type\":\"WebSite\",\"@id\":\"https:\/\/orthodoxalbania.org\/2020\/#website\",\"url\":\"https:\/\/orthodoxalbania.org\/2020\/\",\"name\":\"Kisha Orthodh\u03bfkse Autoqefale e Shqip\u00ebris\u00eb\",\"description\":\"Fqja Zyrtare e Kish\u00ebs Orthodhokse Autoqefale e Shqip\u00ebris\u00eb me lajmet edhe informacionet zyrtare p\u00ebr struktur\u00ebn edhe veprimtarin e saj.\",\"publisher\":{\"@id\":\"https:\/\/orthodoxalbania.org\/2020\/#organization\"},\"potentialAction\":[{\"@type\":\"SearchAction\",\"target\":{\"@type\":\"EntryPoint\",\"urlTemplate\":\"https:\/\/orthodoxalbania.org\/2020\/?s={search_term_string}\"},\"query-input\":{\"@type\":\"PropertyValueSpecification\",\"valueRequired\":true,\"valueName\":\"search_term_string\"}}],\"inLanguage\":\"en-US\"},{\"@type\":\"Organization\",\"@id\":\"https:\/\/orthodoxalbania.org\/2020\/#organization\",\"name\":\"Kisha Orthodhokse Autoqefale e Shqip\u00ebris\u00eb\",\"url\":\"https:\/\/orthodoxalbania.org\/2020\/\",\"logo\":{\"@type\":\"ImageObject\",\"inLanguage\":\"en-US\",\"@id\":\"https:\/\/orthodoxalbania.org\/2020\/#\/schema\/logo\/image\/\",\"url\":\"https:\/\/orthodoxalbania.org\/2020\/wp-content\/uploads\/2020\/05\/albania.jpeg\",\"contentUrl\":\"https:\/\/orthodoxalbania.org\/2020\/wp-content\/uploads\/2020\/05\/albania.jpeg\",\"width\":540,\"height\":540,\"caption\":\"Kisha Orthodhokse Autoqefale e Shqip\u00ebris\u00eb\"},\"image\":{\"@id\":\"https:\/\/orthodoxalbania.org\/2020\/#\/schema\/logo\/image\/\"},\"sameAs\":[\"https:\/\/www.facebook.com\/koash1991\"]},{\"@type\":\"Person\",\"@id\":\"https:\/\/orthodoxalbania.org\/2020\/#\/schema\/person\/0c387634a7063ac612d7ed9ce71c7e86\",\"name\":\"Kisha Orthodhokse\",\"image\":{\"@type\":\"ImageObject\",\"inLanguage\":\"en-US\",\"@id\":\"https:\/\/secure.gravatar.com\/avatar\/596e7c417251e30f2fbb9c00e026fce61a695a00e51c889caded71c96cbbdde5?s=96&d=mm&r=g\",\"url\":\"https:\/\/secure.gravatar.com\/avatar\/596e7c417251e30f2fbb9c00e026fce61a695a00e51c889caded71c96cbbdde5?s=96&d=mm&r=g\",\"contentUrl\":\"https:\/\/secure.gravatar.com\/avatar\/596e7c417251e30f2fbb9c00e026fce61a695a00e51c889caded71c96cbbdde5?s=96&d=mm&r=g\",\"caption\":\"Kisha Orthodhokse\"}}]}<\/script>\n<!-- \/ Yoast SEO plugin. -->","yoast_head_json":{"title":"Festohet me solemnitet 6 janari, Dita e Ujit t\u00eb Bekuar. (Janar 2011) - Kisha Orthodh\u03bfkse Autoqefale e Shqip\u00ebris\u00eb","robots":{"index":"index","follow":"follow","max-snippet":"max-snippet:-1","max-image-preview":"max-image-preview:large","max-video-preview":"max-video-preview:-1"},"canonical":"https:\/\/orthodoxalbania.org\/2020\/2013\/03\/21\/festohet-me-solemnitet-6-janari-dita-e-ujit-te-bekuar\/","og_locale":"en_US","og_type":"article","og_title":"Festohet me solemnitet 6 janari, Dita e Ujit t\u00eb Bekuar. (Janar 2011) - Kisha Orthodh\u03bfkse Autoqefale e Shqip\u00ebris\u00eb","og_description":"&nbsp; &nbsp;&nbsp;&nbsp; Mij\u00ebra qytetar\u00eb kan\u00eb marr\u00eb pjes\u00eb n\u00eb festimet e 6 janarit, n\u00eb k\u00ebt\u00eb dit\u00eb kur e gjith\u00eb natyra shenjt\u00ebrohet me Pag\u00ebzimin e Zotit Jisu Krisht. Dita e Ujit t\u00eb Bekuar \u00ebsht\u00eb festuar n\u00eb disa qytete t\u00eb vendit. Pas ceremonis\u00eb n\u00eb kish\u00eb e m\u00eb pas ecjes n\u00eb rrug\u00ebt e qytetit, kryqi \u00ebsht\u00eb hedhur n\u00eb uj\u00eb, p\u00ebr tu kapur nga besimtar\u00ebt n\u00eb Durr\u00ebs, Berat, Vlor\u00eb, Gjirokast\u00ebr,","og_url":"https:\/\/orthodoxalbania.org\/2020\/2013\/03\/21\/festohet-me-solemnitet-6-janari-dita-e-ujit-te-bekuar\/","og_site_name":"Kisha Orthodh\u03bfkse Autoqefale e Shqip\u00ebris\u00eb","article_publisher":"https:\/\/www.facebook.com\/koash1991","article_published_time":"2013-03-21T09:04:20+00:00","article_modified_time":"2020-04-06T20:32:12+00:00","og_image":[{"url":"https:\/\/lh3.googleusercontent.com\/-faCryyiOvHQ\/VAA0_SN0WuI\/AAAAAAAAB3Q\/cSiz9nVnD7Y\/w215-h170-no\/uji%2Bi%2Bbekuar%2Bne%2Belbasan.jpg","type":"","width":"","height":""}],"author":"Kisha Orthodhokse","twitter_card":"summary_large_image","twitter_misc":{"Written by":"Kisha Orthodhokse","Est. reading time":"2 minutes"},"schema":{"@context":"https:\/\/schema.org","@graph":[{"@type":"Article","@id":"https:\/\/orthodoxalbania.org\/2020\/2013\/03\/21\/festohet-me-solemnitet-6-janari-dita-e-ujit-te-bekuar\/#article","isPartOf":{"@id":"https:\/\/orthodoxalbania.org\/2020\/2013\/03\/21\/festohet-me-solemnitet-6-janari-dita-e-ujit-te-bekuar\/"},"author":{"name":"Kisha Orthodhokse","@id":"https:\/\/orthodoxalbania.org\/2020\/#\/schema\/person\/0c387634a7063ac612d7ed9ce71c7e86"},"headline":"Festohet me solemnitet 6 janari, Dita e Ujit t\u00eb Bekuar. (Janar 2011)","datePublished":"2013-03-21T09:04:20+00:00","dateModified":"2020-04-06T20:32:12+00:00","mainEntityOfPage":{"@id":"https:\/\/orthodoxalbania.org\/2020\/2013\/03\/21\/festohet-me-solemnitet-6-janari-dita-e-ujit-te-bekuar\/"},"wordCount":443,"commentCount":0,"publisher":{"@id":"https:\/\/orthodoxalbania.org\/2020\/#organization"},"image":{"@id":"https:\/\/orthodoxalbania.org\/2020\/2013\/03\/21\/festohet-me-solemnitet-6-janari-dita-e-ujit-te-bekuar\/#primaryimage"},"thumbnailUrl":"https:\/\/lh3.googleusercontent.com\/-faCryyiOvHQ\/VAA0_SN0WuI\/AAAAAAAAB3Q\/cSiz9nVnD7Y\/w215-h170-no\/uji%2Bi%2Bbekuar%2Bne%2Belbasan.jpg","keywords":["2011","Kremtime","Kryepiskopata Tiran\u00eb","Kryepiskopi Anastas","lajme","Uji i Bekuar"],"articleSection":["Lajme"],"inLanguage":"en-US"},{"@type":"WebPage","@id":"https:\/\/orthodoxalbania.org\/2020\/2013\/03\/21\/festohet-me-solemnitet-6-janari-dita-e-ujit-te-bekuar\/","url":"https:\/\/orthodoxalbania.org\/2020\/2013\/03\/21\/festohet-me-solemnitet-6-janari-dita-e-ujit-te-bekuar\/","name":"Festohet me solemnitet 6 janari, Dita e Ujit t\u00eb Bekuar. (Janar 2011) - Kisha Orthodh\u03bfkse Autoqefale e Shqip\u00ebris\u00eb","isPartOf":{"@id":"https:\/\/orthodoxalbania.org\/2020\/#website"},"primaryImageOfPage":{"@id":"https:\/\/orthodoxalbania.org\/2020\/2013\/03\/21\/festohet-me-solemnitet-6-janari-dita-e-ujit-te-bekuar\/#primaryimage"},"image":{"@id":"https:\/\/orthodoxalbania.org\/2020\/2013\/03\/21\/festohet-me-solemnitet-6-janari-dita-e-ujit-te-bekuar\/#primaryimage"},"thumbnailUrl":"https:\/\/lh3.googleusercontent.com\/-faCryyiOvHQ\/VAA0_SN0WuI\/AAAAAAAAB3Q\/cSiz9nVnD7Y\/w215-h170-no\/uji%2Bi%2Bbekuar%2Bne%2Belbasan.jpg","datePublished":"2013-03-21T09:04:20+00:00","dateModified":"2020-04-06T20:32:12+00:00","breadcrumb":{"@id":"https:\/\/orthodoxalbania.org\/2020\/2013\/03\/21\/festohet-me-solemnitet-6-janari-dita-e-ujit-te-bekuar\/#breadcrumb"},"inLanguage":"en-US","potentialAction":[{"@type":"ReadAction","target":["https:\/\/orthodoxalbania.org\/2020\/2013\/03\/21\/festohet-me-solemnitet-6-janari-dita-e-ujit-te-bekuar\/"]}]},{"@type":"ImageObject","inLanguage":"en-US","@id":"https:\/\/orthodoxalbania.org\/2020\/2013\/03\/21\/festohet-me-solemnitet-6-janari-dita-e-ujit-te-bekuar\/#primaryimage","url":"https:\/\/lh3.googleusercontent.com\/-faCryyiOvHQ\/VAA0_SN0WuI\/AAAAAAAAB3Q\/cSiz9nVnD7Y\/w215-h170-no\/uji%2Bi%2Bbekuar%2Bne%2Belbasan.jpg","contentUrl":"https:\/\/lh3.googleusercontent.com\/-faCryyiOvHQ\/VAA0_SN0WuI\/AAAAAAAAB3Q\/cSiz9nVnD7Y\/w215-h170-no\/uji%2Bi%2Bbekuar%2Bne%2Belbasan.jpg"},{"@type":"BreadcrumbList","@id":"https:\/\/orthodoxalbania.org\/2020\/2013\/03\/21\/festohet-me-solemnitet-6-janari-dita-e-ujit-te-bekuar\/#breadcrumb","itemListElement":[{"@type":"ListItem","position":1,"name":"Home","item":"https:\/\/orthodoxalbania.org\/2020\/"},{"@type":"ListItem","position":2,"name":"Festohet me solemnitet 6 janari, Dita e Ujit t\u00eb Bekuar. (Janar 2011)"}]},{"@type":"WebSite","@id":"https:\/\/orthodoxalbania.org\/2020\/#website","url":"https:\/\/orthodoxalbania.org\/2020\/","name":"Kisha Orthodh\u03bfkse Autoqefale e Shqip\u00ebris\u00eb","description":"Fqja Zyrtare e Kish\u00ebs Orthodhokse Autoqefale e Shqip\u00ebris\u00eb me lajmet edhe informacionet zyrtare p\u00ebr struktur\u00ebn edhe veprimtarin e saj.","publisher":{"@id":"https:\/\/orthodoxalbania.org\/2020\/#organization"},"potentialAction":[{"@type":"SearchAction","target":{"@type":"EntryPoint","urlTemplate":"https:\/\/orthodoxalbania.org\/2020\/?s={search_term_string}"},"query-input":{"@type":"PropertyValueSpecification","valueRequired":true,"valueName":"search_term_string"}}],"inLanguage":"en-US"},{"@type":"Organization","@id":"https:\/\/orthodoxalbania.org\/2020\/#organization","name":"Kisha Orthodhokse Autoqefale e Shqip\u00ebris\u00eb","url":"https:\/\/orthodoxalbania.org\/2020\/","logo":{"@type":"ImageObject","inLanguage":"en-US","@id":"https:\/\/orthodoxalbania.org\/2020\/#\/schema\/logo\/image\/","url":"https:\/\/orthodoxalbania.org\/2020\/wp-content\/uploads\/2020\/05\/albania.jpeg","contentUrl":"https:\/\/orthodoxalbania.org\/2020\/wp-content\/uploads\/2020\/05\/albania.jpeg","width":540,"height":540,"caption":"Kisha Orthodhokse Autoqefale e Shqip\u00ebris\u00eb"},"image":{"@id":"https:\/\/orthodoxalbania.org\/2020\/#\/schema\/logo\/image\/"},"sameAs":["https:\/\/www.facebook.com\/koash1991"]},{"@type":"Person","@id":"https:\/\/orthodoxalbania.org\/2020\/#\/schema\/person\/0c387634a7063ac612d7ed9ce71c7e86","name":"Kisha Orthodhokse","image":{"@type":"ImageObject","inLanguage":"en-US","@id":"https:\/\/secure.gravatar.com\/avatar\/596e7c417251e30f2fbb9c00e026fce61a695a00e51c889caded71c96cbbdde5?s=96&d=mm&r=g","url":"https:\/\/secure.gravatar.com\/avatar\/596e7c417251e30f2fbb9c00e026fce61a695a00e51c889caded71c96cbbdde5?s=96&d=mm&r=g","contentUrl":"https:\/\/secure.gravatar.com\/avatar\/596e7c417251e30f2fbb9c00e026fce61a695a00e51c889caded71c96cbbdde5?s=96&d=mm&r=g","caption":"Kisha Orthodhokse"}}]}},"_links":{"self":[{"href":"https:\/\/orthodoxalbania.org\/2020\/wp-json\/wp\/v2\/posts\/549","targetHints":{"allow":["GET"]}}],"collection":[{"href":"https:\/\/orthodoxalbania.org\/2020\/wp-json\/wp\/v2\/posts"}],"about":[{"href":"https:\/\/orthodoxalbania.org\/2020\/wp-json\/wp\/v2\/types\/post"}],"author":[{"embeddable":true,"href":"https:\/\/orthodoxalbania.org\/2020\/wp-json\/wp\/v2\/users\/1"}],"replies":[{"embeddable":true,"href":"https:\/\/orthodoxalbania.org\/2020\/wp-json\/wp\/v2\/comments?post=549"}],"version-history":[{"count":1,"href":"https:\/\/orthodoxalbania.org\/2020\/wp-json\/wp\/v2\/posts\/549\/revisions"}],"predecessor-version":[{"id":15427,"href":"https:\/\/orthodoxalbania.org\/2020\/wp-json\/wp\/v2\/posts\/549\/revisions\/15427"}],"wp:attachment":[{"href":"https:\/\/orthodoxalbania.org\/2020\/wp-json\/wp\/v2\/media?parent=549"}],"wp:term":[{"taxonomy":"category","embeddable":true,"href":"https:\/\/orthodoxalbania.org\/2020\/wp-json\/wp\/v2\/categories?post=549"},{"taxonomy":"post_tag","embeddable":true,"href":"https:\/\/orthodoxalbania.org\/2020\/wp-json\/wp\/v2\/tags?post=549"}],"curies":[{"name":"wp","href":"https:\/\/api.w.org\/{rel}","templated":true}]}}