{"id":5486,"date":"2017-08-27T19:30:15","date_gmt":"2017-08-27T19:30:15","guid":{"rendered":""},"modified":"2020-04-06T21:58:18","modified_gmt":"2020-04-06T19:58:18","slug":"pergenjeshtrim-2","status":"publish","type":"post","link":"https:\/\/orthodoxalbania.org\/2020\/2017\/08\/27\/pergenjeshtrim-2\/","title":{"rendered":"P\u00ebrg\u00ebnjeshtrim ndaj akuzave absurde t\u00eb Nikolla Markut"},"content":{"rendered":"<p style=\"text-align: justify;\"><span style=\"color: #000000; font-family: arial, helvetica, sans-serif; font-size: 12pt;\">&nbsp; &nbsp;<img class=\"lazyload\" decoding=\"async\" style=\"border: 1px solid #ffffff; margin: 10px; float: left;\" alt=\"\" src=\"data:image\/svg+xml,%3Csvg%20xmlns%3D%27http%3A%2F%2Fwww.w3.org%2F2000%2Fsvg%27%20width%3D%27300%27%20height%3D%27300%27%20viewBox%3D%270%200%20300%20300%27%3E%3Crect%20width%3D%27300%27%20height%3D%27300%27%20fill-opacity%3D%220%22%2F%3E%3C%2Fsvg%3E\" data-orig-src=\"https:\/\/orthodoxalbania.org\/2020\/wp-content\/uploads\/2020\/04\/kishakolla.jpg\" height=\"300\" width=\"300\" \/> Dit\u00ebn e djeshme dt. 26 gusht 2017 qarkulloi n\u00eb disa portale mediatike nj\u00eb intervist\u00eb &#8220;ekskluzive&#8221; me priftin e vet\u00ebshpallur t\u00eb kish\u00ebs s\u00eb Sh\u00ebn Maris\u00eb n\u00eb lagjen kala t\u00eb qytetit t\u00eb Elbasanit, Nikolla Marku, i cili ende mban t\u00eb uzurpuar k\u00ebt\u00eb kish\u00eb q\u00eb nga dita e zaptimit t\u00eb saj me dhun\u00eb.&nbsp;<\/span><\/p>\n<p style=\"text-align: justify;\"><span style=\"color: #000000; font-family: helvetica; font-size: 12pt;\">&nbsp; &nbsp; N\u00eb k\u00ebt\u00eb intervist\u00eb t\u00eb tij\u00ebn ai edhe nj\u00eb her\u00eb k\u00ebrkon t\u00eb t\u00ebrheq\u00eb vemendjen e opinionit publik duke heroizuar veten e tij me nj\u00eb tjet\u00ebr skenar fantazmagorik, sa djall\u00ebzor aq edhe qesharak, p\u00ebr gjoja p\u00ebrpjekjen nga ana e &#8220;kish\u00ebs greke&#8221; si\u00e7 shprehet ai, p\u00ebr helmimin e tij.&nbsp;<\/span><\/p>\n<p style=\"text-align: justify;\"><span style=\"color: #000000; font-family: helvetica; font-size: 12pt;\">&nbsp; &nbsp; Deklarata t\u00eb tilla t\u00eb p\u00ebr\u00e7arta sigurisht q\u00eb nuk mund t\u00eb mall\u00ebngjejn\u00eb ask\u00ebnd q\u00eb tashm\u00eb e di shum\u00eb mir\u00eb se kush ka qen\u00eb dhe mbetet gjat\u00eb gjith\u00eb k\u00ebtyre viteve q\u00ebllimi i marionet\u00ebs Nikolla Marku: p\u00ebrbaltja e vepr\u00ebs madh\u00ebshtore dhe historike e ringritjes dhe rivitalizimit t\u00eb Kish\u00ebs Orthodhokse Autoqefale t\u00eb Shqip\u00ebrsi\u00eb gjat\u00eb k\u00ebtyre 25 vjet\u00ebve. <\/span><\/p>\n<p style=\"text-align: justify;\"><span style=\"color: #000000;\"><span style=\"font-family: helvetica; font-size: 12pt;\"><\/span><span style=\"font-family: helvetica; font-size: 12pt;\">&nbsp; &nbsp; Gjithashtu, ata q\u00eb ndodhen pas Nikolla Markut me deklarata dhe veprime t\u00eb tilla jan\u00eb p\u00ebrpjekur vazhdimisht t\u00eb nxisin p\u00ebr\u00e7arje brenda komunitetit orthodhoks dhe nd\u00ebrmjet komuniteteve fetare n\u00eb vend, si dhe urrejtje ndaj popujve dhe vendeve tan\u00eb fqinj.<\/span><\/span><\/p>\n<p style=\"text-align: justify;\"><span style=\"color: #000000; font-family: helvetica; font-size: 12pt;\">&nbsp; &nbsp; Kjo p\u00ebrpjekje e d\u00ebshtuar tashm\u00eb po shkon drejt p\u00ebrfundimit, nd\u00ebrkoh\u00eb q\u00eb sot n\u00eb krye t\u00eb Mitropolis\u00eb s\u00eb Elbasanit, Shpatit dhe Librazhdit \u00ebsht\u00eb nj\u00eb mitropolit shqiptar, si\u00e7 jan\u00eb edhe n\u00eb Mitropoli t\u00eb tjera dhe n\u00eb funksione t\u00eb r\u00ebnd\u00ebsishme, bashk\u00eb me 157 klerik\u00eb shtetas shqiptar\u00eb n\u00eb gjith\u00eb gjith\u00eb vendin, por k\u00ebto fakte duksh\u00ebm, Nikolla dhe ata q\u00eb jan\u00eb pas tij nuk duan t\u2019i shohin e as t\u2019i vler\u00ebsojn\u00eb.<\/span><\/p>\n<p style=\"text-align: justify;\">&nbsp;<\/p>\n<p style=\"text-align: justify;\"><span style=\"color: #000000;\"><\/span><\/p>\n<p style=\"text-align: right;\"><span style=\"font-size: 12pt; font-family: helvetica; color: #000000;\"><em>Mitropolia e Elbasanit, Shpatit dhe Librazhdit<\/em><\/span><br \/><span style=\"font-size: 12pt; font-family: helvetica; color: #000000;\"><em>Elbasan 27 gusht 2017<\/em><\/span><\/p>\n","protected":false},"excerpt":{"rendered":"<p>&nbsp; &nbsp; Dit\u00ebn e djeshme dt. 26 gusht 2017 qarkulloi n\u00eb disa portale mediatike nj\u00eb intervist\u00eb &#8220;ekskluzive&#8221; me priftin e vet\u00ebshpallur t\u00eb kish\u00ebs s\u00eb Sh\u00ebn Maris\u00eb n\u00eb lagjen kala t\u00eb qytetit t\u00eb Elbasanit, Nikolla Marku, i cili ende mban t\u00eb uzurpuar k\u00ebt\u00eb kish\u00eb q\u00eb nga dita e zaptimit t\u00eb saj me dhun\u00eb.&nbsp; &nbsp; &nbsp; N\u00eb k\u00ebt\u00eb intervist\u00eb t\u00eb tij\u00ebn ai edhe nj\u00eb her\u00eb k\u00ebrkon t\u00eb<\/p>\n","protected":false},"author":14,"featured_media":5487,"comment_status":"open","ping_status":"open","sticky":false,"template":"","format":"standard","meta":{"_acf_changed":false,"pagelayer_contact_templates":[],"_pagelayer_content":"","inline_featured_image":false,"fifu_image_url":"","fifu_image_alt":"","footnotes":""},"categories":[108],"tags":[209,153,212,207],"class_list":["post-5486","post","type-post","status-publish","format-standard","has-post-thumbnail","hentry","category-lajme","tag-209","tag-deklarata-njoftime-zyrtare-d75","tag-lajme-d27","tag-mitropolia-e-elbasanit-shpatit-dhe-librazhdit"],"acf":[],"yoast_head":"<!-- This site is optimized with the Yoast SEO plugin v27.2 - https:\/\/yoast.com\/product\/yoast-seo-wordpress\/ -->\n<title>P\u00ebrg\u00ebnjeshtrim ndaj akuzave absurde t\u00eb Nikolla Markut - Kisha Orthodh\u03bfkse Autoqefale e Shqip\u00ebris\u00eb<\/title>\n<meta name=\"robots\" content=\"index, follow, max-snippet:-1, max-image-preview:large, max-video-preview:-1\" \/>\n<link rel=\"canonical\" href=\"https:\/\/orthodoxalbania.org\/2020\/2017\/08\/27\/pergenjeshtrim-2\/\" \/>\n<meta property=\"og:locale\" content=\"en_US\" \/>\n<meta property=\"og:type\" content=\"article\" \/>\n<meta property=\"og:title\" content=\"P\u00ebrg\u00ebnjeshtrim ndaj akuzave absurde t\u00eb Nikolla Markut - Kisha Orthodh\u03bfkse Autoqefale e Shqip\u00ebris\u00eb\" \/>\n<meta property=\"og:description\" content=\"&nbsp; &nbsp; Dit\u00ebn e djeshme dt. 26 gusht 2017 qarkulloi n\u00eb disa portale mediatike nj\u00eb intervist\u00eb &#8220;ekskluzive&#8221; me priftin e vet\u00ebshpallur t\u00eb kish\u00ebs s\u00eb Sh\u00ebn Maris\u00eb n\u00eb lagjen kala t\u00eb qytetit t\u00eb Elbasanit, Nikolla Marku, i cili ende mban t\u00eb uzurpuar k\u00ebt\u00eb kish\u00eb q\u00eb nga dita e zaptimit t\u00eb saj me dhun\u00eb.&nbsp; &nbsp; &nbsp; N\u00eb k\u00ebt\u00eb intervist\u00eb t\u00eb tij\u00ebn ai edhe nj\u00eb her\u00eb k\u00ebrkon t\u00eb\" \/>\n<meta property=\"og:url\" content=\"https:\/\/orthodoxalbania.org\/2020\/2017\/08\/27\/pergenjeshtrim-2\/\" \/>\n<meta property=\"og:site_name\" content=\"Kisha Orthodh\u03bfkse Autoqefale e Shqip\u00ebris\u00eb\" \/>\n<meta property=\"article:publisher\" content=\"https:\/\/www.facebook.com\/koash1991\" \/>\n<meta property=\"article:published_time\" content=\"2017-08-27T19:30:15+00:00\" \/>\n<meta property=\"article:modified_time\" content=\"2020-04-06T19:58:18+00:00\" \/>\n<meta property=\"og:image\" content=\"https:\/\/orthodoxalbania.org\/2020\/wp-content\/uploads\/2020\/04\/kishakolla.jpg\" \/>\n\t<meta property=\"og:image:width\" content=\"592\" \/>\n\t<meta property=\"og:image:height\" content=\"592\" \/>\n\t<meta property=\"og:image:type\" content=\"image\/jpeg\" \/>\n<meta name=\"author\" content=\"neo_admin\" \/>\n<meta name=\"twitter:card\" content=\"summary_large_image\" \/>\n<meta name=\"twitter:label1\" content=\"Written by\" \/>\n\t<meta name=\"twitter:data1\" content=\"neo_admin\" \/>\n\t<meta name=\"twitter:label2\" content=\"Est. reading time\" \/>\n\t<meta name=\"twitter:data2\" content=\"2 minutes\" \/>\n<script type=\"application\/ld+json\" class=\"yoast-schema-graph\">{\"@context\":\"https:\/\/schema.org\",\"@graph\":[{\"@type\":\"Article\",\"@id\":\"https:\/\/orthodoxalbania.org\/2020\/2017\/08\/27\/pergenjeshtrim-2\/#article\",\"isPartOf\":{\"@id\":\"https:\/\/orthodoxalbania.org\/2020\/2017\/08\/27\/pergenjeshtrim-2\/\"},\"author\":{\"name\":\"neo_admin\",\"@id\":\"https:\/\/orthodoxalbania.org\/2020\/#\/schema\/person\/dd2bdc135b53c60d45b8bb329565cf6d\"},\"headline\":\"P\u00ebrg\u00ebnjeshtrim ndaj akuzave absurde t\u00eb Nikolla Markut\",\"datePublished\":\"2017-08-27T19:30:15+00:00\",\"dateModified\":\"2020-04-06T19:58:18+00:00\",\"mainEntityOfPage\":{\"@id\":\"https:\/\/orthodoxalbania.org\/2020\/2017\/08\/27\/pergenjeshtrim-2\/\"},\"wordCount\":322,\"commentCount\":0,\"publisher\":{\"@id\":\"https:\/\/orthodoxalbania.org\/2020\/#organization\"},\"image\":{\"@id\":\"https:\/\/orthodoxalbania.org\/2020\/2017\/08\/27\/pergenjeshtrim-2\/#primaryimage\"},\"thumbnailUrl\":\"https:\/\/orthodoxalbania.org\/2020\/wp-content\/uploads\/2020\/04\/kishakolla.jpg\",\"keywords\":[\"2017\",\"Deklarata - Njoftime Zyrtare\",\"lajme\",\"Mitropolia e Elbasanit, Shpatit dhe Librazhdit\"],\"articleSection\":[\"Lajme\"],\"inLanguage\":\"en-US\"},{\"@type\":\"WebPage\",\"@id\":\"https:\/\/orthodoxalbania.org\/2020\/2017\/08\/27\/pergenjeshtrim-2\/\",\"url\":\"https:\/\/orthodoxalbania.org\/2020\/2017\/08\/27\/pergenjeshtrim-2\/\",\"name\":\"P\u00ebrg\u00ebnjeshtrim ndaj akuzave absurde t\u00eb Nikolla Markut - Kisha Orthodh\u03bfkse Autoqefale e Shqip\u00ebris\u00eb\",\"isPartOf\":{\"@id\":\"https:\/\/orthodoxalbania.org\/2020\/#website\"},\"primaryImageOfPage\":{\"@id\":\"https:\/\/orthodoxalbania.org\/2020\/2017\/08\/27\/pergenjeshtrim-2\/#primaryimage\"},\"image\":{\"@id\":\"https:\/\/orthodoxalbania.org\/2020\/2017\/08\/27\/pergenjeshtrim-2\/#primaryimage\"},\"thumbnailUrl\":\"https:\/\/orthodoxalbania.org\/2020\/wp-content\/uploads\/2020\/04\/kishakolla.jpg\",\"datePublished\":\"2017-08-27T19:30:15+00:00\",\"dateModified\":\"2020-04-06T19:58:18+00:00\",\"breadcrumb\":{\"@id\":\"https:\/\/orthodoxalbania.org\/2020\/2017\/08\/27\/pergenjeshtrim-2\/#breadcrumb\"},\"inLanguage\":\"en-US\",\"potentialAction\":[{\"@type\":\"ReadAction\",\"target\":[\"https:\/\/orthodoxalbania.org\/2020\/2017\/08\/27\/pergenjeshtrim-2\/\"]}]},{\"@type\":\"ImageObject\",\"inLanguage\":\"en-US\",\"@id\":\"https:\/\/orthodoxalbania.org\/2020\/2017\/08\/27\/pergenjeshtrim-2\/#primaryimage\",\"url\":\"https:\/\/orthodoxalbania.org\/2020\/wp-content\/uploads\/2020\/04\/kishakolla.jpg\",\"contentUrl\":\"https:\/\/orthodoxalbania.org\/2020\/wp-content\/uploads\/2020\/04\/kishakolla.jpg\",\"width\":592,\"height\":592},{\"@type\":\"BreadcrumbList\",\"@id\":\"https:\/\/orthodoxalbania.org\/2020\/2017\/08\/27\/pergenjeshtrim-2\/#breadcrumb\",\"itemListElement\":[{\"@type\":\"ListItem\",\"position\":1,\"name\":\"Home\",\"item\":\"https:\/\/orthodoxalbania.org\/2020\/\"},{\"@type\":\"ListItem\",\"position\":2,\"name\":\"P\u00ebrg\u00ebnjeshtrim ndaj akuzave absurde t\u00eb Nikolla Markut\"}]},{\"@type\":\"WebSite\",\"@id\":\"https:\/\/orthodoxalbania.org\/2020\/#website\",\"url\":\"https:\/\/orthodoxalbania.org\/2020\/\",\"name\":\"Kisha Orthodh\u03bfkse Autoqefale e Shqip\u00ebris\u00eb\",\"description\":\"Fqja Zyrtare e Kish\u00ebs Orthodhokse Autoqefale e Shqip\u00ebris\u00eb me lajmet edhe informacionet zyrtare p\u00ebr struktur\u00ebn edhe veprimtarin e saj.\",\"publisher\":{\"@id\":\"https:\/\/orthodoxalbania.org\/2020\/#organization\"},\"potentialAction\":[{\"@type\":\"SearchAction\",\"target\":{\"@type\":\"EntryPoint\",\"urlTemplate\":\"https:\/\/orthodoxalbania.org\/2020\/?s={search_term_string}\"},\"query-input\":{\"@type\":\"PropertyValueSpecification\",\"valueRequired\":true,\"valueName\":\"search_term_string\"}}],\"inLanguage\":\"en-US\"},{\"@type\":\"Organization\",\"@id\":\"https:\/\/orthodoxalbania.org\/2020\/#organization\",\"name\":\"Kisha Orthodhokse Autoqefale e Shqip\u00ebris\u00eb\",\"url\":\"https:\/\/orthodoxalbania.org\/2020\/\",\"logo\":{\"@type\":\"ImageObject\",\"inLanguage\":\"en-US\",\"@id\":\"https:\/\/orthodoxalbania.org\/2020\/#\/schema\/logo\/image\/\",\"url\":\"https:\/\/orthodoxalbania.org\/2020\/wp-content\/uploads\/2020\/05\/albania.jpeg\",\"contentUrl\":\"https:\/\/orthodoxalbania.org\/2020\/wp-content\/uploads\/2020\/05\/albania.jpeg\",\"width\":540,\"height\":540,\"caption\":\"Kisha Orthodhokse Autoqefale e Shqip\u00ebris\u00eb\"},\"image\":{\"@id\":\"https:\/\/orthodoxalbania.org\/2020\/#\/schema\/logo\/image\/\"},\"sameAs\":[\"https:\/\/www.facebook.com\/koash1991\"]},{\"@type\":\"Person\",\"@id\":\"https:\/\/orthodoxalbania.org\/2020\/#\/schema\/person\/dd2bdc135b53c60d45b8bb329565cf6d\",\"name\":\"neo_admin\",\"image\":{\"@type\":\"ImageObject\",\"inLanguage\":\"en-US\",\"@id\":\"https:\/\/secure.gravatar.com\/avatar\/53e6cdc30765aade0129f85e5aeb50124b1d3f5bb9a70373be31e4eb328371e0?s=96&d=mm&r=g\",\"url\":\"https:\/\/secure.gravatar.com\/avatar\/53e6cdc30765aade0129f85e5aeb50124b1d3f5bb9a70373be31e4eb328371e0?s=96&d=mm&r=g\",\"contentUrl\":\"https:\/\/secure.gravatar.com\/avatar\/53e6cdc30765aade0129f85e5aeb50124b1d3f5bb9a70373be31e4eb328371e0?s=96&d=mm&r=g\",\"caption\":\"neo_admin\"}}]}<\/script>\n<!-- \/ Yoast SEO plugin. -->","yoast_head_json":{"title":"P\u00ebrg\u00ebnjeshtrim ndaj akuzave absurde t\u00eb Nikolla Markut - Kisha Orthodh\u03bfkse Autoqefale e Shqip\u00ebris\u00eb","robots":{"index":"index","follow":"follow","max-snippet":"max-snippet:-1","max-image-preview":"max-image-preview:large","max-video-preview":"max-video-preview:-1"},"canonical":"https:\/\/orthodoxalbania.org\/2020\/2017\/08\/27\/pergenjeshtrim-2\/","og_locale":"en_US","og_type":"article","og_title":"P\u00ebrg\u00ebnjeshtrim ndaj akuzave absurde t\u00eb Nikolla Markut - Kisha Orthodh\u03bfkse Autoqefale e Shqip\u00ebris\u00eb","og_description":"&nbsp; &nbsp; Dit\u00ebn e djeshme dt. 26 gusht 2017 qarkulloi n\u00eb disa portale mediatike nj\u00eb intervist\u00eb &#8220;ekskluzive&#8221; me priftin e vet\u00ebshpallur t\u00eb kish\u00ebs s\u00eb Sh\u00ebn Maris\u00eb n\u00eb lagjen kala t\u00eb qytetit t\u00eb Elbasanit, Nikolla Marku, i cili ende mban t\u00eb uzurpuar k\u00ebt\u00eb kish\u00eb q\u00eb nga dita e zaptimit t\u00eb saj me dhun\u00eb.&nbsp; &nbsp; &nbsp; N\u00eb k\u00ebt\u00eb intervist\u00eb t\u00eb tij\u00ebn ai edhe nj\u00eb her\u00eb k\u00ebrkon t\u00eb","og_url":"https:\/\/orthodoxalbania.org\/2020\/2017\/08\/27\/pergenjeshtrim-2\/","og_site_name":"Kisha Orthodh\u03bfkse Autoqefale e Shqip\u00ebris\u00eb","article_publisher":"https:\/\/www.facebook.com\/koash1991","article_published_time":"2017-08-27T19:30:15+00:00","article_modified_time":"2020-04-06T19:58:18+00:00","og_image":[{"width":592,"height":592,"url":"https:\/\/orthodoxalbania.org\/2020\/wp-content\/uploads\/2020\/04\/kishakolla.jpg","type":"image\/jpeg"}],"author":"neo_admin","twitter_card":"summary_large_image","twitter_misc":{"Written by":"neo_admin","Est. reading time":"2 minutes"},"schema":{"@context":"https:\/\/schema.org","@graph":[{"@type":"Article","@id":"https:\/\/orthodoxalbania.org\/2020\/2017\/08\/27\/pergenjeshtrim-2\/#article","isPartOf":{"@id":"https:\/\/orthodoxalbania.org\/2020\/2017\/08\/27\/pergenjeshtrim-2\/"},"author":{"name":"neo_admin","@id":"https:\/\/orthodoxalbania.org\/2020\/#\/schema\/person\/dd2bdc135b53c60d45b8bb329565cf6d"},"headline":"P\u00ebrg\u00ebnjeshtrim ndaj akuzave absurde t\u00eb Nikolla Markut","datePublished":"2017-08-27T19:30:15+00:00","dateModified":"2020-04-06T19:58:18+00:00","mainEntityOfPage":{"@id":"https:\/\/orthodoxalbania.org\/2020\/2017\/08\/27\/pergenjeshtrim-2\/"},"wordCount":322,"commentCount":0,"publisher":{"@id":"https:\/\/orthodoxalbania.org\/2020\/#organization"},"image":{"@id":"https:\/\/orthodoxalbania.org\/2020\/2017\/08\/27\/pergenjeshtrim-2\/#primaryimage"},"thumbnailUrl":"https:\/\/orthodoxalbania.org\/2020\/wp-content\/uploads\/2020\/04\/kishakolla.jpg","keywords":["2017","Deklarata - Njoftime Zyrtare","lajme","Mitropolia e Elbasanit, Shpatit dhe Librazhdit"],"articleSection":["Lajme"],"inLanguage":"en-US"},{"@type":"WebPage","@id":"https:\/\/orthodoxalbania.org\/2020\/2017\/08\/27\/pergenjeshtrim-2\/","url":"https:\/\/orthodoxalbania.org\/2020\/2017\/08\/27\/pergenjeshtrim-2\/","name":"P\u00ebrg\u00ebnjeshtrim ndaj akuzave absurde t\u00eb Nikolla Markut - Kisha Orthodh\u03bfkse Autoqefale e Shqip\u00ebris\u00eb","isPartOf":{"@id":"https:\/\/orthodoxalbania.org\/2020\/#website"},"primaryImageOfPage":{"@id":"https:\/\/orthodoxalbania.org\/2020\/2017\/08\/27\/pergenjeshtrim-2\/#primaryimage"},"image":{"@id":"https:\/\/orthodoxalbania.org\/2020\/2017\/08\/27\/pergenjeshtrim-2\/#primaryimage"},"thumbnailUrl":"https:\/\/orthodoxalbania.org\/2020\/wp-content\/uploads\/2020\/04\/kishakolla.jpg","datePublished":"2017-08-27T19:30:15+00:00","dateModified":"2020-04-06T19:58:18+00:00","breadcrumb":{"@id":"https:\/\/orthodoxalbania.org\/2020\/2017\/08\/27\/pergenjeshtrim-2\/#breadcrumb"},"inLanguage":"en-US","potentialAction":[{"@type":"ReadAction","target":["https:\/\/orthodoxalbania.org\/2020\/2017\/08\/27\/pergenjeshtrim-2\/"]}]},{"@type":"ImageObject","inLanguage":"en-US","@id":"https:\/\/orthodoxalbania.org\/2020\/2017\/08\/27\/pergenjeshtrim-2\/#primaryimage","url":"https:\/\/orthodoxalbania.org\/2020\/wp-content\/uploads\/2020\/04\/kishakolla.jpg","contentUrl":"https:\/\/orthodoxalbania.org\/2020\/wp-content\/uploads\/2020\/04\/kishakolla.jpg","width":592,"height":592},{"@type":"BreadcrumbList","@id":"https:\/\/orthodoxalbania.org\/2020\/2017\/08\/27\/pergenjeshtrim-2\/#breadcrumb","itemListElement":[{"@type":"ListItem","position":1,"name":"Home","item":"https:\/\/orthodoxalbania.org\/2020\/"},{"@type":"ListItem","position":2,"name":"P\u00ebrg\u00ebnjeshtrim ndaj akuzave absurde t\u00eb Nikolla Markut"}]},{"@type":"WebSite","@id":"https:\/\/orthodoxalbania.org\/2020\/#website","url":"https:\/\/orthodoxalbania.org\/2020\/","name":"Kisha Orthodh\u03bfkse Autoqefale e Shqip\u00ebris\u00eb","description":"Fqja Zyrtare e Kish\u00ebs Orthodhokse Autoqefale e Shqip\u00ebris\u00eb me lajmet edhe informacionet zyrtare p\u00ebr struktur\u00ebn edhe veprimtarin e saj.","publisher":{"@id":"https:\/\/orthodoxalbania.org\/2020\/#organization"},"potentialAction":[{"@type":"SearchAction","target":{"@type":"EntryPoint","urlTemplate":"https:\/\/orthodoxalbania.org\/2020\/?s={search_term_string}"},"query-input":{"@type":"PropertyValueSpecification","valueRequired":true,"valueName":"search_term_string"}}],"inLanguage":"en-US"},{"@type":"Organization","@id":"https:\/\/orthodoxalbania.org\/2020\/#organization","name":"Kisha Orthodhokse Autoqefale e Shqip\u00ebris\u00eb","url":"https:\/\/orthodoxalbania.org\/2020\/","logo":{"@type":"ImageObject","inLanguage":"en-US","@id":"https:\/\/orthodoxalbania.org\/2020\/#\/schema\/logo\/image\/","url":"https:\/\/orthodoxalbania.org\/2020\/wp-content\/uploads\/2020\/05\/albania.jpeg","contentUrl":"https:\/\/orthodoxalbania.org\/2020\/wp-content\/uploads\/2020\/05\/albania.jpeg","width":540,"height":540,"caption":"Kisha Orthodhokse Autoqefale e Shqip\u00ebris\u00eb"},"image":{"@id":"https:\/\/orthodoxalbania.org\/2020\/#\/schema\/logo\/image\/"},"sameAs":["https:\/\/www.facebook.com\/koash1991"]},{"@type":"Person","@id":"https:\/\/orthodoxalbania.org\/2020\/#\/schema\/person\/dd2bdc135b53c60d45b8bb329565cf6d","name":"neo_admin","image":{"@type":"ImageObject","inLanguage":"en-US","@id":"https:\/\/secure.gravatar.com\/avatar\/53e6cdc30765aade0129f85e5aeb50124b1d3f5bb9a70373be31e4eb328371e0?s=96&d=mm&r=g","url":"https:\/\/secure.gravatar.com\/avatar\/53e6cdc30765aade0129f85e5aeb50124b1d3f5bb9a70373be31e4eb328371e0?s=96&d=mm&r=g","contentUrl":"https:\/\/secure.gravatar.com\/avatar\/53e6cdc30765aade0129f85e5aeb50124b1d3f5bb9a70373be31e4eb328371e0?s=96&d=mm&r=g","caption":"neo_admin"}}]}},"_links":{"self":[{"href":"https:\/\/orthodoxalbania.org\/2020\/wp-json\/wp\/v2\/posts\/5486","targetHints":{"allow":["GET"]}}],"collection":[{"href":"https:\/\/orthodoxalbania.org\/2020\/wp-json\/wp\/v2\/posts"}],"about":[{"href":"https:\/\/orthodoxalbania.org\/2020\/wp-json\/wp\/v2\/types\/post"}],"author":[{"embeddable":true,"href":"https:\/\/orthodoxalbania.org\/2020\/wp-json\/wp\/v2\/users\/14"}],"replies":[{"embeddable":true,"href":"https:\/\/orthodoxalbania.org\/2020\/wp-json\/wp\/v2\/comments?post=5486"}],"version-history":[{"count":1,"href":"https:\/\/orthodoxalbania.org\/2020\/wp-json\/wp\/v2\/posts\/5486\/revisions"}],"predecessor-version":[{"id":14832,"href":"https:\/\/orthodoxalbania.org\/2020\/wp-json\/wp\/v2\/posts\/5486\/revisions\/14832"}],"wp:featuredmedia":[{"embeddable":true,"href":"https:\/\/orthodoxalbania.org\/2020\/wp-json\/wp\/v2\/media\/5487"}],"wp:attachment":[{"href":"https:\/\/orthodoxalbania.org\/2020\/wp-json\/wp\/v2\/media?parent=5486"}],"wp:term":[{"taxonomy":"category","embeddable":true,"href":"https:\/\/orthodoxalbania.org\/2020\/wp-json\/wp\/v2\/categories?post=5486"},{"taxonomy":"post_tag","embeddable":true,"href":"https:\/\/orthodoxalbania.org\/2020\/wp-json\/wp\/v2\/tags?post=5486"}],"curies":[{"name":"wp","href":"https:\/\/api.w.org\/{rel}","templated":true}]}}