{"id":5484,"date":"2017-08-25T10:12:48","date_gmt":"2017-08-25T10:12:48","guid":{"rendered":""},"modified":"2020-04-06T21:58:18","modified_gmt":"2020-04-06T19:58:18","slug":"kremtim-i-madh-i-shen-kozmait-ne-manastirin-e-tij-ne-kolkondas","status":"publish","type":"post","link":"https:\/\/orthodoxalbania.org\/2020\/2017\/08\/25\/kremtim-i-madh-i-shen-kozmait-ne-manastirin-e-tij-ne-kolkondas\/","title":{"rendered":"Kremtim i madh i Sh\u00ebn Kozmait  n\u00eb Manastirin e tij n\u00eb Kolkondas"},"content":{"rendered":"<p style=\"text-align: justify;\">&nbsp;<\/p>\n<p style=\"text-align: center;\"><strong><span style=\"color: #800000; font-family: helvetica; font-size: 12pt;\">&#8211; Liturgji Hyjnore n\u00ebn kryesimin e Kryepiskopit t\u00eb <\/span><\/strong><br \/><strong><span style=\"color: #800000; font-family: helvetica; font-size: 12pt;\">Tiran\u00ebs, Durr\u00ebsit dhe t\u00eb Gjith\u00eb Shqip\u00ebris\u00eb, Imzot Anastasit<\/span><\/strong><\/p>\n<p style=\"text-align: center;\">&nbsp;<\/p>\n<p style=\"text-align: center;\"><strong><span style=\"font-size: 12pt; font-family: helvetica;\"><span style=\"color: #800000;\"><\/span><span style=\"color: #800000;\">&#8211; N\u00ebse duam t\u00eb shprehim dashurin\u00eb dhe nderimin p\u00ebr Sh\u00ebn Kozmain le ta imitojm\u00eb at\u00eb n\u00eb vepra dashurie sikund\u00ebr ai na nxit n\u00eb m\u00ebsuesin\u00eb e tij shpirt\u00ebrore &#8211;<\/span><\/span><\/strong><\/p>\n<p>&nbsp;<\/p>\n<p style=\"text-align: justify;\"><span style=\"font-family: helvetica; font-size: 12pt; color: #000000;\">Panegjiret shpirt\u00ebrore, sikund\u00ebr e p\u00ebrcaktojn\u00eb tipikot\u00eb e Kish\u00ebs son\u00eb Orthodhokse, jan\u00eb plot madh\u00ebshti dhe shk\u00eblqim. I till\u00eb ishte edhe 24 Gushti, e kremtja e Shenjtorit fort t\u00eb dashur p\u00ebr popullin Orthodhoks, e sh\u00ebn Kozmait t\u00eb Etolis\u00eb, n\u00eb Manastirin q\u00eb i kushtohet, ku ndodhet edhe varri i tij.<\/span><\/p>\n<p style=\"text-align: justify;\"><span style=\"font-size: 12pt; font-family: helvetica; color: #000000;\">Besimtar\u00eb t\u00eb shumt\u00eb nga Myzeqeja dhe zona t\u00eb tjera t\u00eb vendit ton\u00eb, si edhe nga Greqia, kishin mbushur q\u00eb n\u00eb dat\u00ebn 23 gusht ambientet e Manastirit, p\u00ebr t\u00eb marr\u00eb pjes\u00eb n\u00eb sh\u00ebrbesat dhe veprimtarit\u00eb adhuruese. T\u00eb m\u00ebrkur\u00ebn n\u00eb mbr\u00ebmje u krye Sh\u00ebrbesa e Mbr\u00ebm\u00ebsores dhe Bekimi i Pes\u00eb Buk\u00ebve, si edhe Pasdarka e Madhe, n\u00ebn kryesimin e Mitropolitit t\u00eb Apollonis\u00eb dhe Fierit, Imzot Nikoll\u00ebs. N\u00eb vijim pati veprimtari shpirt\u00ebrore kryesisht p\u00ebr t\u00eb rinjt\u00eb, por edhe p\u00ebr besimtar\u00ebt e tjer\u00eb, me epiqend\u00ebr jet\u00ebn dhe predikimin e Sh\u00ebn Kozmait. Gjithashtu, u fol edhe p\u00ebr vepr\u00ebn rigjall\u00ebruese t\u00eb Kish\u00ebs son\u00eb Orthodhokse n\u00eb dekadat e fundit.<\/span><\/p>\n<p style=\"text-align: justify;\"><span style=\"font-size: 12pt; font-family: helvetica; color: #000000;\">T\u00eb enjten u krye Liturgjia Hyjnore nga Kryepiskopi i Tiran\u00ebs, Durr\u00ebsit dhe i Gjith\u00eb Ship\u00ebris\u00eb, Imzot Anastasi, ku bashk\u00ebmeshuan edhe Mitropoliti i Beratit, Ignati; i Gjirokastr\u00ebs, Dhimitri; i Fierit, Nikolla; i Amantias Nathanaili dhe Episkop Asti dhe klerik\u00eb t\u00eb zon\u00ebs, por edhe t\u00eb ardhur nga Greqia. Besimtar\u00ebt mbush\u00ebn kish\u00ebn, q\u00eb k\u00ebt\u00eb vit ishte edhe m\u00eb e rregulluar dhe zbukuruar, ve\u00e7an\u00ebrisht ambientet p\u00ebrreth dhe me p\u00ebrd\u00ebllimtari u lut\u00ebn n\u00eb hirin e Sh\u00ebn Kozmait p\u00ebr nd\u00ebrmjetimet e tij m\u00eb Zotin Jisu Krisht. T\u00eb pranish\u00ebm ishin edhe Konsulli i P\u00ebrgjithsh\u00ebm i Greqis\u00eb n\u00eb Gjirokast\u00ebr, z. V. Tolios, Prefekti i zgjedhur i zon\u00ebs s\u00eb Epirit, z. A. Kahrimanis, Dekani i Fakultetit Teologjik t\u00eb Universitetit t\u00eb Selanikut, prof. M. Tritos.<\/span><\/p>\n<p style=\"text-align: justify;\"><span style=\"font-size: 12pt; font-family: helvetica; color: #000000;\">Gjat\u00eb qinonikos\u00eb, nga arkimandriti Kozma u lexuan pjes\u00eb t\u00eb zgjedhura porosish shpirt\u00ebrore nga m\u00ebsimdh\u00ebnia dhe predikimi i Sh\u00ebn Kozmait, q\u00eb e ruajn\u00eb aq shum\u00eb vler\u00ebn e tyre edhe n\u00eb koh\u00eb.<\/span><\/p>\n<p style=\"text-align: justify;\"><span style=\"font-size: 12pt; font-family: helvetica; color: #000000;\">Kryepiskopi Anastas iu drejtua besimtar\u00ebve me nj\u00eb predikim t\u00eb ngroht\u00eb, duke pasur n\u00eb epiqend\u00ebr personalitetin e Sh\u00ebn Kozmait, pika thelb\u00ebsore e jet\u00ebs dhe vepr\u00ebs s\u00eb tij dhe i nxiti besimtar\u00ebt p\u00ebr t\u00eb qen\u00eb t\u00eb denj\u00eb n\u00eb nderimin q\u00eb i b\u00ebjn\u00eb shenjtorit dhe t\u00eb zbatojn\u00eb m\u00ebsimet q\u00eb ai la si testament p\u00ebr sa i p\u00ebrket besimit, p\u00ebrd\u00ebllimtaris\u00eb, dashuris\u00eb p\u00ebr Per\u00ebndin\u00eb dhe njer\u00ebzit dhe p\u00ebrkushtimin e rrall\u00eb n\u00eb besim. Si nj\u00eb nga karakteristikat baz\u00eb t\u00eb Sh\u00ebn Kozmait ai p\u00ebrmendi faktin se ai braktisi qet\u00ebsin\u00eb e jet\u00ebs n\u00eb Manastir, p\u00ebr t\u00eb ofruar drit\u00eb n\u00eb kandilin e besimit Orthodhoks q\u00eb po fikej n\u00eb k\u00ebto treva n\u00ebn hijen e err\u00ebsir\u00ebs otomane. B\u00ebri paraleliz\u00ebm me tragjedin\u00eb e Kish\u00ebs son\u00eb n\u00eb shekullin e kaluar kur, duke shpallur vendin si ateist, donin ta varrosin nj\u00eb her\u00eb e mir\u00eb besimin e Krishter\u00eb, nd\u00ebrkoh\u00eb q\u00eb tani p\u00ebrjetojm\u00eb p\u00ebr 25 vjet mrekullin\u00eb e ringritjes s\u00eb Kish\u00ebs Orthodhokse Autoqefale t\u00eb Shqip\u00ebris\u00eb. Sh\u00ebn Kozmai p\u00ebrve\u00e7 sakrificave t\u00eb tjera, dha edhe jet\u00ebn e tij p\u00ebr t\u00eb shpallur besimin dhe na m\u00ebson k\u00ebshtu se \u00e7do besimtar Orthodhoks, p\u00ebr t\u00eb qen\u00eb i denj\u00eb i k\u00ebtij emri, ka p\u00ebr detyr\u00eb ta shpall\u00eb besimin n\u00eb ambientin ku jeton t\u00eb vog\u00ebl apo m\u00eb t\u00eb gjer\u00eb.<\/span><\/p>\n<p style=\"text-align: justify;\"><span style=\"font-size: 12pt; font-family: helvetica; color: #000000;\">N\u00eb nderim t\u00eb kujtimit t\u00eb Shenjtorit Kozma nga Etolia, aq t\u00eb njohur dhe t\u00eb dashur p\u00ebr popullin besimtar, Kryepiskopi Anastas ka realizuar q\u00eb her\u00ebt vepr\u00ebn e rind\u00ebrtimit t\u00eb plot\u00eb t\u00eb k\u00ebtij Manastirit dhe restaurimin e kish\u00ebs, si dhe nd\u00ebrtimin e 5 kishave t\u00eb tjera n\u00eb nderim t\u00eb tij. Thuajse \u00e7do vit ndri\u00e7on me pranin\u00eb e tij veprimtarit\u00eb adhuruese e shpirt\u00ebrore nd\u00ebrsa vet\u00eb veprimtaria e tij hierapostolike n\u00eb vendin ton\u00eb p\u00ebrb\u00ebn vijim n\u00eb hapat e Sh\u00ebn Kozmait.<\/span><\/p>\n<p style=\"text-align: justify;\"><span style=\"font-size: 12pt; font-family: helvetica; color: #000000;\">Pas Liturgjis\u00eb Hyjnore vijoi Litania e Lipsanit t\u00eb hirsh\u00ebm t\u00eb Sh\u00ebn Kozmait dhe Ikon\u00ebs s\u00eb tij t\u00eb nderuar, nd\u00ebrsa besimtar\u00ebt pjes\u00ebmarr\u00ebs pat\u00ebn rastin edhe nj\u00eb her\u00eb tjet\u00ebr t\u2019i falen Lipsanit t\u00eb nderuar.<\/span><\/p>\n<p style=\"text-align: justify;\"><span style=\"font-size: 12pt; font-family: helvetica; color: #000000;\">N\u00eb ambientet e Manastirit vijoi nj\u00eb pritje e thjesht\u00eb p\u00ebr miqt\u00eb nga larg dhe besimtar\u00eb t\u00eb tjer\u00eb, ku grupet rinore t\u00eb Mitropolis\u00eb s\u00eb Apollonis\u00eb dhe Fierit dhan\u00ebn nj\u00eb program t\u00eb shkurt\u00ebr artistik dhe gjithashtu fol\u00ebn p\u00ebr p\u00ebrvojat e tyre nga kampingjet dhe grupet e katekizmit. Kryepiskopi i p\u00ebrg\u00ebzoi dhe i fal\u00ebnderoi nd\u00ebrsa foli p\u00ebr vepra t\u00eb reja, me projekte ambicioze, si shkolla dhe kisha, por edhe p\u00ebr hidrocentralin e ri, nisma k\u00ebto p\u00ebr t\u2019i dh\u00ebn\u00eb kuptim m\u00eb t\u00eb thell\u00eb edhe p\u00ebrvjetorit t\u00eb 25-t\u00eb t\u00eb ringritjes kanonike t\u00eb Kish\u00ebs son\u00eb, pas zgjedhjes dhe fron\u00ebzimit t\u00eb Kryepiskopit Anastas, n\u00eb vitin 1992.<\/span><\/p>\n<p style=\"text-align: justify;\">&nbsp;<\/p>\n<p style=\"text-align: justify;\"><img class=\"lazyload\" decoding=\"async\" style=\"display: block; margin: 10px auto; border: 1px solid #000000;\" alt=\"\" src=\"data:image\/svg+xml,%3Csvg%20xmlns%3D%27http%3A%2F%2Fwww.w3.org%2F2000%2Fsvg%27%20width%3D%27450%27%20height%3D%271581%27%20viewBox%3D%270%200%20450%201581%27%3E%3Crect%20width%3D%27450%27%20height%3D%271581%27%20fill-opacity%3D%220%22%2F%3E%3C%2Fsvg%3E\" data-orig-src=\"https:\/\/orthodoxalbania.org\/2020\/wp-content\/uploads\/2020\/04\/DSC_0087.JPG\" height=\"1581\" width=\"450\" \/><\/p>\n","protected":false},"excerpt":{"rendered":"<p>&nbsp; &#8211; Liturgji Hyjnore n\u00ebn kryesimin e Kryepiskopit t\u00eb Tiran\u00ebs, Durr\u00ebsit dhe t\u00eb Gjith\u00eb Shqip\u00ebris\u00eb, Imzot Anastasit &nbsp; &#8211; N\u00ebse duam t\u00eb shprehim dashurin\u00eb dhe nderimin p\u00ebr Sh\u00ebn Kozmain le ta imitojm\u00eb at\u00eb n\u00eb vepra dashurie sikund\u00ebr ai na nxit n\u00eb m\u00ebsuesin\u00eb e tij shpirt\u00ebrore &#8211; &nbsp; Panegjiret shpirt\u00ebrore, sikund\u00ebr e p\u00ebrcaktojn\u00eb tipikot\u00eb e Kish\u00ebs son\u00eb Orthodhokse, jan\u00eb plot madh\u00ebshti dhe shk\u00eblqim. I till\u00eb ishte<\/p>\n","protected":false},"author":14,"featured_media":5485,"comment_status":"open","ping_status":"open","sticky":false,"template":"","format":"standard","meta":{"_acf_changed":false,"pagelayer_contact_templates":[],"_pagelayer_content":"","inline_featured_image":false,"fifu_image_url":"","fifu_image_alt":"","footnotes":""},"categories":[108],"tags":[209,157,196,201,212,206,177],"class_list":["post-5484","post","type-post","status-publish","format-standard","has-post-thumbnail","hentry","category-lajme","tag-209","tag-kremtime","tag-tirane","tag-kryepiskopi-anastas","tag-lajme-d27","tag-mitropolia-e-apollonise-dhe-e-fierit","tag-vizite-baritore-e-kryepiskopit-anastas"],"acf":[],"yoast_head":"<!-- This site is optimized with the Yoast SEO plugin v27.2 - https:\/\/yoast.com\/product\/yoast-seo-wordpress\/ -->\n<title>Kremtim i madh i Sh\u00ebn Kozmait n\u00eb Manastirin e tij n\u00eb Kolkondas - Kisha Orthodh\u03bfkse Autoqefale e Shqip\u00ebris\u00eb<\/title>\n<meta name=\"robots\" content=\"index, follow, max-snippet:-1, max-image-preview:large, max-video-preview:-1\" \/>\n<link rel=\"canonical\" href=\"https:\/\/orthodoxalbania.org\/2020\/2017\/08\/25\/kremtim-i-madh-i-shen-kozmait-ne-manastirin-e-tij-ne-kolkondas\/\" \/>\n<meta property=\"og:locale\" content=\"en_US\" \/>\n<meta property=\"og:type\" content=\"article\" \/>\n<meta property=\"og:title\" content=\"Kremtim i madh i Sh\u00ebn Kozmait n\u00eb Manastirin e tij n\u00eb Kolkondas - Kisha Orthodh\u03bfkse Autoqefale e Shqip\u00ebris\u00eb\" \/>\n<meta property=\"og:description\" content=\"&nbsp; &#8211; Liturgji Hyjnore n\u00ebn kryesimin e Kryepiskopit t\u00eb Tiran\u00ebs, Durr\u00ebsit dhe t\u00eb Gjith\u00eb Shqip\u00ebris\u00eb, Imzot Anastasit &nbsp; &#8211; N\u00ebse duam t\u00eb shprehim dashurin\u00eb dhe nderimin p\u00ebr Sh\u00ebn Kozmain le ta imitojm\u00eb at\u00eb n\u00eb vepra dashurie sikund\u00ebr ai na nxit n\u00eb m\u00ebsuesin\u00eb e tij shpirt\u00ebrore &#8211; &nbsp; Panegjiret shpirt\u00ebrore, sikund\u00ebr e p\u00ebrcaktojn\u00eb tipikot\u00eb e Kish\u00ebs son\u00eb Orthodhokse, jan\u00eb plot madh\u00ebshti dhe shk\u00eblqim. I till\u00eb ishte\" \/>\n<meta property=\"og:url\" content=\"https:\/\/orthodoxalbania.org\/2020\/2017\/08\/25\/kremtim-i-madh-i-shen-kozmait-ne-manastirin-e-tij-ne-kolkondas\/\" \/>\n<meta property=\"og:site_name\" content=\"Kisha Orthodh\u03bfkse Autoqefale e Shqip\u00ebris\u00eb\" \/>\n<meta property=\"article:publisher\" content=\"https:\/\/www.facebook.com\/koash1991\" \/>\n<meta property=\"article:published_time\" content=\"2017-08-25T10:12:48+00:00\" \/>\n<meta property=\"article:modified_time\" content=\"2020-04-06T19:58:18+00:00\" \/>\n<meta property=\"og:image\" content=\"https:\/\/orthodoxalbania.org\/2020\/wp-content\/uploads\/2020\/04\/DSC_0087-scaled.jpg\" \/>\n\t<meta property=\"og:image:width\" content=\"2560\" \/>\n\t<meta property=\"og:image:height\" content=\"1707\" \/>\n\t<meta property=\"og:image:type\" content=\"image\/jpeg\" \/>\n<meta name=\"author\" content=\"neo_admin\" \/>\n<meta name=\"twitter:card\" content=\"summary_large_image\" \/>\n<meta name=\"twitter:label1\" content=\"Written by\" \/>\n\t<meta name=\"twitter:data1\" content=\"neo_admin\" \/>\n\t<meta name=\"twitter:label2\" content=\"Est. reading time\" \/>\n\t<meta name=\"twitter:data2\" content=\"4 minutes\" \/>\n<script type=\"application\/ld+json\" class=\"yoast-schema-graph\">{\"@context\":\"https:\/\/schema.org\",\"@graph\":[{\"@type\":\"Article\",\"@id\":\"https:\/\/orthodoxalbania.org\/2020\/2017\/08\/25\/kremtim-i-madh-i-shen-kozmait-ne-manastirin-e-tij-ne-kolkondas\/#article\",\"isPartOf\":{\"@id\":\"https:\/\/orthodoxalbania.org\/2020\/2017\/08\/25\/kremtim-i-madh-i-shen-kozmait-ne-manastirin-e-tij-ne-kolkondas\/\"},\"author\":{\"name\":\"neo_admin\",\"@id\":\"https:\/\/orthodoxalbania.org\/2020\/#\/schema\/person\/dd2bdc135b53c60d45b8bb329565cf6d\"},\"headline\":\"Kremtim i madh i Sh\u00ebn Kozmait n\u00eb Manastirin e tij n\u00eb Kolkondas\",\"datePublished\":\"2017-08-25T10:12:48+00:00\",\"dateModified\":\"2020-04-06T19:58:18+00:00\",\"mainEntityOfPage\":{\"@id\":\"https:\/\/orthodoxalbania.org\/2020\/2017\/08\/25\/kremtim-i-madh-i-shen-kozmait-ne-manastirin-e-tij-ne-kolkondas\/\"},\"wordCount\":910,\"commentCount\":0,\"publisher\":{\"@id\":\"https:\/\/orthodoxalbania.org\/2020\/#organization\"},\"image\":{\"@id\":\"https:\/\/orthodoxalbania.org\/2020\/2017\/08\/25\/kremtim-i-madh-i-shen-kozmait-ne-manastirin-e-tij-ne-kolkondas\/#primaryimage\"},\"thumbnailUrl\":\"https:\/\/orthodoxalbania.org\/2020\/wp-content\/uploads\/2020\/04\/DSC_0087-scaled.jpg\",\"keywords\":[\"2017\",\"Kremtime\",\"Kryepiskopata Tiran\u00eb\",\"Kryepiskopi Anastas\",\"lajme\",\"Mitropolia e Apollonis\u00eb dhe Fierit\",\"Vizit\u00eb Baritore e Kryepiskopit Anastas\"],\"articleSection\":[\"Lajme\"],\"inLanguage\":\"en-US\"},{\"@type\":\"WebPage\",\"@id\":\"https:\/\/orthodoxalbania.org\/2020\/2017\/08\/25\/kremtim-i-madh-i-shen-kozmait-ne-manastirin-e-tij-ne-kolkondas\/\",\"url\":\"https:\/\/orthodoxalbania.org\/2020\/2017\/08\/25\/kremtim-i-madh-i-shen-kozmait-ne-manastirin-e-tij-ne-kolkondas\/\",\"name\":\"Kremtim i madh i Sh\u00ebn Kozmait n\u00eb Manastirin e tij n\u00eb Kolkondas - Kisha Orthodh\u03bfkse Autoqefale e Shqip\u00ebris\u00eb\",\"isPartOf\":{\"@id\":\"https:\/\/orthodoxalbania.org\/2020\/#website\"},\"primaryImageOfPage\":{\"@id\":\"https:\/\/orthodoxalbania.org\/2020\/2017\/08\/25\/kremtim-i-madh-i-shen-kozmait-ne-manastirin-e-tij-ne-kolkondas\/#primaryimage\"},\"image\":{\"@id\":\"https:\/\/orthodoxalbania.org\/2020\/2017\/08\/25\/kremtim-i-madh-i-shen-kozmait-ne-manastirin-e-tij-ne-kolkondas\/#primaryimage\"},\"thumbnailUrl\":\"https:\/\/orthodoxalbania.org\/2020\/wp-content\/uploads\/2020\/04\/DSC_0087-scaled.jpg\",\"datePublished\":\"2017-08-25T10:12:48+00:00\",\"dateModified\":\"2020-04-06T19:58:18+00:00\",\"breadcrumb\":{\"@id\":\"https:\/\/orthodoxalbania.org\/2020\/2017\/08\/25\/kremtim-i-madh-i-shen-kozmait-ne-manastirin-e-tij-ne-kolkondas\/#breadcrumb\"},\"inLanguage\":\"en-US\",\"potentialAction\":[{\"@type\":\"ReadAction\",\"target\":[\"https:\/\/orthodoxalbania.org\/2020\/2017\/08\/25\/kremtim-i-madh-i-shen-kozmait-ne-manastirin-e-tij-ne-kolkondas\/\"]}]},{\"@type\":\"ImageObject\",\"inLanguage\":\"en-US\",\"@id\":\"https:\/\/orthodoxalbania.org\/2020\/2017\/08\/25\/kremtim-i-madh-i-shen-kozmait-ne-manastirin-e-tij-ne-kolkondas\/#primaryimage\",\"url\":\"https:\/\/orthodoxalbania.org\/2020\/wp-content\/uploads\/2020\/04\/DSC_0087-scaled.jpg\",\"contentUrl\":\"https:\/\/orthodoxalbania.org\/2020\/wp-content\/uploads\/2020\/04\/DSC_0087-scaled.jpg\",\"width\":2560,\"height\":1707},{\"@type\":\"BreadcrumbList\",\"@id\":\"https:\/\/orthodoxalbania.org\/2020\/2017\/08\/25\/kremtim-i-madh-i-shen-kozmait-ne-manastirin-e-tij-ne-kolkondas\/#breadcrumb\",\"itemListElement\":[{\"@type\":\"ListItem\",\"position\":1,\"name\":\"Home\",\"item\":\"https:\/\/orthodoxalbania.org\/2020\/\"},{\"@type\":\"ListItem\",\"position\":2,\"name\":\"Kremtim i madh i Sh\u00ebn Kozmait n\u00eb Manastirin e tij n\u00eb Kolkondas\"}]},{\"@type\":\"WebSite\",\"@id\":\"https:\/\/orthodoxalbania.org\/2020\/#website\",\"url\":\"https:\/\/orthodoxalbania.org\/2020\/\",\"name\":\"Kisha Orthodh\u03bfkse Autoqefale e Shqip\u00ebris\u00eb\",\"description\":\"Fqja Zyrtare e Kish\u00ebs Orthodhokse Autoqefale e Shqip\u00ebris\u00eb me lajmet edhe informacionet zyrtare p\u00ebr struktur\u00ebn edhe veprimtarin e saj.\",\"publisher\":{\"@id\":\"https:\/\/orthodoxalbania.org\/2020\/#organization\"},\"potentialAction\":[{\"@type\":\"SearchAction\",\"target\":{\"@type\":\"EntryPoint\",\"urlTemplate\":\"https:\/\/orthodoxalbania.org\/2020\/?s={search_term_string}\"},\"query-input\":{\"@type\":\"PropertyValueSpecification\",\"valueRequired\":true,\"valueName\":\"search_term_string\"}}],\"inLanguage\":\"en-US\"},{\"@type\":\"Organization\",\"@id\":\"https:\/\/orthodoxalbania.org\/2020\/#organization\",\"name\":\"Kisha Orthodhokse Autoqefale e Shqip\u00ebris\u00eb\",\"url\":\"https:\/\/orthodoxalbania.org\/2020\/\",\"logo\":{\"@type\":\"ImageObject\",\"inLanguage\":\"en-US\",\"@id\":\"https:\/\/orthodoxalbania.org\/2020\/#\/schema\/logo\/image\/\",\"url\":\"https:\/\/orthodoxalbania.org\/2020\/wp-content\/uploads\/2020\/05\/albania.jpeg\",\"contentUrl\":\"https:\/\/orthodoxalbania.org\/2020\/wp-content\/uploads\/2020\/05\/albania.jpeg\",\"width\":540,\"height\":540,\"caption\":\"Kisha Orthodhokse Autoqefale e Shqip\u00ebris\u00eb\"},\"image\":{\"@id\":\"https:\/\/orthodoxalbania.org\/2020\/#\/schema\/logo\/image\/\"},\"sameAs\":[\"https:\/\/www.facebook.com\/koash1991\"]},{\"@type\":\"Person\",\"@id\":\"https:\/\/orthodoxalbania.org\/2020\/#\/schema\/person\/dd2bdc135b53c60d45b8bb329565cf6d\",\"name\":\"neo_admin\",\"image\":{\"@type\":\"ImageObject\",\"inLanguage\":\"en-US\",\"@id\":\"https:\/\/secure.gravatar.com\/avatar\/53e6cdc30765aade0129f85e5aeb50124b1d3f5bb9a70373be31e4eb328371e0?s=96&d=mm&r=g\",\"url\":\"https:\/\/secure.gravatar.com\/avatar\/53e6cdc30765aade0129f85e5aeb50124b1d3f5bb9a70373be31e4eb328371e0?s=96&d=mm&r=g\",\"contentUrl\":\"https:\/\/secure.gravatar.com\/avatar\/53e6cdc30765aade0129f85e5aeb50124b1d3f5bb9a70373be31e4eb328371e0?s=96&d=mm&r=g\",\"caption\":\"neo_admin\"}}]}<\/script>\n<!-- \/ Yoast SEO plugin. -->","yoast_head_json":{"title":"Kremtim i madh i Sh\u00ebn Kozmait n\u00eb Manastirin e tij n\u00eb Kolkondas - Kisha Orthodh\u03bfkse Autoqefale e Shqip\u00ebris\u00eb","robots":{"index":"index","follow":"follow","max-snippet":"max-snippet:-1","max-image-preview":"max-image-preview:large","max-video-preview":"max-video-preview:-1"},"canonical":"https:\/\/orthodoxalbania.org\/2020\/2017\/08\/25\/kremtim-i-madh-i-shen-kozmait-ne-manastirin-e-tij-ne-kolkondas\/","og_locale":"en_US","og_type":"article","og_title":"Kremtim i madh i Sh\u00ebn Kozmait n\u00eb Manastirin e tij n\u00eb Kolkondas - Kisha Orthodh\u03bfkse Autoqefale e Shqip\u00ebris\u00eb","og_description":"&nbsp; &#8211; Liturgji Hyjnore n\u00ebn kryesimin e Kryepiskopit t\u00eb Tiran\u00ebs, Durr\u00ebsit dhe t\u00eb Gjith\u00eb Shqip\u00ebris\u00eb, Imzot Anastasit &nbsp; &#8211; N\u00ebse duam t\u00eb shprehim dashurin\u00eb dhe nderimin p\u00ebr Sh\u00ebn Kozmain le ta imitojm\u00eb at\u00eb n\u00eb vepra dashurie sikund\u00ebr ai na nxit n\u00eb m\u00ebsuesin\u00eb e tij shpirt\u00ebrore &#8211; &nbsp; Panegjiret shpirt\u00ebrore, sikund\u00ebr e p\u00ebrcaktojn\u00eb tipikot\u00eb e Kish\u00ebs son\u00eb Orthodhokse, jan\u00eb plot madh\u00ebshti dhe shk\u00eblqim. I till\u00eb ishte","og_url":"https:\/\/orthodoxalbania.org\/2020\/2017\/08\/25\/kremtim-i-madh-i-shen-kozmait-ne-manastirin-e-tij-ne-kolkondas\/","og_site_name":"Kisha Orthodh\u03bfkse Autoqefale e Shqip\u00ebris\u00eb","article_publisher":"https:\/\/www.facebook.com\/koash1991","article_published_time":"2017-08-25T10:12:48+00:00","article_modified_time":"2020-04-06T19:58:18+00:00","og_image":[{"width":2560,"height":1707,"url":"https:\/\/orthodoxalbania.org\/2020\/wp-content\/uploads\/2020\/04\/DSC_0087-scaled.jpg","type":"image\/jpeg"}],"author":"neo_admin","twitter_card":"summary_large_image","twitter_misc":{"Written by":"neo_admin","Est. reading time":"4 minutes"},"schema":{"@context":"https:\/\/schema.org","@graph":[{"@type":"Article","@id":"https:\/\/orthodoxalbania.org\/2020\/2017\/08\/25\/kremtim-i-madh-i-shen-kozmait-ne-manastirin-e-tij-ne-kolkondas\/#article","isPartOf":{"@id":"https:\/\/orthodoxalbania.org\/2020\/2017\/08\/25\/kremtim-i-madh-i-shen-kozmait-ne-manastirin-e-tij-ne-kolkondas\/"},"author":{"name":"neo_admin","@id":"https:\/\/orthodoxalbania.org\/2020\/#\/schema\/person\/dd2bdc135b53c60d45b8bb329565cf6d"},"headline":"Kremtim i madh i Sh\u00ebn Kozmait n\u00eb Manastirin e tij n\u00eb Kolkondas","datePublished":"2017-08-25T10:12:48+00:00","dateModified":"2020-04-06T19:58:18+00:00","mainEntityOfPage":{"@id":"https:\/\/orthodoxalbania.org\/2020\/2017\/08\/25\/kremtim-i-madh-i-shen-kozmait-ne-manastirin-e-tij-ne-kolkondas\/"},"wordCount":910,"commentCount":0,"publisher":{"@id":"https:\/\/orthodoxalbania.org\/2020\/#organization"},"image":{"@id":"https:\/\/orthodoxalbania.org\/2020\/2017\/08\/25\/kremtim-i-madh-i-shen-kozmait-ne-manastirin-e-tij-ne-kolkondas\/#primaryimage"},"thumbnailUrl":"https:\/\/orthodoxalbania.org\/2020\/wp-content\/uploads\/2020\/04\/DSC_0087-scaled.jpg","keywords":["2017","Kremtime","Kryepiskopata Tiran\u00eb","Kryepiskopi Anastas","lajme","Mitropolia e Apollonis\u00eb dhe Fierit","Vizit\u00eb Baritore e Kryepiskopit Anastas"],"articleSection":["Lajme"],"inLanguage":"en-US"},{"@type":"WebPage","@id":"https:\/\/orthodoxalbania.org\/2020\/2017\/08\/25\/kremtim-i-madh-i-shen-kozmait-ne-manastirin-e-tij-ne-kolkondas\/","url":"https:\/\/orthodoxalbania.org\/2020\/2017\/08\/25\/kremtim-i-madh-i-shen-kozmait-ne-manastirin-e-tij-ne-kolkondas\/","name":"Kremtim i madh i Sh\u00ebn Kozmait n\u00eb Manastirin e tij n\u00eb Kolkondas - Kisha Orthodh\u03bfkse Autoqefale e Shqip\u00ebris\u00eb","isPartOf":{"@id":"https:\/\/orthodoxalbania.org\/2020\/#website"},"primaryImageOfPage":{"@id":"https:\/\/orthodoxalbania.org\/2020\/2017\/08\/25\/kremtim-i-madh-i-shen-kozmait-ne-manastirin-e-tij-ne-kolkondas\/#primaryimage"},"image":{"@id":"https:\/\/orthodoxalbania.org\/2020\/2017\/08\/25\/kremtim-i-madh-i-shen-kozmait-ne-manastirin-e-tij-ne-kolkondas\/#primaryimage"},"thumbnailUrl":"https:\/\/orthodoxalbania.org\/2020\/wp-content\/uploads\/2020\/04\/DSC_0087-scaled.jpg","datePublished":"2017-08-25T10:12:48+00:00","dateModified":"2020-04-06T19:58:18+00:00","breadcrumb":{"@id":"https:\/\/orthodoxalbania.org\/2020\/2017\/08\/25\/kremtim-i-madh-i-shen-kozmait-ne-manastirin-e-tij-ne-kolkondas\/#breadcrumb"},"inLanguage":"en-US","potentialAction":[{"@type":"ReadAction","target":["https:\/\/orthodoxalbania.org\/2020\/2017\/08\/25\/kremtim-i-madh-i-shen-kozmait-ne-manastirin-e-tij-ne-kolkondas\/"]}]},{"@type":"ImageObject","inLanguage":"en-US","@id":"https:\/\/orthodoxalbania.org\/2020\/2017\/08\/25\/kremtim-i-madh-i-shen-kozmait-ne-manastirin-e-tij-ne-kolkondas\/#primaryimage","url":"https:\/\/orthodoxalbania.org\/2020\/wp-content\/uploads\/2020\/04\/DSC_0087-scaled.jpg","contentUrl":"https:\/\/orthodoxalbania.org\/2020\/wp-content\/uploads\/2020\/04\/DSC_0087-scaled.jpg","width":2560,"height":1707},{"@type":"BreadcrumbList","@id":"https:\/\/orthodoxalbania.org\/2020\/2017\/08\/25\/kremtim-i-madh-i-shen-kozmait-ne-manastirin-e-tij-ne-kolkondas\/#breadcrumb","itemListElement":[{"@type":"ListItem","position":1,"name":"Home","item":"https:\/\/orthodoxalbania.org\/2020\/"},{"@type":"ListItem","position":2,"name":"Kremtim i madh i Sh\u00ebn Kozmait n\u00eb Manastirin e tij n\u00eb Kolkondas"}]},{"@type":"WebSite","@id":"https:\/\/orthodoxalbania.org\/2020\/#website","url":"https:\/\/orthodoxalbania.org\/2020\/","name":"Kisha Orthodh\u03bfkse Autoqefale e Shqip\u00ebris\u00eb","description":"Fqja Zyrtare e Kish\u00ebs Orthodhokse Autoqefale e Shqip\u00ebris\u00eb me lajmet edhe informacionet zyrtare p\u00ebr struktur\u00ebn edhe veprimtarin e saj.","publisher":{"@id":"https:\/\/orthodoxalbania.org\/2020\/#organization"},"potentialAction":[{"@type":"SearchAction","target":{"@type":"EntryPoint","urlTemplate":"https:\/\/orthodoxalbania.org\/2020\/?s={search_term_string}"},"query-input":{"@type":"PropertyValueSpecification","valueRequired":true,"valueName":"search_term_string"}}],"inLanguage":"en-US"},{"@type":"Organization","@id":"https:\/\/orthodoxalbania.org\/2020\/#organization","name":"Kisha Orthodhokse Autoqefale e Shqip\u00ebris\u00eb","url":"https:\/\/orthodoxalbania.org\/2020\/","logo":{"@type":"ImageObject","inLanguage":"en-US","@id":"https:\/\/orthodoxalbania.org\/2020\/#\/schema\/logo\/image\/","url":"https:\/\/orthodoxalbania.org\/2020\/wp-content\/uploads\/2020\/05\/albania.jpeg","contentUrl":"https:\/\/orthodoxalbania.org\/2020\/wp-content\/uploads\/2020\/05\/albania.jpeg","width":540,"height":540,"caption":"Kisha Orthodhokse Autoqefale e Shqip\u00ebris\u00eb"},"image":{"@id":"https:\/\/orthodoxalbania.org\/2020\/#\/schema\/logo\/image\/"},"sameAs":["https:\/\/www.facebook.com\/koash1991"]},{"@type":"Person","@id":"https:\/\/orthodoxalbania.org\/2020\/#\/schema\/person\/dd2bdc135b53c60d45b8bb329565cf6d","name":"neo_admin","image":{"@type":"ImageObject","inLanguage":"en-US","@id":"https:\/\/secure.gravatar.com\/avatar\/53e6cdc30765aade0129f85e5aeb50124b1d3f5bb9a70373be31e4eb328371e0?s=96&d=mm&r=g","url":"https:\/\/secure.gravatar.com\/avatar\/53e6cdc30765aade0129f85e5aeb50124b1d3f5bb9a70373be31e4eb328371e0?s=96&d=mm&r=g","contentUrl":"https:\/\/secure.gravatar.com\/avatar\/53e6cdc30765aade0129f85e5aeb50124b1d3f5bb9a70373be31e4eb328371e0?s=96&d=mm&r=g","caption":"neo_admin"}}]}},"_links":{"self":[{"href":"https:\/\/orthodoxalbania.org\/2020\/wp-json\/wp\/v2\/posts\/5484","targetHints":{"allow":["GET"]}}],"collection":[{"href":"https:\/\/orthodoxalbania.org\/2020\/wp-json\/wp\/v2\/posts"}],"about":[{"href":"https:\/\/orthodoxalbania.org\/2020\/wp-json\/wp\/v2\/types\/post"}],"author":[{"embeddable":true,"href":"https:\/\/orthodoxalbania.org\/2020\/wp-json\/wp\/v2\/users\/14"}],"replies":[{"embeddable":true,"href":"https:\/\/orthodoxalbania.org\/2020\/wp-json\/wp\/v2\/comments?post=5484"}],"version-history":[{"count":1,"href":"https:\/\/orthodoxalbania.org\/2020\/wp-json\/wp\/v2\/posts\/5484\/revisions"}],"predecessor-version":[{"id":14833,"href":"https:\/\/orthodoxalbania.org\/2020\/wp-json\/wp\/v2\/posts\/5484\/revisions\/14833"}],"wp:featuredmedia":[{"embeddable":true,"href":"https:\/\/orthodoxalbania.org\/2020\/wp-json\/wp\/v2\/media\/5485"}],"wp:attachment":[{"href":"https:\/\/orthodoxalbania.org\/2020\/wp-json\/wp\/v2\/media?parent=5484"}],"wp:term":[{"taxonomy":"category","embeddable":true,"href":"https:\/\/orthodoxalbania.org\/2020\/wp-json\/wp\/v2\/categories?post=5484"},{"taxonomy":"post_tag","embeddable":true,"href":"https:\/\/orthodoxalbania.org\/2020\/wp-json\/wp\/v2\/tags?post=5484"}],"curies":[{"name":"wp","href":"https:\/\/api.w.org\/{rel}","templated":true}]}}