{"id":548,"date":"2007-02-26T00:00:00","date_gmt":"2007-02-26T00:00:00","guid":{"rendered":""},"modified":"2020-04-06T22:35:49","modified_gmt":"2020-04-06T20:35:49","slug":"festohet-me-madheshti-shen-kozmai-i-kolkondasit-shtator-2007","status":"publish","type":"post","link":"https:\/\/orthodoxalbania.org\/2020\/2007\/02\/26\/festohet-me-madheshti-shen-kozmai-i-kolkondasit-shtator-2007\/","title":{"rendered":"Festohet me madh\u00ebshti Sh\u00ebn Kozmai i Kolkondasit. (Shtator 2007)"},"content":{"rendered":"<div style=\"text-align: justify;\"><span style=\"color: #000000; font-family: helvetica;\"><span style=\"font-size: 12px;\"><img decoding=\"async\" class=\"lazyload HAa Eha\" style=\"border-width: 1px; border-style: solid; margin: 10px; float: left;\" alt=\"\" src=\"data:image\/svg+xml,%3Csvg%20xmlns%3D%27http%3A%2F%2Fwww.w3.org%2F2000%2Fsvg%27%20width%3D%27110%27%20height%3D%27160%27%20viewBox%3D%270%200%20110%20160%27%3E%3Crect%20width%3D%27110%27%20height%3D%27160%27%20fill-opacity%3D%220%22%2F%3E%3C%2Fsvg%3E\" data-orig-src=\"https:\/\/lh3.googleusercontent.com\/-KlE7gMeFuVw\/VImIMGraUVI\/AAAAAAAAGfY\/uZcE9vuhjUE\/w275-h400-no\/pic1.jpg\" height=\"160\" width=\"110\" \/><span style=\"font-size: 12pt;\">&nbsp;&nbsp;&nbsp; <img decoding=\"async\" class=\"lazyload HAa Eha\" style=\"border-width: 1px; border-style: solid; margin: 10px; float: right;\" alt=\"\" src=\"data:image\/svg+xml,%3Csvg%20xmlns%3D%27http%3A%2F%2Fwww.w3.org%2F2000%2Fsvg%27%20width%3D%27170%27%20height%3D%27128%27%20viewBox%3D%270%200%20170%20128%27%3E%3Crect%20width%3D%27170%27%20height%3D%27128%27%20fill-opacity%3D%220%22%2F%3E%3C%2Fsvg%3E\" data-orig-src=\"https:\/\/lh6.googleusercontent.com\/-ikPjW4uBX0A\/VImIMLAeAaI\/AAAAAAAAGfU\/cG6we8bJY50\/w400-h300-no\/pic2.jpg\" height=\"128\" width=\"170\" \/>U festua dhe sivjet me madh\u00ebshti kujtimi i Hierod\u00ebshmorit t\u00eb shenjt\u00eb Kozmait n\u00eb Kolkondas (nga Etolia). Si\u00e7 \u00ebsht\u00eb b\u00ebr\u00eb zakon prej shum\u00eb dekadash, dita e fest\u00ebs s\u00eb tij mbledh besimtar\u00ebt shpres\u00ebtar\u00eb jo vet\u00ebm nga zona p\u00ebrqark vendit t\u00eb prehjes dhe manastirit t\u00eb tij n\u00eb Kolkondas, por edhe nga krahina m\u00eb t\u00eb larg\u00ebta dhe nga njer\u00ebz q\u00eb u p\u00ebrkasin feve t\u00eb ndryshme. K\u00ebshtu v\u00ebrtetohet edhe nj\u00eb her\u00eb fjala e psalmistit q\u00eb thot\u00eb p\u00ebr njer\u00ebzit e Per\u00ebndis\u00eb, shenjtor\u00ebt: \u201cN\u00eb t\u00ebr\u00eb bot\u00ebn u p\u00ebrhap fama e tij&#8230;\u201d , d.m.th. se ata nderohen jo vet\u00ebm nga besimtar\u00ebt e nj\u00eb krahine dhe nj\u00eb kohe, por edhe nga njer\u00ebz jo-besimtar\u00eb t\u00eb vendeve dhe koh\u00ebrave t\u00eb ndryshme.<\/span><\/span><\/span><\/div>\n<div style=\"text-align: justify;\"><span style=\"color: #000000; font-family: helvetica; font-size: 12pt;\">&nbsp;&nbsp;&nbsp;&nbsp;&nbsp;&nbsp;&nbsp;&nbsp;&nbsp;&nbsp;&nbsp;&nbsp;&nbsp;&nbsp;&nbsp;<\/span><\/div>\n<div style=\"text-align: justify;\"><span style=\"color: #000000; font-family: helvetica; font-size: 12pt;\">&nbsp;&nbsp;&nbsp; Edhe pse kjo ver\u00eb, jo vet\u00ebm p\u00ebr vendin ton\u00eb, por edhe p\u00ebr t\u00ebr\u00eb zon\u00ebn e Ballkanit ka qen\u00eb shum\u00eb e that\u00eb por edhe e nxeht\u00eb (konsiderohet si vera m\u00eb e nxeht\u00eb e 100 vjet\u00ebve t\u00eb fundit), kjo gj\u00eb nuk pengoi aspak besimtar\u00ebt dhe gjith\u00eb t\u00eb tjer\u00ebt t\u00eb merrnin rrug\u00ebn p\u00ebr n\u00eb Manastirin e Sh\u00ebn Kozmait n\u00eb Kolkondas, p\u00ebr t\u00eb nderuar shenjtorin, p\u00ebr t\u00eb l\u00ebn\u00eb tek ikona e tij dhimbjet e zemrave t\u00eb tyre, p\u00ebr ta fal\u00ebnderuar at\u00eb, p\u00ebr t\u00eb marr\u00eb bekimin e tij n\u00eb vendin ku p\u00ebrreth 200 vjet prehet trupi i tij.<\/span><\/div>\n<div style=\"text-align: justify;\"><span style=\"font-family: helvetica; font-size: 12pt;\"><\/span><\/div>\n<div style=\"text-align: justify;\"><span style=\"color: #000000; font-family: helvetica; font-size: 12pt;\">&nbsp;&nbsp;&nbsp; N\u00eb prag t\u00eb fest\u00ebs q\u00eb nj\u00eb dit\u00eb p\u00ebrpara, ata filluan t\u00eb drejtoheshin tek manastiri. Vargu i tyre sa vinte edhe p\u00ebrzgjatej kaq sa ishte e v\u00ebshtir\u00eb t\u2019i afrohej lirsh\u00ebm dikush. T\u00eb gjith\u00eb me durim prisnin t\u2019i afroheshin territorit t\u00eb manastirit dhe t\u00eb merrnin bekimin e shenjtorit. N\u00eb vigjilje t\u00eb fest\u00ebs u krye sh\u00ebrbesa e Mbr\u00ebm\u00ebsores s\u00eb Madhe. Gjith\u00eb nat\u00ebs kisha e manastirit q\u00ebndroi hapur dhe gjat\u00eb saj kaluan me qindra besimtar\u00eb.<\/span><\/div>\n<div style=\"text-align: justify;\"><span style=\"color: #000000; font-family: helvetica; font-size: 12pt;\">&nbsp;&nbsp;&nbsp;&nbsp;&nbsp;&nbsp;&nbsp;&nbsp;&nbsp;&nbsp;&nbsp;&nbsp;&nbsp;&nbsp;&nbsp;<\/span><\/div>\n<div style=\"text-align: justify;\"><span style=\"color: #000000; font-family: helvetica; font-size: 12pt;\"><img decoding=\"async\" class=\"lazyload HAa Eha\" style=\"border-width: 1px; border-style: solid; margin: 10px; float: left;\" alt=\"\" src=\"data:image\/svg+xml,%3Csvg%20xmlns%3D%27http%3A%2F%2Fwww.w3.org%2F2000%2Fsvg%27%20width%3D%27210%27%20height%3D%27158%27%20viewBox%3D%270%200%20210%20158%27%3E%3Crect%20width%3D%27210%27%20height%3D%27158%27%20fill-opacity%3D%220%22%2F%3E%3C%2Fsvg%3E\" data-orig-src=\"https:\/\/lh4.googleusercontent.com\/-ZfbJLlsGwV4\/VImIMaXbhAI\/AAAAAAAAGfM\/_CUFtfeNYA8\/w400-h300-no\/pic3.jpg\" height=\"158\" width=\"210\" \/>&nbsp;&nbsp;&nbsp; <img decoding=\"async\" class=\"lazyload HAa Eha\" style=\"border-width: 1px; border-style: solid; margin: 10px; float: right;\" alt=\"\" src=\"data:image\/svg+xml,%3Csvg%20xmlns%3D%27http%3A%2F%2Fwww.w3.org%2F2000%2Fsvg%27%20width%3D%27219%27%20height%3D%27167%27%20viewBox%3D%270%200%20219%20167%27%3E%3Crect%20width%3D%27219%27%20height%3D%27167%27%20fill-opacity%3D%220%22%2F%3E%3C%2Fsvg%3E\" data-orig-src=\"https:\/\/lh4.googleusercontent.com\/-WHUsXnmAOt8\/VImIM2VYTZI\/AAAAAAAAGfQ\/b6jL91byLho\/w400-h305-no\/pic4.jpg\" height=\"167\" width=\"219\" \/>N\u00eb m\u00ebngjes u krye nga Hir\u00ebsia e Tij Mitrpoliti i Beratit, Vlor\u00ebs, Kanin\u00ebs, dhe gjith\u00eb Myzeqes\u00eb Imzot Ignati me madh\u00ebshti Liturgjia Hyjnore ku mor\u00ebn pjes\u00eb shum\u00eb klerik\u00eb dhe dhjakon\u00eb, nd\u00ebrsa n\u00eb psaltir dominonin z\u00ebrat e ting\u00ebllues t\u00eb t\u00eb rinjve orthodhoks\u00eb q\u00eb kishin ardhur nga zona t\u00eb ndryshme t\u00eb vendit, t\u00eb cil\u00ebt n\u00eb m\u00ebnyr\u00eb korale i psal\u00ebn himnet p\u00ebrkat\u00ebse me ritme t\u00eb hijshme t\u00eb muzik\u00ebs bizantine. Predikimi u b\u00eb nga vet\u00eb Hir\u00ebsia e Tij Imzot Ignati, i cili foli me m\u00ebnyr\u00eb t\u00eb thjesht\u00eb dhe t\u00eb kuptueshme p\u00ebr jet\u00ebn dhe vepr\u00ebn e Sh\u00ebn Kozmait. N\u00eb fund t\u00eb Liturgjis\u00eb Hyjnore u krye edhe litania rreth kish\u00ebs s\u00eb manastirit dhe u nda si bekim nafora.<\/span><\/div>\n<div style=\"text-align: justify;\"><span style=\"font-family: helvetica; font-size: 12pt;\"><\/span><\/div>\n<div style=\"text-align: justify;\"><span style=\"color: #000000; font-family: helvetica; font-size: 12pt;\">&nbsp;&nbsp;&nbsp;<\/span><\/div>\n<div style=\"text-align: justify;\"><span style=\"color: #000000; font-family: helvetica; font-size: 12pt;\">&nbsp;&nbsp;&nbsp; P\u00ebrshtypje dhe mbresa t\u00eb mira la dhe pjes\u00ebmarrja e disa besimtar\u00ebve nga vendi fqinj grek; klerik\u00eb, profesor\u00eb universiteti si dhe besimtar\u00eb t\u00eb tjer\u00eb nga qytete t\u00eb ndryshme erdh\u00ebn p\u00ebr t\u00eb nderuar shenjtorin. Pas kryerjes s\u00eb Liturgjis\u00eb Hyjnore t\u00eb gjith\u00eb mor\u00ebm rrug\u00ebn e kthimit, duke fal\u00ebnderuar Per\u00ebndin\u00eb p\u00ebr mrekullit\u00eb e Tij q\u00eb ka b\u00ebr\u00eb me shenjtor\u00ebt. T\u00eb gjith\u00eb b\u00ebm\u00eb nj\u00eb urim q\u00eb edhe ky vend i shenjt\u00eb t\u00eb banohet nj\u00eb dit\u00eb me njer\u00ebz q\u00eb do t\u2019i p\u00ebrkushtohen Per\u00ebndis\u00eb, Kish\u00ebs, njer\u00ebzve dhe atdheut me dashuri si\u00e7 b\u00ebri edhe m\u00ebsuesi yn\u00eb, Ati i shenjt\u00eb Kozma.<\/span><\/div>\n<div style=\"text-align: justify;\"><span style=\"font-family: helvetica; font-size: 12pt;\"><\/span><\/div>\n<div style=\"text-align: justify;\"><span style=\"font-family: helvetica; font-size: 12pt;\"><\/span><\/div>\n<div style=\"text-align: right;\"><span style=\"color: #000000; font-family: helvetica; font-size: 12pt;\"><strong>At\u00eb Kozma Sovjani dhe Harallamb Meci<\/strong><\/span><\/div>\n","protected":false},"excerpt":{"rendered":"<p>&nbsp;&nbsp;&nbsp; U festua dhe sivjet me madh\u00ebshti kujtimi i Hierod\u00ebshmorit t\u00eb shenjt\u00eb Kozmait n\u00eb Kolkondas (nga Etolia). Si\u00e7 \u00ebsht\u00eb b\u00ebr\u00eb zakon prej shum\u00eb dekadash, dita e fest\u00ebs s\u00eb tij mbledh besimtar\u00ebt shpres\u00ebtar\u00eb jo vet\u00ebm nga zona p\u00ebrqark vendit t\u00eb prehjes dhe manastirit t\u00eb tij n\u00eb Kolkondas, por edhe nga krahina m\u00eb t\u00eb larg\u00ebta dhe nga njer\u00ebz q\u00eb u p\u00ebrkasin feve t\u00eb ndryshme. K\u00ebshtu v\u00ebrtetohet edhe<\/p>\n","protected":false},"author":1,"featured_media":0,"comment_status":"open","ping_status":"open","sticky":false,"template":"","format":"standard","meta":{"_acf_changed":false,"pagelayer_contact_templates":[],"_pagelayer_content":"","inline_featured_image":false,"fifu_image_url":"","fifu_image_alt":"","footnotes":""},"categories":[108],"tags":[147,157,212,197],"class_list":["post-548","post","type-post","status-publish","format-standard","hentry","category-lajme","tag-147","tag-kremtime","tag-lajme-d27","tag-berat"],"acf":[],"yoast_head":"<!-- This site is optimized with the Yoast SEO plugin v27.2 - https:\/\/yoast.com\/product\/yoast-seo-wordpress\/ -->\n<title>Festohet me madh\u00ebshti Sh\u00ebn Kozmai i Kolkondasit. (Shtator 2007) - Kisha Orthodh\u03bfkse Autoqefale e Shqip\u00ebris\u00eb<\/title>\n<meta name=\"robots\" content=\"index, follow, max-snippet:-1, max-image-preview:large, max-video-preview:-1\" \/>\n<link rel=\"canonical\" href=\"https:\/\/orthodoxalbania.org\/2020\/2007\/02\/26\/festohet-me-madheshti-shen-kozmai-i-kolkondasit-shtator-2007\/\" \/>\n<meta property=\"og:locale\" content=\"en_US\" \/>\n<meta property=\"og:type\" content=\"article\" \/>\n<meta property=\"og:title\" content=\"Festohet me madh\u00ebshti Sh\u00ebn Kozmai i Kolkondasit. (Shtator 2007) - Kisha Orthodh\u03bfkse Autoqefale e Shqip\u00ebris\u00eb\" \/>\n<meta property=\"og:description\" content=\"&nbsp;&nbsp;&nbsp; U festua dhe sivjet me madh\u00ebshti kujtimi i Hierod\u00ebshmorit t\u00eb shenjt\u00eb Kozmait n\u00eb Kolkondas (nga Etolia). Si\u00e7 \u00ebsht\u00eb b\u00ebr\u00eb zakon prej shum\u00eb dekadash, dita e fest\u00ebs s\u00eb tij mbledh besimtar\u00ebt shpres\u00ebtar\u00eb jo vet\u00ebm nga zona p\u00ebrqark vendit t\u00eb prehjes dhe manastirit t\u00eb tij n\u00eb Kolkondas, por edhe nga krahina m\u00eb t\u00eb larg\u00ebta dhe nga njer\u00ebz q\u00eb u p\u00ebrkasin feve t\u00eb ndryshme. K\u00ebshtu v\u00ebrtetohet edhe\" \/>\n<meta property=\"og:url\" content=\"https:\/\/orthodoxalbania.org\/2020\/2007\/02\/26\/festohet-me-madheshti-shen-kozmai-i-kolkondasit-shtator-2007\/\" \/>\n<meta property=\"og:site_name\" content=\"Kisha Orthodh\u03bfkse Autoqefale e Shqip\u00ebris\u00eb\" \/>\n<meta property=\"article:publisher\" content=\"https:\/\/www.facebook.com\/koash1991\" \/>\n<meta property=\"article:published_time\" content=\"2007-02-26T00:00:00+00:00\" \/>\n<meta property=\"article:modified_time\" content=\"2020-04-06T20:35:49+00:00\" \/>\n<meta property=\"og:image\" content=\"https:\/\/lh3.googleusercontent.com\/-KlE7gMeFuVw\/VImIMGraUVI\/AAAAAAAAGfY\/uZcE9vuhjUE\/w275-h400-no\/pic1.jpg\" \/>\n<meta name=\"author\" content=\"Kisha Orthodhokse\" \/>\n<meta name=\"twitter:card\" content=\"summary_large_image\" \/>\n<meta name=\"twitter:label1\" content=\"Written by\" \/>\n\t<meta name=\"twitter:data1\" content=\"Kisha Orthodhokse\" \/>\n\t<meta name=\"twitter:label2\" content=\"Est. reading time\" \/>\n\t<meta name=\"twitter:data2\" content=\"3 minutes\" \/>\n<script type=\"application\/ld+json\" class=\"yoast-schema-graph\">{\"@context\":\"https:\/\/schema.org\",\"@graph\":[{\"@type\":\"Article\",\"@id\":\"https:\/\/orthodoxalbania.org\/2020\/2007\/02\/26\/festohet-me-madheshti-shen-kozmai-i-kolkondasit-shtator-2007\/#article\",\"isPartOf\":{\"@id\":\"https:\/\/orthodoxalbania.org\/2020\/2007\/02\/26\/festohet-me-madheshti-shen-kozmai-i-kolkondasit-shtator-2007\/\"},\"author\":{\"name\":\"Kisha Orthodhokse\",\"@id\":\"https:\/\/orthodoxalbania.org\/2020\/#\/schema\/person\/0c387634a7063ac612d7ed9ce71c7e86\"},\"headline\":\"Festohet me madh\u00ebshti Sh\u00ebn Kozmai i Kolkondasit. (Shtator 2007)\",\"datePublished\":\"2007-02-26T00:00:00+00:00\",\"dateModified\":\"2020-04-06T20:35:49+00:00\",\"mainEntityOfPage\":{\"@id\":\"https:\/\/orthodoxalbania.org\/2020\/2007\/02\/26\/festohet-me-madheshti-shen-kozmai-i-kolkondasit-shtator-2007\/\"},\"wordCount\":638,\"commentCount\":0,\"publisher\":{\"@id\":\"https:\/\/orthodoxalbania.org\/2020\/#organization\"},\"image\":{\"@id\":\"https:\/\/orthodoxalbania.org\/2020\/2007\/02\/26\/festohet-me-madheshti-shen-kozmai-i-kolkondasit-shtator-2007\/#primaryimage\"},\"thumbnailUrl\":\"https:\/\/lh3.googleusercontent.com\/-KlE7gMeFuVw\/VImIMGraUVI\/AAAAAAAAGfY\/uZcE9vuhjUE\/w275-h400-no\/pic1.jpg\",\"keywords\":[\"2007\",\"Kremtime\",\"lajme\",\"Mitropolia Berat\"],\"articleSection\":[\"Lajme\"],\"inLanguage\":\"en-US\"},{\"@type\":\"WebPage\",\"@id\":\"https:\/\/orthodoxalbania.org\/2020\/2007\/02\/26\/festohet-me-madheshti-shen-kozmai-i-kolkondasit-shtator-2007\/\",\"url\":\"https:\/\/orthodoxalbania.org\/2020\/2007\/02\/26\/festohet-me-madheshti-shen-kozmai-i-kolkondasit-shtator-2007\/\",\"name\":\"Festohet me madh\u00ebshti Sh\u00ebn Kozmai i Kolkondasit. (Shtator 2007) - Kisha Orthodh\u03bfkse Autoqefale e Shqip\u00ebris\u00eb\",\"isPartOf\":{\"@id\":\"https:\/\/orthodoxalbania.org\/2020\/#website\"},\"primaryImageOfPage\":{\"@id\":\"https:\/\/orthodoxalbania.org\/2020\/2007\/02\/26\/festohet-me-madheshti-shen-kozmai-i-kolkondasit-shtator-2007\/#primaryimage\"},\"image\":{\"@id\":\"https:\/\/orthodoxalbania.org\/2020\/2007\/02\/26\/festohet-me-madheshti-shen-kozmai-i-kolkondasit-shtator-2007\/#primaryimage\"},\"thumbnailUrl\":\"https:\/\/lh3.googleusercontent.com\/-KlE7gMeFuVw\/VImIMGraUVI\/AAAAAAAAGfY\/uZcE9vuhjUE\/w275-h400-no\/pic1.jpg\",\"datePublished\":\"2007-02-26T00:00:00+00:00\",\"dateModified\":\"2020-04-06T20:35:49+00:00\",\"breadcrumb\":{\"@id\":\"https:\/\/orthodoxalbania.org\/2020\/2007\/02\/26\/festohet-me-madheshti-shen-kozmai-i-kolkondasit-shtator-2007\/#breadcrumb\"},\"inLanguage\":\"en-US\",\"potentialAction\":[{\"@type\":\"ReadAction\",\"target\":[\"https:\/\/orthodoxalbania.org\/2020\/2007\/02\/26\/festohet-me-madheshti-shen-kozmai-i-kolkondasit-shtator-2007\/\"]}]},{\"@type\":\"ImageObject\",\"inLanguage\":\"en-US\",\"@id\":\"https:\/\/orthodoxalbania.org\/2020\/2007\/02\/26\/festohet-me-madheshti-shen-kozmai-i-kolkondasit-shtator-2007\/#primaryimage\",\"url\":\"https:\/\/lh3.googleusercontent.com\/-KlE7gMeFuVw\/VImIMGraUVI\/AAAAAAAAGfY\/uZcE9vuhjUE\/w275-h400-no\/pic1.jpg\",\"contentUrl\":\"https:\/\/lh3.googleusercontent.com\/-KlE7gMeFuVw\/VImIMGraUVI\/AAAAAAAAGfY\/uZcE9vuhjUE\/w275-h400-no\/pic1.jpg\"},{\"@type\":\"BreadcrumbList\",\"@id\":\"https:\/\/orthodoxalbania.org\/2020\/2007\/02\/26\/festohet-me-madheshti-shen-kozmai-i-kolkondasit-shtator-2007\/#breadcrumb\",\"itemListElement\":[{\"@type\":\"ListItem\",\"position\":1,\"name\":\"Home\",\"item\":\"https:\/\/orthodoxalbania.org\/2020\/\"},{\"@type\":\"ListItem\",\"position\":2,\"name\":\"Festohet me madh\u00ebshti Sh\u00ebn Kozmai i Kolkondasit. (Shtator 2007)\"}]},{\"@type\":\"WebSite\",\"@id\":\"https:\/\/orthodoxalbania.org\/2020\/#website\",\"url\":\"https:\/\/orthodoxalbania.org\/2020\/\",\"name\":\"Kisha Orthodh\u03bfkse Autoqefale e Shqip\u00ebris\u00eb\",\"description\":\"Fqja Zyrtare e Kish\u00ebs Orthodhokse Autoqefale e Shqip\u00ebris\u00eb me lajmet edhe informacionet zyrtare p\u00ebr struktur\u00ebn edhe veprimtarin e saj.\",\"publisher\":{\"@id\":\"https:\/\/orthodoxalbania.org\/2020\/#organization\"},\"potentialAction\":[{\"@type\":\"SearchAction\",\"target\":{\"@type\":\"EntryPoint\",\"urlTemplate\":\"https:\/\/orthodoxalbania.org\/2020\/?s={search_term_string}\"},\"query-input\":{\"@type\":\"PropertyValueSpecification\",\"valueRequired\":true,\"valueName\":\"search_term_string\"}}],\"inLanguage\":\"en-US\"},{\"@type\":\"Organization\",\"@id\":\"https:\/\/orthodoxalbania.org\/2020\/#organization\",\"name\":\"Kisha Orthodhokse Autoqefale e Shqip\u00ebris\u00eb\",\"url\":\"https:\/\/orthodoxalbania.org\/2020\/\",\"logo\":{\"@type\":\"ImageObject\",\"inLanguage\":\"en-US\",\"@id\":\"https:\/\/orthodoxalbania.org\/2020\/#\/schema\/logo\/image\/\",\"url\":\"https:\/\/orthodoxalbania.org\/2020\/wp-content\/uploads\/2020\/05\/albania.jpeg\",\"contentUrl\":\"https:\/\/orthodoxalbania.org\/2020\/wp-content\/uploads\/2020\/05\/albania.jpeg\",\"width\":540,\"height\":540,\"caption\":\"Kisha Orthodhokse Autoqefale e Shqip\u00ebris\u00eb\"},\"image\":{\"@id\":\"https:\/\/orthodoxalbania.org\/2020\/#\/schema\/logo\/image\/\"},\"sameAs\":[\"https:\/\/www.facebook.com\/koash1991\"]},{\"@type\":\"Person\",\"@id\":\"https:\/\/orthodoxalbania.org\/2020\/#\/schema\/person\/0c387634a7063ac612d7ed9ce71c7e86\",\"name\":\"Kisha Orthodhokse\",\"image\":{\"@type\":\"ImageObject\",\"inLanguage\":\"en-US\",\"@id\":\"https:\/\/secure.gravatar.com\/avatar\/596e7c417251e30f2fbb9c00e026fce61a695a00e51c889caded71c96cbbdde5?s=96&d=mm&r=g\",\"url\":\"https:\/\/secure.gravatar.com\/avatar\/596e7c417251e30f2fbb9c00e026fce61a695a00e51c889caded71c96cbbdde5?s=96&d=mm&r=g\",\"contentUrl\":\"https:\/\/secure.gravatar.com\/avatar\/596e7c417251e30f2fbb9c00e026fce61a695a00e51c889caded71c96cbbdde5?s=96&d=mm&r=g\",\"caption\":\"Kisha Orthodhokse\"}}]}<\/script>\n<!-- \/ Yoast SEO plugin. -->","yoast_head_json":{"title":"Festohet me madh\u00ebshti Sh\u00ebn Kozmai i Kolkondasit. (Shtator 2007) - Kisha Orthodh\u03bfkse Autoqefale e Shqip\u00ebris\u00eb","robots":{"index":"index","follow":"follow","max-snippet":"max-snippet:-1","max-image-preview":"max-image-preview:large","max-video-preview":"max-video-preview:-1"},"canonical":"https:\/\/orthodoxalbania.org\/2020\/2007\/02\/26\/festohet-me-madheshti-shen-kozmai-i-kolkondasit-shtator-2007\/","og_locale":"en_US","og_type":"article","og_title":"Festohet me madh\u00ebshti Sh\u00ebn Kozmai i Kolkondasit. (Shtator 2007) - Kisha Orthodh\u03bfkse Autoqefale e Shqip\u00ebris\u00eb","og_description":"&nbsp;&nbsp;&nbsp; U festua dhe sivjet me madh\u00ebshti kujtimi i Hierod\u00ebshmorit t\u00eb shenjt\u00eb Kozmait n\u00eb Kolkondas (nga Etolia). Si\u00e7 \u00ebsht\u00eb b\u00ebr\u00eb zakon prej shum\u00eb dekadash, dita e fest\u00ebs s\u00eb tij mbledh besimtar\u00ebt shpres\u00ebtar\u00eb jo vet\u00ebm nga zona p\u00ebrqark vendit t\u00eb prehjes dhe manastirit t\u00eb tij n\u00eb Kolkondas, por edhe nga krahina m\u00eb t\u00eb larg\u00ebta dhe nga njer\u00ebz q\u00eb u p\u00ebrkasin feve t\u00eb ndryshme. K\u00ebshtu v\u00ebrtetohet edhe","og_url":"https:\/\/orthodoxalbania.org\/2020\/2007\/02\/26\/festohet-me-madheshti-shen-kozmai-i-kolkondasit-shtator-2007\/","og_site_name":"Kisha Orthodh\u03bfkse Autoqefale e Shqip\u00ebris\u00eb","article_publisher":"https:\/\/www.facebook.com\/koash1991","article_published_time":"2007-02-26T00:00:00+00:00","article_modified_time":"2020-04-06T20:35:49+00:00","og_image":[{"url":"https:\/\/lh3.googleusercontent.com\/-KlE7gMeFuVw\/VImIMGraUVI\/AAAAAAAAGfY\/uZcE9vuhjUE\/w275-h400-no\/pic1.jpg","type":"","width":"","height":""}],"author":"Kisha Orthodhokse","twitter_card":"summary_large_image","twitter_misc":{"Written by":"Kisha Orthodhokse","Est. reading time":"3 minutes"},"schema":{"@context":"https:\/\/schema.org","@graph":[{"@type":"Article","@id":"https:\/\/orthodoxalbania.org\/2020\/2007\/02\/26\/festohet-me-madheshti-shen-kozmai-i-kolkondasit-shtator-2007\/#article","isPartOf":{"@id":"https:\/\/orthodoxalbania.org\/2020\/2007\/02\/26\/festohet-me-madheshti-shen-kozmai-i-kolkondasit-shtator-2007\/"},"author":{"name":"Kisha Orthodhokse","@id":"https:\/\/orthodoxalbania.org\/2020\/#\/schema\/person\/0c387634a7063ac612d7ed9ce71c7e86"},"headline":"Festohet me madh\u00ebshti Sh\u00ebn Kozmai i Kolkondasit. (Shtator 2007)","datePublished":"2007-02-26T00:00:00+00:00","dateModified":"2020-04-06T20:35:49+00:00","mainEntityOfPage":{"@id":"https:\/\/orthodoxalbania.org\/2020\/2007\/02\/26\/festohet-me-madheshti-shen-kozmai-i-kolkondasit-shtator-2007\/"},"wordCount":638,"commentCount":0,"publisher":{"@id":"https:\/\/orthodoxalbania.org\/2020\/#organization"},"image":{"@id":"https:\/\/orthodoxalbania.org\/2020\/2007\/02\/26\/festohet-me-madheshti-shen-kozmai-i-kolkondasit-shtator-2007\/#primaryimage"},"thumbnailUrl":"https:\/\/lh3.googleusercontent.com\/-KlE7gMeFuVw\/VImIMGraUVI\/AAAAAAAAGfY\/uZcE9vuhjUE\/w275-h400-no\/pic1.jpg","keywords":["2007","Kremtime","lajme","Mitropolia Berat"],"articleSection":["Lajme"],"inLanguage":"en-US"},{"@type":"WebPage","@id":"https:\/\/orthodoxalbania.org\/2020\/2007\/02\/26\/festohet-me-madheshti-shen-kozmai-i-kolkondasit-shtator-2007\/","url":"https:\/\/orthodoxalbania.org\/2020\/2007\/02\/26\/festohet-me-madheshti-shen-kozmai-i-kolkondasit-shtator-2007\/","name":"Festohet me madh\u00ebshti Sh\u00ebn Kozmai i Kolkondasit. (Shtator 2007) - Kisha Orthodh\u03bfkse Autoqefale e Shqip\u00ebris\u00eb","isPartOf":{"@id":"https:\/\/orthodoxalbania.org\/2020\/#website"},"primaryImageOfPage":{"@id":"https:\/\/orthodoxalbania.org\/2020\/2007\/02\/26\/festohet-me-madheshti-shen-kozmai-i-kolkondasit-shtator-2007\/#primaryimage"},"image":{"@id":"https:\/\/orthodoxalbania.org\/2020\/2007\/02\/26\/festohet-me-madheshti-shen-kozmai-i-kolkondasit-shtator-2007\/#primaryimage"},"thumbnailUrl":"https:\/\/lh3.googleusercontent.com\/-KlE7gMeFuVw\/VImIMGraUVI\/AAAAAAAAGfY\/uZcE9vuhjUE\/w275-h400-no\/pic1.jpg","datePublished":"2007-02-26T00:00:00+00:00","dateModified":"2020-04-06T20:35:49+00:00","breadcrumb":{"@id":"https:\/\/orthodoxalbania.org\/2020\/2007\/02\/26\/festohet-me-madheshti-shen-kozmai-i-kolkondasit-shtator-2007\/#breadcrumb"},"inLanguage":"en-US","potentialAction":[{"@type":"ReadAction","target":["https:\/\/orthodoxalbania.org\/2020\/2007\/02\/26\/festohet-me-madheshti-shen-kozmai-i-kolkondasit-shtator-2007\/"]}]},{"@type":"ImageObject","inLanguage":"en-US","@id":"https:\/\/orthodoxalbania.org\/2020\/2007\/02\/26\/festohet-me-madheshti-shen-kozmai-i-kolkondasit-shtator-2007\/#primaryimage","url":"https:\/\/lh3.googleusercontent.com\/-KlE7gMeFuVw\/VImIMGraUVI\/AAAAAAAAGfY\/uZcE9vuhjUE\/w275-h400-no\/pic1.jpg","contentUrl":"https:\/\/lh3.googleusercontent.com\/-KlE7gMeFuVw\/VImIMGraUVI\/AAAAAAAAGfY\/uZcE9vuhjUE\/w275-h400-no\/pic1.jpg"},{"@type":"BreadcrumbList","@id":"https:\/\/orthodoxalbania.org\/2020\/2007\/02\/26\/festohet-me-madheshti-shen-kozmai-i-kolkondasit-shtator-2007\/#breadcrumb","itemListElement":[{"@type":"ListItem","position":1,"name":"Home","item":"https:\/\/orthodoxalbania.org\/2020\/"},{"@type":"ListItem","position":2,"name":"Festohet me madh\u00ebshti Sh\u00ebn Kozmai i Kolkondasit. (Shtator 2007)"}]},{"@type":"WebSite","@id":"https:\/\/orthodoxalbania.org\/2020\/#website","url":"https:\/\/orthodoxalbania.org\/2020\/","name":"Kisha Orthodh\u03bfkse Autoqefale e Shqip\u00ebris\u00eb","description":"Fqja Zyrtare e Kish\u00ebs Orthodhokse Autoqefale e Shqip\u00ebris\u00eb me lajmet edhe informacionet zyrtare p\u00ebr struktur\u00ebn edhe veprimtarin e saj.","publisher":{"@id":"https:\/\/orthodoxalbania.org\/2020\/#organization"},"potentialAction":[{"@type":"SearchAction","target":{"@type":"EntryPoint","urlTemplate":"https:\/\/orthodoxalbania.org\/2020\/?s={search_term_string}"},"query-input":{"@type":"PropertyValueSpecification","valueRequired":true,"valueName":"search_term_string"}}],"inLanguage":"en-US"},{"@type":"Organization","@id":"https:\/\/orthodoxalbania.org\/2020\/#organization","name":"Kisha Orthodhokse Autoqefale e Shqip\u00ebris\u00eb","url":"https:\/\/orthodoxalbania.org\/2020\/","logo":{"@type":"ImageObject","inLanguage":"en-US","@id":"https:\/\/orthodoxalbania.org\/2020\/#\/schema\/logo\/image\/","url":"https:\/\/orthodoxalbania.org\/2020\/wp-content\/uploads\/2020\/05\/albania.jpeg","contentUrl":"https:\/\/orthodoxalbania.org\/2020\/wp-content\/uploads\/2020\/05\/albania.jpeg","width":540,"height":540,"caption":"Kisha Orthodhokse Autoqefale e Shqip\u00ebris\u00eb"},"image":{"@id":"https:\/\/orthodoxalbania.org\/2020\/#\/schema\/logo\/image\/"},"sameAs":["https:\/\/www.facebook.com\/koash1991"]},{"@type":"Person","@id":"https:\/\/orthodoxalbania.org\/2020\/#\/schema\/person\/0c387634a7063ac612d7ed9ce71c7e86","name":"Kisha Orthodhokse","image":{"@type":"ImageObject","inLanguage":"en-US","@id":"https:\/\/secure.gravatar.com\/avatar\/596e7c417251e30f2fbb9c00e026fce61a695a00e51c889caded71c96cbbdde5?s=96&d=mm&r=g","url":"https:\/\/secure.gravatar.com\/avatar\/596e7c417251e30f2fbb9c00e026fce61a695a00e51c889caded71c96cbbdde5?s=96&d=mm&r=g","contentUrl":"https:\/\/secure.gravatar.com\/avatar\/596e7c417251e30f2fbb9c00e026fce61a695a00e51c889caded71c96cbbdde5?s=96&d=mm&r=g","caption":"Kisha Orthodhokse"}}]}},"_links":{"self":[{"href":"https:\/\/orthodoxalbania.org\/2020\/wp-json\/wp\/v2\/posts\/548","targetHints":{"allow":["GET"]}}],"collection":[{"href":"https:\/\/orthodoxalbania.org\/2020\/wp-json\/wp\/v2\/posts"}],"about":[{"href":"https:\/\/orthodoxalbania.org\/2020\/wp-json\/wp\/v2\/types\/post"}],"author":[{"embeddable":true,"href":"https:\/\/orthodoxalbania.org\/2020\/wp-json\/wp\/v2\/users\/1"}],"replies":[{"embeddable":true,"href":"https:\/\/orthodoxalbania.org\/2020\/wp-json\/wp\/v2\/comments?post=548"}],"version-history":[{"count":1,"href":"https:\/\/orthodoxalbania.org\/2020\/wp-json\/wp\/v2\/posts\/548\/revisions"}],"predecessor-version":[{"id":15775,"href":"https:\/\/orthodoxalbania.org\/2020\/wp-json\/wp\/v2\/posts\/548\/revisions\/15775"}],"wp:attachment":[{"href":"https:\/\/orthodoxalbania.org\/2020\/wp-json\/wp\/v2\/media?parent=548"}],"wp:term":[{"taxonomy":"category","embeddable":true,"href":"https:\/\/orthodoxalbania.org\/2020\/wp-json\/wp\/v2\/categories?post=548"},{"taxonomy":"post_tag","embeddable":true,"href":"https:\/\/orthodoxalbania.org\/2020\/wp-json\/wp\/v2\/tags?post=548"}],"curies":[{"name":"wp","href":"https:\/\/api.w.org\/{rel}","templated":true}]}}