{"id":5479,"date":"2017-08-11T12:44:30","date_gmt":"2017-08-11T12:44:30","guid":{"rendered":""},"modified":"2020-04-06T21:58:18","modified_gmt":"2020-04-06T19:58:18","slug":"intervista-e-kryepiskopit-anastas-per-agjencine-e-lajmeve-te-athines-dhe-te-maqedonise","status":"publish","type":"post","link":"https:\/\/orthodoxalbania.org\/2020\/2017\/08\/11\/intervista-e-kryepiskopit-anastas-per-agjencine-e-lajmeve-te-athines-dhe-te-maqedonise\/","title":{"rendered":"Intervista e Kryepiskopit Anastas p\u00ebr Agjencin\u00eb e Lajmeve t\u00eb Athin\u00ebs dhe t\u00eb Maqedonis\u00eb"},"content":{"rendered":"<p style=\"text-align: justify;\"> <\/p>\n<p style=\"text-align: justify;\"><span style=\"font-size: 12pt; font-family: helvetica; color: #000000;\">\u201cN\u00eb Shqip\u00ebri, ajo q\u00eb ndjeva fillimisht ishte nj\u00eb dhimbje e madhe dhe m\u2019u krijua nj\u00eb ndjesi vuajtjeje p\u00ebr sa kishin ndodhur, ngjarje q\u00eb ne i kishim ndjekur nga jasht\u00eb vendit thjesht si spektator\u00eb\u201d.<\/span><\/p>\n<p style=\"text-align: justify;\"><span style=\"font-size: 12pt; font-family: helvetica; color: #000000;\">N\u00eb nj\u00eb intervist\u00eb q\u00eb zbulon shum\u00eb t\u00eb v\u00ebrteta, kreu i Kish\u00ebs Orthodhokse Autoqefale t\u00eb Shqip\u00ebris\u00eb, Anastasi, pohon p\u00ebr Agjencin\u00eb e Lajmeve t\u00eb Athin\u00ebs dhe t\u00eb Maqedonis\u00eb, pun\u00ebn e tij t\u00eb palodhur, me synimin, p\u00ebrpjekjet dhe mundin e madh p\u00ebr t\u00eb ringritur Kish\u00ebn Orthodhokse Autoqefale t\u00eb Shqip\u00ebris\u00eb. Kjo vep\u00ebr daton n\u00eb qershor t\u00eb vitit 1992, kur Fortlumturia e Tij u zgjodh Kryepiskop i Tiran\u00ebs, Durr\u00ebsit dhe i Gjith\u00eb Shqip\u00ebris\u00eb, dhe vazhdon t\u00eb jet\u00eb edhe sot. ALA-MA e takoi n\u00eb Laris\u00eb, ku bashkia e qytetit e nderoi p\u00ebr vepr\u00ebn e tij kolosale shpirt\u00ebrore e sociale, p\u00ebr urat e dashuris\u00eb dhe t\u00eb solidaritetit q\u00eb ka ngritur.<\/span><\/p>\n<p style=\"text-align: justify;\"><span style=\"font-size: 12pt; font-family: helvetica; color: #000000;\">Kryepiskopi Anastas Jannullatos, q\u00eb ka studiuar n\u00eb Greqi dhe n\u00eb Gjermani, si\u00e7 thot\u00eb edhe vet\u00eb, e ka pasur perspektiv\u00eb t\u00eb punonte n\u00eb vendin ton\u00eb dhe n\u00eb Afrik\u00eb. N\u00eb janar t\u00eb vitit 1991, nd\u00ebrkoh\u00eb q\u00eb ishte profesor i Universitetit t\u00eb Athin\u00ebs dhe M\u00ebk\u00ebmb\u00ebs i Mitropolis\u00eb s\u00eb Shenjt\u00eb t\u00eb Irinupolit n\u00eb Afrik\u00ebn Lindore, mori nga Patriarkana Ekumenike nj\u00eb telefonat\u00eb ku i b\u00ebnin t\u00eb ditur se ishte zgjedhur Ekzark Patriarkal n\u00eb Shqip\u00ebri, p\u00ebr t\u00eb par\u00eb nga af\u00ebr se \u00e7far\u00eb kishte mbetur n\u00eb k\u00ebt\u00eb vend nga Orthodhoksia, e cila ishte shp\u00ebrb\u00ebr\u00eb pas 23 vitesh t\u00eb persekutimit m\u00eb t\u00eb eg\u00ebr ateist n\u00eb bot\u00eb.<\/span><\/p>\n<p style=\"text-align: justify;\"><span style=\"font-size: 12pt; font-family: helvetica; color: #000000;\">\u201cKurr\u00eb nuk e kisha menduar di\u00e7ka t\u00eb till\u00eb. Por iu binda k\u00ebrkes\u00ebs s\u00eb Fronit Ekumenik dhe e pranova k\u00ebt\u00eb detyr\u00eb t\u00eb panjohur deri m\u00eb at\u00ebher\u00eb\u201d &#8211; deklaron p\u00ebr ALA-MA, duke theksuar se iu desh\u00ebn gjasht\u00eb muaj q\u00eb autoritetet shqiptare t\u2019i jepnin viz\u00ebn. Nj\u00eb vit m\u00eb von\u00eb, tashm\u00eb n\u00eb pozit\u00ebn e kreut t\u00eb Kish\u00ebs, gjendet brenda nj\u00eb ambienti t\u00eb v\u00ebshtir\u00eb.<\/span><\/p>\n<p style=\"text-align: justify;\">&nbsp;<\/p>\n<p style=\"text-align: center;\"><span style=\"font-size: 12pt; font-family: helvetica; color: #800000;\"><strong>Shqip\u00ebria postkomuniste<\/strong><\/span><\/p>\n<p style=\"text-align: justify;\">&nbsp;<\/p>\n<p style=\"text-align: justify;\"><span style=\"font-size: 12pt; font-family: helvetica; color: #000000;\">Kryepiskopi Anastas shpalos situat\u00ebn e at\u00ebhershme, t\u00eb cil\u00ebn u thirr p\u00ebr ta zgjidhur dhe realitetin e err\u00ebt n\u00eb Shqip\u00ebrin\u00eb e vitit 1992. \u201cKemi pasur edhe n\u00eb koh\u00eb t\u00eb tjera persekutim t\u00eb fes\u00eb, por ajo q\u00eb kishte ndodhur n\u00eb Shqip\u00ebri ishte di\u00e7ka unike: Kisha ishte shp\u00ebrb\u00ebr\u00eb krejt\u00ebsisht. Fenomene t\u00eb ngjashme nuk kemi hasur n\u00eb historin\u00eb e njer\u00ebzimit. Nuk ka shtet tjet\u00ebr q\u00eb t\u00eb jet\u00eb shpallur me kushtetut\u00eb ateist. Enver Hoxha donte q\u00eb edhe n\u00eb k\u00ebt\u00eb fush\u00eb t\u00eb ishte origjinal. Pjesa m\u00eb e madhe e kishave u shemb\u00ebn ose u shnd\u00ebrruan n\u00eb stalla, depo gruri, kova\u00e7hana, kinema etj.<\/span><\/p>\n<p style=\"text-align: justify;\"><span style=\"font-size: 12pt; font-family: helvetica; color: #000000;\">T\u00eb gjith\u00eb klerik\u00ebt u detyruan t\u00eb braktisnin vepr\u00ebn e tyre. M\u00eb e keqja nuk ishte se u shkat\u00ebrruan kishat, por sepse persekutor\u00ebt u p\u00ebrpoq\u00ebn t\u00eb \u00e7rr\u00ebnjosnin besimin nga zemrat e njer\u00ebzve. Arsimi u kthye n\u00eb m\u00ebnyr\u00eb sistematike n\u00eb arsim ateist, nga vitet e shkoll\u00ebs fillore e deri tek ato universitare. Persekutimi i pam\u00ebshirsh\u00ebm e \u00e7oi vendin n\u00eb r\u00ebnie shpirt\u00ebrore. Si\u00e7 shkruan Dostojevksi: \u201cN\u00ebse nuk ka Per\u00ebndi, t\u00eb gjitha lejohen\u201d.<\/span><\/p>\n<p style=\"text-align: justify;\">&nbsp;<\/p>\n<p style=\"text-align: center;\"><span style=\"font-size: 12pt; font-family: helvetica; color: #800000;\"><strong>Shpresa rilindi<\/strong><\/span><\/p>\n<p style=\"text-align: justify;\">&nbsp;<\/p>\n<p style=\"text-align: justify;\"><span style=\"font-size: 12pt; font-family: helvetica; color: #000000;\">Me besimin e madh se shpresa do t\u00eb rilindte p\u00ebrs\u00ebri, Fortlumturia mb\u00ebrriti n\u00eb Shqip\u00ebri n\u00eb mosh\u00ebn 62-vje\u00e7are, pa e njohur gjuh\u00ebn shqipe. \u201cN\u00eb k\u00ebt\u00eb vend e kishin kryq\u00ebzuar dhe e kishin varrosur Krishtin p\u00ebr 23 vite, por m\u00eb n\u00eb fund Krishti u Ngjall\u201d, thekson dhe vazhdon duke th\u00ebn\u00eb se fjal\u00ebt e para q\u00eb ai m\u00ebsoi n\u00eb shqip ishte pik\u00ebrisht kjo p\u00ebrsh\u00ebndetje paskale.<\/span><\/p>\n<p style=\"text-align: justify;\"><span style=\"font-size: 12pt; font-family: helvetica; color: #000000;\">\u201cKur mb\u00ebrrit\u00ebm n\u00eb Kish\u00ebn e rr\u00ebnuar Katedrale t\u00eb Ungjill\u00ebzimit, e cila n\u00eb vitet e regjimit ishte shnd\u00ebrruar n\u00eb palest\u00ebr, pyeta se si thuhet \u201cKristos Anesti!\u201d n\u00eb shqip dhe k\u00ebrkova q\u00eb secili t\u00eb merrte nga nj\u00eb qiri. Kur i ndez\u00ebn, thirra: \u201cKrishti u Ngjall!\u201d. Me shum\u00eb mall\u00ebngjim e lot, njer\u00ebzit e pakt\u00eb t\u00eb pranish\u00ebm u p\u00ebrgjigj\u00ebn: \u201cV\u00ebrtet u Ngjall!\u201d. Shpresa u ringjall. Lindi perspektiva p\u00ebr t\u00eb ardhmen. E t\u00ebr\u00eb vepra jon\u00eb gjat\u00eb k\u00ebtyre viteve u krye n\u00eb mes t\u00eb reve, rrebesheve dhe v\u00ebshtir\u00ebsive t\u00eb shum\u00ebllojshme. \u201cKrishti u Ngjall!\u201d p\u00ebrcaktoi ritmin e gjith\u00eb ecuris\u00eb son\u00eb\u201d, &#8211; thekson ai p\u00ebr Agjencin\u00eb ton\u00eb t\u00eb Lajmeve.<\/span><\/p>\n<p style=\"text-align: justify;\">&nbsp;<\/p>\n<p style=\"text-align: center;\"><span style=\"font-size: 12pt; font-family: helvetica; color: #800000;\"><strong>Mozaiku i nj\u00eb realiteti ballkanik<\/strong><\/span><\/p>\n<p style=\"text-align: justify;\">&nbsp;<\/p>\n<p style=\"text-align: justify;\"><span style=\"font-size: 12pt; font-family: helvetica; color: #000000;\">Realiteti n\u00eb Shqip\u00ebri p\u00ebrcakton edhe ve\u00e7antin\u00eb e Kish\u00ebs, t\u00eb cil\u00ebn Bariu duhej ta administronte p\u00ebr t\u00eb nd\u00ebrtuar ura dashurie, solidariteti dhe perspektive. P\u00ebrtej faktit se \u201cKisha e Shqip\u00ebris\u00eb ishte t\u00ebr\u00ebsisht e shp\u00ebrb\u00ebr\u00eb, ajo p\u00ebrb\u00ebnte nj\u00eb mozaik t\u00eb realitetit ballkanik\u201d, thot\u00eb Kryepiskopi Anastas dhe parashtron ve\u00e7antit\u00eb e ambientit, brenda t\u00eb cilit u p\u00ebrpoq t\u00eb transmetonte mesazhin e Ungjillit.<\/span><\/p>\n<p style=\"text-align: justify;\"><span style=\"font-size: 12pt; font-family: helvetica; color: #000000;\">\u201cNj\u00eb ve\u00e7anti e k\u00ebsaj Kishe \u00ebsht\u00eb se nuk ka pasur nj\u00ebtrajt\u00ebsi sa i takon p\u00ebrkat\u00ebsis\u00eb etnike. \u00cbsht\u00eb di\u00e7ka q\u00eb nuk kuptohet leht\u00eb. An\u00ebtar\u00ebt e saj jan\u00eb shqiptar\u00eb, grek\u00eb, sllav\u00eb, vlleh\u00eb (nga k\u00ebta t\u00eb fundit disa lidhen me Greqin\u00eb dhe disa t\u00eb tjer\u00eb me Rumanin\u00eb, nd\u00ebrsa nj\u00eb grup tjet\u00ebr \u00ebsht\u00eb asimiluar n\u00eb shoq\u00ebrin\u00eb e vendit) etj. Prej \u00e7astit t\u00eb par\u00eb u p\u00ebrpoq\u00ebm t\u00eb jemi t\u00eb gjith\u00eb t\u00eb bashkuar. Theksova n\u00eb m\u00ebnyr\u00eb simbolike: T\u00eb gjitha pem\u00ebt e pyllit jan\u00eb t\u00eb lira t\u00eb zhvillohen n\u00ebn Diellin e Drejt\u00ebsis\u00eb. Gjithashtu i pranuam edhe ata q\u00eb donin t\u00eb ndiqnin Kalendarin e Vjet\u00ebr. Jemi nj\u00eb mozaik i realitetit ballkanik\u201d.<\/span><\/p>\n<p style=\"text-align: justify;\">&nbsp;<\/p>\n<p style=\"text-align: center;\"><span style=\"font-size: 12pt; font-family: helvetica; color: #800000;\"><strong>Roli n\u00eb shoq\u00ebri<\/strong><\/span><\/p>\n<p style=\"text-align: justify;\">&nbsp;<\/p>\n<p style=\"text-align: justify;\"><span style=\"font-size: 12pt; font-family: helvetica; color: #000000;\">Me parimin bazik se \u201c\u00e7do person njer\u00ebzor \u00ebsht\u00eb ikon\u00eb e Per\u00ebndis\u00eb, pra nj\u00eb person i respektuar\u201d, Kryepiskopi Anastas i respekton t\u00eb gjitha besimet fetare dhe ka shtrir\u00eb dor\u00ebn e bashk\u00ebpunimit e respektit p\u00ebr t\u00eb gjitha komunitetet fetare.<\/span><\/p>\n<p style=\"text-align: justify;\"><span style=\"font-size: 12pt; font-family: helvetica; color: #000000;\">Si\u00e7 na shpjegon ai, Kisha Orthodhokse Autoqefale e Shqip\u00ebris\u00eb nuk p\u00ebrb\u00ebn shumic\u00ebn e popullsis\u00eb n\u00eb vend, si n\u00eb vende t\u00eb tjera t\u00eb Gadishullit Ballkanik, por nuk \u00ebsht\u00eb as edhe nj\u00eb pakic\u00eb e kufizuar, si n\u00eb qendra t\u00eb tjera t\u00eb Patriarkanave t\u00eb vjetra dhe thekson:<\/span><\/p>\n<p style=\"text-align: justify;\"><span style=\"font-size: 12pt; font-family: helvetica; color: #000000;\">\u201cJemi rreth 20-22% e popullsis\u00eb s\u00eb vendit. Kemi rol t\u00eb r\u00ebnd\u00ebsish\u00ebm n\u00eb shoq\u00ebri. Nj\u00ebkoh\u00ebsisht ekzistojn\u00eb edhe ata, t\u00eb cil\u00ebt shqet\u00ebsohen p\u00ebr k\u00ebt\u00eb rol. Q\u00eb n\u00eb momentet e para u p\u00ebrpoq\u00ebm t\u00eb kultivonim mir\u00ebkuptim dhe respekt t\u00eb nd\u00ebrsjell\u00eb. \u00c7do person njer\u00ebzor \u00ebsht\u00eb p\u00ebr ne i respektuar. T\u00eb gjith\u00eb njer\u00ebzit jan\u00eb krijesa t\u00eb Per\u00ebndis\u00eb. Bindjet e ndryshme fetare jan\u00eb zgjedhja e tyre dhe \u00e7\u00ebshtje e liris\u00eb vetjake. Ne i respektojm\u00eb, i duam dhe bashk\u00ebpunojm\u00eb me ta\u201d.<\/span><\/p>\n<p style=\"text-align: justify;\">&nbsp;<\/p>\n<p style=\"text-align: center;\"><span style=\"font-size: 12pt; font-family: helvetica; color: #800000;\"><strong>Dialogu i jet\u00ebs me komunitetet e tjera fetare<\/strong><\/span><\/p>\n<p style=\"text-align: justify;\">&nbsp;<\/p>\n<p style=\"text-align: justify;\"><span style=\"font-size: 12pt; font-family: helvetica; color: #000000;\">Kryepiskopi thekson n\u00eb m\u00ebnyr\u00eb t\u00eb ve\u00e7ant\u00eb se \u201cfjala toleranc\u00eb ka di\u00e7ka arrogante brenda vetes\u201d, nd\u00ebrkoh\u00eb q\u00eb me vendosm\u00ebri e rrjedhsh\u00ebm shprehet: \u201cSynojm\u00eb marr\u00ebdh\u00ebnie harmonike t\u00eb mir\u00ebkuptimit dhe t\u00eb bashkekzistenc\u00ebs. Tjetri mund t\u00eb jet\u00eb i ndrysh\u00ebm, por nuk do t\u00eb thot\u00eb se \u00ebsht\u00eb kund\u00ebrshtar apo armik. Ruajm\u00eb marr\u00ebdh\u00ebnie t\u00eb mira me Komunitetin Mysliman Sunit, me Komunitetin e Bektashinjve, me Katolik\u00ebt dhe Protestant\u00ebt n\u00eb Shqip\u00ebri. Jemi n\u00eb nj\u00eb \u201cdialog jete\u201d. \u00cbsht\u00eb m\u00eb se e qart\u00eb se nuk b\u00ebjm\u00eb asnj\u00eb l\u00ebshim n\u00eb idet\u00eb, n\u00eb bindjet tona. Jemi ajo q\u00eb jemi, por nuk kemi marr\u00ebdh\u00ebnie konfliktuale\u201d.<\/span><\/p>\n<p style=\"text-align: justify;\">&nbsp;<\/p>\n<p style=\"text-align: center;\"><span style=\"font-size: 12pt; font-family: helvetica; color: #800000;\"><strong>Nj\u00eb dritare e hapur p\u00ebr shoq\u00ebrin\u00eb dhe kultur\u00ebn<\/strong><\/span><\/p>\n<p style=\"text-align: justify;\">&nbsp;<\/p>\n<p style=\"text-align: justify;\"><span style=\"font-size: 12pt; font-family: helvetica; color: #000000;\">Kompleksi i Kish\u00ebs Katedrale, q\u00eb i \u00ebsht\u00eb p\u00ebrkushtuar Ngjalljes s\u00eb Krishtit dhe mbizot\u00ebron n\u00eb qend\u00ebr t\u00eb Tiran\u00ebs, sh\u00ebnon rilindjen e Kish\u00ebs Orthodhokse, nd\u00ebrsa nj\u00ebkoh\u00ebsisht p\u00ebrb\u00ebn nj\u00eb vat\u00ebr p\u00ebr p\u00ebrhapjen e kultur\u00ebs, \u201cnj\u00eb dritare t\u00eb hapur p\u00ebr shoq\u00ebrin\u00eb\u201d, si\u00e7 p\u00ebrs\u00ebrit Kryepiskopi. N\u00eb ambientet posht\u00eb Kish\u00ebs Katedrale \u00ebsht\u00eb nd\u00ebrtuar Qendra Kulturore, e cila i mban dyert hapur p\u00ebr aktivitete t\u00eb shum\u00ebllojta. \u201cNe jemi nj\u00eb komunitet i hapur, q\u00eb nuk shqet\u00ebsohemi dhe as kemi frik\u00eb. Rrezatojm\u00eb besim, dashuri dhe shpres\u00eb. I shikojm\u00eb njer\u00ebzit me respekt, pa frik\u00eb dhe shqet\u00ebsim\u201d.<\/span><\/p>\n<p style=\"text-align: justify;\"><span style=\"font-size: 12pt; font-family: helvetica; color: #000000;\">Ecuria e mundimshme p\u00ebr ringritjen nga g\u00ebrmadhat t\u00eb Kish\u00ebs Orthodhokse Autoqefale t\u00eb Shqip\u00ebris\u00eb shfaqet e pikturuar n\u00eb murin lindor t\u00eb paraklisit t\u00eb Kish\u00ebs Katedrale, q\u00eb i \u00ebsht\u00eb kushtuar Lindjes s\u00eb Krishtit. Artisti Kristo Papanikolau, nj\u00eb bashkudh\u00ebtar i Kryepiskopit p\u00ebr 18 vite, ve\u00e7 ikonografis\u00eb, guxon t\u00eb skicoj\u00eb n\u00eb ikona edhe skena nga rruga p\u00ebr ringjalljen e Kish\u00ebs n\u00eb fshatra dhe n\u00eb qytete t\u00eb Shqip\u00ebris\u00eb gjat\u00eb k\u00ebtyre 25 viteve.<\/span><\/p>\n<p style=\"text-align: justify;\"><span style=\"font-size: 12pt; font-family: helvetica; color: #000000;\">Profesori i Akademis\u00eb s\u00eb Arteve t\u00eb Tiran\u00ebs, z. Vladimir Myrtezai, n\u00eb nj\u00eb artikull kritik t\u00eb tijin i referohet pik\u00ebrisht bukuris\u00eb s\u00eb krijimit q\u00eb flet n\u00eb heshtje brenda paraklisit, ku artisti me shum\u00eb aft\u00ebsi, duke shfryt\u00ebzuar ekuilibrat e ambientit dhe n\u00ebp\u00ebrmjet artit t\u00eb tij me vij\u00ebzat q\u00eb krijojn\u00eb drit\u00eb-hije, ka kompozuar nj\u00eb vep\u00ebr unikale. Paraklisi i Lindjes p\u00ebrb\u00ebn arritje dhe nj\u00eb trash\u00ebgimi kulturore p\u00ebr popullin shqiptar, t\u00eb dhuruar nga Kryepiskopi Anastas.<\/span><\/p>\n<p style=\"text-align: justify;\">&nbsp;<\/p>\n<p style=\"text-align: center;\"><span style=\"font-size: 12pt; font-family: helvetica; color: #800000;\"><strong>Problemet gjat\u00eb sh\u00ebrbes\u00ebs<\/strong><\/span><\/p>\n<p style=\"text-align: justify;\">&nbsp;<\/p>\n<p style=\"text-align: justify;\"><span style=\"font-size: 12pt; font-family: helvetica; color: #000000;\">N\u00eb kushtet e v\u00ebshtira ku ndodhej Orthodhoksia, n\u00eb nj\u00eb r\u00ebnie t\u00eb saj t\u00eb thell\u00eb, Kryepiskopi Anastas, duke v\u00ebn\u00eb n\u00eb praktik\u00eb mendimin teologjik dhe p\u00ebrvoj\u00ebn hierapostolike t\u00eb shekujve, veproi me vendosm\u00ebri duke nd\u00ebrmarr\u00eb hapa n\u00eb tri drejtime: a) n\u00eb p\u00ebrdorimin e gjuh\u00ebs amtare n\u00eb adhurim, katekiz\u00ebm dhe predikim; b) n\u00eb dor\u00ebzimin e klerit vendas; c) n\u00eb sigurimin e fondeve financiare. P\u00ebr k\u00ebt\u00eb ai flet n\u00eb m\u00ebnyr\u00eb m\u00eb analitike: \u201cAdhurimi kryhet n\u00eb gjuh\u00ebn shqipe. N\u00eb fshatrat greke, sigurisht, p\u00ebrdoret gjuha greke, n\u00eb enorit\u00eb sllave adhurimi kryhet n\u00eb sllavonisht etj.\u201d. Paralelisht, gjat\u00eb 25 viteve t\u00eb sh\u00ebrbes\u00ebs s\u00eb tij jan\u00eb botuar n\u00eb gjuh\u00ebn shqipe gazeta mujore, revista, libra (160), q\u00eb e kan\u00eb pasuruar m\u00eb tej literatur\u00ebn orthodhokse.<\/span><\/p>\n<p style=\"text-align: justify;\"><span style=\"font-size: 12pt; font-family: helvetica; color: #000000;\">P\u00ebr krijimin e klerit vendas, fillimisht erdh\u00ebn n\u00eb Shqip\u00ebri prift\u00ebrinj nga Greqia dhe Amerika, p\u00ebr t\u00eb ndihmuar Kryepiskopin Anastas n\u00eb periudh\u00ebn e par\u00eb t\u00eb vepr\u00ebs s\u00eb tij. U organizuan seminare, m\u00eb von\u00eb, hap pas hapi, u ngrit Akademia Teologjike. \u201cNuk pranova asnj\u00eb kandidat p\u00ebr prift\u00ebrin\u00eb, q\u00eb nuk kishte mbaruar shkoll\u00ebn e mesme dhe q\u00eb nuk ishte i predispozuar p\u00ebr t\u00eb vazhduar m\u00eb tej studimet\u201d, thekson Kryepiskopi dhe shton se deri m\u00eb tani jan\u00eb arsimuar dhe hirotonisur rreth 160 klerik\u00eb (nga t\u00eb cil\u00ebt 10 kan\u00eb nd\u00ebrruar jet\u00eb). Gjithashtu jan\u00eb hirotonisur episkop\u00eb me origjin\u00eb shqiptare, me nj\u00eb formim shum\u00eb t\u00eb mir\u00eb n\u00eb teologji.<\/span><\/p>\n<p style=\"text-align: justify;\"><span style=\"font-size: 12pt; font-family: helvetica; color: #000000;\">Pavar\u00ebsia ekonomike e Kish\u00ebs Orthodhokse Autoqefale t\u00eb Shqip\u00ebris\u00eb ka qen\u00eb puna m\u00eb e v\u00ebshtir\u00eb. \u201cDuhej t\u00eb siguronim t\u00eb ardhura t\u00eb q\u00ebndrueshme nga burimet vendase. Si fillim nis\u00ebm t\u00eb depozitonim n\u00ebp\u00ebr banka dhe m\u00eb pas t\u00eb blinim prona t\u00eb paluajtshme. Me kalimin e koh\u00ebs, me ndihm\u00ebn e Per\u00ebndis\u00eb, n\u00ebp\u00ebrmjet donacioneve t\u00eb ndryshme dhe me kredi bankare, realizuam nd\u00ebrtimin e nj\u00eb hidrocentrali, t\u00eb ardhurat e t\u00eb cilit do t\u00eb p\u00ebrdoren p\u00ebr p\u00ebrballimin e nevojave elementare n\u00eb funksionimin e Kish\u00ebs dhe do t\u00eb sigurojn\u00eb vazhdim\u00ebsin\u00eb e vepr\u00ebs arsimore e sociale t\u00eb saj. Nuk jan\u00eb vet\u00ebm klerik\u00ebt me familjet e tyre, por edhe rreth 800 punonj\u00ebs q\u00eb ofrojn\u00eb aft\u00ebsit\u00eb e tyre n\u00eb 30 shkolla t\u00eb t\u00eb gjitha niveleve, n\u00eb qendrat sh\u00ebndet\u00ebsore dhe n\u00eb veprimtari t\u00eb ndryshme sociale.<\/span><\/p>\n<p style=\"text-align: justify;\">&nbsp;<\/p>\n<p style=\"text-align: center;\"><span style=\"font-size: 12pt; font-family: helvetica; color: #800000;\"><strong>Vepra e dashuris\u00eb p\u00ebr t\u00eb mir\u00ebn e shoq\u00ebris\u00eb<\/strong><\/span><\/p>\n<p style=\"text-align: justify;\">&nbsp;<\/p>\n<p style=\"text-align: justify;\"><span style=\"font-size: 12pt; font-family: helvetica; color: #000000;\">Kryepiskopi Anastas foli n\u00eb p\u00ebrgjith\u00ebsi rreth sprovave t\u00eb m\u00ebdha dhe p\u00ebrpjekjve p\u00ebr gjetjen e fondeve t\u00eb nevojshme financiare p\u00ebr mund\u00ebsimin e nj\u00eb vepre dashurie bamir\u00ebse e sociale n\u00eb Shqip\u00ebri. \u201cGjendja ekonomike ishte e v\u00ebshtir\u00eb. Kisha ishte shum\u00eb e varf\u00ebr. T\u00ebr\u00eb pasuria e saj ishte konfiskuar. Megjithat\u00eb, gjat\u00eb k\u00ebsaj periudhe nd\u00ebrtuam 150 kisha t\u00eb reja, rikonstruktuam mbi 160 t\u00eb tjera ekzistuese dhe restauruam mbi 60 monumente t\u00eb kultur\u00ebs. N\u00eb shum\u00eb raste na u desh t\u00eb nd\u00ebrtonim rrug\u00eb, uj\u00ebsjell\u00ebs, konvikte, klinika, shkolla t\u00eb t\u00eb gjitha niveleve. T\u00eb gjitha k\u00ebto vepra jan\u00eb shprehje e dashuris\u00eb p\u00ebr Per\u00ebndin\u00eb dhe njeriun. Lavdi Per\u00ebndis\u00eb, shum\u00eb dashamir\u00ebs iu p\u00ebrgjigj\u00ebn lutjeve tona p\u00ebr ndihm\u00eb ekonomike, njer\u00ebz nga Greqia, nga vende t\u00eb ndryshme t\u00eb Evrop\u00ebs, Amerika, Australia. Disa raste jan\u00eb ve\u00e7an\u00ebrisht prek\u00ebse\u201d.<\/span><\/p>\n<p style=\"text-align: justify;\"><span style=\"font-size: 12pt; font-family: helvetica; color: #000000;\">Kryepiskopi Anastasi e mbyll duke th\u00ebn\u00eb: \u201cKisha Orthodhokse Autoqefale e Shqip\u00ebris\u00eb, jo vet\u00ebm q\u00eb u ringrit t\u00ebr\u00ebsisht me t\u00eb gjitha strukturat kishtare, por nj\u00ebkoh\u00ebsisht kontribuon n\u00eb m\u00ebnyr\u00eb t\u00eb prekshme n\u00eb ringritjen e vendit, si dhe n\u00eb zhvillimin shpirt\u00ebror e social t\u00eb Shqip\u00ebris\u00eb\u201d.<\/span><\/p>\n<p>&nbsp;<\/p>\n<p style=\"text-align: right;\">&nbsp;<\/p>\n<p style=\"text-align: right;\"><span style=\"font-size: 12pt; font-family: helvetica; color: #000000;\"><strong><em>18\/06\/2017<\/em><\/strong><\/span><\/p>\n<p style=\"text-align: right;\"><span style=\"font-size: 12pt; font-family: helvetica; color: #000000;\"><strong><em>09:00 Agjencia e Lajmeve e Athin\u00ebs dhe e Maqedonis\u00eb<\/em><\/strong><\/span><\/p>\n<p style=\"text-align: right;\"><span style=\"font-size: 12pt; font-family: helvetica; color: #000000;\"><strong><em>\u039c. Xhora<\/em><\/strong><\/span><\/p>\n<p style=\"text-align: right;\"><span style=\"font-size: 12pt; font-family: helvetica; color: #000000;\"><strong><em>Janin\u00eb<\/em><\/strong><\/span><\/p>\n<p style=\"text-align: right;\">&nbsp;<\/p>\n<p style=\"text-align: center;\"><img class=\"lazyload\" decoding=\"async\" src=\"data:image\/svg+xml,%3Csvg%20xmlns%3D%27http%3A%2F%2Fwww.w3.org%2F2000%2Fsvg%27%20width%3D%27500%27%20height%3D%27426%27%20viewBox%3D%270%200%20500%20426%27%3E%3Crect%20width%3D%27500%27%20height%3D%27426%27%20fill-opacity%3D%220%22%2F%3E%3C%2Fsvg%3E\" data-orig-src=\"https:\/\/orthodoxalbania.org\/2020\/wp-content\/uploads\/2020\/04\/kryepiskopi1.jpg\" width=\"500\" height=\"426\" style=\"display: block; margin: 10px auto; border: 1px solid #000000;\" \/><\/p>\n<p style=\"text-align: right;\">&nbsp;<\/p>\n<p style=\"text-align: right;\">&nbsp;<\/p>\n","protected":false},"excerpt":{"rendered":"<p>\u201cN\u00eb Shqip\u00ebri, ajo q\u00eb ndjeva fillimisht ishte nj\u00eb dhimbje e madhe dhe m\u2019u krijua nj\u00eb ndjesi vuajtjeje p\u00ebr sa kishin ndodhur, ngjarje q\u00eb ne i kishim ndjekur nga jasht\u00eb vendit thjesht si spektator\u00eb\u201d. N\u00eb nj\u00eb intervist\u00eb q\u00eb zbulon shum\u00eb t\u00eb v\u00ebrteta, kreu i Kish\u00ebs Orthodhokse Autoqefale t\u00eb Shqip\u00ebris\u00eb, Anastasi, pohon p\u00ebr Agjencin\u00eb e Lajmeve t\u00eb Athin\u00ebs dhe t\u00eb Maqedonis\u00eb, pun\u00ebn e tij t\u00eb palodhur, me<\/p>\n","protected":false},"author":1,"featured_media":5443,"comment_status":"open","ping_status":"open","sticky":false,"template":"","format":"standard","meta":{"_acf_changed":false,"pagelayer_contact_templates":[],"_pagelayer_content":"","inline_featured_image":false,"fifu_image_url":"","fifu_image_alt":"","footnotes":""},"categories":[108],"tags":[212],"class_list":["post-5479","post","type-post","status-publish","format-standard","has-post-thumbnail","hentry","category-lajme","tag-lajme-d27"],"acf":[],"yoast_head":"<!-- This site is optimized with the Yoast SEO plugin v27.2 - https:\/\/yoast.com\/product\/yoast-seo-wordpress\/ -->\n<title>Intervista e Kryepiskopit Anastas p\u00ebr Agjencin\u00eb e Lajmeve t\u00eb Athin\u00ebs dhe t\u00eb Maqedonis\u00eb - Kisha Orthodh\u03bfkse Autoqefale e Shqip\u00ebris\u00eb<\/title>\n<meta name=\"robots\" content=\"index, follow, max-snippet:-1, max-image-preview:large, max-video-preview:-1\" \/>\n<link rel=\"canonical\" href=\"https:\/\/orthodoxalbania.org\/2020\/2017\/08\/11\/intervista-e-kryepiskopit-anastas-per-agjencine-e-lajmeve-te-athines-dhe-te-maqedonise\/\" \/>\n<meta property=\"og:locale\" content=\"en_US\" \/>\n<meta property=\"og:type\" content=\"article\" \/>\n<meta property=\"og:title\" content=\"Intervista e Kryepiskopit Anastas p\u00ebr Agjencin\u00eb e Lajmeve t\u00eb Athin\u00ebs dhe t\u00eb Maqedonis\u00eb - Kisha Orthodh\u03bfkse Autoqefale e Shqip\u00ebris\u00eb\" \/>\n<meta property=\"og:description\" content=\"\u201cN\u00eb Shqip\u00ebri, ajo q\u00eb ndjeva fillimisht ishte nj\u00eb dhimbje e madhe dhe m\u2019u krijua nj\u00eb ndjesi vuajtjeje p\u00ebr sa kishin ndodhur, ngjarje q\u00eb ne i kishim ndjekur nga jasht\u00eb vendit thjesht si spektator\u00eb\u201d. N\u00eb nj\u00eb intervist\u00eb q\u00eb zbulon shum\u00eb t\u00eb v\u00ebrteta, kreu i Kish\u00ebs Orthodhokse Autoqefale t\u00eb Shqip\u00ebris\u00eb, Anastasi, pohon p\u00ebr Agjencin\u00eb e Lajmeve t\u00eb Athin\u00ebs dhe t\u00eb Maqedonis\u00eb, pun\u00ebn e tij t\u00eb palodhur, me\" \/>\n<meta property=\"og:url\" content=\"https:\/\/orthodoxalbania.org\/2020\/2017\/08\/11\/intervista-e-kryepiskopit-anastas-per-agjencine-e-lajmeve-te-athines-dhe-te-maqedonise\/\" \/>\n<meta property=\"og:site_name\" content=\"Kisha Orthodh\u03bfkse Autoqefale e Shqip\u00ebris\u00eb\" \/>\n<meta property=\"article:publisher\" content=\"https:\/\/www.facebook.com\/koash1991\" \/>\n<meta property=\"article:published_time\" content=\"2017-08-11T12:44:30+00:00\" \/>\n<meta property=\"article:modified_time\" content=\"2020-04-06T19:58:18+00:00\" \/>\n<meta property=\"og:image\" content=\"https:\/\/orthodoxalbania.org\/2020\/wp-content\/uploads\/2020\/04\/kryepiskopi1-1024x873.jpg\" \/>\n\t<meta property=\"og:image:width\" content=\"1024\" \/>\n\t<meta property=\"og:image:height\" content=\"873\" \/>\n\t<meta property=\"og:image:type\" content=\"image\/jpeg\" \/>\n<meta name=\"author\" content=\"Kisha Orthodhokse\" \/>\n<meta name=\"twitter:card\" content=\"summary_large_image\" \/>\n<meta name=\"twitter:label1\" content=\"Written by\" \/>\n\t<meta name=\"twitter:data1\" content=\"Kisha Orthodhokse\" \/>\n\t<meta name=\"twitter:label2\" content=\"Est. reading time\" \/>\n\t<meta name=\"twitter:data2\" content=\"11 minutes\" \/>\n<script type=\"application\/ld+json\" class=\"yoast-schema-graph\">{\"@context\":\"https:\/\/schema.org\",\"@graph\":[{\"@type\":\"Article\",\"@id\":\"https:\/\/orthodoxalbania.org\/2020\/2017\/08\/11\/intervista-e-kryepiskopit-anastas-per-agjencine-e-lajmeve-te-athines-dhe-te-maqedonise\/#article\",\"isPartOf\":{\"@id\":\"https:\/\/orthodoxalbania.org\/2020\/2017\/08\/11\/intervista-e-kryepiskopit-anastas-per-agjencine-e-lajmeve-te-athines-dhe-te-maqedonise\/\"},\"author\":{\"name\":\"Kisha Orthodhokse\",\"@id\":\"https:\/\/orthodoxalbania.org\/2020\/#\/schema\/person\/0c387634a7063ac612d7ed9ce71c7e86\"},\"headline\":\"Intervista e Kryepiskopit Anastas p\u00ebr Agjencin\u00eb e Lajmeve t\u00eb Athin\u00ebs dhe t\u00eb Maqedonis\u00eb\",\"datePublished\":\"2017-08-11T12:44:30+00:00\",\"dateModified\":\"2020-04-06T19:58:18+00:00\",\"mainEntityOfPage\":{\"@id\":\"https:\/\/orthodoxalbania.org\/2020\/2017\/08\/11\/intervista-e-kryepiskopit-anastas-per-agjencine-e-lajmeve-te-athines-dhe-te-maqedonise\/\"},\"wordCount\":2190,\"commentCount\":0,\"publisher\":{\"@id\":\"https:\/\/orthodoxalbania.org\/2020\/#organization\"},\"image\":{\"@id\":\"https:\/\/orthodoxalbania.org\/2020\/2017\/08\/11\/intervista-e-kryepiskopit-anastas-per-agjencine-e-lajmeve-te-athines-dhe-te-maqedonise\/#primaryimage\"},\"thumbnailUrl\":\"https:\/\/orthodoxalbania.org\/2020\/wp-content\/uploads\/2020\/04\/kryepiskopi1.jpg\",\"keywords\":[\"lajme\"],\"articleSection\":[\"Lajme\"],\"inLanguage\":\"en-US\"},{\"@type\":\"WebPage\",\"@id\":\"https:\/\/orthodoxalbania.org\/2020\/2017\/08\/11\/intervista-e-kryepiskopit-anastas-per-agjencine-e-lajmeve-te-athines-dhe-te-maqedonise\/\",\"url\":\"https:\/\/orthodoxalbania.org\/2020\/2017\/08\/11\/intervista-e-kryepiskopit-anastas-per-agjencine-e-lajmeve-te-athines-dhe-te-maqedonise\/\",\"name\":\"Intervista e Kryepiskopit Anastas p\u00ebr Agjencin\u00eb e Lajmeve t\u00eb Athin\u00ebs dhe t\u00eb Maqedonis\u00eb - Kisha Orthodh\u03bfkse Autoqefale e Shqip\u00ebris\u00eb\",\"isPartOf\":{\"@id\":\"https:\/\/orthodoxalbania.org\/2020\/#website\"},\"primaryImageOfPage\":{\"@id\":\"https:\/\/orthodoxalbania.org\/2020\/2017\/08\/11\/intervista-e-kryepiskopit-anastas-per-agjencine-e-lajmeve-te-athines-dhe-te-maqedonise\/#primaryimage\"},\"image\":{\"@id\":\"https:\/\/orthodoxalbania.org\/2020\/2017\/08\/11\/intervista-e-kryepiskopit-anastas-per-agjencine-e-lajmeve-te-athines-dhe-te-maqedonise\/#primaryimage\"},\"thumbnailUrl\":\"https:\/\/orthodoxalbania.org\/2020\/wp-content\/uploads\/2020\/04\/kryepiskopi1.jpg\",\"datePublished\":\"2017-08-11T12:44:30+00:00\",\"dateModified\":\"2020-04-06T19:58:18+00:00\",\"breadcrumb\":{\"@id\":\"https:\/\/orthodoxalbania.org\/2020\/2017\/08\/11\/intervista-e-kryepiskopit-anastas-per-agjencine-e-lajmeve-te-athines-dhe-te-maqedonise\/#breadcrumb\"},\"inLanguage\":\"en-US\",\"potentialAction\":[{\"@type\":\"ReadAction\",\"target\":[\"https:\/\/orthodoxalbania.org\/2020\/2017\/08\/11\/intervista-e-kryepiskopit-anastas-per-agjencine-e-lajmeve-te-athines-dhe-te-maqedonise\/\"]}]},{\"@type\":\"ImageObject\",\"inLanguage\":\"en-US\",\"@id\":\"https:\/\/orthodoxalbania.org\/2020\/2017\/08\/11\/intervista-e-kryepiskopit-anastas-per-agjencine-e-lajmeve-te-athines-dhe-te-maqedonise\/#primaryimage\",\"url\":\"https:\/\/orthodoxalbania.org\/2020\/wp-content\/uploads\/2020\/04\/kryepiskopi1.jpg\",\"contentUrl\":\"https:\/\/orthodoxalbania.org\/2020\/wp-content\/uploads\/2020\/04\/kryepiskopi1.jpg\",\"width\":1772,\"height\":1511},{\"@type\":\"BreadcrumbList\",\"@id\":\"https:\/\/orthodoxalbania.org\/2020\/2017\/08\/11\/intervista-e-kryepiskopit-anastas-per-agjencine-e-lajmeve-te-athines-dhe-te-maqedonise\/#breadcrumb\",\"itemListElement\":[{\"@type\":\"ListItem\",\"position\":1,\"name\":\"Home\",\"item\":\"https:\/\/orthodoxalbania.org\/2020\/\"},{\"@type\":\"ListItem\",\"position\":2,\"name\":\"Intervista e Kryepiskopit Anastas p\u00ebr Agjencin\u00eb e Lajmeve t\u00eb Athin\u00ebs dhe t\u00eb Maqedonis\u00eb\"}]},{\"@type\":\"WebSite\",\"@id\":\"https:\/\/orthodoxalbania.org\/2020\/#website\",\"url\":\"https:\/\/orthodoxalbania.org\/2020\/\",\"name\":\"Kisha Orthodh\u03bfkse Autoqefale e Shqip\u00ebris\u00eb\",\"description\":\"Fqja Zyrtare e Kish\u00ebs Orthodhokse Autoqefale e Shqip\u00ebris\u00eb me lajmet edhe informacionet zyrtare p\u00ebr struktur\u00ebn edhe veprimtarin e saj.\",\"publisher\":{\"@id\":\"https:\/\/orthodoxalbania.org\/2020\/#organization\"},\"potentialAction\":[{\"@type\":\"SearchAction\",\"target\":{\"@type\":\"EntryPoint\",\"urlTemplate\":\"https:\/\/orthodoxalbania.org\/2020\/?s={search_term_string}\"},\"query-input\":{\"@type\":\"PropertyValueSpecification\",\"valueRequired\":true,\"valueName\":\"search_term_string\"}}],\"inLanguage\":\"en-US\"},{\"@type\":\"Organization\",\"@id\":\"https:\/\/orthodoxalbania.org\/2020\/#organization\",\"name\":\"Kisha Orthodhokse Autoqefale e Shqip\u00ebris\u00eb\",\"url\":\"https:\/\/orthodoxalbania.org\/2020\/\",\"logo\":{\"@type\":\"ImageObject\",\"inLanguage\":\"en-US\",\"@id\":\"https:\/\/orthodoxalbania.org\/2020\/#\/schema\/logo\/image\/\",\"url\":\"https:\/\/orthodoxalbania.org\/2020\/wp-content\/uploads\/2020\/05\/albania.jpeg\",\"contentUrl\":\"https:\/\/orthodoxalbania.org\/2020\/wp-content\/uploads\/2020\/05\/albania.jpeg\",\"width\":540,\"height\":540,\"caption\":\"Kisha Orthodhokse Autoqefale e Shqip\u00ebris\u00eb\"},\"image\":{\"@id\":\"https:\/\/orthodoxalbania.org\/2020\/#\/schema\/logo\/image\/\"},\"sameAs\":[\"https:\/\/www.facebook.com\/koash1991\"]},{\"@type\":\"Person\",\"@id\":\"https:\/\/orthodoxalbania.org\/2020\/#\/schema\/person\/0c387634a7063ac612d7ed9ce71c7e86\",\"name\":\"Kisha Orthodhokse\",\"image\":{\"@type\":\"ImageObject\",\"inLanguage\":\"en-US\",\"@id\":\"https:\/\/secure.gravatar.com\/avatar\/596e7c417251e30f2fbb9c00e026fce61a695a00e51c889caded71c96cbbdde5?s=96&d=mm&r=g\",\"url\":\"https:\/\/secure.gravatar.com\/avatar\/596e7c417251e30f2fbb9c00e026fce61a695a00e51c889caded71c96cbbdde5?s=96&d=mm&r=g\",\"contentUrl\":\"https:\/\/secure.gravatar.com\/avatar\/596e7c417251e30f2fbb9c00e026fce61a695a00e51c889caded71c96cbbdde5?s=96&d=mm&r=g\",\"caption\":\"Kisha Orthodhokse\"}}]}<\/script>\n<!-- \/ Yoast SEO plugin. -->","yoast_head_json":{"title":"Intervista e Kryepiskopit Anastas p\u00ebr Agjencin\u00eb e Lajmeve t\u00eb Athin\u00ebs dhe t\u00eb Maqedonis\u00eb - Kisha Orthodh\u03bfkse Autoqefale e Shqip\u00ebris\u00eb","robots":{"index":"index","follow":"follow","max-snippet":"max-snippet:-1","max-image-preview":"max-image-preview:large","max-video-preview":"max-video-preview:-1"},"canonical":"https:\/\/orthodoxalbania.org\/2020\/2017\/08\/11\/intervista-e-kryepiskopit-anastas-per-agjencine-e-lajmeve-te-athines-dhe-te-maqedonise\/","og_locale":"en_US","og_type":"article","og_title":"Intervista e Kryepiskopit Anastas p\u00ebr Agjencin\u00eb e Lajmeve t\u00eb Athin\u00ebs dhe t\u00eb Maqedonis\u00eb - Kisha Orthodh\u03bfkse Autoqefale e Shqip\u00ebris\u00eb","og_description":"\u201cN\u00eb Shqip\u00ebri, ajo q\u00eb ndjeva fillimisht ishte nj\u00eb dhimbje e madhe dhe m\u2019u krijua nj\u00eb ndjesi vuajtjeje p\u00ebr sa kishin ndodhur, ngjarje q\u00eb ne i kishim ndjekur nga jasht\u00eb vendit thjesht si spektator\u00eb\u201d. N\u00eb nj\u00eb intervist\u00eb q\u00eb zbulon shum\u00eb t\u00eb v\u00ebrteta, kreu i Kish\u00ebs Orthodhokse Autoqefale t\u00eb Shqip\u00ebris\u00eb, Anastasi, pohon p\u00ebr Agjencin\u00eb e Lajmeve t\u00eb Athin\u00ebs dhe t\u00eb Maqedonis\u00eb, pun\u00ebn e tij t\u00eb palodhur, me","og_url":"https:\/\/orthodoxalbania.org\/2020\/2017\/08\/11\/intervista-e-kryepiskopit-anastas-per-agjencine-e-lajmeve-te-athines-dhe-te-maqedonise\/","og_site_name":"Kisha Orthodh\u03bfkse Autoqefale e Shqip\u00ebris\u00eb","article_publisher":"https:\/\/www.facebook.com\/koash1991","article_published_time":"2017-08-11T12:44:30+00:00","article_modified_time":"2020-04-06T19:58:18+00:00","og_image":[{"width":1024,"height":873,"url":"https:\/\/orthodoxalbania.org\/2020\/wp-content\/uploads\/2020\/04\/kryepiskopi1-1024x873.jpg","type":"image\/jpeg"}],"author":"Kisha Orthodhokse","twitter_card":"summary_large_image","twitter_misc":{"Written by":"Kisha Orthodhokse","Est. reading time":"11 minutes"},"schema":{"@context":"https:\/\/schema.org","@graph":[{"@type":"Article","@id":"https:\/\/orthodoxalbania.org\/2020\/2017\/08\/11\/intervista-e-kryepiskopit-anastas-per-agjencine-e-lajmeve-te-athines-dhe-te-maqedonise\/#article","isPartOf":{"@id":"https:\/\/orthodoxalbania.org\/2020\/2017\/08\/11\/intervista-e-kryepiskopit-anastas-per-agjencine-e-lajmeve-te-athines-dhe-te-maqedonise\/"},"author":{"name":"Kisha Orthodhokse","@id":"https:\/\/orthodoxalbania.org\/2020\/#\/schema\/person\/0c387634a7063ac612d7ed9ce71c7e86"},"headline":"Intervista e Kryepiskopit Anastas p\u00ebr Agjencin\u00eb e Lajmeve t\u00eb Athin\u00ebs dhe t\u00eb Maqedonis\u00eb","datePublished":"2017-08-11T12:44:30+00:00","dateModified":"2020-04-06T19:58:18+00:00","mainEntityOfPage":{"@id":"https:\/\/orthodoxalbania.org\/2020\/2017\/08\/11\/intervista-e-kryepiskopit-anastas-per-agjencine-e-lajmeve-te-athines-dhe-te-maqedonise\/"},"wordCount":2190,"commentCount":0,"publisher":{"@id":"https:\/\/orthodoxalbania.org\/2020\/#organization"},"image":{"@id":"https:\/\/orthodoxalbania.org\/2020\/2017\/08\/11\/intervista-e-kryepiskopit-anastas-per-agjencine-e-lajmeve-te-athines-dhe-te-maqedonise\/#primaryimage"},"thumbnailUrl":"https:\/\/orthodoxalbania.org\/2020\/wp-content\/uploads\/2020\/04\/kryepiskopi1.jpg","keywords":["lajme"],"articleSection":["Lajme"],"inLanguage":"en-US"},{"@type":"WebPage","@id":"https:\/\/orthodoxalbania.org\/2020\/2017\/08\/11\/intervista-e-kryepiskopit-anastas-per-agjencine-e-lajmeve-te-athines-dhe-te-maqedonise\/","url":"https:\/\/orthodoxalbania.org\/2020\/2017\/08\/11\/intervista-e-kryepiskopit-anastas-per-agjencine-e-lajmeve-te-athines-dhe-te-maqedonise\/","name":"Intervista e Kryepiskopit Anastas p\u00ebr Agjencin\u00eb e Lajmeve t\u00eb Athin\u00ebs dhe t\u00eb Maqedonis\u00eb - Kisha Orthodh\u03bfkse Autoqefale e Shqip\u00ebris\u00eb","isPartOf":{"@id":"https:\/\/orthodoxalbania.org\/2020\/#website"},"primaryImageOfPage":{"@id":"https:\/\/orthodoxalbania.org\/2020\/2017\/08\/11\/intervista-e-kryepiskopit-anastas-per-agjencine-e-lajmeve-te-athines-dhe-te-maqedonise\/#primaryimage"},"image":{"@id":"https:\/\/orthodoxalbania.org\/2020\/2017\/08\/11\/intervista-e-kryepiskopit-anastas-per-agjencine-e-lajmeve-te-athines-dhe-te-maqedonise\/#primaryimage"},"thumbnailUrl":"https:\/\/orthodoxalbania.org\/2020\/wp-content\/uploads\/2020\/04\/kryepiskopi1.jpg","datePublished":"2017-08-11T12:44:30+00:00","dateModified":"2020-04-06T19:58:18+00:00","breadcrumb":{"@id":"https:\/\/orthodoxalbania.org\/2020\/2017\/08\/11\/intervista-e-kryepiskopit-anastas-per-agjencine-e-lajmeve-te-athines-dhe-te-maqedonise\/#breadcrumb"},"inLanguage":"en-US","potentialAction":[{"@type":"ReadAction","target":["https:\/\/orthodoxalbania.org\/2020\/2017\/08\/11\/intervista-e-kryepiskopit-anastas-per-agjencine-e-lajmeve-te-athines-dhe-te-maqedonise\/"]}]},{"@type":"ImageObject","inLanguage":"en-US","@id":"https:\/\/orthodoxalbania.org\/2020\/2017\/08\/11\/intervista-e-kryepiskopit-anastas-per-agjencine-e-lajmeve-te-athines-dhe-te-maqedonise\/#primaryimage","url":"https:\/\/orthodoxalbania.org\/2020\/wp-content\/uploads\/2020\/04\/kryepiskopi1.jpg","contentUrl":"https:\/\/orthodoxalbania.org\/2020\/wp-content\/uploads\/2020\/04\/kryepiskopi1.jpg","width":1772,"height":1511},{"@type":"BreadcrumbList","@id":"https:\/\/orthodoxalbania.org\/2020\/2017\/08\/11\/intervista-e-kryepiskopit-anastas-per-agjencine-e-lajmeve-te-athines-dhe-te-maqedonise\/#breadcrumb","itemListElement":[{"@type":"ListItem","position":1,"name":"Home","item":"https:\/\/orthodoxalbania.org\/2020\/"},{"@type":"ListItem","position":2,"name":"Intervista e Kryepiskopit Anastas p\u00ebr Agjencin\u00eb e Lajmeve t\u00eb Athin\u00ebs dhe t\u00eb Maqedonis\u00eb"}]},{"@type":"WebSite","@id":"https:\/\/orthodoxalbania.org\/2020\/#website","url":"https:\/\/orthodoxalbania.org\/2020\/","name":"Kisha Orthodh\u03bfkse Autoqefale e Shqip\u00ebris\u00eb","description":"Fqja Zyrtare e Kish\u00ebs Orthodhokse Autoqefale e Shqip\u00ebris\u00eb me lajmet edhe informacionet zyrtare p\u00ebr struktur\u00ebn edhe veprimtarin e saj.","publisher":{"@id":"https:\/\/orthodoxalbania.org\/2020\/#organization"},"potentialAction":[{"@type":"SearchAction","target":{"@type":"EntryPoint","urlTemplate":"https:\/\/orthodoxalbania.org\/2020\/?s={search_term_string}"},"query-input":{"@type":"PropertyValueSpecification","valueRequired":true,"valueName":"search_term_string"}}],"inLanguage":"en-US"},{"@type":"Organization","@id":"https:\/\/orthodoxalbania.org\/2020\/#organization","name":"Kisha Orthodhokse Autoqefale e Shqip\u00ebris\u00eb","url":"https:\/\/orthodoxalbania.org\/2020\/","logo":{"@type":"ImageObject","inLanguage":"en-US","@id":"https:\/\/orthodoxalbania.org\/2020\/#\/schema\/logo\/image\/","url":"https:\/\/orthodoxalbania.org\/2020\/wp-content\/uploads\/2020\/05\/albania.jpeg","contentUrl":"https:\/\/orthodoxalbania.org\/2020\/wp-content\/uploads\/2020\/05\/albania.jpeg","width":540,"height":540,"caption":"Kisha Orthodhokse Autoqefale e Shqip\u00ebris\u00eb"},"image":{"@id":"https:\/\/orthodoxalbania.org\/2020\/#\/schema\/logo\/image\/"},"sameAs":["https:\/\/www.facebook.com\/koash1991"]},{"@type":"Person","@id":"https:\/\/orthodoxalbania.org\/2020\/#\/schema\/person\/0c387634a7063ac612d7ed9ce71c7e86","name":"Kisha Orthodhokse","image":{"@type":"ImageObject","inLanguage":"en-US","@id":"https:\/\/secure.gravatar.com\/avatar\/596e7c417251e30f2fbb9c00e026fce61a695a00e51c889caded71c96cbbdde5?s=96&d=mm&r=g","url":"https:\/\/secure.gravatar.com\/avatar\/596e7c417251e30f2fbb9c00e026fce61a695a00e51c889caded71c96cbbdde5?s=96&d=mm&r=g","contentUrl":"https:\/\/secure.gravatar.com\/avatar\/596e7c417251e30f2fbb9c00e026fce61a695a00e51c889caded71c96cbbdde5?s=96&d=mm&r=g","caption":"Kisha Orthodhokse"}}]}},"_links":{"self":[{"href":"https:\/\/orthodoxalbania.org\/2020\/wp-json\/wp\/v2\/posts\/5479","targetHints":{"allow":["GET"]}}],"collection":[{"href":"https:\/\/orthodoxalbania.org\/2020\/wp-json\/wp\/v2\/posts"}],"about":[{"href":"https:\/\/orthodoxalbania.org\/2020\/wp-json\/wp\/v2\/types\/post"}],"author":[{"embeddable":true,"href":"https:\/\/orthodoxalbania.org\/2020\/wp-json\/wp\/v2\/users\/1"}],"replies":[{"embeddable":true,"href":"https:\/\/orthodoxalbania.org\/2020\/wp-json\/wp\/v2\/comments?post=5479"}],"version-history":[{"count":1,"href":"https:\/\/orthodoxalbania.org\/2020\/wp-json\/wp\/v2\/posts\/5479\/revisions"}],"predecessor-version":[{"id":14835,"href":"https:\/\/orthodoxalbania.org\/2020\/wp-json\/wp\/v2\/posts\/5479\/revisions\/14835"}],"wp:featuredmedia":[{"embeddable":true,"href":"https:\/\/orthodoxalbania.org\/2020\/wp-json\/wp\/v2\/media\/5443"}],"wp:attachment":[{"href":"https:\/\/orthodoxalbania.org\/2020\/wp-json\/wp\/v2\/media?parent=5479"}],"wp:term":[{"taxonomy":"category","embeddable":true,"href":"https:\/\/orthodoxalbania.org\/2020\/wp-json\/wp\/v2\/categories?post=5479"},{"taxonomy":"post_tag","embeddable":true,"href":"https:\/\/orthodoxalbania.org\/2020\/wp-json\/wp\/v2\/tags?post=5479"}],"curies":[{"name":"wp","href":"https:\/\/api.w.org\/{rel}","templated":true}]}}