{"id":547,"date":"2013-03-21T12:31:02","date_gmt":"2013-03-21T12:31:02","guid":{"rendered":""},"modified":"2020-04-06T22:05:54","modified_gmt":"2020-04-06T20:05:54","slug":"festohet-me-madheshti-28-nentori-ne-vlore","status":"publish","type":"post","link":"https:\/\/orthodoxalbania.org\/2020\/2013\/03\/21\/festohet-me-madheshti-28-nentori-ne-vlore\/","title":{"rendered":"Festohet me madh\u00ebshti 28 N\u00ebntori n\u00eb Vlor\u00eb. (28 N\u00ebntor 2012)"},"content":{"rendered":"<div style=\"text-align: justify;\"><span style=\"color: #000000; font-family: helvetica;\"><span style=\"font-size: 12px;\"><img class=\"lazyload\" decoding=\"async\" style=\"width: 200px; height: 150px; border-width: 1px; border-style: solid; margin: 10px; float: left;\" alt=\"\" src=\"data:image\/gif;base64,R0lGODlhAQABAAAAACH5BAEKAAEALAAAAAABAAEAAAICTAEAOw==\" data-orig-src=\"https:\/\/lh5.googleusercontent.com\/-9kx_1K2p7yk\/ULcpr32yhyI\/AAAAAAAABSU\/isd7ZYmo1f0\/s640\/PB080047.JPG\" \/><span style=\"font-size: 12pt;\"> &nbsp; &nbsp; Dit\u00eblindja e Shtetit Shqiptar 28 n\u00ebntori. Si sot 100 vjet m\u00eb par\u00eb plaku i Vlor\u00ebs Ismail Qemal Bej Vlora b\u00ebri realitet \u00ebndr\u00ebn dhe p\u00ebrpjekjet e shum\u00eb shqiptar\u00ebve p\u00ebr t\u00eb pasur nj\u00eb shtet t\u00eb pavarur. Pik\u00ebrisht n\u00eb k\u00ebt\u00eb dit\u00eb delegat\u00ebt nga t\u00eb gjitha trevat e Shqip\u00ebris\u00eb u mblodh\u00ebn n\u00ebn drejtimin e plakut t\u00eb Vlor\u00ebs,&nbsp; firmos\u00ebn deklarat\u00ebn e pavar\u00ebsis\u00eb dhe ngrit\u00ebn flamurin komb\u00ebtar. At\u00eb dit\u00eb mysliman\u00eb, orthodhoks\u00eb, katolik\u00eb e bektashian\u00eb u b\u00ebn\u00eb bashk\u00eb e i dhan\u00eb udh\u00eb fateve t\u00eb kombit. Sot ne krenohemi me t\u00eb gjith\u00eb firm\u00ebtar\u00ebt. Ndjehemi mir\u00eb kur mes tyre shohim edhe orthodhoks\u00eb si Dhimit\u00ebr Tutulani, Jorgji Karbunara, Lef Nosi, Petro Poga , Aristidh Ruci, Pandeli Cale, Thanas Floqi, Spiridon Ilo, Jani Minga, Dhimit\u00ebr Zografi, Dhimit\u00ebr Mborja, Dhimit\u00ebr Berati e Dhimit\u00ebr Ilo. Kjo tregon se orthodhoks\u00ebt jan\u00eb gjendur gjithmon\u00eb t\u00eb gatsh\u00ebm p\u00ebr t\u00eb dh\u00ebn\u00eb ndihmes\u00ebn e tyre kur kombi ka qen\u00eb n\u00eb momente t\u00eb v\u00ebshtira. Tre nga firm\u00ebtar\u00ebt orthodhoks\u00eb si Lef Nosi, Petro Poga&nbsp; e Pandeli Cale&nbsp; u zgjodh\u00ebn an\u00ebtar\u00eb t\u00eb qeveris\u00eb s\u00eb par\u00eb shqiptare t\u00eb drejtuar nga Ismail Qemali.<\/span><\/span><\/span><\/div>\n<div style=\"text-align: justify;\"><span style=\"color: #000000; font-family: helvetica; font-size: 12pt;\"> &nbsp;&nbsp;&nbsp; Sot ,pas 100 vjet\u00ebsh n\u00eb sheshin e Flamurit n\u00eb Vlor\u00eb p\u00ebr t\u00eb p\u00ebrkujtuar Dit\u00eblindjen e shtetit Shqiptar, si at\u00ebher\u00eb, mysliman\u00eb, orthodhoks\u00eb, katolik\u00eb e bektashian\u00eb nga t\u00eb gjitha trevat ku jetojn\u00eb shiptar\u00eb u mblodh\u00ebn bashk\u00eb p\u00ebr t\u00eb festuar e g\u00ebzuar s\u00eb bashku. Festimet n\u00eb Vlor\u00eb kan\u00eb&nbsp; dit\u00eb q\u00eb kan\u00eb nisur e mysafir\u00ebt provuan edhe nj\u00ebher\u00eb bujarin\u00eb dhe mikpritjen e vlonjat\u00ebve.<\/span><\/div>\n<div style=\"text-align: justify;\"><span style=\"color: #000000; font-family: helvetica; font-size: 12pt;\"> &nbsp;&nbsp;&nbsp; Mij\u00ebra vet\u00eb q\u00eb n\u00eb or\u00ebt e para t\u00eb m\u00ebngjesit mbush\u00ebn Sheshin e Flamurit dhe rrugicat p\u00ebrreth. Ishin t\u00eb pranish\u00ebm Presidenti i Shqip\u00ebris\u00eb z. Bujar Nishani, Kryeministri z. Sali Berisha, Kryetarja e Parlamentit znj. Jozefina Topalli, Presidentja e Kosov\u00ebs znj. Atifete Jahjaga, Kryeministri Hashim Tha\u00e7i, Trupi Diplomatik, Kryetari i opozit\u00ebs z. Edi Rama, an\u00ebtar\u00eb t\u00eb qeveris\u00eb shqiptare, intelektual\u00eb e shum\u00eb t\u00eb ftuar. Merrnin pjes\u00eb dhe p\u00ebrfaq\u00ebsues t\u00eb Komunitetit Mysliman, Bektashian, e atij Katolik. Kisha Orthodhokse p\u00ebrfaq\u00ebsohej nga Mitropoliti i Beratit,Vlor\u00ebs&nbsp; dhe Kanin\u00ebs Imzot Ignati.<\/span><\/div>\n<div style=\"text-align: justify;\"><span style=\"color: #000000; font-family: helvetica; font-size: 12pt;\"> &nbsp;&nbsp;&nbsp; N\u00eb or\u00ebn 10 filloi ceremonia zyrtare. Presidenti Bujar Nishani b\u00ebri ngritjen e Flamurit e m\u00eb pas vendosi nj\u00eb kuror\u00eb me lule tek varri monumental i Ismail Qemalit. M\u00eb pas Kryetari i Bashkis\u00eb z.Shp\u00ebtim Gjika b\u00ebri p\u00ebrsh\u00ebndetjen e rastit ku ju uroi mir\u00ebseardhjen t\u00eb gjith\u00eb t\u00eb pranishm\u00ebve. Pas Kryetarit t\u00eb Bashkis\u00eb b\u00ebri p\u00ebrsh\u00ebndetjen e tij edhe Presidenti Bujar Nishani. Pas k\u00ebsaj ceremonie t\u00eb gjith\u00eb ju drejtuan pallatit t\u00eb sportit p\u00ebr t\u00eb ndjekur koncertin festiv t\u00eb p\u00ebrgatitur me k\u00ebt\u00eb rast. N\u00eb k\u00ebt\u00eb koncert mori pjes\u00eb edhe Imzot Ignati.<\/span><\/div>\n<div style=\"text-align: justify;\"><span style=\"color: #000000; font-family: helvetica; font-size: 12pt;\"> &nbsp;&nbsp;&nbsp; Festa n\u00eb&nbsp; Vlor\u00eb&nbsp; vazhdoi&nbsp; gjat\u00eb&nbsp; gjith\u00eb&nbsp; dit\u00ebs. Grupe&nbsp; k\u00ebng\u00ebtar\u00ebsh e valltar\u00ebsh&nbsp; nga vende t\u00eb ndryshme i shihje n\u00eb t\u00eb gjitha sheshet duke k\u00ebnduar e k\u00ebrcyer k\u00ebng\u00eb e valle nga t\u00eb gjitha trevat e Shqip\u00ebris\u00eb. Me t\u00eb v\u00ebrtet\u00eb nj\u00eb g\u00ebzim i madh. Me k\u00ebt\u00eb rast ju urojm\u00eb&nbsp; t\u00eb&nbsp; gjith\u00ebve&nbsp; G\u00ebzuar 100 Vjetorin e Pavarsis\u00eb.<\/span><\/div>\n<div style=\"text-align: right;\">\n<p><span style=\"color: #000000; font-family: helvetica; font-size: 12pt;\"> <strong>At\u00eb Spiro Bulika<\/strong><\/span><br \/><span style=\"font-family: helvetica; font-size: 12pt;\"> &nbsp;<\/span><\/div>\n<div style=\"text-align: justify;\"><span style=\"color: #000000; font-family: helvetica; font-size: 12pt;\"><img class=\"lazyload\" decoding=\"async\" style=\"width: 600px; height: 450px; border-width: 1px; border-style: solid; margin: 10px; float: left;\" alt=\"\" src=\"data:image\/gif;base64,R0lGODlhAQABAAAAACH5BAEKAAEALAAAAAABAAEAAAICTAEAOw==\" data-orig-src=\"https:\/\/lh5.googleusercontent.com\/-9kx_1K2p7yk\/ULcpr32yhyI\/AAAAAAAABSU\/isd7ZYmo1f0\/s640\/PB080047.JPG\" \/><\/span><\/div>\n<div style=\"text-align: justify;\"><span style=\"color: #000000; font-family: helvetica; font-size: 12pt;\"><img class=\"lazyload\" decoding=\"async\" style=\"width: 600px; height: 450px; border-width: 1px; border-style: solid; margin: 10px; float: left;\" alt=\"\" src=\"data:image\/gif;base64,R0lGODlhAQABAAAAACH5BAEKAAEALAAAAAABAAEAAAICTAEAOw==\" data-orig-src=\"https:\/\/lh4.googleusercontent.com\/-4TDylJsWrhI\/ULcprjW2FBI\/AAAAAAAABSQ\/p1tzNU1TB70\/s640\/PB080023.JPG\" \/><\/span><\/div>\n<div style=\"text-align: justify;\"><span style=\"color: #000000; font-family: helvetica; font-size: 12pt;\"><img class=\"lazyload\" decoding=\"async\" style=\"width: 600px; height: 480px; border-width: 1px; border-style: solid; margin: 10px; float: left;\" alt=\"\" src=\"data:image\/gif;base64,R0lGODlhAQABAAAAACH5BAEKAAEALAAAAAABAAEAAAICTAEAOw==\" data-orig-src=\"https:\/\/lh4.googleusercontent.com\/--RhvWbRV12s\/ULcpyA-sPfI\/AAAAAAAABS4\/2s0FdI5wB1Y\/s640\/Photo-0011.jpg\" \/><\/span><\/div>\n<div style=\"text-align: justify;\"><span style=\"color: #000000; font-family: helvetica; font-size: 12pt;\"><img class=\"lazyload\" decoding=\"async\" style=\"width: 600px; height: 480px; border-width: 1px; border-style: solid; margin: 10px; float: left;\" alt=\"\" src=\"data:image\/gif;base64,R0lGODlhAQABAAAAACH5BAEKAAEALAAAAAABAAEAAAICTAEAOw==\" data-orig-src=\"https:\/\/lh5.googleusercontent.com\/-Z3_JrSqW7O8\/ULcpvfAoPzI\/AAAAAAAABSo\/sEyvwM8SViM\/s640\/Photo-0009.jpg\" \/><br \/> <img class=\"lazyload\" decoding=\"async\" style=\"width: 600px; height: 450px; border-width: 1px; border-style: solid; margin: 10px; float: left;\" alt=\"\" src=\"data:image\/gif;base64,R0lGODlhAQABAAAAACH5BAEKAAEALAAAAAABAAEAAAICTAEAOw==\" data-orig-src=\"https:\/\/lh5.googleusercontent.com\/-qOvvF0EJxiw\/ULcp7QNUCnI\/AAAAAAAABTA\/1h3FnX5ia20\/s640\/PB080053.JPG\" \/><\/span><br \/><span style=\"font-family: helvetica; font-size: 12pt;\"> &nbsp;<\/span><\/div>\n","protected":false},"excerpt":{"rendered":"<p>&nbsp; &nbsp; Dit\u00eblindja e Shtetit Shqiptar 28 n\u00ebntori. Si sot 100 vjet m\u00eb par\u00eb plaku i Vlor\u00ebs Ismail Qemal Bej Vlora b\u00ebri realitet \u00ebndr\u00ebn dhe p\u00ebrpjekjet e shum\u00eb shqiptar\u00ebve p\u00ebr t\u00eb pasur nj\u00eb shtet t\u00eb pavarur. Pik\u00ebrisht n\u00eb k\u00ebt\u00eb dit\u00eb delegat\u00ebt nga t\u00eb gjitha trevat e Shqip\u00ebris\u00eb u mblodh\u00ebn n\u00ebn drejtimin e plakut t\u00eb Vlor\u00ebs,&nbsp; firmos\u00ebn deklarat\u00ebn e pavar\u00ebsis\u00eb dhe ngrit\u00ebn flamurin komb\u00ebtar. At\u00eb dit\u00eb<\/p>\n","protected":false},"author":1,"featured_media":0,"comment_status":"open","ping_status":"open","sticky":false,"template":"","format":"standard","meta":{"_acf_changed":false,"pagelayer_contact_templates":[],"_pagelayer_content":"","inline_featured_image":false,"fifu_image_url":"","fifu_image_alt":"","footnotes":""},"categories":[108],"tags":[142,154,212,197],"class_list":["post-547","post","type-post","status-publish","format-standard","hentry","category-lajme","tag-142","tag-aktivitete","tag-lajme-d27","tag-berat"],"acf":[],"yoast_head":"<!-- This site is optimized with the Yoast SEO plugin v27.2 - https:\/\/yoast.com\/product\/yoast-seo-wordpress\/ -->\n<title>Festohet me madh\u00ebshti 28 N\u00ebntori n\u00eb Vlor\u00eb. (28 N\u00ebntor 2012) - Kisha Orthodh\u03bfkse Autoqefale e Shqip\u00ebris\u00eb<\/title>\n<meta name=\"robots\" content=\"index, follow, max-snippet:-1, max-image-preview:large, max-video-preview:-1\" \/>\n<link rel=\"canonical\" href=\"https:\/\/orthodoxalbania.org\/2020\/2013\/03\/21\/festohet-me-madheshti-28-nentori-ne-vlore\/\" \/>\n<meta property=\"og:locale\" content=\"en_US\" \/>\n<meta property=\"og:type\" content=\"article\" \/>\n<meta property=\"og:title\" content=\"Festohet me madh\u00ebshti 28 N\u00ebntori n\u00eb Vlor\u00eb. (28 N\u00ebntor 2012) - Kisha Orthodh\u03bfkse Autoqefale e Shqip\u00ebris\u00eb\" \/>\n<meta property=\"og:description\" content=\"&nbsp; &nbsp; Dit\u00eblindja e Shtetit Shqiptar 28 n\u00ebntori. Si sot 100 vjet m\u00eb par\u00eb plaku i Vlor\u00ebs Ismail Qemal Bej Vlora b\u00ebri realitet \u00ebndr\u00ebn dhe p\u00ebrpjekjet e shum\u00eb shqiptar\u00ebve p\u00ebr t\u00eb pasur nj\u00eb shtet t\u00eb pavarur. Pik\u00ebrisht n\u00eb k\u00ebt\u00eb dit\u00eb delegat\u00ebt nga t\u00eb gjitha trevat e Shqip\u00ebris\u00eb u mblodh\u00ebn n\u00ebn drejtimin e plakut t\u00eb Vlor\u00ebs,&nbsp; firmos\u00ebn deklarat\u00ebn e pavar\u00ebsis\u00eb dhe ngrit\u00ebn flamurin komb\u00ebtar. At\u00eb dit\u00eb\" \/>\n<meta property=\"og:url\" content=\"https:\/\/orthodoxalbania.org\/2020\/2013\/03\/21\/festohet-me-madheshti-28-nentori-ne-vlore\/\" \/>\n<meta property=\"og:site_name\" content=\"Kisha Orthodh\u03bfkse Autoqefale e Shqip\u00ebris\u00eb\" \/>\n<meta property=\"article:publisher\" content=\"https:\/\/www.facebook.com\/koash1991\" \/>\n<meta property=\"article:published_time\" content=\"2013-03-21T12:31:02+00:00\" \/>\n<meta property=\"article:modified_time\" content=\"2020-04-06T20:05:54+00:00\" \/>\n<meta property=\"og:image\" content=\"https:\/\/lh5.googleusercontent.com\/-9kx_1K2p7yk\/ULcpr32yhyI\/AAAAAAAABSU\/isd7ZYmo1f0\/s640\/PB080047.JPG\" \/>\n<meta name=\"author\" content=\"Kisha Orthodhokse\" \/>\n<meta name=\"twitter:card\" content=\"summary_large_image\" \/>\n<meta name=\"twitter:label1\" content=\"Written by\" \/>\n\t<meta name=\"twitter:data1\" content=\"Kisha Orthodhokse\" \/>\n\t<meta name=\"twitter:label2\" content=\"Est. reading time\" \/>\n\t<meta name=\"twitter:data2\" content=\"3 minutes\" \/>\n<script type=\"application\/ld+json\" class=\"yoast-schema-graph\">{\"@context\":\"https:\/\/schema.org\",\"@graph\":[{\"@type\":\"Article\",\"@id\":\"https:\/\/orthodoxalbania.org\/2020\/2013\/03\/21\/festohet-me-madheshti-28-nentori-ne-vlore\/#article\",\"isPartOf\":{\"@id\":\"https:\/\/orthodoxalbania.org\/2020\/2013\/03\/21\/festohet-me-madheshti-28-nentori-ne-vlore\/\"},\"author\":{\"name\":\"Kisha Orthodhokse\",\"@id\":\"https:\/\/orthodoxalbania.org\/2020\/#\/schema\/person\/0c387634a7063ac612d7ed9ce71c7e86\"},\"headline\":\"Festohet me madh\u00ebshti 28 N\u00ebntori n\u00eb Vlor\u00eb. (28 N\u00ebntor 2012)\",\"datePublished\":\"2013-03-21T12:31:02+00:00\",\"dateModified\":\"2020-04-06T20:05:54+00:00\",\"mainEntityOfPage\":{\"@id\":\"https:\/\/orthodoxalbania.org\/2020\/2013\/03\/21\/festohet-me-madheshti-28-nentori-ne-vlore\/\"},\"wordCount\":587,\"commentCount\":0,\"publisher\":{\"@id\":\"https:\/\/orthodoxalbania.org\/2020\/#organization\"},\"image\":{\"@id\":\"https:\/\/orthodoxalbania.org\/2020\/2013\/03\/21\/festohet-me-madheshti-28-nentori-ne-vlore\/#primaryimage\"},\"thumbnailUrl\":\"https:\/\/lh5.googleusercontent.com\/-9kx_1K2p7yk\/ULcpr32yhyI\/AAAAAAAABSU\/isd7ZYmo1f0\/s640\/PB080047.JPG\",\"keywords\":[\"2012\",\"Aktivitete\",\"lajme\",\"Mitropolia Berat\"],\"articleSection\":[\"Lajme\"],\"inLanguage\":\"en-US\"},{\"@type\":\"WebPage\",\"@id\":\"https:\/\/orthodoxalbania.org\/2020\/2013\/03\/21\/festohet-me-madheshti-28-nentori-ne-vlore\/\",\"url\":\"https:\/\/orthodoxalbania.org\/2020\/2013\/03\/21\/festohet-me-madheshti-28-nentori-ne-vlore\/\",\"name\":\"Festohet me madh\u00ebshti 28 N\u00ebntori n\u00eb Vlor\u00eb. (28 N\u00ebntor 2012) - Kisha Orthodh\u03bfkse Autoqefale e Shqip\u00ebris\u00eb\",\"isPartOf\":{\"@id\":\"https:\/\/orthodoxalbania.org\/2020\/#website\"},\"primaryImageOfPage\":{\"@id\":\"https:\/\/orthodoxalbania.org\/2020\/2013\/03\/21\/festohet-me-madheshti-28-nentori-ne-vlore\/#primaryimage\"},\"image\":{\"@id\":\"https:\/\/orthodoxalbania.org\/2020\/2013\/03\/21\/festohet-me-madheshti-28-nentori-ne-vlore\/#primaryimage\"},\"thumbnailUrl\":\"https:\/\/lh5.googleusercontent.com\/-9kx_1K2p7yk\/ULcpr32yhyI\/AAAAAAAABSU\/isd7ZYmo1f0\/s640\/PB080047.JPG\",\"datePublished\":\"2013-03-21T12:31:02+00:00\",\"dateModified\":\"2020-04-06T20:05:54+00:00\",\"breadcrumb\":{\"@id\":\"https:\/\/orthodoxalbania.org\/2020\/2013\/03\/21\/festohet-me-madheshti-28-nentori-ne-vlore\/#breadcrumb\"},\"inLanguage\":\"en-US\",\"potentialAction\":[{\"@type\":\"ReadAction\",\"target\":[\"https:\/\/orthodoxalbania.org\/2020\/2013\/03\/21\/festohet-me-madheshti-28-nentori-ne-vlore\/\"]}]},{\"@type\":\"ImageObject\",\"inLanguage\":\"en-US\",\"@id\":\"https:\/\/orthodoxalbania.org\/2020\/2013\/03\/21\/festohet-me-madheshti-28-nentori-ne-vlore\/#primaryimage\",\"url\":\"https:\/\/lh5.googleusercontent.com\/-9kx_1K2p7yk\/ULcpr32yhyI\/AAAAAAAABSU\/isd7ZYmo1f0\/s640\/PB080047.JPG\",\"contentUrl\":\"https:\/\/lh5.googleusercontent.com\/-9kx_1K2p7yk\/ULcpr32yhyI\/AAAAAAAABSU\/isd7ZYmo1f0\/s640\/PB080047.JPG\"},{\"@type\":\"BreadcrumbList\",\"@id\":\"https:\/\/orthodoxalbania.org\/2020\/2013\/03\/21\/festohet-me-madheshti-28-nentori-ne-vlore\/#breadcrumb\",\"itemListElement\":[{\"@type\":\"ListItem\",\"position\":1,\"name\":\"Home\",\"item\":\"https:\/\/orthodoxalbania.org\/2020\/\"},{\"@type\":\"ListItem\",\"position\":2,\"name\":\"Festohet me madh\u00ebshti 28 N\u00ebntori n\u00eb Vlor\u00eb. (28 N\u00ebntor 2012)\"}]},{\"@type\":\"WebSite\",\"@id\":\"https:\/\/orthodoxalbania.org\/2020\/#website\",\"url\":\"https:\/\/orthodoxalbania.org\/2020\/\",\"name\":\"Kisha Orthodh\u03bfkse Autoqefale e Shqip\u00ebris\u00eb\",\"description\":\"Fqja Zyrtare e Kish\u00ebs Orthodhokse Autoqefale e Shqip\u00ebris\u00eb me lajmet edhe informacionet zyrtare p\u00ebr struktur\u00ebn edhe veprimtarin e saj.\",\"publisher\":{\"@id\":\"https:\/\/orthodoxalbania.org\/2020\/#organization\"},\"potentialAction\":[{\"@type\":\"SearchAction\",\"target\":{\"@type\":\"EntryPoint\",\"urlTemplate\":\"https:\/\/orthodoxalbania.org\/2020\/?s={search_term_string}\"},\"query-input\":{\"@type\":\"PropertyValueSpecification\",\"valueRequired\":true,\"valueName\":\"search_term_string\"}}],\"inLanguage\":\"en-US\"},{\"@type\":\"Organization\",\"@id\":\"https:\/\/orthodoxalbania.org\/2020\/#organization\",\"name\":\"Kisha Orthodhokse Autoqefale e Shqip\u00ebris\u00eb\",\"url\":\"https:\/\/orthodoxalbania.org\/2020\/\",\"logo\":{\"@type\":\"ImageObject\",\"inLanguage\":\"en-US\",\"@id\":\"https:\/\/orthodoxalbania.org\/2020\/#\/schema\/logo\/image\/\",\"url\":\"https:\/\/orthodoxalbania.org\/2020\/wp-content\/uploads\/2020\/05\/albania.jpeg\",\"contentUrl\":\"https:\/\/orthodoxalbania.org\/2020\/wp-content\/uploads\/2020\/05\/albania.jpeg\",\"width\":540,\"height\":540,\"caption\":\"Kisha Orthodhokse Autoqefale e Shqip\u00ebris\u00eb\"},\"image\":{\"@id\":\"https:\/\/orthodoxalbania.org\/2020\/#\/schema\/logo\/image\/\"},\"sameAs\":[\"https:\/\/www.facebook.com\/koash1991\"]},{\"@type\":\"Person\",\"@id\":\"https:\/\/orthodoxalbania.org\/2020\/#\/schema\/person\/0c387634a7063ac612d7ed9ce71c7e86\",\"name\":\"Kisha Orthodhokse\",\"image\":{\"@type\":\"ImageObject\",\"inLanguage\":\"en-US\",\"@id\":\"https:\/\/secure.gravatar.com\/avatar\/596e7c417251e30f2fbb9c00e026fce61a695a00e51c889caded71c96cbbdde5?s=96&d=mm&r=g\",\"url\":\"https:\/\/secure.gravatar.com\/avatar\/596e7c417251e30f2fbb9c00e026fce61a695a00e51c889caded71c96cbbdde5?s=96&d=mm&r=g\",\"contentUrl\":\"https:\/\/secure.gravatar.com\/avatar\/596e7c417251e30f2fbb9c00e026fce61a695a00e51c889caded71c96cbbdde5?s=96&d=mm&r=g\",\"caption\":\"Kisha Orthodhokse\"}}]}<\/script>\n<!-- \/ Yoast SEO plugin. -->","yoast_head_json":{"title":"Festohet me madh\u00ebshti 28 N\u00ebntori n\u00eb Vlor\u00eb. (28 N\u00ebntor 2012) - Kisha Orthodh\u03bfkse Autoqefale e Shqip\u00ebris\u00eb","robots":{"index":"index","follow":"follow","max-snippet":"max-snippet:-1","max-image-preview":"max-image-preview:large","max-video-preview":"max-video-preview:-1"},"canonical":"https:\/\/orthodoxalbania.org\/2020\/2013\/03\/21\/festohet-me-madheshti-28-nentori-ne-vlore\/","og_locale":"en_US","og_type":"article","og_title":"Festohet me madh\u00ebshti 28 N\u00ebntori n\u00eb Vlor\u00eb. (28 N\u00ebntor 2012) - Kisha Orthodh\u03bfkse Autoqefale e Shqip\u00ebris\u00eb","og_description":"&nbsp; &nbsp; Dit\u00eblindja e Shtetit Shqiptar 28 n\u00ebntori. Si sot 100 vjet m\u00eb par\u00eb plaku i Vlor\u00ebs Ismail Qemal Bej Vlora b\u00ebri realitet \u00ebndr\u00ebn dhe p\u00ebrpjekjet e shum\u00eb shqiptar\u00ebve p\u00ebr t\u00eb pasur nj\u00eb shtet t\u00eb pavarur. Pik\u00ebrisht n\u00eb k\u00ebt\u00eb dit\u00eb delegat\u00ebt nga t\u00eb gjitha trevat e Shqip\u00ebris\u00eb u mblodh\u00ebn n\u00ebn drejtimin e plakut t\u00eb Vlor\u00ebs,&nbsp; firmos\u00ebn deklarat\u00ebn e pavar\u00ebsis\u00eb dhe ngrit\u00ebn flamurin komb\u00ebtar. At\u00eb dit\u00eb","og_url":"https:\/\/orthodoxalbania.org\/2020\/2013\/03\/21\/festohet-me-madheshti-28-nentori-ne-vlore\/","og_site_name":"Kisha Orthodh\u03bfkse Autoqefale e Shqip\u00ebris\u00eb","article_publisher":"https:\/\/www.facebook.com\/koash1991","article_published_time":"2013-03-21T12:31:02+00:00","article_modified_time":"2020-04-06T20:05:54+00:00","og_image":[{"url":"https:\/\/lh5.googleusercontent.com\/-9kx_1K2p7yk\/ULcpr32yhyI\/AAAAAAAABSU\/isd7ZYmo1f0\/s640\/PB080047.JPG","type":"","width":"","height":""}],"author":"Kisha Orthodhokse","twitter_card":"summary_large_image","twitter_misc":{"Written by":"Kisha Orthodhokse","Est. reading time":"3 minutes"},"schema":{"@context":"https:\/\/schema.org","@graph":[{"@type":"Article","@id":"https:\/\/orthodoxalbania.org\/2020\/2013\/03\/21\/festohet-me-madheshti-28-nentori-ne-vlore\/#article","isPartOf":{"@id":"https:\/\/orthodoxalbania.org\/2020\/2013\/03\/21\/festohet-me-madheshti-28-nentori-ne-vlore\/"},"author":{"name":"Kisha Orthodhokse","@id":"https:\/\/orthodoxalbania.org\/2020\/#\/schema\/person\/0c387634a7063ac612d7ed9ce71c7e86"},"headline":"Festohet me madh\u00ebshti 28 N\u00ebntori n\u00eb Vlor\u00eb. (28 N\u00ebntor 2012)","datePublished":"2013-03-21T12:31:02+00:00","dateModified":"2020-04-06T20:05:54+00:00","mainEntityOfPage":{"@id":"https:\/\/orthodoxalbania.org\/2020\/2013\/03\/21\/festohet-me-madheshti-28-nentori-ne-vlore\/"},"wordCount":587,"commentCount":0,"publisher":{"@id":"https:\/\/orthodoxalbania.org\/2020\/#organization"},"image":{"@id":"https:\/\/orthodoxalbania.org\/2020\/2013\/03\/21\/festohet-me-madheshti-28-nentori-ne-vlore\/#primaryimage"},"thumbnailUrl":"https:\/\/lh5.googleusercontent.com\/-9kx_1K2p7yk\/ULcpr32yhyI\/AAAAAAAABSU\/isd7ZYmo1f0\/s640\/PB080047.JPG","keywords":["2012","Aktivitete","lajme","Mitropolia Berat"],"articleSection":["Lajme"],"inLanguage":"en-US"},{"@type":"WebPage","@id":"https:\/\/orthodoxalbania.org\/2020\/2013\/03\/21\/festohet-me-madheshti-28-nentori-ne-vlore\/","url":"https:\/\/orthodoxalbania.org\/2020\/2013\/03\/21\/festohet-me-madheshti-28-nentori-ne-vlore\/","name":"Festohet me madh\u00ebshti 28 N\u00ebntori n\u00eb Vlor\u00eb. (28 N\u00ebntor 2012) - Kisha Orthodh\u03bfkse Autoqefale e Shqip\u00ebris\u00eb","isPartOf":{"@id":"https:\/\/orthodoxalbania.org\/2020\/#website"},"primaryImageOfPage":{"@id":"https:\/\/orthodoxalbania.org\/2020\/2013\/03\/21\/festohet-me-madheshti-28-nentori-ne-vlore\/#primaryimage"},"image":{"@id":"https:\/\/orthodoxalbania.org\/2020\/2013\/03\/21\/festohet-me-madheshti-28-nentori-ne-vlore\/#primaryimage"},"thumbnailUrl":"https:\/\/lh5.googleusercontent.com\/-9kx_1K2p7yk\/ULcpr32yhyI\/AAAAAAAABSU\/isd7ZYmo1f0\/s640\/PB080047.JPG","datePublished":"2013-03-21T12:31:02+00:00","dateModified":"2020-04-06T20:05:54+00:00","breadcrumb":{"@id":"https:\/\/orthodoxalbania.org\/2020\/2013\/03\/21\/festohet-me-madheshti-28-nentori-ne-vlore\/#breadcrumb"},"inLanguage":"en-US","potentialAction":[{"@type":"ReadAction","target":["https:\/\/orthodoxalbania.org\/2020\/2013\/03\/21\/festohet-me-madheshti-28-nentori-ne-vlore\/"]}]},{"@type":"ImageObject","inLanguage":"en-US","@id":"https:\/\/orthodoxalbania.org\/2020\/2013\/03\/21\/festohet-me-madheshti-28-nentori-ne-vlore\/#primaryimage","url":"https:\/\/lh5.googleusercontent.com\/-9kx_1K2p7yk\/ULcpr32yhyI\/AAAAAAAABSU\/isd7ZYmo1f0\/s640\/PB080047.JPG","contentUrl":"https:\/\/lh5.googleusercontent.com\/-9kx_1K2p7yk\/ULcpr32yhyI\/AAAAAAAABSU\/isd7ZYmo1f0\/s640\/PB080047.JPG"},{"@type":"BreadcrumbList","@id":"https:\/\/orthodoxalbania.org\/2020\/2013\/03\/21\/festohet-me-madheshti-28-nentori-ne-vlore\/#breadcrumb","itemListElement":[{"@type":"ListItem","position":1,"name":"Home","item":"https:\/\/orthodoxalbania.org\/2020\/"},{"@type":"ListItem","position":2,"name":"Festohet me madh\u00ebshti 28 N\u00ebntori n\u00eb Vlor\u00eb. (28 N\u00ebntor 2012)"}]},{"@type":"WebSite","@id":"https:\/\/orthodoxalbania.org\/2020\/#website","url":"https:\/\/orthodoxalbania.org\/2020\/","name":"Kisha Orthodh\u03bfkse Autoqefale e Shqip\u00ebris\u00eb","description":"Fqja Zyrtare e Kish\u00ebs Orthodhokse Autoqefale e Shqip\u00ebris\u00eb me lajmet edhe informacionet zyrtare p\u00ebr struktur\u00ebn edhe veprimtarin e saj.","publisher":{"@id":"https:\/\/orthodoxalbania.org\/2020\/#organization"},"potentialAction":[{"@type":"SearchAction","target":{"@type":"EntryPoint","urlTemplate":"https:\/\/orthodoxalbania.org\/2020\/?s={search_term_string}"},"query-input":{"@type":"PropertyValueSpecification","valueRequired":true,"valueName":"search_term_string"}}],"inLanguage":"en-US"},{"@type":"Organization","@id":"https:\/\/orthodoxalbania.org\/2020\/#organization","name":"Kisha Orthodhokse Autoqefale e Shqip\u00ebris\u00eb","url":"https:\/\/orthodoxalbania.org\/2020\/","logo":{"@type":"ImageObject","inLanguage":"en-US","@id":"https:\/\/orthodoxalbania.org\/2020\/#\/schema\/logo\/image\/","url":"https:\/\/orthodoxalbania.org\/2020\/wp-content\/uploads\/2020\/05\/albania.jpeg","contentUrl":"https:\/\/orthodoxalbania.org\/2020\/wp-content\/uploads\/2020\/05\/albania.jpeg","width":540,"height":540,"caption":"Kisha Orthodhokse Autoqefale e Shqip\u00ebris\u00eb"},"image":{"@id":"https:\/\/orthodoxalbania.org\/2020\/#\/schema\/logo\/image\/"},"sameAs":["https:\/\/www.facebook.com\/koash1991"]},{"@type":"Person","@id":"https:\/\/orthodoxalbania.org\/2020\/#\/schema\/person\/0c387634a7063ac612d7ed9ce71c7e86","name":"Kisha Orthodhokse","image":{"@type":"ImageObject","inLanguage":"en-US","@id":"https:\/\/secure.gravatar.com\/avatar\/596e7c417251e30f2fbb9c00e026fce61a695a00e51c889caded71c96cbbdde5?s=96&d=mm&r=g","url":"https:\/\/secure.gravatar.com\/avatar\/596e7c417251e30f2fbb9c00e026fce61a695a00e51c889caded71c96cbbdde5?s=96&d=mm&r=g","contentUrl":"https:\/\/secure.gravatar.com\/avatar\/596e7c417251e30f2fbb9c00e026fce61a695a00e51c889caded71c96cbbdde5?s=96&d=mm&r=g","caption":"Kisha Orthodhokse"}}]}},"_links":{"self":[{"href":"https:\/\/orthodoxalbania.org\/2020\/wp-json\/wp\/v2\/posts\/547","targetHints":{"allow":["GET"]}}],"collection":[{"href":"https:\/\/orthodoxalbania.org\/2020\/wp-json\/wp\/v2\/posts"}],"about":[{"href":"https:\/\/orthodoxalbania.org\/2020\/wp-json\/wp\/v2\/types\/post"}],"author":[{"embeddable":true,"href":"https:\/\/orthodoxalbania.org\/2020\/wp-json\/wp\/v2\/users\/1"}],"replies":[{"embeddable":true,"href":"https:\/\/orthodoxalbania.org\/2020\/wp-json\/wp\/v2\/comments?post=547"}],"version-history":[{"count":1,"href":"https:\/\/orthodoxalbania.org\/2020\/wp-json\/wp\/v2\/posts\/547\/revisions"}],"predecessor-version":[{"id":15277,"href":"https:\/\/orthodoxalbania.org\/2020\/wp-json\/wp\/v2\/posts\/547\/revisions\/15277"}],"wp:attachment":[{"href":"https:\/\/orthodoxalbania.org\/2020\/wp-json\/wp\/v2\/media?parent=547"}],"wp:term":[{"taxonomy":"category","embeddable":true,"href":"https:\/\/orthodoxalbania.org\/2020\/wp-json\/wp\/v2\/categories?post=547"},{"taxonomy":"post_tag","embeddable":true,"href":"https:\/\/orthodoxalbania.org\/2020\/wp-json\/wp\/v2\/tags?post=547"}],"curies":[{"name":"wp","href":"https:\/\/api.w.org\/{rel}","templated":true}]}}