{"id":546,"date":"2013-03-21T12:18:53","date_gmt":"2013-03-21T12:18:53","guid":{"rendered":""},"modified":"2020-04-06T22:05:59","modified_gmt":"2020-04-06T20:05:59","slug":"festohet-me-madheshti-lindja-e-hyjlindeses-ne-manastirin-e-ardenices","status":"publish","type":"post","link":"https:\/\/orthodoxalbania.org\/2020\/2013\/03\/21\/festohet-me-madheshti-lindja-e-hyjlindeses-ne-manastirin-e-ardenices\/","title":{"rendered":"Festohet me madh\u00ebshti &#8220;Lindja e Hyjlind\u00ebses&#8221; n\u00eb manastirin e Ardenic\u00ebs. (8 Shtator 2012)"},"content":{"rendered":"<p style=\"text-align: justify;\"><span style=\"color: #000000; font-family: helvetica;\"><img decoding=\"async\" class=\"lazyload HAa Eha\" style=\"border-width: 1px; border-style: solid; margin: 10px; float: left;\" alt=\"\" src=\"data:image\/svg+xml,%3Csvg%20xmlns%3D%27http%3A%2F%2Fwww.w3.org%2F2000%2Fsvg%27%20width%3D%27213%27%20height%3D%27284%27%20viewBox%3D%270%200%20213%20284%27%3E%3Crect%20width%3D%27213%27%20height%3D%27284%27%20fill-opacity%3D%220%22%2F%3E%3C%2Fsvg%3E\" data-orig-src=\"https:\/\/lh4.googleusercontent.com\/-GTBGynPP8oE\/U_sIs2k6ntI\/AAAAAAAABAA\/H065H7QOHug\/w250-h333-no\/250px-50-Ardenica_Monastery.jpg\" height=\"284\" width=\"213\" \/><span style=\"font-size: 12pt;\"> &nbsp; &nbsp; Manastiri i Ardenic\u00ebs edhe k\u00ebt\u00eb vit hapi dyert e tij p\u00ebr t\u00eb mir\u00ebpritur me qindra njer\u00ebz nga fshatrat p\u00ebrreth, por edhe nga shum\u00eb qytete t\u00eb vendit. T\u00eb shumt\u00eb ishin ata besimtar\u00eb q\u00eb mbush\u00ebn ambientet e manastirit n\u00eb vigjilje t\u00eb k\u00ebsaj feste. D\u00ebshironin t\u00eb merrnin pjes\u00eb n\u00eb agripnin\u00eb q\u00eb organizohet p\u00ebr \u00e7do vit n\u00eb k\u00ebt\u00eb dit\u00eb t\u00eb sh\u00ebnuar. Kjo gj\u00eb \u00ebsht\u00eb nj\u00eb dhurat\u00eb fare e vog\u00ebl q\u00eb nj\u00eb besimtar mund t\u00eb b\u00ebj\u00eb p\u00ebr t\u2019i shprehur mir\u00ebnjohjen, dashurin\u00eb dhe fal\u00ebnderimet e tij N\u00ebn\u00ebs s\u00eb Zotit ton\u00eb. N\u00eb agripnin\u00eb, e cila vazhdoi edhe pas mesit t\u00eb nat\u00ebs, mor\u00ebn pjes\u00eb Mitropoliti i Beratit, Hir\u00ebsia e Tij Ignati dhe Episkopi i Amantias Hir\u00ebsia e Tij Nathanaili. Liturgjia Hyjnore, e cila u celebrua n\u00eb or\u00ebt e para t\u00eb m\u00ebngjesit t\u00eb 8 shtatorit u drejtua nga Mitropoliti i Beratit Ignati dhe Episkop Nathanaili. Nuk duhet t\u00eb harrojm\u00eb se Manastiri i Ardenic\u00ebs ka qen\u00eb dhe \u00ebsht\u00eb nj\u00eb nga qendrat m\u00eb t\u00eb r\u00ebnd\u00ebsishme t\u00eb Orthodhoksis\u00eb. \u00cbsht\u00eb qendra kryesore shpirt\u00ebrore q\u00eb ekziston n\u00eb Myzeqe, e cila i ka rezistuar koh\u00ebrave, dhe sidomos persekutimit ateist. Manastiri \u00ebsht\u00eb nj\u00eb bekim p\u00ebr t\u00eb gjith\u00eb Myzeqen\u00eb dhe duhet t\u00eb jet\u00eb n\u00eb mendjen, n\u00eb zemr\u00ebn dhe n\u00eb shpirtin e \u00e7do myzeqari dhe t\u00eb \u00e7do t\u00eb krishteri orthodhoks. Gjithashtu, nuk duhet t\u00eb harrojm\u00eb q\u00eb kjo qend\u00ebr, ky bekim kaq i madh p\u00ebr t\u00eb gjith\u00eb ne, u rip\u00ebrt\u00ebri nga k\u00ebmb\u00eb-ngulja dhe p\u00ebrkushtimi i jasht\u00ebzakonsh\u00ebm i Kryepiskopit Anastas. M\u00ebnyra m\u00eb e mir\u00eb p\u00ebr ta fal\u00ebnderuar at\u00eb, m\u00ebnyra m\u00eb e mir\u00eb p\u00ebr t\u2019i shprehur mir\u00ebnjohjen ton\u00eb \u00ebsht\u00eb vler\u00ebsimi i k\u00ebsaj dhurate, duke u kujdesur p\u00ebr t\u00eb, q\u00eb t\u00eb rimarr\u00eb shk\u00eblqimin e vjet\u00ebr.<\/span><\/span><\/p>\n","protected":false},"excerpt":{"rendered":"<p>&nbsp; &nbsp; Manastiri i Ardenic\u00ebs edhe k\u00ebt\u00eb vit hapi dyert e tij p\u00ebr t\u00eb mir\u00ebpritur me qindra njer\u00ebz nga fshatrat p\u00ebrreth, por edhe nga shum\u00eb qytete t\u00eb vendit. T\u00eb shumt\u00eb ishin ata besimtar\u00eb q\u00eb mbush\u00ebn ambientet e manastirit n\u00eb vigjilje t\u00eb k\u00ebsaj feste. D\u00ebshironin t\u00eb merrnin pjes\u00eb n\u00eb agripnin\u00eb q\u00eb organizohet p\u00ebr \u00e7do vit n\u00eb k\u00ebt\u00eb dit\u00eb t\u00eb sh\u00ebnuar. Kjo gj\u00eb \u00ebsht\u00eb nj\u00eb dhurat\u00eb fare<\/p>\n","protected":false},"author":1,"featured_media":0,"comment_status":"open","ping_status":"open","sticky":false,"template":"","format":"standard","meta":{"_acf_changed":false,"pagelayer_contact_templates":[],"_pagelayer_content":"","inline_featured_image":false,"fifu_image_url":"","fifu_image_alt":"","footnotes":""},"categories":[108],"tags":[142,157,212,197],"class_list":["post-546","post","type-post","status-publish","format-standard","hentry","category-lajme","tag-142","tag-kremtime","tag-lajme-d27","tag-berat"],"acf":[],"yoast_head":"<!-- This site is optimized with the Yoast SEO plugin v27.2 - https:\/\/yoast.com\/product\/yoast-seo-wordpress\/ -->\n<title>Festohet me madh\u00ebshti &quot;Lindja e Hyjlind\u00ebses&quot; n\u00eb manastirin e Ardenic\u00ebs. (8 Shtator 2012) - Kisha Orthodh\u03bfkse Autoqefale e Shqip\u00ebris\u00eb<\/title>\n<meta name=\"robots\" content=\"index, follow, max-snippet:-1, max-image-preview:large, max-video-preview:-1\" \/>\n<link rel=\"canonical\" href=\"https:\/\/orthodoxalbania.org\/2020\/2013\/03\/21\/festohet-me-madheshti-lindja-e-hyjlindeses-ne-manastirin-e-ardenices\/\" \/>\n<meta property=\"og:locale\" content=\"en_US\" \/>\n<meta property=\"og:type\" content=\"article\" \/>\n<meta property=\"og:title\" content=\"Festohet me madh\u00ebshti &quot;Lindja e Hyjlind\u00ebses&quot; n\u00eb manastirin e Ardenic\u00ebs. (8 Shtator 2012) - Kisha Orthodh\u03bfkse Autoqefale e Shqip\u00ebris\u00eb\" \/>\n<meta property=\"og:description\" content=\"&nbsp; &nbsp; Manastiri i Ardenic\u00ebs edhe k\u00ebt\u00eb vit hapi dyert e tij p\u00ebr t\u00eb mir\u00ebpritur me qindra njer\u00ebz nga fshatrat p\u00ebrreth, por edhe nga shum\u00eb qytete t\u00eb vendit. T\u00eb shumt\u00eb ishin ata besimtar\u00eb q\u00eb mbush\u00ebn ambientet e manastirit n\u00eb vigjilje t\u00eb k\u00ebsaj feste. D\u00ebshironin t\u00eb merrnin pjes\u00eb n\u00eb agripnin\u00eb q\u00eb organizohet p\u00ebr \u00e7do vit n\u00eb k\u00ebt\u00eb dit\u00eb t\u00eb sh\u00ebnuar. Kjo gj\u00eb \u00ebsht\u00eb nj\u00eb dhurat\u00eb fare\" \/>\n<meta property=\"og:url\" content=\"https:\/\/orthodoxalbania.org\/2020\/2013\/03\/21\/festohet-me-madheshti-lindja-e-hyjlindeses-ne-manastirin-e-ardenices\/\" \/>\n<meta property=\"og:site_name\" content=\"Kisha Orthodh\u03bfkse Autoqefale e Shqip\u00ebris\u00eb\" \/>\n<meta property=\"article:publisher\" content=\"https:\/\/www.facebook.com\/koash1991\" \/>\n<meta property=\"article:published_time\" content=\"2013-03-21T12:18:53+00:00\" \/>\n<meta property=\"article:modified_time\" content=\"2020-04-06T20:05:59+00:00\" \/>\n<meta property=\"og:image\" content=\"https:\/\/lh4.googleusercontent.com\/-GTBGynPP8oE\/U_sIs2k6ntI\/AAAAAAAABAA\/H065H7QOHug\/w250-h333-no\/250px-50-Ardenica_Monastery.jpg\" \/>\n<meta name=\"author\" content=\"Kisha Orthodhokse\" \/>\n<meta name=\"twitter:card\" content=\"summary_large_image\" \/>\n<meta name=\"twitter:label1\" content=\"Written by\" \/>\n\t<meta name=\"twitter:data1\" content=\"Kisha Orthodhokse\" \/>\n\t<meta name=\"twitter:label2\" content=\"Est. reading time\" \/>\n\t<meta name=\"twitter:data2\" content=\"2 minutes\" \/>\n<script type=\"application\/ld+json\" class=\"yoast-schema-graph\">{\"@context\":\"https:\/\/schema.org\",\"@graph\":[{\"@type\":\"Article\",\"@id\":\"https:\/\/orthodoxalbania.org\/2020\/2013\/03\/21\/festohet-me-madheshti-lindja-e-hyjlindeses-ne-manastirin-e-ardenices\/#article\",\"isPartOf\":{\"@id\":\"https:\/\/orthodoxalbania.org\/2020\/2013\/03\/21\/festohet-me-madheshti-lindja-e-hyjlindeses-ne-manastirin-e-ardenices\/\"},\"author\":{\"name\":\"Kisha Orthodhokse\",\"@id\":\"https:\/\/orthodoxalbania.org\/2020\/#\/schema\/person\/0c387634a7063ac612d7ed9ce71c7e86\"},\"headline\":\"Festohet me madh\u00ebshti &#8220;Lindja e Hyjlind\u00ebses&#8221; n\u00eb manastirin e Ardenic\u00ebs. (8 Shtator 2012)\",\"datePublished\":\"2013-03-21T12:18:53+00:00\",\"dateModified\":\"2020-04-06T20:05:59+00:00\",\"mainEntityOfPage\":{\"@id\":\"https:\/\/orthodoxalbania.org\/2020\/2013\/03\/21\/festohet-me-madheshti-lindja-e-hyjlindeses-ne-manastirin-e-ardenices\/\"},\"wordCount\":332,\"commentCount\":0,\"publisher\":{\"@id\":\"https:\/\/orthodoxalbania.org\/2020\/#organization\"},\"image\":{\"@id\":\"https:\/\/orthodoxalbania.org\/2020\/2013\/03\/21\/festohet-me-madheshti-lindja-e-hyjlindeses-ne-manastirin-e-ardenices\/#primaryimage\"},\"thumbnailUrl\":\"https:\/\/lh4.googleusercontent.com\/-GTBGynPP8oE\/U_sIs2k6ntI\/AAAAAAAABAA\/H065H7QOHug\/w250-h333-no\/250px-50-Ardenica_Monastery.jpg\",\"keywords\":[\"2012\",\"Kremtime\",\"lajme\",\"Mitropolia Berat\"],\"articleSection\":[\"Lajme\"],\"inLanguage\":\"en-US\"},{\"@type\":\"WebPage\",\"@id\":\"https:\/\/orthodoxalbania.org\/2020\/2013\/03\/21\/festohet-me-madheshti-lindja-e-hyjlindeses-ne-manastirin-e-ardenices\/\",\"url\":\"https:\/\/orthodoxalbania.org\/2020\/2013\/03\/21\/festohet-me-madheshti-lindja-e-hyjlindeses-ne-manastirin-e-ardenices\/\",\"name\":\"Festohet me madh\u00ebshti \\\"Lindja e Hyjlind\u00ebses\\\" n\u00eb manastirin e Ardenic\u00ebs. (8 Shtator 2012) - Kisha Orthodh\u03bfkse Autoqefale e Shqip\u00ebris\u00eb\",\"isPartOf\":{\"@id\":\"https:\/\/orthodoxalbania.org\/2020\/#website\"},\"primaryImageOfPage\":{\"@id\":\"https:\/\/orthodoxalbania.org\/2020\/2013\/03\/21\/festohet-me-madheshti-lindja-e-hyjlindeses-ne-manastirin-e-ardenices\/#primaryimage\"},\"image\":{\"@id\":\"https:\/\/orthodoxalbania.org\/2020\/2013\/03\/21\/festohet-me-madheshti-lindja-e-hyjlindeses-ne-manastirin-e-ardenices\/#primaryimage\"},\"thumbnailUrl\":\"https:\/\/lh4.googleusercontent.com\/-GTBGynPP8oE\/U_sIs2k6ntI\/AAAAAAAABAA\/H065H7QOHug\/w250-h333-no\/250px-50-Ardenica_Monastery.jpg\",\"datePublished\":\"2013-03-21T12:18:53+00:00\",\"dateModified\":\"2020-04-06T20:05:59+00:00\",\"breadcrumb\":{\"@id\":\"https:\/\/orthodoxalbania.org\/2020\/2013\/03\/21\/festohet-me-madheshti-lindja-e-hyjlindeses-ne-manastirin-e-ardenices\/#breadcrumb\"},\"inLanguage\":\"en-US\",\"potentialAction\":[{\"@type\":\"ReadAction\",\"target\":[\"https:\/\/orthodoxalbania.org\/2020\/2013\/03\/21\/festohet-me-madheshti-lindja-e-hyjlindeses-ne-manastirin-e-ardenices\/\"]}]},{\"@type\":\"ImageObject\",\"inLanguage\":\"en-US\",\"@id\":\"https:\/\/orthodoxalbania.org\/2020\/2013\/03\/21\/festohet-me-madheshti-lindja-e-hyjlindeses-ne-manastirin-e-ardenices\/#primaryimage\",\"url\":\"https:\/\/lh4.googleusercontent.com\/-GTBGynPP8oE\/U_sIs2k6ntI\/AAAAAAAABAA\/H065H7QOHug\/w250-h333-no\/250px-50-Ardenica_Monastery.jpg\",\"contentUrl\":\"https:\/\/lh4.googleusercontent.com\/-GTBGynPP8oE\/U_sIs2k6ntI\/AAAAAAAABAA\/H065H7QOHug\/w250-h333-no\/250px-50-Ardenica_Monastery.jpg\"},{\"@type\":\"BreadcrumbList\",\"@id\":\"https:\/\/orthodoxalbania.org\/2020\/2013\/03\/21\/festohet-me-madheshti-lindja-e-hyjlindeses-ne-manastirin-e-ardenices\/#breadcrumb\",\"itemListElement\":[{\"@type\":\"ListItem\",\"position\":1,\"name\":\"Home\",\"item\":\"https:\/\/orthodoxalbania.org\/2020\/\"},{\"@type\":\"ListItem\",\"position\":2,\"name\":\"Festohet me madh\u00ebshti &#8220;Lindja e Hyjlind\u00ebses&#8221; n\u00eb manastirin e Ardenic\u00ebs. (8 Shtator 2012)\"}]},{\"@type\":\"WebSite\",\"@id\":\"https:\/\/orthodoxalbania.org\/2020\/#website\",\"url\":\"https:\/\/orthodoxalbania.org\/2020\/\",\"name\":\"Kisha Orthodh\u03bfkse Autoqefale e Shqip\u00ebris\u00eb\",\"description\":\"Fqja Zyrtare e Kish\u00ebs Orthodhokse Autoqefale e Shqip\u00ebris\u00eb me lajmet edhe informacionet zyrtare p\u00ebr struktur\u00ebn edhe veprimtarin e saj.\",\"publisher\":{\"@id\":\"https:\/\/orthodoxalbania.org\/2020\/#organization\"},\"potentialAction\":[{\"@type\":\"SearchAction\",\"target\":{\"@type\":\"EntryPoint\",\"urlTemplate\":\"https:\/\/orthodoxalbania.org\/2020\/?s={search_term_string}\"},\"query-input\":{\"@type\":\"PropertyValueSpecification\",\"valueRequired\":true,\"valueName\":\"search_term_string\"}}],\"inLanguage\":\"en-US\"},{\"@type\":\"Organization\",\"@id\":\"https:\/\/orthodoxalbania.org\/2020\/#organization\",\"name\":\"Kisha Orthodhokse Autoqefale e Shqip\u00ebris\u00eb\",\"url\":\"https:\/\/orthodoxalbania.org\/2020\/\",\"logo\":{\"@type\":\"ImageObject\",\"inLanguage\":\"en-US\",\"@id\":\"https:\/\/orthodoxalbania.org\/2020\/#\/schema\/logo\/image\/\",\"url\":\"https:\/\/orthodoxalbania.org\/2020\/wp-content\/uploads\/2020\/05\/albania.jpeg\",\"contentUrl\":\"https:\/\/orthodoxalbania.org\/2020\/wp-content\/uploads\/2020\/05\/albania.jpeg\",\"width\":540,\"height\":540,\"caption\":\"Kisha Orthodhokse Autoqefale e Shqip\u00ebris\u00eb\"},\"image\":{\"@id\":\"https:\/\/orthodoxalbania.org\/2020\/#\/schema\/logo\/image\/\"},\"sameAs\":[\"https:\/\/www.facebook.com\/koash1991\"]},{\"@type\":\"Person\",\"@id\":\"https:\/\/orthodoxalbania.org\/2020\/#\/schema\/person\/0c387634a7063ac612d7ed9ce71c7e86\",\"name\":\"Kisha Orthodhokse\",\"image\":{\"@type\":\"ImageObject\",\"inLanguage\":\"en-US\",\"@id\":\"https:\/\/secure.gravatar.com\/avatar\/596e7c417251e30f2fbb9c00e026fce61a695a00e51c889caded71c96cbbdde5?s=96&d=mm&r=g\",\"url\":\"https:\/\/secure.gravatar.com\/avatar\/596e7c417251e30f2fbb9c00e026fce61a695a00e51c889caded71c96cbbdde5?s=96&d=mm&r=g\",\"contentUrl\":\"https:\/\/secure.gravatar.com\/avatar\/596e7c417251e30f2fbb9c00e026fce61a695a00e51c889caded71c96cbbdde5?s=96&d=mm&r=g\",\"caption\":\"Kisha Orthodhokse\"}}]}<\/script>\n<!-- \/ Yoast SEO plugin. -->","yoast_head_json":{"title":"Festohet me madh\u00ebshti \"Lindja e Hyjlind\u00ebses\" n\u00eb manastirin e Ardenic\u00ebs. (8 Shtator 2012) - Kisha Orthodh\u03bfkse Autoqefale e Shqip\u00ebris\u00eb","robots":{"index":"index","follow":"follow","max-snippet":"max-snippet:-1","max-image-preview":"max-image-preview:large","max-video-preview":"max-video-preview:-1"},"canonical":"https:\/\/orthodoxalbania.org\/2020\/2013\/03\/21\/festohet-me-madheshti-lindja-e-hyjlindeses-ne-manastirin-e-ardenices\/","og_locale":"en_US","og_type":"article","og_title":"Festohet me madh\u00ebshti \"Lindja e Hyjlind\u00ebses\" n\u00eb manastirin e Ardenic\u00ebs. (8 Shtator 2012) - Kisha Orthodh\u03bfkse Autoqefale e Shqip\u00ebris\u00eb","og_description":"&nbsp; &nbsp; Manastiri i Ardenic\u00ebs edhe k\u00ebt\u00eb vit hapi dyert e tij p\u00ebr t\u00eb mir\u00ebpritur me qindra njer\u00ebz nga fshatrat p\u00ebrreth, por edhe nga shum\u00eb qytete t\u00eb vendit. T\u00eb shumt\u00eb ishin ata besimtar\u00eb q\u00eb mbush\u00ebn ambientet e manastirit n\u00eb vigjilje t\u00eb k\u00ebsaj feste. D\u00ebshironin t\u00eb merrnin pjes\u00eb n\u00eb agripnin\u00eb q\u00eb organizohet p\u00ebr \u00e7do vit n\u00eb k\u00ebt\u00eb dit\u00eb t\u00eb sh\u00ebnuar. Kjo gj\u00eb \u00ebsht\u00eb nj\u00eb dhurat\u00eb fare","og_url":"https:\/\/orthodoxalbania.org\/2020\/2013\/03\/21\/festohet-me-madheshti-lindja-e-hyjlindeses-ne-manastirin-e-ardenices\/","og_site_name":"Kisha Orthodh\u03bfkse Autoqefale e Shqip\u00ebris\u00eb","article_publisher":"https:\/\/www.facebook.com\/koash1991","article_published_time":"2013-03-21T12:18:53+00:00","article_modified_time":"2020-04-06T20:05:59+00:00","og_image":[{"url":"https:\/\/lh4.googleusercontent.com\/-GTBGynPP8oE\/U_sIs2k6ntI\/AAAAAAAABAA\/H065H7QOHug\/w250-h333-no\/250px-50-Ardenica_Monastery.jpg","type":"","width":"","height":""}],"author":"Kisha Orthodhokse","twitter_card":"summary_large_image","twitter_misc":{"Written by":"Kisha Orthodhokse","Est. reading time":"2 minutes"},"schema":{"@context":"https:\/\/schema.org","@graph":[{"@type":"Article","@id":"https:\/\/orthodoxalbania.org\/2020\/2013\/03\/21\/festohet-me-madheshti-lindja-e-hyjlindeses-ne-manastirin-e-ardenices\/#article","isPartOf":{"@id":"https:\/\/orthodoxalbania.org\/2020\/2013\/03\/21\/festohet-me-madheshti-lindja-e-hyjlindeses-ne-manastirin-e-ardenices\/"},"author":{"name":"Kisha Orthodhokse","@id":"https:\/\/orthodoxalbania.org\/2020\/#\/schema\/person\/0c387634a7063ac612d7ed9ce71c7e86"},"headline":"Festohet me madh\u00ebshti &#8220;Lindja e Hyjlind\u00ebses&#8221; n\u00eb manastirin e Ardenic\u00ebs. (8 Shtator 2012)","datePublished":"2013-03-21T12:18:53+00:00","dateModified":"2020-04-06T20:05:59+00:00","mainEntityOfPage":{"@id":"https:\/\/orthodoxalbania.org\/2020\/2013\/03\/21\/festohet-me-madheshti-lindja-e-hyjlindeses-ne-manastirin-e-ardenices\/"},"wordCount":332,"commentCount":0,"publisher":{"@id":"https:\/\/orthodoxalbania.org\/2020\/#organization"},"image":{"@id":"https:\/\/orthodoxalbania.org\/2020\/2013\/03\/21\/festohet-me-madheshti-lindja-e-hyjlindeses-ne-manastirin-e-ardenices\/#primaryimage"},"thumbnailUrl":"https:\/\/lh4.googleusercontent.com\/-GTBGynPP8oE\/U_sIs2k6ntI\/AAAAAAAABAA\/H065H7QOHug\/w250-h333-no\/250px-50-Ardenica_Monastery.jpg","keywords":["2012","Kremtime","lajme","Mitropolia Berat"],"articleSection":["Lajme"],"inLanguage":"en-US"},{"@type":"WebPage","@id":"https:\/\/orthodoxalbania.org\/2020\/2013\/03\/21\/festohet-me-madheshti-lindja-e-hyjlindeses-ne-manastirin-e-ardenices\/","url":"https:\/\/orthodoxalbania.org\/2020\/2013\/03\/21\/festohet-me-madheshti-lindja-e-hyjlindeses-ne-manastirin-e-ardenices\/","name":"Festohet me madh\u00ebshti \"Lindja e Hyjlind\u00ebses\" n\u00eb manastirin e Ardenic\u00ebs. (8 Shtator 2012) - Kisha Orthodh\u03bfkse Autoqefale e Shqip\u00ebris\u00eb","isPartOf":{"@id":"https:\/\/orthodoxalbania.org\/2020\/#website"},"primaryImageOfPage":{"@id":"https:\/\/orthodoxalbania.org\/2020\/2013\/03\/21\/festohet-me-madheshti-lindja-e-hyjlindeses-ne-manastirin-e-ardenices\/#primaryimage"},"image":{"@id":"https:\/\/orthodoxalbania.org\/2020\/2013\/03\/21\/festohet-me-madheshti-lindja-e-hyjlindeses-ne-manastirin-e-ardenices\/#primaryimage"},"thumbnailUrl":"https:\/\/lh4.googleusercontent.com\/-GTBGynPP8oE\/U_sIs2k6ntI\/AAAAAAAABAA\/H065H7QOHug\/w250-h333-no\/250px-50-Ardenica_Monastery.jpg","datePublished":"2013-03-21T12:18:53+00:00","dateModified":"2020-04-06T20:05:59+00:00","breadcrumb":{"@id":"https:\/\/orthodoxalbania.org\/2020\/2013\/03\/21\/festohet-me-madheshti-lindja-e-hyjlindeses-ne-manastirin-e-ardenices\/#breadcrumb"},"inLanguage":"en-US","potentialAction":[{"@type":"ReadAction","target":["https:\/\/orthodoxalbania.org\/2020\/2013\/03\/21\/festohet-me-madheshti-lindja-e-hyjlindeses-ne-manastirin-e-ardenices\/"]}]},{"@type":"ImageObject","inLanguage":"en-US","@id":"https:\/\/orthodoxalbania.org\/2020\/2013\/03\/21\/festohet-me-madheshti-lindja-e-hyjlindeses-ne-manastirin-e-ardenices\/#primaryimage","url":"https:\/\/lh4.googleusercontent.com\/-GTBGynPP8oE\/U_sIs2k6ntI\/AAAAAAAABAA\/H065H7QOHug\/w250-h333-no\/250px-50-Ardenica_Monastery.jpg","contentUrl":"https:\/\/lh4.googleusercontent.com\/-GTBGynPP8oE\/U_sIs2k6ntI\/AAAAAAAABAA\/H065H7QOHug\/w250-h333-no\/250px-50-Ardenica_Monastery.jpg"},{"@type":"BreadcrumbList","@id":"https:\/\/orthodoxalbania.org\/2020\/2013\/03\/21\/festohet-me-madheshti-lindja-e-hyjlindeses-ne-manastirin-e-ardenices\/#breadcrumb","itemListElement":[{"@type":"ListItem","position":1,"name":"Home","item":"https:\/\/orthodoxalbania.org\/2020\/"},{"@type":"ListItem","position":2,"name":"Festohet me madh\u00ebshti &#8220;Lindja e Hyjlind\u00ebses&#8221; n\u00eb manastirin e Ardenic\u00ebs. (8 Shtator 2012)"}]},{"@type":"WebSite","@id":"https:\/\/orthodoxalbania.org\/2020\/#website","url":"https:\/\/orthodoxalbania.org\/2020\/","name":"Kisha Orthodh\u03bfkse Autoqefale e Shqip\u00ebris\u00eb","description":"Fqja Zyrtare e Kish\u00ebs Orthodhokse Autoqefale e Shqip\u00ebris\u00eb me lajmet edhe informacionet zyrtare p\u00ebr struktur\u00ebn edhe veprimtarin e saj.","publisher":{"@id":"https:\/\/orthodoxalbania.org\/2020\/#organization"},"potentialAction":[{"@type":"SearchAction","target":{"@type":"EntryPoint","urlTemplate":"https:\/\/orthodoxalbania.org\/2020\/?s={search_term_string}"},"query-input":{"@type":"PropertyValueSpecification","valueRequired":true,"valueName":"search_term_string"}}],"inLanguage":"en-US"},{"@type":"Organization","@id":"https:\/\/orthodoxalbania.org\/2020\/#organization","name":"Kisha Orthodhokse Autoqefale e Shqip\u00ebris\u00eb","url":"https:\/\/orthodoxalbania.org\/2020\/","logo":{"@type":"ImageObject","inLanguage":"en-US","@id":"https:\/\/orthodoxalbania.org\/2020\/#\/schema\/logo\/image\/","url":"https:\/\/orthodoxalbania.org\/2020\/wp-content\/uploads\/2020\/05\/albania.jpeg","contentUrl":"https:\/\/orthodoxalbania.org\/2020\/wp-content\/uploads\/2020\/05\/albania.jpeg","width":540,"height":540,"caption":"Kisha Orthodhokse Autoqefale e Shqip\u00ebris\u00eb"},"image":{"@id":"https:\/\/orthodoxalbania.org\/2020\/#\/schema\/logo\/image\/"},"sameAs":["https:\/\/www.facebook.com\/koash1991"]},{"@type":"Person","@id":"https:\/\/orthodoxalbania.org\/2020\/#\/schema\/person\/0c387634a7063ac612d7ed9ce71c7e86","name":"Kisha Orthodhokse","image":{"@type":"ImageObject","inLanguage":"en-US","@id":"https:\/\/secure.gravatar.com\/avatar\/596e7c417251e30f2fbb9c00e026fce61a695a00e51c889caded71c96cbbdde5?s=96&d=mm&r=g","url":"https:\/\/secure.gravatar.com\/avatar\/596e7c417251e30f2fbb9c00e026fce61a695a00e51c889caded71c96cbbdde5?s=96&d=mm&r=g","contentUrl":"https:\/\/secure.gravatar.com\/avatar\/596e7c417251e30f2fbb9c00e026fce61a695a00e51c889caded71c96cbbdde5?s=96&d=mm&r=g","caption":"Kisha Orthodhokse"}}]}},"_links":{"self":[{"href":"https:\/\/orthodoxalbania.org\/2020\/wp-json\/wp\/v2\/posts\/546","targetHints":{"allow":["GET"]}}],"collection":[{"href":"https:\/\/orthodoxalbania.org\/2020\/wp-json\/wp\/v2\/posts"}],"about":[{"href":"https:\/\/orthodoxalbania.org\/2020\/wp-json\/wp\/v2\/types\/post"}],"author":[{"embeddable":true,"href":"https:\/\/orthodoxalbania.org\/2020\/wp-json\/wp\/v2\/users\/1"}],"replies":[{"embeddable":true,"href":"https:\/\/orthodoxalbania.org\/2020\/wp-json\/wp\/v2\/comments?post=546"}],"version-history":[{"count":1,"href":"https:\/\/orthodoxalbania.org\/2020\/wp-json\/wp\/v2\/posts\/546\/revisions"}],"predecessor-version":[{"id":15296,"href":"https:\/\/orthodoxalbania.org\/2020\/wp-json\/wp\/v2\/posts\/546\/revisions\/15296"}],"wp:attachment":[{"href":"https:\/\/orthodoxalbania.org\/2020\/wp-json\/wp\/v2\/media?parent=546"}],"wp:term":[{"taxonomy":"category","embeddable":true,"href":"https:\/\/orthodoxalbania.org\/2020\/wp-json\/wp\/v2\/categories?post=546"},{"taxonomy":"post_tag","embeddable":true,"href":"https:\/\/orthodoxalbania.org\/2020\/wp-json\/wp\/v2\/tags?post=546"}],"curies":[{"name":"wp","href":"https:\/\/api.w.org\/{rel}","templated":true}]}}