{"id":5450,"date":"2017-08-07T11:55:51","date_gmt":"2017-08-07T11:55:51","guid":{"rendered":""},"modified":"2020-04-06T21:58:19","modified_gmt":"2020-04-06T19:58:19","slug":"kryepiskopi-anastas-ne-krahinen-me-tradita-orthodhokse-te-shpatit","status":"publish","type":"post","link":"https:\/\/orthodoxalbania.org\/2020\/2017\/08\/07\/kryepiskopi-anastas-ne-krahinen-me-tradita-orthodhokse-te-shpatit\/","title":{"rendered":"Kryepiskopi Anastas n\u00eb krahin\u00ebn me tradita orthodhokse t\u00eb Shpatit"},"content":{"rendered":"<p style=\"text-align: center;\">\n\t<span style=\"color: #800000;\"><strong><span style=\"font-size: 12pt; font-family: helvetica;\">Kryepiskopi Anastas n\u00eb krahin\u00ebn me tradita orthodhokse t\u00eb Shpatit<\/span><\/strong><\/span><\/p>\n<p style=\"text-align: center;\">\n\t&nbsp;<\/p>\n<p style=\"text-align: center;\">\n\t<span style=\"color: #800000;\"><strong><span style=\"font-size: 12pt; font-family: helvetica;\">N\u00eb t\u00eb kremten e Metamorfoz\u00ebs ai kreu Liturgjin\u00eb Hyjnore n\u00eb Gjinar<\/span><\/strong><\/span><\/p>\n<p style=\"text-align: justify;\">\n\t&nbsp;<\/p>\n<p style=\"text-align: justify;\">\n\t<span style=\"font-size: 12pt; font-family: helvetica; color: #000000;\">6 Gushti, e kremtja e madhe e Metamorfoz\u00ebs s\u00eb Shp\u00ebtimtarit, k\u00ebt\u00eb vit ishte e ve\u00e7ant\u00eb p\u00ebr banor\u00ebt e krahin\u00ebs me tradita t\u00eb Shpatit, n\u00eb Mitropolin\u00eb e Elbasanit. Ata kishin mes tyre Kryepiskopin Anastas, i Cili kishte ardhur p\u00ebr t\u00eb festuar bashk\u00eb me ta. Kryepiskopi mb\u00ebrriti n\u00eb pasditen e dat\u00ebs 5 gusht dhe n\u00eb m\u00ebngjes u drejtua p\u00ebr t\u00eb kryer Liturgjin\u00eb Hyjnore n\u00eb kish\u00ebn e Ngjitjes s\u00eb Zotit Krisht n\u00eb Qiell (Analipsit), n\u00eb Gjinar, q\u00eb \u00ebsht\u00eb edhe qendra e zon\u00ebs. Kjo kish\u00eb u nd\u00ebrtua n\u00eb vitin 1996 me elemente parafabrikate dhe u rikonstruktua plot\u00ebsisht n\u00eb vitin 2009, gjithmon\u00eb me kujdesin dhe fondet e Fortlumturis\u00eb s\u00eb Tij.<\/span><\/p>\n<p style=\"text-align: justify;\">\n\t<span style=\"font-size: 12pt; font-family: helvetica; color: #000000;\">P\u00ebr ta pritur Kryepiskopin kishin dal\u00eb shum\u00eb besimtar\u00eb nga Gjinari dhe zona p\u00ebrreth, ku binte n\u00eb sy ve\u00e7an\u00ebrisht numri i madh i f\u00ebmij\u00ebve dhe t\u00eb rinjve, si dhe veshjet karakteristike t\u00eb zon\u00ebs. Nuk mungonte edhe atmosfera festive q\u00eb krijonin instrumentet muzikore popullore, q\u00eb e shoq\u00ebruan deri n\u00eb hyrje t\u00eb saj. Kryepiskopi Anastas meshoi s\u00eb bashku me Mitropolitin e Elbasanit, Shpatit dhe Librazhdit, Andonin, Mitropolitin e Amantias, Nathanailin dhe klerik\u00eb t\u00eb zon\u00ebs.<\/span><\/p>\n<p style=\"text-align: justify;\">\n\t<span style=\"font-size: 12pt; font-family: helvetica; color: #000000;\">Gjat\u00eb Liturgjis\u00eb, Kryepiskopi i dha titullin titullin Stavrofor, priftit t\u00eb k\u00ebsaj enorie, at\u00eb Jani Ranxh\u00ebn, nd\u00ebrsa n\u00eb fund iu drejtua besimtar\u00ebve duke folur p\u00ebr kuptimin e s\u00eb kremtes dhe lidhjen e ngusht\u00eb q\u00eb ka ndjer\u00eb gjithmon\u00eb me k\u00ebt\u00eb krahin\u00eb me tradita n\u00eb besim. Pastaj, n\u00eb em\u00ebr t\u00eb besimtar\u00ebve, Mitropoliti Andon fal\u00ebnderoi Fortlumturin\u00eb e Tij p\u00ebr k\u00ebt\u00eb vizit\u00eb dhe kujdesin e treguar gjat\u00eb gjith\u00eb k\u00ebtyre viteve. N\u00eb fund t\u00eb t\u00eb Liturgjis\u00eb u krye bekimi i rrushit, q\u00eb si\u00e7 \u00ebsht\u00eb tradit\u00eb n\u00eb Kish\u00ebn ton\u00eb Orthodhokse b\u00ebhet n\u00eb dat\u00ebn 6 gusht.<\/span><\/p>\n<p style=\"text-align: justify;\">\n\t<span style=\"font-size: 12pt; font-family: helvetica; color: #000000;\">Pas Liturgjis\u00eb, n\u00eb nj\u00eb mjedis t\u00eb bukur natyror mes pishave, u dha nj\u00eb shfaqje artistike, me pjes\u00ebmarrjen e f\u00ebmij\u00ebve t\u00eb kampit ditor, grupit karakteristik t\u00eb zon\u00ebs etj. Ata iu drejtuan Kryepiskopit me fjal\u00eb t\u00eb ngrohta mir\u00ebnjohjeje dhe urime p\u00ebr gjith\u00eb \u00e7ka b\u00ebr\u00eb p\u00ebr ta dhe mor\u00ebn duartrokitjet dhe bekimet prej tij. Madje Kryepiskopi u ngrit dhe q\u00ebndroi n\u00eb mes t\u00eb valltar\u00ebve, q\u00eb e rrethuan me entuziazmin e tyre. N\u00eb fund, Kryepiskopi u shp\u00ebrndau ikona dhe u dha bekimet e tij t\u00eb gjith\u00eb pjes\u00ebmarr\u00ebsve.<\/span><\/p>\n<p style=\"text-align: justify;\">\n\t<span style=\"font-size: 12pt; font-family: helvetica; color: #000000;\">Kryepiskopi Anastas b\u00ebri edhe nj\u00eb vizit\u00eb n\u00eb fshatin e larg\u00ebt Zavalin\u00eb, pavar\u00ebsisht temperaturave t\u00eb larta dhe rrug\u00ebs mjaft t\u00eb d\u00ebmtuar. Por m\u00eb par\u00eb, Fortlumturia i Tij ndaloi n\u00eb fshatin Nezhan, n\u00eb sht\u00ebpin\u00eb e at\u00eb Kosta P\u00ebllumbit, 94 vje\u00e7, ndoshta i vetmi klerik i mbetur nga brezi i para viteve 90. M\u00eb pas ndalesa ishte n\u00eb kish\u00ebn e Sh\u00ebn Gjergjit n\u00eb Zavalin\u00eb, ku u prit nga besimtar\u00ebt dhe at\u00eb Sotir To\u00e7i. Aty u krye Paraklisi i Vog\u00ebl i Hyjlind\u00ebses dhe u mbyll me nj\u00eb vizit\u00eb n\u00eb nj\u00ebsin\u00eb administrative.<\/span><\/p>\n<p style=\"text-align: justify;\">\n\t<span style=\"font-size: 12pt; font-family: helvetica; color: #000000;\">Krahina e Gjinarit ka pasur tradita t\u00eb hershme orthodhokse, ku mund t\u00eb ve\u00e7ojm\u00eb dy kishat e shekullit t\u00eb XVI-t\u00eb n\u00eb Shelcan dhe Valsh, \u201cSh\u00ebn Nikolla\u201d dhe \u201cSh\u00ebn Parashqevia\u201d, t\u00eb pikturuar nga ikonografi i madh, protopapa Onuf\u00ebr. Shpati p\u00ebrmendet edhe p\u00ebr nj\u00eb ve\u00e7ori tjet\u00ebr unike. N\u00eb kulmin e represionit osman, q\u00eb k\u00ebrkonte t\u2019u nd\u00ebrronte me \u00e7do kusht besimin, p\u00ebr t\u2019i shp\u00ebtuar atij, mjaft banor\u00eb u deklaruan mysliman\u00eb dhe nd\u00ebrruan emrat, por ruanin edhe emrin e krishter\u00eb dhe kryenin fshehtas ritet. Pas pushtimit turk, ata n\u00eb m\u00ebnyr\u00eb masive deklaruan se ishin t\u00eb krishter\u00eb dhe shfaq\u00ebn besimin q\u00eb kishin ruajtur me aq v\u00ebshtir\u00ebsi. Pas viteve 90 kjo krahin\u00eb \u00ebsht\u00eb dalluar p\u00ebr p\u00ebrkushtimin dhe klerik\u00ebt e shumt\u00eb q\u00eb ka nxjerr\u00eb, si dhe nx\u00ebn\u00ebsit e shumt\u00eb e t\u00eb dalluar q\u00eb kan\u00eb p\u00ebrfunduar Akademin\u00eb Teologjike dhe Liceun \u201cKryqi i Nderuar\u201d etj. Gjithashtu, p\u00ebrve\u00e7 nd\u00ebrtimit t\u00eb disa kishave, qendr\u00ebs rinore etj., me kujdesin e drejtp\u00ebrdrejt\u00eb t\u00eb Kryepiskopit Anastas, n\u00eb k\u00ebt\u00eb krahin\u00eb jan\u00eb zbatuar projekte t\u00eb shumta zhvillimi p\u00ebr p\u00ebrmir\u00ebsimin e gjendjes ekonomike, sidomos n\u00ebp\u00ebrmjet zyr\u00ebs \u201cDiakonia Agapes\u201d t\u00eb Kish\u00ebs, projekte q\u00eb vazhdojn\u00eb edhe sot.<\/span><\/p>\n<p style=\"text-align: center;\">\n\t&nbsp;<\/p>\n<div style=\"position:relative;height:0;padding-bottom:56.25%\">\n\t<iframe allowfullscreen=\"\" frameborder=\"0\" height=\"250\" src=\"https:\/\/www.youtube.com\/embed\/y1-YcRu3u1c?list=PLDzvFdyA0HR7xKEkkeSgRM-PYC8Li649X?ecver=2\" style=\"position:absolute;width:100%;height:100%;left:0\" width=\"300\"><\/iframe><\/div>\n<p style=\"text-align: center;\">\n\t&nbsp;<\/p>\n<div style=\"position:relative;height:0;padding-bottom:56.25%\">\n\t<iframe allowfullscreen=\"\" frameborder=\"0\" height=\"250\" src=\"https:\/\/www.youtube.com\/embed\/bJtH13_l9Bo?rel=0?ecver=2\" style=\"position:absolute;width:100%;height:100%;left:0\" width=\"300\"><\/iframe><\/div>\n<p>\n\t&nbsp;<\/p>\n<p style=\"text-align: center;\">\n\t<img class=\"lazyload\" decoding=\"async\" alt=\"\" height=\"300\" src=\"data:image\/svg+xml,%3Csvg%20xmlns%3D%27http%3A%2F%2Fwww.w3.org%2F2000%2Fsvg%27%20width%3D%27450%27%20height%3D%27300%27%20viewBox%3D%270%200%20450%20300%27%3E%3Crect%20width%3D%27450%27%20height%3D%27300%27%20fill-opacity%3D%220%22%2F%3E%3C%2Fsvg%3E\" data-orig-src=\"https:\/\/orthodoxalbania.org\/2020\/wp-content\/uploads\/2020\/04\/1-3-9.JPG\" style=\"display: block; margin: 10px auto; border: 1px solid #000000;\" width=\"450\" \/><\/p>\n<p style=\"text-align: center;\">\n\t<img class=\"lazyload\" decoding=\"async\" alt=\"\" height=\"300\" src=\"data:image\/svg+xml,%3Csvg%20xmlns%3D%27http%3A%2F%2Fwww.w3.org%2F2000%2Fsvg%27%20width%3D%27450%27%20height%3D%27300%27%20viewBox%3D%270%200%20450%20300%27%3E%3Crect%20width%3D%27450%27%20height%3D%27300%27%20fill-opacity%3D%220%22%2F%3E%3C%2Fsvg%3E\" data-orig-src=\"https:\/\/orthodoxalbania.org\/2020\/wp-content\/uploads\/2020\/04\/2-2.JPG\" style=\"display: block; margin: 10px auto; border: 1px solid #000000;\" width=\"450\" \/><\/p>\n<p style=\"text-align: center;\">\n\t<img class=\"lazyload\" decoding=\"async\" alt=\"\" height=\"300\" src=\"data:image\/svg+xml,%3Csvg%20xmlns%3D%27http%3A%2F%2Fwww.w3.org%2F2000%2Fsvg%27%20width%3D%27450%27%20height%3D%27300%27%20viewBox%3D%270%200%20450%20300%27%3E%3Crect%20width%3D%27450%27%20height%3D%27300%27%20fill-opacity%3D%220%22%2F%3E%3C%2Fsvg%3E\" data-orig-src=\"https:\/\/orthodoxalbania.org\/2020\/wp-content\/uploads\/2020\/04\/3-5-9.JPG\" style=\"display: block; margin: 10px auto; border: 1px solid #000000;\" width=\"450\" \/><\/p>\n<p style=\"text-align: center;\">\n\t<img class=\"lazyload\" decoding=\"async\" alt=\"\" height=\"300\" src=\"data:image\/svg+xml,%3Csvg%20xmlns%3D%27http%3A%2F%2Fwww.w3.org%2F2000%2Fsvg%27%20width%3D%27450%27%20height%3D%27300%27%20viewBox%3D%270%200%20450%20300%27%3E%3Crect%20width%3D%27450%27%20height%3D%27300%27%20fill-opacity%3D%220%22%2F%3E%3C%2Fsvg%3E\" data-orig-src=\"https:\/\/orthodoxalbania.org\/2020\/wp-content\/uploads\/2020\/04\/4-3-3.JPG\" style=\"display: block; margin: 10px auto; border: 1px solid #000000;\" width=\"450\" \/><\/p>\n<p style=\"text-align: center;\">\n\t<img class=\"lazyload\" decoding=\"async\" alt=\"\" height=\"674\" src=\"data:image\/svg+xml,%3Csvg%20xmlns%3D%27http%3A%2F%2Fwww.w3.org%2F2000%2Fsvg%27%20width%3D%27450%27%20height%3D%27674%27%20viewBox%3D%270%200%20450%20674%27%3E%3Crect%20width%3D%27450%27%20height%3D%27674%27%20fill-opacity%3D%220%22%2F%3E%3C%2Fsvg%3E\" data-orig-src=\"https:\/\/orthodoxalbania.org\/2020\/wp-content\/uploads\/2020\/04\/5-4.JPG\" style=\"display: block; margin: 10px auto; border: 1px solid #000000;\" width=\"450\" \/><\/p>\n<p style=\"text-align: center;\">\n\t<img class=\"lazyload\" decoding=\"async\" alt=\"\" height=\"300\" src=\"data:image\/svg+xml,%3Csvg%20xmlns%3D%27http%3A%2F%2Fwww.w3.org%2F2000%2Fsvg%27%20width%3D%27450%27%20height%3D%27300%27%20viewBox%3D%270%200%20450%20300%27%3E%3Crect%20width%3D%27450%27%20height%3D%27300%27%20fill-opacity%3D%220%22%2F%3E%3C%2Fsvg%3E\" data-orig-src=\"https:\/\/orthodoxalbania.org\/2020\/wp-content\/uploads\/2020\/04\/6-2.JPG\" style=\"display: block; margin: 10px auto; border: 1px solid #000000;\" width=\"450\" \/><\/p>\n<p style=\"text-align: center;\">\n\t<img class=\"lazyload\" decoding=\"async\" alt=\"\" height=\"300\" src=\"data:image\/svg+xml,%3Csvg%20xmlns%3D%27http%3A%2F%2Fwww.w3.org%2F2000%2Fsvg%27%20width%3D%27450%27%20height%3D%27300%27%20viewBox%3D%270%200%20450%20300%27%3E%3Crect%20width%3D%27450%27%20height%3D%27300%27%20fill-opacity%3D%220%22%2F%3E%3C%2Fsvg%3E\" data-orig-src=\"https:\/\/orthodoxalbania.org\/2020\/wp-content\/uploads\/2020\/04\/7-3.JPG\" style=\"display: block; margin: 10px auto; border: 1px solid #000000;\" width=\"450\" \/><\/p>\n<p style=\"text-align: center;\">\n\t<img class=\"lazyload\" decoding=\"async\" alt=\"\" height=\"300\" src=\"data:image\/svg+xml,%3Csvg%20xmlns%3D%27http%3A%2F%2Fwww.w3.org%2F2000%2Fsvg%27%20width%3D%27450%27%20height%3D%27300%27%20viewBox%3D%270%200%20450%20300%27%3E%3Crect%20width%3D%27450%27%20height%3D%27300%27%20fill-opacity%3D%220%22%2F%3E%3C%2Fsvg%3E\" data-orig-src=\"https:\/\/orthodoxalbania.org\/2020\/wp-content\/uploads\/2020\/04\/8-5.JPG\" style=\"display: block; margin: 10px auto; border: 1px solid #000000;\" width=\"450\" \/><\/p>\n<p style=\"text-align: center;\">\n\t<img class=\"lazyload\" decoding=\"async\" alt=\"\" height=\"674\" src=\"data:image\/svg+xml,%3Csvg%20xmlns%3D%27http%3A%2F%2Fwww.w3.org%2F2000%2Fsvg%27%20width%3D%27450%27%20height%3D%27674%27%20viewBox%3D%270%200%20450%20674%27%3E%3Crect%20width%3D%27450%27%20height%3D%27674%27%20fill-opacity%3D%220%22%2F%3E%3C%2Fsvg%3E\" data-orig-src=\"https:\/\/orthodoxalbania.org\/2020\/wp-content\/uploads\/2020\/04\/9-9.JPG\" style=\"display: block; margin: 10px auto; border: 1px solid #000000;\" width=\"450\" \/><\/p>\n<p style=\"text-align: center;\">\n\t<img class=\"lazyload\" decoding=\"async\" alt=\"\" height=\"674\" src=\"data:image\/svg+xml,%3Csvg%20xmlns%3D%27http%3A%2F%2Fwww.w3.org%2F2000%2Fsvg%27%20width%3D%27450%27%20height%3D%27674%27%20viewBox%3D%270%200%20450%20674%27%3E%3Crect%20width%3D%27450%27%20height%3D%27674%27%20fill-opacity%3D%220%22%2F%3E%3C%2Fsvg%3E\" data-orig-src=\"https:\/\/orthodoxalbania.org\/2020\/wp-content\/uploads\/2020\/04\/10-5-5.JPG\" style=\"display: block; margin: 10px auto; border: 1px solid #000000;\" width=\"450\" \/><\/p>\n<p style=\"text-align: center;\">\n\t<img class=\"lazyload\" decoding=\"async\" alt=\"\" height=\"300\" src=\"data:image\/svg+xml,%3Csvg%20xmlns%3D%27http%3A%2F%2Fwww.w3.org%2F2000%2Fsvg%27%20width%3D%27450%27%20height%3D%27300%27%20viewBox%3D%270%200%20450%20300%27%3E%3Crect%20width%3D%27450%27%20height%3D%27300%27%20fill-opacity%3D%220%22%2F%3E%3C%2Fsvg%3E\" data-orig-src=\"https:\/\/orthodoxalbania.org\/2020\/wp-content\/uploads\/2020\/04\/11-2.JPG\" style=\"display: block; margin: 10px auto; border: 1px solid #000000;\" width=\"450\" \/><\/p>\n<p style=\"text-align: center;\">\n\t<img class=\"lazyload\" decoding=\"async\" alt=\"\" height=\"300\" src=\"data:image\/svg+xml,%3Csvg%20xmlns%3D%27http%3A%2F%2Fwww.w3.org%2F2000%2Fsvg%27%20width%3D%27450%27%20height%3D%27300%27%20viewBox%3D%270%200%20450%20300%27%3E%3Crect%20width%3D%27450%27%20height%3D%27300%27%20fill-opacity%3D%220%22%2F%3E%3C%2Fsvg%3E\" data-orig-src=\"https:\/\/orthodoxalbania.org\/2020\/wp-content\/uploads\/2020\/04\/12-6.JPG\" style=\"display: block; margin: 10px auto; border: 1px solid #000000;\" width=\"450\" \/><\/p>\n<p style=\"text-align: center;\">\n\t<img class=\"lazyload\" decoding=\"async\" alt=\"\" height=\"674\" src=\"data:image\/svg+xml,%3Csvg%20xmlns%3D%27http%3A%2F%2Fwww.w3.org%2F2000%2Fsvg%27%20width%3D%27450%27%20height%3D%27674%27%20viewBox%3D%270%200%20450%20674%27%3E%3Crect%20width%3D%27450%27%20height%3D%27674%27%20fill-opacity%3D%220%22%2F%3E%3C%2Fsvg%3E\" data-orig-src=\"https:\/\/orthodoxalbania.org\/2020\/wp-content\/uploads\/2020\/04\/13-1.JPG\" style=\"display: block; margin: 10px auto; border: 1px solid #000000;\" width=\"450\" \/><\/p>\n<p style=\"text-align: center;\">\n\t<img class=\"lazyload\" decoding=\"async\" alt=\"\" height=\"300\" src=\"data:image\/svg+xml,%3Csvg%20xmlns%3D%27http%3A%2F%2Fwww.w3.org%2F2000%2Fsvg%27%20width%3D%27450%27%20height%3D%27300%27%20viewBox%3D%270%200%20450%20300%27%3E%3Crect%20width%3D%27450%27%20height%3D%27300%27%20fill-opacity%3D%220%22%2F%3E%3C%2Fsvg%3E\" data-orig-src=\"https:\/\/orthodoxalbania.org\/2020\/wp-content\/uploads\/2020\/04\/14-5.JPG\" style=\"display: block; margin: 10px auto; border: 1px solid #000000;\" width=\"450\" \/><\/p>\n<p style=\"text-align: center;\">\n\t<img class=\"lazyload\" decoding=\"async\" alt=\"\" height=\"300\" src=\"data:image\/svg+xml,%3Csvg%20xmlns%3D%27http%3A%2F%2Fwww.w3.org%2F2000%2Fsvg%27%20width%3D%27450%27%20height%3D%27300%27%20viewBox%3D%270%200%20450%20300%27%3E%3Crect%20width%3D%27450%27%20height%3D%27300%27%20fill-opacity%3D%220%22%2F%3E%3C%2Fsvg%3E\" data-orig-src=\"https:\/\/orthodoxalbania.org\/2020\/wp-content\/uploads\/2020\/04\/15-1.JPG\" style=\"display: block; margin: 10px auto; border: 1px solid #000000;\" width=\"450\" \/><\/p>\n<p style=\"text-align: center;\">\n\t<img class=\"lazyload\" decoding=\"async\" alt=\"\" height=\"300\" src=\"data:image\/svg+xml,%3Csvg%20xmlns%3D%27http%3A%2F%2Fwww.w3.org%2F2000%2Fsvg%27%20width%3D%27450%27%20height%3D%27300%27%20viewBox%3D%270%200%20450%20300%27%3E%3Crect%20width%3D%27450%27%20height%3D%27300%27%20fill-opacity%3D%220%22%2F%3E%3C%2Fsvg%3E\" data-orig-src=\"https:\/\/orthodoxalbania.org\/2020\/wp-content\/uploads\/2020\/04\/17-0.JPG\" style=\"display: block; margin: 10px auto; border: 1px solid #000000;\" width=\"450\" \/><\/p>\n<p style=\"text-align: center;\">\n\t<img class=\"lazyload\" decoding=\"async\" alt=\"\" height=\"300\" src=\"data:image\/svg+xml,%3Csvg%20xmlns%3D%27http%3A%2F%2Fwww.w3.org%2F2000%2Fsvg%27%20width%3D%27450%27%20height%3D%27300%27%20viewBox%3D%270%200%20450%20300%27%3E%3Crect%20width%3D%27450%27%20height%3D%27300%27%20fill-opacity%3D%220%22%2F%3E%3C%2Fsvg%3E\" data-orig-src=\"https:\/\/orthodoxalbania.org\/2020\/wp-content\/uploads\/2020\/04\/18-4.JPG\" style=\"display: block; margin: 10px auto; border: 1px solid #000000;\" width=\"450\" \/><\/p>\n<p style=\"text-align: center;\">\n\t<img class=\"lazyload\" decoding=\"async\" alt=\"\" height=\"300\" src=\"data:image\/svg+xml,%3Csvg%20xmlns%3D%27http%3A%2F%2Fwww.w3.org%2F2000%2Fsvg%27%20width%3D%27450%27%20height%3D%27300%27%20viewBox%3D%270%200%20450%20300%27%3E%3Crect%20width%3D%27450%27%20height%3D%27300%27%20fill-opacity%3D%220%22%2F%3E%3C%2Fsvg%3E\" data-orig-src=\"https:\/\/orthodoxalbania.org\/2020\/wp-content\/uploads\/2020\/04\/19.JPG\" style=\"display: block; margin: 10px auto; border: 1px solid #000000;\" width=\"450\" \/><\/p>\n<p style=\"text-align: center;\">\n\t<img class=\"lazyload\" decoding=\"async\" alt=\"\" height=\"300\" src=\"data:image\/svg+xml,%3Csvg%20xmlns%3D%27http%3A%2F%2Fwww.w3.org%2F2000%2Fsvg%27%20width%3D%27450%27%20height%3D%27300%27%20viewBox%3D%270%200%20450%20300%27%3E%3Crect%20width%3D%27450%27%20height%3D%27300%27%20fill-opacity%3D%220%22%2F%3E%3C%2Fsvg%3E\" data-orig-src=\"https:\/\/orthodoxalbania.org\/2020\/wp-content\/uploads\/2020\/04\/20.JPG\" style=\"display: block; margin: 10px auto; border: 1px solid #000000;\" width=\"450\" \/><\/p>\n<p style=\"text-align: center;\">\n\t<img class=\"lazyload\" decoding=\"async\" alt=\"\" height=\"300\" src=\"data:image\/svg+xml,%3Csvg%20xmlns%3D%27http%3A%2F%2Fwww.w3.org%2F2000%2Fsvg%27%20width%3D%27450%27%20height%3D%27300%27%20viewBox%3D%270%200%20450%20300%27%3E%3Crect%20width%3D%27450%27%20height%3D%27300%27%20fill-opacity%3D%220%22%2F%3E%3C%2Fsvg%3E\" data-orig-src=\"https:\/\/orthodoxalbania.org\/2020\/wp-content\/uploads\/2020\/04\/21-7.JPG\" style=\"display: block; margin: 10px auto; border: 1px solid #000000;\" width=\"450\" \/><\/p>\n<p style=\"text-align: center;\">\n\t<img class=\"lazyload\" decoding=\"async\" alt=\"\" height=\"300\" src=\"data:image\/svg+xml,%3Csvg%20xmlns%3D%27http%3A%2F%2Fwww.w3.org%2F2000%2Fsvg%27%20width%3D%27450%27%20height%3D%27300%27%20viewBox%3D%270%200%20450%20300%27%3E%3Crect%20width%3D%27450%27%20height%3D%27300%27%20fill-opacity%3D%220%22%2F%3E%3C%2Fsvg%3E\" data-orig-src=\"https:\/\/orthodoxalbania.org\/2020\/wp-content\/uploads\/2020\/04\/22.JPG\" style=\"display: block; margin: 10px auto; border: 1px solid #000000;\" width=\"450\" \/><\/p>\n<p style=\"text-align: center;\">\n\t<img class=\"lazyload\" decoding=\"async\" alt=\"\" height=\"674\" src=\"data:image\/svg+xml,%3Csvg%20xmlns%3D%27http%3A%2F%2Fwww.w3.org%2F2000%2Fsvg%27%20width%3D%27450%27%20height%3D%27674%27%20viewBox%3D%270%200%20450%20674%27%3E%3Crect%20width%3D%27450%27%20height%3D%27674%27%20fill-opacity%3D%220%22%2F%3E%3C%2Fsvg%3E\" data-orig-src=\"https:\/\/orthodoxalbania.org\/2020\/wp-content\/uploads\/2020\/04\/23.JPG\" style=\"display: block; margin: 10px auto; border: 1px solid #000000;\" width=\"450\" \/><\/p>\n<p style=\"text-align: center;\">\n\t<img class=\"lazyload\" decoding=\"async\" alt=\"\" height=\"300\" src=\"data:image\/svg+xml,%3Csvg%20xmlns%3D%27http%3A%2F%2Fwww.w3.org%2F2000%2Fsvg%27%20width%3D%27450%27%20height%3D%27300%27%20viewBox%3D%270%200%20450%20300%27%3E%3Crect%20width%3D%27450%27%20height%3D%27300%27%20fill-opacity%3D%220%22%2F%3E%3C%2Fsvg%3E\" data-orig-src=\"https:\/\/orthodoxalbania.org\/2020\/wp-content\/uploads\/2020\/04\/24-8.JPG\" style=\"display: block; margin: 10px auto; border: 1px solid #000000;\" width=\"450\" \/><\/p>\n","protected":false},"excerpt":{"rendered":"<p>Kryepiskopi Anastas n\u00eb krahin\u00ebn me tradita orthodhokse t\u00eb Shpatit &nbsp; N\u00eb t\u00eb kremten e Metamorfoz\u00ebs ai kreu Liturgjin\u00eb Hyjnore n\u00eb Gjinar &nbsp; 6 Gushti, e kremtja e madhe e Metamorfoz\u00ebs s\u00eb Shp\u00ebtimtarit, k\u00ebt\u00eb vit ishte e ve\u00e7ant\u00eb p\u00ebr banor\u00ebt e krahin\u00ebs me tradita t\u00eb Shpatit, n\u00eb Mitropolin\u00eb e Elbasanit. Ata kishin mes tyre Kryepiskopin Anastas, i Cili kishte ardhur p\u00ebr t\u00eb festuar bashk\u00eb me ta.<\/p>\n","protected":false},"author":1,"featured_media":5451,"comment_status":"open","ping_status":"open","sticky":false,"template":"","format":"standard","meta":{"_acf_changed":false,"pagelayer_contact_templates":[],"_pagelayer_content":"","inline_featured_image":false,"fifu_image_url":"","fifu_image_alt":"","footnotes":""},"categories":[108],"tags":[209,157,196,201,212,207],"class_list":["post-5450","post","type-post","status-publish","format-standard","has-post-thumbnail","hentry","category-lajme","tag-209","tag-kremtime","tag-tirane","tag-kryepiskopi-anastas","tag-lajme-d27","tag-mitropolia-e-elbasanit-shpatit-dhe-librazhdit"],"acf":[],"yoast_head":"<!-- This site is optimized with the Yoast SEO plugin v27.2 - https:\/\/yoast.com\/product\/yoast-seo-wordpress\/ -->\n<title>Kryepiskopi Anastas n\u00eb krahin\u00ebn me tradita orthodhokse t\u00eb Shpatit - Kisha Orthodh\u03bfkse Autoqefale e Shqip\u00ebris\u00eb<\/title>\n<meta name=\"robots\" content=\"index, follow, max-snippet:-1, max-image-preview:large, max-video-preview:-1\" \/>\n<link rel=\"canonical\" href=\"https:\/\/orthodoxalbania.org\/2020\/2017\/08\/07\/kryepiskopi-anastas-ne-krahinen-me-tradita-orthodhokse-te-shpatit\/\" \/>\n<meta property=\"og:locale\" content=\"en_US\" \/>\n<meta property=\"og:type\" content=\"article\" \/>\n<meta property=\"og:title\" content=\"Kryepiskopi Anastas n\u00eb krahin\u00ebn me tradita orthodhokse t\u00eb Shpatit - Kisha Orthodh\u03bfkse Autoqefale e Shqip\u00ebris\u00eb\" \/>\n<meta property=\"og:description\" content=\"Kryepiskopi Anastas n\u00eb krahin\u00ebn me tradita orthodhokse t\u00eb Shpatit &nbsp; N\u00eb t\u00eb kremten e Metamorfoz\u00ebs ai kreu Liturgjin\u00eb Hyjnore n\u00eb Gjinar &nbsp; 6 Gushti, e kremtja e madhe e Metamorfoz\u00ebs s\u00eb Shp\u00ebtimtarit, k\u00ebt\u00eb vit ishte e ve\u00e7ant\u00eb p\u00ebr banor\u00ebt e krahin\u00ebs me tradita t\u00eb Shpatit, n\u00eb Mitropolin\u00eb e Elbasanit. Ata kishin mes tyre Kryepiskopin Anastas, i Cili kishte ardhur p\u00ebr t\u00eb festuar bashk\u00eb me ta.\" \/>\n<meta property=\"og:url\" content=\"https:\/\/orthodoxalbania.org\/2020\/2017\/08\/07\/kryepiskopi-anastas-ne-krahinen-me-tradita-orthodhokse-te-shpatit\/\" \/>\n<meta property=\"og:site_name\" content=\"Kisha Orthodh\u03bfkse Autoqefale e Shqip\u00ebris\u00eb\" \/>\n<meta property=\"article:publisher\" content=\"https:\/\/www.facebook.com\/koash1991\" \/>\n<meta property=\"article:published_time\" content=\"2017-08-07T11:55:51+00:00\" \/>\n<meta property=\"article:modified_time\" content=\"2020-04-06T19:58:19+00:00\" \/>\n<meta property=\"og:image\" content=\"https:\/\/orthodoxalbania.org\/2020\/wp-content\/uploads\/2020\/04\/24-6.JPG\" \/>\n\t<meta property=\"og:image:width\" content=\"640\" \/>\n\t<meta property=\"og:image:height\" content=\"427\" \/>\n\t<meta property=\"og:image:type\" content=\"image\/jpeg\" \/>\n<meta name=\"author\" content=\"Kisha Orthodhokse\" \/>\n<meta name=\"twitter:card\" content=\"summary_large_image\" \/>\n<meta name=\"twitter:label1\" content=\"Written by\" \/>\n\t<meta name=\"twitter:data1\" content=\"Kisha Orthodhokse\" \/>\n\t<meta name=\"twitter:label2\" content=\"Est. reading time\" \/>\n\t<meta name=\"twitter:data2\" content=\"4 minutes\" \/>\n<script type=\"application\/ld+json\" class=\"yoast-schema-graph\">{\"@context\":\"https:\/\/schema.org\",\"@graph\":[{\"@type\":\"Article\",\"@id\":\"https:\/\/orthodoxalbania.org\/2020\/2017\/08\/07\/kryepiskopi-anastas-ne-krahinen-me-tradita-orthodhokse-te-shpatit\/#article\",\"isPartOf\":{\"@id\":\"https:\/\/orthodoxalbania.org\/2020\/2017\/08\/07\/kryepiskopi-anastas-ne-krahinen-me-tradita-orthodhokse-te-shpatit\/\"},\"author\":{\"name\":\"Kisha Orthodhokse\",\"@id\":\"https:\/\/orthodoxalbania.org\/2020\/#\/schema\/person\/0c387634a7063ac612d7ed9ce71c7e86\"},\"headline\":\"Kryepiskopi Anastas n\u00eb krahin\u00ebn me tradita orthodhokse t\u00eb Shpatit\",\"datePublished\":\"2017-08-07T11:55:51+00:00\",\"dateModified\":\"2020-04-06T19:58:19+00:00\",\"mainEntityOfPage\":{\"@id\":\"https:\/\/orthodoxalbania.org\/2020\/2017\/08\/07\/kryepiskopi-anastas-ne-krahinen-me-tradita-orthodhokse-te-shpatit\/\"},\"wordCount\":745,\"commentCount\":0,\"publisher\":{\"@id\":\"https:\/\/orthodoxalbania.org\/2020\/#organization\"},\"image\":{\"@id\":\"https:\/\/orthodoxalbania.org\/2020\/2017\/08\/07\/kryepiskopi-anastas-ne-krahinen-me-tradita-orthodhokse-te-shpatit\/#primaryimage\"},\"thumbnailUrl\":\"https:\/\/orthodoxalbania.org\/2020\/wp-content\/uploads\/2020\/04\/24-6.JPG\",\"keywords\":[\"2017\",\"Kremtime\",\"Kryepiskopata Tiran\u00eb\",\"Kryepiskopi Anastas\",\"lajme\",\"Mitropolia e Elbasanit, Shpatit dhe Librazhdit\"],\"articleSection\":[\"Lajme\"],\"inLanguage\":\"en-US\"},{\"@type\":\"WebPage\",\"@id\":\"https:\/\/orthodoxalbania.org\/2020\/2017\/08\/07\/kryepiskopi-anastas-ne-krahinen-me-tradita-orthodhokse-te-shpatit\/\",\"url\":\"https:\/\/orthodoxalbania.org\/2020\/2017\/08\/07\/kryepiskopi-anastas-ne-krahinen-me-tradita-orthodhokse-te-shpatit\/\",\"name\":\"Kryepiskopi Anastas n\u00eb krahin\u00ebn me tradita orthodhokse t\u00eb Shpatit - Kisha Orthodh\u03bfkse Autoqefale e Shqip\u00ebris\u00eb\",\"isPartOf\":{\"@id\":\"https:\/\/orthodoxalbania.org\/2020\/#website\"},\"primaryImageOfPage\":{\"@id\":\"https:\/\/orthodoxalbania.org\/2020\/2017\/08\/07\/kryepiskopi-anastas-ne-krahinen-me-tradita-orthodhokse-te-shpatit\/#primaryimage\"},\"image\":{\"@id\":\"https:\/\/orthodoxalbania.org\/2020\/2017\/08\/07\/kryepiskopi-anastas-ne-krahinen-me-tradita-orthodhokse-te-shpatit\/#primaryimage\"},\"thumbnailUrl\":\"https:\/\/orthodoxalbania.org\/2020\/wp-content\/uploads\/2020\/04\/24-6.JPG\",\"datePublished\":\"2017-08-07T11:55:51+00:00\",\"dateModified\":\"2020-04-06T19:58:19+00:00\",\"breadcrumb\":{\"@id\":\"https:\/\/orthodoxalbania.org\/2020\/2017\/08\/07\/kryepiskopi-anastas-ne-krahinen-me-tradita-orthodhokse-te-shpatit\/#breadcrumb\"},\"inLanguage\":\"en-US\",\"potentialAction\":[{\"@type\":\"ReadAction\",\"target\":[\"https:\/\/orthodoxalbania.org\/2020\/2017\/08\/07\/kryepiskopi-anastas-ne-krahinen-me-tradita-orthodhokse-te-shpatit\/\"]}]},{\"@type\":\"ImageObject\",\"inLanguage\":\"en-US\",\"@id\":\"https:\/\/orthodoxalbania.org\/2020\/2017\/08\/07\/kryepiskopi-anastas-ne-krahinen-me-tradita-orthodhokse-te-shpatit\/#primaryimage\",\"url\":\"https:\/\/orthodoxalbania.org\/2020\/wp-content\/uploads\/2020\/04\/24-6.JPG\",\"contentUrl\":\"https:\/\/orthodoxalbania.org\/2020\/wp-content\/uploads\/2020\/04\/24-6.JPG\",\"width\":640,\"height\":427},{\"@type\":\"BreadcrumbList\",\"@id\":\"https:\/\/orthodoxalbania.org\/2020\/2017\/08\/07\/kryepiskopi-anastas-ne-krahinen-me-tradita-orthodhokse-te-shpatit\/#breadcrumb\",\"itemListElement\":[{\"@type\":\"ListItem\",\"position\":1,\"name\":\"Home\",\"item\":\"https:\/\/orthodoxalbania.org\/2020\/\"},{\"@type\":\"ListItem\",\"position\":2,\"name\":\"Kryepiskopi Anastas n\u00eb krahin\u00ebn me tradita orthodhokse t\u00eb Shpatit\"}]},{\"@type\":\"WebSite\",\"@id\":\"https:\/\/orthodoxalbania.org\/2020\/#website\",\"url\":\"https:\/\/orthodoxalbania.org\/2020\/\",\"name\":\"Kisha Orthodh\u03bfkse Autoqefale e Shqip\u00ebris\u00eb\",\"description\":\"Fqja Zyrtare e Kish\u00ebs Orthodhokse Autoqefale e Shqip\u00ebris\u00eb me lajmet edhe informacionet zyrtare p\u00ebr struktur\u00ebn edhe veprimtarin e saj.\",\"publisher\":{\"@id\":\"https:\/\/orthodoxalbania.org\/2020\/#organization\"},\"potentialAction\":[{\"@type\":\"SearchAction\",\"target\":{\"@type\":\"EntryPoint\",\"urlTemplate\":\"https:\/\/orthodoxalbania.org\/2020\/?s={search_term_string}\"},\"query-input\":{\"@type\":\"PropertyValueSpecification\",\"valueRequired\":true,\"valueName\":\"search_term_string\"}}],\"inLanguage\":\"en-US\"},{\"@type\":\"Organization\",\"@id\":\"https:\/\/orthodoxalbania.org\/2020\/#organization\",\"name\":\"Kisha Orthodhokse Autoqefale e Shqip\u00ebris\u00eb\",\"url\":\"https:\/\/orthodoxalbania.org\/2020\/\",\"logo\":{\"@type\":\"ImageObject\",\"inLanguage\":\"en-US\",\"@id\":\"https:\/\/orthodoxalbania.org\/2020\/#\/schema\/logo\/image\/\",\"url\":\"https:\/\/orthodoxalbania.org\/2020\/wp-content\/uploads\/2020\/05\/albania.jpeg\",\"contentUrl\":\"https:\/\/orthodoxalbania.org\/2020\/wp-content\/uploads\/2020\/05\/albania.jpeg\",\"width\":540,\"height\":540,\"caption\":\"Kisha Orthodhokse Autoqefale e Shqip\u00ebris\u00eb\"},\"image\":{\"@id\":\"https:\/\/orthodoxalbania.org\/2020\/#\/schema\/logo\/image\/\"},\"sameAs\":[\"https:\/\/www.facebook.com\/koash1991\"]},{\"@type\":\"Person\",\"@id\":\"https:\/\/orthodoxalbania.org\/2020\/#\/schema\/person\/0c387634a7063ac612d7ed9ce71c7e86\",\"name\":\"Kisha Orthodhokse\",\"image\":{\"@type\":\"ImageObject\",\"inLanguage\":\"en-US\",\"@id\":\"https:\/\/secure.gravatar.com\/avatar\/596e7c417251e30f2fbb9c00e026fce61a695a00e51c889caded71c96cbbdde5?s=96&d=mm&r=g\",\"url\":\"https:\/\/secure.gravatar.com\/avatar\/596e7c417251e30f2fbb9c00e026fce61a695a00e51c889caded71c96cbbdde5?s=96&d=mm&r=g\",\"contentUrl\":\"https:\/\/secure.gravatar.com\/avatar\/596e7c417251e30f2fbb9c00e026fce61a695a00e51c889caded71c96cbbdde5?s=96&d=mm&r=g\",\"caption\":\"Kisha Orthodhokse\"}}]}<\/script>\n<!-- \/ Yoast SEO plugin. -->","yoast_head_json":{"title":"Kryepiskopi Anastas n\u00eb krahin\u00ebn me tradita orthodhokse t\u00eb Shpatit - Kisha Orthodh\u03bfkse Autoqefale e Shqip\u00ebris\u00eb","robots":{"index":"index","follow":"follow","max-snippet":"max-snippet:-1","max-image-preview":"max-image-preview:large","max-video-preview":"max-video-preview:-1"},"canonical":"https:\/\/orthodoxalbania.org\/2020\/2017\/08\/07\/kryepiskopi-anastas-ne-krahinen-me-tradita-orthodhokse-te-shpatit\/","og_locale":"en_US","og_type":"article","og_title":"Kryepiskopi Anastas n\u00eb krahin\u00ebn me tradita orthodhokse t\u00eb Shpatit - Kisha Orthodh\u03bfkse Autoqefale e Shqip\u00ebris\u00eb","og_description":"Kryepiskopi Anastas n\u00eb krahin\u00ebn me tradita orthodhokse t\u00eb Shpatit &nbsp; N\u00eb t\u00eb kremten e Metamorfoz\u00ebs ai kreu Liturgjin\u00eb Hyjnore n\u00eb Gjinar &nbsp; 6 Gushti, e kremtja e madhe e Metamorfoz\u00ebs s\u00eb Shp\u00ebtimtarit, k\u00ebt\u00eb vit ishte e ve\u00e7ant\u00eb p\u00ebr banor\u00ebt e krahin\u00ebs me tradita t\u00eb Shpatit, n\u00eb Mitropolin\u00eb e Elbasanit. Ata kishin mes tyre Kryepiskopin Anastas, i Cili kishte ardhur p\u00ebr t\u00eb festuar bashk\u00eb me ta.","og_url":"https:\/\/orthodoxalbania.org\/2020\/2017\/08\/07\/kryepiskopi-anastas-ne-krahinen-me-tradita-orthodhokse-te-shpatit\/","og_site_name":"Kisha Orthodh\u03bfkse Autoqefale e Shqip\u00ebris\u00eb","article_publisher":"https:\/\/www.facebook.com\/koash1991","article_published_time":"2017-08-07T11:55:51+00:00","article_modified_time":"2020-04-06T19:58:19+00:00","og_image":[{"width":640,"height":427,"url":"https:\/\/orthodoxalbania.org\/2020\/wp-content\/uploads\/2020\/04\/24-6.JPG","type":"image\/jpeg"}],"author":"Kisha Orthodhokse","twitter_card":"summary_large_image","twitter_misc":{"Written by":"Kisha Orthodhokse","Est. reading time":"4 minutes"},"schema":{"@context":"https:\/\/schema.org","@graph":[{"@type":"Article","@id":"https:\/\/orthodoxalbania.org\/2020\/2017\/08\/07\/kryepiskopi-anastas-ne-krahinen-me-tradita-orthodhokse-te-shpatit\/#article","isPartOf":{"@id":"https:\/\/orthodoxalbania.org\/2020\/2017\/08\/07\/kryepiskopi-anastas-ne-krahinen-me-tradita-orthodhokse-te-shpatit\/"},"author":{"name":"Kisha Orthodhokse","@id":"https:\/\/orthodoxalbania.org\/2020\/#\/schema\/person\/0c387634a7063ac612d7ed9ce71c7e86"},"headline":"Kryepiskopi Anastas n\u00eb krahin\u00ebn me tradita orthodhokse t\u00eb Shpatit","datePublished":"2017-08-07T11:55:51+00:00","dateModified":"2020-04-06T19:58:19+00:00","mainEntityOfPage":{"@id":"https:\/\/orthodoxalbania.org\/2020\/2017\/08\/07\/kryepiskopi-anastas-ne-krahinen-me-tradita-orthodhokse-te-shpatit\/"},"wordCount":745,"commentCount":0,"publisher":{"@id":"https:\/\/orthodoxalbania.org\/2020\/#organization"},"image":{"@id":"https:\/\/orthodoxalbania.org\/2020\/2017\/08\/07\/kryepiskopi-anastas-ne-krahinen-me-tradita-orthodhokse-te-shpatit\/#primaryimage"},"thumbnailUrl":"https:\/\/orthodoxalbania.org\/2020\/wp-content\/uploads\/2020\/04\/24-6.JPG","keywords":["2017","Kremtime","Kryepiskopata Tiran\u00eb","Kryepiskopi Anastas","lajme","Mitropolia e Elbasanit, Shpatit dhe Librazhdit"],"articleSection":["Lajme"],"inLanguage":"en-US"},{"@type":"WebPage","@id":"https:\/\/orthodoxalbania.org\/2020\/2017\/08\/07\/kryepiskopi-anastas-ne-krahinen-me-tradita-orthodhokse-te-shpatit\/","url":"https:\/\/orthodoxalbania.org\/2020\/2017\/08\/07\/kryepiskopi-anastas-ne-krahinen-me-tradita-orthodhokse-te-shpatit\/","name":"Kryepiskopi Anastas n\u00eb krahin\u00ebn me tradita orthodhokse t\u00eb Shpatit - Kisha Orthodh\u03bfkse Autoqefale e Shqip\u00ebris\u00eb","isPartOf":{"@id":"https:\/\/orthodoxalbania.org\/2020\/#website"},"primaryImageOfPage":{"@id":"https:\/\/orthodoxalbania.org\/2020\/2017\/08\/07\/kryepiskopi-anastas-ne-krahinen-me-tradita-orthodhokse-te-shpatit\/#primaryimage"},"image":{"@id":"https:\/\/orthodoxalbania.org\/2020\/2017\/08\/07\/kryepiskopi-anastas-ne-krahinen-me-tradita-orthodhokse-te-shpatit\/#primaryimage"},"thumbnailUrl":"https:\/\/orthodoxalbania.org\/2020\/wp-content\/uploads\/2020\/04\/24-6.JPG","datePublished":"2017-08-07T11:55:51+00:00","dateModified":"2020-04-06T19:58:19+00:00","breadcrumb":{"@id":"https:\/\/orthodoxalbania.org\/2020\/2017\/08\/07\/kryepiskopi-anastas-ne-krahinen-me-tradita-orthodhokse-te-shpatit\/#breadcrumb"},"inLanguage":"en-US","potentialAction":[{"@type":"ReadAction","target":["https:\/\/orthodoxalbania.org\/2020\/2017\/08\/07\/kryepiskopi-anastas-ne-krahinen-me-tradita-orthodhokse-te-shpatit\/"]}]},{"@type":"ImageObject","inLanguage":"en-US","@id":"https:\/\/orthodoxalbania.org\/2020\/2017\/08\/07\/kryepiskopi-anastas-ne-krahinen-me-tradita-orthodhokse-te-shpatit\/#primaryimage","url":"https:\/\/orthodoxalbania.org\/2020\/wp-content\/uploads\/2020\/04\/24-6.JPG","contentUrl":"https:\/\/orthodoxalbania.org\/2020\/wp-content\/uploads\/2020\/04\/24-6.JPG","width":640,"height":427},{"@type":"BreadcrumbList","@id":"https:\/\/orthodoxalbania.org\/2020\/2017\/08\/07\/kryepiskopi-anastas-ne-krahinen-me-tradita-orthodhokse-te-shpatit\/#breadcrumb","itemListElement":[{"@type":"ListItem","position":1,"name":"Home","item":"https:\/\/orthodoxalbania.org\/2020\/"},{"@type":"ListItem","position":2,"name":"Kryepiskopi Anastas n\u00eb krahin\u00ebn me tradita orthodhokse t\u00eb Shpatit"}]},{"@type":"WebSite","@id":"https:\/\/orthodoxalbania.org\/2020\/#website","url":"https:\/\/orthodoxalbania.org\/2020\/","name":"Kisha Orthodh\u03bfkse Autoqefale e Shqip\u00ebris\u00eb","description":"Fqja Zyrtare e Kish\u00ebs Orthodhokse Autoqefale e Shqip\u00ebris\u00eb me lajmet edhe informacionet zyrtare p\u00ebr struktur\u00ebn edhe veprimtarin e saj.","publisher":{"@id":"https:\/\/orthodoxalbania.org\/2020\/#organization"},"potentialAction":[{"@type":"SearchAction","target":{"@type":"EntryPoint","urlTemplate":"https:\/\/orthodoxalbania.org\/2020\/?s={search_term_string}"},"query-input":{"@type":"PropertyValueSpecification","valueRequired":true,"valueName":"search_term_string"}}],"inLanguage":"en-US"},{"@type":"Organization","@id":"https:\/\/orthodoxalbania.org\/2020\/#organization","name":"Kisha Orthodhokse Autoqefale e Shqip\u00ebris\u00eb","url":"https:\/\/orthodoxalbania.org\/2020\/","logo":{"@type":"ImageObject","inLanguage":"en-US","@id":"https:\/\/orthodoxalbania.org\/2020\/#\/schema\/logo\/image\/","url":"https:\/\/orthodoxalbania.org\/2020\/wp-content\/uploads\/2020\/05\/albania.jpeg","contentUrl":"https:\/\/orthodoxalbania.org\/2020\/wp-content\/uploads\/2020\/05\/albania.jpeg","width":540,"height":540,"caption":"Kisha Orthodhokse Autoqefale e Shqip\u00ebris\u00eb"},"image":{"@id":"https:\/\/orthodoxalbania.org\/2020\/#\/schema\/logo\/image\/"},"sameAs":["https:\/\/www.facebook.com\/koash1991"]},{"@type":"Person","@id":"https:\/\/orthodoxalbania.org\/2020\/#\/schema\/person\/0c387634a7063ac612d7ed9ce71c7e86","name":"Kisha Orthodhokse","image":{"@type":"ImageObject","inLanguage":"en-US","@id":"https:\/\/secure.gravatar.com\/avatar\/596e7c417251e30f2fbb9c00e026fce61a695a00e51c889caded71c96cbbdde5?s=96&d=mm&r=g","url":"https:\/\/secure.gravatar.com\/avatar\/596e7c417251e30f2fbb9c00e026fce61a695a00e51c889caded71c96cbbdde5?s=96&d=mm&r=g","contentUrl":"https:\/\/secure.gravatar.com\/avatar\/596e7c417251e30f2fbb9c00e026fce61a695a00e51c889caded71c96cbbdde5?s=96&d=mm&r=g","caption":"Kisha Orthodhokse"}}]}},"_links":{"self":[{"href":"https:\/\/orthodoxalbania.org\/2020\/wp-json\/wp\/v2\/posts\/5450","targetHints":{"allow":["GET"]}}],"collection":[{"href":"https:\/\/orthodoxalbania.org\/2020\/wp-json\/wp\/v2\/posts"}],"about":[{"href":"https:\/\/orthodoxalbania.org\/2020\/wp-json\/wp\/v2\/types\/post"}],"author":[{"embeddable":true,"href":"https:\/\/orthodoxalbania.org\/2020\/wp-json\/wp\/v2\/users\/1"}],"replies":[{"embeddable":true,"href":"https:\/\/orthodoxalbania.org\/2020\/wp-json\/wp\/v2\/comments?post=5450"}],"version-history":[{"count":1,"href":"https:\/\/orthodoxalbania.org\/2020\/wp-json\/wp\/v2\/posts\/5450\/revisions"}],"predecessor-version":[{"id":14836,"href":"https:\/\/orthodoxalbania.org\/2020\/wp-json\/wp\/v2\/posts\/5450\/revisions\/14836"}],"wp:featuredmedia":[{"embeddable":true,"href":"https:\/\/orthodoxalbania.org\/2020\/wp-json\/wp\/v2\/media\/5451"}],"wp:attachment":[{"href":"https:\/\/orthodoxalbania.org\/2020\/wp-json\/wp\/v2\/media?parent=5450"}],"wp:term":[{"taxonomy":"category","embeddable":true,"href":"https:\/\/orthodoxalbania.org\/2020\/wp-json\/wp\/v2\/categories?post=5450"},{"taxonomy":"post_tag","embeddable":true,"href":"https:\/\/orthodoxalbania.org\/2020\/wp-json\/wp\/v2\/tags?post=5450"}],"curies":[{"name":"wp","href":"https:\/\/api.w.org\/{rel}","templated":true}]}}