{"id":545,"date":"2013-03-21T10:26:54","date_gmt":"2013-03-21T10:26:54","guid":{"rendered":""},"modified":"2020-04-06T22:31:54","modified_gmt":"2020-04-06T20:31:54","slug":"festohet-dita-e-uji-te-bekuar","status":"publish","type":"post","link":"https:\/\/orthodoxalbania.org\/2020\/2013\/03\/21\/festohet-dita-e-uji-te-bekuar\/","title":{"rendered":"Festohet dita e Uji t\u00eb Bekuar. (6 Janar 2012)"},"content":{"rendered":"<div class=\"style7\">\n<div><span style=\"font-family: helvetica;\"><span style=\"font-size: 12px;\"><span style=\"color: #000000;\"><img decoding=\"async\" class=\"lazyload HAa Eha\" style=\"height: 225px; width: 300px; border-width: 1px; border-style: solid; margin: 10px; float: right;\" alt=\"\" src=\"data:image\/gif;base64,R0lGODlhAQABAAAAACH5BAEKAAEALAAAAAABAAEAAAICTAEAOw==\" data-orig-src=\"https:\/\/lh3.googleusercontent.com\/-BfjG7Xls-RM\/VARZmJN9ylI\/AAAAAAAACt8\/hZbN_wAqgMI\/w448-h336-no\/CIMG0526.JPG\" \/><\/span><span style=\"color: #000000; font-size: 12pt;\">&nbsp;&nbsp;&nbsp; Qindra qytetar\u00eb mor\u00ebn pjes\u00eb n\u00eb festimet e 6 janarit, n\u00eb k\u00ebt\u00eb dit\u00eb kur gjith\u00eb natyra shenjt\u00ebrohet me Pag\u00ebzimin e Zotit Jisu Krisht.<\/span><\/span><\/span><\/div>\n<div><span style=\"font-family: helvetica; font-size: 12pt;\"><\/span><\/div>\n<div><span style=\"color: #000000; font-family: helvetica; font-size: 12pt;\">&nbsp;&nbsp;&nbsp; Brenda dhe jasht\u00eb saj, kisha \u201cUngjill\u00ebzimi i Hyjlind\u00ebses\u201d n\u00eb Tiran\u00eb ishte mbushur me qindra besimtar\u00eb t\u00eb ardhur n\u00eb fest\u00ebn zot\u00ebrore \u201ct\u00eb Dritave\u201d, pavar\u00ebsisht rreshjeve t\u00eb dendura t\u00eb shiut. Fortlumturia e Tij, Kryepiskopi Anastas, drejtoi i shoq\u00ebruar nga kleri, Liturgjin\u00eb Hyjnore dhe sh\u00ebrbes\u00ebn e Shenjt\u00ebrimit t\u00eb uj\u00ebrave. Ai shpjegoi para besimtar\u00ebve brenda dhe jasht\u00eb kish\u00ebs se dita e Pag\u00ebzimit t\u00eb Zotit ton\u00eb Jisu Krisht sh\u00ebnon edhe fillimin e misionit t\u00eb tij shp\u00ebtimtar. Kjo fest\u00eb quhet e drit\u00ebs, sepse Per\u00ebndia \u00ebsht\u00eb drita dhe Ai u shfaq nd\u00ebr ne. Ai na u shfaq duke zbuluar misterin e Trinis\u00eb s\u00eb Shenjt\u00eb. Ati d\u00ebshmoi se Jisui nuk \u00ebsht\u00eb njeri i thjesht\u00eb, por Per\u00ebndi-njeri, ku n\u00eb personin e Jisuit u bashkua natyra hyjnore me at\u00eb njer\u00ebzore.<\/span><\/div>\n<div><span style=\"font-family: helvetica; font-size: 12pt;\"><\/span><\/div>\n<div><span style=\"color: #000000; font-family: helvetica; font-size: 12pt;\">&nbsp; &nbsp; Pas sh\u00ebrbes\u00ebs s\u00eb Bekimit t\u00eb ujit, besimtar\u00ebt mor\u00ebn ujin e bekuar, duke e p\u00ebrdorur at\u00eb p\u00ebr sh\u00ebrim shpirt\u00ebror e trupor, p\u00ebr familjen dhe t\u00eb af\u00ebrmit e tyre.<\/span><\/div>\n<div style=\"text-align: center;\"><span style=\"color: #b22222; font-family: helvetica; font-size: 12pt;\"> <strong>*&nbsp;&nbsp;&nbsp;&nbsp;&nbsp;&nbsp;&nbsp; *&nbsp;&nbsp;&nbsp;&nbsp;&nbsp;&nbsp;&nbsp; *<\/strong><\/span><br \/><span style=\"font-family: helvetica; font-size: 12pt;\"> &nbsp;<\/span><\/div>\n<div><span style=\"color: #000000; font-family: helvetica; font-size: 12pt;\">&nbsp;&nbsp;&nbsp; Edhe n\u00eb qytetin e Durr\u00ebsit, qindra besimtar\u00eb jan\u00eb mbledhur pran\u00eb uj\u00ebrave t\u00eb Portit t\u00eb k\u00ebtij qyteti p\u00ebr t\u00eb festuar me madh\u00ebshti fest\u00ebn e Ujit t\u00eb Bekuar. K\u00ebt\u00eb viti, kryqi u mor studenti i inxhinieris\u00eb, 22-vje\u00e7ari Fatjon Bushi.<\/span><\/div>\n<div><span style=\"font-family: helvetica; font-size: 12pt;\"> &nbsp;<\/span><\/div>\n<div style=\"text-align: center;\"><span style=\"color: #b22222; font-family: helvetica; font-size: 12pt;\"><strong>*&nbsp;&nbsp;&nbsp;&nbsp;&nbsp;&nbsp;&nbsp; *&nbsp;&nbsp;&nbsp;&nbsp;&nbsp;&nbsp;&nbsp; *<\/strong><\/span><\/div>\n<div style=\"text-align: center;\"><span style=\"font-family: helvetica; font-size: 12pt;\"><\/span><\/div>\n<div><span style=\"color: #000000; font-family: helvetica; font-size: 12pt;\">&nbsp; &nbsp; Kjo dit\u00eb \u00ebsht\u00eb kremtuar edhe n\u00eb qytetin e Kor\u00e7\u00ebs, e cila ka nisur me mbajtjen e mesh\u00ebs tradicionale n\u00eb katedrale nga Mitropoloiti i Kor\u00e7\u00ebs, imzot Joani. Edhe pse n\u00eb temperatura n\u00ebn zero grad\u00eb shum\u00eb t\u00eb rinj jan\u00eb hedhur n\u00eb shat\u00ebrvan p\u00ebr t\u00eb kapur kryqin. 26-vje\u00e7ari Gentjan Gora nxorri kryqin nga uji i shat\u00ebrvanit.<\/span><\/div>\n<div><span style=\"font-family: helvetica; font-size: 12pt;\"><\/span><\/div>\n<div><span style=\"font-family: helvetica; font-size: 12pt;\"><\/span><\/div>\n<div><span style=\"font-family: helvetica; font-size: 12pt;\"><span style=\"color: #000000;\"><img decoding=\"async\" class=\"lazyload HAa Eha\" style=\"height: 200px; width: 300px; border-width: 1px; border-style: solid; margin: 10px; float: left;\" alt=\"\" src=\"data:image\/gif;base64,R0lGODlhAQABAAAAACH5BAEKAAEALAAAAAABAAEAAAICTAEAOw==\" data-orig-src=\"https:\/\/lh5.googleusercontent.com\/-oIweiULyffo\/VARZl1xkOvI\/AAAAAAAACt4\/_-b1QPov7rQ\/w448-h299-no\/Berat....jpg\" \/><\/span><\/span><\/div>\n<div style=\"text-align: center;\"><span style=\"color: #b22222; font-family: helvetica; font-size: 12pt;\"><strong>*&nbsp;&nbsp;&nbsp;&nbsp;&nbsp;&nbsp;&nbsp; *&nbsp;&nbsp;&nbsp;&nbsp;&nbsp;&nbsp;&nbsp; *<\/strong><br \/> &nbsp; &nbsp;<\/span><\/div>\n<div><span style=\"color: #000000; font-family: helvetica; font-size: 12pt;\">&nbsp;&nbsp;&nbsp; Nd\u00ebrkoh\u00eb n\u00eb qytetin e Beratit kryqi \u00ebsht\u00eb hedhur nga ura e Goric\u00ebs dhe \u00ebsht\u00eb kapur nga 35-vjecari Edmond Gje\u00e7i. Edhe n\u00eb k\u00ebt\u00eb qytet edhe pse n\u00eb kushte atmosferike jo shum\u00eb t\u00eb mira, kjo e kremte u festua me madh\u00ebshti. P\u00ebr t\u00eb gjith\u00eb pjes\u00ebmarr\u00ebsit ishte nj\u00eb dit\u00eb shum\u00eb e g\u00ebzuar.<\/span><br \/><span style=\"font-family: helvetica; font-size: 12pt;\"> &nbsp;<\/span><\/div>\n<div style=\"text-align: center;\"><span style=\"color: #b22222; font-family: helvetica; font-size: 12pt;\"><strong>*&nbsp;&nbsp;&nbsp;&nbsp;&nbsp;&nbsp;&nbsp; *&nbsp;&nbsp;&nbsp;&nbsp;&nbsp;&nbsp;&nbsp; *<\/strong><\/span><\/div>\n<div><span style=\"color: #000000; font-family: helvetica; font-size: 12pt;\"> &nbsp;&nbsp;&nbsp;&nbsp; N\u00eb qytetin e Gjirokastr\u00ebs, sh\u00ebrbesat e k\u00ebsaj t\u00eb kremteje u kryen brenda kishave, p\u00ebr shkak t\u00eb motit t\u00eb keq.<\/span><\/div>\n<div><span style=\"font-family: helvetica; font-size: 12pt;\"><\/span><\/div>\n<\/div>\n","protected":false},"excerpt":{"rendered":"<p>&nbsp;&nbsp;&nbsp; Qindra qytetar\u00eb mor\u00ebn pjes\u00eb n\u00eb festimet e 6 janarit, n\u00eb k\u00ebt\u00eb dit\u00eb kur gjith\u00eb natyra shenjt\u00ebrohet me Pag\u00ebzimin e Zotit Jisu Krisht. &nbsp;&nbsp;&nbsp; Brenda dhe jasht\u00eb saj, kisha \u201cUngjill\u00ebzimi i Hyjlind\u00ebses\u201d n\u00eb Tiran\u00eb ishte mbushur me qindra besimtar\u00eb t\u00eb ardhur n\u00eb fest\u00ebn zot\u00ebrore \u201ct\u00eb Dritave\u201d, pavar\u00ebsisht rreshjeve t\u00eb dendura t\u00eb shiut. Fortlumturia e Tij, Kryepiskopi Anastas, drejtoi i shoq\u00ebruar nga kleri, Liturgjin\u00eb Hyjnore dhe<\/p>\n","protected":false},"author":1,"featured_media":0,"comment_status":"open","ping_status":"open","sticky":false,"template":"","format":"standard","meta":{"_acf_changed":false,"pagelayer_contact_templates":[],"_pagelayer_content":"","inline_featured_image":false,"fifu_image_url":"","fifu_image_alt":"","footnotes":""},"categories":[108],"tags":[142,157,196,201,212,193],"class_list":["post-545","post","type-post","status-publish","format-standard","hentry","category-lajme","tag-142","tag-kremtime","tag-tirane","tag-kryepiskopi-anastas","tag-lajme-d27","tag-uji-i-bekuar"],"acf":[],"yoast_head":"<!-- This site is optimized with the Yoast SEO plugin v27.2 - https:\/\/yoast.com\/product\/yoast-seo-wordpress\/ -->\n<title>Festohet dita e Uji t\u00eb Bekuar. (6 Janar 2012) - Kisha Orthodh\u03bfkse Autoqefale e Shqip\u00ebris\u00eb<\/title>\n<meta name=\"robots\" content=\"index, follow, max-snippet:-1, max-image-preview:large, max-video-preview:-1\" \/>\n<link rel=\"canonical\" href=\"https:\/\/orthodoxalbania.org\/2020\/2013\/03\/21\/festohet-dita-e-uji-te-bekuar\/\" \/>\n<meta property=\"og:locale\" content=\"en_US\" \/>\n<meta property=\"og:type\" content=\"article\" \/>\n<meta property=\"og:title\" content=\"Festohet dita e Uji t\u00eb Bekuar. (6 Janar 2012) - Kisha Orthodh\u03bfkse Autoqefale e Shqip\u00ebris\u00eb\" \/>\n<meta property=\"og:description\" content=\"&nbsp;&nbsp;&nbsp; Qindra qytetar\u00eb mor\u00ebn pjes\u00eb n\u00eb festimet e 6 janarit, n\u00eb k\u00ebt\u00eb dit\u00eb kur gjith\u00eb natyra shenjt\u00ebrohet me Pag\u00ebzimin e Zotit Jisu Krisht. &nbsp;&nbsp;&nbsp; Brenda dhe jasht\u00eb saj, kisha \u201cUngjill\u00ebzimi i Hyjlind\u00ebses\u201d n\u00eb Tiran\u00eb ishte mbushur me qindra besimtar\u00eb t\u00eb ardhur n\u00eb fest\u00ebn zot\u00ebrore \u201ct\u00eb Dritave\u201d, pavar\u00ebsisht rreshjeve t\u00eb dendura t\u00eb shiut. Fortlumturia e Tij, Kryepiskopi Anastas, drejtoi i shoq\u00ebruar nga kleri, Liturgjin\u00eb Hyjnore dhe\" \/>\n<meta property=\"og:url\" content=\"https:\/\/orthodoxalbania.org\/2020\/2013\/03\/21\/festohet-dita-e-uji-te-bekuar\/\" \/>\n<meta property=\"og:site_name\" content=\"Kisha Orthodh\u03bfkse Autoqefale e Shqip\u00ebris\u00eb\" \/>\n<meta property=\"article:publisher\" content=\"https:\/\/www.facebook.com\/koash1991\" \/>\n<meta property=\"article:published_time\" content=\"2013-03-21T10:26:54+00:00\" \/>\n<meta property=\"article:modified_time\" content=\"2020-04-06T20:31:54+00:00\" \/>\n<meta property=\"og:image\" content=\"https:\/\/lh3.googleusercontent.com\/-BfjG7Xls-RM\/VARZmJN9ylI\/AAAAAAAACt8\/hZbN_wAqgMI\/w448-h336-no\/CIMG0526.JPG\" \/>\n<meta name=\"author\" content=\"Kisha Orthodhokse\" \/>\n<meta name=\"twitter:card\" content=\"summary_large_image\" \/>\n<meta name=\"twitter:label1\" content=\"Written by\" \/>\n\t<meta name=\"twitter:data1\" content=\"Kisha Orthodhokse\" \/>\n\t<meta name=\"twitter:label2\" content=\"Est. reading time\" \/>\n\t<meta name=\"twitter:data2\" content=\"2 minutes\" \/>\n<script type=\"application\/ld+json\" class=\"yoast-schema-graph\">{\"@context\":\"https:\/\/schema.org\",\"@graph\":[{\"@type\":\"Article\",\"@id\":\"https:\/\/orthodoxalbania.org\/2020\/2013\/03\/21\/festohet-dita-e-uji-te-bekuar\/#article\",\"isPartOf\":{\"@id\":\"https:\/\/orthodoxalbania.org\/2020\/2013\/03\/21\/festohet-dita-e-uji-te-bekuar\/\"},\"author\":{\"name\":\"Kisha Orthodhokse\",\"@id\":\"https:\/\/orthodoxalbania.org\/2020\/#\/schema\/person\/0c387634a7063ac612d7ed9ce71c7e86\"},\"headline\":\"Festohet dita e Uji t\u00eb Bekuar. (6 Janar 2012)\",\"datePublished\":\"2013-03-21T10:26:54+00:00\",\"dateModified\":\"2020-04-06T20:31:54+00:00\",\"mainEntityOfPage\":{\"@id\":\"https:\/\/orthodoxalbania.org\/2020\/2013\/03\/21\/festohet-dita-e-uji-te-bekuar\/\"},\"wordCount\":478,\"commentCount\":0,\"publisher\":{\"@id\":\"https:\/\/orthodoxalbania.org\/2020\/#organization\"},\"image\":{\"@id\":\"https:\/\/orthodoxalbania.org\/2020\/2013\/03\/21\/festohet-dita-e-uji-te-bekuar\/#primaryimage\"},\"thumbnailUrl\":\"https:\/\/lh3.googleusercontent.com\/-BfjG7Xls-RM\/VARZmJN9ylI\/AAAAAAAACt8\/hZbN_wAqgMI\/w448-h336-no\/CIMG0526.JPG\",\"keywords\":[\"2012\",\"Kremtime\",\"Kryepiskopata Tiran\u00eb\",\"Kryepiskopi Anastas\",\"lajme\",\"Uji i Bekuar\"],\"articleSection\":[\"Lajme\"],\"inLanguage\":\"en-US\"},{\"@type\":\"WebPage\",\"@id\":\"https:\/\/orthodoxalbania.org\/2020\/2013\/03\/21\/festohet-dita-e-uji-te-bekuar\/\",\"url\":\"https:\/\/orthodoxalbania.org\/2020\/2013\/03\/21\/festohet-dita-e-uji-te-bekuar\/\",\"name\":\"Festohet dita e Uji t\u00eb Bekuar. (6 Janar 2012) - Kisha Orthodh\u03bfkse Autoqefale e Shqip\u00ebris\u00eb\",\"isPartOf\":{\"@id\":\"https:\/\/orthodoxalbania.org\/2020\/#website\"},\"primaryImageOfPage\":{\"@id\":\"https:\/\/orthodoxalbania.org\/2020\/2013\/03\/21\/festohet-dita-e-uji-te-bekuar\/#primaryimage\"},\"image\":{\"@id\":\"https:\/\/orthodoxalbania.org\/2020\/2013\/03\/21\/festohet-dita-e-uji-te-bekuar\/#primaryimage\"},\"thumbnailUrl\":\"https:\/\/lh3.googleusercontent.com\/-BfjG7Xls-RM\/VARZmJN9ylI\/AAAAAAAACt8\/hZbN_wAqgMI\/w448-h336-no\/CIMG0526.JPG\",\"datePublished\":\"2013-03-21T10:26:54+00:00\",\"dateModified\":\"2020-04-06T20:31:54+00:00\",\"breadcrumb\":{\"@id\":\"https:\/\/orthodoxalbania.org\/2020\/2013\/03\/21\/festohet-dita-e-uji-te-bekuar\/#breadcrumb\"},\"inLanguage\":\"en-US\",\"potentialAction\":[{\"@type\":\"ReadAction\",\"target\":[\"https:\/\/orthodoxalbania.org\/2020\/2013\/03\/21\/festohet-dita-e-uji-te-bekuar\/\"]}]},{\"@type\":\"ImageObject\",\"inLanguage\":\"en-US\",\"@id\":\"https:\/\/orthodoxalbania.org\/2020\/2013\/03\/21\/festohet-dita-e-uji-te-bekuar\/#primaryimage\",\"url\":\"https:\/\/lh3.googleusercontent.com\/-BfjG7Xls-RM\/VARZmJN9ylI\/AAAAAAAACt8\/hZbN_wAqgMI\/w448-h336-no\/CIMG0526.JPG\",\"contentUrl\":\"https:\/\/lh3.googleusercontent.com\/-BfjG7Xls-RM\/VARZmJN9ylI\/AAAAAAAACt8\/hZbN_wAqgMI\/w448-h336-no\/CIMG0526.JPG\"},{\"@type\":\"BreadcrumbList\",\"@id\":\"https:\/\/orthodoxalbania.org\/2020\/2013\/03\/21\/festohet-dita-e-uji-te-bekuar\/#breadcrumb\",\"itemListElement\":[{\"@type\":\"ListItem\",\"position\":1,\"name\":\"Home\",\"item\":\"https:\/\/orthodoxalbania.org\/2020\/\"},{\"@type\":\"ListItem\",\"position\":2,\"name\":\"Festohet dita e Uji t\u00eb Bekuar. (6 Janar 2012)\"}]},{\"@type\":\"WebSite\",\"@id\":\"https:\/\/orthodoxalbania.org\/2020\/#website\",\"url\":\"https:\/\/orthodoxalbania.org\/2020\/\",\"name\":\"Kisha Orthodh\u03bfkse Autoqefale e Shqip\u00ebris\u00eb\",\"description\":\"Fqja Zyrtare e Kish\u00ebs Orthodhokse Autoqefale e Shqip\u00ebris\u00eb me lajmet edhe informacionet zyrtare p\u00ebr struktur\u00ebn edhe veprimtarin e saj.\",\"publisher\":{\"@id\":\"https:\/\/orthodoxalbania.org\/2020\/#organization\"},\"potentialAction\":[{\"@type\":\"SearchAction\",\"target\":{\"@type\":\"EntryPoint\",\"urlTemplate\":\"https:\/\/orthodoxalbania.org\/2020\/?s={search_term_string}\"},\"query-input\":{\"@type\":\"PropertyValueSpecification\",\"valueRequired\":true,\"valueName\":\"search_term_string\"}}],\"inLanguage\":\"en-US\"},{\"@type\":\"Organization\",\"@id\":\"https:\/\/orthodoxalbania.org\/2020\/#organization\",\"name\":\"Kisha Orthodhokse Autoqefale e Shqip\u00ebris\u00eb\",\"url\":\"https:\/\/orthodoxalbania.org\/2020\/\",\"logo\":{\"@type\":\"ImageObject\",\"inLanguage\":\"en-US\",\"@id\":\"https:\/\/orthodoxalbania.org\/2020\/#\/schema\/logo\/image\/\",\"url\":\"https:\/\/orthodoxalbania.org\/2020\/wp-content\/uploads\/2020\/05\/albania.jpeg\",\"contentUrl\":\"https:\/\/orthodoxalbania.org\/2020\/wp-content\/uploads\/2020\/05\/albania.jpeg\",\"width\":540,\"height\":540,\"caption\":\"Kisha Orthodhokse Autoqefale e Shqip\u00ebris\u00eb\"},\"image\":{\"@id\":\"https:\/\/orthodoxalbania.org\/2020\/#\/schema\/logo\/image\/\"},\"sameAs\":[\"https:\/\/www.facebook.com\/koash1991\"]},{\"@type\":\"Person\",\"@id\":\"https:\/\/orthodoxalbania.org\/2020\/#\/schema\/person\/0c387634a7063ac612d7ed9ce71c7e86\",\"name\":\"Kisha Orthodhokse\",\"image\":{\"@type\":\"ImageObject\",\"inLanguage\":\"en-US\",\"@id\":\"https:\/\/secure.gravatar.com\/avatar\/596e7c417251e30f2fbb9c00e026fce61a695a00e51c889caded71c96cbbdde5?s=96&d=mm&r=g\",\"url\":\"https:\/\/secure.gravatar.com\/avatar\/596e7c417251e30f2fbb9c00e026fce61a695a00e51c889caded71c96cbbdde5?s=96&d=mm&r=g\",\"contentUrl\":\"https:\/\/secure.gravatar.com\/avatar\/596e7c417251e30f2fbb9c00e026fce61a695a00e51c889caded71c96cbbdde5?s=96&d=mm&r=g\",\"caption\":\"Kisha Orthodhokse\"}}]}<\/script>\n<!-- \/ Yoast SEO plugin. -->","yoast_head_json":{"title":"Festohet dita e Uji t\u00eb Bekuar. (6 Janar 2012) - Kisha Orthodh\u03bfkse Autoqefale e Shqip\u00ebris\u00eb","robots":{"index":"index","follow":"follow","max-snippet":"max-snippet:-1","max-image-preview":"max-image-preview:large","max-video-preview":"max-video-preview:-1"},"canonical":"https:\/\/orthodoxalbania.org\/2020\/2013\/03\/21\/festohet-dita-e-uji-te-bekuar\/","og_locale":"en_US","og_type":"article","og_title":"Festohet dita e Uji t\u00eb Bekuar. (6 Janar 2012) - Kisha Orthodh\u03bfkse Autoqefale e Shqip\u00ebris\u00eb","og_description":"&nbsp;&nbsp;&nbsp; Qindra qytetar\u00eb mor\u00ebn pjes\u00eb n\u00eb festimet e 6 janarit, n\u00eb k\u00ebt\u00eb dit\u00eb kur gjith\u00eb natyra shenjt\u00ebrohet me Pag\u00ebzimin e Zotit Jisu Krisht. &nbsp;&nbsp;&nbsp; Brenda dhe jasht\u00eb saj, kisha \u201cUngjill\u00ebzimi i Hyjlind\u00ebses\u201d n\u00eb Tiran\u00eb ishte mbushur me qindra besimtar\u00eb t\u00eb ardhur n\u00eb fest\u00ebn zot\u00ebrore \u201ct\u00eb Dritave\u201d, pavar\u00ebsisht rreshjeve t\u00eb dendura t\u00eb shiut. Fortlumturia e Tij, Kryepiskopi Anastas, drejtoi i shoq\u00ebruar nga kleri, Liturgjin\u00eb Hyjnore dhe","og_url":"https:\/\/orthodoxalbania.org\/2020\/2013\/03\/21\/festohet-dita-e-uji-te-bekuar\/","og_site_name":"Kisha Orthodh\u03bfkse Autoqefale e Shqip\u00ebris\u00eb","article_publisher":"https:\/\/www.facebook.com\/koash1991","article_published_time":"2013-03-21T10:26:54+00:00","article_modified_time":"2020-04-06T20:31:54+00:00","og_image":[{"url":"https:\/\/lh3.googleusercontent.com\/-BfjG7Xls-RM\/VARZmJN9ylI\/AAAAAAAACt8\/hZbN_wAqgMI\/w448-h336-no\/CIMG0526.JPG","type":"","width":"","height":""}],"author":"Kisha Orthodhokse","twitter_card":"summary_large_image","twitter_misc":{"Written by":"Kisha Orthodhokse","Est. reading time":"2 minutes"},"schema":{"@context":"https:\/\/schema.org","@graph":[{"@type":"Article","@id":"https:\/\/orthodoxalbania.org\/2020\/2013\/03\/21\/festohet-dita-e-uji-te-bekuar\/#article","isPartOf":{"@id":"https:\/\/orthodoxalbania.org\/2020\/2013\/03\/21\/festohet-dita-e-uji-te-bekuar\/"},"author":{"name":"Kisha Orthodhokse","@id":"https:\/\/orthodoxalbania.org\/2020\/#\/schema\/person\/0c387634a7063ac612d7ed9ce71c7e86"},"headline":"Festohet dita e Uji t\u00eb Bekuar. (6 Janar 2012)","datePublished":"2013-03-21T10:26:54+00:00","dateModified":"2020-04-06T20:31:54+00:00","mainEntityOfPage":{"@id":"https:\/\/orthodoxalbania.org\/2020\/2013\/03\/21\/festohet-dita-e-uji-te-bekuar\/"},"wordCount":478,"commentCount":0,"publisher":{"@id":"https:\/\/orthodoxalbania.org\/2020\/#organization"},"image":{"@id":"https:\/\/orthodoxalbania.org\/2020\/2013\/03\/21\/festohet-dita-e-uji-te-bekuar\/#primaryimage"},"thumbnailUrl":"https:\/\/lh3.googleusercontent.com\/-BfjG7Xls-RM\/VARZmJN9ylI\/AAAAAAAACt8\/hZbN_wAqgMI\/w448-h336-no\/CIMG0526.JPG","keywords":["2012","Kremtime","Kryepiskopata Tiran\u00eb","Kryepiskopi Anastas","lajme","Uji i Bekuar"],"articleSection":["Lajme"],"inLanguage":"en-US"},{"@type":"WebPage","@id":"https:\/\/orthodoxalbania.org\/2020\/2013\/03\/21\/festohet-dita-e-uji-te-bekuar\/","url":"https:\/\/orthodoxalbania.org\/2020\/2013\/03\/21\/festohet-dita-e-uji-te-bekuar\/","name":"Festohet dita e Uji t\u00eb Bekuar. (6 Janar 2012) - Kisha Orthodh\u03bfkse Autoqefale e Shqip\u00ebris\u00eb","isPartOf":{"@id":"https:\/\/orthodoxalbania.org\/2020\/#website"},"primaryImageOfPage":{"@id":"https:\/\/orthodoxalbania.org\/2020\/2013\/03\/21\/festohet-dita-e-uji-te-bekuar\/#primaryimage"},"image":{"@id":"https:\/\/orthodoxalbania.org\/2020\/2013\/03\/21\/festohet-dita-e-uji-te-bekuar\/#primaryimage"},"thumbnailUrl":"https:\/\/lh3.googleusercontent.com\/-BfjG7Xls-RM\/VARZmJN9ylI\/AAAAAAAACt8\/hZbN_wAqgMI\/w448-h336-no\/CIMG0526.JPG","datePublished":"2013-03-21T10:26:54+00:00","dateModified":"2020-04-06T20:31:54+00:00","breadcrumb":{"@id":"https:\/\/orthodoxalbania.org\/2020\/2013\/03\/21\/festohet-dita-e-uji-te-bekuar\/#breadcrumb"},"inLanguage":"en-US","potentialAction":[{"@type":"ReadAction","target":["https:\/\/orthodoxalbania.org\/2020\/2013\/03\/21\/festohet-dita-e-uji-te-bekuar\/"]}]},{"@type":"ImageObject","inLanguage":"en-US","@id":"https:\/\/orthodoxalbania.org\/2020\/2013\/03\/21\/festohet-dita-e-uji-te-bekuar\/#primaryimage","url":"https:\/\/lh3.googleusercontent.com\/-BfjG7Xls-RM\/VARZmJN9ylI\/AAAAAAAACt8\/hZbN_wAqgMI\/w448-h336-no\/CIMG0526.JPG","contentUrl":"https:\/\/lh3.googleusercontent.com\/-BfjG7Xls-RM\/VARZmJN9ylI\/AAAAAAAACt8\/hZbN_wAqgMI\/w448-h336-no\/CIMG0526.JPG"},{"@type":"BreadcrumbList","@id":"https:\/\/orthodoxalbania.org\/2020\/2013\/03\/21\/festohet-dita-e-uji-te-bekuar\/#breadcrumb","itemListElement":[{"@type":"ListItem","position":1,"name":"Home","item":"https:\/\/orthodoxalbania.org\/2020\/"},{"@type":"ListItem","position":2,"name":"Festohet dita e Uji t\u00eb Bekuar. (6 Janar 2012)"}]},{"@type":"WebSite","@id":"https:\/\/orthodoxalbania.org\/2020\/#website","url":"https:\/\/orthodoxalbania.org\/2020\/","name":"Kisha Orthodh\u03bfkse Autoqefale e Shqip\u00ebris\u00eb","description":"Fqja Zyrtare e Kish\u00ebs Orthodhokse Autoqefale e Shqip\u00ebris\u00eb me lajmet edhe informacionet zyrtare p\u00ebr struktur\u00ebn edhe veprimtarin e saj.","publisher":{"@id":"https:\/\/orthodoxalbania.org\/2020\/#organization"},"potentialAction":[{"@type":"SearchAction","target":{"@type":"EntryPoint","urlTemplate":"https:\/\/orthodoxalbania.org\/2020\/?s={search_term_string}"},"query-input":{"@type":"PropertyValueSpecification","valueRequired":true,"valueName":"search_term_string"}}],"inLanguage":"en-US"},{"@type":"Organization","@id":"https:\/\/orthodoxalbania.org\/2020\/#organization","name":"Kisha Orthodhokse Autoqefale e Shqip\u00ebris\u00eb","url":"https:\/\/orthodoxalbania.org\/2020\/","logo":{"@type":"ImageObject","inLanguage":"en-US","@id":"https:\/\/orthodoxalbania.org\/2020\/#\/schema\/logo\/image\/","url":"https:\/\/orthodoxalbania.org\/2020\/wp-content\/uploads\/2020\/05\/albania.jpeg","contentUrl":"https:\/\/orthodoxalbania.org\/2020\/wp-content\/uploads\/2020\/05\/albania.jpeg","width":540,"height":540,"caption":"Kisha Orthodhokse Autoqefale e Shqip\u00ebris\u00eb"},"image":{"@id":"https:\/\/orthodoxalbania.org\/2020\/#\/schema\/logo\/image\/"},"sameAs":["https:\/\/www.facebook.com\/koash1991"]},{"@type":"Person","@id":"https:\/\/orthodoxalbania.org\/2020\/#\/schema\/person\/0c387634a7063ac612d7ed9ce71c7e86","name":"Kisha Orthodhokse","image":{"@type":"ImageObject","inLanguage":"en-US","@id":"https:\/\/secure.gravatar.com\/avatar\/596e7c417251e30f2fbb9c00e026fce61a695a00e51c889caded71c96cbbdde5?s=96&d=mm&r=g","url":"https:\/\/secure.gravatar.com\/avatar\/596e7c417251e30f2fbb9c00e026fce61a695a00e51c889caded71c96cbbdde5?s=96&d=mm&r=g","contentUrl":"https:\/\/secure.gravatar.com\/avatar\/596e7c417251e30f2fbb9c00e026fce61a695a00e51c889caded71c96cbbdde5?s=96&d=mm&r=g","caption":"Kisha Orthodhokse"}}]}},"_links":{"self":[{"href":"https:\/\/orthodoxalbania.org\/2020\/wp-json\/wp\/v2\/posts\/545","targetHints":{"allow":["GET"]}}],"collection":[{"href":"https:\/\/orthodoxalbania.org\/2020\/wp-json\/wp\/v2\/posts"}],"about":[{"href":"https:\/\/orthodoxalbania.org\/2020\/wp-json\/wp\/v2\/types\/post"}],"author":[{"embeddable":true,"href":"https:\/\/orthodoxalbania.org\/2020\/wp-json\/wp\/v2\/users\/1"}],"replies":[{"embeddable":true,"href":"https:\/\/orthodoxalbania.org\/2020\/wp-json\/wp\/v2\/comments?post=545"}],"version-history":[{"count":1,"href":"https:\/\/orthodoxalbania.org\/2020\/wp-json\/wp\/v2\/posts\/545\/revisions"}],"predecessor-version":[{"id":15345,"href":"https:\/\/orthodoxalbania.org\/2020\/wp-json\/wp\/v2\/posts\/545\/revisions\/15345"}],"wp:attachment":[{"href":"https:\/\/orthodoxalbania.org\/2020\/wp-json\/wp\/v2\/media?parent=545"}],"wp:term":[{"taxonomy":"category","embeddable":true,"href":"https:\/\/orthodoxalbania.org\/2020\/wp-json\/wp\/v2\/categories?post=545"},{"taxonomy":"post_tag","embeddable":true,"href":"https:\/\/orthodoxalbania.org\/2020\/wp-json\/wp\/v2\/tags?post=545"}],"curies":[{"name":"wp","href":"https:\/\/api.w.org\/{rel}","templated":true}]}}