{"id":5440,"date":"2017-08-03T07:31:29","date_gmt":"2017-08-03T07:31:29","guid":{"rendered":""},"modified":"2020-04-06T21:58:19","modified_gmt":"2020-04-06T19:58:19","slug":"u-kremtua-me-gezim-e-madheshti-25-vjetori-i-zgjedhjes-dhe-fronezimit-te-kryepiskopit-anastas-ne-krye-te-kishes-sone","status":"publish","type":"post","link":"https:\/\/orthodoxalbania.org\/2020\/2017\/08\/03\/u-kremtua-me-gezim-e-madheshti-25-vjetori-i-zgjedhjes-dhe-fronezimit-te-kryepiskopit-anastas-ne-krye-te-kishes-sone\/","title":{"rendered":"U kremtua me g\u00ebzim e madh\u00ebshti 25-vjetori i zgjedhjes dhe fron\u00ebzimit t\u00eb  Kryepiskopit Anastas n\u00eb krye t\u00eb Kish\u00ebs son\u00eb"},"content":{"rendered":"<p style=\"text-align: justify;\"><span style=\"color: #000000;\"><\/span><\/p>\n<p> <\/p>\n<p style=\"text-align: center;\"><span style=\"color: #800000;\"><strong><span style=\"font-size: 12pt; font-family: helvetica;\">Liturgji Hyjnore festive me rastin e 2 Gushtit<\/span><\/strong><\/span><\/p>\n<p style=\"text-align: center;\">&nbsp;<\/p>\n<p style=\"text-align: center;\"><span style=\"color: #800000;\"><strong><span style=\"font-size: 12pt; font-family: helvetica;\">&#8211; U kremtua me g\u00ebzim e madh\u00ebshti 25-vjetori i zgjedhjes dhe fron\u00ebzimit t\u00eb<\/span><\/strong><\/span><\/p>\n<p style=\"text-align: center;\"><span style=\"color: #800000;\"><strong><span style=\"font-size: 12pt; font-family: helvetica;\"> Kryepiskopit Anastas n\u00eb krye t\u00eb Kish\u00ebs son\u00eb &#8211;<\/span><\/strong><\/span><\/p>\n<p style=\"text-align: center;\">&nbsp;<\/p>\n<p style=\"text-align: justify;\"><span style=\"font-size: 12pt; font-family: helvetica; color: #000000;\">Ringritja kanonike e Kish\u00ebs Orthodhokse Autoqefale t\u00eb Shqip\u00ebris\u00eb ka dy data themelore: at\u00eb q\u00eb \u00ebsht\u00eb edhe m\u00eb e r\u00ebnd\u00ebsishmja, 24 Qershorin, kur Fortlumturia e Tij, Anastasi, u zgjodh nga Patriarkana e Konstandinopoj\u00ebs Kryehierark i Kish\u00ebs s\u00eb rr\u00ebnuar nga ateizmi t\u00eb Shqip\u00ebris\u00eb, dhe 2 Gushtin, kur n\u00eb Kish\u00ebn e Ungjill\u00ebzimit, me an\u00eb t\u00eb Sh\u00ebrbes\u00ebs s\u00eb Fron\u00ebzimit, Kryepiskopi i ri u paraqit para grigj\u00ebs s\u00eb tij. K\u00ebto dy ngjarje do t\u00eb sh\u00ebnonin 25 vjet m\u00eb par\u00eb fillimin e nj\u00eb mrekullie: at\u00eb t\u00eb ringritjes s\u00eb pashoqe nga hiri t\u00eb Kish\u00ebs Orthodhokse Autoqefale t\u00eb Shqip\u00ebris\u00eb dhe t\u00eb ecjes s\u00eb saj p\u00ebrpara, p\u00ebrparim q\u00eb vazhdon edhe sot.<\/span><\/p>\n<p style=\"text-align: justify;\"><span style=\"font-size: 12pt; font-family: helvetica; color: #000000;\">N\u00eb k\u00ebt\u00eb p\u00ebrvjetor t\u00eb sh\u00ebnuar, pjes\u00ebtar\u00ebt e Kish\u00ebs Orthodhokse Autoqefale t\u00eb Shqip\u00ebris\u00eb i kan\u00eb zemrat plot g\u00ebzim e mir\u00ebnjohje, p\u00ebr at\u00eb q\u00eb e b\u00ebri t\u00eb mundur k\u00ebt\u00eb mrekulli, q\u00eb u lut, e projektoi, e realizoi dhe e mb\u00ebshteti edhe n\u00eb momentet m\u00eb t\u00eb v\u00ebshtira, Kryepiskopin e Tiran\u00ebs, Durr\u00ebsit dhe t\u00eb Gjith\u00eb Shqip\u00ebris\u00eb, Anastasin. Edhe n\u00eb momentet m\u00eb t\u00eb v\u00ebshtira, ai pati bekime t\u00eb bollshme nga Per\u00ebndia p\u00ebr ta kryer k\u00ebt\u00eb mrekulli dhe mb\u00ebshtetjen e patundur t\u00eb besimtar\u00ebve orthodhoks\u00eb t\u00eb Shqip\u00ebris\u00eb.<\/span><\/p>\n<p style=\"text-align: justify;\"><span style=\"font-size: 12pt; font-family: helvetica; color: #000000;\">Me k\u00ebt\u00eb rast, n\u00eb Katedralen e Tiran\u00ebs \u201cNgjallja e Krishtit\u201d, u zhvillua Liturgjia Hyjnore panegjirike, ku mor\u00ebn pjes\u00eb an\u00ebtar\u00ebt e Sinodit t\u00eb Shenjt\u00eb t\u00eb Kish\u00ebs son\u00eb, Mitropoliti i Beratit, Ignati; Mitropoliti i Kor\u00e7\u00ebs, Joani; Mitropoliti i Gjirokastr\u00ebs, Dhimitri; Mitropoliti i Apollonis\u00eb dhe Fierit, Nikolla; Mitropoliti i Elbasanit, Andoni; Mitropoliti i Amantias, Nathanaili dhe Episkopi i Bylisit, Asti. Ishin t\u00eb pranish\u00ebm dhe mjaft prej tyre meshuan, klerik\u00ebt e par\u00eb orthodhoks\u00eb t\u00eb dor\u00ebzuar n\u00eb ato vite nga Kryepiskopi, pasi mbaruan Seminarin e sapohapur n\u00eb Durr\u00ebs. Gjithashtu, p\u00ebrve\u00e7 besimtar\u00ebve t\u00eb shumt\u00eb kryeqytetas, q\u00eb mbush\u00ebn kish\u00ebn, megjith\u00ebse ishte dit\u00eb pune dhe me temperatura moti ekstreme, kishin ardhur edhe shum\u00eb besimtar\u00eb nga t\u00eb gjitha Mitropolit\u00eb, p\u00ebr t\u2019i shprehur urimet dhe mir\u00ebnjohjen Kryebariut t\u00eb tyre.<\/span><\/p>\n<p style=\"text-align: justify;\"><span style=\"font-size: 12pt; font-family: helvetica; color: #000000;\">N\u00eb fund t\u00eb Liturgjis\u00eb Hyjnore, n\u00eb em\u00ebr t\u00eb Sinodit dhe t\u00eb besimtar\u00ebve, Kryepiskopin Anastas e uroi Mitropoliti i Kor\u00e7\u00ebs, Joani, i cili foli edhe p\u00ebr vepr\u00ebn dhe kontributin e jasht\u00ebzakonsh\u00ebm t\u00eb Kryepiskopit Anastas. M\u00eb pas, e mori fjal\u00ebn Fortlumturia e Tij, Kryepiskopi Anastas, i cili fal\u00ebnderoi p\u00ebr urimet, por edhe kujtoi rrug\u00ebn q\u00eb u ndoq p\u00ebr t\u00eb ardhur deri aty ku ndodhemi. Ai theksoi ve\u00e7an\u00ebrisht, se k\u00ebto arritje jan\u00eb vet\u00ebm pik\u00ebnisja p\u00ebr t\u00eb ecur m\u00eb p\u00ebrpara dhe p\u00ebrmendi nj\u00eb s\u00ebr\u00eb projektesh t\u00eb r\u00ebnd\u00ebsishme, q\u00eb jan\u00eb n\u00eb realizim ose do t\u00eb fillojn\u00eb s\u00eb shpejti n\u00eb fusha t\u00eb ndryshme t\u00eb veprimtaris\u00eb s\u00eb Kish\u00ebs son\u00eb.<\/span><\/p>\n<p style=\"text-align: justify;\"><span style=\"font-size: 12pt; font-family: helvetica; color: #000000;\">Pjes\u00eb e k\u00ebtyre kremtimeve ishte edhe koncerti festiv i p\u00ebrgatitur nga rinia orthodhokse, me k\u00ebng\u00eb kishtare, si dhe k\u00ebng\u00eb e valle popullore. Ai u zhvillua n\u00eb sall\u00ebn e madhe t\u00eb veprimtarive t\u00eb Katedrales, t\u00eb mbushur plot e p\u00ebrplot. N\u00eb sken\u00eb u ngjit\u00ebn grupet m\u00eb t\u00eb mira nga Kryepiskopata dhe nga Mitropolit\u00eb, q\u00eb u ndoq\u00ebn me duartrokitje t\u00eb vazhdueshme. Moment kulmor i veprimtaris\u00eb ishte nj\u00eb dokumentar me filmime nga vitet e para t\u00eb veprimtaris\u00eb s\u00eb Kryepiskopit Anastas (deri n\u00eb vitin 1995), q\u00eb u ndoq me shum\u00eb interes si nga m\u00eb t\u00eb moshuarit, q\u00eb rikujtuan ato vite dhe ngjarje t\u00eb paharruara dhe nga m\u00eb t\u00eb rinjt\u00eb, q\u00eb duke i njohur mund t\u00eb kuptojn\u00eb p\u00ebrpjekjet e jasht\u00ebzakonshme p\u00ebr t\u00eb arritur k\u00ebtu ku jemi sot.<\/span><\/p>\n<p style=\"text-align: center;\">&nbsp;<\/p>\n<p style=\"text-align: center;\">&nbsp;<\/p>\n<p style=\"text-align: center;\">&nbsp;<\/p>\n<p><img class=\"lazyload\" decoding=\"async\" style=\"height: 300px; width: 450px; border-width: 1px; border-style: solid; margin: 10px auto; display: block;\" alt=\"\" src=\"data:image\/gif;base64,R0lGODlhAQABAAAAACH5BAEKAAEALAAAAAABAAEAAAICTAEAOw==\" data-orig-src=\"https:\/\/orthodoxalbania.org\/2020\/wp-content\/uploads\/2020\/04\/1-0-6.jpg\" \/><\/p>\n<p><img class=\"lazyload\" decoding=\"async\" style=\"height: 300px; width: 450px; border-width: 1px; border-style: solid; margin: 10px auto; display: block;\" alt=\"\" src=\"data:image\/gif;base64,R0lGODlhAQABAAAAACH5BAEKAAEALAAAAAABAAEAAAICTAEAOw==\" data-orig-src=\"https:\/\/orthodoxalbania.org\/2020\/wp-content\/uploads\/2020\/04\/2-9-8-6.jpg\" \/><\/p>\n<p><img class=\"lazyload\" decoding=\"async\" style=\"height: 333px; width: 450px; border-width: 1px; border-style: solid; margin: 10px auto; display: block;\" alt=\"\" src=\"data:image\/gif;base64,R0lGODlhAQABAAAAACH5BAEKAAEALAAAAAABAAEAAAICTAEAOw==\" data-orig-src=\"https:\/\/orthodoxalbania.org\/2020\/wp-content\/uploads\/2020\/04\/3-3-5.jpg\" \/><\/p>\n<p><img class=\"lazyload\" decoding=\"async\" style=\"height: 300px; width: 450px; border-width: 1px; border-style: solid; margin: 10px auto; display: block;\" alt=\"\" src=\"data:image\/gif;base64,R0lGODlhAQABAAAAACH5BAEKAAEALAAAAAABAAEAAAICTAEAOw==\" data-orig-src=\"https:\/\/orthodoxalbania.org\/2020\/wp-content\/uploads\/2020\/04\/4-0-3.jpg\" \/><\/p>\n<p><img class=\"lazyload\" decoding=\"async\" style=\"height: 252px; width: 450px; border-width: 1px; border-style: solid; margin: 10px auto; display: block;\" alt=\"\" src=\"data:image\/gif;base64,R0lGODlhAQABAAAAACH5BAEKAAEALAAAAAABAAEAAAICTAEAOw==\" data-orig-src=\"https:\/\/orthodoxalbania.org\/2020\/wp-content\/uploads\/2020\/04\/5-3-2.jpg\" \/><\/p>\n<p><img class=\"lazyload\" decoding=\"async\" style=\"height: 300px; width: 450px; border-width: 1px; border-style: solid; margin: 10px auto; display: block;\" alt=\"\" src=\"data:image\/gif;base64,R0lGODlhAQABAAAAACH5BAEKAAEALAAAAAABAAEAAAICTAEAOw==\" data-orig-src=\"https:\/\/orthodoxalbania.org\/2020\/wp-content\/uploads\/2020\/04\/6-0-1.jpg\" \/><\/p>\n<p><img class=\"lazyload\" decoding=\"async\" style=\"height: 344px; width: 450px; border-width: 1px; border-style: solid; margin: 10px auto; display: block;\" alt=\"\" src=\"data:image\/gif;base64,R0lGODlhAQABAAAAACH5BAEKAAEALAAAAAABAAEAAAICTAEAOw==\" data-orig-src=\"https:\/\/orthodoxalbania.org\/2020\/wp-content\/uploads\/2020\/04\/8-7-3.jpg\" \/><\/p>\n<p><img class=\"lazyload\" decoding=\"async\" style=\"height: 675px; width: 450px; border-width: 1px; border-style: solid; margin: 10px auto; display: block;\" alt=\"\" src=\"data:image\/gif;base64,R0lGODlhAQABAAAAACH5BAEKAAEALAAAAAABAAEAAAICTAEAOw==\" data-orig-src=\"https:\/\/orthodoxalbania.org\/2020\/wp-content\/uploads\/2020\/04\/9-0-0.jpg\" \/><\/p>\n<p><img class=\"lazyload\" decoding=\"async\" style=\"height: 667px; width: 450px; border-width: 1px; border-style: solid; margin: 10px auto; display: block;\" alt=\"\" src=\"data:image\/gif;base64,R0lGODlhAQABAAAAACH5BAEKAAEALAAAAAABAAEAAAICTAEAOw==\" data-orig-src=\"https:\/\/orthodoxalbania.org\/2020\/wp-content\/uploads\/2020\/04\/12-7.jpg\" \/><\/p>\n<p><img class=\"lazyload\" decoding=\"async\" style=\"height: 300px; width: 450px; border-width: 1px; border-style: solid; margin: 10px auto; display: block;\" alt=\"\" src=\"data:image\/gif;base64,R0lGODlhAQABAAAAACH5BAEKAAEALAAAAAABAAEAAAICTAEAOw==\" data-orig-src=\"https:\/\/orthodoxalbania.org\/2020\/wp-content\/uploads\/2020\/04\/13-2.jpg\" \/><\/p>\n<p><img class=\"lazyload\" decoding=\"async\" style=\"height: 300px; width: 450px; border-width: 1px; border-style: solid; margin: 10px auto; display: block;\" alt=\"\" src=\"data:image\/gif;base64,R0lGODlhAQABAAAAACH5BAEKAAEALAAAAAABAAEAAAICTAEAOw==\" data-orig-src=\"https:\/\/orthodoxalbania.org\/2020\/wp-content\/uploads\/2020\/04\/14-4-4.jpg\" \/><\/p>\n<p><img class=\"lazyload\" decoding=\"async\" style=\"height: 300px; width: 450px; border-width: 1px; border-style: solid; margin: 10px auto; display: block;\" alt=\"\" src=\"data:image\/gif;base64,R0lGODlhAQABAAAAACH5BAEKAAEALAAAAAABAAEAAAICTAEAOw==\" data-orig-src=\"https:\/\/orthodoxalbania.org\/2020\/wp-content\/uploads\/2020\/04\/15-5.jpg\" \/><\/p>\n<p><img class=\"lazyload\" decoding=\"async\" style=\"height: 300px; width: 450px; border-width: 1px; border-style: solid; margin: 10px auto; display: block;\" alt=\"\" src=\"data:image\/gif;base64,R0lGODlhAQABAAAAACH5BAEKAAEALAAAAAABAAEAAAICTAEAOw==\" data-orig-src=\"https:\/\/orthodoxalbania.org\/2020\/wp-content\/uploads\/2020\/04\/16-7-2.jpg\" \/><\/p>\n<p><img class=\"lazyload\" decoding=\"async\" style=\"height: 300px; width: 450px; border-width: 1px; border-style: solid; margin: 10px auto; display: block;\" alt=\"\" src=\"data:image\/gif;base64,R0lGODlhAQABAAAAACH5BAEKAAEALAAAAAABAAEAAAICTAEAOw==\" data-orig-src=\"https:\/\/orthodoxalbania.org\/2020\/wp-content\/uploads\/2020\/04\/17-1.jpg\" \/><\/p>\n<p><img class=\"lazyload\" decoding=\"async\" style=\"height: 300px; width: 450px; border-width: 1px; border-style: solid; margin: 10px auto; display: block;\" alt=\"\" src=\"data:image\/gif;base64,R0lGODlhAQABAAAAACH5BAEKAAEALAAAAAABAAEAAAICTAEAOw==\" data-orig-src=\"https:\/\/orthodoxalbania.org\/2020\/wp-content\/uploads\/2020\/04\/18-0.jpg\" \/><\/p>\n<p><img class=\"lazyload\" decoding=\"async\" style=\"height: 300px; width: 450px; border-width: 1px; border-style: solid; margin: 10px auto; display: block;\" alt=\"\" src=\"data:image\/gif;base64,R0lGODlhAQABAAAAACH5BAEKAAEALAAAAAABAAEAAAICTAEAOw==\" data-orig-src=\"https:\/\/orthodoxalbania.org\/2020\/wp-content\/uploads\/2020\/04\/19-5-3.jpg\" \/><\/p>\n<p><img class=\"lazyload\" decoding=\"async\" style=\"height: 300px; width: 450px; border-width: 1px; border-style: solid; margin: 10px auto; display: block;\" alt=\"\" src=\"data:image\/gif;base64,R0lGODlhAQABAAAAACH5BAEKAAEALAAAAAABAAEAAAICTAEAOw==\" data-orig-src=\"https:\/\/orthodoxalbania.org\/2020\/wp-content\/uploads\/2020\/04\/20-5-0.jpg\" \/><\/p>\n<p><img class=\"lazyload\" decoding=\"async\" style=\"height: 300px; width: 450px; border-width: 1px; border-style: solid; margin: 10px auto; display: block;\" alt=\"\" src=\"data:image\/gif;base64,R0lGODlhAQABAAAAACH5BAEKAAEALAAAAAABAAEAAAICTAEAOw==\" data-orig-src=\"https:\/\/orthodoxalbania.org\/2020\/wp-content\/uploads\/2020\/04\/21-0.jpg\" \/><\/p>\n<p><img class=\"lazyload\" decoding=\"async\" style=\"height: 300px; width: 450px; border-width: 1px; border-style: solid; margin: 10px auto; display: block;\" alt=\"\" src=\"data:image\/gif;base64,R0lGODlhAQABAAAAACH5BAEKAAEALAAAAAABAAEAAAICTAEAOw==\" data-orig-src=\"https:\/\/orthodoxalbania.org\/2020\/wp-content\/uploads\/2020\/04\/22-5.jpg\" \/><\/p>\n<p><img class=\"lazyload\" decoding=\"async\" style=\"height: 300px; width: 450px; border-width: 1px; border-style: solid; margin: 10px auto; display: block;\" alt=\"\" src=\"data:image\/gif;base64,R0lGODlhAQABAAAAACH5BAEKAAEALAAAAAABAAEAAAICTAEAOw==\" data-orig-src=\"https:\/\/orthodoxalbania.org\/2020\/wp-content\/uploads\/2020\/04\/23-7.jpg\" \/><\/p>\n<p><img class=\"lazyload\" decoding=\"async\" style=\"height: 593px; width: 450px; border-width: 1px; border-style: solid; margin: 10px auto; display: block;\" alt=\"\" src=\"data:image\/gif;base64,R0lGODlhAQABAAAAACH5BAEKAAEALAAAAAABAAEAAAICTAEAOw==\" data-orig-src=\"https:\/\/orthodoxalbania.org\/2020\/wp-content\/uploads\/2020\/04\/24-0.jpg\" \/><\/p>\n<p><img class=\"lazyload\" decoding=\"async\" style=\"height: 390px; width: 450px; border-width: 1px; border-style: solid; margin: 10px auto; display: block;\" alt=\"\" src=\"data:image\/gif;base64,R0lGODlhAQABAAAAACH5BAEKAAEALAAAAAABAAEAAAICTAEAOw==\" data-orig-src=\"https:\/\/orthodoxalbania.org\/2020\/wp-content\/uploads\/2020\/04\/25-4.jpg\" \/><\/p>\n<p><img class=\"lazyload\" decoding=\"async\" style=\"height: 541px; width: 450px; border-width: 1px; border-style: solid; margin: 10px auto; display: block;\" alt=\"\" src=\"data:image\/gif;base64,R0lGODlhAQABAAAAACH5BAEKAAEALAAAAAABAAEAAAICTAEAOw==\" data-orig-src=\"https:\/\/orthodoxalbania.org\/2020\/wp-content\/uploads\/2020\/04\/26-3-3.jpg\" \/><\/p>\n<p><img class=\"lazyload\" decoding=\"async\" style=\"height: 300px; width: 450px; border-width: 1px; border-style: solid; margin: 10px auto; display: block;\" alt=\"\" src=\"data:image\/gif;base64,R0lGODlhAQABAAAAACH5BAEKAAEALAAAAAABAAEAAAICTAEAOw==\" data-orig-src=\"https:\/\/orthodoxalbania.org\/2020\/wp-content\/uploads\/2020\/04\/27-0.jpg\" \/><\/p>\n<p><img class=\"lazyload\" decoding=\"async\" style=\"height: 300px; width: 450px; border-width: 1px; border-style: solid; margin: 10px auto; display: block;\" alt=\"\" src=\"data:image\/gif;base64,R0lGODlhAQABAAAAACH5BAEKAAEALAAAAAABAAEAAAICTAEAOw==\" data-orig-src=\"https:\/\/orthodoxalbania.org\/2020\/wp-content\/uploads\/2020\/04\/28-3.jpg\" \/><\/p>\n<p><img class=\"lazyload\" decoding=\"async\" style=\"height: 313px; width: 450px; border-width: 1px; border-style: solid; margin: 10px auto; display: block;\" alt=\"\" src=\"data:image\/gif;base64,R0lGODlhAQABAAAAACH5BAEKAAEALAAAAAABAAEAAAICTAEAOw==\" data-orig-src=\"https:\/\/orthodoxalbania.org\/2020\/wp-content\/uploads\/2020\/04\/29-7.jpg\" \/><\/p>\n<p><img class=\"lazyload\" decoding=\"async\" style=\"height: 300px; width: 450px; border-width: 1px; border-style: solid; margin: 10px auto; display: block;\" alt=\"\" src=\"data:image\/gif;base64,R0lGODlhAQABAAAAACH5BAEKAAEALAAAAAABAAEAAAICTAEAOw==\" data-orig-src=\"https:\/\/orthodoxalbania.org\/2020\/wp-content\/uploads\/2020\/04\/30-3.jpg\" \/><\/p>\n<p><img class=\"lazyload\" decoding=\"async\" style=\"height: 300px; width: 450px; border-width: 1px; border-style: solid; margin: 10px auto; display: block;\" alt=\"\" src=\"data:image\/gif;base64,R0lGODlhAQABAAAAACH5BAEKAAEALAAAAAABAAEAAAICTAEAOw==\" data-orig-src=\"https:\/\/orthodoxalbania.org\/2020\/wp-content\/uploads\/2020\/04\/31-5.jpg\" \/><\/p>\n<p><img class=\"lazyload\" decoding=\"async\" style=\"height: 675px; width: 450px; border-width: 1px; border-style: solid; margin: 10px auto; display: block;\" alt=\"\" src=\"data:image\/gif;base64,R0lGODlhAQABAAAAACH5BAEKAAEALAAAAAABAAEAAAICTAEAOw==\" data-orig-src=\"https:\/\/orthodoxalbania.org\/2020\/wp-content\/uploads\/2020\/04\/32-7.jpg\" \/><\/p>\n<p><img class=\"lazyload\" decoding=\"async\" style=\"height: 300px; width: 450px; border-width: 1px; border-style: solid; margin: 10px auto; display: block;\" alt=\"\" src=\"data:image\/gif;base64,R0lGODlhAQABAAAAACH5BAEKAAEALAAAAAABAAEAAAICTAEAOw==\" data-orig-src=\"https:\/\/orthodoxalbania.org\/2020\/wp-content\/uploads\/2020\/04\/33-4.jpg\" \/><\/p>\n<p><img class=\"lazyload\" decoding=\"async\" style=\"height: 300px; width: 450px; border-width: 1px; border-style: solid; margin: 10px auto; display: block;\" alt=\"\" src=\"data:image\/gif;base64,R0lGODlhAQABAAAAACH5BAEKAAEALAAAAAABAAEAAAICTAEAOw==\" data-orig-src=\"https:\/\/orthodoxalbania.org\/2020\/wp-content\/uploads\/2020\/04\/34-3.jpg\" \/><\/p>\n<p><img class=\"lazyload\" decoding=\"async\" style=\"height: 141px; width: 450px; border-width: 1px; border-style: solid; margin: 10px auto; display: block;\" alt=\"\" src=\"data:image\/gif;base64,R0lGODlhAQABAAAAACH5BAEKAAEALAAAAAABAAEAAAICTAEAOw==\" data-orig-src=\"https:\/\/orthodoxalbania.org\/2020\/wp-content\/uploads\/2020\/04\/35-0.jpg\" \/><\/p>\n<div id=\"ckimgrsz\" style=\"left: 18px; top: 11379px;\">\n<div class=\"preview\" style=\"text-align: center;\">&nbsp;<\/div>\n<\/div>\n","protected":false},"excerpt":{"rendered":"<p>Liturgji Hyjnore festive me rastin e 2 Gushtit &nbsp; &#8211; U kremtua me g\u00ebzim e madh\u00ebshti 25-vjetori i zgjedhjes dhe fron\u00ebzimit t\u00eb Kryepiskopit Anastas n\u00eb krye t\u00eb Kish\u00ebs son\u00eb &#8211; &nbsp; Ringritja kanonike e Kish\u00ebs Orthodhokse Autoqefale t\u00eb Shqip\u00ebris\u00eb ka dy data themelore: at\u00eb q\u00eb \u00ebsht\u00eb edhe m\u00eb e r\u00ebnd\u00ebsishmja, 24 Qershorin, kur Fortlumturia e Tij, Anastasi, u zgjodh nga Patriarkana e Konstandinopoj\u00ebs Kryehierark i<\/p>\n","protected":false},"author":1,"featured_media":5441,"comment_status":"open","ping_status":"open","sticky":false,"template":"","format":"standard","meta":{"_acf_changed":false,"pagelayer_contact_templates":[],"_pagelayer_content":"","inline_featured_image":false,"fifu_image_url":"","fifu_image_alt":"","footnotes":""},"categories":[108],"tags":[209,184,157,201,212,197,206,207,198,181],"class_list":["post-5440","post","type-post","status-publish","format-standard","has-post-thumbnail","hentry","category-lajme","tag-209","tag-katedralja-ngjallja-e-krishtit-tirane","tag-kremtime","tag-kryepiskopi-anastas","tag-lajme-d27","tag-berat","tag-mitropolia-e-apollonise-dhe-e-fierit","tag-mitropolia-e-elbasanit-shpatit-dhe-librazhdit","tag-gjirokaster","tag-korce"],"acf":[],"yoast_head":"<!-- This site is optimized with the Yoast SEO plugin v27.2 - https:\/\/yoast.com\/product\/yoast-seo-wordpress\/ -->\n<title>U kremtua me g\u00ebzim e madh\u00ebshti 25-vjetori i zgjedhjes dhe fron\u00ebzimit t\u00eb Kryepiskopit Anastas n\u00eb krye t\u00eb Kish\u00ebs son\u00eb - Kisha Orthodh\u03bfkse Autoqefale e Shqip\u00ebris\u00eb<\/title>\n<meta name=\"robots\" content=\"index, follow, max-snippet:-1, max-image-preview:large, max-video-preview:-1\" \/>\n<link rel=\"canonical\" href=\"https:\/\/orthodoxalbania.org\/2020\/2017\/08\/03\/u-kremtua-me-gezim-e-madheshti-25-vjetori-i-zgjedhjes-dhe-fronezimit-te-kryepiskopit-anastas-ne-krye-te-kishes-sone\/\" \/>\n<meta property=\"og:locale\" content=\"en_US\" \/>\n<meta property=\"og:type\" content=\"article\" \/>\n<meta property=\"og:title\" content=\"U kremtua me g\u00ebzim e madh\u00ebshti 25-vjetori i zgjedhjes dhe fron\u00ebzimit t\u00eb Kryepiskopit Anastas n\u00eb krye t\u00eb Kish\u00ebs son\u00eb - Kisha Orthodh\u03bfkse Autoqefale e Shqip\u00ebris\u00eb\" \/>\n<meta property=\"og:description\" content=\"Liturgji Hyjnore festive me rastin e 2 Gushtit &nbsp; &#8211; U kremtua me g\u00ebzim e madh\u00ebshti 25-vjetori i zgjedhjes dhe fron\u00ebzimit t\u00eb Kryepiskopit Anastas n\u00eb krye t\u00eb Kish\u00ebs son\u00eb &#8211; &nbsp; Ringritja kanonike e Kish\u00ebs Orthodhokse Autoqefale t\u00eb Shqip\u00ebris\u00eb ka dy data themelore: at\u00eb q\u00eb \u00ebsht\u00eb edhe m\u00eb e r\u00ebnd\u00ebsishmja, 24 Qershorin, kur Fortlumturia e Tij, Anastasi, u zgjodh nga Patriarkana e Konstandinopoj\u00ebs Kryehierark i\" \/>\n<meta property=\"og:url\" content=\"https:\/\/orthodoxalbania.org\/2020\/2017\/08\/03\/u-kremtua-me-gezim-e-madheshti-25-vjetori-i-zgjedhjes-dhe-fronezimit-te-kryepiskopit-anastas-ne-krye-te-kishes-sone\/\" \/>\n<meta property=\"og:site_name\" content=\"Kisha Orthodh\u03bfkse Autoqefale e Shqip\u00ebris\u00eb\" \/>\n<meta property=\"article:publisher\" content=\"https:\/\/www.facebook.com\/koash1991\" \/>\n<meta property=\"article:published_time\" content=\"2017-08-03T07:31:29+00:00\" \/>\n<meta property=\"article:modified_time\" content=\"2020-04-06T19:58:19+00:00\" \/>\n<meta property=\"og:image\" content=\"https:\/\/orthodoxalbania.org\/2020\/wp-content\/uploads\/2020\/04\/6-5-6.jpg\" \/>\n\t<meta property=\"og:image:width\" content=\"150\" \/>\n\t<meta property=\"og:image:height\" content=\"150\" \/>\n\t<meta property=\"og:image:type\" content=\"image\/jpeg\" \/>\n<meta name=\"author\" content=\"Kisha Orthodhokse\" \/>\n<meta name=\"twitter:card\" content=\"summary_large_image\" \/>\n<meta name=\"twitter:label1\" content=\"Written by\" \/>\n\t<meta name=\"twitter:data1\" content=\"Kisha Orthodhokse\" \/>\n\t<meta name=\"twitter:label2\" content=\"Est. reading time\" \/>\n\t<meta name=\"twitter:data2\" content=\"3 minutes\" \/>\n<script type=\"application\/ld+json\" class=\"yoast-schema-graph\">{\"@context\":\"https:\/\/schema.org\",\"@graph\":[{\"@type\":\"Article\",\"@id\":\"https:\/\/orthodoxalbania.org\/2020\/2017\/08\/03\/u-kremtua-me-gezim-e-madheshti-25-vjetori-i-zgjedhjes-dhe-fronezimit-te-kryepiskopit-anastas-ne-krye-te-kishes-sone\/#article\",\"isPartOf\":{\"@id\":\"https:\/\/orthodoxalbania.org\/2020\/2017\/08\/03\/u-kremtua-me-gezim-e-madheshti-25-vjetori-i-zgjedhjes-dhe-fronezimit-te-kryepiskopit-anastas-ne-krye-te-kishes-sone\/\"},\"author\":{\"name\":\"Kisha Orthodhokse\",\"@id\":\"https:\/\/orthodoxalbania.org\/2020\/#\/schema\/person\/0c387634a7063ac612d7ed9ce71c7e86\"},\"headline\":\"U kremtua me g\u00ebzim e madh\u00ebshti 25-vjetori i zgjedhjes dhe fron\u00ebzimit t\u00eb Kryepiskopit Anastas n\u00eb krye t\u00eb Kish\u00ebs son\u00eb\",\"datePublished\":\"2017-08-03T07:31:29+00:00\",\"dateModified\":\"2020-04-06T19:58:19+00:00\",\"mainEntityOfPage\":{\"@id\":\"https:\/\/orthodoxalbania.org\/2020\/2017\/08\/03\/u-kremtua-me-gezim-e-madheshti-25-vjetori-i-zgjedhjes-dhe-fronezimit-te-kryepiskopit-anastas-ne-krye-te-kishes-sone\/\"},\"wordCount\":681,\"commentCount\":0,\"publisher\":{\"@id\":\"https:\/\/orthodoxalbania.org\/2020\/#organization\"},\"image\":{\"@id\":\"https:\/\/orthodoxalbania.org\/2020\/2017\/08\/03\/u-kremtua-me-gezim-e-madheshti-25-vjetori-i-zgjedhjes-dhe-fronezimit-te-kryepiskopit-anastas-ne-krye-te-kishes-sone\/#primaryimage\"},\"thumbnailUrl\":\"https:\/\/orthodoxalbania.org\/2020\/wp-content\/uploads\/2020\/04\/6-5-6.jpg\",\"keywords\":[\"2017\",\"Katedralja \u201cNgjallja e Krishtit\u201d Tiran\u00eb\",\"Kremtime\",\"Kryepiskopi Anastas\",\"lajme\",\"Mitropolia Berat\",\"Mitropolia e Apollonis\u00eb dhe Fierit\",\"Mitropolia e Elbasanit, Shpatit dhe Librazhdit\",\"Mitropolia Gjirokast\u00ebr\",\"Mitropolia Kor\u00e7\u00eb\"],\"articleSection\":[\"Lajme\"],\"inLanguage\":\"en-US\"},{\"@type\":\"WebPage\",\"@id\":\"https:\/\/orthodoxalbania.org\/2020\/2017\/08\/03\/u-kremtua-me-gezim-e-madheshti-25-vjetori-i-zgjedhjes-dhe-fronezimit-te-kryepiskopit-anastas-ne-krye-te-kishes-sone\/\",\"url\":\"https:\/\/orthodoxalbania.org\/2020\/2017\/08\/03\/u-kremtua-me-gezim-e-madheshti-25-vjetori-i-zgjedhjes-dhe-fronezimit-te-kryepiskopit-anastas-ne-krye-te-kishes-sone\/\",\"name\":\"U kremtua me g\u00ebzim e madh\u00ebshti 25-vjetori i zgjedhjes dhe fron\u00ebzimit t\u00eb Kryepiskopit Anastas n\u00eb krye t\u00eb Kish\u00ebs son\u00eb - Kisha Orthodh\u03bfkse Autoqefale e Shqip\u00ebris\u00eb\",\"isPartOf\":{\"@id\":\"https:\/\/orthodoxalbania.org\/2020\/#website\"},\"primaryImageOfPage\":{\"@id\":\"https:\/\/orthodoxalbania.org\/2020\/2017\/08\/03\/u-kremtua-me-gezim-e-madheshti-25-vjetori-i-zgjedhjes-dhe-fronezimit-te-kryepiskopit-anastas-ne-krye-te-kishes-sone\/#primaryimage\"},\"image\":{\"@id\":\"https:\/\/orthodoxalbania.org\/2020\/2017\/08\/03\/u-kremtua-me-gezim-e-madheshti-25-vjetori-i-zgjedhjes-dhe-fronezimit-te-kryepiskopit-anastas-ne-krye-te-kishes-sone\/#primaryimage\"},\"thumbnailUrl\":\"https:\/\/orthodoxalbania.org\/2020\/wp-content\/uploads\/2020\/04\/6-5-6.jpg\",\"datePublished\":\"2017-08-03T07:31:29+00:00\",\"dateModified\":\"2020-04-06T19:58:19+00:00\",\"breadcrumb\":{\"@id\":\"https:\/\/orthodoxalbania.org\/2020\/2017\/08\/03\/u-kremtua-me-gezim-e-madheshti-25-vjetori-i-zgjedhjes-dhe-fronezimit-te-kryepiskopit-anastas-ne-krye-te-kishes-sone\/#breadcrumb\"},\"inLanguage\":\"en-US\",\"potentialAction\":[{\"@type\":\"ReadAction\",\"target\":[\"https:\/\/orthodoxalbania.org\/2020\/2017\/08\/03\/u-kremtua-me-gezim-e-madheshti-25-vjetori-i-zgjedhjes-dhe-fronezimit-te-kryepiskopit-anastas-ne-krye-te-kishes-sone\/\"]}]},{\"@type\":\"ImageObject\",\"inLanguage\":\"en-US\",\"@id\":\"https:\/\/orthodoxalbania.org\/2020\/2017\/08\/03\/u-kremtua-me-gezim-e-madheshti-25-vjetori-i-zgjedhjes-dhe-fronezimit-te-kryepiskopit-anastas-ne-krye-te-kishes-sone\/#primaryimage\",\"url\":\"https:\/\/orthodoxalbania.org\/2020\/wp-content\/uploads\/2020\/04\/6-5-6.jpg\",\"contentUrl\":\"https:\/\/orthodoxalbania.org\/2020\/wp-content\/uploads\/2020\/04\/6-5-6.jpg\",\"width\":150,\"height\":150},{\"@type\":\"BreadcrumbList\",\"@id\":\"https:\/\/orthodoxalbania.org\/2020\/2017\/08\/03\/u-kremtua-me-gezim-e-madheshti-25-vjetori-i-zgjedhjes-dhe-fronezimit-te-kryepiskopit-anastas-ne-krye-te-kishes-sone\/#breadcrumb\",\"itemListElement\":[{\"@type\":\"ListItem\",\"position\":1,\"name\":\"Home\",\"item\":\"https:\/\/orthodoxalbania.org\/2020\/\"},{\"@type\":\"ListItem\",\"position\":2,\"name\":\"U kremtua me g\u00ebzim e madh\u00ebshti 25-vjetori i zgjedhjes dhe fron\u00ebzimit t\u00eb Kryepiskopit Anastas n\u00eb krye t\u00eb Kish\u00ebs son\u00eb\"}]},{\"@type\":\"WebSite\",\"@id\":\"https:\/\/orthodoxalbania.org\/2020\/#website\",\"url\":\"https:\/\/orthodoxalbania.org\/2020\/\",\"name\":\"Kisha Orthodh\u03bfkse Autoqefale e Shqip\u00ebris\u00eb\",\"description\":\"Fqja Zyrtare e Kish\u00ebs Orthodhokse Autoqefale e Shqip\u00ebris\u00eb me lajmet edhe informacionet zyrtare p\u00ebr struktur\u00ebn edhe veprimtarin e saj.\",\"publisher\":{\"@id\":\"https:\/\/orthodoxalbania.org\/2020\/#organization\"},\"potentialAction\":[{\"@type\":\"SearchAction\",\"target\":{\"@type\":\"EntryPoint\",\"urlTemplate\":\"https:\/\/orthodoxalbania.org\/2020\/?s={search_term_string}\"},\"query-input\":{\"@type\":\"PropertyValueSpecification\",\"valueRequired\":true,\"valueName\":\"search_term_string\"}}],\"inLanguage\":\"en-US\"},{\"@type\":\"Organization\",\"@id\":\"https:\/\/orthodoxalbania.org\/2020\/#organization\",\"name\":\"Kisha Orthodhokse Autoqefale e Shqip\u00ebris\u00eb\",\"url\":\"https:\/\/orthodoxalbania.org\/2020\/\",\"logo\":{\"@type\":\"ImageObject\",\"inLanguage\":\"en-US\",\"@id\":\"https:\/\/orthodoxalbania.org\/2020\/#\/schema\/logo\/image\/\",\"url\":\"https:\/\/orthodoxalbania.org\/2020\/wp-content\/uploads\/2020\/05\/albania.jpeg\",\"contentUrl\":\"https:\/\/orthodoxalbania.org\/2020\/wp-content\/uploads\/2020\/05\/albania.jpeg\",\"width\":540,\"height\":540,\"caption\":\"Kisha Orthodhokse Autoqefale e Shqip\u00ebris\u00eb\"},\"image\":{\"@id\":\"https:\/\/orthodoxalbania.org\/2020\/#\/schema\/logo\/image\/\"},\"sameAs\":[\"https:\/\/www.facebook.com\/koash1991\"]},{\"@type\":\"Person\",\"@id\":\"https:\/\/orthodoxalbania.org\/2020\/#\/schema\/person\/0c387634a7063ac612d7ed9ce71c7e86\",\"name\":\"Kisha Orthodhokse\",\"image\":{\"@type\":\"ImageObject\",\"inLanguage\":\"en-US\",\"@id\":\"https:\/\/secure.gravatar.com\/avatar\/596e7c417251e30f2fbb9c00e026fce61a695a00e51c889caded71c96cbbdde5?s=96&d=mm&r=g\",\"url\":\"https:\/\/secure.gravatar.com\/avatar\/596e7c417251e30f2fbb9c00e026fce61a695a00e51c889caded71c96cbbdde5?s=96&d=mm&r=g\",\"contentUrl\":\"https:\/\/secure.gravatar.com\/avatar\/596e7c417251e30f2fbb9c00e026fce61a695a00e51c889caded71c96cbbdde5?s=96&d=mm&r=g\",\"caption\":\"Kisha Orthodhokse\"}}]}<\/script>\n<!-- \/ Yoast SEO plugin. -->","yoast_head_json":{"title":"U kremtua me g\u00ebzim e madh\u00ebshti 25-vjetori i zgjedhjes dhe fron\u00ebzimit t\u00eb Kryepiskopit Anastas n\u00eb krye t\u00eb Kish\u00ebs son\u00eb - Kisha Orthodh\u03bfkse Autoqefale e Shqip\u00ebris\u00eb","robots":{"index":"index","follow":"follow","max-snippet":"max-snippet:-1","max-image-preview":"max-image-preview:large","max-video-preview":"max-video-preview:-1"},"canonical":"https:\/\/orthodoxalbania.org\/2020\/2017\/08\/03\/u-kremtua-me-gezim-e-madheshti-25-vjetori-i-zgjedhjes-dhe-fronezimit-te-kryepiskopit-anastas-ne-krye-te-kishes-sone\/","og_locale":"en_US","og_type":"article","og_title":"U kremtua me g\u00ebzim e madh\u00ebshti 25-vjetori i zgjedhjes dhe fron\u00ebzimit t\u00eb Kryepiskopit Anastas n\u00eb krye t\u00eb Kish\u00ebs son\u00eb - Kisha Orthodh\u03bfkse Autoqefale e Shqip\u00ebris\u00eb","og_description":"Liturgji Hyjnore festive me rastin e 2 Gushtit &nbsp; &#8211; U kremtua me g\u00ebzim e madh\u00ebshti 25-vjetori i zgjedhjes dhe fron\u00ebzimit t\u00eb Kryepiskopit Anastas n\u00eb krye t\u00eb Kish\u00ebs son\u00eb &#8211; &nbsp; Ringritja kanonike e Kish\u00ebs Orthodhokse Autoqefale t\u00eb Shqip\u00ebris\u00eb ka dy data themelore: at\u00eb q\u00eb \u00ebsht\u00eb edhe m\u00eb e r\u00ebnd\u00ebsishmja, 24 Qershorin, kur Fortlumturia e Tij, Anastasi, u zgjodh nga Patriarkana e Konstandinopoj\u00ebs Kryehierark i","og_url":"https:\/\/orthodoxalbania.org\/2020\/2017\/08\/03\/u-kremtua-me-gezim-e-madheshti-25-vjetori-i-zgjedhjes-dhe-fronezimit-te-kryepiskopit-anastas-ne-krye-te-kishes-sone\/","og_site_name":"Kisha Orthodh\u03bfkse Autoqefale e Shqip\u00ebris\u00eb","article_publisher":"https:\/\/www.facebook.com\/koash1991","article_published_time":"2017-08-03T07:31:29+00:00","article_modified_time":"2020-04-06T19:58:19+00:00","og_image":[{"width":150,"height":150,"url":"https:\/\/orthodoxalbania.org\/2020\/wp-content\/uploads\/2020\/04\/6-5-6.jpg","type":"image\/jpeg"}],"author":"Kisha Orthodhokse","twitter_card":"summary_large_image","twitter_misc":{"Written by":"Kisha Orthodhokse","Est. reading time":"3 minutes"},"schema":{"@context":"https:\/\/schema.org","@graph":[{"@type":"Article","@id":"https:\/\/orthodoxalbania.org\/2020\/2017\/08\/03\/u-kremtua-me-gezim-e-madheshti-25-vjetori-i-zgjedhjes-dhe-fronezimit-te-kryepiskopit-anastas-ne-krye-te-kishes-sone\/#article","isPartOf":{"@id":"https:\/\/orthodoxalbania.org\/2020\/2017\/08\/03\/u-kremtua-me-gezim-e-madheshti-25-vjetori-i-zgjedhjes-dhe-fronezimit-te-kryepiskopit-anastas-ne-krye-te-kishes-sone\/"},"author":{"name":"Kisha Orthodhokse","@id":"https:\/\/orthodoxalbania.org\/2020\/#\/schema\/person\/0c387634a7063ac612d7ed9ce71c7e86"},"headline":"U kremtua me g\u00ebzim e madh\u00ebshti 25-vjetori i zgjedhjes dhe fron\u00ebzimit t\u00eb Kryepiskopit Anastas n\u00eb krye t\u00eb Kish\u00ebs son\u00eb","datePublished":"2017-08-03T07:31:29+00:00","dateModified":"2020-04-06T19:58:19+00:00","mainEntityOfPage":{"@id":"https:\/\/orthodoxalbania.org\/2020\/2017\/08\/03\/u-kremtua-me-gezim-e-madheshti-25-vjetori-i-zgjedhjes-dhe-fronezimit-te-kryepiskopit-anastas-ne-krye-te-kishes-sone\/"},"wordCount":681,"commentCount":0,"publisher":{"@id":"https:\/\/orthodoxalbania.org\/2020\/#organization"},"image":{"@id":"https:\/\/orthodoxalbania.org\/2020\/2017\/08\/03\/u-kremtua-me-gezim-e-madheshti-25-vjetori-i-zgjedhjes-dhe-fronezimit-te-kryepiskopit-anastas-ne-krye-te-kishes-sone\/#primaryimage"},"thumbnailUrl":"https:\/\/orthodoxalbania.org\/2020\/wp-content\/uploads\/2020\/04\/6-5-6.jpg","keywords":["2017","Katedralja \u201cNgjallja e Krishtit\u201d Tiran\u00eb","Kremtime","Kryepiskopi Anastas","lajme","Mitropolia Berat","Mitropolia e Apollonis\u00eb dhe Fierit","Mitropolia e Elbasanit, Shpatit dhe Librazhdit","Mitropolia Gjirokast\u00ebr","Mitropolia Kor\u00e7\u00eb"],"articleSection":["Lajme"],"inLanguage":"en-US"},{"@type":"WebPage","@id":"https:\/\/orthodoxalbania.org\/2020\/2017\/08\/03\/u-kremtua-me-gezim-e-madheshti-25-vjetori-i-zgjedhjes-dhe-fronezimit-te-kryepiskopit-anastas-ne-krye-te-kishes-sone\/","url":"https:\/\/orthodoxalbania.org\/2020\/2017\/08\/03\/u-kremtua-me-gezim-e-madheshti-25-vjetori-i-zgjedhjes-dhe-fronezimit-te-kryepiskopit-anastas-ne-krye-te-kishes-sone\/","name":"U kremtua me g\u00ebzim e madh\u00ebshti 25-vjetori i zgjedhjes dhe fron\u00ebzimit t\u00eb Kryepiskopit Anastas n\u00eb krye t\u00eb Kish\u00ebs son\u00eb - Kisha Orthodh\u03bfkse Autoqefale e Shqip\u00ebris\u00eb","isPartOf":{"@id":"https:\/\/orthodoxalbania.org\/2020\/#website"},"primaryImageOfPage":{"@id":"https:\/\/orthodoxalbania.org\/2020\/2017\/08\/03\/u-kremtua-me-gezim-e-madheshti-25-vjetori-i-zgjedhjes-dhe-fronezimit-te-kryepiskopit-anastas-ne-krye-te-kishes-sone\/#primaryimage"},"image":{"@id":"https:\/\/orthodoxalbania.org\/2020\/2017\/08\/03\/u-kremtua-me-gezim-e-madheshti-25-vjetori-i-zgjedhjes-dhe-fronezimit-te-kryepiskopit-anastas-ne-krye-te-kishes-sone\/#primaryimage"},"thumbnailUrl":"https:\/\/orthodoxalbania.org\/2020\/wp-content\/uploads\/2020\/04\/6-5-6.jpg","datePublished":"2017-08-03T07:31:29+00:00","dateModified":"2020-04-06T19:58:19+00:00","breadcrumb":{"@id":"https:\/\/orthodoxalbania.org\/2020\/2017\/08\/03\/u-kremtua-me-gezim-e-madheshti-25-vjetori-i-zgjedhjes-dhe-fronezimit-te-kryepiskopit-anastas-ne-krye-te-kishes-sone\/#breadcrumb"},"inLanguage":"en-US","potentialAction":[{"@type":"ReadAction","target":["https:\/\/orthodoxalbania.org\/2020\/2017\/08\/03\/u-kremtua-me-gezim-e-madheshti-25-vjetori-i-zgjedhjes-dhe-fronezimit-te-kryepiskopit-anastas-ne-krye-te-kishes-sone\/"]}]},{"@type":"ImageObject","inLanguage":"en-US","@id":"https:\/\/orthodoxalbania.org\/2020\/2017\/08\/03\/u-kremtua-me-gezim-e-madheshti-25-vjetori-i-zgjedhjes-dhe-fronezimit-te-kryepiskopit-anastas-ne-krye-te-kishes-sone\/#primaryimage","url":"https:\/\/orthodoxalbania.org\/2020\/wp-content\/uploads\/2020\/04\/6-5-6.jpg","contentUrl":"https:\/\/orthodoxalbania.org\/2020\/wp-content\/uploads\/2020\/04\/6-5-6.jpg","width":150,"height":150},{"@type":"BreadcrumbList","@id":"https:\/\/orthodoxalbania.org\/2020\/2017\/08\/03\/u-kremtua-me-gezim-e-madheshti-25-vjetori-i-zgjedhjes-dhe-fronezimit-te-kryepiskopit-anastas-ne-krye-te-kishes-sone\/#breadcrumb","itemListElement":[{"@type":"ListItem","position":1,"name":"Home","item":"https:\/\/orthodoxalbania.org\/2020\/"},{"@type":"ListItem","position":2,"name":"U kremtua me g\u00ebzim e madh\u00ebshti 25-vjetori i zgjedhjes dhe fron\u00ebzimit t\u00eb Kryepiskopit Anastas n\u00eb krye t\u00eb Kish\u00ebs son\u00eb"}]},{"@type":"WebSite","@id":"https:\/\/orthodoxalbania.org\/2020\/#website","url":"https:\/\/orthodoxalbania.org\/2020\/","name":"Kisha Orthodh\u03bfkse Autoqefale e Shqip\u00ebris\u00eb","description":"Fqja Zyrtare e Kish\u00ebs Orthodhokse Autoqefale e Shqip\u00ebris\u00eb me lajmet edhe informacionet zyrtare p\u00ebr struktur\u00ebn edhe veprimtarin e saj.","publisher":{"@id":"https:\/\/orthodoxalbania.org\/2020\/#organization"},"potentialAction":[{"@type":"SearchAction","target":{"@type":"EntryPoint","urlTemplate":"https:\/\/orthodoxalbania.org\/2020\/?s={search_term_string}"},"query-input":{"@type":"PropertyValueSpecification","valueRequired":true,"valueName":"search_term_string"}}],"inLanguage":"en-US"},{"@type":"Organization","@id":"https:\/\/orthodoxalbania.org\/2020\/#organization","name":"Kisha Orthodhokse Autoqefale e Shqip\u00ebris\u00eb","url":"https:\/\/orthodoxalbania.org\/2020\/","logo":{"@type":"ImageObject","inLanguage":"en-US","@id":"https:\/\/orthodoxalbania.org\/2020\/#\/schema\/logo\/image\/","url":"https:\/\/orthodoxalbania.org\/2020\/wp-content\/uploads\/2020\/05\/albania.jpeg","contentUrl":"https:\/\/orthodoxalbania.org\/2020\/wp-content\/uploads\/2020\/05\/albania.jpeg","width":540,"height":540,"caption":"Kisha Orthodhokse Autoqefale e Shqip\u00ebris\u00eb"},"image":{"@id":"https:\/\/orthodoxalbania.org\/2020\/#\/schema\/logo\/image\/"},"sameAs":["https:\/\/www.facebook.com\/koash1991"]},{"@type":"Person","@id":"https:\/\/orthodoxalbania.org\/2020\/#\/schema\/person\/0c387634a7063ac612d7ed9ce71c7e86","name":"Kisha Orthodhokse","image":{"@type":"ImageObject","inLanguage":"en-US","@id":"https:\/\/secure.gravatar.com\/avatar\/596e7c417251e30f2fbb9c00e026fce61a695a00e51c889caded71c96cbbdde5?s=96&d=mm&r=g","url":"https:\/\/secure.gravatar.com\/avatar\/596e7c417251e30f2fbb9c00e026fce61a695a00e51c889caded71c96cbbdde5?s=96&d=mm&r=g","contentUrl":"https:\/\/secure.gravatar.com\/avatar\/596e7c417251e30f2fbb9c00e026fce61a695a00e51c889caded71c96cbbdde5?s=96&d=mm&r=g","caption":"Kisha Orthodhokse"}}]}},"_links":{"self":[{"href":"https:\/\/orthodoxalbania.org\/2020\/wp-json\/wp\/v2\/posts\/5440","targetHints":{"allow":["GET"]}}],"collection":[{"href":"https:\/\/orthodoxalbania.org\/2020\/wp-json\/wp\/v2\/posts"}],"about":[{"href":"https:\/\/orthodoxalbania.org\/2020\/wp-json\/wp\/v2\/types\/post"}],"author":[{"embeddable":true,"href":"https:\/\/orthodoxalbania.org\/2020\/wp-json\/wp\/v2\/users\/1"}],"replies":[{"embeddable":true,"href":"https:\/\/orthodoxalbania.org\/2020\/wp-json\/wp\/v2\/comments?post=5440"}],"version-history":[{"count":1,"href":"https:\/\/orthodoxalbania.org\/2020\/wp-json\/wp\/v2\/posts\/5440\/revisions"}],"predecessor-version":[{"id":14837,"href":"https:\/\/orthodoxalbania.org\/2020\/wp-json\/wp\/v2\/posts\/5440\/revisions\/14837"}],"wp:featuredmedia":[{"embeddable":true,"href":"https:\/\/orthodoxalbania.org\/2020\/wp-json\/wp\/v2\/media\/5441"}],"wp:attachment":[{"href":"https:\/\/orthodoxalbania.org\/2020\/wp-json\/wp\/v2\/media?parent=5440"}],"wp:term":[{"taxonomy":"category","embeddable":true,"href":"https:\/\/orthodoxalbania.org\/2020\/wp-json\/wp\/v2\/categories?post=5440"},{"taxonomy":"post_tag","embeddable":true,"href":"https:\/\/orthodoxalbania.org\/2020\/wp-json\/wp\/v2\/tags?post=5440"}],"curies":[{"name":"wp","href":"https:\/\/api.w.org\/{rel}","templated":true}]}}