{"id":544,"date":"2007-02-26T00:00:00","date_gmt":"2007-02-26T00:00:00","guid":{"rendered":""},"modified":"2020-04-06T22:35:44","modified_gmt":"2020-04-06T20:35:44","slug":"festohet-5-vjetori-i-shkolles-shqiptaro-amerikane-protagonistet-qershor-2007","status":"publish","type":"post","link":"https:\/\/orthodoxalbania.org\/2020\/2007\/02\/26\/festohet-5-vjetori-i-shkolles-shqiptaro-amerikane-protagonistet-qershor-2007\/","title":{"rendered":"Festohet 5-vjetori i Shkoll\u00ebs Shqiptaro-Amerikane \u201cProtagonist\u00ebt\u201d. (Qershor 2007)"},"content":{"rendered":"<div style=\"text-align: justify;\"><span style=\"font-family: helvetica; font-size: 12pt;\"><span style=\"color: #000000;\">&nbsp;&nbsp;&nbsp; <\/span><a target=\"_top\" rel=\"noopener noreferrer\"><span style=\"color: #000000;\">Shkolla fillore shqiptaro-amerikane \u201cProtagonist\u00ebt\u201d<\/span><\/a><span style=\"color: #000000;\"> festoi 5-vjetorin e themelimit. N\u00eb nj\u00eb nga sallat e Muzeut Historik Komb\u00ebtar, nx\u00ebn\u00ebs, m\u00ebsues, prind\u00ebr dhe t\u00eb ftuar t\u00eb tjer\u00eb ndoq\u00ebn p\u00ebr rreth nj\u00eb or\u00eb programin artistik, i p\u00ebrgatitur nga nx\u00ebn\u00ebsit e shkoll\u00ebs. Mes t\u00eb ftuarve ishte edhe Kryepiskopi Anastas, i cili ndoqi me interes t\u00eb ve\u00e7ant\u00eb prezantimin e shk\u00eblqyer t\u00eb \u201cprotagonist\u00ebve\u201d.<\/span><\/span><\/div>\n<table id=\"AutoNumber3\" border=\"0\">\n<tbody>\n<tr>\n<td>\n<div style=\"text-align: center;\"><span style=\"color: #000000; font-family: helvetica; font-size: 12pt;\"><img decoding=\"async\" class=\"lazyload HAa Eha\" style=\"border-width: 1px; border-style: solid; margin: 10px;\" alt=\"\" src=\"data:image\/gif;base64,R0lGODlhAQABAAAAACH5BAEKAAEALAAAAAABAAEAAAICTAEAOw==\" data-orig-src=\"https:\/\/lh5.googleusercontent.com\/-Z6_VQcK3eUE\/VIl33PGHB_I\/AAAAAAAAGYs\/EeDHdyAgAdw\/w400-h300-no\/1majtas.jpg\" \/><\/span><\/div>\n<\/td>\n<td>\n<div style=\"text-align: justify;\"><span style=\"color: #000000; font-family: helvetica; font-size: 12pt;\">&nbsp;&nbsp;&nbsp; N\u00eb kuadrin e pes\u00eb viteve jet\u00eb t\u00eb shkoll\u00ebs dhe mbylljes s\u00eb vitit arsimor 2006-2007, stafi pedagogjik dhe nx\u00ebn\u00ebsit zgjodh\u00ebn nj\u00eb fest\u00eb n\u00eb vend t\u00eb urimeve.<\/span><\/div>\n<div style=\"text-align: justify;\"><span style=\"color: #000000; font-family: helvetica; font-size: 12pt;\">&nbsp;&nbsp;&nbsp;<\/span><\/div>\n<\/td>\n<\/tr>\n<tr>\n<td>\n<div style=\"text-align: justify;\"><span style=\"color: #000000; font-family: helvetica; font-size: 12pt;\">&nbsp;&nbsp;&nbsp; Nj\u00eb program i larmish\u00ebm me k\u00ebng\u00eb e valle, recitime, dialog n\u00eb anglisht midis nx\u00ebn\u00ebsve u p\u00ebrcoll me duartrokitje nga t\u00eb pranishmit, t\u00eb cil\u00ebt kishin mbushur sall\u00ebn.<\/span><\/div>\n<\/td>\n<td>\n<div style=\"text-align: center;\"><span style=\"color: #000000; font-family: helvetica; font-size: 12pt;\"><img decoding=\"async\" class=\"lazyload HAa Eha\" style=\"border-width: 1px; border-style: solid; margin: 10px;\" alt=\"\" src=\"data:image\/gif;base64,R0lGODlhAQABAAAAACH5BAEKAAEALAAAAAABAAEAAAICTAEAOw==\" data-orig-src=\"https:\/\/lh3.googleusercontent.com\/-SLBYZ3EXMnA\/VIl33a0oZMI\/AAAAAAAAGY0\/Eaun292eNY4\/w400-h225-no\/2dhjathtas.jpg\" \/><\/span><\/div>\n<\/td>\n<\/tr>\n<tr>\n<td>\n<div style=\"text-align: center;\"><span style=\"color: #000000; font-family: helvetica; font-size: 12pt;\"><img decoding=\"async\" class=\"lazyload HAa Eha\" style=\"border-width: 1px; border-style: solid; margin: 10px;\" alt=\"\" src=\"data:image\/gif;base64,R0lGODlhAQABAAAAACH5BAEKAAEALAAAAAABAAEAAAICTAEAOw==\" data-orig-src=\"https:\/\/lh5.googleusercontent.com\/-0_kI4MsB8Xo\/VIl33WgoUqI\/AAAAAAAAGYo\/RR189qKwEqk\/w400-h225-no\/3majtas.jpg\" \/><\/span><\/div>\n<\/td>\n<td>\n<div style=\"text-align: justify;\"><span style=\"color: #000000; font-family: helvetica; font-size: 12pt;\">&nbsp;&nbsp;&nbsp; P\u00ebr nx\u00ebn\u00ebsit m\u00eb t\u00eb dalluar u shp\u00ebrndan\u00eb edhe dhurata, duke marr\u00eb edhe bekimin e Kryepiskopit Anastas.<\/span><\/div>\n<\/td>\n<\/tr>\n<tr>\n<td>\n<div style=\"text-align: justify;\"><span style=\"color: #000000; font-family: helvetica; font-size: 12pt;\">&nbsp;&nbsp;&nbsp;&nbsp;<\/span><\/div>\n<div style=\"text-align: justify;\"><span style=\"color: #000000; font-family: helvetica; font-size: 12pt;\">&nbsp;&nbsp;&nbsp; Gjat\u00eb pes\u00eb viteve, shkolla \u201cProtagonist\u00ebt\u201d \u00ebsht\u00eb dalluar p\u00ebr metodat e p\u00ebrparuara per\u00ebndimore t\u00eb m\u00ebsimdh\u00ebnies, q\u00eb u japin nx\u00ebn\u00ebsve nj\u00eb p\u00ebrvoj\u00eb arsimore t\u00eb re unike.<\/span><\/div>\n<\/td>\n<td>\n<div><span style=\"color: #000000; font-family: helvetica; font-size: 12pt;\">&nbsp;&nbsp;&nbsp; <img decoding=\"async\" class=\"lazyload HAa Eha\" style=\"border-width: 1px; border-style: solid; margin: 10px auto; display: block;\" alt=\"\" src=\"data:image\/gif;base64,R0lGODlhAQABAAAAACH5BAEKAAEALAAAAAABAAEAAAICTAEAOw==\" data-orig-src=\"https:\/\/lh3.googleusercontent.com\/-3mzYTFKPaTU\/VIl332piUTI\/AAAAAAAAGYk\/pFdQNewD9Mc\/w300-h400-no\/4djathtas.jpg\" \/><\/span><\/div>\n<\/td>\n<\/tr>\n<tr>\n<td>\n<div style=\"text-align: center;\"><span style=\"color: #000000; font-family: helvetica; font-size: 12pt;\">&nbsp;&nbsp; <img decoding=\"async\" class=\"lazyload HAa Eha\" style=\"border-width: 1px; border-style: solid; margin: 10px;\" alt=\"\" src=\"data:image\/gif;base64,R0lGODlhAQABAAAAACH5BAEKAAEALAAAAAABAAEAAAICTAEAOw==\" data-orig-src=\"https:\/\/lh6.googleusercontent.com\/-1oVy-wqktCw\/VIl34FjpoqI\/AAAAAAAAGYc\/cJCO9x9aOnU\/w400-h255-no\/5majtas.jpg\" \/><\/span><\/div>\n<\/td>\n<td>\n<div style=\"text-align: justify;\"><span style=\"color: #000000; font-family: helvetica; font-size: 12pt;\">&nbsp;&nbsp;&nbsp; Nx\u00ebn\u00ebsit ndjekin programin shtet\u00ebror t\u00eb shoq\u00ebruar me njohuri shtes\u00eb n\u00eb gjuh\u00ebn angleze, shkenc\u00eb dhe kompjuter. Metoda m\u00ebsimdh\u00ebn\u00ebse bazohet n\u00eb teknikat bashk\u00ebkohore amerikane.<\/span><\/div>\n<\/td>\n<\/tr>\n<tr>\n<td>\n<div style=\"text-align: justify;\"><span style=\"color: #000000; font-family: helvetica; font-size: 12pt;\">&nbsp;&nbsp;&nbsp; Gjithashtu n\u00eb k\u00ebt\u00eb shkoll\u00eb jepen edhe l\u00ebnd\u00eb t\u00eb p\u00ebrparuara si: muzika, arti dhe edukimi fizik me specialist\u00eb t\u00eb l\u00ebnd\u00ebve p\u00ebrkat\u00ebse. \u00c7do dit\u00eb kryhet m\u00ebsim i gjuh\u00ebs angleze n\u00ebn mbik\u00ebqyrjen e m\u00ebsuesve amerikan\u00eb. Gjithashtu funksionon nj\u00eb bibliotek\u00eb e pasur me libra shqip dhe anglisht p\u00ebr f\u00ebmij\u00eb.<\/span><\/div>\n<div style=\"text-align: justify;\"><span style=\"font-family: helvetica; font-size: 12pt;\"><\/span><\/div>\n<\/td>\n<td>\n<div style=\"text-align: justify;\"><span style=\"font-family: helvetica; font-size: 12pt;\"><\/span><\/div>\n<p><span style=\"color: #000000; font-family: helvetica; font-size: 12pt;\"><img decoding=\"async\" class=\"lazyload HAa Eha\" style=\"border-width: 1px; border-style: solid; margin: 10px auto; display: block;\" alt=\"\" src=\"data:image\/gif;base64,R0lGODlhAQABAAAAACH5BAEKAAEALAAAAAABAAEAAAICTAEAOw==\" data-orig-src=\"https:\/\/lh4.googleusercontent.com\/-GOoFPLCMdMs\/VIl34VVV3oI\/AAAAAAAAGYQ\/GkH0sPFpzJc\/w300-h400-no\/6djathtas.jpg\" \/><\/span><\/p>\n<\/td>\n<\/tr>\n<tr>\n<td>\n<div style=\"text-align: center;\"><span style=\"color: #000000; font-family: helvetica; font-size: 12pt;\"><img decoding=\"async\" class=\"lazyload HAa Eha\" style=\"border-width: 1px; border-style: solid; margin: 10px;\" alt=\"\" src=\"data:image\/gif;base64,R0lGODlhAQABAAAAACH5BAEKAAEALAAAAAABAAEAAAICTAEAOw==\" data-orig-src=\"https:\/\/lh4.googleusercontent.com\/-txPknOJ7m7o\/VIl34oGlpsI\/AAAAAAAAGYY\/lyeQ7Cg9i78\/w400-h239-no\/7majtas.jpg\" \/><\/span><\/div>\n<\/td>\n<td>\n<div style=\"text-align: justify;\"><span style=\"color: #000000; font-family: helvetica; font-size: 12pt;\">&nbsp;&nbsp;&nbsp; Shkolla \u201cProtagonist\u00ebt\u201d \u00ebsht\u00eb themeluar nga fondacioni \u201cFrym\u00eb Dashurie\u201d, nj\u00eb organizat\u00eb p\u00ebr zhvillim dhe edukim e themeluar me iniciativ\u00ebn e Kryepiskopit Anastas.<\/span><\/div>\n<div style=\"text-align: justify;\"><span style=\"font-family: helvetica; font-size: 12pt;\"><\/span><\/div>\n<\/td>\n<\/tr>\n<tr>\n<td>\n<div style=\"text-align: justify;\"><span style=\"color: #000000; font-family: helvetica; font-size: 12pt;\">&nbsp;&nbsp;&nbsp;&nbsp;Shkolla \u00ebsht\u00eb hapur n\u00eb shtator t\u00eb vitit 2002, p\u00ebr t\u00eb ofruar nj\u00eb mund\u00ebsi t\u00eb re dhe bashk\u00ebkohore arsimimi dhe edukimi n\u00eb Shqip\u00ebri \u201cProtagonist\u00ebt\u201d paraqet d\u00ebshir\u00ebn q\u00eb nx\u00ebn\u00ebsit t\u00eb b\u00ebhen udh\u00ebheq\u00ebs t\u00eb brezit tjet\u00ebr.<\/span><\/div>\n<\/td>\n<td>\n<div style=\"text-align: center;\"><span style=\"color: #000000; font-family: helvetica; font-size: 12pt;\"><img decoding=\"async\" class=\"lazyload HAa Eha\" style=\"border-width: 1px; border-style: solid; margin: 10px;\" alt=\"\" src=\"data:image\/gif;base64,R0lGODlhAQABAAAAACH5BAEKAAEALAAAAAABAAEAAAICTAEAOw==\" data-orig-src=\"https:\/\/lh4.googleusercontent.com\/-9Y-RXkHU0FI\/VIl34wFcUdI\/AAAAAAAAGYg\/_7cEnnP-hp8\/w400-h242-no\/8djathtas.jpg\" \/><\/span><\/div>\n<\/td>\n<\/tr>\n<tr>\n<td colspan=\"2\">\n<div style=\"text-align: justify;\"><span style=\"font-family: helvetica; font-size: 12pt;\"> &nbsp;<\/span><\/div>\n<div style=\"text-align: justify;\"><span style=\"color: #000000; font-family: helvetica; font-size: 12pt;\"><strong>I. Koti<\/strong><\/span><\/div>\n<\/td>\n<\/tr>\n<\/tbody>\n<\/table>\n","protected":false},"excerpt":{"rendered":"<p>&nbsp;&nbsp;&nbsp; Shkolla fillore shqiptaro-amerikane \u201cProtagonist\u00ebt\u201d festoi 5-vjetorin e themelimit. N\u00eb nj\u00eb nga sallat e Muzeut Historik Komb\u00ebtar, nx\u00ebn\u00ebs, m\u00ebsues, prind\u00ebr dhe t\u00eb ftuar t\u00eb tjer\u00eb ndoq\u00ebn p\u00ebr rreth nj\u00eb or\u00eb programin artistik, i p\u00ebrgatitur nga nx\u00ebn\u00ebsit e shkoll\u00ebs. Mes t\u00eb ftuarve ishte edhe Kryepiskopi Anastas, i cili ndoqi me interes t\u00eb ve\u00e7ant\u00eb prezantimin e shk\u00eblqyer t\u00eb \u201cprotagonist\u00ebve\u201d. &nbsp;&nbsp;&nbsp; N\u00eb kuadrin e pes\u00eb viteve jet\u00eb t\u00eb<\/p>\n","protected":false},"author":1,"featured_media":0,"comment_status":"open","ping_status":"open","sticky":false,"template":"","format":"standard","meta":{"_acf_changed":false,"pagelayer_contact_templates":[],"_pagelayer_content":"","inline_featured_image":false,"fifu_image_url":"","fifu_image_alt":"","footnotes":""},"categories":[108],"tags":[147,175,196,201,212],"class_list":["post-544","post","type-post","status-publish","format-standard","hentry","category-lajme","tag-147","tag-institucione-parashkollore-te-kishes-orthodhokse","tag-tirane","tag-kryepiskopi-anastas","tag-lajme-d27"],"acf":[],"yoast_head":"<!-- This site is optimized with the Yoast SEO plugin v27.2 - https:\/\/yoast.com\/product\/yoast-seo-wordpress\/ -->\n<title>Festohet 5-vjetori i Shkoll\u00ebs Shqiptaro-Amerikane \u201cProtagonist\u00ebt\u201d. (Qershor 2007) - Kisha Orthodh\u03bfkse Autoqefale e Shqip\u00ebris\u00eb<\/title>\n<meta name=\"robots\" content=\"index, follow, max-snippet:-1, max-image-preview:large, max-video-preview:-1\" \/>\n<link rel=\"canonical\" href=\"https:\/\/orthodoxalbania.org\/2020\/2007\/02\/26\/festohet-5-vjetori-i-shkolles-shqiptaro-amerikane-protagonistet-qershor-2007\/\" \/>\n<meta property=\"og:locale\" content=\"en_US\" \/>\n<meta property=\"og:type\" content=\"article\" \/>\n<meta property=\"og:title\" content=\"Festohet 5-vjetori i Shkoll\u00ebs Shqiptaro-Amerikane \u201cProtagonist\u00ebt\u201d. (Qershor 2007) - Kisha Orthodh\u03bfkse Autoqefale e Shqip\u00ebris\u00eb\" \/>\n<meta property=\"og:description\" content=\"&nbsp;&nbsp;&nbsp; Shkolla fillore shqiptaro-amerikane \u201cProtagonist\u00ebt\u201d festoi 5-vjetorin e themelimit. N\u00eb nj\u00eb nga sallat e Muzeut Historik Komb\u00ebtar, nx\u00ebn\u00ebs, m\u00ebsues, prind\u00ebr dhe t\u00eb ftuar t\u00eb tjer\u00eb ndoq\u00ebn p\u00ebr rreth nj\u00eb or\u00eb programin artistik, i p\u00ebrgatitur nga nx\u00ebn\u00ebsit e shkoll\u00ebs. Mes t\u00eb ftuarve ishte edhe Kryepiskopi Anastas, i cili ndoqi me interes t\u00eb ve\u00e7ant\u00eb prezantimin e shk\u00eblqyer t\u00eb \u201cprotagonist\u00ebve\u201d. &nbsp;&nbsp;&nbsp; N\u00eb kuadrin e pes\u00eb viteve jet\u00eb t\u00eb\" \/>\n<meta property=\"og:url\" content=\"https:\/\/orthodoxalbania.org\/2020\/2007\/02\/26\/festohet-5-vjetori-i-shkolles-shqiptaro-amerikane-protagonistet-qershor-2007\/\" \/>\n<meta property=\"og:site_name\" content=\"Kisha Orthodh\u03bfkse Autoqefale e Shqip\u00ebris\u00eb\" \/>\n<meta property=\"article:publisher\" content=\"https:\/\/www.facebook.com\/koash1991\" \/>\n<meta property=\"article:published_time\" content=\"2007-02-26T00:00:00+00:00\" \/>\n<meta property=\"article:modified_time\" content=\"2020-04-06T20:35:44+00:00\" \/>\n<meta property=\"og:image\" content=\"https:\/\/lh5.googleusercontent.com\/-Z6_VQcK3eUE\/VIl33PGHB_I\/AAAAAAAAGYs\/EeDHdyAgAdw\/w400-h300-no\/1majtas.jpg\" \/>\n<meta name=\"author\" content=\"Kisha Orthodhokse\" \/>\n<meta name=\"twitter:card\" content=\"summary_large_image\" \/>\n<meta name=\"twitter:label1\" content=\"Written by\" \/>\n\t<meta name=\"twitter:data1\" content=\"Kisha Orthodhokse\" \/>\n\t<meta name=\"twitter:label2\" content=\"Est. reading time\" \/>\n\t<meta name=\"twitter:data2\" content=\"2 minutes\" \/>\n<script type=\"application\/ld+json\" class=\"yoast-schema-graph\">{\"@context\":\"https:\/\/schema.org\",\"@graph\":[{\"@type\":\"Article\",\"@id\":\"https:\/\/orthodoxalbania.org\/2020\/2007\/02\/26\/festohet-5-vjetori-i-shkolles-shqiptaro-amerikane-protagonistet-qershor-2007\/#article\",\"isPartOf\":{\"@id\":\"https:\/\/orthodoxalbania.org\/2020\/2007\/02\/26\/festohet-5-vjetori-i-shkolles-shqiptaro-amerikane-protagonistet-qershor-2007\/\"},\"author\":{\"name\":\"Kisha Orthodhokse\",\"@id\":\"https:\/\/orthodoxalbania.org\/2020\/#\/schema\/person\/0c387634a7063ac612d7ed9ce71c7e86\"},\"headline\":\"Festohet 5-vjetori i Shkoll\u00ebs Shqiptaro-Amerikane \u201cProtagonist\u00ebt\u201d. (Qershor 2007)\",\"datePublished\":\"2007-02-26T00:00:00+00:00\",\"dateModified\":\"2020-04-06T20:35:44+00:00\",\"mainEntityOfPage\":{\"@id\":\"https:\/\/orthodoxalbania.org\/2020\/2007\/02\/26\/festohet-5-vjetori-i-shkolles-shqiptaro-amerikane-protagonistet-qershor-2007\/\"},\"wordCount\":397,\"commentCount\":0,\"publisher\":{\"@id\":\"https:\/\/orthodoxalbania.org\/2020\/#organization\"},\"image\":{\"@id\":\"https:\/\/orthodoxalbania.org\/2020\/2007\/02\/26\/festohet-5-vjetori-i-shkolles-shqiptaro-amerikane-protagonistet-qershor-2007\/#primaryimage\"},\"thumbnailUrl\":\"https:\/\/lh5.googleusercontent.com\/-Z6_VQcK3eUE\/VIl33PGHB_I\/AAAAAAAAGYs\/EeDHdyAgAdw\/w400-h300-no\/1majtas.jpg\",\"keywords\":[\"2007\",\"Institucione Parashkollore t\u00eb Kish\u00ebs Orthodhokse\",\"Kryepiskopata Tiran\u00eb\",\"Kryepiskopi Anastas\",\"lajme\"],\"articleSection\":[\"Lajme\"],\"inLanguage\":\"en-US\"},{\"@type\":\"WebPage\",\"@id\":\"https:\/\/orthodoxalbania.org\/2020\/2007\/02\/26\/festohet-5-vjetori-i-shkolles-shqiptaro-amerikane-protagonistet-qershor-2007\/\",\"url\":\"https:\/\/orthodoxalbania.org\/2020\/2007\/02\/26\/festohet-5-vjetori-i-shkolles-shqiptaro-amerikane-protagonistet-qershor-2007\/\",\"name\":\"Festohet 5-vjetori i Shkoll\u00ebs Shqiptaro-Amerikane \u201cProtagonist\u00ebt\u201d. (Qershor 2007) - Kisha Orthodh\u03bfkse Autoqefale e Shqip\u00ebris\u00eb\",\"isPartOf\":{\"@id\":\"https:\/\/orthodoxalbania.org\/2020\/#website\"},\"primaryImageOfPage\":{\"@id\":\"https:\/\/orthodoxalbania.org\/2020\/2007\/02\/26\/festohet-5-vjetori-i-shkolles-shqiptaro-amerikane-protagonistet-qershor-2007\/#primaryimage\"},\"image\":{\"@id\":\"https:\/\/orthodoxalbania.org\/2020\/2007\/02\/26\/festohet-5-vjetori-i-shkolles-shqiptaro-amerikane-protagonistet-qershor-2007\/#primaryimage\"},\"thumbnailUrl\":\"https:\/\/lh5.googleusercontent.com\/-Z6_VQcK3eUE\/VIl33PGHB_I\/AAAAAAAAGYs\/EeDHdyAgAdw\/w400-h300-no\/1majtas.jpg\",\"datePublished\":\"2007-02-26T00:00:00+00:00\",\"dateModified\":\"2020-04-06T20:35:44+00:00\",\"breadcrumb\":{\"@id\":\"https:\/\/orthodoxalbania.org\/2020\/2007\/02\/26\/festohet-5-vjetori-i-shkolles-shqiptaro-amerikane-protagonistet-qershor-2007\/#breadcrumb\"},\"inLanguage\":\"en-US\",\"potentialAction\":[{\"@type\":\"ReadAction\",\"target\":[\"https:\/\/orthodoxalbania.org\/2020\/2007\/02\/26\/festohet-5-vjetori-i-shkolles-shqiptaro-amerikane-protagonistet-qershor-2007\/\"]}]},{\"@type\":\"ImageObject\",\"inLanguage\":\"en-US\",\"@id\":\"https:\/\/orthodoxalbania.org\/2020\/2007\/02\/26\/festohet-5-vjetori-i-shkolles-shqiptaro-amerikane-protagonistet-qershor-2007\/#primaryimage\",\"url\":\"https:\/\/lh5.googleusercontent.com\/-Z6_VQcK3eUE\/VIl33PGHB_I\/AAAAAAAAGYs\/EeDHdyAgAdw\/w400-h300-no\/1majtas.jpg\",\"contentUrl\":\"https:\/\/lh5.googleusercontent.com\/-Z6_VQcK3eUE\/VIl33PGHB_I\/AAAAAAAAGYs\/EeDHdyAgAdw\/w400-h300-no\/1majtas.jpg\"},{\"@type\":\"BreadcrumbList\",\"@id\":\"https:\/\/orthodoxalbania.org\/2020\/2007\/02\/26\/festohet-5-vjetori-i-shkolles-shqiptaro-amerikane-protagonistet-qershor-2007\/#breadcrumb\",\"itemListElement\":[{\"@type\":\"ListItem\",\"position\":1,\"name\":\"Home\",\"item\":\"https:\/\/orthodoxalbania.org\/2020\/\"},{\"@type\":\"ListItem\",\"position\":2,\"name\":\"Festohet 5-vjetori i Shkoll\u00ebs Shqiptaro-Amerikane \u201cProtagonist\u00ebt\u201d. (Qershor 2007)\"}]},{\"@type\":\"WebSite\",\"@id\":\"https:\/\/orthodoxalbania.org\/2020\/#website\",\"url\":\"https:\/\/orthodoxalbania.org\/2020\/\",\"name\":\"Kisha Orthodh\u03bfkse Autoqefale e Shqip\u00ebris\u00eb\",\"description\":\"Fqja Zyrtare e Kish\u00ebs Orthodhokse Autoqefale e Shqip\u00ebris\u00eb me lajmet edhe informacionet zyrtare p\u00ebr struktur\u00ebn edhe veprimtarin e saj.\",\"publisher\":{\"@id\":\"https:\/\/orthodoxalbania.org\/2020\/#organization\"},\"potentialAction\":[{\"@type\":\"SearchAction\",\"target\":{\"@type\":\"EntryPoint\",\"urlTemplate\":\"https:\/\/orthodoxalbania.org\/2020\/?s={search_term_string}\"},\"query-input\":{\"@type\":\"PropertyValueSpecification\",\"valueRequired\":true,\"valueName\":\"search_term_string\"}}],\"inLanguage\":\"en-US\"},{\"@type\":\"Organization\",\"@id\":\"https:\/\/orthodoxalbania.org\/2020\/#organization\",\"name\":\"Kisha Orthodhokse Autoqefale e Shqip\u00ebris\u00eb\",\"url\":\"https:\/\/orthodoxalbania.org\/2020\/\",\"logo\":{\"@type\":\"ImageObject\",\"inLanguage\":\"en-US\",\"@id\":\"https:\/\/orthodoxalbania.org\/2020\/#\/schema\/logo\/image\/\",\"url\":\"https:\/\/orthodoxalbania.org\/2020\/wp-content\/uploads\/2020\/05\/albania.jpeg\",\"contentUrl\":\"https:\/\/orthodoxalbania.org\/2020\/wp-content\/uploads\/2020\/05\/albania.jpeg\",\"width\":540,\"height\":540,\"caption\":\"Kisha Orthodhokse Autoqefale e Shqip\u00ebris\u00eb\"},\"image\":{\"@id\":\"https:\/\/orthodoxalbania.org\/2020\/#\/schema\/logo\/image\/\"},\"sameAs\":[\"https:\/\/www.facebook.com\/koash1991\"]},{\"@type\":\"Person\",\"@id\":\"https:\/\/orthodoxalbania.org\/2020\/#\/schema\/person\/0c387634a7063ac612d7ed9ce71c7e86\",\"name\":\"Kisha Orthodhokse\",\"image\":{\"@type\":\"ImageObject\",\"inLanguage\":\"en-US\",\"@id\":\"https:\/\/secure.gravatar.com\/avatar\/596e7c417251e30f2fbb9c00e026fce61a695a00e51c889caded71c96cbbdde5?s=96&d=mm&r=g\",\"url\":\"https:\/\/secure.gravatar.com\/avatar\/596e7c417251e30f2fbb9c00e026fce61a695a00e51c889caded71c96cbbdde5?s=96&d=mm&r=g\",\"contentUrl\":\"https:\/\/secure.gravatar.com\/avatar\/596e7c417251e30f2fbb9c00e026fce61a695a00e51c889caded71c96cbbdde5?s=96&d=mm&r=g\",\"caption\":\"Kisha Orthodhokse\"}}]}<\/script>\n<!-- \/ Yoast SEO plugin. -->","yoast_head_json":{"title":"Festohet 5-vjetori i Shkoll\u00ebs Shqiptaro-Amerikane \u201cProtagonist\u00ebt\u201d. (Qershor 2007) - Kisha Orthodh\u03bfkse Autoqefale e Shqip\u00ebris\u00eb","robots":{"index":"index","follow":"follow","max-snippet":"max-snippet:-1","max-image-preview":"max-image-preview:large","max-video-preview":"max-video-preview:-1"},"canonical":"https:\/\/orthodoxalbania.org\/2020\/2007\/02\/26\/festohet-5-vjetori-i-shkolles-shqiptaro-amerikane-protagonistet-qershor-2007\/","og_locale":"en_US","og_type":"article","og_title":"Festohet 5-vjetori i Shkoll\u00ebs Shqiptaro-Amerikane \u201cProtagonist\u00ebt\u201d. (Qershor 2007) - Kisha Orthodh\u03bfkse Autoqefale e Shqip\u00ebris\u00eb","og_description":"&nbsp;&nbsp;&nbsp; Shkolla fillore shqiptaro-amerikane \u201cProtagonist\u00ebt\u201d festoi 5-vjetorin e themelimit. N\u00eb nj\u00eb nga sallat e Muzeut Historik Komb\u00ebtar, nx\u00ebn\u00ebs, m\u00ebsues, prind\u00ebr dhe t\u00eb ftuar t\u00eb tjer\u00eb ndoq\u00ebn p\u00ebr rreth nj\u00eb or\u00eb programin artistik, i p\u00ebrgatitur nga nx\u00ebn\u00ebsit e shkoll\u00ebs. Mes t\u00eb ftuarve ishte edhe Kryepiskopi Anastas, i cili ndoqi me interes t\u00eb ve\u00e7ant\u00eb prezantimin e shk\u00eblqyer t\u00eb \u201cprotagonist\u00ebve\u201d. &nbsp;&nbsp;&nbsp; N\u00eb kuadrin e pes\u00eb viteve jet\u00eb t\u00eb","og_url":"https:\/\/orthodoxalbania.org\/2020\/2007\/02\/26\/festohet-5-vjetori-i-shkolles-shqiptaro-amerikane-protagonistet-qershor-2007\/","og_site_name":"Kisha Orthodh\u03bfkse Autoqefale e Shqip\u00ebris\u00eb","article_publisher":"https:\/\/www.facebook.com\/koash1991","article_published_time":"2007-02-26T00:00:00+00:00","article_modified_time":"2020-04-06T20:35:44+00:00","og_image":[{"url":"https:\/\/lh5.googleusercontent.com\/-Z6_VQcK3eUE\/VIl33PGHB_I\/AAAAAAAAGYs\/EeDHdyAgAdw\/w400-h300-no\/1majtas.jpg","type":"","width":"","height":""}],"author":"Kisha Orthodhokse","twitter_card":"summary_large_image","twitter_misc":{"Written by":"Kisha Orthodhokse","Est. reading time":"2 minutes"},"schema":{"@context":"https:\/\/schema.org","@graph":[{"@type":"Article","@id":"https:\/\/orthodoxalbania.org\/2020\/2007\/02\/26\/festohet-5-vjetori-i-shkolles-shqiptaro-amerikane-protagonistet-qershor-2007\/#article","isPartOf":{"@id":"https:\/\/orthodoxalbania.org\/2020\/2007\/02\/26\/festohet-5-vjetori-i-shkolles-shqiptaro-amerikane-protagonistet-qershor-2007\/"},"author":{"name":"Kisha Orthodhokse","@id":"https:\/\/orthodoxalbania.org\/2020\/#\/schema\/person\/0c387634a7063ac612d7ed9ce71c7e86"},"headline":"Festohet 5-vjetori i Shkoll\u00ebs Shqiptaro-Amerikane \u201cProtagonist\u00ebt\u201d. (Qershor 2007)","datePublished":"2007-02-26T00:00:00+00:00","dateModified":"2020-04-06T20:35:44+00:00","mainEntityOfPage":{"@id":"https:\/\/orthodoxalbania.org\/2020\/2007\/02\/26\/festohet-5-vjetori-i-shkolles-shqiptaro-amerikane-protagonistet-qershor-2007\/"},"wordCount":397,"commentCount":0,"publisher":{"@id":"https:\/\/orthodoxalbania.org\/2020\/#organization"},"image":{"@id":"https:\/\/orthodoxalbania.org\/2020\/2007\/02\/26\/festohet-5-vjetori-i-shkolles-shqiptaro-amerikane-protagonistet-qershor-2007\/#primaryimage"},"thumbnailUrl":"https:\/\/lh5.googleusercontent.com\/-Z6_VQcK3eUE\/VIl33PGHB_I\/AAAAAAAAGYs\/EeDHdyAgAdw\/w400-h300-no\/1majtas.jpg","keywords":["2007","Institucione Parashkollore t\u00eb Kish\u00ebs Orthodhokse","Kryepiskopata Tiran\u00eb","Kryepiskopi Anastas","lajme"],"articleSection":["Lajme"],"inLanguage":"en-US"},{"@type":"WebPage","@id":"https:\/\/orthodoxalbania.org\/2020\/2007\/02\/26\/festohet-5-vjetori-i-shkolles-shqiptaro-amerikane-protagonistet-qershor-2007\/","url":"https:\/\/orthodoxalbania.org\/2020\/2007\/02\/26\/festohet-5-vjetori-i-shkolles-shqiptaro-amerikane-protagonistet-qershor-2007\/","name":"Festohet 5-vjetori i Shkoll\u00ebs Shqiptaro-Amerikane \u201cProtagonist\u00ebt\u201d. (Qershor 2007) - Kisha Orthodh\u03bfkse Autoqefale e Shqip\u00ebris\u00eb","isPartOf":{"@id":"https:\/\/orthodoxalbania.org\/2020\/#website"},"primaryImageOfPage":{"@id":"https:\/\/orthodoxalbania.org\/2020\/2007\/02\/26\/festohet-5-vjetori-i-shkolles-shqiptaro-amerikane-protagonistet-qershor-2007\/#primaryimage"},"image":{"@id":"https:\/\/orthodoxalbania.org\/2020\/2007\/02\/26\/festohet-5-vjetori-i-shkolles-shqiptaro-amerikane-protagonistet-qershor-2007\/#primaryimage"},"thumbnailUrl":"https:\/\/lh5.googleusercontent.com\/-Z6_VQcK3eUE\/VIl33PGHB_I\/AAAAAAAAGYs\/EeDHdyAgAdw\/w400-h300-no\/1majtas.jpg","datePublished":"2007-02-26T00:00:00+00:00","dateModified":"2020-04-06T20:35:44+00:00","breadcrumb":{"@id":"https:\/\/orthodoxalbania.org\/2020\/2007\/02\/26\/festohet-5-vjetori-i-shkolles-shqiptaro-amerikane-protagonistet-qershor-2007\/#breadcrumb"},"inLanguage":"en-US","potentialAction":[{"@type":"ReadAction","target":["https:\/\/orthodoxalbania.org\/2020\/2007\/02\/26\/festohet-5-vjetori-i-shkolles-shqiptaro-amerikane-protagonistet-qershor-2007\/"]}]},{"@type":"ImageObject","inLanguage":"en-US","@id":"https:\/\/orthodoxalbania.org\/2020\/2007\/02\/26\/festohet-5-vjetori-i-shkolles-shqiptaro-amerikane-protagonistet-qershor-2007\/#primaryimage","url":"https:\/\/lh5.googleusercontent.com\/-Z6_VQcK3eUE\/VIl33PGHB_I\/AAAAAAAAGYs\/EeDHdyAgAdw\/w400-h300-no\/1majtas.jpg","contentUrl":"https:\/\/lh5.googleusercontent.com\/-Z6_VQcK3eUE\/VIl33PGHB_I\/AAAAAAAAGYs\/EeDHdyAgAdw\/w400-h300-no\/1majtas.jpg"},{"@type":"BreadcrumbList","@id":"https:\/\/orthodoxalbania.org\/2020\/2007\/02\/26\/festohet-5-vjetori-i-shkolles-shqiptaro-amerikane-protagonistet-qershor-2007\/#breadcrumb","itemListElement":[{"@type":"ListItem","position":1,"name":"Home","item":"https:\/\/orthodoxalbania.org\/2020\/"},{"@type":"ListItem","position":2,"name":"Festohet 5-vjetori i Shkoll\u00ebs Shqiptaro-Amerikane \u201cProtagonist\u00ebt\u201d. (Qershor 2007)"}]},{"@type":"WebSite","@id":"https:\/\/orthodoxalbania.org\/2020\/#website","url":"https:\/\/orthodoxalbania.org\/2020\/","name":"Kisha Orthodh\u03bfkse Autoqefale e Shqip\u00ebris\u00eb","description":"Fqja Zyrtare e Kish\u00ebs Orthodhokse Autoqefale e Shqip\u00ebris\u00eb me lajmet edhe informacionet zyrtare p\u00ebr struktur\u00ebn edhe veprimtarin e saj.","publisher":{"@id":"https:\/\/orthodoxalbania.org\/2020\/#organization"},"potentialAction":[{"@type":"SearchAction","target":{"@type":"EntryPoint","urlTemplate":"https:\/\/orthodoxalbania.org\/2020\/?s={search_term_string}"},"query-input":{"@type":"PropertyValueSpecification","valueRequired":true,"valueName":"search_term_string"}}],"inLanguage":"en-US"},{"@type":"Organization","@id":"https:\/\/orthodoxalbania.org\/2020\/#organization","name":"Kisha Orthodhokse Autoqefale e Shqip\u00ebris\u00eb","url":"https:\/\/orthodoxalbania.org\/2020\/","logo":{"@type":"ImageObject","inLanguage":"en-US","@id":"https:\/\/orthodoxalbania.org\/2020\/#\/schema\/logo\/image\/","url":"https:\/\/orthodoxalbania.org\/2020\/wp-content\/uploads\/2020\/05\/albania.jpeg","contentUrl":"https:\/\/orthodoxalbania.org\/2020\/wp-content\/uploads\/2020\/05\/albania.jpeg","width":540,"height":540,"caption":"Kisha Orthodhokse Autoqefale e Shqip\u00ebris\u00eb"},"image":{"@id":"https:\/\/orthodoxalbania.org\/2020\/#\/schema\/logo\/image\/"},"sameAs":["https:\/\/www.facebook.com\/koash1991"]},{"@type":"Person","@id":"https:\/\/orthodoxalbania.org\/2020\/#\/schema\/person\/0c387634a7063ac612d7ed9ce71c7e86","name":"Kisha Orthodhokse","image":{"@type":"ImageObject","inLanguage":"en-US","@id":"https:\/\/secure.gravatar.com\/avatar\/596e7c417251e30f2fbb9c00e026fce61a695a00e51c889caded71c96cbbdde5?s=96&d=mm&r=g","url":"https:\/\/secure.gravatar.com\/avatar\/596e7c417251e30f2fbb9c00e026fce61a695a00e51c889caded71c96cbbdde5?s=96&d=mm&r=g","contentUrl":"https:\/\/secure.gravatar.com\/avatar\/596e7c417251e30f2fbb9c00e026fce61a695a00e51c889caded71c96cbbdde5?s=96&d=mm&r=g","caption":"Kisha Orthodhokse"}}]}},"_links":{"self":[{"href":"https:\/\/orthodoxalbania.org\/2020\/wp-json\/wp\/v2\/posts\/544","targetHints":{"allow":["GET"]}}],"collection":[{"href":"https:\/\/orthodoxalbania.org\/2020\/wp-json\/wp\/v2\/posts"}],"about":[{"href":"https:\/\/orthodoxalbania.org\/2020\/wp-json\/wp\/v2\/types\/post"}],"author":[{"embeddable":true,"href":"https:\/\/orthodoxalbania.org\/2020\/wp-json\/wp\/v2\/users\/1"}],"replies":[{"embeddable":true,"href":"https:\/\/orthodoxalbania.org\/2020\/wp-json\/wp\/v2\/comments?post=544"}],"version-history":[{"count":1,"href":"https:\/\/orthodoxalbania.org\/2020\/wp-json\/wp\/v2\/posts\/544\/revisions"}],"predecessor-version":[{"id":15750,"href":"https:\/\/orthodoxalbania.org\/2020\/wp-json\/wp\/v2\/posts\/544\/revisions\/15750"}],"wp:attachment":[{"href":"https:\/\/orthodoxalbania.org\/2020\/wp-json\/wp\/v2\/media?parent=544"}],"wp:term":[{"taxonomy":"category","embeddable":true,"href":"https:\/\/orthodoxalbania.org\/2020\/wp-json\/wp\/v2\/categories?post=544"},{"taxonomy":"post_tag","embeddable":true,"href":"https:\/\/orthodoxalbania.org\/2020\/wp-json\/wp\/v2\/tags?post=544"}],"curies":[{"name":"wp","href":"https:\/\/api.w.org\/{rel}","templated":true}]}}