{"id":54344,"date":"2021-06-04T00:00:07","date_gmt":"2021-06-03T22:00:07","guid":{"rendered":"https:\/\/orthodoxalbania.org\/2020\/?p=54344"},"modified":"2021-06-03T23:42:27","modified_gmt":"2021-06-03T21:42:27","slug":"marta-e-maria-motrat-e-llazarit-mitrofani-i-konstandinopojes-oshenare-sofia-panairi-ne-elbasan-ne-nderim-te-deshmor-joan-vladimirit","status":"publish","type":"post","link":"https:\/\/orthodoxalbania.org\/2020\/2021\/06\/04\/marta-e-maria-motrat-e-llazarit-mitrofani-i-konstandinopojes-oshenare-sofia-panairi-ne-elbasan-ne-nderim-te-deshmor-joan-vladimirit\/","title":{"rendered":"Marta e Maria, motrat e Llazarit. Mitrofani i Konstandinopoj\u00ebs. Osh\u00ebnare Sofia. Panairi n\u00eb Elbasan n\u00eb nderim t\u00eb d\u00ebshmor Joan Vladimirit."},"content":{"rendered":"<h4 style=\"text-align: center;\"><strong>&#8211; D\u00ebshmor Joan Vladimiri &#8211;<\/strong><\/h4>\n<p style=\"text-align: justify;\">Lindi n\u00eb fshatin Vladimir (nga del dhe emri i tij) t\u00eb Kraj\u00ebs, n\u00eb Malin e Zi, af\u00ebr Shkodr\u00ebs, dhe u b\u00eb mbret. Ishte i drejt\u00eb dhe i past\u00ebr n\u00eb moral dhe ndihmoi n\u00eb shtrirjen e Orthodhoksis\u00eb.<\/p>\n<p style=\"text-align: justify;\">Nj\u00ebher\u00eb, kur udh\u00ebtonte n\u00eb shtetin e tij me gjeneral\u00ebt, dalloi n\u00eb nj\u00eb pyll af\u00ebr Elbasanit nj\u00eb shqiponj\u00eb. Shqiponja kishte n\u00eb krah\u00ebt e saj nj\u00eb kryq t\u00eb ndritsh\u00ebm, t\u00eb cilin e l\u00ebshoi n\u00eb tok\u00eb para se t\u00eb fluturonte dhe t\u00eb zhdukej. Monarku mori kryqin me devotshm\u00ebri e frik\u00eb dhe e vendosi n\u00eb nj\u00eb kish\u00eb, q\u00eb ngriti n\u00eb vend m\u00eb von\u00eb. Bashk\u00ebshortja e tij e p\u00ebrkushtuar, Kozara, ishte motra e carit Bullgar, Vladisllavit (1015-1018).<\/p>\n<p style=\"text-align: justify;\">Ai, p\u00ebr t\u00eb zot\u00ebruar mbret\u00ebrin\u00eb e Joanit, e ftoi n\u00eb kryeqytetin e tij, Ohrin, mbasi ky iu betua n\u00eb Ungjill dhe n\u00eb nj\u00eb kryq druri shum\u00eb t\u00eb respektuar shenjtit se nuk do t\u2019i b\u00ebnte keq. Ai u bind, nd\u00ebrkaq tin\u00ebzari e goditi fort me shpat\u00eb n\u00eb qaf\u00eb, por m\u00eb kot. At\u00ebher\u00eb Joani tolerant i dha kryqin duke i th\u00ebn\u00eb: \u201cE tradhtove. Por merre k\u00ebt\u00eb dhe do t\u00eb m\u00eb vras\u00ebsh\u201d.<\/p>\n<p style=\"text-align: justify;\">M\u00eb pas k\u00ebshilloi shoq\u00ebruesit e tij t\u00eb mbrojn\u00eb Orthodhoksin\u00eb, t\u00eb qeverisin drejt popullin dhe t\u00eb mos marrin hak p\u00ebr vrasjen e tij q\u00eb t\u00eb mos derdhet gjak \u201cv\u00ebllaz\u00ebror\u201d, ndoshta ishte bullgar, pasi e dim\u00eb se nuk ishte shqiptar, por i deshi shqiptar\u00ebt tej mase. Vladisllavi me t\u00eb v\u00ebrtet\u00eb i preu kok\u00ebn, nd\u00ebrkaq \u201cmartiri\u201d mori kok\u00ebn e tij n\u00eb duar. Kal\u00ebroi k\u00ebshtu deri n\u00eb kish\u00ebn e ngritur prej tij n\u00eb Elbasan, n\u00eb t\u00eb cil\u00ebn edhe u varros m\u00eb 22.5.1015. Kozara mbeti p\u00ebr gjith\u00eb jet\u00ebn n\u00eb nj\u00eb godin\u00eb q\u00eb nd\u00ebrtoi p\u00ebrbri kish\u00ebs.<\/p>\n<p style=\"text-align: justify;\">Kompleksi u zhvillua n\u00eb manastir, i cili u shkat\u00ebrrua dhe u ringrit n\u00eb m\u00ebnyr\u00eb t\u00eb p\u00ebrs\u00ebritur.<br \/>\nSot i gjith\u00eb kompleksi i manastirit u ringrit p\u00ebrs\u00ebri. N\u00eb manastir dhe n\u00eb zon\u00ebn p\u00ebrqark tij, festohet me madh\u00ebshti n\u00eb dt.4 qershor (q\u00eb me kalendatin e vjet\u00ebr [julian] p\u00ebrkon n\u00eb dt. 22 maj).<br \/>\nVladimir, rusisht do t\u00eb thot\u00eb zot\u00ebruesi i paqes (ose i bot\u00ebs).<\/p>\n<p>&nbsp;<\/p>\n<p>&nbsp;<\/p>\n<p><img decoding=\"async\" class=\"lazyload aligncenter\" src=\"data:image\/gif;base64,R0lGODlhAQABAAAAACH5BAEKAAEALAAAAAABAAEAAAICTAEAOw==\" data-orig-src=\"https:\/\/live.staticflickr.com\/65535\/51223178436_d51983f640_b.jpg\" \/><\/p>\n<h4 style=\"text-align: center;\"><strong>* * * * *<\/strong><\/h4>\n<h4 style=\"text-align: center;\"><strong>&#8211; Marta dhe Maria, motrat e Llazarit. &#8211;<\/strong><\/h4>\n<p style=\"text-align: justify;\">Motrat e Llazarit, mikut t\u00eb Krishtit, jetonin n\u00eb Betani.<br \/>\nNj\u00eb dit\u00eb, Jisui hyri n\u00eb sht\u00ebpin\u00eb e tyre. Marta, m\u00eb e madhja, po shqet\u00ebsohej se si t&#8217;i sh\u00ebrbente dhe, kur pa se e motra, Maria, po q\u00ebndronte e ulur n\u00eb k\u00ebmb\u00ebt e Jisuit dhe po d\u00ebgjonte fjal\u00ebt e Tij, i tha e m\u00ebrzitur: \u201cZot, a nuk do t\u00eb dish se ime mot\u00ebr m\u00eb la vet\u00ebm t\u00eb sh\u00ebrbej? Thuaji pra asaj t\u00eb m\u00eb ndihmoj\u00eb. Edhe Jisui iu p\u00ebrgjigj e i tha asaj: \u201cMarta, Marta, p\u00ebrpiqesh e mundohesh p\u00ebr shum\u00eb pun\u00eb. Po p\u00ebr nj\u00eb gj\u00eb \u00ebsht\u00eb nevoja dhe Maria zgjodhi pjes\u00ebn e mir\u00eb, e cila nuk do t\u00eb merret prej saj\u201d (Llk. 10:38-42).<\/p>\n<p style=\"text-align: justify;\">N\u00eb vazhdim, pak para P\u00ebsimit, Llazari u s\u00ebmur dhe vdiq. Jisui mb\u00ebrriti n\u00eb Betani 4 dit\u00eb pas vdekjes s\u00eb Tij, megjith\u00ebse ishte lajm\u00ebruar q\u00eb m\u00eb par\u00eb.<br \/>\nMarta rendi p\u00ebr ta takuar, nd\u00ebrsa Maria q\u00ebndroi n\u00eb sht\u00ebpi, ku shum\u00eb veta kishin ardhur p\u00ebr t&#8217;i ngush\u00eblluar. Zoti e siguroi se i v\u00ebllai do t\u00eb ngjallej dhe Marta pohoi besimin e saj, se Ai \u00ebsht\u00eb Biri i Per\u00ebndis\u00eb. Pastaj ajo shkoi dhe thirri t\u00eb motr\u00ebn dhe s\u00eb bashku shkuan te varri. Me urdh\u00ebr t\u00eb Jisuit, i vdekuri u ngrit nga varri, me k\u00ebmb\u00ebt dhe duart lidhur me rripa linoje dhe fytyr\u00ebn t\u00eb mbuluar me riz\u00eb (Jn. 1:11).<\/p>\n<p style=\"text-align: justify;\">Gjasht\u00eb dit\u00eb pas Pashk\u00ebs, nj\u00eb banket u organizua n\u00eb nder t\u00eb Jisuit n\u00eb Betani, n\u00eb pranin\u00eb e Llazarit. Teksa Marta po sh\u00ebrbente, Maria mori nj\u00eb lit\u00ebr miroje t\u00eb shtrenjt\u00eb, me t\u00eb cil\u00ebn i leu k\u00ebmb\u00ebt e Zotit dhe i fshiu me flok\u00ebt e saj. Kur Juda kund\u00ebrshtoi p\u00ebr k\u00ebt\u00eb shpenzim, Jisui paratha se ajo e kishte ruajtur k\u00ebt\u00eb parfum p\u00ebr hir t\u00eb varrimit t\u00eb Tij (Jn.12).<\/p>\n<p style=\"text-align: justify;\">Pas Ngjitjes n\u00eb Qiell, Martha dhe Maria shoq\u00ebruan Llazarin p\u00ebr t\u00eb p\u00ebrhapur kudo Lajmin e Mir\u00eb.<\/p>\n<p>&nbsp;<\/p>\n<p>&nbsp;<\/p>\n","protected":false},"excerpt":{"rendered":"<p>&#8211; D\u00ebshmor Joan Vladimiri &#8211; Lindi n\u00eb fshatin Vladimir (nga del dhe emri i tij) t\u00eb Kraj\u00ebs, n\u00eb Malin e Zi, af\u00ebr Shkodr\u00ebs, dhe u b\u00eb mbret. Ishte i drejt\u00eb dhe i past\u00ebr n\u00eb moral dhe ndihmoi n\u00eb shtrirjen e Orthodhoksis\u00eb. Nj\u00ebher\u00eb, kur udh\u00ebtonte n\u00eb shtetin e tij me gjeneral\u00ebt, dalloi n\u00eb nj\u00eb pyll af\u00ebr Elbasanit nj\u00eb shqiponj\u00eb. Shqiponja kishte n\u00eb krah\u00ebt e saj nj\u00eb<\/p>\n","protected":false},"author":7,"featured_media":54348,"comment_status":"closed","ping_status":"closed","sticky":false,"template":"","format":"standard","meta":{"_acf_changed":false,"pagelayer_contact_templates":[],"_pagelayer_content":"","inline_featured_image":false,"fifu_image_url":"https:\/\/live.staticflickr.com\/65535\/51223178436_d51983f640_b.jpg","fifu_image_alt":"","footnotes":""},"categories":[372],"tags":[2103,2101],"class_list":["post-54344","post","type-post","status-publish","format-standard","has-post-thumbnail","hentry","category-shenjtoret-e-dites","tag-leximet-e-dites","tag-shenjtori-i-dites"],"acf":[],"yoast_head":"<!-- This site is optimized with the Yoast SEO plugin v27.2 - https:\/\/yoast.com\/product\/yoast-seo-wordpress\/ -->\n<title>Marta e Maria, motrat e Llazarit. Mitrofani i Konstandinopoj\u00ebs. Osh\u00ebnare Sofia. Panairi n\u00eb Elbasan n\u00eb nderim t\u00eb d\u00ebshmor Joan Vladimirit. - Kisha Orthodh\u03bfkse Autoqefale e Shqip\u00ebris\u00eb<\/title>\n<meta name=\"robots\" content=\"index, follow, max-snippet:-1, max-image-preview:large, max-video-preview:-1\" \/>\n<link rel=\"canonical\" href=\"https:\/\/orthodoxalbania.org\/2020\/2021\/06\/04\/marta-e-maria-motrat-e-llazarit-mitrofani-i-konstandinopojes-oshenare-sofia-panairi-ne-elbasan-ne-nderim-te-deshmor-joan-vladimirit\/\" \/>\n<meta property=\"og:locale\" content=\"en_US\" \/>\n<meta property=\"og:type\" content=\"article\" \/>\n<meta property=\"og:title\" content=\"Marta e Maria, motrat e Llazarit. Mitrofani i Konstandinopoj\u00ebs. Osh\u00ebnare Sofia. Panairi n\u00eb Elbasan n\u00eb nderim t\u00eb d\u00ebshmor Joan Vladimirit. - Kisha Orthodh\u03bfkse Autoqefale e Shqip\u00ebris\u00eb\" \/>\n<meta property=\"og:description\" content=\"&#8211; D\u00ebshmor Joan Vladimiri &#8211; Lindi n\u00eb fshatin Vladimir (nga del dhe emri i tij) t\u00eb Kraj\u00ebs, n\u00eb Malin e Zi, af\u00ebr Shkodr\u00ebs, dhe u b\u00eb mbret. Ishte i drejt\u00eb dhe i past\u00ebr n\u00eb moral dhe ndihmoi n\u00eb shtrirjen e Orthodhoksis\u00eb. Nj\u00ebher\u00eb, kur udh\u00ebtonte n\u00eb shtetin e tij me gjeneral\u00ebt, dalloi n\u00eb nj\u00eb pyll af\u00ebr Elbasanit nj\u00eb shqiponj\u00eb. Shqiponja kishte n\u00eb krah\u00ebt e saj nj\u00eb\" \/>\n<meta property=\"og:url\" content=\"https:\/\/orthodoxalbania.org\/2020\/2021\/06\/04\/marta-e-maria-motrat-e-llazarit-mitrofani-i-konstandinopojes-oshenare-sofia-panairi-ne-elbasan-ne-nderim-te-deshmor-joan-vladimirit\/\" \/>\n<meta property=\"og:site_name\" content=\"Kisha Orthodh\u03bfkse Autoqefale e Shqip\u00ebris\u00eb\" \/>\n<meta property=\"article:publisher\" content=\"https:\/\/www.facebook.com\/koash1991\" \/>\n<meta property=\"article:published_time\" content=\"2021-06-03T22:00:07+00:00\" \/>\n<meta property=\"og:image\" content=\"https:\/\/live.staticflickr.com\/65535\/51223178436_d51983f640_b.jpg\" \/>\n<meta name=\"author\" content=\"Kisha Orthodhokse\" \/>\n<meta name=\"twitter:card\" content=\"summary_large_image\" \/>\n<meta name=\"twitter:image\" content=\"https:\/\/live.staticflickr.com\/65535\/51223178436_d51983f640_b.jpg\" \/>\n<meta name=\"twitter:label1\" content=\"Written by\" \/>\n\t<meta name=\"twitter:data1\" content=\"Kisha Orthodhokse\" \/>\n\t<meta name=\"twitter:label2\" content=\"Est. reading time\" \/>\n\t<meta name=\"twitter:data2\" content=\"3 minutes\" \/>\n<script type=\"application\/ld+json\" class=\"yoast-schema-graph\">{\"@context\":\"https:\/\/schema.org\",\"@graph\":[{\"@type\":\"Article\",\"@id\":\"https:\/\/orthodoxalbania.org\/2020\/2021\/06\/04\/marta-e-maria-motrat-e-llazarit-mitrofani-i-konstandinopojes-oshenare-sofia-panairi-ne-elbasan-ne-nderim-te-deshmor-joan-vladimirit\/#article\",\"isPartOf\":{\"@id\":\"https:\/\/orthodoxalbania.org\/2020\/2021\/06\/04\/marta-e-maria-motrat-e-llazarit-mitrofani-i-konstandinopojes-oshenare-sofia-panairi-ne-elbasan-ne-nderim-te-deshmor-joan-vladimirit\/\"},\"author\":{\"name\":\"Kisha Orthodhokse\",\"@id\":\"https:\/\/orthodoxalbania.org\/2020\/#\/schema\/person\/df745f942b70e045b3dc05a30211f0de\"},\"headline\":\"Marta e Maria, motrat e Llazarit. Mitrofani i Konstandinopoj\u00ebs. Osh\u00ebnare Sofia. Panairi n\u00eb Elbasan n\u00eb nderim t\u00eb d\u00ebshmor Joan Vladimirit.\",\"datePublished\":\"2021-06-03T22:00:07+00:00\",\"mainEntityOfPage\":{\"@id\":\"https:\/\/orthodoxalbania.org\/2020\/2021\/06\/04\/marta-e-maria-motrat-e-llazarit-mitrofani-i-konstandinopojes-oshenare-sofia-panairi-ne-elbasan-ne-nderim-te-deshmor-joan-vladimirit\/\"},\"wordCount\":767,\"publisher\":{\"@id\":\"https:\/\/orthodoxalbania.org\/2020\/#organization\"},\"image\":{\"@id\":\"https:\/\/orthodoxalbania.org\/2020\/2021\/06\/04\/marta-e-maria-motrat-e-llazarit-mitrofani-i-konstandinopojes-oshenare-sofia-panairi-ne-elbasan-ne-nderim-te-deshmor-joan-vladimirit\/#primaryimage\"},\"thumbnailUrl\":\"https:\/\/live.staticflickr.com\/65535\/51223178436_d51983f640_b.jpg\",\"keywords\":[\"leximet e dites\",\"shenjtori i dites\"],\"articleSection\":[\"Shenjtor\u00ebt e dit\u00ebs\"],\"inLanguage\":\"en-US\"},{\"@type\":\"WebPage\",\"@id\":\"https:\/\/orthodoxalbania.org\/2020\/2021\/06\/04\/marta-e-maria-motrat-e-llazarit-mitrofani-i-konstandinopojes-oshenare-sofia-panairi-ne-elbasan-ne-nderim-te-deshmor-joan-vladimirit\/\",\"url\":\"https:\/\/orthodoxalbania.org\/2020\/2021\/06\/04\/marta-e-maria-motrat-e-llazarit-mitrofani-i-konstandinopojes-oshenare-sofia-panairi-ne-elbasan-ne-nderim-te-deshmor-joan-vladimirit\/\",\"name\":\"Marta e Maria, motrat e Llazarit. Mitrofani i Konstandinopoj\u00ebs. Osh\u00ebnare Sofia. Panairi n\u00eb Elbasan n\u00eb nderim t\u00eb d\u00ebshmor Joan Vladimirit. - Kisha Orthodh\u03bfkse Autoqefale e Shqip\u00ebris\u00eb\",\"isPartOf\":{\"@id\":\"https:\/\/orthodoxalbania.org\/2020\/#website\"},\"primaryImageOfPage\":{\"@id\":\"https:\/\/orthodoxalbania.org\/2020\/2021\/06\/04\/marta-e-maria-motrat-e-llazarit-mitrofani-i-konstandinopojes-oshenare-sofia-panairi-ne-elbasan-ne-nderim-te-deshmor-joan-vladimirit\/#primaryimage\"},\"image\":{\"@id\":\"https:\/\/orthodoxalbania.org\/2020\/2021\/06\/04\/marta-e-maria-motrat-e-llazarit-mitrofani-i-konstandinopojes-oshenare-sofia-panairi-ne-elbasan-ne-nderim-te-deshmor-joan-vladimirit\/#primaryimage\"},\"thumbnailUrl\":\"https:\/\/live.staticflickr.com\/65535\/51223178436_d51983f640_b.jpg\",\"datePublished\":\"2021-06-03T22:00:07+00:00\",\"breadcrumb\":{\"@id\":\"https:\/\/orthodoxalbania.org\/2020\/2021\/06\/04\/marta-e-maria-motrat-e-llazarit-mitrofani-i-konstandinopojes-oshenare-sofia-panairi-ne-elbasan-ne-nderim-te-deshmor-joan-vladimirit\/#breadcrumb\"},\"inLanguage\":\"en-US\",\"potentialAction\":[{\"@type\":\"ReadAction\",\"target\":[\"https:\/\/orthodoxalbania.org\/2020\/2021\/06\/04\/marta-e-maria-motrat-e-llazarit-mitrofani-i-konstandinopojes-oshenare-sofia-panairi-ne-elbasan-ne-nderim-te-deshmor-joan-vladimirit\/\"]}]},{\"@type\":\"ImageObject\",\"inLanguage\":\"en-US\",\"@id\":\"https:\/\/orthodoxalbania.org\/2020\/2021\/06\/04\/marta-e-maria-motrat-e-llazarit-mitrofani-i-konstandinopojes-oshenare-sofia-panairi-ne-elbasan-ne-nderim-te-deshmor-joan-vladimirit\/#primaryimage\",\"url\":\"https:\/\/live.staticflickr.com\/65535\/51223178436_d51983f640_b.jpg\",\"contentUrl\":\"https:\/\/live.staticflickr.com\/65535\/51223178436_d51983f640_b.jpg\",\"width\":\"706\",\"height\":\"1024\"},{\"@type\":\"BreadcrumbList\",\"@id\":\"https:\/\/orthodoxalbania.org\/2020\/2021\/06\/04\/marta-e-maria-motrat-e-llazarit-mitrofani-i-konstandinopojes-oshenare-sofia-panairi-ne-elbasan-ne-nderim-te-deshmor-joan-vladimirit\/#breadcrumb\",\"itemListElement\":[{\"@type\":\"ListItem\",\"position\":1,\"name\":\"Home\",\"item\":\"https:\/\/orthodoxalbania.org\/2020\/\"},{\"@type\":\"ListItem\",\"position\":2,\"name\":\"Marta e Maria, motrat e Llazarit. Mitrofani i Konstandinopoj\u00ebs. Osh\u00ebnare Sofia. Panairi n\u00eb Elbasan n\u00eb nderim t\u00eb d\u00ebshmor Joan Vladimirit.\"}]},{\"@type\":\"WebSite\",\"@id\":\"https:\/\/orthodoxalbania.org\/2020\/#website\",\"url\":\"https:\/\/orthodoxalbania.org\/2020\/\",\"name\":\"Kisha Orthodh\u03bfkse Autoqefale e Shqip\u00ebris\u00eb\",\"description\":\"Fqja Zyrtare e Kish\u00ebs Orthodhokse Autoqefale e Shqip\u00ebris\u00eb me lajmet edhe informacionet zyrtare p\u00ebr struktur\u00ebn edhe veprimtarin e saj.\",\"publisher\":{\"@id\":\"https:\/\/orthodoxalbania.org\/2020\/#organization\"},\"potentialAction\":[{\"@type\":\"SearchAction\",\"target\":{\"@type\":\"EntryPoint\",\"urlTemplate\":\"https:\/\/orthodoxalbania.org\/2020\/?s={search_term_string}\"},\"query-input\":{\"@type\":\"PropertyValueSpecification\",\"valueRequired\":true,\"valueName\":\"search_term_string\"}}],\"inLanguage\":\"en-US\"},{\"@type\":\"Organization\",\"@id\":\"https:\/\/orthodoxalbania.org\/2020\/#organization\",\"name\":\"Kisha Orthodhokse Autoqefale e Shqip\u00ebris\u00eb\",\"url\":\"https:\/\/orthodoxalbania.org\/2020\/\",\"logo\":{\"@type\":\"ImageObject\",\"inLanguage\":\"en-US\",\"@id\":\"https:\/\/orthodoxalbania.org\/2020\/#\/schema\/logo\/image\/\",\"url\":\"https:\/\/orthodoxalbania.org\/2020\/wp-content\/uploads\/2020\/05\/albania.jpeg\",\"contentUrl\":\"https:\/\/orthodoxalbania.org\/2020\/wp-content\/uploads\/2020\/05\/albania.jpeg\",\"width\":540,\"height\":540,\"caption\":\"Kisha Orthodhokse Autoqefale e Shqip\u00ebris\u00eb\"},\"image\":{\"@id\":\"https:\/\/orthodoxalbania.org\/2020\/#\/schema\/logo\/image\/\"},\"sameAs\":[\"https:\/\/www.facebook.com\/koash1991\"]},{\"@type\":\"Person\",\"@id\":\"https:\/\/orthodoxalbania.org\/2020\/#\/schema\/person\/df745f942b70e045b3dc05a30211f0de\",\"name\":\"Kisha Orthodhokse\",\"image\":{\"@type\":\"ImageObject\",\"inLanguage\":\"en-US\",\"@id\":\"https:\/\/secure.gravatar.com\/avatar\/2676eb8d97178435c9f691a7871595a1da6c33542dec218bce40885573150e28?s=96&d=mm&r=g\",\"url\":\"https:\/\/secure.gravatar.com\/avatar\/2676eb8d97178435c9f691a7871595a1da6c33542dec218bce40885573150e28?s=96&d=mm&r=g\",\"contentUrl\":\"https:\/\/secure.gravatar.com\/avatar\/2676eb8d97178435c9f691a7871595a1da6c33542dec218bce40885573150e28?s=96&d=mm&r=g\",\"caption\":\"Kisha Orthodhokse\"}}]}<\/script>\n<!-- \/ Yoast SEO plugin. -->","yoast_head_json":{"title":"Marta e Maria, motrat e Llazarit. Mitrofani i Konstandinopoj\u00ebs. Osh\u00ebnare Sofia. Panairi n\u00eb Elbasan n\u00eb nderim t\u00eb d\u00ebshmor Joan Vladimirit. - Kisha Orthodh\u03bfkse Autoqefale e Shqip\u00ebris\u00eb","robots":{"index":"index","follow":"follow","max-snippet":"max-snippet:-1","max-image-preview":"max-image-preview:large","max-video-preview":"max-video-preview:-1"},"canonical":"https:\/\/orthodoxalbania.org\/2020\/2021\/06\/04\/marta-e-maria-motrat-e-llazarit-mitrofani-i-konstandinopojes-oshenare-sofia-panairi-ne-elbasan-ne-nderim-te-deshmor-joan-vladimirit\/","og_locale":"en_US","og_type":"article","og_title":"Marta e Maria, motrat e Llazarit. Mitrofani i Konstandinopoj\u00ebs. Osh\u00ebnare Sofia. Panairi n\u00eb Elbasan n\u00eb nderim t\u00eb d\u00ebshmor Joan Vladimirit. - Kisha Orthodh\u03bfkse Autoqefale e Shqip\u00ebris\u00eb","og_description":"&#8211; D\u00ebshmor Joan Vladimiri &#8211; Lindi n\u00eb fshatin Vladimir (nga del dhe emri i tij) t\u00eb Kraj\u00ebs, n\u00eb Malin e Zi, af\u00ebr Shkodr\u00ebs, dhe u b\u00eb mbret. Ishte i drejt\u00eb dhe i past\u00ebr n\u00eb moral dhe ndihmoi n\u00eb shtrirjen e Orthodhoksis\u00eb. Nj\u00ebher\u00eb, kur udh\u00ebtonte n\u00eb shtetin e tij me gjeneral\u00ebt, dalloi n\u00eb nj\u00eb pyll af\u00ebr Elbasanit nj\u00eb shqiponj\u00eb. Shqiponja kishte n\u00eb krah\u00ebt e saj nj\u00eb","og_url":"https:\/\/orthodoxalbania.org\/2020\/2021\/06\/04\/marta-e-maria-motrat-e-llazarit-mitrofani-i-konstandinopojes-oshenare-sofia-panairi-ne-elbasan-ne-nderim-te-deshmor-joan-vladimirit\/","og_site_name":"Kisha Orthodh\u03bfkse Autoqefale e Shqip\u00ebris\u00eb","article_publisher":"https:\/\/www.facebook.com\/koash1991","article_published_time":"2021-06-03T22:00:07+00:00","og_image":[{"url":"https:\/\/live.staticflickr.com\/65535\/51223178436_d51983f640_b.jpg","type":"","width":"","height":""}],"author":"Kisha Orthodhokse","twitter_card":"summary_large_image","twitter_image":"https:\/\/live.staticflickr.com\/65535\/51223178436_d51983f640_b.jpg","twitter_misc":{"Written by":"Kisha Orthodhokse","Est. reading time":"3 minutes"},"schema":{"@context":"https:\/\/schema.org","@graph":[{"@type":"Article","@id":"https:\/\/orthodoxalbania.org\/2020\/2021\/06\/04\/marta-e-maria-motrat-e-llazarit-mitrofani-i-konstandinopojes-oshenare-sofia-panairi-ne-elbasan-ne-nderim-te-deshmor-joan-vladimirit\/#article","isPartOf":{"@id":"https:\/\/orthodoxalbania.org\/2020\/2021\/06\/04\/marta-e-maria-motrat-e-llazarit-mitrofani-i-konstandinopojes-oshenare-sofia-panairi-ne-elbasan-ne-nderim-te-deshmor-joan-vladimirit\/"},"author":{"name":"Kisha Orthodhokse","@id":"https:\/\/orthodoxalbania.org\/2020\/#\/schema\/person\/df745f942b70e045b3dc05a30211f0de"},"headline":"Marta e Maria, motrat e Llazarit. Mitrofani i Konstandinopoj\u00ebs. Osh\u00ebnare Sofia. Panairi n\u00eb Elbasan n\u00eb nderim t\u00eb d\u00ebshmor Joan Vladimirit.","datePublished":"2021-06-03T22:00:07+00:00","mainEntityOfPage":{"@id":"https:\/\/orthodoxalbania.org\/2020\/2021\/06\/04\/marta-e-maria-motrat-e-llazarit-mitrofani-i-konstandinopojes-oshenare-sofia-panairi-ne-elbasan-ne-nderim-te-deshmor-joan-vladimirit\/"},"wordCount":767,"publisher":{"@id":"https:\/\/orthodoxalbania.org\/2020\/#organization"},"image":{"@id":"https:\/\/orthodoxalbania.org\/2020\/2021\/06\/04\/marta-e-maria-motrat-e-llazarit-mitrofani-i-konstandinopojes-oshenare-sofia-panairi-ne-elbasan-ne-nderim-te-deshmor-joan-vladimirit\/#primaryimage"},"thumbnailUrl":"https:\/\/live.staticflickr.com\/65535\/51223178436_d51983f640_b.jpg","keywords":["leximet e dites","shenjtori i dites"],"articleSection":["Shenjtor\u00ebt e dit\u00ebs"],"inLanguage":"en-US"},{"@type":"WebPage","@id":"https:\/\/orthodoxalbania.org\/2020\/2021\/06\/04\/marta-e-maria-motrat-e-llazarit-mitrofani-i-konstandinopojes-oshenare-sofia-panairi-ne-elbasan-ne-nderim-te-deshmor-joan-vladimirit\/","url":"https:\/\/orthodoxalbania.org\/2020\/2021\/06\/04\/marta-e-maria-motrat-e-llazarit-mitrofani-i-konstandinopojes-oshenare-sofia-panairi-ne-elbasan-ne-nderim-te-deshmor-joan-vladimirit\/","name":"Marta e Maria, motrat e Llazarit. Mitrofani i Konstandinopoj\u00ebs. Osh\u00ebnare Sofia. Panairi n\u00eb Elbasan n\u00eb nderim t\u00eb d\u00ebshmor Joan Vladimirit. - Kisha Orthodh\u03bfkse Autoqefale e Shqip\u00ebris\u00eb","isPartOf":{"@id":"https:\/\/orthodoxalbania.org\/2020\/#website"},"primaryImageOfPage":{"@id":"https:\/\/orthodoxalbania.org\/2020\/2021\/06\/04\/marta-e-maria-motrat-e-llazarit-mitrofani-i-konstandinopojes-oshenare-sofia-panairi-ne-elbasan-ne-nderim-te-deshmor-joan-vladimirit\/#primaryimage"},"image":{"@id":"https:\/\/orthodoxalbania.org\/2020\/2021\/06\/04\/marta-e-maria-motrat-e-llazarit-mitrofani-i-konstandinopojes-oshenare-sofia-panairi-ne-elbasan-ne-nderim-te-deshmor-joan-vladimirit\/#primaryimage"},"thumbnailUrl":"https:\/\/live.staticflickr.com\/65535\/51223178436_d51983f640_b.jpg","datePublished":"2021-06-03T22:00:07+00:00","breadcrumb":{"@id":"https:\/\/orthodoxalbania.org\/2020\/2021\/06\/04\/marta-e-maria-motrat-e-llazarit-mitrofani-i-konstandinopojes-oshenare-sofia-panairi-ne-elbasan-ne-nderim-te-deshmor-joan-vladimirit\/#breadcrumb"},"inLanguage":"en-US","potentialAction":[{"@type":"ReadAction","target":["https:\/\/orthodoxalbania.org\/2020\/2021\/06\/04\/marta-e-maria-motrat-e-llazarit-mitrofani-i-konstandinopojes-oshenare-sofia-panairi-ne-elbasan-ne-nderim-te-deshmor-joan-vladimirit\/"]}]},{"@type":"ImageObject","inLanguage":"en-US","@id":"https:\/\/orthodoxalbania.org\/2020\/2021\/06\/04\/marta-e-maria-motrat-e-llazarit-mitrofani-i-konstandinopojes-oshenare-sofia-panairi-ne-elbasan-ne-nderim-te-deshmor-joan-vladimirit\/#primaryimage","url":"https:\/\/live.staticflickr.com\/65535\/51223178436_d51983f640_b.jpg","contentUrl":"https:\/\/live.staticflickr.com\/65535\/51223178436_d51983f640_b.jpg","width":"706","height":"1024"},{"@type":"BreadcrumbList","@id":"https:\/\/orthodoxalbania.org\/2020\/2021\/06\/04\/marta-e-maria-motrat-e-llazarit-mitrofani-i-konstandinopojes-oshenare-sofia-panairi-ne-elbasan-ne-nderim-te-deshmor-joan-vladimirit\/#breadcrumb","itemListElement":[{"@type":"ListItem","position":1,"name":"Home","item":"https:\/\/orthodoxalbania.org\/2020\/"},{"@type":"ListItem","position":2,"name":"Marta e Maria, motrat e Llazarit. Mitrofani i Konstandinopoj\u00ebs. Osh\u00ebnare Sofia. Panairi n\u00eb Elbasan n\u00eb nderim t\u00eb d\u00ebshmor Joan Vladimirit."}]},{"@type":"WebSite","@id":"https:\/\/orthodoxalbania.org\/2020\/#website","url":"https:\/\/orthodoxalbania.org\/2020\/","name":"Kisha Orthodh\u03bfkse Autoqefale e Shqip\u00ebris\u00eb","description":"Fqja Zyrtare e Kish\u00ebs Orthodhokse Autoqefale e Shqip\u00ebris\u00eb me lajmet edhe informacionet zyrtare p\u00ebr struktur\u00ebn edhe veprimtarin e saj.","publisher":{"@id":"https:\/\/orthodoxalbania.org\/2020\/#organization"},"potentialAction":[{"@type":"SearchAction","target":{"@type":"EntryPoint","urlTemplate":"https:\/\/orthodoxalbania.org\/2020\/?s={search_term_string}"},"query-input":{"@type":"PropertyValueSpecification","valueRequired":true,"valueName":"search_term_string"}}],"inLanguage":"en-US"},{"@type":"Organization","@id":"https:\/\/orthodoxalbania.org\/2020\/#organization","name":"Kisha Orthodhokse Autoqefale e Shqip\u00ebris\u00eb","url":"https:\/\/orthodoxalbania.org\/2020\/","logo":{"@type":"ImageObject","inLanguage":"en-US","@id":"https:\/\/orthodoxalbania.org\/2020\/#\/schema\/logo\/image\/","url":"https:\/\/orthodoxalbania.org\/2020\/wp-content\/uploads\/2020\/05\/albania.jpeg","contentUrl":"https:\/\/orthodoxalbania.org\/2020\/wp-content\/uploads\/2020\/05\/albania.jpeg","width":540,"height":540,"caption":"Kisha Orthodhokse Autoqefale e Shqip\u00ebris\u00eb"},"image":{"@id":"https:\/\/orthodoxalbania.org\/2020\/#\/schema\/logo\/image\/"},"sameAs":["https:\/\/www.facebook.com\/koash1991"]},{"@type":"Person","@id":"https:\/\/orthodoxalbania.org\/2020\/#\/schema\/person\/df745f942b70e045b3dc05a30211f0de","name":"Kisha Orthodhokse","image":{"@type":"ImageObject","inLanguage":"en-US","@id":"https:\/\/secure.gravatar.com\/avatar\/2676eb8d97178435c9f691a7871595a1da6c33542dec218bce40885573150e28?s=96&d=mm&r=g","url":"https:\/\/secure.gravatar.com\/avatar\/2676eb8d97178435c9f691a7871595a1da6c33542dec218bce40885573150e28?s=96&d=mm&r=g","contentUrl":"https:\/\/secure.gravatar.com\/avatar\/2676eb8d97178435c9f691a7871595a1da6c33542dec218bce40885573150e28?s=96&d=mm&r=g","caption":"Kisha Orthodhokse"}}]}},"_links":{"self":[{"href":"https:\/\/orthodoxalbania.org\/2020\/wp-json\/wp\/v2\/posts\/54344","targetHints":{"allow":["GET"]}}],"collection":[{"href":"https:\/\/orthodoxalbania.org\/2020\/wp-json\/wp\/v2\/posts"}],"about":[{"href":"https:\/\/orthodoxalbania.org\/2020\/wp-json\/wp\/v2\/types\/post"}],"author":[{"embeddable":true,"href":"https:\/\/orthodoxalbania.org\/2020\/wp-json\/wp\/v2\/users\/7"}],"replies":[{"embeddable":true,"href":"https:\/\/orthodoxalbania.org\/2020\/wp-json\/wp\/v2\/comments?post=54344"}],"version-history":[{"count":3,"href":"https:\/\/orthodoxalbania.org\/2020\/wp-json\/wp\/v2\/posts\/54344\/revisions"}],"predecessor-version":[{"id":54347,"href":"https:\/\/orthodoxalbania.org\/2020\/wp-json\/wp\/v2\/posts\/54344\/revisions\/54347"}],"wp:featuredmedia":[{"embeddable":true,"href":"https:\/\/orthodoxalbania.org\/2020\/wp-json\/wp\/v2\/media\/54348"}],"wp:attachment":[{"href":"https:\/\/orthodoxalbania.org\/2020\/wp-json\/wp\/v2\/media?parent=54344"}],"wp:term":[{"taxonomy":"category","embeddable":true,"href":"https:\/\/orthodoxalbania.org\/2020\/wp-json\/wp\/v2\/categories?post=54344"},{"taxonomy":"post_tag","embeddable":true,"href":"https:\/\/orthodoxalbania.org\/2020\/wp-json\/wp\/v2\/tags?post=54344"}],"curies":[{"name":"wp","href":"https:\/\/api.w.org\/{rel}","templated":true}]}}