{"id":54337,"date":"2021-06-03T00:00:12","date_gmt":"2021-06-02T22:00:12","guid":{"rendered":"https:\/\/orthodoxalbania.org\/2020\/?p=54337"},"modified":"2021-06-03T01:46:19","modified_gmt":"2021-06-02T23:46:19","slug":"deshmoret-lukiliani-pavla-e-4-femijet-mbreteresha-klotilda-oshenar-kevin-i-irlandes","status":"publish","type":"post","link":"https:\/\/orthodoxalbania.org\/2020\/2021\/06\/03\/deshmoret-lukiliani-pavla-e-4-femijet-mbreteresha-klotilda-oshenar-kevin-i-irlandes\/","title":{"rendered":"D\u00ebshmor\u00ebt Lukiliani, Pavla e 4 f\u00ebmij\u00ebt. Mbret\u00ebresha Klotilda. Osh\u00ebnar Kevin i Irland\u00ebs."},"content":{"rendered":"<h4 style=\"text-align: center;\"><strong>&#8211; Osh\u00ebnar Kevin i Irland\u00ebs &#8211;<\/strong><\/h4>\n<p style=\"text-align: justify;\">Vinte nga nj\u00eb familje irlandeze e shtres\u00ebs mbret\u00ebrore. Lindja e tij u lajm\u00ebrua te n\u00ebna e tij nga nj\u00eb engj\u00ebll (rreth 498) dhe pas pag\u00ebzimit edukimi i tij iu besua murgjve t\u00eb manastirit t\u00eb Kilnamanagut. U dor\u00ebzua prift dhe u t\u00ebrhoq n\u00eb nj\u00eb vend t\u00eb shkret\u00eb p\u00ebr jet\u00eb t\u00eb vetmuar, n\u00eb jug t\u00eb Dublinit n\u00eb Glendalug. E mohoi bot\u00ebn dhe b\u00ebnte nj\u00eb jet\u00eb t\u00eb ashp\u00ebr, i veshur me l\u00ebkur\u00eb kafsh\u00ebsh, ushqehej me bim\u00eb t\u00eb egra, q\u00ebndronte n\u00eb ujin e akullt t\u00eb liqenit ku jetonte nj\u00eb bish\u00eb uji, atje recitonte p\u00ebrmend\u00ebsh Psalmet.<\/p>\n<p style=\"text-align: justify;\">Thuhet se q\u00ebndroi 7 vjet m\u00eb k\u00ebmb\u00eb, me duar t\u00eb kryq\u00ebzuara dhe pa mbyllur syt\u00eb. Nj\u00eb zog b\u00ebri fole n\u00eb p\u00ebll\u00ebmb\u00ebn e tij. Nga nj\u00eb betej\u00eb e till\u00eb gjeti hir para Zotit dhe shfaqeshin engj\u00ebjt, t\u00eb cil\u00ebt e shoq\u00ebronin n\u00eb lutjen e tij. Kur kalonte, pem\u00ebt i p\u00ebrkuleshin. T\u00eb shumt\u00eb ishin dishepujt q\u00eb u mblodh\u00ebn rreth tij. Megjith\u00ebse nuk kishte tjet\u00ebr p\u00ebrkujdesje ve\u00e7 lutjes, Zoti i siguronte nevojat e tij n\u00ebp\u00ebrmjet nj\u00eb kafshe, e cila i sillte \u00e7do dit\u00eb salmon t\u00eb fresk\u00ebt. Por, kur nj\u00eb nga murgjit mendonte ta vriste kafsh\u00ebn p\u00ebr l\u00ebkur\u00ebn e saj t\u00eb bukur, ajo u zhduk.<\/p>\n<p style=\"text-align: justify;\">Shenjti e organizoi v\u00ebllaz\u00ebrin\u00eb, dhe ky manastir u b\u00eb qendra e nj\u00eb qyteti t\u00eb v\u00ebrtet\u00eb murg\u00ebror, madje thuhet se atje u mblodh\u00ebn me mij\u00ebra murgj, t\u00eb cil\u00ebt kontribuuan n\u00eb p\u00ebrhapjen e kultur\u00ebs s\u00eb krishter\u00eb n\u00eb Irland\u00ebn Lindore. Pas kthimit nga nj\u00eb pelegrinazh n\u00eb Rom\u00eb, sh\u00ebn Kevin solli lipsane t\u00eb shenjta q\u00eb b\u00ebn\u00eb mrekulli t\u00eb shumta. Pas shum\u00eb vitesh si drejtues shpirt\u00ebror i dishepujve t\u00eb tij dhe popullit, fjeti n\u00eb paqe n\u00eb mosh\u00ebn 120-vje\u00e7are (rreth 618).<\/p>\n<p style=\"text-align: justify;\">Sh\u00ebn Kevin u nderua mes shenjtor\u00ebve irlandez\u00eb si sh\u00ebn Patriku (17 mars), sh\u00ebn Brizhida (1 shkurt) dhe sh\u00ebn Kolomba (9 qershor). Manastiri i sh\u00ebn Kevin u b\u00eb nj\u00eb nga kat\u00ebr vendet kryesore t\u00eb pelegrinazhit n\u00eb Irland\u00eb.<\/p>\n<p style=\"text-align: justify;\">\n<p>&nbsp;<\/p>\n<p>&nbsp;<\/p>\n","protected":false},"excerpt":{"rendered":"<p>&#8211; Osh\u00ebnar Kevin i Irland\u00ebs &#8211; Vinte nga nj\u00eb familje irlandeze e shtres\u00ebs mbret\u00ebrore. Lindja e tij u lajm\u00ebrua te n\u00ebna e tij nga nj\u00eb engj\u00ebll (rreth 498) dhe pas pag\u00ebzimit edukimi i tij iu besua murgjve t\u00eb manastirit t\u00eb Kilnamanagut. U dor\u00ebzua prift dhe u t\u00ebrhoq n\u00eb nj\u00eb vend t\u00eb shkret\u00eb p\u00ebr jet\u00eb t\u00eb vetmuar, n\u00eb jug t\u00eb Dublinit n\u00eb Glendalug. E mohoi bot\u00ebn<\/p>\n","protected":false},"author":7,"featured_media":54339,"comment_status":"closed","ping_status":"closed","sticky":false,"template":"","format":"standard","meta":{"_acf_changed":false,"pagelayer_contact_templates":[],"_pagelayer_content":"","inline_featured_image":false,"fifu_image_url":"https:\/\/live.staticflickr.com\/65535\/51221244801_bdec702dff_b.jpg","fifu_image_alt":"","footnotes":""},"categories":[372],"tags":[2103,2101],"class_list":["post-54337","post","type-post","status-publish","format-standard","has-post-thumbnail","hentry","category-shenjtoret-e-dites","tag-leximet-e-dites","tag-shenjtori-i-dites"],"acf":[],"yoast_head":"<!-- This site is optimized with the Yoast SEO plugin v27.2 - https:\/\/yoast.com\/product\/yoast-seo-wordpress\/ -->\n<title>D\u00ebshmor\u00ebt Lukiliani, Pavla e 4 f\u00ebmij\u00ebt. Mbret\u00ebresha Klotilda. Osh\u00ebnar Kevin i Irland\u00ebs. - Kisha Orthodh\u03bfkse Autoqefale e Shqip\u00ebris\u00eb<\/title>\n<meta name=\"robots\" content=\"index, follow, max-snippet:-1, max-image-preview:large, max-video-preview:-1\" \/>\n<link rel=\"canonical\" href=\"https:\/\/orthodoxalbania.org\/2020\/2021\/06\/03\/deshmoret-lukiliani-pavla-e-4-femijet-mbreteresha-klotilda-oshenar-kevin-i-irlandes\/\" \/>\n<meta property=\"og:locale\" content=\"en_US\" \/>\n<meta property=\"og:type\" content=\"article\" \/>\n<meta property=\"og:title\" content=\"D\u00ebshmor\u00ebt Lukiliani, Pavla e 4 f\u00ebmij\u00ebt. Mbret\u00ebresha Klotilda. Osh\u00ebnar Kevin i Irland\u00ebs. - Kisha Orthodh\u03bfkse Autoqefale e Shqip\u00ebris\u00eb\" \/>\n<meta property=\"og:description\" content=\"&#8211; Osh\u00ebnar Kevin i Irland\u00ebs &#8211; Vinte nga nj\u00eb familje irlandeze e shtres\u00ebs mbret\u00ebrore. Lindja e tij u lajm\u00ebrua te n\u00ebna e tij nga nj\u00eb engj\u00ebll (rreth 498) dhe pas pag\u00ebzimit edukimi i tij iu besua murgjve t\u00eb manastirit t\u00eb Kilnamanagut. U dor\u00ebzua prift dhe u t\u00ebrhoq n\u00eb nj\u00eb vend t\u00eb shkret\u00eb p\u00ebr jet\u00eb t\u00eb vetmuar, n\u00eb jug t\u00eb Dublinit n\u00eb Glendalug. E mohoi bot\u00ebn\" \/>\n<meta property=\"og:url\" content=\"https:\/\/orthodoxalbania.org\/2020\/2021\/06\/03\/deshmoret-lukiliani-pavla-e-4-femijet-mbreteresha-klotilda-oshenar-kevin-i-irlandes\/\" \/>\n<meta property=\"og:site_name\" content=\"Kisha Orthodh\u03bfkse Autoqefale e Shqip\u00ebris\u00eb\" \/>\n<meta property=\"article:publisher\" content=\"https:\/\/www.facebook.com\/koash1991\" \/>\n<meta property=\"article:published_time\" content=\"2021-06-02T22:00:12+00:00\" \/>\n<meta property=\"article:modified_time\" content=\"2021-06-02T23:46:19+00:00\" \/>\n<meta property=\"og:image\" content=\"https:\/\/live.staticflickr.com\/65535\/51221244801_bdec702dff_b.jpg\" \/>\n<meta name=\"author\" content=\"Kisha Orthodhokse\" \/>\n<meta name=\"twitter:card\" content=\"summary_large_image\" \/>\n<meta name=\"twitter:image\" content=\"https:\/\/live.staticflickr.com\/65535\/51221244801_bdec702dff_b.jpg\" \/>\n<meta name=\"twitter:label1\" content=\"Written by\" \/>\n\t<meta name=\"twitter:data1\" content=\"Kisha Orthodhokse\" \/>\n\t<meta name=\"twitter:label2\" content=\"Est. reading time\" \/>\n\t<meta name=\"twitter:data2\" content=\"2 minutes\" \/>\n<script type=\"application\/ld+json\" class=\"yoast-schema-graph\">{\"@context\":\"https:\/\/schema.org\",\"@graph\":[{\"@type\":\"Article\",\"@id\":\"https:\/\/orthodoxalbania.org\/2020\/2021\/06\/03\/deshmoret-lukiliani-pavla-e-4-femijet-mbreteresha-klotilda-oshenar-kevin-i-irlandes\/#article\",\"isPartOf\":{\"@id\":\"https:\/\/orthodoxalbania.org\/2020\/2021\/06\/03\/deshmoret-lukiliani-pavla-e-4-femijet-mbreteresha-klotilda-oshenar-kevin-i-irlandes\/\"},\"author\":{\"name\":\"Kisha Orthodhokse\",\"@id\":\"https:\/\/orthodoxalbania.org\/2020\/#\/schema\/person\/df745f942b70e045b3dc05a30211f0de\"},\"headline\":\"D\u00ebshmor\u00ebt Lukiliani, Pavla e 4 f\u00ebmij\u00ebt. Mbret\u00ebresha Klotilda. Osh\u00ebnar Kevin i Irland\u00ebs.\",\"datePublished\":\"2021-06-02T22:00:12+00:00\",\"dateModified\":\"2021-06-02T23:46:19+00:00\",\"mainEntityOfPage\":{\"@id\":\"https:\/\/orthodoxalbania.org\/2020\/2021\/06\/03\/deshmoret-lukiliani-pavla-e-4-femijet-mbreteresha-klotilda-oshenar-kevin-i-irlandes\/\"},\"wordCount\":386,\"publisher\":{\"@id\":\"https:\/\/orthodoxalbania.org\/2020\/#organization\"},\"image\":{\"@id\":\"https:\/\/orthodoxalbania.org\/2020\/2021\/06\/03\/deshmoret-lukiliani-pavla-e-4-femijet-mbreteresha-klotilda-oshenar-kevin-i-irlandes\/#primaryimage\"},\"thumbnailUrl\":\"https:\/\/live.staticflickr.com\/65535\/51221244801_bdec702dff_b.jpg\",\"keywords\":[\"leximet e dites\",\"shenjtori i dites\"],\"articleSection\":[\"Shenjtor\u00ebt e dit\u00ebs\"],\"inLanguage\":\"en-US\"},{\"@type\":\"WebPage\",\"@id\":\"https:\/\/orthodoxalbania.org\/2020\/2021\/06\/03\/deshmoret-lukiliani-pavla-e-4-femijet-mbreteresha-klotilda-oshenar-kevin-i-irlandes\/\",\"url\":\"https:\/\/orthodoxalbania.org\/2020\/2021\/06\/03\/deshmoret-lukiliani-pavla-e-4-femijet-mbreteresha-klotilda-oshenar-kevin-i-irlandes\/\",\"name\":\"D\u00ebshmor\u00ebt Lukiliani, Pavla e 4 f\u00ebmij\u00ebt. Mbret\u00ebresha Klotilda. Osh\u00ebnar Kevin i Irland\u00ebs. - Kisha Orthodh\u03bfkse Autoqefale e Shqip\u00ebris\u00eb\",\"isPartOf\":{\"@id\":\"https:\/\/orthodoxalbania.org\/2020\/#website\"},\"primaryImageOfPage\":{\"@id\":\"https:\/\/orthodoxalbania.org\/2020\/2021\/06\/03\/deshmoret-lukiliani-pavla-e-4-femijet-mbreteresha-klotilda-oshenar-kevin-i-irlandes\/#primaryimage\"},\"image\":{\"@id\":\"https:\/\/orthodoxalbania.org\/2020\/2021\/06\/03\/deshmoret-lukiliani-pavla-e-4-femijet-mbreteresha-klotilda-oshenar-kevin-i-irlandes\/#primaryimage\"},\"thumbnailUrl\":\"https:\/\/live.staticflickr.com\/65535\/51221244801_bdec702dff_b.jpg\",\"datePublished\":\"2021-06-02T22:00:12+00:00\",\"dateModified\":\"2021-06-02T23:46:19+00:00\",\"breadcrumb\":{\"@id\":\"https:\/\/orthodoxalbania.org\/2020\/2021\/06\/03\/deshmoret-lukiliani-pavla-e-4-femijet-mbreteresha-klotilda-oshenar-kevin-i-irlandes\/#breadcrumb\"},\"inLanguage\":\"en-US\",\"potentialAction\":[{\"@type\":\"ReadAction\",\"target\":[\"https:\/\/orthodoxalbania.org\/2020\/2021\/06\/03\/deshmoret-lukiliani-pavla-e-4-femijet-mbreteresha-klotilda-oshenar-kevin-i-irlandes\/\"]}]},{\"@type\":\"ImageObject\",\"inLanguage\":\"en-US\",\"@id\":\"https:\/\/orthodoxalbania.org\/2020\/2021\/06\/03\/deshmoret-lukiliani-pavla-e-4-femijet-mbreteresha-klotilda-oshenar-kevin-i-irlandes\/#primaryimage\",\"url\":\"https:\/\/live.staticflickr.com\/65535\/51221244801_bdec702dff_b.jpg\",\"contentUrl\":\"https:\/\/live.staticflickr.com\/65535\/51221244801_bdec702dff_b.jpg\",\"width\":\"544\",\"height\":\"789\"},{\"@type\":\"BreadcrumbList\",\"@id\":\"https:\/\/orthodoxalbania.org\/2020\/2021\/06\/03\/deshmoret-lukiliani-pavla-e-4-femijet-mbreteresha-klotilda-oshenar-kevin-i-irlandes\/#breadcrumb\",\"itemListElement\":[{\"@type\":\"ListItem\",\"position\":1,\"name\":\"Home\",\"item\":\"https:\/\/orthodoxalbania.org\/2020\/\"},{\"@type\":\"ListItem\",\"position\":2,\"name\":\"D\u00ebshmor\u00ebt Lukiliani, Pavla e 4 f\u00ebmij\u00ebt. Mbret\u00ebresha Klotilda. Osh\u00ebnar Kevin i Irland\u00ebs.\"}]},{\"@type\":\"WebSite\",\"@id\":\"https:\/\/orthodoxalbania.org\/2020\/#website\",\"url\":\"https:\/\/orthodoxalbania.org\/2020\/\",\"name\":\"Kisha Orthodh\u03bfkse Autoqefale e Shqip\u00ebris\u00eb\",\"description\":\"Fqja Zyrtare e Kish\u00ebs Orthodhokse Autoqefale e Shqip\u00ebris\u00eb me lajmet edhe informacionet zyrtare p\u00ebr struktur\u00ebn edhe veprimtarin e saj.\",\"publisher\":{\"@id\":\"https:\/\/orthodoxalbania.org\/2020\/#organization\"},\"potentialAction\":[{\"@type\":\"SearchAction\",\"target\":{\"@type\":\"EntryPoint\",\"urlTemplate\":\"https:\/\/orthodoxalbania.org\/2020\/?s={search_term_string}\"},\"query-input\":{\"@type\":\"PropertyValueSpecification\",\"valueRequired\":true,\"valueName\":\"search_term_string\"}}],\"inLanguage\":\"en-US\"},{\"@type\":\"Organization\",\"@id\":\"https:\/\/orthodoxalbania.org\/2020\/#organization\",\"name\":\"Kisha Orthodhokse Autoqefale e Shqip\u00ebris\u00eb\",\"url\":\"https:\/\/orthodoxalbania.org\/2020\/\",\"logo\":{\"@type\":\"ImageObject\",\"inLanguage\":\"en-US\",\"@id\":\"https:\/\/orthodoxalbania.org\/2020\/#\/schema\/logo\/image\/\",\"url\":\"https:\/\/orthodoxalbania.org\/2020\/wp-content\/uploads\/2020\/05\/albania.jpeg\",\"contentUrl\":\"https:\/\/orthodoxalbania.org\/2020\/wp-content\/uploads\/2020\/05\/albania.jpeg\",\"width\":540,\"height\":540,\"caption\":\"Kisha Orthodhokse Autoqefale e Shqip\u00ebris\u00eb\"},\"image\":{\"@id\":\"https:\/\/orthodoxalbania.org\/2020\/#\/schema\/logo\/image\/\"},\"sameAs\":[\"https:\/\/www.facebook.com\/koash1991\"]},{\"@type\":\"Person\",\"@id\":\"https:\/\/orthodoxalbania.org\/2020\/#\/schema\/person\/df745f942b70e045b3dc05a30211f0de\",\"name\":\"Kisha Orthodhokse\",\"image\":{\"@type\":\"ImageObject\",\"inLanguage\":\"en-US\",\"@id\":\"https:\/\/secure.gravatar.com\/avatar\/2676eb8d97178435c9f691a7871595a1da6c33542dec218bce40885573150e28?s=96&d=mm&r=g\",\"url\":\"https:\/\/secure.gravatar.com\/avatar\/2676eb8d97178435c9f691a7871595a1da6c33542dec218bce40885573150e28?s=96&d=mm&r=g\",\"contentUrl\":\"https:\/\/secure.gravatar.com\/avatar\/2676eb8d97178435c9f691a7871595a1da6c33542dec218bce40885573150e28?s=96&d=mm&r=g\",\"caption\":\"Kisha Orthodhokse\"}}]}<\/script>\n<!-- \/ Yoast SEO plugin. -->","yoast_head_json":{"title":"D\u00ebshmor\u00ebt Lukiliani, Pavla e 4 f\u00ebmij\u00ebt. Mbret\u00ebresha Klotilda. Osh\u00ebnar Kevin i Irland\u00ebs. - Kisha Orthodh\u03bfkse Autoqefale e Shqip\u00ebris\u00eb","robots":{"index":"index","follow":"follow","max-snippet":"max-snippet:-1","max-image-preview":"max-image-preview:large","max-video-preview":"max-video-preview:-1"},"canonical":"https:\/\/orthodoxalbania.org\/2020\/2021\/06\/03\/deshmoret-lukiliani-pavla-e-4-femijet-mbreteresha-klotilda-oshenar-kevin-i-irlandes\/","og_locale":"en_US","og_type":"article","og_title":"D\u00ebshmor\u00ebt Lukiliani, Pavla e 4 f\u00ebmij\u00ebt. Mbret\u00ebresha Klotilda. Osh\u00ebnar Kevin i Irland\u00ebs. - Kisha Orthodh\u03bfkse Autoqefale e Shqip\u00ebris\u00eb","og_description":"&#8211; Osh\u00ebnar Kevin i Irland\u00ebs &#8211; Vinte nga nj\u00eb familje irlandeze e shtres\u00ebs mbret\u00ebrore. Lindja e tij u lajm\u00ebrua te n\u00ebna e tij nga nj\u00eb engj\u00ebll (rreth 498) dhe pas pag\u00ebzimit edukimi i tij iu besua murgjve t\u00eb manastirit t\u00eb Kilnamanagut. U dor\u00ebzua prift dhe u t\u00ebrhoq n\u00eb nj\u00eb vend t\u00eb shkret\u00eb p\u00ebr jet\u00eb t\u00eb vetmuar, n\u00eb jug t\u00eb Dublinit n\u00eb Glendalug. E mohoi bot\u00ebn","og_url":"https:\/\/orthodoxalbania.org\/2020\/2021\/06\/03\/deshmoret-lukiliani-pavla-e-4-femijet-mbreteresha-klotilda-oshenar-kevin-i-irlandes\/","og_site_name":"Kisha Orthodh\u03bfkse Autoqefale e Shqip\u00ebris\u00eb","article_publisher":"https:\/\/www.facebook.com\/koash1991","article_published_time":"2021-06-02T22:00:12+00:00","article_modified_time":"2021-06-02T23:46:19+00:00","og_image":[{"url":"https:\/\/live.staticflickr.com\/65535\/51221244801_bdec702dff_b.jpg","type":"","width":"","height":""}],"author":"Kisha Orthodhokse","twitter_card":"summary_large_image","twitter_image":"https:\/\/live.staticflickr.com\/65535\/51221244801_bdec702dff_b.jpg","twitter_misc":{"Written by":"Kisha Orthodhokse","Est. reading time":"2 minutes"},"schema":{"@context":"https:\/\/schema.org","@graph":[{"@type":"Article","@id":"https:\/\/orthodoxalbania.org\/2020\/2021\/06\/03\/deshmoret-lukiliani-pavla-e-4-femijet-mbreteresha-klotilda-oshenar-kevin-i-irlandes\/#article","isPartOf":{"@id":"https:\/\/orthodoxalbania.org\/2020\/2021\/06\/03\/deshmoret-lukiliani-pavla-e-4-femijet-mbreteresha-klotilda-oshenar-kevin-i-irlandes\/"},"author":{"name":"Kisha Orthodhokse","@id":"https:\/\/orthodoxalbania.org\/2020\/#\/schema\/person\/df745f942b70e045b3dc05a30211f0de"},"headline":"D\u00ebshmor\u00ebt Lukiliani, Pavla e 4 f\u00ebmij\u00ebt. Mbret\u00ebresha Klotilda. Osh\u00ebnar Kevin i Irland\u00ebs.","datePublished":"2021-06-02T22:00:12+00:00","dateModified":"2021-06-02T23:46:19+00:00","mainEntityOfPage":{"@id":"https:\/\/orthodoxalbania.org\/2020\/2021\/06\/03\/deshmoret-lukiliani-pavla-e-4-femijet-mbreteresha-klotilda-oshenar-kevin-i-irlandes\/"},"wordCount":386,"publisher":{"@id":"https:\/\/orthodoxalbania.org\/2020\/#organization"},"image":{"@id":"https:\/\/orthodoxalbania.org\/2020\/2021\/06\/03\/deshmoret-lukiliani-pavla-e-4-femijet-mbreteresha-klotilda-oshenar-kevin-i-irlandes\/#primaryimage"},"thumbnailUrl":"https:\/\/live.staticflickr.com\/65535\/51221244801_bdec702dff_b.jpg","keywords":["leximet e dites","shenjtori i dites"],"articleSection":["Shenjtor\u00ebt e dit\u00ebs"],"inLanguage":"en-US"},{"@type":"WebPage","@id":"https:\/\/orthodoxalbania.org\/2020\/2021\/06\/03\/deshmoret-lukiliani-pavla-e-4-femijet-mbreteresha-klotilda-oshenar-kevin-i-irlandes\/","url":"https:\/\/orthodoxalbania.org\/2020\/2021\/06\/03\/deshmoret-lukiliani-pavla-e-4-femijet-mbreteresha-klotilda-oshenar-kevin-i-irlandes\/","name":"D\u00ebshmor\u00ebt Lukiliani, Pavla e 4 f\u00ebmij\u00ebt. Mbret\u00ebresha Klotilda. Osh\u00ebnar Kevin i Irland\u00ebs. - Kisha Orthodh\u03bfkse Autoqefale e Shqip\u00ebris\u00eb","isPartOf":{"@id":"https:\/\/orthodoxalbania.org\/2020\/#website"},"primaryImageOfPage":{"@id":"https:\/\/orthodoxalbania.org\/2020\/2021\/06\/03\/deshmoret-lukiliani-pavla-e-4-femijet-mbreteresha-klotilda-oshenar-kevin-i-irlandes\/#primaryimage"},"image":{"@id":"https:\/\/orthodoxalbania.org\/2020\/2021\/06\/03\/deshmoret-lukiliani-pavla-e-4-femijet-mbreteresha-klotilda-oshenar-kevin-i-irlandes\/#primaryimage"},"thumbnailUrl":"https:\/\/live.staticflickr.com\/65535\/51221244801_bdec702dff_b.jpg","datePublished":"2021-06-02T22:00:12+00:00","dateModified":"2021-06-02T23:46:19+00:00","breadcrumb":{"@id":"https:\/\/orthodoxalbania.org\/2020\/2021\/06\/03\/deshmoret-lukiliani-pavla-e-4-femijet-mbreteresha-klotilda-oshenar-kevin-i-irlandes\/#breadcrumb"},"inLanguage":"en-US","potentialAction":[{"@type":"ReadAction","target":["https:\/\/orthodoxalbania.org\/2020\/2021\/06\/03\/deshmoret-lukiliani-pavla-e-4-femijet-mbreteresha-klotilda-oshenar-kevin-i-irlandes\/"]}]},{"@type":"ImageObject","inLanguage":"en-US","@id":"https:\/\/orthodoxalbania.org\/2020\/2021\/06\/03\/deshmoret-lukiliani-pavla-e-4-femijet-mbreteresha-klotilda-oshenar-kevin-i-irlandes\/#primaryimage","url":"https:\/\/live.staticflickr.com\/65535\/51221244801_bdec702dff_b.jpg","contentUrl":"https:\/\/live.staticflickr.com\/65535\/51221244801_bdec702dff_b.jpg","width":"544","height":"789"},{"@type":"BreadcrumbList","@id":"https:\/\/orthodoxalbania.org\/2020\/2021\/06\/03\/deshmoret-lukiliani-pavla-e-4-femijet-mbreteresha-klotilda-oshenar-kevin-i-irlandes\/#breadcrumb","itemListElement":[{"@type":"ListItem","position":1,"name":"Home","item":"https:\/\/orthodoxalbania.org\/2020\/"},{"@type":"ListItem","position":2,"name":"D\u00ebshmor\u00ebt Lukiliani, Pavla e 4 f\u00ebmij\u00ebt. Mbret\u00ebresha Klotilda. Osh\u00ebnar Kevin i Irland\u00ebs."}]},{"@type":"WebSite","@id":"https:\/\/orthodoxalbania.org\/2020\/#website","url":"https:\/\/orthodoxalbania.org\/2020\/","name":"Kisha Orthodh\u03bfkse Autoqefale e Shqip\u00ebris\u00eb","description":"Fqja Zyrtare e Kish\u00ebs Orthodhokse Autoqefale e Shqip\u00ebris\u00eb me lajmet edhe informacionet zyrtare p\u00ebr struktur\u00ebn edhe veprimtarin e saj.","publisher":{"@id":"https:\/\/orthodoxalbania.org\/2020\/#organization"},"potentialAction":[{"@type":"SearchAction","target":{"@type":"EntryPoint","urlTemplate":"https:\/\/orthodoxalbania.org\/2020\/?s={search_term_string}"},"query-input":{"@type":"PropertyValueSpecification","valueRequired":true,"valueName":"search_term_string"}}],"inLanguage":"en-US"},{"@type":"Organization","@id":"https:\/\/orthodoxalbania.org\/2020\/#organization","name":"Kisha Orthodhokse Autoqefale e Shqip\u00ebris\u00eb","url":"https:\/\/orthodoxalbania.org\/2020\/","logo":{"@type":"ImageObject","inLanguage":"en-US","@id":"https:\/\/orthodoxalbania.org\/2020\/#\/schema\/logo\/image\/","url":"https:\/\/orthodoxalbania.org\/2020\/wp-content\/uploads\/2020\/05\/albania.jpeg","contentUrl":"https:\/\/orthodoxalbania.org\/2020\/wp-content\/uploads\/2020\/05\/albania.jpeg","width":540,"height":540,"caption":"Kisha Orthodhokse Autoqefale e Shqip\u00ebris\u00eb"},"image":{"@id":"https:\/\/orthodoxalbania.org\/2020\/#\/schema\/logo\/image\/"},"sameAs":["https:\/\/www.facebook.com\/koash1991"]},{"@type":"Person","@id":"https:\/\/orthodoxalbania.org\/2020\/#\/schema\/person\/df745f942b70e045b3dc05a30211f0de","name":"Kisha Orthodhokse","image":{"@type":"ImageObject","inLanguage":"en-US","@id":"https:\/\/secure.gravatar.com\/avatar\/2676eb8d97178435c9f691a7871595a1da6c33542dec218bce40885573150e28?s=96&d=mm&r=g","url":"https:\/\/secure.gravatar.com\/avatar\/2676eb8d97178435c9f691a7871595a1da6c33542dec218bce40885573150e28?s=96&d=mm&r=g","contentUrl":"https:\/\/secure.gravatar.com\/avatar\/2676eb8d97178435c9f691a7871595a1da6c33542dec218bce40885573150e28?s=96&d=mm&r=g","caption":"Kisha Orthodhokse"}}]}},"_links":{"self":[{"href":"https:\/\/orthodoxalbania.org\/2020\/wp-json\/wp\/v2\/posts\/54337","targetHints":{"allow":["GET"]}}],"collection":[{"href":"https:\/\/orthodoxalbania.org\/2020\/wp-json\/wp\/v2\/posts"}],"about":[{"href":"https:\/\/orthodoxalbania.org\/2020\/wp-json\/wp\/v2\/types\/post"}],"author":[{"embeddable":true,"href":"https:\/\/orthodoxalbania.org\/2020\/wp-json\/wp\/v2\/users\/7"}],"replies":[{"embeddable":true,"href":"https:\/\/orthodoxalbania.org\/2020\/wp-json\/wp\/v2\/comments?post=54337"}],"version-history":[{"count":1,"href":"https:\/\/orthodoxalbania.org\/2020\/wp-json\/wp\/v2\/posts\/54337\/revisions"}],"predecessor-version":[{"id":54338,"href":"https:\/\/orthodoxalbania.org\/2020\/wp-json\/wp\/v2\/posts\/54337\/revisions\/54338"}],"wp:featuredmedia":[{"embeddable":true,"href":"https:\/\/orthodoxalbania.org\/2020\/wp-json\/wp\/v2\/media\/54339"}],"wp:attachment":[{"href":"https:\/\/orthodoxalbania.org\/2020\/wp-json\/wp\/v2\/media?parent=54337"}],"wp:term":[{"taxonomy":"category","embeddable":true,"href":"https:\/\/orthodoxalbania.org\/2020\/wp-json\/wp\/v2\/categories?post=54337"},{"taxonomy":"post_tag","embeddable":true,"href":"https:\/\/orthodoxalbania.org\/2020\/wp-json\/wp\/v2\/tags?post=54337"}],"curies":[{"name":"wp","href":"https:\/\/api.w.org\/{rel}","templated":true}]}}