{"id":543,"date":"2009-03-13T10:00:21","date_gmt":"2009-03-13T10:00:21","guid":{"rendered":""},"modified":"2020-04-06T22:35:13","modified_gmt":"2020-04-06T20:35:13","slug":"festohet-200-vjetori-i-akademise-teologjike-te-shen-petersburgut","status":"publish","type":"post","link":"https:\/\/orthodoxalbania.org\/2020\/2009\/03\/13\/festohet-200-vjetori-i-akademise-teologjike-te-shen-petersburgut\/","title":{"rendered":"Festohet 200 vjetori i Akademis\u00eb Teologjike t\u00eb Sh\u00ebn Pet\u00ebrsburgut. (8 &#8211; 12 Tetor 2009)"},"content":{"rendered":"<div style=\"text-align: justify;\"><span style=\"font-family: helvetica; font-size: 12pt;\"><\/span><\/div>\n<div style=\"text-align: justify;\"><span style=\"color: #000000; font-family: helvetica; font-size: 12pt;\"><img decoding=\"async\" class=\"lazyload HAa Eha\" style=\"height: 203px; width: 270px; border-width: 1px; border-style: solid; margin: 10px; float: left;\" alt=\"\" src=\"data:image\/gif;base64,R0lGODlhAQABAAAAACH5BAEKAAEALAAAAAABAAEAAAICTAEAOw==\" data-orig-src=\"https:\/\/lh3.googleusercontent.com\/-3faWk7Lx59c\/U_xWwPY8qyI\/AAAAAAAABEk\/6KyShQAAv5I\/w488-h366-no\/t1.jpg\" \/> &nbsp; &nbsp; N\u00eb datat 8-12 Tetor u festua 200 vjetori i themelimit t\u00eb Akademis\u00eb Teologjike t\u00eb Sh\u00ebn Pet\u00ebrsburgut n\u00eb Rusi. Ajo i ka fillesat e saj si nj\u00eb shkoll\u00eb fillore, m\u00eb pas si nj\u00eb seminar, p\u00ebr t\u2019u transformua n\u00eb vazhdim n\u00eb Akademi Teologjike nga Mitropoliti Ambros, n\u00eb vitin 1809. Kjo Akademi, e cila mban emrin e sh\u00ebn Joan Teologut, ka luajtur nj\u00eb rol t\u00eb r\u00ebnd\u00ebsish\u00ebm jo vet\u00ebm n\u00eb jet\u00ebn kishtare t\u00eb sh\u00ebn Pet\u00ebrsburgut, por edhe n\u00eb gjith\u00eb jet\u00ebn e Kish\u00ebs Ruse, madje edhe m\u00eb gjer\u00eb n\u00eb t\u00ebr\u00eb bot\u00ebn e krishter\u00eb, pasi nga bankat e k\u00ebsaj akademie kan\u00eb dal\u00eb klerik\u00eb, teolog\u00eb, misionar\u00eb dhe shenjtor\u00eb. Kujtojm\u00eb k\u00ebtu personalitete t\u00eb larta si Mitropolitin e Mosk\u00ebs Makarion, misionarin e Japonis\u00eb Nikolla Kasatkin, shenjtorin dhe Patriarkun e Mosk\u00ebs Filaretin, sh\u00ebn Joan Kronshtadin dhe ish Patriarkun e Rusis\u00eb Aleksin e II-t\u00eb.<\/span><\/div>\n<div style=\"text-align: justify;\"><span style=\"color: #000000; font-family: helvetica; font-size: 12pt;\"> &nbsp;&nbsp; N\u00eb k\u00ebto festime mor\u00ebn pjes\u00eb p\u00ebrfaq\u00ebsues nga Kisha dhe Akademi Teologjike t\u00eb vendeve t\u00eb ndryshme si t\u00eb Patriakan\u00ebs Ekumenike t\u00eb Kostandinopoj\u00ebs, t\u00eb Serbis\u00eb, Rumanis\u00eb, Bullgaris\u00eb, Greqis\u00eb, Polonis\u00eb, \u00c7ekis\u00eb, nga Seminare Teologjike t\u00eb Mosk\u00ebs, Ukrain\u00ebs, Kryqit t\u00eb Nderuat n\u00eb Boston etj. Kisha Orthodhokse e Shqip\u00ebris\u00eb dhe Akademia e saj Teologjike \u201cNgjallja e Krishtit\u201d, n\u00eb sh\u00ebn Vlash t\u00eb Durr\u00ebsit, u p\u00ebrfaq\u00ebsua nga Episkopi Ndihm\u00ebsi i Kryepiskopit Episkopi i Apollonis\u00eb Nikolla.<\/span><\/div>\n<div style=\"text-align: justify;\"><span style=\"color: #000000; font-family: helvetica; font-size: 12pt;\"> &nbsp;&nbsp; Aktivitetet filluan q\u00eb n\u00eb pasditen e dat\u00ebs 8 Tetor n\u00eb ambientet e Akademis\u00eb Teologjike t\u00eb sh\u00ebn Pet\u00ebrsburgut me mbr\u00ebm\u00ebsoren dhe m\u00ebngjesoren e fest\u00ebs s\u00eb sh\u00ebn Joan Teologut, p\u00ebr t\u00eb vazhduar dit\u00ebn tjet\u00ebr me Liturgjin\u00eb Hyjnore dhe konferenc\u00ebn p\u00ebrkat\u00ebse kushtuar jet\u00ebs dhe veprimtaris\u00eb 200 vje\u00e7are t\u00eb k\u00ebsaj Akademie. N\u00eb k\u00ebto festime ishte i pranish\u00ebm dhe vet\u00eb Patriarku i Mosk\u00ebs dhe gjith\u00eb Rusis\u00eb Kirili. Ky patriark ka nj\u00eb lidhje t\u00eb ve\u00e7ant\u00eb me sh\u00ebn Pet\u00ebrsburgun dhe Akademin\u00eb Teologjike t\u00eb tij, pasi ai ka lindur dhe \u00ebsht\u00eb rritur n\u00eb Pet\u00ebrsburg, ka studiuar n\u00eb k\u00ebt\u00eb Akademi Teologjike dhe gjat\u00eb viteve 1974-1984 ka qen\u00eb<img decoding=\"async\" class=\"lazyload HAa Eha\" style=\"float: right; height: 203px; width: 270px; border-width: 1px; border-style: solid; margin: 10px;\" alt=\"\" src=\"data:image\/gif;base64,R0lGODlhAQABAAAAACH5BAEKAAEALAAAAAABAAEAAAICTAEAOw==\" data-orig-src=\"https:\/\/lh3.googleusercontent.com\/-tYWgBNPZv34\/U_xWwCwIEaI\/AAAAAAAABEo\/fdXcgnxXuPM\/w488-h366-no\/t2.jpg\" \/> dhe rektor i k\u00ebsaj Akademie.<\/span><\/div>\n<div style=\"text-align: justify;\"><span style=\"color: #000000; font-family: helvetica; font-size: 12pt;\"> &nbsp;&nbsp;&nbsp; Dit\u00ebn e Shtun\u00eb, 10 Tetor, u zhvilluan disa seanca n\u00eb \u00e7\u00ebshtjet teologjike, kanonike, praktike dhe baritore p\u00ebr t\u00eb vazhduar me nj\u00eb tryez\u00eb t\u00eb rrumbullak\u00ebt, n\u00eb t\u00eb cil\u00ebn u diskutua p\u00ebr problemet e tanishme t\u00eb edukimit shpirt\u00ebror. N\u00eb k\u00ebt\u00eb takim u theksua n\u00eb m\u00ebnyr\u00eb t\u00eb ve\u00e7ant\u00eb nevoja e bashk\u00ebpunimit midis Akademive Teologjike t\u00eb t\u00eb gjitha Kishave Orthodhokse. Kjo dit\u00eb p\u00ebrfundoi me nj\u00eb vizit\u00eb n\u00eb manastirin e themeluar nga sh\u00ebn Joan Kronshtadi, n\u00eb t\u00eb cil\u00ebn ndodhej dhe varri dhe lipsani i tij, si dhe n\u00eb paraklisin e sh\u00ebn Ksenias.<\/span><\/div>\n<div style=\"text-align: justify;\"><span style=\"color: #000000; font-family: helvetica; font-size: 12pt;\"> &nbsp;&nbsp;&nbsp;&nbsp; Liturgjia Hyjnore e s\u00eb diel\u00ebs u ndoq n\u00eb Katedralen e sh\u00ebn Sofis\u00eb, n\u00eb qytetin Tsaskoye Sole, q\u00eb ka qen\u00eb dhe rezidenca e Carit. M\u00eb pas u b\u00eb nj\u00eb vizit\u00eb n\u00eb nj\u00eb qend\u00ebr sociale, n\u00eb t\u00eb cil\u00ebn banonin 25 t\u00eb moshuar, t\u00eb ngritur nga Kisha dhe n\u00ebn p\u00ebrkujdesjen e plot\u00eb t\u00eb saj.<\/span><\/div>\n<div style=\"text-align: justify;\"><span style=\"color: #000000; font-family: helvetica; font-size: 12pt;\"> &nbsp;&nbsp;&nbsp; Festimi i 200 vjetorit t\u00eb themelimit t\u00eb Akademis\u00eb Teologjike t\u00eb sh\u00ebn Pet\u00ebrsburgut ishte g\u00ebrshetuar me p\u00ebrkujtimin e 30 vjetorit t\u00eb fjetjes s\u00eb Mitropolitit Nikodhim (Rotov) dhe me 80 vjetorin e lindjes s\u00eb tij. P\u00ebr k\u00ebt\u00eb, n\u00eb dit\u00ebn e fundit t\u00eb k\u00ebtyre festimeve, t\u00eb H\u00ebn\u00ebn m\u00eb dat\u00eb 12, u b\u00eb nj\u00eb p\u00ebrkujtimore n\u00eb varrin e k\u00ebtij mitropoliti nga vet\u00eb Patriarku i Rusis\u00eb Kirili, i cili ishte i pranish\u00ebm dhe n\u00eb konferenc\u00ebn p\u00ebrkushtuar jet\u00ebs dhe veprimtaris\u00eb s\u00eb Mitropolitit Nikodhim, q\u00eb ishte mitropolit n\u00eb nj\u00eb koh\u00eb nj\u00eb koh\u00eb t\u00eb v\u00ebshtir\u00eb dhe p\u00ebrndjekjeje p\u00ebr Kish\u00ebn.<\/span><\/div>\n<div style=\"text-align: justify;\"><span style=\"font-family: helvetica; font-size: 12pt;\"><\/span><\/div>\n<div style=\"text-align: justify;\"><span style=\"font-family: helvetica; font-size: 12pt;\"><\/span><\/div>\n<div style=\"text-align: justify;\"><span style=\"font-family: helvetica; font-size: 12pt;\"><span style=\"color: #000000;\"><strong>Episkop Nikolla<\/strong><br \/> P\u00ebr m\u00eb tep\u00ebr informacion&nbsp;klikoni k\u00ebtu:&nbsp; <\/span><a href=\"http:\/\/www.patriarchia.ru\/db\/text\/643662.html\" target=\"_blank\" rel=\"noopener noreferrer\"><span style=\"color: #000000;\">http:\/\/www.patriarchia.ru\/db\/text\/643662.html<\/span><\/a><\/span><\/div>\n","protected":false},"excerpt":{"rendered":"<p>&nbsp; &nbsp; N\u00eb datat 8-12 Tetor u festua 200 vjetori i themelimit t\u00eb Akademis\u00eb Teologjike t\u00eb Sh\u00ebn Pet\u00ebrsburgut n\u00eb Rusi. Ajo i ka fillesat e saj si nj\u00eb shkoll\u00eb fillore, m\u00eb pas si nj\u00eb seminar, p\u00ebr t\u2019u transformua n\u00eb vazhdim n\u00eb Akademi Teologjike nga Mitropoliti Ambros, n\u00eb vitin 1809. Kjo Akademi, e cila mban emrin e sh\u00ebn Joan Teologut, ka luajtur nj\u00eb rol t\u00eb r\u00ebnd\u00ebsish\u00ebm<\/p>\n","protected":false},"author":1,"featured_media":0,"comment_status":"open","ping_status":"open","sticky":false,"template":"","format":"standard","meta":{"_acf_changed":false,"pagelayer_contact_templates":[],"_pagelayer_content":"","inline_featured_image":false,"fifu_image_url":"","fifu_image_alt":"","footnotes":""},"categories":[108],"tags":[145,169,157,196,212],"class_list":["post-543","post","type-post","status-publish","format-standard","hentry","category-lajme","tag-145","tag-akademia-teologjike","tag-kremtime","tag-tirane","tag-lajme-d27"],"acf":[],"yoast_head":"<!-- This site is optimized with the Yoast SEO plugin v27.2 - https:\/\/yoast.com\/product\/yoast-seo-wordpress\/ -->\n<title>Festohet 200 vjetori i Akademis\u00eb Teologjike t\u00eb Sh\u00ebn Pet\u00ebrsburgut. (8 - 12 Tetor 2009) - Kisha Orthodh\u03bfkse Autoqefale e Shqip\u00ebris\u00eb<\/title>\n<meta name=\"robots\" content=\"index, follow, max-snippet:-1, max-image-preview:large, max-video-preview:-1\" \/>\n<link rel=\"canonical\" href=\"https:\/\/orthodoxalbania.org\/2020\/2009\/03\/13\/festohet-200-vjetori-i-akademise-teologjike-te-shen-petersburgut\/\" \/>\n<meta property=\"og:locale\" content=\"en_US\" \/>\n<meta property=\"og:type\" content=\"article\" \/>\n<meta property=\"og:title\" content=\"Festohet 200 vjetori i Akademis\u00eb Teologjike t\u00eb Sh\u00ebn Pet\u00ebrsburgut. (8 - 12 Tetor 2009) - Kisha Orthodh\u03bfkse Autoqefale e Shqip\u00ebris\u00eb\" \/>\n<meta property=\"og:description\" content=\"&nbsp; &nbsp; N\u00eb datat 8-12 Tetor u festua 200 vjetori i themelimit t\u00eb Akademis\u00eb Teologjike t\u00eb Sh\u00ebn Pet\u00ebrsburgut n\u00eb Rusi. Ajo i ka fillesat e saj si nj\u00eb shkoll\u00eb fillore, m\u00eb pas si nj\u00eb seminar, p\u00ebr t\u2019u transformua n\u00eb vazhdim n\u00eb Akademi Teologjike nga Mitropoliti Ambros, n\u00eb vitin 1809. Kjo Akademi, e cila mban emrin e sh\u00ebn Joan Teologut, ka luajtur nj\u00eb rol t\u00eb r\u00ebnd\u00ebsish\u00ebm\" \/>\n<meta property=\"og:url\" content=\"https:\/\/orthodoxalbania.org\/2020\/2009\/03\/13\/festohet-200-vjetori-i-akademise-teologjike-te-shen-petersburgut\/\" \/>\n<meta property=\"og:site_name\" content=\"Kisha Orthodh\u03bfkse Autoqefale e Shqip\u00ebris\u00eb\" \/>\n<meta property=\"article:publisher\" content=\"https:\/\/www.facebook.com\/koash1991\" \/>\n<meta property=\"article:published_time\" content=\"2009-03-13T10:00:21+00:00\" \/>\n<meta property=\"article:modified_time\" content=\"2020-04-06T20:35:13+00:00\" \/>\n<meta property=\"og:image\" content=\"https:\/\/lh3.googleusercontent.com\/-3faWk7Lx59c\/U_xWwPY8qyI\/AAAAAAAABEk\/6KyShQAAv5I\/w488-h366-no\/t1.jpg\" \/>\n<meta name=\"author\" content=\"Kisha Orthodhokse\" \/>\n<meta name=\"twitter:card\" content=\"summary_large_image\" \/>\n<meta name=\"twitter:label1\" content=\"Written by\" \/>\n\t<meta name=\"twitter:data1\" content=\"Kisha Orthodhokse\" \/>\n\t<meta name=\"twitter:label2\" content=\"Est. reading time\" \/>\n\t<meta name=\"twitter:data2\" content=\"3 minutes\" \/>\n<script type=\"application\/ld+json\" class=\"yoast-schema-graph\">{\"@context\":\"https:\/\/schema.org\",\"@graph\":[{\"@type\":\"Article\",\"@id\":\"https:\/\/orthodoxalbania.org\/2020\/2009\/03\/13\/festohet-200-vjetori-i-akademise-teologjike-te-shen-petersburgut\/#article\",\"isPartOf\":{\"@id\":\"https:\/\/orthodoxalbania.org\/2020\/2009\/03\/13\/festohet-200-vjetori-i-akademise-teologjike-te-shen-petersburgut\/\"},\"author\":{\"name\":\"Kisha Orthodhokse\",\"@id\":\"https:\/\/orthodoxalbania.org\/2020\/#\/schema\/person\/0c387634a7063ac612d7ed9ce71c7e86\"},\"headline\":\"Festohet 200 vjetori i Akademis\u00eb Teologjike t\u00eb Sh\u00ebn Pet\u00ebrsburgut. (8 &#8211; 12 Tetor 2009)\",\"datePublished\":\"2009-03-13T10:00:21+00:00\",\"dateModified\":\"2020-04-06T20:35:13+00:00\",\"mainEntityOfPage\":{\"@id\":\"https:\/\/orthodoxalbania.org\/2020\/2009\/03\/13\/festohet-200-vjetori-i-akademise-teologjike-te-shen-petersburgut\/\"},\"wordCount\":672,\"commentCount\":0,\"publisher\":{\"@id\":\"https:\/\/orthodoxalbania.org\/2020\/#organization\"},\"image\":{\"@id\":\"https:\/\/orthodoxalbania.org\/2020\/2009\/03\/13\/festohet-200-vjetori-i-akademise-teologjike-te-shen-petersburgut\/#primaryimage\"},\"thumbnailUrl\":\"https:\/\/lh3.googleusercontent.com\/-3faWk7Lx59c\/U_xWwPY8qyI\/AAAAAAAABEk\/6KyShQAAv5I\/w488-h366-no\/t1.jpg\",\"keywords\":[\"2009\",\"Akademia Teologjike\",\"Kremtime\",\"Kryepiskopata Tiran\u00eb\",\"lajme\"],\"articleSection\":[\"Lajme\"],\"inLanguage\":\"en-US\"},{\"@type\":\"WebPage\",\"@id\":\"https:\/\/orthodoxalbania.org\/2020\/2009\/03\/13\/festohet-200-vjetori-i-akademise-teologjike-te-shen-petersburgut\/\",\"url\":\"https:\/\/orthodoxalbania.org\/2020\/2009\/03\/13\/festohet-200-vjetori-i-akademise-teologjike-te-shen-petersburgut\/\",\"name\":\"Festohet 200 vjetori i Akademis\u00eb Teologjike t\u00eb Sh\u00ebn Pet\u00ebrsburgut. (8 - 12 Tetor 2009) - Kisha Orthodh\u03bfkse Autoqefale e Shqip\u00ebris\u00eb\",\"isPartOf\":{\"@id\":\"https:\/\/orthodoxalbania.org\/2020\/#website\"},\"primaryImageOfPage\":{\"@id\":\"https:\/\/orthodoxalbania.org\/2020\/2009\/03\/13\/festohet-200-vjetori-i-akademise-teologjike-te-shen-petersburgut\/#primaryimage\"},\"image\":{\"@id\":\"https:\/\/orthodoxalbania.org\/2020\/2009\/03\/13\/festohet-200-vjetori-i-akademise-teologjike-te-shen-petersburgut\/#primaryimage\"},\"thumbnailUrl\":\"https:\/\/lh3.googleusercontent.com\/-3faWk7Lx59c\/U_xWwPY8qyI\/AAAAAAAABEk\/6KyShQAAv5I\/w488-h366-no\/t1.jpg\",\"datePublished\":\"2009-03-13T10:00:21+00:00\",\"dateModified\":\"2020-04-06T20:35:13+00:00\",\"breadcrumb\":{\"@id\":\"https:\/\/orthodoxalbania.org\/2020\/2009\/03\/13\/festohet-200-vjetori-i-akademise-teologjike-te-shen-petersburgut\/#breadcrumb\"},\"inLanguage\":\"en-US\",\"potentialAction\":[{\"@type\":\"ReadAction\",\"target\":[\"https:\/\/orthodoxalbania.org\/2020\/2009\/03\/13\/festohet-200-vjetori-i-akademise-teologjike-te-shen-petersburgut\/\"]}]},{\"@type\":\"ImageObject\",\"inLanguage\":\"en-US\",\"@id\":\"https:\/\/orthodoxalbania.org\/2020\/2009\/03\/13\/festohet-200-vjetori-i-akademise-teologjike-te-shen-petersburgut\/#primaryimage\",\"url\":\"https:\/\/lh3.googleusercontent.com\/-3faWk7Lx59c\/U_xWwPY8qyI\/AAAAAAAABEk\/6KyShQAAv5I\/w488-h366-no\/t1.jpg\",\"contentUrl\":\"https:\/\/lh3.googleusercontent.com\/-3faWk7Lx59c\/U_xWwPY8qyI\/AAAAAAAABEk\/6KyShQAAv5I\/w488-h366-no\/t1.jpg\"},{\"@type\":\"BreadcrumbList\",\"@id\":\"https:\/\/orthodoxalbania.org\/2020\/2009\/03\/13\/festohet-200-vjetori-i-akademise-teologjike-te-shen-petersburgut\/#breadcrumb\",\"itemListElement\":[{\"@type\":\"ListItem\",\"position\":1,\"name\":\"Home\",\"item\":\"https:\/\/orthodoxalbania.org\/2020\/\"},{\"@type\":\"ListItem\",\"position\":2,\"name\":\"Festohet 200 vjetori i Akademis\u00eb Teologjike t\u00eb Sh\u00ebn Pet\u00ebrsburgut. (8 &#8211; 12 Tetor 2009)\"}]},{\"@type\":\"WebSite\",\"@id\":\"https:\/\/orthodoxalbania.org\/2020\/#website\",\"url\":\"https:\/\/orthodoxalbania.org\/2020\/\",\"name\":\"Kisha Orthodh\u03bfkse Autoqefale e Shqip\u00ebris\u00eb\",\"description\":\"Fqja Zyrtare e Kish\u00ebs Orthodhokse Autoqefale e Shqip\u00ebris\u00eb me lajmet edhe informacionet zyrtare p\u00ebr struktur\u00ebn edhe veprimtarin e saj.\",\"publisher\":{\"@id\":\"https:\/\/orthodoxalbania.org\/2020\/#organization\"},\"potentialAction\":[{\"@type\":\"SearchAction\",\"target\":{\"@type\":\"EntryPoint\",\"urlTemplate\":\"https:\/\/orthodoxalbania.org\/2020\/?s={search_term_string}\"},\"query-input\":{\"@type\":\"PropertyValueSpecification\",\"valueRequired\":true,\"valueName\":\"search_term_string\"}}],\"inLanguage\":\"en-US\"},{\"@type\":\"Organization\",\"@id\":\"https:\/\/orthodoxalbania.org\/2020\/#organization\",\"name\":\"Kisha Orthodhokse Autoqefale e Shqip\u00ebris\u00eb\",\"url\":\"https:\/\/orthodoxalbania.org\/2020\/\",\"logo\":{\"@type\":\"ImageObject\",\"inLanguage\":\"en-US\",\"@id\":\"https:\/\/orthodoxalbania.org\/2020\/#\/schema\/logo\/image\/\",\"url\":\"https:\/\/orthodoxalbania.org\/2020\/wp-content\/uploads\/2020\/05\/albania.jpeg\",\"contentUrl\":\"https:\/\/orthodoxalbania.org\/2020\/wp-content\/uploads\/2020\/05\/albania.jpeg\",\"width\":540,\"height\":540,\"caption\":\"Kisha Orthodhokse Autoqefale e Shqip\u00ebris\u00eb\"},\"image\":{\"@id\":\"https:\/\/orthodoxalbania.org\/2020\/#\/schema\/logo\/image\/\"},\"sameAs\":[\"https:\/\/www.facebook.com\/koash1991\"]},{\"@type\":\"Person\",\"@id\":\"https:\/\/orthodoxalbania.org\/2020\/#\/schema\/person\/0c387634a7063ac612d7ed9ce71c7e86\",\"name\":\"Kisha Orthodhokse\",\"image\":{\"@type\":\"ImageObject\",\"inLanguage\":\"en-US\",\"@id\":\"https:\/\/secure.gravatar.com\/avatar\/596e7c417251e30f2fbb9c00e026fce61a695a00e51c889caded71c96cbbdde5?s=96&d=mm&r=g\",\"url\":\"https:\/\/secure.gravatar.com\/avatar\/596e7c417251e30f2fbb9c00e026fce61a695a00e51c889caded71c96cbbdde5?s=96&d=mm&r=g\",\"contentUrl\":\"https:\/\/secure.gravatar.com\/avatar\/596e7c417251e30f2fbb9c00e026fce61a695a00e51c889caded71c96cbbdde5?s=96&d=mm&r=g\",\"caption\":\"Kisha Orthodhokse\"}}]}<\/script>\n<!-- \/ Yoast SEO plugin. -->","yoast_head_json":{"title":"Festohet 200 vjetori i Akademis\u00eb Teologjike t\u00eb Sh\u00ebn Pet\u00ebrsburgut. (8 - 12 Tetor 2009) - Kisha Orthodh\u03bfkse Autoqefale e Shqip\u00ebris\u00eb","robots":{"index":"index","follow":"follow","max-snippet":"max-snippet:-1","max-image-preview":"max-image-preview:large","max-video-preview":"max-video-preview:-1"},"canonical":"https:\/\/orthodoxalbania.org\/2020\/2009\/03\/13\/festohet-200-vjetori-i-akademise-teologjike-te-shen-petersburgut\/","og_locale":"en_US","og_type":"article","og_title":"Festohet 200 vjetori i Akademis\u00eb Teologjike t\u00eb Sh\u00ebn Pet\u00ebrsburgut. (8 - 12 Tetor 2009) - Kisha Orthodh\u03bfkse Autoqefale e Shqip\u00ebris\u00eb","og_description":"&nbsp; &nbsp; N\u00eb datat 8-12 Tetor u festua 200 vjetori i themelimit t\u00eb Akademis\u00eb Teologjike t\u00eb Sh\u00ebn Pet\u00ebrsburgut n\u00eb Rusi. Ajo i ka fillesat e saj si nj\u00eb shkoll\u00eb fillore, m\u00eb pas si nj\u00eb seminar, p\u00ebr t\u2019u transformua n\u00eb vazhdim n\u00eb Akademi Teologjike nga Mitropoliti Ambros, n\u00eb vitin 1809. Kjo Akademi, e cila mban emrin e sh\u00ebn Joan Teologut, ka luajtur nj\u00eb rol t\u00eb r\u00ebnd\u00ebsish\u00ebm","og_url":"https:\/\/orthodoxalbania.org\/2020\/2009\/03\/13\/festohet-200-vjetori-i-akademise-teologjike-te-shen-petersburgut\/","og_site_name":"Kisha Orthodh\u03bfkse Autoqefale e Shqip\u00ebris\u00eb","article_publisher":"https:\/\/www.facebook.com\/koash1991","article_published_time":"2009-03-13T10:00:21+00:00","article_modified_time":"2020-04-06T20:35:13+00:00","og_image":[{"url":"https:\/\/lh3.googleusercontent.com\/-3faWk7Lx59c\/U_xWwPY8qyI\/AAAAAAAABEk\/6KyShQAAv5I\/w488-h366-no\/t1.jpg","type":"","width":"","height":""}],"author":"Kisha Orthodhokse","twitter_card":"summary_large_image","twitter_misc":{"Written by":"Kisha Orthodhokse","Est. reading time":"3 minutes"},"schema":{"@context":"https:\/\/schema.org","@graph":[{"@type":"Article","@id":"https:\/\/orthodoxalbania.org\/2020\/2009\/03\/13\/festohet-200-vjetori-i-akademise-teologjike-te-shen-petersburgut\/#article","isPartOf":{"@id":"https:\/\/orthodoxalbania.org\/2020\/2009\/03\/13\/festohet-200-vjetori-i-akademise-teologjike-te-shen-petersburgut\/"},"author":{"name":"Kisha Orthodhokse","@id":"https:\/\/orthodoxalbania.org\/2020\/#\/schema\/person\/0c387634a7063ac612d7ed9ce71c7e86"},"headline":"Festohet 200 vjetori i Akademis\u00eb Teologjike t\u00eb Sh\u00ebn Pet\u00ebrsburgut. (8 &#8211; 12 Tetor 2009)","datePublished":"2009-03-13T10:00:21+00:00","dateModified":"2020-04-06T20:35:13+00:00","mainEntityOfPage":{"@id":"https:\/\/orthodoxalbania.org\/2020\/2009\/03\/13\/festohet-200-vjetori-i-akademise-teologjike-te-shen-petersburgut\/"},"wordCount":672,"commentCount":0,"publisher":{"@id":"https:\/\/orthodoxalbania.org\/2020\/#organization"},"image":{"@id":"https:\/\/orthodoxalbania.org\/2020\/2009\/03\/13\/festohet-200-vjetori-i-akademise-teologjike-te-shen-petersburgut\/#primaryimage"},"thumbnailUrl":"https:\/\/lh3.googleusercontent.com\/-3faWk7Lx59c\/U_xWwPY8qyI\/AAAAAAAABEk\/6KyShQAAv5I\/w488-h366-no\/t1.jpg","keywords":["2009","Akademia Teologjike","Kremtime","Kryepiskopata Tiran\u00eb","lajme"],"articleSection":["Lajme"],"inLanguage":"en-US"},{"@type":"WebPage","@id":"https:\/\/orthodoxalbania.org\/2020\/2009\/03\/13\/festohet-200-vjetori-i-akademise-teologjike-te-shen-petersburgut\/","url":"https:\/\/orthodoxalbania.org\/2020\/2009\/03\/13\/festohet-200-vjetori-i-akademise-teologjike-te-shen-petersburgut\/","name":"Festohet 200 vjetori i Akademis\u00eb Teologjike t\u00eb Sh\u00ebn Pet\u00ebrsburgut. (8 - 12 Tetor 2009) - Kisha Orthodh\u03bfkse Autoqefale e Shqip\u00ebris\u00eb","isPartOf":{"@id":"https:\/\/orthodoxalbania.org\/2020\/#website"},"primaryImageOfPage":{"@id":"https:\/\/orthodoxalbania.org\/2020\/2009\/03\/13\/festohet-200-vjetori-i-akademise-teologjike-te-shen-petersburgut\/#primaryimage"},"image":{"@id":"https:\/\/orthodoxalbania.org\/2020\/2009\/03\/13\/festohet-200-vjetori-i-akademise-teologjike-te-shen-petersburgut\/#primaryimage"},"thumbnailUrl":"https:\/\/lh3.googleusercontent.com\/-3faWk7Lx59c\/U_xWwPY8qyI\/AAAAAAAABEk\/6KyShQAAv5I\/w488-h366-no\/t1.jpg","datePublished":"2009-03-13T10:00:21+00:00","dateModified":"2020-04-06T20:35:13+00:00","breadcrumb":{"@id":"https:\/\/orthodoxalbania.org\/2020\/2009\/03\/13\/festohet-200-vjetori-i-akademise-teologjike-te-shen-petersburgut\/#breadcrumb"},"inLanguage":"en-US","potentialAction":[{"@type":"ReadAction","target":["https:\/\/orthodoxalbania.org\/2020\/2009\/03\/13\/festohet-200-vjetori-i-akademise-teologjike-te-shen-petersburgut\/"]}]},{"@type":"ImageObject","inLanguage":"en-US","@id":"https:\/\/orthodoxalbania.org\/2020\/2009\/03\/13\/festohet-200-vjetori-i-akademise-teologjike-te-shen-petersburgut\/#primaryimage","url":"https:\/\/lh3.googleusercontent.com\/-3faWk7Lx59c\/U_xWwPY8qyI\/AAAAAAAABEk\/6KyShQAAv5I\/w488-h366-no\/t1.jpg","contentUrl":"https:\/\/lh3.googleusercontent.com\/-3faWk7Lx59c\/U_xWwPY8qyI\/AAAAAAAABEk\/6KyShQAAv5I\/w488-h366-no\/t1.jpg"},{"@type":"BreadcrumbList","@id":"https:\/\/orthodoxalbania.org\/2020\/2009\/03\/13\/festohet-200-vjetori-i-akademise-teologjike-te-shen-petersburgut\/#breadcrumb","itemListElement":[{"@type":"ListItem","position":1,"name":"Home","item":"https:\/\/orthodoxalbania.org\/2020\/"},{"@type":"ListItem","position":2,"name":"Festohet 200 vjetori i Akademis\u00eb Teologjike t\u00eb Sh\u00ebn Pet\u00ebrsburgut. (8 &#8211; 12 Tetor 2009)"}]},{"@type":"WebSite","@id":"https:\/\/orthodoxalbania.org\/2020\/#website","url":"https:\/\/orthodoxalbania.org\/2020\/","name":"Kisha Orthodh\u03bfkse Autoqefale e Shqip\u00ebris\u00eb","description":"Fqja Zyrtare e Kish\u00ebs Orthodhokse Autoqefale e Shqip\u00ebris\u00eb me lajmet edhe informacionet zyrtare p\u00ebr struktur\u00ebn edhe veprimtarin e saj.","publisher":{"@id":"https:\/\/orthodoxalbania.org\/2020\/#organization"},"potentialAction":[{"@type":"SearchAction","target":{"@type":"EntryPoint","urlTemplate":"https:\/\/orthodoxalbania.org\/2020\/?s={search_term_string}"},"query-input":{"@type":"PropertyValueSpecification","valueRequired":true,"valueName":"search_term_string"}}],"inLanguage":"en-US"},{"@type":"Organization","@id":"https:\/\/orthodoxalbania.org\/2020\/#organization","name":"Kisha Orthodhokse Autoqefale e Shqip\u00ebris\u00eb","url":"https:\/\/orthodoxalbania.org\/2020\/","logo":{"@type":"ImageObject","inLanguage":"en-US","@id":"https:\/\/orthodoxalbania.org\/2020\/#\/schema\/logo\/image\/","url":"https:\/\/orthodoxalbania.org\/2020\/wp-content\/uploads\/2020\/05\/albania.jpeg","contentUrl":"https:\/\/orthodoxalbania.org\/2020\/wp-content\/uploads\/2020\/05\/albania.jpeg","width":540,"height":540,"caption":"Kisha Orthodhokse Autoqefale e Shqip\u00ebris\u00eb"},"image":{"@id":"https:\/\/orthodoxalbania.org\/2020\/#\/schema\/logo\/image\/"},"sameAs":["https:\/\/www.facebook.com\/koash1991"]},{"@type":"Person","@id":"https:\/\/orthodoxalbania.org\/2020\/#\/schema\/person\/0c387634a7063ac612d7ed9ce71c7e86","name":"Kisha Orthodhokse","image":{"@type":"ImageObject","inLanguage":"en-US","@id":"https:\/\/secure.gravatar.com\/avatar\/596e7c417251e30f2fbb9c00e026fce61a695a00e51c889caded71c96cbbdde5?s=96&d=mm&r=g","url":"https:\/\/secure.gravatar.com\/avatar\/596e7c417251e30f2fbb9c00e026fce61a695a00e51c889caded71c96cbbdde5?s=96&d=mm&r=g","contentUrl":"https:\/\/secure.gravatar.com\/avatar\/596e7c417251e30f2fbb9c00e026fce61a695a00e51c889caded71c96cbbdde5?s=96&d=mm&r=g","caption":"Kisha Orthodhokse"}}]}},"_links":{"self":[{"href":"https:\/\/orthodoxalbania.org\/2020\/wp-json\/wp\/v2\/posts\/543","targetHints":{"allow":["GET"]}}],"collection":[{"href":"https:\/\/orthodoxalbania.org\/2020\/wp-json\/wp\/v2\/posts"}],"about":[{"href":"https:\/\/orthodoxalbania.org\/2020\/wp-json\/wp\/v2\/types\/post"}],"author":[{"embeddable":true,"href":"https:\/\/orthodoxalbania.org\/2020\/wp-json\/wp\/v2\/users\/1"}],"replies":[{"embeddable":true,"href":"https:\/\/orthodoxalbania.org\/2020\/wp-json\/wp\/v2\/comments?post=543"}],"version-history":[{"count":1,"href":"https:\/\/orthodoxalbania.org\/2020\/wp-json\/wp\/v2\/posts\/543\/revisions"}],"predecessor-version":[{"id":15622,"href":"https:\/\/orthodoxalbania.org\/2020\/wp-json\/wp\/v2\/posts\/543\/revisions\/15622"}],"wp:attachment":[{"href":"https:\/\/orthodoxalbania.org\/2020\/wp-json\/wp\/v2\/media?parent=543"}],"wp:term":[{"taxonomy":"category","embeddable":true,"href":"https:\/\/orthodoxalbania.org\/2020\/wp-json\/wp\/v2\/categories?post=543"},{"taxonomy":"post_tag","embeddable":true,"href":"https:\/\/orthodoxalbania.org\/2020\/wp-json\/wp\/v2\/tags?post=543"}],"curies":[{"name":"wp","href":"https:\/\/api.w.org\/{rel}","templated":true}]}}