{"id":54278,"date":"2021-05-26T00:00:41","date_gmt":"2021-05-25T22:00:41","guid":{"rendered":"https:\/\/orthodoxalbania.org\/2020\/?p=54278"},"modified":"2021-05-27T15:47:42","modified_gmt":"2021-05-27T13:47:42","slug":"gjysmepentikostia-apostujt-karpi-alfeu-nga-te-70-t-deshmoret-averki-e-elena-sinesi-i-qipros","status":"publish","type":"post","link":"https:\/\/orthodoxalbania.org\/2020\/2021\/05\/26\/gjysmepentikostia-apostujt-karpi-alfeu-nga-te-70-t-deshmoret-averki-e-elena-sinesi-i-qipros\/","title":{"rendered":"Gjysm\u00ebpentikostia. Apostujt Karpi, Alfeu nga t\u00eb 70-t. D\u00ebshmor\u00ebt Averki e Elena. Sinesi i Qipros."},"content":{"rendered":"<h4 class=\"o9v6fnle cxmmr5t8 oygrvhab hcukyx3x c1et5uql ii04i59q\" style=\"text-align: center;\"><strong>&#8211; Gjysm\u00ebpentikostia &#8211;<\/strong><\/h4>\n<div dir=\"auto\"><\/div>\n<div class=\"o9v6fnle cxmmr5t8 oygrvhab hcukyx3x c1et5uql ii04i59q\" style=\"text-align: justify;\">\n<div dir=\"auto\">N\u00eb mes t\u00eb jav\u00ebs s\u00eb kat\u00ebrt, kremtohet solemnisht dita mes Pashk\u00ebs dhe Rushajeve (Pes\u00ebdhjetores\/Pentikostis\u00eb). Kjo quhet festa e Gjysm\u00ebpentikostis\u00eb\/Mes-Rushajeve, n\u00eb t\u00eb cil\u00ebn Krishti &#8220;n\u00eb mes t\u00eb fest\u00ebs&#8221; i m\u00ebson njer\u00ebzit p\u00ebr misionin e tij shp\u00ebtimtar dhe i ofron t\u00eb gjith\u00ebve &#8220;ujin e gjall\u00eb&#8221; (Joani 7:14, 38).<\/p>\n<\/div>\n<\/div>\n<div class=\"o9v6fnle cxmmr5t8 oygrvhab hcukyx3x c1et5uql ii04i59q\" style=\"text-align: justify;\">\n<div dir=\"auto\">P\u00ebrs\u00ebri ne kujtohemi p\u00ebr pranin\u00eb e M\u00ebsuesit dhe p\u00ebr premtimin e tij shp\u00ebtimtar: &#8220;N\u00ebse dikush ka etje, le t\u00eb vij\u00eb tek un\u00eb e t\u00eb pij\u00eb&#8221; (Joani 7:37).<\/div>\n<div dir=\"auto\">Ne mendojm\u00eb p\u00ebrs\u00ebri p\u00ebr vdekjen dhe ngjalljen ton\u00eb me Krishtin n\u00eb Pag\u00ebzimin ton\u00eb dhe p\u00ebr marrjen e Shpirtit t\u00eb Shenjt\u00eb prej Tij n\u00eb Mirosjen. Ne &#8220;shohim mbrapa njer\u00ebn dhe paramarrim tjetr\u00ebn&#8221; si\u00e7 thot\u00eb nj\u00eb nga himnet e fest\u00ebs. Ne e dim\u00eb q\u00eb i p\u00ebrkasim mbret\u00ebris\u00eb s\u00eb Krishtit t\u00eb Ngjallur, ku &#8220;Shpirti dhe Nusja thon\u00eb \u2018Eja!\u2019 Dhe ai q\u00eb ka etje, le t\u00eb vij\u00eb; dhe ai q\u00eb do, le t\u00eb marr\u00eb si dhurat\u00eb ujin e jet\u00ebs&#8221; (Zbulesa 22:17; Isaia 55:1).<\/p>\n<\/div>\n<\/div>\n<div class=\"o9v6fnle cxmmr5t8 oygrvhab hcukyx3x c1et5uql ii04i59q\" style=\"text-align: justify;\">\n<div dir=\"auto\">N\u00eb mesin e fest\u00ebs, o Shp\u00ebtimtar, shuaje etjen e shpirtit tim me ujin e gjall\u00eb, si\u00e7 i ke premtuar t\u00eb gjith\u00ebve: N\u00ebse dikush ka etje, le t\u00eb vij\u00eb t\u00eb pij\u00eb! O Krisht Per\u00ebndi, Burim i jet\u00ebs, lavdi m\u00eb Ty (P\u00ebrl\u00ebshorja).<\/p>\n<\/div>\n<\/div>\n<div class=\"o9v6fnle cxmmr5t8 oygrvhab hcukyx3x c1et5uql ii04i59q\" style=\"text-align: justify;\">\n<div dir=\"auto\">Krishti Per\u00ebndi, Krijuesi dhe Zoti i t\u00eb gjithave, i ftoi t\u00eb gjith\u00eb n\u00eb mes t\u00eb fest\u00ebs: Ejani dhe pini ujin e pavdek\u00ebsis\u00eb! Ne falemi para Teje dhe th\u00ebrrasim plot besim: Falna m\u00ebshirat e tua, se Ti je Burimi i jet\u00ebs son\u00eb!<\/div>\n<\/div>\n<div dir=\"auto\"><\/div>\n<div dir=\"auto\"><img decoding=\"async\" class=\"lazyload aligncenter\" src=\"data:image\/svg+xml,%3Csvg%20xmlns%3D%27http%3A%2F%2Fwww.w3.org%2F2000%2Fsvg%27%20width%3D%27424%27%20height%3D%27615%27%20viewBox%3D%270%200%20424%20615%27%3E%3Crect%20width%3D%27424%27%20height%3D%27615%27%20fill-opacity%3D%220%22%2F%3E%3C%2Fsvg%3E\" data-orig-src=\"https:\/\/live.staticflickr.com\/65535\/51206517461_54e6f7ea88_b.jpg\" width=\"424\" height=\"615\" \/><\/div>\n<div class=\"o9v6fnle cxmmr5t8 oygrvhab hcukyx3x c1et5uql ii04i59q\" style=\"text-align: justify;\">\n<h4 dir=\"auto\" style=\"text-align: center;\"><strong>* * * * *<\/strong><\/h4>\n<\/div>\n<div class=\"o9v6fnle cxmmr5t8 oygrvhab hcukyx3x c1et5uql ii04i59q\" style=\"text-align: justify;\">\n<h4 dir=\"auto\" style=\"text-align: center;\"><strong>&#8211; Apostull Karpi nga t\u00eb 70-t &#8211;<\/strong><\/h4>\n<div dir=\"auto\"><\/div>\n<\/div>\n<div class=\"o9v6fnle cxmmr5t8 oygrvhab hcukyx3x c1et5uql ii04i59q\" style=\"text-align: justify;\">\n<div dir=\"auto\">Sh\u00ebn Karpi ishte dishepull i sh\u00ebn Pavlit, i cili transmetonte letrat e k\u00ebtij t\u00eb fundit te kishat e themeluara. Ktheu shum\u00eb pagan\u00eb me predikimin e tij dhe u b\u00eb m\u00eb pas episkop i Beres\u00eb n\u00eb Thrak\u00eb (sot qyteti bullgar Stara Zagora) duke ndri\u00e7uar k\u00ebt\u00eb krahin\u00eb si nj\u00eb diell shpirt\u00ebror.<\/p>\n<\/div>\n<\/div>\n<div class=\"o9v6fnle cxmmr5t8 oygrvhab hcukyx3x c1et5uql ii04i59q\">\n<div dir=\"auto\" style=\"text-align: justify;\">Kryente mrekulli t\u00eb shumta, \u00e7lironte t\u00eb demonizuar dhe drejtonte turm\u00ebn drejt Pag\u00ebzimit. Por zelli i tij apostolik i solli shum\u00eb vuajtje nga idhujtar\u00ebt dhe autoritetet, por i duroi. Pasi lavd\u00ebroi Per\u00ebndin\u00eb gjat\u00eb gjith\u00eb jet\u00ebs s\u00eb tij, fjeti n\u00eb paqe dhe lipsanet e tij t\u00eb shenjta kryejn\u00eb shum\u00eb mrekulli.<\/div>\n<\/div>\n<div dir=\"auto\"><\/div>\n<div dir=\"auto\"><\/div>\n","protected":false},"excerpt":{"rendered":"<p>&#8211; Gjysm\u00ebpentikostia &#8211; N\u00eb mes t\u00eb jav\u00ebs s\u00eb kat\u00ebrt, kremtohet solemnisht dita mes Pashk\u00ebs dhe Rushajeve (Pes\u00ebdhjetores\/Pentikostis\u00eb). Kjo quhet festa e Gjysm\u00ebpentikostis\u00eb\/Mes-Rushajeve, n\u00eb t\u00eb cil\u00ebn Krishti &#8220;n\u00eb mes t\u00eb fest\u00ebs&#8221; i m\u00ebson njer\u00ebzit p\u00ebr misionin e tij shp\u00ebtimtar dhe i ofron t\u00eb gjith\u00ebve &#8220;ujin e gjall\u00eb&#8221; (Joani 7:14, 38). P\u00ebrs\u00ebri ne kujtohemi p\u00ebr pranin\u00eb e M\u00ebsuesit dhe p\u00ebr premtimin e tij shp\u00ebtimtar: &#8220;N\u00ebse dikush ka<\/p>\n","protected":false},"author":7,"featured_media":54281,"comment_status":"closed","ping_status":"closed","sticky":false,"template":"","format":"standard","meta":{"_acf_changed":false,"pagelayer_contact_templates":[],"_pagelayer_content":"","inline_featured_image":false,"fifu_image_url":"https:\/\/live.staticflickr.com\/65535\/51206517621_844405dea0_b.jpg","fifu_image_alt":"","footnotes":""},"categories":[372],"tags":[],"class_list":["post-54278","post","type-post","status-publish","format-standard","has-post-thumbnail","hentry","category-shenjtoret-e-dites"],"acf":[],"yoast_head":"<!-- This site is optimized with the Yoast SEO plugin v27.2 - https:\/\/yoast.com\/product\/yoast-seo-wordpress\/ -->\n<title>Gjysm\u00ebpentikostia. Apostujt Karpi, Alfeu nga t\u00eb 70-t. D\u00ebshmor\u00ebt Averki e Elena. Sinesi i Qipros. - Kisha Orthodh\u03bfkse Autoqefale e Shqip\u00ebris\u00eb<\/title>\n<meta name=\"robots\" content=\"index, follow, max-snippet:-1, max-image-preview:large, max-video-preview:-1\" \/>\n<link rel=\"canonical\" href=\"https:\/\/orthodoxalbania.org\/2020\/2021\/05\/26\/gjysmepentikostia-apostujt-karpi-alfeu-nga-te-70-t-deshmoret-averki-e-elena-sinesi-i-qipros\/\" \/>\n<meta property=\"og:locale\" content=\"en_US\" \/>\n<meta property=\"og:type\" content=\"article\" \/>\n<meta property=\"og:title\" content=\"Gjysm\u00ebpentikostia. Apostujt Karpi, Alfeu nga t\u00eb 70-t. D\u00ebshmor\u00ebt Averki e Elena. Sinesi i Qipros. - Kisha Orthodh\u03bfkse Autoqefale e Shqip\u00ebris\u00eb\" \/>\n<meta property=\"og:description\" content=\"&#8211; Gjysm\u00ebpentikostia &#8211; N\u00eb mes t\u00eb jav\u00ebs s\u00eb kat\u00ebrt, kremtohet solemnisht dita mes Pashk\u00ebs dhe Rushajeve (Pes\u00ebdhjetores\/Pentikostis\u00eb). Kjo quhet festa e Gjysm\u00ebpentikostis\u00eb\/Mes-Rushajeve, n\u00eb t\u00eb cil\u00ebn Krishti &#8220;n\u00eb mes t\u00eb fest\u00ebs&#8221; i m\u00ebson njer\u00ebzit p\u00ebr misionin e tij shp\u00ebtimtar dhe i ofron t\u00eb gjith\u00ebve &#8220;ujin e gjall\u00eb&#8221; (Joani 7:14, 38). P\u00ebrs\u00ebri ne kujtohemi p\u00ebr pranin\u00eb e M\u00ebsuesit dhe p\u00ebr premtimin e tij shp\u00ebtimtar: &#8220;N\u00ebse dikush ka\" \/>\n<meta property=\"og:url\" content=\"https:\/\/orthodoxalbania.org\/2020\/2021\/05\/26\/gjysmepentikostia-apostujt-karpi-alfeu-nga-te-70-t-deshmoret-averki-e-elena-sinesi-i-qipros\/\" \/>\n<meta property=\"og:site_name\" content=\"Kisha Orthodh\u03bfkse Autoqefale e Shqip\u00ebris\u00eb\" \/>\n<meta property=\"article:publisher\" content=\"https:\/\/www.facebook.com\/koash1991\" \/>\n<meta property=\"article:published_time\" content=\"2021-05-25T22:00:41+00:00\" \/>\n<meta property=\"article:modified_time\" content=\"2021-05-27T13:47:42+00:00\" \/>\n<meta property=\"og:image\" content=\"https:\/\/live.staticflickr.com\/65535\/51206517621_844405dea0_b.jpg\" \/>\n<meta name=\"author\" content=\"Kisha Orthodhokse\" \/>\n<meta name=\"twitter:card\" content=\"summary_large_image\" \/>\n<meta name=\"twitter:image\" content=\"https:\/\/live.staticflickr.com\/65535\/51206517621_844405dea0_b.jpg\" \/>\n<meta name=\"twitter:label1\" content=\"Written by\" \/>\n\t<meta name=\"twitter:data1\" content=\"Kisha Orthodhokse\" \/>\n\t<meta name=\"twitter:label2\" content=\"Est. reading time\" \/>\n\t<meta name=\"twitter:data2\" content=\"2 minutes\" \/>\n<script type=\"application\/ld+json\" class=\"yoast-schema-graph\">{\"@context\":\"https:\/\/schema.org\",\"@graph\":[{\"@type\":\"Article\",\"@id\":\"https:\/\/orthodoxalbania.org\/2020\/2021\/05\/26\/gjysmepentikostia-apostujt-karpi-alfeu-nga-te-70-t-deshmoret-averki-e-elena-sinesi-i-qipros\/#article\",\"isPartOf\":{\"@id\":\"https:\/\/orthodoxalbania.org\/2020\/2021\/05\/26\/gjysmepentikostia-apostujt-karpi-alfeu-nga-te-70-t-deshmoret-averki-e-elena-sinesi-i-qipros\/\"},\"author\":{\"name\":\"Kisha Orthodhokse\",\"@id\":\"https:\/\/orthodoxalbania.org\/2020\/#\/schema\/person\/df745f942b70e045b3dc05a30211f0de\"},\"headline\":\"Gjysm\u00ebpentikostia. Apostujt Karpi, Alfeu nga t\u00eb 70-t. D\u00ebshmor\u00ebt Averki e Elena. Sinesi i Qipros.\",\"datePublished\":\"2021-05-25T22:00:41+00:00\",\"dateModified\":\"2021-05-27T13:47:42+00:00\",\"mainEntityOfPage\":{\"@id\":\"https:\/\/orthodoxalbania.org\/2020\/2021\/05\/26\/gjysmepentikostia-apostujt-karpi-alfeu-nga-te-70-t-deshmoret-averki-e-elena-sinesi-i-qipros\/\"},\"wordCount\":411,\"publisher\":{\"@id\":\"https:\/\/orthodoxalbania.org\/2020\/#organization\"},\"image\":{\"@id\":\"https:\/\/orthodoxalbania.org\/2020\/2021\/05\/26\/gjysmepentikostia-apostujt-karpi-alfeu-nga-te-70-t-deshmoret-averki-e-elena-sinesi-i-qipros\/#primaryimage\"},\"thumbnailUrl\":\"https:\/\/live.staticflickr.com\/65535\/51206517621_844405dea0_b.jpg\",\"articleSection\":[\"Shenjtor\u00ebt e dit\u00ebs\"],\"inLanguage\":\"en-US\"},{\"@type\":\"WebPage\",\"@id\":\"https:\/\/orthodoxalbania.org\/2020\/2021\/05\/26\/gjysmepentikostia-apostujt-karpi-alfeu-nga-te-70-t-deshmoret-averki-e-elena-sinesi-i-qipros\/\",\"url\":\"https:\/\/orthodoxalbania.org\/2020\/2021\/05\/26\/gjysmepentikostia-apostujt-karpi-alfeu-nga-te-70-t-deshmoret-averki-e-elena-sinesi-i-qipros\/\",\"name\":\"Gjysm\u00ebpentikostia. Apostujt Karpi, Alfeu nga t\u00eb 70-t. D\u00ebshmor\u00ebt Averki e Elena. Sinesi i Qipros. - Kisha Orthodh\u03bfkse Autoqefale e Shqip\u00ebris\u00eb\",\"isPartOf\":{\"@id\":\"https:\/\/orthodoxalbania.org\/2020\/#website\"},\"primaryImageOfPage\":{\"@id\":\"https:\/\/orthodoxalbania.org\/2020\/2021\/05\/26\/gjysmepentikostia-apostujt-karpi-alfeu-nga-te-70-t-deshmoret-averki-e-elena-sinesi-i-qipros\/#primaryimage\"},\"image\":{\"@id\":\"https:\/\/orthodoxalbania.org\/2020\/2021\/05\/26\/gjysmepentikostia-apostujt-karpi-alfeu-nga-te-70-t-deshmoret-averki-e-elena-sinesi-i-qipros\/#primaryimage\"},\"thumbnailUrl\":\"https:\/\/live.staticflickr.com\/65535\/51206517621_844405dea0_b.jpg\",\"datePublished\":\"2021-05-25T22:00:41+00:00\",\"dateModified\":\"2021-05-27T13:47:42+00:00\",\"breadcrumb\":{\"@id\":\"https:\/\/orthodoxalbania.org\/2020\/2021\/05\/26\/gjysmepentikostia-apostujt-karpi-alfeu-nga-te-70-t-deshmoret-averki-e-elena-sinesi-i-qipros\/#breadcrumb\"},\"inLanguage\":\"en-US\",\"potentialAction\":[{\"@type\":\"ReadAction\",\"target\":[\"https:\/\/orthodoxalbania.org\/2020\/2021\/05\/26\/gjysmepentikostia-apostujt-karpi-alfeu-nga-te-70-t-deshmoret-averki-e-elena-sinesi-i-qipros\/\"]}]},{\"@type\":\"ImageObject\",\"inLanguage\":\"en-US\",\"@id\":\"https:\/\/orthodoxalbania.org\/2020\/2021\/05\/26\/gjysmepentikostia-apostujt-karpi-alfeu-nga-te-70-t-deshmoret-averki-e-elena-sinesi-i-qipros\/#primaryimage\",\"url\":\"https:\/\/live.staticflickr.com\/65535\/51206517621_844405dea0_b.jpg\",\"contentUrl\":\"https:\/\/live.staticflickr.com\/65535\/51206517621_844405dea0_b.jpg\",\"width\":\"620\",\"height\":\"455\"},{\"@type\":\"BreadcrumbList\",\"@id\":\"https:\/\/orthodoxalbania.org\/2020\/2021\/05\/26\/gjysmepentikostia-apostujt-karpi-alfeu-nga-te-70-t-deshmoret-averki-e-elena-sinesi-i-qipros\/#breadcrumb\",\"itemListElement\":[{\"@type\":\"ListItem\",\"position\":1,\"name\":\"Home\",\"item\":\"https:\/\/orthodoxalbania.org\/2020\/\"},{\"@type\":\"ListItem\",\"position\":2,\"name\":\"Gjysm\u00ebpentikostia. Apostujt Karpi, Alfeu nga t\u00eb 70-t. D\u00ebshmor\u00ebt Averki e Elena. Sinesi i Qipros.\"}]},{\"@type\":\"WebSite\",\"@id\":\"https:\/\/orthodoxalbania.org\/2020\/#website\",\"url\":\"https:\/\/orthodoxalbania.org\/2020\/\",\"name\":\"Kisha Orthodh\u03bfkse Autoqefale e Shqip\u00ebris\u00eb\",\"description\":\"Fqja Zyrtare e Kish\u00ebs Orthodhokse Autoqefale e Shqip\u00ebris\u00eb me lajmet edhe informacionet zyrtare p\u00ebr struktur\u00ebn edhe veprimtarin e saj.\",\"publisher\":{\"@id\":\"https:\/\/orthodoxalbania.org\/2020\/#organization\"},\"potentialAction\":[{\"@type\":\"SearchAction\",\"target\":{\"@type\":\"EntryPoint\",\"urlTemplate\":\"https:\/\/orthodoxalbania.org\/2020\/?s={search_term_string}\"},\"query-input\":{\"@type\":\"PropertyValueSpecification\",\"valueRequired\":true,\"valueName\":\"search_term_string\"}}],\"inLanguage\":\"en-US\"},{\"@type\":\"Organization\",\"@id\":\"https:\/\/orthodoxalbania.org\/2020\/#organization\",\"name\":\"Kisha Orthodhokse Autoqefale e Shqip\u00ebris\u00eb\",\"url\":\"https:\/\/orthodoxalbania.org\/2020\/\",\"logo\":{\"@type\":\"ImageObject\",\"inLanguage\":\"en-US\",\"@id\":\"https:\/\/orthodoxalbania.org\/2020\/#\/schema\/logo\/image\/\",\"url\":\"https:\/\/orthodoxalbania.org\/2020\/wp-content\/uploads\/2020\/05\/albania.jpeg\",\"contentUrl\":\"https:\/\/orthodoxalbania.org\/2020\/wp-content\/uploads\/2020\/05\/albania.jpeg\",\"width\":540,\"height\":540,\"caption\":\"Kisha Orthodhokse Autoqefale e Shqip\u00ebris\u00eb\"},\"image\":{\"@id\":\"https:\/\/orthodoxalbania.org\/2020\/#\/schema\/logo\/image\/\"},\"sameAs\":[\"https:\/\/www.facebook.com\/koash1991\"]},{\"@type\":\"Person\",\"@id\":\"https:\/\/orthodoxalbania.org\/2020\/#\/schema\/person\/df745f942b70e045b3dc05a30211f0de\",\"name\":\"Kisha Orthodhokse\",\"image\":{\"@type\":\"ImageObject\",\"inLanguage\":\"en-US\",\"@id\":\"https:\/\/secure.gravatar.com\/avatar\/2676eb8d97178435c9f691a7871595a1da6c33542dec218bce40885573150e28?s=96&d=mm&r=g\",\"url\":\"https:\/\/secure.gravatar.com\/avatar\/2676eb8d97178435c9f691a7871595a1da6c33542dec218bce40885573150e28?s=96&d=mm&r=g\",\"contentUrl\":\"https:\/\/secure.gravatar.com\/avatar\/2676eb8d97178435c9f691a7871595a1da6c33542dec218bce40885573150e28?s=96&d=mm&r=g\",\"caption\":\"Kisha Orthodhokse\"}}]}<\/script>\n<!-- \/ Yoast SEO plugin. -->","yoast_head_json":{"title":"Gjysm\u00ebpentikostia. Apostujt Karpi, Alfeu nga t\u00eb 70-t. D\u00ebshmor\u00ebt Averki e Elena. Sinesi i Qipros. - Kisha Orthodh\u03bfkse Autoqefale e Shqip\u00ebris\u00eb","robots":{"index":"index","follow":"follow","max-snippet":"max-snippet:-1","max-image-preview":"max-image-preview:large","max-video-preview":"max-video-preview:-1"},"canonical":"https:\/\/orthodoxalbania.org\/2020\/2021\/05\/26\/gjysmepentikostia-apostujt-karpi-alfeu-nga-te-70-t-deshmoret-averki-e-elena-sinesi-i-qipros\/","og_locale":"en_US","og_type":"article","og_title":"Gjysm\u00ebpentikostia. Apostujt Karpi, Alfeu nga t\u00eb 70-t. D\u00ebshmor\u00ebt Averki e Elena. Sinesi i Qipros. - Kisha Orthodh\u03bfkse Autoqefale e Shqip\u00ebris\u00eb","og_description":"&#8211; Gjysm\u00ebpentikostia &#8211; N\u00eb mes t\u00eb jav\u00ebs s\u00eb kat\u00ebrt, kremtohet solemnisht dita mes Pashk\u00ebs dhe Rushajeve (Pes\u00ebdhjetores\/Pentikostis\u00eb). Kjo quhet festa e Gjysm\u00ebpentikostis\u00eb\/Mes-Rushajeve, n\u00eb t\u00eb cil\u00ebn Krishti &#8220;n\u00eb mes t\u00eb fest\u00ebs&#8221; i m\u00ebson njer\u00ebzit p\u00ebr misionin e tij shp\u00ebtimtar dhe i ofron t\u00eb gjith\u00ebve &#8220;ujin e gjall\u00eb&#8221; (Joani 7:14, 38). P\u00ebrs\u00ebri ne kujtohemi p\u00ebr pranin\u00eb e M\u00ebsuesit dhe p\u00ebr premtimin e tij shp\u00ebtimtar: &#8220;N\u00ebse dikush ka","og_url":"https:\/\/orthodoxalbania.org\/2020\/2021\/05\/26\/gjysmepentikostia-apostujt-karpi-alfeu-nga-te-70-t-deshmoret-averki-e-elena-sinesi-i-qipros\/","og_site_name":"Kisha Orthodh\u03bfkse Autoqefale e Shqip\u00ebris\u00eb","article_publisher":"https:\/\/www.facebook.com\/koash1991","article_published_time":"2021-05-25T22:00:41+00:00","article_modified_time":"2021-05-27T13:47:42+00:00","og_image":[{"url":"https:\/\/live.staticflickr.com\/65535\/51206517621_844405dea0_b.jpg","type":"","width":"","height":""}],"author":"Kisha Orthodhokse","twitter_card":"summary_large_image","twitter_image":"https:\/\/live.staticflickr.com\/65535\/51206517621_844405dea0_b.jpg","twitter_misc":{"Written by":"Kisha Orthodhokse","Est. reading time":"2 minutes"},"schema":{"@context":"https:\/\/schema.org","@graph":[{"@type":"Article","@id":"https:\/\/orthodoxalbania.org\/2020\/2021\/05\/26\/gjysmepentikostia-apostujt-karpi-alfeu-nga-te-70-t-deshmoret-averki-e-elena-sinesi-i-qipros\/#article","isPartOf":{"@id":"https:\/\/orthodoxalbania.org\/2020\/2021\/05\/26\/gjysmepentikostia-apostujt-karpi-alfeu-nga-te-70-t-deshmoret-averki-e-elena-sinesi-i-qipros\/"},"author":{"name":"Kisha Orthodhokse","@id":"https:\/\/orthodoxalbania.org\/2020\/#\/schema\/person\/df745f942b70e045b3dc05a30211f0de"},"headline":"Gjysm\u00ebpentikostia. Apostujt Karpi, Alfeu nga t\u00eb 70-t. D\u00ebshmor\u00ebt Averki e Elena. Sinesi i Qipros.","datePublished":"2021-05-25T22:00:41+00:00","dateModified":"2021-05-27T13:47:42+00:00","mainEntityOfPage":{"@id":"https:\/\/orthodoxalbania.org\/2020\/2021\/05\/26\/gjysmepentikostia-apostujt-karpi-alfeu-nga-te-70-t-deshmoret-averki-e-elena-sinesi-i-qipros\/"},"wordCount":411,"publisher":{"@id":"https:\/\/orthodoxalbania.org\/2020\/#organization"},"image":{"@id":"https:\/\/orthodoxalbania.org\/2020\/2021\/05\/26\/gjysmepentikostia-apostujt-karpi-alfeu-nga-te-70-t-deshmoret-averki-e-elena-sinesi-i-qipros\/#primaryimage"},"thumbnailUrl":"https:\/\/live.staticflickr.com\/65535\/51206517621_844405dea0_b.jpg","articleSection":["Shenjtor\u00ebt e dit\u00ebs"],"inLanguage":"en-US"},{"@type":"WebPage","@id":"https:\/\/orthodoxalbania.org\/2020\/2021\/05\/26\/gjysmepentikostia-apostujt-karpi-alfeu-nga-te-70-t-deshmoret-averki-e-elena-sinesi-i-qipros\/","url":"https:\/\/orthodoxalbania.org\/2020\/2021\/05\/26\/gjysmepentikostia-apostujt-karpi-alfeu-nga-te-70-t-deshmoret-averki-e-elena-sinesi-i-qipros\/","name":"Gjysm\u00ebpentikostia. Apostujt Karpi, Alfeu nga t\u00eb 70-t. D\u00ebshmor\u00ebt Averki e Elena. Sinesi i Qipros. - Kisha Orthodh\u03bfkse Autoqefale e Shqip\u00ebris\u00eb","isPartOf":{"@id":"https:\/\/orthodoxalbania.org\/2020\/#website"},"primaryImageOfPage":{"@id":"https:\/\/orthodoxalbania.org\/2020\/2021\/05\/26\/gjysmepentikostia-apostujt-karpi-alfeu-nga-te-70-t-deshmoret-averki-e-elena-sinesi-i-qipros\/#primaryimage"},"image":{"@id":"https:\/\/orthodoxalbania.org\/2020\/2021\/05\/26\/gjysmepentikostia-apostujt-karpi-alfeu-nga-te-70-t-deshmoret-averki-e-elena-sinesi-i-qipros\/#primaryimage"},"thumbnailUrl":"https:\/\/live.staticflickr.com\/65535\/51206517621_844405dea0_b.jpg","datePublished":"2021-05-25T22:00:41+00:00","dateModified":"2021-05-27T13:47:42+00:00","breadcrumb":{"@id":"https:\/\/orthodoxalbania.org\/2020\/2021\/05\/26\/gjysmepentikostia-apostujt-karpi-alfeu-nga-te-70-t-deshmoret-averki-e-elena-sinesi-i-qipros\/#breadcrumb"},"inLanguage":"en-US","potentialAction":[{"@type":"ReadAction","target":["https:\/\/orthodoxalbania.org\/2020\/2021\/05\/26\/gjysmepentikostia-apostujt-karpi-alfeu-nga-te-70-t-deshmoret-averki-e-elena-sinesi-i-qipros\/"]}]},{"@type":"ImageObject","inLanguage":"en-US","@id":"https:\/\/orthodoxalbania.org\/2020\/2021\/05\/26\/gjysmepentikostia-apostujt-karpi-alfeu-nga-te-70-t-deshmoret-averki-e-elena-sinesi-i-qipros\/#primaryimage","url":"https:\/\/live.staticflickr.com\/65535\/51206517621_844405dea0_b.jpg","contentUrl":"https:\/\/live.staticflickr.com\/65535\/51206517621_844405dea0_b.jpg","width":"620","height":"455"},{"@type":"BreadcrumbList","@id":"https:\/\/orthodoxalbania.org\/2020\/2021\/05\/26\/gjysmepentikostia-apostujt-karpi-alfeu-nga-te-70-t-deshmoret-averki-e-elena-sinesi-i-qipros\/#breadcrumb","itemListElement":[{"@type":"ListItem","position":1,"name":"Home","item":"https:\/\/orthodoxalbania.org\/2020\/"},{"@type":"ListItem","position":2,"name":"Gjysm\u00ebpentikostia. Apostujt Karpi, Alfeu nga t\u00eb 70-t. D\u00ebshmor\u00ebt Averki e Elena. Sinesi i Qipros."}]},{"@type":"WebSite","@id":"https:\/\/orthodoxalbania.org\/2020\/#website","url":"https:\/\/orthodoxalbania.org\/2020\/","name":"Kisha Orthodh\u03bfkse Autoqefale e Shqip\u00ebris\u00eb","description":"Fqja Zyrtare e Kish\u00ebs Orthodhokse Autoqefale e Shqip\u00ebris\u00eb me lajmet edhe informacionet zyrtare p\u00ebr struktur\u00ebn edhe veprimtarin e saj.","publisher":{"@id":"https:\/\/orthodoxalbania.org\/2020\/#organization"},"potentialAction":[{"@type":"SearchAction","target":{"@type":"EntryPoint","urlTemplate":"https:\/\/orthodoxalbania.org\/2020\/?s={search_term_string}"},"query-input":{"@type":"PropertyValueSpecification","valueRequired":true,"valueName":"search_term_string"}}],"inLanguage":"en-US"},{"@type":"Organization","@id":"https:\/\/orthodoxalbania.org\/2020\/#organization","name":"Kisha Orthodhokse Autoqefale e Shqip\u00ebris\u00eb","url":"https:\/\/orthodoxalbania.org\/2020\/","logo":{"@type":"ImageObject","inLanguage":"en-US","@id":"https:\/\/orthodoxalbania.org\/2020\/#\/schema\/logo\/image\/","url":"https:\/\/orthodoxalbania.org\/2020\/wp-content\/uploads\/2020\/05\/albania.jpeg","contentUrl":"https:\/\/orthodoxalbania.org\/2020\/wp-content\/uploads\/2020\/05\/albania.jpeg","width":540,"height":540,"caption":"Kisha Orthodhokse Autoqefale e Shqip\u00ebris\u00eb"},"image":{"@id":"https:\/\/orthodoxalbania.org\/2020\/#\/schema\/logo\/image\/"},"sameAs":["https:\/\/www.facebook.com\/koash1991"]},{"@type":"Person","@id":"https:\/\/orthodoxalbania.org\/2020\/#\/schema\/person\/df745f942b70e045b3dc05a30211f0de","name":"Kisha Orthodhokse","image":{"@type":"ImageObject","inLanguage":"en-US","@id":"https:\/\/secure.gravatar.com\/avatar\/2676eb8d97178435c9f691a7871595a1da6c33542dec218bce40885573150e28?s=96&d=mm&r=g","url":"https:\/\/secure.gravatar.com\/avatar\/2676eb8d97178435c9f691a7871595a1da6c33542dec218bce40885573150e28?s=96&d=mm&r=g","contentUrl":"https:\/\/secure.gravatar.com\/avatar\/2676eb8d97178435c9f691a7871595a1da6c33542dec218bce40885573150e28?s=96&d=mm&r=g","caption":"Kisha Orthodhokse"}}]}},"_links":{"self":[{"href":"https:\/\/orthodoxalbania.org\/2020\/wp-json\/wp\/v2\/posts\/54278","targetHints":{"allow":["GET"]}}],"collection":[{"href":"https:\/\/orthodoxalbania.org\/2020\/wp-json\/wp\/v2\/posts"}],"about":[{"href":"https:\/\/orthodoxalbania.org\/2020\/wp-json\/wp\/v2\/types\/post"}],"author":[{"embeddable":true,"href":"https:\/\/orthodoxalbania.org\/2020\/wp-json\/wp\/v2\/users\/7"}],"replies":[{"embeddable":true,"href":"https:\/\/orthodoxalbania.org\/2020\/wp-json\/wp\/v2\/comments?post=54278"}],"version-history":[{"count":1,"href":"https:\/\/orthodoxalbania.org\/2020\/wp-json\/wp\/v2\/posts\/54278\/revisions"}],"predecessor-version":[{"id":54280,"href":"https:\/\/orthodoxalbania.org\/2020\/wp-json\/wp\/v2\/posts\/54278\/revisions\/54280"}],"wp:featuredmedia":[{"embeddable":true,"href":"https:\/\/orthodoxalbania.org\/2020\/wp-json\/wp\/v2\/media\/54281"}],"wp:attachment":[{"href":"https:\/\/orthodoxalbania.org\/2020\/wp-json\/wp\/v2\/media?parent=54278"}],"wp:term":[{"taxonomy":"category","embeddable":true,"href":"https:\/\/orthodoxalbania.org\/2020\/wp-json\/wp\/v2\/categories?post=54278"},{"taxonomy":"post_tag","embeddable":true,"href":"https:\/\/orthodoxalbania.org\/2020\/wp-json\/wp\/v2\/tags?post=54278"}],"curies":[{"name":"wp","href":"https:\/\/api.w.org\/{rel}","templated":true}]}}