{"id":542,"date":"2013-10-16T09:54:17","date_gmt":"2013-10-16T09:54:17","guid":{"rendered":""},"modified":"2020-04-06T22:05:31","modified_gmt":"2020-04-06T20:05:31","slug":"festohet-20-vjetori-i-lidhjes-rinore-orthodhokse-te-ballkanit","status":"publish","type":"post","link":"https:\/\/orthodoxalbania.org\/2020\/2013\/10\/16\/festohet-20-vjetori-i-lidhjes-rinore-orthodhokse-te-ballkanit\/","title":{"rendered":"Festohet 20 vjetori i Lidhjes Rinore Orthodhokse t\u00eb Ballkanit (BOYA-Balkan Orthodox Youth Association). (3 \u2013 6 Tetor 2013)"},"content":{"rendered":"<div style=\"text-align: justify;\"><span style=\"color: #000000; font-family: helvetica;\"><img decoding=\"async\" class=\"lazyload HAa Eha\" style=\"width: 400px; height: 300px; margin: 10px; float: left; border-width: 1px; border-style: solid;\" alt=\"\" src=\"data:image\/gif;base64,R0lGODlhAQABAAAAACH5BAEKAAEALAAAAAABAAEAAAICTAEAOw==\" data-orig-src=\"https:\/\/lh4.googleusercontent.com\/-pdk8ixHlKkU\/Ul5fVEO3EDI\/AAAAAAAAGsE\/2dbxnerSCIw\/w702-h527-no\/evro+1.JPG\" \/><span style=\"font-size: 12pt;\">&nbsp;&nbsp;&nbsp; N\u00eb Evro n\u00eb datat 3\u20136 tetor 2013, n\u00eb ambientet e kampeve rinore t\u00eb Makrit n\u00eb Aleksandropoli t\u00eb Greqis\u00eb, me bekimin dhe mikpritjen e Mitropolitit t\u00eb Aleksandropolit z. Anthimo, u zhvillua nj\u00eb aktivitet festiv me rastin e krijimit t\u00eb 20 vjetorit t\u00eb Lidhjes Rinore Orthodhokse t\u00eb Ballkanit ose si\u00e7 quhet ndryshe BOYA (Balkan Orthodox Youth Association).<\/span><\/span><\/div>\n<div style=\"text-align: justify;\"><span style=\"color: #000000; font-family: helvetica; font-size: 12pt;\"> &nbsp;&nbsp;&nbsp; Q\u00ebllimi kryesor i Balkan Orthodox Youth Association \u00ebsht\u00eb forcimi dhe zhvillimi i marr\u00ebdh\u00ebnieve t\u00eb t\u00eb rinjve orthodhoks\u00eb si dhe inkurajimi i bashk\u00ebpunimit mes kishave motra t\u00eb Ballkanit, n\u00ebp\u00ebrmjet l\u00ebvizjeve rinore, duke u bazuar n\u00eb besimin orthodhoks dhe n\u00eb tradit\u00ebn e saj.<\/span><\/div>\n<div style=\"text-align: justify;\"><span style=\"color: #000000; font-family: helvetica; font-size: 12pt;\"> &nbsp;&nbsp;&nbsp; N\u00eb k\u00ebt\u00eb aktivitet mor\u00ebn pjes\u00eb rreth 50 persona, t\u00eb rinj, p\u00ebrfaq\u00ebsues t\u00eb rinive orthodhokse, q\u00eb vinin nga t\u00eb gjitha vendet orthodhokse t\u00eb Ballkanit duke p\u00ebrfshire edhe 4 pjes\u00ebmarr\u00ebs nga vendi yn\u00eb, Shqip\u00ebria.<\/span><\/div>\n<div style=\"text-align: justify;\"><span style=\"color: #000000; font-family: helvetica; font-size: 12pt;\"> &nbsp;&nbsp;&nbsp; Tema e k\u00ebtij takimi ishte: \u201cQ\u00eb t\u00eb gjith\u00eb t\u00eb jemi nj\u00eb\u201d, varg i shk\u00ebputur nga Ungjilli sipas Joanit (17:21).<\/span><\/div>\n<div style=\"text-align: justify;\"><span style=\"color: #000000; font-family: helvetica; font-size: 12pt;\"> &nbsp;&nbsp;&nbsp; N\u00eb k\u00ebto takime p\u00ebrve\u00e7 an\u00ebs fetare, kultivohet dhe fuqizohet miq\u00ebsia dhe harmonia nd\u00ebrmjet shteteve fqinje t\u00eb Ballkanit.<\/span><\/div>\n<div style=\"text-align: justify;\"><span style=\"color: #000000; font-family: helvetica; font-size: 12pt;\"> &nbsp;&nbsp;&nbsp; K\u00ebto aktivitete organizohen me bekimin e drejtuesve kishtar\u00eb, t\u00eb cil\u00ebt duan dhe urojn\u00eb q\u00eb t\u00eb rinjt\u00eb, n\u00eb mosh\u00eb relativisht t\u00eb re, nx\u00ebn\u00ebs apo student\u00eb t\u00eb formuar, t\u00eb b\u00ebhen&nbsp; pjes\u00eb e programeve t\u00eb tilla n\u00eb m\u00ebnyr\u00eb q\u00eb t\u00eb krijohen lidhje dhe shk\u00ebmbime eksperiencash midis t\u00eb rinjve orthodhoks\u00eb.<\/span><\/div>\n<div style=\"text-align: justify;\"><span style=\"color: #000000; font-family: helvetica; font-size: 12pt;\"> &nbsp;&nbsp; Aktiviteti filloi me njohjen nd\u00ebrmjet t\u00eb rinjve pjes\u00ebmarr\u00ebs dhe me nj\u00eb referat rreth tem\u00ebs i cili u mbajt nga At\u00eb KostandinVleci, sekretari rajonal p\u00ebr Selanikun.<\/span><\/div>\n<div style=\"text-align: justify;\"><span style=\"color: #000000; font-family: helvetica; font-size: 12pt;\"> &nbsp;&nbsp;&nbsp;&nbsp; N\u00eb dit\u00ebn e par\u00eb ishte i pranish\u00ebm Mitropoliti i Aleksandropolit, Imzot Anthimo, i cili u uroi mir\u00ebseardhjen pjes\u00ebmarr\u00ebsve dhe u shpreh se ishte k\u00ebnaq\u00ebsi e madhe q\u00eb ky aktivitet i r\u00ebnd\u00ebsish\u00ebm t\u00eb organizohej n\u00eb mitropolin\u00eb e tij. \u201cNe orthodhoks\u00ebt kudo n\u00eb bot\u00eb jemi nj\u00eb trup i vet\u00ebm, dhe kufijt\u00eb nuk duhet t\u00eb p\u00ebrb\u00ebjn\u00eb ndarjen nd\u00ebrmjet nesh. K\u00ebshtu do t\u00eb mbetemi gjithnj\u00eb t\u00eb bashkuar me Krishtin, pik\u00ebrisht ashtu si Ai vet\u00eb donte dhe uroi&#8230;\u201d,&nbsp; &#8211; u shpreh ai.<\/span><\/div>\n<div style=\"text-align: justify;\"><span style=\"color: #000000; font-family: helvetica; font-size: 12pt;\"> &nbsp;&nbsp;&nbsp; Vijuan m\u00eb pas p\u00ebrsh\u00ebndetjet dhe shfaqjet e p\u00ebrgatitura nga \u00e7do vend p\u00ebrfaq\u00ebsues p\u00ebr t\u00eb ndar\u00eb me t\u00eb rinjt\u00eb e tjer\u00eb eksperiencat e viteve t\u00eb kaluara n\u00eb lidhje me aktivitete t\u00eb tilla t\u00eb ngjashme nga vendet ku ata vinin.<\/span><\/div>\n<div style=\"text-align: justify;\"><span style=\"color: #000000; font-family: helvetica; font-size: 12pt;\"> &nbsp;&nbsp;&nbsp; Dita e dyt\u00eb vijoi me vizita dhe ekskursione n\u00eb vendet turistiske dhe n\u00eb manastiret e dioqez\u00ebs. Programi p\u00ebrmbante vizita t\u00eb bukura dhe t\u00eb organizuara mir\u00eb p\u00ebr t\u00eb rinjt\u00eb. Pjes\u00ebmarr\u00ebsit vizituan 2 manastire, Kosmosotira dhe Portaitisa, ku nderuan dhe lipsanet e shenjtor\u00ebve, vizituan kisha t\u00eb ndryshme, q\u00ebndra kulturore t\u00eb zonave t\u00eb af\u00ebrta dhe Parkun Komb\u00ebtar, Delta Evru, i cili njihet si nj\u00eb nga vendet m\u00eb turistike t\u00eb Thrak\u00ebs p\u00ebr faun\u00ebn dhe flor\u00ebn, shpend\u00ebt dhe zogjt\u00eb, peshqit dhe shum\u00eb t\u00eb tjera. Ky park renditet i dyti n\u00eb Mesdhe p\u00ebr nga r\u00ebnd\u00ebsia e tij.<\/span><\/div>\n<div style=\"text-align: justify;\"><span style=\"color: #000000; font-family: helvetica; font-size: 12pt;\"> &nbsp;&nbsp;&nbsp; Dita e tret\u00eb, data 6 tetor, ishte dita e diel\u00eb. T\u00eb rinjt\u00eb shkuan n\u00eb manastirin \u201cFjetja e Hyjlind\u00ebses\u201d ku edhe mor\u00ebn pjes\u00eb n\u00eb Liturgjin\u00eb Hyjnore dhe m\u00eb pas u larguan drejt vendeve t\u00eb tyre duke pasur k\u00ebshtu nj\u00eb experienc\u00eb t\u00eb bukur, nj\u00eb p\u00ebrvoj\u00eb ashtu si\u00e7 i kishte hije edhe tem\u00ebs qendrore t\u00eb k\u00ebtij aktiviteti \u201cQ\u00eb t\u00eb gjith\u00eb t\u00eb jemi nj\u00eb\u201d.<\/span><\/div>\n<div style=\"text-align: right;\">\n<p><span style=\"color: #000000; font-family: helvetica; font-size: 12pt;\"> <strong>Joan Meni<\/strong><\/span><\/div>\n<p style=\"text-align: justify;\"><span style=\"color: #000000; font-family: helvetica; font-size: 12pt;\"><img decoding=\"async\" class=\"lazyload HAa Eha\" style=\"height: 450px; width: 600px; margin: 10px; border-width: 1px; border-style: solid;\" alt=\"\" src=\"data:image\/gif;base64,R0lGODlhAQABAAAAACH5BAEKAAEALAAAAAABAAEAAAICTAEAOw==\" data-orig-src=\"https:\/\/lh4.googleusercontent.com\/-770yPNKaGK4\/Ul5f5v4N22I\/AAAAAAAAGsU\/Ffk0TrzQU60\/w702-h527-no\/evro+2.JPG\" \/><\/span><\/p>\n<p style=\"text-align: justify;\"><span style=\"color: #000000; font-family: helvetica; font-size: 12pt;\"><img decoding=\"async\" class=\"lazyload HAa Eha\" style=\"height: 450px; width: 600px; margin: 10px; border-width: 1px; border-style: solid;\" alt=\"\" src=\"data:image\/gif;base64,R0lGODlhAQABAAAAACH5BAEKAAEALAAAAAABAAEAAAICTAEAOw==\" data-orig-src=\"https:\/\/lh3.googleusercontent.com\/-F8a3fFRtxE8\/Ul5gIcUpBGI\/AAAAAAAAGsc\/_ILr5C6OY2E\/w702-h527-no\/evro+3.JPG\" \/><\/span><\/p>\n<p style=\"text-align: justify;\"><span style=\"color: #000000; font-family: helvetica; font-size: 12pt;\"><img decoding=\"async\" class=\"lazyload HAa Eha\" style=\"height: 450px; width: 600px; margin: 10px; border-width: 1px; border-style: solid;\" alt=\"\" src=\"data:image\/gif;base64,R0lGODlhAQABAAAAACH5BAEKAAEALAAAAAABAAEAAAICTAEAOw==\" data-orig-src=\"https:\/\/lh4.googleusercontent.com\/-9235d17_nnk\/Ul5ftF5TaLI\/AAAAAAAAGsM\/QTSg9kX_jxc\/w702-h527-no\/Evro+4.JPG\" \/><\/span><\/p>\n<p style=\"text-align: justify;\"><span style=\"font-family: helvetica; font-size: 12pt;\"><\/span><\/p>\n","protected":false},"excerpt":{"rendered":"<p>&nbsp;&nbsp;&nbsp; N\u00eb Evro n\u00eb datat 3\u20136 tetor 2013, n\u00eb ambientet e kampeve rinore t\u00eb Makrit n\u00eb Aleksandropoli t\u00eb Greqis\u00eb, me bekimin dhe mikpritjen e Mitropolitit t\u00eb Aleksandropolit z. Anthimo, u zhvillua nj\u00eb aktivitet festiv me rastin e krijimit t\u00eb 20 vjetorit t\u00eb Lidhjes Rinore Orthodhokse t\u00eb Ballkanit ose si\u00e7 quhet ndryshe BOYA (Balkan Orthodox Youth Association). &nbsp;&nbsp;&nbsp; Q\u00ebllimi kryesor i Balkan Orthodox Youth Association \u00ebsht\u00eb<\/p>\n","protected":false},"author":1,"featured_media":0,"comment_status":"open","ping_status":"open","sticky":false,"template":"","format":"standard","meta":{"_acf_changed":false,"pagelayer_contact_templates":[],"_pagelayer_content":"","inline_featured_image":false,"fifu_image_url":"","fifu_image_alt":"","footnotes":""},"categories":[108],"tags":[141,153,196,212,176],"class_list":["post-542","post","type-post","status-publish","format-standard","hentry","category-lajme","tag-141","tag-deklarata-njoftime-zyrtare-d75","tag-tirane","tag-lajme-d27","tag-rinia-orthodhokse"],"acf":[],"yoast_head":"<!-- This site is optimized with the Yoast SEO plugin v27.2 - https:\/\/yoast.com\/product\/yoast-seo-wordpress\/ -->\n<title>Festohet 20 vjetori i Lidhjes Rinore Orthodhokse t\u00eb Ballkanit (BOYA-Balkan Orthodox Youth Association). (3 \u2013 6 Tetor 2013) - Kisha Orthodh\u03bfkse Autoqefale e Shqip\u00ebris\u00eb<\/title>\n<meta name=\"robots\" content=\"index, follow, max-snippet:-1, max-image-preview:large, max-video-preview:-1\" \/>\n<link rel=\"canonical\" href=\"https:\/\/orthodoxalbania.org\/2020\/2013\/10\/16\/festohet-20-vjetori-i-lidhjes-rinore-orthodhokse-te-ballkanit\/\" \/>\n<meta property=\"og:locale\" content=\"en_US\" \/>\n<meta property=\"og:type\" content=\"article\" \/>\n<meta property=\"og:title\" content=\"Festohet 20 vjetori i Lidhjes Rinore Orthodhokse t\u00eb Ballkanit (BOYA-Balkan Orthodox Youth Association). (3 \u2013 6 Tetor 2013) - Kisha Orthodh\u03bfkse Autoqefale e Shqip\u00ebris\u00eb\" \/>\n<meta property=\"og:description\" content=\"&nbsp;&nbsp;&nbsp; N\u00eb Evro n\u00eb datat 3\u20136 tetor 2013, n\u00eb ambientet e kampeve rinore t\u00eb Makrit n\u00eb Aleksandropoli t\u00eb Greqis\u00eb, me bekimin dhe mikpritjen e Mitropolitit t\u00eb Aleksandropolit z. Anthimo, u zhvillua nj\u00eb aktivitet festiv me rastin e krijimit t\u00eb 20 vjetorit t\u00eb Lidhjes Rinore Orthodhokse t\u00eb Ballkanit ose si\u00e7 quhet ndryshe BOYA (Balkan Orthodox Youth Association). &nbsp;&nbsp;&nbsp; Q\u00ebllimi kryesor i Balkan Orthodox Youth Association \u00ebsht\u00eb\" \/>\n<meta property=\"og:url\" content=\"https:\/\/orthodoxalbania.org\/2020\/2013\/10\/16\/festohet-20-vjetori-i-lidhjes-rinore-orthodhokse-te-ballkanit\/\" \/>\n<meta property=\"og:site_name\" content=\"Kisha Orthodh\u03bfkse Autoqefale e Shqip\u00ebris\u00eb\" \/>\n<meta property=\"article:publisher\" content=\"https:\/\/www.facebook.com\/koash1991\" \/>\n<meta property=\"article:published_time\" content=\"2013-10-16T09:54:17+00:00\" \/>\n<meta property=\"article:modified_time\" content=\"2020-04-06T20:05:31+00:00\" \/>\n<meta property=\"og:image\" content=\"https:\/\/lh4.googleusercontent.com\/-pdk8ixHlKkU\/Ul5fVEO3EDI\/AAAAAAAAGsE\/2dbxnerSCIw\/w702-h527-no\/evro+1.JPG\" \/>\n<meta name=\"author\" content=\"Kisha Orthodhokse\" \/>\n<meta name=\"twitter:card\" content=\"summary_large_image\" \/>\n<meta name=\"twitter:label1\" content=\"Written by\" \/>\n\t<meta name=\"twitter:data1\" content=\"Kisha Orthodhokse\" \/>\n\t<meta name=\"twitter:label2\" content=\"Est. reading time\" \/>\n\t<meta name=\"twitter:data2\" content=\"3 minutes\" \/>\n<script type=\"application\/ld+json\" class=\"yoast-schema-graph\">{\"@context\":\"https:\/\/schema.org\",\"@graph\":[{\"@type\":\"Article\",\"@id\":\"https:\/\/orthodoxalbania.org\/2020\/2013\/10\/16\/festohet-20-vjetori-i-lidhjes-rinore-orthodhokse-te-ballkanit\/#article\",\"isPartOf\":{\"@id\":\"https:\/\/orthodoxalbania.org\/2020\/2013\/10\/16\/festohet-20-vjetori-i-lidhjes-rinore-orthodhokse-te-ballkanit\/\"},\"author\":{\"name\":\"Kisha Orthodhokse\",\"@id\":\"https:\/\/orthodoxalbania.org\/2020\/#\/schema\/person\/0c387634a7063ac612d7ed9ce71c7e86\"},\"headline\":\"Festohet 20 vjetori i Lidhjes Rinore Orthodhokse t\u00eb Ballkanit (BOYA-Balkan Orthodox Youth Association). (3 \u2013 6 Tetor 2013)\",\"datePublished\":\"2013-10-16T09:54:17+00:00\",\"dateModified\":\"2020-04-06T20:05:31+00:00\",\"mainEntityOfPage\":{\"@id\":\"https:\/\/orthodoxalbania.org\/2020\/2013\/10\/16\/festohet-20-vjetori-i-lidhjes-rinore-orthodhokse-te-ballkanit\/\"},\"wordCount\":624,\"commentCount\":0,\"publisher\":{\"@id\":\"https:\/\/orthodoxalbania.org\/2020\/#organization\"},\"image\":{\"@id\":\"https:\/\/orthodoxalbania.org\/2020\/2013\/10\/16\/festohet-20-vjetori-i-lidhjes-rinore-orthodhokse-te-ballkanit\/#primaryimage\"},\"thumbnailUrl\":\"https:\/\/lh4.googleusercontent.com\/-pdk8ixHlKkU\/Ul5fVEO3EDI\/AAAAAAAAGsE\/2dbxnerSCIw\/w702-h527-no\/evro+1.JPG\",\"keywords\":[\"2013\",\"Deklarata - Njoftime Zyrtare\",\"Kryepiskopata Tiran\u00eb\",\"lajme\",\"Rinia Orthodhokse\"],\"articleSection\":[\"Lajme\"],\"inLanguage\":\"en-US\"},{\"@type\":\"WebPage\",\"@id\":\"https:\/\/orthodoxalbania.org\/2020\/2013\/10\/16\/festohet-20-vjetori-i-lidhjes-rinore-orthodhokse-te-ballkanit\/\",\"url\":\"https:\/\/orthodoxalbania.org\/2020\/2013\/10\/16\/festohet-20-vjetori-i-lidhjes-rinore-orthodhokse-te-ballkanit\/\",\"name\":\"Festohet 20 vjetori i Lidhjes Rinore Orthodhokse t\u00eb Ballkanit (BOYA-Balkan Orthodox Youth Association). (3 \u2013 6 Tetor 2013) - Kisha Orthodh\u03bfkse Autoqefale e Shqip\u00ebris\u00eb\",\"isPartOf\":{\"@id\":\"https:\/\/orthodoxalbania.org\/2020\/#website\"},\"primaryImageOfPage\":{\"@id\":\"https:\/\/orthodoxalbania.org\/2020\/2013\/10\/16\/festohet-20-vjetori-i-lidhjes-rinore-orthodhokse-te-ballkanit\/#primaryimage\"},\"image\":{\"@id\":\"https:\/\/orthodoxalbania.org\/2020\/2013\/10\/16\/festohet-20-vjetori-i-lidhjes-rinore-orthodhokse-te-ballkanit\/#primaryimage\"},\"thumbnailUrl\":\"https:\/\/lh4.googleusercontent.com\/-pdk8ixHlKkU\/Ul5fVEO3EDI\/AAAAAAAAGsE\/2dbxnerSCIw\/w702-h527-no\/evro+1.JPG\",\"datePublished\":\"2013-10-16T09:54:17+00:00\",\"dateModified\":\"2020-04-06T20:05:31+00:00\",\"breadcrumb\":{\"@id\":\"https:\/\/orthodoxalbania.org\/2020\/2013\/10\/16\/festohet-20-vjetori-i-lidhjes-rinore-orthodhokse-te-ballkanit\/#breadcrumb\"},\"inLanguage\":\"en-US\",\"potentialAction\":[{\"@type\":\"ReadAction\",\"target\":[\"https:\/\/orthodoxalbania.org\/2020\/2013\/10\/16\/festohet-20-vjetori-i-lidhjes-rinore-orthodhokse-te-ballkanit\/\"]}]},{\"@type\":\"ImageObject\",\"inLanguage\":\"en-US\",\"@id\":\"https:\/\/orthodoxalbania.org\/2020\/2013\/10\/16\/festohet-20-vjetori-i-lidhjes-rinore-orthodhokse-te-ballkanit\/#primaryimage\",\"url\":\"https:\/\/lh4.googleusercontent.com\/-pdk8ixHlKkU\/Ul5fVEO3EDI\/AAAAAAAAGsE\/2dbxnerSCIw\/w702-h527-no\/evro+1.JPG\",\"contentUrl\":\"https:\/\/lh4.googleusercontent.com\/-pdk8ixHlKkU\/Ul5fVEO3EDI\/AAAAAAAAGsE\/2dbxnerSCIw\/w702-h527-no\/evro+1.JPG\"},{\"@type\":\"BreadcrumbList\",\"@id\":\"https:\/\/orthodoxalbania.org\/2020\/2013\/10\/16\/festohet-20-vjetori-i-lidhjes-rinore-orthodhokse-te-ballkanit\/#breadcrumb\",\"itemListElement\":[{\"@type\":\"ListItem\",\"position\":1,\"name\":\"Home\",\"item\":\"https:\/\/orthodoxalbania.org\/2020\/\"},{\"@type\":\"ListItem\",\"position\":2,\"name\":\"Festohet 20 vjetori i Lidhjes Rinore Orthodhokse t\u00eb Ballkanit (BOYA-Balkan Orthodox Youth Association). (3 \u2013 6 Tetor 2013)\"}]},{\"@type\":\"WebSite\",\"@id\":\"https:\/\/orthodoxalbania.org\/2020\/#website\",\"url\":\"https:\/\/orthodoxalbania.org\/2020\/\",\"name\":\"Kisha Orthodh\u03bfkse Autoqefale e Shqip\u00ebris\u00eb\",\"description\":\"Fqja Zyrtare e Kish\u00ebs Orthodhokse Autoqefale e Shqip\u00ebris\u00eb me lajmet edhe informacionet zyrtare p\u00ebr struktur\u00ebn edhe veprimtarin e saj.\",\"publisher\":{\"@id\":\"https:\/\/orthodoxalbania.org\/2020\/#organization\"},\"potentialAction\":[{\"@type\":\"SearchAction\",\"target\":{\"@type\":\"EntryPoint\",\"urlTemplate\":\"https:\/\/orthodoxalbania.org\/2020\/?s={search_term_string}\"},\"query-input\":{\"@type\":\"PropertyValueSpecification\",\"valueRequired\":true,\"valueName\":\"search_term_string\"}}],\"inLanguage\":\"en-US\"},{\"@type\":\"Organization\",\"@id\":\"https:\/\/orthodoxalbania.org\/2020\/#organization\",\"name\":\"Kisha Orthodhokse Autoqefale e Shqip\u00ebris\u00eb\",\"url\":\"https:\/\/orthodoxalbania.org\/2020\/\",\"logo\":{\"@type\":\"ImageObject\",\"inLanguage\":\"en-US\",\"@id\":\"https:\/\/orthodoxalbania.org\/2020\/#\/schema\/logo\/image\/\",\"url\":\"https:\/\/orthodoxalbania.org\/2020\/wp-content\/uploads\/2020\/05\/albania.jpeg\",\"contentUrl\":\"https:\/\/orthodoxalbania.org\/2020\/wp-content\/uploads\/2020\/05\/albania.jpeg\",\"width\":540,\"height\":540,\"caption\":\"Kisha Orthodhokse Autoqefale e Shqip\u00ebris\u00eb\"},\"image\":{\"@id\":\"https:\/\/orthodoxalbania.org\/2020\/#\/schema\/logo\/image\/\"},\"sameAs\":[\"https:\/\/www.facebook.com\/koash1991\"]},{\"@type\":\"Person\",\"@id\":\"https:\/\/orthodoxalbania.org\/2020\/#\/schema\/person\/0c387634a7063ac612d7ed9ce71c7e86\",\"name\":\"Kisha Orthodhokse\",\"image\":{\"@type\":\"ImageObject\",\"inLanguage\":\"en-US\",\"@id\":\"https:\/\/secure.gravatar.com\/avatar\/596e7c417251e30f2fbb9c00e026fce61a695a00e51c889caded71c96cbbdde5?s=96&d=mm&r=g\",\"url\":\"https:\/\/secure.gravatar.com\/avatar\/596e7c417251e30f2fbb9c00e026fce61a695a00e51c889caded71c96cbbdde5?s=96&d=mm&r=g\",\"contentUrl\":\"https:\/\/secure.gravatar.com\/avatar\/596e7c417251e30f2fbb9c00e026fce61a695a00e51c889caded71c96cbbdde5?s=96&d=mm&r=g\",\"caption\":\"Kisha Orthodhokse\"}}]}<\/script>\n<!-- \/ Yoast SEO plugin. -->","yoast_head_json":{"title":"Festohet 20 vjetori i Lidhjes Rinore Orthodhokse t\u00eb Ballkanit (BOYA-Balkan Orthodox Youth Association). (3 \u2013 6 Tetor 2013) - Kisha Orthodh\u03bfkse Autoqefale e Shqip\u00ebris\u00eb","robots":{"index":"index","follow":"follow","max-snippet":"max-snippet:-1","max-image-preview":"max-image-preview:large","max-video-preview":"max-video-preview:-1"},"canonical":"https:\/\/orthodoxalbania.org\/2020\/2013\/10\/16\/festohet-20-vjetori-i-lidhjes-rinore-orthodhokse-te-ballkanit\/","og_locale":"en_US","og_type":"article","og_title":"Festohet 20 vjetori i Lidhjes Rinore Orthodhokse t\u00eb Ballkanit (BOYA-Balkan Orthodox Youth Association). (3 \u2013 6 Tetor 2013) - Kisha Orthodh\u03bfkse Autoqefale e Shqip\u00ebris\u00eb","og_description":"&nbsp;&nbsp;&nbsp; N\u00eb Evro n\u00eb datat 3\u20136 tetor 2013, n\u00eb ambientet e kampeve rinore t\u00eb Makrit n\u00eb Aleksandropoli t\u00eb Greqis\u00eb, me bekimin dhe mikpritjen e Mitropolitit t\u00eb Aleksandropolit z. Anthimo, u zhvillua nj\u00eb aktivitet festiv me rastin e krijimit t\u00eb 20 vjetorit t\u00eb Lidhjes Rinore Orthodhokse t\u00eb Ballkanit ose si\u00e7 quhet ndryshe BOYA (Balkan Orthodox Youth Association). &nbsp;&nbsp;&nbsp; Q\u00ebllimi kryesor i Balkan Orthodox Youth Association \u00ebsht\u00eb","og_url":"https:\/\/orthodoxalbania.org\/2020\/2013\/10\/16\/festohet-20-vjetori-i-lidhjes-rinore-orthodhokse-te-ballkanit\/","og_site_name":"Kisha Orthodh\u03bfkse Autoqefale e Shqip\u00ebris\u00eb","article_publisher":"https:\/\/www.facebook.com\/koash1991","article_published_time":"2013-10-16T09:54:17+00:00","article_modified_time":"2020-04-06T20:05:31+00:00","og_image":[{"url":"https:\/\/lh4.googleusercontent.com\/-pdk8ixHlKkU\/Ul5fVEO3EDI\/AAAAAAAAGsE\/2dbxnerSCIw\/w702-h527-no\/evro+1.JPG","type":"","width":"","height":""}],"author":"Kisha Orthodhokse","twitter_card":"summary_large_image","twitter_misc":{"Written by":"Kisha Orthodhokse","Est. reading time":"3 minutes"},"schema":{"@context":"https:\/\/schema.org","@graph":[{"@type":"Article","@id":"https:\/\/orthodoxalbania.org\/2020\/2013\/10\/16\/festohet-20-vjetori-i-lidhjes-rinore-orthodhokse-te-ballkanit\/#article","isPartOf":{"@id":"https:\/\/orthodoxalbania.org\/2020\/2013\/10\/16\/festohet-20-vjetori-i-lidhjes-rinore-orthodhokse-te-ballkanit\/"},"author":{"name":"Kisha Orthodhokse","@id":"https:\/\/orthodoxalbania.org\/2020\/#\/schema\/person\/0c387634a7063ac612d7ed9ce71c7e86"},"headline":"Festohet 20 vjetori i Lidhjes Rinore Orthodhokse t\u00eb Ballkanit (BOYA-Balkan Orthodox Youth Association). (3 \u2013 6 Tetor 2013)","datePublished":"2013-10-16T09:54:17+00:00","dateModified":"2020-04-06T20:05:31+00:00","mainEntityOfPage":{"@id":"https:\/\/orthodoxalbania.org\/2020\/2013\/10\/16\/festohet-20-vjetori-i-lidhjes-rinore-orthodhokse-te-ballkanit\/"},"wordCount":624,"commentCount":0,"publisher":{"@id":"https:\/\/orthodoxalbania.org\/2020\/#organization"},"image":{"@id":"https:\/\/orthodoxalbania.org\/2020\/2013\/10\/16\/festohet-20-vjetori-i-lidhjes-rinore-orthodhokse-te-ballkanit\/#primaryimage"},"thumbnailUrl":"https:\/\/lh4.googleusercontent.com\/-pdk8ixHlKkU\/Ul5fVEO3EDI\/AAAAAAAAGsE\/2dbxnerSCIw\/w702-h527-no\/evro+1.JPG","keywords":["2013","Deklarata - Njoftime Zyrtare","Kryepiskopata Tiran\u00eb","lajme","Rinia Orthodhokse"],"articleSection":["Lajme"],"inLanguage":"en-US"},{"@type":"WebPage","@id":"https:\/\/orthodoxalbania.org\/2020\/2013\/10\/16\/festohet-20-vjetori-i-lidhjes-rinore-orthodhokse-te-ballkanit\/","url":"https:\/\/orthodoxalbania.org\/2020\/2013\/10\/16\/festohet-20-vjetori-i-lidhjes-rinore-orthodhokse-te-ballkanit\/","name":"Festohet 20 vjetori i Lidhjes Rinore Orthodhokse t\u00eb Ballkanit (BOYA-Balkan Orthodox Youth Association). (3 \u2013 6 Tetor 2013) - Kisha Orthodh\u03bfkse Autoqefale e Shqip\u00ebris\u00eb","isPartOf":{"@id":"https:\/\/orthodoxalbania.org\/2020\/#website"},"primaryImageOfPage":{"@id":"https:\/\/orthodoxalbania.org\/2020\/2013\/10\/16\/festohet-20-vjetori-i-lidhjes-rinore-orthodhokse-te-ballkanit\/#primaryimage"},"image":{"@id":"https:\/\/orthodoxalbania.org\/2020\/2013\/10\/16\/festohet-20-vjetori-i-lidhjes-rinore-orthodhokse-te-ballkanit\/#primaryimage"},"thumbnailUrl":"https:\/\/lh4.googleusercontent.com\/-pdk8ixHlKkU\/Ul5fVEO3EDI\/AAAAAAAAGsE\/2dbxnerSCIw\/w702-h527-no\/evro+1.JPG","datePublished":"2013-10-16T09:54:17+00:00","dateModified":"2020-04-06T20:05:31+00:00","breadcrumb":{"@id":"https:\/\/orthodoxalbania.org\/2020\/2013\/10\/16\/festohet-20-vjetori-i-lidhjes-rinore-orthodhokse-te-ballkanit\/#breadcrumb"},"inLanguage":"en-US","potentialAction":[{"@type":"ReadAction","target":["https:\/\/orthodoxalbania.org\/2020\/2013\/10\/16\/festohet-20-vjetori-i-lidhjes-rinore-orthodhokse-te-ballkanit\/"]}]},{"@type":"ImageObject","inLanguage":"en-US","@id":"https:\/\/orthodoxalbania.org\/2020\/2013\/10\/16\/festohet-20-vjetori-i-lidhjes-rinore-orthodhokse-te-ballkanit\/#primaryimage","url":"https:\/\/lh4.googleusercontent.com\/-pdk8ixHlKkU\/Ul5fVEO3EDI\/AAAAAAAAGsE\/2dbxnerSCIw\/w702-h527-no\/evro+1.JPG","contentUrl":"https:\/\/lh4.googleusercontent.com\/-pdk8ixHlKkU\/Ul5fVEO3EDI\/AAAAAAAAGsE\/2dbxnerSCIw\/w702-h527-no\/evro+1.JPG"},{"@type":"BreadcrumbList","@id":"https:\/\/orthodoxalbania.org\/2020\/2013\/10\/16\/festohet-20-vjetori-i-lidhjes-rinore-orthodhokse-te-ballkanit\/#breadcrumb","itemListElement":[{"@type":"ListItem","position":1,"name":"Home","item":"https:\/\/orthodoxalbania.org\/2020\/"},{"@type":"ListItem","position":2,"name":"Festohet 20 vjetori i Lidhjes Rinore Orthodhokse t\u00eb Ballkanit (BOYA-Balkan Orthodox Youth Association). (3 \u2013 6 Tetor 2013)"}]},{"@type":"WebSite","@id":"https:\/\/orthodoxalbania.org\/2020\/#website","url":"https:\/\/orthodoxalbania.org\/2020\/","name":"Kisha Orthodh\u03bfkse Autoqefale e Shqip\u00ebris\u00eb","description":"Fqja Zyrtare e Kish\u00ebs Orthodhokse Autoqefale e Shqip\u00ebris\u00eb me lajmet edhe informacionet zyrtare p\u00ebr struktur\u00ebn edhe veprimtarin e saj.","publisher":{"@id":"https:\/\/orthodoxalbania.org\/2020\/#organization"},"potentialAction":[{"@type":"SearchAction","target":{"@type":"EntryPoint","urlTemplate":"https:\/\/orthodoxalbania.org\/2020\/?s={search_term_string}"},"query-input":{"@type":"PropertyValueSpecification","valueRequired":true,"valueName":"search_term_string"}}],"inLanguage":"en-US"},{"@type":"Organization","@id":"https:\/\/orthodoxalbania.org\/2020\/#organization","name":"Kisha Orthodhokse Autoqefale e Shqip\u00ebris\u00eb","url":"https:\/\/orthodoxalbania.org\/2020\/","logo":{"@type":"ImageObject","inLanguage":"en-US","@id":"https:\/\/orthodoxalbania.org\/2020\/#\/schema\/logo\/image\/","url":"https:\/\/orthodoxalbania.org\/2020\/wp-content\/uploads\/2020\/05\/albania.jpeg","contentUrl":"https:\/\/orthodoxalbania.org\/2020\/wp-content\/uploads\/2020\/05\/albania.jpeg","width":540,"height":540,"caption":"Kisha Orthodhokse Autoqefale e Shqip\u00ebris\u00eb"},"image":{"@id":"https:\/\/orthodoxalbania.org\/2020\/#\/schema\/logo\/image\/"},"sameAs":["https:\/\/www.facebook.com\/koash1991"]},{"@type":"Person","@id":"https:\/\/orthodoxalbania.org\/2020\/#\/schema\/person\/0c387634a7063ac612d7ed9ce71c7e86","name":"Kisha Orthodhokse","image":{"@type":"ImageObject","inLanguage":"en-US","@id":"https:\/\/secure.gravatar.com\/avatar\/596e7c417251e30f2fbb9c00e026fce61a695a00e51c889caded71c96cbbdde5?s=96&d=mm&r=g","url":"https:\/\/secure.gravatar.com\/avatar\/596e7c417251e30f2fbb9c00e026fce61a695a00e51c889caded71c96cbbdde5?s=96&d=mm&r=g","contentUrl":"https:\/\/secure.gravatar.com\/avatar\/596e7c417251e30f2fbb9c00e026fce61a695a00e51c889caded71c96cbbdde5?s=96&d=mm&r=g","caption":"Kisha Orthodhokse"}}]}},"_links":{"self":[{"href":"https:\/\/orthodoxalbania.org\/2020\/wp-json\/wp\/v2\/posts\/542","targetHints":{"allow":["GET"]}}],"collection":[{"href":"https:\/\/orthodoxalbania.org\/2020\/wp-json\/wp\/v2\/posts"}],"about":[{"href":"https:\/\/orthodoxalbania.org\/2020\/wp-json\/wp\/v2\/types\/post"}],"author":[{"embeddable":true,"href":"https:\/\/orthodoxalbania.org\/2020\/wp-json\/wp\/v2\/users\/1"}],"replies":[{"embeddable":true,"href":"https:\/\/orthodoxalbania.org\/2020\/wp-json\/wp\/v2\/comments?post=542"}],"version-history":[{"count":1,"href":"https:\/\/orthodoxalbania.org\/2020\/wp-json\/wp\/v2\/posts\/542\/revisions"}],"predecessor-version":[{"id":15167,"href":"https:\/\/orthodoxalbania.org\/2020\/wp-json\/wp\/v2\/posts\/542\/revisions\/15167"}],"wp:attachment":[{"href":"https:\/\/orthodoxalbania.org\/2020\/wp-json\/wp\/v2\/media?parent=542"}],"wp:term":[{"taxonomy":"category","embeddable":true,"href":"https:\/\/orthodoxalbania.org\/2020\/wp-json\/wp\/v2\/categories?post=542"},{"taxonomy":"post_tag","embeddable":true,"href":"https:\/\/orthodoxalbania.org\/2020\/wp-json\/wp\/v2\/tags?post=542"}],"curies":[{"name":"wp","href":"https:\/\/api.w.org\/{rel}","templated":true}]}}