{"id":54177,"date":"2021-05-15T00:00:53","date_gmt":"2021-05-14T22:00:53","guid":{"rendered":"https:\/\/orthodoxalbania.org\/2020\/?p=54177"},"modified":"2021-05-11T15:10:43","modified_gmt":"2021-05-11T13:10:43","slug":"oshenar-pahomi-i-madh-akili-i-larises-cudiberes-oshenar-barbar-mirovliti","status":"publish","type":"post","link":"https:\/\/orthodoxalbania.org\/2020\/2021\/05\/15\/oshenar-pahomi-i-madh-akili-i-larises-cudiberes-oshenar-barbar-mirovliti\/","title":{"rendered":"Osh\u00ebnar Pahomi i Madh. Akili i Laris\u00ebs, \u00e7udib\u00ebr\u00ebs. Osh\u00ebnar Barbar Mirovliti."},"content":{"rendered":"<p style=\"text-align: justify;\">\n<h4 style=\"text-align: center;\"><strong>&#8211; Osh\u00ebnar Pahomi i Madh &#8211;<\/strong><\/h4>\n<p style=\"text-align: justify;\">U lind prej prind\u00ebrve idhujtar\u00eb n\u00eb Tebaid\u00eb t\u00eb Egjiptit nd\u00ebrmjet viteve 290 dhe 292. N\u00eb mosh\u00ebn 20-vje\u00e7are, nd\u00ebrsa ishte ushtar, u josh nga virtyti i t\u00eb krishter\u00ebve dhe u lirua, studioi besimin dhe u pag\u00ebzua. Po at\u00eb nat\u00eb n\u00eb \u00ebnd\u00ebrr shijoi \u00ebmb\u00eblsin\u00eb e Hirit, dhe k\u00ebshtu vendosi q\u00eb t\u2019i kushtohej Per\u00ebndis\u00eb. Me k\u00ebmb\u00ebngulje dhe durim u pranua m\u00eb n\u00eb fund nga eremiti i rrept\u00eb Palamon (12 gusht). M\u00eb von\u00eb, me bekimin e tij shkoi n\u00eb nj\u00eb fshat t\u00eb braktisur n\u00eb brigjet e lumit Nil, n\u00eb Tabenes. Aty nd\u00ebrtoi nj\u00eb manastir dhe ishte i pari q\u00eb futi sistemin e jet\u00ebs murg\u00ebrore t\u00eb p\u00ebrbashk\u00ebt (kinoviake), q\u00eb murgjit t\u00eb rrojn\u00eb s\u00eb bashku dhe, rrjedhimisht, t\u00eb jen\u00eb m\u00eb shum\u00eb n\u00eb mbik\u00ebqyrje dhe n\u00eb vart\u00ebsi t\u00eb arkimandritit.<\/p>\n<p style=\"text-align: justify;\">Shum\u00eb her\u00eb demon\u00ebt u p\u00ebrpoq\u00ebn me \u00e7do m\u00ebnyr\u00eb ta ndalonin, por d\u00ebshtuan. Shum\u00eb shpejt murgjit e tij u b\u00ebn\u00eb 100. M\u00eb pas u desh t\u00eb hapeshin manastire t\u00eb reja (320-346), zakonisht n\u00eb larg\u00ebsi t\u00eb vogla: 9 manastire burrash dhe 2 grash, t\u00eb cilat i drejtonte e motra, me gjithsej 7000 (sipas nj\u00eb informacioni tjet\u00ebr 1400) an\u00ebtar\u00eb.<\/p>\n<p style=\"text-align: justify;\">Nj\u00eb engj\u00ebll i sugjeronte her\u00eb pas here p\u00ebr organizimin e v\u00ebllaz\u00ebris\u00eb. K\u00ebshtu, osh\u00ebnari e ndau v\u00ebllaz\u00ebrin\u00eb n\u00eb 24 urdhra, sipas shkronjave t\u00eb alfabetit grek: m\u00eb t\u00eb urtit dhe t\u00eb virtytshmit shkronja \u201cI\u201d &#8211; ata m\u00eb t\u00eb v\u00ebshtir\u00ebt dhe t\u00eb shtrembrit shkronja \u201c\u03be (ks)\u201d! B\u00ebnte shoq\u00ebri me eg\u00ebrsira, fliste gjuh\u00eb t\u00eb huaja, sh\u00ebronte s\u00ebmundje trupore dhe shpirt\u00ebrore duke p\u00ebrdorur predikimin s\u00eb bashku me dashurin\u00eb, p\u00ebrul\u00ebsin\u00eb, \u201cdallueshm\u00ebrin\u00eb\u201d dhe parashikimin. Ndaj, ai d\u00ebrgoi n\u00eb Qiell shum\u00eb shenjtor\u00eb vart\u00ebs t\u00eb tij, prej t\u00eb cil\u00ebve disa i shihte nd\u00ebrsa i merrnin engj\u00ebjt.<\/p>\n<p style=\"text-align: justify;\">S\u00eb fundi, dhe ai shkoi n\u00eb Qiell (9 maj 346), pas 40 dit\u00ebsh t\u00eb nj\u00eb epidemie t\u00eb tmerrshme. S\u00ebmundja korri 100 nga et\u00ebrit, gjat\u00eb nj\u00eb mbledhjeje t\u00eb p\u00ebrgjithshme t\u00eb pahomian\u00ebve (Pashk\u00eb 346). U varros n\u00eb nj\u00eb vend t\u00eb fsheht\u00eb, sipas d\u00ebshir\u00ebs s\u00eb tij, nga nx\u00ebn\u00ebsi i dashur, Theodhori i Shenjt\u00ebruar (16 maj), pasardh\u00ebsi i tret\u00eb i tij.<\/p>\n<p>&nbsp;<\/p>\n","protected":false},"excerpt":{"rendered":"<p>&#8211; Osh\u00ebnar Pahomi i Madh &#8211; U lind prej prind\u00ebrve idhujtar\u00eb n\u00eb Tebaid\u00eb t\u00eb Egjiptit nd\u00ebrmjet viteve 290 dhe 292. N\u00eb mosh\u00ebn 20-vje\u00e7are, nd\u00ebrsa ishte ushtar, u josh nga virtyti i t\u00eb krishter\u00ebve dhe u lirua, studioi besimin dhe u pag\u00ebzua. Po at\u00eb nat\u00eb n\u00eb \u00ebnd\u00ebrr shijoi \u00ebmb\u00eblsin\u00eb e Hirit, dhe k\u00ebshtu vendosi q\u00eb t\u2019i kushtohej Per\u00ebndis\u00eb. Me k\u00ebmb\u00ebngulje dhe durim u pranua m\u00eb n\u00eb<\/p>\n","protected":false},"author":7,"featured_media":54179,"comment_status":"closed","ping_status":"closed","sticky":false,"template":"","format":"standard","meta":{"_acf_changed":false,"pagelayer_contact_templates":[],"_pagelayer_content":"","inline_featured_image":false,"fifu_image_url":"https:\/\/live.staticflickr.com\/65535\/51173230995_f251d117b2_b.jpg","fifu_image_alt":"","footnotes":""},"categories":[372],"tags":[2103,2101],"class_list":["post-54177","post","type-post","status-publish","format-standard","has-post-thumbnail","hentry","category-shenjtoret-e-dites","tag-leximet-e-dites","tag-shenjtori-i-dites"],"acf":[],"yoast_head":"<!-- This site is optimized with the Yoast SEO plugin v27.2 - https:\/\/yoast.com\/product\/yoast-seo-wordpress\/ -->\n<title>Osh\u00ebnar Pahomi i Madh. Akili i Laris\u00ebs, \u00e7udib\u00ebr\u00ebs. Osh\u00ebnar Barbar Mirovliti. - Kisha Orthodh\u03bfkse Autoqefale e Shqip\u00ebris\u00eb<\/title>\n<meta name=\"robots\" content=\"index, follow, max-snippet:-1, max-image-preview:large, max-video-preview:-1\" \/>\n<link rel=\"canonical\" href=\"https:\/\/orthodoxalbania.org\/2020\/2021\/05\/15\/oshenar-pahomi-i-madh-akili-i-larises-cudiberes-oshenar-barbar-mirovliti\/\" \/>\n<meta property=\"og:locale\" content=\"en_US\" \/>\n<meta property=\"og:type\" content=\"article\" \/>\n<meta property=\"og:title\" content=\"Osh\u00ebnar Pahomi i Madh. Akili i Laris\u00ebs, \u00e7udib\u00ebr\u00ebs. Osh\u00ebnar Barbar Mirovliti. - Kisha Orthodh\u03bfkse Autoqefale e Shqip\u00ebris\u00eb\" \/>\n<meta property=\"og:description\" content=\"&#8211; Osh\u00ebnar Pahomi i Madh &#8211; U lind prej prind\u00ebrve idhujtar\u00eb n\u00eb Tebaid\u00eb t\u00eb Egjiptit nd\u00ebrmjet viteve 290 dhe 292. N\u00eb mosh\u00ebn 20-vje\u00e7are, nd\u00ebrsa ishte ushtar, u josh nga virtyti i t\u00eb krishter\u00ebve dhe u lirua, studioi besimin dhe u pag\u00ebzua. Po at\u00eb nat\u00eb n\u00eb \u00ebnd\u00ebrr shijoi \u00ebmb\u00eblsin\u00eb e Hirit, dhe k\u00ebshtu vendosi q\u00eb t\u2019i kushtohej Per\u00ebndis\u00eb. Me k\u00ebmb\u00ebngulje dhe durim u pranua m\u00eb n\u00eb\" \/>\n<meta property=\"og:url\" content=\"https:\/\/orthodoxalbania.org\/2020\/2021\/05\/15\/oshenar-pahomi-i-madh-akili-i-larises-cudiberes-oshenar-barbar-mirovliti\/\" \/>\n<meta property=\"og:site_name\" content=\"Kisha Orthodh\u03bfkse Autoqefale e Shqip\u00ebris\u00eb\" \/>\n<meta property=\"article:publisher\" content=\"https:\/\/www.facebook.com\/koash1991\" \/>\n<meta property=\"article:published_time\" content=\"2021-05-14T22:00:53+00:00\" \/>\n<meta property=\"og:image\" content=\"https:\/\/live.staticflickr.com\/65535\/51173230995_f251d117b2_b.jpg\" \/>\n<meta name=\"author\" content=\"Kisha Orthodhokse\" \/>\n<meta name=\"twitter:card\" content=\"summary_large_image\" \/>\n<meta name=\"twitter:image\" content=\"https:\/\/live.staticflickr.com\/65535\/51173230995_f251d117b2_b.jpg\" \/>\n<meta name=\"twitter:label1\" content=\"Written by\" \/>\n\t<meta name=\"twitter:data1\" content=\"Kisha Orthodhokse\" \/>\n\t<meta name=\"twitter:label2\" content=\"Est. reading time\" \/>\n\t<meta name=\"twitter:data2\" content=\"2 minutes\" \/>\n<script type=\"application\/ld+json\" class=\"yoast-schema-graph\">{\"@context\":\"https:\/\/schema.org\",\"@graph\":[{\"@type\":\"Article\",\"@id\":\"https:\/\/orthodoxalbania.org\/2020\/2021\/05\/15\/oshenar-pahomi-i-madh-akili-i-larises-cudiberes-oshenar-barbar-mirovliti\/#article\",\"isPartOf\":{\"@id\":\"https:\/\/orthodoxalbania.org\/2020\/2021\/05\/15\/oshenar-pahomi-i-madh-akili-i-larises-cudiberes-oshenar-barbar-mirovliti\/\"},\"author\":{\"name\":\"Kisha Orthodhokse\",\"@id\":\"https:\/\/orthodoxalbania.org\/2020\/#\/schema\/person\/df745f942b70e045b3dc05a30211f0de\"},\"headline\":\"Osh\u00ebnar Pahomi i Madh. Akili i Laris\u00ebs, \u00e7udib\u00ebr\u00ebs. Osh\u00ebnar Barbar Mirovliti.\",\"datePublished\":\"2021-05-14T22:00:53+00:00\",\"mainEntityOfPage\":{\"@id\":\"https:\/\/orthodoxalbania.org\/2020\/2021\/05\/15\/oshenar-pahomi-i-madh-akili-i-larises-cudiberes-oshenar-barbar-mirovliti\/\"},\"wordCount\":396,\"publisher\":{\"@id\":\"https:\/\/orthodoxalbania.org\/2020\/#organization\"},\"image\":{\"@id\":\"https:\/\/orthodoxalbania.org\/2020\/2021\/05\/15\/oshenar-pahomi-i-madh-akili-i-larises-cudiberes-oshenar-barbar-mirovliti\/#primaryimage\"},\"thumbnailUrl\":\"https:\/\/live.staticflickr.com\/65535\/51173230995_f251d117b2_b.jpg\",\"keywords\":[\"leximet e dites\",\"shenjtori i dites\"],\"articleSection\":[\"Shenjtor\u00ebt e dit\u00ebs\"],\"inLanguage\":\"en-US\"},{\"@type\":\"WebPage\",\"@id\":\"https:\/\/orthodoxalbania.org\/2020\/2021\/05\/15\/oshenar-pahomi-i-madh-akili-i-larises-cudiberes-oshenar-barbar-mirovliti\/\",\"url\":\"https:\/\/orthodoxalbania.org\/2020\/2021\/05\/15\/oshenar-pahomi-i-madh-akili-i-larises-cudiberes-oshenar-barbar-mirovliti\/\",\"name\":\"Osh\u00ebnar Pahomi i Madh. Akili i Laris\u00ebs, \u00e7udib\u00ebr\u00ebs. Osh\u00ebnar Barbar Mirovliti. - Kisha Orthodh\u03bfkse Autoqefale e Shqip\u00ebris\u00eb\",\"isPartOf\":{\"@id\":\"https:\/\/orthodoxalbania.org\/2020\/#website\"},\"primaryImageOfPage\":{\"@id\":\"https:\/\/orthodoxalbania.org\/2020\/2021\/05\/15\/oshenar-pahomi-i-madh-akili-i-larises-cudiberes-oshenar-barbar-mirovliti\/#primaryimage\"},\"image\":{\"@id\":\"https:\/\/orthodoxalbania.org\/2020\/2021\/05\/15\/oshenar-pahomi-i-madh-akili-i-larises-cudiberes-oshenar-barbar-mirovliti\/#primaryimage\"},\"thumbnailUrl\":\"https:\/\/live.staticflickr.com\/65535\/51173230995_f251d117b2_b.jpg\",\"datePublished\":\"2021-05-14T22:00:53+00:00\",\"breadcrumb\":{\"@id\":\"https:\/\/orthodoxalbania.org\/2020\/2021\/05\/15\/oshenar-pahomi-i-madh-akili-i-larises-cudiberes-oshenar-barbar-mirovliti\/#breadcrumb\"},\"inLanguage\":\"en-US\",\"potentialAction\":[{\"@type\":\"ReadAction\",\"target\":[\"https:\/\/orthodoxalbania.org\/2020\/2021\/05\/15\/oshenar-pahomi-i-madh-akili-i-larises-cudiberes-oshenar-barbar-mirovliti\/\"]}]},{\"@type\":\"ImageObject\",\"inLanguage\":\"en-US\",\"@id\":\"https:\/\/orthodoxalbania.org\/2020\/2021\/05\/15\/oshenar-pahomi-i-madh-akili-i-larises-cudiberes-oshenar-barbar-mirovliti\/#primaryimage\",\"url\":\"https:\/\/live.staticflickr.com\/65535\/51173230995_f251d117b2_b.jpg\",\"contentUrl\":\"https:\/\/live.staticflickr.com\/65535\/51173230995_f251d117b2_b.jpg\",\"width\":\"706\",\"height\":\"1024\"},{\"@type\":\"BreadcrumbList\",\"@id\":\"https:\/\/orthodoxalbania.org\/2020\/2021\/05\/15\/oshenar-pahomi-i-madh-akili-i-larises-cudiberes-oshenar-barbar-mirovliti\/#breadcrumb\",\"itemListElement\":[{\"@type\":\"ListItem\",\"position\":1,\"name\":\"Home\",\"item\":\"https:\/\/orthodoxalbania.org\/2020\/\"},{\"@type\":\"ListItem\",\"position\":2,\"name\":\"Osh\u00ebnar Pahomi i Madh. Akili i Laris\u00ebs, \u00e7udib\u00ebr\u00ebs. Osh\u00ebnar Barbar Mirovliti.\"}]},{\"@type\":\"WebSite\",\"@id\":\"https:\/\/orthodoxalbania.org\/2020\/#website\",\"url\":\"https:\/\/orthodoxalbania.org\/2020\/\",\"name\":\"Kisha Orthodh\u03bfkse Autoqefale e Shqip\u00ebris\u00eb\",\"description\":\"Fqja Zyrtare e Kish\u00ebs Orthodhokse Autoqefale e Shqip\u00ebris\u00eb me lajmet edhe informacionet zyrtare p\u00ebr struktur\u00ebn edhe veprimtarin e saj.\",\"publisher\":{\"@id\":\"https:\/\/orthodoxalbania.org\/2020\/#organization\"},\"potentialAction\":[{\"@type\":\"SearchAction\",\"target\":{\"@type\":\"EntryPoint\",\"urlTemplate\":\"https:\/\/orthodoxalbania.org\/2020\/?s={search_term_string}\"},\"query-input\":{\"@type\":\"PropertyValueSpecification\",\"valueRequired\":true,\"valueName\":\"search_term_string\"}}],\"inLanguage\":\"en-US\"},{\"@type\":\"Organization\",\"@id\":\"https:\/\/orthodoxalbania.org\/2020\/#organization\",\"name\":\"Kisha Orthodhokse Autoqefale e Shqip\u00ebris\u00eb\",\"url\":\"https:\/\/orthodoxalbania.org\/2020\/\",\"logo\":{\"@type\":\"ImageObject\",\"inLanguage\":\"en-US\",\"@id\":\"https:\/\/orthodoxalbania.org\/2020\/#\/schema\/logo\/image\/\",\"url\":\"https:\/\/orthodoxalbania.org\/2020\/wp-content\/uploads\/2020\/05\/albania.jpeg\",\"contentUrl\":\"https:\/\/orthodoxalbania.org\/2020\/wp-content\/uploads\/2020\/05\/albania.jpeg\",\"width\":540,\"height\":540,\"caption\":\"Kisha Orthodhokse Autoqefale e Shqip\u00ebris\u00eb\"},\"image\":{\"@id\":\"https:\/\/orthodoxalbania.org\/2020\/#\/schema\/logo\/image\/\"},\"sameAs\":[\"https:\/\/www.facebook.com\/koash1991\"]},{\"@type\":\"Person\",\"@id\":\"https:\/\/orthodoxalbania.org\/2020\/#\/schema\/person\/df745f942b70e045b3dc05a30211f0de\",\"name\":\"Kisha Orthodhokse\",\"image\":{\"@type\":\"ImageObject\",\"inLanguage\":\"en-US\",\"@id\":\"https:\/\/secure.gravatar.com\/avatar\/2676eb8d97178435c9f691a7871595a1da6c33542dec218bce40885573150e28?s=96&d=mm&r=g\",\"url\":\"https:\/\/secure.gravatar.com\/avatar\/2676eb8d97178435c9f691a7871595a1da6c33542dec218bce40885573150e28?s=96&d=mm&r=g\",\"contentUrl\":\"https:\/\/secure.gravatar.com\/avatar\/2676eb8d97178435c9f691a7871595a1da6c33542dec218bce40885573150e28?s=96&d=mm&r=g\",\"caption\":\"Kisha Orthodhokse\"}}]}<\/script>\n<!-- \/ Yoast SEO plugin. -->","yoast_head_json":{"title":"Osh\u00ebnar Pahomi i Madh. Akili i Laris\u00ebs, \u00e7udib\u00ebr\u00ebs. Osh\u00ebnar Barbar Mirovliti. - Kisha Orthodh\u03bfkse Autoqefale e Shqip\u00ebris\u00eb","robots":{"index":"index","follow":"follow","max-snippet":"max-snippet:-1","max-image-preview":"max-image-preview:large","max-video-preview":"max-video-preview:-1"},"canonical":"https:\/\/orthodoxalbania.org\/2020\/2021\/05\/15\/oshenar-pahomi-i-madh-akili-i-larises-cudiberes-oshenar-barbar-mirovliti\/","og_locale":"en_US","og_type":"article","og_title":"Osh\u00ebnar Pahomi i Madh. Akili i Laris\u00ebs, \u00e7udib\u00ebr\u00ebs. Osh\u00ebnar Barbar Mirovliti. - Kisha Orthodh\u03bfkse Autoqefale e Shqip\u00ebris\u00eb","og_description":"&#8211; Osh\u00ebnar Pahomi i Madh &#8211; U lind prej prind\u00ebrve idhujtar\u00eb n\u00eb Tebaid\u00eb t\u00eb Egjiptit nd\u00ebrmjet viteve 290 dhe 292. N\u00eb mosh\u00ebn 20-vje\u00e7are, nd\u00ebrsa ishte ushtar, u josh nga virtyti i t\u00eb krishter\u00ebve dhe u lirua, studioi besimin dhe u pag\u00ebzua. Po at\u00eb nat\u00eb n\u00eb \u00ebnd\u00ebrr shijoi \u00ebmb\u00eblsin\u00eb e Hirit, dhe k\u00ebshtu vendosi q\u00eb t\u2019i kushtohej Per\u00ebndis\u00eb. Me k\u00ebmb\u00ebngulje dhe durim u pranua m\u00eb n\u00eb","og_url":"https:\/\/orthodoxalbania.org\/2020\/2021\/05\/15\/oshenar-pahomi-i-madh-akili-i-larises-cudiberes-oshenar-barbar-mirovliti\/","og_site_name":"Kisha Orthodh\u03bfkse Autoqefale e Shqip\u00ebris\u00eb","article_publisher":"https:\/\/www.facebook.com\/koash1991","article_published_time":"2021-05-14T22:00:53+00:00","og_image":[{"url":"https:\/\/live.staticflickr.com\/65535\/51173230995_f251d117b2_b.jpg","type":"","width":"","height":""}],"author":"Kisha Orthodhokse","twitter_card":"summary_large_image","twitter_image":"https:\/\/live.staticflickr.com\/65535\/51173230995_f251d117b2_b.jpg","twitter_misc":{"Written by":"Kisha Orthodhokse","Est. reading time":"2 minutes"},"schema":{"@context":"https:\/\/schema.org","@graph":[{"@type":"Article","@id":"https:\/\/orthodoxalbania.org\/2020\/2021\/05\/15\/oshenar-pahomi-i-madh-akili-i-larises-cudiberes-oshenar-barbar-mirovliti\/#article","isPartOf":{"@id":"https:\/\/orthodoxalbania.org\/2020\/2021\/05\/15\/oshenar-pahomi-i-madh-akili-i-larises-cudiberes-oshenar-barbar-mirovliti\/"},"author":{"name":"Kisha Orthodhokse","@id":"https:\/\/orthodoxalbania.org\/2020\/#\/schema\/person\/df745f942b70e045b3dc05a30211f0de"},"headline":"Osh\u00ebnar Pahomi i Madh. Akili i Laris\u00ebs, \u00e7udib\u00ebr\u00ebs. Osh\u00ebnar Barbar Mirovliti.","datePublished":"2021-05-14T22:00:53+00:00","mainEntityOfPage":{"@id":"https:\/\/orthodoxalbania.org\/2020\/2021\/05\/15\/oshenar-pahomi-i-madh-akili-i-larises-cudiberes-oshenar-barbar-mirovliti\/"},"wordCount":396,"publisher":{"@id":"https:\/\/orthodoxalbania.org\/2020\/#organization"},"image":{"@id":"https:\/\/orthodoxalbania.org\/2020\/2021\/05\/15\/oshenar-pahomi-i-madh-akili-i-larises-cudiberes-oshenar-barbar-mirovliti\/#primaryimage"},"thumbnailUrl":"https:\/\/live.staticflickr.com\/65535\/51173230995_f251d117b2_b.jpg","keywords":["leximet e dites","shenjtori i dites"],"articleSection":["Shenjtor\u00ebt e dit\u00ebs"],"inLanguage":"en-US"},{"@type":"WebPage","@id":"https:\/\/orthodoxalbania.org\/2020\/2021\/05\/15\/oshenar-pahomi-i-madh-akili-i-larises-cudiberes-oshenar-barbar-mirovliti\/","url":"https:\/\/orthodoxalbania.org\/2020\/2021\/05\/15\/oshenar-pahomi-i-madh-akili-i-larises-cudiberes-oshenar-barbar-mirovliti\/","name":"Osh\u00ebnar Pahomi i Madh. Akili i Laris\u00ebs, \u00e7udib\u00ebr\u00ebs. Osh\u00ebnar Barbar Mirovliti. - Kisha Orthodh\u03bfkse Autoqefale e Shqip\u00ebris\u00eb","isPartOf":{"@id":"https:\/\/orthodoxalbania.org\/2020\/#website"},"primaryImageOfPage":{"@id":"https:\/\/orthodoxalbania.org\/2020\/2021\/05\/15\/oshenar-pahomi-i-madh-akili-i-larises-cudiberes-oshenar-barbar-mirovliti\/#primaryimage"},"image":{"@id":"https:\/\/orthodoxalbania.org\/2020\/2021\/05\/15\/oshenar-pahomi-i-madh-akili-i-larises-cudiberes-oshenar-barbar-mirovliti\/#primaryimage"},"thumbnailUrl":"https:\/\/live.staticflickr.com\/65535\/51173230995_f251d117b2_b.jpg","datePublished":"2021-05-14T22:00:53+00:00","breadcrumb":{"@id":"https:\/\/orthodoxalbania.org\/2020\/2021\/05\/15\/oshenar-pahomi-i-madh-akili-i-larises-cudiberes-oshenar-barbar-mirovliti\/#breadcrumb"},"inLanguage":"en-US","potentialAction":[{"@type":"ReadAction","target":["https:\/\/orthodoxalbania.org\/2020\/2021\/05\/15\/oshenar-pahomi-i-madh-akili-i-larises-cudiberes-oshenar-barbar-mirovliti\/"]}]},{"@type":"ImageObject","inLanguage":"en-US","@id":"https:\/\/orthodoxalbania.org\/2020\/2021\/05\/15\/oshenar-pahomi-i-madh-akili-i-larises-cudiberes-oshenar-barbar-mirovliti\/#primaryimage","url":"https:\/\/live.staticflickr.com\/65535\/51173230995_f251d117b2_b.jpg","contentUrl":"https:\/\/live.staticflickr.com\/65535\/51173230995_f251d117b2_b.jpg","width":"706","height":"1024"},{"@type":"BreadcrumbList","@id":"https:\/\/orthodoxalbania.org\/2020\/2021\/05\/15\/oshenar-pahomi-i-madh-akili-i-larises-cudiberes-oshenar-barbar-mirovliti\/#breadcrumb","itemListElement":[{"@type":"ListItem","position":1,"name":"Home","item":"https:\/\/orthodoxalbania.org\/2020\/"},{"@type":"ListItem","position":2,"name":"Osh\u00ebnar Pahomi i Madh. Akili i Laris\u00ebs, \u00e7udib\u00ebr\u00ebs. Osh\u00ebnar Barbar Mirovliti."}]},{"@type":"WebSite","@id":"https:\/\/orthodoxalbania.org\/2020\/#website","url":"https:\/\/orthodoxalbania.org\/2020\/","name":"Kisha Orthodh\u03bfkse Autoqefale e Shqip\u00ebris\u00eb","description":"Fqja Zyrtare e Kish\u00ebs Orthodhokse Autoqefale e Shqip\u00ebris\u00eb me lajmet edhe informacionet zyrtare p\u00ebr struktur\u00ebn edhe veprimtarin e saj.","publisher":{"@id":"https:\/\/orthodoxalbania.org\/2020\/#organization"},"potentialAction":[{"@type":"SearchAction","target":{"@type":"EntryPoint","urlTemplate":"https:\/\/orthodoxalbania.org\/2020\/?s={search_term_string}"},"query-input":{"@type":"PropertyValueSpecification","valueRequired":true,"valueName":"search_term_string"}}],"inLanguage":"en-US"},{"@type":"Organization","@id":"https:\/\/orthodoxalbania.org\/2020\/#organization","name":"Kisha Orthodhokse Autoqefale e Shqip\u00ebris\u00eb","url":"https:\/\/orthodoxalbania.org\/2020\/","logo":{"@type":"ImageObject","inLanguage":"en-US","@id":"https:\/\/orthodoxalbania.org\/2020\/#\/schema\/logo\/image\/","url":"https:\/\/orthodoxalbania.org\/2020\/wp-content\/uploads\/2020\/05\/albania.jpeg","contentUrl":"https:\/\/orthodoxalbania.org\/2020\/wp-content\/uploads\/2020\/05\/albania.jpeg","width":540,"height":540,"caption":"Kisha Orthodhokse Autoqefale e Shqip\u00ebris\u00eb"},"image":{"@id":"https:\/\/orthodoxalbania.org\/2020\/#\/schema\/logo\/image\/"},"sameAs":["https:\/\/www.facebook.com\/koash1991"]},{"@type":"Person","@id":"https:\/\/orthodoxalbania.org\/2020\/#\/schema\/person\/df745f942b70e045b3dc05a30211f0de","name":"Kisha Orthodhokse","image":{"@type":"ImageObject","inLanguage":"en-US","@id":"https:\/\/secure.gravatar.com\/avatar\/2676eb8d97178435c9f691a7871595a1da6c33542dec218bce40885573150e28?s=96&d=mm&r=g","url":"https:\/\/secure.gravatar.com\/avatar\/2676eb8d97178435c9f691a7871595a1da6c33542dec218bce40885573150e28?s=96&d=mm&r=g","contentUrl":"https:\/\/secure.gravatar.com\/avatar\/2676eb8d97178435c9f691a7871595a1da6c33542dec218bce40885573150e28?s=96&d=mm&r=g","caption":"Kisha Orthodhokse"}}]}},"_links":{"self":[{"href":"https:\/\/orthodoxalbania.org\/2020\/wp-json\/wp\/v2\/posts\/54177","targetHints":{"allow":["GET"]}}],"collection":[{"href":"https:\/\/orthodoxalbania.org\/2020\/wp-json\/wp\/v2\/posts"}],"about":[{"href":"https:\/\/orthodoxalbania.org\/2020\/wp-json\/wp\/v2\/types\/post"}],"author":[{"embeddable":true,"href":"https:\/\/orthodoxalbania.org\/2020\/wp-json\/wp\/v2\/users\/7"}],"replies":[{"embeddable":true,"href":"https:\/\/orthodoxalbania.org\/2020\/wp-json\/wp\/v2\/comments?post=54177"}],"version-history":[{"count":1,"href":"https:\/\/orthodoxalbania.org\/2020\/wp-json\/wp\/v2\/posts\/54177\/revisions"}],"predecessor-version":[{"id":54178,"href":"https:\/\/orthodoxalbania.org\/2020\/wp-json\/wp\/v2\/posts\/54177\/revisions\/54178"}],"wp:featuredmedia":[{"embeddable":true,"href":"https:\/\/orthodoxalbania.org\/2020\/wp-json\/wp\/v2\/media\/54179"}],"wp:attachment":[{"href":"https:\/\/orthodoxalbania.org\/2020\/wp-json\/wp\/v2\/media?parent=54177"}],"wp:term":[{"taxonomy":"category","embeddable":true,"href":"https:\/\/orthodoxalbania.org\/2020\/wp-json\/wp\/v2\/categories?post=54177"},{"taxonomy":"post_tag","embeddable":true,"href":"https:\/\/orthodoxalbania.org\/2020\/wp-json\/wp\/v2\/tags?post=54177"}],"curies":[{"name":"wp","href":"https:\/\/api.w.org\/{rel}","templated":true}]}}