{"id":541,"date":"2013-03-21T12:14:12","date_gmt":"2013-03-21T12:14:12","guid":{"rendered":""},"modified":"2020-04-06T22:06:00","modified_gmt":"2020-04-06T20:06:00","slug":"festohet-15-gushti-fjetja-e-hyjlindeses-mari","status":"publish","type":"post","link":"https:\/\/orthodoxalbania.org\/2020\/2013\/03\/21\/festohet-15-gushti-fjetja-e-hyjlindeses-mari\/","title":{"rendered":"Festohet 15 gushti, Fjetja e Hyjlind\u00ebses Mari. (15 Gusht 2012)"},"content":{"rendered":"<div style=\"text-align: center;\"><span style=\"font-family: helvetica;\"><span style=\"font-size: 12px;\"><img class=\"lazyload\" decoding=\"async\" style=\"width: 300px; height: 200px; border-width: 1px; border-style: solid; margin: 10px; float: left;\" alt=\"\" src=\"data:image\/gif;base64,R0lGODlhAQABAAAAACH5BAEKAAEALAAAAAABAAEAAAICTAEAOw==\" data-orig-src=\"https:\/\/lh4.googleusercontent.com\/-skkDb07Mm1A\/UCzX4IS33PI\/AAAAAAAAA2o\/VGmPgnHRmSk\/s640\/BERAT.jpg\" \/><span style=\"color: #b22222; font-size: 12pt;\"><strong>N\u00eb Manastirin e Zv\u00ebrnecit, festa mblodhi shum\u00eb besimtar\u00eb<\/strong>&nbsp;<\/span><\/span><\/span><\/div>\n<div style=\"text-align: center;\"><span style=\"font-family: helvetica; font-size: 12pt;\"><span style=\"color: #b22222;\">&nbsp;&nbsp;<\/span><\/span><\/div>\n<div style=\"text-align: justify;\"><span style=\"color: #000000; font-family: helvetica; font-size: 12pt;\">&nbsp; &nbsp; N\u00eb Manastirin \u201cFjetja e Hyjlind\u00ebses\u201d, n\u00eb Zv\u00ebrnec, u festua me ngaz\u00ebllim shpirt\u00ebror dhe me adhurim madh\u00ebshtor Fjetja e t\u00eb P\u00ebrmbishenjt\u00ebs. Mes qindra pjes\u00ebmarr\u00ebsve, t\u00eb ardhur nga Berati, Vlora, Fieri dhe zonat p\u00ebrreth, ishte edhe Mitropoliti i Beratit, Hir\u00ebsi Ignati, i cili kreu Liturgjin\u00eb Hyjnore. Gjat\u00eb predikimit, ai theksoi se kalimi i Sh\u00ebn Maris\u00eb n\u00eb tok\u00ebn ton\u00eb, ishte nj\u00eb nder i ve\u00e7ant\u00eb dhe nj\u00eb bekim i paimagjinuesh\u00ebm. \u201cDuart e saj, keruvike dhe t\u00eb shenjta. Zemra e saj, temjanic\u00eb e shenjt\u00eb. Ishte dhe \u00ebsht\u00eb figura me pozit\u00eb t\u00eb privilegjuar. E shenjta e t\u00eb shenjt\u00ebve. Gjat\u00eb s\u00eb kremtes t\u00eb Fjetjes s\u00eb Hyjlind\u00ebses p\u00ebrjetojm\u00eb k\u00ebt\u00eb nder. Nderojm\u00eb njeriun m\u00eb t\u00eb shenjt\u00eb, n\u00ebn\u00ebn m\u00eb t\u00eb shenjt\u00eb, Sh\u00ebn Marin\u00eb. N\u00ebn\u00ebn e Zotit dhe Per\u00ebndis\u00eb son\u00eb, t\u00eb T\u00ebr\u00ebshenjt\u00ebn. K\u00ebt\u00eb vit, p\u00ebrve\u00e7 numrit t\u00eb lart\u00eb t\u00eb besimtar\u00ebve, spikati edhe qet\u00ebsia e rregulli n\u00eb kish\u00eb.<br \/> <\/span><\/div>\n<div style=\"text-align: justify;\"><span style=\"font-family: helvetica; font-size: 12pt;\"><\/span><\/div>\n<div style=\"text-align: center;\"><span style=\"font-family: helvetica; font-size: 12pt;\"><span style=\"color: #b22222;\"><strong>N\u00eb Manastirin e Ri t\u00eb Sh\u00ebn Vlashit<\/strong><\/span><\/span><\/div>\n<div style=\"text-align: justify;\"><span style=\"color: #000000; font-family: helvetica; font-size: 12pt;\"> <strong>&nbsp;&nbsp;&nbsp; <\/strong> Besimtar\u00eb nga Durr\u00ebsi, Tirana, Kavaja dhe rrethinave t\u00eb tyre u mblodh\u00ebn p\u00ebr t\u00eb nderuar kujtimin e Virgj\u00ebresh\u00ebs Mari n\u00eb Manastirin e Sh\u00ebn Vlashit n\u00eb Durr\u00ebs, p\u00ebr t\u2019u lutur q\u00eb t\u00eb nd\u00ebrmjetoj\u00eb tek Biri i saj p\u00ebr sh\u00ebndet trupor dhe shpirt\u00ebror. Festimi filloi q\u00eb m\u00eb dat\u00ebn 14 gusht, me sh\u00ebrbesat e Mbrem\u00ebsores, Paraklisit t\u00eb s\u00ebT\u00ebr\u00ebshenjt\u00ebs dhe at\u00eb t\u00eb Pasdark\u00ebs, kur si\u00e7 \u00ebsht\u00eb tradita, n\u00eb manastir u mblodh\u00ebn p\u00ebr t\u00eb kaluar nat\u00ebn n\u00eb lutje me qindra besimtar\u00eb, por edhe shum\u00eb njer\u00ebz t\u00eb besimeve t\u00eb tjera, t\u00eb cil\u00ebt e nderojn\u00eb n\u00eb m\u00ebnyr\u00eb t\u00eb ve\u00e7ant\u00eb k\u00ebt\u00eb vend mrekullib\u00ebr\u00ebs. Sh\u00ebrbesat u kryen nga dy episkop\u00eb, episkopi i Apolonis\u00eb Hir\u00ebsia i tij, Nikolla dhe episkopi i Bylisit, Hir\u00ebsia i tij Asti, t\u00eb cil\u00ebt i p\u00ebrkasin brezit s\u00eb ri t\u00eb episkop\u00ebve t\u00eb Kish\u00ebs son\u00eb. N\u00eb sh\u00ebrbes\u00ebn e Mbr\u00ebm\u00ebsores predikimin e mbajti Hir\u00ebsi Nikolla, i cili vuri theksin n\u00eb faktin q\u00eb jeta jon\u00eb dhe ngjarjet q\u00eb lidhen me t\u00eb nuk jan\u00eb rast\u00ebsi, pasi vet\u00eb rasti i t\u00eb T\u00ebr\u00ebshenjt\u00ebs Mari nuk \u00ebsht\u00eb rast\u00ebsi. E T\u00ebr\u00ebshenjta Mari, me jet\u00ebn e saj jo rast\u00ebsore \u00ebsht\u00eb shembull frym\u00ebzimi p\u00ebr n\u00ebnat, p\u00ebr prind\u00ebrit, p\u00ebr f\u00ebmij\u00ebt dhe mbi t\u00eb gjitha p\u00ebr t\u00eb gjith\u00eb ata q\u00eb besojn\u00eb dhe k\u00ebrkojn\u00eb shenjt\u00ebrimin dhe shp\u00ebtimin e tyre.<\/span><\/div>\n<div style=\"text-align: center;\">\n<p><span style=\"font-family: helvetica; font-size: 12pt;\"> <span style=\"color: #b22222;\"><strong>N\u00eb Manastirin e Drenov\u00ebs vazhdoi tradita e bukur festive<\/strong><\/span><\/span><\/div>\n<div style=\"text-align: justify;\">\n<p><span style=\"color: #000000; font-family: helvetica; font-size: 12pt;\"> &nbsp;&nbsp;&nbsp; Drenova, me kish\u00ebn e saj t\u00eb bukur dhe tradit\u00ebn e krishter\u00eb, s\u2019kishte si t\u00eb mos e festonte aq madh\u00ebrisht 15 gushtin. Bashk\u00eb me Mitropolitin e Kor\u00e7\u00ebs, Hir\u00ebsi Joanin, dhjet\u00ebra besimtar\u00eb erdh\u00ebn edhe nga qyteti, p\u00ebr t\u2019iu bashkuar festimeve n\u00eb kish\u00ebn q\u00eb mban emrin \u201cFjetja e Hyjlind\u00ebses\u201d. Besimtar\u00ebt iu lut\u00ebn t\u00eb T\u00ebr\u00ebshenjt\u00ebs t\u2019i drejtohet Zotit Krisht Per\u00ebndi, si nd\u00ebrmjet\u00ebse e pakrahasuar, q\u00eb t\u00eb na ndri\u00e7oj\u00eb, t\u00eb gjejm\u00eb rrug\u00ebn e njer\u00ebzimit dhe t\u00eb jet\u00ebs s\u00eb virtytshme, q\u00eb e denj\u00ebson njeriun dhe, q\u00eb vet\u00ebm Ai mund t\u00eb na udh\u00ebheq\u00eb dhe mund t\u00eb na e dhuroj\u00eb. Gjat\u00eb predikimit, Hir\u00ebsi Joani foli p\u00ebr vdekjen. \u201cSot, ne jemi t\u00eb ftuar t\u00eb gjith\u00eb t\u00eb mundim vdekjen. Vdekja nuk e ndan njeriun nga jeta, sepse njeriu mbetet n\u00eb dimensionin e p\u00ebrjetsh\u00ebm. P\u00ebr ne t\u00eb krishter\u00ebt, vdekja nuk \u00ebsht\u00eb e frikshme, por \u00ebsht\u00eb kalim drejt jet\u00ebs s\u00eb p\u00ebrjetshme. Prandaj n\u00eb k\u00ebt\u00eb \u201cPashk\u00eb t\u00eb Ver\u00ebs\u201d, le t\u00eb g\u00ebzohemi sepse g\u00ebzimi \u00ebsht\u00eb vet\u00eb jeta\u201d.&nbsp;<\/span><\/div>\n<div style=\"text-align: right;\">\n<p><span style=\"color: #000000; font-family: helvetica; font-size: 12pt;\"> <strong>P\u00ebrgatit\u00ebn: Thoma \u00c7omeni, Fatjon Postoli, Theodhor Peci<\/strong><\/span><\/div>\n<div><span style=\"font-family: helvetica; font-size: 12pt;\"><\/span><\/div>\n<div><span style=\"font-family: helvetica; font-size: 12pt;\"><\/span><\/div>\n","protected":false},"excerpt":{"rendered":"<p>N\u00eb Manastirin e Zv\u00ebrnecit, festa mblodhi shum\u00eb besimtar\u00eb&nbsp; &nbsp;&nbsp; &nbsp; &nbsp; N\u00eb Manastirin \u201cFjetja e Hyjlind\u00ebses\u201d, n\u00eb Zv\u00ebrnec, u festua me ngaz\u00ebllim shpirt\u00ebror dhe me adhurim madh\u00ebshtor Fjetja e t\u00eb P\u00ebrmbishenjt\u00ebs. Mes qindra pjes\u00ebmarr\u00ebsve, t\u00eb ardhur nga Berati, Vlora, Fieri dhe zonat p\u00ebrreth, ishte edhe Mitropoliti i Beratit, Hir\u00ebsi Ignati, i cili kreu Liturgjin\u00eb Hyjnore. Gjat\u00eb predikimit, ai theksoi se kalimi i Sh\u00ebn Maris\u00eb n\u00eb<\/p>\n","protected":false},"author":1,"featured_media":0,"comment_status":"open","ping_status":"open","sticky":false,"template":"","format":"standard","meta":{"_acf_changed":false,"pagelayer_contact_templates":[],"_pagelayer_content":"","inline_featured_image":false,"fifu_image_url":"","fifu_image_alt":"","footnotes":""},"categories":[108],"tags":[142,157,196,212],"class_list":["post-541","post","type-post","status-publish","format-standard","hentry","category-lajme","tag-142","tag-kremtime","tag-tirane","tag-lajme-d27"],"acf":[],"yoast_head":"<!-- This site is optimized with the Yoast SEO plugin v27.2 - https:\/\/yoast.com\/product\/yoast-seo-wordpress\/ -->\n<title>Festohet 15 gushti, Fjetja e Hyjlind\u00ebses Mari. (15 Gusht 2012) - Kisha Orthodh\u03bfkse Autoqefale e Shqip\u00ebris\u00eb<\/title>\n<meta name=\"robots\" content=\"index, follow, max-snippet:-1, max-image-preview:large, max-video-preview:-1\" \/>\n<link rel=\"canonical\" href=\"https:\/\/orthodoxalbania.org\/2020\/2013\/03\/21\/festohet-15-gushti-fjetja-e-hyjlindeses-mari\/\" \/>\n<meta property=\"og:locale\" content=\"en_US\" \/>\n<meta property=\"og:type\" content=\"article\" \/>\n<meta property=\"og:title\" content=\"Festohet 15 gushti, Fjetja e Hyjlind\u00ebses Mari. (15 Gusht 2012) - Kisha Orthodh\u03bfkse Autoqefale e Shqip\u00ebris\u00eb\" \/>\n<meta property=\"og:description\" content=\"N\u00eb Manastirin e Zv\u00ebrnecit, festa mblodhi shum\u00eb besimtar\u00eb&nbsp; &nbsp;&nbsp; &nbsp; &nbsp; N\u00eb Manastirin \u201cFjetja e Hyjlind\u00ebses\u201d, n\u00eb Zv\u00ebrnec, u festua me ngaz\u00ebllim shpirt\u00ebror dhe me adhurim madh\u00ebshtor Fjetja e t\u00eb P\u00ebrmbishenjt\u00ebs. Mes qindra pjes\u00ebmarr\u00ebsve, t\u00eb ardhur nga Berati, Vlora, Fieri dhe zonat p\u00ebrreth, ishte edhe Mitropoliti i Beratit, Hir\u00ebsi Ignati, i cili kreu Liturgjin\u00eb Hyjnore. Gjat\u00eb predikimit, ai theksoi se kalimi i Sh\u00ebn Maris\u00eb n\u00eb\" \/>\n<meta property=\"og:url\" content=\"https:\/\/orthodoxalbania.org\/2020\/2013\/03\/21\/festohet-15-gushti-fjetja-e-hyjlindeses-mari\/\" \/>\n<meta property=\"og:site_name\" content=\"Kisha Orthodh\u03bfkse Autoqefale e Shqip\u00ebris\u00eb\" \/>\n<meta property=\"article:publisher\" content=\"https:\/\/www.facebook.com\/koash1991\" \/>\n<meta property=\"article:published_time\" content=\"2013-03-21T12:14:12+00:00\" \/>\n<meta property=\"article:modified_time\" content=\"2020-04-06T20:06:00+00:00\" \/>\n<meta property=\"og:image\" content=\"https:\/\/lh4.googleusercontent.com\/-skkDb07Mm1A\/UCzX4IS33PI\/AAAAAAAAA2o\/VGmPgnHRmSk\/s640\/BERAT.jpg\" \/>\n<meta name=\"author\" content=\"Kisha Orthodhokse\" \/>\n<meta name=\"twitter:card\" content=\"summary_large_image\" \/>\n<meta name=\"twitter:label1\" content=\"Written by\" \/>\n\t<meta name=\"twitter:data1\" content=\"Kisha Orthodhokse\" \/>\n\t<meta name=\"twitter:label2\" content=\"Est. reading time\" \/>\n\t<meta name=\"twitter:data2\" content=\"3 minutes\" \/>\n<script type=\"application\/ld+json\" class=\"yoast-schema-graph\">{\"@context\":\"https:\/\/schema.org\",\"@graph\":[{\"@type\":\"Article\",\"@id\":\"https:\/\/orthodoxalbania.org\/2020\/2013\/03\/21\/festohet-15-gushti-fjetja-e-hyjlindeses-mari\/#article\",\"isPartOf\":{\"@id\":\"https:\/\/orthodoxalbania.org\/2020\/2013\/03\/21\/festohet-15-gushti-fjetja-e-hyjlindeses-mari\/\"},\"author\":{\"name\":\"Kisha Orthodhokse\",\"@id\":\"https:\/\/orthodoxalbania.org\/2020\/#\/schema\/person\/0c387634a7063ac612d7ed9ce71c7e86\"},\"headline\":\"Festohet 15 gushti, Fjetja e Hyjlind\u00ebses Mari. (15 Gusht 2012)\",\"datePublished\":\"2013-03-21T12:14:12+00:00\",\"dateModified\":\"2020-04-06T20:06:00+00:00\",\"mainEntityOfPage\":{\"@id\":\"https:\/\/orthodoxalbania.org\/2020\/2013\/03\/21\/festohet-15-gushti-fjetja-e-hyjlindeses-mari\/\"},\"wordCount\":678,\"commentCount\":0,\"publisher\":{\"@id\":\"https:\/\/orthodoxalbania.org\/2020\/#organization\"},\"image\":{\"@id\":\"https:\/\/orthodoxalbania.org\/2020\/2013\/03\/21\/festohet-15-gushti-fjetja-e-hyjlindeses-mari\/#primaryimage\"},\"thumbnailUrl\":\"https:\/\/lh4.googleusercontent.com\/-skkDb07Mm1A\/UCzX4IS33PI\/AAAAAAAAA2o\/VGmPgnHRmSk\/s640\/BERAT.jpg\",\"keywords\":[\"2012\",\"Kremtime\",\"Kryepiskopata Tiran\u00eb\",\"lajme\"],\"articleSection\":[\"Lajme\"],\"inLanguage\":\"en-US\"},{\"@type\":\"WebPage\",\"@id\":\"https:\/\/orthodoxalbania.org\/2020\/2013\/03\/21\/festohet-15-gushti-fjetja-e-hyjlindeses-mari\/\",\"url\":\"https:\/\/orthodoxalbania.org\/2020\/2013\/03\/21\/festohet-15-gushti-fjetja-e-hyjlindeses-mari\/\",\"name\":\"Festohet 15 gushti, Fjetja e Hyjlind\u00ebses Mari. (15 Gusht 2012) - Kisha Orthodh\u03bfkse Autoqefale e Shqip\u00ebris\u00eb\",\"isPartOf\":{\"@id\":\"https:\/\/orthodoxalbania.org\/2020\/#website\"},\"primaryImageOfPage\":{\"@id\":\"https:\/\/orthodoxalbania.org\/2020\/2013\/03\/21\/festohet-15-gushti-fjetja-e-hyjlindeses-mari\/#primaryimage\"},\"image\":{\"@id\":\"https:\/\/orthodoxalbania.org\/2020\/2013\/03\/21\/festohet-15-gushti-fjetja-e-hyjlindeses-mari\/#primaryimage\"},\"thumbnailUrl\":\"https:\/\/lh4.googleusercontent.com\/-skkDb07Mm1A\/UCzX4IS33PI\/AAAAAAAAA2o\/VGmPgnHRmSk\/s640\/BERAT.jpg\",\"datePublished\":\"2013-03-21T12:14:12+00:00\",\"dateModified\":\"2020-04-06T20:06:00+00:00\",\"breadcrumb\":{\"@id\":\"https:\/\/orthodoxalbania.org\/2020\/2013\/03\/21\/festohet-15-gushti-fjetja-e-hyjlindeses-mari\/#breadcrumb\"},\"inLanguage\":\"en-US\",\"potentialAction\":[{\"@type\":\"ReadAction\",\"target\":[\"https:\/\/orthodoxalbania.org\/2020\/2013\/03\/21\/festohet-15-gushti-fjetja-e-hyjlindeses-mari\/\"]}]},{\"@type\":\"ImageObject\",\"inLanguage\":\"en-US\",\"@id\":\"https:\/\/orthodoxalbania.org\/2020\/2013\/03\/21\/festohet-15-gushti-fjetja-e-hyjlindeses-mari\/#primaryimage\",\"url\":\"https:\/\/lh4.googleusercontent.com\/-skkDb07Mm1A\/UCzX4IS33PI\/AAAAAAAAA2o\/VGmPgnHRmSk\/s640\/BERAT.jpg\",\"contentUrl\":\"https:\/\/lh4.googleusercontent.com\/-skkDb07Mm1A\/UCzX4IS33PI\/AAAAAAAAA2o\/VGmPgnHRmSk\/s640\/BERAT.jpg\"},{\"@type\":\"BreadcrumbList\",\"@id\":\"https:\/\/orthodoxalbania.org\/2020\/2013\/03\/21\/festohet-15-gushti-fjetja-e-hyjlindeses-mari\/#breadcrumb\",\"itemListElement\":[{\"@type\":\"ListItem\",\"position\":1,\"name\":\"Home\",\"item\":\"https:\/\/orthodoxalbania.org\/2020\/\"},{\"@type\":\"ListItem\",\"position\":2,\"name\":\"Festohet 15 gushti, Fjetja e Hyjlind\u00ebses Mari. (15 Gusht 2012)\"}]},{\"@type\":\"WebSite\",\"@id\":\"https:\/\/orthodoxalbania.org\/2020\/#website\",\"url\":\"https:\/\/orthodoxalbania.org\/2020\/\",\"name\":\"Kisha Orthodh\u03bfkse Autoqefale e Shqip\u00ebris\u00eb\",\"description\":\"Fqja Zyrtare e Kish\u00ebs Orthodhokse Autoqefale e Shqip\u00ebris\u00eb me lajmet edhe informacionet zyrtare p\u00ebr struktur\u00ebn edhe veprimtarin e saj.\",\"publisher\":{\"@id\":\"https:\/\/orthodoxalbania.org\/2020\/#organization\"},\"potentialAction\":[{\"@type\":\"SearchAction\",\"target\":{\"@type\":\"EntryPoint\",\"urlTemplate\":\"https:\/\/orthodoxalbania.org\/2020\/?s={search_term_string}\"},\"query-input\":{\"@type\":\"PropertyValueSpecification\",\"valueRequired\":true,\"valueName\":\"search_term_string\"}}],\"inLanguage\":\"en-US\"},{\"@type\":\"Organization\",\"@id\":\"https:\/\/orthodoxalbania.org\/2020\/#organization\",\"name\":\"Kisha Orthodhokse Autoqefale e Shqip\u00ebris\u00eb\",\"url\":\"https:\/\/orthodoxalbania.org\/2020\/\",\"logo\":{\"@type\":\"ImageObject\",\"inLanguage\":\"en-US\",\"@id\":\"https:\/\/orthodoxalbania.org\/2020\/#\/schema\/logo\/image\/\",\"url\":\"https:\/\/orthodoxalbania.org\/2020\/wp-content\/uploads\/2020\/05\/albania.jpeg\",\"contentUrl\":\"https:\/\/orthodoxalbania.org\/2020\/wp-content\/uploads\/2020\/05\/albania.jpeg\",\"width\":540,\"height\":540,\"caption\":\"Kisha Orthodhokse Autoqefale e Shqip\u00ebris\u00eb\"},\"image\":{\"@id\":\"https:\/\/orthodoxalbania.org\/2020\/#\/schema\/logo\/image\/\"},\"sameAs\":[\"https:\/\/www.facebook.com\/koash1991\"]},{\"@type\":\"Person\",\"@id\":\"https:\/\/orthodoxalbania.org\/2020\/#\/schema\/person\/0c387634a7063ac612d7ed9ce71c7e86\",\"name\":\"Kisha Orthodhokse\",\"image\":{\"@type\":\"ImageObject\",\"inLanguage\":\"en-US\",\"@id\":\"https:\/\/secure.gravatar.com\/avatar\/596e7c417251e30f2fbb9c00e026fce61a695a00e51c889caded71c96cbbdde5?s=96&d=mm&r=g\",\"url\":\"https:\/\/secure.gravatar.com\/avatar\/596e7c417251e30f2fbb9c00e026fce61a695a00e51c889caded71c96cbbdde5?s=96&d=mm&r=g\",\"contentUrl\":\"https:\/\/secure.gravatar.com\/avatar\/596e7c417251e30f2fbb9c00e026fce61a695a00e51c889caded71c96cbbdde5?s=96&d=mm&r=g\",\"caption\":\"Kisha Orthodhokse\"}}]}<\/script>\n<!-- \/ Yoast SEO plugin. -->","yoast_head_json":{"title":"Festohet 15 gushti, Fjetja e Hyjlind\u00ebses Mari. (15 Gusht 2012) - Kisha Orthodh\u03bfkse Autoqefale e Shqip\u00ebris\u00eb","robots":{"index":"index","follow":"follow","max-snippet":"max-snippet:-1","max-image-preview":"max-image-preview:large","max-video-preview":"max-video-preview:-1"},"canonical":"https:\/\/orthodoxalbania.org\/2020\/2013\/03\/21\/festohet-15-gushti-fjetja-e-hyjlindeses-mari\/","og_locale":"en_US","og_type":"article","og_title":"Festohet 15 gushti, Fjetja e Hyjlind\u00ebses Mari. (15 Gusht 2012) - Kisha Orthodh\u03bfkse Autoqefale e Shqip\u00ebris\u00eb","og_description":"N\u00eb Manastirin e Zv\u00ebrnecit, festa mblodhi shum\u00eb besimtar\u00eb&nbsp; &nbsp;&nbsp; &nbsp; &nbsp; N\u00eb Manastirin \u201cFjetja e Hyjlind\u00ebses\u201d, n\u00eb Zv\u00ebrnec, u festua me ngaz\u00ebllim shpirt\u00ebror dhe me adhurim madh\u00ebshtor Fjetja e t\u00eb P\u00ebrmbishenjt\u00ebs. Mes qindra pjes\u00ebmarr\u00ebsve, t\u00eb ardhur nga Berati, Vlora, Fieri dhe zonat p\u00ebrreth, ishte edhe Mitropoliti i Beratit, Hir\u00ebsi Ignati, i cili kreu Liturgjin\u00eb Hyjnore. Gjat\u00eb predikimit, ai theksoi se kalimi i Sh\u00ebn Maris\u00eb n\u00eb","og_url":"https:\/\/orthodoxalbania.org\/2020\/2013\/03\/21\/festohet-15-gushti-fjetja-e-hyjlindeses-mari\/","og_site_name":"Kisha Orthodh\u03bfkse Autoqefale e Shqip\u00ebris\u00eb","article_publisher":"https:\/\/www.facebook.com\/koash1991","article_published_time":"2013-03-21T12:14:12+00:00","article_modified_time":"2020-04-06T20:06:00+00:00","og_image":[{"url":"https:\/\/lh4.googleusercontent.com\/-skkDb07Mm1A\/UCzX4IS33PI\/AAAAAAAAA2o\/VGmPgnHRmSk\/s640\/BERAT.jpg","type":"","width":"","height":""}],"author":"Kisha Orthodhokse","twitter_card":"summary_large_image","twitter_misc":{"Written by":"Kisha Orthodhokse","Est. reading time":"3 minutes"},"schema":{"@context":"https:\/\/schema.org","@graph":[{"@type":"Article","@id":"https:\/\/orthodoxalbania.org\/2020\/2013\/03\/21\/festohet-15-gushti-fjetja-e-hyjlindeses-mari\/#article","isPartOf":{"@id":"https:\/\/orthodoxalbania.org\/2020\/2013\/03\/21\/festohet-15-gushti-fjetja-e-hyjlindeses-mari\/"},"author":{"name":"Kisha Orthodhokse","@id":"https:\/\/orthodoxalbania.org\/2020\/#\/schema\/person\/0c387634a7063ac612d7ed9ce71c7e86"},"headline":"Festohet 15 gushti, Fjetja e Hyjlind\u00ebses Mari. (15 Gusht 2012)","datePublished":"2013-03-21T12:14:12+00:00","dateModified":"2020-04-06T20:06:00+00:00","mainEntityOfPage":{"@id":"https:\/\/orthodoxalbania.org\/2020\/2013\/03\/21\/festohet-15-gushti-fjetja-e-hyjlindeses-mari\/"},"wordCount":678,"commentCount":0,"publisher":{"@id":"https:\/\/orthodoxalbania.org\/2020\/#organization"},"image":{"@id":"https:\/\/orthodoxalbania.org\/2020\/2013\/03\/21\/festohet-15-gushti-fjetja-e-hyjlindeses-mari\/#primaryimage"},"thumbnailUrl":"https:\/\/lh4.googleusercontent.com\/-skkDb07Mm1A\/UCzX4IS33PI\/AAAAAAAAA2o\/VGmPgnHRmSk\/s640\/BERAT.jpg","keywords":["2012","Kremtime","Kryepiskopata Tiran\u00eb","lajme"],"articleSection":["Lajme"],"inLanguage":"en-US"},{"@type":"WebPage","@id":"https:\/\/orthodoxalbania.org\/2020\/2013\/03\/21\/festohet-15-gushti-fjetja-e-hyjlindeses-mari\/","url":"https:\/\/orthodoxalbania.org\/2020\/2013\/03\/21\/festohet-15-gushti-fjetja-e-hyjlindeses-mari\/","name":"Festohet 15 gushti, Fjetja e Hyjlind\u00ebses Mari. (15 Gusht 2012) - Kisha Orthodh\u03bfkse Autoqefale e Shqip\u00ebris\u00eb","isPartOf":{"@id":"https:\/\/orthodoxalbania.org\/2020\/#website"},"primaryImageOfPage":{"@id":"https:\/\/orthodoxalbania.org\/2020\/2013\/03\/21\/festohet-15-gushti-fjetja-e-hyjlindeses-mari\/#primaryimage"},"image":{"@id":"https:\/\/orthodoxalbania.org\/2020\/2013\/03\/21\/festohet-15-gushti-fjetja-e-hyjlindeses-mari\/#primaryimage"},"thumbnailUrl":"https:\/\/lh4.googleusercontent.com\/-skkDb07Mm1A\/UCzX4IS33PI\/AAAAAAAAA2o\/VGmPgnHRmSk\/s640\/BERAT.jpg","datePublished":"2013-03-21T12:14:12+00:00","dateModified":"2020-04-06T20:06:00+00:00","breadcrumb":{"@id":"https:\/\/orthodoxalbania.org\/2020\/2013\/03\/21\/festohet-15-gushti-fjetja-e-hyjlindeses-mari\/#breadcrumb"},"inLanguage":"en-US","potentialAction":[{"@type":"ReadAction","target":["https:\/\/orthodoxalbania.org\/2020\/2013\/03\/21\/festohet-15-gushti-fjetja-e-hyjlindeses-mari\/"]}]},{"@type":"ImageObject","inLanguage":"en-US","@id":"https:\/\/orthodoxalbania.org\/2020\/2013\/03\/21\/festohet-15-gushti-fjetja-e-hyjlindeses-mari\/#primaryimage","url":"https:\/\/lh4.googleusercontent.com\/-skkDb07Mm1A\/UCzX4IS33PI\/AAAAAAAAA2o\/VGmPgnHRmSk\/s640\/BERAT.jpg","contentUrl":"https:\/\/lh4.googleusercontent.com\/-skkDb07Mm1A\/UCzX4IS33PI\/AAAAAAAAA2o\/VGmPgnHRmSk\/s640\/BERAT.jpg"},{"@type":"BreadcrumbList","@id":"https:\/\/orthodoxalbania.org\/2020\/2013\/03\/21\/festohet-15-gushti-fjetja-e-hyjlindeses-mari\/#breadcrumb","itemListElement":[{"@type":"ListItem","position":1,"name":"Home","item":"https:\/\/orthodoxalbania.org\/2020\/"},{"@type":"ListItem","position":2,"name":"Festohet 15 gushti, Fjetja e Hyjlind\u00ebses Mari. (15 Gusht 2012)"}]},{"@type":"WebSite","@id":"https:\/\/orthodoxalbania.org\/2020\/#website","url":"https:\/\/orthodoxalbania.org\/2020\/","name":"Kisha Orthodh\u03bfkse Autoqefale e Shqip\u00ebris\u00eb","description":"Fqja Zyrtare e Kish\u00ebs Orthodhokse Autoqefale e Shqip\u00ebris\u00eb me lajmet edhe informacionet zyrtare p\u00ebr struktur\u00ebn edhe veprimtarin e saj.","publisher":{"@id":"https:\/\/orthodoxalbania.org\/2020\/#organization"},"potentialAction":[{"@type":"SearchAction","target":{"@type":"EntryPoint","urlTemplate":"https:\/\/orthodoxalbania.org\/2020\/?s={search_term_string}"},"query-input":{"@type":"PropertyValueSpecification","valueRequired":true,"valueName":"search_term_string"}}],"inLanguage":"en-US"},{"@type":"Organization","@id":"https:\/\/orthodoxalbania.org\/2020\/#organization","name":"Kisha Orthodhokse Autoqefale e Shqip\u00ebris\u00eb","url":"https:\/\/orthodoxalbania.org\/2020\/","logo":{"@type":"ImageObject","inLanguage":"en-US","@id":"https:\/\/orthodoxalbania.org\/2020\/#\/schema\/logo\/image\/","url":"https:\/\/orthodoxalbania.org\/2020\/wp-content\/uploads\/2020\/05\/albania.jpeg","contentUrl":"https:\/\/orthodoxalbania.org\/2020\/wp-content\/uploads\/2020\/05\/albania.jpeg","width":540,"height":540,"caption":"Kisha Orthodhokse Autoqefale e Shqip\u00ebris\u00eb"},"image":{"@id":"https:\/\/orthodoxalbania.org\/2020\/#\/schema\/logo\/image\/"},"sameAs":["https:\/\/www.facebook.com\/koash1991"]},{"@type":"Person","@id":"https:\/\/orthodoxalbania.org\/2020\/#\/schema\/person\/0c387634a7063ac612d7ed9ce71c7e86","name":"Kisha Orthodhokse","image":{"@type":"ImageObject","inLanguage":"en-US","@id":"https:\/\/secure.gravatar.com\/avatar\/596e7c417251e30f2fbb9c00e026fce61a695a00e51c889caded71c96cbbdde5?s=96&d=mm&r=g","url":"https:\/\/secure.gravatar.com\/avatar\/596e7c417251e30f2fbb9c00e026fce61a695a00e51c889caded71c96cbbdde5?s=96&d=mm&r=g","contentUrl":"https:\/\/secure.gravatar.com\/avatar\/596e7c417251e30f2fbb9c00e026fce61a695a00e51c889caded71c96cbbdde5?s=96&d=mm&r=g","caption":"Kisha Orthodhokse"}}]}},"_links":{"self":[{"href":"https:\/\/orthodoxalbania.org\/2020\/wp-json\/wp\/v2\/posts\/541","targetHints":{"allow":["GET"]}}],"collection":[{"href":"https:\/\/orthodoxalbania.org\/2020\/wp-json\/wp\/v2\/posts"}],"about":[{"href":"https:\/\/orthodoxalbania.org\/2020\/wp-json\/wp\/v2\/types\/post"}],"author":[{"embeddable":true,"href":"https:\/\/orthodoxalbania.org\/2020\/wp-json\/wp\/v2\/users\/1"}],"replies":[{"embeddable":true,"href":"https:\/\/orthodoxalbania.org\/2020\/wp-json\/wp\/v2\/comments?post=541"}],"version-history":[{"count":1,"href":"https:\/\/orthodoxalbania.org\/2020\/wp-json\/wp\/v2\/posts\/541\/revisions"}],"predecessor-version":[{"id":15302,"href":"https:\/\/orthodoxalbania.org\/2020\/wp-json\/wp\/v2\/posts\/541\/revisions\/15302"}],"wp:attachment":[{"href":"https:\/\/orthodoxalbania.org\/2020\/wp-json\/wp\/v2\/media?parent=541"}],"wp:term":[{"taxonomy":"category","embeddable":true,"href":"https:\/\/orthodoxalbania.org\/2020\/wp-json\/wp\/v2\/categories?post=541"},{"taxonomy":"post_tag","embeddable":true,"href":"https:\/\/orthodoxalbania.org\/2020\/wp-json\/wp\/v2\/tags?post=541"}],"curies":[{"name":"wp","href":"https:\/\/api.w.org\/{rel}","templated":true}]}}