{"id":54090,"date":"2021-05-05T00:00:10","date_gmt":"2021-05-04T22:00:10","guid":{"rendered":"https:\/\/orthodoxalbania.org\/2020\/?p=54090"},"modified":"2021-05-03T13:10:14","modified_gmt":"2021-05-03T11:10:14","slug":"transferimi-i-lipsanit-te-shen-athanasit-te-madh-deshmore-e-madhe-irini-efthimi-i-madhites-oshenar-deshmor-i-ri-efremi-cudiberes-deshmoret-martini-irakliu","status":"publish","type":"post","link":"https:\/\/orthodoxalbania.org\/2020\/2021\/05\/05\/transferimi-i-lipsanit-te-shen-athanasit-te-madh-deshmore-e-madhe-irini-efthimi-i-madhites-oshenar-deshmor-i-ri-efremi-cudiberes-deshmoret-martini-irakliu\/","title":{"rendered":"Transferimi i lipsanit t\u00eb Sh\u00ebn Athanasit t\u00eb Madh. D\u00ebshmore e madhe Irini. Efthimi i Madhit\u00ebs. Osh\u00ebnar d\u00ebshmor i ri Efremi, \u00e7udib\u00ebr\u00ebs. D\u00ebshmor\u00ebt Martini, Irakliu."},"content":{"rendered":"<h4 style=\"text-align: center;\"><\/h4>\n<h4 style=\"text-align: center;\"><strong>&#8211; D\u00ebshmore e madhe Irini &#8211;<\/strong><\/h4>\n<p>Nuk kemi t\u00eb dh\u00ebna autentike p\u00ebr jet\u00ebn e saj. Megjithat\u00eb po japim aq sa dihet p\u00ebr t\u00eb: Kishte nj\u00eb bukuri t\u00eb rrall\u00eb. Ishte f\u00ebmij\u00eb i vet\u00ebm e Likinit dhe Likinis\u00eb, arkond\u00eb t\u00eb nj\u00eb qyteti persian. Qysh n\u00eb mosh\u00ebn 6-vje\u00e7are, u mbyll nga prind\u00ebrit n\u00eb nj\u00eb kull\u00eb, si\u00e7 qe zakoni at\u00ebher\u00eb, dhe rritej n\u00eb kujdestarin\u00eb e pedagogut t\u00eb saj, plakut Apelian, q\u00eb paraqitet si jet\u00ebshkruesi i saj. Pasi ajo pa nj\u00eb vegim i cili, sipas Apelianit, paralajm\u00ebronte martirizimin dhe lavdin\u00eb e saj, thuhet se engj\u00eblli e thirri me emrin Irini (greqisht do t\u00eb thot\u00eb: paqe) nd\u00ebrsa quhej Pinelopi dhe i m\u00ebsoi besimin e krishter\u00eb.<\/p>\n<p>Sapo u pag\u00ebzua, theu idhujt e babait dhe ai, i zem\u00ebruar, i l\u00ebshoi kuajt p\u00ebr ta shkelur, por ata vran\u00eb t\u00eb atin. E bija e ngjalli dhe k\u00ebshtu ai besoi dhe u pag\u00ebzua s\u00eb bashku me t\u00eb \u00ebm\u00ebn e saj e shum\u00eb t\u00eb tjer\u00eb dhe jetoi me pendim, derisa vdiq.<\/p>\n<p>Nj\u00eb s\u00ebr\u00eb sovran\u00ebsh ia n\u00ebnshtruan shenjtoren torturave t\u00eb paimagjinueshme dhe t\u00eb nj\u00ebpasnj\u00ebshme: E hodh\u00ebn n\u00eb grop\u00eb me gjarp\u00ebrinj, i pren\u00eb me sharr\u00eb k\u00ebmb\u00ebt, e kaluan nga \u201crrota\u201d, e detyruan t\u00eb transportonte pesha me gozhd\u00eb n\u00ebp\u00ebr k\u00ebmb\u00eb, e vendos\u00ebn mbi buaj bakri t\u00eb skuqur dhe disa her\u00eb brenda n\u00eb zjarr&#8230; Nga torturat shpesh dilte e pad\u00ebmtuar dhe, si rezultat, mij\u00ebra idhujtar\u00eb b\u00ebheshin t\u00eb krishter\u00eb. Gjithashtu nj\u00ebher\u00eb ajo verboi nj\u00eb ushtri t\u00eb t\u00ebr\u00eb, por m\u00eb pas i sh\u00ebroi. Por, kur ata u treguan mosmir\u00ebnjoh\u00ebs, u hap dheu dhe p\u00ebrpiu shum\u00eb prej tyre.<\/p>\n<p>K\u00ebshtu mbreti persian, Sapori II (310-379), u detyrua t\u2019i priste kok\u00ebn. Por ajo u ngjall prej nj\u00eb engj\u00eblli dhe iu shfaq monarkut. M\u00eb pas u ngrit nga nj\u00eb re dhe shkoi n\u00eb Efes, ku jetoi p\u00ebr nj\u00ebfar\u00eb kohe, predikoi dhe kreu mrekullira. Aty, jasht\u00eb qytetit, gjeti nj\u00eb varr t\u00eb ri, ku, pasi hyri, urdh\u00ebroi Apelanin t\u00eb vendoste sip\u00ebr nj\u00eb gur. Pas dy dit\u00ebsh, ai pa gurin t\u00eb ngritur dhe varrin t\u00eb zbraz\u00ebt.<\/p>\n<p>&nbsp;<\/p>\n<p><img decoding=\"async\" class=\"lazyload aligncenter\" src=\"data:image\/gif;base64,R0lGODlhAQABAAAAACH5BAEKAAEALAAAAAABAAEAAAICTAEAOw==\" data-orig-src=\"https:\/\/live.staticflickr.com\/65535\/51155159778_708f399c39_b.jpg\" \/><\/p>\n<p>&nbsp;<\/p>\n<h4 style=\"text-align: center;\"><strong>* * * *<\/strong><\/h4>\n<p>&#8211; Ikon\u00eb e sh\u00ebn Athanasit. Afresk i shek. XVIII, vep\u00ebr e ikonografit David Selenica, Kisha e sh\u00ebn Nikoll\u00ebs, Voskopoj\u00eb, Kor\u00e7\u00eb &#8211;<\/p>\n<p>&nbsp;<\/p>\n<p>&nbsp;<\/p>\n","protected":false},"excerpt":{"rendered":"<p>&#8211; D\u00ebshmore e madhe Irini &#8211; Nuk kemi t\u00eb dh\u00ebna autentike p\u00ebr jet\u00ebn e saj. Megjithat\u00eb po japim aq sa dihet p\u00ebr t\u00eb: Kishte nj\u00eb bukuri t\u00eb rrall\u00eb. Ishte f\u00ebmij\u00eb i vet\u00ebm e Likinit dhe Likinis\u00eb, arkond\u00eb t\u00eb nj\u00eb qyteti persian. Qysh n\u00eb mosh\u00ebn 6-vje\u00e7are, u mbyll nga prind\u00ebrit n\u00eb nj\u00eb kull\u00eb, si\u00e7 qe zakoni at\u00ebher\u00eb, dhe rritej n\u00eb kujdestarin\u00eb e pedagogut t\u00eb saj, plakut<\/p>\n","protected":false},"author":7,"featured_media":54092,"comment_status":"closed","ping_status":"closed","sticky":false,"template":"","format":"standard","meta":{"_acf_changed":false,"pagelayer_contact_templates":[],"_pagelayer_content":"","inline_featured_image":false,"fifu_image_url":"https:\/\/live.staticflickr.com\/65535\/51155159778_708f399c39_b.jpg","fifu_image_alt":"","footnotes":""},"categories":[372],"tags":[2103,2101],"class_list":["post-54090","post","type-post","status-publish","format-standard","has-post-thumbnail","hentry","category-shenjtoret-e-dites","tag-leximet-e-dites","tag-shenjtori-i-dites"],"acf":[],"yoast_head":"<!-- This site is optimized with the Yoast SEO plugin v27.2 - https:\/\/yoast.com\/product\/yoast-seo-wordpress\/ -->\n<title>Transferimi i lipsanit t\u00eb Sh\u00ebn Athanasit t\u00eb Madh. D\u00ebshmore e madhe Irini. Efthimi i Madhit\u00ebs. Osh\u00ebnar d\u00ebshmor i ri Efremi, \u00e7udib\u00ebr\u00ebs. D\u00ebshmor\u00ebt Martini, Irakliu. - Kisha Orthodh\u03bfkse Autoqefale e Shqip\u00ebris\u00eb<\/title>\n<meta name=\"robots\" content=\"index, follow, max-snippet:-1, max-image-preview:large, max-video-preview:-1\" \/>\n<link rel=\"canonical\" href=\"https:\/\/orthodoxalbania.org\/2020\/2021\/05\/05\/transferimi-i-lipsanit-te-shen-athanasit-te-madh-deshmore-e-madhe-irini-efthimi-i-madhites-oshenar-deshmor-i-ri-efremi-cudiberes-deshmoret-martini-irakliu\/\" \/>\n<meta property=\"og:locale\" content=\"en_US\" \/>\n<meta property=\"og:type\" content=\"article\" \/>\n<meta property=\"og:title\" content=\"Transferimi i lipsanit t\u00eb Sh\u00ebn Athanasit t\u00eb Madh. D\u00ebshmore e madhe Irini. Efthimi i Madhit\u00ebs. Osh\u00ebnar d\u00ebshmor i ri Efremi, \u00e7udib\u00ebr\u00ebs. D\u00ebshmor\u00ebt Martini, Irakliu. - Kisha Orthodh\u03bfkse Autoqefale e Shqip\u00ebris\u00eb\" \/>\n<meta property=\"og:description\" content=\"&#8211; D\u00ebshmore e madhe Irini &#8211; Nuk kemi t\u00eb dh\u00ebna autentike p\u00ebr jet\u00ebn e saj. Megjithat\u00eb po japim aq sa dihet p\u00ebr t\u00eb: Kishte nj\u00eb bukuri t\u00eb rrall\u00eb. Ishte f\u00ebmij\u00eb i vet\u00ebm e Likinit dhe Likinis\u00eb, arkond\u00eb t\u00eb nj\u00eb qyteti persian. Qysh n\u00eb mosh\u00ebn 6-vje\u00e7are, u mbyll nga prind\u00ebrit n\u00eb nj\u00eb kull\u00eb, si\u00e7 qe zakoni at\u00ebher\u00eb, dhe rritej n\u00eb kujdestarin\u00eb e pedagogut t\u00eb saj, plakut\" \/>\n<meta property=\"og:url\" content=\"https:\/\/orthodoxalbania.org\/2020\/2021\/05\/05\/transferimi-i-lipsanit-te-shen-athanasit-te-madh-deshmore-e-madhe-irini-efthimi-i-madhites-oshenar-deshmor-i-ri-efremi-cudiberes-deshmoret-martini-irakliu\/\" \/>\n<meta property=\"og:site_name\" content=\"Kisha Orthodh\u03bfkse Autoqefale e Shqip\u00ebris\u00eb\" \/>\n<meta property=\"article:publisher\" content=\"https:\/\/www.facebook.com\/koash1991\" \/>\n<meta property=\"article:published_time\" content=\"2021-05-04T22:00:10+00:00\" \/>\n<meta property=\"og:image\" content=\"https:\/\/live.staticflickr.com\/65535\/51155159778_708f399c39_b.jpg\" \/>\n<meta name=\"author\" content=\"Kisha Orthodhokse\" \/>\n<meta name=\"twitter:card\" content=\"summary_large_image\" \/>\n<meta name=\"twitter:image\" content=\"https:\/\/live.staticflickr.com\/65535\/51155159778_708f399c39_b.jpg\" \/>\n<meta name=\"twitter:label1\" content=\"Written by\" \/>\n\t<meta name=\"twitter:data1\" content=\"Kisha Orthodhokse\" \/>\n\t<meta name=\"twitter:label2\" content=\"Est. reading time\" \/>\n\t<meta name=\"twitter:data2\" content=\"2 minutes\" \/>\n<script type=\"application\/ld+json\" class=\"yoast-schema-graph\">{\"@context\":\"https:\/\/schema.org\",\"@graph\":[{\"@type\":\"Article\",\"@id\":\"https:\/\/orthodoxalbania.org\/2020\/2021\/05\/05\/transferimi-i-lipsanit-te-shen-athanasit-te-madh-deshmore-e-madhe-irini-efthimi-i-madhites-oshenar-deshmor-i-ri-efremi-cudiberes-deshmoret-martini-irakliu\/#article\",\"isPartOf\":{\"@id\":\"https:\/\/orthodoxalbania.org\/2020\/2021\/05\/05\/transferimi-i-lipsanit-te-shen-athanasit-te-madh-deshmore-e-madhe-irini-efthimi-i-madhites-oshenar-deshmor-i-ri-efremi-cudiberes-deshmoret-martini-irakliu\/\"},\"author\":{\"name\":\"Kisha Orthodhokse\",\"@id\":\"https:\/\/orthodoxalbania.org\/2020\/#\/schema\/person\/df745f942b70e045b3dc05a30211f0de\"},\"headline\":\"Transferimi i lipsanit t\u00eb Sh\u00ebn Athanasit t\u00eb Madh. D\u00ebshmore e madhe Irini. Efthimi i Madhit\u00ebs. Osh\u00ebnar d\u00ebshmor i ri Efremi, \u00e7udib\u00ebr\u00ebs. D\u00ebshmor\u00ebt Martini, Irakliu.\",\"datePublished\":\"2021-05-04T22:00:10+00:00\",\"mainEntityOfPage\":{\"@id\":\"https:\/\/orthodoxalbania.org\/2020\/2021\/05\/05\/transferimi-i-lipsanit-te-shen-athanasit-te-madh-deshmore-e-madhe-irini-efthimi-i-madhites-oshenar-deshmor-i-ri-efremi-cudiberes-deshmoret-martini-irakliu\/\"},\"wordCount\":438,\"publisher\":{\"@id\":\"https:\/\/orthodoxalbania.org\/2020\/#organization\"},\"image\":{\"@id\":\"https:\/\/orthodoxalbania.org\/2020\/2021\/05\/05\/transferimi-i-lipsanit-te-shen-athanasit-te-madh-deshmore-e-madhe-irini-efthimi-i-madhites-oshenar-deshmor-i-ri-efremi-cudiberes-deshmoret-martini-irakliu\/#primaryimage\"},\"thumbnailUrl\":\"https:\/\/live.staticflickr.com\/65535\/51155159778_708f399c39_b.jpg\",\"keywords\":[\"leximet e dites\",\"shenjtori i dites\"],\"articleSection\":[\"Shenjtor\u00ebt e dit\u00ebs\"],\"inLanguage\":\"en-US\"},{\"@type\":\"WebPage\",\"@id\":\"https:\/\/orthodoxalbania.org\/2020\/2021\/05\/05\/transferimi-i-lipsanit-te-shen-athanasit-te-madh-deshmore-e-madhe-irini-efthimi-i-madhites-oshenar-deshmor-i-ri-efremi-cudiberes-deshmoret-martini-irakliu\/\",\"url\":\"https:\/\/orthodoxalbania.org\/2020\/2021\/05\/05\/transferimi-i-lipsanit-te-shen-athanasit-te-madh-deshmore-e-madhe-irini-efthimi-i-madhites-oshenar-deshmor-i-ri-efremi-cudiberes-deshmoret-martini-irakliu\/\",\"name\":\"Transferimi i lipsanit t\u00eb Sh\u00ebn Athanasit t\u00eb Madh. D\u00ebshmore e madhe Irini. Efthimi i Madhit\u00ebs. Osh\u00ebnar d\u00ebshmor i ri Efremi, \u00e7udib\u00ebr\u00ebs. D\u00ebshmor\u00ebt Martini, Irakliu. - Kisha Orthodh\u03bfkse Autoqefale e Shqip\u00ebris\u00eb\",\"isPartOf\":{\"@id\":\"https:\/\/orthodoxalbania.org\/2020\/#website\"},\"primaryImageOfPage\":{\"@id\":\"https:\/\/orthodoxalbania.org\/2020\/2021\/05\/05\/transferimi-i-lipsanit-te-shen-athanasit-te-madh-deshmore-e-madhe-irini-efthimi-i-madhites-oshenar-deshmor-i-ri-efremi-cudiberes-deshmoret-martini-irakliu\/#primaryimage\"},\"image\":{\"@id\":\"https:\/\/orthodoxalbania.org\/2020\/2021\/05\/05\/transferimi-i-lipsanit-te-shen-athanasit-te-madh-deshmore-e-madhe-irini-efthimi-i-madhites-oshenar-deshmor-i-ri-efremi-cudiberes-deshmoret-martini-irakliu\/#primaryimage\"},\"thumbnailUrl\":\"https:\/\/live.staticflickr.com\/65535\/51155159778_708f399c39_b.jpg\",\"datePublished\":\"2021-05-04T22:00:10+00:00\",\"breadcrumb\":{\"@id\":\"https:\/\/orthodoxalbania.org\/2020\/2021\/05\/05\/transferimi-i-lipsanit-te-shen-athanasit-te-madh-deshmore-e-madhe-irini-efthimi-i-madhites-oshenar-deshmor-i-ri-efremi-cudiberes-deshmoret-martini-irakliu\/#breadcrumb\"},\"inLanguage\":\"en-US\",\"potentialAction\":[{\"@type\":\"ReadAction\",\"target\":[\"https:\/\/orthodoxalbania.org\/2020\/2021\/05\/05\/transferimi-i-lipsanit-te-shen-athanasit-te-madh-deshmore-e-madhe-irini-efthimi-i-madhites-oshenar-deshmor-i-ri-efremi-cudiberes-deshmoret-martini-irakliu\/\"]}]},{\"@type\":\"ImageObject\",\"inLanguage\":\"en-US\",\"@id\":\"https:\/\/orthodoxalbania.org\/2020\/2021\/05\/05\/transferimi-i-lipsanit-te-shen-athanasit-te-madh-deshmore-e-madhe-irini-efthimi-i-madhites-oshenar-deshmor-i-ri-efremi-cudiberes-deshmoret-martini-irakliu\/#primaryimage\",\"url\":\"https:\/\/live.staticflickr.com\/65535\/51155159778_708f399c39_b.jpg\",\"contentUrl\":\"https:\/\/live.staticflickr.com\/65535\/51155159778_708f399c39_b.jpg\",\"width\":\"706\",\"height\":\"1024\"},{\"@type\":\"BreadcrumbList\",\"@id\":\"https:\/\/orthodoxalbania.org\/2020\/2021\/05\/05\/transferimi-i-lipsanit-te-shen-athanasit-te-madh-deshmore-e-madhe-irini-efthimi-i-madhites-oshenar-deshmor-i-ri-efremi-cudiberes-deshmoret-martini-irakliu\/#breadcrumb\",\"itemListElement\":[{\"@type\":\"ListItem\",\"position\":1,\"name\":\"Home\",\"item\":\"https:\/\/orthodoxalbania.org\/2020\/\"},{\"@type\":\"ListItem\",\"position\":2,\"name\":\"Transferimi i lipsanit t\u00eb Sh\u00ebn Athanasit t\u00eb Madh. D\u00ebshmore e madhe Irini. Efthimi i Madhit\u00ebs. Osh\u00ebnar d\u00ebshmor i ri Efremi, \u00e7udib\u00ebr\u00ebs. D\u00ebshmor\u00ebt Martini, Irakliu.\"}]},{\"@type\":\"WebSite\",\"@id\":\"https:\/\/orthodoxalbania.org\/2020\/#website\",\"url\":\"https:\/\/orthodoxalbania.org\/2020\/\",\"name\":\"Kisha Orthodh\u03bfkse Autoqefale e Shqip\u00ebris\u00eb\",\"description\":\"Fqja Zyrtare e Kish\u00ebs Orthodhokse Autoqefale e Shqip\u00ebris\u00eb me lajmet edhe informacionet zyrtare p\u00ebr struktur\u00ebn edhe veprimtarin e saj.\",\"publisher\":{\"@id\":\"https:\/\/orthodoxalbania.org\/2020\/#organization\"},\"potentialAction\":[{\"@type\":\"SearchAction\",\"target\":{\"@type\":\"EntryPoint\",\"urlTemplate\":\"https:\/\/orthodoxalbania.org\/2020\/?s={search_term_string}\"},\"query-input\":{\"@type\":\"PropertyValueSpecification\",\"valueRequired\":true,\"valueName\":\"search_term_string\"}}],\"inLanguage\":\"en-US\"},{\"@type\":\"Organization\",\"@id\":\"https:\/\/orthodoxalbania.org\/2020\/#organization\",\"name\":\"Kisha Orthodhokse Autoqefale e Shqip\u00ebris\u00eb\",\"url\":\"https:\/\/orthodoxalbania.org\/2020\/\",\"logo\":{\"@type\":\"ImageObject\",\"inLanguage\":\"en-US\",\"@id\":\"https:\/\/orthodoxalbania.org\/2020\/#\/schema\/logo\/image\/\",\"url\":\"https:\/\/orthodoxalbania.org\/2020\/wp-content\/uploads\/2020\/05\/albania.jpeg\",\"contentUrl\":\"https:\/\/orthodoxalbania.org\/2020\/wp-content\/uploads\/2020\/05\/albania.jpeg\",\"width\":540,\"height\":540,\"caption\":\"Kisha Orthodhokse Autoqefale e Shqip\u00ebris\u00eb\"},\"image\":{\"@id\":\"https:\/\/orthodoxalbania.org\/2020\/#\/schema\/logo\/image\/\"},\"sameAs\":[\"https:\/\/www.facebook.com\/koash1991\"]},{\"@type\":\"Person\",\"@id\":\"https:\/\/orthodoxalbania.org\/2020\/#\/schema\/person\/df745f942b70e045b3dc05a30211f0de\",\"name\":\"Kisha Orthodhokse\",\"image\":{\"@type\":\"ImageObject\",\"inLanguage\":\"en-US\",\"@id\":\"https:\/\/secure.gravatar.com\/avatar\/2676eb8d97178435c9f691a7871595a1da6c33542dec218bce40885573150e28?s=96&d=mm&r=g\",\"url\":\"https:\/\/secure.gravatar.com\/avatar\/2676eb8d97178435c9f691a7871595a1da6c33542dec218bce40885573150e28?s=96&d=mm&r=g\",\"contentUrl\":\"https:\/\/secure.gravatar.com\/avatar\/2676eb8d97178435c9f691a7871595a1da6c33542dec218bce40885573150e28?s=96&d=mm&r=g\",\"caption\":\"Kisha Orthodhokse\"}}]}<\/script>\n<!-- \/ Yoast SEO plugin. -->","yoast_head_json":{"title":"Transferimi i lipsanit t\u00eb Sh\u00ebn Athanasit t\u00eb Madh. D\u00ebshmore e madhe Irini. Efthimi i Madhit\u00ebs. Osh\u00ebnar d\u00ebshmor i ri Efremi, \u00e7udib\u00ebr\u00ebs. D\u00ebshmor\u00ebt Martini, Irakliu. - Kisha Orthodh\u03bfkse Autoqefale e Shqip\u00ebris\u00eb","robots":{"index":"index","follow":"follow","max-snippet":"max-snippet:-1","max-image-preview":"max-image-preview:large","max-video-preview":"max-video-preview:-1"},"canonical":"https:\/\/orthodoxalbania.org\/2020\/2021\/05\/05\/transferimi-i-lipsanit-te-shen-athanasit-te-madh-deshmore-e-madhe-irini-efthimi-i-madhites-oshenar-deshmor-i-ri-efremi-cudiberes-deshmoret-martini-irakliu\/","og_locale":"en_US","og_type":"article","og_title":"Transferimi i lipsanit t\u00eb Sh\u00ebn Athanasit t\u00eb Madh. D\u00ebshmore e madhe Irini. Efthimi i Madhit\u00ebs. Osh\u00ebnar d\u00ebshmor i ri Efremi, \u00e7udib\u00ebr\u00ebs. D\u00ebshmor\u00ebt Martini, Irakliu. - Kisha Orthodh\u03bfkse Autoqefale e Shqip\u00ebris\u00eb","og_description":"&#8211; D\u00ebshmore e madhe Irini &#8211; Nuk kemi t\u00eb dh\u00ebna autentike p\u00ebr jet\u00ebn e saj. Megjithat\u00eb po japim aq sa dihet p\u00ebr t\u00eb: Kishte nj\u00eb bukuri t\u00eb rrall\u00eb. Ishte f\u00ebmij\u00eb i vet\u00ebm e Likinit dhe Likinis\u00eb, arkond\u00eb t\u00eb nj\u00eb qyteti persian. Qysh n\u00eb mosh\u00ebn 6-vje\u00e7are, u mbyll nga prind\u00ebrit n\u00eb nj\u00eb kull\u00eb, si\u00e7 qe zakoni at\u00ebher\u00eb, dhe rritej n\u00eb kujdestarin\u00eb e pedagogut t\u00eb saj, plakut","og_url":"https:\/\/orthodoxalbania.org\/2020\/2021\/05\/05\/transferimi-i-lipsanit-te-shen-athanasit-te-madh-deshmore-e-madhe-irini-efthimi-i-madhites-oshenar-deshmor-i-ri-efremi-cudiberes-deshmoret-martini-irakliu\/","og_site_name":"Kisha Orthodh\u03bfkse Autoqefale e Shqip\u00ebris\u00eb","article_publisher":"https:\/\/www.facebook.com\/koash1991","article_published_time":"2021-05-04T22:00:10+00:00","og_image":[{"url":"https:\/\/live.staticflickr.com\/65535\/51155159778_708f399c39_b.jpg","type":"","width":"","height":""}],"author":"Kisha Orthodhokse","twitter_card":"summary_large_image","twitter_image":"https:\/\/live.staticflickr.com\/65535\/51155159778_708f399c39_b.jpg","twitter_misc":{"Written by":"Kisha Orthodhokse","Est. reading time":"2 minutes"},"schema":{"@context":"https:\/\/schema.org","@graph":[{"@type":"Article","@id":"https:\/\/orthodoxalbania.org\/2020\/2021\/05\/05\/transferimi-i-lipsanit-te-shen-athanasit-te-madh-deshmore-e-madhe-irini-efthimi-i-madhites-oshenar-deshmor-i-ri-efremi-cudiberes-deshmoret-martini-irakliu\/#article","isPartOf":{"@id":"https:\/\/orthodoxalbania.org\/2020\/2021\/05\/05\/transferimi-i-lipsanit-te-shen-athanasit-te-madh-deshmore-e-madhe-irini-efthimi-i-madhites-oshenar-deshmor-i-ri-efremi-cudiberes-deshmoret-martini-irakliu\/"},"author":{"name":"Kisha Orthodhokse","@id":"https:\/\/orthodoxalbania.org\/2020\/#\/schema\/person\/df745f942b70e045b3dc05a30211f0de"},"headline":"Transferimi i lipsanit t\u00eb Sh\u00ebn Athanasit t\u00eb Madh. D\u00ebshmore e madhe Irini. Efthimi i Madhit\u00ebs. Osh\u00ebnar d\u00ebshmor i ri Efremi, \u00e7udib\u00ebr\u00ebs. D\u00ebshmor\u00ebt Martini, Irakliu.","datePublished":"2021-05-04T22:00:10+00:00","mainEntityOfPage":{"@id":"https:\/\/orthodoxalbania.org\/2020\/2021\/05\/05\/transferimi-i-lipsanit-te-shen-athanasit-te-madh-deshmore-e-madhe-irini-efthimi-i-madhites-oshenar-deshmor-i-ri-efremi-cudiberes-deshmoret-martini-irakliu\/"},"wordCount":438,"publisher":{"@id":"https:\/\/orthodoxalbania.org\/2020\/#organization"},"image":{"@id":"https:\/\/orthodoxalbania.org\/2020\/2021\/05\/05\/transferimi-i-lipsanit-te-shen-athanasit-te-madh-deshmore-e-madhe-irini-efthimi-i-madhites-oshenar-deshmor-i-ri-efremi-cudiberes-deshmoret-martini-irakliu\/#primaryimage"},"thumbnailUrl":"https:\/\/live.staticflickr.com\/65535\/51155159778_708f399c39_b.jpg","keywords":["leximet e dites","shenjtori i dites"],"articleSection":["Shenjtor\u00ebt e dit\u00ebs"],"inLanguage":"en-US"},{"@type":"WebPage","@id":"https:\/\/orthodoxalbania.org\/2020\/2021\/05\/05\/transferimi-i-lipsanit-te-shen-athanasit-te-madh-deshmore-e-madhe-irini-efthimi-i-madhites-oshenar-deshmor-i-ri-efremi-cudiberes-deshmoret-martini-irakliu\/","url":"https:\/\/orthodoxalbania.org\/2020\/2021\/05\/05\/transferimi-i-lipsanit-te-shen-athanasit-te-madh-deshmore-e-madhe-irini-efthimi-i-madhites-oshenar-deshmor-i-ri-efremi-cudiberes-deshmoret-martini-irakliu\/","name":"Transferimi i lipsanit t\u00eb Sh\u00ebn Athanasit t\u00eb Madh. D\u00ebshmore e madhe Irini. Efthimi i Madhit\u00ebs. Osh\u00ebnar d\u00ebshmor i ri Efremi, \u00e7udib\u00ebr\u00ebs. D\u00ebshmor\u00ebt Martini, Irakliu. - Kisha Orthodh\u03bfkse Autoqefale e Shqip\u00ebris\u00eb","isPartOf":{"@id":"https:\/\/orthodoxalbania.org\/2020\/#website"},"primaryImageOfPage":{"@id":"https:\/\/orthodoxalbania.org\/2020\/2021\/05\/05\/transferimi-i-lipsanit-te-shen-athanasit-te-madh-deshmore-e-madhe-irini-efthimi-i-madhites-oshenar-deshmor-i-ri-efremi-cudiberes-deshmoret-martini-irakliu\/#primaryimage"},"image":{"@id":"https:\/\/orthodoxalbania.org\/2020\/2021\/05\/05\/transferimi-i-lipsanit-te-shen-athanasit-te-madh-deshmore-e-madhe-irini-efthimi-i-madhites-oshenar-deshmor-i-ri-efremi-cudiberes-deshmoret-martini-irakliu\/#primaryimage"},"thumbnailUrl":"https:\/\/live.staticflickr.com\/65535\/51155159778_708f399c39_b.jpg","datePublished":"2021-05-04T22:00:10+00:00","breadcrumb":{"@id":"https:\/\/orthodoxalbania.org\/2020\/2021\/05\/05\/transferimi-i-lipsanit-te-shen-athanasit-te-madh-deshmore-e-madhe-irini-efthimi-i-madhites-oshenar-deshmor-i-ri-efremi-cudiberes-deshmoret-martini-irakliu\/#breadcrumb"},"inLanguage":"en-US","potentialAction":[{"@type":"ReadAction","target":["https:\/\/orthodoxalbania.org\/2020\/2021\/05\/05\/transferimi-i-lipsanit-te-shen-athanasit-te-madh-deshmore-e-madhe-irini-efthimi-i-madhites-oshenar-deshmor-i-ri-efremi-cudiberes-deshmoret-martini-irakliu\/"]}]},{"@type":"ImageObject","inLanguage":"en-US","@id":"https:\/\/orthodoxalbania.org\/2020\/2021\/05\/05\/transferimi-i-lipsanit-te-shen-athanasit-te-madh-deshmore-e-madhe-irini-efthimi-i-madhites-oshenar-deshmor-i-ri-efremi-cudiberes-deshmoret-martini-irakliu\/#primaryimage","url":"https:\/\/live.staticflickr.com\/65535\/51155159778_708f399c39_b.jpg","contentUrl":"https:\/\/live.staticflickr.com\/65535\/51155159778_708f399c39_b.jpg","width":"706","height":"1024"},{"@type":"BreadcrumbList","@id":"https:\/\/orthodoxalbania.org\/2020\/2021\/05\/05\/transferimi-i-lipsanit-te-shen-athanasit-te-madh-deshmore-e-madhe-irini-efthimi-i-madhites-oshenar-deshmor-i-ri-efremi-cudiberes-deshmoret-martini-irakliu\/#breadcrumb","itemListElement":[{"@type":"ListItem","position":1,"name":"Home","item":"https:\/\/orthodoxalbania.org\/2020\/"},{"@type":"ListItem","position":2,"name":"Transferimi i lipsanit t\u00eb Sh\u00ebn Athanasit t\u00eb Madh. D\u00ebshmore e madhe Irini. Efthimi i Madhit\u00ebs. Osh\u00ebnar d\u00ebshmor i ri Efremi, \u00e7udib\u00ebr\u00ebs. D\u00ebshmor\u00ebt Martini, Irakliu."}]},{"@type":"WebSite","@id":"https:\/\/orthodoxalbania.org\/2020\/#website","url":"https:\/\/orthodoxalbania.org\/2020\/","name":"Kisha Orthodh\u03bfkse Autoqefale e Shqip\u00ebris\u00eb","description":"Fqja Zyrtare e Kish\u00ebs Orthodhokse Autoqefale e Shqip\u00ebris\u00eb me lajmet edhe informacionet zyrtare p\u00ebr struktur\u00ebn edhe veprimtarin e saj.","publisher":{"@id":"https:\/\/orthodoxalbania.org\/2020\/#organization"},"potentialAction":[{"@type":"SearchAction","target":{"@type":"EntryPoint","urlTemplate":"https:\/\/orthodoxalbania.org\/2020\/?s={search_term_string}"},"query-input":{"@type":"PropertyValueSpecification","valueRequired":true,"valueName":"search_term_string"}}],"inLanguage":"en-US"},{"@type":"Organization","@id":"https:\/\/orthodoxalbania.org\/2020\/#organization","name":"Kisha Orthodhokse Autoqefale e Shqip\u00ebris\u00eb","url":"https:\/\/orthodoxalbania.org\/2020\/","logo":{"@type":"ImageObject","inLanguage":"en-US","@id":"https:\/\/orthodoxalbania.org\/2020\/#\/schema\/logo\/image\/","url":"https:\/\/orthodoxalbania.org\/2020\/wp-content\/uploads\/2020\/05\/albania.jpeg","contentUrl":"https:\/\/orthodoxalbania.org\/2020\/wp-content\/uploads\/2020\/05\/albania.jpeg","width":540,"height":540,"caption":"Kisha Orthodhokse Autoqefale e Shqip\u00ebris\u00eb"},"image":{"@id":"https:\/\/orthodoxalbania.org\/2020\/#\/schema\/logo\/image\/"},"sameAs":["https:\/\/www.facebook.com\/koash1991"]},{"@type":"Person","@id":"https:\/\/orthodoxalbania.org\/2020\/#\/schema\/person\/df745f942b70e045b3dc05a30211f0de","name":"Kisha Orthodhokse","image":{"@type":"ImageObject","inLanguage":"en-US","@id":"https:\/\/secure.gravatar.com\/avatar\/2676eb8d97178435c9f691a7871595a1da6c33542dec218bce40885573150e28?s=96&d=mm&r=g","url":"https:\/\/secure.gravatar.com\/avatar\/2676eb8d97178435c9f691a7871595a1da6c33542dec218bce40885573150e28?s=96&d=mm&r=g","contentUrl":"https:\/\/secure.gravatar.com\/avatar\/2676eb8d97178435c9f691a7871595a1da6c33542dec218bce40885573150e28?s=96&d=mm&r=g","caption":"Kisha Orthodhokse"}}]}},"_links":{"self":[{"href":"https:\/\/orthodoxalbania.org\/2020\/wp-json\/wp\/v2\/posts\/54090","targetHints":{"allow":["GET"]}}],"collection":[{"href":"https:\/\/orthodoxalbania.org\/2020\/wp-json\/wp\/v2\/posts"}],"about":[{"href":"https:\/\/orthodoxalbania.org\/2020\/wp-json\/wp\/v2\/types\/post"}],"author":[{"embeddable":true,"href":"https:\/\/orthodoxalbania.org\/2020\/wp-json\/wp\/v2\/users\/7"}],"replies":[{"embeddable":true,"href":"https:\/\/orthodoxalbania.org\/2020\/wp-json\/wp\/v2\/comments?post=54090"}],"version-history":[{"count":1,"href":"https:\/\/orthodoxalbania.org\/2020\/wp-json\/wp\/v2\/posts\/54090\/revisions"}],"predecessor-version":[{"id":54091,"href":"https:\/\/orthodoxalbania.org\/2020\/wp-json\/wp\/v2\/posts\/54090\/revisions\/54091"}],"wp:featuredmedia":[{"embeddable":true,"href":"https:\/\/orthodoxalbania.org\/2020\/wp-json\/wp\/v2\/media\/54092"}],"wp:attachment":[{"href":"https:\/\/orthodoxalbania.org\/2020\/wp-json\/wp\/v2\/media?parent=54090"}],"wp:term":[{"taxonomy":"category","embeddable":true,"href":"https:\/\/orthodoxalbania.org\/2020\/wp-json\/wp\/v2\/categories?post=54090"},{"taxonomy":"post_tag","embeddable":true,"href":"https:\/\/orthodoxalbania.org\/2020\/wp-json\/wp\/v2\/tags?post=54090"}],"curies":[{"name":"wp","href":"https:\/\/api.w.org\/{rel}","templated":true}]}}