{"id":5402,"date":"2017-08-01T10:50:02","date_gmt":"2017-08-01T10:50:02","guid":{"rendered":""},"modified":"2020-04-06T21:58:19","modified_gmt":"2020-04-06T19:58:19","slug":"25-vjet-sherbim-kryeprifteror-me-perkushtim-ndaj-zotit-dhe-njeriut","status":"publish","type":"post","link":"https:\/\/orthodoxalbania.org\/2020\/2017\/08\/01\/25-vjet-sherbim-kryeprifteror-me-perkushtim-ndaj-zotit-dhe-njeriut\/","title":{"rendered":"25 vjet sh\u00ebrbim kryeprift\u00ebror, me p\u00ebrkushtim ndaj Zotit dhe njeriut"},"content":{"rendered":"<p style=\"text-align: justify;\"><span style=\"font-size: 12pt; font-family: helvetica; color: #000000;\">24 Qershori i vitit 2017 \u00ebsht\u00eb nj\u00eb dit\u00eb festive p\u00ebr Kish\u00ebn Orthodhokse Autoqefale t\u00eb Shqip\u00ebris\u00eb, sepse q\u00eb nga data historike e 24 Qershorit 1992 u mbush nj\u00eb \u00e7erek shekulli, q\u00eb t\u00eb krishter\u00ebt orthodhoks\u00eb udh\u00ebhiqen me p\u00ebrkushtim at\u00ebror, me vizion dhe hir apostolik nga Fortlumturia e tij Kryepiskopi Anastas. Ky p\u00ebrvjetor plot suksese, v\u00ebrteton kat\u00ebrcip\u00ebrisht se p\u00ebrzgjedhja e Sinodit t\u00eb Shenjt\u00eb t\u00eb Patriarkan\u00ebs Ekumenike me propozimin e Patriarkut Ekumenik Vartholomeu I, q\u00eb ekzarku patriarkal, t\u00eb zgjidhet me vota unanime si Kryepiskopi Kanonik i Tiran\u00ebs, Durr\u00ebsit dhe i Gjith\u00eb Shqip\u00ebris\u00eb, ky nj\u00eb fakt i kryer kishtar, i mir\u00ebpritur nga t\u00eb gjitha Kishat Orthodhokse n\u00eb bot\u00eb, ishte vendimi m\u00eb i drejt\u00eb dhe i mundsh\u00ebm q\u00eb u mor i kusht\u00ebzuar nga rrethanat ku ndodhej kisha, kleri dhe populli orthodhoks n\u00eb Shqip\u00ebri mbas atij regjimi ateist, m\u00eb totalitar n\u00eb t\u00eb gjitha vendet e ish-kampit komunist.<\/span><\/p>\n<p style=\"text-align: justify;\"><span style=\"font-size: 12pt; font-family: helvetica; color: #000000;\">Fortlumturia e Tij, p\u00ebrpara se t\u00eb merrte k\u00ebt\u00eb detyr\u00eb, kishte sh\u00ebrbyer n\u00eb Kish\u00ebn Orthodhokse si dhjak (1960), prift (1964), pastaj Episkop i Andrus\u00ebs (1972), Drejtor i P\u00ebrgjithsh\u00ebm i Sh\u00ebrbimit Apostolik t\u00eb Kish\u00ebs s\u00eb Greqis\u00eb dhe M\u00ebk\u00ebmb\u00ebs i Mitropolis\u00eb s\u00eb Shenjt\u00eb t\u00eb Irinupolit n\u00eb Afrik\u00ebn Lindore, n\u00eb Kenia, Tanzani, Uganda (1964,1981-1990), duke \u00e7elur rrug\u00ebn p\u00ebr rigjall\u00ebrimin e Hierapostolis\u00eb Orthodhokse n\u00eb bot\u00eb, profesor i Historis\u00eb s\u00eb Feve n\u00eb Universitetin Komb\u00ebtar Kapodistrian t\u00eb Athin\u00ebs, si Dekan i Fakultetit t\u00eb Teologjis\u00eb, i zgjedhur n\u00eb shum\u00eb poste t\u00eb r\u00ebnd\u00ebsishme t\u00eb organizma fetar\u00eb mbar\u00ebbot\u00ebror\u00eb, autor i dhjet\u00ebra monografive shkencore dhe i mbi 240 studimeve dhe artikujve me p\u00ebrmbajtje teologjike ose fetarologjike t\u00eb p\u00ebrkthyera n\u00eb 12 gjuh\u00eb t\u00eb huaja, ligj\u00ebrues i spikatur n\u00eb shum\u00eb tribuna nd\u00ebrkomb\u00ebtare n\u00eb lidhje me d\u00ebshmin\u00eb e sotme t\u00eb krishter\u00eb t\u00eb dialogut nd\u00ebrfetar, solidaritetin dhe paqen bot\u00ebrore, i mbushur me dhuntit\u00eb e hirit t\u00eb Shpirtit t\u00eb Shenjt\u00eb. Kjo p\u00ebrzgjedhje nuk ishte thjesht nga vullneti njer\u00ebzor, por nga vullneti i Kryepriftit t\u00eb Madh, Zotit Jisu Krisht, q\u00eb u tha nx\u00ebn\u00ebsve t\u00eb tij apostuj: \u201cJu nuk m\u00eb zgjodh\u00ebt mua, por un\u00eb ju zgjodha ju\u201d (Jn.15:16) dhe i urdh\u00ebroi: \u201cShkoni n\u00ebp\u00ebr gjith\u00eb bot\u00ebn, edhe predikoni ungjillin n\u00ebp\u00ebr gjith\u00eb krijes\u00ebn\u201d (Mk. 16:15).<\/span><\/p>\n<p style=\"text-align: justify;\"><span style=\"font-size: 12pt; font-family: helvetica; color: #000000;\">Kryepiskopi Anastas, si nj\u00eb apostull i ri, duke imituar dhe ecur n\u00eb gjurm\u00ebt e apostullit t\u00eb madh t\u00eb kombeve, Pavlit, q\u00eb tha p\u00ebr vete: \u201cme fuqi shenjash e \u00e7udish, me fuqi t\u00eb Frym\u00ebs s\u00eb Per\u00ebndis\u00eb, kaq sa q\u00eb nga Jerusalemi e p\u00ebrqark e deri n\u00eb Ilirik e kam mbushur me ungjillin e Krishtit\u201d (Rom. 15:19), edhe Anastasi, mbasi predikoi Ungjillin e Krishtit n\u00eb Evrop\u00eb, n\u00eb Afrik\u00eb, m\u00eb n\u00eb fund providenca Hyjnore e drejtoi n\u00eb Shqip\u00ebrin\u00eb postateiste, m\u00eb 17 korrik 1991, si Ekzark Patriarkal. Ai thot\u00eb n\u00eb kujtimet e tij: \u201cGjat\u00eb udh\u00ebtimeve p\u00ebr nj\u00eb vit n\u00eb mbar\u00eb Shqip\u00ebrin\u00eb, konstatova shkretimin e friksh\u00ebm dhe shp\u00ebrb\u00ebrjen e plot\u00eb t\u00eb Kish\u00ebs Orthodhokse t\u00eb shkat\u00ebrruar nga persekutimi i eg\u00ebr, por nj\u00ebkoh\u00ebsisht edhe farat e besimit orthodhoks q\u00eb kishin q\u00ebndruar t\u00eb fshehur n\u00eb mij\u00ebra shpirtra, duke pritur kushtet e p\u00ebrshtatshme p\u00ebr t\u2019u zhvilluar p\u00ebrs\u00ebri\u201d.<\/span><\/p>\n<p style=\"text-align: justify;\"><span style=\"font-size: 12pt; font-family: helvetica; color: #000000;\">Pavar\u00ebsisht nga ngurrimi i tij njer\u00ebzor p\u00ebr t\u00eb mos guxuar t\u00eb ngrinte k\u00ebt\u00eb kryq kaq t\u00eb r\u00ebnd\u00eb, i t\u00eb qenit Kryepiskopi i nj\u00eb Kishe inekzistente dhe mendimit t\u00eb shum\u00eb njer\u00ebzve skeptik\u00eb p\u00ebr ringjalljen e Kish\u00ebs n\u00eb Shqip\u00ebri, ai, mbas shum\u00eb lutjesh, b\u00ebri bindje n\u00eb fjal\u00ebt e Zotit: \u201cKush t\u00eb doj\u00eb t\u00eb vij\u00eb pas meje, le t\u00eb mohoj\u00eb veten e tij dhe le t\u00eb ngrej\u00eb kryqin e tij p\u00ebrdit\u00eb dhe le t\u00eb vij\u00eb pas meje\u201d (Llk. 9:23) dhe q\u00eb nga ai moment ec\u00ebn pa ndalur n\u00eb k\u00ebt\u00eb rrug\u00eb p\u00ebrkushtimi dhe sakrifice p\u00ebr 25 vjet.<\/span><\/p>\n<p style=\"text-align: justify;\"><span style=\"font-size: 12pt; font-family: helvetica; color: #000000;\">Shum\u00eb mund t\u00eb flasin p\u00ebr besimin te Zoti, por p\u00ebr Kryepiskopin Anastas jan\u00eb t\u00eb p\u00ebrshtatshme fjal\u00ebt q\u00eb thot\u00eb apostull Jakovi: \u201cPo do t\u00eb thot\u00eb ndonj\u00eb: Ti ke besim, e un\u00eb kam vepra. Tregom\u00eb besimin t\u00ebnd nga veprat e tua, edhe un\u00eb do t\u00eb t\u00eb tregoj besimin tim nga veprat e mia\u201d (Jak. 2:18).<\/span><\/p>\n<p style=\"text-align: justify;\">&nbsp;<\/p>\n<p style=\"text-align: center;\"><span style=\"font-size: 12pt; font-family: helvetica; color: #800000;\"><em><strong>Kjo vep\u00ebr 25-vje\u00e7are shum\u00ebdimensionale ia vlen t\u00eb kujtohet me nj\u00eb retrospektiv\u00eb t\u00eb shkurt\u00ebr n\u00eb k\u00ebt\u00eb p\u00ebrvjetor.<\/strong><\/em><\/span><\/p>\n<p style=\"text-align: justify;\">&nbsp;<\/p>\n<p style=\"text-align: justify;\"><span style=\"font-size: 12pt; font-family: helvetica; color: #000000;\"><strong>1.<\/strong> N\u00eb dimensionin kishtar, me p\u00ebrkujdesjen e tij kryeprift\u00ebrore, nga 12 prift\u00ebrinj dhe 3 dhjak\u00eb t\u00eb moshuar dhe t\u00eb s\u00ebmur\u00eb, t\u00eb mbetur gjall\u00eb nga diktatura ateiste komuniste, sot Kisha Orthodhokse Autoqefale e Shqip\u00ebris\u00eb ka mbi 150 klerik\u00eb me n\u00ebnshtet\u00ebsi shqiptare t\u00eb t\u00eb gjitha gradave, me arsim t\u00eb lart\u00eb, t\u00eb studiuar n\u00eb Akademin\u00eb Teologjike \u201cNgjallja e Krishtit\u201d n\u00eb Sh\u00ebn Vlash, Durr\u00ebs. Sot Sinodi i Shenjt\u00eb i Kish\u00ebs ka n\u00eb p\u00ebrb\u00ebrjen e tij prej 8 an\u00ebtar\u00ebsh, 3 mitropolit\u00eb: i Kor\u00e7\u00ebs, i Elbasanit, i Apollonis\u00eb (Fierit); dhe nj\u00eb episkop titullar: i Bylisit, t\u00eb cil\u00ebt jan\u00eb me origjin\u00eb dhe n\u00ebnshtet\u00ebsi shqiptare, po ashtu edhe sekretari i sinodit. Sot jan\u00eb n\u00eb funksion 460 enori orthodhokse n\u00eb qytete dhe n\u00eb fshatra, ku zhvillohen veprimtari liturgjike dhe ku i predikohet popullit fjala e Ungjillit, p\u00ebr t\u00eb dashur Zotin, t\u00eb af\u00ebrmin dhe vendin.<\/span><\/p>\n<p style=\"text-align: justify;\"><span style=\"font-size: 12pt; font-family: helvetica; color: #000000;\"><strong>2.<\/strong> N\u00eb dimensionin nd\u00ebrtues, jan\u00eb riparuar 160 kisha dhe jan\u00eb nd\u00ebrtuar 150 kisha t\u00eb reja, jan\u00eb nd\u00ebrtuar 5 kisha katedrale, ku spikat katedralja \u201cNgjallja e Krishtit\u201d n\u00eb qend\u00ebr t\u00eb Tiran\u00ebs edhe si nj\u00eb aset i ri turistik. Jan\u00eb bler\u00eb dhe rikonstruktuar 70 objekte p\u00ebr kopshte, shkolla, qendra rinore, selit\u00eb Mitropolitane, sht\u00ebpi pritjeje, punishte, mensa p\u00ebr t\u00eb varfrit, t\u00eb gjitha k\u00ebto b\u00ebjn\u00eb 250 objekte. Funksionojn\u00eb 50 qendra rinore, n\u00eb qytete e fshatra ku edukohet rinia me vlerat e larta morale.<\/span><\/p>\n<p style=\"text-align: justify;\"><span style=\"font-size: 12pt; font-family: helvetica; color: #000000;\"><strong>3.<\/strong> N\u00eb dimensionin human, dallohen Qendra Diagnostike me 23 specialist\u00eb me sh\u00ebrbime bashk\u00ebkohore mjek\u00ebsore, si dhe Qendra Diagnostike Okulistike ORL, ku b\u00ebjn\u00eb analiza dhe vizita mjek\u00ebsore shtetas shqiptar\u00eb pa dallim fetar. Qendra t\u00eb kujdesit par\u00ebsor sh\u00ebndet\u00ebsor funksionojn\u00eb n\u00eb Kavaj\u00eb, Kor\u00e7\u00eb, Jorgucat (Gjirokast\u00ebr) dhe Lushnj\u00eb. Nuk duhet t\u00eb lihet pa u p\u00ebrmendur ndihma humanitare n\u00eb shp\u00ebrndarjen e mij\u00ebra ton\u00ebve ushqime, veshmbathje dhe ila\u00e7e, q\u00eb Kisha Orthodhokse, n\u00eb p\u00ebrkujdesjen e Kryepiskopit, ka dh\u00ebn\u00eb gjat\u00eb krizave t\u00eb ndryshme t\u00eb vendit m\u00eb 1992, 1994, 1997. Ndihm\u00ebn q\u00eb iu dha 33.000 refugjat\u00ebve nga Kosova me fonde t\u00eb mbledhura nga Kisha t\u00eb vendeve t\u00eb ndryshme. N\u00eb vitin 2008, u ndan\u00eb ndihma humanitare p\u00ebr t\u00eb d\u00ebmtuarit e tragjedis\u00eb s\u00eb G\u00ebrdecit, m\u00eb 2015 p\u00ebr familjet e d\u00ebmtuara nga p\u00ebrmbytjet.<\/span><\/p>\n<p style=\"text-align: justify;\"><span style=\"font-size: 12pt; font-family: helvetica; color: #000000;\"><strong>4.<\/strong> N\u00eb dimensionin arsimor, jan\u00eb nd\u00ebrtuar dhe funksionojn\u00eb 21 kopshte n\u00eb 19 qytete, Sht\u00ebpia e F\u00ebmij\u00ebs \u201cShpresa\u201d, Sh\u00ebn Vlash, Durr\u00ebs; Shkolla 9-vje\u00e7are \u201cProtagonist\u00ebt\u201d, Tiran\u00eb dhe Durr\u00ebs; Shkolla 9-vje\u00e7are Shqiptaro-Greke \u201cFrym\u00eb Dashurie\u201d, Gjirokast\u00ebr; dhe 5 shkolla t\u00eb mesme: \u201cKryqi i Nderuar\u201d, Gjirokast\u00ebr dhe Sukth; Kolegji \u201cPlaton\u201d, Kor\u00e7\u00eb; Kompleksi Arsimor Shqiptaro-Amerikan \u201cProtagonist\u00ebt\u201d, Tiran\u00eb; Kolegji \u201cFrym\u00eb Dashurie\u201d, pran\u00eb Kish\u00ebs \u201cApostull Pavli\u201d, Mesopotam; Shkolla e Muzik\u00ebs Bizantine, Tiran\u00eb; Konvikti i Shkoll\u00ebs s\u00eb Mesme, Bularat; Kolegji Universitar \u201cLogos\u201d, Tiran\u00eb.<\/span><br \/><span style=\"font-size: 12pt; font-family: helvetica; color: #000000;\"><strong>5.<\/strong> N\u00eb dimensionin kulturor, n\u00eb ruajtjen e trash\u00ebgimis\u00eb kulturore jan\u00eb restauruar 600 ikona me vlera t\u00eb rralla artistike, jan\u00eb restauruar 60 kisha e manastire, monumente kulture me nj\u00eb vler\u00eb mbi 11 milion\u00eb euro.<\/span><\/p>\n<p style=\"text-align: justify;\"><span style=\"font-size: 12pt; font-family: helvetica; color: #000000;\"><strong>6.<\/strong> N\u00eb dimensionin ekonomik, n\u00eb Kish\u00ebn Orthodhokse jan\u00eb pun\u00ebsuar m\u00eb shum\u00eb se 800 pun\u00ebtor\u00eb t\u00eb siguruar.<\/span><\/p>\n<p style=\"text-align: justify;\"><span style=\"font-size: 12pt; font-family: helvetica; color: #000000;\"><strong>7.<\/strong> S\u00eb fundi, me fonde t\u00eb mbledhura nga Kryepiskopi, u nd\u00ebrtua Hidrocentrali \u201cRapun 3 &amp; 4\u201d n\u00eb Librazhd, vep\u00ebr e madhe hidroenergjetike, ndihm\u00eb p\u00ebr ekonomin\u00eb dhe p\u00ebr vazhdim\u00ebsin\u00eb e vepr\u00ebs nd\u00ebrtuese t\u00eb Kish\u00ebs, por edhe aset ekonomik p\u00ebr vendin.<\/span><\/p>\n<p style=\"text-align: justify;\"><span style=\"font-size: 12pt; font-family: helvetica; color: #000000;\">E gjith\u00eb kjo vep\u00ebr q\u00eb duket si maja e nj\u00eb ajsbergu, \u00ebsht\u00eb e pamundur t\u00eb p\u00ebrshkruhet, sepse pjesa e saj m\u00eb e madhe, por e padukshme, \u00ebsht\u00eb puna shpirt\u00ebrore q\u00eb Kisha Orthodhokse e Shqip\u00ebris\u00eb b\u00ebn prej 25 vjet\u00ebsh me njer\u00ebzit, duke ringjallur shpres\u00ebn e humbur p\u00ebr jet\u00ebn, duke riformuar karaktere t\u00eb prishura nga egoizmi, lakmia, urrejtja, kot\u00ebsia, duke sh\u00ebruar plag\u00ebt e m\u00ebkatit, duke e ngritur njeriun n\u00eb maja marramend\u00ebse n\u00eb ngjashm\u00ebri me Krishtin, n\u00eb bir Per\u00ebndie.<\/span><\/p>\n<p style=\"text-align: justify;\"><span style=\"font-size: 12pt; font-family: helvetica; color: #000000;\">Kjo statistik\u00eb nuk \u00ebsht\u00eb nj\u00eb propagand\u00eb elektorale, por nj\u00eb vep\u00ebr reale me themele t\u00eb forta, q\u00eb do t\u00eb mbetet p\u00ebrjet\u00eb n\u00eb t\u00eb mir\u00eb t\u00eb besimtar\u00ebve dhe t\u00eb vendit.<\/span><\/p>\n<p style=\"text-align: justify;\"><span style=\"font-size: 12pt; font-family: helvetica; color: #000000;\">Kur i shikon t\u00eb gjitha k\u00ebto, t\u00eb duket se k\u00ebshtu ka qen\u00eb gjithmon\u00eb, por nuk ka qen\u00eb k\u00ebshtu, madje p\u00ebr Kryepiskopin, q\u00eb mban pesh\u00ebn dhe kontributin m\u00eb t\u00eb madh, ka qen\u00eb nj\u00eb udh\u00ebtim i lodhsh\u00ebm, si nj\u00eb rrug\u00eb kalvari duke mbajtur \u00e7do dit\u00eb kryqin. P\u00ebr k\u00ebt\u00eb rrug\u00eb kryqi ai ishte informuar nga vet\u00eb providenca hyjnore. N\u00eb kujtimet e tij thot\u00eb se: \u201csipas tradit\u00ebs s\u00eb Kish\u00ebs, n\u00eb Patriarkan\u00ebn Ekumenike, kur dikush merr detyr\u00eb episkopale, ai e hap Ungjillin rast\u00ebsisht dhe faqja q\u00eb lexohet merret si nj\u00eb njoftim i Per\u00ebndis\u00eb\u201d. Dhe Kryepiskopit Anastas i ra p\u00ebr t\u00eb lexuar n\u00eb faqen q\u00eb flet p\u00ebr kryq\u00ebzimin e Krishtit dhe q\u00eb lexohet t\u00eb Premten e Madhe n\u00eb kish\u00eb. Prandaj froni kryepiskopal n\u00eb t\u00eb cilin ai u ul, \u201cnuk ishte nj\u00eb fron kryepiskopal p\u00ebr t\u2019u ngjitur, por vet\u00ebm nj\u00eb stol i thyer, plot me gozhd\u00eb, q\u00eb e kishte l\u00ebn\u00eb persekutimi ateist\u201d, thot\u00eb ai.<\/span><\/p>\n<p style=\"text-align: justify;\"><span style=\"font-size: 12pt; font-family: helvetica; color: #000000;\">Q\u00ebndrimi i tij plot fisnik\u00ebri dhe durim p\u00ebrball\u00eb sulmeve t\u00eb pand\u00ebrprera gjat\u00eb k\u00ebtyre viteve, q\u00eb i jan\u00eb b\u00ebr\u00eb atij si Kryepiskopi kanonik i popullit orthodhoks, me shpifje, intriga, fyerje, denigrim, nga armiq me urrejtje t\u00eb pashkak, si: ateist\u00eb, nacionalist\u00eb paranojak\u00eb, kund\u00ebrshtar\u00eb t\u00eb Krishterimit, shtetar\u00eb t\u00eb keqp\u00ebrdorur, q\u00eb nuk i dhan\u00eb deri m\u00eb sot n\u00ebnshtet\u00ebsin\u00eb shqiptare, ashtu si\u00e7 e kan\u00eb marr\u00eb shum\u00eb t\u00eb tjer\u00eb t\u00eb huaj me kontribut modest p\u00ebr Shqip\u00ebrin\u00eb dhe shqiptar\u00ebt, po ashtu nga njer\u00ebz naiv\u00eb t\u00eb painformuar, t\u00eb mahnit!<\/span><\/p>\n<p style=\"text-align: justify;\"><span style=\"font-size: 12pt; font-family: helvetica; color: #000000;\">Por t\u00eb gjitha k\u00ebto sulme dashakeqe ai i duroi dhe i duron duke zbatuar porosin\u00eb e Krishtit: \u201cDoni armiqt\u00eb tuaj, bekoni ata q\u00eb ju mallkojn\u00eb juve, b\u00ebjuni mir\u00eb atyre q\u00eb ju urrejn\u00eb, edhe lutuni p\u00ebr ata q\u00eb ju b\u00ebjn\u00eb keq e ju p\u00ebrndjekin ju\u201d (Matth. 5:44). Shprehjet e tij kan\u00eb mbetur lapidare, si p.sh.: \u201cme gur\u00ebt q\u00eb na q\u00ebllojn\u00eb, ne nd\u00ebrtojm\u00eb kisha\u201d. Shum\u00eb \u201cdashamir\u00ebs\u201d b\u00ebjn\u00eb \u00e7udi si ky njeri q\u00ebndron akoma n\u00eb k\u00ebmb\u00eb, por forca e Kryepiskopit, me gjall\u00ebri rinore, q\u00ebndron n\u00eb fuqin\u00eb e Krishtit, si apostull Pavli thot\u00eb: \u201cT\u00eb gjitha mund t\u2019i b\u00ebj me an\u00eb t\u00eb Krishtit q\u00eb m\u00eb jep fuqi\u201d (Filip. 4:13). \u201cPrandaj k\u00ebnaqem n\u00eb dob\u00ebsira, n\u00eb fyerje, n\u00eb nevoja, n\u00eb p\u00ebrndjekje, n\u00eb shtr\u00ebngime, p\u00ebr Krishtin, sepse kur jam i dob\u00ebt, at\u00ebher\u00eb jam i fuqish\u00ebm\u201d (II Kor. 12:10).<\/span><\/p>\n<p style=\"text-align: justify;\"><span style=\"font-size: 12pt; font-family: helvetica; color: #000000;\">Nuk mjafton vet\u00ebm durimi p\u00ebr t\u00eb udh\u00ebhequr nj\u00eb kish\u00eb, por duhen siguruar fonde p\u00ebr t\u00eb gjitha k\u00ebto vepra nd\u00ebrtuese t\u00eb domosdoshme p\u00ebr mbar\u00ebvajtjen normale t\u00eb institucionit kishtar. Fondet p\u00ebr k\u00ebt\u00eb ringjallje shum\u00ebdimensionale t\u00eb Kish\u00ebs jan\u00eb siguruar nga Kryepiskopi s\u00eb bashku me shum\u00eb miq dhe dashamir\u00ebs p\u00ebr Shqip\u00ebrin\u00eb dhe shqiptar\u00ebt, t\u00eb cil\u00ebt i p\u00ebrgjigjen lutjes s\u00eb tij p\u00ebr mb\u00ebshtetje ekonomike dhe nd\u00ebrtimin e k\u00ebtyre veprave jo vet\u00ebm me karakter kishtar, por edhe publik, ai thot\u00eb: \u201cjam kthyer n\u00eb nj\u00eb lyp\u00ebs nd\u00ebrkomb\u00ebtar\u201d.<\/span><\/p>\n<p style=\"text-align: justify;\"><span style=\"font-size: 12pt; font-family: helvetica; color: #000000;\">Por, mbas kryqit, ka ngjallje dhe triumf. N\u00eb k\u00ebt\u00eb 25-vjetor Kisha Orthodhokse Autoqefale e Shqip\u00ebris\u00eb ka t\u00eb drejt\u00eb t\u00eb festoj\u00eb me triumf, sepse \u00ebsht\u00eb v\u00ebrtet nj\u00eb Kish\u00eb e ringjallur me t\u00eb drejta t\u00eb barabarta me Kishat Orthodhokse simotra n\u00eb t\u00eb gjith\u00eb bot\u00ebn, me nj\u00eb z\u00eb t\u00eb fort\u00eb konstruktiv dhe vendimmarr\u00ebs, p\u00ebr p\u00ebrballimin e v\u00ebshtir\u00ebsive t\u00eb t\u00eb krishter\u00ebve dhe njer\u00ebzve n\u00eb k\u00ebt\u00eb bot\u00eb t\u00eb trazuar me probleme globale, nj\u00eb faktor i r\u00ebnd\u00ebsish\u00ebm dhe frym\u00ebzues me ndikim p\u00ebr harmonin\u00eb fetare n\u00eb vend dhe n\u00eb bot\u00eb, nj\u00eb ngush\u00ebllim dhe p\u00ebrkrahje sociale p\u00ebr ata q\u00eb jan\u00eb n\u00eb nevoj\u00eb dhe t\u00eb l\u00ebn\u00eb m\u00ebnjan\u00eb nga shoq\u00ebria, nj\u00eb \u201cambasadore\u201d e Shqip\u00ebris\u00eb dhe e shqiptar\u00ebve n\u00eb organizma evropian\u00eb dhe nd\u00ebrkomb\u00ebtar\u00eb ku Kisha Orthodhokse e Shqip\u00ebris\u00eb \u00ebsht\u00eb e pranishme dhe me rol drejtues, nj\u00eb faktor paqeje n\u00eb rajon.<\/span><\/p>\n<p style=\"text-align: justify;\"><span style=\"font-size: 12pt; font-family: helvetica; color: #000000;\">E gjitha kjo ringjallje e Kish\u00ebs korrespondon dhe me emrin Anastas t\u00eb Kryepiskopit, q\u00eb n\u00eb shqip p\u00ebrkthehet ngjallje. Por Kryepiskopi Anastas, edhe pse \u00ebsht\u00eb i nd\u00ebrgjegjsh\u00ebm se \u00ebsht\u00eb munduar m\u00eb shum\u00eb se gjith\u00eb t\u00eb tjer\u00ebt, me p\u00ebrul\u00ebsi thot\u00eb: \u201cPor me hirin e Per\u00ebndis\u00eb jam ai q\u00eb jam; edhe hiri i atij q\u00eb \u00ebsht\u00eb tek un\u00eb nuk u b\u00eb i kot\u00eb,&#8230; jo un\u00eb, por hiri i Per\u00ebndis\u00eb q\u00eb \u00ebsht\u00eb bashk\u00eb me mua\u201d (I Kor. 15:10), duke e nxitur popullin orthodhoks t\u00eb besoj\u00eb dhe t\u00eb pohoj\u00eb se \u201cZoti \u00ebsht\u00eb me ne, dhe ne me Zotin\u201d.<\/span><\/p>\n<p style=\"text-align: justify;\"><span style=\"font-size: 12pt; font-family: helvetica; color: #000000;\">N\u00eb k\u00ebt\u00eb p\u00ebrvjetor panegjirik p\u00ebr Kish\u00ebn Orthodhokse Autoqefale t\u00eb Shqip\u00ebris\u00eb, urimi i Sinodit, i gjith\u00eb t\u00eb krishter\u00ebve, klerik\u00eb, laik\u00eb dhe dashamir\u00ebsve t\u00eb vepr\u00ebs s\u00eb tij n\u00eb Zotin, \u00ebsht\u00eb i bashkuar nj\u00ebz\u00ebri: \u201cP\u00ebr shum\u00eb vjet, o Kryezot!\u201d. Sepse, sa m\u00eb shum\u00eb t\u00eb rroj\u00eb ky njeri i Per\u00ebndis\u00eb, mbushur me dashuri p\u00ebr Zotin dhe t\u00eb af\u00ebrmin, aq m\u00eb shum\u00eb do t\u00eb mendoj\u00eb dhe do t\u00eb realizoj\u00eb vepra m\u00eb t\u00eb m\u00ebdha p\u00ebr lavdin\u00eb e Zotit, n\u00eb dobi t\u00eb Kish\u00ebs, n\u00eb sh\u00ebrbim t\u00eb njer\u00ebzve edhe t\u00eb vendit ton\u00eb.<\/span><\/p>\n<p style=\"text-align: justify;\">&nbsp;<\/p>\n<p style=\"text-align: right;\"><span style=\"font-size: 12pt; font-family: helvetica; color: #000000;\"><em><strong>Nga Miron \u00c7ako<\/strong><\/em><\/span><\/p>\n<p style=\"text-align: right;\">&nbsp;<\/p>\n<p style=\"text-align: center;\"><img class=\"lazyload\" decoding=\"async\" style=\"display: block; margin: 10px auto; border: 1px solid #000000;\" alt=\"\" src=\"data:image\/svg+xml,%3Csvg%20xmlns%3D%27http%3A%2F%2Fwww.w3.org%2F2000%2Fsvg%27%20width%3D%27507%27%20height%3D%27358%27%20viewBox%3D%270%200%20507%20358%27%3E%3Crect%20width%3D%27507%27%20height%3D%27358%27%20fill-opacity%3D%220%22%2F%3E%3C%2Fsvg%3E\" data-orig-src=\"https:\/\/orthodoxalbania.org\/2020\/wp-content\/uploads\/2020\/04\/fronezimi.jpg\" height=\"358\" width=\"507\" \/><\/p>\n","protected":false},"excerpt":{"rendered":"<p>24 Qershori i vitit 2017 \u00ebsht\u00eb nj\u00eb dit\u00eb festive p\u00ebr Kish\u00ebn Orthodhokse Autoqefale t\u00eb Shqip\u00ebris\u00eb, sepse q\u00eb nga data historike e 24 Qershorit 1992 u mbush nj\u00eb \u00e7erek shekulli, q\u00eb t\u00eb krishter\u00ebt orthodhoks\u00eb udh\u00ebhiqen me p\u00ebrkushtim at\u00ebror, me vizion dhe hir apostolik nga Fortlumturia e tij Kryepiskopi Anastas. Ky p\u00ebrvjetor plot suksese, v\u00ebrteton kat\u00ebrcip\u00ebrisht se p\u00ebrzgjedhja e Sinodit t\u00eb Shenjt\u00eb t\u00eb Patriarkan\u00ebs Ekumenike me propozimin<\/p>\n","protected":false},"author":1,"featured_media":5403,"comment_status":"open","ping_status":"open","sticky":false,"template":"","format":"standard","meta":{"_acf_changed":false,"pagelayer_contact_templates":[],"_pagelayer_content":"","inline_featured_image":false,"fifu_image_url":"","fifu_image_alt":"","footnotes":""},"categories":[108],"tags":[209,157,196,201,212],"class_list":["post-5402","post","type-post","status-publish","format-standard","has-post-thumbnail","hentry","category-lajme","tag-209","tag-kremtime","tag-tirane","tag-kryepiskopi-anastas","tag-lajme-d27"],"acf":[],"yoast_head":"<!-- This site is optimized with the Yoast SEO plugin v27.2 - https:\/\/yoast.com\/product\/yoast-seo-wordpress\/ -->\n<title>25 vjet sh\u00ebrbim kryeprift\u00ebror, me p\u00ebrkushtim ndaj Zotit dhe njeriut - Kisha Orthodh\u03bfkse Autoqefale e Shqip\u00ebris\u00eb<\/title>\n<meta name=\"robots\" content=\"index, follow, max-snippet:-1, max-image-preview:large, max-video-preview:-1\" \/>\n<link rel=\"canonical\" href=\"https:\/\/orthodoxalbania.org\/2020\/2017\/08\/01\/25-vjet-sherbim-kryeprifteror-me-perkushtim-ndaj-zotit-dhe-njeriut\/\" \/>\n<meta property=\"og:locale\" content=\"en_US\" \/>\n<meta property=\"og:type\" content=\"article\" \/>\n<meta property=\"og:title\" content=\"25 vjet sh\u00ebrbim kryeprift\u00ebror, me p\u00ebrkushtim ndaj Zotit dhe njeriut - Kisha Orthodh\u03bfkse Autoqefale e Shqip\u00ebris\u00eb\" \/>\n<meta property=\"og:description\" content=\"24 Qershori i vitit 2017 \u00ebsht\u00eb nj\u00eb dit\u00eb festive p\u00ebr Kish\u00ebn Orthodhokse Autoqefale t\u00eb Shqip\u00ebris\u00eb, sepse q\u00eb nga data historike e 24 Qershorit 1992 u mbush nj\u00eb \u00e7erek shekulli, q\u00eb t\u00eb krishter\u00ebt orthodhoks\u00eb udh\u00ebhiqen me p\u00ebrkushtim at\u00ebror, me vizion dhe hir apostolik nga Fortlumturia e tij Kryepiskopi Anastas. Ky p\u00ebrvjetor plot suksese, v\u00ebrteton kat\u00ebrcip\u00ebrisht se p\u00ebrzgjedhja e Sinodit t\u00eb Shenjt\u00eb t\u00eb Patriarkan\u00ebs Ekumenike me propozimin\" \/>\n<meta property=\"og:url\" content=\"https:\/\/orthodoxalbania.org\/2020\/2017\/08\/01\/25-vjet-sherbim-kryeprifteror-me-perkushtim-ndaj-zotit-dhe-njeriut\/\" \/>\n<meta property=\"og:site_name\" content=\"Kisha Orthodh\u03bfkse Autoqefale e Shqip\u00ebris\u00eb\" \/>\n<meta property=\"article:publisher\" content=\"https:\/\/www.facebook.com\/koash1991\" \/>\n<meta property=\"article:published_time\" content=\"2017-08-01T10:50:02+00:00\" \/>\n<meta property=\"article:modified_time\" content=\"2020-04-06T19:58:19+00:00\" \/>\n<meta property=\"og:image\" content=\"https:\/\/orthodoxalbania.org\/2020\/wp-content\/uploads\/2020\/04\/fronezimi.jpg\" \/>\n\t<meta property=\"og:image:width\" content=\"1355\" \/>\n\t<meta property=\"og:image:height\" content=\"959\" \/>\n\t<meta property=\"og:image:type\" content=\"image\/jpeg\" \/>\n<meta name=\"author\" content=\"Kisha Orthodhokse\" \/>\n<meta name=\"twitter:card\" content=\"summary_large_image\" \/>\n<meta name=\"twitter:label1\" content=\"Written by\" \/>\n\t<meta name=\"twitter:data1\" content=\"Kisha Orthodhokse\" \/>\n\t<meta name=\"twitter:label2\" content=\"Est. reading time\" \/>\n\t<meta name=\"twitter:data2\" content=\"11 minutes\" \/>\n<script type=\"application\/ld+json\" class=\"yoast-schema-graph\">{\"@context\":\"https:\/\/schema.org\",\"@graph\":[{\"@type\":\"Article\",\"@id\":\"https:\/\/orthodoxalbania.org\/2020\/2017\/08\/01\/25-vjet-sherbim-kryeprifteror-me-perkushtim-ndaj-zotit-dhe-njeriut\/#article\",\"isPartOf\":{\"@id\":\"https:\/\/orthodoxalbania.org\/2020\/2017\/08\/01\/25-vjet-sherbim-kryeprifteror-me-perkushtim-ndaj-zotit-dhe-njeriut\/\"},\"author\":{\"name\":\"Kisha Orthodhokse\",\"@id\":\"https:\/\/orthodoxalbania.org\/2020\/#\/schema\/person\/0c387634a7063ac612d7ed9ce71c7e86\"},\"headline\":\"25 vjet sh\u00ebrbim kryeprift\u00ebror, me p\u00ebrkushtim ndaj Zotit dhe njeriut\",\"datePublished\":\"2017-08-01T10:50:02+00:00\",\"dateModified\":\"2020-04-06T19:58:19+00:00\",\"mainEntityOfPage\":{\"@id\":\"https:\/\/orthodoxalbania.org\/2020\/2017\/08\/01\/25-vjet-sherbim-kryeprifteror-me-perkushtim-ndaj-zotit-dhe-njeriut\/\"},\"wordCount\":2302,\"commentCount\":0,\"publisher\":{\"@id\":\"https:\/\/orthodoxalbania.org\/2020\/#organization\"},\"image\":{\"@id\":\"https:\/\/orthodoxalbania.org\/2020\/2017\/08\/01\/25-vjet-sherbim-kryeprifteror-me-perkushtim-ndaj-zotit-dhe-njeriut\/#primaryimage\"},\"thumbnailUrl\":\"https:\/\/orthodoxalbania.org\/2020\/wp-content\/uploads\/2020\/04\/fronezimi.jpg\",\"keywords\":[\"2017\",\"Kremtime\",\"Kryepiskopata Tiran\u00eb\",\"Kryepiskopi Anastas\",\"lajme\"],\"articleSection\":[\"Lajme\"],\"inLanguage\":\"en-US\"},{\"@type\":\"WebPage\",\"@id\":\"https:\/\/orthodoxalbania.org\/2020\/2017\/08\/01\/25-vjet-sherbim-kryeprifteror-me-perkushtim-ndaj-zotit-dhe-njeriut\/\",\"url\":\"https:\/\/orthodoxalbania.org\/2020\/2017\/08\/01\/25-vjet-sherbim-kryeprifteror-me-perkushtim-ndaj-zotit-dhe-njeriut\/\",\"name\":\"25 vjet sh\u00ebrbim kryeprift\u00ebror, me p\u00ebrkushtim ndaj Zotit dhe njeriut - Kisha Orthodh\u03bfkse Autoqefale e Shqip\u00ebris\u00eb\",\"isPartOf\":{\"@id\":\"https:\/\/orthodoxalbania.org\/2020\/#website\"},\"primaryImageOfPage\":{\"@id\":\"https:\/\/orthodoxalbania.org\/2020\/2017\/08\/01\/25-vjet-sherbim-kryeprifteror-me-perkushtim-ndaj-zotit-dhe-njeriut\/#primaryimage\"},\"image\":{\"@id\":\"https:\/\/orthodoxalbania.org\/2020\/2017\/08\/01\/25-vjet-sherbim-kryeprifteror-me-perkushtim-ndaj-zotit-dhe-njeriut\/#primaryimage\"},\"thumbnailUrl\":\"https:\/\/orthodoxalbania.org\/2020\/wp-content\/uploads\/2020\/04\/fronezimi.jpg\",\"datePublished\":\"2017-08-01T10:50:02+00:00\",\"dateModified\":\"2020-04-06T19:58:19+00:00\",\"breadcrumb\":{\"@id\":\"https:\/\/orthodoxalbania.org\/2020\/2017\/08\/01\/25-vjet-sherbim-kryeprifteror-me-perkushtim-ndaj-zotit-dhe-njeriut\/#breadcrumb\"},\"inLanguage\":\"en-US\",\"potentialAction\":[{\"@type\":\"ReadAction\",\"target\":[\"https:\/\/orthodoxalbania.org\/2020\/2017\/08\/01\/25-vjet-sherbim-kryeprifteror-me-perkushtim-ndaj-zotit-dhe-njeriut\/\"]}]},{\"@type\":\"ImageObject\",\"inLanguage\":\"en-US\",\"@id\":\"https:\/\/orthodoxalbania.org\/2020\/2017\/08\/01\/25-vjet-sherbim-kryeprifteror-me-perkushtim-ndaj-zotit-dhe-njeriut\/#primaryimage\",\"url\":\"https:\/\/orthodoxalbania.org\/2020\/wp-content\/uploads\/2020\/04\/fronezimi.jpg\",\"contentUrl\":\"https:\/\/orthodoxalbania.org\/2020\/wp-content\/uploads\/2020\/04\/fronezimi.jpg\",\"width\":1355,\"height\":959},{\"@type\":\"BreadcrumbList\",\"@id\":\"https:\/\/orthodoxalbania.org\/2020\/2017\/08\/01\/25-vjet-sherbim-kryeprifteror-me-perkushtim-ndaj-zotit-dhe-njeriut\/#breadcrumb\",\"itemListElement\":[{\"@type\":\"ListItem\",\"position\":1,\"name\":\"Home\",\"item\":\"https:\/\/orthodoxalbania.org\/2020\/\"},{\"@type\":\"ListItem\",\"position\":2,\"name\":\"25 vjet sh\u00ebrbim kryeprift\u00ebror, me p\u00ebrkushtim ndaj Zotit dhe njeriut\"}]},{\"@type\":\"WebSite\",\"@id\":\"https:\/\/orthodoxalbania.org\/2020\/#website\",\"url\":\"https:\/\/orthodoxalbania.org\/2020\/\",\"name\":\"Kisha Orthodh\u03bfkse Autoqefale e Shqip\u00ebris\u00eb\",\"description\":\"Fqja Zyrtare e Kish\u00ebs Orthodhokse Autoqefale e Shqip\u00ebris\u00eb me lajmet edhe informacionet zyrtare p\u00ebr struktur\u00ebn edhe veprimtarin e saj.\",\"publisher\":{\"@id\":\"https:\/\/orthodoxalbania.org\/2020\/#organization\"},\"potentialAction\":[{\"@type\":\"SearchAction\",\"target\":{\"@type\":\"EntryPoint\",\"urlTemplate\":\"https:\/\/orthodoxalbania.org\/2020\/?s={search_term_string}\"},\"query-input\":{\"@type\":\"PropertyValueSpecification\",\"valueRequired\":true,\"valueName\":\"search_term_string\"}}],\"inLanguage\":\"en-US\"},{\"@type\":\"Organization\",\"@id\":\"https:\/\/orthodoxalbania.org\/2020\/#organization\",\"name\":\"Kisha Orthodhokse Autoqefale e Shqip\u00ebris\u00eb\",\"url\":\"https:\/\/orthodoxalbania.org\/2020\/\",\"logo\":{\"@type\":\"ImageObject\",\"inLanguage\":\"en-US\",\"@id\":\"https:\/\/orthodoxalbania.org\/2020\/#\/schema\/logo\/image\/\",\"url\":\"https:\/\/orthodoxalbania.org\/2020\/wp-content\/uploads\/2020\/05\/albania.jpeg\",\"contentUrl\":\"https:\/\/orthodoxalbania.org\/2020\/wp-content\/uploads\/2020\/05\/albania.jpeg\",\"width\":540,\"height\":540,\"caption\":\"Kisha Orthodhokse Autoqefale e Shqip\u00ebris\u00eb\"},\"image\":{\"@id\":\"https:\/\/orthodoxalbania.org\/2020\/#\/schema\/logo\/image\/\"},\"sameAs\":[\"https:\/\/www.facebook.com\/koash1991\"]},{\"@type\":\"Person\",\"@id\":\"https:\/\/orthodoxalbania.org\/2020\/#\/schema\/person\/0c387634a7063ac612d7ed9ce71c7e86\",\"name\":\"Kisha Orthodhokse\",\"image\":{\"@type\":\"ImageObject\",\"inLanguage\":\"en-US\",\"@id\":\"https:\/\/secure.gravatar.com\/avatar\/596e7c417251e30f2fbb9c00e026fce61a695a00e51c889caded71c96cbbdde5?s=96&d=mm&r=g\",\"url\":\"https:\/\/secure.gravatar.com\/avatar\/596e7c417251e30f2fbb9c00e026fce61a695a00e51c889caded71c96cbbdde5?s=96&d=mm&r=g\",\"contentUrl\":\"https:\/\/secure.gravatar.com\/avatar\/596e7c417251e30f2fbb9c00e026fce61a695a00e51c889caded71c96cbbdde5?s=96&d=mm&r=g\",\"caption\":\"Kisha Orthodhokse\"}}]}<\/script>\n<!-- \/ Yoast SEO plugin. -->","yoast_head_json":{"title":"25 vjet sh\u00ebrbim kryeprift\u00ebror, me p\u00ebrkushtim ndaj Zotit dhe njeriut - Kisha Orthodh\u03bfkse Autoqefale e Shqip\u00ebris\u00eb","robots":{"index":"index","follow":"follow","max-snippet":"max-snippet:-1","max-image-preview":"max-image-preview:large","max-video-preview":"max-video-preview:-1"},"canonical":"https:\/\/orthodoxalbania.org\/2020\/2017\/08\/01\/25-vjet-sherbim-kryeprifteror-me-perkushtim-ndaj-zotit-dhe-njeriut\/","og_locale":"en_US","og_type":"article","og_title":"25 vjet sh\u00ebrbim kryeprift\u00ebror, me p\u00ebrkushtim ndaj Zotit dhe njeriut - Kisha Orthodh\u03bfkse Autoqefale e Shqip\u00ebris\u00eb","og_description":"24 Qershori i vitit 2017 \u00ebsht\u00eb nj\u00eb dit\u00eb festive p\u00ebr Kish\u00ebn Orthodhokse Autoqefale t\u00eb Shqip\u00ebris\u00eb, sepse q\u00eb nga data historike e 24 Qershorit 1992 u mbush nj\u00eb \u00e7erek shekulli, q\u00eb t\u00eb krishter\u00ebt orthodhoks\u00eb udh\u00ebhiqen me p\u00ebrkushtim at\u00ebror, me vizion dhe hir apostolik nga Fortlumturia e tij Kryepiskopi Anastas. Ky p\u00ebrvjetor plot suksese, v\u00ebrteton kat\u00ebrcip\u00ebrisht se p\u00ebrzgjedhja e Sinodit t\u00eb Shenjt\u00eb t\u00eb Patriarkan\u00ebs Ekumenike me propozimin","og_url":"https:\/\/orthodoxalbania.org\/2020\/2017\/08\/01\/25-vjet-sherbim-kryeprifteror-me-perkushtim-ndaj-zotit-dhe-njeriut\/","og_site_name":"Kisha Orthodh\u03bfkse Autoqefale e Shqip\u00ebris\u00eb","article_publisher":"https:\/\/www.facebook.com\/koash1991","article_published_time":"2017-08-01T10:50:02+00:00","article_modified_time":"2020-04-06T19:58:19+00:00","og_image":[{"width":1355,"height":959,"url":"https:\/\/orthodoxalbania.org\/2020\/wp-content\/uploads\/2020\/04\/fronezimi.jpg","type":"image\/jpeg"}],"author":"Kisha Orthodhokse","twitter_card":"summary_large_image","twitter_misc":{"Written by":"Kisha Orthodhokse","Est. reading time":"11 minutes"},"schema":{"@context":"https:\/\/schema.org","@graph":[{"@type":"Article","@id":"https:\/\/orthodoxalbania.org\/2020\/2017\/08\/01\/25-vjet-sherbim-kryeprifteror-me-perkushtim-ndaj-zotit-dhe-njeriut\/#article","isPartOf":{"@id":"https:\/\/orthodoxalbania.org\/2020\/2017\/08\/01\/25-vjet-sherbim-kryeprifteror-me-perkushtim-ndaj-zotit-dhe-njeriut\/"},"author":{"name":"Kisha Orthodhokse","@id":"https:\/\/orthodoxalbania.org\/2020\/#\/schema\/person\/0c387634a7063ac612d7ed9ce71c7e86"},"headline":"25 vjet sh\u00ebrbim kryeprift\u00ebror, me p\u00ebrkushtim ndaj Zotit dhe njeriut","datePublished":"2017-08-01T10:50:02+00:00","dateModified":"2020-04-06T19:58:19+00:00","mainEntityOfPage":{"@id":"https:\/\/orthodoxalbania.org\/2020\/2017\/08\/01\/25-vjet-sherbim-kryeprifteror-me-perkushtim-ndaj-zotit-dhe-njeriut\/"},"wordCount":2302,"commentCount":0,"publisher":{"@id":"https:\/\/orthodoxalbania.org\/2020\/#organization"},"image":{"@id":"https:\/\/orthodoxalbania.org\/2020\/2017\/08\/01\/25-vjet-sherbim-kryeprifteror-me-perkushtim-ndaj-zotit-dhe-njeriut\/#primaryimage"},"thumbnailUrl":"https:\/\/orthodoxalbania.org\/2020\/wp-content\/uploads\/2020\/04\/fronezimi.jpg","keywords":["2017","Kremtime","Kryepiskopata Tiran\u00eb","Kryepiskopi Anastas","lajme"],"articleSection":["Lajme"],"inLanguage":"en-US"},{"@type":"WebPage","@id":"https:\/\/orthodoxalbania.org\/2020\/2017\/08\/01\/25-vjet-sherbim-kryeprifteror-me-perkushtim-ndaj-zotit-dhe-njeriut\/","url":"https:\/\/orthodoxalbania.org\/2020\/2017\/08\/01\/25-vjet-sherbim-kryeprifteror-me-perkushtim-ndaj-zotit-dhe-njeriut\/","name":"25 vjet sh\u00ebrbim kryeprift\u00ebror, me p\u00ebrkushtim ndaj Zotit dhe njeriut - Kisha Orthodh\u03bfkse Autoqefale e Shqip\u00ebris\u00eb","isPartOf":{"@id":"https:\/\/orthodoxalbania.org\/2020\/#website"},"primaryImageOfPage":{"@id":"https:\/\/orthodoxalbania.org\/2020\/2017\/08\/01\/25-vjet-sherbim-kryeprifteror-me-perkushtim-ndaj-zotit-dhe-njeriut\/#primaryimage"},"image":{"@id":"https:\/\/orthodoxalbania.org\/2020\/2017\/08\/01\/25-vjet-sherbim-kryeprifteror-me-perkushtim-ndaj-zotit-dhe-njeriut\/#primaryimage"},"thumbnailUrl":"https:\/\/orthodoxalbania.org\/2020\/wp-content\/uploads\/2020\/04\/fronezimi.jpg","datePublished":"2017-08-01T10:50:02+00:00","dateModified":"2020-04-06T19:58:19+00:00","breadcrumb":{"@id":"https:\/\/orthodoxalbania.org\/2020\/2017\/08\/01\/25-vjet-sherbim-kryeprifteror-me-perkushtim-ndaj-zotit-dhe-njeriut\/#breadcrumb"},"inLanguage":"en-US","potentialAction":[{"@type":"ReadAction","target":["https:\/\/orthodoxalbania.org\/2020\/2017\/08\/01\/25-vjet-sherbim-kryeprifteror-me-perkushtim-ndaj-zotit-dhe-njeriut\/"]}]},{"@type":"ImageObject","inLanguage":"en-US","@id":"https:\/\/orthodoxalbania.org\/2020\/2017\/08\/01\/25-vjet-sherbim-kryeprifteror-me-perkushtim-ndaj-zotit-dhe-njeriut\/#primaryimage","url":"https:\/\/orthodoxalbania.org\/2020\/wp-content\/uploads\/2020\/04\/fronezimi.jpg","contentUrl":"https:\/\/orthodoxalbania.org\/2020\/wp-content\/uploads\/2020\/04\/fronezimi.jpg","width":1355,"height":959},{"@type":"BreadcrumbList","@id":"https:\/\/orthodoxalbania.org\/2020\/2017\/08\/01\/25-vjet-sherbim-kryeprifteror-me-perkushtim-ndaj-zotit-dhe-njeriut\/#breadcrumb","itemListElement":[{"@type":"ListItem","position":1,"name":"Home","item":"https:\/\/orthodoxalbania.org\/2020\/"},{"@type":"ListItem","position":2,"name":"25 vjet sh\u00ebrbim kryeprift\u00ebror, me p\u00ebrkushtim ndaj Zotit dhe njeriut"}]},{"@type":"WebSite","@id":"https:\/\/orthodoxalbania.org\/2020\/#website","url":"https:\/\/orthodoxalbania.org\/2020\/","name":"Kisha Orthodh\u03bfkse Autoqefale e Shqip\u00ebris\u00eb","description":"Fqja Zyrtare e Kish\u00ebs Orthodhokse Autoqefale e Shqip\u00ebris\u00eb me lajmet edhe informacionet zyrtare p\u00ebr struktur\u00ebn edhe veprimtarin e saj.","publisher":{"@id":"https:\/\/orthodoxalbania.org\/2020\/#organization"},"potentialAction":[{"@type":"SearchAction","target":{"@type":"EntryPoint","urlTemplate":"https:\/\/orthodoxalbania.org\/2020\/?s={search_term_string}"},"query-input":{"@type":"PropertyValueSpecification","valueRequired":true,"valueName":"search_term_string"}}],"inLanguage":"en-US"},{"@type":"Organization","@id":"https:\/\/orthodoxalbania.org\/2020\/#organization","name":"Kisha Orthodhokse Autoqefale e Shqip\u00ebris\u00eb","url":"https:\/\/orthodoxalbania.org\/2020\/","logo":{"@type":"ImageObject","inLanguage":"en-US","@id":"https:\/\/orthodoxalbania.org\/2020\/#\/schema\/logo\/image\/","url":"https:\/\/orthodoxalbania.org\/2020\/wp-content\/uploads\/2020\/05\/albania.jpeg","contentUrl":"https:\/\/orthodoxalbania.org\/2020\/wp-content\/uploads\/2020\/05\/albania.jpeg","width":540,"height":540,"caption":"Kisha Orthodhokse Autoqefale e Shqip\u00ebris\u00eb"},"image":{"@id":"https:\/\/orthodoxalbania.org\/2020\/#\/schema\/logo\/image\/"},"sameAs":["https:\/\/www.facebook.com\/koash1991"]},{"@type":"Person","@id":"https:\/\/orthodoxalbania.org\/2020\/#\/schema\/person\/0c387634a7063ac612d7ed9ce71c7e86","name":"Kisha Orthodhokse","image":{"@type":"ImageObject","inLanguage":"en-US","@id":"https:\/\/secure.gravatar.com\/avatar\/596e7c417251e30f2fbb9c00e026fce61a695a00e51c889caded71c96cbbdde5?s=96&d=mm&r=g","url":"https:\/\/secure.gravatar.com\/avatar\/596e7c417251e30f2fbb9c00e026fce61a695a00e51c889caded71c96cbbdde5?s=96&d=mm&r=g","contentUrl":"https:\/\/secure.gravatar.com\/avatar\/596e7c417251e30f2fbb9c00e026fce61a695a00e51c889caded71c96cbbdde5?s=96&d=mm&r=g","caption":"Kisha Orthodhokse"}}]}},"_links":{"self":[{"href":"https:\/\/orthodoxalbania.org\/2020\/wp-json\/wp\/v2\/posts\/5402","targetHints":{"allow":["GET"]}}],"collection":[{"href":"https:\/\/orthodoxalbania.org\/2020\/wp-json\/wp\/v2\/posts"}],"about":[{"href":"https:\/\/orthodoxalbania.org\/2020\/wp-json\/wp\/v2\/types\/post"}],"author":[{"embeddable":true,"href":"https:\/\/orthodoxalbania.org\/2020\/wp-json\/wp\/v2\/users\/1"}],"replies":[{"embeddable":true,"href":"https:\/\/orthodoxalbania.org\/2020\/wp-json\/wp\/v2\/comments?post=5402"}],"version-history":[{"count":1,"href":"https:\/\/orthodoxalbania.org\/2020\/wp-json\/wp\/v2\/posts\/5402\/revisions"}],"predecessor-version":[{"id":14838,"href":"https:\/\/orthodoxalbania.org\/2020\/wp-json\/wp\/v2\/posts\/5402\/revisions\/14838"}],"wp:featuredmedia":[{"embeddable":true,"href":"https:\/\/orthodoxalbania.org\/2020\/wp-json\/wp\/v2\/media\/5403"}],"wp:attachment":[{"href":"https:\/\/orthodoxalbania.org\/2020\/wp-json\/wp\/v2\/media?parent=5402"}],"wp:term":[{"taxonomy":"category","embeddable":true,"href":"https:\/\/orthodoxalbania.org\/2020\/wp-json\/wp\/v2\/categories?post=5402"},{"taxonomy":"post_tag","embeddable":true,"href":"https:\/\/orthodoxalbania.org\/2020\/wp-json\/wp\/v2\/tags?post=5402"}],"curies":[{"name":"wp","href":"https:\/\/api.w.org\/{rel}","templated":true}]}}