{"id":538,"date":"2008-02-26T00:00:00","date_gmt":"2008-02-26T00:00:00","guid":{"rendered":""},"modified":"2020-04-06T22:35:16","modified_gmt":"2020-04-06T20:35:16","slug":"festohet-10-vjetori-i-fronezimit-te-hiresi-joanit-si-mitropolit-i-korces-2008","status":"publish","type":"post","link":"https:\/\/orthodoxalbania.org\/2020\/2008\/02\/26\/festohet-10-vjetori-i-fronezimit-te-hiresi-joanit-si-mitropolit-i-korces-2008\/","title":{"rendered":"Festohet 10 vjetori i Fron\u00ebzimit t\u00eb Hir\u00ebsi Joanit si Mitropolit i Kor\u00e7\u00ebs. (2008)"},"content":{"rendered":"<table style=\"width: 922px; height: 3270px;\" border=\"0\">\n<tbody>\n<tr>\n<td><span style=\"color: #000000; font-family: helvetica;\"><img decoding=\"async\" class=\"lazyload HAa Eha\" style=\"border-width: 1px; border-style: solid; margin: 10px auto; display: block;\" alt=\"\" src=\"data:image\/svg+xml,%3Csvg%20xmlns%3D%27http%3A%2F%2Fwww.w3.org%2F2000%2Fsvg%27%20width%3D%27348%27%20height%3D%27261%27%20viewBox%3D%270%200%20348%20261%27%3E%3Crect%20width%3D%27348%27%20height%3D%27261%27%20fill-opacity%3D%220%22%2F%3E%3C%2Fsvg%3E\" data-orig-src=\"https:\/\/lh5.googleusercontent.com\/-LYY7kKRGou8\/VJF0snXU8HI\/AAAAAAAAIMc\/l1Qv8eoFPyo\/w448-h336-no\/1%2Btekst%2B.jpg\" height=\"261\" width=\"348\" \/><\/span><\/td>\n<td>\n<div>\n<p style=\"text-align: justify;\"><span style=\"color: #000000; font-family: helvetica; font-size: 12pt;\">&nbsp; &nbsp; Data 25 korrik 2008 sh\u00ebnoi 10 vjetorin e fron\u00ebzimit t\u00eb Mitropolitit t\u00eb Kor\u00e7\u00ebs, Pogradecit, Kolonj\u00ebs, Devollit dhe Voskopoj\u00ebs, Hir\u00ebsi Joanit. Me k\u00ebt\u00eb rast t\u00eb enjten n\u00eb mbr\u00ebmje dt. 24 korrik, n\u00eb sall\u00ebn e koncerteve t\u00eb Katedrales, n\u00eb k\u00ebt\u00eb qytet u organizua nj\u00eb koncert. Ishin t\u00eb ftuar dhe mor\u00ebn pjes\u00eb Kryetari i Bashkis\u00eb Niko Peleshi, Prefektja e Qarkut Elfrida Zefi, Kryetari i Qarkut Ilia Milo, Kryetarja e K\u00ebshillit Bashkiak Rajmonda Nase, Konsulli i P\u00ebrgjithsh\u00ebm i Greqis\u00eb n\u00eb Kor\u00e7\u00eb Konstandinos Maucos, Mitropolit i Beratit Hir\u00ebsi Ignati, Myftiu i Kor\u00e7\u00ebs Qazim Mu\u00e7i, klerik\u00eb dhe besimtar\u00eb.<\/span><\/p>\n<\/div>\n<\/td>\n<\/tr>\n<tr>\n<td>\n<div style=\"text-align: justify;\"><span style=\"color: #000000; font-family: helvetica; font-size: 12pt;\">&nbsp;&nbsp;&nbsp; N\u00eb fund t\u00eb koncertit p\u00ebrsh\u00ebndeti Kryetari i Bashkis\u00eb Niko Peleshi : \u201cKy \u00ebsht\u00eb nj\u00eb moment shum\u00eb emocional, sepse \u00ebsht\u00eb nj\u00eb moment Hyjnor, i cili do t\u00eb p\u00ebrjetohej k\u00ebshtu n\u00eb \u00e7do vend t\u00eb bot\u00ebs&#8230; Por p\u00ebr ne, qytetin ton\u00eb dhe p\u00ebr Shqip\u00ebrin\u00eb momente t\u00eb tilla jan\u00eb akoma m\u00eb t\u00eb r\u00ebnd\u00ebsish\u00ebm, pasi n\u00eb k\u00ebto vite ne jemi duke rind\u00ebrtuar, duke restauruar sistemin ton\u00eb t\u00eb vlerave. Jemi nj\u00eb vend dhe nj\u00eb qytet n\u00eb ringjallje. T\u00eb gjith\u00eb \u00e7do dit\u00eb p\u00ebrpiqemi t\u00eb ringjallim vlerat historike, kulturore, intelektuale, arsimdash\u00ebse t\u00eb k\u00ebtij qyteti.<\/span><\/div>\n<\/td>\n<td><span style=\"color: #000000; font-family: helvetica; font-size: 12pt;\"><img decoding=\"async\" class=\"lazyload HAa Eha\" style=\"border-width: 1px; border-style: solid; margin: 10px auto; display: block;\" alt=\"\" src=\"data:image\/svg+xml,%3Csvg%20xmlns%3D%27http%3A%2F%2Fwww.w3.org%2F2000%2Fsvg%27%20width%3D%27378%27%20height%3D%27283%27%20viewBox%3D%270%200%20378%20283%27%3E%3Crect%20width%3D%27378%27%20height%3D%27283%27%20fill-opacity%3D%220%22%2F%3E%3C%2Fsvg%3E\" data-orig-src=\"https:\/\/lh6.googleusercontent.com\/-tmfqr3HX7U4\/VJF0sR_2W7I\/AAAAAAAAIMo\/7w-XJBJMiuk\/w448-h336-no\/2%2Btekst%2B.jpg\" height=\"283\" width=\"378\" \/><\/span><\/td>\n<\/tr>\n<tr>\n<td><span style=\"color: #000000; font-family: helvetica; font-size: 12pt;\"><img decoding=\"async\" class=\"lazyload HAa Eha\" style=\"border-width: 1px; border-style: solid; margin: 10px auto; display: block;\" alt=\"\" src=\"data:image\/svg+xml,%3Csvg%20xmlns%3D%27http%3A%2F%2Fwww.w3.org%2F2000%2Fsvg%27%20width%3D%27344%27%20height%3D%27258%27%20viewBox%3D%270%200%20344%20258%27%3E%3Crect%20width%3D%27344%27%20height%3D%27258%27%20fill-opacity%3D%220%22%2F%3E%3C%2Fsvg%3E\" data-orig-src=\"https:\/\/lh5.googleusercontent.com\/-3QW2Paf8hgk\/VJF0spIQ9bI\/AAAAAAAAIMg\/0qDb6iC62-A\/w448-h336-no\/3%2Btekst%2B.jpg\" height=\"258\" width=\"344\" \/><\/span><\/td>\n<td>\n<div style=\"text-align: justify;\"><span style=\"color: #000000; font-family: helvetica; font-size: 12pt;\">&nbsp;&nbsp;&nbsp; Padyshim q\u00eb vendin e par\u00eb dhe m\u00eb t\u00eb r\u00ebnd\u00ebsish\u00ebm e z\u00ebn\u00eb t\u00eb gjith\u00eb ata q\u00eb punojn\u00eb p\u00ebrdit\u00eb dhe n\u00eb v\u00ebshtir\u00ebsi t\u00eb m\u00ebdha p\u00ebr t\u00eb restauruar vlerat shpirt\u00ebrore p\u00ebr t\u00eb cilat ne kemi m\u00eb shum\u00eb nevoj\u00eb. Ndaj n\u00eb vendin e nderit meriton t\u00eb q\u00ebndroj\u00eb nj\u00eb njeri i dashur p\u00ebr t\u00eb gjith\u00eb kor\u00e7ar\u00ebt, jo vet\u00ebm p\u00ebr t\u00eb krishter\u00ebt, Hir\u00ebsi Joani\u201d<\/span><\/div>\n<div style=\"text-align: justify;\"><span style=\"color: #000000; font-family: helvetica; font-size: 12pt;\"> &nbsp;&nbsp;&nbsp;&nbsp; Pasi vler\u00ebsoi pun\u00ebn e Hir\u00ebsi Joanit dhe bashk\u00ebpunimin me t\u00eb, z. Niko Peleshi publikoi vendimin e K\u00ebshillit Bashkiak t\u00eb Kor\u00e7\u00ebs p\u00ebr t\u2019i akorduar Hir\u00ebsi Joanit titullin \u201cQytetar Nderi\u201d.<\/span><\/div>\n<\/td>\n<\/tr>\n<tr>\n<td>\n<div style=\"text-align: justify;\"><span style=\"color: #000000; font-family: helvetica; font-size: 12pt;\">&nbsp;&nbsp;&nbsp; Hir\u00ebsi Joani pasi fal\u00ebnderoi p\u00ebr k\u00ebt\u00eb vendim, ai tha se nuk kufizohet vet\u00ebm tek mua, por shtrihet tek i gjith\u00eb qyteti&#8230; sepse ky komunitet i ka dh\u00ebn\u00eb shum\u00eb gj\u00ebra materiale dhe shpirt\u00ebrore k\u00ebtij qyteti: \u201cVendi yn\u00eb ka nevoj\u00eb p\u00ebr drit\u00eb dhe p\u00ebr mesazhin q\u00eb p\u00ebrhap Kisha&#8230; Tranzicioni i gjat\u00eb nuk \u00ebsht\u00eb problemi ekonomik, por \u00ebsht\u00eb problemi moral dhe nj\u00eb s\u00ebmundje morale mund t\u00eb sh\u00ebrohet vet\u00ebm me mjete morale, sepse nuk mund t\u00eb nd\u00ebrtohet mbi g\u00ebnjeshtra dhe padrejt\u00ebsi&#8230; Pik\u00ebrisht k\u00ebto vlera, Kisha \u00ebsht\u00eb munduar t\u2019i p\u00ebrhap\u00eb vazhdimisht si n\u00eb shekujt e kaluar dhe sot, sepse vendi yn\u00eb ka nevoj\u00eb p\u00ebr drit\u00eb.<\/span><\/div>\n<\/td>\n<td><span style=\"color: #000000; font-family: helvetica; font-size: 12pt;\"><img decoding=\"async\" class=\"lazyload HAa Eha\" style=\"border-width: 1px; border-style: solid; margin: 10px auto; display: block;\" alt=\"\" src=\"data:image\/svg+xml,%3Csvg%20xmlns%3D%27http%3A%2F%2Fwww.w3.org%2F2000%2Fsvg%27%20width%3D%27350%27%20height%3D%27262%27%20viewBox%3D%270%200%20350%20262%27%3E%3Crect%20width%3D%27350%27%20height%3D%27262%27%20fill-opacity%3D%220%22%2F%3E%3C%2Fsvg%3E\" data-orig-src=\"https:\/\/lh4.googleusercontent.com\/-o8UB7OnUuJs\/VJF0s0Huq7I\/AAAAAAAAIMs\/SfyfZDOxLD0\/w448-h336-no\/4%2Btekst%2B.jpg\" height=\"262\" width=\"350\" \/><\/span><\/td>\n<\/tr>\n<tr>\n<td>\n<div><span style=\"color: #000000; font-family: helvetica; font-size: 12pt;\"><img decoding=\"async\" class=\"lazyload HAa Eha\" style=\"border-width: 1px; border-style: solid; margin: 10px auto; display: block;\" alt=\"\" src=\"data:image\/svg+xml,%3Csvg%20xmlns%3D%27http%3A%2F%2Fwww.w3.org%2F2000%2Fsvg%27%20width%3D%27324%27%20height%3D%27243%27%20viewBox%3D%270%200%20324%20243%27%3E%3Crect%20width%3D%27324%27%20height%3D%27243%27%20fill-opacity%3D%220%22%2F%3E%3C%2Fsvg%3E\" data-orig-src=\"https:\/\/lh6.googleusercontent.com\/-d7vQldyXNiU\/VJF0tDhP_BI\/AAAAAAAAIMU\/ypjieWxzCQU\/w448-h336-no\/6%2Btekst%2B.jpg\" height=\"243\" width=\"324\" \/><\/span><\/div>\n<\/td>\n<td>\n<div style=\"text-align: justify;\"><span style=\"color: #000000; font-family: helvetica; font-size: 12pt;\">&nbsp;&nbsp; Q\u00eb t\u00eb kemi paqe n\u00eb jet\u00ebn ton\u00eb personale, n\u00eb familjet tona dhe m\u00eb gjer\u00eb mundohuni t\u00eb ruani Kish\u00ebn. Ta mbroni e ta ndihmoni n\u00eb \u00e7do gj\u00eb, sepse k\u00ebshtu ndihmoni veten tuaj dhe f\u00ebmij\u00ebt tuaj&#8230;\u201d Pasi fal\u00ebnderoi komunitetin dhe t\u00eb pranishmit p\u00ebr dashurin\u00eb dhe respektin q\u00eb kan\u00eb treguar n\u00eb k\u00ebto vite ai tha: \u201c&#8230;N\u00eb raste t\u00eb tilla gj\u00ebja e par\u00eb q\u00eb t\u00eb vete n\u00eb mendje \u00ebsht\u00eb fal\u00ebnderimi. T\u00eb fal\u00ebnderojm\u00eb Zotin q\u00eb ka qen\u00eb kaq bujar gjat\u00eb k\u00ebtyre viteve&#8230;<\/span><\/div>\n<\/td>\n<\/tr>\n<tr>\n<td>\n<div style=\"text-align: justify;\"><span style=\"color: #000000; font-family: helvetica; font-size: 12pt;\">&nbsp;&nbsp;&nbsp; N\u00eb k\u00ebt\u00eb dit\u00eb n\u00eb m\u00ebndje me vjen Kryepiskopi yn\u00eb i dashur Anastas, i cili i dha k\u00ebtij vendi gjith\u00e7ka q\u00eb kishte, i dha k\u00ebsaj Kishe t\u00eb gjith\u00eb jet\u00ebn e tij, men\u00e7urin\u00eb e tij, p\u00ebrvoj\u00ebn e tij dhe gjith\u00e7ka tjet\u00ebr dhe ne nuk duhet t\u00eb lodhemi s\u00eb q\u00ebni mir\u00ebnjoh\u00ebs dhe s\u00eb th\u00ebni \u201cFaleminderit\u201d, sepse kur pun\u00ebn e b\u00ebjn\u00eb t\u00eb tjer\u00ebt shpesh her\u00eb mund t\u00eb duket e leht\u00eb. Un\u00eb shpesh her\u00eb kam qen\u00eb bashk\u00ebpun\u00ebtor i ngusht\u00eb i tij dhe kam par\u00eb sa v\u00ebshtir\u00ebsi t\u00eb m\u00ebdha ka kaluar, e fal\u00ebnderoj vazhdimisht sepse i dha Kish\u00ebs ton\u00eb. Jo vet\u00ebm thjesht ngriti muret, por p\u00ebrhapi edhe nj\u00eb frym\u00eb dashurie, tolerance dhe respekti p\u00ebr \u00e7do njeri tjet\u00ebr.<\/span><\/div>\n<\/td>\n<td><span style=\"color: #000000; font-family: helvetica; font-size: 12pt;\"><img decoding=\"async\" class=\"lazyload HAa Eha\" style=\"border-width: 1px; border-style: solid; margin: 10px auto; display: block;\" alt=\"\" src=\"data:image\/svg+xml,%3Csvg%20xmlns%3D%27http%3A%2F%2Fwww.w3.org%2F2000%2Fsvg%27%20width%3D%27346%27%20height%3D%27259%27%20viewBox%3D%270%200%20346%20259%27%3E%3Crect%20width%3D%27346%27%20height%3D%27259%27%20fill-opacity%3D%220%22%2F%3E%3C%2Fsvg%3E\" data-orig-src=\"https:\/\/lh4.googleusercontent.com\/-H0cIKhdt0nY\/VJF0tBW1DwI\/AAAAAAAAIL0\/Z9kUy57kBns\/w448-h336-no\/5%2Btekst%2B.jpg\" height=\"259\" width=\"346\" \/><\/span><\/td>\n<\/tr>\n<tr>\n<td>\n<p><span style=\"color: #000000; font-family: helvetica; font-size: 12pt;\"><img decoding=\"async\" class=\"lazyload HAa Eha\" style=\"border-width: 1px; border-style: solid; margin: 10px auto; display: block;\" alt=\"\" src=\"data:image\/svg+xml,%3Csvg%20xmlns%3D%27http%3A%2F%2Fwww.w3.org%2F2000%2Fsvg%27%20width%3D%27321%27%20height%3D%27241%27%20viewBox%3D%270%200%20321%20241%27%3E%3Crect%20width%3D%27321%27%20height%3D%27241%27%20fill-opacity%3D%220%22%2F%3E%3C%2Fsvg%3E\" data-orig-src=\"https:\/\/lh4.googleusercontent.com\/-QR3wM-vU8dg\/VJF0tg5b0RI\/AAAAAAAAIME\/7OemMB_BoKs\/w448-h336-no\/7%2Btekst%2B.jpg\" height=\"241\" width=\"321\" \/><\/span><\/p>\n<\/td>\n<td>\n<div style=\"text-align: justify;\"><span style=\"color: #000000; font-family: helvetica; font-size: 12pt;\">&nbsp;&nbsp;&nbsp; Padyshim fal\u00ebnderimi shkon edhe n\u00eb njer\u00ebz t\u00eb tjer\u00eb t\u00eb njohur e t\u00eb panjohur, q\u00eb gjat\u00eb k\u00ebtyre viteve e ndihmuan Kish\u00ebn ton\u00eb dhe komunitetin ton\u00eb p\u00ebr ta rind\u00ebrtuar p\u00ebrs\u00ebri nga hi\u00e7i&#8230;\u201d.<\/span><\/div>\n<div style=\"text-align: justify;\"><span style=\"color: #000000; font-family: helvetica; font-size: 12pt;\"> &nbsp;&nbsp;&nbsp; Dita e premte, 25 korrik filloi me Liturgjin\u00eb Hyjnore e cila mblodhi t\u00eb krishter\u00ebt orthodhoks\u00eb n\u00eb kish\u00ebn \u201cBurimi Jet\u00ebdh\u00ebn\u00ebs\u201d p\u00ebr t\u00eb fal\u00ebnderuar Per\u00ebndin\u00eb dhe p\u00ebr tu lutur s\u00eb bashku. Bashk\u00ebmeshuan Mitropolit i Beratit Hir\u00ebsi Ignati, Mitropolit i Gjirokastr\u00ebs Hir\u00ebsi Dhimitri, Mitropolit i Siatist\u00ebs Hir\u00ebsi Pavlos, klerik\u00eb e besimtar\u00eb nga Kor\u00e7a dhe rrethe t\u00eb tjera t\u00eb vendit.<\/span><\/div>\n<\/td>\n<\/tr>\n<tr>\n<td>\n<div style=\"text-align: justify;\"><span style=\"color: #000000; font-family: helvetica; font-size: 12pt;\">&nbsp;&nbsp;&nbsp; Mitropolit i Beratit, Hir\u00ebsi Ignati, pasi kujtoi aktivitete t\u00eb Hir\u00ebsi Joanit si prij\u00ebs shpirt\u00ebror dhe udh\u00ebheq\u00ebs brenda shoq\u00ebris\u00eb, me Hirin e Per\u00ebndis\u00eb dhe ndihm\u00ebn dhe pun\u00ebn titanike t\u00eb Kryepiskopit Anastas uroi: \u201cDuke fal\u00ebnderuar Zotin ju urojm\u00eb nga thell\u00ebsia e shpirtit sh\u00ebndet t\u00eb plot\u00eb, jet\u00eb t\u00eb gjat\u00eb, kryeprift\u00ebri t\u00eb shenjt\u00eb, q\u00eb t\u00eb g\u00ebzoni k\u00ebt\u00eb grigj\u00eb t\u00eb shenjt\u00eb q\u00eb ju rrethon dhe me aq mall, respekt e dashuri tregohet me ju bashk\u00eb me klerik\u00ebt drejtues dhe udh\u00ebheq\u00ebs. Suksese t\u00eb m\u00ebtejshme p\u00ebr arritje t\u00eb larta p\u00ebr lavdin\u00eb e Per\u00ebndis\u00eb, p\u00ebr t\u00eb mir\u00ebn e Kish\u00ebs dhe p\u00ebr dobin\u00eb tuaj shpirt\u00ebrore\u201d.<\/span><\/div>\n<\/td>\n<td><span style=\"color: #000000; font-family: helvetica; font-size: 12pt;\"><img decoding=\"async\" class=\"lazyload HAa Eha\" style=\"border-width: 1px; border-style: solid; margin: 10px auto; display: block;\" alt=\"\" src=\"data:image\/svg+xml,%3Csvg%20xmlns%3D%27http%3A%2F%2Fwww.w3.org%2F2000%2Fsvg%27%20width%3D%27359%27%20height%3D%27269%27%20viewBox%3D%270%200%20359%20269%27%3E%3Crect%20width%3D%27359%27%20height%3D%27269%27%20fill-opacity%3D%220%22%2F%3E%3C%2Fsvg%3E\" data-orig-src=\"https:\/\/lh3.googleusercontent.com\/-ScQcu9sKQtQ\/VJF0t_lFoqI\/AAAAAAAAIMQ\/kPbzQfLG9iM\/w448-h336-no\/8%2Btekst%2B.jpg\" height=\"269\" width=\"359\" \/><\/span><\/td>\n<\/tr>\n<tr>\n<td><span style=\"color: #000000; font-family: helvetica; font-size: 12pt;\"><img decoding=\"async\" class=\"lazyload HAa Eha\" style=\"border-width: 1px; border-style: solid; margin: 10px auto; display: block;\" alt=\"\" src=\"data:image\/svg+xml,%3Csvg%20xmlns%3D%27http%3A%2F%2Fwww.w3.org%2F2000%2Fsvg%27%20width%3D%27349%27%20height%3D%27262%27%20viewBox%3D%270%200%20349%20262%27%3E%3Crect%20width%3D%27349%27%20height%3D%27262%27%20fill-opacity%3D%220%22%2F%3E%3C%2Fsvg%3E\" data-orig-src=\"https:\/\/lh5.googleusercontent.com\/-EcsVKfWqB_Y\/VJF0uMzGZXI\/AAAAAAAAIMM\/E3tGYFHV2tg\/w448-h336-no\/9%2Btekst%2B.jpg\" height=\"262\" width=\"349\" \/><\/span><\/td>\n<td>\n<div style=\"text-align: justify;\"><span style=\"color: #000000; font-family: helvetica; font-size: 12pt;\">&nbsp;&nbsp;&nbsp; Episkop i Stiatir\u00ebs, Hir\u00ebsi Pavllos, pasi shrehu fal\u00ebnderimin ndaj Per\u00ebndis\u00eb dhe g\u00ebzimin p\u00ebr pranin\u00eb n\u00eb dit\u00ebn e 10 vjetorit t\u00eb fron\u00ebzimit t\u00eb Hir\u00ebsi Joanit dhe p\u00ebr pun\u00ebn e madhe q\u00eb ka b\u00ebr\u00eb Kryepiskopi Anastas p\u00ebr ringritjen e Sinodit tha: \u201c&#8230;Si episkop je nj\u00eb shenj\u00eb e q\u00ebnies s\u00eb Krishtit n\u00eb mes popullit t\u00eb vet. Sot, pas 10 vjet\u00ebsh vijm\u00eb q\u00eb t\u00eb mburremi me vepr\u00ebn, q\u00eb me Hirin e Per\u00ebndis\u00eb, keni realizuar. Shoh, sot, klerin orthodhoks q\u00eb ju ka v\u00ebn\u00eb n\u00eb mes dhe grigj\u00ebn q\u00eb ka mbushur k\u00ebt\u00eb kish\u00eb t\u00eb shenjt\u00eb.<\/span><\/div>\n<\/td>\n<\/tr>\n<tr>\n<td colspan=\"2\">\n<div style=\"text-align: justify;\"><span style=\"color: #000000; font-family: helvetica; font-size: 12pt;\"><span style=\"color: #000000;\"><\/span><\/span><\/p>\n<p style=\"text-align: justify;\"><span style=\"font-family: helvetica; font-size: 12pt;\"><\/span><\/p>\n<p><span style=\"color: #000000; font-family: helvetica; font-size: 12pt;\"><span style=\"color: #000000;\"><img decoding=\"async\" class=\"lazyload HAa Eha\" style=\"border-width: 1px; border-style: solid; margin: 10px; float: left; height: 192px; width: 300px;\" alt=\"\" src=\"data:image\/gif;base64,R0lGODlhAQABAAAAACH5BAEKAAEALAAAAAABAAEAAAICTAEAOw==\" data-orig-src=\"https:\/\/lh5.googleusercontent.com\/-NOkrCm_NkXE\/VJF0ucShtEI\/AAAAAAAAIMY\/DtLI2QRUEEk\/w640-h409-no\/hiresi%2BJoani%2C%2B10%2Bvjet%2Bkampi.JPG\" \/><\/span><\/span><\/p>\n<p style=\"text-align: justify;\"><span style=\"font-family: helvetica; font-size: 12pt;\">&nbsp; <span style=\"color: #000000;\">&nbsp; \u00cbsht\u00eb puna e baritimit tuaj t\u00eb shquar s\u00eb bashku me bashk\u00ebpun\u00ebtor\u00ebt e tu. Kisha e Krishtit \u00ebsht\u00eb nj\u00eb kudo. Ne g\u00ebzohemi me g\u00ebzimin tuaj dhe mburremi me sukseset n\u00eb pun\u00ebn tuaj. Lavd\u00ebrojm\u00eb Zotin q\u00eb jemi edhe ne sot k\u00ebtu edhe g\u00ebzohemi me g\u00ebzimin tuaj.<\/span><\/span><\/p>\n<p><span style=\"color: #000000; font-family: helvetica; font-size: 12pt;\"><\/span><\/p>\n<div style=\"text-align: justify;\"><span style=\"color: #000000; font-family: helvetica; font-size: 12pt;\">&nbsp;&nbsp;&nbsp; Mitropolit i Gjirokastr\u00ebs, Hir\u00ebsi Dhimitri, nd\u00ebr t\u00eb tjera n\u00eb fjal\u00ebn e tij p\u00ebrsh\u00ebndet\u00ebse tha: \u201c&#8230;N\u00eb nj\u00eb dit\u00eb si kjo \u00ebsht\u00eb rasti t\u00eb lavd\u00ebrojm\u00eb Per\u00ebndin\u00eb dhe t\u00eb kujtojm\u00eb si erdh\u00ebm deri k\u00ebtu.<br \/>&nbsp;&nbsp; &nbsp;<br \/>&nbsp; &nbsp; Ishte Kryepiskopi yn\u00eb, Fortlumturia e Tij, Imzot Anastasi, q\u00eb me nj\u00eb vullnet t\u00eb hekurt, me men\u00e7uri t\u00eb rrall\u00eb dhe kryesisht me dashuri t\u00eb pamas\u00eb p\u00ebrqafoi k\u00ebt\u00eb Kish\u00eb t\u00eb munduar dhe i dha asaj vizionin e Krishtit t\u00eb Ngjallur dhe krijoi k\u00ebt\u00eb atmosfer\u00eb ngjall\u00ebsore n\u00eb \u00e7do enori dhe cep t\u00eb k\u00ebtij vendi dhe i dha dit\u00eb lavdie, q\u00eb shekuj Orthodhoksia nuk kishte njohur n\u00eb k\u00ebto treva. Dhe n\u00eb kuadrin e k\u00ebtyre nd\u00ebrhyrjeve t\u00eb tij p\u00ebr ringritjen dhe ringjalljen, nj\u00eb kujdes i ve\u00e7ant\u00eb ishte ai p\u00ebr p\u00ebrgatitjen e kuadrove dhe kryesisht t\u00eb klerit orthodhoks nga radh\u00ebt e besimtar\u00ebve vendas. \u00cbsht\u00eb rasti t\u00eb tregojm\u00eb se nj\u00eb nga p\u00ebrkujdesjet e ve\u00e7anta t\u00eb Kryepiskopit ishte pik\u00ebrisht respekti ndaj dinjitetit t\u00eb \u00e7do personi dhe mb\u00ebshtetja ndaj Kish\u00ebs son\u00eb q\u00eb po ngrihej pik\u00ebrisht nga elementi vendas. N\u00eb k\u00ebt\u00eb m\u00ebnyr\u00eb duke ruajtur ekuilibra t\u00eb brisht\u00eb, q\u00eb t\u00eb gjith\u00eb i kemi parasysh, arrit\u00ebm q\u00eb t\u00eb festojm\u00eb p\u00ebrvjetorin e 10-t\u00eb t\u00eb fron\u00ebzimit tuaj Hir\u00ebsi i dashur, v\u00eblla Joan dhe nj\u00ebkoh\u00ebsisht t\u00eb kremtojm\u00eb edhe 10 vjetorin e ringritjes s\u00eb Sinodit Kanonik t\u00eb Kish\u00ebs Orthodhokse Autoqefale t\u00eb Shqip\u00ebris\u00eb.<\/span><\/div>\n<p><span style=\"color: #000000; font-family: helvetica; font-size: 12pt;\"><\/span><\/p>\n<div style=\"text-align: justify;\"><span style=\"color: #000000; font-family: helvetica; font-size: 12pt;\"><img decoding=\"async\" class=\"lazyload HAa Eha\" style=\"border-width: 1px; border-style: solid; margin: 10px; float: left; height: 225px; width: 300px;\" alt=\"\" src=\"data:image\/gif;base64,R0lGODlhAQABAAAAACH5BAEKAAEALAAAAAABAAEAAAICTAEAOw==\" data-orig-src=\"https:\/\/lh5.googleusercontent.com\/-vfwfJvU9MT0\/VJF089H9ERI\/AAAAAAAAINA\/tjREofgCwhg\/w448-h336-no\/poshte%2B1%2B.jpg\" \/><\/span><\/div>\n<div style=\"text-align: justify;\"><span style=\"color: #000000; font-family: helvetica; font-size: 12pt;\"><\/span><\/div>\n<div style=\"text-align: justify;\"><span style=\"color: #000000; font-family: helvetica; font-size: 12pt;\">&nbsp;&nbsp;&nbsp; Ishte hapi tjet\u00ebr i r\u00ebnd\u00ebsish\u00ebm i Kish\u00ebs son\u00eb pas ardhjes s\u00eb Kryepiskopit, si\u00e7 thash\u00eb m\u00eb lart, q\u00eb tregon se \u00e7far\u00eb mrekullish b\u00ebn Per\u00ebndia duke d\u00ebgjuar lutjen ton\u00eb dhe \u00e7far\u00eb ndryshime b\u00ebn n\u00eb jet\u00ebn e njeriut kur njeriu i bindet vullnetit t\u00eb Tij me gjith\u00eb zem\u00ebr. Besoj se ky \u00ebsht\u00eb shembulli q\u00eb i jep brezit t\u00eb ri t\u00eb Kish\u00ebs son\u00eb Mitropoliti i Kor\u00e7\u00ebs Hir\u00ebsi Joani. Nj\u00eb njeri q\u00eb me besimin e tij tek Per\u00ebndia Triadik, duke ecur n\u00eb rrug\u00ebn e Orthodhoksis\u00eb me m\u00ebsimet e urta t\u00eb Kryepiskopit Anastas u denj\u00ebsua n\u00eb grad\u00ebn m\u00eb t\u00eb lart\u00eb t\u00eb kryeprift\u00ebris\u00eb, at\u00eb t\u00eb episkopit. T\u00eb episkopit t\u00eb nj\u00eb grigje me tradit\u00eb t\u00eb lasht\u00eb, me p\u00ebrkushtim dhe me rr\u00ebnj\u00eb t\u00eb thella n\u00eb besimin ton\u00eb. V\u00eblla i dashur m\u00eb Krishtin puna q\u00eb b\u00ebn n\u00eb vreshtin e Per\u00ebndis\u00eb ton\u00eb \u00ebsht\u00eb e njohur prej Krishtit, por vepr\u00ebn tuaj dhe t\u00eb njer\u00ebzve q\u00eb ju mb\u00ebshtesni e sheh grigja juaj. Kisha madh\u00ebshtore e \u201cNgjalljes s\u00eb Krishtit\u201d dhe kjo kish\u00eb k\u00ebtu, ku \u00e7do t\u00eb diel kryet Liturgjia Hyjnore, jan\u00eb d\u00ebshmi kuptimplot\u00eb p\u00ebr k\u00ebt\u00eb intensitet t\u00eb madh n\u00eb t\u00eb cil\u00ebn ngjallet Kisha jon\u00eb.<\/span><\/div>\n<p><span style=\"color: #000000; font-family: helvetica; font-size: 12pt;\"><\/span><\/p>\n<div style=\"text-align: justify;\"><span style=\"color: #000000; font-family: helvetica; font-size: 12pt;\"><img decoding=\"async\" class=\"lazyload HAa Eha\" style=\"border-width: 1px; border-style: solid; margin: 10px; float: right; height: 225px; width: 300px;\" alt=\"\" src=\"data:image\/gif;base64,R0lGODlhAQABAAAAACH5BAEKAAEALAAAAAABAAEAAAICTAEAOw==\" data-orig-src=\"https:\/\/lh3.googleusercontent.com\/-n2IYP20I1yY\/VJF088a5glI\/AAAAAAAAINE\/duEDjggGdnY\/w448-h336-no\/poshte%2B2.jpg\" \/><\/span><\/div>\n<div style=\"text-align: justify;\"><span style=\"color: #000000; font-family: helvetica; font-size: 12pt;\"><\/span><\/div>\n<div style=\"text-align: justify;\"><span style=\"font-family: helvetica; font-size: 12pt;\"><\/span><\/div>\n<div style=\"text-align: justify;\"><span style=\"color: #000000; font-family: helvetica; font-size: 12pt;\">&nbsp;&nbsp;&nbsp; Nd\u00ebrsa At\u00eb Ilia Kotnani klerik n\u00eb Mitropolin\u00eb e Kor\u00e7\u00ebs n\u00eb fjal\u00ebn p\u00ebrsh\u00ebndet\u00ebse tha nd\u00ebr t\u00eb tjera: \u201c&#8230;Kushdo q\u00eb \u00ebsht\u00eb i njohur me biografin\u00eb e Mitropolitit \u00ebsht\u00eb i bindur q\u00eb ndodhet p\u00ebrball\u00eb nj\u00eb personaliteti q\u00eb g\u00ebzon nj\u00eb prestigj t\u00eb lart\u00eb n\u00eb mbar\u00eb dioqez\u00ebn ton\u00eb dhe n\u00eb mbar\u00eb K.O.A.SH-in. Kontributi i tij i \u00e7muar si studiues, p\u00ebrkthyes, autor i disa librave, kumtesave tregon se ai \u00ebsht\u00eb vler\u00ebsuar drejt p\u00ebr vlerat dhe aft\u00ebsit\u00eb e tij me vendimin q\u00eb u mor duke u b\u00ebr\u00eb an\u00ebtar i Sinodit t\u00eb Shenjt\u00eb dhe Mitropolit n\u00eb nj\u00eb qytet me vlera dhe me tradit\u00eb n\u00eb besim, djep i kultur\u00ebs n\u00eb Shqip\u00ebri dhe m\u00eb tep\u00ebr n\u00eb nj\u00eb Kish\u00eb t\u00eb shkat\u00ebrruar dhe me pak shpresa p\u00ebr t u ngritur vet\u00eb. Imzot Joani ka patur dhe ka fatin e madh q\u00eb n\u00eb krye t\u00eb Kish\u00ebs t\u00eb ket\u00eb arkitektin, udh\u00ebheq\u00ebsin dhe frym\u00ebzuesin e ringjalljes s\u00eb saj, Kryepiskopin Anastas. Q\u00eb t\u00eb tre s\u00eb bashku me Imzot Ignatin dhe t\u00eb ndjerin episkopin Kozma u b\u00ebn\u00eb shtylla t\u00eb forta dhe garanci mb\u00ebshtet\u00ebse p\u00ebr t\u00eb ardhmen&#8230;\u201d.<\/span><\/div>\n<p><span style=\"color: #000000; font-family: helvetica; font-size: 12pt;\"><\/span><\/p>\n<div style=\"text-align: justify;\"><span style=\"color: #000000; font-family: helvetica; font-size: 12pt;\">&nbsp;&nbsp;&nbsp; P\u00ebrsh\u00ebndet\u00ebn gjithashtu: Arkimandrit Kozma Sovjani n\u00eb em\u00ebr t\u00eb Episkopit t\u00eb Apolonis\u00eb, Hir\u00ebsi Nikoll\u00ebs dhe t\u00eb gjith\u00eb Akademis\u00eb Teologjike \u201cNgjallja e Krishtit\u201d n\u00eb Sh\u00ebn Vlash t\u00eb Durr\u00ebsit, duke kujtuar q\u00eb Hir\u00ebsi Joani ka qen\u00eb pedagog dhe drejtor i k\u00ebsaj Akademie. Dhe n\u00eb vazhdim p\u00ebrsh\u00ebndet\u00ebn grupi i t\u00eb rinjve orthodhoks\u00eb t\u00eb dioqez\u00ebs s\u00eb Kor\u00e7\u00ebs, shoqata \u201cV\u00ebllaz\u00ebria Vithkuqase\u201d, grupi i grave orthodhokse t\u00eb Tiran\u00ebs, grupi i grave orthodhokse t\u00eb Kor\u00e7\u00ebs, f\u00ebmij\u00ebt e korit t\u00eb katedrales s\u00eb Kor\u00e7\u00ebs, vajzat e kampit veror \u201cBariu i Mir\u00eb\u201d, p\u00ebrfaq\u00ebsues nga kleri i Mitropolis\u00eb s\u00eb Beratit. N\u00eb liturgji ishin t\u00eb pranish\u00ebm: Kryetari i Bashkis\u00eb, Prefektja e Qarkut, Kryetarja e K\u00ebshillit Bashkiak, Konsulli i Greqis\u00eb n\u00eb Kor\u00e7\u00eb, p\u00ebrfaq\u00ebsues nga Komuniteti Mysliman etj.<\/span><\/div>\n<p><span style=\"color: #000000; font-family: helvetica; font-size: 12pt;\"><\/span><\/p>\n<div style=\"text-align: justify;\"><span style=\"color: #000000; font-family: helvetica; font-size: 12pt;\">&nbsp;&nbsp;&nbsp;&nbsp; Hir\u00ebsi Joani fal\u00ebnderoi p\u00ebr ngroht\u00ebsin\u00eb dhe dashurin\u00eb si edhe p\u00ebr dhuratat q\u00eb mori, pasi \u201c&#8230;dhurata buron nga zemra\u201d tha ai. M\u00eb pas p\u00ebr t\u00eb gjith\u00eb t\u00eb pranishmit u organizua nj\u00eb koktej.<br \/>&nbsp;&nbsp; &nbsp;<\/p>\n<p>&nbsp;&nbsp;&nbsp;&nbsp;&nbsp;<strong>Julia Lila (Pjetri)<\/strong><\/span><\/div>\n<p><span style=\"color: #000000; font-family: helvetica; font-size: 12pt;\"><\/span><\/p>\n<p style=\"font-family: Verdana, Arial, Helvetica, sans-serif; font-size: 11px; line-height: 24px; text-align: start;\"><span style=\"color: #000000; font-family: helvetica; font-size: 12pt;\"><\/span><\/p>\n<p><span style=\"color: #000000; font-family: helvetica; font-size: 12pt;\"><\/span><\/div>\n<\/td>\n<\/tr>\n<\/tbody>\n<\/table>\n<p>&nbsp;<\/p>\n","protected":false},"excerpt":{"rendered":"<p>&nbsp; &nbsp; Data 25 korrik 2008 sh\u00ebnoi 10 vjetorin e fron\u00ebzimit t\u00eb Mitropolitit t\u00eb Kor\u00e7\u00ebs, Pogradecit, Kolonj\u00ebs, Devollit dhe Voskopoj\u00ebs, Hir\u00ebsi Joanit. Me k\u00ebt\u00eb rast t\u00eb enjten n\u00eb mbr\u00ebmje dt. 24 korrik, n\u00eb sall\u00ebn e koncerteve t\u00eb Katedrales, n\u00eb k\u00ebt\u00eb qytet u organizua nj\u00eb koncert. Ishin t\u00eb ftuar dhe mor\u00ebn pjes\u00eb Kryetari i Bashkis\u00eb Niko Peleshi, Prefektja e Qarkut Elfrida Zefi, Kryetari i Qarkut Ilia<\/p>\n","protected":false},"author":1,"featured_media":0,"comment_status":"open","ping_status":"open","sticky":false,"template":"","format":"standard","meta":{"_acf_changed":false,"pagelayer_contact_templates":[],"_pagelayer_content":"","inline_featured_image":false,"fifu_image_url":"","fifu_image_alt":"","footnotes":""},"categories":[108],"tags":[146,157,212,181],"class_list":["post-538","post","type-post","status-publish","format-standard","hentry","category-lajme","tag-146","tag-kremtime","tag-lajme-d27","tag-korce"],"acf":[],"yoast_head":"<!-- This site is optimized with the Yoast SEO plugin v27.2 - https:\/\/yoast.com\/product\/yoast-seo-wordpress\/ -->\n<title>Festohet 10 vjetori i Fron\u00ebzimit t\u00eb Hir\u00ebsi Joanit si Mitropolit i Kor\u00e7\u00ebs. (2008) - Kisha Orthodh\u03bfkse Autoqefale e Shqip\u00ebris\u00eb<\/title>\n<meta name=\"robots\" content=\"index, follow, max-snippet:-1, max-image-preview:large, max-video-preview:-1\" \/>\n<link rel=\"canonical\" href=\"https:\/\/orthodoxalbania.org\/2020\/2008\/02\/26\/festohet-10-vjetori-i-fronezimit-te-hiresi-joanit-si-mitropolit-i-korces-2008\/\" \/>\n<meta property=\"og:locale\" content=\"en_US\" \/>\n<meta property=\"og:type\" content=\"article\" \/>\n<meta property=\"og:title\" content=\"Festohet 10 vjetori i Fron\u00ebzimit t\u00eb Hir\u00ebsi Joanit si Mitropolit i Kor\u00e7\u00ebs. (2008) - Kisha Orthodh\u03bfkse Autoqefale e Shqip\u00ebris\u00eb\" \/>\n<meta property=\"og:description\" content=\"&nbsp; &nbsp; Data 25 korrik 2008 sh\u00ebnoi 10 vjetorin e fron\u00ebzimit t\u00eb Mitropolitit t\u00eb Kor\u00e7\u00ebs, Pogradecit, Kolonj\u00ebs, Devollit dhe Voskopoj\u00ebs, Hir\u00ebsi Joanit. Me k\u00ebt\u00eb rast t\u00eb enjten n\u00eb mbr\u00ebmje dt. 24 korrik, n\u00eb sall\u00ebn e koncerteve t\u00eb Katedrales, n\u00eb k\u00ebt\u00eb qytet u organizua nj\u00eb koncert. Ishin t\u00eb ftuar dhe mor\u00ebn pjes\u00eb Kryetari i Bashkis\u00eb Niko Peleshi, Prefektja e Qarkut Elfrida Zefi, Kryetari i Qarkut Ilia\" \/>\n<meta property=\"og:url\" content=\"https:\/\/orthodoxalbania.org\/2020\/2008\/02\/26\/festohet-10-vjetori-i-fronezimit-te-hiresi-joanit-si-mitropolit-i-korces-2008\/\" \/>\n<meta property=\"og:site_name\" content=\"Kisha Orthodh\u03bfkse Autoqefale e Shqip\u00ebris\u00eb\" \/>\n<meta property=\"article:publisher\" content=\"https:\/\/www.facebook.com\/koash1991\" \/>\n<meta property=\"article:published_time\" content=\"2008-02-26T00:00:00+00:00\" \/>\n<meta property=\"article:modified_time\" content=\"2020-04-06T20:35:16+00:00\" \/>\n<meta property=\"og:image\" content=\"https:\/\/lh5.googleusercontent.com\/-LYY7kKRGou8\/VJF0snXU8HI\/AAAAAAAAIMc\/l1Qv8eoFPyo\/w448-h336-no\/1%2Btekst%2B.jpg\" \/>\n<meta name=\"author\" content=\"Kisha Orthodhokse\" \/>\n<meta name=\"twitter:card\" content=\"summary_large_image\" \/>\n<meta name=\"twitter:label1\" content=\"Written by\" \/>\n\t<meta name=\"twitter:data1\" content=\"Kisha Orthodhokse\" \/>\n\t<meta name=\"twitter:label2\" content=\"Est. reading time\" \/>\n\t<meta name=\"twitter:data2\" content=\"10 minutes\" \/>\n<script type=\"application\/ld+json\" class=\"yoast-schema-graph\">{\"@context\":\"https:\/\/schema.org\",\"@graph\":[{\"@type\":\"Article\",\"@id\":\"https:\/\/orthodoxalbania.org\/2020\/2008\/02\/26\/festohet-10-vjetori-i-fronezimit-te-hiresi-joanit-si-mitropolit-i-korces-2008\/#article\",\"isPartOf\":{\"@id\":\"https:\/\/orthodoxalbania.org\/2020\/2008\/02\/26\/festohet-10-vjetori-i-fronezimit-te-hiresi-joanit-si-mitropolit-i-korces-2008\/\"},\"author\":{\"name\":\"Kisha Orthodhokse\",\"@id\":\"https:\/\/orthodoxalbania.org\/2020\/#\/schema\/person\/0c387634a7063ac612d7ed9ce71c7e86\"},\"headline\":\"Festohet 10 vjetori i Fron\u00ebzimit t\u00eb Hir\u00ebsi Joanit si Mitropolit i Kor\u00e7\u00ebs. (2008)\",\"datePublished\":\"2008-02-26T00:00:00+00:00\",\"dateModified\":\"2020-04-06T20:35:16+00:00\",\"mainEntityOfPage\":{\"@id\":\"https:\/\/orthodoxalbania.org\/2020\/2008\/02\/26\/festohet-10-vjetori-i-fronezimit-te-hiresi-joanit-si-mitropolit-i-korces-2008\/\"},\"wordCount\":1990,\"commentCount\":0,\"publisher\":{\"@id\":\"https:\/\/orthodoxalbania.org\/2020\/#organization\"},\"image\":{\"@id\":\"https:\/\/orthodoxalbania.org\/2020\/2008\/02\/26\/festohet-10-vjetori-i-fronezimit-te-hiresi-joanit-si-mitropolit-i-korces-2008\/#primaryimage\"},\"thumbnailUrl\":\"https:\/\/lh5.googleusercontent.com\/-LYY7kKRGou8\/VJF0snXU8HI\/AAAAAAAAIMc\/l1Qv8eoFPyo\/w448-h336-no\/1%2Btekst%2B.jpg\",\"keywords\":[\"2008\",\"Kremtime\",\"lajme\",\"Mitropolia Kor\u00e7\u00eb\"],\"articleSection\":[\"Lajme\"],\"inLanguage\":\"en-US\"},{\"@type\":\"WebPage\",\"@id\":\"https:\/\/orthodoxalbania.org\/2020\/2008\/02\/26\/festohet-10-vjetori-i-fronezimit-te-hiresi-joanit-si-mitropolit-i-korces-2008\/\",\"url\":\"https:\/\/orthodoxalbania.org\/2020\/2008\/02\/26\/festohet-10-vjetori-i-fronezimit-te-hiresi-joanit-si-mitropolit-i-korces-2008\/\",\"name\":\"Festohet 10 vjetori i Fron\u00ebzimit t\u00eb Hir\u00ebsi Joanit si Mitropolit i Kor\u00e7\u00ebs. (2008) - Kisha Orthodh\u03bfkse Autoqefale e Shqip\u00ebris\u00eb\",\"isPartOf\":{\"@id\":\"https:\/\/orthodoxalbania.org\/2020\/#website\"},\"primaryImageOfPage\":{\"@id\":\"https:\/\/orthodoxalbania.org\/2020\/2008\/02\/26\/festohet-10-vjetori-i-fronezimit-te-hiresi-joanit-si-mitropolit-i-korces-2008\/#primaryimage\"},\"image\":{\"@id\":\"https:\/\/orthodoxalbania.org\/2020\/2008\/02\/26\/festohet-10-vjetori-i-fronezimit-te-hiresi-joanit-si-mitropolit-i-korces-2008\/#primaryimage\"},\"thumbnailUrl\":\"https:\/\/lh5.googleusercontent.com\/-LYY7kKRGou8\/VJF0snXU8HI\/AAAAAAAAIMc\/l1Qv8eoFPyo\/w448-h336-no\/1%2Btekst%2B.jpg\",\"datePublished\":\"2008-02-26T00:00:00+00:00\",\"dateModified\":\"2020-04-06T20:35:16+00:00\",\"breadcrumb\":{\"@id\":\"https:\/\/orthodoxalbania.org\/2020\/2008\/02\/26\/festohet-10-vjetori-i-fronezimit-te-hiresi-joanit-si-mitropolit-i-korces-2008\/#breadcrumb\"},\"inLanguage\":\"en-US\",\"potentialAction\":[{\"@type\":\"ReadAction\",\"target\":[\"https:\/\/orthodoxalbania.org\/2020\/2008\/02\/26\/festohet-10-vjetori-i-fronezimit-te-hiresi-joanit-si-mitropolit-i-korces-2008\/\"]}]},{\"@type\":\"ImageObject\",\"inLanguage\":\"en-US\",\"@id\":\"https:\/\/orthodoxalbania.org\/2020\/2008\/02\/26\/festohet-10-vjetori-i-fronezimit-te-hiresi-joanit-si-mitropolit-i-korces-2008\/#primaryimage\",\"url\":\"https:\/\/lh5.googleusercontent.com\/-LYY7kKRGou8\/VJF0snXU8HI\/AAAAAAAAIMc\/l1Qv8eoFPyo\/w448-h336-no\/1%2Btekst%2B.jpg\",\"contentUrl\":\"https:\/\/lh5.googleusercontent.com\/-LYY7kKRGou8\/VJF0snXU8HI\/AAAAAAAAIMc\/l1Qv8eoFPyo\/w448-h336-no\/1%2Btekst%2B.jpg\"},{\"@type\":\"BreadcrumbList\",\"@id\":\"https:\/\/orthodoxalbania.org\/2020\/2008\/02\/26\/festohet-10-vjetori-i-fronezimit-te-hiresi-joanit-si-mitropolit-i-korces-2008\/#breadcrumb\",\"itemListElement\":[{\"@type\":\"ListItem\",\"position\":1,\"name\":\"Home\",\"item\":\"https:\/\/orthodoxalbania.org\/2020\/\"},{\"@type\":\"ListItem\",\"position\":2,\"name\":\"Festohet 10 vjetori i Fron\u00ebzimit t\u00eb Hir\u00ebsi Joanit si Mitropolit i Kor\u00e7\u00ebs. (2008)\"}]},{\"@type\":\"WebSite\",\"@id\":\"https:\/\/orthodoxalbania.org\/2020\/#website\",\"url\":\"https:\/\/orthodoxalbania.org\/2020\/\",\"name\":\"Kisha Orthodh\u03bfkse Autoqefale e Shqip\u00ebris\u00eb\",\"description\":\"Fqja Zyrtare e Kish\u00ebs Orthodhokse Autoqefale e Shqip\u00ebris\u00eb me lajmet edhe informacionet zyrtare p\u00ebr struktur\u00ebn edhe veprimtarin e saj.\",\"publisher\":{\"@id\":\"https:\/\/orthodoxalbania.org\/2020\/#organization\"},\"potentialAction\":[{\"@type\":\"SearchAction\",\"target\":{\"@type\":\"EntryPoint\",\"urlTemplate\":\"https:\/\/orthodoxalbania.org\/2020\/?s={search_term_string}\"},\"query-input\":{\"@type\":\"PropertyValueSpecification\",\"valueRequired\":true,\"valueName\":\"search_term_string\"}}],\"inLanguage\":\"en-US\"},{\"@type\":\"Organization\",\"@id\":\"https:\/\/orthodoxalbania.org\/2020\/#organization\",\"name\":\"Kisha Orthodhokse Autoqefale e Shqip\u00ebris\u00eb\",\"url\":\"https:\/\/orthodoxalbania.org\/2020\/\",\"logo\":{\"@type\":\"ImageObject\",\"inLanguage\":\"en-US\",\"@id\":\"https:\/\/orthodoxalbania.org\/2020\/#\/schema\/logo\/image\/\",\"url\":\"https:\/\/orthodoxalbania.org\/2020\/wp-content\/uploads\/2020\/05\/albania.jpeg\",\"contentUrl\":\"https:\/\/orthodoxalbania.org\/2020\/wp-content\/uploads\/2020\/05\/albania.jpeg\",\"width\":540,\"height\":540,\"caption\":\"Kisha Orthodhokse Autoqefale e Shqip\u00ebris\u00eb\"},\"image\":{\"@id\":\"https:\/\/orthodoxalbania.org\/2020\/#\/schema\/logo\/image\/\"},\"sameAs\":[\"https:\/\/www.facebook.com\/koash1991\"]},{\"@type\":\"Person\",\"@id\":\"https:\/\/orthodoxalbania.org\/2020\/#\/schema\/person\/0c387634a7063ac612d7ed9ce71c7e86\",\"name\":\"Kisha Orthodhokse\",\"image\":{\"@type\":\"ImageObject\",\"inLanguage\":\"en-US\",\"@id\":\"https:\/\/secure.gravatar.com\/avatar\/596e7c417251e30f2fbb9c00e026fce61a695a00e51c889caded71c96cbbdde5?s=96&d=mm&r=g\",\"url\":\"https:\/\/secure.gravatar.com\/avatar\/596e7c417251e30f2fbb9c00e026fce61a695a00e51c889caded71c96cbbdde5?s=96&d=mm&r=g\",\"contentUrl\":\"https:\/\/secure.gravatar.com\/avatar\/596e7c417251e30f2fbb9c00e026fce61a695a00e51c889caded71c96cbbdde5?s=96&d=mm&r=g\",\"caption\":\"Kisha Orthodhokse\"}}]}<\/script>\n<!-- \/ Yoast SEO plugin. -->","yoast_head_json":{"title":"Festohet 10 vjetori i Fron\u00ebzimit t\u00eb Hir\u00ebsi Joanit si Mitropolit i Kor\u00e7\u00ebs. (2008) - Kisha Orthodh\u03bfkse Autoqefale e Shqip\u00ebris\u00eb","robots":{"index":"index","follow":"follow","max-snippet":"max-snippet:-1","max-image-preview":"max-image-preview:large","max-video-preview":"max-video-preview:-1"},"canonical":"https:\/\/orthodoxalbania.org\/2020\/2008\/02\/26\/festohet-10-vjetori-i-fronezimit-te-hiresi-joanit-si-mitropolit-i-korces-2008\/","og_locale":"en_US","og_type":"article","og_title":"Festohet 10 vjetori i Fron\u00ebzimit t\u00eb Hir\u00ebsi Joanit si Mitropolit i Kor\u00e7\u00ebs. (2008) - Kisha Orthodh\u03bfkse Autoqefale e Shqip\u00ebris\u00eb","og_description":"&nbsp; &nbsp; Data 25 korrik 2008 sh\u00ebnoi 10 vjetorin e fron\u00ebzimit t\u00eb Mitropolitit t\u00eb Kor\u00e7\u00ebs, Pogradecit, Kolonj\u00ebs, Devollit dhe Voskopoj\u00ebs, Hir\u00ebsi Joanit. Me k\u00ebt\u00eb rast t\u00eb enjten n\u00eb mbr\u00ebmje dt. 24 korrik, n\u00eb sall\u00ebn e koncerteve t\u00eb Katedrales, n\u00eb k\u00ebt\u00eb qytet u organizua nj\u00eb koncert. Ishin t\u00eb ftuar dhe mor\u00ebn pjes\u00eb Kryetari i Bashkis\u00eb Niko Peleshi, Prefektja e Qarkut Elfrida Zefi, Kryetari i Qarkut Ilia","og_url":"https:\/\/orthodoxalbania.org\/2020\/2008\/02\/26\/festohet-10-vjetori-i-fronezimit-te-hiresi-joanit-si-mitropolit-i-korces-2008\/","og_site_name":"Kisha Orthodh\u03bfkse Autoqefale e Shqip\u00ebris\u00eb","article_publisher":"https:\/\/www.facebook.com\/koash1991","article_published_time":"2008-02-26T00:00:00+00:00","article_modified_time":"2020-04-06T20:35:16+00:00","og_image":[{"url":"https:\/\/lh5.googleusercontent.com\/-LYY7kKRGou8\/VJF0snXU8HI\/AAAAAAAAIMc\/l1Qv8eoFPyo\/w448-h336-no\/1%2Btekst%2B.jpg","type":"","width":"","height":""}],"author":"Kisha Orthodhokse","twitter_card":"summary_large_image","twitter_misc":{"Written by":"Kisha Orthodhokse","Est. reading time":"10 minutes"},"schema":{"@context":"https:\/\/schema.org","@graph":[{"@type":"Article","@id":"https:\/\/orthodoxalbania.org\/2020\/2008\/02\/26\/festohet-10-vjetori-i-fronezimit-te-hiresi-joanit-si-mitropolit-i-korces-2008\/#article","isPartOf":{"@id":"https:\/\/orthodoxalbania.org\/2020\/2008\/02\/26\/festohet-10-vjetori-i-fronezimit-te-hiresi-joanit-si-mitropolit-i-korces-2008\/"},"author":{"name":"Kisha Orthodhokse","@id":"https:\/\/orthodoxalbania.org\/2020\/#\/schema\/person\/0c387634a7063ac612d7ed9ce71c7e86"},"headline":"Festohet 10 vjetori i Fron\u00ebzimit t\u00eb Hir\u00ebsi Joanit si Mitropolit i Kor\u00e7\u00ebs. (2008)","datePublished":"2008-02-26T00:00:00+00:00","dateModified":"2020-04-06T20:35:16+00:00","mainEntityOfPage":{"@id":"https:\/\/orthodoxalbania.org\/2020\/2008\/02\/26\/festohet-10-vjetori-i-fronezimit-te-hiresi-joanit-si-mitropolit-i-korces-2008\/"},"wordCount":1990,"commentCount":0,"publisher":{"@id":"https:\/\/orthodoxalbania.org\/2020\/#organization"},"image":{"@id":"https:\/\/orthodoxalbania.org\/2020\/2008\/02\/26\/festohet-10-vjetori-i-fronezimit-te-hiresi-joanit-si-mitropolit-i-korces-2008\/#primaryimage"},"thumbnailUrl":"https:\/\/lh5.googleusercontent.com\/-LYY7kKRGou8\/VJF0snXU8HI\/AAAAAAAAIMc\/l1Qv8eoFPyo\/w448-h336-no\/1%2Btekst%2B.jpg","keywords":["2008","Kremtime","lajme","Mitropolia Kor\u00e7\u00eb"],"articleSection":["Lajme"],"inLanguage":"en-US"},{"@type":"WebPage","@id":"https:\/\/orthodoxalbania.org\/2020\/2008\/02\/26\/festohet-10-vjetori-i-fronezimit-te-hiresi-joanit-si-mitropolit-i-korces-2008\/","url":"https:\/\/orthodoxalbania.org\/2020\/2008\/02\/26\/festohet-10-vjetori-i-fronezimit-te-hiresi-joanit-si-mitropolit-i-korces-2008\/","name":"Festohet 10 vjetori i Fron\u00ebzimit t\u00eb Hir\u00ebsi Joanit si Mitropolit i Kor\u00e7\u00ebs. (2008) - Kisha Orthodh\u03bfkse Autoqefale e Shqip\u00ebris\u00eb","isPartOf":{"@id":"https:\/\/orthodoxalbania.org\/2020\/#website"},"primaryImageOfPage":{"@id":"https:\/\/orthodoxalbania.org\/2020\/2008\/02\/26\/festohet-10-vjetori-i-fronezimit-te-hiresi-joanit-si-mitropolit-i-korces-2008\/#primaryimage"},"image":{"@id":"https:\/\/orthodoxalbania.org\/2020\/2008\/02\/26\/festohet-10-vjetori-i-fronezimit-te-hiresi-joanit-si-mitropolit-i-korces-2008\/#primaryimage"},"thumbnailUrl":"https:\/\/lh5.googleusercontent.com\/-LYY7kKRGou8\/VJF0snXU8HI\/AAAAAAAAIMc\/l1Qv8eoFPyo\/w448-h336-no\/1%2Btekst%2B.jpg","datePublished":"2008-02-26T00:00:00+00:00","dateModified":"2020-04-06T20:35:16+00:00","breadcrumb":{"@id":"https:\/\/orthodoxalbania.org\/2020\/2008\/02\/26\/festohet-10-vjetori-i-fronezimit-te-hiresi-joanit-si-mitropolit-i-korces-2008\/#breadcrumb"},"inLanguage":"en-US","potentialAction":[{"@type":"ReadAction","target":["https:\/\/orthodoxalbania.org\/2020\/2008\/02\/26\/festohet-10-vjetori-i-fronezimit-te-hiresi-joanit-si-mitropolit-i-korces-2008\/"]}]},{"@type":"ImageObject","inLanguage":"en-US","@id":"https:\/\/orthodoxalbania.org\/2020\/2008\/02\/26\/festohet-10-vjetori-i-fronezimit-te-hiresi-joanit-si-mitropolit-i-korces-2008\/#primaryimage","url":"https:\/\/lh5.googleusercontent.com\/-LYY7kKRGou8\/VJF0snXU8HI\/AAAAAAAAIMc\/l1Qv8eoFPyo\/w448-h336-no\/1%2Btekst%2B.jpg","contentUrl":"https:\/\/lh5.googleusercontent.com\/-LYY7kKRGou8\/VJF0snXU8HI\/AAAAAAAAIMc\/l1Qv8eoFPyo\/w448-h336-no\/1%2Btekst%2B.jpg"},{"@type":"BreadcrumbList","@id":"https:\/\/orthodoxalbania.org\/2020\/2008\/02\/26\/festohet-10-vjetori-i-fronezimit-te-hiresi-joanit-si-mitropolit-i-korces-2008\/#breadcrumb","itemListElement":[{"@type":"ListItem","position":1,"name":"Home","item":"https:\/\/orthodoxalbania.org\/2020\/"},{"@type":"ListItem","position":2,"name":"Festohet 10 vjetori i Fron\u00ebzimit t\u00eb Hir\u00ebsi Joanit si Mitropolit i Kor\u00e7\u00ebs. (2008)"}]},{"@type":"WebSite","@id":"https:\/\/orthodoxalbania.org\/2020\/#website","url":"https:\/\/orthodoxalbania.org\/2020\/","name":"Kisha Orthodh\u03bfkse Autoqefale e Shqip\u00ebris\u00eb","description":"Fqja Zyrtare e Kish\u00ebs Orthodhokse Autoqefale e Shqip\u00ebris\u00eb me lajmet edhe informacionet zyrtare p\u00ebr struktur\u00ebn edhe veprimtarin e saj.","publisher":{"@id":"https:\/\/orthodoxalbania.org\/2020\/#organization"},"potentialAction":[{"@type":"SearchAction","target":{"@type":"EntryPoint","urlTemplate":"https:\/\/orthodoxalbania.org\/2020\/?s={search_term_string}"},"query-input":{"@type":"PropertyValueSpecification","valueRequired":true,"valueName":"search_term_string"}}],"inLanguage":"en-US"},{"@type":"Organization","@id":"https:\/\/orthodoxalbania.org\/2020\/#organization","name":"Kisha Orthodhokse Autoqefale e Shqip\u00ebris\u00eb","url":"https:\/\/orthodoxalbania.org\/2020\/","logo":{"@type":"ImageObject","inLanguage":"en-US","@id":"https:\/\/orthodoxalbania.org\/2020\/#\/schema\/logo\/image\/","url":"https:\/\/orthodoxalbania.org\/2020\/wp-content\/uploads\/2020\/05\/albania.jpeg","contentUrl":"https:\/\/orthodoxalbania.org\/2020\/wp-content\/uploads\/2020\/05\/albania.jpeg","width":540,"height":540,"caption":"Kisha Orthodhokse Autoqefale e Shqip\u00ebris\u00eb"},"image":{"@id":"https:\/\/orthodoxalbania.org\/2020\/#\/schema\/logo\/image\/"},"sameAs":["https:\/\/www.facebook.com\/koash1991"]},{"@type":"Person","@id":"https:\/\/orthodoxalbania.org\/2020\/#\/schema\/person\/0c387634a7063ac612d7ed9ce71c7e86","name":"Kisha Orthodhokse","image":{"@type":"ImageObject","inLanguage":"en-US","@id":"https:\/\/secure.gravatar.com\/avatar\/596e7c417251e30f2fbb9c00e026fce61a695a00e51c889caded71c96cbbdde5?s=96&d=mm&r=g","url":"https:\/\/secure.gravatar.com\/avatar\/596e7c417251e30f2fbb9c00e026fce61a695a00e51c889caded71c96cbbdde5?s=96&d=mm&r=g","contentUrl":"https:\/\/secure.gravatar.com\/avatar\/596e7c417251e30f2fbb9c00e026fce61a695a00e51c889caded71c96cbbdde5?s=96&d=mm&r=g","caption":"Kisha Orthodhokse"}}]}},"_links":{"self":[{"href":"https:\/\/orthodoxalbania.org\/2020\/wp-json\/wp\/v2\/posts\/538","targetHints":{"allow":["GET"]}}],"collection":[{"href":"https:\/\/orthodoxalbania.org\/2020\/wp-json\/wp\/v2\/posts"}],"about":[{"href":"https:\/\/orthodoxalbania.org\/2020\/wp-json\/wp\/v2\/types\/post"}],"author":[{"embeddable":true,"href":"https:\/\/orthodoxalbania.org\/2020\/wp-json\/wp\/v2\/users\/1"}],"replies":[{"embeddable":true,"href":"https:\/\/orthodoxalbania.org\/2020\/wp-json\/wp\/v2\/comments?post=538"}],"version-history":[{"count":1,"href":"https:\/\/orthodoxalbania.org\/2020\/wp-json\/wp\/v2\/posts\/538\/revisions"}],"predecessor-version":[{"id":15636,"href":"https:\/\/orthodoxalbania.org\/2020\/wp-json\/wp\/v2\/posts\/538\/revisions\/15636"}],"wp:attachment":[{"href":"https:\/\/orthodoxalbania.org\/2020\/wp-json\/wp\/v2\/media?parent=538"}],"wp:term":[{"taxonomy":"category","embeddable":true,"href":"https:\/\/orthodoxalbania.org\/2020\/wp-json\/wp\/v2\/categories?post=538"},{"taxonomy":"post_tag","embeddable":true,"href":"https:\/\/orthodoxalbania.org\/2020\/wp-json\/wp\/v2\/tags?post=538"}],"curies":[{"name":"wp","href":"https:\/\/api.w.org\/{rel}","templated":true}]}}