{"id":537,"date":"2008-02-26T00:00:00","date_gmt":"2008-02-26T00:00:00","guid":{"rendered":""},"modified":"2020-04-06T22:35:14","modified_gmt":"2020-04-06T20:35:14","slug":"festohet-10-vjetori-i-fronezimit-te-hiresi-ignatit-si-mitropolit-i-beratit-2008","status":"publish","type":"post","link":"https:\/\/orthodoxalbania.org\/2020\/2008\/02\/26\/festohet-10-vjetori-i-fronezimit-te-hiresi-ignatit-si-mitropolit-i-beratit-2008\/","title":{"rendered":"Festohet 10 vjetori i fron\u00ebzimit t\u00eb Hir\u00ebsi Ignatit si Mitropolit i Beratit. (2008)"},"content":{"rendered":"<table style=\"width: 742px; height: 1779px;\" border=\"0\">\n<tbody>\n<tr>\n<td style=\"text-align: center;\">\n<div><span style=\"font-family: helvetica;\"><span style=\"font-size: 12px;\"><span style=\"color: #000000;\"><img decoding=\"async\" class=\"lazyload HAa Eha\" style=\"margin: 10px auto; display: block; border: 1px solid;\" alt=\"\" src=\"data:image\/svg+xml,%3Csvg%20xmlns%3D%27http%3A%2F%2Fwww.w3.org%2F2000%2Fsvg%27%20width%3D%27372%27%20height%3D%27238%27%20viewBox%3D%270%200%20372%20238%27%3E%3Crect%20width%3D%27372%27%20height%3D%27238%27%20fill-opacity%3D%220%22%2F%3E%3C%2Fsvg%3E\" data-orig-src=\"https:\/\/lh4.googleusercontent.com\/-Ywa9GSEQGJY\/VJFR9NOOkCI\/AAAAAAAAH8k\/jrpgalqx7WI\/w448-h287-no\/3+-+tekst++.jpg\" height=\"238\" width=\"372\" \/><\/span><\/span><\/span><\/div>\n<\/td>\n<td>\n<div><span style=\"font-family: helvetica; font-size: 12pt;\"><span style=\"color: #000000;\">&nbsp;&nbsp;&nbsp;<\/span><\/span><\/div>\n<div style=\"text-align: justify;\"><span style=\"font-family: helvetica; font-size: 12pt;\"><span style=\"color: #000000;\">&nbsp;&nbsp;&nbsp; Kisha jon\u00eb Orthodhokse me ardhjen e Kryepiskopit t\u00eb Tiran\u00ebs, Durr\u00ebsit, Elbasanit dhe gjith\u00eb Shqip\u00ebris\u00eb Imzot Anastasit filloi t\u00eb ringjallej n\u00eb t\u00eb gjith\u00eb Shqip\u00ebrin\u00eb dhe nj\u00ebkoh\u00ebsisht shfaqej nevoja p\u00ebr m\u00eb shum\u00eb persona p\u00ebr t\u00eb ndihmuar dhe udh\u00ebhequr ringjalljen e Kish\u00ebs. K\u00ebshtu Patriarkana Ekumenike, si N\u00ebn\u00eb e Kishave u kujdes p\u00ebr k\u00ebt\u00eb \u00e7\u00ebshtje. N\u00eb vitin 1992 Hir\u00ebsi Ignati u zgjodh Mitropolit i Beratit. N\u00eb dat\u00eb 27 korrik 1996 u dor\u00ebzua Episkop n\u00eb Patriarkan\u00ebn Ekumenike t\u00eb Kostandinopoj\u00ebs dhe n\u00eb 18 korrik 1998 u fron\u00ebzua si Mitropolit i Beratit, Vlor\u00ebs, Kanin\u00ebs dhe gjith\u00eb Myzeqes\u00eb.<\/span><\/span><\/div>\n<\/td>\n<\/tr>\n<tr>\n<td>\n<div class=\"style9\" style=\"text-align: justify;\"><span style=\"font-family: helvetica; font-size: 12pt;\"><span style=\"color: #000000;\">&nbsp;&nbsp;&nbsp; Ignat Triantis u lind m\u00eb 8 n\u00ebntor 1934 n\u00eb fshatin Prodhromos t\u00eb rrethit t\u00eb Thiv\u00ebs n\u00eb Greqi. M\u00eb von\u00eb kreu seminarin kishtar 7 vje\u00e7ar n\u00eb Korinth dhe n\u00eb Patmos. M\u00eb pas studioi n\u00eb Teologji n\u00eb Universitetin e Athin\u00ebs. Po n\u00eb at\u00eb koh\u00eb mbaroi edhe shkoll\u00ebn e Muzik\u00ebs Bizantine, n\u00eb Pire. Pas mbarimit t\u00eb universitetit punoi si m\u00ebsues katekizmi, predikues dhe si profesor n\u00eb shkoll\u00ebn e mesme. Misioni i tij si klerik filloi n\u00eb vitin 1967, kur ai ishte 33 vje\u00e7, ku u dor\u00ebzua murg, dhjakon dhe m\u00eb pas prift, ngjarje t\u00eb cilat ndodh\u00ebn brenda nj\u00eb viti. \u00cbsht\u00eb autor i disa librave kishtar\u00eb, si: <em>\u201cP\u00ebrul\u00ebsia sipas Shkrimit t\u00eb Shenjt\u00eb\u201d<\/em>, <em>\u201cAmfilloi Makris, Jerondi i Patmosit\u201d<\/em>, biografi kjo q\u00eb u vler\u00ebsua nga Akademia e Athin\u00ebs. Gjuh\u00ebn e bukur shqipe e m\u00ebsoi nga n\u00ebna e tij. Kultura profesionale n\u00eb fush\u00ebn e Muzik\u00ebs dhe Teologjis\u00eb ka b\u00ebr\u00eb t\u00eb mundur q\u00eb ai t\u00eb nderohet dhe respektohet si nj\u00eb personalitet n\u00eb bot\u00ebn e besimit t\u00eb krishter\u00eb. Nd\u00ebrsa qytetaria beratase i dha t\u00eb drejt\u00eb Bashkis\u00eb s\u00eb Beratit ta nderoj\u00eb Hir\u00ebsi Ignatin me titullin \u201cQytetar Nderi\u201d.<\/span><\/span><\/div>\n<\/td>\n<td>\n<div><span style=\"font-family: helvetica; font-size: 12pt;\"><span style=\"color: #000000;\"><img decoding=\"async\" class=\"lazyload HAa Eha\" style=\"border-width: 1px; border-style: solid; margin: 10px auto; display: block;\" alt=\"\" src=\"data:image\/svg+xml,%3Csvg%20xmlns%3D%27http%3A%2F%2Fwww.w3.org%2F2000%2Fsvg%27%20width%3D%27255%27%20height%3D%27328%27%20viewBox%3D%270%200%20255%20328%27%3E%3Crect%20width%3D%27255%27%20height%3D%27328%27%20fill-opacity%3D%220%22%2F%3E%3C%2Fsvg%3E\" data-orig-src=\"https:\/\/lh6.googleusercontent.com\/-wCKk-pgBN3Y\/VJFR9BL-_1I\/AAAAAAAAH9c\/2A-IJisYaf4\/w336-h432-no\/1-%2Btekst%2B-%2B.jpg\" height=\"328\" width=\"255\" \/><\/span><\/span><\/div>\n<\/td>\n<\/tr>\n<tr>\n<td>\n<div><span style=\"font-family: helvetica; font-size: 12pt;\"><span style=\"color: #000000;\"><img decoding=\"async\" class=\"lazyload HAa Eha\" style=\"border-width: 1px; border-style: solid; margin: 10px auto; display: block;\" alt=\"\" src=\"data:image\/svg+xml,%3Csvg%20xmlns%3D%27http%3A%2F%2Fwww.w3.org%2F2000%2Fsvg%27%20width%3D%27331%27%20height%3D%27248%27%20viewBox%3D%270%200%20331%20248%27%3E%3Crect%20width%3D%27331%27%20height%3D%27248%27%20fill-opacity%3D%220%22%2F%3E%3C%2Fsvg%3E\" data-orig-src=\"https:\/\/lh3.googleusercontent.com\/-alZafeW3OKg\/VJFR9tQ2mxI\/AAAAAAAAH9o\/wNW0qbSWx44\/w448-h336-no\/4%2B-%2Btekst%2B.jpg\" height=\"248\" width=\"331\" \/><\/span><\/span><\/div>\n<\/td>\n<td>\n<div style=\"text-align: justify;\"><span style=\"font-family: helvetica; font-size: 12pt;\"><span style=\"color: #000000;\">&nbsp;&nbsp;&nbsp; Me rastin e 10 vjetorit t\u00eb fron\u00ebzimit t\u00eb Mitropolitit t\u00eb Beratit, Hir\u00ebsi Ignatit, n\u00eb dat\u00eb 18 korrik 2008, klerik\u00eb dhe besimtar\u00eb nga rrethe t\u00eb ndryshme t\u00eb vendit, si edhe t\u00eb ftuar t\u00eb tjer\u00eb mor\u00ebn pjes\u00eb n\u00eb festimet e organizuara nga Mitropolia e Dioqez\u00ebs s\u00eb Beratit. Liturgjia n\u00eb Kish\u00ebn e Sh\u00ebn Spiridhonit sh\u00ebnoi fillimin e fest\u00ebs. Bashk\u00ebmeshuan Hir\u00ebsi Ignati Mitropolit i Dioqez\u00ebs s\u00eb Beratit, Hir\u00ebsi Joani Mitropolit i Dioqez\u00ebs s\u00eb Kor\u00e7\u00ebs, Hir\u00ebsi Dhimitri Mitropolit i Dioqez\u00ebs s\u00eb Gjirokastr\u00ebs, Hir\u00ebsi Andoni Episkop Ndihm\u00ebs i Kryepiskopit Anastas dhe klerik\u00eb t\u00eb tjer\u00eb. N\u00eb fund t\u00eb Liturgjis\u00eb Hyjnore mitropolit\u00ebt than\u00eb fjal\u00ebn e tyre p\u00ebrsh\u00ebndet\u00ebse me k\u00ebt\u00eb rast.<\/span><\/span><\/div>\n<\/td>\n<\/tr>\n<tr>\n<td>\n<div style=\"text-align: justify;\"><span style=\"font-family: helvetica; font-size: 12pt;\"><span style=\"color: #000000;\">&nbsp;&nbsp;&nbsp;&nbsp;<\/span><\/span><\/div>\n<div style=\"text-align: justify;\"><span style=\"font-family: helvetica; font-size: 12pt;\"><span style=\"color: #000000;\">&nbsp;&nbsp;&nbsp; Hir\u00ebsi Andoni pasi p\u00ebrcolli urimet m\u00eb t\u00eb mira n\u00eb em\u00ebr t\u00eb Kryepiskopit Anastas, pasi kujtoi se kontributi i Hir\u00ebsi Ignatit \u00ebsht\u00eb historik cil\u00ebsoi, se <em>\u201c\u2026 t\u00eb gjith\u00eb ne klerik\u00ebt dhe episkop\u00ebt e rinj kemi marr\u00eb nj\u00eb shembull t\u00eb mir\u00eb t\u00eb devocionit, t\u00eb p\u00ebrkushtimit, t\u00eb jet\u00ebs shpirt\u00ebrore dhe durimit prandaj kjo \u00ebsht\u00eb edhe nj\u00eb fest\u00eb e t\u00eb gjith\u00eb neve\u2026Ju uroj edhe nga ana e Kryepiskopit, p\u00ebr shum\u00eb vjet!<\/em>\u201d<\/span><\/span><\/div>\n<div style=\"text-align: justify;\"><span style=\"font-family: helvetica; font-size: 12pt;\"> <span style=\"color: #000000;\">&nbsp;&nbsp;&nbsp; P\u00ebrsh\u00ebndet\u00ebn m\u00eb pas p\u00ebrfaq\u00ebsues nga qytetar\u00ebt, grat\u00eb dhe f\u00ebmij\u00ebt e Kor\u00e7\u00ebs, nga Akademia Teologjike, nga kampi i djemve \u201cRilindja\u201d t\u00eb Zv\u00ebrnecit dhe nga kampi i vajzave \u201cBariu i Mir\u00eb\u201d n\u00eb Sh\u00ebn Joan Vladimir. <\/span><\/span><\/div>\n<\/td>\n<td style=\"text-align: center;\">\n<div><span style=\"font-family: helvetica; font-size: 12pt;\"><span style=\"color: #000000;\"><img decoding=\"async\" class=\"lazyload HAa Eha\" style=\"margin: 10px auto; display: block; border: 1px solid;\" alt=\"\" src=\"data:image\/svg+xml,%3Csvg%20xmlns%3D%27http%3A%2F%2Fwww.w3.org%2F2000%2Fsvg%27%20width%3D%27315%27%20height%3D%27201%27%20viewBox%3D%270%200%20315%20201%27%3E%3Crect%20width%3D%27315%27%20height%3D%27201%27%20fill-opacity%3D%220%22%2F%3E%3C%2Fsvg%3E\" data-orig-src=\"https:\/\/lh3.googleusercontent.com\/-h5kLJTKF2PY\/VJFR93ybyHI\/AAAAAAAAH8s\/-NmgL-CfJRQ\/w448-h286-no\/5+-+tekst+-+.jpg\" height=\"201\" width=\"315\" \/><\/span><\/span><\/div>\n<\/td>\n<\/tr>\n<tr>\n<td style=\"text-align: center;\">\n<div><span style=\"font-family: helvetica; font-size: 12pt;\"><span style=\"color: #000000;\"><img decoding=\"async\" class=\"lazyload HAa Eha\" style=\"margin: 10px auto; display: block; border: 1px solid;\" alt=\"\" src=\"data:image\/svg+xml,%3Csvg%20xmlns%3D%27http%3A%2F%2Fwww.w3.org%2F2000%2Fsvg%27%20width%3D%27321%27%20height%3D%27241%27%20viewBox%3D%270%200%20321%20241%27%3E%3Crect%20width%3D%27321%27%20height%3D%27241%27%20fill-opacity%3D%220%22%2F%3E%3C%2Fsvg%3E\" data-orig-src=\"https:\/\/lh6.googleusercontent.com\/-zF3Qq1CHDj8\/VJFR9ISSaiI\/AAAAAAAAH9k\/BM4uJoS2_Ek\/w400-h300-no\/2+-+tekst+.jpg\" height=\"241\" width=\"321\" \/><\/span><\/span><\/div>\n<\/td>\n<td>\n<div class=\"style9\" style=\"text-align: justify;\"><span style=\"font-family: helvetica; font-size: 12pt;\"><span style=\"color: #000000;\">&nbsp;&nbsp; Hir\u00ebsi Ignati pasi fal\u00ebnderoi <em>\u201c\u2026p\u00ebr fjal\u00ebt e mira dhe dhuratat e \u00e7muara t\u00eb hierark\u00ebve, klerik\u00ebve e besimtar\u00ebve\u2026<\/em>\u201d t\u00eb pranish\u00ebm n\u00eb liturgji tha: \u201c<em>Do t\u00eb mbetem gjithmon\u00eb mir\u00ebnjoh\u00ebs p\u00ebr k\u00ebt\u00eb mir\u00ebsi dhe do t\u00eb vazhdoj m\u00eb tep\u00ebr ti p\u00ebrkushtohem k\u00ebsaj pune me Hirin e Zotit, p\u00ebr Lavdin\u00eb e Tij, t\u00eb Atit, t\u00eb Birit dhe t\u00eb Shpirtit t\u00eb Shenjt\u00eb p\u00ebr dobin\u00eb e grigj\u00ebs shpirt\u00ebrore dhe t\u00eb gjith\u00eb miqve, mikeshave dhe t\u00eb pranishm\u00ebve me Hirin e Per\u00ebndis\u00eb dhe p\u00ebr shum\u00eb vjet Zoti ju bekoft\u00eb<\/em>\u201d. Hir\u00ebsi Ignati n\u00eb vazhdim priti urime n\u00eb ambientet e Mitropolis\u00eb s\u00eb Hirshme n\u00eb Berat e m\u00eb pas p\u00ebr t\u00eb gjith\u00eb pjes\u00ebmarr\u00ebsit e t\u00eb ftuarit u organizua nj\u00eb drek\u00eb festive n\u00eb ambientet Hotel Turizmit.<\/span><\/span><\/div>\n<\/td>\n<\/tr>\n<\/tbody>\n<\/table>\n<table style=\"width: 743px; height: 109px;\" border=\"0\">\n<tbody>\n<tr>\n<th class=\"style10\" style=\"text-align: justify;\" scope=\"col\"><span style=\"font-family: helvetica; font-size: 12pt;\"><span style=\"color: #000000;\">&nbsp;&nbsp;&nbsp; Hir\u00ebsi Ignati n\u00eb vazhdim priti urime n\u00eb ambientet e Mitropolis\u00eb s\u00eb Hirshme n\u00eb Berat e m\u00eb pas p\u00ebr t\u00eb gjith\u00eb pjes\u00ebmarr\u00ebsit e t\u00eb ftuarit u organizua nj\u00eb drek\u00eb festive n\u00eb ambientet Hotel Turizmit. Tre nga organizator\u00ebt e k\u00ebsaj dite festive At\u00eb Kostandin Subashi, Sevastiani e Joan Qako kishin p\u00ebrgatitur nj\u00eb program artistik me k\u00ebng\u00eb t\u00eb krishtera t\u00eb punuara e kompozuara nga Hir\u00ebsi Ignati t\u00eb k\u00ebnduara nga kori i t\u00eb rinjve t\u00eb kish\u00ebs si dhe prezantuan zhvillimin e Mitropolis\u00eb s\u00eb Beratit n\u00eb k\u00ebto 10 vjet. Pran\u00eb k\u00ebtyre ambienteve ishin ngritur edhe nj\u00eb ekspozit\u00eb fotografike nga \u00e7aste t\u00eb jet\u00ebs, pun\u00ebs dhe vepr\u00ebs baritore t\u00eb Mitropolitit Ignat n\u00eb Dioqez\u00ebn e Beratit.<\/span><span style=\"color: #000000;\"><br \/> <\/span>&nbsp;<span style=\"color: #000000;\">&nbsp;&nbsp;&nbsp; Hir\u00ebsi Ignati mbajti fjal\u00ebn e rastit, n\u00eb t\u00eb cil\u00ebn pasi fal\u00ebnderoi Per\u00ebndin\u00eb dhe shprehu mir\u00ebnjohje t\u00eb thell\u00eb p\u00ebr Kryepiskopin Anastas, i cili \u201cgjat\u00eb nj\u00eb periudhe 6 vje\u00e7are t\u00eb munges\u00ebs s\u00eb episkop\u00ebve dhe t\u00eb Sinodit t\u00eb KOASH-it p\u00ebr arsye objektive, t\u00eb gjith\u00eb ngarkes\u00ebn dhe p\u00ebrkujdesjen e jasht\u00ebzakonshme e mori p\u00ebrsip\u00ebr me vet\u00ebmohim Fortlumturia e Tij Imzot Anastasi, prandaj meriton mir\u00ebnjohje t\u00eb thell\u00eb dhe fal\u00ebnderimet e p\u00ebrzem\u00ebrta p\u00ebr gjith\u00eb k\u00ebt\u00eb pun\u00eb titanike t\u00eb tij\u2026\u201d. Pasi foli p\u00ebr r\u00ebnd\u00ebsin\u00eb e k\u00ebtij fron\u00ebzimi, Hir\u00ebsi Ignati kujtoi se po at\u00eb dit\u00eb, pasdite u mblodh p\u00ebr her\u00eb t\u00eb par\u00eb Sinodi i Shenjt\u00eb.<\/span><span style=\"color: #000000;\"><br \/> <\/span>&nbsp;<span style=\"color: #000000;\">&nbsp;&nbsp;&nbsp; T\u00eb gjith\u00eb besimtar\u00eb, klerik\u00eb dhe t\u00eb ftuar, n\u00eb k\u00ebt\u00eb dit\u00eb shprehnin: \u201cZoti nuk na braktisi. Na d\u00ebrgoi primat\u00ebt e kishave tona dhe u ringjall p\u00ebrs\u00ebri nj\u00eb gj\u00eb e vdekur\u201d. Dhe Hir\u00ebsi Ignati duke bekuar thoshte: \u201cE meritoni! Jeni njer\u00ebz t\u00eb mir\u00eb.\u201d<\/span><\/span><\/th>\n<\/tr>\n<\/tbody>\n<\/table>\n<table style=\"width: 744px; height: 933px;\" border=\"0\">\n<tbody>\n<tr>\n<th class=\"style10\" scope=\"col\"><span style=\"font-family: helvetica; font-size: 12pt;\"><span style=\"color: #000000;\"><img decoding=\"async\" class=\"lazyload HAa Eha\" style=\"margin: 10px auto; display: block; border: 1px solid;\" alt=\"\" src=\"data:image\/svg+xml,%3Csvg%20xmlns%3D%27http%3A%2F%2Fwww.w3.org%2F2000%2Fsvg%27%20width%3D%27350%27%20height%3D%27224%27%20viewBox%3D%270%200%20350%20224%27%3E%3Crect%20width%3D%27350%27%20height%3D%27224%27%20fill-opacity%3D%220%22%2F%3E%3C%2Fsvg%3E\" data-orig-src=\"https:\/\/lh3.googleusercontent.com\/-6e5rGQEDiDE\/VJFR-Dj1_RI\/AAAAAAAAH84\/4QnX-dZYVH8\/w448-h287-no\/galeri+2.jpg\" height=\"224\" width=\"350\" \/><\/span><\/span><\/th>\n<th class=\"style10\" scope=\"col\"><span style=\"font-family: helvetica; font-size: 12pt;\"><span style=\"color: #000000;\"><img decoding=\"async\" class=\"lazyload HAa Eha\" style=\"margin: 10px auto; display: block; border: 1px solid;\" alt=\"\" src=\"data:image\/svg+xml,%3Csvg%20xmlns%3D%27http%3A%2F%2Fwww.w3.org%2F2000%2Fsvg%27%20width%3D%27350%27%20height%3D%27211%27%20viewBox%3D%270%200%20350%20211%27%3E%3Crect%20width%3D%27350%27%20height%3D%27211%27%20fill-opacity%3D%220%22%2F%3E%3C%2Fsvg%3E\" data-orig-src=\"https:\/\/lh6.googleusercontent.com\/-sklCpW4UF8I\/VJFR_zA7xPI\/AAAAAAAAH9Q\/9fKLz9u3Nr4\/w448-h270-no\/galeri+6.jpg\" height=\"211\" width=\"350\" \/><\/span><\/span><\/th>\n<\/tr>\n<tr>\n<th class=\"style10\" scope=\"col\"><span style=\"font-family: helvetica; font-size: 12pt;\"><span style=\"color: #000000;\"><img decoding=\"async\" class=\"lazyload HAa Eha\" style=\"margin: 10px auto; display: block; border: 1px solid;\" alt=\"\" src=\"data:image\/svg+xml,%3Csvg%20xmlns%3D%27http%3A%2F%2Fwww.w3.org%2F2000%2Fsvg%27%20width%3D%27350%27%20height%3D%27263%27%20viewBox%3D%270%200%20350%20263%27%3E%3Crect%20width%3D%27350%27%20height%3D%27263%27%20fill-opacity%3D%220%22%2F%3E%3C%2Fsvg%3E\" data-orig-src=\"https:\/\/lh5.googleusercontent.com\/-3ZP_irP4KTw\/VJFR-rUgb0I\/AAAAAAAAH9U\/VZp1syoXZ1I\/w448-h336-no\/galeri+3.jpg\" height=\"263\" width=\"350\" \/><\/span><\/span><\/th>\n<th class=\"style10\" scope=\"col\"><span style=\"font-family: helvetica; font-size: 12pt;\"><span style=\"color: #000000;\"><img decoding=\"async\" class=\"lazyload HAa Eha\" style=\"margin: 10px auto; display: block; border: 1px solid;\" alt=\"\" src=\"data:image\/svg+xml,%3Csvg%20xmlns%3D%27http%3A%2F%2Fwww.w3.org%2F2000%2Fsvg%27%20width%3D%27350%27%20height%3D%27263%27%20viewBox%3D%270%200%20350%20263%27%3E%3Crect%20width%3D%27350%27%20height%3D%27263%27%20fill-opacity%3D%220%22%2F%3E%3C%2Fsvg%3E\" data-orig-src=\"https:\/\/lh6.googleusercontent.com\/-fioa4YWJzdo\/VJFR_ejiNQI\/AAAAAAAAH9I\/bUaywLxBGyw\/w448-h336-no\/galeri+5.jpg\" height=\"263\" width=\"350\" \/><\/span><\/span><\/th>\n<\/tr>\n<tr>\n<th class=\"style10\" scope=\"col\"><span style=\"font-family: helvetica; font-size: 12pt;\"><span style=\"color: #000000;\"><img decoding=\"async\" class=\"lazyload HAa Eha\" style=\"margin: 10px auto; display: block; border: 1px solid;\" alt=\"\" src=\"data:image\/svg+xml,%3Csvg%20xmlns%3D%27http%3A%2F%2Fwww.w3.org%2F2000%2Fsvg%27%20width%3D%27350%27%20height%3D%27228%27%20viewBox%3D%270%200%20350%20228%27%3E%3Crect%20width%3D%27350%27%20height%3D%27228%27%20fill-opacity%3D%220%22%2F%3E%3C%2Fsvg%3E\" data-orig-src=\"https:\/\/lh6.googleusercontent.com\/-U-u-X0RppNo\/VJFR-ByCO3I\/AAAAAAAAH9Y\/ZCNW2ynA5RU\/w448-h292-no\/galeri+1.jpg\" height=\"228\" width=\"350\" \/><\/span><\/span><\/th>\n<th class=\"style10\" scope=\"col\"><span style=\"font-family: helvetica; font-size: 12pt;\"><span style=\"color: #000000;\"><img decoding=\"async\" class=\"lazyload HAa Eha\" style=\"margin: 10px auto; display: block; border: 1px solid;\" alt=\"\" src=\"data:image\/svg+xml,%3Csvg%20xmlns%3D%27http%3A%2F%2Fwww.w3.org%2F2000%2Fsvg%27%20width%3D%27328%27%20height%3D%27241%27%20viewBox%3D%270%200%20328%20241%27%3E%3Crect%20width%3D%27328%27%20height%3D%27241%27%20fill-opacity%3D%220%22%2F%3E%3C%2Fsvg%3E\" data-orig-src=\"https:\/\/lh6.googleusercontent.com\/-ojvx29I2soI\/VJFR_LtPZsI\/AAAAAAAAH9M\/3WKL34TmBvc\/w448-h329-no\/galeri+4.jpg\" height=\"241\" width=\"328\" \/><\/span><\/span><\/th>\n<\/tr>\n<\/tbody>\n<\/table>\n<div><span style=\"font-family: helvetica; font-size: 12pt;\"><span style=\"color: #000000;\"><span class=\"style11\"><strong>Julia Pjetri<br \/> Sevastian\u00ed Qako&nbsp; <\/strong><\/span><\/span><\/span><\/div>\n","protected":false},"excerpt":{"rendered":"<p>&nbsp;&nbsp;&nbsp; &nbsp;&nbsp;&nbsp; Kisha jon\u00eb Orthodhokse me ardhjen e Kryepiskopit t\u00eb Tiran\u00ebs, Durr\u00ebsit, Elbasanit dhe gjith\u00eb Shqip\u00ebris\u00eb Imzot Anastasit filloi t\u00eb ringjallej n\u00eb t\u00eb gjith\u00eb Shqip\u00ebrin\u00eb dhe nj\u00ebkoh\u00ebsisht shfaqej nevoja p\u00ebr m\u00eb shum\u00eb persona p\u00ebr t\u00eb ndihmuar dhe udh\u00ebhequr ringjalljen e Kish\u00ebs. K\u00ebshtu Patriarkana Ekumenike, si N\u00ebn\u00eb e Kishave u kujdes p\u00ebr k\u00ebt\u00eb \u00e7\u00ebshtje. N\u00eb vitin 1992 Hir\u00ebsi Ignati u zgjodh Mitropolit i Beratit. N\u00eb dat\u00eb<\/p>\n","protected":false},"author":1,"featured_media":0,"comment_status":"open","ping_status":"open","sticky":false,"template":"","format":"standard","meta":{"_acf_changed":false,"pagelayer_contact_templates":[],"_pagelayer_content":"","inline_featured_image":false,"fifu_image_url":"","fifu_image_alt":"","footnotes":""},"categories":[108],"tags":[146,157,212,197],"class_list":["post-537","post","type-post","status-publish","format-standard","hentry","category-lajme","tag-146","tag-kremtime","tag-lajme-d27","tag-berat"],"acf":[],"yoast_head":"<!-- This site is optimized with the Yoast SEO plugin v27.2 - https:\/\/yoast.com\/product\/yoast-seo-wordpress\/ -->\n<title>Festohet 10 vjetori i fron\u00ebzimit t\u00eb Hir\u00ebsi Ignatit si Mitropolit i Beratit. (2008) - Kisha Orthodh\u03bfkse Autoqefale e Shqip\u00ebris\u00eb<\/title>\n<meta name=\"robots\" content=\"index, follow, max-snippet:-1, max-image-preview:large, max-video-preview:-1\" \/>\n<link rel=\"canonical\" href=\"https:\/\/orthodoxalbania.org\/2020\/2008\/02\/26\/festohet-10-vjetori-i-fronezimit-te-hiresi-ignatit-si-mitropolit-i-beratit-2008\/\" \/>\n<meta property=\"og:locale\" content=\"en_US\" \/>\n<meta property=\"og:type\" content=\"article\" \/>\n<meta property=\"og:title\" content=\"Festohet 10 vjetori i fron\u00ebzimit t\u00eb Hir\u00ebsi Ignatit si Mitropolit i Beratit. (2008) - Kisha Orthodh\u03bfkse Autoqefale e Shqip\u00ebris\u00eb\" \/>\n<meta property=\"og:description\" content=\"&nbsp;&nbsp;&nbsp; &nbsp;&nbsp;&nbsp; Kisha jon\u00eb Orthodhokse me ardhjen e Kryepiskopit t\u00eb Tiran\u00ebs, Durr\u00ebsit, Elbasanit dhe gjith\u00eb Shqip\u00ebris\u00eb Imzot Anastasit filloi t\u00eb ringjallej n\u00eb t\u00eb gjith\u00eb Shqip\u00ebrin\u00eb dhe nj\u00ebkoh\u00ebsisht shfaqej nevoja p\u00ebr m\u00eb shum\u00eb persona p\u00ebr t\u00eb ndihmuar dhe udh\u00ebhequr ringjalljen e Kish\u00ebs. K\u00ebshtu Patriarkana Ekumenike, si N\u00ebn\u00eb e Kishave u kujdes p\u00ebr k\u00ebt\u00eb \u00e7\u00ebshtje. N\u00eb vitin 1992 Hir\u00ebsi Ignati u zgjodh Mitropolit i Beratit. N\u00eb dat\u00eb\" \/>\n<meta property=\"og:url\" content=\"https:\/\/orthodoxalbania.org\/2020\/2008\/02\/26\/festohet-10-vjetori-i-fronezimit-te-hiresi-ignatit-si-mitropolit-i-beratit-2008\/\" \/>\n<meta property=\"og:site_name\" content=\"Kisha Orthodh\u03bfkse Autoqefale e Shqip\u00ebris\u00eb\" \/>\n<meta property=\"article:publisher\" content=\"https:\/\/www.facebook.com\/koash1991\" \/>\n<meta property=\"article:published_time\" content=\"2008-02-26T00:00:00+00:00\" \/>\n<meta property=\"article:modified_time\" content=\"2020-04-06T20:35:14+00:00\" \/>\n<meta property=\"og:image\" content=\"https:\/\/lh4.googleusercontent.com\/-Ywa9GSEQGJY\/VJFR9NOOkCI\/AAAAAAAAH8k\/jrpgalqx7WI\/w448-h287-no\/3+-+tekst++.jpg\" \/>\n<meta name=\"author\" content=\"Kisha Orthodhokse\" \/>\n<meta name=\"twitter:card\" content=\"summary_large_image\" \/>\n<meta name=\"twitter:label1\" content=\"Written by\" \/>\n\t<meta name=\"twitter:data1\" content=\"Kisha Orthodhokse\" \/>\n\t<meta name=\"twitter:label2\" content=\"Est. reading time\" \/>\n\t<meta name=\"twitter:data2\" content=\"5 minutes\" \/>\n<script type=\"application\/ld+json\" class=\"yoast-schema-graph\">{\"@context\":\"https:\/\/schema.org\",\"@graph\":[{\"@type\":\"Article\",\"@id\":\"https:\/\/orthodoxalbania.org\/2020\/2008\/02\/26\/festohet-10-vjetori-i-fronezimit-te-hiresi-ignatit-si-mitropolit-i-beratit-2008\/#article\",\"isPartOf\":{\"@id\":\"https:\/\/orthodoxalbania.org\/2020\/2008\/02\/26\/festohet-10-vjetori-i-fronezimit-te-hiresi-ignatit-si-mitropolit-i-beratit-2008\/\"},\"author\":{\"name\":\"Kisha Orthodhokse\",\"@id\":\"https:\/\/orthodoxalbania.org\/2020\/#\/schema\/person\/0c387634a7063ac612d7ed9ce71c7e86\"},\"headline\":\"Festohet 10 vjetori i fron\u00ebzimit t\u00eb Hir\u00ebsi Ignatit si Mitropolit i Beratit. (2008)\",\"datePublished\":\"2008-02-26T00:00:00+00:00\",\"dateModified\":\"2020-04-06T20:35:14+00:00\",\"mainEntityOfPage\":{\"@id\":\"https:\/\/orthodoxalbania.org\/2020\/2008\/02\/26\/festohet-10-vjetori-i-fronezimit-te-hiresi-ignatit-si-mitropolit-i-beratit-2008\/\"},\"wordCount\":1038,\"commentCount\":0,\"publisher\":{\"@id\":\"https:\/\/orthodoxalbania.org\/2020\/#organization\"},\"image\":{\"@id\":\"https:\/\/orthodoxalbania.org\/2020\/2008\/02\/26\/festohet-10-vjetori-i-fronezimit-te-hiresi-ignatit-si-mitropolit-i-beratit-2008\/#primaryimage\"},\"thumbnailUrl\":\"https:\/\/lh4.googleusercontent.com\/-Ywa9GSEQGJY\/VJFR9NOOkCI\/AAAAAAAAH8k\/jrpgalqx7WI\/w448-h287-no\/3+-+tekst++.jpg\",\"keywords\":[\"2008\",\"Kremtime\",\"lajme\",\"Mitropolia Berat\"],\"articleSection\":[\"Lajme\"],\"inLanguage\":\"en-US\"},{\"@type\":\"WebPage\",\"@id\":\"https:\/\/orthodoxalbania.org\/2020\/2008\/02\/26\/festohet-10-vjetori-i-fronezimit-te-hiresi-ignatit-si-mitropolit-i-beratit-2008\/\",\"url\":\"https:\/\/orthodoxalbania.org\/2020\/2008\/02\/26\/festohet-10-vjetori-i-fronezimit-te-hiresi-ignatit-si-mitropolit-i-beratit-2008\/\",\"name\":\"Festohet 10 vjetori i fron\u00ebzimit t\u00eb Hir\u00ebsi Ignatit si Mitropolit i Beratit. (2008) - Kisha Orthodh\u03bfkse Autoqefale e Shqip\u00ebris\u00eb\",\"isPartOf\":{\"@id\":\"https:\/\/orthodoxalbania.org\/2020\/#website\"},\"primaryImageOfPage\":{\"@id\":\"https:\/\/orthodoxalbania.org\/2020\/2008\/02\/26\/festohet-10-vjetori-i-fronezimit-te-hiresi-ignatit-si-mitropolit-i-beratit-2008\/#primaryimage\"},\"image\":{\"@id\":\"https:\/\/orthodoxalbania.org\/2020\/2008\/02\/26\/festohet-10-vjetori-i-fronezimit-te-hiresi-ignatit-si-mitropolit-i-beratit-2008\/#primaryimage\"},\"thumbnailUrl\":\"https:\/\/lh4.googleusercontent.com\/-Ywa9GSEQGJY\/VJFR9NOOkCI\/AAAAAAAAH8k\/jrpgalqx7WI\/w448-h287-no\/3+-+tekst++.jpg\",\"datePublished\":\"2008-02-26T00:00:00+00:00\",\"dateModified\":\"2020-04-06T20:35:14+00:00\",\"breadcrumb\":{\"@id\":\"https:\/\/orthodoxalbania.org\/2020\/2008\/02\/26\/festohet-10-vjetori-i-fronezimit-te-hiresi-ignatit-si-mitropolit-i-beratit-2008\/#breadcrumb\"},\"inLanguage\":\"en-US\",\"potentialAction\":[{\"@type\":\"ReadAction\",\"target\":[\"https:\/\/orthodoxalbania.org\/2020\/2008\/02\/26\/festohet-10-vjetori-i-fronezimit-te-hiresi-ignatit-si-mitropolit-i-beratit-2008\/\"]}]},{\"@type\":\"ImageObject\",\"inLanguage\":\"en-US\",\"@id\":\"https:\/\/orthodoxalbania.org\/2020\/2008\/02\/26\/festohet-10-vjetori-i-fronezimit-te-hiresi-ignatit-si-mitropolit-i-beratit-2008\/#primaryimage\",\"url\":\"https:\/\/lh4.googleusercontent.com\/-Ywa9GSEQGJY\/VJFR9NOOkCI\/AAAAAAAAH8k\/jrpgalqx7WI\/w448-h287-no\/3+-+tekst++.jpg\",\"contentUrl\":\"https:\/\/lh4.googleusercontent.com\/-Ywa9GSEQGJY\/VJFR9NOOkCI\/AAAAAAAAH8k\/jrpgalqx7WI\/w448-h287-no\/3+-+tekst++.jpg\"},{\"@type\":\"BreadcrumbList\",\"@id\":\"https:\/\/orthodoxalbania.org\/2020\/2008\/02\/26\/festohet-10-vjetori-i-fronezimit-te-hiresi-ignatit-si-mitropolit-i-beratit-2008\/#breadcrumb\",\"itemListElement\":[{\"@type\":\"ListItem\",\"position\":1,\"name\":\"Home\",\"item\":\"https:\/\/orthodoxalbania.org\/2020\/\"},{\"@type\":\"ListItem\",\"position\":2,\"name\":\"Festohet 10 vjetori i fron\u00ebzimit t\u00eb Hir\u00ebsi Ignatit si Mitropolit i Beratit. (2008)\"}]},{\"@type\":\"WebSite\",\"@id\":\"https:\/\/orthodoxalbania.org\/2020\/#website\",\"url\":\"https:\/\/orthodoxalbania.org\/2020\/\",\"name\":\"Kisha Orthodh\u03bfkse Autoqefale e Shqip\u00ebris\u00eb\",\"description\":\"Fqja Zyrtare e Kish\u00ebs Orthodhokse Autoqefale e Shqip\u00ebris\u00eb me lajmet edhe informacionet zyrtare p\u00ebr struktur\u00ebn edhe veprimtarin e saj.\",\"publisher\":{\"@id\":\"https:\/\/orthodoxalbania.org\/2020\/#organization\"},\"potentialAction\":[{\"@type\":\"SearchAction\",\"target\":{\"@type\":\"EntryPoint\",\"urlTemplate\":\"https:\/\/orthodoxalbania.org\/2020\/?s={search_term_string}\"},\"query-input\":{\"@type\":\"PropertyValueSpecification\",\"valueRequired\":true,\"valueName\":\"search_term_string\"}}],\"inLanguage\":\"en-US\"},{\"@type\":\"Organization\",\"@id\":\"https:\/\/orthodoxalbania.org\/2020\/#organization\",\"name\":\"Kisha Orthodhokse Autoqefale e Shqip\u00ebris\u00eb\",\"url\":\"https:\/\/orthodoxalbania.org\/2020\/\",\"logo\":{\"@type\":\"ImageObject\",\"inLanguage\":\"en-US\",\"@id\":\"https:\/\/orthodoxalbania.org\/2020\/#\/schema\/logo\/image\/\",\"url\":\"https:\/\/orthodoxalbania.org\/2020\/wp-content\/uploads\/2020\/05\/albania.jpeg\",\"contentUrl\":\"https:\/\/orthodoxalbania.org\/2020\/wp-content\/uploads\/2020\/05\/albania.jpeg\",\"width\":540,\"height\":540,\"caption\":\"Kisha Orthodhokse Autoqefale e Shqip\u00ebris\u00eb\"},\"image\":{\"@id\":\"https:\/\/orthodoxalbania.org\/2020\/#\/schema\/logo\/image\/\"},\"sameAs\":[\"https:\/\/www.facebook.com\/koash1991\"]},{\"@type\":\"Person\",\"@id\":\"https:\/\/orthodoxalbania.org\/2020\/#\/schema\/person\/0c387634a7063ac612d7ed9ce71c7e86\",\"name\":\"Kisha Orthodhokse\",\"image\":{\"@type\":\"ImageObject\",\"inLanguage\":\"en-US\",\"@id\":\"https:\/\/secure.gravatar.com\/avatar\/596e7c417251e30f2fbb9c00e026fce61a695a00e51c889caded71c96cbbdde5?s=96&d=mm&r=g\",\"url\":\"https:\/\/secure.gravatar.com\/avatar\/596e7c417251e30f2fbb9c00e026fce61a695a00e51c889caded71c96cbbdde5?s=96&d=mm&r=g\",\"contentUrl\":\"https:\/\/secure.gravatar.com\/avatar\/596e7c417251e30f2fbb9c00e026fce61a695a00e51c889caded71c96cbbdde5?s=96&d=mm&r=g\",\"caption\":\"Kisha Orthodhokse\"}}]}<\/script>\n<!-- \/ Yoast SEO plugin. -->","yoast_head_json":{"title":"Festohet 10 vjetori i fron\u00ebzimit t\u00eb Hir\u00ebsi Ignatit si Mitropolit i Beratit. (2008) - Kisha Orthodh\u03bfkse Autoqefale e Shqip\u00ebris\u00eb","robots":{"index":"index","follow":"follow","max-snippet":"max-snippet:-1","max-image-preview":"max-image-preview:large","max-video-preview":"max-video-preview:-1"},"canonical":"https:\/\/orthodoxalbania.org\/2020\/2008\/02\/26\/festohet-10-vjetori-i-fronezimit-te-hiresi-ignatit-si-mitropolit-i-beratit-2008\/","og_locale":"en_US","og_type":"article","og_title":"Festohet 10 vjetori i fron\u00ebzimit t\u00eb Hir\u00ebsi Ignatit si Mitropolit i Beratit. (2008) - Kisha Orthodh\u03bfkse Autoqefale e Shqip\u00ebris\u00eb","og_description":"&nbsp;&nbsp;&nbsp; &nbsp;&nbsp;&nbsp; Kisha jon\u00eb Orthodhokse me ardhjen e Kryepiskopit t\u00eb Tiran\u00ebs, Durr\u00ebsit, Elbasanit dhe gjith\u00eb Shqip\u00ebris\u00eb Imzot Anastasit filloi t\u00eb ringjallej n\u00eb t\u00eb gjith\u00eb Shqip\u00ebrin\u00eb dhe nj\u00ebkoh\u00ebsisht shfaqej nevoja p\u00ebr m\u00eb shum\u00eb persona p\u00ebr t\u00eb ndihmuar dhe udh\u00ebhequr ringjalljen e Kish\u00ebs. K\u00ebshtu Patriarkana Ekumenike, si N\u00ebn\u00eb e Kishave u kujdes p\u00ebr k\u00ebt\u00eb \u00e7\u00ebshtje. N\u00eb vitin 1992 Hir\u00ebsi Ignati u zgjodh Mitropolit i Beratit. N\u00eb dat\u00eb","og_url":"https:\/\/orthodoxalbania.org\/2020\/2008\/02\/26\/festohet-10-vjetori-i-fronezimit-te-hiresi-ignatit-si-mitropolit-i-beratit-2008\/","og_site_name":"Kisha Orthodh\u03bfkse Autoqefale e Shqip\u00ebris\u00eb","article_publisher":"https:\/\/www.facebook.com\/koash1991","article_published_time":"2008-02-26T00:00:00+00:00","article_modified_time":"2020-04-06T20:35:14+00:00","og_image":[{"url":"https:\/\/lh4.googleusercontent.com\/-Ywa9GSEQGJY\/VJFR9NOOkCI\/AAAAAAAAH8k\/jrpgalqx7WI\/w448-h287-no\/3+-+tekst++.jpg","type":"","width":"","height":""}],"author":"Kisha Orthodhokse","twitter_card":"summary_large_image","twitter_misc":{"Written by":"Kisha Orthodhokse","Est. reading time":"5 minutes"},"schema":{"@context":"https:\/\/schema.org","@graph":[{"@type":"Article","@id":"https:\/\/orthodoxalbania.org\/2020\/2008\/02\/26\/festohet-10-vjetori-i-fronezimit-te-hiresi-ignatit-si-mitropolit-i-beratit-2008\/#article","isPartOf":{"@id":"https:\/\/orthodoxalbania.org\/2020\/2008\/02\/26\/festohet-10-vjetori-i-fronezimit-te-hiresi-ignatit-si-mitropolit-i-beratit-2008\/"},"author":{"name":"Kisha Orthodhokse","@id":"https:\/\/orthodoxalbania.org\/2020\/#\/schema\/person\/0c387634a7063ac612d7ed9ce71c7e86"},"headline":"Festohet 10 vjetori i fron\u00ebzimit t\u00eb Hir\u00ebsi Ignatit si Mitropolit i Beratit. (2008)","datePublished":"2008-02-26T00:00:00+00:00","dateModified":"2020-04-06T20:35:14+00:00","mainEntityOfPage":{"@id":"https:\/\/orthodoxalbania.org\/2020\/2008\/02\/26\/festohet-10-vjetori-i-fronezimit-te-hiresi-ignatit-si-mitropolit-i-beratit-2008\/"},"wordCount":1038,"commentCount":0,"publisher":{"@id":"https:\/\/orthodoxalbania.org\/2020\/#organization"},"image":{"@id":"https:\/\/orthodoxalbania.org\/2020\/2008\/02\/26\/festohet-10-vjetori-i-fronezimit-te-hiresi-ignatit-si-mitropolit-i-beratit-2008\/#primaryimage"},"thumbnailUrl":"https:\/\/lh4.googleusercontent.com\/-Ywa9GSEQGJY\/VJFR9NOOkCI\/AAAAAAAAH8k\/jrpgalqx7WI\/w448-h287-no\/3+-+tekst++.jpg","keywords":["2008","Kremtime","lajme","Mitropolia Berat"],"articleSection":["Lajme"],"inLanguage":"en-US"},{"@type":"WebPage","@id":"https:\/\/orthodoxalbania.org\/2020\/2008\/02\/26\/festohet-10-vjetori-i-fronezimit-te-hiresi-ignatit-si-mitropolit-i-beratit-2008\/","url":"https:\/\/orthodoxalbania.org\/2020\/2008\/02\/26\/festohet-10-vjetori-i-fronezimit-te-hiresi-ignatit-si-mitropolit-i-beratit-2008\/","name":"Festohet 10 vjetori i fron\u00ebzimit t\u00eb Hir\u00ebsi Ignatit si Mitropolit i Beratit. (2008) - Kisha Orthodh\u03bfkse Autoqefale e Shqip\u00ebris\u00eb","isPartOf":{"@id":"https:\/\/orthodoxalbania.org\/2020\/#website"},"primaryImageOfPage":{"@id":"https:\/\/orthodoxalbania.org\/2020\/2008\/02\/26\/festohet-10-vjetori-i-fronezimit-te-hiresi-ignatit-si-mitropolit-i-beratit-2008\/#primaryimage"},"image":{"@id":"https:\/\/orthodoxalbania.org\/2020\/2008\/02\/26\/festohet-10-vjetori-i-fronezimit-te-hiresi-ignatit-si-mitropolit-i-beratit-2008\/#primaryimage"},"thumbnailUrl":"https:\/\/lh4.googleusercontent.com\/-Ywa9GSEQGJY\/VJFR9NOOkCI\/AAAAAAAAH8k\/jrpgalqx7WI\/w448-h287-no\/3+-+tekst++.jpg","datePublished":"2008-02-26T00:00:00+00:00","dateModified":"2020-04-06T20:35:14+00:00","breadcrumb":{"@id":"https:\/\/orthodoxalbania.org\/2020\/2008\/02\/26\/festohet-10-vjetori-i-fronezimit-te-hiresi-ignatit-si-mitropolit-i-beratit-2008\/#breadcrumb"},"inLanguage":"en-US","potentialAction":[{"@type":"ReadAction","target":["https:\/\/orthodoxalbania.org\/2020\/2008\/02\/26\/festohet-10-vjetori-i-fronezimit-te-hiresi-ignatit-si-mitropolit-i-beratit-2008\/"]}]},{"@type":"ImageObject","inLanguage":"en-US","@id":"https:\/\/orthodoxalbania.org\/2020\/2008\/02\/26\/festohet-10-vjetori-i-fronezimit-te-hiresi-ignatit-si-mitropolit-i-beratit-2008\/#primaryimage","url":"https:\/\/lh4.googleusercontent.com\/-Ywa9GSEQGJY\/VJFR9NOOkCI\/AAAAAAAAH8k\/jrpgalqx7WI\/w448-h287-no\/3+-+tekst++.jpg","contentUrl":"https:\/\/lh4.googleusercontent.com\/-Ywa9GSEQGJY\/VJFR9NOOkCI\/AAAAAAAAH8k\/jrpgalqx7WI\/w448-h287-no\/3+-+tekst++.jpg"},{"@type":"BreadcrumbList","@id":"https:\/\/orthodoxalbania.org\/2020\/2008\/02\/26\/festohet-10-vjetori-i-fronezimit-te-hiresi-ignatit-si-mitropolit-i-beratit-2008\/#breadcrumb","itemListElement":[{"@type":"ListItem","position":1,"name":"Home","item":"https:\/\/orthodoxalbania.org\/2020\/"},{"@type":"ListItem","position":2,"name":"Festohet 10 vjetori i fron\u00ebzimit t\u00eb Hir\u00ebsi Ignatit si Mitropolit i Beratit. (2008)"}]},{"@type":"WebSite","@id":"https:\/\/orthodoxalbania.org\/2020\/#website","url":"https:\/\/orthodoxalbania.org\/2020\/","name":"Kisha Orthodh\u03bfkse Autoqefale e Shqip\u00ebris\u00eb","description":"Fqja Zyrtare e Kish\u00ebs Orthodhokse Autoqefale e Shqip\u00ebris\u00eb me lajmet edhe informacionet zyrtare p\u00ebr struktur\u00ebn edhe veprimtarin e saj.","publisher":{"@id":"https:\/\/orthodoxalbania.org\/2020\/#organization"},"potentialAction":[{"@type":"SearchAction","target":{"@type":"EntryPoint","urlTemplate":"https:\/\/orthodoxalbania.org\/2020\/?s={search_term_string}"},"query-input":{"@type":"PropertyValueSpecification","valueRequired":true,"valueName":"search_term_string"}}],"inLanguage":"en-US"},{"@type":"Organization","@id":"https:\/\/orthodoxalbania.org\/2020\/#organization","name":"Kisha Orthodhokse Autoqefale e Shqip\u00ebris\u00eb","url":"https:\/\/orthodoxalbania.org\/2020\/","logo":{"@type":"ImageObject","inLanguage":"en-US","@id":"https:\/\/orthodoxalbania.org\/2020\/#\/schema\/logo\/image\/","url":"https:\/\/orthodoxalbania.org\/2020\/wp-content\/uploads\/2020\/05\/albania.jpeg","contentUrl":"https:\/\/orthodoxalbania.org\/2020\/wp-content\/uploads\/2020\/05\/albania.jpeg","width":540,"height":540,"caption":"Kisha Orthodhokse Autoqefale e Shqip\u00ebris\u00eb"},"image":{"@id":"https:\/\/orthodoxalbania.org\/2020\/#\/schema\/logo\/image\/"},"sameAs":["https:\/\/www.facebook.com\/koash1991"]},{"@type":"Person","@id":"https:\/\/orthodoxalbania.org\/2020\/#\/schema\/person\/0c387634a7063ac612d7ed9ce71c7e86","name":"Kisha Orthodhokse","image":{"@type":"ImageObject","inLanguage":"en-US","@id":"https:\/\/secure.gravatar.com\/avatar\/596e7c417251e30f2fbb9c00e026fce61a695a00e51c889caded71c96cbbdde5?s=96&d=mm&r=g","url":"https:\/\/secure.gravatar.com\/avatar\/596e7c417251e30f2fbb9c00e026fce61a695a00e51c889caded71c96cbbdde5?s=96&d=mm&r=g","contentUrl":"https:\/\/secure.gravatar.com\/avatar\/596e7c417251e30f2fbb9c00e026fce61a695a00e51c889caded71c96cbbdde5?s=96&d=mm&r=g","caption":"Kisha Orthodhokse"}}]}},"_links":{"self":[{"href":"https:\/\/orthodoxalbania.org\/2020\/wp-json\/wp\/v2\/posts\/537","targetHints":{"allow":["GET"]}}],"collection":[{"href":"https:\/\/orthodoxalbania.org\/2020\/wp-json\/wp\/v2\/posts"}],"about":[{"href":"https:\/\/orthodoxalbania.org\/2020\/wp-json\/wp\/v2\/types\/post"}],"author":[{"embeddable":true,"href":"https:\/\/orthodoxalbania.org\/2020\/wp-json\/wp\/v2\/users\/1"}],"replies":[{"embeddable":true,"href":"https:\/\/orthodoxalbania.org\/2020\/wp-json\/wp\/v2\/comments?post=537"}],"version-history":[{"count":1,"href":"https:\/\/orthodoxalbania.org\/2020\/wp-json\/wp\/v2\/posts\/537\/revisions"}],"predecessor-version":[{"id":15629,"href":"https:\/\/orthodoxalbania.org\/2020\/wp-json\/wp\/v2\/posts\/537\/revisions\/15629"}],"wp:attachment":[{"href":"https:\/\/orthodoxalbania.org\/2020\/wp-json\/wp\/v2\/media?parent=537"}],"wp:term":[{"taxonomy":"category","embeddable":true,"href":"https:\/\/orthodoxalbania.org\/2020\/wp-json\/wp\/v2\/categories?post=537"},{"taxonomy":"post_tag","embeddable":true,"href":"https:\/\/orthodoxalbania.org\/2020\/wp-json\/wp\/v2\/tags?post=537"}],"curies":[{"name":"wp","href":"https:\/\/api.w.org\/{rel}","templated":true}]}}