{"id":5368,"date":"2017-06-24T15:12:30","date_gmt":"2017-06-24T15:12:30","guid":{"rendered":""},"modified":"2020-04-06T21:58:19","modified_gmt":"2020-04-06T19:58:19","slug":"25-vite-nga-zgjedhja-e-fortlumturise-se-tij-anastasit-kryepiskop-i-tiranes-durresit-dhe-i-gjithe-shqiperise","status":"publish","type":"post","link":"https:\/\/orthodoxalbania.org\/2020\/2017\/06\/24\/25-vite-nga-zgjedhja-e-fortlumturise-se-tij-anastasit-kryepiskop-i-tiranes-durresit-dhe-i-gjithe-shqiperise\/","title":{"rendered":"25 vite nga zgjedhja e Fortlumturis\u00eb s\u00eb Tij Anastasit, Kryepiskop i Tiran\u00ebs, Durr\u00ebsit dhe i Gjith\u00eb Shqip\u00ebris\u00eb"},"content":{"rendered":"<p style=\"text-align: center;\"><span style=\"font-size: 12pt; font-family: helvetica; color: #800000;\"><strong>25 vite nga zgjedhja e Fortlumturis\u00eb s\u00eb Tij Anastasit, Kryepiskop i Tiran\u00ebs, Durr\u00ebsit dhe i Gjith\u00eb Shqip\u00ebris\u00eb<\/strong><\/span><\/p>\n<p style=\"text-align: center;\">&nbsp;<\/p>\n<p style=\"text-align: center;\"><span style=\"font-size: 12pt; font-family: helvetica; color: #800000;\"><strong>Liturgji Hyjnore festive n\u00eb Katedralen \u201cNgjallja e Krishtit\u201d<\/strong><\/span><\/p>\n<p style=\"text-align: justify;\">&nbsp;<\/p>\n<p style=\"text-align: justify;\"><span style=\"font-size: 12pt; font-family: helvetica; color: #000000;\">Sot, 24 qershor 2017, me nj\u00eb Liturgji Hyjnore panegjirike u kremtua 25-vjetori i zgjedhjes nga Patriarkana Ekumenike i Fortlumturis\u00eb s\u00eb Tij Anastasit, si Kryepiskop i Tiran\u00ebs, Durr\u00ebsit dhe i Gjith\u00eb Shqip\u00ebris\u00eb. N\u00eb Liturgji bashk\u00ebmeshuan an\u00ebtar\u00eb t\u00eb Sinodit t\u00eb Shenjt\u00eb; Mitropoliti i Beratit Ignati, Mitropoliti i Gjirokastr\u00ebs Dhimitri, Mitropoliti i Apollonis\u00eb dhe Fierit Nikolla, Mitropoliti i Elbasanit dhe Shpatit, Andoni dhe Mitropoliti i Amantias, Nathanaili; si dhe klerik\u00eb t\u00eb dor\u00ebzuar nga Kryepiskopi Anastas n\u00eb k\u00ebto vite.<\/span><\/p>\n<p style=\"text-align: justify;\"><span style=\"font-size: 12pt; font-family: helvetica; color: #000000;\">N\u00eb fund t\u00eb Liturgjis\u00eb Hyjnore, Kryepiskopi Anastas iu drejtua besimtar\u00ebve duke fal\u00ebnderuar s\u00eb pari Per\u00ebndin\u00eb p\u00ebr dhuratat e bollshme n\u00eb k\u00ebto vite, si dhe bashk\u00ebpun\u00ebtor\u00ebt e tij n\u00eb Sinodin e Shenjt\u00eb. M\u00eb tej, Kryepiskopi p\u00ebrmblodhi edhe nj\u00eb her\u00eb momentet m\u00eb dometh\u00ebn\u00ebse dhe v\u00ebshtir\u00ebsit\u00eb q\u00eb p\u00ebrshkuan zgjedhjen e Tij, ve\u00e7an\u00ebrisht p\u00ebr t\u2019ua b\u00ebr\u00eb t\u00eb njohura m\u00eb t\u00eb rinjve, q\u00eb nuk i kan\u00eb jetuar ato dit\u00eb historike p\u00ebr Kish\u00ebn ton\u00eb. Ai tregoi p\u00ebr ardhjen n\u00eb Shqip\u00ebri si Ekzark Patriarkal, njohjen me zgjedhjen si Kryepiskop nga Patriarkana Ekumenike e Konstandinopoj\u00ebs m\u00eb 24 qershor 1992, ngurrimet p\u00ebr pranimin e detyr\u00ebs dhe kushtet q\u00eb kjo zgjedhje t\u00eb b\u00ebhej efektive, pranimin e detyr\u00ebs dhe pengesat q\u00eb pasuan nga grupe q\u00eb nuk e donin ringritjen kanonike t\u00eb Kish\u00ebs son\u00eb. Pastaj, Fortlumturia e Tj u ndal tek dhuratat e shumta q\u00eb Per\u00ebndia i dhuroi Kish\u00ebs dhe besimtar\u00ebve n\u00eb k\u00ebto vite, duke marr\u00eb si shembull edhe rreth 45 klerik\u00eb t\u00eb dor\u00ebzuar nga vet\u00eb ai, q\u00eb merrnin pjes\u00eb n\u00eb k\u00ebt\u00eb Liturgji Hyjnore dhe shprehu sigurin\u00eb se k\u00ebto bekime nuk do mungojn\u00eb edhe n\u00eb t\u00eb ardhmen. Pastaj, t\u00eb rinj dhe besimtar\u00eb i dhuruan lule Kryepiskopit Anastas, n\u00eb shenj\u00eb fal\u00ebnderimi dhe mir\u00ebnjohjeje t\u00eb thell\u00eb p\u00ebr gjith\u00eb \u00e7ka b\u00ebr\u00eb p\u00ebr Kish\u00ebn dhe vendin ton\u00eb n\u00eb k\u00ebto vite baritimi si Kryepiskop i Tiran\u00ebs, Durr\u00ebsit dhe i Gjith\u00eb Shqip\u00ebris\u00eb, urime dhe fal\u00ebnderime q\u00eb vazhduan edhe pas mbarimit t\u00eb sh\u00ebrbes\u00ebs, n\u00eb mjediset e Kompleksit t\u00eb Katedrales.<\/span><\/p>\n<p style=\"text-align: justify;\"><span style=\"font-size: 12pt; font-family: helvetica; color: #000000;\">Fillimi i viteve \u201990, megjith\u00ebse formalisht ishte rifituar liria e besimit, ishte dramatik p\u00ebr Komunitetin e besimtar\u00ebve orthodhoks\u00eb t\u00eb Shqip\u00ebris\u00eb. Pa asnj\u00eb episkop, madje pa asnj\u00eb kandidat p\u00ebr t\u2019u ngritur n\u00eb k\u00ebt\u00eb grad\u00eb; vet\u00ebm 15 klerik\u00eb n\u00eb mosh\u00eb pensioni e t\u00eb s\u00ebmur\u00eb, pa kisha (ato ishin shkat\u00ebrruar apo transformuar n\u00eb objekte laike), pa mund\u00ebsi financiare, p\u00ebr shkak t\u00eb varf\u00ebris\u00eb s\u00eb thell\u00eb, por edhe sepse shteti nuk mori p\u00ebrsip\u00ebr asnj\u00eb detyrim p\u00ebr t\u2019i mb\u00ebshtetur komunitet fetare, gjendja ishte d\u00ebshp\u00ebruese. N\u00eb k\u00ebto kushte, i vetmi autoritet q\u00eb kishte p\u00ebrgjegj\u00ebsin\u00eb dhe mund\u00ebsin\u00eb p\u00ebr t\u00eb marr\u00eb iniciativa p\u00ebr ringritjen e Kish\u00ebs Orthodhokse n\u00eb Shqip\u00ebri, ishte Patriarkana Ekumenike e Konstandinopoj\u00ebs, Kisha M\u00ebm\u00eb, q\u00eb Kishte dh\u00ebn\u00eb Tomosin e Autoqefalis\u00eb, n\u00eb vitin 1937. Ajo njihet nga t\u00eb gjitha Kishat Orthodhokse si e para p\u00ebr nga radha dhe p\u00ebrgjegj\u00ebse p\u00ebr Kishat nevojtare. Patriarkana d\u00ebrgoi n\u00eb Shqip\u00ebri p\u00ebr t\u00eb par\u00eb situat\u00ebn dhe nevojat nj\u00eb nga njer\u00ebzit m\u00eb t\u00eb kualifikuar, t\u00eb njohur n\u00eb t\u00eb gjith\u00eb bot\u00ebn Orthodhokse dhe m\u00eb gjer\u00eb, Mitropolitin e Andrus\u00ebs, Prof. Dr. Anastasin, n\u00eb at\u00eb koh\u00eb Moderator i Komisionit t\u00eb Misionarizmit dhe Ungjill\u00ebzimit t\u00eb K\u00ebshillit Bot\u00ebror t\u00eb Kishave dhe Kryepiskop i komanduar i Arqidioqez\u00ebs s\u00eb Kenias, Ugand\u00ebs dhe Tanzanis\u00eb.<\/span><\/p>\n<p style=\"text-align: justify;\"><span style=\"font-size: 12pt; font-family: helvetica; color: #000000;\">Pas mb\u00ebrritjes n\u00eb vendin ton\u00eb, ai u p\u00ebrkushtua p\u00ebr ndryshimin e gjendjes dramatike, duke nisur me hapjen e Seminarit p\u00ebr p\u00ebrgatitjen e klerik\u00ebve t\u00eb rinj e ringritjen e enorive dhe t\u00eb jet\u00ebs shpirt\u00ebrore dhe liturgjike, duke vazhduar me riparimin e objekteve ekzistuese dhe me p\u00ebrpjekjet p\u00ebr ngritjen e kishave t\u00eb reja. Ishte kjo pun\u00eb vet\u00ebmohuese, e cila i bindi orthodhoks\u00ebt e Shqip\u00ebris\u00eb, q\u00eb t\u2019i k\u00ebrkonin zyrtarisht Patriarkan\u00ebs Ekumenike q\u00eb ta kishin Anastasin si Atin dhe Kryebariun e tyre.<\/span><\/p>\n<p style=\"text-align: justify;\">&nbsp;<\/p>\n<p style=\"text-align: center;\"><img class=\"lazyload\" decoding=\"async\" style=\"display: block; margin: 10px auto; border: 1px solid #000000;\" alt=\"\" src=\"data:image\/svg+xml,%3Csvg%20xmlns%3D%27http%3A%2F%2Fwww.w3.org%2F2000%2Fsvg%27%20width%3D%27450%27%20height%3D%27301%27%20viewBox%3D%270%200%20450%20301%27%3E%3Crect%20width%3D%27450%27%20height%3D%27301%27%20fill-opacity%3D%220%22%2F%3E%3C%2Fsvg%3E\" data-orig-src=\"https:\/\/orthodoxalbania.org\/2020\/wp-content\/uploads\/2020\/04\/1-1-6-9.jpg\" height=\"301\" width=\"450\" \/><\/p>\n<p style=\"text-align: center;\"><img class=\"lazyload\" decoding=\"async\" style=\"display: block; margin: 10px auto; border: 1px solid #000000;\" alt=\"\" src=\"data:image\/svg+xml,%3Csvg%20xmlns%3D%27http%3A%2F%2Fwww.w3.org%2F2000%2Fsvg%27%20width%3D%27450%27%20height%3D%27711%27%20viewBox%3D%270%200%20450%20711%27%3E%3Crect%20width%3D%27450%27%20height%3D%27711%27%20fill-opacity%3D%220%22%2F%3E%3C%2Fsvg%3E\" data-orig-src=\"https:\/\/orthodoxalbania.org\/2020\/wp-content\/uploads\/2020\/04\/2-9-9.jpg\" height=\"711\" width=\"450\" \/><\/p>\n<p style=\"text-align: center;\"><img class=\"lazyload\" decoding=\"async\" style=\"display: block; margin: 10px auto; border: 1px solid #000000;\" alt=\"\" src=\"data:image\/svg+xml,%3Csvg%20xmlns%3D%27http%3A%2F%2Fwww.w3.org%2F2000%2Fsvg%27%20width%3D%27450%27%20height%3D%27300%27%20viewBox%3D%270%200%20450%20300%27%3E%3Crect%20width%3D%27450%27%20height%3D%27300%27%20fill-opacity%3D%220%22%2F%3E%3C%2Fsvg%3E\" data-orig-src=\"https:\/\/orthodoxalbania.org\/2020\/wp-content\/uploads\/2020\/04\/3-9-1-4.jpg\" height=\"300\" width=\"450\" \/><\/p>\n<p style=\"text-align: center;\"><img class=\"lazyload\" decoding=\"async\" style=\"display: block; margin: 10px auto; border: 1px solid #000000;\" alt=\"\" src=\"data:image\/svg+xml,%3Csvg%20xmlns%3D%27http%3A%2F%2Fwww.w3.org%2F2000%2Fsvg%27%20width%3D%27450%27%20height%3D%27675%27%20viewBox%3D%270%200%20450%20675%27%3E%3Crect%20width%3D%27450%27%20height%3D%27675%27%20fill-opacity%3D%220%22%2F%3E%3C%2Fsvg%3E\" data-orig-src=\"https:\/\/orthodoxalbania.org\/2020\/wp-content\/uploads\/2020\/04\/4-6-5.jpg\" height=\"675\" width=\"450\" \/><\/p>\n<p style=\"text-align: center;\"><img class=\"lazyload\" decoding=\"async\" style=\"display: block; margin: 10px auto; border: 1px solid #000000;\" alt=\"\" src=\"data:image\/svg+xml,%3Csvg%20xmlns%3D%27http%3A%2F%2Fwww.w3.org%2F2000%2Fsvg%27%20width%3D%27450%27%20height%3D%27300%27%20viewBox%3D%270%200%20450%20300%27%3E%3Crect%20width%3D%27450%27%20height%3D%27300%27%20fill-opacity%3D%220%22%2F%3E%3C%2Fsvg%3E\" data-orig-src=\"https:\/\/orthodoxalbania.org\/2020\/wp-content\/uploads\/2020\/04\/5-4-4.jpg\" height=\"300\" width=\"450\" \/><\/p>\n<p style=\"text-align: center;\"><img class=\"lazyload\" decoding=\"async\" style=\"display: block; margin: 10px auto; border: 1px solid #000000;\" alt=\"\" src=\"data:image\/svg+xml,%3Csvg%20xmlns%3D%27http%3A%2F%2Fwww.w3.org%2F2000%2Fsvg%27%20width%3D%27450%27%20height%3D%27300%27%20viewBox%3D%270%200%20450%20300%27%3E%3Crect%20width%3D%27450%27%20height%3D%27300%27%20fill-opacity%3D%220%22%2F%3E%3C%2Fsvg%3E\" data-orig-src=\"https:\/\/orthodoxalbania.org\/2020\/wp-content\/uploads\/2020\/04\/6-0-0.jpg\" height=\"300\" width=\"450\" \/><\/p>\n<p style=\"text-align: center;\"><img class=\"lazyload\" decoding=\"async\" style=\"display: block; margin: 10px auto; border: 1px solid #000000;\" alt=\"\" src=\"data:image\/svg+xml,%3Csvg%20xmlns%3D%27http%3A%2F%2Fwww.w3.org%2F2000%2Fsvg%27%20width%3D%27450%27%20height%3D%27817%27%20viewBox%3D%270%200%20450%20817%27%3E%3Crect%20width%3D%27450%27%20height%3D%27817%27%20fill-opacity%3D%220%22%2F%3E%3C%2Fsvg%3E\" data-orig-src=\"https:\/\/orthodoxalbania.org\/2020\/wp-content\/uploads\/2020\/04\/7-7-8.jpg\" height=\"817\" width=\"450\" \/><\/p>\n<p style=\"text-align: center;\"><img class=\"lazyload\" decoding=\"async\" style=\"display: block; margin: 10px auto; border: 1px solid #000000;\" alt=\"\" src=\"data:image\/svg+xml,%3Csvg%20xmlns%3D%27http%3A%2F%2Fwww.w3.org%2F2000%2Fsvg%27%20width%3D%27450%27%20height%3D%27774%27%20viewBox%3D%270%200%20450%20774%27%3E%3Crect%20width%3D%27450%27%20height%3D%27774%27%20fill-opacity%3D%220%22%2F%3E%3C%2Fsvg%3E\" data-orig-src=\"https:\/\/orthodoxalbania.org\/2020\/wp-content\/uploads\/2020\/04\/8-7-9.jpg\" height=\"774\" width=\"450\" \/><\/p>\n<p style=\"text-align: center;\"><img class=\"lazyload\" decoding=\"async\" style=\"display: block; margin: 10px auto; border: 1px solid #000000;\" alt=\"\" src=\"data:image\/svg+xml,%3Csvg%20xmlns%3D%27http%3A%2F%2Fwww.w3.org%2F2000%2Fsvg%27%20width%3D%27450%27%20height%3D%27416%27%20viewBox%3D%270%200%20450%20416%27%3E%3Crect%20width%3D%27450%27%20height%3D%27416%27%20fill-opacity%3D%220%22%2F%3E%3C%2Fsvg%3E\" data-orig-src=\"https:\/\/orthodoxalbania.org\/2020\/wp-content\/uploads\/2020\/04\/9-0-2.jpg\" height=\"416\" width=\"450\" \/><\/p>\n","protected":false},"excerpt":{"rendered":"<p>25 vite nga zgjedhja e Fortlumturis\u00eb s\u00eb Tij Anastasit, Kryepiskop i Tiran\u00ebs, Durr\u00ebsit dhe i Gjith\u00eb Shqip\u00ebris\u00eb &nbsp; Liturgji Hyjnore festive n\u00eb Katedralen \u201cNgjallja e Krishtit\u201d &nbsp; Sot, 24 qershor 2017, me nj\u00eb Liturgji Hyjnore panegjirike u kremtua 25-vjetori i zgjedhjes nga Patriarkana Ekumenike i Fortlumturis\u00eb s\u00eb Tij Anastasit, si Kryepiskop i Tiran\u00ebs, Durr\u00ebsit dhe i Gjith\u00eb Shqip\u00ebris\u00eb. N\u00eb Liturgji bashk\u00ebmeshuan an\u00ebtar\u00eb t\u00eb Sinodit t\u00eb<\/p>\n","protected":false},"author":1,"featured_media":5369,"comment_status":"open","ping_status":"open","sticky":false,"template":"","format":"standard","meta":{"_acf_changed":false,"pagelayer_contact_templates":[],"_pagelayer_content":"","inline_featured_image":false,"fifu_image_url":"","fifu_image_alt":"","footnotes":""},"categories":[108],"tags":[209,184,157,196,201,212],"class_list":["post-5368","post","type-post","status-publish","format-standard","has-post-thumbnail","hentry","category-lajme","tag-209","tag-katedralja-ngjallja-e-krishtit-tirane","tag-kremtime","tag-tirane","tag-kryepiskopi-anastas","tag-lajme-d27"],"acf":[],"yoast_head":"<!-- This site is optimized with the Yoast SEO plugin v27.2 - https:\/\/yoast.com\/product\/yoast-seo-wordpress\/ -->\n<title>25 vite nga zgjedhja e Fortlumturis\u00eb s\u00eb Tij Anastasit, Kryepiskop i Tiran\u00ebs, Durr\u00ebsit dhe i Gjith\u00eb Shqip\u00ebris\u00eb - Kisha Orthodh\u03bfkse Autoqefale e Shqip\u00ebris\u00eb<\/title>\n<meta name=\"robots\" content=\"index, follow, max-snippet:-1, max-image-preview:large, max-video-preview:-1\" \/>\n<link rel=\"canonical\" href=\"https:\/\/orthodoxalbania.org\/2020\/2017\/06\/24\/25-vite-nga-zgjedhja-e-fortlumturise-se-tij-anastasit-kryepiskop-i-tiranes-durresit-dhe-i-gjithe-shqiperise\/\" \/>\n<meta property=\"og:locale\" content=\"en_US\" \/>\n<meta property=\"og:type\" content=\"article\" \/>\n<meta property=\"og:title\" content=\"25 vite nga zgjedhja e Fortlumturis\u00eb s\u00eb Tij Anastasit, Kryepiskop i Tiran\u00ebs, Durr\u00ebsit dhe i Gjith\u00eb Shqip\u00ebris\u00eb - Kisha Orthodh\u03bfkse Autoqefale e Shqip\u00ebris\u00eb\" \/>\n<meta property=\"og:description\" content=\"25 vite nga zgjedhja e Fortlumturis\u00eb s\u00eb Tij Anastasit, Kryepiskop i Tiran\u00ebs, Durr\u00ebsit dhe i Gjith\u00eb Shqip\u00ebris\u00eb &nbsp; Liturgji Hyjnore festive n\u00eb Katedralen \u201cNgjallja e Krishtit\u201d &nbsp; Sot, 24 qershor 2017, me nj\u00eb Liturgji Hyjnore panegjirike u kremtua 25-vjetori i zgjedhjes nga Patriarkana Ekumenike i Fortlumturis\u00eb s\u00eb Tij Anastasit, si Kryepiskop i Tiran\u00ebs, Durr\u00ebsit dhe i Gjith\u00eb Shqip\u00ebris\u00eb. N\u00eb Liturgji bashk\u00ebmeshuan an\u00ebtar\u00eb t\u00eb Sinodit t\u00eb\" \/>\n<meta property=\"og:url\" content=\"https:\/\/orthodoxalbania.org\/2020\/2017\/06\/24\/25-vite-nga-zgjedhja-e-fortlumturise-se-tij-anastasit-kryepiskop-i-tiranes-durresit-dhe-i-gjithe-shqiperise\/\" \/>\n<meta property=\"og:site_name\" content=\"Kisha Orthodh\u03bfkse Autoqefale e Shqip\u00ebris\u00eb\" \/>\n<meta property=\"article:publisher\" content=\"https:\/\/www.facebook.com\/koash1991\" \/>\n<meta property=\"article:published_time\" content=\"2017-06-24T15:12:30+00:00\" \/>\n<meta property=\"article:modified_time\" content=\"2020-04-06T19:58:19+00:00\" \/>\n<meta property=\"og:image\" content=\"https:\/\/orthodoxalbania.org\/2020\/wp-content\/uploads\/2020\/04\/3-6-7.jpg\" \/>\n\t<meta property=\"og:image:width\" content=\"2048\" \/>\n\t<meta property=\"og:image:height\" content=\"1365\" \/>\n\t<meta property=\"og:image:type\" content=\"image\/jpeg\" \/>\n<meta name=\"author\" content=\"Kisha Orthodhokse\" \/>\n<meta name=\"twitter:card\" content=\"summary_large_image\" \/>\n<meta name=\"twitter:label1\" content=\"Written by\" \/>\n\t<meta name=\"twitter:data1\" content=\"Kisha Orthodhokse\" \/>\n\t<meta name=\"twitter:label2\" content=\"Est. reading time\" \/>\n\t<meta name=\"twitter:data2\" content=\"4 minutes\" \/>\n<script type=\"application\/ld+json\" class=\"yoast-schema-graph\">{\"@context\":\"https:\/\/schema.org\",\"@graph\":[{\"@type\":\"Article\",\"@id\":\"https:\/\/orthodoxalbania.org\/2020\/2017\/06\/24\/25-vite-nga-zgjedhja-e-fortlumturise-se-tij-anastasit-kryepiskop-i-tiranes-durresit-dhe-i-gjithe-shqiperise\/#article\",\"isPartOf\":{\"@id\":\"https:\/\/orthodoxalbania.org\/2020\/2017\/06\/24\/25-vite-nga-zgjedhja-e-fortlumturise-se-tij-anastasit-kryepiskop-i-tiranes-durresit-dhe-i-gjithe-shqiperise\/\"},\"author\":{\"name\":\"Kisha Orthodhokse\",\"@id\":\"https:\/\/orthodoxalbania.org\/2020\/#\/schema\/person\/0c387634a7063ac612d7ed9ce71c7e86\"},\"headline\":\"25 vite nga zgjedhja e Fortlumturis\u00eb s\u00eb Tij Anastasit, Kryepiskop i Tiran\u00ebs, Durr\u00ebsit dhe i Gjith\u00eb Shqip\u00ebris\u00eb\",\"datePublished\":\"2017-06-24T15:12:30+00:00\",\"dateModified\":\"2020-04-06T19:58:19+00:00\",\"mainEntityOfPage\":{\"@id\":\"https:\/\/orthodoxalbania.org\/2020\/2017\/06\/24\/25-vite-nga-zgjedhja-e-fortlumturise-se-tij-anastasit-kryepiskop-i-tiranes-durresit-dhe-i-gjithe-shqiperise\/\"},\"wordCount\":736,\"commentCount\":0,\"publisher\":{\"@id\":\"https:\/\/orthodoxalbania.org\/2020\/#organization\"},\"image\":{\"@id\":\"https:\/\/orthodoxalbania.org\/2020\/2017\/06\/24\/25-vite-nga-zgjedhja-e-fortlumturise-se-tij-anastasit-kryepiskop-i-tiranes-durresit-dhe-i-gjithe-shqiperise\/#primaryimage\"},\"thumbnailUrl\":\"https:\/\/orthodoxalbania.org\/2020\/wp-content\/uploads\/2020\/04\/3-6-7.jpg\",\"keywords\":[\"2017\",\"Katedralja \u201cNgjallja e Krishtit\u201d Tiran\u00eb\",\"Kremtime\",\"Kryepiskopata Tiran\u00eb\",\"Kryepiskopi Anastas\",\"lajme\"],\"articleSection\":[\"Lajme\"],\"inLanguage\":\"en-US\"},{\"@type\":\"WebPage\",\"@id\":\"https:\/\/orthodoxalbania.org\/2020\/2017\/06\/24\/25-vite-nga-zgjedhja-e-fortlumturise-se-tij-anastasit-kryepiskop-i-tiranes-durresit-dhe-i-gjithe-shqiperise\/\",\"url\":\"https:\/\/orthodoxalbania.org\/2020\/2017\/06\/24\/25-vite-nga-zgjedhja-e-fortlumturise-se-tij-anastasit-kryepiskop-i-tiranes-durresit-dhe-i-gjithe-shqiperise\/\",\"name\":\"25 vite nga zgjedhja e Fortlumturis\u00eb s\u00eb Tij Anastasit, Kryepiskop i Tiran\u00ebs, Durr\u00ebsit dhe i Gjith\u00eb Shqip\u00ebris\u00eb - Kisha Orthodh\u03bfkse Autoqefale e Shqip\u00ebris\u00eb\",\"isPartOf\":{\"@id\":\"https:\/\/orthodoxalbania.org\/2020\/#website\"},\"primaryImageOfPage\":{\"@id\":\"https:\/\/orthodoxalbania.org\/2020\/2017\/06\/24\/25-vite-nga-zgjedhja-e-fortlumturise-se-tij-anastasit-kryepiskop-i-tiranes-durresit-dhe-i-gjithe-shqiperise\/#primaryimage\"},\"image\":{\"@id\":\"https:\/\/orthodoxalbania.org\/2020\/2017\/06\/24\/25-vite-nga-zgjedhja-e-fortlumturise-se-tij-anastasit-kryepiskop-i-tiranes-durresit-dhe-i-gjithe-shqiperise\/#primaryimage\"},\"thumbnailUrl\":\"https:\/\/orthodoxalbania.org\/2020\/wp-content\/uploads\/2020\/04\/3-6-7.jpg\",\"datePublished\":\"2017-06-24T15:12:30+00:00\",\"dateModified\":\"2020-04-06T19:58:19+00:00\",\"breadcrumb\":{\"@id\":\"https:\/\/orthodoxalbania.org\/2020\/2017\/06\/24\/25-vite-nga-zgjedhja-e-fortlumturise-se-tij-anastasit-kryepiskop-i-tiranes-durresit-dhe-i-gjithe-shqiperise\/#breadcrumb\"},\"inLanguage\":\"en-US\",\"potentialAction\":[{\"@type\":\"ReadAction\",\"target\":[\"https:\/\/orthodoxalbania.org\/2020\/2017\/06\/24\/25-vite-nga-zgjedhja-e-fortlumturise-se-tij-anastasit-kryepiskop-i-tiranes-durresit-dhe-i-gjithe-shqiperise\/\"]}]},{\"@type\":\"ImageObject\",\"inLanguage\":\"en-US\",\"@id\":\"https:\/\/orthodoxalbania.org\/2020\/2017\/06\/24\/25-vite-nga-zgjedhja-e-fortlumturise-se-tij-anastasit-kryepiskop-i-tiranes-durresit-dhe-i-gjithe-shqiperise\/#primaryimage\",\"url\":\"https:\/\/orthodoxalbania.org\/2020\/wp-content\/uploads\/2020\/04\/3-6-7.jpg\",\"contentUrl\":\"https:\/\/orthodoxalbania.org\/2020\/wp-content\/uploads\/2020\/04\/3-6-7.jpg\",\"width\":2048,\"height\":1365},{\"@type\":\"BreadcrumbList\",\"@id\":\"https:\/\/orthodoxalbania.org\/2020\/2017\/06\/24\/25-vite-nga-zgjedhja-e-fortlumturise-se-tij-anastasit-kryepiskop-i-tiranes-durresit-dhe-i-gjithe-shqiperise\/#breadcrumb\",\"itemListElement\":[{\"@type\":\"ListItem\",\"position\":1,\"name\":\"Home\",\"item\":\"https:\/\/orthodoxalbania.org\/2020\/\"},{\"@type\":\"ListItem\",\"position\":2,\"name\":\"25 vite nga zgjedhja e Fortlumturis\u00eb s\u00eb Tij Anastasit, Kryepiskop i Tiran\u00ebs, Durr\u00ebsit dhe i Gjith\u00eb Shqip\u00ebris\u00eb\"}]},{\"@type\":\"WebSite\",\"@id\":\"https:\/\/orthodoxalbania.org\/2020\/#website\",\"url\":\"https:\/\/orthodoxalbania.org\/2020\/\",\"name\":\"Kisha Orthodh\u03bfkse Autoqefale e Shqip\u00ebris\u00eb\",\"description\":\"Fqja Zyrtare e Kish\u00ebs Orthodhokse Autoqefale e Shqip\u00ebris\u00eb me lajmet edhe informacionet zyrtare p\u00ebr struktur\u00ebn edhe veprimtarin e saj.\",\"publisher\":{\"@id\":\"https:\/\/orthodoxalbania.org\/2020\/#organization\"},\"potentialAction\":[{\"@type\":\"SearchAction\",\"target\":{\"@type\":\"EntryPoint\",\"urlTemplate\":\"https:\/\/orthodoxalbania.org\/2020\/?s={search_term_string}\"},\"query-input\":{\"@type\":\"PropertyValueSpecification\",\"valueRequired\":true,\"valueName\":\"search_term_string\"}}],\"inLanguage\":\"en-US\"},{\"@type\":\"Organization\",\"@id\":\"https:\/\/orthodoxalbania.org\/2020\/#organization\",\"name\":\"Kisha Orthodhokse Autoqefale e Shqip\u00ebris\u00eb\",\"url\":\"https:\/\/orthodoxalbania.org\/2020\/\",\"logo\":{\"@type\":\"ImageObject\",\"inLanguage\":\"en-US\",\"@id\":\"https:\/\/orthodoxalbania.org\/2020\/#\/schema\/logo\/image\/\",\"url\":\"https:\/\/orthodoxalbania.org\/2020\/wp-content\/uploads\/2020\/05\/albania.jpeg\",\"contentUrl\":\"https:\/\/orthodoxalbania.org\/2020\/wp-content\/uploads\/2020\/05\/albania.jpeg\",\"width\":540,\"height\":540,\"caption\":\"Kisha Orthodhokse Autoqefale e Shqip\u00ebris\u00eb\"},\"image\":{\"@id\":\"https:\/\/orthodoxalbania.org\/2020\/#\/schema\/logo\/image\/\"},\"sameAs\":[\"https:\/\/www.facebook.com\/koash1991\"]},{\"@type\":\"Person\",\"@id\":\"https:\/\/orthodoxalbania.org\/2020\/#\/schema\/person\/0c387634a7063ac612d7ed9ce71c7e86\",\"name\":\"Kisha Orthodhokse\",\"image\":{\"@type\":\"ImageObject\",\"inLanguage\":\"en-US\",\"@id\":\"https:\/\/secure.gravatar.com\/avatar\/596e7c417251e30f2fbb9c00e026fce61a695a00e51c889caded71c96cbbdde5?s=96&d=mm&r=g\",\"url\":\"https:\/\/secure.gravatar.com\/avatar\/596e7c417251e30f2fbb9c00e026fce61a695a00e51c889caded71c96cbbdde5?s=96&d=mm&r=g\",\"contentUrl\":\"https:\/\/secure.gravatar.com\/avatar\/596e7c417251e30f2fbb9c00e026fce61a695a00e51c889caded71c96cbbdde5?s=96&d=mm&r=g\",\"caption\":\"Kisha Orthodhokse\"}}]}<\/script>\n<!-- \/ Yoast SEO plugin. -->","yoast_head_json":{"title":"25 vite nga zgjedhja e Fortlumturis\u00eb s\u00eb Tij Anastasit, Kryepiskop i Tiran\u00ebs, Durr\u00ebsit dhe i Gjith\u00eb Shqip\u00ebris\u00eb - Kisha Orthodh\u03bfkse Autoqefale e Shqip\u00ebris\u00eb","robots":{"index":"index","follow":"follow","max-snippet":"max-snippet:-1","max-image-preview":"max-image-preview:large","max-video-preview":"max-video-preview:-1"},"canonical":"https:\/\/orthodoxalbania.org\/2020\/2017\/06\/24\/25-vite-nga-zgjedhja-e-fortlumturise-se-tij-anastasit-kryepiskop-i-tiranes-durresit-dhe-i-gjithe-shqiperise\/","og_locale":"en_US","og_type":"article","og_title":"25 vite nga zgjedhja e Fortlumturis\u00eb s\u00eb Tij Anastasit, Kryepiskop i Tiran\u00ebs, Durr\u00ebsit dhe i Gjith\u00eb Shqip\u00ebris\u00eb - Kisha Orthodh\u03bfkse Autoqefale e Shqip\u00ebris\u00eb","og_description":"25 vite nga zgjedhja e Fortlumturis\u00eb s\u00eb Tij Anastasit, Kryepiskop i Tiran\u00ebs, Durr\u00ebsit dhe i Gjith\u00eb Shqip\u00ebris\u00eb &nbsp; Liturgji Hyjnore festive n\u00eb Katedralen \u201cNgjallja e Krishtit\u201d &nbsp; Sot, 24 qershor 2017, me nj\u00eb Liturgji Hyjnore panegjirike u kremtua 25-vjetori i zgjedhjes nga Patriarkana Ekumenike i Fortlumturis\u00eb s\u00eb Tij Anastasit, si Kryepiskop i Tiran\u00ebs, Durr\u00ebsit dhe i Gjith\u00eb Shqip\u00ebris\u00eb. N\u00eb Liturgji bashk\u00ebmeshuan an\u00ebtar\u00eb t\u00eb Sinodit t\u00eb","og_url":"https:\/\/orthodoxalbania.org\/2020\/2017\/06\/24\/25-vite-nga-zgjedhja-e-fortlumturise-se-tij-anastasit-kryepiskop-i-tiranes-durresit-dhe-i-gjithe-shqiperise\/","og_site_name":"Kisha Orthodh\u03bfkse Autoqefale e Shqip\u00ebris\u00eb","article_publisher":"https:\/\/www.facebook.com\/koash1991","article_published_time":"2017-06-24T15:12:30+00:00","article_modified_time":"2020-04-06T19:58:19+00:00","og_image":[{"width":2048,"height":1365,"url":"https:\/\/orthodoxalbania.org\/2020\/wp-content\/uploads\/2020\/04\/3-6-7.jpg","type":"image\/jpeg"}],"author":"Kisha Orthodhokse","twitter_card":"summary_large_image","twitter_misc":{"Written by":"Kisha Orthodhokse","Est. reading time":"4 minutes"},"schema":{"@context":"https:\/\/schema.org","@graph":[{"@type":"Article","@id":"https:\/\/orthodoxalbania.org\/2020\/2017\/06\/24\/25-vite-nga-zgjedhja-e-fortlumturise-se-tij-anastasit-kryepiskop-i-tiranes-durresit-dhe-i-gjithe-shqiperise\/#article","isPartOf":{"@id":"https:\/\/orthodoxalbania.org\/2020\/2017\/06\/24\/25-vite-nga-zgjedhja-e-fortlumturise-se-tij-anastasit-kryepiskop-i-tiranes-durresit-dhe-i-gjithe-shqiperise\/"},"author":{"name":"Kisha Orthodhokse","@id":"https:\/\/orthodoxalbania.org\/2020\/#\/schema\/person\/0c387634a7063ac612d7ed9ce71c7e86"},"headline":"25 vite nga zgjedhja e Fortlumturis\u00eb s\u00eb Tij Anastasit, Kryepiskop i Tiran\u00ebs, Durr\u00ebsit dhe i Gjith\u00eb Shqip\u00ebris\u00eb","datePublished":"2017-06-24T15:12:30+00:00","dateModified":"2020-04-06T19:58:19+00:00","mainEntityOfPage":{"@id":"https:\/\/orthodoxalbania.org\/2020\/2017\/06\/24\/25-vite-nga-zgjedhja-e-fortlumturise-se-tij-anastasit-kryepiskop-i-tiranes-durresit-dhe-i-gjithe-shqiperise\/"},"wordCount":736,"commentCount":0,"publisher":{"@id":"https:\/\/orthodoxalbania.org\/2020\/#organization"},"image":{"@id":"https:\/\/orthodoxalbania.org\/2020\/2017\/06\/24\/25-vite-nga-zgjedhja-e-fortlumturise-se-tij-anastasit-kryepiskop-i-tiranes-durresit-dhe-i-gjithe-shqiperise\/#primaryimage"},"thumbnailUrl":"https:\/\/orthodoxalbania.org\/2020\/wp-content\/uploads\/2020\/04\/3-6-7.jpg","keywords":["2017","Katedralja \u201cNgjallja e Krishtit\u201d Tiran\u00eb","Kremtime","Kryepiskopata Tiran\u00eb","Kryepiskopi Anastas","lajme"],"articleSection":["Lajme"],"inLanguage":"en-US"},{"@type":"WebPage","@id":"https:\/\/orthodoxalbania.org\/2020\/2017\/06\/24\/25-vite-nga-zgjedhja-e-fortlumturise-se-tij-anastasit-kryepiskop-i-tiranes-durresit-dhe-i-gjithe-shqiperise\/","url":"https:\/\/orthodoxalbania.org\/2020\/2017\/06\/24\/25-vite-nga-zgjedhja-e-fortlumturise-se-tij-anastasit-kryepiskop-i-tiranes-durresit-dhe-i-gjithe-shqiperise\/","name":"25 vite nga zgjedhja e Fortlumturis\u00eb s\u00eb Tij Anastasit, Kryepiskop i Tiran\u00ebs, Durr\u00ebsit dhe i Gjith\u00eb Shqip\u00ebris\u00eb - Kisha Orthodh\u03bfkse Autoqefale e Shqip\u00ebris\u00eb","isPartOf":{"@id":"https:\/\/orthodoxalbania.org\/2020\/#website"},"primaryImageOfPage":{"@id":"https:\/\/orthodoxalbania.org\/2020\/2017\/06\/24\/25-vite-nga-zgjedhja-e-fortlumturise-se-tij-anastasit-kryepiskop-i-tiranes-durresit-dhe-i-gjithe-shqiperise\/#primaryimage"},"image":{"@id":"https:\/\/orthodoxalbania.org\/2020\/2017\/06\/24\/25-vite-nga-zgjedhja-e-fortlumturise-se-tij-anastasit-kryepiskop-i-tiranes-durresit-dhe-i-gjithe-shqiperise\/#primaryimage"},"thumbnailUrl":"https:\/\/orthodoxalbania.org\/2020\/wp-content\/uploads\/2020\/04\/3-6-7.jpg","datePublished":"2017-06-24T15:12:30+00:00","dateModified":"2020-04-06T19:58:19+00:00","breadcrumb":{"@id":"https:\/\/orthodoxalbania.org\/2020\/2017\/06\/24\/25-vite-nga-zgjedhja-e-fortlumturise-se-tij-anastasit-kryepiskop-i-tiranes-durresit-dhe-i-gjithe-shqiperise\/#breadcrumb"},"inLanguage":"en-US","potentialAction":[{"@type":"ReadAction","target":["https:\/\/orthodoxalbania.org\/2020\/2017\/06\/24\/25-vite-nga-zgjedhja-e-fortlumturise-se-tij-anastasit-kryepiskop-i-tiranes-durresit-dhe-i-gjithe-shqiperise\/"]}]},{"@type":"ImageObject","inLanguage":"en-US","@id":"https:\/\/orthodoxalbania.org\/2020\/2017\/06\/24\/25-vite-nga-zgjedhja-e-fortlumturise-se-tij-anastasit-kryepiskop-i-tiranes-durresit-dhe-i-gjithe-shqiperise\/#primaryimage","url":"https:\/\/orthodoxalbania.org\/2020\/wp-content\/uploads\/2020\/04\/3-6-7.jpg","contentUrl":"https:\/\/orthodoxalbania.org\/2020\/wp-content\/uploads\/2020\/04\/3-6-7.jpg","width":2048,"height":1365},{"@type":"BreadcrumbList","@id":"https:\/\/orthodoxalbania.org\/2020\/2017\/06\/24\/25-vite-nga-zgjedhja-e-fortlumturise-se-tij-anastasit-kryepiskop-i-tiranes-durresit-dhe-i-gjithe-shqiperise\/#breadcrumb","itemListElement":[{"@type":"ListItem","position":1,"name":"Home","item":"https:\/\/orthodoxalbania.org\/2020\/"},{"@type":"ListItem","position":2,"name":"25 vite nga zgjedhja e Fortlumturis\u00eb s\u00eb Tij Anastasit, Kryepiskop i Tiran\u00ebs, Durr\u00ebsit dhe i Gjith\u00eb Shqip\u00ebris\u00eb"}]},{"@type":"WebSite","@id":"https:\/\/orthodoxalbania.org\/2020\/#website","url":"https:\/\/orthodoxalbania.org\/2020\/","name":"Kisha Orthodh\u03bfkse Autoqefale e Shqip\u00ebris\u00eb","description":"Fqja Zyrtare e Kish\u00ebs Orthodhokse Autoqefale e Shqip\u00ebris\u00eb me lajmet edhe informacionet zyrtare p\u00ebr struktur\u00ebn edhe veprimtarin e saj.","publisher":{"@id":"https:\/\/orthodoxalbania.org\/2020\/#organization"},"potentialAction":[{"@type":"SearchAction","target":{"@type":"EntryPoint","urlTemplate":"https:\/\/orthodoxalbania.org\/2020\/?s={search_term_string}"},"query-input":{"@type":"PropertyValueSpecification","valueRequired":true,"valueName":"search_term_string"}}],"inLanguage":"en-US"},{"@type":"Organization","@id":"https:\/\/orthodoxalbania.org\/2020\/#organization","name":"Kisha Orthodhokse Autoqefale e Shqip\u00ebris\u00eb","url":"https:\/\/orthodoxalbania.org\/2020\/","logo":{"@type":"ImageObject","inLanguage":"en-US","@id":"https:\/\/orthodoxalbania.org\/2020\/#\/schema\/logo\/image\/","url":"https:\/\/orthodoxalbania.org\/2020\/wp-content\/uploads\/2020\/05\/albania.jpeg","contentUrl":"https:\/\/orthodoxalbania.org\/2020\/wp-content\/uploads\/2020\/05\/albania.jpeg","width":540,"height":540,"caption":"Kisha Orthodhokse Autoqefale e Shqip\u00ebris\u00eb"},"image":{"@id":"https:\/\/orthodoxalbania.org\/2020\/#\/schema\/logo\/image\/"},"sameAs":["https:\/\/www.facebook.com\/koash1991"]},{"@type":"Person","@id":"https:\/\/orthodoxalbania.org\/2020\/#\/schema\/person\/0c387634a7063ac612d7ed9ce71c7e86","name":"Kisha Orthodhokse","image":{"@type":"ImageObject","inLanguage":"en-US","@id":"https:\/\/secure.gravatar.com\/avatar\/596e7c417251e30f2fbb9c00e026fce61a695a00e51c889caded71c96cbbdde5?s=96&d=mm&r=g","url":"https:\/\/secure.gravatar.com\/avatar\/596e7c417251e30f2fbb9c00e026fce61a695a00e51c889caded71c96cbbdde5?s=96&d=mm&r=g","contentUrl":"https:\/\/secure.gravatar.com\/avatar\/596e7c417251e30f2fbb9c00e026fce61a695a00e51c889caded71c96cbbdde5?s=96&d=mm&r=g","caption":"Kisha Orthodhokse"}}]}},"_links":{"self":[{"href":"https:\/\/orthodoxalbania.org\/2020\/wp-json\/wp\/v2\/posts\/5368","targetHints":{"allow":["GET"]}}],"collection":[{"href":"https:\/\/orthodoxalbania.org\/2020\/wp-json\/wp\/v2\/posts"}],"about":[{"href":"https:\/\/orthodoxalbania.org\/2020\/wp-json\/wp\/v2\/types\/post"}],"author":[{"embeddable":true,"href":"https:\/\/orthodoxalbania.org\/2020\/wp-json\/wp\/v2\/users\/1"}],"replies":[{"embeddable":true,"href":"https:\/\/orthodoxalbania.org\/2020\/wp-json\/wp\/v2\/comments?post=5368"}],"version-history":[{"count":1,"href":"https:\/\/orthodoxalbania.org\/2020\/wp-json\/wp\/v2\/posts\/5368\/revisions"}],"predecessor-version":[{"id":14839,"href":"https:\/\/orthodoxalbania.org\/2020\/wp-json\/wp\/v2\/posts\/5368\/revisions\/14839"}],"wp:featuredmedia":[{"embeddable":true,"href":"https:\/\/orthodoxalbania.org\/2020\/wp-json\/wp\/v2\/media\/5369"}],"wp:attachment":[{"href":"https:\/\/orthodoxalbania.org\/2020\/wp-json\/wp\/v2\/media?parent=5368"}],"wp:term":[{"taxonomy":"category","embeddable":true,"href":"https:\/\/orthodoxalbania.org\/2020\/wp-json\/wp\/v2\/categories?post=5368"},{"taxonomy":"post_tag","embeddable":true,"href":"https:\/\/orthodoxalbania.org\/2020\/wp-json\/wp\/v2\/tags?post=5368"}],"curies":[{"name":"wp","href":"https:\/\/api.w.org\/{rel}","templated":true}]}}