{"id":5362,"date":"2017-06-23T09:22:48","date_gmt":"2017-06-23T09:22:48","guid":{"rendered":""},"modified":"2020-04-06T21:58:20","modified_gmt":"2020-04-06T19:58:20","slug":"25-vjet-nga-24-qershori-1992-dita-e-ringritjes-kanonike-te-kishes-orthodhokse-autoqefale-te-shqiperise","status":"publish","type":"post","link":"https:\/\/orthodoxalbania.org\/2020\/2017\/06\/23\/25-vjet-nga-24-qershori-1992-dita-e-ringritjes-kanonike-te-kishes-orthodhokse-autoqefale-te-shqiperise\/","title":{"rendered":"25 vjet nga 24 Qershori 1992 &#8211; dita e ringritjes kanonike t\u00eb Kish\u00ebs Orthodhokse Autoqefale t\u00eb Shqip\u00ebris\u00eb"},"content":{"rendered":"<div style=\"text-align: center;\"> <\/div>\n<div style=\"text-align: center;\">&nbsp;<\/div>\n<div style=\"text-align: center;\"><span style=\"color: #800000;\"><strong><span style=\"font-size: 12pt; font-family: helvetica;\">25 vjet nga 24 Qershori 1992 &#8211; dita e ringritjes kanonike<\/span><\/strong><\/span><\/div>\n<div style=\"text-align: center;\"><span style=\"color: #800000;\"><strong><span style=\"font-size: 12pt; font-family: helvetica;\">t\u00eb Kish\u00ebs Orthodhokse Autoqefale t\u00eb Shqip\u00ebris\u00eb<\/span><\/strong><\/span><\/div>\n<p style=\"text-align: center;\">&nbsp;<\/p>\n<div style=\"text-align: center;\"><span style=\"color: #800000;\"><strong><span style=\"font-size: 12pt; font-family: helvetica;\">Zgjedhja e Kryepiskopit Anastas,<\/span><\/strong><\/span><\/div>\n<div style=\"text-align: center;\"><span style=\"color: #800000;\"><strong><span style=\"font-size: 12pt; font-family: helvetica;\">dit\u00eb e sh\u00ebnuar p\u00ebr ringjalljen e besimit pas nat\u00ebs ateiste<\/span><\/strong><\/span><\/div>\n<p style=\"text-align: justify;\">&nbsp;<\/p>\n<p style=\"text-align: justify;\"><span style=\"font-size: 12pt; font-family: helvetica; color: #000000;\">Fillimi i viteve \u201990, megjith\u00ebse formalisht ishte rifituar liria e besimit, ishte dramatik p\u00ebr Komunitetin e besimtar\u00ebve orthodhoks\u00eb t\u00eb Shqip\u00ebris\u00eb. Pa asnj\u00eb episkop, madje pa asnj\u00eb kandidat p\u00ebr t\u2019u ngritur n\u00eb k\u00ebt\u00eb grad\u00eb; vet\u00ebm 15 klerik\u00eb n\u00eb mosh\u00eb pensioni e t\u00eb s\u00ebmur\u00eb, pa kisha (ato ishin shkat\u00ebrruar apo transformuar n\u00eb objekte laike), pa mund\u00ebsi financiare, p\u00ebr shkak t\u00eb varf\u00ebris\u00eb s\u00eb thell\u00eb, por edhe sepse shteti nuk mori p\u00ebrsip\u00ebr asnj\u00eb detyrim p\u00ebr t\u2019i mb\u00ebshtetur komunitet fetare, gjendja ishte d\u00ebshp\u00ebruese. N\u00eb k\u00ebto kushte, i vetmi autoritet q\u00eb kishte p\u00ebrgjegj\u00ebsin\u00eb dhe mund\u00ebsin\u00eb p\u00ebr t\u00eb marr\u00eb iniciativa p\u00ebr ringritjen e Kish\u00ebs Orthodhokse n\u00eb Shqip\u00ebri, ishte Patriarkana Ekumenike e Konstandinopoj\u00ebs. Ajo njihet nga t\u00eb gjitha Kishat Orthodhokse si e para p\u00ebr nga radha dhe p\u00ebrgjegj\u00ebse p\u00ebr Kishat nevojtare. Patriarkana d\u00ebrgoi n\u00eb Shqip\u00ebri p\u00ebr t\u00eb par\u00eb situat\u00ebn dhe nevojat nj\u00eb nga njer\u00ebzit m\u00eb t\u00eb kualifikuar, t\u00eb njohur n\u00eb t\u00eb gjith\u00eb bot\u00ebn Orthodhokse dhe m\u00eb gjer\u00eb, Mitropolitin e Andrus\u00ebs, Prof. Dr. Anastasin, n\u00eb at\u00eb koh\u00eb Moderator i Komisionit t\u00eb Misionarizmit dhe Ungjill\u00ebzimit t\u00eb K\u00ebshillit Bot\u00ebror t\u00eb Kishave dhe Kryepiskop i komanduar i Arqidioqez\u00ebs s\u00eb Kenias, Ugand\u00ebs dhe Tanzanis\u00eb.<\/span><\/p>\n<p style=\"text-align: justify;\"><span style=\"font-size: 12pt; font-family: helvetica; color: #000000;\">Pas mb\u00ebrritjes n\u00eb vendin ton\u00eb, Kryepiskopi u ndesh me zbraz\u00ebtir\u00ebn e frikshme shpirt\u00ebrore dhe materiale q\u00eb kishte l\u00ebn\u00eb ateizmi zyrtar, por nuk u step. Ai u p\u00ebrkushtua p\u00ebr ndryshimin e gjendjes, duke nisur me hapjen e Seminarit p\u00ebr p\u00ebrgatitjen e klerik\u00ebve t\u00eb rinj dhe duke vazhduar me riparimin e objekteve ekzistuese dhe me p\u00ebrpjekjet p\u00ebr ngritjen e kishave t\u00eb reja. Ishte kjo pun\u00eb vet\u00ebmohuese, e cila i bindi orthodhoks\u00ebt e Shqip\u00ebris\u00eb, q\u00eb t\u2019i k\u00ebrkonin zyrtarisht Patriarkan\u00ebs Ekumenike q\u00eb ta kishin Anastasin si Atin dhe Kryebariun e tyre. Pranimi prej tij i nj\u00eb sh\u00ebrbese t\u00eb till\u00eb ishte ashtu si\u00e7 \u00ebsht\u00eb shprehur edhe vet\u00eb m\u00eb pas: \u201cJo fron pushteti, por kryq sakrifice\u201d. Blatim dashurie dhe ndjenj\u00eb vet\u00ebmohimi, pa t\u00eb cilat orthodhoks\u00ebt e Shqip\u00ebris\u00eb, pa asnj\u00eb dyshim, nuk do t\u00eb kishin sot nj\u00eb Kish\u00eb kaq t\u00eb organizuar dhe n\u00eb zhvillim t\u00eb vazhduesh\u00ebm, q\u00eb shpesh \u00ebsht\u00eb quajtur si mrekulli e v\u00ebrtet\u00eb e Per\u00ebndis\u00eb.<\/span><\/p>\n<p style=\"text-align: justify;\"><span style=\"font-size: 12pt; font-family: helvetica; color: #000000;\">Zgjedhja Kryepiskop e Prof. Dr. Anastasit, hidhte themelet p\u00ebr nj\u00eb rivendosje sa m\u00eb t\u00eb shpejt\u00eb t\u00eb autoqefalis\u00eb dhe krijonte premisat p\u00ebr konsolidimin Kish\u00ebs. Ata q\u00eb iu kund\u00ebrvun\u00eb zgjedhjes dhe fron\u00ebzimit t\u00eb Kryepiskopit Anastas, me pretekstin se k\u00ebshtu mbronin autoqefalin\u00eb dhe pavar\u00ebsin\u00eb e Kish\u00ebs, n\u00eb fakt k\u00ebrkonin pik\u00ebrisht t\u00eb kund\u00ebrt\u00ebn, kufizimin e saj n\u00eb nj\u00eb provinc\u00eb kishtare t\u00eb varur nga t\u00eb tjer\u00eb, t\u00eb pafuqishme p\u00ebr t\u2019u shnd\u00ebrruar n\u00eb Kish\u00eb t\u00eb v\u00ebrtet\u00eb, t\u00eb paaft\u00eb p\u00ebr t\u00eb qen\u00eb e pavarur e p\u00ebr t\u00eb marr\u00eb mbi vete rolin e saj historik n\u00eb gjirin e shoq\u00ebris\u00eb shqiptare. D\u00ebshmia m\u00eb e qart\u00eb e k\u00ebsaj arritjeje, e konsolidimit dhe njohjes kanonike e zyrtare t\u00eb autoqefalis\u00eb dhe t\u00eb Kish\u00ebs son\u00eb ishte m\u00eb 1 Qershor 2014, kur primat\u00ebt e shumic\u00ebs s\u00eb Kishave Orthodhokse (dhe p\u00ebrfaq\u00ebsi zyrtare nga Kishat e tjera), u mblodh\u00ebn n\u00eb Tiran\u00eb, n\u00eb shenjt\u00ebrimin e Katedrales \u201cNgjallja e Krishtit\u201d dhe sidomos pjes\u00ebmarrja si e barabart\u00eb e kontributi i Kryepiskopit Anastas dhe Kish\u00ebs son\u00eb n\u00eb Sinodin e Madh dhe t\u00eb Shenjt\u00eb t\u00eb Kret\u00ebs (2016).<\/span><\/p>\n<p style=\"text-align: justify;\"><span style=\"font-size: 12pt; font-family: helvetica; color: #000000;\">N\u00eb k\u00ebt\u00eb p\u00ebrvjetor, shum\u00eb dometh\u00ebn\u00ebs p\u00ebr Kish\u00ebn ton\u00eb, ku t\u00eb gjith\u00eb orthodhoks\u00ebt e Shqip\u00ebris\u00eb p\u00ebrkujtojn\u00eb me mir\u00ebnjohje dhe fal\u00ebnderim 25-vjetorin e zgjedhjes s\u00eb Kryepiskopit Anastas, nuk duhet t\u00eb harrojm\u00eb se ky eveniment madhor mish\u00ebron gjakun, djers\u00ebn, mundin dhe p\u00ebrpjekjet e orthodhoks\u00ebve t\u00eb Shqip\u00ebris\u00eb p\u00ebr t\u00eb ruajtur t\u00eb past\u00ebr e t\u00eb pacenuar besimin e t\u00eb par\u00ebve edhe n\u00eb momentet m\u00eb t\u00eb v\u00ebshtira, si\u00e7 ishte err\u00ebsira e gjat\u00eb ateiste, por edhe m\u00eb pas, p\u00ebr t\u00eb kap\u00ebrcyer t\u00eb bashkuar rreth Kryebariut t\u00eb tyre v\u00ebshtir\u00ebsit\u00eb dhe sulmet e panum\u00ebrta. Historia e Komunitetit ton\u00eb Orthodhoks ka nj\u00eb vend shum\u00eb t\u00eb ve\u00e7ant\u00eb kushtuar vepr\u00ebs e sh\u00ebrbes\u00ebs personale t\u00eb Kryepiskopit Anastas jo vet\u00ebm n\u00eb ringjalljen e Orthodhoksis\u00eb k\u00ebtu, por edhe t\u00eb ecjes s\u00eb sigurt p\u00ebrpara, sot dhe n\u00eb t\u00eb ardhmen.<\/span><\/p>\n<p style=\"text-align: justify;\">&nbsp;<\/p>\n<p style=\"text-align: right;\"><span style=\"font-size: 12pt; font-family: helvetica; color: #000000;\"><strong>Thoma Dhima<\/strong><\/span><\/p>\n<p style=\"text-align: right;\">&nbsp;<\/p>\n<p style=\"text-align: center;\"><img class=\"lazyload\" decoding=\"async\" style=\"display: block; margin: 10px auto; border: 1px solid #000000;\" alt=\"\" src=\"data:image\/svg+xml,%3Csvg%20xmlns%3D%27http%3A%2F%2Fwww.w3.org%2F2000%2Fsvg%27%20width%3D%27450%27%20height%3D%27627%27%20viewBox%3D%270%200%20450%20627%27%3E%3Crect%20width%3D%27450%27%20height%3D%27627%27%20fill-opacity%3D%220%22%2F%3E%3C%2Fsvg%3E\" data-orig-src=\"https:\/\/orthodoxalbania.org\/2020\/wp-content\/uploads\/2020\/04\/f122.jpg\" height=\"627\" width=\"450\" \/><\/p>\n<p style=\"text-align: center;\"><img class=\"lazyload\" decoding=\"async\" style=\"display: block; margin: 10px auto; border: 1px solid #000000;\" alt=\"\" src=\"data:image\/svg+xml,%3Csvg%20xmlns%3D%27http%3A%2F%2Fwww.w3.org%2F2000%2Fsvg%27%20width%3D%27450%27%20height%3D%27608%27%20viewBox%3D%270%200%20450%20608%27%3E%3Crect%20width%3D%27450%27%20height%3D%27608%27%20fill-opacity%3D%220%22%2F%3E%3C%2Fsvg%3E\" data-orig-src=\"https:\/\/orthodoxalbania.org\/2020\/wp-content\/uploads\/2020\/04\/f121.jpg\" height=\"608\" width=\"450\" \/><\/p>\n","protected":false},"excerpt":{"rendered":"<p>&nbsp; 25 vjet nga 24 Qershori 1992 &#8211; dita e ringritjes kanonike t\u00eb Kish\u00ebs Orthodhokse Autoqefale t\u00eb Shqip\u00ebris\u00eb &nbsp; Zgjedhja e Kryepiskopit Anastas, dit\u00eb e sh\u00ebnuar p\u00ebr ringjalljen e besimit pas nat\u00ebs ateiste &nbsp; Fillimi i viteve \u201990, megjith\u00ebse formalisht ishte rifituar liria e besimit, ishte dramatik p\u00ebr Komunitetin e besimtar\u00ebve orthodhoks\u00eb t\u00eb Shqip\u00ebris\u00eb. Pa asnj\u00eb episkop, madje pa asnj\u00eb kandidat p\u00ebr t\u2019u ngritur n\u00eb<\/p>\n","protected":false},"author":1,"featured_media":5363,"comment_status":"open","ping_status":"open","sticky":false,"template":"","format":"standard","meta":{"_acf_changed":false,"pagelayer_contact_templates":[],"_pagelayer_content":"","inline_featured_image":false,"fifu_image_url":"","fifu_image_alt":"","footnotes":""},"categories":[108],"tags":[209,196,201,212],"class_list":["post-5362","post","type-post","status-publish","format-standard","has-post-thumbnail","hentry","category-lajme","tag-209","tag-tirane","tag-kryepiskopi-anastas","tag-lajme-d27"],"acf":[],"yoast_head":"<!-- This site is optimized with the Yoast SEO plugin v27.2 - https:\/\/yoast.com\/product\/yoast-seo-wordpress\/ -->\n<title>25 vjet nga 24 Qershori 1992 - dita e ringritjes kanonike t\u00eb Kish\u00ebs Orthodhokse Autoqefale t\u00eb Shqip\u00ebris\u00eb - Kisha Orthodh\u03bfkse Autoqefale e Shqip\u00ebris\u00eb<\/title>\n<meta name=\"robots\" content=\"index, follow, max-snippet:-1, max-image-preview:large, max-video-preview:-1\" \/>\n<link rel=\"canonical\" href=\"https:\/\/orthodoxalbania.org\/2020\/2017\/06\/23\/25-vjet-nga-24-qershori-1992-dita-e-ringritjes-kanonike-te-kishes-orthodhokse-autoqefale-te-shqiperise\/\" \/>\n<meta property=\"og:locale\" content=\"en_US\" \/>\n<meta property=\"og:type\" content=\"article\" \/>\n<meta property=\"og:title\" content=\"25 vjet nga 24 Qershori 1992 - dita e ringritjes kanonike t\u00eb Kish\u00ebs Orthodhokse Autoqefale t\u00eb Shqip\u00ebris\u00eb - Kisha Orthodh\u03bfkse Autoqefale e Shqip\u00ebris\u00eb\" \/>\n<meta property=\"og:description\" content=\"&nbsp; 25 vjet nga 24 Qershori 1992 &#8211; dita e ringritjes kanonike t\u00eb Kish\u00ebs Orthodhokse Autoqefale t\u00eb Shqip\u00ebris\u00eb &nbsp; Zgjedhja e Kryepiskopit Anastas, dit\u00eb e sh\u00ebnuar p\u00ebr ringjalljen e besimit pas nat\u00ebs ateiste &nbsp; Fillimi i viteve \u201990, megjith\u00ebse formalisht ishte rifituar liria e besimit, ishte dramatik p\u00ebr Komunitetin e besimtar\u00ebve orthodhoks\u00eb t\u00eb Shqip\u00ebris\u00eb. Pa asnj\u00eb episkop, madje pa asnj\u00eb kandidat p\u00ebr t\u2019u ngritur n\u00eb\" \/>\n<meta property=\"og:url\" content=\"https:\/\/orthodoxalbania.org\/2020\/2017\/06\/23\/25-vjet-nga-24-qershori-1992-dita-e-ringritjes-kanonike-te-kishes-orthodhokse-autoqefale-te-shqiperise\/\" \/>\n<meta property=\"og:site_name\" content=\"Kisha Orthodh\u03bfkse Autoqefale e Shqip\u00ebris\u00eb\" \/>\n<meta property=\"article:publisher\" content=\"https:\/\/www.facebook.com\/koash1991\" \/>\n<meta property=\"article:published_time\" content=\"2017-06-23T09:22:48+00:00\" \/>\n<meta property=\"article:modified_time\" content=\"2020-04-06T19:58:20+00:00\" \/>\n<meta property=\"og:image\" content=\"https:\/\/orthodoxalbania.org\/2020\/wp-content\/uploads\/2020\/04\/17966209_779259092249111_4481308619358505174_o.jpg\" \/>\n\t<meta property=\"og:image:width\" content=\"150\" \/>\n\t<meta property=\"og:image:height\" content=\"150\" \/>\n\t<meta property=\"og:image:type\" content=\"image\/jpeg\" \/>\n<meta name=\"author\" content=\"Kisha Orthodhokse\" \/>\n<meta name=\"twitter:card\" content=\"summary_large_image\" \/>\n<meta name=\"twitter:label1\" content=\"Written by\" \/>\n\t<meta name=\"twitter:data1\" content=\"Kisha Orthodhokse\" \/>\n\t<meta name=\"twitter:label2\" content=\"Est. reading time\" \/>\n\t<meta name=\"twitter:data2\" content=\"4 minutes\" \/>\n<script type=\"application\/ld+json\" class=\"yoast-schema-graph\">{\"@context\":\"https:\/\/schema.org\",\"@graph\":[{\"@type\":\"Article\",\"@id\":\"https:\/\/orthodoxalbania.org\/2020\/2017\/06\/23\/25-vjet-nga-24-qershori-1992-dita-e-ringritjes-kanonike-te-kishes-orthodhokse-autoqefale-te-shqiperise\/#article\",\"isPartOf\":{\"@id\":\"https:\/\/orthodoxalbania.org\/2020\/2017\/06\/23\/25-vjet-nga-24-qershori-1992-dita-e-ringritjes-kanonike-te-kishes-orthodhokse-autoqefale-te-shqiperise\/\"},\"author\":{\"name\":\"Kisha Orthodhokse\",\"@id\":\"https:\/\/orthodoxalbania.org\/2020\/#\/schema\/person\/0c387634a7063ac612d7ed9ce71c7e86\"},\"headline\":\"25 vjet nga 24 Qershori 1992 &#8211; dita e ringritjes kanonike t\u00eb Kish\u00ebs Orthodhokse Autoqefale t\u00eb Shqip\u00ebris\u00eb\",\"datePublished\":\"2017-06-23T09:22:48+00:00\",\"dateModified\":\"2020-04-06T19:58:20+00:00\",\"mainEntityOfPage\":{\"@id\":\"https:\/\/orthodoxalbania.org\/2020\/2017\/06\/23\/25-vjet-nga-24-qershori-1992-dita-e-ringritjes-kanonike-te-kishes-orthodhokse-autoqefale-te-shqiperise\/\"},\"wordCount\":804,\"commentCount\":0,\"publisher\":{\"@id\":\"https:\/\/orthodoxalbania.org\/2020\/#organization\"},\"image\":{\"@id\":\"https:\/\/orthodoxalbania.org\/2020\/2017\/06\/23\/25-vjet-nga-24-qershori-1992-dita-e-ringritjes-kanonike-te-kishes-orthodhokse-autoqefale-te-shqiperise\/#primaryimage\"},\"thumbnailUrl\":\"https:\/\/orthodoxalbania.org\/2020\/wp-content\/uploads\/2020\/04\/17966209_779259092249111_4481308619358505174_o.jpg\",\"keywords\":[\"2017\",\"Kryepiskopata Tiran\u00eb\",\"Kryepiskopi Anastas\",\"lajme\"],\"articleSection\":[\"Lajme\"],\"inLanguage\":\"en-US\"},{\"@type\":\"WebPage\",\"@id\":\"https:\/\/orthodoxalbania.org\/2020\/2017\/06\/23\/25-vjet-nga-24-qershori-1992-dita-e-ringritjes-kanonike-te-kishes-orthodhokse-autoqefale-te-shqiperise\/\",\"url\":\"https:\/\/orthodoxalbania.org\/2020\/2017\/06\/23\/25-vjet-nga-24-qershori-1992-dita-e-ringritjes-kanonike-te-kishes-orthodhokse-autoqefale-te-shqiperise\/\",\"name\":\"25 vjet nga 24 Qershori 1992 - dita e ringritjes kanonike t\u00eb Kish\u00ebs Orthodhokse Autoqefale t\u00eb Shqip\u00ebris\u00eb - Kisha Orthodh\u03bfkse Autoqefale e Shqip\u00ebris\u00eb\",\"isPartOf\":{\"@id\":\"https:\/\/orthodoxalbania.org\/2020\/#website\"},\"primaryImageOfPage\":{\"@id\":\"https:\/\/orthodoxalbania.org\/2020\/2017\/06\/23\/25-vjet-nga-24-qershori-1992-dita-e-ringritjes-kanonike-te-kishes-orthodhokse-autoqefale-te-shqiperise\/#primaryimage\"},\"image\":{\"@id\":\"https:\/\/orthodoxalbania.org\/2020\/2017\/06\/23\/25-vjet-nga-24-qershori-1992-dita-e-ringritjes-kanonike-te-kishes-orthodhokse-autoqefale-te-shqiperise\/#primaryimage\"},\"thumbnailUrl\":\"https:\/\/orthodoxalbania.org\/2020\/wp-content\/uploads\/2020\/04\/17966209_779259092249111_4481308619358505174_o.jpg\",\"datePublished\":\"2017-06-23T09:22:48+00:00\",\"dateModified\":\"2020-04-06T19:58:20+00:00\",\"breadcrumb\":{\"@id\":\"https:\/\/orthodoxalbania.org\/2020\/2017\/06\/23\/25-vjet-nga-24-qershori-1992-dita-e-ringritjes-kanonike-te-kishes-orthodhokse-autoqefale-te-shqiperise\/#breadcrumb\"},\"inLanguage\":\"en-US\",\"potentialAction\":[{\"@type\":\"ReadAction\",\"target\":[\"https:\/\/orthodoxalbania.org\/2020\/2017\/06\/23\/25-vjet-nga-24-qershori-1992-dita-e-ringritjes-kanonike-te-kishes-orthodhokse-autoqefale-te-shqiperise\/\"]}]},{\"@type\":\"ImageObject\",\"inLanguage\":\"en-US\",\"@id\":\"https:\/\/orthodoxalbania.org\/2020\/2017\/06\/23\/25-vjet-nga-24-qershori-1992-dita-e-ringritjes-kanonike-te-kishes-orthodhokse-autoqefale-te-shqiperise\/#primaryimage\",\"url\":\"https:\/\/orthodoxalbania.org\/2020\/wp-content\/uploads\/2020\/04\/17966209_779259092249111_4481308619358505174_o.jpg\",\"contentUrl\":\"https:\/\/orthodoxalbania.org\/2020\/wp-content\/uploads\/2020\/04\/17966209_779259092249111_4481308619358505174_o.jpg\",\"width\":150,\"height\":150},{\"@type\":\"BreadcrumbList\",\"@id\":\"https:\/\/orthodoxalbania.org\/2020\/2017\/06\/23\/25-vjet-nga-24-qershori-1992-dita-e-ringritjes-kanonike-te-kishes-orthodhokse-autoqefale-te-shqiperise\/#breadcrumb\",\"itemListElement\":[{\"@type\":\"ListItem\",\"position\":1,\"name\":\"Home\",\"item\":\"https:\/\/orthodoxalbania.org\/2020\/\"},{\"@type\":\"ListItem\",\"position\":2,\"name\":\"25 vjet nga 24 Qershori 1992 &#8211; dita e ringritjes kanonike t\u00eb Kish\u00ebs Orthodhokse Autoqefale t\u00eb Shqip\u00ebris\u00eb\"}]},{\"@type\":\"WebSite\",\"@id\":\"https:\/\/orthodoxalbania.org\/2020\/#website\",\"url\":\"https:\/\/orthodoxalbania.org\/2020\/\",\"name\":\"Kisha Orthodh\u03bfkse Autoqefale e Shqip\u00ebris\u00eb\",\"description\":\"Fqja Zyrtare e Kish\u00ebs Orthodhokse Autoqefale e Shqip\u00ebris\u00eb me lajmet edhe informacionet zyrtare p\u00ebr struktur\u00ebn edhe veprimtarin e saj.\",\"publisher\":{\"@id\":\"https:\/\/orthodoxalbania.org\/2020\/#organization\"},\"potentialAction\":[{\"@type\":\"SearchAction\",\"target\":{\"@type\":\"EntryPoint\",\"urlTemplate\":\"https:\/\/orthodoxalbania.org\/2020\/?s={search_term_string}\"},\"query-input\":{\"@type\":\"PropertyValueSpecification\",\"valueRequired\":true,\"valueName\":\"search_term_string\"}}],\"inLanguage\":\"en-US\"},{\"@type\":\"Organization\",\"@id\":\"https:\/\/orthodoxalbania.org\/2020\/#organization\",\"name\":\"Kisha Orthodhokse Autoqefale e Shqip\u00ebris\u00eb\",\"url\":\"https:\/\/orthodoxalbania.org\/2020\/\",\"logo\":{\"@type\":\"ImageObject\",\"inLanguage\":\"en-US\",\"@id\":\"https:\/\/orthodoxalbania.org\/2020\/#\/schema\/logo\/image\/\",\"url\":\"https:\/\/orthodoxalbania.org\/2020\/wp-content\/uploads\/2020\/05\/albania.jpeg\",\"contentUrl\":\"https:\/\/orthodoxalbania.org\/2020\/wp-content\/uploads\/2020\/05\/albania.jpeg\",\"width\":540,\"height\":540,\"caption\":\"Kisha Orthodhokse Autoqefale e Shqip\u00ebris\u00eb\"},\"image\":{\"@id\":\"https:\/\/orthodoxalbania.org\/2020\/#\/schema\/logo\/image\/\"},\"sameAs\":[\"https:\/\/www.facebook.com\/koash1991\"]},{\"@type\":\"Person\",\"@id\":\"https:\/\/orthodoxalbania.org\/2020\/#\/schema\/person\/0c387634a7063ac612d7ed9ce71c7e86\",\"name\":\"Kisha Orthodhokse\",\"image\":{\"@type\":\"ImageObject\",\"inLanguage\":\"en-US\",\"@id\":\"https:\/\/secure.gravatar.com\/avatar\/596e7c417251e30f2fbb9c00e026fce61a695a00e51c889caded71c96cbbdde5?s=96&d=mm&r=g\",\"url\":\"https:\/\/secure.gravatar.com\/avatar\/596e7c417251e30f2fbb9c00e026fce61a695a00e51c889caded71c96cbbdde5?s=96&d=mm&r=g\",\"contentUrl\":\"https:\/\/secure.gravatar.com\/avatar\/596e7c417251e30f2fbb9c00e026fce61a695a00e51c889caded71c96cbbdde5?s=96&d=mm&r=g\",\"caption\":\"Kisha Orthodhokse\"}}]}<\/script>\n<!-- \/ Yoast SEO plugin. -->","yoast_head_json":{"title":"25 vjet nga 24 Qershori 1992 - dita e ringritjes kanonike t\u00eb Kish\u00ebs Orthodhokse Autoqefale t\u00eb Shqip\u00ebris\u00eb - Kisha Orthodh\u03bfkse Autoqefale e Shqip\u00ebris\u00eb","robots":{"index":"index","follow":"follow","max-snippet":"max-snippet:-1","max-image-preview":"max-image-preview:large","max-video-preview":"max-video-preview:-1"},"canonical":"https:\/\/orthodoxalbania.org\/2020\/2017\/06\/23\/25-vjet-nga-24-qershori-1992-dita-e-ringritjes-kanonike-te-kishes-orthodhokse-autoqefale-te-shqiperise\/","og_locale":"en_US","og_type":"article","og_title":"25 vjet nga 24 Qershori 1992 - dita e ringritjes kanonike t\u00eb Kish\u00ebs Orthodhokse Autoqefale t\u00eb Shqip\u00ebris\u00eb - Kisha Orthodh\u03bfkse Autoqefale e Shqip\u00ebris\u00eb","og_description":"&nbsp; 25 vjet nga 24 Qershori 1992 &#8211; dita e ringritjes kanonike t\u00eb Kish\u00ebs Orthodhokse Autoqefale t\u00eb Shqip\u00ebris\u00eb &nbsp; Zgjedhja e Kryepiskopit Anastas, dit\u00eb e sh\u00ebnuar p\u00ebr ringjalljen e besimit pas nat\u00ebs ateiste &nbsp; Fillimi i viteve \u201990, megjith\u00ebse formalisht ishte rifituar liria e besimit, ishte dramatik p\u00ebr Komunitetin e besimtar\u00ebve orthodhoks\u00eb t\u00eb Shqip\u00ebris\u00eb. Pa asnj\u00eb episkop, madje pa asnj\u00eb kandidat p\u00ebr t\u2019u ngritur n\u00eb","og_url":"https:\/\/orthodoxalbania.org\/2020\/2017\/06\/23\/25-vjet-nga-24-qershori-1992-dita-e-ringritjes-kanonike-te-kishes-orthodhokse-autoqefale-te-shqiperise\/","og_site_name":"Kisha Orthodh\u03bfkse Autoqefale e Shqip\u00ebris\u00eb","article_publisher":"https:\/\/www.facebook.com\/koash1991","article_published_time":"2017-06-23T09:22:48+00:00","article_modified_time":"2020-04-06T19:58:20+00:00","og_image":[{"width":150,"height":150,"url":"https:\/\/orthodoxalbania.org\/2020\/wp-content\/uploads\/2020\/04\/17966209_779259092249111_4481308619358505174_o.jpg","type":"image\/jpeg"}],"author":"Kisha Orthodhokse","twitter_card":"summary_large_image","twitter_misc":{"Written by":"Kisha Orthodhokse","Est. reading time":"4 minutes"},"schema":{"@context":"https:\/\/schema.org","@graph":[{"@type":"Article","@id":"https:\/\/orthodoxalbania.org\/2020\/2017\/06\/23\/25-vjet-nga-24-qershori-1992-dita-e-ringritjes-kanonike-te-kishes-orthodhokse-autoqefale-te-shqiperise\/#article","isPartOf":{"@id":"https:\/\/orthodoxalbania.org\/2020\/2017\/06\/23\/25-vjet-nga-24-qershori-1992-dita-e-ringritjes-kanonike-te-kishes-orthodhokse-autoqefale-te-shqiperise\/"},"author":{"name":"Kisha Orthodhokse","@id":"https:\/\/orthodoxalbania.org\/2020\/#\/schema\/person\/0c387634a7063ac612d7ed9ce71c7e86"},"headline":"25 vjet nga 24 Qershori 1992 &#8211; dita e ringritjes kanonike t\u00eb Kish\u00ebs Orthodhokse Autoqefale t\u00eb Shqip\u00ebris\u00eb","datePublished":"2017-06-23T09:22:48+00:00","dateModified":"2020-04-06T19:58:20+00:00","mainEntityOfPage":{"@id":"https:\/\/orthodoxalbania.org\/2020\/2017\/06\/23\/25-vjet-nga-24-qershori-1992-dita-e-ringritjes-kanonike-te-kishes-orthodhokse-autoqefale-te-shqiperise\/"},"wordCount":804,"commentCount":0,"publisher":{"@id":"https:\/\/orthodoxalbania.org\/2020\/#organization"},"image":{"@id":"https:\/\/orthodoxalbania.org\/2020\/2017\/06\/23\/25-vjet-nga-24-qershori-1992-dita-e-ringritjes-kanonike-te-kishes-orthodhokse-autoqefale-te-shqiperise\/#primaryimage"},"thumbnailUrl":"https:\/\/orthodoxalbania.org\/2020\/wp-content\/uploads\/2020\/04\/17966209_779259092249111_4481308619358505174_o.jpg","keywords":["2017","Kryepiskopata Tiran\u00eb","Kryepiskopi Anastas","lajme"],"articleSection":["Lajme"],"inLanguage":"en-US"},{"@type":"WebPage","@id":"https:\/\/orthodoxalbania.org\/2020\/2017\/06\/23\/25-vjet-nga-24-qershori-1992-dita-e-ringritjes-kanonike-te-kishes-orthodhokse-autoqefale-te-shqiperise\/","url":"https:\/\/orthodoxalbania.org\/2020\/2017\/06\/23\/25-vjet-nga-24-qershori-1992-dita-e-ringritjes-kanonike-te-kishes-orthodhokse-autoqefale-te-shqiperise\/","name":"25 vjet nga 24 Qershori 1992 - dita e ringritjes kanonike t\u00eb Kish\u00ebs Orthodhokse Autoqefale t\u00eb Shqip\u00ebris\u00eb - Kisha Orthodh\u03bfkse Autoqefale e Shqip\u00ebris\u00eb","isPartOf":{"@id":"https:\/\/orthodoxalbania.org\/2020\/#website"},"primaryImageOfPage":{"@id":"https:\/\/orthodoxalbania.org\/2020\/2017\/06\/23\/25-vjet-nga-24-qershori-1992-dita-e-ringritjes-kanonike-te-kishes-orthodhokse-autoqefale-te-shqiperise\/#primaryimage"},"image":{"@id":"https:\/\/orthodoxalbania.org\/2020\/2017\/06\/23\/25-vjet-nga-24-qershori-1992-dita-e-ringritjes-kanonike-te-kishes-orthodhokse-autoqefale-te-shqiperise\/#primaryimage"},"thumbnailUrl":"https:\/\/orthodoxalbania.org\/2020\/wp-content\/uploads\/2020\/04\/17966209_779259092249111_4481308619358505174_o.jpg","datePublished":"2017-06-23T09:22:48+00:00","dateModified":"2020-04-06T19:58:20+00:00","breadcrumb":{"@id":"https:\/\/orthodoxalbania.org\/2020\/2017\/06\/23\/25-vjet-nga-24-qershori-1992-dita-e-ringritjes-kanonike-te-kishes-orthodhokse-autoqefale-te-shqiperise\/#breadcrumb"},"inLanguage":"en-US","potentialAction":[{"@type":"ReadAction","target":["https:\/\/orthodoxalbania.org\/2020\/2017\/06\/23\/25-vjet-nga-24-qershori-1992-dita-e-ringritjes-kanonike-te-kishes-orthodhokse-autoqefale-te-shqiperise\/"]}]},{"@type":"ImageObject","inLanguage":"en-US","@id":"https:\/\/orthodoxalbania.org\/2020\/2017\/06\/23\/25-vjet-nga-24-qershori-1992-dita-e-ringritjes-kanonike-te-kishes-orthodhokse-autoqefale-te-shqiperise\/#primaryimage","url":"https:\/\/orthodoxalbania.org\/2020\/wp-content\/uploads\/2020\/04\/17966209_779259092249111_4481308619358505174_o.jpg","contentUrl":"https:\/\/orthodoxalbania.org\/2020\/wp-content\/uploads\/2020\/04\/17966209_779259092249111_4481308619358505174_o.jpg","width":150,"height":150},{"@type":"BreadcrumbList","@id":"https:\/\/orthodoxalbania.org\/2020\/2017\/06\/23\/25-vjet-nga-24-qershori-1992-dita-e-ringritjes-kanonike-te-kishes-orthodhokse-autoqefale-te-shqiperise\/#breadcrumb","itemListElement":[{"@type":"ListItem","position":1,"name":"Home","item":"https:\/\/orthodoxalbania.org\/2020\/"},{"@type":"ListItem","position":2,"name":"25 vjet nga 24 Qershori 1992 &#8211; dita e ringritjes kanonike t\u00eb Kish\u00ebs Orthodhokse Autoqefale t\u00eb Shqip\u00ebris\u00eb"}]},{"@type":"WebSite","@id":"https:\/\/orthodoxalbania.org\/2020\/#website","url":"https:\/\/orthodoxalbania.org\/2020\/","name":"Kisha Orthodh\u03bfkse Autoqefale e Shqip\u00ebris\u00eb","description":"Fqja Zyrtare e Kish\u00ebs Orthodhokse Autoqefale e Shqip\u00ebris\u00eb me lajmet edhe informacionet zyrtare p\u00ebr struktur\u00ebn edhe veprimtarin e saj.","publisher":{"@id":"https:\/\/orthodoxalbania.org\/2020\/#organization"},"potentialAction":[{"@type":"SearchAction","target":{"@type":"EntryPoint","urlTemplate":"https:\/\/orthodoxalbania.org\/2020\/?s={search_term_string}"},"query-input":{"@type":"PropertyValueSpecification","valueRequired":true,"valueName":"search_term_string"}}],"inLanguage":"en-US"},{"@type":"Organization","@id":"https:\/\/orthodoxalbania.org\/2020\/#organization","name":"Kisha Orthodhokse Autoqefale e Shqip\u00ebris\u00eb","url":"https:\/\/orthodoxalbania.org\/2020\/","logo":{"@type":"ImageObject","inLanguage":"en-US","@id":"https:\/\/orthodoxalbania.org\/2020\/#\/schema\/logo\/image\/","url":"https:\/\/orthodoxalbania.org\/2020\/wp-content\/uploads\/2020\/05\/albania.jpeg","contentUrl":"https:\/\/orthodoxalbania.org\/2020\/wp-content\/uploads\/2020\/05\/albania.jpeg","width":540,"height":540,"caption":"Kisha Orthodhokse Autoqefale e Shqip\u00ebris\u00eb"},"image":{"@id":"https:\/\/orthodoxalbania.org\/2020\/#\/schema\/logo\/image\/"},"sameAs":["https:\/\/www.facebook.com\/koash1991"]},{"@type":"Person","@id":"https:\/\/orthodoxalbania.org\/2020\/#\/schema\/person\/0c387634a7063ac612d7ed9ce71c7e86","name":"Kisha Orthodhokse","image":{"@type":"ImageObject","inLanguage":"en-US","@id":"https:\/\/secure.gravatar.com\/avatar\/596e7c417251e30f2fbb9c00e026fce61a695a00e51c889caded71c96cbbdde5?s=96&d=mm&r=g","url":"https:\/\/secure.gravatar.com\/avatar\/596e7c417251e30f2fbb9c00e026fce61a695a00e51c889caded71c96cbbdde5?s=96&d=mm&r=g","contentUrl":"https:\/\/secure.gravatar.com\/avatar\/596e7c417251e30f2fbb9c00e026fce61a695a00e51c889caded71c96cbbdde5?s=96&d=mm&r=g","caption":"Kisha Orthodhokse"}}]}},"_links":{"self":[{"href":"https:\/\/orthodoxalbania.org\/2020\/wp-json\/wp\/v2\/posts\/5362","targetHints":{"allow":["GET"]}}],"collection":[{"href":"https:\/\/orthodoxalbania.org\/2020\/wp-json\/wp\/v2\/posts"}],"about":[{"href":"https:\/\/orthodoxalbania.org\/2020\/wp-json\/wp\/v2\/types\/post"}],"author":[{"embeddable":true,"href":"https:\/\/orthodoxalbania.org\/2020\/wp-json\/wp\/v2\/users\/1"}],"replies":[{"embeddable":true,"href":"https:\/\/orthodoxalbania.org\/2020\/wp-json\/wp\/v2\/comments?post=5362"}],"version-history":[{"count":1,"href":"https:\/\/orthodoxalbania.org\/2020\/wp-json\/wp\/v2\/posts\/5362\/revisions"}],"predecessor-version":[{"id":14840,"href":"https:\/\/orthodoxalbania.org\/2020\/wp-json\/wp\/v2\/posts\/5362\/revisions\/14840"}],"wp:featuredmedia":[{"embeddable":true,"href":"https:\/\/orthodoxalbania.org\/2020\/wp-json\/wp\/v2\/media\/5363"}],"wp:attachment":[{"href":"https:\/\/orthodoxalbania.org\/2020\/wp-json\/wp\/v2\/media?parent=5362"}],"wp:term":[{"taxonomy":"category","embeddable":true,"href":"https:\/\/orthodoxalbania.org\/2020\/wp-json\/wp\/v2\/categories?post=5362"},{"taxonomy":"post_tag","embeddable":true,"href":"https:\/\/orthodoxalbania.org\/2020\/wp-json\/wp\/v2\/tags?post=5362"}],"curies":[{"name":"wp","href":"https:\/\/api.w.org\/{rel}","templated":true}]}}