{"id":5345,"date":"2017-06-13T12:43:53","date_gmt":"2017-06-13T12:43:53","guid":{"rendered":""},"modified":"2020-04-06T21:58:20","modified_gmt":"2020-04-06T19:58:20","slug":"miq-te-nderuar-nga-lindja-e-mesme-ne-seline-e-sinodit-te-shenjte","status":"publish","type":"post","link":"https:\/\/orthodoxalbania.org\/2020\/2017\/06\/13\/miq-te-nderuar-nga-lindja-e-mesme-ne-seline-e-sinodit-te-shenjte\/","title":{"rendered":"Miq t\u00eb nderuar nga Lindja e Mesme n\u00eb Selin\u00eb e Sinodit t\u00eb Shenjt\u00eb"},"content":{"rendered":"<p style=\"text-align: justify;\"><span style=\"font-size: 12pt; font-family: helvetica; color: #000000;\">T\u00eb h\u00ebn\u00ebn, 12 qershor 2017, n\u00eb Selin\u00eb e Sinodit t\u00eb Shenjt\u00eb, n\u00eb Tiran\u00eb, Kryepiskopi i Tiran\u00ebs, Durr\u00ebsit dhe i Gjith\u00eb Shqip\u00ebris\u00eb, Anastasi, priti nj\u00eb delegacion me personalitete t\u00eb larta nga Libani, t\u00eb familjes s\u00eb njohur mbret\u00ebrore, q\u00eb nga koha e Perandoris\u00eb Bizantine e deri n\u00eb shek. 18-t\u00eb t\u00eb Ghasanid\u00ebve, t\u00eb p\u00ebrb\u00ebr\u00eb nga Sheikh Selim El Chemor, Beirut, Liban, Princi Gharios El-Chemor of Ghassan, Aman, Jordani, z. John Domonkos dhe Dr. Elie Gharios, t\u00eb shoq\u00ebruar edhe nga peshkopi i Aleanc\u00ebs Bot\u00ebrore Evangjelike Prof. dr. Thomas Schirrmacher, mik i vjet\u00ebr i Kryepiskopit n\u00eb l\u00ebvizjen ekumenike.<\/span><\/p>\n<p style=\"text-align: justify;\"><span style=\"font-size: 12pt; font-family: helvetica; color: #000000;\">Kryepiskopi Anastas i njohu miqt\u00eb me ringritjen nga g\u00ebrmadhat t\u00eb Kish\u00ebs Orthodhokse n\u00eb Shqip\u00ebri dhe ecjen e saj p\u00ebrpara.<\/span><\/p>\n<p style=\"text-align: justify;\"><span style=\"font-size: 12pt; font-family: helvetica; color: #000000;\">Miqt\u00eb, pasi e fal\u00ebnderuan Fortlumturin\u00eb e Tij p\u00ebr pritjen, e njoh\u00ebn me veprimtarin\u00eb qindravje\u00e7are t\u00eb familjes Ghasanide. Gjithashtu, ata i dor\u00ebzuan dekorat\u00ebn e madhe t\u00eb Urdhrit t\u00eb Kryengj\u00ebllit Mihail, q\u00eb i \u00ebsht\u00eb akorduar shum\u00eb kryetar\u00ebve t\u00eb shteteve dhe t\u00eb kishave, si dhe dokumentin e an\u00ebtarit t\u00eb nderit t\u00eb Akademis\u00eb Mbret\u00ebrore Ghasanide p\u00ebr Artin dhe Shkenc\u00ebn, p\u00ebr vepr\u00ebn e tij t\u00eb njohur mbar\u00ebbot\u00ebrisht.<\/span><\/p>\n<p style=\"text-align: justify;\"><span style=\"font-size: 12pt; font-family: helvetica; color: #000000;\">N\u00eb fund miqt\u00eb, t\u00eb shoq\u00ebruar nga Kryepiskopi Anastas, vizituan Kompleksin e Katedrales \u201cNgjallja e Krishtit\u201d, para se t\u00eb vazhdonin me programin e tyre, q\u00eb parashikonte nj\u00eb pritje n\u00eb Presidenc\u00eb.<\/span><\/p>\n<p style=\"text-align: justify;\"><span style=\"font-size: 12pt; font-family: helvetica; color: #000000;\">Disa personalitete t\u00eb njohura n\u00eb dit\u00ebt e sotme nga familja Ghasanide jan\u00eb Patriarku i ndjer\u00eb i Antiokis\u00eb Ignati, aktori Omar Sharif, k\u00ebng\u00ebtarja Shakira, miliarderi Karlos Slim etj.<\/span><\/p>\n<p style=\"text-align: justify;\">&nbsp;<\/p>\n<p style=\"text-align: center;\"><img class=\"lazyload\" decoding=\"async\" style=\"display: block; margin: 10px auto; border: 1px solid #000000;\" alt=\"\" src=\"data:image\/svg+xml,%3Csvg%20xmlns%3D%27http%3A%2F%2Fwww.w3.org%2F2000%2Fsvg%27%20width%3D%27450%27%20height%3D%27300%27%20viewBox%3D%270%200%20450%20300%27%3E%3Crect%20width%3D%27450%27%20height%3D%27300%27%20fill-opacity%3D%220%22%2F%3E%3C%2Fsvg%3E\" data-orig-src=\"https:\/\/orthodoxalbania.org\/2020\/wp-content\/uploads\/2020\/04\/1-5.JPG\" height=\"300\" width=\"450\" \/><\/p>\n<p style=\"text-align: center;\"><img class=\"lazyload\" decoding=\"async\" style=\"display: block; margin: 10px auto; border: 1px solid #000000;\" alt=\"\" src=\"data:image\/svg+xml,%3Csvg%20xmlns%3D%27http%3A%2F%2Fwww.w3.org%2F2000%2Fsvg%27%20width%3D%27450%27%20height%3D%27300%27%20viewBox%3D%270%200%20450%20300%27%3E%3Crect%20width%3D%27450%27%20height%3D%27300%27%20fill-opacity%3D%220%22%2F%3E%3C%2Fsvg%3E\" data-orig-src=\"https:\/\/orthodoxalbania.org\/2020\/wp-content\/uploads\/2020\/04\/2.JPG\" height=\"300\" width=\"450\" \/><\/p>\n<p style=\"text-align: center;\"><img class=\"lazyload\" decoding=\"async\" style=\"display: block; margin: 10px auto; border: 1px solid #000000;\" alt=\"\" src=\"data:image\/svg+xml,%3Csvg%20xmlns%3D%27http%3A%2F%2Fwww.w3.org%2F2000%2Fsvg%27%20width%3D%27450%27%20height%3D%27300%27%20viewBox%3D%270%200%20450%20300%27%3E%3Crect%20width%3D%27450%27%20height%3D%27300%27%20fill-opacity%3D%220%22%2F%3E%3C%2Fsvg%3E\" data-orig-src=\"https:\/\/orthodoxalbania.org\/2020\/wp-content\/uploads\/2020\/04\/3-6.JPG\" height=\"300\" width=\"450\" \/><\/p>\n<p style=\"text-align: center;\"><img class=\"lazyload\" decoding=\"async\" style=\"display: block; margin: 10px auto; border: 1px solid #000000;\" alt=\"\" src=\"data:image\/svg+xml,%3Csvg%20xmlns%3D%27http%3A%2F%2Fwww.w3.org%2F2000%2Fsvg%27%20width%3D%27450%27%20height%3D%27675%27%20viewBox%3D%270%200%20450%20675%27%3E%3Crect%20width%3D%27450%27%20height%3D%27675%27%20fill-opacity%3D%220%22%2F%3E%3C%2Fsvg%3E\" data-orig-src=\"https:\/\/orthodoxalbania.org\/2020\/wp-content\/uploads\/2020\/04\/4-9-9.JPG\" height=\"675\" width=\"450\" \/><\/p>\n<p style=\"text-align: center;\"><img class=\"lazyload\" decoding=\"async\" style=\"display: block; margin: 10px auto; border: 1px solid #000000;\" alt=\"\" src=\"data:image\/svg+xml,%3Csvg%20xmlns%3D%27http%3A%2F%2Fwww.w3.org%2F2000%2Fsvg%27%20width%3D%27450%27%20height%3D%27295%27%20viewBox%3D%270%200%20450%20295%27%3E%3Crect%20width%3D%27450%27%20height%3D%27295%27%20fill-opacity%3D%220%22%2F%3E%3C%2Fsvg%3E\" data-orig-src=\"https:\/\/orthodoxalbania.org\/2020\/wp-content\/uploads\/2020\/04\/5-8.JPG\" height=\"295\" width=\"450\" \/><\/p>\n<p style=\"text-align: center;\"><img class=\"lazyload\" decoding=\"async\" style=\"display: block; margin: 10px auto; border: 1px solid #000000;\" alt=\"\" src=\"data:image\/svg+xml,%3Csvg%20xmlns%3D%27http%3A%2F%2Fwww.w3.org%2F2000%2Fsvg%27%20width%3D%27450%27%20height%3D%27300%27%20viewBox%3D%270%200%20450%20300%27%3E%3Crect%20width%3D%27450%27%20height%3D%27300%27%20fill-opacity%3D%220%22%2F%3E%3C%2Fsvg%3E\" data-orig-src=\"https:\/\/orthodoxalbania.org\/2020\/wp-content\/uploads\/2020\/04\/6-5.JPG\" height=\"300\" width=\"450\" \/><\/p>\n<p style=\"text-align: center;\"><img class=\"lazyload\" decoding=\"async\" style=\"display: block; margin: 10px auto; border: 1px solid #000000;\" alt=\"\" src=\"data:image\/svg+xml,%3Csvg%20xmlns%3D%27http%3A%2F%2Fwww.w3.org%2F2000%2Fsvg%27%20width%3D%27450%27%20height%3D%27300%27%20viewBox%3D%270%200%20450%20300%27%3E%3Crect%20width%3D%27450%27%20height%3D%27300%27%20fill-opacity%3D%220%22%2F%3E%3C%2Fsvg%3E\" data-orig-src=\"https:\/\/orthodoxalbania.org\/2020\/wp-content\/uploads\/2020\/04\/7-8-1.JPG\" height=\"300\" width=\"450\" \/><\/p>\n<p style=\"text-align: center;\"><img class=\"lazyload\" decoding=\"async\" style=\"display: block; margin: 10px auto; border: 1px solid #000000;\" alt=\"\" src=\"data:image\/svg+xml,%3Csvg%20xmlns%3D%27http%3A%2F%2Fwww.w3.org%2F2000%2Fsvg%27%20width%3D%27450%27%20height%3D%27762%27%20viewBox%3D%270%200%20450%20762%27%3E%3Crect%20width%3D%27450%27%20height%3D%27762%27%20fill-opacity%3D%220%22%2F%3E%3C%2Fsvg%3E\" data-orig-src=\"https:\/\/orthodoxalbania.org\/2020\/wp-content\/uploads\/2020\/04\/8-9-4.jpg\" height=\"762\" width=\"450\" \/><\/p>\n","protected":false},"excerpt":{"rendered":"<p>T\u00eb h\u00ebn\u00ebn, 12 qershor 2017, n\u00eb Selin\u00eb e Sinodit t\u00eb Shenjt\u00eb, n\u00eb Tiran\u00eb, Kryepiskopi i Tiran\u00ebs, Durr\u00ebsit dhe i Gjith\u00eb Shqip\u00ebris\u00eb, Anastasi, priti nj\u00eb delegacion me personalitete t\u00eb larta nga Libani, t\u00eb familjes s\u00eb njohur mbret\u00ebrore, q\u00eb nga koha e Perandoris\u00eb Bizantine e deri n\u00eb shek. 18-t\u00eb t\u00eb Ghasanid\u00ebve, t\u00eb p\u00ebrb\u00ebr\u00eb nga Sheikh Selim El Chemor, Beirut, Liban, Princi Gharios El-Chemor of Ghassan, Aman, Jordani,<\/p>\n","protected":false},"author":1,"featured_media":5346,"comment_status":"open","ping_status":"open","sticky":false,"template":"","format":"standard","meta":{"_acf_changed":false,"pagelayer_contact_templates":[],"_pagelayer_content":"","inline_featured_image":false,"fifu_image_url":"","fifu_image_alt":"","footnotes":""},"categories":[108],"tags":[209,184,196,201,212],"class_list":["post-5345","post","type-post","status-publish","format-standard","has-post-thumbnail","hentry","category-lajme","tag-209","tag-katedralja-ngjallja-e-krishtit-tirane","tag-tirane","tag-kryepiskopi-anastas","tag-lajme-d27"],"acf":[],"yoast_head":"<!-- This site is optimized with the Yoast SEO plugin v27.2 - https:\/\/yoast.com\/product\/yoast-seo-wordpress\/ -->\n<title>Miq t\u00eb nderuar nga Lindja e Mesme n\u00eb Selin\u00eb e Sinodit t\u00eb Shenjt\u00eb - Kisha Orthodh\u03bfkse Autoqefale e Shqip\u00ebris\u00eb<\/title>\n<meta name=\"robots\" content=\"index, follow, max-snippet:-1, max-image-preview:large, max-video-preview:-1\" \/>\n<link rel=\"canonical\" href=\"https:\/\/orthodoxalbania.org\/2020\/2017\/06\/13\/miq-te-nderuar-nga-lindja-e-mesme-ne-seline-e-sinodit-te-shenjte\/\" \/>\n<meta property=\"og:locale\" content=\"en_US\" \/>\n<meta property=\"og:type\" content=\"article\" \/>\n<meta property=\"og:title\" content=\"Miq t\u00eb nderuar nga Lindja e Mesme n\u00eb Selin\u00eb e Sinodit t\u00eb Shenjt\u00eb - Kisha Orthodh\u03bfkse Autoqefale e Shqip\u00ebris\u00eb\" \/>\n<meta property=\"og:description\" content=\"T\u00eb h\u00ebn\u00ebn, 12 qershor 2017, n\u00eb Selin\u00eb e Sinodit t\u00eb Shenjt\u00eb, n\u00eb Tiran\u00eb, Kryepiskopi i Tiran\u00ebs, Durr\u00ebsit dhe i Gjith\u00eb Shqip\u00ebris\u00eb, Anastasi, priti nj\u00eb delegacion me personalitete t\u00eb larta nga Libani, t\u00eb familjes s\u00eb njohur mbret\u00ebrore, q\u00eb nga koha e Perandoris\u00eb Bizantine e deri n\u00eb shek. 18-t\u00eb t\u00eb Ghasanid\u00ebve, t\u00eb p\u00ebrb\u00ebr\u00eb nga Sheikh Selim El Chemor, Beirut, Liban, Princi Gharios El-Chemor of Ghassan, Aman, Jordani,\" \/>\n<meta property=\"og:url\" content=\"https:\/\/orthodoxalbania.org\/2020\/2017\/06\/13\/miq-te-nderuar-nga-lindja-e-mesme-ne-seline-e-sinodit-te-shenjte\/\" \/>\n<meta property=\"og:site_name\" content=\"Kisha Orthodh\u03bfkse Autoqefale e Shqip\u00ebris\u00eb\" \/>\n<meta property=\"article:publisher\" content=\"https:\/\/www.facebook.com\/koash1991\" \/>\n<meta property=\"article:published_time\" content=\"2017-06-13T12:43:53+00:00\" \/>\n<meta property=\"article:modified_time\" content=\"2020-04-06T19:58:20+00:00\" \/>\n<meta property=\"og:image\" content=\"https:\/\/orthodoxalbania.org\/2020\/wp-content\/uploads\/2020\/04\/3-0.JPG\" \/>\n\t<meta property=\"og:image:width\" content=\"150\" \/>\n\t<meta property=\"og:image:height\" content=\"150\" \/>\n\t<meta property=\"og:image:type\" content=\"image\/jpeg\" \/>\n<meta name=\"author\" content=\"Kisha Orthodhokse\" \/>\n<meta name=\"twitter:card\" content=\"summary_large_image\" \/>\n<meta name=\"twitter:label1\" content=\"Written by\" \/>\n\t<meta name=\"twitter:data1\" content=\"Kisha Orthodhokse\" \/>\n\t<meta name=\"twitter:label2\" content=\"Est. reading time\" \/>\n\t<meta name=\"twitter:data2\" content=\"1 minute\" \/>\n<script type=\"application\/ld+json\" class=\"yoast-schema-graph\">{\"@context\":\"https:\/\/schema.org\",\"@graph\":[{\"@type\":\"Article\",\"@id\":\"https:\/\/orthodoxalbania.org\/2020\/2017\/06\/13\/miq-te-nderuar-nga-lindja-e-mesme-ne-seline-e-sinodit-te-shenjte\/#article\",\"isPartOf\":{\"@id\":\"https:\/\/orthodoxalbania.org\/2020\/2017\/06\/13\/miq-te-nderuar-nga-lindja-e-mesme-ne-seline-e-sinodit-te-shenjte\/\"},\"author\":{\"name\":\"Kisha Orthodhokse\",\"@id\":\"https:\/\/orthodoxalbania.org\/2020\/#\/schema\/person\/0c387634a7063ac612d7ed9ce71c7e86\"},\"headline\":\"Miq t\u00eb nderuar nga Lindja e Mesme n\u00eb Selin\u00eb e Sinodit t\u00eb Shenjt\u00eb\",\"datePublished\":\"2017-06-13T12:43:53+00:00\",\"dateModified\":\"2020-04-06T19:58:20+00:00\",\"mainEntityOfPage\":{\"@id\":\"https:\/\/orthodoxalbania.org\/2020\/2017\/06\/13\/miq-te-nderuar-nga-lindja-e-mesme-ne-seline-e-sinodit-te-shenjte\/\"},\"wordCount\":280,\"commentCount\":0,\"publisher\":{\"@id\":\"https:\/\/orthodoxalbania.org\/2020\/#organization\"},\"image\":{\"@id\":\"https:\/\/orthodoxalbania.org\/2020\/2017\/06\/13\/miq-te-nderuar-nga-lindja-e-mesme-ne-seline-e-sinodit-te-shenjte\/#primaryimage\"},\"thumbnailUrl\":\"https:\/\/orthodoxalbania.org\/2020\/wp-content\/uploads\/2020\/04\/3-0.JPG\",\"keywords\":[\"2017\",\"Katedralja \u201cNgjallja e Krishtit\u201d Tiran\u00eb\",\"Kryepiskopata Tiran\u00eb\",\"Kryepiskopi Anastas\",\"lajme\"],\"articleSection\":[\"Lajme\"],\"inLanguage\":\"en-US\"},{\"@type\":\"WebPage\",\"@id\":\"https:\/\/orthodoxalbania.org\/2020\/2017\/06\/13\/miq-te-nderuar-nga-lindja-e-mesme-ne-seline-e-sinodit-te-shenjte\/\",\"url\":\"https:\/\/orthodoxalbania.org\/2020\/2017\/06\/13\/miq-te-nderuar-nga-lindja-e-mesme-ne-seline-e-sinodit-te-shenjte\/\",\"name\":\"Miq t\u00eb nderuar nga Lindja e Mesme n\u00eb Selin\u00eb e Sinodit t\u00eb Shenjt\u00eb - Kisha Orthodh\u03bfkse Autoqefale e Shqip\u00ebris\u00eb\",\"isPartOf\":{\"@id\":\"https:\/\/orthodoxalbania.org\/2020\/#website\"},\"primaryImageOfPage\":{\"@id\":\"https:\/\/orthodoxalbania.org\/2020\/2017\/06\/13\/miq-te-nderuar-nga-lindja-e-mesme-ne-seline-e-sinodit-te-shenjte\/#primaryimage\"},\"image\":{\"@id\":\"https:\/\/orthodoxalbania.org\/2020\/2017\/06\/13\/miq-te-nderuar-nga-lindja-e-mesme-ne-seline-e-sinodit-te-shenjte\/#primaryimage\"},\"thumbnailUrl\":\"https:\/\/orthodoxalbania.org\/2020\/wp-content\/uploads\/2020\/04\/3-0.JPG\",\"datePublished\":\"2017-06-13T12:43:53+00:00\",\"dateModified\":\"2020-04-06T19:58:20+00:00\",\"breadcrumb\":{\"@id\":\"https:\/\/orthodoxalbania.org\/2020\/2017\/06\/13\/miq-te-nderuar-nga-lindja-e-mesme-ne-seline-e-sinodit-te-shenjte\/#breadcrumb\"},\"inLanguage\":\"en-US\",\"potentialAction\":[{\"@type\":\"ReadAction\",\"target\":[\"https:\/\/orthodoxalbania.org\/2020\/2017\/06\/13\/miq-te-nderuar-nga-lindja-e-mesme-ne-seline-e-sinodit-te-shenjte\/\"]}]},{\"@type\":\"ImageObject\",\"inLanguage\":\"en-US\",\"@id\":\"https:\/\/orthodoxalbania.org\/2020\/2017\/06\/13\/miq-te-nderuar-nga-lindja-e-mesme-ne-seline-e-sinodit-te-shenjte\/#primaryimage\",\"url\":\"https:\/\/orthodoxalbania.org\/2020\/wp-content\/uploads\/2020\/04\/3-0.JPG\",\"contentUrl\":\"https:\/\/orthodoxalbania.org\/2020\/wp-content\/uploads\/2020\/04\/3-0.JPG\",\"width\":150,\"height\":150},{\"@type\":\"BreadcrumbList\",\"@id\":\"https:\/\/orthodoxalbania.org\/2020\/2017\/06\/13\/miq-te-nderuar-nga-lindja-e-mesme-ne-seline-e-sinodit-te-shenjte\/#breadcrumb\",\"itemListElement\":[{\"@type\":\"ListItem\",\"position\":1,\"name\":\"Home\",\"item\":\"https:\/\/orthodoxalbania.org\/2020\/\"},{\"@type\":\"ListItem\",\"position\":2,\"name\":\"Miq t\u00eb nderuar nga Lindja e Mesme n\u00eb Selin\u00eb e Sinodit t\u00eb Shenjt\u00eb\"}]},{\"@type\":\"WebSite\",\"@id\":\"https:\/\/orthodoxalbania.org\/2020\/#website\",\"url\":\"https:\/\/orthodoxalbania.org\/2020\/\",\"name\":\"Kisha Orthodh\u03bfkse Autoqefale e Shqip\u00ebris\u00eb\",\"description\":\"Fqja Zyrtare e Kish\u00ebs Orthodhokse Autoqefale e Shqip\u00ebris\u00eb me lajmet edhe informacionet zyrtare p\u00ebr struktur\u00ebn edhe veprimtarin e saj.\",\"publisher\":{\"@id\":\"https:\/\/orthodoxalbania.org\/2020\/#organization\"},\"potentialAction\":[{\"@type\":\"SearchAction\",\"target\":{\"@type\":\"EntryPoint\",\"urlTemplate\":\"https:\/\/orthodoxalbania.org\/2020\/?s={search_term_string}\"},\"query-input\":{\"@type\":\"PropertyValueSpecification\",\"valueRequired\":true,\"valueName\":\"search_term_string\"}}],\"inLanguage\":\"en-US\"},{\"@type\":\"Organization\",\"@id\":\"https:\/\/orthodoxalbania.org\/2020\/#organization\",\"name\":\"Kisha Orthodhokse Autoqefale e Shqip\u00ebris\u00eb\",\"url\":\"https:\/\/orthodoxalbania.org\/2020\/\",\"logo\":{\"@type\":\"ImageObject\",\"inLanguage\":\"en-US\",\"@id\":\"https:\/\/orthodoxalbania.org\/2020\/#\/schema\/logo\/image\/\",\"url\":\"https:\/\/orthodoxalbania.org\/2020\/wp-content\/uploads\/2020\/05\/albania.jpeg\",\"contentUrl\":\"https:\/\/orthodoxalbania.org\/2020\/wp-content\/uploads\/2020\/05\/albania.jpeg\",\"width\":540,\"height\":540,\"caption\":\"Kisha Orthodhokse Autoqefale e Shqip\u00ebris\u00eb\"},\"image\":{\"@id\":\"https:\/\/orthodoxalbania.org\/2020\/#\/schema\/logo\/image\/\"},\"sameAs\":[\"https:\/\/www.facebook.com\/koash1991\"]},{\"@type\":\"Person\",\"@id\":\"https:\/\/orthodoxalbania.org\/2020\/#\/schema\/person\/0c387634a7063ac612d7ed9ce71c7e86\",\"name\":\"Kisha Orthodhokse\",\"image\":{\"@type\":\"ImageObject\",\"inLanguage\":\"en-US\",\"@id\":\"https:\/\/secure.gravatar.com\/avatar\/596e7c417251e30f2fbb9c00e026fce61a695a00e51c889caded71c96cbbdde5?s=96&d=mm&r=g\",\"url\":\"https:\/\/secure.gravatar.com\/avatar\/596e7c417251e30f2fbb9c00e026fce61a695a00e51c889caded71c96cbbdde5?s=96&d=mm&r=g\",\"contentUrl\":\"https:\/\/secure.gravatar.com\/avatar\/596e7c417251e30f2fbb9c00e026fce61a695a00e51c889caded71c96cbbdde5?s=96&d=mm&r=g\",\"caption\":\"Kisha Orthodhokse\"}}]}<\/script>\n<!-- \/ Yoast SEO plugin. -->","yoast_head_json":{"title":"Miq t\u00eb nderuar nga Lindja e Mesme n\u00eb Selin\u00eb e Sinodit t\u00eb Shenjt\u00eb - Kisha Orthodh\u03bfkse Autoqefale e Shqip\u00ebris\u00eb","robots":{"index":"index","follow":"follow","max-snippet":"max-snippet:-1","max-image-preview":"max-image-preview:large","max-video-preview":"max-video-preview:-1"},"canonical":"https:\/\/orthodoxalbania.org\/2020\/2017\/06\/13\/miq-te-nderuar-nga-lindja-e-mesme-ne-seline-e-sinodit-te-shenjte\/","og_locale":"en_US","og_type":"article","og_title":"Miq t\u00eb nderuar nga Lindja e Mesme n\u00eb Selin\u00eb e Sinodit t\u00eb Shenjt\u00eb - Kisha Orthodh\u03bfkse Autoqefale e Shqip\u00ebris\u00eb","og_description":"T\u00eb h\u00ebn\u00ebn, 12 qershor 2017, n\u00eb Selin\u00eb e Sinodit t\u00eb Shenjt\u00eb, n\u00eb Tiran\u00eb, Kryepiskopi i Tiran\u00ebs, Durr\u00ebsit dhe i Gjith\u00eb Shqip\u00ebris\u00eb, Anastasi, priti nj\u00eb delegacion me personalitete t\u00eb larta nga Libani, t\u00eb familjes s\u00eb njohur mbret\u00ebrore, q\u00eb nga koha e Perandoris\u00eb Bizantine e deri n\u00eb shek. 18-t\u00eb t\u00eb Ghasanid\u00ebve, t\u00eb p\u00ebrb\u00ebr\u00eb nga Sheikh Selim El Chemor, Beirut, Liban, Princi Gharios El-Chemor of Ghassan, Aman, Jordani,","og_url":"https:\/\/orthodoxalbania.org\/2020\/2017\/06\/13\/miq-te-nderuar-nga-lindja-e-mesme-ne-seline-e-sinodit-te-shenjte\/","og_site_name":"Kisha Orthodh\u03bfkse Autoqefale e Shqip\u00ebris\u00eb","article_publisher":"https:\/\/www.facebook.com\/koash1991","article_published_time":"2017-06-13T12:43:53+00:00","article_modified_time":"2020-04-06T19:58:20+00:00","og_image":[{"width":150,"height":150,"url":"https:\/\/orthodoxalbania.org\/2020\/wp-content\/uploads\/2020\/04\/3-0.JPG","type":"image\/jpeg"}],"author":"Kisha Orthodhokse","twitter_card":"summary_large_image","twitter_misc":{"Written by":"Kisha Orthodhokse","Est. reading time":"1 minute"},"schema":{"@context":"https:\/\/schema.org","@graph":[{"@type":"Article","@id":"https:\/\/orthodoxalbania.org\/2020\/2017\/06\/13\/miq-te-nderuar-nga-lindja-e-mesme-ne-seline-e-sinodit-te-shenjte\/#article","isPartOf":{"@id":"https:\/\/orthodoxalbania.org\/2020\/2017\/06\/13\/miq-te-nderuar-nga-lindja-e-mesme-ne-seline-e-sinodit-te-shenjte\/"},"author":{"name":"Kisha Orthodhokse","@id":"https:\/\/orthodoxalbania.org\/2020\/#\/schema\/person\/0c387634a7063ac612d7ed9ce71c7e86"},"headline":"Miq t\u00eb nderuar nga Lindja e Mesme n\u00eb Selin\u00eb e Sinodit t\u00eb Shenjt\u00eb","datePublished":"2017-06-13T12:43:53+00:00","dateModified":"2020-04-06T19:58:20+00:00","mainEntityOfPage":{"@id":"https:\/\/orthodoxalbania.org\/2020\/2017\/06\/13\/miq-te-nderuar-nga-lindja-e-mesme-ne-seline-e-sinodit-te-shenjte\/"},"wordCount":280,"commentCount":0,"publisher":{"@id":"https:\/\/orthodoxalbania.org\/2020\/#organization"},"image":{"@id":"https:\/\/orthodoxalbania.org\/2020\/2017\/06\/13\/miq-te-nderuar-nga-lindja-e-mesme-ne-seline-e-sinodit-te-shenjte\/#primaryimage"},"thumbnailUrl":"https:\/\/orthodoxalbania.org\/2020\/wp-content\/uploads\/2020\/04\/3-0.JPG","keywords":["2017","Katedralja \u201cNgjallja e Krishtit\u201d Tiran\u00eb","Kryepiskopata Tiran\u00eb","Kryepiskopi Anastas","lajme"],"articleSection":["Lajme"],"inLanguage":"en-US"},{"@type":"WebPage","@id":"https:\/\/orthodoxalbania.org\/2020\/2017\/06\/13\/miq-te-nderuar-nga-lindja-e-mesme-ne-seline-e-sinodit-te-shenjte\/","url":"https:\/\/orthodoxalbania.org\/2020\/2017\/06\/13\/miq-te-nderuar-nga-lindja-e-mesme-ne-seline-e-sinodit-te-shenjte\/","name":"Miq t\u00eb nderuar nga Lindja e Mesme n\u00eb Selin\u00eb e Sinodit t\u00eb Shenjt\u00eb - Kisha Orthodh\u03bfkse Autoqefale e Shqip\u00ebris\u00eb","isPartOf":{"@id":"https:\/\/orthodoxalbania.org\/2020\/#website"},"primaryImageOfPage":{"@id":"https:\/\/orthodoxalbania.org\/2020\/2017\/06\/13\/miq-te-nderuar-nga-lindja-e-mesme-ne-seline-e-sinodit-te-shenjte\/#primaryimage"},"image":{"@id":"https:\/\/orthodoxalbania.org\/2020\/2017\/06\/13\/miq-te-nderuar-nga-lindja-e-mesme-ne-seline-e-sinodit-te-shenjte\/#primaryimage"},"thumbnailUrl":"https:\/\/orthodoxalbania.org\/2020\/wp-content\/uploads\/2020\/04\/3-0.JPG","datePublished":"2017-06-13T12:43:53+00:00","dateModified":"2020-04-06T19:58:20+00:00","breadcrumb":{"@id":"https:\/\/orthodoxalbania.org\/2020\/2017\/06\/13\/miq-te-nderuar-nga-lindja-e-mesme-ne-seline-e-sinodit-te-shenjte\/#breadcrumb"},"inLanguage":"en-US","potentialAction":[{"@type":"ReadAction","target":["https:\/\/orthodoxalbania.org\/2020\/2017\/06\/13\/miq-te-nderuar-nga-lindja-e-mesme-ne-seline-e-sinodit-te-shenjte\/"]}]},{"@type":"ImageObject","inLanguage":"en-US","@id":"https:\/\/orthodoxalbania.org\/2020\/2017\/06\/13\/miq-te-nderuar-nga-lindja-e-mesme-ne-seline-e-sinodit-te-shenjte\/#primaryimage","url":"https:\/\/orthodoxalbania.org\/2020\/wp-content\/uploads\/2020\/04\/3-0.JPG","contentUrl":"https:\/\/orthodoxalbania.org\/2020\/wp-content\/uploads\/2020\/04\/3-0.JPG","width":150,"height":150},{"@type":"BreadcrumbList","@id":"https:\/\/orthodoxalbania.org\/2020\/2017\/06\/13\/miq-te-nderuar-nga-lindja-e-mesme-ne-seline-e-sinodit-te-shenjte\/#breadcrumb","itemListElement":[{"@type":"ListItem","position":1,"name":"Home","item":"https:\/\/orthodoxalbania.org\/2020\/"},{"@type":"ListItem","position":2,"name":"Miq t\u00eb nderuar nga Lindja e Mesme n\u00eb Selin\u00eb e Sinodit t\u00eb Shenjt\u00eb"}]},{"@type":"WebSite","@id":"https:\/\/orthodoxalbania.org\/2020\/#website","url":"https:\/\/orthodoxalbania.org\/2020\/","name":"Kisha Orthodh\u03bfkse Autoqefale e Shqip\u00ebris\u00eb","description":"Fqja Zyrtare e Kish\u00ebs Orthodhokse Autoqefale e Shqip\u00ebris\u00eb me lajmet edhe informacionet zyrtare p\u00ebr struktur\u00ebn edhe veprimtarin e saj.","publisher":{"@id":"https:\/\/orthodoxalbania.org\/2020\/#organization"},"potentialAction":[{"@type":"SearchAction","target":{"@type":"EntryPoint","urlTemplate":"https:\/\/orthodoxalbania.org\/2020\/?s={search_term_string}"},"query-input":{"@type":"PropertyValueSpecification","valueRequired":true,"valueName":"search_term_string"}}],"inLanguage":"en-US"},{"@type":"Organization","@id":"https:\/\/orthodoxalbania.org\/2020\/#organization","name":"Kisha Orthodhokse Autoqefale e Shqip\u00ebris\u00eb","url":"https:\/\/orthodoxalbania.org\/2020\/","logo":{"@type":"ImageObject","inLanguage":"en-US","@id":"https:\/\/orthodoxalbania.org\/2020\/#\/schema\/logo\/image\/","url":"https:\/\/orthodoxalbania.org\/2020\/wp-content\/uploads\/2020\/05\/albania.jpeg","contentUrl":"https:\/\/orthodoxalbania.org\/2020\/wp-content\/uploads\/2020\/05\/albania.jpeg","width":540,"height":540,"caption":"Kisha Orthodhokse Autoqefale e Shqip\u00ebris\u00eb"},"image":{"@id":"https:\/\/orthodoxalbania.org\/2020\/#\/schema\/logo\/image\/"},"sameAs":["https:\/\/www.facebook.com\/koash1991"]},{"@type":"Person","@id":"https:\/\/orthodoxalbania.org\/2020\/#\/schema\/person\/0c387634a7063ac612d7ed9ce71c7e86","name":"Kisha Orthodhokse","image":{"@type":"ImageObject","inLanguage":"en-US","@id":"https:\/\/secure.gravatar.com\/avatar\/596e7c417251e30f2fbb9c00e026fce61a695a00e51c889caded71c96cbbdde5?s=96&d=mm&r=g","url":"https:\/\/secure.gravatar.com\/avatar\/596e7c417251e30f2fbb9c00e026fce61a695a00e51c889caded71c96cbbdde5?s=96&d=mm&r=g","contentUrl":"https:\/\/secure.gravatar.com\/avatar\/596e7c417251e30f2fbb9c00e026fce61a695a00e51c889caded71c96cbbdde5?s=96&d=mm&r=g","caption":"Kisha Orthodhokse"}}]}},"_links":{"self":[{"href":"https:\/\/orthodoxalbania.org\/2020\/wp-json\/wp\/v2\/posts\/5345","targetHints":{"allow":["GET"]}}],"collection":[{"href":"https:\/\/orthodoxalbania.org\/2020\/wp-json\/wp\/v2\/posts"}],"about":[{"href":"https:\/\/orthodoxalbania.org\/2020\/wp-json\/wp\/v2\/types\/post"}],"author":[{"embeddable":true,"href":"https:\/\/orthodoxalbania.org\/2020\/wp-json\/wp\/v2\/users\/1"}],"replies":[{"embeddable":true,"href":"https:\/\/orthodoxalbania.org\/2020\/wp-json\/wp\/v2\/comments?post=5345"}],"version-history":[{"count":1,"href":"https:\/\/orthodoxalbania.org\/2020\/wp-json\/wp\/v2\/posts\/5345\/revisions"}],"predecessor-version":[{"id":14841,"href":"https:\/\/orthodoxalbania.org\/2020\/wp-json\/wp\/v2\/posts\/5345\/revisions\/14841"}],"wp:featuredmedia":[{"embeddable":true,"href":"https:\/\/orthodoxalbania.org\/2020\/wp-json\/wp\/v2\/media\/5346"}],"wp:attachment":[{"href":"https:\/\/orthodoxalbania.org\/2020\/wp-json\/wp\/v2\/media?parent=5345"}],"wp:term":[{"taxonomy":"category","embeddable":true,"href":"https:\/\/orthodoxalbania.org\/2020\/wp-json\/wp\/v2\/categories?post=5345"},{"taxonomy":"post_tag","embeddable":true,"href":"https:\/\/orthodoxalbania.org\/2020\/wp-json\/wp\/v2\/tags?post=5345"}],"curies":[{"name":"wp","href":"https:\/\/api.w.org\/{rel}","templated":true}]}}