{"id":534,"date":"2013-03-21T12:30:30","date_gmt":"2013-03-21T12:30:30","guid":{"rendered":""},"modified":"2020-04-13T00:30:55","modified_gmt":"2020-04-12T22:30:55","slug":"festive-concert-of-the-protagonists-school-on-the-occasion-of-the-100th-anniversary-of-the-independence","status":"publish","type":"post","link":"https:\/\/orthodoxalbania.org\/2020\/en\/2013\/03\/21\/festive-concert-of-the-protagonists-school-on-the-occasion-of-the-100th-anniversary-of-the-independence\/","title":{"rendered":"Festive Concert of the Protagonists School on the Occasion of the 100th Anniversary of the Independence. (23 November 2012)"},"content":{"rendered":"<div style=\"text-align: justify;\"><span style=\"color: #000000; font-family: helvetica;\"><img class=\"lazyload\" decoding=\"async\" style=\"width: 300px; height: 200px; border-width: 1px; border-style: solid; margin: 10px; float: left;\" alt=\"\" src=\"data:image\/gif;base64,R0lGODlhAQABAAAAACH5BAEKAAEALAAAAAABAAEAAAICTAEAOw==\" data-orig-src=\"https:\/\/lh3.googleusercontent.com\/-dvmmVXKUZXw\/ULS19tK06tI\/AAAAAAAABQA\/WfYrCOB1_20\/s640\/DSC_0023.JPG\" \/><span style=\"font-size: 12pt;\">&nbsp; &nbsp;&nbsp; &#8220;You Albania, give me honor and give me the name Albanian&#8221; was this motto of the festive concert organized by Protagonist School, on the occasion of the 100th anniversary of the Independence and the 10th anniversary of the opening of the grades 1st \u2013 9th- school in Tirana. The concert was held in the amphitheater of the &#8220;Resurrection of Christ&#8221; Cathedral, on Friday, November 23rd. Attending this concert were His Beatitude Anastasios, Archbishop of Tirana, Durr\u00ebs and All Albania, the clergy of the Church, parents, children, representatives from educational institutions of Albania and the Orthodox community. The festive concert began with the hymn of the flag. The whole room stood up.<\/span><\/span><\/div>\n<div style=\"text-align: justify;\"><span style=\"color: #000000; font-family: helvetica; font-size: 12pt;\"> &nbsp;&nbsp;&nbsp;&nbsp; A mini-documentary film, which showed all the visits that Archbishop Anastasios has made to this school during the 10 years of its life and the warm communication, the sincere conversations with the teachers and the students. Then the concert continued with patriotic songs, dances from different regions of the country, poetry from different writers of Albania, thanksgiving etc. Students ardently thanked Archbishop Anastasios who was the founder and organizer of the school and all those who are helping in their upbringing. For about an hour and a half children, teachers, parents and guests enjoyed celebrating together the 10th anniversary of the school, which so beautifully coincided with the 100th anniversary of Independence.<\/span><\/div>\n<div style=\"text-align: right;\"><span style=\"color: #000000; font-family: helvetica; font-size: 12pt;\"> <strong>Luljeta Pjetri<\/strong><\/span><\/div>\n<p style=\"text-align: justify;\"><span style=\"font-family: helvetica; font-size: 12pt;\"><\/span><\/p>\n<p><span style=\"color: #000000; font-family: helvetica; font-size: 12pt;\"><img class=\"lazyload\" decoding=\"async\" style=\"width: 600px; height: 400px; margin: 10px; float: left; border-width: 1px; border-style: solid;\" alt=\"\" src=\"data:image\/gif;base64,R0lGODlhAQABAAAAACH5BAEKAAEALAAAAAABAAEAAAICTAEAOw==\" data-orig-src=\"https:\/\/lh3.googleusercontent.com\/-5VjfIPnAeu0\/ULS2wpWkKtI\/AAAAAAAABRc\/vFxI967xLGw\/s640\/DSC_0040.JPG\" \/><\/span><\/p>\n<p><span style=\"color: #000000; font-family: helvetica; font-size: 12pt;\"><img class=\"lazyload\" decoding=\"async\" style=\"width: 600px; height: 400px; border-width: 1px; border-style: solid; margin: 10px; float: left;\" alt=\"\" src=\"data:image\/gif;base64,R0lGODlhAQABAAAAACH5BAEKAAEALAAAAAABAAEAAAICTAEAOw==\" data-orig-src=\"https:\/\/lh6.googleusercontent.com\/-rZChNrsleNI\/ULS2bXdwo6I\/AAAAAAAABRE\/uwQNuVRbi2U\/s600\/DSC_0103.JPG\" \/><br \/> <img class=\"lazyload\" decoding=\"async\" style=\"width: 600px; height: 400px; border-width: 1px; border-style: solid; margin: 10px; float: left;\" alt=\"\" src=\"data:image\/gif;base64,R0lGODlhAQABAAAAACH5BAEKAAEALAAAAAABAAEAAAICTAEAOw==\" data-orig-src=\"https:\/\/lh4.googleusercontent.com\/-fwoxKK-osQI\/ULS22nzJK6I\/AAAAAAAABRs\/_PEqxr2XvE4\/s640\/DSC_0034.JPG\" \/><\/span><\/p>\n<p><span style=\"font-family: helvetica; font-size: 12pt;\"> &nbsp;<\/span><\/p>\n","protected":false},"excerpt":{"rendered":"<p>&nbsp; &nbsp;&nbsp; &#8220;You Albania, give me honor and give me the name Albanian&#8221; was this motto of the festive concert organized by Protagonist School, on the occasion of the 100th anniversary of the Independence and the 10th anniversary of the opening of the grades 1st \u2013 9th- school in Tirana. The concert was held in the amphitheater of the &#8220;Resurrection of Christ&#8221; Cathedral, on Friday,<\/p>\n","protected":false},"author":7,"featured_media":0,"comment_status":"open","ping_status":"open","sticky":false,"template":"","format":"standard","meta":{"_acf_changed":false,"pagelayer_contact_templates":[],"_pagelayer_content":"","inline_featured_image":false,"fifu_image_url":"","fifu_image_alt":"","footnotes":""},"categories":[1455,311],"tags":[1137,1185,1888],"class_list":["post-534","post","type-post","status-publish","format-standard","hentry","category-news-en","category-news-d25","tag-2012-en","tag-events","tag-institucione-parashkollore-te-kishes-orthodhokse-en"],"acf":[],"yoast_head":"<!-- This site is optimized with the Yoast SEO plugin v27.2 - https:\/\/yoast.com\/product\/yoast-seo-wordpress\/ -->\n<title>Festive Concert of the Protagonists School on the Occasion of the 100th Anniversary of the Independence. (23 November 2012) - Kisha Orthodh\u03bfkse Autoqefale e Shqip\u00ebris\u00eb<\/title>\n<meta name=\"robots\" content=\"index, follow, max-snippet:-1, max-image-preview:large, max-video-preview:-1\" \/>\n<link rel=\"canonical\" href=\"https:\/\/orthodoxalbania.org\/2020\/en\/2013\/03\/21\/festive-concert-of-the-protagonists-school-on-the-occasion-of-the-100th-anniversary-of-the-independence\/\" \/>\n<meta property=\"og:locale\" content=\"en_US\" \/>\n<meta property=\"og:type\" content=\"article\" \/>\n<meta property=\"og:title\" content=\"Festive Concert of the Protagonists School on the Occasion of the 100th Anniversary of the Independence. (23 November 2012) - Kisha Orthodh\u03bfkse Autoqefale e Shqip\u00ebris\u00eb\" \/>\n<meta property=\"og:description\" content=\"&nbsp; &nbsp;&nbsp; &#8220;You Albania, give me honor and give me the name Albanian&#8221; was this motto of the festive concert organized by Protagonist School, on the occasion of the 100th anniversary of the Independence and the 10th anniversary of the opening of the grades 1st \u2013 9th- school in Tirana. The concert was held in the amphitheater of the &#8220;Resurrection of Christ&#8221; Cathedral, on Friday,\" \/>\n<meta property=\"og:url\" content=\"https:\/\/orthodoxalbania.org\/2020\/en\/2013\/03\/21\/festive-concert-of-the-protagonists-school-on-the-occasion-of-the-100th-anniversary-of-the-independence\/\" \/>\n<meta property=\"og:site_name\" content=\"Kisha Orthodh\u03bfkse Autoqefale e Shqip\u00ebris\u00eb\" \/>\n<meta property=\"article:publisher\" content=\"https:\/\/www.facebook.com\/koash1991\" \/>\n<meta property=\"article:published_time\" content=\"2013-03-21T12:30:30+00:00\" \/>\n<meta property=\"article:modified_time\" content=\"2020-04-12T22:30:55+00:00\" \/>\n<meta property=\"og:image\" content=\"https:\/\/lh3.googleusercontent.com\/-dvmmVXKUZXw\/ULS19tK06tI\/AAAAAAAABQA\/WfYrCOB1_20\/s640\/DSC_0023.JPG\" \/>\n<meta name=\"author\" content=\"Kisha Orthodhokse\" \/>\n<meta name=\"twitter:card\" content=\"summary_large_image\" \/>\n<meta name=\"twitter:label1\" content=\"Written by\" \/>\n\t<meta name=\"twitter:data1\" content=\"Kisha Orthodhokse\" \/>\n\t<meta name=\"twitter:label2\" content=\"Est. reading time\" \/>\n\t<meta name=\"twitter:data2\" content=\"1 minute\" \/>\n<script type=\"application\/ld+json\" class=\"yoast-schema-graph\">{\"@context\":\"https:\/\/schema.org\",\"@graph\":[{\"@type\":\"Article\",\"@id\":\"https:\/\/orthodoxalbania.org\/2020\/en\/2013\/03\/21\/festive-concert-of-the-protagonists-school-on-the-occasion-of-the-100th-anniversary-of-the-independence\/#article\",\"isPartOf\":{\"@id\":\"https:\/\/orthodoxalbania.org\/2020\/en\/2013\/03\/21\/festive-concert-of-the-protagonists-school-on-the-occasion-of-the-100th-anniversary-of-the-independence\/\"},\"author\":{\"name\":\"Kisha Orthodhokse\",\"@id\":\"https:\/\/orthodoxalbania.org\/2020\/#\/schema\/person\/df745f942b70e045b3dc05a30211f0de\"},\"headline\":\"Festive Concert of the Protagonists School on the Occasion of the 100th Anniversary of the Independence. (23 November 2012)\",\"datePublished\":\"2013-03-21T12:30:30+00:00\",\"dateModified\":\"2020-04-12T22:30:55+00:00\",\"mainEntityOfPage\":{\"@id\":\"https:\/\/orthodoxalbania.org\/2020\/en\/2013\/03\/21\/festive-concert-of-the-protagonists-school-on-the-occasion-of-the-100th-anniversary-of-the-independence\/\"},\"wordCount\":249,\"commentCount\":0,\"publisher\":{\"@id\":\"https:\/\/orthodoxalbania.org\/2020\/#organization\"},\"image\":{\"@id\":\"https:\/\/orthodoxalbania.org\/2020\/en\/2013\/03\/21\/festive-concert-of-the-protagonists-school-on-the-occasion-of-the-100th-anniversary-of-the-independence\/#primaryimage\"},\"thumbnailUrl\":\"https:\/\/lh3.googleusercontent.com\/-dvmmVXKUZXw\/ULS19tK06tI\/AAAAAAAABQA\/WfYrCOB1_20\/s640\/DSC_0023.JPG\",\"keywords\":[\"2012\",\"Events\",\"Institucione Parashkollore t\u00eb Kish\u00ebs Orthodhokse\"],\"articleSection\":[\"News - \u0395\u039d\",\"News old page\"],\"inLanguage\":\"en-US\"},{\"@type\":\"WebPage\",\"@id\":\"https:\/\/orthodoxalbania.org\/2020\/en\/2013\/03\/21\/festive-concert-of-the-protagonists-school-on-the-occasion-of-the-100th-anniversary-of-the-independence\/\",\"url\":\"https:\/\/orthodoxalbania.org\/2020\/en\/2013\/03\/21\/festive-concert-of-the-protagonists-school-on-the-occasion-of-the-100th-anniversary-of-the-independence\/\",\"name\":\"Festive Concert of the Protagonists School on the Occasion of the 100th Anniversary of the Independence. (23 November 2012) - Kisha Orthodh\u03bfkse Autoqefale e Shqip\u00ebris\u00eb\",\"isPartOf\":{\"@id\":\"https:\/\/orthodoxalbania.org\/2020\/#website\"},\"primaryImageOfPage\":{\"@id\":\"https:\/\/orthodoxalbania.org\/2020\/en\/2013\/03\/21\/festive-concert-of-the-protagonists-school-on-the-occasion-of-the-100th-anniversary-of-the-independence\/#primaryimage\"},\"image\":{\"@id\":\"https:\/\/orthodoxalbania.org\/2020\/en\/2013\/03\/21\/festive-concert-of-the-protagonists-school-on-the-occasion-of-the-100th-anniversary-of-the-independence\/#primaryimage\"},\"thumbnailUrl\":\"https:\/\/lh3.googleusercontent.com\/-dvmmVXKUZXw\/ULS19tK06tI\/AAAAAAAABQA\/WfYrCOB1_20\/s640\/DSC_0023.JPG\",\"datePublished\":\"2013-03-21T12:30:30+00:00\",\"dateModified\":\"2020-04-12T22:30:55+00:00\",\"breadcrumb\":{\"@id\":\"https:\/\/orthodoxalbania.org\/2020\/en\/2013\/03\/21\/festive-concert-of-the-protagonists-school-on-the-occasion-of-the-100th-anniversary-of-the-independence\/#breadcrumb\"},\"inLanguage\":\"en-US\",\"potentialAction\":[{\"@type\":\"ReadAction\",\"target\":[\"https:\/\/orthodoxalbania.org\/2020\/en\/2013\/03\/21\/festive-concert-of-the-protagonists-school-on-the-occasion-of-the-100th-anniversary-of-the-independence\/\"]}]},{\"@type\":\"ImageObject\",\"inLanguage\":\"en-US\",\"@id\":\"https:\/\/orthodoxalbania.org\/2020\/en\/2013\/03\/21\/festive-concert-of-the-protagonists-school-on-the-occasion-of-the-100th-anniversary-of-the-independence\/#primaryimage\",\"url\":\"https:\/\/lh3.googleusercontent.com\/-dvmmVXKUZXw\/ULS19tK06tI\/AAAAAAAABQA\/WfYrCOB1_20\/s640\/DSC_0023.JPG\",\"contentUrl\":\"https:\/\/lh3.googleusercontent.com\/-dvmmVXKUZXw\/ULS19tK06tI\/AAAAAAAABQA\/WfYrCOB1_20\/s640\/DSC_0023.JPG\"},{\"@type\":\"BreadcrumbList\",\"@id\":\"https:\/\/orthodoxalbania.org\/2020\/en\/2013\/03\/21\/festive-concert-of-the-protagonists-school-on-the-occasion-of-the-100th-anniversary-of-the-independence\/#breadcrumb\",\"itemListElement\":[{\"@type\":\"ListItem\",\"position\":1,\"name\":\"Home\",\"item\":\"https:\/\/orthodoxalbania.org\/2020\/\"},{\"@type\":\"ListItem\",\"position\":2,\"name\":\"Festive Concert of the Protagonists School on the Occasion of the 100th Anniversary of the Independence. (23 November 2012)\"}]},{\"@type\":\"WebSite\",\"@id\":\"https:\/\/orthodoxalbania.org\/2020\/#website\",\"url\":\"https:\/\/orthodoxalbania.org\/2020\/\",\"name\":\"Kisha Orthodh\u03bfkse Autoqefale e Shqip\u00ebris\u00eb\",\"description\":\"Fqja Zyrtare e Kish\u00ebs Orthodhokse Autoqefale e Shqip\u00ebris\u00eb me lajmet edhe informacionet zyrtare p\u00ebr struktur\u00ebn edhe veprimtarin e saj.\",\"publisher\":{\"@id\":\"https:\/\/orthodoxalbania.org\/2020\/#organization\"},\"potentialAction\":[{\"@type\":\"SearchAction\",\"target\":{\"@type\":\"EntryPoint\",\"urlTemplate\":\"https:\/\/orthodoxalbania.org\/2020\/?s={search_term_string}\"},\"query-input\":{\"@type\":\"PropertyValueSpecification\",\"valueRequired\":true,\"valueName\":\"search_term_string\"}}],\"inLanguage\":\"en-US\"},{\"@type\":\"Organization\",\"@id\":\"https:\/\/orthodoxalbania.org\/2020\/#organization\",\"name\":\"Kisha Orthodhokse Autoqefale e Shqip\u00ebris\u00eb\",\"url\":\"https:\/\/orthodoxalbania.org\/2020\/\",\"logo\":{\"@type\":\"ImageObject\",\"inLanguage\":\"en-US\",\"@id\":\"https:\/\/orthodoxalbania.org\/2020\/#\/schema\/logo\/image\/\",\"url\":\"https:\/\/orthodoxalbania.org\/2020\/wp-content\/uploads\/2020\/05\/albania.jpeg\",\"contentUrl\":\"https:\/\/orthodoxalbania.org\/2020\/wp-content\/uploads\/2020\/05\/albania.jpeg\",\"width\":540,\"height\":540,\"caption\":\"Kisha Orthodhokse Autoqefale e Shqip\u00ebris\u00eb\"},\"image\":{\"@id\":\"https:\/\/orthodoxalbania.org\/2020\/#\/schema\/logo\/image\/\"},\"sameAs\":[\"https:\/\/www.facebook.com\/koash1991\"]},{\"@type\":\"Person\",\"@id\":\"https:\/\/orthodoxalbania.org\/2020\/#\/schema\/person\/df745f942b70e045b3dc05a30211f0de\",\"name\":\"Kisha Orthodhokse\",\"image\":{\"@type\":\"ImageObject\",\"inLanguage\":\"en-US\",\"@id\":\"https:\/\/secure.gravatar.com\/avatar\/2676eb8d97178435c9f691a7871595a1da6c33542dec218bce40885573150e28?s=96&d=mm&r=g\",\"url\":\"https:\/\/secure.gravatar.com\/avatar\/2676eb8d97178435c9f691a7871595a1da6c33542dec218bce40885573150e28?s=96&d=mm&r=g\",\"contentUrl\":\"https:\/\/secure.gravatar.com\/avatar\/2676eb8d97178435c9f691a7871595a1da6c33542dec218bce40885573150e28?s=96&d=mm&r=g\",\"caption\":\"Kisha Orthodhokse\"}}]}<\/script>\n<!-- \/ Yoast SEO plugin. -->","yoast_head_json":{"title":"Festive Concert of the Protagonists School on the Occasion of the 100th Anniversary of the Independence. (23 November 2012) - Kisha Orthodh\u03bfkse Autoqefale e Shqip\u00ebris\u00eb","robots":{"index":"index","follow":"follow","max-snippet":"max-snippet:-1","max-image-preview":"max-image-preview:large","max-video-preview":"max-video-preview:-1"},"canonical":"https:\/\/orthodoxalbania.org\/2020\/en\/2013\/03\/21\/festive-concert-of-the-protagonists-school-on-the-occasion-of-the-100th-anniversary-of-the-independence\/","og_locale":"en_US","og_type":"article","og_title":"Festive Concert of the Protagonists School on the Occasion of the 100th Anniversary of the Independence. (23 November 2012) - Kisha Orthodh\u03bfkse Autoqefale e Shqip\u00ebris\u00eb","og_description":"&nbsp; &nbsp;&nbsp; &#8220;You Albania, give me honor and give me the name Albanian&#8221; was this motto of the festive concert organized by Protagonist School, on the occasion of the 100th anniversary of the Independence and the 10th anniversary of the opening of the grades 1st \u2013 9th- school in Tirana. The concert was held in the amphitheater of the &#8220;Resurrection of Christ&#8221; Cathedral, on Friday,","og_url":"https:\/\/orthodoxalbania.org\/2020\/en\/2013\/03\/21\/festive-concert-of-the-protagonists-school-on-the-occasion-of-the-100th-anniversary-of-the-independence\/","og_site_name":"Kisha Orthodh\u03bfkse Autoqefale e Shqip\u00ebris\u00eb","article_publisher":"https:\/\/www.facebook.com\/koash1991","article_published_time":"2013-03-21T12:30:30+00:00","article_modified_time":"2020-04-12T22:30:55+00:00","og_image":[{"url":"https:\/\/lh3.googleusercontent.com\/-dvmmVXKUZXw\/ULS19tK06tI\/AAAAAAAABQA\/WfYrCOB1_20\/s640\/DSC_0023.JPG","type":"","width":"","height":""}],"author":"Kisha Orthodhokse","twitter_card":"summary_large_image","twitter_misc":{"Written by":"Kisha Orthodhokse","Est. reading time":"1 minute"},"schema":{"@context":"https:\/\/schema.org","@graph":[{"@type":"Article","@id":"https:\/\/orthodoxalbania.org\/2020\/en\/2013\/03\/21\/festive-concert-of-the-protagonists-school-on-the-occasion-of-the-100th-anniversary-of-the-independence\/#article","isPartOf":{"@id":"https:\/\/orthodoxalbania.org\/2020\/en\/2013\/03\/21\/festive-concert-of-the-protagonists-school-on-the-occasion-of-the-100th-anniversary-of-the-independence\/"},"author":{"name":"Kisha Orthodhokse","@id":"https:\/\/orthodoxalbania.org\/2020\/#\/schema\/person\/df745f942b70e045b3dc05a30211f0de"},"headline":"Festive Concert of the Protagonists School on the Occasion of the 100th Anniversary of the Independence. (23 November 2012)","datePublished":"2013-03-21T12:30:30+00:00","dateModified":"2020-04-12T22:30:55+00:00","mainEntityOfPage":{"@id":"https:\/\/orthodoxalbania.org\/2020\/en\/2013\/03\/21\/festive-concert-of-the-protagonists-school-on-the-occasion-of-the-100th-anniversary-of-the-independence\/"},"wordCount":249,"commentCount":0,"publisher":{"@id":"https:\/\/orthodoxalbania.org\/2020\/#organization"},"image":{"@id":"https:\/\/orthodoxalbania.org\/2020\/en\/2013\/03\/21\/festive-concert-of-the-protagonists-school-on-the-occasion-of-the-100th-anniversary-of-the-independence\/#primaryimage"},"thumbnailUrl":"https:\/\/lh3.googleusercontent.com\/-dvmmVXKUZXw\/ULS19tK06tI\/AAAAAAAABQA\/WfYrCOB1_20\/s640\/DSC_0023.JPG","keywords":["2012","Events","Institucione Parashkollore t\u00eb Kish\u00ebs Orthodhokse"],"articleSection":["News - \u0395\u039d","News old page"],"inLanguage":"en-US"},{"@type":"WebPage","@id":"https:\/\/orthodoxalbania.org\/2020\/en\/2013\/03\/21\/festive-concert-of-the-protagonists-school-on-the-occasion-of-the-100th-anniversary-of-the-independence\/","url":"https:\/\/orthodoxalbania.org\/2020\/en\/2013\/03\/21\/festive-concert-of-the-protagonists-school-on-the-occasion-of-the-100th-anniversary-of-the-independence\/","name":"Festive Concert of the Protagonists School on the Occasion of the 100th Anniversary of the Independence. (23 November 2012) - Kisha Orthodh\u03bfkse Autoqefale e Shqip\u00ebris\u00eb","isPartOf":{"@id":"https:\/\/orthodoxalbania.org\/2020\/#website"},"primaryImageOfPage":{"@id":"https:\/\/orthodoxalbania.org\/2020\/en\/2013\/03\/21\/festive-concert-of-the-protagonists-school-on-the-occasion-of-the-100th-anniversary-of-the-independence\/#primaryimage"},"image":{"@id":"https:\/\/orthodoxalbania.org\/2020\/en\/2013\/03\/21\/festive-concert-of-the-protagonists-school-on-the-occasion-of-the-100th-anniversary-of-the-independence\/#primaryimage"},"thumbnailUrl":"https:\/\/lh3.googleusercontent.com\/-dvmmVXKUZXw\/ULS19tK06tI\/AAAAAAAABQA\/WfYrCOB1_20\/s640\/DSC_0023.JPG","datePublished":"2013-03-21T12:30:30+00:00","dateModified":"2020-04-12T22:30:55+00:00","breadcrumb":{"@id":"https:\/\/orthodoxalbania.org\/2020\/en\/2013\/03\/21\/festive-concert-of-the-protagonists-school-on-the-occasion-of-the-100th-anniversary-of-the-independence\/#breadcrumb"},"inLanguage":"en-US","potentialAction":[{"@type":"ReadAction","target":["https:\/\/orthodoxalbania.org\/2020\/en\/2013\/03\/21\/festive-concert-of-the-protagonists-school-on-the-occasion-of-the-100th-anniversary-of-the-independence\/"]}]},{"@type":"ImageObject","inLanguage":"en-US","@id":"https:\/\/orthodoxalbania.org\/2020\/en\/2013\/03\/21\/festive-concert-of-the-protagonists-school-on-the-occasion-of-the-100th-anniversary-of-the-independence\/#primaryimage","url":"https:\/\/lh3.googleusercontent.com\/-dvmmVXKUZXw\/ULS19tK06tI\/AAAAAAAABQA\/WfYrCOB1_20\/s640\/DSC_0023.JPG","contentUrl":"https:\/\/lh3.googleusercontent.com\/-dvmmVXKUZXw\/ULS19tK06tI\/AAAAAAAABQA\/WfYrCOB1_20\/s640\/DSC_0023.JPG"},{"@type":"BreadcrumbList","@id":"https:\/\/orthodoxalbania.org\/2020\/en\/2013\/03\/21\/festive-concert-of-the-protagonists-school-on-the-occasion-of-the-100th-anniversary-of-the-independence\/#breadcrumb","itemListElement":[{"@type":"ListItem","position":1,"name":"Home","item":"https:\/\/orthodoxalbania.org\/2020\/"},{"@type":"ListItem","position":2,"name":"Festive Concert of the Protagonists School on the Occasion of the 100th Anniversary of the Independence. (23 November 2012)"}]},{"@type":"WebSite","@id":"https:\/\/orthodoxalbania.org\/2020\/#website","url":"https:\/\/orthodoxalbania.org\/2020\/","name":"Kisha Orthodh\u03bfkse Autoqefale e Shqip\u00ebris\u00eb","description":"Fqja Zyrtare e Kish\u00ebs Orthodhokse Autoqefale e Shqip\u00ebris\u00eb me lajmet edhe informacionet zyrtare p\u00ebr struktur\u00ebn edhe veprimtarin e saj.","publisher":{"@id":"https:\/\/orthodoxalbania.org\/2020\/#organization"},"potentialAction":[{"@type":"SearchAction","target":{"@type":"EntryPoint","urlTemplate":"https:\/\/orthodoxalbania.org\/2020\/?s={search_term_string}"},"query-input":{"@type":"PropertyValueSpecification","valueRequired":true,"valueName":"search_term_string"}}],"inLanguage":"en-US"},{"@type":"Organization","@id":"https:\/\/orthodoxalbania.org\/2020\/#organization","name":"Kisha Orthodhokse Autoqefale e Shqip\u00ebris\u00eb","url":"https:\/\/orthodoxalbania.org\/2020\/","logo":{"@type":"ImageObject","inLanguage":"en-US","@id":"https:\/\/orthodoxalbania.org\/2020\/#\/schema\/logo\/image\/","url":"https:\/\/orthodoxalbania.org\/2020\/wp-content\/uploads\/2020\/05\/albania.jpeg","contentUrl":"https:\/\/orthodoxalbania.org\/2020\/wp-content\/uploads\/2020\/05\/albania.jpeg","width":540,"height":540,"caption":"Kisha Orthodhokse Autoqefale e Shqip\u00ebris\u00eb"},"image":{"@id":"https:\/\/orthodoxalbania.org\/2020\/#\/schema\/logo\/image\/"},"sameAs":["https:\/\/www.facebook.com\/koash1991"]},{"@type":"Person","@id":"https:\/\/orthodoxalbania.org\/2020\/#\/schema\/person\/df745f942b70e045b3dc05a30211f0de","name":"Kisha Orthodhokse","image":{"@type":"ImageObject","inLanguage":"en-US","@id":"https:\/\/secure.gravatar.com\/avatar\/2676eb8d97178435c9f691a7871595a1da6c33542dec218bce40885573150e28?s=96&d=mm&r=g","url":"https:\/\/secure.gravatar.com\/avatar\/2676eb8d97178435c9f691a7871595a1da6c33542dec218bce40885573150e28?s=96&d=mm&r=g","contentUrl":"https:\/\/secure.gravatar.com\/avatar\/2676eb8d97178435c9f691a7871595a1da6c33542dec218bce40885573150e28?s=96&d=mm&r=g","caption":"Kisha Orthodhokse"}}]}},"_links":{"self":[{"href":"https:\/\/orthodoxalbania.org\/2020\/wp-json\/wp\/v2\/posts\/534","targetHints":{"allow":["GET"]}}],"collection":[{"href":"https:\/\/orthodoxalbania.org\/2020\/wp-json\/wp\/v2\/posts"}],"about":[{"href":"https:\/\/orthodoxalbania.org\/2020\/wp-json\/wp\/v2\/types\/post"}],"author":[{"embeddable":true,"href":"https:\/\/orthodoxalbania.org\/2020\/wp-json\/wp\/v2\/users\/7"}],"replies":[{"embeddable":true,"href":"https:\/\/orthodoxalbania.org\/2020\/wp-json\/wp\/v2\/comments?post=534"}],"version-history":[{"count":1,"href":"https:\/\/orthodoxalbania.org\/2020\/wp-json\/wp\/v2\/posts\/534\/revisions"}],"predecessor-version":[{"id":17709,"href":"https:\/\/orthodoxalbania.org\/2020\/wp-json\/wp\/v2\/posts\/534\/revisions\/17709"}],"wp:attachment":[{"href":"https:\/\/orthodoxalbania.org\/2020\/wp-json\/wp\/v2\/media?parent=534"}],"wp:term":[{"taxonomy":"category","embeddable":true,"href":"https:\/\/orthodoxalbania.org\/2020\/wp-json\/wp\/v2\/categories?post=534"},{"taxonomy":"post_tag","embeddable":true,"href":"https:\/\/orthodoxalbania.org\/2020\/wp-json\/wp\/v2\/tags?post=534"}],"curies":[{"name":"wp","href":"https:\/\/api.w.org\/{rel}","templated":true}]}}