{"id":532,"date":"2006-02-26T00:00:00","date_gmt":"2006-02-26T00:00:00","guid":{"rendered":""},"modified":"2020-04-06T22:41:53","modified_gmt":"2020-04-06T20:41:53","slug":"festivali-i-9-te-i-rinise-se-kishes-orthodhokse-te-shqiperise-krishtlindje-06","status":"publish","type":"post","link":"https:\/\/orthodoxalbania.org\/2020\/2006\/02\/26\/festivali-i-9-te-i-rinise-se-kishes-orthodhokse-te-shqiperise-krishtlindje-06\/","title":{"rendered":"Festivali i 9-t\u00eb i Rinis\u00eb s\u00eb Kish\u00ebs Orthodhokse t\u00eb Shqip\u00ebris\u00eb. &#8211; Krishtlindje &#8211; (26 Dhjetor 2006)"},"content":{"rendered":"<table id=\"AutoNumber4\" style=\"width: 704px; height: 3198px;\" border=\"0\">\n<tbody>\n<tr>\n<td>\n<div style=\"text-align: justify;\"><span style=\"color: #000000; font-family: helvetica; font-size: 12pt;\">&nbsp;&nbsp;&nbsp; Tirana k\u00ebto dit\u00eb \u00ebsht\u00eb e mbushur me shum\u00eb drita dhe ngjyra festive. T\u00eb gjith\u00eb njer\u00ebzit l\u00ebvizin n\u00ebp\u00ebr bulevardet dhe rrugicat e kryeqytetit, duke u p\u00ebrgatitur p\u00ebr t\u00eb festuar sa m\u00eb mire me familjet e tyre k\u00ebt\u00eb periudh\u00eb Krishtlindjesh dhe Vitin e Ri 2007.<\/span><\/div>\n<\/td>\n<td>\n<div><span style=\"color: #000000; font-family: helvetica; font-size: 12pt;\"><img decoding=\"async\" class=\"lazyload HAa Eha\" style=\"border-width: 1px; border-style: solid; margin: 10px auto; display: block;\" alt=\"\" src=\"data:image\/gif;base64,R0lGODlhAQABAAAAACH5BAEKAAEALAAAAAABAAEAAAICTAEAOw==\" data-orig-src=\"https:\/\/lh3.googleusercontent.com\/-FDWnebax4Zc\/VIgzrpDFk3I\/AAAAAAAAF84\/qGxchhZ9h0w\/w370-h246-no\/pic1.jpg\" \/><\/span><\/div>\n<\/td>\n<\/tr>\n<tr>\n<td>\n<div><span style=\"color: #000000; font-family: helvetica; font-size: 12pt;\"><img decoding=\"async\" class=\"lazyload HAa Eha\" style=\"border-width: 1px; border-style: solid; margin: 10px auto; display: block;\" alt=\"\" src=\"data:image\/gif;base64,R0lGODlhAQABAAAAACH5BAEKAAEALAAAAAABAAEAAAICTAEAOw==\" data-orig-src=\"https:\/\/lh6.googleusercontent.com\/-86t5DcT6108\/VIgznQrNYSI\/AAAAAAAAF8w\/0iZo4Xxuwnw\/w370-h246-no\/pic2.jpg\" \/><\/span><\/div>\n<\/td>\n<td>\n<div style=\"text-align: justify;\"><span style=\"color: #000000; font-family: helvetica; font-size: 12pt;\">&nbsp;&nbsp; Si p\u00ebr ta b\u00ebr\u00eb edhe m\u00eb t\u00eb bukur atmosfer\u00ebn, t\u00eb rinjt\u00eb e Kish\u00ebs Orthodhoks\u00eb t\u00eb Shqip\u00ebris\u00eb organizuan pasditen e 26 dhjetorit n\u00eb nj\u00eb nga sallat e Muzeut Historik Komb\u00ebtar, festivalin e k\u00ebng\u00ebve t\u00eb krishtera dhe k\u00ebng\u00ebve e valleve tradicionale shqiptare. Ky ishte festivali i n\u00ebnt\u00eb n\u00eb radh\u00eb, duke e kthyer n\u00eb nj\u00eb tradit\u00eb t\u00eb pasur aktivitetin komb\u00ebtar t\u00eb fundvitit.<\/span><\/div>\n<\/td>\n<\/tr>\n<tr>\n<td>\n<div style=\"text-align: justify;\"><span style=\"color: #000000; font-family: helvetica; font-size: 12pt;\">&nbsp;&nbsp;&nbsp; T\u00eb par\u00ebt q\u00eb u ngjit\u00ebn n\u00eb sken\u00eb ishin f\u00ebmij\u00ebt e shkoll\u00ebs 9-vje\u00e7are shqiptaro-amerikane \u201cProtagonist\u00ebt\u201d. U duartrokit\u00ebn fort nga t\u00eb gjith\u00eb t\u00eb pranishmit, sepse n\u00eb syt\u00eb e tyre gjithkush shikon t\u00eb ardhmen e Shqip\u00ebris\u00eb. M\u00eb pas dy prezantuesit e festivalit, an\u00ebtar\u00eb t\u00eb Rinis\u00eb Orthodhokse t\u00eb Tiran\u00ebs, Vasil Ko\u00e7o dhe Ina Gjata than\u00eb para t\u00eb pranishm\u00ebve:<\/span><\/div>\n<\/td>\n<td>\n<div style=\"text-align: justify;\"><span style=\"font-family: helvetica; font-size: 12pt;\"><\/span><\/div>\n<p><span style=\"color: #000000; font-family: helvetica; font-size: 12pt;\"><img decoding=\"async\" class=\"lazyload HAa Eha\" style=\"border-width: 1px; border-style: solid; margin: 10px auto; display: block;\" alt=\"\" src=\"data:image\/gif;base64,R0lGODlhAQABAAAAACH5BAEKAAEALAAAAAABAAEAAAICTAEAOw==\" data-orig-src=\"https:\/\/lh5.googleusercontent.com\/-7EWovenV0rw\/VIgznoYb61I\/AAAAAAAAF70\/51EraSO2wCg\/w370-h246-no\/pic3.jpg\" \/><\/span><\/p>\n<\/td>\n<\/tr>\n<tr>\n<td>\n<div><span style=\"color: #000000; font-family: helvetica; font-size: 12pt;\"><img decoding=\"async\" class=\"lazyload HAa Eha\" style=\"border-width: 1px; border-style: solid; margin: 10px auto; display: block;\" alt=\"\" src=\"data:image\/gif;base64,R0lGODlhAQABAAAAACH5BAEKAAEALAAAAAABAAEAAAICTAEAOw==\" data-orig-src=\"https:\/\/lh5.googleusercontent.com\/-MjiWvyFWd3c\/VIgzoIGJYaI\/AAAAAAAAF8o\/ViOINU1CrZc\/w370-h246-no\/pic4.jpg\" \/><\/span><\/div>\n<\/td>\n<td>\n<div style=\"text-align: justify;\"><span style=\"color: #000000; font-family: helvetica; font-size: 12pt;\">&nbsp;&nbsp;&nbsp; \u201c9 vjet m\u00eb par\u00eb n\u00eb k\u00ebt\u00eb qytet nisi rrug\u00ebtimin nj\u00eb eveniment i bukur rinor. Tani mund ta quajm\u00eb edhe tradicional, por n\u00eb sken\u00eb gjithmon\u00eb do t\u00eb shikoni fytyra t\u00eb reja, do t\u00eb p\u00ebrjetoni entuziazmin dhe zellin e rinis\u00eb s\u00eb Krishtit. Per\u00ebndia nuk na ka dh\u00ebn\u00eb frym\u00eb frike, por shprese dhe dashurie. Ky varg biblik \u00ebsht\u00eb nj\u00eb nd\u00ebr porosit\u00eb q\u00eb Kryepiskopi yn\u00eb i dashur dhe i respektuar, imzot Anastasi, na e rikujton \u00e7do her\u00eb kudo q\u00eb jemi. Por ai nuk \u00ebsht\u00eb vet\u00ebm nj\u00eb k\u00ebshillues shpirt\u00ebror p\u00ebr ne t\u00eb rinjt\u00eb, por \u00ebsht\u00eb frym\u00ebzim i t\u00eb gjith\u00eb besimtar\u00ebve p\u00ebr nj\u00eb jet\u00eb pran\u00eb Per\u00ebndis\u00eb.<\/span><\/div>\n<\/td>\n<\/tr>\n<tr>\n<td>\n<div style=\"text-align: justify;\"><span style=\"color: #000000; font-family: helvetica; font-size: 12pt;\">&nbsp;&nbsp;&nbsp; Nuk do t\u00eb mjaftonte koha q\u00eb kemi n\u00eb dispozicion p\u00ebr t\u00eb shprehur mir\u00ebnjohjen dhe fal\u00ebnderimet tona p\u00ebr bariun e Kish\u00ebs son\u00eb, q\u00eb ka dh\u00ebn\u00eb gjith\u00eb energjit\u00eb e tij p\u00ebr t\u00eb nd\u00ebrtuar jo vet\u00ebm Kish\u00ebn si objekt, por edhe Kish\u00ebn n\u00eb zemrat tona. Faleminderit Fortlumturi p\u00ebr gjith\u00e7ka q\u00eb keni b\u00ebr\u00eb p\u00ebr ne\u201d. &nbsp; &nbsp; &nbsp; &nbsp; &nbsp; &nbsp; &nbsp; &nbsp; &nbsp; &nbsp; &nbsp; &nbsp; &nbsp; &nbsp; &nbsp; &nbsp; &nbsp; &nbsp;<\/span><\/div>\n<\/td>\n<td>\n<div style=\"text-align: justify;\"><span style=\"font-family: helvetica; font-size: 12pt;\"><\/span><\/div>\n<p><span style=\"color: #000000; font-family: helvetica; font-size: 12pt;\"><img decoding=\"async\" class=\"lazyload HAa Eha\" style=\"border-width: 1px; border-style: solid; margin: 10px auto; display: block;\" alt=\"\" src=\"data:image\/gif;base64,R0lGODlhAQABAAAAACH5BAEKAAEALAAAAAABAAEAAAICTAEAOw==\" data-orig-src=\"https:\/\/lh6.googleusercontent.com\/-sOpw8weGfro\/VIgzobPpYmI\/AAAAAAAAF8A\/Ao4f-dZ-dMY\/w370-h246-no\/pic5.jpg\" \/><\/span><\/p>\n<\/td>\n<\/tr>\n<tr>\n<td>\n<div><span style=\"color: #000000; font-family: helvetica; font-size: 12pt;\"><img decoding=\"async\" class=\"lazyload HAa Eha\" style=\"border-width: 1px; border-style: solid; margin: 10px auto; display: block;\" alt=\"\" src=\"data:image\/gif;base64,R0lGODlhAQABAAAAACH5BAEKAAEALAAAAAABAAEAAAICTAEAOw==\" data-orig-src=\"https:\/\/lh5.googleusercontent.com\/-moGj-7SKWQ8\/VIgzon17VJI\/AAAAAAAAF8I\/YcI_SiRtz6k\/w370-h246-no\/pic6.jpg\" \/><\/span><\/div>\n<\/td>\n<td>\n<div style=\"text-align: justify;\"><span style=\"color: #000000; font-family: helvetica; font-size: 12pt;\">&nbsp;&nbsp;&nbsp; Me k\u00ebto fjal\u00eb prezantuesit fal\u00ebnderuan Kryepiskopin Anastas, i cili ishte i pranish\u00ebm n\u00eb k\u00ebt\u00eb festival, duke e ndjekur at\u00eb me v\u00ebmendje dhe dashuri. Krishtlindja \u00ebsht\u00eb festa e t\u00eb gjith\u00ebve. Krishti erdhi n\u00eb k\u00ebt\u00eb bot\u00eb p\u00ebr t\u00eb na dh\u00ebn\u00eb besim, shpres\u00eb dhe dashuri. Gjithashtu, Krishtlindja \u00ebsht\u00eb shpirti i dhuratave. Gjat\u00eb k\u00ebsaj feste t\u00eb gjith\u00eb njer\u00ebzit p\u00ebrpiqen t\u00eb ofrojn\u00eb di\u00e7ka p\u00ebr t\u00eb af\u00ebrmit e tyre, nd\u00ebrsa Krishti k\u00ebrkon vet\u00ebm nj\u00eb dhurat\u00eb t\u00eb vog\u00ebl, ta b\u00ebjm\u00eb zemr\u00ebn ton\u00eb grazhd p\u00ebr at\u00eb.<\/span><\/div>\n<\/td>\n<\/tr>\n<tr>\n<td>\n<div style=\"text-align: justify;\"><span style=\"color: #000000; font-family: helvetica; font-size: 12pt;\">&nbsp;&nbsp;&nbsp; P\u00ebr t\u00eb b\u00ebr\u00eb nj\u00eb dhurat\u00eb t\u00eb ve\u00e7ant\u00eb p\u00ebr t\u00eb gjith\u00eb t\u00eb pranishmit, 11 grupe t\u00eb p\u00ebrzgjedhura rinore nga t\u00eb kat\u00ebr dioqezat kishtare t\u00eb Shqip\u00ebris\u00eb e gjall\u00ebruan edhe m\u00eb shum\u00eb k\u00ebt\u00eb atmosfer\u00eb, duke k\u00ebnduar k\u00ebng\u00eb t\u00eb krishtera dhe duke paraqitur k\u00ebng\u00eb e valle tradicionale nga trevat q\u00eb ata p\u00ebrfaq\u00ebsojn\u00eb. N\u00eb k\u00ebt\u00eb sken\u00eb u ngjit\u00ebn grupet rinore nga Vlora, Tirana, Gjinari, Durr\u00ebsi, Kavaja, Gramshi, Fikasi, Prespa, Berati, Vlora, Gjirokastra dhe K\u00eblcyra.<\/span><\/div>\n<\/td>\n<td>\n<div style=\"text-align: justify;\"><span style=\"font-family: helvetica; font-size: 12pt;\"><\/span><\/div>\n<p><span style=\"color: #000000; font-family: helvetica; font-size: 12pt;\"><img decoding=\"async\" class=\"lazyload HAa Eha\" style=\"border-width: 1px; border-style: solid; margin: 10px auto; display: block;\" alt=\"\" src=\"data:image\/gif;base64,R0lGODlhAQABAAAAACH5BAEKAAEALAAAAAABAAEAAAICTAEAOw==\" data-orig-src=\"https:\/\/lh4.googleusercontent.com\/-b3nOvauigtM\/VIgzo1JxgGI\/AAAAAAAAF8g\/mu8upEN3KDQ\/w370-h246-no\/pic7.jpg\" \/><\/span><\/p>\n<\/td>\n<\/tr>\n<tr>\n<td>\n<div><span style=\"color: #000000; font-family: helvetica; font-size: 12pt;\"><img decoding=\"async\" class=\"lazyload HAa Eha\" style=\"border-width: 1px; border-style: solid; margin: 10px auto; display: block;\" alt=\"\" src=\"data:image\/gif;base64,R0lGODlhAQABAAAAACH5BAEKAAEALAAAAAABAAEAAAICTAEAOw==\" data-orig-src=\"https:\/\/lh3.googleusercontent.com\/-hwZ2u7cV9-A\/VIgzpRwmRKI\/AAAAAAAAF8U\/vab07D6ndN8\/w370-h246-no\/pic8.jpg\" \/><\/span><\/div>\n<\/td>\n<td>\n<div style=\"text-align: justify;\"><span style=\"color: #000000; font-family: helvetica; font-size: 12pt;\">&nbsp;&nbsp;&nbsp; Posa\u00e7\u00ebrisht p\u00ebr t\u00eb vler\u00ebsuar k\u00ebto grupe ishte ngritur nj\u00eb juri e p\u00ebrb\u00ebr\u00eb nga klerik\u00eb, muzikant\u00eb dhe pjes\u00ebtar\u00eb t\u00eb Rinis\u00eb Orthodhokse, e udh\u00ebhequr nga znj. Konstandina Luis. P\u00ebr rreth dy or\u00eb grupet rinore u paraqit\u00ebn me dinjitet, duke e b\u00ebr\u00eb t\u00eb k\u00ebndshme atmosfer\u00ebn dhe duke marr\u00eb shum\u00eb duartrokitje nga spektator\u00ebt. Pas prezantimit t\u00eb grupeve, festivalin e p\u00ebrsh\u00ebndeti edhe Kryepiskopi Anastas, i cili i p\u00ebrg\u00ebzoi grupet rinore p\u00ebr nivelin e lart\u00eb.<\/span><\/div>\n<\/td>\n<\/tr>\n<tr>\n<td>\n<div style=\"text-align: justify;\"><span style=\"color: #000000; font-family: helvetica; font-size: 12pt;\">&nbsp;&nbsp;&nbsp; \u201c\u00c7mimin e par\u00eb &#8211; tha Kryepiskopi &#8211; e mori auditori. Kjo pun\u00eb e p\u00ebrbashk\u00ebt krijon atmosfer\u00eb bashk\u00ebpunimi dhe v\u00ebllaz\u00ebrimi, q\u00eb duhet t\u00eb vazhdoj\u00eb edhe m\u00eb tej. Nuk jemi mbledhur thjesht, k\u00ebtu na mbledh emri i Jisu Krishtit, shp\u00ebtimtari i bot\u00ebs. Mos harrojm\u00eb se apostujt lan\u00eb gjith\u00e7ka p\u00ebr Krishtin dhe ju t\u00eb rinjt\u00eb duhet ta transmetoni k\u00ebt\u00eb t\u00eb v\u00ebrtet\u00eb t\u00eb krishter\u00eb kudo q\u00eb t\u00eb ndodheni.<\/span><\/div>\n<\/td>\n<td>\n<div><span style=\"color: #000000; font-family: helvetica; font-size: 12pt;\"><img decoding=\"async\" class=\"lazyload HAa Eha\" style=\"border-width: 1px; border-style: solid; margin: 10px auto; display: block;\" alt=\"\" src=\"data:image\/gif;base64,R0lGODlhAQABAAAAACH5BAEKAAEALAAAAAABAAEAAAICTAEAOw==\" data-orig-src=\"https:\/\/lh5.googleusercontent.com\/-xEqxM5iq-v4\/VIgzqGOlSoI\/AAAAAAAAF8c\/q2QPUVSMt6o\/w370-h246-no\/pic9.jpg\" \/><\/span><\/div>\n<\/td>\n<\/tr>\n<tr>\n<td>\n<div style=\"text-align: justify;\"><span style=\"font-family: helvetica; font-size: 12pt;\"><\/span><\/div>\n<p><span style=\"color: #000000; font-family: helvetica; font-size: 12pt;\"><img decoding=\"async\" class=\"lazyload HAa Eha\" style=\"margin: 10px auto; border: 1px solid; display: block;\" alt=\"\" src=\"data:image\/gif;base64,R0lGODlhAQABAAAAACH5BAEKAAEALAAAAAABAAEAAAICTAEAOw==\" data-orig-src=\"https:\/\/lh3.googleusercontent.com\/-GpxRdL8nVls\/VIgzkXPeX2I\/AAAAAAAAF68\/qCvjpD4mGXM\/w370-h246-no\/pic10.jpg\" \/><\/span><\/p>\n<\/td>\n<td>\n<div style=\"text-align: justify;\"><span style=\"color: #000000; font-family: helvetica; font-size: 12pt;\">&nbsp;&nbsp;&nbsp; Ne jemi n\u00eb nj\u00eb cep t\u00eb Ballkanit, por nuk jemi nj\u00eb grup i ve\u00e7uar, por pjes\u00eb e nj\u00eb Kishe t\u00eb gjall\u00eb Katholike dhe Apostolike. Kjo Kish\u00eb ka p\u00ebrgjegj\u00ebsi p\u00ebr mbar\u00eb universin, duke e p\u00ebrqafuar at\u00eb me dashuri dhe dhembshuri. P\u00ebrpiquni q\u00eb ta njihni Krishtin personalisht. Keni nevoj\u00eb p\u00ebr lutje, meditim dhe studim. Kjo \u00ebsht\u00eb dhurata m\u00eb e madhe q\u00eb mund t\u00eb b\u00ebni p\u00ebr k\u00ebt\u00eb fest\u00eb. Krishti, i cili \u00ebsht\u00eb Dielli i Drejt\u00ebsis\u00eb, t\u00eb shk\u00eblqej\u00eb dhe t\u00eb rrezatoj\u00eb n\u00eb veprat dhe n\u00eb shembullin tuaj\u201d \u2013 p\u00ebrfundoi fjal\u00ebn e tij, Kryepiskopi Anastas.<\/span><\/div>\n<\/td>\n<\/tr>\n<tr>\n<td>\n<div dir=\"ltr\" style=\"text-align: justify;\"><span style=\"color: #000000; font-family: helvetica; font-size: 12pt;\">&nbsp;&nbsp;&nbsp; N\u00eb fund, juria caktoi fituesit e k\u00ebtij festivali. \u00c7mimin inkurajues e mori Gramshi, \u00e7mimin e tret\u00eb Kavaja, t\u00eb dytin Berati dhe grupi fitues i festivalit u shpall Tirana.&nbsp;<\/span><\/div>\n<\/td>\n<td>\n<div><span style=\"color: #000000; font-family: helvetica; font-size: 12pt;\"><img decoding=\"async\" class=\"lazyload HAa Eha\" style=\"border-width: 1px; border-style: solid; margin: 10px auto; display: block;\" alt=\"\" src=\"data:image\/gif;base64,R0lGODlhAQABAAAAACH5BAEKAAEALAAAAAABAAEAAAICTAEAOw==\" data-orig-src=\"https:\/\/lh5.googleusercontent.com\/-6XFBsL3-MV4\/VIgzm_185gI\/AAAAAAAAF88\/0SSaE8Eqr8Q\/w266-h400-no\/pic19.jpg\" \/><\/span><\/div>\n<\/td>\n<\/tr>\n<tr>\n<td colspan=\"2\">\n<div style=\"text-align: justify;\"><span style=\"font-family: helvetica; font-size: 12pt;\"><span style=\"color: #000000;\">&nbsp; <\/span><span style=\"color: #000000;\"><strong style=\"font-size: 12px; font-family: tahoma, geneva, sans-serif;\">Isidor Koti<\/strong><\/span><\/span><\/div>\n<\/td>\n<\/tr>\n<\/tbody>\n<\/table>\n<table>\n<tbody>\n<tr>\n<td>\n<p><span style=\"font-family: helvetica; font-size: 12pt;\"><img decoding=\"async\" class=\"lazyload HAa Eha\" style=\"font-family: tahoma, geneva, sans-serif; font-size: 18.0180187225342px; border-width: 1px; border-style: solid; margin: 10px; text-align: center;\" alt=\"\" src=\"data:image\/gif;base64,R0lGODlhAQABAAAAACH5BAEKAAEALAAAAAABAAEAAAICTAEAOw==\" data-orig-src=\"https:\/\/lh3.googleusercontent.com\/-h6LiMhxnQxU\/VIgzk3VMzUI\/AAAAAAAAF9E\/xntOHg7CwLE\/w400-h266-no\/pic12.jpg\" \/><\/span><\/p>\n<p><span style=\"font-family: helvetica; font-size: 12pt;\">&nbsp;<img decoding=\"async\" class=\"lazyload HAa Eha\" style=\"border-width: 1px; border-style: solid; margin: 10px; text-align: center;\" alt=\"\" src=\"data:image\/gif;base64,R0lGODlhAQABAAAAACH5BAEKAAEALAAAAAABAAEAAAICTAEAOw==\" data-orig-src=\"https:\/\/lh4.googleusercontent.com\/-PpiVHMle6sE\/VIgzqi1Q_HI\/AAAAAAAAF8k\/45QC6uFbKAs\/w400-h266-no\/untitled13.jpg\" \/><\/span><\/td>\n<\/tr>\n<tr>\n<td><span style=\"font-family: helvetica; font-size: 12pt;\">&nbsp;<img decoding=\"async\" class=\"lazyload HAa Eha\" style=\"border-width: 1px; border-style: solid; margin: 10px; text-align: center;\" alt=\"\" src=\"data:image\/gif;base64,R0lGODlhAQABAAAAACH5BAEKAAEALAAAAAABAAEAAAICTAEAOw==\" data-orig-src=\"https:\/\/lh5.googleusercontent.com\/-08zWgQEAcdk\/VIgzlBhlnsI\/AAAAAAAAF9Q\/NJe3xyUu9uY\/w400-h266-no\/pic14.jpg\" \/><\/span><\/td>\n<\/tr>\n<tr>\n<td><span style=\"font-family: helvetica; font-size: 12pt;\"><\/span><\/p>\n<p><span style=\"font-family: helvetica; font-size: 12pt;\"><img decoding=\"async\" class=\"lazyload HAa Eha\" style=\"font-family: tahoma, geneva, sans-serif; font-size: 18.0180187225342px; border-width: 1px; border-style: solid; margin: 10px; text-align: center;\" alt=\"\" src=\"data:image\/gif;base64,R0lGODlhAQABAAAAACH5BAEKAAEALAAAAAABAAEAAAICTAEAOw==\" data-orig-src=\"https:\/\/lh6.googleusercontent.com\/-ZBLazGj1jgo\/VIgzlvl0Y-I\/AAAAAAAAF7Y\/Wu6XoBvbqgA\/w400-h266-no\/pic15.jpg\" \/><\/span><\/p>\n<\/td>\n<\/tr>\n<tr>\n<td><span style=\"font-family: helvetica; font-size: 12pt;\">&nbsp;<img decoding=\"async\" class=\"lazyload HAa Eha\" style=\"font-family: tahoma, geneva, sans-serif; font-size: 18.0180187225342px; border-width: 1px; border-style: solid; margin: 10px; text-align: center;\" alt=\"\" src=\"data:image\/gif;base64,R0lGODlhAQABAAAAACH5BAEKAAEALAAAAAABAAEAAAICTAEAOw==\" data-orig-src=\"https:\/\/lh3.googleusercontent.com\/-UMcHx0wqRME\/VIgzksh525I\/AAAAAAAAF7E\/QRKNGwLLI0k\/w400-h266-no\/pic11.jpg\" \/><\/span><\/td>\n<\/tr>\n<tr>\n<td><span style=\"font-family: helvetica; font-size: 12pt;\"><img decoding=\"async\" class=\"lazyload HAa Eha\" style=\"font-family: tahoma, geneva, sans-serif; font-size: 18.0180187225342px; border-width: 1px; border-style: solid; margin: 10px; text-align: center;\" alt=\"\" src=\"data:image\/gif;base64,R0lGODlhAQABAAAAACH5BAEKAAEALAAAAAABAAEAAAICTAEAOw==\" data-orig-src=\"https:\/\/lh6.googleusercontent.com\/-XHEttSEggSs\/VIgzmCBCf_I\/AAAAAAAAF9A\/qZ3Vf_dzhAo\/w400-h288-no\/pic16.jpg\" \/><\/span><\/td>\n<\/tr>\n<tr>\n<td>\n<div><span style=\"font-family: helvetica; font-size: 12pt;\"><img decoding=\"async\" class=\"lazyload HAa Eha\" style=\"font-family: tahoma, geneva, sans-serif; font-size: 18.0180187225342px; border-width: 1px; border-style: solid; margin: 10px; text-align: center;\" alt=\"\" src=\"data:image\/gif;base64,R0lGODlhAQABAAAAACH5BAEKAAEALAAAAAABAAEAAAICTAEAOw==\" data-orig-src=\"https:\/\/lh3.googleusercontent.com\/-E7LP7-y0Mhc\/VIgzmTEs58I\/AAAAAAAAF7g\/Or18dzNbHrQ\/w400-h266-no\/pic17.jpg\" \/><\/span><\/div>\n<\/td>\n<\/tr>\n<tr>\n<td>\n<div><span style=\"font-family: helvetica; font-size: 12pt;\"><img decoding=\"async\" class=\"lazyload HAa Eha\" style=\"font-family: tahoma, geneva, sans-serif; font-size: 18.0180187225342px; border-width: 1px; border-style: solid; margin: 10px; text-align: center;\" alt=\"\" src=\"data:image\/gif;base64,R0lGODlhAQABAAAAACH5BAEKAAEALAAAAAABAAEAAAICTAEAOw==\" data-orig-src=\"https:\/\/lh6.googleusercontent.com\/-JBgOSMSRHaw\/VIgzmudWRZI\/AAAAAAAAF80\/hDRsLQ9tbyg\/w400-h266-no\/pic18.jpg\" \/><\/span><\/div>\n<\/td>\n<\/tr>\n<\/tbody>\n<\/table>\n<p style=\"text-align: center;\"><span style=\"font-family: helvetica; font-size: 12pt;\"><\/span><\/p>\n","protected":false},"excerpt":{"rendered":"<p>&nbsp;&nbsp;&nbsp; Tirana k\u00ebto dit\u00eb \u00ebsht\u00eb e mbushur me shum\u00eb drita dhe ngjyra festive. T\u00eb gjith\u00eb njer\u00ebzit l\u00ebvizin n\u00ebp\u00ebr bulevardet dhe rrugicat e kryeqytetit, duke u p\u00ebrgatitur p\u00ebr t\u00eb festuar sa m\u00eb mire me familjet e tyre k\u00ebt\u00eb periudh\u00eb Krishtlindjesh dhe Vitin e Ri 2007. &nbsp;&nbsp; Si p\u00ebr ta b\u00ebr\u00eb edhe m\u00eb t\u00eb bukur atmosfer\u00ebn, t\u00eb rinjt\u00eb e Kish\u00ebs Orthodhoks\u00eb t\u00eb Shqip\u00ebris\u00eb organizuan pasditen e 26<\/p>\n","protected":false},"author":1,"featured_media":0,"comment_status":"open","ping_status":"open","sticky":false,"template":"","format":"standard","meta":{"_acf_changed":false,"pagelayer_contact_templates":[],"_pagelayer_content":"","inline_featured_image":false,"fifu_image_url":"","fifu_image_alt":"","footnotes":""},"categories":[108],"tags":[148,196,201,212,176],"class_list":["post-532","post","type-post","status-publish","format-standard","hentry","category-lajme","tag-148","tag-tirane","tag-kryepiskopi-anastas","tag-lajme-d27","tag-rinia-orthodhokse"],"acf":[],"yoast_head":"<!-- This site is optimized with the Yoast SEO plugin v27.2 - https:\/\/yoast.com\/product\/yoast-seo-wordpress\/ -->\n<title>Festivali i 9-t\u00eb i Rinis\u00eb s\u00eb Kish\u00ebs Orthodhokse t\u00eb Shqip\u00ebris\u00eb. - Krishtlindje - (26 Dhjetor 2006) - Kisha Orthodh\u03bfkse Autoqefale e Shqip\u00ebris\u00eb<\/title>\n<meta name=\"robots\" content=\"index, follow, max-snippet:-1, max-image-preview:large, max-video-preview:-1\" \/>\n<link rel=\"canonical\" href=\"https:\/\/orthodoxalbania.org\/2020\/2006\/02\/26\/festivali-i-9-te-i-rinise-se-kishes-orthodhokse-te-shqiperise-krishtlindje-06\/\" \/>\n<meta property=\"og:locale\" content=\"en_US\" \/>\n<meta property=\"og:type\" content=\"article\" \/>\n<meta property=\"og:title\" content=\"Festivali i 9-t\u00eb i Rinis\u00eb s\u00eb Kish\u00ebs Orthodhokse t\u00eb Shqip\u00ebris\u00eb. - Krishtlindje - (26 Dhjetor 2006) - Kisha Orthodh\u03bfkse Autoqefale e Shqip\u00ebris\u00eb\" \/>\n<meta property=\"og:description\" content=\"&nbsp;&nbsp;&nbsp; Tirana k\u00ebto dit\u00eb \u00ebsht\u00eb e mbushur me shum\u00eb drita dhe ngjyra festive. T\u00eb gjith\u00eb njer\u00ebzit l\u00ebvizin n\u00ebp\u00ebr bulevardet dhe rrugicat e kryeqytetit, duke u p\u00ebrgatitur p\u00ebr t\u00eb festuar sa m\u00eb mire me familjet e tyre k\u00ebt\u00eb periudh\u00eb Krishtlindjesh dhe Vitin e Ri 2007. &nbsp;&nbsp; Si p\u00ebr ta b\u00ebr\u00eb edhe m\u00eb t\u00eb bukur atmosfer\u00ebn, t\u00eb rinjt\u00eb e Kish\u00ebs Orthodhoks\u00eb t\u00eb Shqip\u00ebris\u00eb organizuan pasditen e 26\" \/>\n<meta property=\"og:url\" content=\"https:\/\/orthodoxalbania.org\/2020\/2006\/02\/26\/festivali-i-9-te-i-rinise-se-kishes-orthodhokse-te-shqiperise-krishtlindje-06\/\" \/>\n<meta property=\"og:site_name\" content=\"Kisha Orthodh\u03bfkse Autoqefale e Shqip\u00ebris\u00eb\" \/>\n<meta property=\"article:publisher\" content=\"https:\/\/www.facebook.com\/koash1991\" \/>\n<meta property=\"article:published_time\" content=\"2006-02-26T00:00:00+00:00\" \/>\n<meta property=\"article:modified_time\" content=\"2020-04-06T20:41:53+00:00\" \/>\n<meta property=\"og:image\" content=\"https:\/\/lh3.googleusercontent.com\/-FDWnebax4Zc\/VIgzrpDFk3I\/AAAAAAAAF84\/qGxchhZ9h0w\/w370-h246-no\/pic1.jpg\" \/>\n<meta name=\"author\" content=\"Kisha Orthodhokse\" \/>\n<meta name=\"twitter:card\" content=\"summary_large_image\" \/>\n<meta name=\"twitter:label1\" content=\"Written by\" \/>\n\t<meta name=\"twitter:data1\" content=\"Kisha Orthodhokse\" \/>\n\t<meta name=\"twitter:label2\" content=\"Est. reading time\" \/>\n\t<meta name=\"twitter:data2\" content=\"5 minutes\" \/>\n<script type=\"application\/ld+json\" class=\"yoast-schema-graph\">{\"@context\":\"https:\/\/schema.org\",\"@graph\":[{\"@type\":\"Article\",\"@id\":\"https:\/\/orthodoxalbania.org\/2020\/2006\/02\/26\/festivali-i-9-te-i-rinise-se-kishes-orthodhokse-te-shqiperise-krishtlindje-06\/#article\",\"isPartOf\":{\"@id\":\"https:\/\/orthodoxalbania.org\/2020\/2006\/02\/26\/festivali-i-9-te-i-rinise-se-kishes-orthodhokse-te-shqiperise-krishtlindje-06\/\"},\"author\":{\"name\":\"Kisha Orthodhokse\",\"@id\":\"https:\/\/orthodoxalbania.org\/2020\/#\/schema\/person\/0c387634a7063ac612d7ed9ce71c7e86\"},\"headline\":\"Festivali i 9-t\u00eb i Rinis\u00eb s\u00eb Kish\u00ebs Orthodhokse t\u00eb Shqip\u00ebris\u00eb. &#8211; Krishtlindje &#8211; (26 Dhjetor 2006)\",\"datePublished\":\"2006-02-26T00:00:00+00:00\",\"dateModified\":\"2020-04-06T20:41:53+00:00\",\"mainEntityOfPage\":{\"@id\":\"https:\/\/orthodoxalbania.org\/2020\/2006\/02\/26\/festivali-i-9-te-i-rinise-se-kishes-orthodhokse-te-shqiperise-krishtlindje-06\/\"},\"wordCount\":921,\"commentCount\":0,\"publisher\":{\"@id\":\"https:\/\/orthodoxalbania.org\/2020\/#organization\"},\"image\":{\"@id\":\"https:\/\/orthodoxalbania.org\/2020\/2006\/02\/26\/festivali-i-9-te-i-rinise-se-kishes-orthodhokse-te-shqiperise-krishtlindje-06\/#primaryimage\"},\"thumbnailUrl\":\"https:\/\/lh3.googleusercontent.com\/-FDWnebax4Zc\/VIgzrpDFk3I\/AAAAAAAAF84\/qGxchhZ9h0w\/w370-h246-no\/pic1.jpg\",\"keywords\":[\"2006\",\"Kryepiskopata Tiran\u00eb\",\"Kryepiskopi Anastas\",\"lajme\",\"Rinia Orthodhokse\"],\"articleSection\":[\"Lajme\"],\"inLanguage\":\"en-US\"},{\"@type\":\"WebPage\",\"@id\":\"https:\/\/orthodoxalbania.org\/2020\/2006\/02\/26\/festivali-i-9-te-i-rinise-se-kishes-orthodhokse-te-shqiperise-krishtlindje-06\/\",\"url\":\"https:\/\/orthodoxalbania.org\/2020\/2006\/02\/26\/festivali-i-9-te-i-rinise-se-kishes-orthodhokse-te-shqiperise-krishtlindje-06\/\",\"name\":\"Festivali i 9-t\u00eb i Rinis\u00eb s\u00eb Kish\u00ebs Orthodhokse t\u00eb Shqip\u00ebris\u00eb. - Krishtlindje - (26 Dhjetor 2006) - Kisha Orthodh\u03bfkse Autoqefale e Shqip\u00ebris\u00eb\",\"isPartOf\":{\"@id\":\"https:\/\/orthodoxalbania.org\/2020\/#website\"},\"primaryImageOfPage\":{\"@id\":\"https:\/\/orthodoxalbania.org\/2020\/2006\/02\/26\/festivali-i-9-te-i-rinise-se-kishes-orthodhokse-te-shqiperise-krishtlindje-06\/#primaryimage\"},\"image\":{\"@id\":\"https:\/\/orthodoxalbania.org\/2020\/2006\/02\/26\/festivali-i-9-te-i-rinise-se-kishes-orthodhokse-te-shqiperise-krishtlindje-06\/#primaryimage\"},\"thumbnailUrl\":\"https:\/\/lh3.googleusercontent.com\/-FDWnebax4Zc\/VIgzrpDFk3I\/AAAAAAAAF84\/qGxchhZ9h0w\/w370-h246-no\/pic1.jpg\",\"datePublished\":\"2006-02-26T00:00:00+00:00\",\"dateModified\":\"2020-04-06T20:41:53+00:00\",\"breadcrumb\":{\"@id\":\"https:\/\/orthodoxalbania.org\/2020\/2006\/02\/26\/festivali-i-9-te-i-rinise-se-kishes-orthodhokse-te-shqiperise-krishtlindje-06\/#breadcrumb\"},\"inLanguage\":\"en-US\",\"potentialAction\":[{\"@type\":\"ReadAction\",\"target\":[\"https:\/\/orthodoxalbania.org\/2020\/2006\/02\/26\/festivali-i-9-te-i-rinise-se-kishes-orthodhokse-te-shqiperise-krishtlindje-06\/\"]}]},{\"@type\":\"ImageObject\",\"inLanguage\":\"en-US\",\"@id\":\"https:\/\/orthodoxalbania.org\/2020\/2006\/02\/26\/festivali-i-9-te-i-rinise-se-kishes-orthodhokse-te-shqiperise-krishtlindje-06\/#primaryimage\",\"url\":\"https:\/\/lh3.googleusercontent.com\/-FDWnebax4Zc\/VIgzrpDFk3I\/AAAAAAAAF84\/qGxchhZ9h0w\/w370-h246-no\/pic1.jpg\",\"contentUrl\":\"https:\/\/lh3.googleusercontent.com\/-FDWnebax4Zc\/VIgzrpDFk3I\/AAAAAAAAF84\/qGxchhZ9h0w\/w370-h246-no\/pic1.jpg\"},{\"@type\":\"BreadcrumbList\",\"@id\":\"https:\/\/orthodoxalbania.org\/2020\/2006\/02\/26\/festivali-i-9-te-i-rinise-se-kishes-orthodhokse-te-shqiperise-krishtlindje-06\/#breadcrumb\",\"itemListElement\":[{\"@type\":\"ListItem\",\"position\":1,\"name\":\"Home\",\"item\":\"https:\/\/orthodoxalbania.org\/2020\/\"},{\"@type\":\"ListItem\",\"position\":2,\"name\":\"Festivali i 9-t\u00eb i Rinis\u00eb s\u00eb Kish\u00ebs Orthodhokse t\u00eb Shqip\u00ebris\u00eb. &#8211; Krishtlindje &#8211; (26 Dhjetor 2006)\"}]},{\"@type\":\"WebSite\",\"@id\":\"https:\/\/orthodoxalbania.org\/2020\/#website\",\"url\":\"https:\/\/orthodoxalbania.org\/2020\/\",\"name\":\"Kisha Orthodh\u03bfkse Autoqefale e Shqip\u00ebris\u00eb\",\"description\":\"Fqja Zyrtare e Kish\u00ebs Orthodhokse Autoqefale e Shqip\u00ebris\u00eb me lajmet edhe informacionet zyrtare p\u00ebr struktur\u00ebn edhe veprimtarin e saj.\",\"publisher\":{\"@id\":\"https:\/\/orthodoxalbania.org\/2020\/#organization\"},\"potentialAction\":[{\"@type\":\"SearchAction\",\"target\":{\"@type\":\"EntryPoint\",\"urlTemplate\":\"https:\/\/orthodoxalbania.org\/2020\/?s={search_term_string}\"},\"query-input\":{\"@type\":\"PropertyValueSpecification\",\"valueRequired\":true,\"valueName\":\"search_term_string\"}}],\"inLanguage\":\"en-US\"},{\"@type\":\"Organization\",\"@id\":\"https:\/\/orthodoxalbania.org\/2020\/#organization\",\"name\":\"Kisha Orthodhokse Autoqefale e Shqip\u00ebris\u00eb\",\"url\":\"https:\/\/orthodoxalbania.org\/2020\/\",\"logo\":{\"@type\":\"ImageObject\",\"inLanguage\":\"en-US\",\"@id\":\"https:\/\/orthodoxalbania.org\/2020\/#\/schema\/logo\/image\/\",\"url\":\"https:\/\/orthodoxalbania.org\/2020\/wp-content\/uploads\/2020\/05\/albania.jpeg\",\"contentUrl\":\"https:\/\/orthodoxalbania.org\/2020\/wp-content\/uploads\/2020\/05\/albania.jpeg\",\"width\":540,\"height\":540,\"caption\":\"Kisha Orthodhokse Autoqefale e Shqip\u00ebris\u00eb\"},\"image\":{\"@id\":\"https:\/\/orthodoxalbania.org\/2020\/#\/schema\/logo\/image\/\"},\"sameAs\":[\"https:\/\/www.facebook.com\/koash1991\"]},{\"@type\":\"Person\",\"@id\":\"https:\/\/orthodoxalbania.org\/2020\/#\/schema\/person\/0c387634a7063ac612d7ed9ce71c7e86\",\"name\":\"Kisha Orthodhokse\",\"image\":{\"@type\":\"ImageObject\",\"inLanguage\":\"en-US\",\"@id\":\"https:\/\/secure.gravatar.com\/avatar\/596e7c417251e30f2fbb9c00e026fce61a695a00e51c889caded71c96cbbdde5?s=96&d=mm&r=g\",\"url\":\"https:\/\/secure.gravatar.com\/avatar\/596e7c417251e30f2fbb9c00e026fce61a695a00e51c889caded71c96cbbdde5?s=96&d=mm&r=g\",\"contentUrl\":\"https:\/\/secure.gravatar.com\/avatar\/596e7c417251e30f2fbb9c00e026fce61a695a00e51c889caded71c96cbbdde5?s=96&d=mm&r=g\",\"caption\":\"Kisha Orthodhokse\"}}]}<\/script>\n<!-- \/ Yoast SEO plugin. -->","yoast_head_json":{"title":"Festivali i 9-t\u00eb i Rinis\u00eb s\u00eb Kish\u00ebs Orthodhokse t\u00eb Shqip\u00ebris\u00eb. - Krishtlindje - (26 Dhjetor 2006) - Kisha Orthodh\u03bfkse Autoqefale e Shqip\u00ebris\u00eb","robots":{"index":"index","follow":"follow","max-snippet":"max-snippet:-1","max-image-preview":"max-image-preview:large","max-video-preview":"max-video-preview:-1"},"canonical":"https:\/\/orthodoxalbania.org\/2020\/2006\/02\/26\/festivali-i-9-te-i-rinise-se-kishes-orthodhokse-te-shqiperise-krishtlindje-06\/","og_locale":"en_US","og_type":"article","og_title":"Festivali i 9-t\u00eb i Rinis\u00eb s\u00eb Kish\u00ebs Orthodhokse t\u00eb Shqip\u00ebris\u00eb. - Krishtlindje - (26 Dhjetor 2006) - Kisha Orthodh\u03bfkse Autoqefale e Shqip\u00ebris\u00eb","og_description":"&nbsp;&nbsp;&nbsp; Tirana k\u00ebto dit\u00eb \u00ebsht\u00eb e mbushur me shum\u00eb drita dhe ngjyra festive. T\u00eb gjith\u00eb njer\u00ebzit l\u00ebvizin n\u00ebp\u00ebr bulevardet dhe rrugicat e kryeqytetit, duke u p\u00ebrgatitur p\u00ebr t\u00eb festuar sa m\u00eb mire me familjet e tyre k\u00ebt\u00eb periudh\u00eb Krishtlindjesh dhe Vitin e Ri 2007. &nbsp;&nbsp; Si p\u00ebr ta b\u00ebr\u00eb edhe m\u00eb t\u00eb bukur atmosfer\u00ebn, t\u00eb rinjt\u00eb e Kish\u00ebs Orthodhoks\u00eb t\u00eb Shqip\u00ebris\u00eb organizuan pasditen e 26","og_url":"https:\/\/orthodoxalbania.org\/2020\/2006\/02\/26\/festivali-i-9-te-i-rinise-se-kishes-orthodhokse-te-shqiperise-krishtlindje-06\/","og_site_name":"Kisha Orthodh\u03bfkse Autoqefale e Shqip\u00ebris\u00eb","article_publisher":"https:\/\/www.facebook.com\/koash1991","article_published_time":"2006-02-26T00:00:00+00:00","article_modified_time":"2020-04-06T20:41:53+00:00","og_image":[{"url":"https:\/\/lh3.googleusercontent.com\/-FDWnebax4Zc\/VIgzrpDFk3I\/AAAAAAAAF84\/qGxchhZ9h0w\/w370-h246-no\/pic1.jpg","type":"","width":"","height":""}],"author":"Kisha Orthodhokse","twitter_card":"summary_large_image","twitter_misc":{"Written by":"Kisha Orthodhokse","Est. reading time":"5 minutes"},"schema":{"@context":"https:\/\/schema.org","@graph":[{"@type":"Article","@id":"https:\/\/orthodoxalbania.org\/2020\/2006\/02\/26\/festivali-i-9-te-i-rinise-se-kishes-orthodhokse-te-shqiperise-krishtlindje-06\/#article","isPartOf":{"@id":"https:\/\/orthodoxalbania.org\/2020\/2006\/02\/26\/festivali-i-9-te-i-rinise-se-kishes-orthodhokse-te-shqiperise-krishtlindje-06\/"},"author":{"name":"Kisha Orthodhokse","@id":"https:\/\/orthodoxalbania.org\/2020\/#\/schema\/person\/0c387634a7063ac612d7ed9ce71c7e86"},"headline":"Festivali i 9-t\u00eb i Rinis\u00eb s\u00eb Kish\u00ebs Orthodhokse t\u00eb Shqip\u00ebris\u00eb. &#8211; Krishtlindje &#8211; (26 Dhjetor 2006)","datePublished":"2006-02-26T00:00:00+00:00","dateModified":"2020-04-06T20:41:53+00:00","mainEntityOfPage":{"@id":"https:\/\/orthodoxalbania.org\/2020\/2006\/02\/26\/festivali-i-9-te-i-rinise-se-kishes-orthodhokse-te-shqiperise-krishtlindje-06\/"},"wordCount":921,"commentCount":0,"publisher":{"@id":"https:\/\/orthodoxalbania.org\/2020\/#organization"},"image":{"@id":"https:\/\/orthodoxalbania.org\/2020\/2006\/02\/26\/festivali-i-9-te-i-rinise-se-kishes-orthodhokse-te-shqiperise-krishtlindje-06\/#primaryimage"},"thumbnailUrl":"https:\/\/lh3.googleusercontent.com\/-FDWnebax4Zc\/VIgzrpDFk3I\/AAAAAAAAF84\/qGxchhZ9h0w\/w370-h246-no\/pic1.jpg","keywords":["2006","Kryepiskopata Tiran\u00eb","Kryepiskopi Anastas","lajme","Rinia Orthodhokse"],"articleSection":["Lajme"],"inLanguage":"en-US"},{"@type":"WebPage","@id":"https:\/\/orthodoxalbania.org\/2020\/2006\/02\/26\/festivali-i-9-te-i-rinise-se-kishes-orthodhokse-te-shqiperise-krishtlindje-06\/","url":"https:\/\/orthodoxalbania.org\/2020\/2006\/02\/26\/festivali-i-9-te-i-rinise-se-kishes-orthodhokse-te-shqiperise-krishtlindje-06\/","name":"Festivali i 9-t\u00eb i Rinis\u00eb s\u00eb Kish\u00ebs Orthodhokse t\u00eb Shqip\u00ebris\u00eb. - Krishtlindje - (26 Dhjetor 2006) - Kisha Orthodh\u03bfkse Autoqefale e Shqip\u00ebris\u00eb","isPartOf":{"@id":"https:\/\/orthodoxalbania.org\/2020\/#website"},"primaryImageOfPage":{"@id":"https:\/\/orthodoxalbania.org\/2020\/2006\/02\/26\/festivali-i-9-te-i-rinise-se-kishes-orthodhokse-te-shqiperise-krishtlindje-06\/#primaryimage"},"image":{"@id":"https:\/\/orthodoxalbania.org\/2020\/2006\/02\/26\/festivali-i-9-te-i-rinise-se-kishes-orthodhokse-te-shqiperise-krishtlindje-06\/#primaryimage"},"thumbnailUrl":"https:\/\/lh3.googleusercontent.com\/-FDWnebax4Zc\/VIgzrpDFk3I\/AAAAAAAAF84\/qGxchhZ9h0w\/w370-h246-no\/pic1.jpg","datePublished":"2006-02-26T00:00:00+00:00","dateModified":"2020-04-06T20:41:53+00:00","breadcrumb":{"@id":"https:\/\/orthodoxalbania.org\/2020\/2006\/02\/26\/festivali-i-9-te-i-rinise-se-kishes-orthodhokse-te-shqiperise-krishtlindje-06\/#breadcrumb"},"inLanguage":"en-US","potentialAction":[{"@type":"ReadAction","target":["https:\/\/orthodoxalbania.org\/2020\/2006\/02\/26\/festivali-i-9-te-i-rinise-se-kishes-orthodhokse-te-shqiperise-krishtlindje-06\/"]}]},{"@type":"ImageObject","inLanguage":"en-US","@id":"https:\/\/orthodoxalbania.org\/2020\/2006\/02\/26\/festivali-i-9-te-i-rinise-se-kishes-orthodhokse-te-shqiperise-krishtlindje-06\/#primaryimage","url":"https:\/\/lh3.googleusercontent.com\/-FDWnebax4Zc\/VIgzrpDFk3I\/AAAAAAAAF84\/qGxchhZ9h0w\/w370-h246-no\/pic1.jpg","contentUrl":"https:\/\/lh3.googleusercontent.com\/-FDWnebax4Zc\/VIgzrpDFk3I\/AAAAAAAAF84\/qGxchhZ9h0w\/w370-h246-no\/pic1.jpg"},{"@type":"BreadcrumbList","@id":"https:\/\/orthodoxalbania.org\/2020\/2006\/02\/26\/festivali-i-9-te-i-rinise-se-kishes-orthodhokse-te-shqiperise-krishtlindje-06\/#breadcrumb","itemListElement":[{"@type":"ListItem","position":1,"name":"Home","item":"https:\/\/orthodoxalbania.org\/2020\/"},{"@type":"ListItem","position":2,"name":"Festivali i 9-t\u00eb i Rinis\u00eb s\u00eb Kish\u00ebs Orthodhokse t\u00eb Shqip\u00ebris\u00eb. &#8211; Krishtlindje &#8211; (26 Dhjetor 2006)"}]},{"@type":"WebSite","@id":"https:\/\/orthodoxalbania.org\/2020\/#website","url":"https:\/\/orthodoxalbania.org\/2020\/","name":"Kisha Orthodh\u03bfkse Autoqefale e Shqip\u00ebris\u00eb","description":"Fqja Zyrtare e Kish\u00ebs Orthodhokse Autoqefale e Shqip\u00ebris\u00eb me lajmet edhe informacionet zyrtare p\u00ebr struktur\u00ebn edhe veprimtarin e saj.","publisher":{"@id":"https:\/\/orthodoxalbania.org\/2020\/#organization"},"potentialAction":[{"@type":"SearchAction","target":{"@type":"EntryPoint","urlTemplate":"https:\/\/orthodoxalbania.org\/2020\/?s={search_term_string}"},"query-input":{"@type":"PropertyValueSpecification","valueRequired":true,"valueName":"search_term_string"}}],"inLanguage":"en-US"},{"@type":"Organization","@id":"https:\/\/orthodoxalbania.org\/2020\/#organization","name":"Kisha Orthodhokse Autoqefale e Shqip\u00ebris\u00eb","url":"https:\/\/orthodoxalbania.org\/2020\/","logo":{"@type":"ImageObject","inLanguage":"en-US","@id":"https:\/\/orthodoxalbania.org\/2020\/#\/schema\/logo\/image\/","url":"https:\/\/orthodoxalbania.org\/2020\/wp-content\/uploads\/2020\/05\/albania.jpeg","contentUrl":"https:\/\/orthodoxalbania.org\/2020\/wp-content\/uploads\/2020\/05\/albania.jpeg","width":540,"height":540,"caption":"Kisha Orthodhokse Autoqefale e Shqip\u00ebris\u00eb"},"image":{"@id":"https:\/\/orthodoxalbania.org\/2020\/#\/schema\/logo\/image\/"},"sameAs":["https:\/\/www.facebook.com\/koash1991"]},{"@type":"Person","@id":"https:\/\/orthodoxalbania.org\/2020\/#\/schema\/person\/0c387634a7063ac612d7ed9ce71c7e86","name":"Kisha Orthodhokse","image":{"@type":"ImageObject","inLanguage":"en-US","@id":"https:\/\/secure.gravatar.com\/avatar\/596e7c417251e30f2fbb9c00e026fce61a695a00e51c889caded71c96cbbdde5?s=96&d=mm&r=g","url":"https:\/\/secure.gravatar.com\/avatar\/596e7c417251e30f2fbb9c00e026fce61a695a00e51c889caded71c96cbbdde5?s=96&d=mm&r=g","contentUrl":"https:\/\/secure.gravatar.com\/avatar\/596e7c417251e30f2fbb9c00e026fce61a695a00e51c889caded71c96cbbdde5?s=96&d=mm&r=g","caption":"Kisha Orthodhokse"}}]}},"_links":{"self":[{"href":"https:\/\/orthodoxalbania.org\/2020\/wp-json\/wp\/v2\/posts\/532","targetHints":{"allow":["GET"]}}],"collection":[{"href":"https:\/\/orthodoxalbania.org\/2020\/wp-json\/wp\/v2\/posts"}],"about":[{"href":"https:\/\/orthodoxalbania.org\/2020\/wp-json\/wp\/v2\/types\/post"}],"author":[{"embeddable":true,"href":"https:\/\/orthodoxalbania.org\/2020\/wp-json\/wp\/v2\/users\/1"}],"replies":[{"embeddable":true,"href":"https:\/\/orthodoxalbania.org\/2020\/wp-json\/wp\/v2\/comments?post=532"}],"version-history":[{"count":1,"href":"https:\/\/orthodoxalbania.org\/2020\/wp-json\/wp\/v2\/posts\/532\/revisions"}],"predecessor-version":[{"id":15854,"href":"https:\/\/orthodoxalbania.org\/2020\/wp-json\/wp\/v2\/posts\/532\/revisions\/15854"}],"wp:attachment":[{"href":"https:\/\/orthodoxalbania.org\/2020\/wp-json\/wp\/v2\/media?parent=532"}],"wp:term":[{"taxonomy":"category","embeddable":true,"href":"https:\/\/orthodoxalbania.org\/2020\/wp-json\/wp\/v2\/categories?post=532"},{"taxonomy":"post_tag","embeddable":true,"href":"https:\/\/orthodoxalbania.org\/2020\/wp-json\/wp\/v2\/tags?post=532"}],"curies":[{"name":"wp","href":"https:\/\/api.w.org\/{rel}","templated":true}]}}