{"id":5319,"date":"2017-06-12T10:59:48","date_gmt":"2017-06-12T10:59:48","guid":{"rendered":""},"modified":"2020-04-06T21:58:20","modified_gmt":"2020-04-06T19:58:20","slug":"iu-dorezuan-diplomat-studenteve-qe-mbaruan-akademine-teologjike","status":"publish","type":"post","link":"https:\/\/orthodoxalbania.org\/2020\/2017\/06\/12\/iu-dorezuan-diplomat-studenteve-qe-mbaruan-akademine-teologjike\/","title":{"rendered":"Iu dor\u00ebzuan diplomat student\u00ebve q\u00eb mbaruan Akademin\u00eb Teologjike"},"content":{"rendered":"<p style=\"text-align: justify;\">\n<p> <\/p>\n<p style=\"text-align: justify;\"><span style=\"font-size: 12pt; font-family: helvetica; color: #000000;\">Dor\u00ebzimi i diplomave student\u00ebve q\u00eb mbarojn\u00eb Akademin\u00eb Teologjike \u201cNgjallja e Krishtit\u201d, n\u00eb manastirin e ri t\u00eb Sh\u00ebn Vlashit, kthehet \u00e7do vit n\u00eb nj\u00eb moment feste dhe hareje. Fest\u00eb p\u00ebr ata q\u00eb do t\u00eb jen\u00eb klerik\u00eb dhe katekist\u00eb t\u00eb rinj t\u00eb Kish\u00ebs son\u00eb dhe g\u00ebzim p\u00ebr sukseset gjithnj\u00eb n\u00eb rritje t\u00eb sistemit t\u00eb saj arsimor.<\/span><\/p>\n<p style=\"text-align: justify;\"><span style=\"font-size: 12pt; font-family: helvetica; color: #000000;\">T\u00eb shtun\u00ebn, 10 qershor 2017, ishte kuror\u00ebzimi i p\u00ebrpjekjeve kat\u00ebrvje\u00e7are t\u00eb dymb\u00ebdhjet\u00eb student\u00ebve t\u00eb Akademis\u00eb Teologjike. Me k\u00ebt\u00eb rast, n\u00eb Sall\u00ebn e Konferencave u zhvillua ceremonia e rastit, ku mori pjes\u00eb Kryepiskopi i Tiran\u00ebs, Durr\u00ebsit dhe i Gjith\u00eb Shqip\u00ebris\u00eb, Prof. Dr. Anastasi, q\u00eb \u00ebsht\u00eb edhe Presidenti i Akademis\u00eb, themeluesi dhe nd\u00ebrtuesi i saj. Mor\u00ebn pjes\u00eb edhe Mitropoliti i Beratit, Ignati, Mitropoliti i Apolonis\u00eb dhe Fierit, Nikolla; Mitropoliti i Elbasanit, Andoni; Episkopi i Bylisit, Asti, stafi m\u00ebsimor, prind\u00ebr etj. P\u00ebr t\u00eb rinjt\u00eb ishte nj\u00eb g\u00ebzim i ve\u00e7ant\u00eb q\u00eb diplomat i mor\u00ebn bashk\u00eb me bekimet p\u00ebr jet\u00ebn e tyre nga duart e Kryepiskopit Anastas.<\/span><\/p>\n<p style=\"text-align: justify;\"><span style=\"font-size: 12pt; font-family: helvetica; color: #000000;\">Fortlumturia e Tij shprehu g\u00ebzimin e tij at\u00ebror p\u00ebr kuror\u00ebzimin me sukses t\u00eb p\u00ebrpjekjeve t\u00eb tyre n\u00eb arsimin teologjik, dhe iu tha se Akademia lindi nga nevoja kishtare, por edhe nga dashuria dhe p\u00ebrkushtimi ndaj Per\u00ebndis\u00eb dhe Kish\u00ebs s\u00eb tij nga nj\u00eb brez q\u00eb sot mbajn\u00eb p\u00ebrgjegj\u00ebsin\u00eb e lart\u00eb t\u00eb klerikut dhe t\u00eb teologut. Vepra e saj vazhdoi me nj\u00eb risi t\u00eb re p\u00ebr mentalitetin, e pad\u00ebgjuar deri at\u00ebher\u00eb n\u00eb Shqip\u00ebri, t\u00eb pranimit edhe t\u00eb studenteve, ku nj\u00ebher\u00eb e p\u00ebrgjithmon\u00eb pushoi z\u00ebrat se \u201cKisha \u00ebsht\u00eb vet\u00ebm p\u00ebr burrat\u201d, studente t\u00eb cilat edhe sot e k\u00ebsaj dite sh\u00ebrbejn\u00eb kudo n\u00eb Kish\u00eb n\u00eb funksione t\u00eb ndryshme. Akademia vjen n\u00eb koh\u00ebn ton\u00eb si kandidate e denj\u00eb dhe shum\u00eb pran\u00eb njohjes nga shteti, n\u00eb rangun e nj\u00eb universiteti q\u00eb i p\u00ebrmbush t\u00eb gjitha kriteret m\u00ebsimore dhe ligjore shtet\u00ebrore p\u00ebr t\u2019u em\u00ebrtuar si i till\u00eb. Mes mesazheve shpirt\u00ebrore dhe bekimeve t\u00eb shumta at\u00ebrore, Kryepiskopi Anastas e p\u00ebrfundoi fjal\u00ebn e tij, duke ritheksuar fjal\u00ebt e Zotit n\u00eb Ungjill: \u201cKujt i \u00ebsht\u00eb dh\u00ebn\u00eb shum\u00eb, do t\u2019i k\u00ebrkohet shum\u00eb\u201d.<\/span><\/p>\n<p style=\"text-align: justify;\"><span style=\"font-size: 12pt; font-family: helvetica; color: #000000;\">Fal\u00ebnderimet ndaj Hierark\u00ebve t\u00eb pranish\u00ebm dhe familjar\u00ebve t\u00eb student\u00ebve dhe miqve t\u00eb pranish\u00ebm u b\u00ebn\u00eb n\u00eb em\u00ebr t\u00eb stafit nga Drejtori i komanduar, Mitropoliti i Apolonis\u00eb dhe Fierit, Nikolla. Nd\u00ebrsa n\u00eb em\u00ebr t\u00eb student\u00ebve foli e diplomuara me rezultatet m\u00eb t\u00eb larta, Olimbi Selenica, e cila theksoi pun\u00ebn e palodhur t\u00eb Kryepiskopit n\u00eb mbar\u00ebvajtjen e Akademis\u00eb, t\u00eb stafit pedagogjik dhe t\u00eb gjith\u00eb atyre q\u00eb shoq\u00ebruan rrug\u00ebtimin e tyre k\u00ebto kat\u00ebr vite. Nd\u00ebrsa studentja e dyt\u00eb me rezultate m\u00eb t\u00eb larta, Matilda Dedja, lexoi disa materiale shpirt\u00ebrore, si nj\u00eb buqet\u00eb plot mesazhe, dh\u00ebn\u00eb student\u00ebve t\u00eb sapodiplomuar dhe t\u00eb gjith\u00eb pjes\u00ebmarr\u00ebsve. Aktiviteti u shoq\u00ebrua edhe nga Kori i Akademis\u00eb. Dita p\u00ebrfundoi me drek\u00ebn p\u00ebrsh\u00ebndet\u00ebse tradicionale.<\/span><\/p>\n<p style=\"text-align: justify;\">&nbsp;<\/p>\n<p style=\"text-align: center;\"><img class=\"lazyload\" decoding=\"async\" src=\"data:image\/svg+xml,%3Csvg%20xmlns%3D%27http%3A%2F%2Fwww.w3.org%2F2000%2Fsvg%27%20width%3D%27450%27%20height%3D%27675%27%20viewBox%3D%270%200%20450%20675%27%3E%3Crect%20width%3D%27450%27%20height%3D%27675%27%20fill-opacity%3D%220%22%2F%3E%3C%2Fsvg%3E\" data-orig-src=\"https:\/\/orthodoxalbania.org\/2020\/wp-content\/uploads\/2020\/04\/1-8-0.jpg\" width=\"450\" height=\"675\" style=\"display: block; margin: 10px auto; border: 1px solid #000000;\" \/><img class=\"lazyload\" decoding=\"async\" src=\"data:image\/svg+xml,%3Csvg%20xmlns%3D%27http%3A%2F%2Fwww.w3.org%2F2000%2Fsvg%27%20width%3D%27450%27%20height%3D%27254%27%20viewBox%3D%270%200%20450%20254%27%3E%3Crect%20width%3D%27450%27%20height%3D%27254%27%20fill-opacity%3D%220%22%2F%3E%3C%2Fsvg%3E\" data-orig-src=\"https:\/\/orthodoxalbania.org\/2020\/wp-content\/uploads\/2020\/04\/3-0-8-0.jpg\" width=\"450\" height=\"254\" style=\"display: block; margin: 10px auto; border: 1px solid #000000;\" \/><\/p>\n<p style=\"text-align: center;\"><img class=\"lazyload\" decoding=\"async\" src=\"data:image\/svg+xml,%3Csvg%20xmlns%3D%27http%3A%2F%2Fwww.w3.org%2F2000%2Fsvg%27%20width%3D%27450%27%20height%3D%27300%27%20viewBox%3D%270%200%20450%20300%27%3E%3Crect%20width%3D%27450%27%20height%3D%27300%27%20fill-opacity%3D%220%22%2F%3E%3C%2Fsvg%3E\" data-orig-src=\"https:\/\/orthodoxalbania.org\/2020\/wp-content\/uploads\/2020\/04\/4-7-7-8.jpg\" width=\"450\" height=\"300\" style=\"display: block; margin: 10px auto; border: 1px solid #000000;\" \/><\/p>\n<p style=\"text-align: center;\"><img class=\"lazyload\" decoding=\"async\" src=\"data:image\/svg+xml,%3Csvg%20xmlns%3D%27http%3A%2F%2Fwww.w3.org%2F2000%2Fsvg%27%20width%3D%27450%27%20height%3D%27300%27%20viewBox%3D%270%200%20450%20300%27%3E%3Crect%20width%3D%27450%27%20height%3D%27300%27%20fill-opacity%3D%220%22%2F%3E%3C%2Fsvg%3E\" data-orig-src=\"https:\/\/orthodoxalbania.org\/2020\/wp-content\/uploads\/2020\/04\/5-2-0.jpg\" width=\"450\" height=\"300\" style=\"display: block; margin: 10px auto; border: 1px solid #000000;\" \/><\/p>\n<p style=\"text-align: center;\"><img class=\"lazyload\" decoding=\"async\" src=\"data:image\/svg+xml,%3Csvg%20xmlns%3D%27http%3A%2F%2Fwww.w3.org%2F2000%2Fsvg%27%20width%3D%27450%27%20height%3D%27675%27%20viewBox%3D%270%200%20450%20675%27%3E%3Crect%20width%3D%27450%27%20height%3D%27675%27%20fill-opacity%3D%220%22%2F%3E%3C%2Fsvg%3E\" data-orig-src=\"https:\/\/orthodoxalbania.org\/2020\/wp-content\/uploads\/2020\/04\/6-1-6.jpg\" width=\"450\" height=\"675\" style=\"display: block; margin: 10px auto; border: 1px solid #000000;\" \/><\/p>\n<p style=\"text-align: center;\"><img class=\"lazyload\" decoding=\"async\" src=\"data:image\/svg+xml,%3Csvg%20xmlns%3D%27http%3A%2F%2Fwww.w3.org%2F2000%2Fsvg%27%20width%3D%27450%27%20height%3D%27675%27%20viewBox%3D%270%200%20450%20675%27%3E%3Crect%20width%3D%27450%27%20height%3D%27675%27%20fill-opacity%3D%220%22%2F%3E%3C%2Fsvg%3E\" data-orig-src=\"https:\/\/orthodoxalbania.org\/2020\/wp-content\/uploads\/2020\/04\/7-6-8.jpg\" width=\"450\" height=\"675\" style=\"display: block; margin: 10px auto; border: 1px solid #000000;\" \/><\/p>\n<p style=\"text-align: center;\"><img class=\"lazyload\" decoding=\"async\" src=\"data:image\/svg+xml,%3Csvg%20xmlns%3D%27http%3A%2F%2Fwww.w3.org%2F2000%2Fsvg%27%20width%3D%27450%27%20height%3D%27310%27%20viewBox%3D%270%200%20450%20310%27%3E%3Crect%20width%3D%27450%27%20height%3D%27310%27%20fill-opacity%3D%220%22%2F%3E%3C%2Fsvg%3E\" data-orig-src=\"https:\/\/orthodoxalbania.org\/2020\/wp-content\/uploads\/2020\/04\/8-2-2.jpg\" width=\"450\" height=\"310\" style=\"display: block; margin: 10px auto; border: 1px solid #000000;\" \/><\/p>\n<p style=\"text-align: center;\"><img class=\"lazyload\" decoding=\"async\" src=\"data:image\/svg+xml,%3Csvg%20xmlns%3D%27http%3A%2F%2Fwww.w3.org%2F2000%2Fsvg%27%20width%3D%27450%27%20height%3D%27300%27%20viewBox%3D%270%200%20450%20300%27%3E%3Crect%20width%3D%27450%27%20height%3D%27300%27%20fill-opacity%3D%220%22%2F%3E%3C%2Fsvg%3E\" data-orig-src=\"https:\/\/orthodoxalbania.org\/2020\/wp-content\/uploads\/2020\/04\/9-5-5.jpg\" width=\"450\" height=\"300\" style=\"display: block; margin: 10px auto; border: 1px solid #000000;\" \/><\/p>\n<p style=\"text-align: center;\"><img class=\"lazyload\" decoding=\"async\" src=\"data:image\/svg+xml,%3Csvg%20xmlns%3D%27http%3A%2F%2Fwww.w3.org%2F2000%2Fsvg%27%20width%3D%27450%27%20height%3D%27675%27%20viewBox%3D%270%200%20450%20675%27%3E%3Crect%20width%3D%27450%27%20height%3D%27675%27%20fill-opacity%3D%220%22%2F%3E%3C%2Fsvg%3E\" data-orig-src=\"https:\/\/orthodoxalbania.org\/2020\/wp-content\/uploads\/2020\/04\/22-1.jpg\" width=\"450\" height=\"675\" style=\"display: block; margin: 10px auto; border: 1px solid #000000;\" \/><\/p>\n<p style=\"text-align: center;\"><img class=\"lazyload\" decoding=\"async\" src=\"data:image\/svg+xml,%3Csvg%20xmlns%3D%27http%3A%2F%2Fwww.w3.org%2F2000%2Fsvg%27%20width%3D%27450%27%20height%3D%27675%27%20viewBox%3D%270%200%20450%20675%27%3E%3Crect%20width%3D%27450%27%20height%3D%27675%27%20fill-opacity%3D%220%22%2F%3E%3C%2Fsvg%3E\" data-orig-src=\"https:\/\/orthodoxalbania.org\/2020\/wp-content\/uploads\/2020\/04\/10-4-6.jpg\" width=\"450\" height=\"675\" style=\"display: block; margin: 10px auto; border: 1px solid #000000;\" \/><\/p>\n<p style=\"text-align: center;\"><img class=\"lazyload\" decoding=\"async\" src=\"data:image\/svg+xml,%3Csvg%20xmlns%3D%27http%3A%2F%2Fwww.w3.org%2F2000%2Fsvg%27%20width%3D%27450%27%20height%3D%27675%27%20viewBox%3D%270%200%20450%20675%27%3E%3Crect%20width%3D%27450%27%20height%3D%27675%27%20fill-opacity%3D%220%22%2F%3E%3C%2Fsvg%3E\" data-orig-src=\"https:\/\/orthodoxalbania.org\/2020\/wp-content\/uploads\/2020\/04\/12-4.jpg\" width=\"450\" height=\"675\" style=\"display: block; margin: 10px auto; border: 1px solid #000000;\" \/><\/p>\n<p style=\"text-align: center;\"><img class=\"lazyload\" decoding=\"async\" src=\"data:image\/svg+xml,%3Csvg%20xmlns%3D%27http%3A%2F%2Fwww.w3.org%2F2000%2Fsvg%27%20width%3D%27450%27%20height%3D%27675%27%20viewBox%3D%270%200%20450%20675%27%3E%3Crect%20width%3D%27450%27%20height%3D%27675%27%20fill-opacity%3D%220%22%2F%3E%3C%2Fsvg%3E\" data-orig-src=\"https:\/\/orthodoxalbania.org\/2020\/wp-content\/uploads\/2020\/04\/11-3-1.jpg\" width=\"450\" height=\"675\" style=\"display: block; margin: 10px auto; border: 1px solid #000000;\" \/><\/p>\n<p style=\"text-align: center;\"><img class=\"lazyload\" decoding=\"async\" src=\"data:image\/svg+xml,%3Csvg%20xmlns%3D%27http%3A%2F%2Fwww.w3.org%2F2000%2Fsvg%27%20width%3D%27450%27%20height%3D%27675%27%20viewBox%3D%270%200%20450%20675%27%3E%3Crect%20width%3D%27450%27%20height%3D%27675%27%20fill-opacity%3D%220%22%2F%3E%3C%2Fsvg%3E\" data-orig-src=\"https:\/\/orthodoxalbania.org\/2020\/wp-content\/uploads\/2020\/04\/13-3-5.jpg\" width=\"450\" height=\"675\" style=\"display: block; margin: 10px auto; border: 1px solid #000000;\" \/><\/p>\n<p style=\"text-align: center;\"><img class=\"lazyload\" decoding=\"async\" src=\"data:image\/svg+xml,%3Csvg%20xmlns%3D%27http%3A%2F%2Fwww.w3.org%2F2000%2Fsvg%27%20width%3D%27450%27%20height%3D%27675%27%20viewBox%3D%270%200%20450%20675%27%3E%3Crect%20width%3D%27450%27%20height%3D%27675%27%20fill-opacity%3D%220%22%2F%3E%3C%2Fsvg%3E\" data-orig-src=\"https:\/\/orthodoxalbania.org\/2020\/wp-content\/uploads\/2020\/04\/14-3-0.jpg\" width=\"450\" height=\"675\" style=\"display: block; margin: 10px auto; border: 1px solid #000000;\" \/><\/p>\n<p style=\"text-align: center;\"><img class=\"lazyload\" decoding=\"async\" src=\"data:image\/svg+xml,%3Csvg%20xmlns%3D%27http%3A%2F%2Fwww.w3.org%2F2000%2Fsvg%27%20width%3D%27450%27%20height%3D%27675%27%20viewBox%3D%270%200%20450%20675%27%3E%3Crect%20width%3D%27450%27%20height%3D%27675%27%20fill-opacity%3D%220%22%2F%3E%3C%2Fsvg%3E\" data-orig-src=\"https:\/\/orthodoxalbania.org\/2020\/wp-content\/uploads\/2020\/04\/15-2-8.jpg\" width=\"450\" height=\"675\" style=\"display: block; margin: 10px auto; border: 1px solid #000000;\" \/><\/p>\n<p style=\"text-align: center;\"><img class=\"lazyload\" decoding=\"async\" src=\"data:image\/svg+xml,%3Csvg%20xmlns%3D%27http%3A%2F%2Fwww.w3.org%2F2000%2Fsvg%27%20width%3D%27450%27%20height%3D%27300%27%20viewBox%3D%270%200%20450%20300%27%3E%3Crect%20width%3D%27450%27%20height%3D%27300%27%20fill-opacity%3D%220%22%2F%3E%3C%2Fsvg%3E\" data-orig-src=\"https:\/\/orthodoxalbania.org\/2020\/wp-content\/uploads\/2020\/04\/16-5.jpg\" width=\"450\" height=\"300\" style=\"display: block; margin: 10px auto; border: 1px solid #000000;\" \/><\/p>\n<p style=\"text-align: center;\"><img class=\"lazyload\" decoding=\"async\" src=\"data:image\/svg+xml,%3Csvg%20xmlns%3D%27http%3A%2F%2Fwww.w3.org%2F2000%2Fsvg%27%20width%3D%27450%27%20height%3D%27300%27%20viewBox%3D%270%200%20450%20300%27%3E%3Crect%20width%3D%27450%27%20height%3D%27300%27%20fill-opacity%3D%220%22%2F%3E%3C%2Fsvg%3E\" data-orig-src=\"https:\/\/orthodoxalbania.org\/2020\/wp-content\/uploads\/2020\/04\/17-0.jpg\" width=\"450\" height=\"300\" style=\"display: block; margin: 10px auto; border: 1px solid #000000;\" \/><\/p>\n<p style=\"text-align: center;\"><img class=\"lazyload\" decoding=\"async\" src=\"data:image\/svg+xml,%3Csvg%20xmlns%3D%27http%3A%2F%2Fwww.w3.org%2F2000%2Fsvg%27%20width%3D%27450%27%20height%3D%27154%27%20viewBox%3D%270%200%20450%20154%27%3E%3Crect%20width%3D%27450%27%20height%3D%27154%27%20fill-opacity%3D%220%22%2F%3E%3C%2Fsvg%3E\" data-orig-src=\"https:\/\/orthodoxalbania.org\/2020\/wp-content\/uploads\/2020\/04\/18-9.jpg\" width=\"450\" height=\"154\" style=\"display: block; margin: 10px auto; border: 1px solid #000000;\" \/><\/p>\n<p style=\"text-align: center;\"><img class=\"lazyload\" decoding=\"async\" src=\"data:image\/svg+xml,%3Csvg%20xmlns%3D%27http%3A%2F%2Fwww.w3.org%2F2000%2Fsvg%27%20width%3D%27450%27%20height%3D%27300%27%20viewBox%3D%270%200%20450%20300%27%3E%3Crect%20width%3D%27450%27%20height%3D%27300%27%20fill-opacity%3D%220%22%2F%3E%3C%2Fsvg%3E\" data-orig-src=\"https:\/\/orthodoxalbania.org\/2020\/wp-content\/uploads\/2020\/04\/19-5-9.jpg\" width=\"450\" height=\"300\" style=\"display: block; margin: 10px auto; border: 1px solid #000000;\" \/><\/p>\n<p style=\"text-align: center;\"><img class=\"lazyload\" decoding=\"async\" src=\"data:image\/svg+xml,%3Csvg%20xmlns%3D%27http%3A%2F%2Fwww.w3.org%2F2000%2Fsvg%27%20width%3D%27450%27%20height%3D%27335%27%20viewBox%3D%270%200%20450%20335%27%3E%3Crect%20width%3D%27450%27%20height%3D%27335%27%20fill-opacity%3D%220%22%2F%3E%3C%2Fsvg%3E\" data-orig-src=\"https:\/\/orthodoxalbania.org\/2020\/wp-content\/uploads\/2020\/04\/20-9.jpg\" width=\"450\" height=\"335\" style=\"display: block; margin: 10px auto; border: 1px solid #000000;\" \/><\/p>\n<p style=\"text-align: center;\"><img class=\"lazyload\" decoding=\"async\" src=\"data:image\/svg+xml,%3Csvg%20xmlns%3D%27http%3A%2F%2Fwww.w3.org%2F2000%2Fsvg%27%20width%3D%27450%27%20height%3D%27300%27%20viewBox%3D%270%200%20450%20300%27%3E%3Crect%20width%3D%27450%27%20height%3D%27300%27%20fill-opacity%3D%220%22%2F%3E%3C%2Fsvg%3E\" data-orig-src=\"https:\/\/orthodoxalbania.org\/2020\/wp-content\/uploads\/2020\/04\/21-3-6.jpg\" width=\"450\" height=\"300\" style=\"display: block; margin: 10px auto; border: 1px solid #000000;\" \/><\/p>\n","protected":false},"excerpt":{"rendered":"<p>Dor\u00ebzimi i diplomave student\u00ebve q\u00eb mbarojn\u00eb Akademin\u00eb Teologjike \u201cNgjallja e Krishtit\u201d, n\u00eb manastirin e ri t\u00eb Sh\u00ebn Vlashit, kthehet \u00e7do vit n\u00eb nj\u00eb moment feste dhe hareje. Fest\u00eb p\u00ebr ata q\u00eb do t\u00eb jen\u00eb klerik\u00eb dhe katekist\u00eb t\u00eb rinj t\u00eb Kish\u00ebs son\u00eb dhe g\u00ebzim p\u00ebr sukseset gjithnj\u00eb n\u00eb rritje t\u00eb sistemit t\u00eb saj arsimor. T\u00eb shtun\u00ebn, 10 qershor 2017, ishte kuror\u00ebzimi i p\u00ebrpjekjeve kat\u00ebrvje\u00e7are t\u00eb<\/p>\n","protected":false},"author":1,"featured_media":5320,"comment_status":"open","ping_status":"open","sticky":false,"template":"","format":"standard","meta":{"_acf_changed":false,"pagelayer_contact_templates":[],"_pagelayer_content":"","inline_featured_image":false,"fifu_image_url":"","fifu_image_alt":"","footnotes":""},"categories":[108],"tags":[209,169,168,196,201,212],"class_list":["post-5319","post","type-post","status-publish","format-standard","has-post-thumbnail","hentry","category-lajme","tag-209","tag-akademia-teologjike","tag-diplomime","tag-tirane","tag-kryepiskopi-anastas","tag-lajme-d27"],"acf":[],"yoast_head":"<!-- This site is optimized with the Yoast SEO plugin v27.2 - https:\/\/yoast.com\/product\/yoast-seo-wordpress\/ -->\n<title>Iu dor\u00ebzuan diplomat student\u00ebve q\u00eb mbaruan Akademin\u00eb Teologjike - Kisha Orthodh\u03bfkse Autoqefale e Shqip\u00ebris\u00eb<\/title>\n<meta name=\"robots\" content=\"index, follow, max-snippet:-1, max-image-preview:large, max-video-preview:-1\" \/>\n<link rel=\"canonical\" href=\"https:\/\/orthodoxalbania.org\/2020\/2017\/06\/12\/iu-dorezuan-diplomat-studenteve-qe-mbaruan-akademine-teologjike\/\" \/>\n<meta property=\"og:locale\" content=\"en_US\" \/>\n<meta property=\"og:type\" content=\"article\" \/>\n<meta property=\"og:title\" content=\"Iu dor\u00ebzuan diplomat student\u00ebve q\u00eb mbaruan Akademin\u00eb Teologjike - Kisha Orthodh\u03bfkse Autoqefale e Shqip\u00ebris\u00eb\" \/>\n<meta property=\"og:description\" content=\"Dor\u00ebzimi i diplomave student\u00ebve q\u00eb mbarojn\u00eb Akademin\u00eb Teologjike \u201cNgjallja e Krishtit\u201d, n\u00eb manastirin e ri t\u00eb Sh\u00ebn Vlashit, kthehet \u00e7do vit n\u00eb nj\u00eb moment feste dhe hareje. Fest\u00eb p\u00ebr ata q\u00eb do t\u00eb jen\u00eb klerik\u00eb dhe katekist\u00eb t\u00eb rinj t\u00eb Kish\u00ebs son\u00eb dhe g\u00ebzim p\u00ebr sukseset gjithnj\u00eb n\u00eb rritje t\u00eb sistemit t\u00eb saj arsimor. T\u00eb shtun\u00ebn, 10 qershor 2017, ishte kuror\u00ebzimi i p\u00ebrpjekjeve kat\u00ebrvje\u00e7are t\u00eb\" \/>\n<meta property=\"og:url\" content=\"https:\/\/orthodoxalbania.org\/2020\/2017\/06\/12\/iu-dorezuan-diplomat-studenteve-qe-mbaruan-akademine-teologjike\/\" \/>\n<meta property=\"og:site_name\" content=\"Kisha Orthodh\u03bfkse Autoqefale e Shqip\u00ebris\u00eb\" \/>\n<meta property=\"article:publisher\" content=\"https:\/\/www.facebook.com\/koash1991\" \/>\n<meta property=\"article:published_time\" content=\"2017-06-12T10:59:48+00:00\" \/>\n<meta property=\"article:modified_time\" content=\"2020-04-06T19:58:20+00:00\" \/>\n<meta property=\"og:image\" content=\"https:\/\/orthodoxalbania.org\/2020\/wp-content\/uploads\/2020\/04\/16-5.jpg\" \/>\n\t<meta property=\"og:image:width\" content=\"150\" \/>\n\t<meta property=\"og:image:height\" content=\"150\" \/>\n\t<meta property=\"og:image:type\" content=\"image\/jpeg\" \/>\n<meta name=\"author\" content=\"Kisha Orthodhokse\" \/>\n<meta name=\"twitter:card\" content=\"summary_large_image\" \/>\n<meta name=\"twitter:label1\" content=\"Written by\" \/>\n\t<meta name=\"twitter:data1\" content=\"Kisha Orthodhokse\" \/>\n\t<meta name=\"twitter:label2\" content=\"Est. reading time\" \/>\n\t<meta name=\"twitter:data2\" content=\"3 minutes\" \/>\n<script type=\"application\/ld+json\" class=\"yoast-schema-graph\">{\"@context\":\"https:\/\/schema.org\",\"@graph\":[{\"@type\":\"Article\",\"@id\":\"https:\/\/orthodoxalbania.org\/2020\/2017\/06\/12\/iu-dorezuan-diplomat-studenteve-qe-mbaruan-akademine-teologjike\/#article\",\"isPartOf\":{\"@id\":\"https:\/\/orthodoxalbania.org\/2020\/2017\/06\/12\/iu-dorezuan-diplomat-studenteve-qe-mbaruan-akademine-teologjike\/\"},\"author\":{\"name\":\"Kisha Orthodhokse\",\"@id\":\"https:\/\/orthodoxalbania.org\/2020\/#\/schema\/person\/0c387634a7063ac612d7ed9ce71c7e86\"},\"headline\":\"Iu dor\u00ebzuan diplomat student\u00ebve q\u00eb mbaruan Akademin\u00eb Teologjike\",\"datePublished\":\"2017-06-12T10:59:48+00:00\",\"dateModified\":\"2020-04-06T19:58:20+00:00\",\"mainEntityOfPage\":{\"@id\":\"https:\/\/orthodoxalbania.org\/2020\/2017\/06\/12\/iu-dorezuan-diplomat-studenteve-qe-mbaruan-akademine-teologjike\/\"},\"wordCount\":543,\"commentCount\":0,\"publisher\":{\"@id\":\"https:\/\/orthodoxalbania.org\/2020\/#organization\"},\"image\":{\"@id\":\"https:\/\/orthodoxalbania.org\/2020\/2017\/06\/12\/iu-dorezuan-diplomat-studenteve-qe-mbaruan-akademine-teologjike\/#primaryimage\"},\"thumbnailUrl\":\"https:\/\/orthodoxalbania.org\/2020\/wp-content\/uploads\/2020\/04\/16-5.jpg\",\"keywords\":[\"2017\",\"Akademia Teologjike\",\"Diplomime\",\"Kryepiskopata Tiran\u00eb\",\"Kryepiskopi Anastas\",\"lajme\"],\"articleSection\":[\"Lajme\"],\"inLanguage\":\"en-US\"},{\"@type\":\"WebPage\",\"@id\":\"https:\/\/orthodoxalbania.org\/2020\/2017\/06\/12\/iu-dorezuan-diplomat-studenteve-qe-mbaruan-akademine-teologjike\/\",\"url\":\"https:\/\/orthodoxalbania.org\/2020\/2017\/06\/12\/iu-dorezuan-diplomat-studenteve-qe-mbaruan-akademine-teologjike\/\",\"name\":\"Iu dor\u00ebzuan diplomat student\u00ebve q\u00eb mbaruan Akademin\u00eb Teologjike - Kisha Orthodh\u03bfkse Autoqefale e Shqip\u00ebris\u00eb\",\"isPartOf\":{\"@id\":\"https:\/\/orthodoxalbania.org\/2020\/#website\"},\"primaryImageOfPage\":{\"@id\":\"https:\/\/orthodoxalbania.org\/2020\/2017\/06\/12\/iu-dorezuan-diplomat-studenteve-qe-mbaruan-akademine-teologjike\/#primaryimage\"},\"image\":{\"@id\":\"https:\/\/orthodoxalbania.org\/2020\/2017\/06\/12\/iu-dorezuan-diplomat-studenteve-qe-mbaruan-akademine-teologjike\/#primaryimage\"},\"thumbnailUrl\":\"https:\/\/orthodoxalbania.org\/2020\/wp-content\/uploads\/2020\/04\/16-5.jpg\",\"datePublished\":\"2017-06-12T10:59:48+00:00\",\"dateModified\":\"2020-04-06T19:58:20+00:00\",\"breadcrumb\":{\"@id\":\"https:\/\/orthodoxalbania.org\/2020\/2017\/06\/12\/iu-dorezuan-diplomat-studenteve-qe-mbaruan-akademine-teologjike\/#breadcrumb\"},\"inLanguage\":\"en-US\",\"potentialAction\":[{\"@type\":\"ReadAction\",\"target\":[\"https:\/\/orthodoxalbania.org\/2020\/2017\/06\/12\/iu-dorezuan-diplomat-studenteve-qe-mbaruan-akademine-teologjike\/\"]}]},{\"@type\":\"ImageObject\",\"inLanguage\":\"en-US\",\"@id\":\"https:\/\/orthodoxalbania.org\/2020\/2017\/06\/12\/iu-dorezuan-diplomat-studenteve-qe-mbaruan-akademine-teologjike\/#primaryimage\",\"url\":\"https:\/\/orthodoxalbania.org\/2020\/wp-content\/uploads\/2020\/04\/16-5.jpg\",\"contentUrl\":\"https:\/\/orthodoxalbania.org\/2020\/wp-content\/uploads\/2020\/04\/16-5.jpg\",\"width\":150,\"height\":150},{\"@type\":\"BreadcrumbList\",\"@id\":\"https:\/\/orthodoxalbania.org\/2020\/2017\/06\/12\/iu-dorezuan-diplomat-studenteve-qe-mbaruan-akademine-teologjike\/#breadcrumb\",\"itemListElement\":[{\"@type\":\"ListItem\",\"position\":1,\"name\":\"Home\",\"item\":\"https:\/\/orthodoxalbania.org\/2020\/\"},{\"@type\":\"ListItem\",\"position\":2,\"name\":\"Iu dor\u00ebzuan diplomat student\u00ebve q\u00eb mbaruan Akademin\u00eb Teologjike\"}]},{\"@type\":\"WebSite\",\"@id\":\"https:\/\/orthodoxalbania.org\/2020\/#website\",\"url\":\"https:\/\/orthodoxalbania.org\/2020\/\",\"name\":\"Kisha Orthodh\u03bfkse Autoqefale e Shqip\u00ebris\u00eb\",\"description\":\"Fqja Zyrtare e Kish\u00ebs Orthodhokse Autoqefale e Shqip\u00ebris\u00eb me lajmet edhe informacionet zyrtare p\u00ebr struktur\u00ebn edhe veprimtarin e saj.\",\"publisher\":{\"@id\":\"https:\/\/orthodoxalbania.org\/2020\/#organization\"},\"potentialAction\":[{\"@type\":\"SearchAction\",\"target\":{\"@type\":\"EntryPoint\",\"urlTemplate\":\"https:\/\/orthodoxalbania.org\/2020\/?s={search_term_string}\"},\"query-input\":{\"@type\":\"PropertyValueSpecification\",\"valueRequired\":true,\"valueName\":\"search_term_string\"}}],\"inLanguage\":\"en-US\"},{\"@type\":\"Organization\",\"@id\":\"https:\/\/orthodoxalbania.org\/2020\/#organization\",\"name\":\"Kisha Orthodhokse Autoqefale e Shqip\u00ebris\u00eb\",\"url\":\"https:\/\/orthodoxalbania.org\/2020\/\",\"logo\":{\"@type\":\"ImageObject\",\"inLanguage\":\"en-US\",\"@id\":\"https:\/\/orthodoxalbania.org\/2020\/#\/schema\/logo\/image\/\",\"url\":\"https:\/\/orthodoxalbania.org\/2020\/wp-content\/uploads\/2020\/05\/albania.jpeg\",\"contentUrl\":\"https:\/\/orthodoxalbania.org\/2020\/wp-content\/uploads\/2020\/05\/albania.jpeg\",\"width\":540,\"height\":540,\"caption\":\"Kisha Orthodhokse Autoqefale e Shqip\u00ebris\u00eb\"},\"image\":{\"@id\":\"https:\/\/orthodoxalbania.org\/2020\/#\/schema\/logo\/image\/\"},\"sameAs\":[\"https:\/\/www.facebook.com\/koash1991\"]},{\"@type\":\"Person\",\"@id\":\"https:\/\/orthodoxalbania.org\/2020\/#\/schema\/person\/0c387634a7063ac612d7ed9ce71c7e86\",\"name\":\"Kisha Orthodhokse\",\"image\":{\"@type\":\"ImageObject\",\"inLanguage\":\"en-US\",\"@id\":\"https:\/\/secure.gravatar.com\/avatar\/596e7c417251e30f2fbb9c00e026fce61a695a00e51c889caded71c96cbbdde5?s=96&d=mm&r=g\",\"url\":\"https:\/\/secure.gravatar.com\/avatar\/596e7c417251e30f2fbb9c00e026fce61a695a00e51c889caded71c96cbbdde5?s=96&d=mm&r=g\",\"contentUrl\":\"https:\/\/secure.gravatar.com\/avatar\/596e7c417251e30f2fbb9c00e026fce61a695a00e51c889caded71c96cbbdde5?s=96&d=mm&r=g\",\"caption\":\"Kisha Orthodhokse\"}}]}<\/script>\n<!-- \/ Yoast SEO plugin. -->","yoast_head_json":{"title":"Iu dor\u00ebzuan diplomat student\u00ebve q\u00eb mbaruan Akademin\u00eb Teologjike - Kisha Orthodh\u03bfkse Autoqefale e Shqip\u00ebris\u00eb","robots":{"index":"index","follow":"follow","max-snippet":"max-snippet:-1","max-image-preview":"max-image-preview:large","max-video-preview":"max-video-preview:-1"},"canonical":"https:\/\/orthodoxalbania.org\/2020\/2017\/06\/12\/iu-dorezuan-diplomat-studenteve-qe-mbaruan-akademine-teologjike\/","og_locale":"en_US","og_type":"article","og_title":"Iu dor\u00ebzuan diplomat student\u00ebve q\u00eb mbaruan Akademin\u00eb Teologjike - Kisha Orthodh\u03bfkse Autoqefale e Shqip\u00ebris\u00eb","og_description":"Dor\u00ebzimi i diplomave student\u00ebve q\u00eb mbarojn\u00eb Akademin\u00eb Teologjike \u201cNgjallja e Krishtit\u201d, n\u00eb manastirin e ri t\u00eb Sh\u00ebn Vlashit, kthehet \u00e7do vit n\u00eb nj\u00eb moment feste dhe hareje. Fest\u00eb p\u00ebr ata q\u00eb do t\u00eb jen\u00eb klerik\u00eb dhe katekist\u00eb t\u00eb rinj t\u00eb Kish\u00ebs son\u00eb dhe g\u00ebzim p\u00ebr sukseset gjithnj\u00eb n\u00eb rritje t\u00eb sistemit t\u00eb saj arsimor. T\u00eb shtun\u00ebn, 10 qershor 2017, ishte kuror\u00ebzimi i p\u00ebrpjekjeve kat\u00ebrvje\u00e7are t\u00eb","og_url":"https:\/\/orthodoxalbania.org\/2020\/2017\/06\/12\/iu-dorezuan-diplomat-studenteve-qe-mbaruan-akademine-teologjike\/","og_site_name":"Kisha Orthodh\u03bfkse Autoqefale e Shqip\u00ebris\u00eb","article_publisher":"https:\/\/www.facebook.com\/koash1991","article_published_time":"2017-06-12T10:59:48+00:00","article_modified_time":"2020-04-06T19:58:20+00:00","og_image":[{"width":150,"height":150,"url":"https:\/\/orthodoxalbania.org\/2020\/wp-content\/uploads\/2020\/04\/16-5.jpg","type":"image\/jpeg"}],"author":"Kisha Orthodhokse","twitter_card":"summary_large_image","twitter_misc":{"Written by":"Kisha Orthodhokse","Est. reading time":"3 minutes"},"schema":{"@context":"https:\/\/schema.org","@graph":[{"@type":"Article","@id":"https:\/\/orthodoxalbania.org\/2020\/2017\/06\/12\/iu-dorezuan-diplomat-studenteve-qe-mbaruan-akademine-teologjike\/#article","isPartOf":{"@id":"https:\/\/orthodoxalbania.org\/2020\/2017\/06\/12\/iu-dorezuan-diplomat-studenteve-qe-mbaruan-akademine-teologjike\/"},"author":{"name":"Kisha Orthodhokse","@id":"https:\/\/orthodoxalbania.org\/2020\/#\/schema\/person\/0c387634a7063ac612d7ed9ce71c7e86"},"headline":"Iu dor\u00ebzuan diplomat student\u00ebve q\u00eb mbaruan Akademin\u00eb Teologjike","datePublished":"2017-06-12T10:59:48+00:00","dateModified":"2020-04-06T19:58:20+00:00","mainEntityOfPage":{"@id":"https:\/\/orthodoxalbania.org\/2020\/2017\/06\/12\/iu-dorezuan-diplomat-studenteve-qe-mbaruan-akademine-teologjike\/"},"wordCount":543,"commentCount":0,"publisher":{"@id":"https:\/\/orthodoxalbania.org\/2020\/#organization"},"image":{"@id":"https:\/\/orthodoxalbania.org\/2020\/2017\/06\/12\/iu-dorezuan-diplomat-studenteve-qe-mbaruan-akademine-teologjike\/#primaryimage"},"thumbnailUrl":"https:\/\/orthodoxalbania.org\/2020\/wp-content\/uploads\/2020\/04\/16-5.jpg","keywords":["2017","Akademia Teologjike","Diplomime","Kryepiskopata Tiran\u00eb","Kryepiskopi Anastas","lajme"],"articleSection":["Lajme"],"inLanguage":"en-US"},{"@type":"WebPage","@id":"https:\/\/orthodoxalbania.org\/2020\/2017\/06\/12\/iu-dorezuan-diplomat-studenteve-qe-mbaruan-akademine-teologjike\/","url":"https:\/\/orthodoxalbania.org\/2020\/2017\/06\/12\/iu-dorezuan-diplomat-studenteve-qe-mbaruan-akademine-teologjike\/","name":"Iu dor\u00ebzuan diplomat student\u00ebve q\u00eb mbaruan Akademin\u00eb Teologjike - Kisha Orthodh\u03bfkse Autoqefale e Shqip\u00ebris\u00eb","isPartOf":{"@id":"https:\/\/orthodoxalbania.org\/2020\/#website"},"primaryImageOfPage":{"@id":"https:\/\/orthodoxalbania.org\/2020\/2017\/06\/12\/iu-dorezuan-diplomat-studenteve-qe-mbaruan-akademine-teologjike\/#primaryimage"},"image":{"@id":"https:\/\/orthodoxalbania.org\/2020\/2017\/06\/12\/iu-dorezuan-diplomat-studenteve-qe-mbaruan-akademine-teologjike\/#primaryimage"},"thumbnailUrl":"https:\/\/orthodoxalbania.org\/2020\/wp-content\/uploads\/2020\/04\/16-5.jpg","datePublished":"2017-06-12T10:59:48+00:00","dateModified":"2020-04-06T19:58:20+00:00","breadcrumb":{"@id":"https:\/\/orthodoxalbania.org\/2020\/2017\/06\/12\/iu-dorezuan-diplomat-studenteve-qe-mbaruan-akademine-teologjike\/#breadcrumb"},"inLanguage":"en-US","potentialAction":[{"@type":"ReadAction","target":["https:\/\/orthodoxalbania.org\/2020\/2017\/06\/12\/iu-dorezuan-diplomat-studenteve-qe-mbaruan-akademine-teologjike\/"]}]},{"@type":"ImageObject","inLanguage":"en-US","@id":"https:\/\/orthodoxalbania.org\/2020\/2017\/06\/12\/iu-dorezuan-diplomat-studenteve-qe-mbaruan-akademine-teologjike\/#primaryimage","url":"https:\/\/orthodoxalbania.org\/2020\/wp-content\/uploads\/2020\/04\/16-5.jpg","contentUrl":"https:\/\/orthodoxalbania.org\/2020\/wp-content\/uploads\/2020\/04\/16-5.jpg","width":150,"height":150},{"@type":"BreadcrumbList","@id":"https:\/\/orthodoxalbania.org\/2020\/2017\/06\/12\/iu-dorezuan-diplomat-studenteve-qe-mbaruan-akademine-teologjike\/#breadcrumb","itemListElement":[{"@type":"ListItem","position":1,"name":"Home","item":"https:\/\/orthodoxalbania.org\/2020\/"},{"@type":"ListItem","position":2,"name":"Iu dor\u00ebzuan diplomat student\u00ebve q\u00eb mbaruan Akademin\u00eb Teologjike"}]},{"@type":"WebSite","@id":"https:\/\/orthodoxalbania.org\/2020\/#website","url":"https:\/\/orthodoxalbania.org\/2020\/","name":"Kisha Orthodh\u03bfkse Autoqefale e Shqip\u00ebris\u00eb","description":"Fqja Zyrtare e Kish\u00ebs Orthodhokse Autoqefale e Shqip\u00ebris\u00eb me lajmet edhe informacionet zyrtare p\u00ebr struktur\u00ebn edhe veprimtarin e saj.","publisher":{"@id":"https:\/\/orthodoxalbania.org\/2020\/#organization"},"potentialAction":[{"@type":"SearchAction","target":{"@type":"EntryPoint","urlTemplate":"https:\/\/orthodoxalbania.org\/2020\/?s={search_term_string}"},"query-input":{"@type":"PropertyValueSpecification","valueRequired":true,"valueName":"search_term_string"}}],"inLanguage":"en-US"},{"@type":"Organization","@id":"https:\/\/orthodoxalbania.org\/2020\/#organization","name":"Kisha Orthodhokse Autoqefale e Shqip\u00ebris\u00eb","url":"https:\/\/orthodoxalbania.org\/2020\/","logo":{"@type":"ImageObject","inLanguage":"en-US","@id":"https:\/\/orthodoxalbania.org\/2020\/#\/schema\/logo\/image\/","url":"https:\/\/orthodoxalbania.org\/2020\/wp-content\/uploads\/2020\/05\/albania.jpeg","contentUrl":"https:\/\/orthodoxalbania.org\/2020\/wp-content\/uploads\/2020\/05\/albania.jpeg","width":540,"height":540,"caption":"Kisha Orthodhokse Autoqefale e Shqip\u00ebris\u00eb"},"image":{"@id":"https:\/\/orthodoxalbania.org\/2020\/#\/schema\/logo\/image\/"},"sameAs":["https:\/\/www.facebook.com\/koash1991"]},{"@type":"Person","@id":"https:\/\/orthodoxalbania.org\/2020\/#\/schema\/person\/0c387634a7063ac612d7ed9ce71c7e86","name":"Kisha Orthodhokse","image":{"@type":"ImageObject","inLanguage":"en-US","@id":"https:\/\/secure.gravatar.com\/avatar\/596e7c417251e30f2fbb9c00e026fce61a695a00e51c889caded71c96cbbdde5?s=96&d=mm&r=g","url":"https:\/\/secure.gravatar.com\/avatar\/596e7c417251e30f2fbb9c00e026fce61a695a00e51c889caded71c96cbbdde5?s=96&d=mm&r=g","contentUrl":"https:\/\/secure.gravatar.com\/avatar\/596e7c417251e30f2fbb9c00e026fce61a695a00e51c889caded71c96cbbdde5?s=96&d=mm&r=g","caption":"Kisha Orthodhokse"}}]}},"_links":{"self":[{"href":"https:\/\/orthodoxalbania.org\/2020\/wp-json\/wp\/v2\/posts\/5319","targetHints":{"allow":["GET"]}}],"collection":[{"href":"https:\/\/orthodoxalbania.org\/2020\/wp-json\/wp\/v2\/posts"}],"about":[{"href":"https:\/\/orthodoxalbania.org\/2020\/wp-json\/wp\/v2\/types\/post"}],"author":[{"embeddable":true,"href":"https:\/\/orthodoxalbania.org\/2020\/wp-json\/wp\/v2\/users\/1"}],"replies":[{"embeddable":true,"href":"https:\/\/orthodoxalbania.org\/2020\/wp-json\/wp\/v2\/comments?post=5319"}],"version-history":[{"count":1,"href":"https:\/\/orthodoxalbania.org\/2020\/wp-json\/wp\/v2\/posts\/5319\/revisions"}],"predecessor-version":[{"id":14842,"href":"https:\/\/orthodoxalbania.org\/2020\/wp-json\/wp\/v2\/posts\/5319\/revisions\/14842"}],"wp:featuredmedia":[{"embeddable":true,"href":"https:\/\/orthodoxalbania.org\/2020\/wp-json\/wp\/v2\/media\/5320"}],"wp:attachment":[{"href":"https:\/\/orthodoxalbania.org\/2020\/wp-json\/wp\/v2\/media?parent=5319"}],"wp:term":[{"taxonomy":"category","embeddable":true,"href":"https:\/\/orthodoxalbania.org\/2020\/wp-json\/wp\/v2\/categories?post=5319"},{"taxonomy":"post_tag","embeddable":true,"href":"https:\/\/orthodoxalbania.org\/2020\/wp-json\/wp\/v2\/tags?post=5319"}],"curies":[{"name":"wp","href":"https:\/\/api.w.org\/{rel}","templated":true}]}}