{"id":531,"date":"2013-03-21T10:23:20","date_gmt":"2013-03-21T10:23:20","guid":{"rendered":""},"modified":"2020-04-06T22:31:55","modified_gmt":"2020-04-06T20:31:55","slug":"festivali-i-14-te-kombetar-i-rinise-orthodhokse-te-shqiperise","status":"publish","type":"post","link":"https:\/\/orthodoxalbania.org\/2020\/2013\/03\/21\/festivali-i-14-te-kombetar-i-rinise-orthodhokse-te-shqiperise\/","title":{"rendered":"Festivali i 14-t\u00eb Komb\u00ebtar i Rinis\u00eb Orthodhokse t\u00eb Shqip\u00ebris\u00eb. (26 Dhjetor 2011)"},"content":{"rendered":"<div class=\"style7\">\n<div style=\"text-align: justify;\"><span style=\"color: #000000; font-family: helvetica; font-size: 12pt;\">&nbsp;<img decoding=\"async\" class=\"lazyload HAa Eha\" style=\"height: 195px; width: 260px; border-width: 1px; border-style: solid; margin: 10px; float: left;\" alt=\"\" src=\"data:image\/gif;base64,R0lGODlhAQABAAAAACH5BAEKAAEALAAAAAABAAEAAAICTAEAOw==\" data-orig-src=\"https:\/\/lh3.googleusercontent.com\/-ynz0WOrktwc\/VARTQc2ccbI\/AAAAAAAACqo\/sw5ksmAdmZk\/w448-h336-no\/1.JPG\" \/>&nbsp;<span class=\"style10\"> <\/span>N\u00eb dat\u00ebn 26 dhjetor 2011, u zhvillua n\u00eb Tiran\u00eb Festivali i 14-t\u00eb Komb\u00ebtar i Rinis\u00eb Orthodhokse t\u00eb Shqip\u00ebris\u00eb, organizuar nga Zyra Q\u00ebndrore e Rinis\u00eb, n\u00ebn kujdesin e Kryepiskopit t\u00eb Tiran\u00ebs, Durr\u00ebsit dhe gjith\u00eb Shqip\u00ebris\u00eb Imzot Anastasit.<\/span><\/div>\n<div style=\"text-align: justify;\"><span style=\"color: #000000; font-family: helvetica; font-size: 12pt;\"> &nbsp;<span class=\"style10\">&nbsp;&nbsp; <\/span>N\u00eb k\u00ebt\u00eb aktivitet mor\u00ebn pjes\u00eb 15 grupe rinore nga t\u00eb kat\u00ebr dioqezat e vendit, t\u00eb cil\u00ebt prezantuan tek publiku k\u00ebng\u00eb t\u00eb krishtera, k\u00ebng\u00eb popullore dhe valle tradicionale me motive nga zonat e tyre, krijimtari t\u00eb reja, recitime, etj. Ato u nd\u00ebrthurr\u00ebn me nj\u00ebra- tjetr\u00ebn, duke i dh\u00ebn\u00eb k\u00ebshtu nj\u00eb atomosfer\u00eb t\u00eb vertet\u00eb festive sall\u00ebs pran\u00eb katedrales \u201cUngjill\u00ebzimi i Per\u00ebndilind\u00ebses\u201d, n\u00eb t\u00eb cil\u00ebn u organiua festivali. T\u00eb pranish\u00ebm ishin Kryepiskopi Anastas, klerik\u00eb nga vende t\u00eb ndryshme t\u00eb Shqip\u00ebris\u00eb, besimtar\u00eb e t\u00eb ftuar, &nbsp;t\u00eb rinj nga e gjith\u00eb Shqip\u00ebria.<\/span><\/div>\n<div style=\"text-align: justify;\"><span style=\"color: #000000; font-family: helvetica; font-size: 12pt;\"> &nbsp;<span class=\"style10\">&nbsp;&nbsp; <\/span>N\u00eb festival u ndan\u00eb \u00e7mime simbolike, pasi si\u00e7 tha edhe kryetari i juris\u00eb, artisti i merituar Z. Milto Vako, t\u00eb gjith\u00eb meritonin vendin e par\u00eb dhe t\u00eb gjith\u00eb ishin t\u00eb fituar. Vendin e par\u00eb e mori grupi rinor i K\u00eblcyr\u00ebs nga Dioqeza e Gjirokastr\u00ebs.<\/span><\/div>\n<div style=\"text-align: justify;\"><span style=\"color: #000000; font-family: helvetica; font-size: 12pt;\"> &nbsp;<span class=\"style10\">&nbsp;&nbsp; <\/span>N\u00eb fund, p\u00ebrsh\u00ebndeti Kryepiskopi Anastas, ku nd\u00ebr t\u00eb tjera shprehu urimet e tij te p\u00ebrzem\u00ebrta p\u00ebr entuziazmin e rinis\u00eb, falenderoi grupin organizativ t\u00eb festivalit, i cili punoi me p\u00ebrkushtim si dhe shpalli se pas pak koh\u00ebsh, me hapjen e Katedrales s\u00eb re, atje do t\u00eb organizohen n\u00eb ambjente bashk\u00ebkohore aktivitete t\u00eb tilla. \u201cKy ishte festivali m\u00eb i mir\u00eb q\u00eb \u00ebsht\u00eb organizuar n\u00eb t\u00eb gjith\u00eb k\u00ebto vite\u201d- theksoi Kryepiskopi.<\/span><\/div>\n<div style=\"text-align: justify;\"><span style=\"color: #000000; font-family: helvetica; font-size: 12pt;\"> &nbsp;<span class=\"style10\">&nbsp;&nbsp; <\/span>Ai u ndal edhe tek mesazhi i Krishtlindjes, duke rikujtuar edhe nj\u00ebher\u00eb t\u00eb rinjt\u00eb, se me ndihm\u00ebn e Per\u00ebndis\u00eb, t\u00eb pamundurat b\u00ebhen t\u00eb mundura dhe q\u00eb t\u00eb mos dekurajohen nga v\u00ebshtir\u00ebsit\u00eb, sepse gj\u00ebrat e v\u00ebshtira jan\u00eb pik\u00ebrisht ato q\u00eb vlejn\u00eb n\u00eb jet\u00eb. K\u00ebt\u00eb vit, p\u00ebr her\u00eb t\u00eb par\u00eb, Festivali u transmetua i plot\u00eb drejtp\u00ebrdrejt n\u00eb val\u00ebt e Radios \u201cNgjallja\u201d.<\/span><\/div>\n<div style=\"text-align: justify;\"><span style=\"color: #000000; font-family: helvetica; font-size: 12pt;\"> &nbsp;&nbsp;&nbsp; Festivali Komb\u00ebtar i Rinis\u00eb Orthodhokse t\u00eb Shqip\u00ebris\u00eb \u00ebsht\u00eb nj\u00eb aktivitet q\u00eb tashm\u00eb \u00ebsht\u00eb b\u00ebr\u00eb tradit\u00eb dhe \u00ebsht\u00eb fryt i pun\u00ebs s\u00eb dioqezave dhe katekist\u00ebve q\u00eb punojn\u00eb me t\u00eb rinjt\u00eb.<\/span><\/div>\n<div style=\"text-align: justify;\"><span style=\"font-family: helvetica; font-size: 12pt;\"><\/span><\/div>\n<div style=\"text-align: right;\"><span style=\"color: #000000; font-family: helvetica; font-size: 12pt;\"><strong>Joan Meni<\/strong><\/span><\/div>\n<div><span style=\"font-family: helvetica; font-size: 12pt;\"><\/span><\/div>\n<table style=\"margin-right: auto; margin-left: auto;\">\n<tbody>\n<tr>\n<td>\n<div><span style=\"color: #000000; font-family: helvetica; font-size: 12pt;\"><img decoding=\"async\" class=\"lazyload HAa Eha\" style=\"height: 225px; width: 300px; border-width: 1px; border-style: solid; margin: 10px;\" alt=\"\" src=\"data:image\/gif;base64,R0lGODlhAQABAAAAACH5BAEKAAEALAAAAAABAAEAAAICTAEAOw==\" data-orig-src=\"https:\/\/lh6.googleusercontent.com\/-fT95o9gH7wg\/VARTQ96dV_I\/AAAAAAAACrM\/jLEWJ7_QX_8\/w448-h336-no\/2-.JPG\" \/><\/span><\/div>\n<\/td>\n<td>\n<div><span style=\"color: #000000; font-family: helvetica; font-size: 12pt;\"><img decoding=\"async\" class=\"lazyload HAa Eha\" style=\"height: 225px; width: 300px; border-width: 1px; border-style: solid; margin: 10px;\" alt=\"\" src=\"data:image\/gif;base64,R0lGODlhAQABAAAAACH5BAEKAAEALAAAAAABAAEAAAICTAEAOw==\" data-orig-src=\"https:\/\/lh5.googleusercontent.com\/-Sl09Rf0bMUY\/VARTQnfz-RI\/AAAAAAAACqs\/1N1q_PKB8YY\/w448-h336-no\/3.JPG\" \/><\/span><\/div>\n<\/td>\n<\/tr>\n<tr>\n<td>\n<div><span style=\"color: #000000; font-family: helvetica; font-size: 12pt;\"><img decoding=\"async\" class=\"lazyload HAa Eha\" style=\"height: 225px; width: 300px; border-width: 1px; border-style: solid; margin: 10px;\" alt=\"\" src=\"data:image\/gif;base64,R0lGODlhAQABAAAAACH5BAEKAAEALAAAAAABAAEAAAICTAEAOw==\" data-orig-src=\"https:\/\/lh6.googleusercontent.com\/-g0rOKNRYTGk\/VARTRP6o2eI\/AAAAAAAACq4\/No7ocvi8t84\/w448-h336-no\/4.JPG\" \/><\/span><\/div>\n<\/td>\n<td>\n<div><span style=\"color: #000000; font-family: helvetica; font-size: 12pt;\"><img decoding=\"async\" class=\"lazyload HAa Eha\" style=\"height: 225px; width: 300px; border-width: 1px; border-style: solid; margin: 10px;\" alt=\"\" src=\"data:image\/gif;base64,R0lGODlhAQABAAAAACH5BAEKAAEALAAAAAABAAEAAAICTAEAOw==\" data-orig-src=\"https:\/\/lh5.googleusercontent.com\/-AZ6SEMe2z7Y\/VARTSA0XKeI\/AAAAAAAACq8\/kDn36V9vVqg\/w448-h336-no\/5.JPG\" \/><\/span><\/div>\n<\/td>\n<\/tr>\n<tr>\n<td>\n<div><span style=\"color: #000000; font-family: helvetica; font-size: 12pt;\"><img decoding=\"async\" class=\"lazyload HAa Eha\" style=\"height: 225px; width: 300px; border-width: 1px; border-style: solid; margin: 10px;\" alt=\"\" src=\"data:image\/gif;base64,R0lGODlhAQABAAAAACH5BAEKAAEALAAAAAABAAEAAAICTAEAOw==\" data-orig-src=\"https:\/\/lh5.googleusercontent.com\/-uN_pVwzpUV0\/VARTSNLFb7I\/AAAAAAAACrA\/kVF4pVirc18\/w448-h336-no\/6.JPG\" \/><\/span><\/div>\n<\/td>\n<td>\n<div><span style=\"color: #000000; font-family: helvetica; font-size: 12pt;\"><img decoding=\"async\" class=\"lazyload HAa Eha\" style=\"height: 225px; width: 300px; border-width: 1px; border-style: solid; margin: 10px;\" alt=\"\" src=\"data:image\/gif;base64,R0lGODlhAQABAAAAACH5BAEKAAEALAAAAAABAAEAAAICTAEAOw==\" data-orig-src=\"https:\/\/lh5.googleusercontent.com\/-ejr0_yePGOQ\/VARTTgqPfDI\/AAAAAAAACrQ\/9uAZOxJ1BI8\/w448-h336-no\/7.JPG\" \/><\/span><\/div>\n<\/td>\n<\/tr>\n<\/tbody>\n<\/table>\n<div><span style=\"font-family: helvetica; font-size: 12pt;\"><\/span><\/div>\n<div><span style=\"font-family: helvetica; font-size: 12pt;\"><\/span><\/div>\n<\/div>\n","protected":false},"excerpt":{"rendered":"<p>&nbsp;&nbsp; N\u00eb dat\u00ebn 26 dhjetor 2011, u zhvillua n\u00eb Tiran\u00eb Festivali i 14-t\u00eb Komb\u00ebtar i Rinis\u00eb Orthodhokse t\u00eb Shqip\u00ebris\u00eb, organizuar nga Zyra Q\u00ebndrore e Rinis\u00eb, n\u00ebn kujdesin e Kryepiskopit t\u00eb Tiran\u00ebs, Durr\u00ebsit dhe gjith\u00eb Shqip\u00ebris\u00eb Imzot Anastasit. &nbsp;&nbsp;&nbsp; N\u00eb k\u00ebt\u00eb aktivitet mor\u00ebn pjes\u00eb 15 grupe rinore nga t\u00eb kat\u00ebr dioqezat e vendit, t\u00eb cil\u00ebt prezantuan tek publiku k\u00ebng\u00eb t\u00eb krishtera, k\u00ebng\u00eb popullore dhe valle tradicionale<\/p>\n","protected":false},"author":1,"featured_media":0,"comment_status":"open","ping_status":"open","sticky":false,"template":"","format":"standard","meta":{"_acf_changed":false,"pagelayer_contact_templates":[],"_pagelayer_content":"","inline_featured_image":false,"fifu_image_url":"","fifu_image_alt":"","footnotes":""},"categories":[108],"tags":[143,192,196,201,212,176],"class_list":["post-531","post","type-post","status-publish","format-standard","hentry","category-lajme","tag-143","tag-krishtlindje","tag-tirane","tag-kryepiskopi-anastas","tag-lajme-d27","tag-rinia-orthodhokse"],"acf":[],"yoast_head":"<!-- This site is optimized with the Yoast SEO plugin v27.2 - https:\/\/yoast.com\/product\/yoast-seo-wordpress\/ -->\n<title>Festivali i 14-t\u00eb Komb\u00ebtar i Rinis\u00eb Orthodhokse t\u00eb Shqip\u00ebris\u00eb. (26 Dhjetor 2011) - Kisha Orthodh\u03bfkse Autoqefale e Shqip\u00ebris\u00eb<\/title>\n<meta name=\"robots\" content=\"index, follow, max-snippet:-1, max-image-preview:large, max-video-preview:-1\" \/>\n<link rel=\"canonical\" href=\"https:\/\/orthodoxalbania.org\/2020\/2013\/03\/21\/festivali-i-14-te-kombetar-i-rinise-orthodhokse-te-shqiperise\/\" \/>\n<meta property=\"og:locale\" content=\"en_US\" \/>\n<meta property=\"og:type\" content=\"article\" \/>\n<meta property=\"og:title\" content=\"Festivali i 14-t\u00eb Komb\u00ebtar i Rinis\u00eb Orthodhokse t\u00eb Shqip\u00ebris\u00eb. (26 Dhjetor 2011) - Kisha Orthodh\u03bfkse Autoqefale e Shqip\u00ebris\u00eb\" \/>\n<meta property=\"og:description\" content=\"&nbsp;&nbsp; N\u00eb dat\u00ebn 26 dhjetor 2011, u zhvillua n\u00eb Tiran\u00eb Festivali i 14-t\u00eb Komb\u00ebtar i Rinis\u00eb Orthodhokse t\u00eb Shqip\u00ebris\u00eb, organizuar nga Zyra Q\u00ebndrore e Rinis\u00eb, n\u00ebn kujdesin e Kryepiskopit t\u00eb Tiran\u00ebs, Durr\u00ebsit dhe gjith\u00eb Shqip\u00ebris\u00eb Imzot Anastasit. &nbsp;&nbsp;&nbsp; N\u00eb k\u00ebt\u00eb aktivitet mor\u00ebn pjes\u00eb 15 grupe rinore nga t\u00eb kat\u00ebr dioqezat e vendit, t\u00eb cil\u00ebt prezantuan tek publiku k\u00ebng\u00eb t\u00eb krishtera, k\u00ebng\u00eb popullore dhe valle tradicionale\" \/>\n<meta property=\"og:url\" content=\"https:\/\/orthodoxalbania.org\/2020\/2013\/03\/21\/festivali-i-14-te-kombetar-i-rinise-orthodhokse-te-shqiperise\/\" \/>\n<meta property=\"og:site_name\" content=\"Kisha Orthodh\u03bfkse Autoqefale e Shqip\u00ebris\u00eb\" \/>\n<meta property=\"article:publisher\" content=\"https:\/\/www.facebook.com\/koash1991\" \/>\n<meta property=\"article:published_time\" content=\"2013-03-21T10:23:20+00:00\" \/>\n<meta property=\"article:modified_time\" content=\"2020-04-06T20:31:55+00:00\" \/>\n<meta property=\"og:image\" content=\"https:\/\/lh3.googleusercontent.com\/-ynz0WOrktwc\/VARTQc2ccbI\/AAAAAAAACqo\/sw5ksmAdmZk\/w448-h336-no\/1.JPG\" \/>\n<meta name=\"author\" content=\"Kisha Orthodhokse\" \/>\n<meta name=\"twitter:card\" content=\"summary_large_image\" \/>\n<meta name=\"twitter:label1\" content=\"Written by\" \/>\n\t<meta name=\"twitter:data1\" content=\"Kisha Orthodhokse\" \/>\n\t<meta name=\"twitter:label2\" content=\"Est. reading time\" \/>\n\t<meta name=\"twitter:data2\" content=\"2 minutes\" \/>\n<script type=\"application\/ld+json\" class=\"yoast-schema-graph\">{\"@context\":\"https:\/\/schema.org\",\"@graph\":[{\"@type\":\"Article\",\"@id\":\"https:\/\/orthodoxalbania.org\/2020\/2013\/03\/21\/festivali-i-14-te-kombetar-i-rinise-orthodhokse-te-shqiperise\/#article\",\"isPartOf\":{\"@id\":\"https:\/\/orthodoxalbania.org\/2020\/2013\/03\/21\/festivali-i-14-te-kombetar-i-rinise-orthodhokse-te-shqiperise\/\"},\"author\":{\"name\":\"Kisha Orthodhokse\",\"@id\":\"https:\/\/orthodoxalbania.org\/2020\/#\/schema\/person\/0c387634a7063ac612d7ed9ce71c7e86\"},\"headline\":\"Festivali i 14-t\u00eb Komb\u00ebtar i Rinis\u00eb Orthodhokse t\u00eb Shqip\u00ebris\u00eb. (26 Dhjetor 2011)\",\"datePublished\":\"2013-03-21T10:23:20+00:00\",\"dateModified\":\"2020-04-06T20:31:55+00:00\",\"mainEntityOfPage\":{\"@id\":\"https:\/\/orthodoxalbania.org\/2020\/2013\/03\/21\/festivali-i-14-te-kombetar-i-rinise-orthodhokse-te-shqiperise\/\"},\"wordCount\":412,\"commentCount\":0,\"publisher\":{\"@id\":\"https:\/\/orthodoxalbania.org\/2020\/#organization\"},\"image\":{\"@id\":\"https:\/\/orthodoxalbania.org\/2020\/2013\/03\/21\/festivali-i-14-te-kombetar-i-rinise-orthodhokse-te-shqiperise\/#primaryimage\"},\"thumbnailUrl\":\"https:\/\/lh3.googleusercontent.com\/-ynz0WOrktwc\/VARTQc2ccbI\/AAAAAAAACqo\/sw5ksmAdmZk\/w448-h336-no\/1.JPG\",\"keywords\":[\"2011\",\"Krishtlindje\",\"Kryepiskopata Tiran\u00eb\",\"Kryepiskopi Anastas\",\"lajme\",\"Rinia Orthodhokse\"],\"articleSection\":[\"Lajme\"],\"inLanguage\":\"en-US\"},{\"@type\":\"WebPage\",\"@id\":\"https:\/\/orthodoxalbania.org\/2020\/2013\/03\/21\/festivali-i-14-te-kombetar-i-rinise-orthodhokse-te-shqiperise\/\",\"url\":\"https:\/\/orthodoxalbania.org\/2020\/2013\/03\/21\/festivali-i-14-te-kombetar-i-rinise-orthodhokse-te-shqiperise\/\",\"name\":\"Festivali i 14-t\u00eb Komb\u00ebtar i Rinis\u00eb Orthodhokse t\u00eb Shqip\u00ebris\u00eb. (26 Dhjetor 2011) - Kisha Orthodh\u03bfkse Autoqefale e Shqip\u00ebris\u00eb\",\"isPartOf\":{\"@id\":\"https:\/\/orthodoxalbania.org\/2020\/#website\"},\"primaryImageOfPage\":{\"@id\":\"https:\/\/orthodoxalbania.org\/2020\/2013\/03\/21\/festivali-i-14-te-kombetar-i-rinise-orthodhokse-te-shqiperise\/#primaryimage\"},\"image\":{\"@id\":\"https:\/\/orthodoxalbania.org\/2020\/2013\/03\/21\/festivali-i-14-te-kombetar-i-rinise-orthodhokse-te-shqiperise\/#primaryimage\"},\"thumbnailUrl\":\"https:\/\/lh3.googleusercontent.com\/-ynz0WOrktwc\/VARTQc2ccbI\/AAAAAAAACqo\/sw5ksmAdmZk\/w448-h336-no\/1.JPG\",\"datePublished\":\"2013-03-21T10:23:20+00:00\",\"dateModified\":\"2020-04-06T20:31:55+00:00\",\"breadcrumb\":{\"@id\":\"https:\/\/orthodoxalbania.org\/2020\/2013\/03\/21\/festivali-i-14-te-kombetar-i-rinise-orthodhokse-te-shqiperise\/#breadcrumb\"},\"inLanguage\":\"en-US\",\"potentialAction\":[{\"@type\":\"ReadAction\",\"target\":[\"https:\/\/orthodoxalbania.org\/2020\/2013\/03\/21\/festivali-i-14-te-kombetar-i-rinise-orthodhokse-te-shqiperise\/\"]}]},{\"@type\":\"ImageObject\",\"inLanguage\":\"en-US\",\"@id\":\"https:\/\/orthodoxalbania.org\/2020\/2013\/03\/21\/festivali-i-14-te-kombetar-i-rinise-orthodhokse-te-shqiperise\/#primaryimage\",\"url\":\"https:\/\/lh3.googleusercontent.com\/-ynz0WOrktwc\/VARTQc2ccbI\/AAAAAAAACqo\/sw5ksmAdmZk\/w448-h336-no\/1.JPG\",\"contentUrl\":\"https:\/\/lh3.googleusercontent.com\/-ynz0WOrktwc\/VARTQc2ccbI\/AAAAAAAACqo\/sw5ksmAdmZk\/w448-h336-no\/1.JPG\"},{\"@type\":\"BreadcrumbList\",\"@id\":\"https:\/\/orthodoxalbania.org\/2020\/2013\/03\/21\/festivali-i-14-te-kombetar-i-rinise-orthodhokse-te-shqiperise\/#breadcrumb\",\"itemListElement\":[{\"@type\":\"ListItem\",\"position\":1,\"name\":\"Home\",\"item\":\"https:\/\/orthodoxalbania.org\/2020\/\"},{\"@type\":\"ListItem\",\"position\":2,\"name\":\"Festivali i 14-t\u00eb Komb\u00ebtar i Rinis\u00eb Orthodhokse t\u00eb Shqip\u00ebris\u00eb. (26 Dhjetor 2011)\"}]},{\"@type\":\"WebSite\",\"@id\":\"https:\/\/orthodoxalbania.org\/2020\/#website\",\"url\":\"https:\/\/orthodoxalbania.org\/2020\/\",\"name\":\"Kisha Orthodh\u03bfkse Autoqefale e Shqip\u00ebris\u00eb\",\"description\":\"Fqja Zyrtare e Kish\u00ebs Orthodhokse Autoqefale e Shqip\u00ebris\u00eb me lajmet edhe informacionet zyrtare p\u00ebr struktur\u00ebn edhe veprimtarin e saj.\",\"publisher\":{\"@id\":\"https:\/\/orthodoxalbania.org\/2020\/#organization\"},\"potentialAction\":[{\"@type\":\"SearchAction\",\"target\":{\"@type\":\"EntryPoint\",\"urlTemplate\":\"https:\/\/orthodoxalbania.org\/2020\/?s={search_term_string}\"},\"query-input\":{\"@type\":\"PropertyValueSpecification\",\"valueRequired\":true,\"valueName\":\"search_term_string\"}}],\"inLanguage\":\"en-US\"},{\"@type\":\"Organization\",\"@id\":\"https:\/\/orthodoxalbania.org\/2020\/#organization\",\"name\":\"Kisha Orthodhokse Autoqefale e Shqip\u00ebris\u00eb\",\"url\":\"https:\/\/orthodoxalbania.org\/2020\/\",\"logo\":{\"@type\":\"ImageObject\",\"inLanguage\":\"en-US\",\"@id\":\"https:\/\/orthodoxalbania.org\/2020\/#\/schema\/logo\/image\/\",\"url\":\"https:\/\/orthodoxalbania.org\/2020\/wp-content\/uploads\/2020\/05\/albania.jpeg\",\"contentUrl\":\"https:\/\/orthodoxalbania.org\/2020\/wp-content\/uploads\/2020\/05\/albania.jpeg\",\"width\":540,\"height\":540,\"caption\":\"Kisha Orthodhokse Autoqefale e Shqip\u00ebris\u00eb\"},\"image\":{\"@id\":\"https:\/\/orthodoxalbania.org\/2020\/#\/schema\/logo\/image\/\"},\"sameAs\":[\"https:\/\/www.facebook.com\/koash1991\"]},{\"@type\":\"Person\",\"@id\":\"https:\/\/orthodoxalbania.org\/2020\/#\/schema\/person\/0c387634a7063ac612d7ed9ce71c7e86\",\"name\":\"Kisha Orthodhokse\",\"image\":{\"@type\":\"ImageObject\",\"inLanguage\":\"en-US\",\"@id\":\"https:\/\/secure.gravatar.com\/avatar\/596e7c417251e30f2fbb9c00e026fce61a695a00e51c889caded71c96cbbdde5?s=96&d=mm&r=g\",\"url\":\"https:\/\/secure.gravatar.com\/avatar\/596e7c417251e30f2fbb9c00e026fce61a695a00e51c889caded71c96cbbdde5?s=96&d=mm&r=g\",\"contentUrl\":\"https:\/\/secure.gravatar.com\/avatar\/596e7c417251e30f2fbb9c00e026fce61a695a00e51c889caded71c96cbbdde5?s=96&d=mm&r=g\",\"caption\":\"Kisha Orthodhokse\"}}]}<\/script>\n<!-- \/ Yoast SEO plugin. -->","yoast_head_json":{"title":"Festivali i 14-t\u00eb Komb\u00ebtar i Rinis\u00eb Orthodhokse t\u00eb Shqip\u00ebris\u00eb. (26 Dhjetor 2011) - Kisha Orthodh\u03bfkse Autoqefale e Shqip\u00ebris\u00eb","robots":{"index":"index","follow":"follow","max-snippet":"max-snippet:-1","max-image-preview":"max-image-preview:large","max-video-preview":"max-video-preview:-1"},"canonical":"https:\/\/orthodoxalbania.org\/2020\/2013\/03\/21\/festivali-i-14-te-kombetar-i-rinise-orthodhokse-te-shqiperise\/","og_locale":"en_US","og_type":"article","og_title":"Festivali i 14-t\u00eb Komb\u00ebtar i Rinis\u00eb Orthodhokse t\u00eb Shqip\u00ebris\u00eb. (26 Dhjetor 2011) - Kisha Orthodh\u03bfkse Autoqefale e Shqip\u00ebris\u00eb","og_description":"&nbsp;&nbsp; N\u00eb dat\u00ebn 26 dhjetor 2011, u zhvillua n\u00eb Tiran\u00eb Festivali i 14-t\u00eb Komb\u00ebtar i Rinis\u00eb Orthodhokse t\u00eb Shqip\u00ebris\u00eb, organizuar nga Zyra Q\u00ebndrore e Rinis\u00eb, n\u00ebn kujdesin e Kryepiskopit t\u00eb Tiran\u00ebs, Durr\u00ebsit dhe gjith\u00eb Shqip\u00ebris\u00eb Imzot Anastasit. &nbsp;&nbsp;&nbsp; N\u00eb k\u00ebt\u00eb aktivitet mor\u00ebn pjes\u00eb 15 grupe rinore nga t\u00eb kat\u00ebr dioqezat e vendit, t\u00eb cil\u00ebt prezantuan tek publiku k\u00ebng\u00eb t\u00eb krishtera, k\u00ebng\u00eb popullore dhe valle tradicionale","og_url":"https:\/\/orthodoxalbania.org\/2020\/2013\/03\/21\/festivali-i-14-te-kombetar-i-rinise-orthodhokse-te-shqiperise\/","og_site_name":"Kisha Orthodh\u03bfkse Autoqefale e Shqip\u00ebris\u00eb","article_publisher":"https:\/\/www.facebook.com\/koash1991","article_published_time":"2013-03-21T10:23:20+00:00","article_modified_time":"2020-04-06T20:31:55+00:00","og_image":[{"url":"https:\/\/lh3.googleusercontent.com\/-ynz0WOrktwc\/VARTQc2ccbI\/AAAAAAAACqo\/sw5ksmAdmZk\/w448-h336-no\/1.JPG","type":"","width":"","height":""}],"author":"Kisha Orthodhokse","twitter_card":"summary_large_image","twitter_misc":{"Written by":"Kisha Orthodhokse","Est. reading time":"2 minutes"},"schema":{"@context":"https:\/\/schema.org","@graph":[{"@type":"Article","@id":"https:\/\/orthodoxalbania.org\/2020\/2013\/03\/21\/festivali-i-14-te-kombetar-i-rinise-orthodhokse-te-shqiperise\/#article","isPartOf":{"@id":"https:\/\/orthodoxalbania.org\/2020\/2013\/03\/21\/festivali-i-14-te-kombetar-i-rinise-orthodhokse-te-shqiperise\/"},"author":{"name":"Kisha Orthodhokse","@id":"https:\/\/orthodoxalbania.org\/2020\/#\/schema\/person\/0c387634a7063ac612d7ed9ce71c7e86"},"headline":"Festivali i 14-t\u00eb Komb\u00ebtar i Rinis\u00eb Orthodhokse t\u00eb Shqip\u00ebris\u00eb. (26 Dhjetor 2011)","datePublished":"2013-03-21T10:23:20+00:00","dateModified":"2020-04-06T20:31:55+00:00","mainEntityOfPage":{"@id":"https:\/\/orthodoxalbania.org\/2020\/2013\/03\/21\/festivali-i-14-te-kombetar-i-rinise-orthodhokse-te-shqiperise\/"},"wordCount":412,"commentCount":0,"publisher":{"@id":"https:\/\/orthodoxalbania.org\/2020\/#organization"},"image":{"@id":"https:\/\/orthodoxalbania.org\/2020\/2013\/03\/21\/festivali-i-14-te-kombetar-i-rinise-orthodhokse-te-shqiperise\/#primaryimage"},"thumbnailUrl":"https:\/\/lh3.googleusercontent.com\/-ynz0WOrktwc\/VARTQc2ccbI\/AAAAAAAACqo\/sw5ksmAdmZk\/w448-h336-no\/1.JPG","keywords":["2011","Krishtlindje","Kryepiskopata Tiran\u00eb","Kryepiskopi Anastas","lajme","Rinia Orthodhokse"],"articleSection":["Lajme"],"inLanguage":"en-US"},{"@type":"WebPage","@id":"https:\/\/orthodoxalbania.org\/2020\/2013\/03\/21\/festivali-i-14-te-kombetar-i-rinise-orthodhokse-te-shqiperise\/","url":"https:\/\/orthodoxalbania.org\/2020\/2013\/03\/21\/festivali-i-14-te-kombetar-i-rinise-orthodhokse-te-shqiperise\/","name":"Festivali i 14-t\u00eb Komb\u00ebtar i Rinis\u00eb Orthodhokse t\u00eb Shqip\u00ebris\u00eb. (26 Dhjetor 2011) - Kisha Orthodh\u03bfkse Autoqefale e Shqip\u00ebris\u00eb","isPartOf":{"@id":"https:\/\/orthodoxalbania.org\/2020\/#website"},"primaryImageOfPage":{"@id":"https:\/\/orthodoxalbania.org\/2020\/2013\/03\/21\/festivali-i-14-te-kombetar-i-rinise-orthodhokse-te-shqiperise\/#primaryimage"},"image":{"@id":"https:\/\/orthodoxalbania.org\/2020\/2013\/03\/21\/festivali-i-14-te-kombetar-i-rinise-orthodhokse-te-shqiperise\/#primaryimage"},"thumbnailUrl":"https:\/\/lh3.googleusercontent.com\/-ynz0WOrktwc\/VARTQc2ccbI\/AAAAAAAACqo\/sw5ksmAdmZk\/w448-h336-no\/1.JPG","datePublished":"2013-03-21T10:23:20+00:00","dateModified":"2020-04-06T20:31:55+00:00","breadcrumb":{"@id":"https:\/\/orthodoxalbania.org\/2020\/2013\/03\/21\/festivali-i-14-te-kombetar-i-rinise-orthodhokse-te-shqiperise\/#breadcrumb"},"inLanguage":"en-US","potentialAction":[{"@type":"ReadAction","target":["https:\/\/orthodoxalbania.org\/2020\/2013\/03\/21\/festivali-i-14-te-kombetar-i-rinise-orthodhokse-te-shqiperise\/"]}]},{"@type":"ImageObject","inLanguage":"en-US","@id":"https:\/\/orthodoxalbania.org\/2020\/2013\/03\/21\/festivali-i-14-te-kombetar-i-rinise-orthodhokse-te-shqiperise\/#primaryimage","url":"https:\/\/lh3.googleusercontent.com\/-ynz0WOrktwc\/VARTQc2ccbI\/AAAAAAAACqo\/sw5ksmAdmZk\/w448-h336-no\/1.JPG","contentUrl":"https:\/\/lh3.googleusercontent.com\/-ynz0WOrktwc\/VARTQc2ccbI\/AAAAAAAACqo\/sw5ksmAdmZk\/w448-h336-no\/1.JPG"},{"@type":"BreadcrumbList","@id":"https:\/\/orthodoxalbania.org\/2020\/2013\/03\/21\/festivali-i-14-te-kombetar-i-rinise-orthodhokse-te-shqiperise\/#breadcrumb","itemListElement":[{"@type":"ListItem","position":1,"name":"Home","item":"https:\/\/orthodoxalbania.org\/2020\/"},{"@type":"ListItem","position":2,"name":"Festivali i 14-t\u00eb Komb\u00ebtar i Rinis\u00eb Orthodhokse t\u00eb Shqip\u00ebris\u00eb. (26 Dhjetor 2011)"}]},{"@type":"WebSite","@id":"https:\/\/orthodoxalbania.org\/2020\/#website","url":"https:\/\/orthodoxalbania.org\/2020\/","name":"Kisha Orthodh\u03bfkse Autoqefale e Shqip\u00ebris\u00eb","description":"Fqja Zyrtare e Kish\u00ebs Orthodhokse Autoqefale e Shqip\u00ebris\u00eb me lajmet edhe informacionet zyrtare p\u00ebr struktur\u00ebn edhe veprimtarin e saj.","publisher":{"@id":"https:\/\/orthodoxalbania.org\/2020\/#organization"},"potentialAction":[{"@type":"SearchAction","target":{"@type":"EntryPoint","urlTemplate":"https:\/\/orthodoxalbania.org\/2020\/?s={search_term_string}"},"query-input":{"@type":"PropertyValueSpecification","valueRequired":true,"valueName":"search_term_string"}}],"inLanguage":"en-US"},{"@type":"Organization","@id":"https:\/\/orthodoxalbania.org\/2020\/#organization","name":"Kisha Orthodhokse Autoqefale e Shqip\u00ebris\u00eb","url":"https:\/\/orthodoxalbania.org\/2020\/","logo":{"@type":"ImageObject","inLanguage":"en-US","@id":"https:\/\/orthodoxalbania.org\/2020\/#\/schema\/logo\/image\/","url":"https:\/\/orthodoxalbania.org\/2020\/wp-content\/uploads\/2020\/05\/albania.jpeg","contentUrl":"https:\/\/orthodoxalbania.org\/2020\/wp-content\/uploads\/2020\/05\/albania.jpeg","width":540,"height":540,"caption":"Kisha Orthodhokse Autoqefale e Shqip\u00ebris\u00eb"},"image":{"@id":"https:\/\/orthodoxalbania.org\/2020\/#\/schema\/logo\/image\/"},"sameAs":["https:\/\/www.facebook.com\/koash1991"]},{"@type":"Person","@id":"https:\/\/orthodoxalbania.org\/2020\/#\/schema\/person\/0c387634a7063ac612d7ed9ce71c7e86","name":"Kisha Orthodhokse","image":{"@type":"ImageObject","inLanguage":"en-US","@id":"https:\/\/secure.gravatar.com\/avatar\/596e7c417251e30f2fbb9c00e026fce61a695a00e51c889caded71c96cbbdde5?s=96&d=mm&r=g","url":"https:\/\/secure.gravatar.com\/avatar\/596e7c417251e30f2fbb9c00e026fce61a695a00e51c889caded71c96cbbdde5?s=96&d=mm&r=g","contentUrl":"https:\/\/secure.gravatar.com\/avatar\/596e7c417251e30f2fbb9c00e026fce61a695a00e51c889caded71c96cbbdde5?s=96&d=mm&r=g","caption":"Kisha Orthodhokse"}}]}},"_links":{"self":[{"href":"https:\/\/orthodoxalbania.org\/2020\/wp-json\/wp\/v2\/posts\/531","targetHints":{"allow":["GET"]}}],"collection":[{"href":"https:\/\/orthodoxalbania.org\/2020\/wp-json\/wp\/v2\/posts"}],"about":[{"href":"https:\/\/orthodoxalbania.org\/2020\/wp-json\/wp\/v2\/types\/post"}],"author":[{"embeddable":true,"href":"https:\/\/orthodoxalbania.org\/2020\/wp-json\/wp\/v2\/users\/1"}],"replies":[{"embeddable":true,"href":"https:\/\/orthodoxalbania.org\/2020\/wp-json\/wp\/v2\/comments?post=531"}],"version-history":[{"count":1,"href":"https:\/\/orthodoxalbania.org\/2020\/wp-json\/wp\/v2\/posts\/531\/revisions"}],"predecessor-version":[{"id":15349,"href":"https:\/\/orthodoxalbania.org\/2020\/wp-json\/wp\/v2\/posts\/531\/revisions\/15349"}],"wp:attachment":[{"href":"https:\/\/orthodoxalbania.org\/2020\/wp-json\/wp\/v2\/media?parent=531"}],"wp:term":[{"taxonomy":"category","embeddable":true,"href":"https:\/\/orthodoxalbania.org\/2020\/wp-json\/wp\/v2\/categories?post=531"},{"taxonomy":"post_tag","embeddable":true,"href":"https:\/\/orthodoxalbania.org\/2020\/wp-json\/wp\/v2\/tags?post=531"}],"curies":[{"name":"wp","href":"https:\/\/api.w.org\/{rel}","templated":true}]}}