{"id":5292,"date":"2017-06-09T12:02:24","date_gmt":"2017-06-09T12:02:24","guid":{"rendered":""},"modified":"2020-04-06T21:58:20","modified_gmt":"2020-04-06T19:58:20","slug":"te-tjeret-ngrene-mure-ne-u-besojme-urave","status":"publish","type":"post","link":"https:\/\/orthodoxalbania.org\/2020\/2017\/06\/09\/te-tjeret-ngrene-mure-ne-u-besojme-urave\/","title":{"rendered":"\u201cT\u00eb tjer\u00ebt ngren\u00eb mure, ne u besojm\u00eb urave\u201d"},"content":{"rendered":"<p style=\"text-align: justify;\"> <\/p>\n<p style=\"text-align: center;\"><span style=\"font-size: 12pt; font-family: helvetica; color: #800000;\"><strong>Kryepiskopi Anastas shpallet \u201cQytetar Nderi\u201d i Laris\u00ebs<\/strong><\/span><\/p>\n<p style=\"text-align: justify;\">&nbsp;<\/p>\n<p style=\"text-align: justify;\"><span style=\"font-size: 12pt; font-family: helvetica; color: #000000;\">\u201cLarisa dhe K\u00ebshilli Bashkiak i Bashkis\u00eb s\u00eb Laris\u00ebs ju mir\u00ebpresin me ndjenja respekti, g\u00ebzimi dhe emocione. Padyshim, vizita juaj k\u00ebtu \u00ebsht\u00eb nder i ve\u00e7ant\u00eb p\u00ebr qytetin ton\u00eb, p\u00ebr kryeqytetin e Thesalis\u00eb me histori 8000 vje\u00e7are\u201d. K\u00ebshtu iu drejtua Kryepiskopit Anastas Kryetari i Bashkis\u00eb s\u00eb Laris\u00ebs, Apostolos Kallojanis, me rastin e dor\u00ebzimit t\u00eb titullit \u201cQytetar Nderi\u201d Fortlumturis\u00eb s\u00eb Tij. Ai theksoi nd\u00ebr t\u00eb tjera: \u201cQyteti yn\u00eb \u00ebsht\u00eb nj\u00eb qytet i hapur, si gjeografikisht edhe n\u00eb aspektin kulturor. Pozita gjeografike dhe dinamika e fush\u00ebs s\u00eb pambarimt\u00eb kan\u00eb prodhuar nj\u00eb shoq\u00ebri t\u00eb hapur multikulturore. Ky qytet ju mir\u00ebpret sot. \u00cbsht\u00eb m\u00eb se e qart\u00eb p\u00ebr t\u00eb gjith\u00eb ne, an\u00ebtar\u00ebt e K\u00ebshillit Bashkiak dhe qytetar\u00ebt tan\u00eb, se Larisa i akordon titullin e Qytetarit t\u00eb Nderit nj\u00eb personaliteti t\u00eb madh dhe t\u00eb ve\u00e7ant\u00eb, me rrezatim nd\u00ebrkomb\u00ebtar dhe me nj\u00eb vep\u00ebr t\u00eb madhe hierapostolike dhe shoq\u00ebrore, nj\u00eb Hierarku q\u00eb jet\u00ebn e vet ia ka kushtuar sh\u00ebrbimit kishtar, hierapostolik, njer\u00ebzor, shkencor dhe krijues, duke vendosur n\u00eb epiqend\u00ebr njeriun q\u00eb ndoshet n\u00eb nevoj\u00eb\u201d.<\/span><\/p>\n<p style=\"text-align: justify;\"><span style=\"font-size: 12pt; font-family: helvetica; color: #000000;\">Kryepiskopi i Tiran\u00ebs, Durr\u00ebsit dhe i Gjith\u00eb Shqip\u00ebris\u00eb, Anastasi, thell\u00ebsisht i emocionuar, u shpreh se \u201c\u00ebsht\u00eb e ndjeshme kudo fisnik\u00ebria dhe dinamizmi q\u00eb karakterizon banor\u00ebt e Laris\u00ebs. Ndihem i befasuar nga ky v\u00ebrshim fisnik\u00ebrie dhe delikatese\u201d.<\/span><\/p>\n<p style=\"text-align: justify;\"><span style=\"font-size: 12pt; font-family: helvetica; color: #000000;\">Referuar zhvillimeve n\u00eb Ballkan, Kryepiskopi theksoi se \u201ct\u00eb tjer\u00ebt ngren\u00eb mure, ne besojm\u00eb tek urat, sepse urat kan\u00eb edhe bukuri, edhe perspektiv\u00eb. Jetojm\u00eb n\u00eb nj\u00eb epok\u00eb t\u00eb v\u00ebshtir\u00eb. Dhe n\u00eb k\u00ebt\u00eb epok\u00eb duhet t\u00eb b\u00ebjm\u00eb rezistenc\u00eb ndaj dekadenc\u00ebs. Dhe rezistenca nuk \u00ebsht\u00eb gj\u00eb tjet\u00ebr, p\u00ebrve\u00e7se cil\u00ebsi. Dhe k\u00ebsaj cil\u00ebsie ju i sh\u00ebrbeni n\u00eb m\u00ebnyr\u00ebn m\u00eb t\u00eb mir\u00eb n\u00eb shum\u00eb sektor\u00eb\u201d.<\/span><\/p>\n<p style=\"text-align: justify;\"><span style=\"font-size: 12pt; font-family: helvetica; color: #000000;\">N\u00eb fund t\u00eb ceremonis\u00eb s\u00eb shpalljes s\u00eb Kryepiskopit \u201cQytetar Nderi\u201d, kryetari Bashkis\u00eb s\u00eb Laris\u00ebs ruajti nj\u00eb befasi, duke shpallur se do t\u2019i propozonte K\u00ebshillit Bashkiak q\u00eb ura e madhe qendrore pedonale mbi lumin Pinios t\u00eb marr\u00eb emrin e Kryepiskopit Anastas.<\/span><\/p>\n<p style=\"text-align: justify;\"><span style=\"font-size: 12pt; font-family: helvetica; color: #000000;\">Ia vlen t\u00eb sh\u00ebnohet pritja e ngroht\u00eb q\u00eb iu b\u00eb nga ky qytet Kryepiskopit t\u00eb Tiran\u00ebs, t\u00eb Durr\u00ebsit dhe t\u00eb Gjith\u00eb Shqip\u00ebris\u00eb, Anastasit, nd\u00ebrsa gjat\u00eb mb\u00ebrritjes s\u00eb Tij n\u00eb Bashki, ai u prit n\u00ebn tingujt e Filarmonis\u00eb s\u00eb qytetit.<\/span><\/p>\n<p style=\"text-align: justify;\"><span style=\"font-size: 12pt; font-family: helvetica; color: #000000;\">N\u00eb ceremonin\u00eb e shpalljes Qytetar Nderi t\u00eb Kryepiskopit, mor\u00ebn pjes\u00eb z\u00ebvend\u00ebsministri i Zhvillimit Agrar dhe Ushqimor, Vasilis Kokalis, q\u00eb p\u00ebrfaq\u00ebsoi Qeverin\u00eb, Mitropoliti i Laris\u00ebs dhe i Tirnavos, Hir\u00ebsia e tij Ignati, deputet\u00eb, prefekti i Laris\u00ebs, kryetar\u00ebt e bashkive t\u00eb rrethit t\u00eb Laris\u00ebs etj. Ishte e pranishme edhe ambasadorja e Shqip\u00ebris\u00eb n\u00eb Greqi, zonja Ariana Hobdari.<\/span><\/p>\n<p style=\"text-align: center;\">&nbsp;<\/p>\n<p style=\"text-align: center;\"><span style=\"font-size: 12pt; font-family: helvetica; color: #800000;\"><strong>Kryepiskopi Anmastas nga Sh\u00ebn Ahilios: \u201cT\u00eb mbeteni D\u00ebshmitar\u00eb t\u00eb Ungjillit dhe t\u00eb Jisu Krishtit\u201d<\/strong><\/span><\/p>\n<p style=\"text-align: justify;\">&nbsp;<\/p>\n<p style=\"text-align: justify;\"><span style=\"font-size: 12pt; font-family: helvetica; color: #000000;\">N\u00eb Kish\u00ebn e Shenjt\u00eb Metropolitane t\u00eb Sh\u00ebn Ahilios t\u00eb Mitropolis\u00ebs s\u00eb Laris\u00ebs u organizua pritja zyrtare dhe Dhoksollogjia p\u00ebr nder t\u00eb Kryepiskopit t\u00eb Tiran\u00ebs, t\u00eb Durr\u00ebsit dhe t\u00eb Gjith\u00eb Shqip\u00ebris\u00eb, Anastasit.<\/span><\/p>\n<p style=\"text-align: justify;\"><span style=\"font-size: 12pt; font-family: helvetica; color: #000000;\">Fortlumturia e Tij, bashk\u00eb m\u00eb grupin q\u00eb e shoq\u00ebronte, u prit ngroht\u00ebsisht nga Mitropoliti Ignat dhe nga Mitropoliti i Elasson\u00ebs, Haritoni.<\/span><\/p>\n<p style=\"text-align: justify;\"><span style=\"font-size: 12pt; font-family: helvetica; color: #000000;\">N\u00eb vazhdim u zhvillua Dhoksollogjia panegjirike, gjat\u00eb s\u00eb cil\u00ebs Mitropoliti Ignat i uroi mir\u00ebseardhjen Primatit t\u00eb Kish\u00ebs s\u00eb Shqip\u00ebris\u00eb.<\/span><\/p>\n<p style=\"text-align: justify;\"><span style=\"font-size: 12pt; font-family: helvetica; color: #000000;\">N\u00eb fjal\u00ebn e Tij p\u00ebrsh\u00ebndet\u00ebse, Kryepiskopi Anastas, pasi fal\u00ebnderoi Mitropolitin e Laris\u00ebs p\u00ebr mikpritjen, iu referua vepr\u00ebs hierapostolike n\u00eb Shqip\u00ebri dhe, duke p\u00ebrfunduar fjal\u00ebn e Tij, ftoi t\u00eb gjith\u00eb besimtar\u00ebt t\u00eb mbeten D\u00ebshmitar\u00eb t\u00eb Ungjillit dhe t\u00eb Jisu Krishtit.<\/span><\/p>\n<p style=\"text-align: justify;\">&nbsp;<\/p>\n<p style=\"text-align: center;\"><span style=\"font-size: 12pt; font-family: helvetica; color: #800000;\"><strong>Kryepiskopi Anastas: \u201cNuk kemi t\u00eb nj\u00ebjt\u00ebn gjuh\u00eb, por jemi t\u00eb gjith\u00eb bij t\u00eb t\u00eb nj\u00ebjtit Per\u00ebndi\u201d<\/strong><\/span><\/p>\n<p style=\"text-align: justify;\">&nbsp;<\/p>\n<p style=\"text-align: justify;\"><span style=\"font-size: 12pt; font-family: helvetica; color: #000000;\">\u00c7aste t\u00eb rralla emocionuese u krijuan mesdit\u00ebn e s\u00eb m\u00ebrkur\u00ebs n\u00eb kampin e refugjat\u00ebve n\u00eb Kucoheri, gjat\u00eb vizit\u00ebs q\u00eb b\u00ebri aty Kryepiskopi Anastas. Hierarku i Kish\u00ebs u prit ngroht\u00ebsisht dhe b\u00ebri mjaft p\u00ebrshtypje sjellja tep\u00ebr e ngroht\u00eb ndaj tij e f\u00ebmij\u00ebve t\u00eb vegj\u00ebl, q\u00eb v\u00ebrshuan ta p\u00ebrqafojn\u00eb dhe t\u2019i puthin dor\u00ebn.<\/span><\/p>\n<p style=\"text-align: justify;\"><span style=\"font-size: 12pt; font-family: helvetica; color: #000000;\">Kryepiskopi Anastas, duke iu referuar dram\u00ebs s\u00eb tyre, u k\u00ebrkoi gjat\u00eb bashk\u00ebbisedimit q\u00eb t\u00eb vazhdojn\u00eb t\u00eb besojn\u00eb dhe t\u00eb shpresojn\u00eb p\u00ebr dit\u00eb m\u00eb t\u00eb mira. \u201cNuk kemi t\u00eb nj\u00ebjt\u00ebn gjuh\u00eb, por jemi t\u00eb gjith\u00eb bij t\u00eb Per\u00ebndis\u00eb\u201d, theksoi ai.<\/span><\/p>\n<p style=\"text-align: justify;\">&nbsp;<\/p>\n<p style=\"text-align: center;\"><span style=\"font-size: 12pt; font-family: helvetica; color: #800000;\"><strong>Ndales\u00eb n\u00eb Meteora<\/strong><\/span><\/p>\n<p style=\"text-align: justify;\">&nbsp;<\/p>\n<p style=\"text-align: justify;\"><span style=\"font-size: 12pt; font-family: helvetica; color: #000000;\">Kryepiskopi Anastas u prit n\u00eb hyrje t\u00eb Manastirit t\u00eb Shenjt\u00eb t\u00eb Sh\u00ebn Theodhorit, n\u00eb Meteora, nga Mitropoliti i Janin\u00ebs dhe M\u00ebk\u00ebmb\u00ebsi i Mitropolis\u00eb s\u00eb Shenjt\u00eb t\u00eb Stagon\u00ebs dhe Meteoras, Maksimos. N\u00eb vazhdim u krye nj\u00eb Dhoksollogji n\u00eb kish\u00eb dhe m\u00eb pas, u b\u00eb nj\u00eb sh\u00ebrbes\u00eb p\u00ebrkujtimore n\u00eb varrin e t\u00eb ndjerit Mitropolit t\u00eb Stegonas dhe Meteoras, Serafim.<\/span><\/p>\n<p style=\"text-align: justify;\">&nbsp;<\/p>\n<p style=\"text-align: center;\">&nbsp;<\/p>\n<p style=\"text-align: center;\"><img class=\"lazyload\" decoding=\"async\" src=\"data:image\/svg+xml,%3Csvg%20xmlns%3D%27http%3A%2F%2Fwww.w3.org%2F2000%2Fsvg%27%20width%3D%27450%27%20height%3D%27302%27%20viewBox%3D%270%200%20450%20302%27%3E%3Crect%20width%3D%27450%27%20height%3D%27302%27%20fill-opacity%3D%220%22%2F%3E%3C%2Fsvg%3E\" data-orig-src=\"https:\/\/orthodoxalbania.org\/2020\/wp-content\/uploads\/2020\/04\/1-1-6.jpg\" width=\"450\" height=\"302\" style=\"display: block; margin: 10px auto; border: 1px solid #000000;\" \/><\/p>\n<p style=\"text-align: center;\"><img class=\"lazyload\" decoding=\"async\" src=\"data:image\/svg+xml,%3Csvg%20xmlns%3D%27http%3A%2F%2Fwww.w3.org%2F2000%2Fsvg%27%20width%3D%27450%27%20height%3D%27305%27%20viewBox%3D%270%200%20450%20305%27%3E%3Crect%20width%3D%27450%27%20height%3D%27305%27%20fill-opacity%3D%220%22%2F%3E%3C%2Fsvg%3E\" data-orig-src=\"https:\/\/orthodoxalbania.org\/2020\/wp-content\/uploads\/2020\/04\/2-0-3.jpg\" width=\"450\" height=\"305\" style=\"display: block; margin: 10px auto; border: 1px solid #000000;\" \/><\/p>\n<p style=\"text-align: center;\"><img class=\"lazyload\" decoding=\"async\" src=\"data:image\/svg+xml,%3Csvg%20xmlns%3D%27http%3A%2F%2Fwww.w3.org%2F2000%2Fsvg%27%20width%3D%27450%27%20height%3D%27300%27%20viewBox%3D%270%200%20450%20300%27%3E%3Crect%20width%3D%27450%27%20height%3D%27300%27%20fill-opacity%3D%220%22%2F%3E%3C%2Fsvg%3E\" data-orig-src=\"https:\/\/orthodoxalbania.org\/2020\/wp-content\/uploads\/2020\/04\/3-9-9.jpg\" width=\"450\" height=\"300\" style=\"display: block; margin: 10px auto; border: 1px solid #000000;\" \/><\/p>\n<p style=\"text-align: center;\"><img class=\"lazyload\" decoding=\"async\" src=\"data:image\/svg+xml,%3Csvg%20xmlns%3D%27http%3A%2F%2Fwww.w3.org%2F2000%2Fsvg%27%20width%3D%27450%27%20height%3D%27300%27%20viewBox%3D%270%200%20450%20300%27%3E%3Crect%20width%3D%27450%27%20height%3D%27300%27%20fill-opacity%3D%220%22%2F%3E%3C%2Fsvg%3E\" data-orig-src=\"https:\/\/orthodoxalbania.org\/2020\/wp-content\/uploads\/2020\/04\/4-5-4.jpg\" width=\"450\" height=\"300\" style=\"display: block; margin: 10px auto; border: 1px solid #000000;\" \/><\/p>\n<p style=\"text-align: center;\"><img class=\"lazyload\" decoding=\"async\" src=\"data:image\/svg+xml,%3Csvg%20xmlns%3D%27http%3A%2F%2Fwww.w3.org%2F2000%2Fsvg%27%20width%3D%27450%27%20height%3D%27300%27%20viewBox%3D%270%200%20450%20300%27%3E%3Crect%20width%3D%27450%27%20height%3D%27300%27%20fill-opacity%3D%220%22%2F%3E%3C%2Fsvg%3E\" data-orig-src=\"https:\/\/orthodoxalbania.org\/2020\/wp-content\/uploads\/2020\/04\/5-5-7-4.jpg\" width=\"450\" height=\"300\" style=\"display: block; margin: 10px auto; border: 1px solid #000000;\" \/><\/p>\n<p style=\"text-align: center;\"><img class=\"lazyload\" decoding=\"async\" src=\"data:image\/svg+xml,%3Csvg%20xmlns%3D%27http%3A%2F%2Fwww.w3.org%2F2000%2Fsvg%27%20width%3D%27450%27%20height%3D%27300%27%20viewBox%3D%270%200%20450%20300%27%3E%3Crect%20width%3D%27450%27%20height%3D%27300%27%20fill-opacity%3D%220%22%2F%3E%3C%2Fsvg%3E\" data-orig-src=\"https:\/\/orthodoxalbania.org\/2020\/wp-content\/uploads\/2020\/04\/6-8-6.jpg\" width=\"450\" height=\"300\" style=\"display: block; margin: 10px auto; border: 1px solid #000000;\" \/><\/p>\n<p style=\"text-align: center;\"><img class=\"lazyload\" decoding=\"async\" src=\"data:image\/svg+xml,%3Csvg%20xmlns%3D%27http%3A%2F%2Fwww.w3.org%2F2000%2Fsvg%27%20width%3D%27450%27%20height%3D%27300%27%20viewBox%3D%270%200%20450%20300%27%3E%3Crect%20width%3D%27450%27%20height%3D%27300%27%20fill-opacity%3D%220%22%2F%3E%3C%2Fsvg%3E\" data-orig-src=\"https:\/\/orthodoxalbania.org\/2020\/wp-content\/uploads\/2020\/04\/7-5.JPG\" width=\"450\" height=\"300\" style=\"display: block; margin: 10px auto; border: 1px solid #000000;\" \/><\/p>\n<p style=\"text-align: center;\"><img class=\"lazyload\" decoding=\"async\" src=\"data:image\/svg+xml,%3Csvg%20xmlns%3D%27http%3A%2F%2Fwww.w3.org%2F2000%2Fsvg%27%20width%3D%27450%27%20height%3D%27300%27%20viewBox%3D%270%200%20450%20300%27%3E%3Crect%20width%3D%27450%27%20height%3D%27300%27%20fill-opacity%3D%220%22%2F%3E%3C%2Fsvg%3E\" data-orig-src=\"https:\/\/orthodoxalbania.org\/2020\/wp-content\/uploads\/2020\/04\/8-9.JPG\" width=\"450\" height=\"300\" style=\"display: block; margin: 10px auto; border: 1px solid #000000;\" \/><\/p>\n<p style=\"text-align: center;\"><img class=\"lazyload\" decoding=\"async\" src=\"data:image\/svg+xml,%3Csvg%20xmlns%3D%27http%3A%2F%2Fwww.w3.org%2F2000%2Fsvg%27%20width%3D%27450%27%20height%3D%27300%27%20viewBox%3D%270%200%20450%20300%27%3E%3Crect%20width%3D%27450%27%20height%3D%27300%27%20fill-opacity%3D%220%22%2F%3E%3C%2Fsvg%3E\" data-orig-src=\"https:\/\/orthodoxalbania.org\/2020\/wp-content\/uploads\/2020\/04\/9-2.JPG\" width=\"450\" height=\"300\" style=\"display: block; margin: 10px auto; border: 1px solid #000000;\" \/><\/p>\n","protected":false},"excerpt":{"rendered":"<p>Kryepiskopi Anastas shpallet \u201cQytetar Nderi\u201d i Laris\u00ebs &nbsp; \u201cLarisa dhe K\u00ebshilli Bashkiak i Bashkis\u00eb s\u00eb Laris\u00ebs ju mir\u00ebpresin me ndjenja respekti, g\u00ebzimi dhe emocione. Padyshim, vizita juaj k\u00ebtu \u00ebsht\u00eb nder i ve\u00e7ant\u00eb p\u00ebr qytetin ton\u00eb, p\u00ebr kryeqytetin e Thesalis\u00eb me histori 8000 vje\u00e7are\u201d. K\u00ebshtu iu drejtua Kryepiskopit Anastas Kryetari i Bashkis\u00eb s\u00eb Laris\u00ebs, Apostolos Kallojanis, me rastin e dor\u00ebzimit t\u00eb titullit \u201cQytetar Nderi\u201d Fortlumturis\u00eb s\u00eb<\/p>\n","protected":false},"author":1,"featured_media":5293,"comment_status":"open","ping_status":"open","sticky":false,"template":"","format":"standard","meta":{"_acf_changed":false,"pagelayer_contact_templates":[],"_pagelayer_content":"","inline_featured_image":false,"fifu_image_url":"","fifu_image_alt":"","footnotes":""},"categories":[108],"tags":[209,196,201,212],"class_list":["post-5292","post","type-post","status-publish","format-standard","has-post-thumbnail","hentry","category-lajme","tag-209","tag-tirane","tag-kryepiskopi-anastas","tag-lajme-d27"],"acf":[],"yoast_head":"<!-- This site is optimized with the Yoast SEO plugin v27.2 - https:\/\/yoast.com\/product\/yoast-seo-wordpress\/ -->\n<title>\u201cT\u00eb tjer\u00ebt ngren\u00eb mure, ne u besojm\u00eb urave\u201d - Kisha Orthodh\u03bfkse Autoqefale e Shqip\u00ebris\u00eb<\/title>\n<meta name=\"robots\" content=\"index, follow, max-snippet:-1, max-image-preview:large, max-video-preview:-1\" \/>\n<link rel=\"canonical\" href=\"https:\/\/orthodoxalbania.org\/2020\/2017\/06\/09\/te-tjeret-ngrene-mure-ne-u-besojme-urave\/\" \/>\n<meta property=\"og:locale\" content=\"en_US\" \/>\n<meta property=\"og:type\" content=\"article\" \/>\n<meta property=\"og:title\" content=\"\u201cT\u00eb tjer\u00ebt ngren\u00eb mure, ne u besojm\u00eb urave\u201d - Kisha Orthodh\u03bfkse Autoqefale e Shqip\u00ebris\u00eb\" \/>\n<meta property=\"og:description\" content=\"Kryepiskopi Anastas shpallet \u201cQytetar Nderi\u201d i Laris\u00ebs &nbsp; \u201cLarisa dhe K\u00ebshilli Bashkiak i Bashkis\u00eb s\u00eb Laris\u00ebs ju mir\u00ebpresin me ndjenja respekti, g\u00ebzimi dhe emocione. Padyshim, vizita juaj k\u00ebtu \u00ebsht\u00eb nder i ve\u00e7ant\u00eb p\u00ebr qytetin ton\u00eb, p\u00ebr kryeqytetin e Thesalis\u00eb me histori 8000 vje\u00e7are\u201d. K\u00ebshtu iu drejtua Kryepiskopit Anastas Kryetari i Bashkis\u00eb s\u00eb Laris\u00ebs, Apostolos Kallojanis, me rastin e dor\u00ebzimit t\u00eb titullit \u201cQytetar Nderi\u201d Fortlumturis\u00eb s\u00eb\" \/>\n<meta property=\"og:url\" content=\"https:\/\/orthodoxalbania.org\/2020\/2017\/06\/09\/te-tjeret-ngrene-mure-ne-u-besojme-urave\/\" \/>\n<meta property=\"og:site_name\" content=\"Kisha Orthodh\u03bfkse Autoqefale e Shqip\u00ebris\u00eb\" \/>\n<meta property=\"article:publisher\" content=\"https:\/\/www.facebook.com\/koash1991\" \/>\n<meta property=\"article:published_time\" content=\"2017-06-09T12:02:24+00:00\" \/>\n<meta property=\"article:modified_time\" content=\"2020-04-06T19:58:20+00:00\" \/>\n<meta property=\"og:image\" content=\"https:\/\/orthodoxalbania.org\/2020\/wp-content\/uploads\/2020\/04\/lar2.jpg\" \/>\n\t<meta property=\"og:image:width\" content=\"851\" \/>\n\t<meta property=\"og:image:height\" content=\"576\" \/>\n\t<meta property=\"og:image:type\" content=\"image\/jpeg\" \/>\n<meta name=\"author\" content=\"Kisha Orthodhokse\" \/>\n<meta name=\"twitter:card\" content=\"summary_large_image\" \/>\n<meta name=\"twitter:label1\" content=\"Written by\" \/>\n\t<meta name=\"twitter:data1\" content=\"Kisha Orthodhokse\" \/>\n\t<meta name=\"twitter:label2\" content=\"Est. reading time\" \/>\n\t<meta name=\"twitter:data2\" content=\"4 minutes\" \/>\n<script type=\"application\/ld+json\" class=\"yoast-schema-graph\">{\"@context\":\"https:\/\/schema.org\",\"@graph\":[{\"@type\":\"Article\",\"@id\":\"https:\/\/orthodoxalbania.org\/2020\/2017\/06\/09\/te-tjeret-ngrene-mure-ne-u-besojme-urave\/#article\",\"isPartOf\":{\"@id\":\"https:\/\/orthodoxalbania.org\/2020\/2017\/06\/09\/te-tjeret-ngrene-mure-ne-u-besojme-urave\/\"},\"author\":{\"name\":\"Kisha Orthodhokse\",\"@id\":\"https:\/\/orthodoxalbania.org\/2020\/#\/schema\/person\/0c387634a7063ac612d7ed9ce71c7e86\"},\"headline\":\"\u201cT\u00eb tjer\u00ebt ngren\u00eb mure, ne u besojm\u00eb urave\u201d\",\"datePublished\":\"2017-06-09T12:02:24+00:00\",\"dateModified\":\"2020-04-06T19:58:20+00:00\",\"mainEntityOfPage\":{\"@id\":\"https:\/\/orthodoxalbania.org\/2020\/2017\/06\/09\/te-tjeret-ngrene-mure-ne-u-besojme-urave\/\"},\"wordCount\":851,\"commentCount\":0,\"publisher\":{\"@id\":\"https:\/\/orthodoxalbania.org\/2020\/#organization\"},\"image\":{\"@id\":\"https:\/\/orthodoxalbania.org\/2020\/2017\/06\/09\/te-tjeret-ngrene-mure-ne-u-besojme-urave\/#primaryimage\"},\"thumbnailUrl\":\"https:\/\/orthodoxalbania.org\/2020\/wp-content\/uploads\/2020\/04\/lar2.jpg\",\"keywords\":[\"2017\",\"Kryepiskopata Tiran\u00eb\",\"Kryepiskopi Anastas\",\"lajme\"],\"articleSection\":[\"Lajme\"],\"inLanguage\":\"en-US\"},{\"@type\":\"WebPage\",\"@id\":\"https:\/\/orthodoxalbania.org\/2020\/2017\/06\/09\/te-tjeret-ngrene-mure-ne-u-besojme-urave\/\",\"url\":\"https:\/\/orthodoxalbania.org\/2020\/2017\/06\/09\/te-tjeret-ngrene-mure-ne-u-besojme-urave\/\",\"name\":\"\u201cT\u00eb tjer\u00ebt ngren\u00eb mure, ne u besojm\u00eb urave\u201d - Kisha Orthodh\u03bfkse Autoqefale e Shqip\u00ebris\u00eb\",\"isPartOf\":{\"@id\":\"https:\/\/orthodoxalbania.org\/2020\/#website\"},\"primaryImageOfPage\":{\"@id\":\"https:\/\/orthodoxalbania.org\/2020\/2017\/06\/09\/te-tjeret-ngrene-mure-ne-u-besojme-urave\/#primaryimage\"},\"image\":{\"@id\":\"https:\/\/orthodoxalbania.org\/2020\/2017\/06\/09\/te-tjeret-ngrene-mure-ne-u-besojme-urave\/#primaryimage\"},\"thumbnailUrl\":\"https:\/\/orthodoxalbania.org\/2020\/wp-content\/uploads\/2020\/04\/lar2.jpg\",\"datePublished\":\"2017-06-09T12:02:24+00:00\",\"dateModified\":\"2020-04-06T19:58:20+00:00\",\"breadcrumb\":{\"@id\":\"https:\/\/orthodoxalbania.org\/2020\/2017\/06\/09\/te-tjeret-ngrene-mure-ne-u-besojme-urave\/#breadcrumb\"},\"inLanguage\":\"en-US\",\"potentialAction\":[{\"@type\":\"ReadAction\",\"target\":[\"https:\/\/orthodoxalbania.org\/2020\/2017\/06\/09\/te-tjeret-ngrene-mure-ne-u-besojme-urave\/\"]}]},{\"@type\":\"ImageObject\",\"inLanguage\":\"en-US\",\"@id\":\"https:\/\/orthodoxalbania.org\/2020\/2017\/06\/09\/te-tjeret-ngrene-mure-ne-u-besojme-urave\/#primaryimage\",\"url\":\"https:\/\/orthodoxalbania.org\/2020\/wp-content\/uploads\/2020\/04\/lar2.jpg\",\"contentUrl\":\"https:\/\/orthodoxalbania.org\/2020\/wp-content\/uploads\/2020\/04\/lar2.jpg\",\"width\":851,\"height\":576},{\"@type\":\"BreadcrumbList\",\"@id\":\"https:\/\/orthodoxalbania.org\/2020\/2017\/06\/09\/te-tjeret-ngrene-mure-ne-u-besojme-urave\/#breadcrumb\",\"itemListElement\":[{\"@type\":\"ListItem\",\"position\":1,\"name\":\"Home\",\"item\":\"https:\/\/orthodoxalbania.org\/2020\/\"},{\"@type\":\"ListItem\",\"position\":2,\"name\":\"\u201cT\u00eb tjer\u00ebt ngren\u00eb mure, ne u besojm\u00eb urave\u201d\"}]},{\"@type\":\"WebSite\",\"@id\":\"https:\/\/orthodoxalbania.org\/2020\/#website\",\"url\":\"https:\/\/orthodoxalbania.org\/2020\/\",\"name\":\"Kisha Orthodh\u03bfkse Autoqefale e Shqip\u00ebris\u00eb\",\"description\":\"Fqja Zyrtare e Kish\u00ebs Orthodhokse Autoqefale e Shqip\u00ebris\u00eb me lajmet edhe informacionet zyrtare p\u00ebr struktur\u00ebn edhe veprimtarin e saj.\",\"publisher\":{\"@id\":\"https:\/\/orthodoxalbania.org\/2020\/#organization\"},\"potentialAction\":[{\"@type\":\"SearchAction\",\"target\":{\"@type\":\"EntryPoint\",\"urlTemplate\":\"https:\/\/orthodoxalbania.org\/2020\/?s={search_term_string}\"},\"query-input\":{\"@type\":\"PropertyValueSpecification\",\"valueRequired\":true,\"valueName\":\"search_term_string\"}}],\"inLanguage\":\"en-US\"},{\"@type\":\"Organization\",\"@id\":\"https:\/\/orthodoxalbania.org\/2020\/#organization\",\"name\":\"Kisha Orthodhokse Autoqefale e Shqip\u00ebris\u00eb\",\"url\":\"https:\/\/orthodoxalbania.org\/2020\/\",\"logo\":{\"@type\":\"ImageObject\",\"inLanguage\":\"en-US\",\"@id\":\"https:\/\/orthodoxalbania.org\/2020\/#\/schema\/logo\/image\/\",\"url\":\"https:\/\/orthodoxalbania.org\/2020\/wp-content\/uploads\/2020\/05\/albania.jpeg\",\"contentUrl\":\"https:\/\/orthodoxalbania.org\/2020\/wp-content\/uploads\/2020\/05\/albania.jpeg\",\"width\":540,\"height\":540,\"caption\":\"Kisha Orthodhokse Autoqefale e Shqip\u00ebris\u00eb\"},\"image\":{\"@id\":\"https:\/\/orthodoxalbania.org\/2020\/#\/schema\/logo\/image\/\"},\"sameAs\":[\"https:\/\/www.facebook.com\/koash1991\"]},{\"@type\":\"Person\",\"@id\":\"https:\/\/orthodoxalbania.org\/2020\/#\/schema\/person\/0c387634a7063ac612d7ed9ce71c7e86\",\"name\":\"Kisha Orthodhokse\",\"image\":{\"@type\":\"ImageObject\",\"inLanguage\":\"en-US\",\"@id\":\"https:\/\/secure.gravatar.com\/avatar\/596e7c417251e30f2fbb9c00e026fce61a695a00e51c889caded71c96cbbdde5?s=96&d=mm&r=g\",\"url\":\"https:\/\/secure.gravatar.com\/avatar\/596e7c417251e30f2fbb9c00e026fce61a695a00e51c889caded71c96cbbdde5?s=96&d=mm&r=g\",\"contentUrl\":\"https:\/\/secure.gravatar.com\/avatar\/596e7c417251e30f2fbb9c00e026fce61a695a00e51c889caded71c96cbbdde5?s=96&d=mm&r=g\",\"caption\":\"Kisha Orthodhokse\"}}]}<\/script>\n<!-- \/ Yoast SEO plugin. -->","yoast_head_json":{"title":"\u201cT\u00eb tjer\u00ebt ngren\u00eb mure, ne u besojm\u00eb urave\u201d - Kisha Orthodh\u03bfkse Autoqefale e Shqip\u00ebris\u00eb","robots":{"index":"index","follow":"follow","max-snippet":"max-snippet:-1","max-image-preview":"max-image-preview:large","max-video-preview":"max-video-preview:-1"},"canonical":"https:\/\/orthodoxalbania.org\/2020\/2017\/06\/09\/te-tjeret-ngrene-mure-ne-u-besojme-urave\/","og_locale":"en_US","og_type":"article","og_title":"\u201cT\u00eb tjer\u00ebt ngren\u00eb mure, ne u besojm\u00eb urave\u201d - Kisha Orthodh\u03bfkse Autoqefale e Shqip\u00ebris\u00eb","og_description":"Kryepiskopi Anastas shpallet \u201cQytetar Nderi\u201d i Laris\u00ebs &nbsp; \u201cLarisa dhe K\u00ebshilli Bashkiak i Bashkis\u00eb s\u00eb Laris\u00ebs ju mir\u00ebpresin me ndjenja respekti, g\u00ebzimi dhe emocione. Padyshim, vizita juaj k\u00ebtu \u00ebsht\u00eb nder i ve\u00e7ant\u00eb p\u00ebr qytetin ton\u00eb, p\u00ebr kryeqytetin e Thesalis\u00eb me histori 8000 vje\u00e7are\u201d. K\u00ebshtu iu drejtua Kryepiskopit Anastas Kryetari i Bashkis\u00eb s\u00eb Laris\u00ebs, Apostolos Kallojanis, me rastin e dor\u00ebzimit t\u00eb titullit \u201cQytetar Nderi\u201d Fortlumturis\u00eb s\u00eb","og_url":"https:\/\/orthodoxalbania.org\/2020\/2017\/06\/09\/te-tjeret-ngrene-mure-ne-u-besojme-urave\/","og_site_name":"Kisha Orthodh\u03bfkse Autoqefale e Shqip\u00ebris\u00eb","article_publisher":"https:\/\/www.facebook.com\/koash1991","article_published_time":"2017-06-09T12:02:24+00:00","article_modified_time":"2020-04-06T19:58:20+00:00","og_image":[{"width":851,"height":576,"url":"https:\/\/orthodoxalbania.org\/2020\/wp-content\/uploads\/2020\/04\/lar2.jpg","type":"image\/jpeg"}],"author":"Kisha Orthodhokse","twitter_card":"summary_large_image","twitter_misc":{"Written by":"Kisha Orthodhokse","Est. reading time":"4 minutes"},"schema":{"@context":"https:\/\/schema.org","@graph":[{"@type":"Article","@id":"https:\/\/orthodoxalbania.org\/2020\/2017\/06\/09\/te-tjeret-ngrene-mure-ne-u-besojme-urave\/#article","isPartOf":{"@id":"https:\/\/orthodoxalbania.org\/2020\/2017\/06\/09\/te-tjeret-ngrene-mure-ne-u-besojme-urave\/"},"author":{"name":"Kisha Orthodhokse","@id":"https:\/\/orthodoxalbania.org\/2020\/#\/schema\/person\/0c387634a7063ac612d7ed9ce71c7e86"},"headline":"\u201cT\u00eb tjer\u00ebt ngren\u00eb mure, ne u besojm\u00eb urave\u201d","datePublished":"2017-06-09T12:02:24+00:00","dateModified":"2020-04-06T19:58:20+00:00","mainEntityOfPage":{"@id":"https:\/\/orthodoxalbania.org\/2020\/2017\/06\/09\/te-tjeret-ngrene-mure-ne-u-besojme-urave\/"},"wordCount":851,"commentCount":0,"publisher":{"@id":"https:\/\/orthodoxalbania.org\/2020\/#organization"},"image":{"@id":"https:\/\/orthodoxalbania.org\/2020\/2017\/06\/09\/te-tjeret-ngrene-mure-ne-u-besojme-urave\/#primaryimage"},"thumbnailUrl":"https:\/\/orthodoxalbania.org\/2020\/wp-content\/uploads\/2020\/04\/lar2.jpg","keywords":["2017","Kryepiskopata Tiran\u00eb","Kryepiskopi Anastas","lajme"],"articleSection":["Lajme"],"inLanguage":"en-US"},{"@type":"WebPage","@id":"https:\/\/orthodoxalbania.org\/2020\/2017\/06\/09\/te-tjeret-ngrene-mure-ne-u-besojme-urave\/","url":"https:\/\/orthodoxalbania.org\/2020\/2017\/06\/09\/te-tjeret-ngrene-mure-ne-u-besojme-urave\/","name":"\u201cT\u00eb tjer\u00ebt ngren\u00eb mure, ne u besojm\u00eb urave\u201d - Kisha Orthodh\u03bfkse Autoqefale e Shqip\u00ebris\u00eb","isPartOf":{"@id":"https:\/\/orthodoxalbania.org\/2020\/#website"},"primaryImageOfPage":{"@id":"https:\/\/orthodoxalbania.org\/2020\/2017\/06\/09\/te-tjeret-ngrene-mure-ne-u-besojme-urave\/#primaryimage"},"image":{"@id":"https:\/\/orthodoxalbania.org\/2020\/2017\/06\/09\/te-tjeret-ngrene-mure-ne-u-besojme-urave\/#primaryimage"},"thumbnailUrl":"https:\/\/orthodoxalbania.org\/2020\/wp-content\/uploads\/2020\/04\/lar2.jpg","datePublished":"2017-06-09T12:02:24+00:00","dateModified":"2020-04-06T19:58:20+00:00","breadcrumb":{"@id":"https:\/\/orthodoxalbania.org\/2020\/2017\/06\/09\/te-tjeret-ngrene-mure-ne-u-besojme-urave\/#breadcrumb"},"inLanguage":"en-US","potentialAction":[{"@type":"ReadAction","target":["https:\/\/orthodoxalbania.org\/2020\/2017\/06\/09\/te-tjeret-ngrene-mure-ne-u-besojme-urave\/"]}]},{"@type":"ImageObject","inLanguage":"en-US","@id":"https:\/\/orthodoxalbania.org\/2020\/2017\/06\/09\/te-tjeret-ngrene-mure-ne-u-besojme-urave\/#primaryimage","url":"https:\/\/orthodoxalbania.org\/2020\/wp-content\/uploads\/2020\/04\/lar2.jpg","contentUrl":"https:\/\/orthodoxalbania.org\/2020\/wp-content\/uploads\/2020\/04\/lar2.jpg","width":851,"height":576},{"@type":"BreadcrumbList","@id":"https:\/\/orthodoxalbania.org\/2020\/2017\/06\/09\/te-tjeret-ngrene-mure-ne-u-besojme-urave\/#breadcrumb","itemListElement":[{"@type":"ListItem","position":1,"name":"Home","item":"https:\/\/orthodoxalbania.org\/2020\/"},{"@type":"ListItem","position":2,"name":"\u201cT\u00eb tjer\u00ebt ngren\u00eb mure, ne u besojm\u00eb urave\u201d"}]},{"@type":"WebSite","@id":"https:\/\/orthodoxalbania.org\/2020\/#website","url":"https:\/\/orthodoxalbania.org\/2020\/","name":"Kisha Orthodh\u03bfkse Autoqefale e Shqip\u00ebris\u00eb","description":"Fqja Zyrtare e Kish\u00ebs Orthodhokse Autoqefale e Shqip\u00ebris\u00eb me lajmet edhe informacionet zyrtare p\u00ebr struktur\u00ebn edhe veprimtarin e saj.","publisher":{"@id":"https:\/\/orthodoxalbania.org\/2020\/#organization"},"potentialAction":[{"@type":"SearchAction","target":{"@type":"EntryPoint","urlTemplate":"https:\/\/orthodoxalbania.org\/2020\/?s={search_term_string}"},"query-input":{"@type":"PropertyValueSpecification","valueRequired":true,"valueName":"search_term_string"}}],"inLanguage":"en-US"},{"@type":"Organization","@id":"https:\/\/orthodoxalbania.org\/2020\/#organization","name":"Kisha Orthodhokse Autoqefale e Shqip\u00ebris\u00eb","url":"https:\/\/orthodoxalbania.org\/2020\/","logo":{"@type":"ImageObject","inLanguage":"en-US","@id":"https:\/\/orthodoxalbania.org\/2020\/#\/schema\/logo\/image\/","url":"https:\/\/orthodoxalbania.org\/2020\/wp-content\/uploads\/2020\/05\/albania.jpeg","contentUrl":"https:\/\/orthodoxalbania.org\/2020\/wp-content\/uploads\/2020\/05\/albania.jpeg","width":540,"height":540,"caption":"Kisha Orthodhokse Autoqefale e Shqip\u00ebris\u00eb"},"image":{"@id":"https:\/\/orthodoxalbania.org\/2020\/#\/schema\/logo\/image\/"},"sameAs":["https:\/\/www.facebook.com\/koash1991"]},{"@type":"Person","@id":"https:\/\/orthodoxalbania.org\/2020\/#\/schema\/person\/0c387634a7063ac612d7ed9ce71c7e86","name":"Kisha Orthodhokse","image":{"@type":"ImageObject","inLanguage":"en-US","@id":"https:\/\/secure.gravatar.com\/avatar\/596e7c417251e30f2fbb9c00e026fce61a695a00e51c889caded71c96cbbdde5?s=96&d=mm&r=g","url":"https:\/\/secure.gravatar.com\/avatar\/596e7c417251e30f2fbb9c00e026fce61a695a00e51c889caded71c96cbbdde5?s=96&d=mm&r=g","contentUrl":"https:\/\/secure.gravatar.com\/avatar\/596e7c417251e30f2fbb9c00e026fce61a695a00e51c889caded71c96cbbdde5?s=96&d=mm&r=g","caption":"Kisha Orthodhokse"}}]}},"_links":{"self":[{"href":"https:\/\/orthodoxalbania.org\/2020\/wp-json\/wp\/v2\/posts\/5292","targetHints":{"allow":["GET"]}}],"collection":[{"href":"https:\/\/orthodoxalbania.org\/2020\/wp-json\/wp\/v2\/posts"}],"about":[{"href":"https:\/\/orthodoxalbania.org\/2020\/wp-json\/wp\/v2\/types\/post"}],"author":[{"embeddable":true,"href":"https:\/\/orthodoxalbania.org\/2020\/wp-json\/wp\/v2\/users\/1"}],"replies":[{"embeddable":true,"href":"https:\/\/orthodoxalbania.org\/2020\/wp-json\/wp\/v2\/comments?post=5292"}],"version-history":[{"count":1,"href":"https:\/\/orthodoxalbania.org\/2020\/wp-json\/wp\/v2\/posts\/5292\/revisions"}],"predecessor-version":[{"id":14844,"href":"https:\/\/orthodoxalbania.org\/2020\/wp-json\/wp\/v2\/posts\/5292\/revisions\/14844"}],"wp:featuredmedia":[{"embeddable":true,"href":"https:\/\/orthodoxalbania.org\/2020\/wp-json\/wp\/v2\/media\/5293"}],"wp:attachment":[{"href":"https:\/\/orthodoxalbania.org\/2020\/wp-json\/wp\/v2\/media?parent=5292"}],"wp:term":[{"taxonomy":"category","embeddable":true,"href":"https:\/\/orthodoxalbania.org\/2020\/wp-json\/wp\/v2\/categories?post=5292"},{"taxonomy":"post_tag","embeddable":true,"href":"https:\/\/orthodoxalbania.org\/2020\/wp-json\/wp\/v2\/tags?post=5292"}],"curies":[{"name":"wp","href":"https:\/\/api.w.org\/{rel}","templated":true}]}}